{"id":265493,"date":"2022-03-19T05:47:13","date_gmt":"2022-03-19T04:47:13","guid":{"rendered":"https:\/\/www.radiopiu.net\/wordpress\/?p=265493"},"modified":"2022-03-19T06:01:34","modified_gmt":"2022-03-19T05:01:34","slug":"luxottica-al-via-la-joint-venture-sight-glass-vision","status":"publish","type":"post","link":"https:\/\/www.radiopiu.net\/wordpress\/luxottica-al-via-la-joint-venture-sight-glass-vision\/","title":{"rendered":"LUXOTTICA, AL VIA LA JOINT VENTURE SIGHT GLASS VISION"},"content":{"rendered":"<p><strong><img loading=\"lazy\" decoding=\"async\" class=\"alignleft\" src=\"https:\/\/www.radiopiu.net\/wordpress\/wp-content\/uploads\/2021\/02\/ESSILORLUXOTTICA.png\" width=\"338\" height=\"191\" \/>AGORDO<\/strong> EssilorLuxottica e CooperCompanies annunciano di aver completato l\u2019iter per la costituzione della joint venture SightGlass Vision. La collaborazione tra due societ\u00e0 leader nel settore dell\u2019eyecare consentir\u00e0 di accelerare la distribuzione di nuove tecnologie di lenti da vista al fine di migliorare il settore della gestione della miopia. <em>\u201cCome EssilorLuxottica, abbiamo oltre 30 anni di esperienza nel campo della ricerca sulla miopia e pi\u00f9 di dieci nello sviluppo di soluzioni per la gestione di questo difetto visivo. Siamo felici che la nostra joint venture con CooperCompanies sia diventata operativa e che SightGlass Vision possa finalmente presentare i primi prodotti sul mercato. Insieme ai professionisti dell\u2019eyecare, potremo far crescere la consapevolezza sulle soluzioni esistenti e migliorare l&#8217;accesso a tecnologie di lenti che aiutino i bambini sia oggi sia nella loro vita futura&#8221;<\/em>, ha affermato Norbert Gorny, co-Chief Operating Officer di EssilorLuxottica. Negli ultimi decenni, si \u00e8 assistito a un aumento costante della miopia in tutto il mondo, in particolare per effetto dei cambiamenti nello stile di vita. Oggi, la miopia interessa 2,6 miliardi di persone a livello globale e si stima che quasi 5 miliardi di persone \u2013 ovvero met\u00e0 della popolazione mondiale \u2013 saranno miopi entro il 2050 . La miopia \u00e8 la principale causa di disabilit\u00e0 visiva nei bambini e, nel tempo, pu\u00f2 contribuire a un aumento del rischio di sviluppare malattie permanenti della vista, quali la degenerazione maculare, il distacco della retina, la cataratta e il glaucoma nonch\u00e9 la cecit\u00e0 associata a miopia elevata<\/p>\n<p>&nbsp;<\/p>\n<p>&nbsp;<\/p>\n<p>****<\/p>\n","protected":false},"excerpt":{"rendered":"<p>AGORDO EssilorLuxottica e CooperCompanies annunciano di aver completato l\u2019iter per la costituzione della joint venture SightGlass Vision. La collaborazione tra due societ\u00e0 leader nel settore dell\u2019eyecare consentir\u00e0 di accelerare la distribuzione di nuove tecnologie di lenti da vista al fine di migliorare il settore della gestione della miopia. \u201cCome EssilorLuxottica, abbiamo oltre 30 anni di&hellip;<\/p>\n","protected":false},"author":4,"featured_media":193540,"comment_status":"closed","ping_status":"closed","sticky":false,"template":"","format":"standard","meta":{"_monsterinsights_skip_tracking":false,"_monsterinsights_sitenote_active":false,"_monsterinsights_sitenote_note":"","_monsterinsights_sitenote_category":0,"footnotes":""},"categories":[51,49],"tags":[],"class_list":["post-265493","post","type-post","status-publish","format-standard","has-post-thumbnail","hentry","category-evidenza-top","category-news-18","category-51","category-49","description-off"],"img_url":"https:\/\/www.radiopiu.net\/wordpress\/wp-content\/uploads\/2021\/02\/ESSILORLUXOTTICA.png","_links":{"self":[{"href":"https:\/\/www.radiopiu.net\/wordpress\/wp-json\/wp\/v2\/posts\/265493","targetHints":{"allow":["GET"]}}],"collection":[{"href":"https:\/\/www.radiopiu.net\/wordpress\/wp-json\/wp\/v2\/posts"}],"about":[{"href":"https:\/\/www.radiopiu.net\/wordpress\/wp-json\/wp\/v2\/types\/post"}],"author":[{"embeddable":true,"href":"https:\/\/www.radiopiu.net\/wordpress\/wp-json\/wp\/v2\/users\/4"}],"replies":[{"embeddable":true,"href":"https:\/\/www.radiopiu.net\/wordpress\/wp-json\/wp\/v2\/comments?post=265493"}],"version-history":[{"count":0,"href":"https:\/\/www.radiopiu.net\/wordpress\/wp-json\/wp\/v2\/posts\/265493\/revisions"}],"wp:featuredmedia":[{"embeddable":true,"href":"https:\/\/www.radiopiu.net\/wordpress\/wp-json\/wp\/v2\/media\/193540"}],"wp:attachment":[{"href":"https:\/\/www.radiopiu.net\/wordpress\/wp-json\/wp\/v2\/media?parent=265493"}],"wp:term":[{"taxonomy":"category","embeddable":true,"href":"https:\/\/www.radiopiu.net\/wordpress\/wp-json\/wp\/v2\/categories?post=265493"},{"taxonomy":"post_tag","embeddable":true,"href":"https:\/\/www.radiopiu.net\/wordpress\/wp-json\/wp\/v2\/tags?post=265493"}],"curies":[{"name":"wp","href":"https:\/\/api.w.org\/{rel}","templated":true}]}}