{"id":265508,"date":"2022-03-18T23:59:55","date_gmt":"2022-03-18T22:59:55","guid":{"rendered":"https:\/\/www.radiopiu.net\/wordpress\/?p=265508"},"modified":"2022-03-19T06:03:27","modified_gmt":"2022-03-19T05:03:27","slug":"agordina-in-trasferta-con-il-ponte-nelle-alpi-keralpen-in-casa-con-la-nova-virtus","status":"publish","type":"post","link":"https:\/\/www.radiopiu.net\/wordpress\/agordina-in-trasferta-con-il-ponte-nelle-alpi-keralpen-in-casa-con-la-nova-virtus\/","title":{"rendered":"AGORDINA IN TRASFERTA CON IL PONTE NELLE ALPI, KERALPEN IN CASA CON LA NOVA VIRTUS"},"content":{"rendered":"<p><strong><a class=\"dt-pswp-item\" href=\"https:\/\/www.radiopiu.net\/wordpress\/wp-content\/uploads\/2022\/03\/CALCIO-2022.jpg\" data-dt-img-description=\"\" data-large_image_width=\"1920\" data-large_image_height=\"1281\"><img loading=\"lazy\" decoding=\"async\" class=\"size-medium wp-image-265514 alignleft\" src=\"https:\/\/www.radiopiu.net\/wordpress\/wp-content\/uploads\/2022\/03\/CALCIO-2022-300x200.jpg\" alt=\"\" width=\"300\" height=\"200\" srcset=\"https:\/\/www.radiopiu.net\/wordpress\/wp-content\/uploads\/2022\/03\/CALCIO-2022-300x200.jpg 300w, https:\/\/www.radiopiu.net\/wordpress\/wp-content\/uploads\/2022\/03\/CALCIO-2022-1024x683.jpg 1024w, https:\/\/www.radiopiu.net\/wordpress\/wp-content\/uploads\/2022\/03\/CALCIO-2022-768x512.jpg 768w, https:\/\/www.radiopiu.net\/wordpress\/wp-content\/uploads\/2022\/03\/CALCIO-2022-1536x1025.jpg 1536w, https:\/\/www.radiopiu.net\/wordpress\/wp-content\/uploads\/2022\/03\/CALCIO-2022.jpg 1920w\" sizes=\"auto, (max-width: 300px) 100vw, 300px\" \/><\/a>AGORDO <\/strong>L\u2019Agordina calcio continua i suoi campionati FIGC. Anche questa settimana tutte le squadre saranno in campo alla ricerca di punti importanti. Oggi alle 15 in campo due squadre giovanili. I Giovanissimi di De Bastiani saranno ad Agordo dove arriva il Ponte Nelle Alpi. In campo sempre alle 15 anche la squadra delle Juniores Regionali impegnata contro i trevigiani dell\u2019Union QDP. Domani mattina sar\u00e0 il turno degli Allievi Regionali che si troveranno di fronte il Portomansu\u00e8 mentre la prima squadra giocher\u00e0 in trasferta. Per i ragazzi di Lorenzi una partita importante per la classifica, ci sar\u00e0 lo scontro diretto contro il Ponte Nelle Alpi alle 14:30. Per il calcio femminile il Keralpen sar\u00e0 in casa e domani alle 14:30 ospiter\u00e0 la Nova Virtus. Radio Pi\u00f9 seguir\u00e0 in diretta le partite di domani pomeriggio all\u2019interno di Domenica Pi\u00f9 Sport.<\/p>\n<p>&nbsp;<\/p>\n<p>&nbsp;<\/p>\n<p>*****<\/p>\n","protected":false},"excerpt":{"rendered":"<p>AGORDO L\u2019Agordina calcio continua i suoi campionati FIGC. Anche questa settimana tutte le squadre saranno in campo alla ricerca di punti importanti. Oggi alle 15 in campo due squadre giovanili. I Giovanissimi di De Bastiani saranno ad Agordo dove arriva il Ponte Nelle Alpi. In campo sempre alle 15 anche la squadra delle Juniores Regionali&hellip;<\/p>\n","protected":false},"author":4,"featured_media":265514,"comment_status":"closed","ping_status":"closed","sticky":false,"template":"","format":"standard","meta":{"_monsterinsights_skip_tracking":false,"_monsterinsights_sitenote_active":false,"_monsterinsights_sitenote_note":"","_monsterinsights_sitenote_category":0,"footnotes":""},"categories":[104,49],"tags":[],"class_list":["post-265508","post","type-post","status-publish","format-standard","has-post-thumbnail","hentry","category-evidenza_3","category-news-18","category-104","category-49","description-off"],"img_url":"https:\/\/www.radiopiu.net\/wordpress\/wp-content\/uploads\/2022\/03\/CALCIO-2022.jpg","_links":{"self":[{"href":"https:\/\/www.radiopiu.net\/wordpress\/wp-json\/wp\/v2\/posts\/265508","targetHints":{"allow":["GET"]}}],"collection":[{"href":"https:\/\/www.radiopiu.net\/wordpress\/wp-json\/wp\/v2\/posts"}],"about":[{"href":"https:\/\/www.radiopiu.net\/wordpress\/wp-json\/wp\/v2\/types\/post"}],"author":[{"embeddable":true,"href":"https:\/\/www.radiopiu.net\/wordpress\/wp-json\/wp\/v2\/users\/4"}],"replies":[{"embeddable":true,"href":"https:\/\/www.radiopiu.net\/wordpress\/wp-json\/wp\/v2\/comments?post=265508"}],"version-history":[{"count":0,"href":"https:\/\/www.radiopiu.net\/wordpress\/wp-json\/wp\/v2\/posts\/265508\/revisions"}],"wp:featuredmedia":[{"embeddable":true,"href":"https:\/\/www.radiopiu.net\/wordpress\/wp-json\/wp\/v2\/media\/265514"}],"wp:attachment":[{"href":"https:\/\/www.radiopiu.net\/wordpress\/wp-json\/wp\/v2\/media?parent=265508"}],"wp:term":[{"taxonomy":"category","embeddable":true,"href":"https:\/\/www.radiopiu.net\/wordpress\/wp-json\/wp\/v2\/categories?post=265508"},{"taxonomy":"post_tag","embeddable":true,"href":"https:\/\/www.radiopiu.net\/wordpress\/wp-json\/wp\/v2\/tags?post=265508"}],"curies":[{"name":"wp","href":"https:\/\/api.w.org\/{rel}","templated":true}]}}