{"id":265517,"date":"2022-03-19T05:48:40","date_gmt":"2022-03-19T04:48:40","guid":{"rendered":"https:\/\/www.radiopiu.net\/wordpress\/?p=265517"},"modified":"2022-03-19T06:01:17","modified_gmt":"2022-03-19T05:01:17","slug":"confstampzaia","status":"publish","type":"post","link":"https:\/\/www.radiopiu.net\/wordpress\/confstampzaia\/","title":{"rendered":"5900 PROFUGHI IN VENETO: 4 su 10 HANNO MENO DI 14 ANNI. conferenza stampa di Luca Zaia"},"content":{"rendered":"<p><strong>VENEZIA<\/strong> In diretta dalla sala stampa della Protezione Civile a Marghera, il presidente del Veneto Luca Zaia fa il punto su la situazione Covid-19 in regione e sull&#8217;emergenza Ucraina.<\/p>\n<p>BOLLETTINO\u00a0 6.061 nuovi positivi, incidenza del 9.23%. Attualmente positivi 63.811. Ricoveri\u00a0 819 (-2), 764 in area medica e 55 in terapia intensiva. Decessi, 14.028, + 13 nelle ultime 24 ore. Rt 0,90, tasso occupazione terapie intesive 2,4% area medica 7,4%. \u00a0Sulle vaccinazioni siamo arrivati a 89,4%, stiamo raschiando il fondo del barile insomma, ognuno ha fatto le proprie scelte.<\/p>\n<blockquote>\n<h3><strong>LEGGI LA CONFERENZA STAMPA DI LUCA ZAIA<\/strong><\/h3>\n<\/blockquote>\n<p><strong>COVID.<\/strong> Alziamo le antenne,\u00a0 gli indicatori in Germania e Inghilterra segnalano\u00a0 la risalita della curva dei contagi e anche\u00a0 qui\u00a0 ricomincia a salire. La discriminante sta nell&#8217;impatto che avremo sull&#8217;ospedalizzazione. Il passaggio: dalla fase pandemica a quella endemica e la variante viene coperta dalla terza dose di vaccino. Dobbiamo tutelare i\u00a0 fragili concentrandoci sui sintomatici. Con il 31 marzo\u00a0 sar\u00e0 messo fine allo stato di emergenza e lo condivido. In caso di assembramenti sempre meglio mettere la mascherina e non serve una legge, ma il buonsenso.\u00a0 L&#8217;ospedale del Quatar, un blocco grande, servir\u00e0 per un centro di accoglienza dei profughi ucraini al confine. A noi lo hanno regalato ed \u00e8 pi\u00f9 utile per questa emergenza. E&#8217; un ospedale da colonna mobile della protezione civile.<\/p>\n<p><strong>DONAZIONE PRO UCRAINA<\/strong> Il conto corrente intestato a Regione Veneto &#8211; Causale sostegno emergenza Ucraina &#8211; \u00e8 Iban IT65G0200802017000106358023 &#8211; Bic\/swift UNCRITM1VF2.<\/p>\n<p><strong>DISPONIBILITA&#8217; AD OSPITARE<\/strong> Ucraina@regione.veneto.it oppure chiamare al numero della Protezione Civile 800990009.<\/p>\n<p><strong>UCRAINA. <\/strong>Ad oggi registrate 5900 persone che alloggiano in Veneto, 11.331 tamponi fatti, 4 su 10 hanno meno di 14 anni, 1 su 2\u00a0 tra i 15 e i 50 anni, il 71% sono donne, 29% maschi che togliendo i maggiorenni di anziani ce ne sono pochi, quindi il dato angosciante 85% sono donne e bambini. Venti i ricoverati, 14 i bambini, non sono arrivati feriti dalla guerra. 197\u00a0 profughi negli Hub della regione,\u00a0 84 a Noale (con alcuni positivi), 2,7% \u00e8 la percentuale dei profughi trovati positivi al Covid (vaccinati 1 su 3), \u00a095 gli ucraiani a Isola della Scala, 18 a Valdobbiadene.\u00a0 Sono 4500 i veneti che si sono offerti per ospitare i rifugiati,\u00a0 oltre 9mila i posti letto messi a disposizione. Donazioni oltre 500mila euro.<\/p>\n<p><a href=\"https:\/\/www.facebook.com\/zaiaufficiale\/videos\/1032022574088351\">https:\/\/www.facebook.com\/zaiaufficiale\/videos\/1032022574088351<\/a><\/p>\n<p>&nbsp;<\/p>\n","protected":false},"excerpt":{"rendered":"<p>VENEZIA In diretta dalla sala stampa della Protezione Civile a Marghera, il presidente del Veneto Luca Zaia fa il punto su la situazione Covid-19 in regione e sull&#8217;emergenza Ucraina. BOLLETTINO\u00a0 6.061 nuovi positivi, incidenza del 9.23%. Attualmente positivi 63.811. Ricoveri\u00a0 819 (-2), 764 in area medica e 55 in terapia intensiva. Decessi, 14.028, + 13&hellip;<\/p>\n","protected":false},"author":4,"featured_media":175388,"comment_status":"closed","ping_status":"closed","sticky":false,"template":"","format":"standard","meta":{"_monsterinsights_skip_tracking":false,"_monsterinsights_sitenote_active":false,"_monsterinsights_sitenote_note":"","_monsterinsights_sitenote_category":0,"footnotes":""},"categories":[51,49],"tags":[],"class_list":["post-265517","post","type-post","status-publish","format-standard","has-post-thumbnail","hentry","category-evidenza-top","category-news-18","category-51","category-49","description-off"],"img_url":"https:\/\/www.radiopiu.net\/wordpress\/wp-content\/uploads\/2020\/11\/ZAIA-1.jpg","_links":{"self":[{"href":"https:\/\/www.radiopiu.net\/wordpress\/wp-json\/wp\/v2\/posts\/265517","targetHints":{"allow":["GET"]}}],"collection":[{"href":"https:\/\/www.radiopiu.net\/wordpress\/wp-json\/wp\/v2\/posts"}],"about":[{"href":"https:\/\/www.radiopiu.net\/wordpress\/wp-json\/wp\/v2\/types\/post"}],"author":[{"embeddable":true,"href":"https:\/\/www.radiopiu.net\/wordpress\/wp-json\/wp\/v2\/users\/4"}],"replies":[{"embeddable":true,"href":"https:\/\/www.radiopiu.net\/wordpress\/wp-json\/wp\/v2\/comments?post=265517"}],"version-history":[{"count":0,"href":"https:\/\/www.radiopiu.net\/wordpress\/wp-json\/wp\/v2\/posts\/265517\/revisions"}],"wp:featuredmedia":[{"embeddable":true,"href":"https:\/\/www.radiopiu.net\/wordpress\/wp-json\/wp\/v2\/media\/175388"}],"wp:attachment":[{"href":"https:\/\/www.radiopiu.net\/wordpress\/wp-json\/wp\/v2\/media?parent=265517"}],"wp:term":[{"taxonomy":"category","embeddable":true,"href":"https:\/\/www.radiopiu.net\/wordpress\/wp-json\/wp\/v2\/categories?post=265517"},{"taxonomy":"post_tag","embeddable":true,"href":"https:\/\/www.radiopiu.net\/wordpress\/wp-json\/wp\/v2\/tags?post=265517"}],"curies":[{"name":"wp","href":"https:\/\/api.w.org\/{rel}","templated":true}]}}