{"id":265616,"date":"2022-03-19T05:53:04","date_gmt":"2022-03-19T04:53:04","guid":{"rendered":"https:\/\/www.radiopiu.net\/wordpress\/?p=265616"},"modified":"2022-03-19T05:59:32","modified_gmt":"2022-03-19T04:59:32","slug":"lultimo-abbraccio-a-riz-dopo-un-vita-intensa-di-impegni-nel-campo-sociale-e-amministrativo","status":"publish","type":"post","link":"https:\/\/www.radiopiu.net\/wordpress\/lultimo-abbraccio-a-riz-dopo-un-vita-intensa-di-impegni-nel-campo-sociale-e-amministrativo\/","title":{"rendered":"L&#8217;ULTIMO ABBRACCIO A &#8220;RIZ&#8221; DOPO UN VITA INTENSA DI IMPEGNI NEL CAMPO SOCIALE E AMMINISTRATIVO"},"content":{"rendered":"<p><strong><a class=\"dt-pswp-item\" href=\"https:\/\/www.radiopiu.net\/wordpress\/wp-content\/uploads\/2022\/03\/989f7de9-1438-4b17-a481-d93e1c9f2ea0.jpg\" data-dt-img-description=\"\" data-large_image_width=\"1920\" data-large_image_height=\"1080\"><img loading=\"lazy\" decoding=\"async\" class=\"size-medium wp-image-265566 alignleft\" src=\"https:\/\/www.radiopiu.net\/wordpress\/wp-content\/uploads\/2022\/03\/989f7de9-1438-4b17-a481-d93e1c9f2ea0-300x169.jpg\" alt=\"\" width=\"300\" height=\"169\" srcset=\"https:\/\/www.radiopiu.net\/wordpress\/wp-content\/uploads\/2022\/03\/989f7de9-1438-4b17-a481-d93e1c9f2ea0-300x169.jpg 300w, https:\/\/www.radiopiu.net\/wordpress\/wp-content\/uploads\/2022\/03\/989f7de9-1438-4b17-a481-d93e1c9f2ea0-1024x576.jpg 1024w, https:\/\/www.radiopiu.net\/wordpress\/wp-content\/uploads\/2022\/03\/989f7de9-1438-4b17-a481-d93e1c9f2ea0-768x432.jpg 768w, https:\/\/www.radiopiu.net\/wordpress\/wp-content\/uploads\/2022\/03\/989f7de9-1438-4b17-a481-d93e1c9f2ea0-1536x864.jpg 1536w, https:\/\/www.radiopiu.net\/wordpress\/wp-content\/uploads\/2022\/03\/989f7de9-1438-4b17-a481-d93e1c9f2ea0.jpg 1920w\" sizes=\"auto, (max-width: 300px) 100vw, 300px\" \/><\/a>CENCENIGHE<\/strong> <em>La chiesa di Cencenighe \u00e8 diventata piccola per accogliere una grande famiglia.<\/em>..con\u00a0 queste parole Don Luigi ha dato inizio alla cerimonia funebre per Rizieri Ongaro. Parole di commozione\u00a0 nel porgere\u00a0 le condoglianze a Luciana, Serena, Andrea,\u00a0 Emilio, Attilio, Speranza.<\/p>\n<p>Sui banchi della parrocchiale ad ascoltare il parroco di Cencenighe e Don Ettore Fornezza, gi\u00e0 sacerdote del Patriarca Albino Luciani e uomo simbolo dell&#8217;oasi Ghisel sopra Cencenighe, uomini e donne in fascia tricolore e volti della vita politico-amministrativa della Provincia e della Regione.<\/p>\n<p>&nbsp;<\/p>\n<p><em>Caro Rizieri, ti immagino gonfio di orgoglio e soddisfazione, perch\u00e9 oggi in quella chiesa ad ascoltare le belle parole di Don Luigi e Don Ettore c&#8217;erano i tuoi ragazzi e le tue ragazze, quelli che hai visto crescere nei palazzi Municipali che hai frequentato per decenni. Mauro certo, il tuo allievo principale, ma anche tutti gli altri sindaci, c&#8217;erano proprio tutti. Ne mancava solo uno in realt\u00e0: TU. Questo ricorder\u00f2 tra le altre cose, la tua presenza. Mi piaceva prenderti in giro con la famose parole &#8220;Ongaro-Presenzialista&#8221;, perch\u00e9 tu c&#8217;eri sempre. Che fosse un appuntamento con la vita amministrativa, sportiva o culturale tu c&#8217;eri. E i sindaci di oggi lo sanno del tuo grande impegno, perch\u00e9 hanno seguito il tuo percorso amministrativo tra Comune, Provincia, Comunit\u00e0 Montana, enti vari e se fosse sfuggito qualche passaggio ci ha pensato Mauro a ricordare chi \u00e8 stato Rizieri Ongaro. Quello della &#8220;vecchia guardia&#8221;. C&#8217;erano anche loro, uno su tutti, Oscar il Presidente, un altro uomo che ti ha dato immensa fiducia ed \u00e8 stato ripagato con il tuo impegno e i tuoi risultati. Se oggi l&#8217;Agordino ha una squadra di primi cittadini di valore, ampiamento dimostrato nei giorni di Vaia, del Covid e dei continui tagli dallo Stato Centrale, \u00e8 anche merito della &#8220;vecchia guardia&#8221; che in questa vallata e nella sua gente ci ha creduto sacrificando tempo libero e famiglia, perch\u00e9 fare l&#8217;amministratore questo impone. Ma non eri solo un amministratore, eri un politico di quelli veri, mai volta gabbana, cresciuto con un&#8217;idea che hai portato avanti con saggezza e costanza. Non molto tempo fa ricordavamo i vecchi tempi, da Benito Orzes sindaco e\u00a0 uomo del Nof Filo&#8217; a Mauro Soppelsa, che hai saputo coinvolgere nei tuoi progetti quando era ancora ragazzino e anche qui ci hai visto bene. Tempi andati. quando\u00a0 la foglia di edera ti aveva affascinato, cos\u00ec come quel Ministro Giovanni Spadolini, arrivato sulla porta di casa con un grosso elicottero ad inaugurare la mostra di Dino Buzzati,\u00a0 tanto cara all&#8217;allora sindaco Benito Orzes. O nei giorni del taglio del nastro della galleria di Listolade, chi ti conosce sa quanto hai lottato per una viabilit\u00e0 migliore, per una vita migliore in questa vallata. Sei stato un signore anche davanti alle sconfitte, ci sono state anche quelle, fa parte della vita, e chi non le conta. Quella corsa a sindaco di Agordo rimarr\u00e0 negli annali, con Renzo Gavaz hai riempito la sala Don Tamis e quella non si puo&#8217; annoverare tra le sconfitte. A noi che abbiamo raccontato il trascorrere del tempo rimangono i ricordi di un uomo che ha sempre creduto nelle sue idee, progetti e a volte sogni che spesso si sono avverati. Il nostro compito sar\u00e0 ricordarlo e rimarcarlo, stanne certo. (Mirko).\u00a0<\/em><\/p>\n<p>&nbsp;<\/p>\n<p><strong>MAURO SOPPELSA SINDACO DI CENCENIGHE<\/strong><em> &#8220;Il mio punto di riferimento, mi mancheranno i nostri dialoghi&#8221;.\u00a0<\/em><\/p>\n<audio class=\"wp-audio-shortcode\" id=\"audio-265616-1\" preload=\"none\" style=\"width: 100%;\" controls=\"controls\"><source type=\"audio\/mpeg\" src=\"https:\/\/www.radiopiu.net\/wordpress\/wp-content\/uploads\/2022\/03\/INT-MARUO.mp3?_=1\" \/><a href=\"https:\/\/www.radiopiu.net\/wordpress\/wp-content\/uploads\/2022\/03\/INT-MARUO.mp3\">https:\/\/www.radiopiu.net\/wordpress\/wp-content\/uploads\/2022\/03\/INT-MARUO.mp3<\/a><\/audio>\n<p><strong>\u00a0<\/strong><\/p>\n<p><strong>L&#8217;OMELIA DI DON LUIGI CANAL <\/strong><em>&#8220;Condoglianze significa soffrire e sperare insieme e lo diciamo a cuore aperto perch\u00e9 diventi consolazione&#8221;\u00a0<\/em><\/p>\n<audio class=\"wp-audio-shortcode\" id=\"audio-265616-2\" preload=\"none\" style=\"width: 100%;\" controls=\"controls\"><source type=\"audio\/mpeg\" src=\"https:\/\/www.radiopiu.net\/wordpress\/wp-content\/uploads\/2022\/03\/NT-PREDICA.mp3?_=2\" \/><a href=\"https:\/\/www.radiopiu.net\/wordpress\/wp-content\/uploads\/2022\/03\/NT-PREDICA.mp3\">https:\/\/www.radiopiu.net\/wordpress\/wp-content\/uploads\/2022\/03\/NT-PREDICA.mp3<\/a><\/audio>\n<p>&nbsp;<\/p>\n<p><strong>I NIPOTI EMILIO ED ATTILIO<\/strong><em> &#8220;Per noi eri il nonno sempre presente, esemplare e perfetto. Ora la strada di casa del San Pellegrino avr\u00e0 un nonno in meno che andr\u00e0 verso i suoi nipoti&#8221;<\/em><\/p>\n<audio class=\"wp-audio-shortcode\" id=\"audio-265616-3\" preload=\"none\" style=\"width: 100%;\" controls=\"controls\"><source type=\"audio\/mpeg\" src=\"https:\/\/www.radiopiu.net\/wordpress\/wp-content\/uploads\/2022\/03\/EMILIO-ED-ATTILIO.mp3?_=3\" \/><a href=\"https:\/\/www.radiopiu.net\/wordpress\/wp-content\/uploads\/2022\/03\/EMILIO-ED-ATTILIO.mp3\">https:\/\/www.radiopiu.net\/wordpress\/wp-content\/uploads\/2022\/03\/EMILIO-ED-ATTILIO.mp3<\/a><\/audio>\n<p>&nbsp;<\/p>\n<p>&nbsp;<\/p>\n<p>***<\/p>\n","protected":false},"excerpt":{"rendered":"<p>CENCENIGHE La chiesa di Cencenighe \u00e8 diventata piccola per accogliere una grande famiglia&#8230;con\u00a0 queste parole Don Luigi ha dato inizio alla cerimonia funebre per Rizieri Ongaro. Parole di commozione\u00a0 nel porgere\u00a0 le condoglianze a Luciana, Serena, Andrea,\u00a0 Emilio, Attilio, Speranza. Sui banchi della parrocchiale ad ascoltare il parroco di Cencenighe e Don Ettore Fornezza, gi\u00e0&hellip;<\/p>\n","protected":false},"author":4,"featured_media":265567,"comment_status":"closed","ping_status":"closed","sticky":false,"template":"","format":"standard","meta":{"_monsterinsights_skip_tracking":false,"_monsterinsights_sitenote_active":false,"_monsterinsights_sitenote_note":"","_monsterinsights_sitenote_category":0,"footnotes":""},"categories":[51,49],"tags":[],"class_list":["post-265616","post","type-post","status-publish","format-standard","has-post-thumbnail","hentry","category-evidenza-top","category-news-18","category-51","category-49","description-off"],"img_url":"https:\/\/www.radiopiu.net\/wordpress\/wp-content\/uploads\/2022\/03\/0bd5911d-42c2-48cd-9562-942b60a8ef96.jpg","_links":{"self":[{"href":"https:\/\/www.radiopiu.net\/wordpress\/wp-json\/wp\/v2\/posts\/265616","targetHints":{"allow":["GET"]}}],"collection":[{"href":"https:\/\/www.radiopiu.net\/wordpress\/wp-json\/wp\/v2\/posts"}],"about":[{"href":"https:\/\/www.radiopiu.net\/wordpress\/wp-json\/wp\/v2\/types\/post"}],"author":[{"embeddable":true,"href":"https:\/\/www.radiopiu.net\/wordpress\/wp-json\/wp\/v2\/users\/4"}],"replies":[{"embeddable":true,"href":"https:\/\/www.radiopiu.net\/wordpress\/wp-json\/wp\/v2\/comments?post=265616"}],"version-history":[{"count":0,"href":"https:\/\/www.radiopiu.net\/wordpress\/wp-json\/wp\/v2\/posts\/265616\/revisions"}],"wp:featuredmedia":[{"embeddable":true,"href":"https:\/\/www.radiopiu.net\/wordpress\/wp-json\/wp\/v2\/media\/265567"}],"wp:attachment":[{"href":"https:\/\/www.radiopiu.net\/wordpress\/wp-json\/wp\/v2\/media?parent=265616"}],"wp:term":[{"taxonomy":"category","embeddable":true,"href":"https:\/\/www.radiopiu.net\/wordpress\/wp-json\/wp\/v2\/categories?post=265616"},{"taxonomy":"post_tag","embeddable":true,"href":"https:\/\/www.radiopiu.net\/wordpress\/wp-json\/wp\/v2\/tags?post=265616"}],"curies":[{"name":"wp","href":"https:\/\/api.w.org\/{rel}","templated":true}]}}