{"id":265778,"date":"2022-03-19T23:59:45","date_gmt":"2022-03-19T22:59:45","guid":{"rendered":"https:\/\/www.radiopiu.net\/wordpress\/?p=265778"},"modified":"2022-03-21T06:10:56","modified_gmt":"2022-03-21T05:10:56","slug":"confermato-il-campionato-agordino-di-calcio-2022-13-le-squadre-iscritte","status":"publish","type":"post","link":"https:\/\/www.radiopiu.net\/wordpress\/confermato-il-campionato-agordino-di-calcio-2022-13-le-squadre-iscritte\/","title":{"rendered":"CONFERMATO IL CAMPIONATO AGORDINO DI CALCIO 2022, 13 LE SQUADRE ISCRITTE"},"content":{"rendered":"<p><strong><a class=\"dt-pswp-item\" href=\"https:\/\/www.radiopiu.net\/wordpress\/wp-content\/uploads\/2022\/03\/DSCF0007.jpg\" data-dt-img-description=\"\" data-large_image_width=\"640\" data-large_image_height=\"480\"><img loading=\"lazy\" decoding=\"async\" class=\" wp-image-265960 alignleft\" src=\"https:\/\/www.radiopiu.net\/wordpress\/wp-content\/uploads\/2022\/03\/DSCF0007-300x225.jpg\" alt=\"\" width=\"201\" height=\"151\" srcset=\"https:\/\/www.radiopiu.net\/wordpress\/wp-content\/uploads\/2022\/03\/DSCF0007-300x225.jpg 300w, https:\/\/www.radiopiu.net\/wordpress\/wp-content\/uploads\/2022\/03\/DSCF0007.jpg 640w\" sizes=\"auto, (max-width: 201px) 100vw, 201px\" \/><\/a>AGORDO<\/strong> Si sono incontrati nelle ultime ore i rappresentanti delle squadre del Campionato Agordino di calcio e si sono messe le prime basi per la stagione della ripartenza. Saranno 13 le formazioni che parteciperanno all&#8217;edizione 2022 del torneo di vallata. Atletico Caviola e Frassen\u00e8 hanno dovuto alzare bandiera bianca. Si hanno anche le date: la stagione inizier\u00e0 il 12 giugno e terminer\u00e0 il 7 agosto. Ci sar\u00e0 la fase a gironi, quarti di finale, semifinale e finalissima. Le sedi che ospiteranno non sono ancora state annunciate anche perch\u00e8 ci sar\u00e0 un&#8217;ulteriore incontro con il Comitato Calcio Agordino per capire i nuovi protocolli e decidere quali saranno i campi che ospiteranno le fasi finali.<\/p>\n<p><strong>NELLA FOTO IL &#8220;MOTORE&#8221; DEL CAMPIONATO PER MOLTI ANNI: L&#8217;AMICO ATTILIO MORETTI.<\/strong><\/p>\n<p><strong>ANDREA BALDASSI, COMITATO CALCIO AGORDINO<\/strong><\/p>\n<audio class=\"wp-audio-shortcode\" id=\"audio-265778-1\" preload=\"none\" style=\"width: 100%;\" controls=\"controls\"><source type=\"audio\/mpeg\" src=\"https:\/\/www.radiopiu.net\/wordpress\/wp-content\/uploads\/2022\/03\/BALDASSI-CAMPIONATO-2022.mp3?_=1\" \/><a href=\"https:\/\/www.radiopiu.net\/wordpress\/wp-content\/uploads\/2022\/03\/BALDASSI-CAMPIONATO-2022.mp3\">https:\/\/www.radiopiu.net\/wordpress\/wp-content\/uploads\/2022\/03\/BALDASSI-CAMPIONATO-2022.mp3<\/a><\/audio>\n<p>&nbsp;<\/p>\n<p>&nbsp;<\/p>\n<p>*****<\/p>\n","protected":false},"excerpt":{"rendered":"<p>AGORDO Si sono incontrati nelle ultime ore i rappresentanti delle squadre del Campionato Agordino di calcio e si sono messe le prime basi per la stagione della ripartenza. Saranno 13 le formazioni che parteciperanno all&#8217;edizione 2022 del torneo di vallata. Atletico Caviola e Frassen\u00e8 hanno dovuto alzare bandiera bianca. Si hanno anche le date: la&hellip;<\/p>\n","protected":false},"author":4,"featured_media":242798,"comment_status":"closed","ping_status":"closed","sticky":false,"template":"","format":"standard","meta":{"_monsterinsights_skip_tracking":false,"_monsterinsights_sitenote_active":false,"_monsterinsights_sitenote_note":"","_monsterinsights_sitenote_category":0,"footnotes":""},"categories":[104,49],"tags":[],"class_list":["post-265778","post","type-post","status-publish","format-standard","has-post-thumbnail","hentry","category-evidenza_3","category-news-18","category-104","category-49","description-off"],"img_url":"https:\/\/www.radiopiu.net\/wordpress\/wp-content\/uploads\/2021\/11\/CALCIO-2021.jpg","_links":{"self":[{"href":"https:\/\/www.radiopiu.net\/wordpress\/wp-json\/wp\/v2\/posts\/265778","targetHints":{"allow":["GET"]}}],"collection":[{"href":"https:\/\/www.radiopiu.net\/wordpress\/wp-json\/wp\/v2\/posts"}],"about":[{"href":"https:\/\/www.radiopiu.net\/wordpress\/wp-json\/wp\/v2\/types\/post"}],"author":[{"embeddable":true,"href":"https:\/\/www.radiopiu.net\/wordpress\/wp-json\/wp\/v2\/users\/4"}],"replies":[{"embeddable":true,"href":"https:\/\/www.radiopiu.net\/wordpress\/wp-json\/wp\/v2\/comments?post=265778"}],"version-history":[{"count":0,"href":"https:\/\/www.radiopiu.net\/wordpress\/wp-json\/wp\/v2\/posts\/265778\/revisions"}],"wp:featuredmedia":[{"embeddable":true,"href":"https:\/\/www.radiopiu.net\/wordpress\/wp-json\/wp\/v2\/media\/242798"}],"wp:attachment":[{"href":"https:\/\/www.radiopiu.net\/wordpress\/wp-json\/wp\/v2\/media?parent=265778"}],"wp:term":[{"taxonomy":"category","embeddable":true,"href":"https:\/\/www.radiopiu.net\/wordpress\/wp-json\/wp\/v2\/categories?post=265778"},{"taxonomy":"post_tag","embeddable":true,"href":"https:\/\/www.radiopiu.net\/wordpress\/wp-json\/wp\/v2\/tags?post=265778"}],"curies":[{"name":"wp","href":"https:\/\/api.w.org\/{rel}","templated":true}]}}