{"id":265811,"date":"2022-03-20T09:59:52","date_gmt":"2022-03-20T08:59:52","guid":{"rendered":"https:\/\/www.radiopiu.net\/wordpress\/?p=265811"},"modified":"2022-03-20T09:59:52","modified_gmt":"2022-03-20T08:59:52","slug":"collage-operazione-nostalgia-e-le-canzoni-contro-la-guerra","status":"publish","type":"post","link":"https:\/\/www.radiopiu.net\/wordpress\/collage-operazione-nostalgia-e-le-canzoni-contro-la-guerra\/","title":{"rendered":"COLLAGE OPERAZIONE NOSTALGIA E LE CANZONI CONTRO LA GUERRA"},"content":{"rendered":"<p><strong><a class=\"dt-pswp-item\" href=\"https:\/\/www.radiopiu.net\/wordpress\/wp-content\/uploads\/2022\/03\/Pete-Seeger.jpg\" data-dt-img-description=\"\" data-large_image_width=\"286\" data-large_image_height=\"176\"><img loading=\"lazy\" decoding=\"async\" class=\" wp-image-265819 alignleft\" src=\"https:\/\/www.radiopiu.net\/wordpress\/wp-content\/uploads\/2022\/03\/Pete-Seeger.jpg\" alt=\"\" width=\"241\" height=\"148\" \/><\/a>di Loris Scussel<\/strong><\/p>\n<p>Anche questa settimana Collage aprir\u00e0 la sua programmazione con una puntata dedicata alle canzoni contro la guerra e vedr\u00e0 la partecipazione straordinaria di Brunella Moro nella lettura di un brano di Pete Seeger sul tema. Marted\u00ec il \u201csole\u201d sar\u00e0 il denominatore comune tra i pezzi in scaletta, mercoled\u00ec spazio alla musica internazionale, gioved\u00ec ascolteremo i cantautori di casa nostra per arrivare infine a venerd\u00ec con una selezione di canzoni italiane che risalgono agli anni 60\/70. Il programma andr\u00e0 in onda dal luned\u00ec al venerd\u00ec alle 16,00 e alle 23,00.<\/p>\n<p>&nbsp;<\/p>\n<p>&nbsp;<\/p>\n<p>&nbsp;<\/p>\n<p>*****<\/p>\n","protected":false},"excerpt":{"rendered":"<p>di Loris Scussel Anche questa settimana Collage aprir\u00e0 la sua programmazione con una puntata dedicata alle canzoni contro la guerra e vedr\u00e0 la partecipazione straordinaria di Brunella Moro nella lettura di un brano di Pete Seeger sul tema. Marted\u00ec il \u201csole\u201d sar\u00e0 il denominatore comune tra i pezzi in scaletta, mercoled\u00ec spazio alla musica internazionale,&hellip;<\/p>\n","protected":false},"author":4,"featured_media":265819,"comment_status":"closed","ping_status":"closed","sticky":false,"template":"","format":"standard","meta":{"_monsterinsights_skip_tracking":false,"_monsterinsights_sitenote_active":false,"_monsterinsights_sitenote_note":"","_monsterinsights_sitenote_category":0,"footnotes":""},"categories":[49],"tags":[],"class_list":["post-265811","post","type-post","status-publish","format-standard","has-post-thumbnail","hentry","category-news-18","category-49","description-off"],"img_url":"https:\/\/www.radiopiu.net\/wordpress\/wp-content\/uploads\/2022\/03\/Pete-Seeger.jpg","_links":{"self":[{"href":"https:\/\/www.radiopiu.net\/wordpress\/wp-json\/wp\/v2\/posts\/265811","targetHints":{"allow":["GET"]}}],"collection":[{"href":"https:\/\/www.radiopiu.net\/wordpress\/wp-json\/wp\/v2\/posts"}],"about":[{"href":"https:\/\/www.radiopiu.net\/wordpress\/wp-json\/wp\/v2\/types\/post"}],"author":[{"embeddable":true,"href":"https:\/\/www.radiopiu.net\/wordpress\/wp-json\/wp\/v2\/users\/4"}],"replies":[{"embeddable":true,"href":"https:\/\/www.radiopiu.net\/wordpress\/wp-json\/wp\/v2\/comments?post=265811"}],"version-history":[{"count":0,"href":"https:\/\/www.radiopiu.net\/wordpress\/wp-json\/wp\/v2\/posts\/265811\/revisions"}],"wp:featuredmedia":[{"embeddable":true,"href":"https:\/\/www.radiopiu.net\/wordpress\/wp-json\/wp\/v2\/media\/265819"}],"wp:attachment":[{"href":"https:\/\/www.radiopiu.net\/wordpress\/wp-json\/wp\/v2\/media?parent=265811"}],"wp:term":[{"taxonomy":"category","embeddable":true,"href":"https:\/\/www.radiopiu.net\/wordpress\/wp-json\/wp\/v2\/categories?post=265811"},{"taxonomy":"post_tag","embeddable":true,"href":"https:\/\/www.radiopiu.net\/wordpress\/wp-json\/wp\/v2\/tags?post=265811"}],"curies":[{"name":"wp","href":"https:\/\/api.w.org\/{rel}","templated":true}]}}