{"id":265941,"date":"2022-03-21T05:41:09","date_gmt":"2022-03-21T04:41:09","guid":{"rendered":"https:\/\/www.radiopiu.net\/wordpress\/?p=265941"},"modified":"2022-03-21T08:27:03","modified_gmt":"2022-03-21T07:27:03","slug":"primo-in-pensione-il-grazie-di-fabio-rufus-bristot","status":"publish","type":"post","link":"https:\/\/www.radiopiu.net\/wordpress\/primo-in-pensione-il-grazie-di-fabio-rufus-bristot\/","title":{"rendered":"PRIMO IN PENSIONE, IL GRAZIE DI FABIO RUFUS BRISTOT"},"content":{"rendered":"<div class=\"kvgmc6g5 cxmmr5t8 oygrvhab hcukyx3x c1et5uql ii04i59q\">\n<div dir=\"auto\">\n<p><strong>BELLUNO<\/strong> Fabio Rufus Bristot &#8220;storico&#8221; nome in ambito Soccorso Alpino, sulla sua pagina facebook ha omaggiato l&#8217;amico Primo Bernardi per 30 anni pilota del 118 che ha raggiunto l&#8217;et\u00e0 della pensione.<\/p>\n<div class=\"kvgmc6g5 cxmmr5t8 oygrvhab hcukyx3x c1et5uql ii04i59q\">\n<div dir=\"auto\">\n<p><strong>di Fabio Rufus Bristot\u00a0<\/strong><\/p>\n<\/div>\n<div dir=\"auto\"><\/div>\n<div dir=\"auto\">\n<p>Spesso negli interventi di elisoccorso si rimarca il ruolo de Soccorso Alpino e quello della componente medica. Si dimentica il pi\u00f9 delle volte di sottolineare il ruolo decisivo dei piloti che permettono che la complessiva attivit\u00e0 di soccorso possa avvenire velocemente e nella massima sicurezza (con elevati limiti di accettabilit\u00e0 del rischio). Voglio allora, qua, ringraziare Primo Bernardi,\u00a0 per oltre 30 anni pilota del 118 di Pieve di Cadore, Treviso e di altre basi! Persona mite, schietta e autentica con (credo) 8.000 ore di volo all\u2019attivo, con le quali ha portato a termine centinaia di missioni di soccorso. Lo ringrazio personalmente per quanto ha svolto in questa lunghissima ed entusiasmante carriera, per la professionalit\u00e0 e per lo spessore umano che, anche nei momenti di criticit\u00e0, non \u00e8 mai venuto meno. Lo ringrazio anche per la cena di ieri sera, con annesso \u2018cabaret\u2019 di grande simpatia (\u2026 ne avevo gran bisogno). Sei una bella persona. Grazie<\/p>\n<\/div>\n<\/div>\n<\/div>\n<div dir=\"auto\">\n\n\t\t\t<style type='text\/css'>\n\t\t\t\t#gallery-1 {\n\t\t\t\t\tmargin: auto;\n\t\t\t\t}\n\t\t\t\t#gallery-1 .gallery-item {\n\t\t\t\t\tfloat: left;\n\t\t\t\t\tmargin-top: 10px;\n\t\t\t\t\ttext-align: center;\n\t\t\t\t\twidth: 33%;\n\t\t\t\t}\n\t\t\t\t#gallery-1 img {\n\t\t\t\t\tborder: 2px solid #cfcfcf;\n\t\t\t\t}\n\t\t\t\t#gallery-1 .gallery-caption {\n\t\t\t\t\tmargin-left: 0;\n\t\t\t\t}\n\t\t\t\t\/* see gallery_shortcode() in wp-includes\/media.php *\/\n\t\t\t<\/style>\n\t\t<div id='gallery-1' class='dt-gallery-container gallery galleryid-265941 gallery-columns-3 gallery-size-thumbnail'><dl class='gallery-item'>\n\t\t\t\t<dt class='gallery-icon landscape'>\n\t\t\t\t\t<a class=\"rollover rollover-zoom dt-pswp-item\" title=\"276129347_10225317070266822_1375820726009394251_n\" data-dt-img-description=\"\" data-large_image_width=\"960\" data-large_image_height=\"526\"href='https:\/\/www.radiopiu.net\/wordpress\/wp-content\/uploads\/2022\/03\/276129347_10225317070266822_1375820726009394251_n.jpg'><img loading=\"lazy\" decoding=\"async\" width=\"150\" height=\"150\" src=\"https:\/\/www.radiopiu.net\/wordpress\/wp-content\/uploads\/2022\/03\/276129347_10225317070266822_1375820726009394251_n-150x150.jpg\" class=\"attachment-thumbnail size-thumbnail\" alt=\"\" \/><\/a>\n\t\t\t\t<\/dt><\/dl><dl class='gallery-item'>\n\t\t\t\t<dt class='gallery-icon portrait'>\n\t\t\t\t\t<a class=\"rollover rollover-zoom dt-pswp-item\" title=\"276989937_10225317069986815_4217234902638343975_n\" data-dt-img-description=\"\" data-large_image_width=\"1536\" data-large_image_height=\"2048\"href='https:\/\/www.radiopiu.net\/wordpress\/wp-content\/uploads\/2022\/03\/276989937_10225317069986815_4217234902638343975_n.jpg'><img loading=\"lazy\" decoding=\"async\" width=\"150\" height=\"150\" src=\"https:\/\/www.radiopiu.net\/wordpress\/wp-content\/uploads\/2022\/03\/276989937_10225317069986815_4217234902638343975_n-150x150.jpg\" class=\"attachment-thumbnail size-thumbnail\" alt=\"\" \/><\/a>\n\t\t\t\t<\/dt><\/dl><dl class='gallery-item'>\n\t\t\t\t<dt class='gallery-icon portrait'>\n\t\t\t\t\t<a class=\"rollover rollover-zoom dt-pswp-item\" title=\"277002068_10225317355913963_1452187895034821123_n\" data-dt-img-description=\"\" data-large_image_width=\"768\" data-large_image_height=\"1024\"href='https:\/\/www.radiopiu.net\/wordpress\/wp-content\/uploads\/2022\/03\/277002068_10225317355913963_1452187895034821123_n.jpg'><img loading=\"lazy\" decoding=\"async\" width=\"150\" height=\"150\" src=\"https:\/\/www.radiopiu.net\/wordpress\/wp-content\/uploads\/2022\/03\/277002068_10225317355913963_1452187895034821123_n-150x150.jpg\" class=\"attachment-thumbnail size-thumbnail\" alt=\"\" \/><\/a>\n\t\t\t\t<\/dt><\/dl><br style=\"clear: both\" \/>\n\t\t\t<\/div>\n\n<\/div>\n<div dir=\"auto\"><\/div>\n<\/div>\n<div class=\"cxmmr5t8 oygrvhab hcukyx3x c1et5uql o9v6fnle ii04i59q\">\n<div dir=\"auto\">Foto: Schiara 2019 (foto Rufus) e Pieve di Soligo 2022 (foto Rufus)<\/div>\n<\/div>\n<div dir=\"auto\"><\/div>\n<div dir=\"auto\"><\/div>\n<div dir=\"auto\">\u00a7\u00a7\u00a7<\/div>\n","protected":false},"excerpt":{"rendered":"<p>BELLUNO Fabio Rufus Bristot &#8220;storico&#8221; nome in ambito Soccorso Alpino, sulla sua pagina facebook ha omaggiato l&#8217;amico Primo Bernardi per 30 anni pilota del 118 che ha raggiunto l&#8217;et\u00e0 della pensione. di Fabio Rufus Bristot\u00a0 Spesso negli interventi di elisoccorso si rimarca il ruolo de Soccorso Alpino e quello della componente medica. Si dimentica il&hellip;<\/p>\n","protected":false},"author":4,"featured_media":265942,"comment_status":"closed","ping_status":"closed","sticky":false,"template":"","format":"standard","meta":{"_monsterinsights_skip_tracking":false,"_monsterinsights_sitenote_active":false,"_monsterinsights_sitenote_note":"","_monsterinsights_sitenote_category":0,"footnotes":""},"categories":[51,49],"tags":[],"class_list":["post-265941","post","type-post","status-publish","format-standard","has-post-thumbnail","hentry","category-evidenza-top","category-news-18","category-51","category-49","description-off"],"img_url":"https:\/\/www.radiopiu.net\/wordpress\/wp-content\/uploads\/2022\/03\/276129347_10225317070266822_1375820726009394251_n.jpg","_links":{"self":[{"href":"https:\/\/www.radiopiu.net\/wordpress\/wp-json\/wp\/v2\/posts\/265941","targetHints":{"allow":["GET"]}}],"collection":[{"href":"https:\/\/www.radiopiu.net\/wordpress\/wp-json\/wp\/v2\/posts"}],"about":[{"href":"https:\/\/www.radiopiu.net\/wordpress\/wp-json\/wp\/v2\/types\/post"}],"author":[{"embeddable":true,"href":"https:\/\/www.radiopiu.net\/wordpress\/wp-json\/wp\/v2\/users\/4"}],"replies":[{"embeddable":true,"href":"https:\/\/www.radiopiu.net\/wordpress\/wp-json\/wp\/v2\/comments?post=265941"}],"version-history":[{"count":0,"href":"https:\/\/www.radiopiu.net\/wordpress\/wp-json\/wp\/v2\/posts\/265941\/revisions"}],"wp:featuredmedia":[{"embeddable":true,"href":"https:\/\/www.radiopiu.net\/wordpress\/wp-json\/wp\/v2\/media\/265942"}],"wp:attachment":[{"href":"https:\/\/www.radiopiu.net\/wordpress\/wp-json\/wp\/v2\/media?parent=265941"}],"wp:term":[{"taxonomy":"category","embeddable":true,"href":"https:\/\/www.radiopiu.net\/wordpress\/wp-json\/wp\/v2\/categories?post=265941"},{"taxonomy":"post_tag","embeddable":true,"href":"https:\/\/www.radiopiu.net\/wordpress\/wp-json\/wp\/v2\/tags?post=265941"}],"curies":[{"name":"wp","href":"https:\/\/api.w.org\/{rel}","templated":true}]}}