{"id":265995,"date":"2022-03-21T11:47:43","date_gmt":"2022-03-21T10:47:43","guid":{"rendered":"https:\/\/www.radiopiu.net\/wordpress\/?p=265995"},"modified":"2022-03-21T13:58:41","modified_gmt":"2022-03-21T12:58:41","slug":"red-canzian-in-diretta-per-il-nuovo-progetto-di-riabilitazione-cardiologica","status":"publish","type":"post","link":"https:\/\/www.radiopiu.net\/wordpress\/red-canzian-in-diretta-per-il-nuovo-progetto-di-riabilitazione-cardiologica\/","title":{"rendered":"RED CANZIAN IN DIRETTA PER IL NUOVO PROGETTO  DI RIABILITAZIONE CARDIOLOGICA"},"content":{"rendered":"<p><span class=\"d2edcug0 hpfvmrgz qv66sw1b c1et5uql lr9zc1uh a8c37x1j fe6kdd0r mau55g9w c8b282yb keod5gw0 nxhoafnm aigsh9s9 d3f4x2em iv3no6db jq4qci2q a3bd9o3v b1v8xokw oo9gr5id hzawbc8m\" dir=\"auto\"><span class=\"pq6dq46d tbxw36s4 knj5qynh kvgmc6g5 ditlmg2l oygrvhab nvdbi5me sf5mxxl7 gl3lb2sf hhz5lgdu\"><img loading=\"lazy\" decoding=\"async\" src=\"https:\/\/static.xx.fbcdn.net\/images\/emoji.php\/v9\/t6e\/1\/16\/1f534.png\" alt=\"&#x1f534;\" width=\"16\" height=\"16\" \/><\/span> In diretta da Treviso con <a class=\"oajrlxb2 g5ia77u1 qu0x051f esr5mh6w e9989ue4 r7d6kgcz rq0escxv nhd2j8a9 nc684nl6 p7hjln8o kvgmc6g5 cxmmr5t8 oygrvhab hcukyx3x jb3vyjys rz4wbd8a qt6c0cv9 a8nywdso i1ao9s8h esuyzwwr f1sip0of lzcic4wl gpro0wi8 q66pz984 b1v8xokw\" tabindex=\"0\" role=\"link\" href=\"https:\/\/www.facebook.com\/RedCanzianOfficial?__cft__[0]=AZX3wHgfgNABPNY2PvfKr_HEc1RyXzit5FhEX0chmekuTiJVsDcL6f85nNsY0_H8XAAzAMOrvj_GvGXvp7bBvhuwMe_u7j8F_w1FC3MfCutzjw-cUSrmibq6_WzbzKJTM7ASimUCW6bx20X5UZVPmggs&amp;__tn__=-]K-R\"><span class=\"nc684nl6\">Red Canzian<\/span><\/a>, per presentare il nuovo progetto di riabilitazione cardiologica della <a class=\"oajrlxb2 g5ia77u1 qu0x051f esr5mh6w e9989ue4 r7d6kgcz rq0escxv nhd2j8a9 nc684nl6 p7hjln8o kvgmc6g5 cxmmr5t8 oygrvhab hcukyx3x jb3vyjys rz4wbd8a qt6c0cv9 a8nywdso i1ao9s8h esuyzwwr f1sip0of lzcic4wl gpro0wi8 q66pz984 b1v8xokw\" tabindex=\"0\" role=\"link\" href=\"https:\/\/www.facebook.com\/ulss2marcatrevigiana\/?__cft__[0]=AZX3wHgfgNABPNY2PvfKr_HEc1RyXzit5FhEX0chmekuTiJVsDcL6f85nNsY0_H8XAAzAMOrvj_GvGXvp7bBvhuwMe_u7j8F_w1FC3MfCutzjw-cUSrmibq6_WzbzKJTM7ASimUCW6bx20X5UZVPmggs&amp;__tn__=kK-R\"><span class=\"nc684nl6\">Ulss 2 Marca trevigiana<\/span><\/a>.\u00a0<\/span><\/p>\n<p>&nbsp;<\/p>\n<p>https:\/\/www.facebook.com\/zaiaufficiale\/videos\/305011161731215<\/p>\n<blockquote>\n<h3><strong>SANITA\u2019. IN VENETO INNOVATIVA RIABILITAZIONE CARDIOCHIRURGICA PRESENTATA A TREVISO. RED CANZIAN TESTIMONIAL.<\/strong><\/h3>\n<\/blockquote>\n<p><a class=\"dt-pswp-item\" href=\"https:\/\/www.radiopiu.net\/wordpress\/wp-content\/uploads\/2022\/03\/699-2022-2022-03-21-at-13.18.32.jpeg\" data-dt-img-description=\"\" data-large_image_width=\"2048\" data-large_image_height=\"1536\"><img loading=\"lazy\" decoding=\"async\" class=\" wp-image-266018 alignleft\" src=\"https:\/\/www.radiopiu.net\/wordpress\/wp-content\/uploads\/2022\/03\/699-2022-2022-03-21-at-13.18.32-300x225.jpeg\" alt=\"\" width=\"252\" height=\"189\" srcset=\"https:\/\/www.radiopiu.net\/wordpress\/wp-content\/uploads\/2022\/03\/699-2022-2022-03-21-at-13.18.32-300x225.jpeg 300w, https:\/\/www.radiopiu.net\/wordpress\/wp-content\/uploads\/2022\/03\/699-2022-2022-03-21-at-13.18.32-1024x768.jpeg 1024w, https:\/\/www.radiopiu.net\/wordpress\/wp-content\/uploads\/2022\/03\/699-2022-2022-03-21-at-13.18.32-768x576.jpeg 768w, https:\/\/www.radiopiu.net\/wordpress\/wp-content\/uploads\/2022\/03\/699-2022-2022-03-21-at-13.18.32-1536x1152.jpeg 1536w, https:\/\/www.radiopiu.net\/wordpress\/wp-content\/uploads\/2022\/03\/699-2022-2022-03-21-at-13.18.32.jpeg 2048w\" sizes=\"auto, (max-width: 252px) 100vw, 252px\" \/><\/a>Anche nel settore della riabilitazione, la sanit\u00e0 veneta imbocca nuove strade di modernit\u00e0. Succede all\u2019Ospedale Ca\u2019 Foncello di Treviso dove, ai pazienti cardiochirurgici, viene applicato un nuovo protocollo che parte dalle giornate precedenti l\u2019intervento, e non successivamente all\u2019uscita dalla sala operatoria. Il nuovo modello coinvolger\u00e0 oltre 800 pazienti l\u2019anno sottoposti a intervento al cuore, ed \u00e8 stato presentato oggi, alla presenza del Presidente della Regione Luca Zaia, di Red Canzian in qualit\u00e0 di paziente e testimonial della bont\u00e0 del percorso e della qualit\u00e0 dell\u2019assistenza ricevuta, del Direttore Generale dell\u2019Ulss 2 Marca Trevigiana, Francesco Benazzi e dei sanitari che compongono il team multidisciplinare.\u00a0Rispetto al percorso preesistente il nuovo modello presenta importanti novit\u00e0: il percorso riabilitativo inizia prima e viene effettuato anche subito dopo l\u2019intervento \u00e8 costruito su misura del paziente; \u00e8 costituito da una vera e propria squadra formata dal paziente + team multidisciplinare (medici, infermieri, fisioterapisti, logopedisti e oss). Con il nuovo percorso il paziente occupa il tempo di attesa pre-intervento come tempo di cura e non come un tempo sospeso. Viene coinvolto assieme agli eventuali caregiver. Il percorso riabilitativo, dopo una valutazione personalizzata, inizia alcune settimane prima dell\u2019intervento con una parte informativa ed educazionale e una parte di riabilitazione respiratoria e\/o motoria. Tutte queste attivit\u00e0 vengono svolte sia in ambulatorio che da remoto (teleriabilitazione). Il paziente viene monitorato e seguito dal team: arriva all\u2019intervento nelle migliori condizioni possibili ed eventuali cambiamenti repentini vengono monitorati e gestiti. Il trattamento riabilitativo pre-intervento riguarda anche tutti i pazienti che vengono ricoverati e vengono operati in urgenza, con una presa in carico di alcuni giorni prima dell\u2019operazione. La fase post operatoria fase inizia gi\u00e0 poche ore dopo l\u2019intervento, in terapia intensiva cardiochirurgica, e ha l\u2019obiettivo di ridurre al minimo le complicanze post intervento e ridurre la durata della degenza in ambiente intensivo. Prevede: riabilitazione respiratoria: tosse efficace, tecniche di riespansione e disostruzione, riabilitazione motoria: posizione seduta con il letto, seduto a bordo letto, semplici esercizi per le braccia e le gambe. Se il paziente \u00e8 stato addestrato prima dell\u2019intervento molte cose le sa gi\u00e0 fare e quindi le far\u00e0 sia con l\u2019aiuto e\/o con la supervisione del fisioterapista, ma anche con la supervisione dell\u2019infermiere e, se in grado, anche in autonomia. I vantaggi che consente il nuovo percorso riabilitativo sono: miglioramento qualit\u00e0 della vita del paziente sia nel pre-intervento che nel post; il paziente \u00e8 monitorato, seguito da un team ed ogni <a class=\"dt-pswp-item\" href=\"https:\/\/www.radiopiu.net\/wordpress\/wp-content\/uploads\/2022\/03\/699-2022-2022-03-21-at-13.18.24.jpeg\" data-dt-img-description=\"\" data-large_image_width=\"2048\" data-large_image_height=\"1536\"><img loading=\"lazy\" decoding=\"async\" class=\" wp-image-266017 alignleft\" src=\"https:\/\/www.radiopiu.net\/wordpress\/wp-content\/uploads\/2022\/03\/699-2022-2022-03-21-at-13.18.24-300x225.jpeg\" alt=\"\" width=\"259\" height=\"194\" srcset=\"https:\/\/www.radiopiu.net\/wordpress\/wp-content\/uploads\/2022\/03\/699-2022-2022-03-21-at-13.18.24-300x225.jpeg 300w, https:\/\/www.radiopiu.net\/wordpress\/wp-content\/uploads\/2022\/03\/699-2022-2022-03-21-at-13.18.24-1024x768.jpeg 1024w, https:\/\/www.radiopiu.net\/wordpress\/wp-content\/uploads\/2022\/03\/699-2022-2022-03-21-at-13.18.24-768x576.jpeg 768w, https:\/\/www.radiopiu.net\/wordpress\/wp-content\/uploads\/2022\/03\/699-2022-2022-03-21-at-13.18.24-1536x1152.jpeg 1536w, https:\/\/www.radiopiu.net\/wordpress\/wp-content\/uploads\/2022\/03\/699-2022-2022-03-21-at-13.18.24.jpeg 2048w\" sizes=\"auto, (max-width: 259px) 100vw, 259px\" \/><\/a>cambiamento repentino viene evidenziato e valutato subito sia pre-intervento sia quando il paziente rientra a casa; riduzione della degenza in terapia intensiva; riduzione della degenza in reparto di cardiochirurgia e di riabilitazione.<\/p>\n<p><strong>ALCUNI DATI<\/strong><\/p>\n<p>Nella cardiochirurgia del Ca\u2019 Foncello vengono operati oltre 800 pazienti all\u2019anno. La durata media del ricovero in terapia intensiva si attesta sui 3 giorni, mentre la degenza complessiva nel reparto di cardiochirurgia si attesta sui 7 giorni. La durata del ricovero in un reparto di riabilitazione si attesta intorno alle 2-3 settimane.<\/p>\n<p>I dati del PNE 2021 collocano la cardiochirurgia di Treviso:<\/p>\n<ul>\n<li>al primo posto tra tutti i centri di cardiochirurgia del Veneto per mortalit\u00e0 a 30 giorni sia da intervento di by pass coronarico che per valvuloplastica o sostituzione valvolare singola<\/li>\n<li>al quarto posto tra tutti i centri di cardiochirurgia italiani per mortalit\u00e0 a 30 giorni per intervento di by pass coronarico<\/li>\n<li>al sesto posto tra tutti i maggiori centri cardiochirurgici italiani per mortalit\u00e0 a 30 giorni per valvuloplastica o sostituzione valvolare singola.<\/li>\n<\/ul>\n<p>&nbsp;<\/p>\n<p>***<\/p>\n","protected":false},"excerpt":{"rendered":"<p>In diretta da Treviso con Red Canzian, per presentare il nuovo progetto di riabilitazione cardiologica della Ulss 2 Marca trevigiana.\u00a0 &nbsp; https:\/\/www.facebook.com\/zaiaufficiale\/videos\/305011161731215 SANITA\u2019. IN VENETO INNOVATIVA RIABILITAZIONE CARDIOCHIRURGICA PRESENTATA A TREVISO. RED CANZIAN TESTIMONIAL. Anche nel settore della riabilitazione, la sanit\u00e0 veneta imbocca nuove strade di modernit\u00e0. Succede all\u2019Ospedale Ca\u2019 Foncello di Treviso dove, ai&hellip;<\/p>\n","protected":false},"author":4,"featured_media":265996,"comment_status":"closed","ping_status":"closed","sticky":false,"template":"","format":"standard","meta":{"_monsterinsights_skip_tracking":false,"_monsterinsights_sitenote_active":false,"_monsterinsights_sitenote_note":"","_monsterinsights_sitenote_category":0,"footnotes":""},"categories":[51,49],"tags":[],"class_list":["post-265995","post","type-post","status-publish","format-standard","has-post-thumbnail","hentry","category-evidenza-top","category-news-18","category-51","category-49","description-off"],"img_url":"https:\/\/www.radiopiu.net\/wordpress\/wp-content\/uploads\/2022\/03\/11111.jpg","_links":{"self":[{"href":"https:\/\/www.radiopiu.net\/wordpress\/wp-json\/wp\/v2\/posts\/265995","targetHints":{"allow":["GET"]}}],"collection":[{"href":"https:\/\/www.radiopiu.net\/wordpress\/wp-json\/wp\/v2\/posts"}],"about":[{"href":"https:\/\/www.radiopiu.net\/wordpress\/wp-json\/wp\/v2\/types\/post"}],"author":[{"embeddable":true,"href":"https:\/\/www.radiopiu.net\/wordpress\/wp-json\/wp\/v2\/users\/4"}],"replies":[{"embeddable":true,"href":"https:\/\/www.radiopiu.net\/wordpress\/wp-json\/wp\/v2\/comments?post=265995"}],"version-history":[{"count":0,"href":"https:\/\/www.radiopiu.net\/wordpress\/wp-json\/wp\/v2\/posts\/265995\/revisions"}],"wp:featuredmedia":[{"embeddable":true,"href":"https:\/\/www.radiopiu.net\/wordpress\/wp-json\/wp\/v2\/media\/265996"}],"wp:attachment":[{"href":"https:\/\/www.radiopiu.net\/wordpress\/wp-json\/wp\/v2\/media?parent=265995"}],"wp:term":[{"taxonomy":"category","embeddable":true,"href":"https:\/\/www.radiopiu.net\/wordpress\/wp-json\/wp\/v2\/categories?post=265995"},{"taxonomy":"post_tag","embeddable":true,"href":"https:\/\/www.radiopiu.net\/wordpress\/wp-json\/wp\/v2\/tags?post=265995"}],"curies":[{"name":"wp","href":"https:\/\/api.w.org\/{rel}","templated":true}]}}