{"id":266004,"date":"2022-03-21T13:26:44","date_gmt":"2022-03-21T12:26:44","guid":{"rendered":"https:\/\/www.radiopiu.net\/wordpress\/?p=266004"},"modified":"2022-03-22T05:48:00","modified_gmt":"2022-03-22T04:48:00","slug":"con-i-bambini-linaugurazione-della-piazza-della-poesia","status":"publish","type":"post","link":"https:\/\/www.radiopiu.net\/wordpress\/con-i-bambini-linaugurazione-della-piazza-della-poesia\/","title":{"rendered":"CON I BAMBINI L&#8217;INAUGURAZIONE DELLA PIAZZA DELLA POESIA"},"content":{"rendered":"<div class=\"moz-text-html\" lang=\"x-unicode\">\n<div dir=\"ltr\">\n<div>\n<p><b><a class=\"dt-pswp-item\" href=\"https:\/\/www.radiopiu.net\/wordpress\/wp-content\/uploads\/2022\/03\/Piazza_poesia_4.jpg\" data-dt-img-description=\"\" data-large_image_width=\"1239\" data-large_image_height=\"1888\"><img loading=\"lazy\" decoding=\"async\" class=\" wp-image-266000 alignleft\" src=\"https:\/\/www.radiopiu.net\/wordpress\/wp-content\/uploads\/2022\/03\/Piazza_poesia_4-197x300.jpg\" alt=\"\" width=\"130\" height=\"198\" srcset=\"https:\/\/www.radiopiu.net\/wordpress\/wp-content\/uploads\/2022\/03\/Piazza_poesia_4-197x300.jpg 197w, https:\/\/www.radiopiu.net\/wordpress\/wp-content\/uploads\/2022\/03\/Piazza_poesia_4-672x1024.jpg 672w, https:\/\/www.radiopiu.net\/wordpress\/wp-content\/uploads\/2022\/03\/Piazza_poesia_4-768x1170.jpg 768w, https:\/\/www.radiopiu.net\/wordpress\/wp-content\/uploads\/2022\/03\/Piazza_poesia_4-1008x1536.jpg 1008w, https:\/\/www.radiopiu.net\/wordpress\/wp-content\/uploads\/2022\/03\/Piazza_poesia_4.jpg 1239w\" sizes=\"auto, (max-width: 130px) 100vw, 130px\" \/><\/a>PONTE NELLE ALPI\u00a0 <\/b>\u00c8 stata inaugurata la Piazza della Poesia: il nuovo spazio di socialit\u00e0\u00a0 davanti alla Biblioteca civica. E&#8217; stata scoperta una stele con una frase di Italo Calvino <em>\u00abLa poesia \u00e8 l&#8217;arte di far entrare il mare in un bicchiere\u00bb <\/em>in una data ricca di spunti, significati e simbologie perch\u00e9 il 21 marzo \u00e8 il primo giorno di primavera, ma \u00e8 anche la<em> \u201cGiornata della memoria e dell&#8217;impegno in ricordo delle vittime innocenti delle mafie\u201d, <\/em>oltre che la<em> \u201cGiornata mondiale della poesia\u201d e la \u201cGiornata nazionale della gentilezza ai nuovi nati\u201d.\u00a0 <\/em>In Piazza si sono ritrovati gli alunni e le alunne delle scuole primarie di Oltrerai, Coi e Ponte, in rappresentanza dell\u2019intero Istituto comprensivo di Ponte nelle Alpi: <em>\u00abIn questa serie di ricorrenze &#8211; argomenta la consigliera comunale, Sabrina Dassi\u00e8 &#8211; la presenza dei bambini e delle bambine si \u00e8 rivelata particolarmente significativa perch\u00e9 ognuno di loro ha dato un contributo tangibile per alimentare il valore dell\u2019accoglienza.L\u2019accoglienza \u00e8 verso i nuovi nati, certo, ma in generale a 360 gradi. Non a caso, \u00e8 stato chiesto agli alunni e alle alunne di realizzare una piccola filastrocca o una poesia che contenesse la parola \u201cchiave\u201d. Perch\u00e9 la chiave \u00e8 il simbolo per eccellenza dell\u2019apertura verso gli altri\u00bb.<\/em><\/p>\n<\/div>\n<\/div>\n<\/div>\n\n\t\t\t<style type='text\/css'>\n\t\t\t\t#gallery-1 {\n\t\t\t\t\tmargin: auto;\n\t\t\t\t}\n\t\t\t\t#gallery-1 .gallery-item {\n\t\t\t\t\tfloat: left;\n\t\t\t\t\tmargin-top: 10px;\n\t\t\t\t\ttext-align: center;\n\t\t\t\t\twidth: 33%;\n\t\t\t\t}\n\t\t\t\t#gallery-1 img {\n\t\t\t\t\tborder: 2px solid #cfcfcf;\n\t\t\t\t}\n\t\t\t\t#gallery-1 .gallery-caption {\n\t\t\t\t\tmargin-left: 0;\n\t\t\t\t}\n\t\t\t\t\/* see gallery_shortcode() in wp-includes\/media.php *\/\n\t\t\t<\/style>\n\t\t<div id='gallery-1' class='dt-gallery-container gallery galleryid-266004 gallery-columns-3 gallery-size-thumbnail'><dl class='gallery-item'>\n\t\t\t\t<dt class='gallery-icon landscape'>\n\t\t\t\t\t<a class=\"rollover rollover-zoom dt-pswp-item\" title=\"Piazza_Poesia_1\" data-dt-img-description=\"\" data-large_image_width=\"1024\" data-large_image_height=\"768\"href='https:\/\/www.radiopiu.net\/wordpress\/wp-content\/uploads\/2022\/03\/Piazza_Poesia_1.jpg'><img loading=\"lazy\" decoding=\"async\" width=\"150\" height=\"150\" src=\"https:\/\/www.radiopiu.net\/wordpress\/wp-content\/uploads\/2022\/03\/Piazza_Poesia_1-150x150.jpg\" class=\"attachment-thumbnail size-thumbnail\" alt=\"\" \/><\/a>\n\t\t\t\t<\/dt><\/dl><dl class='gallery-item'>\n\t\t\t\t<dt class='gallery-icon landscape'>\n\t\t\t\t\t<a class=\"rollover rollover-zoom dt-pswp-item\" title=\"Piazza_Poesia_3\" data-dt-img-description=\"\" data-large_image_width=\"1024\" data-large_image_height=\"768\"href='https:\/\/www.radiopiu.net\/wordpress\/wp-content\/uploads\/2022\/03\/Piazza_Poesia_3.jpg'><img loading=\"lazy\" decoding=\"async\" width=\"150\" height=\"150\" src=\"https:\/\/www.radiopiu.net\/wordpress\/wp-content\/uploads\/2022\/03\/Piazza_Poesia_3-150x150.jpg\" class=\"attachment-thumbnail size-thumbnail\" alt=\"\" \/><\/a>\n\t\t\t\t<\/dt><\/dl><dl class='gallery-item'>\n\t\t\t\t<dt class='gallery-icon landscape'>\n\t\t\t\t\t<a class=\"rollover rollover-zoom dt-pswp-item\" title=\"Piazza_Poesia_2\" data-dt-img-description=\"\" data-large_image_width=\"1024\" data-large_image_height=\"768\"href='https:\/\/www.radiopiu.net\/wordpress\/wp-content\/uploads\/2022\/03\/Piazza_Poesia_2.jpg'><img loading=\"lazy\" decoding=\"async\" width=\"150\" height=\"150\" src=\"https:\/\/www.radiopiu.net\/wordpress\/wp-content\/uploads\/2022\/03\/Piazza_Poesia_2-150x150.jpg\" class=\"attachment-thumbnail size-thumbnail\" alt=\"\" \/><\/a>\n\t\t\t\t<\/dt><\/dl><br style=\"clear: both\" \/>\n\t\t\t<\/div>\n\n<p>&nbsp;<\/p>\n<p>***<\/p>\n","protected":false},"excerpt":{"rendered":"<p>PONTE NELLE ALPI\u00a0 \u00c8 stata inaugurata la Piazza della Poesia: il nuovo spazio di socialit\u00e0\u00a0 davanti alla Biblioteca civica. E&#8217; stata scoperta una stele con una frase di Italo Calvino \u00abLa poesia \u00e8 l&#8217;arte di far entrare il mare in un bicchiere\u00bb in una data ricca di spunti, significati e simbologie perch\u00e9 il 21 marzo&hellip;<\/p>\n","protected":false},"author":4,"featured_media":266003,"comment_status":"closed","ping_status":"closed","sticky":false,"template":"","format":"standard","meta":{"_monsterinsights_skip_tracking":false,"_monsterinsights_sitenote_active":false,"_monsterinsights_sitenote_note":"","_monsterinsights_sitenote_category":0,"footnotes":""},"categories":[51,49],"tags":[],"class_list":["post-266004","post","type-post","status-publish","format-standard","has-post-thumbnail","hentry","category-evidenza-top","category-news-18","category-51","category-49","description-off"],"img_url":"https:\/\/www.radiopiu.net\/wordpress\/wp-content\/uploads\/2022\/03\/Piazza_Poesia_1.jpg","_links":{"self":[{"href":"https:\/\/www.radiopiu.net\/wordpress\/wp-json\/wp\/v2\/posts\/266004","targetHints":{"allow":["GET"]}}],"collection":[{"href":"https:\/\/www.radiopiu.net\/wordpress\/wp-json\/wp\/v2\/posts"}],"about":[{"href":"https:\/\/www.radiopiu.net\/wordpress\/wp-json\/wp\/v2\/types\/post"}],"author":[{"embeddable":true,"href":"https:\/\/www.radiopiu.net\/wordpress\/wp-json\/wp\/v2\/users\/4"}],"replies":[{"embeddable":true,"href":"https:\/\/www.radiopiu.net\/wordpress\/wp-json\/wp\/v2\/comments?post=266004"}],"version-history":[{"count":0,"href":"https:\/\/www.radiopiu.net\/wordpress\/wp-json\/wp\/v2\/posts\/266004\/revisions"}],"wp:featuredmedia":[{"embeddable":true,"href":"https:\/\/www.radiopiu.net\/wordpress\/wp-json\/wp\/v2\/media\/266003"}],"wp:attachment":[{"href":"https:\/\/www.radiopiu.net\/wordpress\/wp-json\/wp\/v2\/media?parent=266004"}],"wp:term":[{"taxonomy":"category","embeddable":true,"href":"https:\/\/www.radiopiu.net\/wordpress\/wp-json\/wp\/v2\/categories?post=266004"},{"taxonomy":"post_tag","embeddable":true,"href":"https:\/\/www.radiopiu.net\/wordpress\/wp-json\/wp\/v2\/tags?post=266004"}],"curies":[{"name":"wp","href":"https:\/\/api.w.org\/{rel}","templated":true}]}}