{"id":266139,"date":"2022-03-23T05:54:17","date_gmt":"2022-03-23T04:54:17","guid":{"rendered":"https:\/\/www.radiopiu.net\/wordpress\/?p=266139"},"modified":"2022-03-23T09:53:44","modified_gmt":"2022-03-23T08:53:44","slug":"giornale-radiopiu-23-marzo-2022-direttore-mirko-mezzacasa","status":"publish","type":"post","link":"https:\/\/www.radiopiu.net\/wordpress\/giornale-radiopiu-23-marzo-2022-direttore-mirko-mezzacasa\/","title":{"rendered":"GIORNALE RADIOPIU 23 MARZO 2022 DIRETTORE MIRKO MEZZACASA"},"content":{"rendered":"<h3 class=\"kvgmc6g5 cxmmr5t8 oygrvhab hcukyx3x c1et5uql\"><span style=\"color: #0000ff;\"><strong>INFORMAZIONE il canale su TELEGRAM informazione di prima\u00a0 <\/strong><\/span><span style=\"color: #0000ff;\"><strong>mano e in tempo reale. iscriviti ed aiutaci a farlo conoscere<\/strong><\/span><\/h3>\n<p>&nbsp;<\/p>\n<hr \/>\n<p>&nbsp;<\/p>\n<blockquote>\n<h3>AIUTI ALL&#8217;UCRAINA FINO A CERNIHIV<\/h3>\n<\/blockquote>\n<p><strong class=\"photoswipe-wrapper\">CANALE D\u2019AGORDO<\/strong> campagna di aiuto alla popolazione ucraina anche in Agordino. Nella sala consigliare di Canale D\u2019Agordo\u00a0 TUTTI I GIORNI dalle 9 alle 19.<\/p>\n<p>Ieri la bella notizia: dopo tanto tempo finalmente gli aiuti sono finiti in uno dei punti pi\u00f9 problematici nella citt\u00e0 di Chernihiv.<\/p>\n\n\t\t\t<style type='text\/css'>\n\t\t\t\t#gallery-1 {\n\t\t\t\t\tmargin: auto;\n\t\t\t\t}\n\t\t\t\t#gallery-1 .gallery-item {\n\t\t\t\t\tfloat: left;\n\t\t\t\t\tmargin-top: 10px;\n\t\t\t\t\ttext-align: center;\n\t\t\t\t\twidth: 20%;\n\t\t\t\t}\n\t\t\t\t#gallery-1 img {\n\t\t\t\t\tborder: 2px solid #cfcfcf;\n\t\t\t\t}\n\t\t\t\t#gallery-1 .gallery-caption {\n\t\t\t\t\tmargin-left: 0;\n\t\t\t\t}\n\t\t\t\t\/* see gallery_shortcode() in wp-includes\/media.php *\/\n\t\t\t<\/style>\n\t\t<div id='gallery-1' class='dt-gallery-container gallery galleryid-266139 gallery-columns-5 gallery-size-thumbnail'><dl class='gallery-item'>\n\t\t\t\t<dt class='gallery-icon portrait'>\n\t\t\t\t\t<a class=\"rollover rollover-zoom dt-pswp-item\" title=\"8d3d847a-12c7-4629-8705-0cf3b45d9621\" data-dt-img-description=\"\" data-large_image_width=\"651\" data-large_image_height=\"1156\"href='https:\/\/www.radiopiu.net\/wordpress\/wp-content\/uploads\/2022\/03\/8d3d847a-12c7-4629-8705-0cf3b45d9621.jpg'><img loading=\"lazy\" decoding=\"async\" width=\"150\" height=\"150\" src=\"https:\/\/www.radiopiu.net\/wordpress\/wp-content\/uploads\/2022\/03\/8d3d847a-12c7-4629-8705-0cf3b45d9621-150x150.jpg\" class=\"attachment-thumbnail size-thumbnail\" alt=\"\" \/><\/a>\n\t\t\t\t<\/dt><\/dl><dl class='gallery-item'>\n\t\t\t\t<dt class='gallery-icon portrait'>\n\t\t\t\t\t<a class=\"rollover rollover-zoom dt-pswp-item\" title=\"c1ec0ef2-5213-425b-b145-a30460bd5535\" data-dt-img-description=\"\" data-large_image_width=\"1200\" data-large_image_height=\"1600\"href='https:\/\/www.radiopiu.net\/wordpress\/wp-content\/uploads\/2022\/03\/c1ec0ef2-5213-425b-b145-a30460bd5535.jpg'><img loading=\"lazy\" decoding=\"async\" width=\"150\" height=\"150\" src=\"https:\/\/www.radiopiu.net\/wordpress\/wp-content\/uploads\/2022\/03\/c1ec0ef2-5213-425b-b145-a30460bd5535-150x150.jpg\" class=\"attachment-thumbnail size-thumbnail\" alt=\"\" \/><\/a>\n\t\t\t\t<\/dt><\/dl><dl class='gallery-item'>\n\t\t\t\t<dt class='gallery-icon landscape'>\n\t\t\t\t\t<a class=\"rollover rollover-zoom dt-pswp-item\" title=\"2b49fee5-aa3e-473a-a541-38a4e8cc9656\" data-dt-img-description=\"\" data-large_image_width=\"1156\" data-large_image_height=\"651\"href='https:\/\/www.radiopiu.net\/wordpress\/wp-content\/uploads\/2022\/03\/2b49fee5-aa3e-473a-a541-38a4e8cc9656.jpg'><img loading=\"lazy\" decoding=\"async\" width=\"150\" height=\"150\" src=\"https:\/\/www.radiopiu.net\/wordpress\/wp-content\/uploads\/2022\/03\/2b49fee5-aa3e-473a-a541-38a4e8cc9656-150x150.jpg\" class=\"attachment-thumbnail size-thumbnail\" alt=\"\" \/><\/a>\n\t\t\t\t<\/dt><\/dl><dl class='gallery-item'>\n\t\t\t\t<dt class='gallery-icon portrait'>\n\t\t\t\t\t<a class=\"rollover rollover-zoom dt-pswp-item\" title=\"5a818ad1-ad82-48bc-a1c8-400652ef7c33\" data-dt-img-description=\"\" data-large_image_width=\"651\" data-large_image_height=\"1156\"href='https:\/\/www.radiopiu.net\/wordpress\/wp-content\/uploads\/2022\/03\/5a818ad1-ad82-48bc-a1c8-400652ef7c33.jpg'><img loading=\"lazy\" decoding=\"async\" width=\"150\" height=\"150\" src=\"https:\/\/www.radiopiu.net\/wordpress\/wp-content\/uploads\/2022\/03\/5a818ad1-ad82-48bc-a1c8-400652ef7c33-150x150.jpg\" class=\"attachment-thumbnail size-thumbnail\" alt=\"\" \/><\/a>\n\t\t\t\t<\/dt><\/dl><dl class='gallery-item'>\n\t\t\t\t<dt class='gallery-icon portrait'>\n\t\t\t\t\t<a class=\"rollover rollover-zoom dt-pswp-item\" title=\"5e28d035-609c-4e82-9a29-60ca5aecedfd\" data-dt-img-description=\"\" data-large_image_width=\"651\" data-large_image_height=\"1156\"href='https:\/\/www.radiopiu.net\/wordpress\/wp-content\/uploads\/2022\/03\/5e28d035-609c-4e82-9a29-60ca5aecedfd.jpg'><img loading=\"lazy\" decoding=\"async\" width=\"150\" height=\"150\" src=\"https:\/\/www.radiopiu.net\/wordpress\/wp-content\/uploads\/2022\/03\/5e28d035-609c-4e82-9a29-60ca5aecedfd-150x150.jpg\" class=\"attachment-thumbnail size-thumbnail\" alt=\"\" \/><\/a>\n\t\t\t\t<\/dt><\/dl><br style=\"clear: both\" \/>\n\t\t\t<\/div>\n\n<p>&nbsp;<\/p>\n<p>&nbsp;<\/p>\n<p><strong><a class=\"dt-pswp-item\" href=\"https:\/\/www.radiopiu.net\/wordpress\/wp-content\/uploads\/2022\/03\/276306402_10159610689548608_8884903356596591284_n.jpg\" data-dt-img-description=\"\" data-large_image_width=\"810\" data-large_image_height=\"540\"><img loading=\"lazy\" decoding=\"async\" class=\"wp-image-266290 alignleft\" src=\"https:\/\/www.radiopiu.net\/wordpress\/wp-content\/uploads\/2022\/03\/276306402_10159610689548608_8884903356596591284_n-300x200.jpg\" alt=\"\" width=\"191\" height=\"127\" srcset=\"https:\/\/www.radiopiu.net\/wordpress\/wp-content\/uploads\/2022\/03\/276306402_10159610689548608_8884903356596591284_n-300x200.jpg 300w, https:\/\/www.radiopiu.net\/wordpress\/wp-content\/uploads\/2022\/03\/276306402_10159610689548608_8884903356596591284_n-768x512.jpg 768w, https:\/\/www.radiopiu.net\/wordpress\/wp-content\/uploads\/2022\/03\/276306402_10159610689548608_8884903356596591284_n.jpg 810w\" sizes=\"auto, (max-width: 191px) 100vw, 191px\" \/><\/a>LA BRUTTA NOTIZIA<\/strong>: <em>\u00abRingrazio di cuore il signor Putin che, nell&#8217;ambito di quella che definisce un&#8217;operazione speciale in Ucraina, ha fatto saltare per aria la casa di mia moglie e di mia suocera. Davvero un nobile gesto<\/em>\u00bb. \u00c8 il messaggio lanciato sui social da Loris Serafini, direttore del museo papa Luciani. Lui \u00e8 sposato da vari a Inna Maslovska di nazionalit\u00e0 ucraina nata a Chernihiv. La casa fortunatamente in quel momento del bombardamento non era abitata da nessuno perch\u00e9 sia la nonna di Inna, Nina di 78 anni che la zia e i cugini l&#8217;avevano gi\u00e0 da tempo abbandonata. <span class=\"d2edcug0 hpfvmrgz qv66sw1b c1et5uql lr9zc1uh a8c37x1j fe6kdd0r mau55g9w c8b282yb keod5gw0 nxhoafnm aigsh9s9 d3f4x2em iv3no6db jq4qci2q a3bd9o3v b1v8xokw oo9gr5id hzawbc8m\" dir=\"auto\">(L&#8217;immagine \u00e8 riferita alle distruzioni avvenute nella citt\u00e0 di mia moglie, poich\u00e9 la foto precisa della casa distrutta non ci \u00e8 stata ancora inviata)<\/span><\/p>\n<p>&nbsp;<\/p>\n<p>&nbsp;<\/p>\n<hr \/>\n<p>&nbsp;<\/p>\n<p><strong><a class=\"dt-pswp-item\" href=\"https:\/\/www.radiopiu.net\/wordpress\/wp-content\/uploads\/2022\/03\/275724274_1104582896993944_9153074092240644627_n.jpg\" data-dt-img-description=\"\" data-large_image_width=\"526\" data-large_image_height=\"770\"><img loading=\"lazy\" decoding=\"async\" class=\" wp-image-264655 alignleft\" src=\"https:\/\/www.radiopiu.net\/wordpress\/wp-content\/uploads\/2022\/03\/275724274_1104582896993944_9153074092240644627_n-205x300.jpg\" alt=\"\" width=\"97\" height=\"141\" srcset=\"https:\/\/www.radiopiu.net\/wordpress\/wp-content\/uploads\/2022\/03\/275724274_1104582896993944_9153074092240644627_n-205x300.jpg 205w, https:\/\/www.radiopiu.net\/wordpress\/wp-content\/uploads\/2022\/03\/275724274_1104582896993944_9153074092240644627_n.jpg 526w\" sizes=\"auto, (max-width: 97px) 100vw, 97px\" \/><\/a><\/strong><\/p>\n<p>&nbsp;<\/p>\n<blockquote>\n<h3>UN UOVO DI PASQUA PER L\u2019UCRAINA<\/h3>\n<\/blockquote>\n<p><strong>BELLUNO<\/strong> Quest\u2019anno i Cori della provincia di Belluno capitanati dalla Corale di Limana si sono uniti per dar vita ad un progetto davvero unico e ambizioso, realizzare un uovo di cioccolato al latte da vendere per beneficenza. Sono gi\u00e0 aperte le prenotazioni dell\u2019uovo chiamando o inviando un messaggio Whatsapp al numero 3283847717. Chiusura delle prenotazioni giorno 25 Marzo 2022<\/p>\n<p>&nbsp;<\/p>\n<hr \/>\n<p>&nbsp;<\/p>\n<blockquote>\n<h3>DAI PIU&#8217; PICCOLI: 80 SI AD UN MONDO COLORATO DI PACE<\/h3>\n<p><em><strong><a class=\"dt-pswp-item\" href=\"https:\/\/www.radiopiu.net\/wordpress\/wp-content\/uploads\/2022\/03\/ff756395-1611-47f4-ac9d-21b3a3454b54.jpg\" data-dt-img-description=\"\" data-large_image_width=\"1024\" data-large_image_height=\"803\"><img loading=\"lazy\" decoding=\"async\" class=\" wp-image-266302 alignleft\" src=\"https:\/\/www.radiopiu.net\/wordpress\/wp-content\/uploads\/2022\/03\/ff756395-1611-47f4-ac9d-21b3a3454b54-300x235.jpg\" alt=\"\" width=\"283\" height=\"222\" srcset=\"https:\/\/www.radiopiu.net\/wordpress\/wp-content\/uploads\/2022\/03\/ff756395-1611-47f4-ac9d-21b3a3454b54-300x235.jpg 300w, https:\/\/www.radiopiu.net\/wordpress\/wp-content\/uploads\/2022\/03\/ff756395-1611-47f4-ac9d-21b3a3454b54-768x602.jpg 768w, https:\/\/www.radiopiu.net\/wordpress\/wp-content\/uploads\/2022\/03\/ff756395-1611-47f4-ac9d-21b3a3454b54.jpg 1024w\" sizes=\"auto, (max-width: 283px) 100vw, 283px\" \/><\/a>\u201cDa qualche parte oltre l\u2019arcobaleno, il cielo \u00e8 azzurro e i sogni impossibili diventano realt\u00e0\u201d &#x1f308;<\/strong><\/em><\/p><\/blockquote>\n<p><strong>AGORDO<\/strong>\u00a0 I bambini della scuola materna, sotto la guida delle insegnanti, hanno realizzato un lavoro bellissimo, fatto con il cuore, il messaggio <em>&#8220;Anche noi bambini della scuola dell\u2019infanzia di Agordo vogliamo dire il nostro NO alla guerra! Lo facciamo con questo allegro arcobaleno che rappresenta anche tutte le nostre sezioni contrassegnate da un animaletto, ognuno di noi ha dipinto il proprio e le maestre hanno finito l\u2019opera aggiungendo il nome di tutti:<\/em> 80\u00a0 si ad un mondo colorato di pace.<\/p>\n<p>&nbsp;<\/p>\n<p>&nbsp;<\/p>\n<hr \/>\n<p>&nbsp;<\/p>\n<blockquote>\n<h3>LONGARONE-ZOLDO: STRADA CHIUSA PER INCENDIO<\/h3>\n<\/blockquote>\n<p><strong>LONGARONE<\/strong> Altro Incendio sul versante della Sp 251 \u201cdella Val Zoldana e Val Cellina\u201d sempre in comune di Longarone. La strada per motivi di sicurezza \u00e8 stata chiusa al traffico nel tratto tra Soffranco e Igne. L\u2019incendio si sta sviluppando circa 300 metri pi\u00f9 avanti dell\u2019ultima volta verso Zoldo. <a class=\"oajrlxb2 g5ia77u1 qu0x051f esr5mh6w e9989ue4 r7d6kgcz rq0escxv nhd2j8a9 nc684nl6 p7hjln8o kvgmc6g5 cxmmr5t8 oygrvhab hcukyx3x jb3vyjys rz4wbd8a qt6c0cv9 a8nywdso i1ao9s8h esuyzwwr f1sip0of lzcic4wl gpro0wi8 q66pz984 b1v8xokw\" tabindex=\"0\" role=\"link\" href=\"https:\/\/www.facebook.com\/RegionedelVeneto?__cft__[0]=AZXwNDNncdbkDZAGYiJbvnJr_F_SMW0BxDIz52aehjEEWKcLF16bLtgAFAzNLGEOL_oMERwpU2BAaJOhYOofvvLaLdJm4Cu0E8EdlyhrJaTUQi97AXDEToZKzTJfQkjvRgu-ZnCSt9lT-5oFu6_ZYKbJ&amp;__tn__=-]K-R\"><span class=\"nc684nl6\">Regione del Veneto<\/span><\/a> <a class=\"oajrlxb2 g5ia77u1 qu0x051f esr5mh6w e9989ue4 r7d6kgcz rq0escxv nhd2j8a9 nc684nl6 p7hjln8o kvgmc6g5 cxmmr5t8 oygrvhab hcukyx3x jb3vyjys rz4wbd8a qt6c0cv9 a8nywdso i1ao9s8h esuyzwwr f1sip0of lzcic4wl gpro0wi8 q66pz984 b1v8xokw\" tabindex=\"0\" role=\"link\" href=\"https:\/\/www.facebook.com\/ProvinciaDiBelluno?__cft__[0]=AZXwNDNncdbkDZAGYiJbvnJr_F_SMW0BxDIz52aehjEEWKcLF16bLtgAFAzNLGEOL_oMERwpU2BAaJOhYOofvvLaLdJm4Cu0E8EdlyhrJaTUQi97AXDEToZKzTJfQkjvRgu-ZnCSt9lT-5oFu6_ZYKbJ&amp;__tn__=-]K-R\"><span class=\"nc684nl6\">Provincia Di Belluno<\/span><\/a><\/p>\n<p><strong>ASSESSORE GIANPAOLO BOTTACIN:<\/strong> Incendio Soffranco, vigili del fuoco nei pressi di abitazione con tre residenti. Oggi\u00a0 prima delle 7 saremo sul posto con squadre regionali e volontari di protezione civile per verifica situazione, preallertato elicottero.<\/p>\n<p>&nbsp;<\/p>\n\n\t\t\t<style type='text\/css'>\n\t\t\t\t#gallery-2 {\n\t\t\t\t\tmargin: auto;\n\t\t\t\t}\n\t\t\t\t#gallery-2 .gallery-item {\n\t\t\t\t\tfloat: left;\n\t\t\t\t\tmargin-top: 10px;\n\t\t\t\t\ttext-align: center;\n\t\t\t\t\twidth: 50%;\n\t\t\t\t}\n\t\t\t\t#gallery-2 img {\n\t\t\t\t\tborder: 2px solid #cfcfcf;\n\t\t\t\t}\n\t\t\t\t#gallery-2 .gallery-caption {\n\t\t\t\t\tmargin-left: 0;\n\t\t\t\t}\n\t\t\t\t\/* see gallery_shortcode() in wp-includes\/media.php *\/\n\t\t\t<\/style>\n\t\t<div id='gallery-2' class='dt-gallery-container gallery galleryid-266139 gallery-columns-2 gallery-size-thumbnail'><dl class='gallery-item'>\n\t\t\t\t<dt class='gallery-icon portrait'>\n\t\t\t\t\t<a class=\"rollover rollover-zoom dt-pswp-item\" title=\"95fa3071-d892-4ff0-b7aa-169743feef72\" data-dt-img-description=\"\" data-large_image_width=\"1200\" data-large_image_height=\"1599\"href='https:\/\/www.radiopiu.net\/wordpress\/wp-content\/uploads\/2022\/03\/95fa3071-d892-4ff0-b7aa-169743feef72.jpg'><img loading=\"lazy\" decoding=\"async\" width=\"150\" height=\"150\" src=\"https:\/\/www.radiopiu.net\/wordpress\/wp-content\/uploads\/2022\/03\/95fa3071-d892-4ff0-b7aa-169743feef72-150x150.jpg\" class=\"attachment-thumbnail size-thumbnail\" alt=\"\" \/><\/a>\n\t\t\t\t<\/dt><\/dl><dl class='gallery-item'>\n\t\t\t\t<dt class='gallery-icon portrait'>\n\t\t\t\t\t<a class=\"rollover rollover-zoom dt-pswp-item\" title=\"f031630a-7c43-4e37-99c3-6c2060a35cd7\" data-dt-img-description=\"\" data-large_image_width=\"1200\" data-large_image_height=\"1599\"href='https:\/\/www.radiopiu.net\/wordpress\/wp-content\/uploads\/2022\/03\/f031630a-7c43-4e37-99c3-6c2060a35cd7.jpg'><img loading=\"lazy\" decoding=\"async\" width=\"150\" height=\"150\" src=\"https:\/\/www.radiopiu.net\/wordpress\/wp-content\/uploads\/2022\/03\/f031630a-7c43-4e37-99c3-6c2060a35cd7-150x150.jpg\" class=\"attachment-thumbnail size-thumbnail\" alt=\"\" \/><\/a>\n\t\t\t\t<\/dt><\/dl><br style=\"clear: both\" \/><dl class='gallery-item'>\n\t\t\t\t<dt class='gallery-icon portrait'>\n\t\t\t\t\t<a class=\"rollover rollover-zoom dt-pswp-item\" title=\"e8d6226d-6fd9-445b-ab25-0059119478b5\" data-dt-img-description=\"\" data-large_image_width=\"1200\" data-large_image_height=\"1599\"href='https:\/\/www.radiopiu.net\/wordpress\/wp-content\/uploads\/2022\/03\/e8d6226d-6fd9-445b-ab25-0059119478b5.jpg'><img loading=\"lazy\" decoding=\"async\" width=\"150\" height=\"150\" src=\"https:\/\/www.radiopiu.net\/wordpress\/wp-content\/uploads\/2022\/03\/e8d6226d-6fd9-445b-ab25-0059119478b5-150x150.jpg\" class=\"attachment-thumbnail size-thumbnail\" alt=\"\" \/><\/a>\n\t\t\t\t<\/dt><\/dl><dl class='gallery-item'>\n\t\t\t\t<dt class='gallery-icon portrait'>\n\t\t\t\t\t<a class=\"rollover rollover-zoom dt-pswp-item\" title=\"d38684ae-289b-46f5-b69b-99e66b684f3e\" data-dt-img-description=\"\" data-large_image_width=\"1200\" data-large_image_height=\"1599\"href='https:\/\/www.radiopiu.net\/wordpress\/wp-content\/uploads\/2022\/03\/d38684ae-289b-46f5-b69b-99e66b684f3e.jpg'><img loading=\"lazy\" decoding=\"async\" width=\"150\" height=\"150\" src=\"https:\/\/www.radiopiu.net\/wordpress\/wp-content\/uploads\/2022\/03\/d38684ae-289b-46f5-b69b-99e66b684f3e-150x150.jpg\" class=\"attachment-thumbnail size-thumbnail\" alt=\"\" \/><\/a>\n\t\t\t\t<\/dt><\/dl><br style=\"clear: both\" \/>\n\t\t\t<\/div>\n\n<p>&nbsp;<\/p>\n<p>&nbsp;<\/p>\n<hr \/>\n<blockquote>\n<h3>LUTTO IN TERRITORIO FODOM, E&#8217; MANCATO GIANNI PEZZEI<\/h3>\n<\/blockquote>\n<blockquote>\n<h3><img loading=\"lazy\" decoding=\"async\" class=\"alignleft\" src=\"https:\/\/www.radiopiu.net\/wordpress\/wp-content\/uploads\/2022\/03\/DSCF3234.jpg\" width=\"245\" height=\"184\" \/>LUTTO IN TERRITORIO FODOM, E&#8217; MANCATO GIANNI PEZZEI<\/h3>\n<\/blockquote>\n<p><strong>LIVINALLONGO<\/strong> Gianni Pezzei non c&#8217;\u00e8 pi\u00f9, ne d\u00e0 notizia il sindaco di Livinallongo Leandro Grones. L&#8217;apprezzato artista Fodom era nato il 30 luglio del 1951 a Livin\u00e8 di Livinallongo. Un passato da insegnante, professore per tanti studenti,\u00a0 amministratore, gi\u00e0 sindaco del paese con importanti incarichi anche in Provincia. Lo scorso luglio in occasione del 70 anni con Renato Bona avevamo dedicato una pagina all&#8217;artista di Livinallongo che qui riproponiamo con un abbraccio a chi resta.<\/p>\n<p>&nbsp;<\/p>\n<p><strong>di LORENZO SORATROI<\/strong><\/p>\n<audio class=\"wp-audio-shortcode\" id=\"audio-266139-1\" preload=\"none\" style=\"width: 100%;\" controls=\"controls\"><source type=\"audio\/mpeg\" src=\"https:\/\/www.radiopiu.net\/wordpress\/wp-content\/uploads\/2022\/03\/lorenzo.mp3?_=1\" \/><a href=\"https:\/\/www.radiopiu.net\/wordpress\/wp-content\/uploads\/2022\/03\/lorenzo.mp3\">https:\/\/www.radiopiu.net\/wordpress\/wp-content\/uploads\/2022\/03\/lorenzo.mp3<\/a><\/audio>\n<p><a class=\"dt-pswp-item\" href=\"https:\/\/www.radiopiu.net\/wordpress\/wp-content\/uploads\/2022\/03\/e5175f12-1fd1-4a9c-bc06-465600f8dd57.jpg\" data-dt-img-description=\"\" data-large_image_width=\"387\" data-large_image_height=\"502\"><img loading=\"lazy\" decoding=\"async\" class=\"size-medium wp-image-266313 aligncenter\" src=\"https:\/\/www.radiopiu.net\/wordpress\/wp-content\/uploads\/2022\/03\/e5175f12-1fd1-4a9c-bc06-465600f8dd57-231x300.jpg\" alt=\"\" width=\"231\" height=\"300\" srcset=\"https:\/\/www.radiopiu.net\/wordpress\/wp-content\/uploads\/2022\/03\/e5175f12-1fd1-4a9c-bc06-465600f8dd57-231x300.jpg 231w, https:\/\/www.radiopiu.net\/wordpress\/wp-content\/uploads\/2022\/03\/e5175f12-1fd1-4a9c-bc06-465600f8dd57.jpg 387w\" sizes=\"auto, (max-width: 231px) 100vw, 231px\" \/><\/a><\/p>\n<p><strong>NOTIZIARIO, EDIZIONE SPECIALE DELLE 15.30, CON IL SINDACO DI LIVINALLONGO LEANDRO GRONES.<\/strong><\/p>\n<audio class=\"wp-audio-shortcode\" id=\"audio-266139-2\" preload=\"none\" style=\"width: 100%;\" controls=\"controls\"><source type=\"audio\/mpeg\" src=\"https:\/\/www.radiopiu.net\/wordpress\/wp-content\/uploads\/2022\/03\/LEANDRO.mp3?_=2\" \/><a href=\"https:\/\/www.radiopiu.net\/wordpress\/wp-content\/uploads\/2022\/03\/LEANDRO.mp3\">https:\/\/www.radiopiu.net\/wordpress\/wp-content\/uploads\/2022\/03\/LEANDRO.mp3<\/a><\/audio>\n<p>&nbsp;<\/p>\n<p><strong>IL CONSIGLIERE REGIONALE SILVIA CESTARO<\/strong><\/p>\n<audio class=\"wp-audio-shortcode\" id=\"audio-266139-3\" preload=\"none\" style=\"width: 100%;\" controls=\"controls\"><source type=\"audio\/mpeg\" src=\"https:\/\/www.radiopiu.net\/wordpress\/wp-content\/uploads\/2022\/03\/SILVIA-AA.mp3?_=3\" \/><a href=\"https:\/\/www.radiopiu.net\/wordpress\/wp-content\/uploads\/2022\/03\/SILVIA-AA.mp3\">https:\/\/www.radiopiu.net\/wordpress\/wp-content\/uploads\/2022\/03\/SILVIA-AA.mp3<\/a><\/audio>\n<p>&nbsp;<\/p>\n<p><strong>IL RICORDO DI DARIO BOND\u00a0<\/strong><\/p>\n<audio class=\"wp-audio-shortcode\" id=\"audio-266139-4\" preload=\"none\" style=\"width: 100%;\" controls=\"controls\"><source type=\"audio\/mpeg\" src=\"https:\/\/www.radiopiu.net\/wordpress\/wp-content\/uploads\/2022\/03\/dario-gianni.mp3?_=4\" \/><a href=\"https:\/\/www.radiopiu.net\/wordpress\/wp-content\/uploads\/2022\/03\/dario-gianni.mp3\">https:\/\/www.radiopiu.net\/wordpress\/wp-content\/uploads\/2022\/03\/dario-gianni.mp3<\/a><\/audio>\n<p>&nbsp;<\/p>\n<blockquote>\n<h3>GIANNI PEZZEI LO SCULTORE E PITTORE FODOM TAGLIA OGGI ILTRAGUARDO DEI SETTANT\u2019ANNI<\/h3>\n<\/blockquote>\n\n\t\t\t<style type='text\/css'>\n\t\t\t\t#gallery-3 {\n\t\t\t\t\tmargin: auto;\n\t\t\t\t}\n\t\t\t\t#gallery-3 .gallery-item {\n\t\t\t\t\tfloat: left;\n\t\t\t\t\tmargin-top: 10px;\n\t\t\t\t\ttext-align: center;\n\t\t\t\t\twidth: 33%;\n\t\t\t\t}\n\t\t\t\t#gallery-3 img {\n\t\t\t\t\tborder: 2px solid #cfcfcf;\n\t\t\t\t}\n\t\t\t\t#gallery-3 .gallery-caption {\n\t\t\t\t\tmargin-left: 0;\n\t\t\t\t}\n\t\t\t\t\/* see gallery_shortcode() in wp-includes\/media.php *\/\n\t\t\t<\/style>\n\t\t<div id='gallery-3' class='dt-gallery-container gallery galleryid-266139 gallery-columns-3 gallery-size-thumbnail'><dl class='gallery-item'>\n\t\t\t\t<dt class='gallery-icon portrait'>\n\t\t\t\t\t<a class=\"rollover rollover-zoom dt-pswp-item\" title=\"222369294_1151746708667593_9105908463109268984_n\" data-dt-img-description=\"\" data-large_image_width=\"109\" data-large_image_height=\"186\"href='https:\/\/www.radiopiu.net\/wordpress\/wp-content\/uploads\/2021\/07\/222369294_1151746708667593_9105908463109268984_n.jpg'><img loading=\"lazy\" decoding=\"async\" width=\"109\" height=\"150\" src=\"https:\/\/www.radiopiu.net\/wordpress\/wp-content\/uploads\/2021\/07\/222369294_1151746708667593_9105908463109268984_n-109x150.jpg\" class=\"attachment-thumbnail size-thumbnail\" alt=\"\" \/><\/a>\n\t\t\t\t<\/dt><\/dl><dl class='gallery-item'>\n\t\t\t\t<dt class='gallery-icon portrait'>\n\t\t\t\t\t<a class=\"rollover rollover-zoom dt-pswp-item\" title=\"223069864_141440291458914_780282711389656120_n\" data-dt-img-description=\"\" data-large_image_width=\"152\" data-large_image_height=\"206\"href='https:\/\/www.radiopiu.net\/wordpress\/wp-content\/uploads\/2021\/07\/223069864_141440291458914_780282711389656120_n.jpg'><img loading=\"lazy\" decoding=\"async\" width=\"150\" height=\"150\" src=\"https:\/\/www.radiopiu.net\/wordpress\/wp-content\/uploads\/2021\/07\/223069864_141440291458914_780282711389656120_n-150x150.jpg\" class=\"attachment-thumbnail size-thumbnail\" alt=\"\" \/><\/a>\n\t\t\t\t<\/dt><\/dl><dl class='gallery-item'>\n\t\t\t\t<dt class='gallery-icon portrait'>\n\t\t\t\t\t<a class=\"rollover rollover-zoom dt-pswp-item\" title=\"225216870_550411689421436_81576323355621556_n\" data-dt-img-description=\"\" data-large_image_width=\"202\" data-large_image_height=\"206\"href='https:\/\/www.radiopiu.net\/wordpress\/wp-content\/uploads\/2021\/07\/225216870_550411689421436_81576323355621556_n.png'><img loading=\"lazy\" decoding=\"async\" width=\"150\" height=\"150\" src=\"https:\/\/www.radiopiu.net\/wordpress\/wp-content\/uploads\/2021\/07\/225216870_550411689421436_81576323355621556_n-150x150.png\" class=\"attachment-thumbnail size-thumbnail\" alt=\"\" \/><\/a>\n\t\t\t\t<\/dt><\/dl><br style=\"clear: both\" \/>\n\t\t\t<\/div>\n\n<p><strong>di\u00a0 RENATO BONA<\/strong><\/p>\n<p><strong>LIVINALLONGO<\/strong> Taglia oggi (augurissimi!) il traguardo dei 70 anni, il caro amico Gianni Pezzei \u201cBai\u00f2l\u201d, apprezzato e noto artista fod\u00f2m, nato il 30 luglio del 1951 a Livin\u00e9 di Livinallongo del Col di Lana (localit\u00e0 a quota 1485, con 43 abitanti secondi i dati ufficiali), comune del quale \u00e8 stato anche sindaco per due volte: dal 9 luglio 1985 al 5 giugno 1990, guidando una maggioranza della Democrazia Cristiana; dal 14 giungo 2004 all\u20198 giugno del 2009 con una Lista civica. Visto il riferimento amministrativo, una piccola parentesi dedicata al Comune per come ne riferisce la libera enciclopedia Wikipedia: \u201cLivinallongo \u00e8 entrato a far parte del Regno d\u2019Italia solo dopo la prima guerra mondiale e successivamente \u00e8 stato inquadrato nella Provincia di Trento. \u00c8 compreso nella nella Provincia di Belluno dal 1923. Nel 1933 il Comune ha cambiato denominazione aggiungendo la specifica \u2018del Col di Lana\u2019 in ricordo degli eventi della grande guerra. Il 28-29 ottobre 2007 si \u00e8 tenuto un referendum consultivo per chiedere che il comune (assieme a quelli di Cortina d\u2019Ampezo e Colle Santa Lucia) fosse distaccato dal Veneto ed aggregato alla Provincia autonoma di Bolzano. Il referendum si \u00e8 contraddistinto per la netta vittoria dei \u2018s\u00ec\u2019 e per il superamento dei due quorum qualificati. Ora il Comune sta seguendo la procedura prevista dalla Costituzione e dalla legge sui referendum\u201d. Giusto l\u2019altro ieri, in occasione di una rapida uscita in Nevegal, mi sono soffermato ancora una volta ad ammirare, fra l\u2019altro, la statua bronzea di Santa Bernardetta, che fa bella mostra di s\u00e9 davanti a quella della Beata Vergine di Lourdes cui \u00e8 intitolato il Santuario del colle bellunese. Ai piedi dell\u2019opera di \u201cBai\u00f2l\u201d una targa marmorea spiega: \u201cImmagine di S. Bernardetta nell\u2019estasi delle apparizioni dono dello scultore Gianni Pezzei e della Parrocchia di Pieve di Livinallongo\u201d. E\u2019 solo uno dei lavori firmati da Gianni Pezzei, autore fra l\u2019altro anche del monumento alla Resistenza di Pian de le Femene in territorio di Limana; del restauro del monumento che Longarone ha dedicato al \u201ccittadino illustre Jacopo Tasso: realizzato ad opera di Urbano Nono ed inaugurato il 10 settembre 1911 venne travolto dal disastro del Vajont del 9 ottobre 1963 e quindi rimesso a nuovo da Pezzei; di quello che a Gosaldo \u00e8 dedicato al seggiolaio: \u00e8 la statua con la quale l\u2019artista fod\u00f2m, che opera con successo anche nel campo della pittura, ha raffigurato un \u201ccontha\u201d all\u2019opera, celebrandone il lavoro. Ma non solo: il vincitore nel 2009 (per dire di uno dei tanti meritati riconoscimenti che gli sono stati attribuiti) del Premio \u201cSanta Maria Maiou\u201d ha firmato, solo per citarne alcune, queste opere: \u201cpittura murale, olio su pergamena, china su pergamena, olio su tela, sciatori (bronzo), 2 chimere (bronzo), Gran Brac\u00f9n (bronzo), il sogno del Gran Brac\u00f9n (bronzo), Spina de mul (bronzo), giocatori di pallacanestro (bronzo), Via Crucis (bronzo dorato), toro rampante (bronzo), toro e guerriero (legno di cirmolo), Madonna dell\u2019inverno (bronzo), cavalieri (bronzo), Via Crucis (legno di cirmolo), Monumento alla madre del partigiano fucilato (bronzo), la slavina (ferro), torso girevole (bronzo), evoluzione di un tuffo (legno di cirmolo), \u2018L Maier da Ciaj\u00e8ra (olio su pergamena), il falconiere (grafite su pergamena) &#8211; cavallieri tartari (olio su pergamena), la colomba v\u00e2rda (olio su pergamena), Salvarie (olio su pergamena), la lum d\u2019Aurona (olio su pergamena), l\u2019ultima Delibana (olio su pergamena), \u2018l Guzam\u00e8l (pergamena), spina de mul (olio su pergamena), Franz Iosef (bronzo), Monumento ai caduti (pietra e bronzo). Concludiamo questa modesta carrellata sul lavoro artistico di un valente scultore e pittore quale \u00e8 Gianni Pezzei (a proposito: rinnovati auguri!) ricordando grazie al sito del Corriere delle Alpi che il nostro amico sindaco-artista il 7 novembre 2005 fu ospite (dalle 8.45 alle 10) della trasmissione \u201cVivere meglio\u201d, condotta da Fabrizio Trecca su Rete4, insieme alle sue opere d&#8217;arte in legno e in bronzo. Il quotidiano bellunese scriveva: \u201cGianni Pezzei non \u00e8 un artigiano del legno come gli altri. E&#8217; in primo luogo un artista. Decine sono le personali di scultura, i premi, le medaglie, i riconoscimenti che ha collezionato dagli anni settanta ad oggi. Ultimo premio \u00e8 il recentissimo &#8216;Arte e lavoro 2005\u2019 che gli verr\u00e0 conferito i primi di novembre a Belluno. Come molteplici sono le sue opere esposte al pubblico tra cui la grande scultura posizionata di fronte al centro valanghe di Arabba (1981), il monumento alle guide alpine di Caprile o il bronzo posto al palazzetto dello sport di Agordo. Pi\u00f9 recentemente, poi, ha realizzato in alluminio la punta del K2 per l&#8217;amico Messner, che l&#8217;ha posta all&#8217;entrata di un suo museo e il cui bozzetto in legno \u00e8 stato oggetto dell&#8217;ammirazione di Trecca durante la trasmissione. Un artista del legno quindi ma non solo. Pezzei \u00e8 anche pittore. Numerosi i suoi murales in tutta la provincia di Belluno come di successo sono i suoi dipinti &#8216;najf&#8221; realizzati con un tecnica tutta personale\u201d. Sono un uomo di montagna &#8211; aveva dichiarato Pezzei durante la trasmissione \u2013 \u201cche ama la montagna e che cerca di onorarla, promuoverla ed esaltarla in tutte le sue forme\u201d. Ecco quindi spiegato il perch\u00e9 di un impegno non solo nell&#8217;arte figurativa ma anche nella societ\u00e0 civile.<\/p>\n<p>&nbsp;<\/p>\n<hr \/>\n<p>&nbsp;<\/p>\n<blockquote>\n<h3><a class=\"dt-pswp-item\" href=\"https:\/\/www.radiopiu.net\/wordpress\/wp-content\/uploads\/2022\/03\/asdasdasdasdasdasd.jpg\" data-dt-img-description=\"\" data-large_image_width=\"113\" data-large_image_height=\"109\"><img loading=\"lazy\" decoding=\"async\" class=\"size-full wp-image-266286 alignleft\" src=\"https:\/\/www.radiopiu.net\/wordpress\/wp-content\/uploads\/2022\/03\/asdasdasdasdasdasd.jpg\" alt=\"\" width=\"113\" height=\"109\" \/><\/a>INFARTO A 58 ANNI, OPERAIO MUORE NEL CANTIERE<\/h3>\n<\/blockquote>\n<p><strong>CHIES D&#8217;ALPAGO<\/strong> Gino Pedol \u00e8 morto in seguito a malore mentre stava lavorando nel cantiere a Chies. Inutile il rapido intervento dei soccorsi arrivati sul posto con l&#8217;elicottero. Abitava nella frazione San Martino. Lascia la compagna Tatiana, il fratello Luciano.<\/p>\n<p>&nbsp;<\/p>\n<p>&nbsp;<\/p>\n<hr \/>\n<p>&nbsp;<\/p>\n<blockquote>\n<h3>TERREMOTO A FREGONA E FINO ALLA VALBELLUNA<\/h3>\n<\/blockquote>\n<p><strong><img loading=\"lazy\" decoding=\"async\" class=\"alignleft\" src=\"https:\/\/www.radiopiu.net\/wordpress\/wp-content\/uploads\/2020\/03\/download-44.jpg\" width=\"193\" height=\"128\" \/>VALBELLUNA\u00a0<\/strong><\/p>\n<p><strong>di\u00a0 DAMIANO TORMEN\u00a0<\/strong><\/p>\n<audio class=\"wp-audio-shortcode\" id=\"audio-266139-5\" preload=\"none\" style=\"width: 100%;\" controls=\"controls\"><source type=\"audio\/mpeg\" src=\"https:\/\/www.radiopiu.net\/wordpress\/wp-content\/uploads\/2022\/03\/DAMIANO-5.mp3?_=5\" \/><a href=\"https:\/\/www.radiopiu.net\/wordpress\/wp-content\/uploads\/2022\/03\/DAMIANO-5.mp3\">https:\/\/www.radiopiu.net\/wordpress\/wp-content\/uploads\/2022\/03\/DAMIANO-5.mp3<\/a><\/audio>\n<p>&nbsp;<\/p>\n<hr \/>\n<p>&nbsp;<\/p>\n<blockquote>\n<h3>\u00a0FORZA &#8220;BOGO&#8221; SIAMO TUTTI CON TE<\/h3>\n<\/blockquote>\n<p><strong><a class=\"dt-pswp-item\" href=\"https:\/\/www.radiopiu.net\/wordpress\/wp-content\/uploads\/2022\/03\/BOGO.jpg\" data-dt-img-description=\"\" data-large_image_width=\"269\" data-large_image_height=\"325\"><img loading=\"lazy\" decoding=\"async\" class=\"wp-image-266282 alignleft\" src=\"https:\/\/www.radiopiu.net\/wordpress\/wp-content\/uploads\/2022\/03\/BOGO-248x300.jpg\" alt=\"\" width=\"155\" height=\"188\" srcset=\"https:\/\/www.radiopiu.net\/wordpress\/wp-content\/uploads\/2022\/03\/BOGO-248x300.jpg 248w, https:\/\/www.radiopiu.net\/wordpress\/wp-content\/uploads\/2022\/03\/BOGO.jpg 269w\" sizes=\"auto, (max-width: 155px) 100vw, 155px\" \/><\/a>PONTE NELLE ALPI<\/strong> Le condizioni di Cristiano Bogo sono stabili. Il ragazzo di Ponte nelle Alpi \u00e8 ricoverato in ospedale dallo scorso 3 marzo dopo l&#8217;incidente stradale, con la moto \u00e8 finito contro\u00a0 un palo della luce a Piaia. Da subito i sanitari di Padova lo hanno sottoposto ad un delicato intervento chirurgico al fegato ed ora \u00e8 in lista di attesa per un trapianto. Serve un donatore compatibile.\u00a0 Le sue condizioni non sono migliorate ma nemmeno peggiorate. La prognosi rimane riservata e le condizioni sono sempre gravi. Domenica i\u00a0 tifosi dello Juve club Belluno &#8220;Pavel Nedved&#8221; gli hanno dedicato uno striscione con la scritta in nero su sfondo bianco &#8220;Forza Bogo la curva \u00e8 con te&#8221;.\u00a0 Anche lui domenica averebbe dovuto essere in curva.<\/p>\n<p>&nbsp;<\/p>\n<p>&nbsp;<\/p>\n<p>&nbsp;<\/p>\n<hr \/>\n<p>&nbsp;<\/p>\n<blockquote>\n<h3>TRADITO DA DONNA E AMICO LO MANDA ALL&#8217;OSPEDALE<\/h3>\n<\/blockquote>\n<p><strong>OGGI SUL CORRIERE DELLE ALPI<\/strong><\/p>\n<p><strong><img loading=\"lazy\" decoding=\"async\" class=\"alignleft\" src=\"https:\/\/www.radiopiu.net\/wordpress\/wp-content\/uploads\/2021\/07\/image-2.jpg\" width=\"261\" height=\"147\" \/>di\u00a0 GIGI SOSSO.<\/strong><\/p>\n<p><strong>PONTE NELLE ALPI<\/strong> Scopre i tradimenti della compagna e picchia&#8230; il suo migliore amico. Un classico. B.D. \u00e8 stato arrestato dai carabinieri, nella notte tra domenica e luned\u00ec, per lesioni personali e resistenza a pubblico ufficiale. Ne avrebbe anche prese dai militari con il manganello d&#8217;ordinanza, del resto era pi\u00f9 inviperito che amareggiato e, in qualche maniera, andava contenuto, perch\u00e9 a quel punto avrebbe fatto una strage. Il 45enne pontalpino \u00e8 stato portato nel carcere di Baldenich e ha avuto bisogno dell&#8217;assistenza dell&#8217;avvocato di fiducia Andrea Rui&#8230;<\/p>\n<p>&nbsp;<\/p>\n<hr \/>\n<p>&nbsp;<\/p>\n<blockquote>\n<h3>SPORT IN COSTITUZIONE, BOND &#8220;INCLUSIONE E BENESSERE, MA ANCHE POSTI DI LAVORO, QUESTO E&#8217; LO SPORT&#8221;<\/h3>\n<\/blockquote>\n<div>\n<p><strong><a class=\"dt-pswp-item\" href=\"https:\/\/www.radiopiu.net\/wordpress\/wp-content\/uploads\/2021\/02\/DARIO-BOND.jpg\" data-dt-img-description=\"\" data-large_image_width=\"1600\" data-large_image_height=\"737\"><img loading=\"lazy\" decoding=\"async\" class=\"wp-image-191054 alignleft\" src=\"https:\/\/www.radiopiu.net\/wordpress\/wp-content\/uploads\/2021\/02\/DARIO-BOND-300x138.jpg\" alt=\"\" width=\"207\" height=\"95\" srcset=\"https:\/\/www.radiopiu.net\/wordpress\/wp-content\/uploads\/2021\/02\/DARIO-BOND-300x138.jpg 300w, https:\/\/www.radiopiu.net\/wordpress\/wp-content\/uploads\/2021\/02\/DARIO-BOND-1024x472.jpg 1024w, https:\/\/www.radiopiu.net\/wordpress\/wp-content\/uploads\/2021\/02\/DARIO-BOND-768x354.jpg 768w, https:\/\/www.radiopiu.net\/wordpress\/wp-content\/uploads\/2021\/02\/DARIO-BOND-1536x708.jpg 1536w, https:\/\/www.radiopiu.net\/wordpress\/wp-content\/uploads\/2021\/02\/DARIO-BOND.jpg 1600w\" sizes=\"auto, (max-width: 207px) 100vw, 207px\" \/><\/a>ROMA<\/strong> \u201cL\u2019attivit\u00e0 sportiva \u00e8 benessere fisico e inclusione sociale, ma rappresenta anche tanti posti di lavoro, oltre che eccellenze del nostro Paese. Bene quindi l\u2019inserimento dello sport in Costituzione\u201d. Cos\u00ec in una nota il deputato Dario Bond, dopo l\u2019approvazione da parte del Senato del ddl di modifica dell\u2019articolo 33 della Carta costituzionale in materia di attivit\u00e0 sportiva.<\/p>\n<p><strong>AUDIO<\/strong><\/p>\n<audio class=\"wp-audio-shortcode\" id=\"audio-266139-6\" preload=\"none\" style=\"width: 100%;\" controls=\"controls\"><source type=\"audio\/mpeg\" src=\"https:\/\/www.radiopiu.net\/wordpress\/wp-content\/uploads\/2022\/03\/dario-1.mp3?_=6\" \/><a href=\"https:\/\/www.radiopiu.net\/wordpress\/wp-content\/uploads\/2022\/03\/dario-1.mp3\">https:\/\/www.radiopiu.net\/wordpress\/wp-content\/uploads\/2022\/03\/dario-1.mp3<\/a><\/audio>\n<p>&nbsp;<\/p>\n<p>&nbsp;<\/p>\n<p>&nbsp;<\/p>\n<\/div>\n<hr \/>\n<p>&nbsp;<\/p>\n<blockquote class=\"wp-embedded-content\" data-secret=\"lUtvkr8UZg\"><p><a href=\"https:\/\/www.radiopiu.net\/wordpress\/ag01marzo2222\/\">CORONAVIRUS: AGGIORNAMENTO NAZIONALE 22 MARZO 2022<\/a><\/p><\/blockquote>\n<p><iframe loading=\"lazy\" class=\"wp-embedded-content\" sandbox=\"allow-scripts\" security=\"restricted\" style=\"position: absolute; clip: rect(1px, 1px, 1px, 1px);\" title=\"&#8220;CORONAVIRUS: AGGIORNAMENTO NAZIONALE 22 MARZO 2022&#8221; &#8212; Radio Pi\u00f9\" src=\"https:\/\/www.radiopiu.net\/wordpress\/ag01marzo2222\/embed\/#?secret=DI3u0nYgf7#?secret=lUtvkr8UZg\" data-secret=\"lUtvkr8UZg\" width=\"600\" height=\"338\" frameborder=\"0\" marginwidth=\"0\" marginheight=\"0\" scrolling=\"no\"><\/iframe><\/p>\n<p>&nbsp;<\/p>\n<p>&nbsp;<\/p>\n<p>&nbsp;<\/p>\n<blockquote class=\"wp-embedded-content\" data-secret=\"xMw5cNHOi3\"><p><a href=\"https:\/\/www.radiopiu.net\/wordpress\/aggmarz22\/\">COVID IN REGIONE, TORNANO A SALIRE RICOVERE E DECESSI<\/a><\/p><\/blockquote>\n<p><iframe loading=\"lazy\" class=\"wp-embedded-content\" sandbox=\"allow-scripts\" security=\"restricted\" style=\"position: absolute; clip: rect(1px, 1px, 1px, 1px);\" title=\"&#8220;COVID IN REGIONE, TORNANO A SALIRE RICOVERE E DECESSI&#8221; &#8212; Radio Pi\u00f9\" src=\"https:\/\/www.radiopiu.net\/wordpress\/aggmarz22\/embed\/#?secret=mZklAbBE08#?secret=xMw5cNHOi3\" data-secret=\"xMw5cNHOi3\" width=\"600\" height=\"338\" frameborder=\"0\" marginwidth=\"0\" marginheight=\"0\" scrolling=\"no\"><\/iframe><\/p>\n<h2 dir=\"auto\">I GRAFICI DI TIZIANO DE COL<\/h2>\n\n\t\t\t<style type='text\/css'>\n\t\t\t\t#gallery-4 {\n\t\t\t\t\tmargin: auto;\n\t\t\t\t}\n\t\t\t\t#gallery-4 .gallery-item {\n\t\t\t\t\tfloat: left;\n\t\t\t\t\tmargin-top: 10px;\n\t\t\t\t\ttext-align: center;\n\t\t\t\t\twidth: 33%;\n\t\t\t\t}\n\t\t\t\t#gallery-4 img {\n\t\t\t\t\tborder: 2px solid #cfcfcf;\n\t\t\t\t}\n\t\t\t\t#gallery-4 .gallery-caption {\n\t\t\t\t\tmargin-left: 0;\n\t\t\t\t}\n\t\t\t\t\/* see gallery_shortcode() in wp-includes\/media.php *\/\n\t\t\t<\/style>\n\t\t<div id='gallery-4' class='dt-gallery-container gallery galleryid-266139 gallery-columns-3 gallery-size-thumbnail'><dl class='gallery-item'>\n\t\t\t\t<dt class='gallery-icon landscape'>\n\t\t\t\t\t<a class=\"rollover rollover-zoom dt-pswp-item\" title=\"7721b046-04f0-4114-9588-d4cbf38a822e\" data-dt-img-description=\"\" data-large_image_width=\"585\" data-large_image_height=\"355\"href='https:\/\/www.radiopiu.net\/wordpress\/wp-content\/uploads\/2022\/03\/7721b046-04f0-4114-9588-d4cbf38a822e.jpg'><img loading=\"lazy\" decoding=\"async\" width=\"150\" height=\"150\" src=\"https:\/\/www.radiopiu.net\/wordpress\/wp-content\/uploads\/2022\/03\/7721b046-04f0-4114-9588-d4cbf38a822e-150x150.jpg\" class=\"attachment-thumbnail size-thumbnail\" alt=\"\" \/><\/a>\n\t\t\t\t<\/dt><\/dl><dl class='gallery-item'>\n\t\t\t\t<dt class='gallery-icon landscape'>\n\t\t\t\t\t<a class=\"rollover rollover-zoom dt-pswp-item\" title=\"a5e4a314-3c22-42a5-b3eb-01f11f24ebff\" data-dt-img-description=\"\" data-large_image_width=\"602\" data-large_image_height=\"355\"href='https:\/\/www.radiopiu.net\/wordpress\/wp-content\/uploads\/2022\/03\/a5e4a314-3c22-42a5-b3eb-01f11f24ebff.jpg'><img loading=\"lazy\" decoding=\"async\" width=\"150\" height=\"150\" src=\"https:\/\/www.radiopiu.net\/wordpress\/wp-content\/uploads\/2022\/03\/a5e4a314-3c22-42a5-b3eb-01f11f24ebff-150x150.jpg\" class=\"attachment-thumbnail size-thumbnail\" alt=\"\" \/><\/a>\n\t\t\t\t<\/dt><\/dl><dl class='gallery-item'>\n\t\t\t\t<dt class='gallery-icon landscape'>\n\t\t\t\t\t<a class=\"rollover rollover-zoom dt-pswp-item\" title=\"9330ed9c-7074-4261-ba25-7bfdad081716\" data-dt-img-description=\"\" data-large_image_width=\"610\" data-large_image_height=\"359\"href='https:\/\/www.radiopiu.net\/wordpress\/wp-content\/uploads\/2022\/03\/9330ed9c-7074-4261-ba25-7bfdad081716.jpg'><img loading=\"lazy\" decoding=\"async\" width=\"150\" height=\"150\" src=\"https:\/\/www.radiopiu.net\/wordpress\/wp-content\/uploads\/2022\/03\/9330ed9c-7074-4261-ba25-7bfdad081716-150x150.jpg\" class=\"attachment-thumbnail size-thumbnail\" alt=\"\" \/><\/a>\n\t\t\t\t<\/dt><\/dl><br style=\"clear: both\" \/><dl class='gallery-item'>\n\t\t\t\t<dt class='gallery-icon landscape'>\n\t\t\t\t\t<a class=\"rollover rollover-zoom dt-pswp-item\" title=\"55f6fe22-cc7f-4042-be1c-1bc08467348f\" data-dt-img-description=\"\" data-large_image_width=\"618\" data-large_image_height=\"355\"href='https:\/\/www.radiopiu.net\/wordpress\/wp-content\/uploads\/2022\/03\/55f6fe22-cc7f-4042-be1c-1bc08467348f.jpg'><img loading=\"lazy\" decoding=\"async\" width=\"150\" height=\"150\" src=\"https:\/\/www.radiopiu.net\/wordpress\/wp-content\/uploads\/2022\/03\/55f6fe22-cc7f-4042-be1c-1bc08467348f-150x150.jpg\" class=\"attachment-thumbnail size-thumbnail\" alt=\"\" \/><\/a>\n\t\t\t\t<\/dt><\/dl><dl class='gallery-item'>\n\t\t\t\t<dt class='gallery-icon landscape'>\n\t\t\t\t\t<a class=\"rollover rollover-zoom dt-pswp-item\" title=\"7ec29896-3115-4921-8a33-a530de562c01\" data-dt-img-description=\"\" data-large_image_width=\"618\" data-large_image_height=\"357\"href='https:\/\/www.radiopiu.net\/wordpress\/wp-content\/uploads\/2022\/03\/7ec29896-3115-4921-8a33-a530de562c01.jpg'><img loading=\"lazy\" decoding=\"async\" width=\"150\" height=\"150\" src=\"https:\/\/www.radiopiu.net\/wordpress\/wp-content\/uploads\/2022\/03\/7ec29896-3115-4921-8a33-a530de562c01-150x150.jpg\" class=\"attachment-thumbnail size-thumbnail\" alt=\"\" \/><\/a>\n\t\t\t\t<\/dt><\/dl><dl class='gallery-item'>\n\t\t\t\t<dt class='gallery-icon landscape'>\n\t\t\t\t\t<a class=\"rollover rollover-zoom dt-pswp-item\" title=\"010d2c10-1944-4774-a67e-94b02ee0a6fe\" data-dt-img-description=\"\" data-large_image_width=\"610\" data-large_image_height=\"359\"href='https:\/\/www.radiopiu.net\/wordpress\/wp-content\/uploads\/2022\/03\/010d2c10-1944-4774-a67e-94b02ee0a6fe.jpg'><img loading=\"lazy\" decoding=\"async\" width=\"150\" height=\"150\" src=\"https:\/\/www.radiopiu.net\/wordpress\/wp-content\/uploads\/2022\/03\/010d2c10-1944-4774-a67e-94b02ee0a6fe-150x150.jpg\" class=\"attachment-thumbnail size-thumbnail\" alt=\"\" \/><\/a>\n\t\t\t\t<\/dt><\/dl><br style=\"clear: both\" \/>\n\t\t\t<\/div>\n\n<p>&nbsp;<\/p>\n<hr \/>\n<p>&nbsp;<\/p>\n<blockquote>\n<h3>CAMPAGNA VACCINALE ULSS 1 DOLOMITI: QUASI 29 MILA PERSONE NON SONO VACCINATE, L&#8217;84,2% HANNO RICEVUTO IL CICLO COMPLETO<\/h3>\n<\/blockquote>\n<p><strong><a class=\"dt-pswp-item\" href=\"https:\/\/www.radiopiu.net\/wordpress\/wp-content\/uploads\/2022\/01\/VACCINO-BAMBINI.png\" data-dt-img-description=\"\" data-large_image_width=\"1280\" data-large_image_height=\"917\"><img loading=\"lazy\" decoding=\"async\" class=\" wp-image-252796 alignleft\" src=\"https:\/\/www.radiopiu.net\/wordpress\/wp-content\/uploads\/2022\/01\/VACCINO-BAMBINI-300x215.png\" alt=\"\" width=\"188\" height=\"135\" srcset=\"https:\/\/www.radiopiu.net\/wordpress\/wp-content\/uploads\/2022\/01\/VACCINO-BAMBINI-300x215.png 300w, https:\/\/www.radiopiu.net\/wordpress\/wp-content\/uploads\/2022\/01\/VACCINO-BAMBINI-1024x734.png 1024w, https:\/\/www.radiopiu.net\/wordpress\/wp-content\/uploads\/2022\/01\/VACCINO-BAMBINI-768x550.png 768w, https:\/\/www.radiopiu.net\/wordpress\/wp-content\/uploads\/2022\/01\/VACCINO-BAMBINI.png 1280w\" sizes=\"auto, (max-width: 188px) 100vw, 188px\" \/><\/a>BELLUNO<\/strong> Aggiornamento settimanale sulla campagna vaccinale a cura dell&#8217;Ulss 1 Dolomiti. Totale dosi somministrate: 445.888. 85,2% \u2013 164.618 persone vaccinate con primo ciclo over 5, 84,2% &#8211; 162.771 persone con ciclo completo over 5, 28.886 (14,8%) persone ancora da vaccinare over 5 anni, 10.661 persone non vaccinate sono risultate positive negli ultimi 90 giorni. Risultano vaccinati con almeno una dose: Il 29,9% dei 5-11 enni (3.286), l\u2019 81,1% % dei 12- 19 enni (11.536), l\u2019 86,4 % dei 20-29enni (16.364), l\u2019 82,5% dei 30-39enni (16.369), l\u2019 80,2% dei 40-49enni (22.042), l\u2019 88,6 % dei 50-59enni (29.440), l\u2019 90,8% dei 60-69enni (25.344), il 94,9% dei 70-79enni (22.565), circa il 100% degli over 80. Le persone ancora da vaccinare sono cos\u00ec suddivise: 5-11 anni: 7.631 (70,1%), 12-19 anni: 2.690 (18,9%), 20-29 anni: 2.626 (13,9%), 30-39 anni: 3.547 (17,9%), 40-49 anni: 5.487 (20%), 50-59 anni: 3.811 (11,5%), 60-69 anni: 2.598 (9,3%), 70-79 anni: 1.220 (5,1%). Dosi booster: 134.020\u00a0 terze dosi gi\u00e0 somministrate, 87,8% della popolazione totale eleggibile gi\u00e0 vaccinato con dose booster. La popolazione ad oggi eleggibile per la terza dose \u00e8 pari a 152.662. Tra gli eleggibili che ancora non hanno fatto il booster , circa 18.650 persone, circa 7.860 sono risultati positivi negli ultimi 120 giorni, quindi gli eleggibili \u201creali\u201d ancora da vaccinare sono 10.790 persone. Il dipartimento di prevenzione sta utilizzando il CVP di Sedico e le strutture drive in per recuperi vaccinali \u201cNon covid\u201d a favore di ragazzi, adulti e anziani. Dal sito <a href=\"http:\/\/www.aulss1.veneto.it\/\">www.aulss1.veneto.it<\/a> sono prenotabili online le seguenti vaccinazioni: HPV: prima e seconda dose per i nati nel 2009 2010 e 2011, Herpes Zoster e pneumococco per i nati dal 1952 al 1957 (singoli o co- somministrati), Anti TBE: prima, seconda, terza dose o richiamo. Per informazioni sulle singole vaccinazioni consultare il sito <a href=\"https:\/\/www.vaccinarsinveneto.org\/\">https:\/\/www.vaccinarsinveneto.org\/<\/a><\/p>\n<p>&nbsp;<\/p>\n<p>&nbsp;<\/p>\n<hr \/>\n<p>&nbsp;<\/p>\n<blockquote>\n<h3>DAL 1 APRILE QUATTRO MEDICI IN PENSIONE. IN AGORDINO IL DOTTOR VALTER TOMASELLI<\/h3>\n<\/blockquote>\n<p><strong><a class=\"dt-pswp-item\" href=\"https:\/\/www.radiopiu.net\/wordpress\/wp-content\/uploads\/2021\/06\/MEDICO.jpg\" data-dt-img-description=\"\" data-large_image_width=\"1920\" data-large_image_height=\"1440\"><img loading=\"lazy\" decoding=\"async\" class=\" wp-image-216887 alignleft\" src=\"https:\/\/www.radiopiu.net\/wordpress\/wp-content\/uploads\/2021\/06\/MEDICO-300x225.jpg\" alt=\"\" width=\"172\" height=\"129\" srcset=\"https:\/\/www.radiopiu.net\/wordpress\/wp-content\/uploads\/2021\/06\/MEDICO-300x225.jpg 300w, https:\/\/www.radiopiu.net\/wordpress\/wp-content\/uploads\/2021\/06\/MEDICO-1024x768.jpg 1024w, https:\/\/www.radiopiu.net\/wordpress\/wp-content\/uploads\/2021\/06\/MEDICO-768x576.jpg 768w, https:\/\/www.radiopiu.net\/wordpress\/wp-content\/uploads\/2021\/06\/MEDICO-1536x1152.jpg 1536w, https:\/\/www.radiopiu.net\/wordpress\/wp-content\/uploads\/2021\/06\/MEDICO.jpg 1920w\" sizes=\"auto, (max-width: 172px) 100vw, 172px\" \/><\/a>BELLUNO <\/strong>Il 31 marzo andranno in pensione alcuni Medici di Medicina Generale dell\u2019Ulss Dolomiti. In queste settimane l\u2019Ulss Dolomiti ha esplorato, e sta ancora cercando, tutte le soluzioni possibili per ciascun ambito, anche dialogando con le Amministrazioni comunali, al fine di continuare ad offrire l\u2019assistenza con ambulatori sparsi in modo capillare in tutti i territori, pur nella difficolt\u00e0 dovuta alla carenza di professionisti che scelgono la medicina di famiglia, comune a diverse aree. Continua, inoltre, l\u2019incessante ricerca di nuovi professionisti anche offrendo appartamenti e ambulatori a prezzi calmierati e di incentivi economici legati al riconoscimento di zone disagiate. Questi alcuni dei cambi medici in programma a fine mese. <strong>DISTRETTO 1 BELLUNO: <\/strong><strong>Dr.ssa LUISA SCARROCCHIA &#8211; <\/strong>Ambito territoriale dei Comuni di\u00a0 Belluno, Limana, Ponte nelle Alpi e Soverzene: L\u2019Azienda, con l\u2019aiuto del Comune di Limana, sta cercando dei locali da mettere a disposizione di uno o pi\u00f9 medici disponibili a svolgere la propria attivit\u00e0 nel comune stesso. Nelle more, gli assistiti sono invitati a scegliere uno dei medici disponibili nell\u2019ambito territoriale (lettera con modalit\u00e0 di scelta gi\u00e0 invitata tramite Poste) <strong>Dr.ssa CRISTINA ANDRICH &#8211; <\/strong>Ambito territoriale dei Comuni di\u00a0 Belluno, Limana, Ponte nelle Alpi e Soverzene: Per la sostituzione della dottoressa Andrich a Castion si stanno cercando ancora soluzioni per mantenere l\u2019ambulatorio nella frazione anche attraverso un dialogo con i medici di medicina generale dell\u2019ambito di Belluno e l\u2019amministrazione Comunale. La dottoressa Canton ha confermato la propria presenza nell\u2019ambulatorio di Castion fino al 31 maggio nelle giornate di luned\u00ec, giovedi e venerd\u00ec. <strong>Dr. VALTER TOMASELLI \u2013 Alto Agordino. <\/strong>L\u2019assistenza medica alla cittadinanza dell\u2019Alto Agordino sar\u00e0 garantita attraverso i medici con incarico definito e provvisorio (gli assistiti saranno assegnati d\u2019ufficio) dell\u2019ambito. <strong>Dal 1 aprile prende servizio la dottoressa Camilla Semenzato con incarico provvisorio nell\u2019Alto Agordino con ambulatorio a Livinallongo. Dal 1 aprile il dr Luca Favero, gi\u00e0 con incarico provvisorio, svolger\u00e0 la propria attivit\u00e0 con ambulatori a Cencenighe e Alleghe. <\/strong><strong>DISTRETTO 2 FELTRE: <\/strong>dr <strong>EVANDRO<\/strong> <strong>BERTELLE &#8211; <\/strong>Ambito territoriale dei Comuni di Cesiomaggiore, San Gregorio nelle Alpi, Santa Giustina, Sedico e Sospirolo: gli assistiti dovranno scegliere uno dei medici dell\u2019ambito disponibili (allegate indicazioni su come effettuare la scelta). <strong>Dr.sse BARBARA MUSSOI E ALESSANDRA RULLI <\/strong>Ambito territoriale Feltre, Alano di Piave, Pedavena, Quero Vas e Seren del Grappa: le dottoresse Mussoi e Rulli, dal primo aprile, avranno un incarico definitivo ed eserciteranno entrambe nell\u2019ambulatorio di Pedavena. Gli assistiti, pertanto, dovranno effettuare nuovamente la scelta del medico\u00a0 (indicazioni allegate su come effettuare la scelta). In linea generale, si ricorda che: \u00e8 possibile verificare in tempo reale la disponibilit\u00e0 dei medici, collegandosi al seguente link <a href=\"https:\/\/salute.regione.veneto.it\/servizi\/cerca-medici-e-pediatri\">https:\/\/salute.regione.veneto.it\/servizi\/cerca-medici-e-pediatri<\/a>; attraverso il Fascicolo Sanitario elettronico regionale \u00e8 possibile effettuare in maniera rapida la scelta del nuovo medico. Per le specifiche modalit\u00e0 di scelta di ciascun ambito, seguire le indicazioni inviate a domicilio e affisse negli ambulatori dei professionisti interessati.<\/p>\n<p>&nbsp;<\/p>\n<p>&nbsp;<\/p>\n<hr \/>\n<p>&nbsp;<\/p>\n<blockquote>\n<h3>UCRAINA. ZAIA, \u201cORDINANZA PER OSPITALITA\u2019 NEGLI ALBERGHI<\/h3>\n<\/blockquote>\n<p><strong>VENEZIA<\/strong> <em>\u201cIn qualit\u00e0 di Commissario per l\u2019emergenza Ucraina per il Veneto, ho firmato un\u2019ordinanza con la quale si attiva la possibilit\u00e0 di ospitalit\u00e0 nella rete alberghiera della regione. Ringrazio tutte le categorie del settore che hanno gi\u00e0 dato la loro disponibilit\u00e0. Volevamo evitare l&#8217;ipotesi delle tendopoli e, con questo accordo, la disponibilit\u00e0 di letti nella rete degli ex ospedali, la generosit\u00e0 dei veneti che spontaneamente hanno gi\u00e0 offerto 10.323 alloggi, contiamo di farcela\u201d. <\/em>Lo ha annunciato il Presidente della Regione Veneto, Luca Zaia, nel corso del\u00a0 punto stampa tenutosi a Palazzo Balbi, sede della Giunta regionale a Venezia.<\/p>\n<p>&nbsp;<\/p>\n<p>&nbsp;<\/p>\n<hr \/>\n<p>&nbsp;<\/p>\n<blockquote>\n<h3>UCRAINA, BOND: &#8220;ITALIA ED EUROPA UNITE PER LA PACE<\/h3>\n<\/blockquote>\n<p><strong><a class=\"dt-pswp-item\" href=\"https:\/\/www.radiopiu.net\/wordpress\/wp-content\/uploads\/2020\/07\/BOND-ROMA.jpg\" data-dt-img-description=\"\" data-large_image_width=\"640\" data-large_image_height=\"640\"><img loading=\"lazy\" decoding=\"async\" class=\"wp-image-149602 alignleft\" src=\"https:\/\/www.radiopiu.net\/wordpress\/wp-content\/uploads\/2020\/07\/BOND-ROMA-300x300.jpg\" alt=\"\" width=\"137\" height=\"137\" srcset=\"https:\/\/www.radiopiu.net\/wordpress\/wp-content\/uploads\/2020\/07\/BOND-ROMA-300x300.jpg 300w, https:\/\/www.radiopiu.net\/wordpress\/wp-content\/uploads\/2020\/07\/BOND-ROMA-150x150.jpg 150w, https:\/\/www.radiopiu.net\/wordpress\/wp-content\/uploads\/2020\/07\/BOND-ROMA.jpg 640w\" sizes=\"auto, (max-width: 137px) 100vw, 137px\" \/><\/a>ROMA\u00a0 <\/strong>\u201cLa risposta dell\u2019Italia e dell\u2019Unione Europea non pu\u00f2 che essere concorde e forte. La richiesta di pace continui sui tavoli della diplomazia. Ma intanto i sindaci siano dotati di tutti gli strumenti necessari, anche finanziari, per accogliere i profughi\u201d. Cos\u00ec in una nota il deputato Dario Bond, a margine dell\u2019intervento del presidente ucraino Zelensky alla Camera. \u201cHo apprezzato le parole di Zelensky e il suo appello per l\u2019entrata dell\u2019Ucraina in Unione Europea. Proprio l\u2019Europa, che oggi si riscopre pi\u00f9 unita dopo l\u2019attacco russo, contribuisca a dare risposte all\u2019Italia e agli enti locali, che sono in prima linea sul fronte dell\u2019accoglienza. Il mio appello \u00e8: non lasciamo soli i sindaci nell\u2019affrontare l\u2019arrivo di migliaia e migliaia di persone in fuga dalla guerra\u201d.<\/p>\n<p>&nbsp;<\/p>\n<p>&nbsp;<\/p>\n<p>&nbsp;<\/p>\n<p>&nbsp;<\/p>\n<hr \/>\n<p>&nbsp;<\/p>\n<blockquote>\n<h3>SEQUESTRATE DA GDF 118 MILA MASCHERINE CONTRAFFATTE. ZAIA, \u201cPRODOTTI NON IN REGOLA POSSONO METTERE IN PERICOLO LA SALUTE DEI CITTADINI\u201d<\/h3>\n<\/blockquote>\n<p><strong>VENEZIA<\/strong>\u00a0 <em>\u201cOperazioni come questa dimostrano come lo stato di attenzione non viene meno e l\u2019attivit\u00e0 di controllo e presidio \u00e8 sempre massima, per ribadire che non pu\u00f2 esserci spazio per chi non rispetta le regole\u201d. <\/em>Lo dice il presidente della Regione del Veneto, Luca Zaia, plaudendo all\u2019operazione della Guardia di Finanza di Schio (Vicenza), che ha sequestrato circa 120mila pezzi di mascherine chirurgiche monouso importate dalla Cina non in regola, stoccate in magazzino e pronte per essere immesse in vendita, prive di indicazioni ed istruzioni in lingua italiana in violazione del Codice del Consumo.<\/p>\n<p>&nbsp;<\/p>\n<p>&nbsp;<\/p>\n<hr \/>\n<p>&nbsp;<\/p>\n<blockquote>\n<h3>NUOVO PROGRAMMA REGIONALE PER IL TURISMO<\/h3>\n<\/blockquote>\n<p><strong><a class=\"dt-pswp-item\" href=\"https:\/\/www.radiopiu.net\/wordpress\/wp-content\/uploads\/2021\/03\/FEDERICO-CANER.jpg\" data-dt-img-description=\"\" data-large_image_width=\"1490\" data-large_image_height=\"1122\"><img loading=\"lazy\" decoding=\"async\" class=\"wp-image-195491 alignleft\" src=\"https:\/\/www.radiopiu.net\/wordpress\/wp-content\/uploads\/2021\/03\/FEDERICO-CANER-300x226.jpg\" alt=\"\" width=\"178\" height=\"135\" srcset=\"https:\/\/www.radiopiu.net\/wordpress\/wp-content\/uploads\/2021\/03\/FEDERICO-CANER-300x226.jpg 300w, https:\/\/www.radiopiu.net\/wordpress\/wp-content\/uploads\/2021\/03\/FEDERICO-CANER-1024x771.jpg 1024w, https:\/\/www.radiopiu.net\/wordpress\/wp-content\/uploads\/2021\/03\/FEDERICO-CANER-768x578.jpg 768w, https:\/\/www.radiopiu.net\/wordpress\/wp-content\/uploads\/2021\/03\/FEDERICO-CANER.jpg 1490w\" sizes=\"auto, (max-width: 178px) 100vw, 178px\" \/><\/a>VENEZIA <\/strong>\u201c<em>Il mondo del turismo \u00e8 cambiato e oggi l\u2019intera filiera richiede velocit\u00e0 di reazione: i due anni di pandemia e la crisi Ucraina ci dimostrano che le proposte vanno date leggendo il quadro presente. \u2018Dal cosa al come\u2019, \u00e8 questo l\u2019approccio con cui abbiamo scritto il programma che abbiamo presentato oggi in Consiglio regionale, dimostrando, attraverso una visione trasversale, di saper modellare e prendere decisioni strategiche rispetto ai cambiamenti che impattano anche sull\u2019industria turistica. Questo Programma regionale per il Turismo del Veneto intende, dunque, offrire gli strumenti per risponde alle esigenze del qui e oggi, creando prodotti turistici reali per dare risposte ad un comparto che intende ritornare ad essere la prima industria a livello nazionale<\/em>\u201d. Sono le parole dell\u2019assessore al Turismo della Regione del Veneto, Federico Caner, a margine dell\u2019approvazione del Programma regionale del Turismo Veneto, passato in Consiglio regionale: un programma di pianificazione che disegna lo scenario dell\u2019offerta turistica fino al 2024, gli obbiettivi e le strategie dell\u2019azione regionale, le linee di intervento in relazione ai flussi, le misure necessarie per migliorare la competitivit\u00e0 del settore, gli strumenti per valutare i risultati economici e occupazionali.<\/p>\n<p>&nbsp;<\/p>\n<p>&nbsp;<\/p>\n<hr \/>\n<p>&nbsp;<\/p>\n<blockquote>\n<h3 class=\"p1\"><span class=\"s1\">\u201cSONO AUTISTICO, VI RACCONTO COSA VUOL DIRE!\u201d: PRESENTATO IL FUMETTO REALIZZATO DA ELENA COLLAZUOL E ROBERTO TOTARO<\/span><\/h3>\n<\/blockquote>\n<p class=\"p1\"><span class=\"s1\"><b><a class=\"dt-pswp-item\" href=\"https:\/\/www.radiopiu.net\/wordpress\/wp-content\/uploads\/2022\/03\/Presentazione-libro-22-marzo-2022-scaled.jpg\" data-dt-img-description=\"\" data-large_image_width=\"2560\" data-large_image_height=\"1920\"><img loading=\"lazy\" decoding=\"async\" class=\" wp-image-266227 alignleft\" src=\"https:\/\/www.radiopiu.net\/wordpress\/wp-content\/uploads\/2022\/03\/Presentazione-libro-22-marzo-2022-300x225.jpg\" alt=\"\" width=\"183\" height=\"137\" srcset=\"https:\/\/www.radiopiu.net\/wordpress\/wp-content\/uploads\/2022\/03\/Presentazione-libro-22-marzo-2022-300x225.jpg 300w, https:\/\/www.radiopiu.net\/wordpress\/wp-content\/uploads\/2022\/03\/Presentazione-libro-22-marzo-2022-1024x768.jpg 1024w, https:\/\/www.radiopiu.net\/wordpress\/wp-content\/uploads\/2022\/03\/Presentazione-libro-22-marzo-2022-768x576.jpg 768w, https:\/\/www.radiopiu.net\/wordpress\/wp-content\/uploads\/2022\/03\/Presentazione-libro-22-marzo-2022-1536x1152.jpg 1536w, https:\/\/www.radiopiu.net\/wordpress\/wp-content\/uploads\/2022\/03\/Presentazione-libro-22-marzo-2022-2048x1536.jpg 2048w\" sizes=\"auto, (max-width: 183px) 100vw, 183px\" \/><\/a>BELLUNO<\/b> \u00c8 stato presentato a Palazzo Piloni \u201cSono autistico, vi racconto cosa vuol dire!\u201d, libro a fumetti sulla sensibilizzazione sul disturbo dello spettro autistico realizzato da Elena Collazuol (terapista della neuro e psico motricit\u00e0 dell\u2019et\u00e0 evolutiva) e il celebre disegnatore Roberto Totaro, con il patrocinio della Provincia di Belluno. <\/span><span class=\"s1\">\u201cSono autistico, vi racconto cosa vuol dire!\u201d narra le avventure di Roby, un ragazzo con disturbo dello spettro autistico, che durante la sua crescita e durante le sue giornate, incontra una grande variet\u00e0 di persone in diversi contesti. C\u2019\u00e8 un naturale desiderio di comunicare, ma le cose non funzionano sempre come dovrebbero: non mancano i malintesi, le incomprensioni e le delusioni. Roby allora spiega, attraverso le scenette illuminanti e le illustrazioni accattivanti di Totaro, come appaiono le cose dal suo punto di vista, come \u00e8 possibile interagire con lui al meglio e naturalmente divertirsi insieme.\u00abSensibilizzare sul tema dell\u2019autismo \u00e8 importante, anche per il benessere di chi soffre di questo disturbo e delle famiglie\u00bb commenta il presidente della Provincia, Roberto Padrin. \u00abQuando Elena Collazuol mi ha raccontato come \u00e8 nato il progetto, ho deciso che non potevamo non appoggiarlo come ente Provincia. Il libro infatti \u00e8 nato dallo sfogo di una mamma di un bambino con autismo, che si \u00e8 sentita giudicata al parco da un\u2019altra mamma, spaventata dal comportamento del suo piccolo. Conoscere quello che vede un bambino o un ragazzo con autismo aiuta a comprendere e quindi a includere\u00bb.<\/span><\/p>\n<p>&nbsp;<\/p>\n<hr \/>\n<p>&nbsp;<\/p>\n<p>&nbsp;<\/p>\n<blockquote>\n<h3>LA SIGNORA DELLA VAL DI FRELA BRUCERA&#8217; SUL BROI<\/h3>\n<p><strong><a class=\"dt-pswp-item\" href=\"https:\/\/www.radiopiu.net\/wordpress\/wp-content\/uploads\/2019\/03\/IMG-20190331-WA00631.jpg\" data-dt-img-description=\"La vecia Popa e il Centro\" data-large_image_width=\"1599\" data-large_image_height=\"1200\"><img loading=\"lazy\" decoding=\"async\" class=\"size-medium wp-image-81135 alignleft\" src=\"https:\/\/www.radiopiu.net\/wordpress\/wp-content\/uploads\/2019\/03\/IMG-20190331-WA00631-300x225.jpg\" alt=\"\" width=\"300\" height=\"225\" srcset=\"https:\/\/www.radiopiu.net\/wordpress\/wp-content\/uploads\/2019\/03\/IMG-20190331-WA00631-300x225.jpg 300w, https:\/\/www.radiopiu.net\/wordpress\/wp-content\/uploads\/2019\/03\/IMG-20190331-WA00631-768x576.jpg 768w, https:\/\/www.radiopiu.net\/wordpress\/wp-content\/uploads\/2019\/03\/IMG-20190331-WA00631-1024x768.jpg 1024w, https:\/\/www.radiopiu.net\/wordpress\/wp-content\/uploads\/2019\/03\/IMG-20190331-WA00631.jpg 1599w\" sizes=\"auto, (max-width: 300px) 100vw, 300px\" \/><\/a>DOMENICA 27 MARZO SUL BROI DI AGORDO, DOPO DUE ANNI IL RITORNO DELLA VECIA POPA, il sindaco Chissal\u00e8 ha gi\u00e0 firmato le ordinanze. Attesa per la lettura del testamento<\/strong><\/p>\n<p><em>&#8220;Ci eravamo lasciati qui nel 2019&#8230; Quest&#8217;anno la Vecia popa ritorna e tutti vestiti in maschera dai pi\u00f9 grandi ai piccini&#8221;. <\/em>Gi\u00e0 sono pronte le ordinanza per la viabilit\u00e0.\u00a0 Domenica 27 marzo vietata sosta e parcheggio in piazza della Libert\u00e0, lato Broi, in corso Patrioti ed in piazzale Guglielmo Marconi, sia davanti al palazzo municipale, che ai lati e sul retro del palazzo stesso, da mezzogiorno fino alle 18.Sar\u00e0 inoltre vietato il transito in piazzale Marconi ai mezzi non autorizzati dalle 14 alle 18. Dalle 14,30 alle 15,30 circa ci sar\u00e0 inoltre la temporanea sospensione del transito veicolare, al massimo per 10 minuti, in viale Sommariva, lungo via Insurrezione, via 27 Aprile 1945 e corso Patrioti durante la sfilata.<\/p><\/blockquote>\n<p>&nbsp;<\/p>\n<p>&nbsp;<\/p>\n<hr \/>\n<p>&nbsp;<\/p>\n<blockquote>\n<h3>SABATO 26 MARZO ALLE 18 L&#8217;ASSEMBLEA ANNUALE DEL CAI DI AGORDO<\/h3>\n<\/blockquote>\n<p><strong><a class=\"dt-pswp-item\" href=\"https:\/\/www.radiopiu.net\/wordpress\/wp-content\/uploads\/2020\/04\/cai-agordo.jpg\" data-dt-img-description=\"\" data-large_image_width=\"297\" data-large_image_height=\"170\"><img loading=\"lazy\" decoding=\"async\" class=\"size-full wp-image-127841 alignleft\" src=\"https:\/\/www.radiopiu.net\/wordpress\/wp-content\/uploads\/2020\/04\/cai-agordo.jpg\" alt=\"\" width=\"297\" height=\"170\" \/><\/a>AGORDO<\/strong><\/p>\n<p>di Gianni Santomaso<\/p>\n<audio class=\"wp-audio-shortcode\" id=\"audio-266139-7\" preload=\"none\" style=\"width: 100%;\" controls=\"controls\"><source type=\"audio\/mpeg\" src=\"https:\/\/www.radiopiu.net\/wordpress\/wp-content\/uploads\/2022\/03\/GIANNI-CAI-AGORDO.mp3?_=7\" \/><a href=\"https:\/\/www.radiopiu.net\/wordpress\/wp-content\/uploads\/2022\/03\/GIANNI-CAI-AGORDO.mp3\">https:\/\/www.radiopiu.net\/wordpress\/wp-content\/uploads\/2022\/03\/GIANNI-CAI-AGORDO.mp3<\/a><\/audio>\n<p>&nbsp;<\/p>\n<p>&nbsp;<\/p>\n<p>&nbsp;<\/p>\n<hr \/>\n<p>&nbsp;<\/p>\n<blockquote>\n<h3>GIORNATA MONDIALE DELL&#8217;ACQUA, I CONSIGLI DELL&#8217;ULSS 1 DOLOMITI<\/h3>\n<\/blockquote>\n<p><strong><a class=\"dt-pswp-item\" href=\"https:\/\/www.radiopiu.net\/wordpress\/wp-content\/uploads\/2021\/09\/BICCHIERE-ACQUA-1.jpg\" data-dt-img-description=\"\" data-large_image_width=\"1920\" data-large_image_height=\"1280\"><img loading=\"lazy\" decoding=\"async\" class=\" wp-image-234653 alignleft\" src=\"https:\/\/www.radiopiu.net\/wordpress\/wp-content\/uploads\/2021\/09\/BICCHIERE-ACQUA-1-300x200.jpg\" alt=\"\" width=\"188\" height=\"126\" srcset=\"https:\/\/www.radiopiu.net\/wordpress\/wp-content\/uploads\/2021\/09\/BICCHIERE-ACQUA-1-300x200.jpg 300w, https:\/\/www.radiopiu.net\/wordpress\/wp-content\/uploads\/2021\/09\/BICCHIERE-ACQUA-1-1024x683.jpg 1024w, https:\/\/www.radiopiu.net\/wordpress\/wp-content\/uploads\/2021\/09\/BICCHIERE-ACQUA-1-768x512.jpg 768w, https:\/\/www.radiopiu.net\/wordpress\/wp-content\/uploads\/2021\/09\/BICCHIERE-ACQUA-1-1536x1024.jpg 1536w, https:\/\/www.radiopiu.net\/wordpress\/wp-content\/uploads\/2021\/09\/BICCHIERE-ACQUA-1.jpg 1920w\" sizes=\"auto, (max-width: 188px) 100vw, 188px\" \/><\/a>BELLUNO <\/strong>In occasione della Giornata mondiale dell\u2019acqua, bene prezioso per la nostra salute e l\u2019ambiente, l\u2019ulss Dolomiti diffonde alcuni consigli. L\u2019acqua, bene prezioso, fonte di vita e di benessere, \u00e8 il principale costituente del nostro corpo ed \u00e8 coinvolta in quasi tutte le sue funzioni. Il corpo umano, infatti, \u00e8 composto in media per il 60% di acqua, ma la sua percentuale varia con l\u2019et\u00e0. Da giovani ne siamo \u201cpi\u00f9 ricchi\u201d, mentre con il passare degli anni la sua quota si riduce progressivamente, passando cos\u00ec da valori medi del 75-80% nel neonato, a valori del 40-50% nell\u2019anziano. Ogni giorno, un adulto sano dovrebbe bere almeno 6-8 bicchieri di acqua (1,5-2 litri), assecondando il senso di sete e, anzi, anticipandolo. E&#8217; importante, quindi, bere frequentemente e in piccole quantit\u00e0, lentamente, soprattutto se l&#8217;acqua \u00e8 molto fredda. Teniamo presente che si perde molta acqua non solo quando \u00e8 caldo, ma anche quando fa molto freddo e c&#8217;\u00e8 vento, come ad esempio quando si \u00e8 in montagna sulla neve, ancor pi\u00f9 se si fa attivit\u00e0 sportiva come lo sci.<\/p>\n<p>&nbsp;<\/p>\n<p>&nbsp;<\/p>\n<hr \/>\n<p>&nbsp;<\/p>\n<blockquote>\n<h3>CONCORSO VIGILI DEL FUOCO 2022, NUOVO BANDO PER 300 POSTI<\/h3>\n<\/blockquote>\n<p><strong><a class=\"dt-pswp-item\" href=\"https:\/\/www.radiopiu.net\/wordpress\/wp-content\/uploads\/2021\/07\/53977c0b-38d3-4b5f-8192-778789652392.jpg\" data-dt-img-description=\"\" data-large_image_width=\"739\" data-large_image_height=\"601\"><img loading=\"lazy\" decoding=\"async\" class=\" wp-image-222519 alignleft\" src=\"https:\/\/www.radiopiu.net\/wordpress\/wp-content\/uploads\/2021\/07\/53977c0b-38d3-4b5f-8192-778789652392-300x244.jpg\" alt=\"\" width=\"189\" height=\"154\" srcset=\"https:\/\/www.radiopiu.net\/wordpress\/wp-content\/uploads\/2021\/07\/53977c0b-38d3-4b5f-8192-778789652392-300x244.jpg 300w, https:\/\/www.radiopiu.net\/wordpress\/wp-content\/uploads\/2021\/07\/53977c0b-38d3-4b5f-8192-778789652392.jpg 739w\" sizes=\"auto, (max-width: 189px) 100vw, 189px\" \/><\/a>BELLUNO<\/strong> Un corso online per affrontare al meglio il concorso pubblico, per titoli ed esami, per il reclutamento di 300 pompieri da inserire nel Corpo Nazionale dei Vigili del Fuoco. Il percorso di formazione \u00e8 proposto dalla Fns, la Federazione nazionale della Sicurezza della Cisl, assieme all\u2019Istituto Cappellari, tra le pi\u00f9 antiche realt\u00e0 d\u2019Italia nell\u2019ambito della formazione professionale, specializzato nella preparazione ai concorsi pubblici.\u00a0 La domanda \u00a0va inoltrata entro il 28 marzo. <em>\u201cIl Corpo Nazionale dei Vigili del Fuoco &#8211; commenta il segretario generale della Fns territoriale Antonio Zambon &#8211; soffre da anni una carenza cronica di personale. Basti pensare che in provincia di Belluno, su un organico previsto di 250 pompieri, gli operativi sono 205; nella Marca su un organico previsto di 320, ci sono 280 vigili del fuoco operativi. Questo concorso \u00e8 un\u2019ottima occasione di lavoro per i giovani: \u00e8 importante che anche il Veneto porti il suo contributo al soccorso pubblico nazionale\u201d. <\/em>Per informazioni si pu\u00f2 chiamare il numero 339 6562122.<\/p>\n<p>&nbsp;<\/p>\n<p>&nbsp;<\/p>\n<p>&nbsp;<\/p>\n<p>&nbsp;<\/p>\n<hr \/>\n<p>&nbsp;<\/p>\n<blockquote>\n<h3>GIORNATE FAI DI PRIMAVERA A BELLUNO<\/h3>\n<\/blockquote>\n<p><strong>BELLUNO<\/strong> Sabato 26 e domenica 27 marzo tornano le Giornate FAI di Primavera. Oltre 700 luoghi solitamente inaccessibili o poco conosciuti in 400 citt\u00e0 saranno visitabili a contributo libero.<br \/>\nChi decider\u00e0 di prendere parte alle Giornate FAI potr\u00e0 offrire un contributo per sostenere la Fondazione. Ai partecipanti verr\u00e0 suggerito un contributo non obbligatorio a partire da 3 euro. Saranno tre le aperture nel Bellunese, tutte nella citt\u00e0 capoluogo: il palazzo del Monte di Piet\u00e0, le Scuole \u201cGabelli\u201d e uno dei rifugi antiaerei della Seconda Guerra Mondiale. Per accedere al Monte di Piet\u00e0 e alla scuola non \u00e8 prevista prenotazione. Il rifugio antiaereo di via Lambioi, invece, \u00e8 un ingresso dedicato ai soli iscritti FAI con possibilit\u00e0 di iscriversi in loco.<\/p>\n\n\t\t\t<style type='text\/css'>\n\t\t\t\t#gallery-5 {\n\t\t\t\t\tmargin: auto;\n\t\t\t\t}\n\t\t\t\t#gallery-5 .gallery-item {\n\t\t\t\t\tfloat: left;\n\t\t\t\t\tmargin-top: 10px;\n\t\t\t\t\ttext-align: center;\n\t\t\t\t\twidth: 33%;\n\t\t\t\t}\n\t\t\t\t#gallery-5 img {\n\t\t\t\t\tborder: 2px solid #cfcfcf;\n\t\t\t\t}\n\t\t\t\t#gallery-5 .gallery-caption {\n\t\t\t\t\tmargin-left: 0;\n\t\t\t\t}\n\t\t\t\t\/* see gallery_shortcode() in wp-includes\/media.php *\/\n\t\t\t<\/style>\n\t\t<div id='gallery-5' class='dt-gallery-container gallery galleryid-266139 gallery-columns-3 gallery-size-thumbnail'><dl class='gallery-item'>\n\t\t\t\t<dt class='gallery-icon landscape'>\n\t\t\t\t\t<a class=\"rollover rollover-zoom dt-pswp-item\" title=\"facciata Monte di piet\u00e0\" data-dt-img-description=\"\" data-large_image_width=\"2560\" data-large_image_height=\"1920\"href='https:\/\/www.radiopiu.net\/wordpress\/wp-content\/uploads\/2022\/03\/facciata-Monte-di-pieta-scaled.jpg'><img loading=\"lazy\" decoding=\"async\" width=\"150\" height=\"150\" src=\"https:\/\/www.radiopiu.net\/wordpress\/wp-content\/uploads\/2022\/03\/facciata-Monte-di-pieta-150x150.jpg\" class=\"attachment-thumbnail size-thumbnail\" alt=\"\" \/><\/a>\n\t\t\t\t<\/dt><\/dl><dl class='gallery-item'>\n\t\t\t\t<dt class='gallery-icon landscape'>\n\t\t\t\t\t<a class=\"rollover rollover-zoom dt-pswp-item\" title=\"Gabelli\" data-dt-img-description=\"\" data-large_image_width=\"1020\" data-large_image_height=\"675\"href='https:\/\/www.radiopiu.net\/wordpress\/wp-content\/uploads\/2022\/03\/Gabelli.jpg'><img loading=\"lazy\" decoding=\"async\" width=\"150\" height=\"150\" src=\"https:\/\/www.radiopiu.net\/wordpress\/wp-content\/uploads\/2022\/03\/Gabelli-150x150.jpg\" class=\"attachment-thumbnail size-thumbnail\" alt=\"\" \/><\/a>\n\t\t\t\t<\/dt><\/dl><dl class='gallery-item'>\n\t\t\t\t<dt class='gallery-icon landscape'>\n\t\t\t\t\t<a class=\"rollover rollover-zoom dt-pswp-item\" title=\"bunker-rifugio-antiaereo-Belluno\" data-dt-img-description=\"\" data-large_image_width=\"810\" data-large_image_height=\"540\"href='https:\/\/www.radiopiu.net\/wordpress\/wp-content\/uploads\/2022\/03\/bunker-rifugio-antiaereo-Belluno.jpg'><img loading=\"lazy\" decoding=\"async\" width=\"150\" height=\"150\" src=\"https:\/\/www.radiopiu.net\/wordpress\/wp-content\/uploads\/2022\/03\/bunker-rifugio-antiaereo-Belluno-150x150.jpg\" class=\"attachment-thumbnail size-thumbnail\" alt=\"\" \/><\/a>\n\t\t\t\t<\/dt><\/dl><br style=\"clear: both\" \/>\n\t\t\t<\/div>\n\n<p>&nbsp;<\/p>\n<hr \/>\n<p>&nbsp;<\/p>\n<blockquote>\n<h3>LA MONGOLFIERA DI GIORGIA, IL NUOVO BANDO<\/h3>\n<\/blockquote>\n<p><a class=\"dt-pswp-item\" href=\"https:\/\/www.radiopiu.net\/wordpress\/wp-content\/uploads\/2022\/03\/giorgia.jpg\" data-dt-img-description=\"\" data-large_image_width=\"292\" data-large_image_height=\"235\"><img loading=\"lazy\" decoding=\"async\" class=\" wp-image-266213 alignleft\" src=\"https:\/\/www.radiopiu.net\/wordpress\/wp-content\/uploads\/2022\/03\/giorgia.jpg\" alt=\"\" width=\"280\" height=\"225\" \/><\/a>Puntuale anche quest&#8217;anno, in occasione del venticinquesimo compleanno di Giorgia, il 26 marzo uscir\u00e0 L&#8217;ottavo bando\u00a0 del valore di\u00a0 6.000 euro. Tutte le domande dovranno pervenire entro la mezzanotte del 25 maggio. Anche questo bando \u00e8 finalizzato all&#8217;erogazione di contributi per il sostegno di progetti e iniziative\u00a0 che favoriscano il miglioramento della qualit\u00e0 di vita di giovani che versano in situazioni di disabilit\u00e0, anche temporanea. Tutte le informazioni su <a href=\"http:\/\/www.lamongolfieradigiorgia.it\/\" target=\"_blank\" rel=\"noopener\">www.lamongolfieradigiorgia.it<\/a>\u00a0o telefonicamente al 3495274622.<\/p>\n<p><b><em>Perch\u00e9 gli adolescenti hanno diritto di restare tali anche durante la malattia.<\/em><\/b><\/p>\n<section class=\"elementor-section elementor-top-section elementor-element elementor-element-06767e5 elementor-section-stretched elementor-section-boxed elementor-section-height-default elementor-section-height-default\" data-id=\"06767e5\" data-element_type=\"section\" data-settings=\"{&quot;stretch_section&quot;:&quot;section-stretched&quot;}\">\n<div class=\"elementor-container elementor-column-gap-default\">\n<div class=\"elementor-column elementor-col-100 elementor-top-column elementor-element elementor-element-f3b6370\" data-id=\"f3b6370\" data-element_type=\"column\">\n<div class=\"elementor-widget-wrap elementor-element-populated\">\n<div class=\"elementor-element elementor-element-29b8ab8 elementor-widget elementor-widget-heading\" data-id=\"29b8ab8\" data-element_type=\"widget\" data-widget_type=\"heading.default\">\n<div class=\"elementor-widget-container\">\n<p class=\"elementor-heading-title elementor-size-default fusion-responsive-typography-calculated\" data-fontsize=\"34\" data-lineheight=\"47.6px\"><span style=\"color: #ff0000;\">L\u2019associazione La Mongolfiera di Giorgia Onlus nasce in memoria di Giorgia Praloran che ci ha lasciato nell\u2019ottobre del 2016<\/span><\/p>\n<\/div>\n<\/div>\n<\/div>\n<\/div>\n<\/div>\n<\/section>\n<section class=\"elementor-section elementor-top-section elementor-element elementor-element-193d054 elementor-section-stretched elementor-section-boxed elementor-section-height-default elementor-section-height-default\" data-id=\"193d054\" data-element_type=\"section\" data-settings=\"{&quot;stretch_section&quot;:&quot;section-stretched&quot;}\">\n<div class=\"elementor-container elementor-column-gap-no\">\n<div class=\"elementor-column elementor-col-100 elementor-top-column elementor-element elementor-element-2e13710\" data-id=\"2e13710\" data-element_type=\"column\">\n<div class=\"elementor-widget-wrap elementor-element-populated\">\n<div class=\"elementor-element elementor-element-fd11887 elementor-widget elementor-widget-text-editor\" data-id=\"fd11887\" data-element_type=\"widget\" data-widget_type=\"text-editor.default\">\n<div class=\"elementor-widget-container\">\n<div class=\"elementor-text-editor elementor-clearfix\">\n<p>L\u2019Associazione nasce dalla volont\u00e0 delle persone che pi\u00f9 sono state vicine a Giorgia, mamma Ivana, nonna Maria e zia Federica, di offrire agli adolescenti che vivono una condizione di disagio connessa a situazioni psicofisiche particolarmente invalidanti, l\u2019opportunit\u00e0 di esaudire un desiderio che porti loro un po\u2019 di leggerezza: qualsiasi cosa possa portare sollievo, che sia l\u2019acquisto di un computer o un corso di pittura, fare un piccolo viaggio o organizzare una festa\u2026 ecco, noi ci impegniamo ad aiutarli a concretizzare il loro progetto. <em>&#8220;Lo faremo \u00e0- dicono i famigliari &#8211;\u00a0 offrendo contributi a fondo perduto, \u00a0anche impegnandoci direttamente all\u2019acquisito dove potremo. Perch\u00e9 gli adolescenti hanno diritto di restare tali anche durante la malattia&#8221;.<\/em><\/p>\n<\/div>\n<\/div>\n<\/div>\n<\/div>\n<\/div>\n<\/div>\n<\/section>\n<p>&nbsp;<\/p>\n<p>&nbsp;<\/p>\n<hr \/>\n<p>&nbsp;<\/p>\n<blockquote>\n<h3>SABATO 26 E DOMENICA 27 MARZO 2022 \u201cUNA COLOMBA PER LA VITA\u201d ADMO<\/h3>\n<\/blockquote>\n<p><strong><a class=\"dt-pswp-item\" href=\"https:\/\/www.radiopiu.net\/wordpress\/wp-content\/uploads\/2022\/03\/colomba-per-la-vita.jpg\" data-dt-img-description=\"\" data-large_image_width=\"1050\" data-large_image_height=\"1050\"><img loading=\"lazy\" decoding=\"async\" class=\" wp-image-266136 alignleft\" src=\"https:\/\/www.radiopiu.net\/wordpress\/wp-content\/uploads\/2022\/03\/colomba-per-la-vita-300x300.jpg\" alt=\"\" width=\"151\" height=\"151\" srcset=\"https:\/\/www.radiopiu.net\/wordpress\/wp-content\/uploads\/2022\/03\/colomba-per-la-vita-300x300.jpg 300w, https:\/\/www.radiopiu.net\/wordpress\/wp-content\/uploads\/2022\/03\/colomba-per-la-vita-1024x1024.jpg 1024w, https:\/\/www.radiopiu.net\/wordpress\/wp-content\/uploads\/2022\/03\/colomba-per-la-vita-150x150.jpg 150w, https:\/\/www.radiopiu.net\/wordpress\/wp-content\/uploads\/2022\/03\/colomba-per-la-vita-768x768.jpg 768w, https:\/\/www.radiopiu.net\/wordpress\/wp-content\/uploads\/2022\/03\/colomba-per-la-vita.jpg 1050w\" sizes=\"auto, (max-width: 151px) 100vw, 151px\" \/><\/a>BELLUNO <\/strong>&#8220;Una colomba per la vita&#8221; torna nelle piazze della provincia di Belluno! ADMO Belluno partecipa , con il prezioso aiuto degli Alpini in congedo, e Gruppi di Volontari ADMO, all&#8217;annuale iniziativa &#8220;Una colomba per la vita&#8221;, con l&#8217;intento di sensibilizzare i giovani alla donazione di midollo osseo e di raccogliere offerte per le quali verr\u00e0 distribuito il caratteristico ottimo dolce pasquale. Chi desidera diventare donatore pu\u00f2 compilare la scheda di adesione annessa al pieghevole informativo disponibile presso ciascun banchetto o andare direttamente sul sito www.donatoriadmo.org L&#8217;iniziativa\u00a0 in programma sabato 26\u00a0 e domenica 27 marzo in diverse localit\u00e0 della Provincia<\/p>\n<p>&nbsp;<\/p>\n<p>&nbsp;<\/p>\n<hr \/>\n<p>&nbsp;<\/p>\n<blockquote>\n<h3>UN DOLCE DI CIOCCOLATO PER AIUTARE AIDO<\/h3>\n<\/blockquote>\n<p><strong>BELLUNO<\/strong> Le pecorelle al cioccolato arrivano in sostegno di Aido Belluno: sono parte integrante dell&#8217;iniziativa che anche quest&#8217;anno l&#8217;associazione ha deciso di mettere in piedi in vista delle festivita\u0300 pasquali, per proseguire al meglio il 2022.\u00a0 Per info e prenotazioni e\u0300 possibile contattare Sandra (348 73 04 706) oppure Giovanni (3332902568).<\/p>\n<p>&nbsp;<\/p>\n<p>&nbsp;<\/p>\n<hr \/>\n<p>&nbsp;<\/p>\n<blockquote>\n<h3>OGGI IL CONSIGLIO COMUNALE DI ALLEGHE<\/h3>\n<\/blockquote>\n<p><strong>ALLEGHE<\/strong> Il sindaco di Alleghe Danilo De Toni ha convocato il consiglio comunale per oggi alle 20 presso la sala consigliare del municipio. Saranno 10 i punti all&#8217;ordine del giorno. Tra questi si parler\u00e0 della prima e seconda variazione al bilancio, del programma biennale per l&#8217;acquisizione di beni e servizi, della convenzione con l&#8217;associazione Belluno &#8211; Donna contro la violenza sulle donne e del regolamento della Polizia rurale.<\/p>\n<p><strong>di Gianni Santomaso<\/strong><\/p>\n<audio class=\"wp-audio-shortcode\" id=\"audio-266139-8\" preload=\"none\" style=\"width: 100%;\" controls=\"controls\"><source type=\"audio\/mpeg\" src=\"https:\/\/www.radiopiu.net\/wordpress\/wp-content\/uploads\/2022\/03\/GIANNI-CONSIGLIO-ALLEGHE.mp3?_=8\" \/><a href=\"https:\/\/www.radiopiu.net\/wordpress\/wp-content\/uploads\/2022\/03\/GIANNI-CONSIGLIO-ALLEGHE.mp3\">https:\/\/www.radiopiu.net\/wordpress\/wp-content\/uploads\/2022\/03\/GIANNI-CONSIGLIO-ALLEGHE.mp3<\/a><\/audio>\n<p>&nbsp;<\/p>\n<hr \/>\n<p>&nbsp;<\/p>\n<blockquote>\n<h3>DOMANI CONSIGLIERI RIUNITI A ROCCA PIETORE<\/h3>\n<\/blockquote>\n<p><strong>ROCCA PIETORE<\/strong>\u00a0 Il sindaco Andrea De Bernardin ha chiamato a raccolta i consiglieri per domani alle 20. All&#8217;ordine del giorno del consiglio comunale: piano delle alienazioni, proventi oneri di urbanizzazione secondaria destinati alle opere di culto; approvazione documento unico di programmazione, associazione &#8220;Borghi pi\u00f9 belli d&#8217;Italia in Veneto&#8221; approvazione statuto.<\/p>\n<p>&nbsp;<\/p>\n<p>&nbsp;<\/p>\n<hr \/>\n<p>&nbsp;<\/p>\n<blockquote>\n<h3>CARCERE E LAVORO, UNA FABBRICA \u201cNON CONVENZIONALE\u201d \u2013 SEMINARIO IN CONFINDUSTRIA<\/h3>\n<\/blockquote>\n<p><strong>BELLUNO<\/strong> Carcere e lavoro se ne parla nel seminario di domani alle 16 in Sala Caldart a villa Doglioni Dalmas e vedr\u00e0 il contributo di vari esperti. \u00a0Michele Dal Farra, presidente di Metalogos, Tiziana Paolini, direttrice della Casa Circondariale di Belluno,\u00a0 Lina Battipaglia, capo area educativa Casa Circondariale di Belluno, \u00a0Andrea De Carli, responsabile acquisti alla Giorgio Fedon,\u00a0 Nicola Cendron, Ceo di Alfa Water srl e Gianfranco Borgato, presidente dell\u2019impresa sociale Sviluppo &amp; Lavoro.<\/p>\n<p>&nbsp;<\/p>\n<hr \/>\n<p>&nbsp;<\/p>\n<h3><a class=\"dt-pswp-item\" href=\"https:\/\/www.radiopiu.net\/wordpress\/wp-content\/uploads\/2022\/03\/GM-Villalta_CGiulia-Naitza.jpg\" data-dt-img-description=\"\" data-large_image_width=\"1556\" data-large_image_height=\"2324\"><img loading=\"lazy\" decoding=\"async\" class=\"wp-image-265998 alignleft\" src=\"https:\/\/www.radiopiu.net\/wordpress\/wp-content\/uploads\/2022\/03\/GM-Villalta_CGiulia-Naitza-201x300.jpg\" alt=\"\" width=\"105\" height=\"157\" srcset=\"https:\/\/www.radiopiu.net\/wordpress\/wp-content\/uploads\/2022\/03\/GM-Villalta_CGiulia-Naitza-201x300.jpg 201w, https:\/\/www.radiopiu.net\/wordpress\/wp-content\/uploads\/2022\/03\/GM-Villalta_CGiulia-Naitza-686x1024.jpg 686w, https:\/\/www.radiopiu.net\/wordpress\/wp-content\/uploads\/2022\/03\/GM-Villalta_CGiulia-Naitza-768x1147.jpg 768w, https:\/\/www.radiopiu.net\/wordpress\/wp-content\/uploads\/2022\/03\/GM-Villalta_CGiulia-Naitza-1028x1536.jpg 1028w, https:\/\/www.radiopiu.net\/wordpress\/wp-content\/uploads\/2022\/03\/GM-Villalta_CGiulia-Naitza-1371x2048.jpg 1371w, https:\/\/www.radiopiu.net\/wordpress\/wp-content\/uploads\/2022\/03\/GM-Villalta_CGiulia-Naitza.jpg 1556w\" sizes=\"auto, (max-width: 105px) 100vw, 105px\" \/><\/a>APPUNTAMENTO CON LO SCRITTORE GIAN MARIO VILLALTA<\/h3>\n<p><strong>BORGO VALBELLUNA<\/strong> Venerd\u00ec\u00a0 nella chiesa di San Pietro a Mel\u00a0 primo degli appuntamenti a contorno del Premio Letterario Nazionale \u201cTrichiana Paese del Libro\u201d, giunto quest\u2019anno alla sua 32^ edizione. Gian Mario Villalta presenter\u00e0 il suo ultimo libro &#8220;Parlare al buio&#8221;<\/p>\n<p>&nbsp;<\/p>\n<p>&nbsp;<\/p>\n<p>&nbsp;<\/p>\n<hr \/>\n<p>&nbsp;<\/p>\n<blockquote>\n<h3>LUNEDI&#8217; 28 MARZO L&#8217;ASSEMBLEA DEI SOCI DEL COMITATO GEMELLAGGIO AGORDO<\/h3>\n<\/blockquote>\n<p><strong>AGORDO<\/strong> \u00c8 in programma per luned\u00ec 28 marzo l&#8217;assemblea dei soci del Comitato Gemellaggio Agordo. La presidente Michela Paganin ha convocato tutti presso la biblioteca comunale alle 20:30 per presentare la rendicontazione del 2021 e l&#8217;approvazione del bilancio, il rinnovo del direttivo fino al 2025, il rinnovo del tesseramento e le iniziative in programma.<\/p>\n<p><strong>di Gianni Santomaso<\/strong><\/p>\n<audio class=\"wp-audio-shortcode\" id=\"audio-266139-9\" preload=\"none\" style=\"width: 100%;\" controls=\"controls\"><source type=\"audio\/mpeg\" src=\"https:\/\/www.radiopiu.net\/wordpress\/wp-content\/uploads\/2022\/03\/GIANNI-GEMELLAGGIO-AGORDO.mp3?_=9\" \/><a href=\"https:\/\/www.radiopiu.net\/wordpress\/wp-content\/uploads\/2022\/03\/GIANNI-GEMELLAGGIO-AGORDO.mp3\">https:\/\/www.radiopiu.net\/wordpress\/wp-content\/uploads\/2022\/03\/GIANNI-GEMELLAGGIO-AGORDO.mp3<\/a><\/audio>\n<p>&nbsp;<\/p>\n<hr \/>\n<p>&nbsp;<\/p>\n<p><strong>ARABBA.. SCIARE FINO A PASQUA<\/strong><\/p>\n<blockquote>\n<div class=\"\">\n<div class=\"\"><i class=\"\">Ma chi l&#8217;ha detto che a Pasqua \u00e8 troppo tardi per sciare? Ad Arabba \u00e8 possibile! Gli impianti di Porta Vescovo e del Passo Pordoi sono aperti tutti i giorni fino a\u00a0<span dir=\"ltr\">luned\u00ec 18 aprile<\/span>\u00a0compreso, per permettere a tutti gli amanti dello sci di farsi un&#8217;ultima sciata anche con l&#8217;arrivo della primavera! Piste vere per sciatori veri, ma anche un&#8217;ultima occasione per passare una giornata in quota tra le vette pi\u00f9 affascinanti delle Dolomiti.\u00a0<\/i><i class=\"\">Info e prezzi su\u00a0<a class=\"\" href=\"http:\/\/www.arabba.it\/\">www.arabba.it<\/a>\u00a0<\/i><\/div>\n<\/div>\n<\/blockquote>\n<p>&nbsp;<\/p>\n<hr \/>\n<p>&nbsp;<\/p>\n<blockquote>\n<h3>NUOVI MONDI, COTROMETRAGGI PER BAMBINI<\/h3>\n<\/blockquote>\n<p><strong>FONZASO<\/strong> Venerd\u00ec alle 21 nella ex-scuola elementare di Arten,\u00a0 interviene Mauro Soppelsa, Associazione De Marchi per il Nepal.\u00a0Con piccoli film per bambini sar\u00e0 possibile scoprire\u00a0 mondi lontani grazie a viaggi speciali\u00a0 con il racconto dopo le proiezioni dell&#8217;\u2019esperienza dell\u2019Associazione Giuliano De Marchi per il Nepal. Ingresso libero, su prenotazione<\/p>\n<blockquote><p>&nbsp;<\/p><\/blockquote>\n<hr \/>\n<p>&nbsp;<\/p>\n<blockquote>\n<h3>IN PROGRAMMA DUE GIORNATE ECOLOGICHE A CENCENIGHE<\/h3>\n<\/blockquote>\n<p><strong><a class=\"dt-pswp-item\" href=\"https:\/\/www.radiopiu.net\/wordpress\/wp-content\/uploads\/2022\/02\/Rifiuti_abbandonati.jpg\" data-dt-img-description=\"\" data-large_image_width=\"1171\" data-large_image_height=\"642\"><img loading=\"lazy\" decoding=\"async\" class=\" wp-image-257319 alignleft\" src=\"https:\/\/www.radiopiu.net\/wordpress\/wp-content\/uploads\/2022\/02\/Rifiuti_abbandonati-300x164.jpg\" alt=\"\" width=\"183\" height=\"100\" srcset=\"https:\/\/www.radiopiu.net\/wordpress\/wp-content\/uploads\/2022\/02\/Rifiuti_abbandonati-300x164.jpg 300w, https:\/\/www.radiopiu.net\/wordpress\/wp-content\/uploads\/2022\/02\/Rifiuti_abbandonati-1024x561.jpg 1024w, https:\/\/www.radiopiu.net\/wordpress\/wp-content\/uploads\/2022\/02\/Rifiuti_abbandonati-768x421.jpg 768w, https:\/\/www.radiopiu.net\/wordpress\/wp-content\/uploads\/2022\/02\/Rifiuti_abbandonati.jpg 1171w\" sizes=\"auto, (max-width: 183px) 100vw, 183px\" \/><\/a>CENCENIGHE<\/strong> L&#8217;amministrazione comunale di Cencenighe in collaborazione con la Pro Loco organizza due giornate ecologiche per la raccolta di rifiuti abbandonati. Sabato 2 aprile il ritrovo alle 8 con l&#8217;assegnazione dell&#8217;area di pulizia, alle 13 il pranzo al Nof Fil\u00f2 e subito dopo l&#8217;eventuale prosecuzione dei lavori. Domenica 3 aprile il ritrovo alle 8 con l&#8217;assegnazione dell&#8217;area di pulizia e alle 12 il pranzo sempre al Nof Fil\u00f2. L&#8217;attrezzatura verr\u00e0 fornita da Valpe Ambiente e le immondizie raccolte saranno conferite all&#8217;ecocentro. I bambini che vogliono partecipare alle giornate dovranno essere accompagnati. In caso di maltempo la manifestazione sar\u00e0 rinviata al fine settimana successivo del 9 e 10 aprile.<\/p>\n<p>&nbsp;<\/p>\n<p>&nbsp;<\/p>\n<hr \/>\n<p>&nbsp;<\/p>\n<blockquote>\n<h3>CAMMINATURALMENTE CON ANACLETO BORANGA<\/h3>\n<\/blockquote>\n<p><strong>BELLUNO<\/strong> Domenica 27 marzo nel Bosco delle Castagne.\u00a0 Informazioni ed iscrizioni allo 0437 948093 entro le 12 del venerdi precedente l&#8217;evento.<\/p>\n<p>&nbsp;<\/p>\n<p>&nbsp;<\/p>\n<hr \/>\n<p>&nbsp;<\/p>\n<blockquote>\n<h3>Il 18 giugno arriva in citt\u00e0 la prima edizione di TEDxBelluno dal titolo \u201cDisruption\u201d<\/h3>\n<\/blockquote>\n<p><strong>BELLUNO<\/strong> \u00c8 in programma sabato 18 giugno a Palazzo Bembo a Belluno la prima edizione di TEDxBelluno, intitolata Disruption, che ha l\u2019obiettivo di coinvolgere tutta la provincia e far partire un movimento che supporti la nascita, la condivisione e la crescita di nuove idee che vale la pena condividere. TED \u00e8 un\u2019organizzazione no-profit nata con l\u2019obiettivo di diffondere idee di valore attraverso il motto \u00abIdeas Worth Spreading\u00bb.\u00a0 Il principale evento TED, nato e cresciuto nella Silicon Valley, si tiene ormai da qualche anno a Vancouver in Canada. I relatori sono invitati a raccontare le proprie idee e intuizioni in massimo 18 minuti: i video sono poi raccolti sulla piattaforma www.ted.com e messi a disposizione degli utenti web. Per maggiori informazioni www.tedxbelluno.com<\/p>\n<p>&nbsp;<\/p>\n<hr \/>\n<p>&nbsp;<\/p>\n<p>&nbsp;<\/p>\n<blockquote>\n<h3><a class=\"dt-pswp-item\" href=\"https:\/\/www.radiopiu.net\/wordpress\/wp-content\/uploads\/2022\/03\/275973347_368646675168912_1644384999887910771_n.jpg\" data-dt-img-description=\"\" data-large_image_width=\"2048\" data-large_image_height=\"1152\"><img loading=\"lazy\" decoding=\"async\" class=\" wp-image-265916 alignleft\" src=\"https:\/\/www.radiopiu.net\/wordpress\/wp-content\/uploads\/2022\/03\/275973347_368646675168912_1644384999887910771_n-300x169.jpg\" alt=\"\" width=\"203\" height=\"115\" srcset=\"https:\/\/www.radiopiu.net\/wordpress\/wp-content\/uploads\/2022\/03\/275973347_368646675168912_1644384999887910771_n-300x169.jpg 300w, https:\/\/www.radiopiu.net\/wordpress\/wp-content\/uploads\/2022\/03\/275973347_368646675168912_1644384999887910771_n-1024x576.jpg 1024w, https:\/\/www.radiopiu.net\/wordpress\/wp-content\/uploads\/2022\/03\/275973347_368646675168912_1644384999887910771_n-768x432.jpg 768w, https:\/\/www.radiopiu.net\/wordpress\/wp-content\/uploads\/2022\/03\/275973347_368646675168912_1644384999887910771_n-1536x864.jpg 1536w, https:\/\/www.radiopiu.net\/wordpress\/wp-content\/uploads\/2022\/03\/275973347_368646675168912_1644384999887910771_n.jpg 2048w\" sizes=\"auto, (max-width: 203px) 100vw, 203px\" \/><\/a>MARCO DAL FARRA LIVE A CASTION<\/h3>\n<\/blockquote>\n<p><strong>BELLUNO<\/strong> Torna live Marco dal Farra che domenica 10 aprile al teatro San Gaetano di Castion presenter\u00e0 il suo nuovo singolo all&#8217;interno del concerto in programma alle 18. Ingresso libero su prenotazione scrivendo alla mail epoca.label@gmail.com<\/p>\n<p>&nbsp;<\/p>\n<p>&nbsp;<\/p>\n<hr \/>\n<p>&nbsp;<\/p>\n<blockquote>\n<h3>&#8220;FRA DUE BATTITI&#8221; IN SALA A FELTRE<\/h3>\n<\/blockquote>\n<p><strong>BELLUNO<\/strong> Il 25 Marzo alle 20:30 presso l\u2019Officinema a Feltre verra\u0300 presentato &#8220;Fra due Battiti&#8221;, un film di Stefano Usardi prodotto dalla bellunese FiFilm Production di Caterina Francavilla. In sala saranno presenti il regista e il cast, repliche il 26 Marzo alle 18:30 e il 2 Aprile alle 18:30. Il 31 Marzo alle 20:45 il film sara\u0300 a Belluno al Cinema Lumie\u0300re, sempre con regista e cast in sala.<\/p>\n<p>&nbsp;<\/p>\n<p>&nbsp;<\/p>\n<hr \/>\n<p>&nbsp;<\/p>\n<blockquote>\n<h3>LA PRESENTAZIONE DEL LIBRO DI ANTONELLA GIACOMINI<\/h3>\n<\/blockquote>\n<p><strong>BELLUNO<\/strong> &#8220;Volevo vedere la tundra&#8221; \u00e8 il titolo del libro che Antonalla Giacomini presenter\u00e0 sulla piattaforma zoom nella serata del 8 aprile alle 18:30. Un incontro con i lettori per illustrare l&#8217;ultimo lavoro. Chi volesse partecipare pu\u00f2 iscriversi online al seguente link. <a href=\"https:\/\/mailchi.mp\/gabel.it\/presentazione-libro-volevo-vedere-la-tundra\">https:\/\/mailchi.mp\/gabel.it\/presentazione-libro-volevo-vedere-la-tundra<\/a><\/p>\n<p>&nbsp;<\/p>\n<p>&nbsp;<\/p>\n<hr \/>\n<p>&nbsp;<\/p>\n<h2><span style=\"color: #ff0000;\">IERI ALLA RADIO\u00a0<\/span><\/h2>\n<p>&nbsp;<\/p>\n<h2><span style=\"color: #808000;\">ALLO ZERO TERMICO:\u00a0 MATTEO CAGNATI, SCI CLUB VAL BIOIS<\/span><\/h2>\n<blockquote><p><span style=\"color: #ff0000;\"><em><a class=\"dt-pswp-item\" href=\"https:\/\/www.radiopiu.net\/wordpress\/wp-content\/uploads\/2020\/02\/download-4.jpg\" data-dt-img-description=\"\" data-large_image_width=\"228\" data-large_image_height=\"221\"><img loading=\"lazy\" decoding=\"async\" class=\" wp-image-117199 alignleft\" src=\"https:\/\/www.radiopiu.net\/wordpress\/wp-content\/uploads\/2020\/02\/download-4.jpg\" alt=\"\" width=\"157\" height=\"152\" \/><\/a>ZERO TERMICO E&#8217; UN VIAGGIO ALLA SCOPERTA DEL NOSTRO TERRITORIO, DALLA VOCE DEI PROTAGONISTI. TURISMO, SPORT, EVENTI, CULTURA, INTRATTENIMENTO. DAL LUNEDI&#8217; AL VENERDI ALLE 15.10 ALLE 20.30. ZERO TERMICO. UN APPUNTAMENTO IN COLLABORAZIONE CON: SPORT 203. LA NATURALE PORTA D&#8217;INGRESSO&#8230;.VERSO LO ZERO TERMICO. LOCALITA&#8217; LE CAMPE STRADA AGORDO BELLUNO. ABBIGLIAMENTO E ATTREZZATURA&#8230;.DEDICATI A CHI AMA LA MONTAGNA.<\/em><\/span><\/p><\/blockquote>\n<p><strong>di Claudio Fontanive\u00a0<\/strong><\/p>\n<audio class=\"wp-audio-shortcode\" id=\"audio-266139-10\" preload=\"none\" style=\"width: 100%;\" controls=\"controls\"><source type=\"audio\/mpeg\" src=\"https:\/\/www.radiopiu.net\/wordpress\/wp-content\/uploads\/2022\/03\/matteo-cagnati-22-marzo.mp3?_=10\" \/><a href=\"https:\/\/www.radiopiu.net\/wordpress\/wp-content\/uploads\/2022\/03\/matteo-cagnati-22-marzo.mp3\">https:\/\/www.radiopiu.net\/wordpress\/wp-content\/uploads\/2022\/03\/matteo-cagnati-22-marzo.mp3<\/a><\/audio>\n<p>&nbsp;<\/p>\n<p>&nbsp;<\/p>\n<p>&nbsp;<\/p>\n<hr \/>\n<p>&nbsp;<\/p>\n<p><strong>TUTTI I LUNEDI ALLE 10,30 E 1900, LA DOMENICA ALLE 8 007 IN CONDOTTA, LA SCUOLA CON LA PROF. MARIA ROSA SALMAZO E CLAUDIO FONTANIVE, IN PODCAST TUTTE LE PUNTATE DELLE ULTIME STAGIONI.\u00a0<\/strong><\/p>\n<p><strong>\u00a0LA PUNTATA DI IERI 21 MARZO 2022<\/strong><\/p>\n<audio class=\"wp-audio-shortcode\" id=\"audio-266139-11\" preload=\"none\" style=\"width: 100%;\" controls=\"controls\"><source type=\"audio\/mpeg\" src=\"https:\/\/www.radiopiu.net\/wordpress\/wp-content\/uploads\/2022\/03\/007-21-marzo.mp3?_=11\" \/><a href=\"https:\/\/www.radiopiu.net\/wordpress\/wp-content\/uploads\/2022\/03\/007-21-marzo.mp3\">https:\/\/www.radiopiu.net\/wordpress\/wp-content\/uploads\/2022\/03\/007-21-marzo.mp3<\/a><\/audio>\n<p>&nbsp;<\/p>\n<blockquote class=\"wp-embedded-content\" data-secret=\"nYkhUm9aNH\"><p><a href=\"https:\/\/www.radiopiu.net\/wordpress\/007incondotta-9\/\">007 in condotta<\/a><\/p><\/blockquote>\n<p><iframe loading=\"lazy\" class=\"wp-embedded-content\" sandbox=\"allow-scripts\" security=\"restricted\" style=\"position: absolute; clip: rect(1px, 1px, 1px, 1px);\" title=\"&#8220;007 in condotta&#8221; &#8212; Radio Pi\u00f9\" src=\"https:\/\/www.radiopiu.net\/wordpress\/007incondotta-9\/embed\/#?secret=a0tRALT748#?secret=nYkhUm9aNH\" data-secret=\"nYkhUm9aNH\" width=\"600\" height=\"338\" frameborder=\"0\" marginwidth=\"0\" marginheight=\"0\" scrolling=\"no\"><\/iframe><\/p>\n<p>&nbsp;<\/p>\n<p>&nbsp;<\/p>\n<hr \/>\n<p>&nbsp;<\/p>\n<blockquote class=\"wp-embedded-content\" data-secret=\"7VXNFjVUnM\"><p><a href=\"https:\/\/www.radiopiu.net\/wordpress\/ad-un-anno-dalla-scomparsa-causa-il-covid-ricordato-don-elio-larese-messa-e-libretto\/\">AD UN ANNO DALLA SCOMPARSA CAUSA IL COVID: RICORDATO DON ELIO LARESE (MESSA E LIBRETTO)<\/a><\/p><\/blockquote>\n<p><iframe loading=\"lazy\" class=\"wp-embedded-content\" sandbox=\"allow-scripts\" security=\"restricted\" style=\"position: absolute; clip: rect(1px, 1px, 1px, 1px);\" title=\"&#8220;AD UN ANNO DALLA SCOMPARSA CAUSA IL COVID: RICORDATO DON ELIO LARESE (MESSA E LIBRETTO)&#8221; &#8212; Radio Pi\u00f9\" src=\"https:\/\/www.radiopiu.net\/wordpress\/ad-un-anno-dalla-scomparsa-causa-il-covid-ricordato-don-elio-larese-messa-e-libretto\/embed\/#?secret=5U7p77uP4p#?secret=7VXNFjVUnM\" data-secret=\"7VXNFjVUnM\" width=\"600\" height=\"338\" frameborder=\"0\" marginwidth=\"0\" marginheight=\"0\" scrolling=\"no\"><\/iframe><\/p>\n<p>&nbsp;<\/p>\n<p>&nbsp;<\/p>\n<hr \/>\n<p>&nbsp;<\/p>\n<p>&nbsp;<\/p>\n<div>\n<div class=\"b654a4as d2edcug0\">\n<div class=\"rq0escxv hkbzh7o3 jwdofwj8 n8tt0mok r8blr3vg hyh9befq\">\n<p><a class=\"dt-pswp-item\" href=\"https:\/\/www.radiopiu.net\/wordpress\/wp-content\/uploads\/2020\/10\/pp.jpg\" data-dt-img-description=\"\" data-large_image_width=\"640\" data-large_image_height=\"640\"><img loading=\"lazy\" decoding=\"async\" class=\"wp-image-163678 alignleft\" src=\"https:\/\/www.radiopiu.net\/wordpress\/wp-content\/uploads\/2020\/10\/pp-300x300.jpg\" alt=\"\" width=\"106\" height=\"106\" srcset=\"https:\/\/www.radiopiu.net\/wordpress\/wp-content\/uploads\/2020\/10\/pp-300x300.jpg 300w, https:\/\/www.radiopiu.net\/wordpress\/wp-content\/uploads\/2020\/10\/pp-150x150.jpg 150w, https:\/\/www.radiopiu.net\/wordpress\/wp-content\/uploads\/2020\/10\/pp-125x125.jpg 125w, https:\/\/www.radiopiu.net\/wordpress\/wp-content\/uploads\/2020\/10\/pp-200x200.jpg 200w, https:\/\/www.radiopiu.net\/wordpress\/wp-content\/uploads\/2020\/10\/pp-80x80.jpg 80w, https:\/\/www.radiopiu.net\/wordpress\/wp-content\/uploads\/2020\/10\/pp-480x480.jpg 480w, https:\/\/www.radiopiu.net\/wordpress\/wp-content\/uploads\/2020\/10\/pp.jpg 640w\" sizes=\"auto, (max-width: 106px) 100vw, 106px\" \/><\/a><\/p>\n<\/div>\n<\/div>\n<\/div>\n<div>\n<div class=\"page-title-head hgroup\">\n<div class=\"page-title-head hgroup\">\n<div class=\"b654a4as d2edcug0\">\n<div class=\"j83agx80 btwxx1t3 lhclo0ds hop8lmos nkwizq5d scwd0bx6 roh60bw9\">\n<div class=\"rq0escxv hkbzh7o3 jwdofwj8 n8tt0mok r8blr3vg hyh9befq\">\n<div class=\"do00u71z l9j0dhe7 k4urcfbm\">\n<h2><span style=\"color: #000080;\">\u00a0<\/span><span style=\"color: #000080;\">DON CESARE, IL PENSIERO DEL GIORNO. ALLA RADIO ALLE 7 DEL MATTINO E ALLE 19.30 DELLA SERA.\u00a0<\/span><\/h2>\n<audio class=\"wp-audio-shortcode\" id=\"audio-266139-12\" preload=\"none\" style=\"width: 100%;\" controls=\"controls\"><source type=\"audio\/mpeg\" src=\"https:\/\/www.radiopiu.net\/wordpress\/wp-content\/uploads\/2022\/03\/cesare-11.mp3?_=12\" \/><a href=\"https:\/\/www.radiopiu.net\/wordpress\/wp-content\/uploads\/2022\/03\/cesare-11.mp3\">https:\/\/www.radiopiu.net\/wordpress\/wp-content\/uploads\/2022\/03\/cesare-11.mp3<\/a><\/audio>\n<\/div>\n<\/div>\n<\/div>\n<\/div>\n<\/div>\n<\/div>\n<\/div>\n<p>&nbsp;<\/p>\n<p>&nbsp;<\/p>\n<hr \/>\n<p>&nbsp;<\/p>\n<h3 class=\"kvgmc6g5 cxmmr5t8 oygrvhab hcukyx3x c1et5uql\"><span style=\"color: #0000ff;\"><strong>INFORMAZIONE il canale su TELEGRAM informazione di prima mano e in tempo reale. iscriviti ed aiutaci a farlo conoscere\u00a0 \u00a0<\/strong><\/span><\/h3>\n<p>&nbsp;<\/p>\n<p>https:\/\/www.radiopiu.net\/wordpress\/agopiu20annifa\/<\/p>\n<p>&nbsp;<\/p>\n<p>&nbsp;<\/p>\n<hr \/>\n<p>&nbsp;<\/p>\n<div class=\"do00u71z l9j0dhe7 k4urcfbm\">\n<div class=\"page-title-head hgroup\">\n<div class=\"page-title-head hgroup\">\n<div class=\"b654a4as d2edcug0\">\n<div class=\"j83agx80 btwxx1t3 lhclo0ds hop8lmos nkwizq5d scwd0bx6 roh60bw9\">\n<div class=\"rq0escxv hkbzh7o3 jwdofwj8 n8tt0mok r8blr3vg hyh9befq\">\n<div class=\"do00u71z l9j0dhe7 k4urcfbm\">\n<div class=\"page-title-head hgroup\">\n<div class=\"page-title-head hgroup\">\n<div class=\"b654a4as d2edcug0\">\n<div class=\"j83agx80 btwxx1t3 lhclo0ds hop8lmos nkwizq5d scwd0bx6 roh60bw9\">\n<div class=\"rq0escxv hkbzh7o3 jwdofwj8 n8tt0mok r8blr3vg hyh9befq\">\n<div class=\"do00u71z l9j0dhe7 k4urcfbm\">\n<div class=\"ecm0bbzt e5nlhep0 a8c37x1j\">\n<div class=\"kvgmc6g5 cxmmr5t8 oygrvhab hcukyx3x c1et5uql\">\n<div class=\"gmail-kvgmc6g5 gmail-cxmmr5t8 gmail-oygrvhab gmail-hcukyx3x gmail-c1et5uql gmail-ii04i59q\">\n<div class=\"page-title-head hgroup\">\n<div class=\"page-title-head hgroup\">\n<div class=\"b654a4as d2edcug0\">\n<div class=\"j83agx80 btwxx1t3 lhclo0ds hop8lmos nkwizq5d scwd0bx6 roh60bw9\">\n<div class=\"rq0escxv hkbzh7o3 jwdofwj8 n8tt0mok r8blr3vg hyh9befq\">\n<div class=\"do00u71z l9j0dhe7 k4urcfbm\">\n<div class=\"page-title-head hgroup\">\n<div class=\"page-title-head hgroup\">\n<div class=\"b654a4as d2edcug0\">\n<div class=\"j83agx80 btwxx1t3 lhclo0ds hop8lmos nkwizq5d scwd0bx6 roh60bw9\">\n<div class=\"rq0escxv hkbzh7o3 jwdofwj8 n8tt0mok r8blr3vg hyh9befq\">\n<div class=\"do00u71z l9j0dhe7 k4urcfbm\">\n<div class=\"page-title-head hgroup\">\n<div class=\"page-title-head hgroup\">\n<div class=\"b654a4as d2edcug0\">\n<div class=\"j83agx80 btwxx1t3 lhclo0ds hop8lmos nkwizq5d scwd0bx6 roh60bw9\">\n<div class=\"rq0escxv hkbzh7o3 jwdofwj8 n8tt0mok r8blr3vg hyh9befq\">\n<div class=\"do00u71z l9j0dhe7 k4urcfbm\">\n<div class=\"ecm0bbzt e5nlhep0 a8c37x1j\">\n<div class=\"kvgmc6g5 cxmmr5t8 oygrvhab hcukyx3x c1et5uql\">\n<div class=\"gmail-kvgmc6g5 gmail-cxmmr5t8 gmail-oygrvhab gmail-hcukyx3x gmail-c1et5uql gmail-ii04i59q\">\n<div class=\"page-title-head hgroup\">\n<div class=\"page-title-head hgroup\">\n<div class=\"b654a4as d2edcug0\">\n<div class=\"j83agx80 btwxx1t3 lhclo0ds hop8lmos nkwizq5d scwd0bx6 roh60bw9\">\n<div class=\"rq0escxv hkbzh7o3 jwdofwj8 n8tt0mok r8blr3vg hyh9befq\">\n<div class=\"do00u71z l9j0dhe7 k4urcfbm\">\n<blockquote>\n<h3><span style=\"color: #ff0000;\">IN VIVO VERSO, SETTIMA STAGIONE CON BRUNELLA MORO, DAL LUNEDI AL VENERDI ALLE 7.10, 10.10 E 18.50\u00a0\u00a0<\/span><\/h3>\n<\/blockquote>\n<h3>IL GRANDE FUOCO di CINZIA VIEL<\/h3>\n<p><strong>AUDIO<\/strong><\/p>\n<audio class=\"wp-audio-shortcode\" id=\"audio-266139-13\" preload=\"none\" style=\"width: 100%;\" controls=\"controls\"><source type=\"audio\/mpeg\" src=\"https:\/\/www.radiopiu.net\/wordpress\/wp-content\/uploads\/2022\/03\/02-CINZIA-VIEL-IL-GRANDE-FUOCO.mp3?_=13\" \/><a href=\"https:\/\/www.radiopiu.net\/wordpress\/wp-content\/uploads\/2022\/03\/02-CINZIA-VIEL-IL-GRANDE-FUOCO.mp3\">https:\/\/www.radiopiu.net\/wordpress\/wp-content\/uploads\/2022\/03\/02-CINZIA-VIEL-IL-GRANDE-FUOCO.mp3<\/a><\/audio>\n<p>&nbsp;<\/p>\n<p><img loading=\"lazy\" decoding=\"async\" class=\"alignleft\" src=\"https:\/\/www.radiopiu.net\/wordpress\/wp-content\/uploads\/2022\/03\/CINZIA-VIEL-FOTO.jpg\" width=\"213\" height=\"211\" \/>Non importa<br \/>\nse gli altri<br \/>\nti capiscono oppure no<br \/>\nTu continua<br \/>\nVai avanti<br \/>\nSpingi con forza<br \/>\nL\u00e0 dove trovi resistenza<br \/>\nMa resta immobile<br \/>\nFerma<br \/>\nDevi fermarti<br \/>\nPer ripartire<br \/>\nFermarsi significa<br \/>\nStare fermi<br \/>\nStare<br \/>\nSostare<br \/>\nSaper stare<br \/>\nNella propria essenza<br \/>\nScoprirla<br \/>\n\u00c8 il pi\u00f9 grande dono<br \/>\nChe ci \u00e8 stato offerto<br \/>\nDal cielo<br \/>\nE dalla terra<br \/>\nEterni custodi<br \/>\nDel tempo<br \/>\nCome carte al vento<br \/>\nCome arte<br \/>\nCome armarsi d&#8217;amore per s\u00e9 stessi<br \/>\nE manifestarlo<br \/>\nPer contagiare<br \/>\nTutto intorno a s\u00e9<br \/>\nCome semina che vede i propri fiori<br \/>\nE ne gioisce<br \/>\nE ama<br \/>\nLa propria forma<br \/>\nCos\u00ec speciale e delicata<br \/>\nCos\u00ec infinitamente vasta<br \/>\nCos\u00ec dolce e calda<br \/>\nNon ho mai toccato una stella<br \/>\n\u00c8 una fiammella<br \/>\nForse<br \/>\nIl focolare<br \/>\nDella Casa Universale<br \/>\nFuori e dentro<br \/>\nIl Grande Fuoco<\/p>\n<div class=\"page-title-breadcrumbs\">\n<p><strong>LA RACCOLTA COMPLETA\u00a0<\/strong><\/p>\n<\/div>\n<blockquote class=\"wp-embedded-content\" data-secret=\"hD9kGvpcIt\"><p><a href=\"https:\/\/www.radiopiu.net\/wordpress\/in-vivo-verso\/\">In Vivo Verso<\/a><\/p><\/blockquote>\n<p><iframe loading=\"lazy\" class=\"wp-embedded-content\" sandbox=\"allow-scripts\" security=\"restricted\" style=\"position: absolute; clip: rect(1px, 1px, 1px, 1px);\" title=\"&#8220;In Vivo Verso&#8221; &#8212; Radio Pi\u00f9\" src=\"https:\/\/www.radiopiu.net\/wordpress\/in-vivo-verso\/embed\/#?secret=A6zDwm0IXc#?secret=hD9kGvpcIt\" data-secret=\"hD9kGvpcIt\" width=\"600\" height=\"338\" frameborder=\"0\" marginwidth=\"0\" marginheight=\"0\" scrolling=\"no\"><\/iframe><\/p>\n<p>&nbsp;<\/p>\n<hr \/>\n<p>&nbsp;<\/p>\n<h2><span style=\"color: #808000;\">GOCCE DI FILOSOFIA<\/span><\/h2>\n<p><strong>PUNTATA 162 DEL 22 MARZO 2022<\/strong><\/p>\n<audio class=\"wp-audio-shortcode\" id=\"audio-266139-14\" preload=\"none\" style=\"width: 100%;\" controls=\"controls\"><source type=\"audio\/mpeg\" src=\"https:\/\/www.radiopiu.net\/wordpress\/wp-content\/uploads\/2022\/03\/FI2-2.mp3?_=14\" \/><a href=\"https:\/\/www.radiopiu.net\/wordpress\/wp-content\/uploads\/2022\/03\/FI2-2.mp3\">https:\/\/www.radiopiu.net\/wordpress\/wp-content\/uploads\/2022\/03\/FI2-2.mp3<\/a><\/audio>\n<p>&nbsp;<\/p>\n<p><strong>LA RACCOLTA COMPLETA<\/strong><\/p>\n<blockquote class=\"wp-embedded-content\" data-secret=\"u1tSk7J7KR\"><p><a href=\"https:\/\/www.radiopiu.net\/wordpress\/gocce-filosofia\/\">Gocce di filosofia, PRIMA E SECONDA STAGIONE 2022<\/a><\/p><\/blockquote>\n<p><iframe loading=\"lazy\" class=\"wp-embedded-content\" sandbox=\"allow-scripts\" security=\"restricted\" style=\"position: absolute; clip: rect(1px, 1px, 1px, 1px);\" title=\"&#8220;Gocce di filosofia, PRIMA E SECONDA STAGIONE 2022&#8221; &#8212; Radio Pi\u00f9\" src=\"https:\/\/www.radiopiu.net\/wordpress\/gocce-filosofia\/embed\/#?secret=I5fB22d7Pi#?secret=u1tSk7J7KR\" data-secret=\"u1tSk7J7KR\" width=\"600\" height=\"338\" frameborder=\"0\" marginwidth=\"0\" marginheight=\"0\" scrolling=\"no\"><\/iframe><\/p>\n<p>&nbsp;<\/p>\n<hr \/>\n<p>&nbsp;<\/p>\n<p>&nbsp;<\/p>\n<p>https:\/\/www.radiopiu.net\/wordpress\/39anniradiopiu\/<\/p>\n<p>&nbsp;<\/p>\n<p>&nbsp;<\/p>\n<hr \/>\n<p>&nbsp;<\/p>\n<p><span style=\"color: #0000ff;\">MUSICA PIU&#8217;\u00a0<\/span><\/p>\n<p><a href=\"https:\/\/www.radiopiu.net\/wordpress\/giornale-radiopiu-20-settembre-2021-direttore-mirko-mezzacasa\/pp-79\/\" rel=\"attachment wp-att-232921\"><img loading=\"lazy\" decoding=\"async\" class=\"wp-image-232921 alignleft\" src=\"https:\/\/www.radiopiu.net\/wordpress\/wp-content\/uploads\/2021\/09\/pp-1-300x300.jpg\" alt=\"\" width=\"135\" height=\"135\" srcset=\"https:\/\/www.radiopiu.net\/wordpress\/wp-content\/uploads\/2021\/09\/pp-1-300x300.jpg 300w, https:\/\/www.radiopiu.net\/wordpress\/wp-content\/uploads\/2021\/09\/pp-1-150x150.jpg 150w, https:\/\/www.radiopiu.net\/wordpress\/wp-content\/uploads\/2021\/09\/pp-1.jpg 640w\" sizes=\"auto, (max-width: 135px) 100vw, 135px\" \/><\/a><\/p>\n<div class=\"mkdf-post-text\">\n<div class=\"mkdf-post-text-inner\">\n<div class=\"mkdf-post-text-main\">\n<div class=\"mkdf-post-text\">\n<div class=\"mkdf-post-text-inner\">\n<div class=\"mkdf-post-text-main\">\n<div class=\"mkdf-post-text\">\n<div class=\"mkdf-post-text-inner\">\n<div class=\"mkdf-post-text-main\">\n<div class=\"page-title-head hgroup\">\n<div class=\"page-title-head hgroup\">\n<div class=\"mkdf-post-text\">\n<div class=\"mkdf-post-text-inner\">\n<div class=\"mkdf-post-text-main\">\n<div class=\"mkdf-post-text\">\n<div class=\"mkdf-post-text-inner\">\n<div class=\"mkdf-post-text-main\">\n<div class=\"page-title-head hgroup\">\n<div class=\"page-title-head hgroup\">\n<div class=\"page-title-head hgroup\">\n<div class=\"page-title-head hgroup\">\n<div class=\"b654a4as d2edcug0\">\n<div class=\"page-title-head hgroup\">\n<div class=\"page-title-head hgroup\">\n<div class=\"page-title-head hgroup\">\n<div class=\"page-title-head hgroup\">\n<div class=\"b654a4as d2edcug0\">\n<div class=\"page-title-head hgroup\">\n<div class=\"page-title-head hgroup\">\n<div class=\"page-title-head hgroup\">\n<div class=\"page-title-head hgroup\">\n<div class=\"b654a4as d2edcug0\">\n<div class=\"mkdf-post-text\">\n<div class=\"mkdf-post-text-inner\">\n<div class=\"mkdf-post-text-main\">\n<div class=\"mkdf-post-text\">\n<div class=\"mkdf-post-text-inner\">\n<div class=\"mkdf-post-text-main\">\n<div class=\"mkdf-post-text\">\n<div class=\"mkdf-post-text-inner\">\n<div class=\"mkdf-post-text-main\">\n<div class=\"page-title-head hgroup\">\n<div class=\"page-title-head hgroup\">\n<div class=\"mkdf-post-text\">\n<div class=\"mkdf-post-text-inner\">\n<div class=\"mkdf-post-text-main\">\n<div class=\"mkdf-post-text\">\n<div class=\"mkdf-post-text-inner\">\n<div class=\"mkdf-post-text-main\">\n<div class=\"page-title-head hgroup\">\n<div class=\"page-title-head hgroup\">\n<div class=\"page-title-head hgroup\">\n<div class=\"page-title-head hgroup\">\n<div class=\"b654a4as d2edcug0\">\n<div class=\"page-title-head hgroup\">\n<div class=\"page-title-head hgroup\">\n<div class=\"page-title-head hgroup\">\n<div class=\"page-title-head hgroup\">\n<div class=\"b654a4as d2edcug0\">\n<div class=\"page-title-head hgroup\">\n<div class=\"page-title-head hgroup\">\n<div class=\"page-title-head hgroup\">\n<div class=\"page-title-head hgroup\">\n<div class=\"b654a4as d2edcug0\">\n<div><\/div>\n<div><\/div>\n<div>\n<p><strong>MUSICA ALLA RADIO, IL PROGRAMMA DI LORIS SCUSSEL &#8220;COLLAGE OPERAZIONE NOSTALGIA&#8221; DAL LUNEDI AL VENERDI ALLE 16.00\u00a0 E ALLE 23\u00a0<\/strong><\/p>\n<p>&nbsp;<\/p>\n<p><em><strong>PUNTATA 567 DEL 22 MARZO 2022<\/strong><\/em><\/p>\n<audio class=\"wp-audio-shortcode\" id=\"audio-266139-15\" preload=\"none\" style=\"width: 100%;\" controls=\"controls\"><source type=\"audio\/mpeg\" src=\"https:\/\/www.radiopiu.net\/wordpress\/wp-content\/uploads\/2022\/03\/Collage-566.mp3?_=15\" \/><a href=\"https:\/\/www.radiopiu.net\/wordpress\/wp-content\/uploads\/2022\/03\/Collage-566.mp3\">https:\/\/www.radiopiu.net\/wordpress\/wp-content\/uploads\/2022\/03\/Collage-566.mp3<\/a><\/audio>\n<p>&nbsp;<\/p>\n<\/div>\n<p><strong><a class=\"dt-pswp-item\" href=\"https:\/\/www.radiopiu.net\/wordpress\/wp-content\/uploads\/2022\/03\/Pete-Seeger.jpg\" data-dt-img-description=\"\" data-large_image_width=\"286\" data-large_image_height=\"176\"><img loading=\"lazy\" decoding=\"async\" class=\" wp-image-265819 alignleft\" src=\"https:\/\/www.radiopiu.net\/wordpress\/wp-content\/uploads\/2022\/03\/Pete-Seeger.jpg\" alt=\"\" width=\"241\" height=\"148\" \/><\/a>di Loris Scussel<\/strong><\/p>\n<p>Anche questa settimana Collage aprir\u00e0 la sua programmazione con una puntata dedicata alle canzoni contro la guerra e vedr\u00e0 la partecipazione straordinaria di Brunella Moro nella lettura di un brano di Pete Seeger sul tema. Marted\u00ec il \u201csole\u201d sar\u00e0 il denominatore comune tra i pezzi in scaletta, mercoled\u00ec spazio alla musica internazionale, gioved\u00ec ascolteremo i cantautori di casa nostra per arrivare infine a venerd\u00ec con una selezione di canzoni italiane che risalgono agli anni 60\/70. Il programma andr\u00e0 in onda dal luned\u00ec al venerd\u00ec alle 16,00 e alle 23,00.<\/p>\n<p>&nbsp;<\/p>\n<p>&nbsp;<\/p>\n<hr \/>\n<\/div>\n<\/div>\n<\/div>\n<\/div>\n<\/div>\n<\/div>\n<\/div>\n<\/div>\n<\/div>\n<\/div>\n<\/div>\n<\/div>\n<\/div>\n<\/div>\n<\/div>\n<\/div>\n<\/div>\n<\/div>\n<\/div>\n<\/div>\n<\/div>\n<\/div>\n<\/div>\n<\/div>\n<\/div>\n<\/div>\n<\/div>\n<\/div>\n<\/div>\n<\/div>\n<\/div>\n<\/div>\n<\/div>\n<\/div>\n<\/div>\n<\/div>\n<\/div>\n<\/div>\n<\/div>\n<\/div>\n<\/div>\n<\/div>\n<\/div>\n<\/div>\n<\/div>\n<\/div>\n<\/div>\n<\/div>\n<\/div>\n<\/div>\n<\/div>\n<\/div>\n<\/div>\n<\/div>\n<\/div>\n<\/div>\n<\/div>\n<\/div>\n<\/div>\n<\/div>\n<\/div>\n<\/div>\n<\/div>\n<\/div>\n<p>&nbsp;<\/p>\n<blockquote>\n<h3><span style=\"color: #0000ff;\">INFORMAZIONE il canale su TELEGRAM informazione di prima mano e in tempo reale. iscriviti ed aiutaci a farlo conoscere\u00a0\u00a0<\/span><\/h3>\n<\/blockquote>\n<div>\n<div class=\"page-title-head hgroup\">\n<div class=\"page-title-head hgroup\">\n<div class=\"page-title-head hgroup\">\n<div class=\"page-title-head hgroup\">\n<div class=\"b654a4as d2edcug0\">\n<div class=\"page-title-head hgroup\">\n<div class=\"page-title-head hgroup\">\n<div class=\"page-title-head hgroup\">\n<div class=\"page-title-head hgroup\">\n<div class=\"b654a4as d2edcug0\">\n<div class=\"page-title-head hgroup\">\n<div class=\"page-title-head hgroup\">\n<div class=\"page-title-head hgroup\">\n<div class=\"page-title-head hgroup\">\n<div class=\"page-title-head hgroup\">\n<div class=\"page-title-head hgroup\">\n<div class=\"page-title-head hgroup\">\n<div class=\"page-title-head hgroup\">\n<div class=\"page-title-head hgroup\">\n<div class=\"b654a4as d2edcug0\">\n<div class=\"page-title-head hgroup\">\n<div class=\"page-title-head hgroup\">\n<div class=\"page-title-head hgroup\">\n<div class=\"page-title-head hgroup\">\n<div class=\"b654a4as d2edcug0\">\n<div>\n<p>&nbsp;<\/p>\n<\/div>\n<div>\n<div class=\"page-title-head hgroup\">\n<div class=\"page-title-head hgroup\">\n<div class=\"page-title-head hgroup\">\n<div class=\"page-title-head hgroup\">\n<div class=\"page-title-head hgroup\">\n<div class=\"b654a4as d2edcug0\">\n<div>\n<hr \/>\n<\/div>\n<\/div>\n<div>\n<div>\n<p>&nbsp;<\/p>\n<\/div>\n<div>\n<div>\n<p>&nbsp;<\/p>\n<\/div>\n<div>\n<div>\n<p><strong>DUE MINUTI UN LIBRO, TUTTI I GIORNI ALLA RADIO ALLE 9.40 E ALLE 17.50\u00a0<\/strong><\/p>\n<div>\n<div>\n<p><strong>LA RACCOLTA COMPLETA\u00a0\u00a0<\/strong><\/p>\n<\/div>\n<div>\n<blockquote class=\"wp-embedded-content\" data-secret=\"cNvilMpJWT\"><p><a href=\"https:\/\/www.radiopiu.net\/wordpress\/due-minuti-un-libro\/\">Due minuti un libro<\/a><\/p><\/blockquote>\n<p><iframe loading=\"lazy\" class=\"wp-embedded-content\" sandbox=\"allow-scripts\" security=\"restricted\" style=\"position: absolute; clip: rect(1px, 1px, 1px, 1px);\" title=\"&#8220;Due minuti un libro&#8221; &#8212; Radio Pi\u00f9\" src=\"https:\/\/www.radiopiu.net\/wordpress\/due-minuti-un-libro\/embed\/#?secret=4MnIVWv3WG#?secret=cNvilMpJWT\" data-secret=\"cNvilMpJWT\" width=\"600\" height=\"338\" frameborder=\"0\" marginwidth=\"0\" marginheight=\"0\" scrolling=\"no\"><\/iframe><\/p>\n<\/div>\n<\/div>\n<\/div>\n<div class=\"mkdf-post-text\">\n<div class=\"mkdf-post-text-inner\">\n<div class=\"mkdf-post-text-main\">\n<div class=\"mkdf-post-text\">\n<div class=\"mkdf-post-text-inner\">\n<div class=\"mkdf-post-text-main\">\n<div class=\"mkdf-post-text\">\n<div class=\"mkdf-post-text-inner\">\n<div class=\"mkdf-post-text-main\">\n<div class=\"page-title-head hgroup\">\n<div class=\"page-title-head hgroup\">\n<div class=\"mkdf-post-text\">\n<div class=\"mkdf-post-text-inner\">\n<div class=\"mkdf-post-text-main\">\n<div class=\"mkdf-post-text\">\n<div class=\"mkdf-post-text-inner\">\n<div class=\"mkdf-post-text-main\">\n<div class=\"page-title-head hgroup\">\n<div class=\"page-title-head hgroup\">\n<div class=\"page-title-head hgroup\">\n<div class=\"page-title-head hgroup\">\n<div class=\"b654a4as d2edcug0\">\n<div class=\"page-title-head hgroup\">\n<div class=\"page-title-head hgroup\">\n<div class=\"page-title-head hgroup\">\n<div class=\"page-title-head hgroup\">\n<div class=\"b654a4as d2edcug0\">\n<div class=\"page-title-head hgroup\">\n<div class=\"page-title-head hgroup\">\n<div class=\"page-title-head hgroup\">\n<div class=\"page-title-head hgroup\">\n<div class=\"b654a4as d2edcug0\">\n<div>\n<p>&nbsp;<\/p>\n<\/div>\n<div>\n<hr \/>\n<p>&nbsp;<\/p>\n<\/div>\n<h2><span style=\"color: #808000;\">L&#8217;ALMANACCO LADINO\u00a0\u00a0<\/span><\/h2>\n<p><strong>LA RACCOLTA<\/strong><\/p>\n<blockquote class=\"wp-embedded-content\" data-secret=\"EXFXn28VvC\"><p><a href=\"https:\/\/www.radiopiu.net\/wordpress\/almanacco-ladino\/\">Almanacco Ladino<\/a><\/p><\/blockquote>\n<p><iframe loading=\"lazy\" class=\"wp-embedded-content\" sandbox=\"allow-scripts\" security=\"restricted\" style=\"position: absolute; clip: rect(1px, 1px, 1px, 1px);\" title=\"&#8220;Almanacco Ladino&#8221; &#8212; Radio Pi\u00f9\" src=\"https:\/\/www.radiopiu.net\/wordpress\/almanacco-ladino\/embed\/#?secret=fZ1fdl9Rqh#?secret=EXFXn28VvC\" data-secret=\"EXFXn28VvC\" width=\"600\" height=\"338\" frameborder=\"0\" marginwidth=\"0\" marginheight=\"0\" scrolling=\"no\"><\/iframe><\/p>\n<p>&nbsp;<\/p>\n<p>&nbsp;<\/p>\n<hr \/>\n<h2><span style=\"color: #33cccc;\">\u00a0<\/span><\/h2>\n<h2><span style=\"color: #33cccc;\">LA RASSEGNA STAMPA DA L&#8217;AMICO DEL POPOLO<\/span><\/h2>\n<p><strong><a class=\"dt-pswp-item\" href=\"https:\/\/www.radiopiu.net\/wordpress\/wp-content\/uploads\/2020\/12\/SILVIA-CESTARO-RADIO-PIU.jpg\" data-dt-img-description=\"\" data-large_image_width=\"2048\" data-large_image_height=\"2048\"><img loading=\"lazy\" decoding=\"async\" class=\" wp-image-182453 alignleft\" src=\"https:\/\/www.radiopiu.net\/wordpress\/wp-content\/uploads\/2020\/12\/SILVIA-CESTARO-RADIO-PIU-300x300.jpg\" alt=\"\" width=\"122\" height=\"122\" srcset=\"https:\/\/www.radiopiu.net\/wordpress\/wp-content\/uploads\/2020\/12\/SILVIA-CESTARO-RADIO-PIU-300x300.jpg 300w, https:\/\/www.radiopiu.net\/wordpress\/wp-content\/uploads\/2020\/12\/SILVIA-CESTARO-RADIO-PIU-1024x1024.jpg 1024w, https:\/\/www.radiopiu.net\/wordpress\/wp-content\/uploads\/2020\/12\/SILVIA-CESTARO-RADIO-PIU-150x150.jpg 150w, https:\/\/www.radiopiu.net\/wordpress\/wp-content\/uploads\/2020\/12\/SILVIA-CESTARO-RADIO-PIU-768x768.jpg 768w, https:\/\/www.radiopiu.net\/wordpress\/wp-content\/uploads\/2020\/12\/SILVIA-CESTARO-RADIO-PIU-1536x1536.jpg 1536w, https:\/\/www.radiopiu.net\/wordpress\/wp-content\/uploads\/2020\/12\/SILVIA-CESTARO-RADIO-PIU.jpg 2048w\" sizes=\"auto, (max-width: 122px) 100vw, 122px\" \/><\/a>di Gianni Santomaso<\/strong><\/p>\n<p>Ospite: Silvia Cestaro, consigliere regionale<\/p>\n<audio class=\"wp-audio-shortcode\" id=\"audio-266139-16\" preload=\"none\" style=\"width: 100%;\" controls=\"controls\"><source type=\"audio\/mpeg\" src=\"https:\/\/www.radiopiu.net\/wordpress\/wp-content\/uploads\/2022\/03\/RASSEGNA-GIANNI-2.mp3?_=16\" \/><a href=\"https:\/\/www.radiopiu.net\/wordpress\/wp-content\/uploads\/2022\/03\/RASSEGNA-GIANNI-2.mp3\">https:\/\/www.radiopiu.net\/wordpress\/wp-content\/uploads\/2022\/03\/RASSEGNA-GIANNI-2.mp3<\/a><\/audio>\n<p>&nbsp;<\/p>\n<p><strong>LA RACCOLTA COMPLETA<\/strong><\/p>\n<blockquote class=\"wp-embedded-content\" data-secret=\"dsOa0QK6Kb\"><p><a href=\"https:\/\/www.radiopiu.net\/wordpress\/rassegna-stampa-di-gianni-santomaso\/\">Rassegna stampa da l&#8217;amico del popolo &#8211; di Gianni Santomaso<\/a><\/p><\/blockquote>\n<p><iframe loading=\"lazy\" class=\"wp-embedded-content\" sandbox=\"allow-scripts\" security=\"restricted\" style=\"position: absolute; clip: rect(1px, 1px, 1px, 1px);\" title=\"&#8220;Rassegna stampa da l&#8217;amico del popolo &#8211; di Gianni Santomaso&#8221; &#8212; Radio Pi\u00f9\" src=\"https:\/\/www.radiopiu.net\/wordpress\/rassegna-stampa-di-gianni-santomaso\/embed\/#?secret=1OqqrMz2gg#?secret=dsOa0QK6Kb\" data-secret=\"dsOa0QK6Kb\" width=\"600\" height=\"338\" frameborder=\"0\" marginwidth=\"0\" marginheight=\"0\" scrolling=\"no\"><\/iframe><\/p>\n<p>&nbsp;<\/p>\n<hr \/>\n<p>&nbsp;<\/p>\n<div>\n<div class=\"page-title-head hgroup\">\n<div class=\"page-title-head hgroup\">\n<div class=\"b654a4as d2edcug0\">\n<div class=\"j83agx80 btwxx1t3 lhclo0ds hop8lmos nkwizq5d scwd0bx6 roh60bw9\">\n<div class=\"rq0escxv hkbzh7o3 jwdofwj8 n8tt0mok r8blr3vg hyh9befq\">\n<div class=\"do00u71z l9j0dhe7 k4urcfbm\">\n<div class=\"ecm0bbzt e5nlhep0 a8c37x1j\">\n<div class=\"kvgmc6g5 cxmmr5t8 oygrvhab hcukyx3x c1et5uql\">\n<div class=\"gmail-kvgmc6g5 gmail-cxmmr5t8 gmail-oygrvhab gmail-hcukyx3x gmail-c1et5uql gmail-ii04i59q\">\n<div class=\"page-title-head hgroup\">\n<div class=\"page-title-head hgroup\">\n<div class=\"b654a4as d2edcug0\">\n<div class=\"j83agx80 btwxx1t3 lhclo0ds hop8lmos nkwizq5d scwd0bx6 roh60bw9\">\n<div class=\"rq0escxv hkbzh7o3 jwdofwj8 n8tt0mok r8blr3vg hyh9befq\">\n<div class=\"do00u71z l9j0dhe7 k4urcfbm\">\n<div>\n<div class=\"page-title-head hgroup\">\n<div class=\"page-title-head hgroup\">\n<div class=\"page-title-head hgroup\">\n<div class=\"page-title-head hgroup\">\n<div class=\"b654a4as d2edcug0\">\n<div class=\"page-title-head hgroup\">\n<div class=\"page-title-head hgroup\">\n<div class=\"page-title-head hgroup\">\n<div class=\"page-title-head hgroup\">\n<div class=\"b654a4as d2edcug0\">\n<div class=\"page-title-head hgroup\">\n<div class=\"page-title-head hgroup\">\n<div class=\"page-title-head hgroup\">\n<div class=\"page-title-head hgroup\">\n<div class=\"page-title-head hgroup\">\n<div class=\"page-title-head hgroup\">\n<div class=\"page-title-head hgroup\">\n<div class=\"page-title-head hgroup\">\n<div class=\"page-title-head hgroup\">\n<div class=\"b654a4as d2edcug0\">\n<div class=\"page-title-head hgroup\">\n<div class=\"page-title-head hgroup\">\n<div class=\"page-title-head hgroup\">\n<div class=\"page-title-head hgroup\">\n<div class=\"b654a4as d2edcug0\">\n<div>\n<div class=\"page-title-head hgroup\">\n<div class=\"page-title-head hgroup\">\n<div class=\"page-title-head hgroup\">\n<div class=\"page-title-head hgroup\">\n<div class=\"page-title-head hgroup\">\n<div>\n<div>\n<div>\n<div class=\"mkdf-post-text\">\n<div class=\"mkdf-post-text-inner\">\n<div class=\"mkdf-post-text-main\">\n<div class=\"mkdf-post-text\">\n<div class=\"mkdf-post-text-inner\">\n<div class=\"mkdf-post-text-main\">\n<div class=\"mkdf-post-text\">\n<div class=\"mkdf-post-text-inner\">\n<div class=\"mkdf-post-text-main\">\n<div class=\"page-title-head hgroup\">\n<div class=\"page-title-head hgroup\">\n<div class=\"mkdf-post-text\">\n<div class=\"mkdf-post-text-inner\">\n<div class=\"mkdf-post-text-main\">\n<div class=\"mkdf-post-text\">\n<div class=\"mkdf-post-text-inner\">\n<div class=\"mkdf-post-text-main\">\n<div class=\"page-title-head hgroup\">\n<div class=\"page-title-head hgroup\">\n<div class=\"page-title-head hgroup\">\n<div class=\"page-title-head hgroup\">\n<div class=\"b654a4as d2edcug0\">\n<div class=\"page-title-head hgroup\">\n<div class=\"page-title-head hgroup\">\n<div class=\"page-title-head hgroup\">\n<div class=\"page-title-head hgroup\">\n<div class=\"b654a4as d2edcug0\">\n<div class=\"page-title-head hgroup\">\n<div class=\"page-title-head hgroup\">\n<div class=\"page-title-head hgroup\">\n<div class=\"page-title-head hgroup\">\n<div class=\"b654a4as d2edcug0\">\n<h2><span style=\"color: #800080;\">I RACCONTI DI PAOLO SOPPELSA\u00a0<\/span><\/h2>\n<p><strong>LA RACCOLTA COMPLETA<\/strong><\/p>\n<blockquote class=\"wp-embedded-content\" data-secret=\"zoTZoiiNYw\"><p><a href=\"https:\/\/www.radiopiu.net\/wordpress\/i-racconti-di-paolo-soppelsa\/\">I racconti di Paolo Soppelsa<\/a><\/p><\/blockquote>\n<p><iframe loading=\"lazy\" class=\"wp-embedded-content\" sandbox=\"allow-scripts\" security=\"restricted\" style=\"position: absolute; clip: rect(1px, 1px, 1px, 1px);\" title=\"&#8220;I racconti di Paolo Soppelsa&#8221; &#8212; Radio Pi\u00f9\" src=\"https:\/\/www.radiopiu.net\/wordpress\/i-racconti-di-paolo-soppelsa\/embed\/#?secret=w92je2d7oA#?secret=zoTZoiiNYw\" data-secret=\"zoTZoiiNYw\" width=\"600\" height=\"338\" frameborder=\"0\" marginwidth=\"0\" marginheight=\"0\" scrolling=\"no\"><\/iframe><\/p>\n<hr \/>\n<p>&nbsp;<\/p>\n<blockquote class=\"wp-embedded-content\" data-secret=\"CFnGa7dqMD\"><p><a href=\"https:\/\/www.radiopiu.net\/wordpress\/da-ieri-alla-radio-in-palinsesto-loris-e-maurizio-con-la-grande-musica\/\">IL BLUES ALLA RADIO &#8230; COME NON L&#8217;AVETE MAI SENTITO PRIMA<\/a><\/p><\/blockquote>\n<p><iframe loading=\"lazy\" class=\"wp-embedded-content\" sandbox=\"allow-scripts\" security=\"restricted\" style=\"position: absolute; clip: rect(1px, 1px, 1px, 1px);\" title=\"&#8220;IL BLUES ALLA RADIO &#8230; COME NON L&#8217;AVETE MAI SENTITO PRIMA&#8221; &#8212; Radio Pi\u00f9\" src=\"https:\/\/www.radiopiu.net\/wordpress\/da-ieri-alla-radio-in-palinsesto-loris-e-maurizio-con-la-grande-musica\/embed\/#?secret=pwu6CXbZuH#?secret=CFnGa7dqMD\" data-secret=\"CFnGa7dqMD\" width=\"600\" height=\"338\" frameborder=\"0\" marginwidth=\"0\" marginheight=\"0\" scrolling=\"no\"><\/iframe><\/p>\n<p>&nbsp;<\/p>\n<\/div>\n<\/div>\n<\/div>\n<\/div>\n<\/div>\n<\/div>\n<\/div>\n<\/div>\n<\/div>\n<\/div>\n<\/div>\n<\/div>\n<\/div>\n<\/div>\n<\/div>\n<\/div>\n<\/div>\n<\/div>\n<\/div>\n<\/div>\n<\/div>\n<\/div>\n<\/div>\n<\/div>\n<\/div>\n<\/div>\n<\/div>\n<\/div>\n<\/div>\n<\/div>\n<\/div>\n<\/div>\n<\/div>\n<\/div>\n<\/div>\n<\/div>\n<\/div>\n<\/div>\n<\/div>\n<\/div>\n<\/div>\n<\/div>\n<\/div>\n<\/div>\n<\/div>\n<\/div>\n<\/div>\n<\/div>\n<\/div>\n<\/div>\n<\/div>\n<\/div>\n<\/div>\n<\/div>\n<\/div>\n<\/div>\n<\/div>\n<\/div>\n<\/div>\n<\/div>\n<\/div>\n<\/div>\n<\/div>\n<\/div>\n<\/div>\n<\/div>\n<\/div>\n<div>\n<div class=\"page-title-head hgroup\">\n<div class=\"page-title-head hgroup\">\n<div class=\"page-title-head hgroup\">\n<div class=\"page-title-head hgroup\">\n<div class=\"b654a4as d2edcug0\">\n<div class=\"page-title-head hgroup\">\n<div class=\"page-title-head hgroup\">\n<div class=\"page-title-head hgroup\">\n<div class=\"page-title-head hgroup\">\n<div class=\"b654a4as d2edcug0\">\n<div class=\"page-title-head hgroup\">\n<div class=\"page-title-head hgroup\">\n<div class=\"page-title-head hgroup\">\n<div class=\"page-title-head hgroup\">\n<div class=\"page-title-head hgroup\">\n<div class=\"page-title-head hgroup\">\n<div class=\"page-title-head hgroup\">\n<div class=\"page-title-head hgroup\">\n<div class=\"page-title-head hgroup\">\n<div class=\"b654a4as d2edcug0\">\n<div class=\"page-title-head hgroup\">\n<div class=\"page-title-head hgroup\">\n<div class=\"page-title-head hgroup\">\n<div class=\"page-title-head hgroup\">\n<div class=\"b654a4as d2edcug0\">\n<div>\n<div class=\"page-title-head hgroup\">\n<div class=\"page-title-head hgroup\">\n<div class=\"page-title-head hgroup\">\n<div class=\"page-title-head hgroup\">\n<div class=\"page-title-head hgroup\">\n<div>\n<div>\n<div>\n<div class=\"mkdf-post-text\">\n<div class=\"mkdf-post-text-inner\">\n<div class=\"mkdf-post-text-main\">\n<div class=\"mkdf-post-text\">\n<div class=\"mkdf-post-text-inner\">\n<div class=\"mkdf-post-text-main\">\n<div class=\"mkdf-post-text\">\n<div class=\"mkdf-post-text-inner\">\n<div class=\"mkdf-post-text-main\">\n<div class=\"page-title-head hgroup\">\n<div class=\"page-title-head hgroup\">\n<div class=\"mkdf-post-text\">\n<div class=\"mkdf-post-text-inner\">\n<div class=\"mkdf-post-text-main\">\n<div class=\"mkdf-post-text\">\n<div class=\"mkdf-post-text-inner\">\n<div class=\"mkdf-post-text-main\">\n<div class=\"page-title-head hgroup\">\n<div class=\"page-title-head hgroup\">\n<div class=\"page-title-head hgroup\">\n<div class=\"page-title-head hgroup\">\n<div class=\"b654a4as d2edcug0\">\n<div class=\"page-title-head hgroup\">\n<div class=\"page-title-head hgroup\">\n<div class=\"page-title-head hgroup\">\n<div class=\"page-title-head hgroup\">\n<div class=\"b654a4as d2edcug0\">\n<div class=\"page-title-head hgroup\">\n<div class=\"page-title-head hgroup\">\n<div class=\"page-title-head hgroup\">\n<div class=\"page-title-head hgroup\">\n<div class=\"b654a4as d2edcug0\">\n<hr \/>\n<\/div>\n<div class=\"b654a4as d2edcug0\">\n<p>&nbsp;<\/p>\n<p><a href=\"https:\/\/www.radiopiu.net\/wordpress\/giornale-radiopiu-26-settembre-2018-direttore-mirko-mezzacasa\/viabilita-2\/\" rel=\"attachment wp-att-61954\"><img loading=\"lazy\" decoding=\"async\" class=\"aligncenter wp-image-61954 size-full\" src=\"https:\/\/www.radiopiu.net\/wordpress\/wp-content\/uploads\/2018\/09\/viabilita.jpeg\" sizes=\"auto, (max-width: 800px) 100vw, 800px\" srcset=\"https:\/\/www.radiopiu.net\/wordpress\/wp-content\/uploads\/2018\/09\/viabilita.jpeg 800w, https:\/\/www.radiopiu.net\/wordpress\/wp-content\/uploads\/2018\/09\/viabilita-300x38.jpeg 300w, https:\/\/www.radiopiu.net\/wordpress\/wp-content\/uploads\/2018\/09\/viabilita-768x96.jpeg 768w\" alt=\"\" width=\"800\" height=\"100\" \/><\/a><\/p>\n<\/div>\n<\/div>\n<\/div>\n<\/div>\n<\/div>\n<\/div>\n<\/div>\n<\/div>\n<\/div>\n<\/div>\n<\/div>\n<\/div>\n<\/div>\n<\/div>\n<\/div>\n<\/div>\n<\/div>\n<\/div>\n<\/div>\n<\/div>\n<\/div>\n<\/div>\n<\/div>\n<\/div>\n<\/div>\n<\/div>\n<\/div>\n<\/div>\n<\/div>\n<\/div>\n<\/div>\n<\/div>\n<\/div>\n<\/div>\n<\/div>\n<\/div>\n<\/div>\n<\/div>\n<\/div>\n<\/div>\n<\/div>\n<\/div>\n<\/div>\n<\/div>\n<\/div>\n<\/div>\n<\/div>\n<\/div>\n<\/div>\n<\/div>\n<\/div>\n<\/div>\n<\/div>\n<\/div>\n<\/div>\n<\/div>\n<\/div>\n<\/div>\n<\/div>\n<\/div>\n<\/div>\n<\/div>\n<\/div>\n<\/div>\n<\/div>\n<\/div>\n<\/div>\n<\/div>\n<\/div>\n<\/div>\n<\/div>\n<\/div>\n<\/div>\n<\/div>\n<\/div>\n<\/div>\n<\/div>\n<\/div>\n<\/div>\n<\/div>\n<\/div>\n<\/div>\n<\/div>\n<div>\n<div class=\"page-title-head hgroup\">\n<div class=\"page-title-head hgroup\">\n<div class=\"b654a4as d2edcug0\">\n<div class=\"j83agx80 btwxx1t3 lhclo0ds hop8lmos nkwizq5d scwd0bx6 roh60bw9\">\n<div class=\"rq0escxv hkbzh7o3 jwdofwj8 n8tt0mok r8blr3vg hyh9befq\">\n<div class=\"do00u71z l9j0dhe7 k4urcfbm\">\n<div class=\"ecm0bbzt e5nlhep0 a8c37x1j\">\n<div class=\"kvgmc6g5 cxmmr5t8 oygrvhab hcukyx3x c1et5uql\">\n<div class=\"gmail-kvgmc6g5 gmail-cxmmr5t8 gmail-oygrvhab gmail-hcukyx3x gmail-c1et5uql gmail-ii04i59q\">\n<div class=\"page-title-head hgroup\">\n<div class=\"page-title-head hgroup\">\n<div class=\"b654a4as d2edcug0\">\n<div class=\"j83agx80 btwxx1t3 lhclo0ds hop8lmos nkwizq5d scwd0bx6 roh60bw9\">\n<div class=\"rq0escxv hkbzh7o3 jwdofwj8 n8tt0mok r8blr3vg hyh9befq\">\n<div class=\"do00u71z l9j0dhe7 k4urcfbm\">\n<div class=\"page-title-head hgroup\">\n<div class=\"page-title-head hgroup\">\n<div class=\"page-title-head hgroup\">\n<div class=\"page-title-head hgroup\">\n<div class=\"b654a4as d2edcug0\">\n<div class=\"page-title-head hgroup\">\n<div class=\"page-title-head hgroup\">\n<div class=\"page-title-head hgroup\">\n<div class=\"page-title-head hgroup\">\n<div class=\"b654a4as d2edcug0\">\n<div class=\"page-title-head hgroup\">\n<div class=\"page-title-head hgroup\">\n<div class=\"page-title-head hgroup\">\n<div class=\"page-title-head hgroup\">\n<div class=\"page-title-head hgroup\">\n<div class=\"page-title-head hgroup\">\n<div class=\"page-title-head hgroup\">\n<div class=\"page-title-head hgroup\">\n<div class=\"page-title-head hgroup\">\n<div class=\"b654a4as d2edcug0\">\n<div class=\"page-title-head hgroup\">\n<div class=\"page-title-head hgroup\">\n<div class=\"page-title-head hgroup\">\n<div class=\"page-title-head hgroup\">\n<div class=\"b654a4as d2edcug0\">\n<div class=\"page-title-head hgroup\">\n<div class=\"page-title-head hgroup\">\n<div class=\"page-title-head hgroup\">\n<div class=\"page-title-head hgroup\">\n<div class=\"page-title-head hgroup\">\n<div class=\"mkdf-post-text\">\n<div class=\"mkdf-post-text-inner\">\n<div class=\"mkdf-post-text-main\">\n<div class=\"mkdf-post-text\">\n<div class=\"mkdf-post-text-inner\">\n<div class=\"mkdf-post-text-main\">\n<div class=\"mkdf-post-text\">\n<div class=\"mkdf-post-text-inner\">\n<div class=\"mkdf-post-text-main\">\n<div class=\"page-title-head hgroup\">\n<div class=\"page-title-head hgroup\">\n<div class=\"mkdf-post-text\">\n<div class=\"mkdf-post-text-inner\">\n<div class=\"mkdf-post-text-main\">\n<div class=\"mkdf-post-text\">\n<div class=\"mkdf-post-text-inner\">\n<div class=\"mkdf-post-text-main\">\n<div class=\"page-title-head hgroup\">\n<div class=\"page-title-head hgroup\">\n<div class=\"page-title-head hgroup\">\n<div class=\"page-title-head hgroup\">\n<div class=\"b654a4as d2edcug0\">\n<div class=\"page-title-head hgroup\">\n<div class=\"page-title-head hgroup\">\n<div class=\"page-title-head hgroup\">\n<div class=\"page-title-head hgroup\">\n<div class=\"b654a4as d2edcug0\">\n<div class=\"page-title-head hgroup\">\n<div class=\"page-title-head hgroup\">\n<div class=\"page-title-head hgroup\">\n<div class=\"page-title-head hgroup\">\n<div class=\"b654a4as d2edcug0\">\n<div class=\"ecm0bbzt e5nlhep0 a8c37x1j\">\n<div class=\"kvgmc6g5 cxmmr5t8 oygrvhab hcukyx3x c1et5uql\">\n<div class=\"gmail-kvgmc6g5 gmail-cxmmr5t8 gmail-oygrvhab gmail-hcukyx3x gmail-c1et5uql gmail-ii04i59q\">\n<div class=\"page-title-head hgroup\">\n<div class=\"page-title-head hgroup\">\n<div class=\"b654a4as d2edcug0\">\n<div class=\"j83agx80 btwxx1t3 lhclo0ds hop8lmos nkwizq5d scwd0bx6 roh60bw9\">\n<div class=\"rq0escxv hkbzh7o3 jwdofwj8 n8tt0mok r8blr3vg hyh9befq\">\n<div class=\"do00u71z l9j0dhe7 k4urcfbm\">\n<div class=\"page-title-head hgroup\">\n<div class=\"page-title-head hgroup\">\n<div class=\"page-title-head hgroup\">\n<div class=\"page-title-head hgroup\">\n<div class=\"b654a4as d2edcug0\">\n<div class=\"page-title-head hgroup\">\n<div class=\"page-title-head hgroup\">\n<div class=\"page-title-head hgroup\">\n<div class=\"page-title-head hgroup\">\n<div class=\"b654a4as d2edcug0\">\n<div class=\"page-title-head hgroup\">\n<div class=\"page-title-head hgroup\">\n<div class=\"page-title-head hgroup\">\n<div class=\"page-title-head hgroup\">\n<div class=\"page-title-head hgroup\">\n<div class=\"page-title-head hgroup\">\n<div class=\"page-title-head hgroup\">\n<div class=\"page-title-head hgroup\">\n<div class=\"page-title-head hgroup\">\n<div class=\"b654a4as d2edcug0\">\n<div class=\"page-title-head hgroup\">\n<div class=\"page-title-head hgroup\">\n<div class=\"page-title-head hgroup\">\n<div class=\"page-title-head hgroup\">\n<div class=\"b654a4as d2edcug0\">\n<div class=\"page-title-head hgroup\">\n<div class=\"page-title-head hgroup\">\n<div class=\"page-title-head hgroup\">\n<div class=\"page-title-head hgroup\">\n<div class=\"page-title-head hgroup\">\n<div class=\"mkdf-post-text\">\n<div class=\"mkdf-post-text-inner\">\n<div class=\"mkdf-post-text-main\">\n<div class=\"mkdf-post-text\">\n<div class=\"mkdf-post-text-inner\">\n<div class=\"mkdf-post-text-main\">\n<div class=\"mkdf-post-text\">\n<div class=\"mkdf-post-text-inner\">\n<div class=\"mkdf-post-text-main\">\n<div class=\"page-title-head hgroup\">\n<div class=\"page-title-head hgroup\">\n<div class=\"mkdf-post-text\">\n<div class=\"mkdf-post-text-inner\">\n<div class=\"mkdf-post-text-main\">\n<div class=\"mkdf-post-text\">\n<div class=\"mkdf-post-text-inner\">\n<div class=\"mkdf-post-text-main\">\n<div class=\"page-title-head hgroup\">\n<div class=\"page-title-head hgroup\">\n<div class=\"page-title-head hgroup\">\n<div class=\"page-title-head hgroup\">\n<div class=\"b654a4as d2edcug0\">\n<div class=\"page-title-head hgroup\">\n<div class=\"page-title-head hgroup\">\n<div class=\"page-title-head hgroup\">\n<div class=\"page-title-head hgroup\">\n<div class=\"b654a4as d2edcug0\">\n<div class=\"page-title-head hgroup\">\n<div class=\"page-title-head hgroup\">\n<div class=\"page-title-head hgroup\">\n<div class=\"page-title-head hgroup\">\n<div class=\"b654a4as d2edcug0\">\n<p>&nbsp;<\/p>\n<blockquote>\n<h3>LAVORI ALLA CONDOTTA FOGNARIA DI MASARE&#8217; DI ROCCA PIETORE DAL 7 AL 25 MARZO<\/h3>\n<\/blockquote>\n<p><strong><a class=\"dt-pswp-item\" href=\"https:\/\/www.radiopiu.net\/wordpress\/wp-content\/uploads\/2021\/06\/LAVORI.jpg\" data-dt-img-description=\"\" data-large_image_width=\"188\" data-large_image_height=\"164\"><img loading=\"lazy\" decoding=\"async\" class=\" wp-image-216176 alignleft\" src=\"https:\/\/www.radiopiu.net\/wordpress\/wp-content\/uploads\/2021\/06\/LAVORI.jpg\" alt=\"\" width=\"133\" height=\"116\" \/><\/a>ROCCA PIETORE<\/strong> Il comune di Rocca Pietore ha esposto un&#8217;ordinanza che i riguarda i lavori alla condotta fognaria a Masar\u00e8. Dal 21 al 25 marzo senso unico alternato regolato da movieri al fine di consentire l&#8217;esecuzione di lavori sulla condotta fognaria a cura di BIM GSP.<\/p>\n<p>&nbsp;<\/p>\n<p>&nbsp;<\/p>\n<p>&nbsp;<\/p>\n<p>&nbsp;<\/p>\n<blockquote class=\"wp-embedded-content\" data-secret=\"q76rErfQn3\"><p><a href=\"https:\/\/www.radiopiu.net\/wordpress\/viabilita\/\">viabilita<\/a><\/p><\/blockquote>\n<p><iframe loading=\"lazy\" class=\"wp-embedded-content\" sandbox=\"allow-scripts\" security=\"restricted\" style=\"position: absolute; clip: rect(1px, 1px, 1px, 1px);\" title=\"&#8220;viabilita&#8221; &#8212; Radio Pi\u00f9\" src=\"https:\/\/www.radiopiu.net\/wordpress\/viabilita\/embed\/#?secret=C75N0ZfJ9w#?secret=q76rErfQn3\" data-secret=\"q76rErfQn3\" width=\"600\" height=\"338\" frameborder=\"0\" marginwidth=\"0\" marginheight=\"0\" scrolling=\"no\"><\/iframe><\/p>\n<p>&nbsp;<\/p>\n<hr \/>\n<\/div>\n<\/div>\n<\/div>\n<\/div>\n<\/div>\n<\/div>\n<\/div>\n<\/div>\n<\/div>\n<\/div>\n<\/div>\n<\/div>\n<\/div>\n<\/div>\n<\/div>\n<\/div>\n<\/div>\n<\/div>\n<\/div>\n<\/div>\n<\/div>\n<\/div>\n<\/div>\n<\/div>\n<\/div>\n<\/div>\n<\/div>\n<\/div>\n<\/div>\n<\/div>\n<\/div>\n<\/div>\n<\/div>\n<\/div>\n<\/div>\n<\/div>\n<\/div>\n<\/div>\n<\/div>\n<\/div>\n<\/div>\n<\/div>\n<\/div>\n<\/div>\n<\/div>\n<\/div>\n<\/div>\n<\/div>\n<\/div>\n<\/div>\n<\/div>\n<\/div>\n<\/div>\n<\/div>\n<\/div>\n<\/div>\n<\/div>\n<\/div>\n<\/div>\n<\/div>\n<\/div>\n<\/div>\n<\/div>\n<\/div>\n<\/div>\n<\/div>\n<\/div>\n<\/div>\n<\/div>\n<\/div>\n<\/div>\n<\/div>\n<\/div>\n<\/div>\n<\/div>\n<\/div>\n<\/div>\n<\/div>\n<\/div>\n<\/div>\n<\/div>\n<\/div>\n<\/div>\n<\/div>\n<\/div>\n<\/div>\n<\/div>\n<\/div>\n<\/div>\n<\/div>\n<\/div>\n<\/div>\n<\/div>\n<\/div>\n<\/div>\n<\/div>\n<\/div>\n<\/div>\n<\/div>\n<\/div>\n<\/div>\n<\/div>\n<\/div>\n<\/div>\n<\/div>\n<\/div>\n<\/div>\n<\/div>\n<\/div>\n<\/div>\n<\/div>\n<\/div>\n<\/div>\n<\/div>\n<\/div>\n<\/div>\n<\/div>\n<\/div>\n<\/div>\n<\/div>\n<\/div>\n<\/div>\n<\/div>\n<\/div>\n<\/div>\n<\/div>\n<\/div>\n<\/div>\n<\/div>\n<\/div>\n<\/div>\n<\/div>\n<\/div>\n<\/div>\n<\/div>\n<\/div>\n<\/div>\n<\/div>\n<\/div>\n<\/div>\n<\/div>\n<\/div>\n<\/div>\n<\/div>\n<\/div>\n<\/div>\n<\/div>\n<\/div>\n<\/div>\n<p>&nbsp;<\/p>\n<div>\n<div class=\"page-title-head hgroup\">\n<div class=\"page-title-head hgroup\">\n<div class=\"b654a4as d2edcug0\">\n<div class=\"j83agx80 btwxx1t3 lhclo0ds hop8lmos nkwizq5d scwd0bx6 roh60bw9\">\n<div class=\"rq0escxv hkbzh7o3 jwdofwj8 n8tt0mok r8blr3vg hyh9befq\">\n<div class=\"do00u71z l9j0dhe7 k4urcfbm\">\n<div class=\"page-title-head hgroup\">\n<div class=\"page-title-head hgroup\">\n<div class=\"b654a4as d2edcug0\">\n<div class=\"j83agx80 btwxx1t3 lhclo0ds hop8lmos nkwizq5d scwd0bx6 roh60bw9\">\n<div class=\"rq0escxv hkbzh7o3 jwdofwj8 n8tt0mok r8blr3vg hyh9befq\">\n<div class=\"do00u71z l9j0dhe7 k4urcfbm\">\n<div class=\"ecm0bbzt e5nlhep0 a8c37x1j\">\n<div class=\"kvgmc6g5 cxmmr5t8 oygrvhab hcukyx3x c1et5uql\">\n<div class=\"gmail-kvgmc6g5 gmail-cxmmr5t8 gmail-oygrvhab gmail-hcukyx3x gmail-c1et5uql gmail-ii04i59q\">\n<div class=\"page-title-head hgroup\">\n<div class=\"page-title-head hgroup\">\n<div class=\"b654a4as d2edcug0\">\n<div class=\"j83agx80 btwxx1t3 lhclo0ds hop8lmos nkwizq5d scwd0bx6 roh60bw9\">\n<div class=\"rq0escxv hkbzh7o3 jwdofwj8 n8tt0mok r8blr3vg hyh9befq\">\n<div class=\"do00u71z l9j0dhe7 k4urcfbm\">\n<div class=\"page-title-head hgroup\">\n<div class=\"page-title-head hgroup\">\n<div class=\"b654a4as d2edcug0\">\n<div class=\"j83agx80 btwxx1t3 lhclo0ds hop8lmos nkwizq5d scwd0bx6 roh60bw9\">\n<div class=\"rq0escxv hkbzh7o3 jwdofwj8 n8tt0mok r8blr3vg hyh9befq\">\n<div class=\"do00u71z l9j0dhe7 k4urcfbm\">\n<div>\n<div class=\"page-title-head hgroup\">\n<div class=\"page-title-head hgroup\">\n<div class=\"b654a4as d2edcug0\">\n<div class=\"j83agx80 btwxx1t3 lhclo0ds hop8lmos nkwizq5d scwd0bx6 roh60bw9\">\n<div class=\"rq0escxv hkbzh7o3 jwdofwj8 n8tt0mok r8blr3vg hyh9befq\">\n<div class=\"do00u71z l9j0dhe7 k4urcfbm\">\n<div class=\"ecm0bbzt e5nlhep0 a8c37x1j\">\n<div class=\"kvgmc6g5 cxmmr5t8 oygrvhab hcukyx3x c1et5uql\">\n<div class=\"gmail-kvgmc6g5 gmail-cxmmr5t8 gmail-oygrvhab gmail-hcukyx3x gmail-c1et5uql gmail-ii04i59q\">\n<div class=\"page-title-head hgroup\">\n<div class=\"page-title-head hgroup\">\n<div class=\"b654a4as d2edcug0\">\n<div class=\"j83agx80 btwxx1t3 lhclo0ds hop8lmos nkwizq5d scwd0bx6 roh60bw9\">\n<div class=\"rq0escxv hkbzh7o3 jwdofwj8 n8tt0mok r8blr3vg hyh9befq\">\n<div class=\"do00u71z l9j0dhe7 k4urcfbm\">\n<div class=\"page-title-head hgroup\">\n<div class=\"page-title-head hgroup\">\n<div class=\"page-title-head hgroup\">\n<div class=\"page-title-head hgroup\">\n<div class=\"b654a4as d2edcug0\">\n<div class=\"page-title-head hgroup\">\n<div class=\"page-title-head hgroup\">\n<div class=\"page-title-head hgroup\">\n<div class=\"page-title-head hgroup\">\n<div class=\"b654a4as d2edcug0\">\n<div class=\"page-title-head hgroup\">\n<div class=\"page-title-head hgroup\">\n<div class=\"page-title-head hgroup\">\n<div class=\"page-title-head hgroup\">\n<div class=\"page-title-head hgroup\">\n<div class=\"page-title-head hgroup\">\n<div class=\"page-title-head hgroup\">\n<div class=\"page-title-head hgroup\">\n<div class=\"page-title-head hgroup\">\n<div class=\"b654a4as d2edcug0\">\n<div class=\"page-title-head hgroup\">\n<div class=\"page-title-head hgroup\">\n<div class=\"page-title-head hgroup\">\n<div class=\"page-title-head hgroup\">\n<div class=\"b654a4as d2edcug0\">\n<div class=\"page-title-head hgroup\">\n<div class=\"page-title-head hgroup\">\n<div class=\"page-title-head hgroup\">\n<div class=\"page-title-head hgroup\">\n<div class=\"page-title-head hgroup\">\n<div class=\"mkdf-post-text\">\n<div class=\"mkdf-post-text-inner\">\n<div class=\"mkdf-post-text-main\">\n<div class=\"mkdf-post-text\">\n<div class=\"mkdf-post-text-inner\">\n<div class=\"mkdf-post-text-main\">\n<div class=\"mkdf-post-text\">\n<div class=\"mkdf-post-text-inner\">\n<div class=\"mkdf-post-text-main\">\n<div class=\"page-title-head hgroup\">\n<div class=\"page-title-head hgroup\">\n<div class=\"mkdf-post-text\">\n<div class=\"mkdf-post-text-inner\">\n<div class=\"mkdf-post-text-main\">\n<div class=\"mkdf-post-text\">\n<div class=\"mkdf-post-text-inner\">\n<div class=\"mkdf-post-text-main\">\n<div class=\"page-title-head hgroup\">\n<div class=\"page-title-head hgroup\">\n<div class=\"page-title-head hgroup\">\n<div class=\"page-title-head hgroup\">\n<div class=\"b654a4as d2edcug0\">\n<div class=\"page-title-head hgroup\">\n<div class=\"page-title-head hgroup\">\n<div class=\"page-title-head hgroup\">\n<div class=\"page-title-head hgroup\">\n<div class=\"b654a4as d2edcug0\">\n<div class=\"page-title-head hgroup\">\n<div class=\"page-title-head hgroup\">\n<div class=\"page-title-head hgroup\">\n<div class=\"page-title-head hgroup\">\n<div class=\"b654a4as d2edcug0\">\n<div class=\"ecm0bbzt e5nlhep0 a8c37x1j\">\n<div class=\"kvgmc6g5 cxmmr5t8 oygrvhab hcukyx3x c1et5uql\">\n<div class=\"gmail-kvgmc6g5 gmail-cxmmr5t8 gmail-oygrvhab gmail-hcukyx3x gmail-c1et5uql gmail-ii04i59q\">\n<div class=\"page-title-head hgroup\">\n<div class=\"page-title-head hgroup\">\n<div class=\"b654a4as d2edcug0\">\n<div class=\"j83agx80 btwxx1t3 lhclo0ds hop8lmos nkwizq5d scwd0bx6 roh60bw9\">\n<div class=\"rq0escxv hkbzh7o3 jwdofwj8 n8tt0mok r8blr3vg hyh9befq\">\n<div class=\"do00u71z l9j0dhe7 k4urcfbm\">\n<div class=\"page-title-head hgroup\">\n<div class=\"page-title-head hgroup\">\n<div class=\"page-title-head hgroup\">\n<div class=\"page-title-head hgroup\">\n<div class=\"b654a4as d2edcug0\">\n<div class=\"page-title-head hgroup\">\n<div class=\"page-title-head hgroup\">\n<div class=\"page-title-head hgroup\">\n<div class=\"page-title-head hgroup\">\n<div class=\"b654a4as d2edcug0\">\n<div class=\"page-title-head hgroup\">\n<div class=\"page-title-head hgroup\">\n<div class=\"page-title-head hgroup\">\n<div class=\"page-title-head hgroup\">\n<div class=\"page-title-head hgroup\">\n<div class=\"page-title-head hgroup\">\n<div class=\"page-title-head hgroup\">\n<div class=\"page-title-head hgroup\">\n<div class=\"page-title-head hgroup\">\n<div class=\"b654a4as d2edcug0\">\n<div class=\"page-title-head hgroup\">\n<div class=\"page-title-head hgroup\">\n<div class=\"page-title-head hgroup\">\n<div class=\"page-title-head hgroup\">\n<div class=\"b654a4as d2edcug0\">\n<div class=\"page-title-head hgroup\">\n<div class=\"page-title-head hgroup\">\n<div class=\"page-title-head hgroup\">\n<div class=\"page-title-head hgroup\">\n<div class=\"page-title-head hgroup\">\n<div class=\"mkdf-post-text\">\n<div class=\"mkdf-post-text-inner\">\n<div class=\"mkdf-post-text-main\">\n<div class=\"mkdf-post-text\">\n<div class=\"mkdf-post-text-inner\">\n<div class=\"mkdf-post-text-main\">\n<div class=\"mkdf-post-text\">\n<div class=\"mkdf-post-text-inner\">\n<div class=\"mkdf-post-text-main\">\n<div class=\"page-title-head hgroup\">\n<div class=\"page-title-head hgroup\">\n<div class=\"mkdf-post-text\">\n<div class=\"mkdf-post-text-inner\">\n<div class=\"mkdf-post-text-main\">\n<div class=\"mkdf-post-text\">\n<div class=\"mkdf-post-text-inner\">\n<div class=\"mkdf-post-text-main\">\n<div class=\"page-title-head hgroup\">\n<div class=\"page-title-head hgroup\">\n<div class=\"page-title-head hgroup\">\n<div class=\"page-title-head hgroup\">\n<div class=\"b654a4as d2edcug0\">\n<div class=\"page-title-head hgroup\">\n<div class=\"page-title-head hgroup\">\n<div class=\"page-title-head hgroup\">\n<div class=\"page-title-head hgroup\">\n<div class=\"b654a4as d2edcug0\">\n<div class=\"page-title-head hgroup\">\n<div class=\"page-title-head hgroup\">\n<div class=\"page-title-head hgroup\">\n<div class=\"page-title-head hgroup\">\n<div class=\"b654a4as d2edcug0\">\n<p>&nbsp;<\/p>\n<\/div>\n<div class=\"b654a4as d2edcug0\">\n<div class=\"ecm0bbzt e5nlhep0 a8c37x1j\">\n<div class=\"kvgmc6g5 cxmmr5t8 oygrvhab hcukyx3x c1et5uql\">\n<div class=\"gmail-kvgmc6g5 gmail-cxmmr5t8 gmail-oygrvhab gmail-hcukyx3x gmail-c1et5uql gmail-ii04i59q\">\n<div>\n<div class=\"page-title-head hgroup\">\n<div class=\"page-title-head hgroup\">\n<div class=\"b654a4as d2edcug0\">\n<div class=\"j83agx80 btwxx1t3 lhclo0ds hop8lmos nkwizq5d scwd0bx6 roh60bw9\">\n<div class=\"rq0escxv hkbzh7o3 jwdofwj8 n8tt0mok r8blr3vg hyh9befq\">\n<div class=\"do00u71z l9j0dhe7 k4urcfbm\">\n<div>\n<div class=\"page-title-head hgroup\">\n<div class=\"page-title-head hgroup\">\n<div class=\"page-title-head hgroup\">\n<div class=\"page-title-head hgroup\">\n<div class=\"b654a4as d2edcug0\">\n<div class=\"page-title-head hgroup\">\n<div class=\"page-title-head hgroup\">\n<div class=\"page-title-head hgroup\">\n<div class=\"page-title-head hgroup\">\n<div class=\"b654a4as d2edcug0\">\n<div class=\"page-title-head hgroup\">\n<div class=\"page-title-head hgroup\">\n<div class=\"page-title-head hgroup\">\n<div class=\"page-title-head hgroup\">\n<div class=\"page-title-head hgroup\">\n<div class=\"mkdf-post-text\">\n<div class=\"mkdf-post-text-inner\">\n<div class=\"mkdf-post-text-main\">\n<div class=\"mkdf-post-text\">\n<div class=\"mkdf-post-text-inner\">\n<div class=\"mkdf-post-text-main\">\n<div class=\"mkdf-post-text\">\n<div class=\"mkdf-post-text-inner\">\n<div class=\"mkdf-post-text-main\">\n<div class=\"page-title-head hgroup\">\n<div class=\"page-title-head hgroup\">\n<div class=\"mkdf-post-text\">\n<div class=\"mkdf-post-text-inner\">\n<div class=\"mkdf-post-text-main\">\n<div class=\"mkdf-post-text\">\n<div class=\"mkdf-post-text-inner\">\n<div class=\"mkdf-post-text-main\">\n<div>\n<div class=\"page-title-head hgroup\">\n<div class=\"page-title-head hgroup\">\n<div>\n<div class=\"page-title-head hgroup\">\n<div class=\"page-title-head hgroup\">\n<div class=\"b654a4as d2edcug0\">\n<div>\n<div class=\"page-title-head hgroup\" style=\"text-align: left;\">\n<div class=\"page-title-head hgroup\">\n<div dir=\"auto\">\n<p><a class=\"dt-pswp-item pspw-wrap-ready\" href=\"https:\/\/i0.wp.com\/www.radiopiu.net\/wordpress\/wp-content\/uploads\/2018\/09\/WhatsApp-Image-2018-09-20-at-16.04.06.jpeg?ssl=1\" data-dt-img-description=\"\" data-large_image_width=\"800\" data-large_image_height=\"100\"><img loading=\"lazy\" decoding=\"async\" class=\"aligncenter wp-image-61378 size-full jetpack-lazy-image jetpack-lazy-image--handled\" src=\"https:\/\/i0.wp.com\/www.radiopiu.net\/wordpress\/wp-content\/uploads\/2018\/09\/WhatsApp-Image-2018-09-20-at-16.04.06.jpeg?resize=800%2C100&amp;ssl=1\" sizes=\"auto, (max-width: 800px) 100vw, 800px\" srcset=\"https:\/\/i0.wp.com\/www.radiopiu.net\/wordpress\/wp-content\/uploads\/2018\/09\/WhatsApp-Image-2018-09-20-at-16.04.06.jpeg?w=800&amp;ssl=1 800w, https:\/\/i0.wp.com\/www.radiopiu.net\/wordpress\/wp-content\/uploads\/2018\/09\/WhatsApp-Image-2018-09-20-at-16.04.06.jpeg?resize=300%2C38&amp;ssl=1 300w, https:\/\/i0.wp.com\/www.radiopiu.net\/wordpress\/wp-content\/uploads\/2018\/09\/WhatsApp-Image-2018-09-20-at-16.04.06.jpeg?resize=768%2C96&amp;ssl=1 768w\" alt=\"\" width=\"800\" height=\"100\" data-lazy-loaded=\"1\" \/><\/a><\/p>\n<\/div>\n<\/div>\n<\/div>\n<\/div>\n<\/div>\n<\/div>\n<\/div>\n<\/div>\n<\/div>\n<\/div>\n<\/div>\n<\/div>\n<\/div>\n<\/div>\n<\/div>\n<\/div>\n<\/div>\n<\/div>\n<\/div>\n<\/div>\n<\/div>\n<\/div>\n<\/div>\n<\/div>\n<\/div>\n<\/div>\n<\/div>\n<\/div>\n<\/div>\n<\/div>\n<\/div>\n<\/div>\n<\/div>\n<\/div>\n<\/div>\n<\/div>\n<\/div>\n<\/div>\n<\/div>\n<\/div>\n<\/div>\n<\/div>\n<\/div>\n<\/div>\n<\/div>\n<\/div>\n<\/div>\n<\/div>\n<\/div>\n<\/div>\n<\/div>\n<\/div>\n<\/div>\n<\/div>\n<\/div>\n<\/div>\n<\/div>\n<\/div>\n<\/div>\n<\/div>\n<\/div>\n<\/div>\n<\/div>\n<\/div>\n<\/div>\n<\/div>\n<\/div>\n<\/div>\n<\/div>\n<\/div>\n<\/div>\n<\/div>\n<\/div>\n<\/div>\n<\/div>\n<\/div>\n<\/div>\n<\/div>\n<\/div>\n<\/div>\n<\/div>\n<\/div>\n<\/div>\n<\/div>\n<\/div>\n<\/div>\n<\/div>\n<\/div>\n<\/div>\n<\/div>\n<\/div>\n<\/div>\n<\/div>\n<\/div>\n<\/div>\n<\/div>\n<\/div>\n<\/div>\n<\/div>\n<\/div>\n<\/div>\n<\/div>\n<\/div>\n<\/div>\n<\/div>\n<\/div>\n<\/div>\n<\/div>\n<\/div>\n<\/div>\n<\/div>\n<\/div>\n<\/div>\n<\/div>\n<\/div>\n<\/div>\n<\/div>\n<\/div>\n<\/div>\n<\/div>\n<\/div>\n<\/div>\n<\/div>\n<\/div>\n<\/div>\n<\/div>\n<\/div>\n<\/div>\n<\/div>\n<\/div>\n<\/div>\n<\/div>\n<\/div>\n<\/div>\n<\/div>\n<\/div>\n<\/div>\n<\/div>\n<\/div>\n<\/div>\n<\/div>\n<\/div>\n<\/div>\n<\/div>\n<\/div>\n<\/div>\n<\/div>\n<\/div>\n<\/div>\n<\/div>\n<\/div>\n<\/div>\n<\/div>\n<\/div>\n<\/div>\n<\/div>\n<\/div>\n<\/div>\n<\/div>\n<\/div>\n<\/div>\n<\/div>\n<\/div>\n<\/div>\n<\/div>\n<\/div>\n<\/div>\n<\/div>\n<\/div>\n<\/div>\n<\/div>\n<\/div>\n<\/div>\n<\/div>\n<\/div>\n<\/div>\n<\/div>\n<\/div>\n<\/div>\n<\/div>\n<\/div>\n<\/div>\n<\/div>\n<\/div>\n<\/div>\n<\/div>\n<\/div>\n<\/div>\n<\/div>\n<\/div>\n<\/div>\n<\/div>\n<\/div>\n<\/div>\n<\/div>\n<\/div>\n<\/div>\n<\/div>\n<\/div>\n<\/div>\n<\/div>\n<\/div>\n<\/div>\n<\/div>\n<\/div>\n<\/div>\n<\/div>\n<\/div>\n<\/div>\n<\/div>\n<\/div>\n<\/div>\n<\/div>\n<\/div>\n<\/div>\n<\/div>\n<\/div>\n<\/div>\n<\/div>\n<\/div>\n<\/div>\n<\/div>\n<\/div>\n<\/div>\n<\/div>\n<\/div>\n<\/div>\n<\/div>\n<\/div>\n<\/div>\n<\/div>\n<p>&nbsp;<\/p>\n<p><center><b>Mercoledi 23<\/b><\/center><b>Tempo atteso: <\/b>Stupenda giornata d&#8217;inizio primavera con sole e cielo terso. Atmosfera limpida e ottima visibilit\u00e0 ovunque. Contesto termico un po&#8217; pi\u00f9 mite di giorno, ma ancora fresco o freddo di notte, con accentuazione dell&#8217;escursione termica giornaliera nei fondovalle.<br \/>\n<b>Precipitazioni: <\/b>Assenti (0%).<br \/>\n<b>Temperature: <\/b>In lieve aumento a tutte le quote, circa 1\/2\u00b0C in pi\u00f9 rispetto a marted\u00ec, eccetto stazionariet\u00e0 delle minime a fondovalle. Previste punte di 15\/16\u00b0C nei fondovalle prealpini e di 9\/12\u00b0C a 1000\/1200 m. Su Prealpi a 1500 m min 1\u00b0C max 6\u00b0C, a 2000 m min -1\u00b0C max 3\u00b0C. Su Dolomiti a 2000 m min 0\u00b0C max 4\u00b0C, a 3000 m min -6\u00b0C max -4\u00b0C.<br \/>\n<b>Venti: <\/b>Nelle valli deboli a regime di brezza, a tratti moderati sia per brezze di monte mattutine in alcuni settori prealpini che per brezze di valle al pomeriggio in alcune valli dolomitiche; in quota deboli da sud-est al mattino e da sud al pomeriggio, a 5-10 km\/h a 2000 m e 10-15 km\/h a 3000 m.<\/p>\n<hr \/>\n<p><center><b>Giovedi 24<\/b><\/center><b>Tempo atteso: <\/b>Altra stupenda giornata d&#8217;inizio primavera; persistenza del tempo ben soleggiato con cielo sereno, aria limpida e ottima visibilit\u00e0. La notte sar\u00e0 un po&#8217; meno fresca, mentre la mitezza diurna tender\u00e0 ad accentuarsi, specie nei fondovalle prealpini, meno nei settori ancora innevati.<br \/>\n<b>Precipitazioni: <\/b>Assenti (0%).<br \/>\n<b>Temperature: <\/b>In ulteriore lieve aumento, pi\u00f9 marcato in quota e nei valori diurni. Previste minime di 0\/-5\u00b0C tra fondovalle e altopiani prealpini e punte massime di 18\/19\u00b0C nei fondovalle pi\u00f9 caldi e di 12\/15\u00b0C a 1000\/1200 m. Su Prealpi a 1500 m min 5\u00b0C max 9\u00b0C, a 2000 m min 2\u00b0C max 5\u00b0C. Su Dolomiti a 2000 m min 1\u00b0C max 6\u00b0C, a 3000 m min -5\u00b0C max -3\u00b0C.<br \/>\n<b>Venti: <\/b>Nelle valli deboli a regime di brezza, salvo locali e temporanei rinforzi; in quota deboli dai quadranti meridionali, a 5-10 km\/h a 2000 m e 10-15 km\/h a 3000 m.<\/p>\n<hr \/>\n<p><center><b>Venerdi 25<\/b><\/center>Persistenza del tempo soleggiato con cielo sereno al mattino e in parte nuvoloso al pomeriggio per qualche addensamento. Non escluso del tutto qualche isolato piovasco, nevoso oltre i 1900\/2000 m. Il fresco della notte, assieme a una lieve inversione termica mattutina nelle valli, lascer\u00e0 spazio a una minore mitezza diurna, specie in quota dove le minime saranno osservate alla sera. Venti deboli a regime di brezza nelle valli, salvo rinforzi notturni per brezze di monte in alcuni settori prealpini; in quota deboli da sud-ovest al mattino e da sud-est al pomeriggio\/sera.<\/p>\n<hr \/>\n<p><center><b>Sabato 26<\/b><\/center>Tempo di nuovo ben soleggiato con cielo sereno, aria tersa e ottima visibilit\u00e0. Lieve insidia convettiva sulle Dolomiti al pomeriggio, con formazione di qualche cumulo. Temperature in diminuzione a tutte le quote. Venti deboli a regime di brezza nelle valli, salvo consueti rinforzi notturni per brezze di monte su alcuni settori prealpini; in quota deboli da sud-est. Previsore: R.L.Th.<\/p>\n<p>&nbsp;<\/p>\n<hr \/>\n<p>&nbsp;<\/p>\n<p><img loading=\"lazy\" decoding=\"async\" class=\"wp-image-60761 size-full aligncenter\" src=\"https:\/\/www.radiopiu.net\/wordpress\/wp-content\/uploads\/2018\/09\/sport.jpg\" alt=\"\" width=\"800\" height=\"100\" srcset=\"https:\/\/www.radiopiu.net\/wordpress\/wp-content\/uploads\/2018\/09\/sport.jpg 800w, https:\/\/www.radiopiu.net\/wordpress\/wp-content\/uploads\/2018\/09\/sport-300x38.jpg 300w, https:\/\/www.radiopiu.net\/wordpress\/wp-content\/uploads\/2018\/09\/sport-768x96.jpg 768w\" sizes=\"auto, (max-width: 800px) 100vw, 800px\" \/><\/p>\n<p>&nbsp;<\/p>\n<p><span style=\"color: #0000ff;\"><strong>CALCIO<\/strong><\/span><\/p>\n<blockquote>\n<h3>PER L\u2019AGORDINA UN PAREGGIO AMARO CONTRO IL PONTE NELLE ALPI<\/h3>\n<\/blockquote>\n<p><strong><a class=\"dt-pswp-item\" href=\"https:\/\/www.radiopiu.net\/wordpress\/wp-content\/uploads\/2019\/09\/AGORDINA-CALCIO.jpeg\" data-dt-img-description=\"\" data-large_image_width=\"225\" data-large_image_height=\"225\"><img loading=\"lazy\" decoding=\"async\" class=\"wp-image-97575 alignleft\" src=\"https:\/\/www.radiopiu.net\/wordpress\/wp-content\/uploads\/2019\/09\/AGORDINA-CALCIO.jpeg\" alt=\"\" width=\"126\" height=\"126\" srcset=\"https:\/\/www.radiopiu.net\/wordpress\/wp-content\/uploads\/2019\/09\/AGORDINA-CALCIO.jpeg 225w, https:\/\/www.radiopiu.net\/wordpress\/wp-content\/uploads\/2019\/09\/AGORDINA-CALCIO-150x150.jpeg 150w\" sizes=\"auto, (max-width: 126px) 100vw, 126px\" \/><\/a>AGORDO<\/strong> Nell\u2019ultima partita della Seconda Categoria girone T del Veneto, l\u2019Agordina di Marco Lorenzi \u00e8 tornata a casa con un punto. Un rocambolesco 4 a 4 contro il Ponte Nelle Alpi, un pareggio amaro visto che la compagine di Agordo stava vincendo con due gol di scarto e si \u00e8 fatta recuperare dai pontalpini nel finale. Un punto che per\u00f2 da fiducia ai ragazzi di Lorenzi che si avvicinano sempre di pi\u00f9 a quel obbiettivo dei 30 punti stagionali che valgono la salvezza quasi matematica. Mancano sette partite alla fine della stagione e l\u2019Agordina potrebbe puntare alle prime posizioni della classifica. Domenica all\u2019Ivano Dorigo di Agordo arriva il Tambre, una formazione bisognosa di punti per evitare la zona playout. Non sar\u00e0 una passeggiata per l\u2019Agordina che in casa stenta ad incamerare punti.<\/p>\n<p><strong>FEDERICO FOSSEN, GIOCATORE DELL\u2019AGORDINA<\/strong><\/p>\n<audio class=\"wp-audio-shortcode\" id=\"audio-266139-17\" preload=\"none\" style=\"width: 100%;\" controls=\"controls\"><source type=\"audio\/mpeg\" src=\"https:\/\/www.radiopiu.net\/wordpress\/wp-content\/uploads\/2022\/03\/FEDE-FOSSEN-PONTE.mp3?_=17\" \/><a href=\"https:\/\/www.radiopiu.net\/wordpress\/wp-content\/uploads\/2022\/03\/FEDE-FOSSEN-PONTE.mp3\">https:\/\/www.radiopiu.net\/wordpress\/wp-content\/uploads\/2022\/03\/FEDE-FOSSEN-PONTE.mp3<\/a><\/audio>\n<p>&nbsp;<\/p>\n<\/div>\n<\/div>\n<\/div>\n<\/div>\n<\/div>\n<\/div>\n<\/div>\n<\/div>\n<\/div>\n<\/div>\n<\/div>\n<\/div>\n<\/div>\n<\/div>\n<\/div>\n<\/div>\n<\/div>\n<\/div>\n<\/div>\n<\/div>\n<\/div>\n<\/div>\n<\/div>\n<\/div>\n<\/div>\n<\/div>\n<\/div>\n<\/div>\n<\/div>\n<\/div>\n<\/div>\n<\/div>\n<\/div>\n<\/div>\n<\/div>\n<\/div>\n<\/div>\n<\/div>\n<\/div>\n<\/div>\n<\/div>\n<\/div>\n<\/div>\n<\/div>\n<\/div>\n<\/div>\n<\/div>\n<\/div>\n<\/div>\n<\/div>\n<\/div>\n<\/div>\n<\/div>\n<\/div>\n<\/div>\n<\/div>\n<\/div>\n<\/div>\n<\/div>\n<\/div>\n<\/div>\n<\/div>\n<\/div>\n<\/div>\n<\/div>\n<\/div>\n<\/div>\n<\/div>\n<\/div>\n<\/div>\n<\/div>\n<\/div>\n<\/div>\n<\/div>\n<\/div>\n<\/div>\n<\/div>\n<\/div>\n<\/div>\n<\/div>\n<\/div>\n<\/div>\n<\/div>\n<\/div>\n<\/div>\n<\/div>\n<\/div>\n<\/div>\n<\/div>\n<\/div>\n<\/div>\n<\/div>\n<\/div>\n<\/div>\n<\/div>\n<\/div>\n<\/div>\n<\/div>\n<\/div>\n<\/div>\n<\/div>\n<\/div>\n<\/div>\n<\/div>\n<\/div>\n<\/div>\n<\/div>\n<\/div>\n<\/div>\n<\/div>\n","protected":false},"excerpt":{"rendered":"<p>INFORMAZIONE il canale su TELEGRAM informazione di prima\u00a0 mano e in tempo reale. iscriviti ed aiutaci a farlo conoscere &nbsp; &nbsp; AIUTI ALL&#8217;UCRAINA FINO A CERNIHIV CANALE D\u2019AGORDO campagna di aiuto alla popolazione ucraina anche in Agordino. Nella sala consigliare di Canale D\u2019Agordo\u00a0 TUTTI I GIORNI dalle 9 alle 19. Ieri la bella notizia: dopo&hellip;<\/p>\n","protected":false},"author":4,"featured_media":266182,"comment_status":"closed","ping_status":"closed","sticky":false,"template":"","format":"standard","meta":{"_monsterinsights_skip_tracking":false,"_monsterinsights_sitenote_active":false,"_monsterinsights_sitenote_note":"","_monsterinsights_sitenote_category":0,"footnotes":""},"categories":[104,86,49],"tags":[],"class_list":["post-266139","post","type-post","status-publish","format-standard","has-post-thumbnail","hentry","category-evidenza_3","category-gr","category-news-18","category-104","category-86","category-49","description-off"],"img_url":"https:\/\/www.radiopiu.net\/wordpress\/wp-content\/uploads\/2022\/03\/2b49fee5-aa3e-473a-a541-38a4e8cc9656.jpg","_links":{"self":[{"href":"https:\/\/www.radiopiu.net\/wordpress\/wp-json\/wp\/v2\/posts\/266139","targetHints":{"allow":["GET"]}}],"collection":[{"href":"https:\/\/www.radiopiu.net\/wordpress\/wp-json\/wp\/v2\/posts"}],"about":[{"href":"https:\/\/www.radiopiu.net\/wordpress\/wp-json\/wp\/v2\/types\/post"}],"author":[{"embeddable":true,"href":"https:\/\/www.radiopiu.net\/wordpress\/wp-json\/wp\/v2\/users\/4"}],"replies":[{"embeddable":true,"href":"https:\/\/www.radiopiu.net\/wordpress\/wp-json\/wp\/v2\/comments?post=266139"}],"version-history":[{"count":0,"href":"https:\/\/www.radiopiu.net\/wordpress\/wp-json\/wp\/v2\/posts\/266139\/revisions"}],"wp:featuredmedia":[{"embeddable":true,"href":"https:\/\/www.radiopiu.net\/wordpress\/wp-json\/wp\/v2\/media\/266182"}],"wp:attachment":[{"href":"https:\/\/www.radiopiu.net\/wordpress\/wp-json\/wp\/v2\/media?parent=266139"}],"wp:term":[{"taxonomy":"category","embeddable":true,"href":"https:\/\/www.radiopiu.net\/wordpress\/wp-json\/wp\/v2\/categories?post=266139"},{"taxonomy":"post_tag","embeddable":true,"href":"https:\/\/www.radiopiu.net\/wordpress\/wp-json\/wp\/v2\/tags?post=266139"}],"curies":[{"name":"wp","href":"https:\/\/api.w.org\/{rel}","templated":true}]}}