{"id":266155,"date":"2022-03-22T05:22:53","date_gmt":"2022-03-22T04:22:53","guid":{"rendered":"https:\/\/www.radiopiu.net\/wordpress\/?p=266155"},"modified":"2022-03-22T06:38:51","modified_gmt":"2022-03-22T05:38:51","slug":"quando-alleghe-spillava-la-birra-masare","status":"publish","type":"post","link":"https:\/\/www.radiopiu.net\/wordpress\/quando-alleghe-spillava-la-birra-masare\/","title":{"rendered":"QUANDO ALLEGHE &#8220;SPILLAVA&#8221; LA BIRRA MASARE&#8217;"},"content":{"rendered":"<p>OGGI SUL CORRIERE DELLE ALPI.<\/p>\n<p>di Gianluca Da Poian<\/p>\n<p><a class=\"dt-pswp-item\" href=\"https:\/\/www.radiopiu.net\/wordpress\/wp-content\/uploads\/2022\/03\/ALLEGHE.png\" data-dt-img-description=\"\" data-large_image_width=\"557\" data-large_image_height=\"576\"><img loading=\"lazy\" decoding=\"async\" class=\" wp-image-266156 alignleft\" src=\"https:\/\/www.radiopiu.net\/wordpress\/wp-content\/uploads\/2022\/03\/ALLEGHE-290x300.png\" alt=\"\" width=\"214\" height=\"221\" srcset=\"https:\/\/www.radiopiu.net\/wordpress\/wp-content\/uploads\/2022\/03\/ALLEGHE-290x300.png 290w, https:\/\/www.radiopiu.net\/wordpress\/wp-content\/uploads\/2022\/03\/ALLEGHE.png 557w\" sizes=\"auto, (max-width: 214px) 100vw, 214px\" \/><\/a>REDAZIONE E&#8217; sempre alta l&#8217;attenzione del quotidiano dei bellunesi per le storide dell&#8217;Agordino, da mesi Gianni Santomaso al lunedi (il martedi in audio alla radio) racconta storie di personaggi della vallata nell&#8217;importante rubrica Vivere l&#8217;Agordino. Oggi Gianluca Da Poian racconta invece un&#8217;altra storia, della birra nel Bellunese e fa tappa ad Alleghe. Protagonista Paolo De Toni, nato ad Alleghe il 9 gennaio del 1871, che nei primi del Novecento ha costruito, sui detriti di una frana venuta gi\u00e0 dal monte Piz, una struttura adibita alla produzione di birra. Le prime bottiglie portavano la dicitura &#8220;Societ\u00e0 birreria Masar\u00e8&#8221;, successivamente sostituita in \u00abFabbrica birra Alleghe\u00bb.Non un caso Masar\u00e9: la struttura di Paolo De Toni venne alla luce proprio in quella frazione, appartenente al Comune di Alleghe&#8230;..<\/p>\n<p>&nbsp;<\/p>\n<p>&nbsp;<\/p>\n<p>___<\/p>\n","protected":false},"excerpt":{"rendered":"<p>OGGI SUL CORRIERE DELLE ALPI. di Gianluca Da Poian REDAZIONE E&#8217; sempre alta l&#8217;attenzione del quotidiano dei bellunesi per le storide dell&#8217;Agordino, da mesi Gianni Santomaso al lunedi (il martedi in audio alla radio) racconta storie di personaggi della vallata nell&#8217;importante rubrica Vivere l&#8217;Agordino. Oggi Gianluca Da Poian racconta invece un&#8217;altra storia, della birra nel&hellip;<\/p>\n","protected":false},"author":4,"featured_media":266156,"comment_status":"closed","ping_status":"closed","sticky":false,"template":"","format":"standard","meta":{"_monsterinsights_skip_tracking":false,"_monsterinsights_sitenote_active":false,"_monsterinsights_sitenote_note":"","_monsterinsights_sitenote_category":0,"footnotes":""},"categories":[104,49],"tags":[],"class_list":["post-266155","post","type-post","status-publish","format-standard","has-post-thumbnail","hentry","category-evidenza_3","category-news-18","category-104","category-49","description-off"],"img_url":"https:\/\/www.radiopiu.net\/wordpress\/wp-content\/uploads\/2022\/03\/ALLEGHE.png","_links":{"self":[{"href":"https:\/\/www.radiopiu.net\/wordpress\/wp-json\/wp\/v2\/posts\/266155","targetHints":{"allow":["GET"]}}],"collection":[{"href":"https:\/\/www.radiopiu.net\/wordpress\/wp-json\/wp\/v2\/posts"}],"about":[{"href":"https:\/\/www.radiopiu.net\/wordpress\/wp-json\/wp\/v2\/types\/post"}],"author":[{"embeddable":true,"href":"https:\/\/www.radiopiu.net\/wordpress\/wp-json\/wp\/v2\/users\/4"}],"replies":[{"embeddable":true,"href":"https:\/\/www.radiopiu.net\/wordpress\/wp-json\/wp\/v2\/comments?post=266155"}],"version-history":[{"count":0,"href":"https:\/\/www.radiopiu.net\/wordpress\/wp-json\/wp\/v2\/posts\/266155\/revisions"}],"wp:featuredmedia":[{"embeddable":true,"href":"https:\/\/www.radiopiu.net\/wordpress\/wp-json\/wp\/v2\/media\/266156"}],"wp:attachment":[{"href":"https:\/\/www.radiopiu.net\/wordpress\/wp-json\/wp\/v2\/media?parent=266155"}],"wp:term":[{"taxonomy":"category","embeddable":true,"href":"https:\/\/www.radiopiu.net\/wordpress\/wp-json\/wp\/v2\/categories?post=266155"},{"taxonomy":"post_tag","embeddable":true,"href":"https:\/\/www.radiopiu.net\/wordpress\/wp-json\/wp\/v2\/tags?post=266155"}],"curies":[{"name":"wp","href":"https:\/\/api.w.org\/{rel}","templated":true}]}}