{"id":266187,"date":"2022-03-22T14:20:28","date_gmt":"2022-03-22T13:20:28","guid":{"rendered":"https:\/\/www.radiopiu.net\/wordpress\/?p=266187"},"modified":"2022-03-22T14:20:28","modified_gmt":"2022-03-22T13:20:28","slug":"ad-un-anno-dalla-scomparsa-causa-il-covid-ricordato-don-elio-larese-messa-e-libretto","status":"publish","type":"post","link":"https:\/\/www.radiopiu.net\/wordpress\/ad-un-anno-dalla-scomparsa-causa-il-covid-ricordato-don-elio-larese-messa-e-libretto\/","title":{"rendered":"AD UN ANNO DALLA SCOMPARSA CAUSA IL COVID: RICORDATO DON ELIO LARESE (MESSA E LIBRETTO)"},"content":{"rendered":"<p><strong>di\u00a0 RENATO BONA<\/strong><\/p>\n<p>\u201cIn tutti coloro che lo hanno conosciuto \u00e8 vivo il ricordo di una persona affabile e discreta, dotata di un\u2019intelligenza aperta, che si esprimeva oltre che negli interessi culturali, letterari e musicali, nella capacit\u00e0 di ascoltare e di consigliare, nel sapersi interessare sinceramente degli altri con particolare sensibilit\u00e0 e delicatezza, con quel tratto di cordiale simpatia che rendeva facile e piacevole l\u2019approccio con lui\u201d. Cos\u00ec l\u2019allora vicario generale della Diocesi di Belluno monsignor Graziano Dalla Caneva, durante le solenni esequie nella cattedrale-basilica bellunese di don Elio Larese, mancato nella serata di gioved\u00ec 18 marzo dello scorso anno dopo che aveva avvertito i primi segnali del Covid ed era stato ricoverato all\u2019ospedale San Martino prima in pneumologia e quindi in rianimazione dove, informato dai medici, aveva commentato: \u201cSia fatta la volont\u00e0 di Dio\u201d. Ad un anno di distanza dal mesto evento, la Diocesi di Belluno-Feltre ed il liceo classico \u201cLollino\u201d lo hanno ricordato con un duplice appuntamento: la presentazione, presenti anche il vescovo monsignor Renato Marangoni ed il direttore di \u201cInsieme si pu\u00f2\u2026\u201d Daniele Giaffredo, nell\u2019aula magna del Seminario Gregoriano, del libro \u201cUn chicco di grano \u2013 don Elio e noi\u201d e quindi una messa in Duomo. Autori del libro (le offerte ricavate dalla vendita, nella segreteria del \u201cLollino\u201d, saranno destinate alla costruzione di una scuola in Madagascar, a Antsakoafaly, piccolo villaggio rurale di poco pi\u00f9 di tremila abitanti) Maddalena Martini Bazzolai e Flavio Battiston, hanno spiegato nel sito diocesano \u201cchiesabellunofeltre\u201d le motivazioni del loro lavoro: \u201cNelle settimane successive alla scomparsa di don Elio, si \u00e8 colta subito l\u2019esigenza di fare in qualche modo tesoro dell\u2019ondata di ricordi, messaggi, segni di gratitudine ed affetto con cui tante persone hanno cercato di attutire il dolore di quei giorni difficili. L\u2019intento \u00e8 stato silente per alcuni mesi, quasi in attesa di nuove vie per tornare in superficie. Cos\u00ec \u00e8 nata questa piccola pubblicazione\u201d. Che, fra molte altre, riporta quanto affermato del rettore del Seminario, don Giorgio Lise: \u201c\u2026pur nella difficolt\u00e0 e nella tristezza di queste ore, pur con le lacrime agli occhi, devo dire che \u2018il naufragar m\u2019\u00e8 dolce in questo mare\u2019 perch\u00e9 ti penso davvero \u2018felice\u2019, abbracciato da quell\u2019Amor che move il sole e l\u2019altre stelle\u201d. Ma torniamo a monsignor Dalla Caneva che di Elio Larese aveva proposto un ricordo che si apre con parole del Salmo 16: \u201cMi indicherai il sentiero della vita, gioia piena alla tua presenza, dolcezza senza fine alla tua destra\u201d, precisando che \u201cEra desiderio di don Elio che l\u2019annuncio della sua morte fosse accompagnato da queste belle parole\u201d. Aveva quindi cos\u00ec proseguito: \u201cL\u2019intera chiesa diocesana, i vescovi Renato e Giuseppe, i confratelli del Presbiterio, del Seminario e del Capitolo, il Liceo Lollino questa comunit\u00e0 della Cattedrale e di Auronzo, tutti ci sentiamo messi alla prova, condividendo l\u2019esperienza dolorosa di varie altre diocesi e di tante famiglie che in questi mesi cos\u00ec impegnativi di pandemia hanno perso i loro preti e i loro cari o sono in apprensione per la loro salute\u201d. Poi aveva richiamato i diversi passaggi ed ambiti di servizio ecclesiale nei quali si \u00e8 svolto il ricco ministero dello scomparso don Elio Larese \u201cGortigo\u201d, nato Ad Auronzo di Cadore da Giuseppe ed Adelina il 15 novembre 1947, battezzato &#8211; parrocchia di Villapiccola &#8211; dallo storico parroco don Florio De Lotto. Intrapreso il percorso di formazione in seminario fu ordinato presbitero proprio nella Cattedrale dal vescovo Gioacchino Muccin il 29 maggio1971; vicario cooperatore a Livinallongo inizi\u00f2 gli studi all\u2019universit\u00e0 di Padova laureandosi in lettere classiche e dal 1972 al 1976 fu cooperatore nella parrocchia della cattedrale. Insegnante al \u201cLollino\u201d per 40 anni, ne fu anche preside \u201cgodendo l\u2019apprezzamento e la stima di studenti e colleghi per la sua competenza ed autorevolezza. Fu anche vice direttore del \u201cGregoriano\u201d e insegn\u00f2 storia delle religioni ai corsi teologici e all\u2019Istituto superiore di scienze religiose. Altre sue grandi passioni: la musica ed il canto e non a caso gli fu affidata la direzione dell\u2019Ufficio diocesano per il canto e la musica sacra. Ma non solo: per 12 anni ha garantito l\u2019assistenza spirituale al gruppo diocesano delle consacrate secolari Missionarie della Regalit\u00e0; non va dimenticato \u201cl\u2019ammirevole modo con cui per anni si \u00e8 preso cura del fratello Renato con paziente dedizione fino alla morte avvenuta nel 2017\u201d. Detto di don Elio Larese, non dimentichiamo che nella chiesa di San Pietro, alcuni giorni prima del suo ricordo in Duomo, era stata celebrata nella chiesa di San Pietro dal vescovo Marangoni ad iniziativa del Seminario Gregoriano, una messa di suffragio anche per don Giovanni Unterberger, mancato l\u201911 marzo 2021 poco dopo la nomina a penitenziere della Cattedrale, ed altri due presbiteri: mons. Ausilio Da Rif, vice rettore e poi rettore del Seminario dal 1955 al 1968, scomparso il 24 gennaio scorso, e don Francesco Silvestri, che fu pro-rettore dal 2016 al 2019, deceduto il 29 agosto dello scorso anno.<\/p>\n\n\t\t\t<style type='text\/css'>\n\t\t\t\t#gallery-1 {\n\t\t\t\t\tmargin: auto;\n\t\t\t\t}\n\t\t\t\t#gallery-1 .gallery-item {\n\t\t\t\t\tfloat: left;\n\t\t\t\t\tmargin-top: 10px;\n\t\t\t\t\ttext-align: center;\n\t\t\t\t\twidth: 20%;\n\t\t\t\t}\n\t\t\t\t#gallery-1 img {\n\t\t\t\t\tborder: 2px solid #cfcfcf;\n\t\t\t\t}\n\t\t\t\t#gallery-1 .gallery-caption {\n\t\t\t\t\tmargin-left: 0;\n\t\t\t\t}\n\t\t\t\t\/* see gallery_shortcode() in wp-includes\/media.php *\/\n\t\t\t<\/style>\n\t\t<div id='gallery-1' class='dt-gallery-container gallery galleryid-266187 gallery-columns-5 gallery-size-thumbnail'><dl class='gallery-item'>\n\t\t\t\t<dt class='gallery-icon landscape'>\n\t\t\t\t\t<a class=\"rollover rollover-zoom dt-pswp-item\" title=\"276094848_469435434881718_2018592471452729889_n\" data-dt-img-description=\"\" data-large_image_width=\"235\" data-large_image_height=\"203\"href='https:\/\/www.radiopiu.net\/wordpress\/wp-content\/uploads\/2022\/03\/276094848_469435434881718_2018592471452729889_n-1.png'><img loading=\"lazy\" decoding=\"async\" width=\"150\" height=\"150\" src=\"https:\/\/www.radiopiu.net\/wordpress\/wp-content\/uploads\/2022\/03\/276094848_469435434881718_2018592471452729889_n-1-150x150.png\" class=\"attachment-thumbnail size-thumbnail\" alt=\"\" \/><\/a>\n\t\t\t\t<\/dt><\/dl><dl class='gallery-item'>\n\t\t\t\t<dt class='gallery-icon portrait'>\n\t\t\t\t\t<a class=\"rollover rollover-zoom dt-pswp-item\" title=\"275501241_997723604464338_460611804872306881_n\" data-dt-img-description=\"\" data-large_image_width=\"180\" data-large_image_height=\"201\"href='https:\/\/www.radiopiu.net\/wordpress\/wp-content\/uploads\/2022\/03\/275501241_997723604464338_460611804872306881_n-1.png'><img loading=\"lazy\" decoding=\"async\" width=\"150\" height=\"150\" src=\"https:\/\/www.radiopiu.net\/wordpress\/wp-content\/uploads\/2022\/03\/275501241_997723604464338_460611804872306881_n-1-150x150.png\" class=\"attachment-thumbnail size-thumbnail\" alt=\"\" \/><\/a>\n\t\t\t\t<\/dt><\/dl><dl class='gallery-item'>\n\t\t\t\t<dt class='gallery-icon portrait'>\n\t\t\t\t\t<a class=\"rollover rollover-zoom dt-pswp-item\" title=\"276013886_539395817510555_1522460743909211391_n\" data-dt-img-description=\"\" data-large_image_width=\"136\" data-large_image_height=\"139\"href='https:\/\/www.radiopiu.net\/wordpress\/wp-content\/uploads\/2022\/03\/276013886_539395817510555_1522460743909211391_n-1.png'><img loading=\"lazy\" decoding=\"async\" width=\"136\" height=\"139\" src=\"https:\/\/www.radiopiu.net\/wordpress\/wp-content\/uploads\/2022\/03\/276013886_539395817510555_1522460743909211391_n-1.png\" class=\"attachment-thumbnail size-thumbnail\" alt=\"\" \/><\/a>\n\t\t\t\t<\/dt><\/dl><dl class='gallery-item'>\n\t\t\t\t<dt class='gallery-icon portrait'>\n\t\t\t\t\t<a class=\"rollover rollover-zoom dt-pswp-item\" title=\"275895046_1161383341274578_1376418393665499523_n\" data-dt-img-description=\"\" data-large_image_width=\"144\" data-large_image_height=\"148\"href='https:\/\/www.radiopiu.net\/wordpress\/wp-content\/uploads\/2022\/03\/275895046_1161383341274578_1376418393665499523_n-1.png'><img loading=\"lazy\" decoding=\"async\" width=\"144\" height=\"148\" src=\"https:\/\/www.radiopiu.net\/wordpress\/wp-content\/uploads\/2022\/03\/275895046_1161383341274578_1376418393665499523_n-1.png\" class=\"attachment-thumbnail size-thumbnail\" alt=\"\" \/><\/a>\n\t\t\t\t<\/dt><\/dl><dl class='gallery-item'>\n\t\t\t\t<dt class='gallery-icon landscape'>\n\t\t\t\t\t<a class=\"rollover rollover-zoom dt-pswp-item\" title=\"275984499_1129533601219917_2558542069274955968_n\" data-dt-img-description=\"\" data-large_image_width=\"145\" data-large_image_height=\"145\"href='https:\/\/www.radiopiu.net\/wordpress\/wp-content\/uploads\/2022\/03\/275984499_1129533601219917_2558542069274955968_n-1.png'><img loading=\"lazy\" decoding=\"async\" width=\"145\" height=\"145\" src=\"https:\/\/www.radiopiu.net\/wordpress\/wp-content\/uploads\/2022\/03\/275984499_1129533601219917_2558542069274955968_n-1.png\" class=\"attachment-thumbnail size-thumbnail\" alt=\"\" \/><\/a>\n\t\t\t\t<\/dt><\/dl><br style=\"clear: both\" \/><dl class='gallery-item'>\n\t\t\t\t<dt class='gallery-icon landscape'>\n\t\t\t\t\t<a class=\"rollover rollover-zoom dt-pswp-item\" title=\"275627271_948782079114200_8497485074813430037_n\" data-dt-img-description=\"\" data-large_image_width=\"271\" data-large_image_height=\"206\"href='https:\/\/www.radiopiu.net\/wordpress\/wp-content\/uploads\/2022\/03\/275627271_948782079114200_8497485074813430037_n-1.jpg'><img loading=\"lazy\" decoding=\"async\" width=\"150\" height=\"150\" src=\"https:\/\/www.radiopiu.net\/wordpress\/wp-content\/uploads\/2022\/03\/275627271_948782079114200_8497485074813430037_n-1-150x150.jpg\" class=\"attachment-thumbnail size-thumbnail\" alt=\"\" \/><\/a>\n\t\t\t\t<\/dt><\/dl><dl class='gallery-item'>\n\t\t\t\t<dt class='gallery-icon landscape'>\n\t\t\t\t\t<a class=\"rollover rollover-zoom dt-pswp-item\" title=\"275509332_628335188619778_535057242152367356_n\" data-dt-img-description=\"\" data-large_image_width=\"336\" data-large_image_height=\"206\"href='https:\/\/www.radiopiu.net\/wordpress\/wp-content\/uploads\/2022\/03\/275509332_628335188619778_535057242152367356_n-1.jpg'><img loading=\"lazy\" decoding=\"async\" width=\"150\" height=\"150\" src=\"https:\/\/www.radiopiu.net\/wordpress\/wp-content\/uploads\/2022\/03\/275509332_628335188619778_535057242152367356_n-1-150x150.jpg\" class=\"attachment-thumbnail size-thumbnail\" alt=\"\" \/><\/a>\n\t\t\t\t<\/dt><\/dl><dl class='gallery-item'>\n\t\t\t\t<dt class='gallery-icon portrait'>\n\t\t\t\t\t<a class=\"rollover rollover-zoom dt-pswp-item\" title=\"275430730_297735692444773_3723051620382538440_n\" data-dt-img-description=\"\" data-large_image_width=\"155\" data-large_image_height=\"206\"href='https:\/\/www.radiopiu.net\/wordpress\/wp-content\/uploads\/2022\/03\/275430730_297735692444773_3723051620382538440_n-1.png'><img loading=\"lazy\" decoding=\"async\" width=\"150\" height=\"150\" src=\"https:\/\/www.radiopiu.net\/wordpress\/wp-content\/uploads\/2022\/03\/275430730_297735692444773_3723051620382538440_n-1-150x150.png\" class=\"attachment-thumbnail size-thumbnail\" alt=\"\" \/><\/a>\n\t\t\t\t<\/dt><\/dl><dl class='gallery-item'>\n\t\t\t\t<dt class='gallery-icon landscape'>\n\t\t\t\t\t<a class=\"rollover rollover-zoom dt-pswp-item\" title=\"275636618_543923946947227_535749365196334909_n\" data-dt-img-description=\"\" data-large_image_width=\"216\" data-large_image_height=\"137\"href='https:\/\/www.radiopiu.net\/wordpress\/wp-content\/uploads\/2022\/03\/275636618_543923946947227_535749365196334909_n-1.jpg'><img loading=\"lazy\" decoding=\"async\" width=\"150\" height=\"137\" src=\"https:\/\/www.radiopiu.net\/wordpress\/wp-content\/uploads\/2022\/03\/275636618_543923946947227_535749365196334909_n-1-150x137.jpg\" class=\"attachment-thumbnail size-thumbnail\" alt=\"\" \/><\/a>\n\t\t\t\t<\/dt><\/dl><dl class='gallery-item'>\n\t\t\t\t<dt class='gallery-icon portrait'>\n\t\t\t\t\t<a class=\"rollover rollover-zoom dt-pswp-item\" title=\"275434794_526833778800534_4143798357206098460_n\" data-dt-img-description=\"\" data-large_image_width=\"168\" data-large_image_height=\"200\"href='https:\/\/www.radiopiu.net\/wordpress\/wp-content\/uploads\/2022\/03\/275434794_526833778800534_4143798357206098460_n-1.jpg'><img loading=\"lazy\" decoding=\"async\" width=\"150\" height=\"150\" src=\"https:\/\/www.radiopiu.net\/wordpress\/wp-content\/uploads\/2022\/03\/275434794_526833778800534_4143798357206098460_n-1-150x150.jpg\" class=\"attachment-thumbnail size-thumbnail\" alt=\"\" \/><\/a>\n\t\t\t\t<\/dt><\/dl><br style=\"clear: both\" \/>\n\t\t\t<\/div>\n\n<p>NELLE FOTO (sito \u201cchiesabellunofeltre e riproduzioni dal libretto \u201cUn chicco di grano-Don Elio e noi\u201d): don Elio Larese, mancato un anno fa; il Seminario Gregoriano; scomparsi anche: don Giovanni Unterberger, monsignor Ausilio Da Rif e don Francesco Silvestri; copertina del libretto in ricordo di don Elio; la cerimonia funebre fu presieduta dal vescovo Renato Marangoni (nell\u2019immagine con accanto don Elio); l\u2019allora vicario generale della Diocesi di Belluno, Graziano Dalla Caneva che commemor\u00f2 don Elio alle esequie del 23 marzo 2021; don Giorgio Lise, rettore del Seminario; don Larese (primo in alto da destra) con animatori di campeggio a Valmorel nel 1974.<\/p>\n","protected":false},"excerpt":{"rendered":"<p>di\u00a0 RENATO BONA \u201cIn tutti coloro che lo hanno conosciuto \u00e8 vivo il ricordo di una persona affabile e discreta, dotata di un\u2019intelligenza aperta, che si esprimeva oltre che negli interessi culturali, letterari e musicali, nella capacit\u00e0 di ascoltare e di consigliare, nel sapersi interessare sinceramente degli altri con particolare sensibilit\u00e0 e delicatezza, con quel&hellip;<\/p>\n","protected":false},"author":4,"featured_media":266202,"comment_status":"closed","ping_status":"closed","sticky":false,"template":"","format":"standard","meta":{"_monsterinsights_skip_tracking":false,"_monsterinsights_sitenote_active":false,"_monsterinsights_sitenote_note":"","_monsterinsights_sitenote_category":0,"footnotes":""},"categories":[104,49],"tags":[],"class_list":["post-266187","post","type-post","status-publish","format-standard","has-post-thumbnail","hentry","category-evidenza_3","category-news-18","category-104","category-49","description-off"],"img_url":"https:\/\/www.radiopiu.net\/wordpress\/wp-content\/uploads\/2022\/03\/275984499_1129533601219917_2558542069274955968_n-1.png","_links":{"self":[{"href":"https:\/\/www.radiopiu.net\/wordpress\/wp-json\/wp\/v2\/posts\/266187","targetHints":{"allow":["GET"]}}],"collection":[{"href":"https:\/\/www.radiopiu.net\/wordpress\/wp-json\/wp\/v2\/posts"}],"about":[{"href":"https:\/\/www.radiopiu.net\/wordpress\/wp-json\/wp\/v2\/types\/post"}],"author":[{"embeddable":true,"href":"https:\/\/www.radiopiu.net\/wordpress\/wp-json\/wp\/v2\/users\/4"}],"replies":[{"embeddable":true,"href":"https:\/\/www.radiopiu.net\/wordpress\/wp-json\/wp\/v2\/comments?post=266187"}],"version-history":[{"count":0,"href":"https:\/\/www.radiopiu.net\/wordpress\/wp-json\/wp\/v2\/posts\/266187\/revisions"}],"wp:featuredmedia":[{"embeddable":true,"href":"https:\/\/www.radiopiu.net\/wordpress\/wp-json\/wp\/v2\/media\/266202"}],"wp:attachment":[{"href":"https:\/\/www.radiopiu.net\/wordpress\/wp-json\/wp\/v2\/media?parent=266187"}],"wp:term":[{"taxonomy":"category","embeddable":true,"href":"https:\/\/www.radiopiu.net\/wordpress\/wp-json\/wp\/v2\/categories?post=266187"},{"taxonomy":"post_tag","embeddable":true,"href":"https:\/\/www.radiopiu.net\/wordpress\/wp-json\/wp\/v2\/tags?post=266187"}],"curies":[{"name":"wp","href":"https:\/\/api.w.org\/{rel}","templated":true}]}}