{"id":266222,"date":"2022-03-22T23:59:02","date_gmt":"2022-03-22T22:59:02","guid":{"rendered":"https:\/\/www.radiopiu.net\/wordpress\/?p=266222"},"modified":"2022-03-23T06:13:04","modified_gmt":"2022-03-23T05:13:04","slug":"per-lagordina-un-pareggio-amaro-contro-il-ponte-nelle-alpi","status":"publish","type":"post","link":"https:\/\/www.radiopiu.net\/wordpress\/per-lagordina-un-pareggio-amaro-contro-il-ponte-nelle-alpi\/","title":{"rendered":"PER L\u2019AGORDINA UN PAREGGIO AMARO CONTRO IL PONTE NELLE ALPI"},"content":{"rendered":"<p><strong><a class=\"dt-pswp-item\" href=\"https:\/\/www.radiopiu.net\/wordpress\/wp-content\/uploads\/2019\/09\/AGORDINA-CALCIO.jpeg\" data-dt-img-description=\"\" data-large_image_width=\"225\" data-large_image_height=\"225\"><img loading=\"lazy\" decoding=\"async\" class=\"wp-image-97575 alignleft\" src=\"https:\/\/www.radiopiu.net\/wordpress\/wp-content\/uploads\/2019\/09\/AGORDINA-CALCIO.jpeg\" alt=\"\" width=\"126\" height=\"126\" srcset=\"https:\/\/www.radiopiu.net\/wordpress\/wp-content\/uploads\/2019\/09\/AGORDINA-CALCIO.jpeg 225w, https:\/\/www.radiopiu.net\/wordpress\/wp-content\/uploads\/2019\/09\/AGORDINA-CALCIO-150x150.jpeg 150w\" sizes=\"auto, (max-width: 126px) 100vw, 126px\" \/><\/a>AGORDO<\/strong> Nell\u2019ultima partita della Seconda Categoria girone T del Veneto, l\u2019Agordina di Marco Lorenzi \u00e8 tornata a casa con un punto. Un rocambolesco 4 a 4 contro il Ponte Nelle Alpi, un pareggio amaro visto che la compagine di Agordo stava vincendo con due gol di scarto e si \u00e8 fatta recuperare dai pontalpini nel finale. Un punto che per\u00f2 da fiducia ai ragazzi di Lorenzi che si avvicinano sempre di pi\u00f9 a quel obbiettivo dei 30 punti stagionali che valgono la salvezza quasi matematica. Mancano sette partite alla fine della stagione e l\u2019Agordina potrebbe puntare alle prime posizioni della classifica. Domenica all\u2019Ivano Dorigo di Agordo arriva il Tambre, una formazione bisognosa di punti per evitare la zona playout. Non sar\u00e0 una passeggiata per l\u2019Agordina che in casa stenta ad incamerare punti.<\/p>\n<p><strong>FEDERICO FOSSEN, GIOCATORE DELL\u2019AGORDINA<\/strong><\/p>\n<audio class=\"wp-audio-shortcode\" id=\"audio-266222-1\" preload=\"none\" style=\"width: 100%;\" controls=\"controls\"><source type=\"audio\/mpeg\" src=\"https:\/\/www.radiopiu.net\/wordpress\/wp-content\/uploads\/2022\/03\/FEDE-FOSSEN-PONTE.mp3?_=1\" \/><a href=\"https:\/\/www.radiopiu.net\/wordpress\/wp-content\/uploads\/2022\/03\/FEDE-FOSSEN-PONTE.mp3\">https:\/\/www.radiopiu.net\/wordpress\/wp-content\/uploads\/2022\/03\/FEDE-FOSSEN-PONTE.mp3<\/a><\/audio>\n<p>&nbsp;<\/p>\n<p>&nbsp;<\/p>\n<p>*****<\/p>\n","protected":false},"excerpt":{"rendered":"<p>AGORDO Nell\u2019ultima partita della Seconda Categoria girone T del Veneto, l\u2019Agordina di Marco Lorenzi \u00e8 tornata a casa con un punto. Un rocambolesco 4 a 4 contro il Ponte Nelle Alpi, un pareggio amaro visto che la compagine di Agordo stava vincendo con due gol di scarto e si \u00e8 fatta recuperare dai pontalpini nel&hellip;<\/p>\n","protected":false},"author":4,"featured_media":97575,"comment_status":"closed","ping_status":"closed","sticky":false,"template":"","format":"standard","meta":{"_monsterinsights_skip_tracking":false,"_monsterinsights_sitenote_active":false,"_monsterinsights_sitenote_note":"","_monsterinsights_sitenote_category":0,"footnotes":""},"categories":[104,49],"tags":[],"class_list":["post-266222","post","type-post","status-publish","format-standard","has-post-thumbnail","hentry","category-evidenza_3","category-news-18","category-104","category-49","description-off"],"img_url":"https:\/\/www.radiopiu.net\/wordpress\/wp-content\/uploads\/2019\/09\/AGORDINA-CALCIO.jpeg","_links":{"self":[{"href":"https:\/\/www.radiopiu.net\/wordpress\/wp-json\/wp\/v2\/posts\/266222","targetHints":{"allow":["GET"]}}],"collection":[{"href":"https:\/\/www.radiopiu.net\/wordpress\/wp-json\/wp\/v2\/posts"}],"about":[{"href":"https:\/\/www.radiopiu.net\/wordpress\/wp-json\/wp\/v2\/types\/post"}],"author":[{"embeddable":true,"href":"https:\/\/www.radiopiu.net\/wordpress\/wp-json\/wp\/v2\/users\/4"}],"replies":[{"embeddable":true,"href":"https:\/\/www.radiopiu.net\/wordpress\/wp-json\/wp\/v2\/comments?post=266222"}],"version-history":[{"count":0,"href":"https:\/\/www.radiopiu.net\/wordpress\/wp-json\/wp\/v2\/posts\/266222\/revisions"}],"wp:featuredmedia":[{"embeddable":true,"href":"https:\/\/www.radiopiu.net\/wordpress\/wp-json\/wp\/v2\/media\/97575"}],"wp:attachment":[{"href":"https:\/\/www.radiopiu.net\/wordpress\/wp-json\/wp\/v2\/media?parent=266222"}],"wp:term":[{"taxonomy":"category","embeddable":true,"href":"https:\/\/www.radiopiu.net\/wordpress\/wp-json\/wp\/v2\/categories?post=266222"},{"taxonomy":"post_tag","embeddable":true,"href":"https:\/\/www.radiopiu.net\/wordpress\/wp-json\/wp\/v2\/tags?post=266222"}],"curies":[{"name":"wp","href":"https:\/\/api.w.org\/{rel}","templated":true}]}}