{"id":266248,"date":"2022-03-22T18:49:42","date_gmt":"2022-03-22T17:49:42","guid":{"rendered":"https:\/\/www.radiopiu.net\/wordpress\/?p=266248"},"modified":"2022-03-23T06:13:16","modified_gmt":"2022-03-23T05:13:16","slug":"dal-1-aprile-quattro-medici-in-pensione-in-agordino-il-dottor-valter-tomaselli","status":"publish","type":"post","link":"https:\/\/www.radiopiu.net\/wordpress\/dal-1-aprile-quattro-medici-in-pensione-in-agordino-il-dottor-valter-tomaselli\/","title":{"rendered":"DAL 1 APRILE QUATTRO MEDICI IN PENSIONE. IN AGORDINO IL DOTTOR VALTER TOMASELLI"},"content":{"rendered":"<p><strong><a class=\"dt-pswp-item\" href=\"https:\/\/www.radiopiu.net\/wordpress\/wp-content\/uploads\/2021\/06\/MEDICO.jpg\" data-dt-img-description=\"\" data-large_image_width=\"1920\" data-large_image_height=\"1440\"><img loading=\"lazy\" decoding=\"async\" class=\"size-medium wp-image-216887 alignleft\" src=\"https:\/\/www.radiopiu.net\/wordpress\/wp-content\/uploads\/2021\/06\/MEDICO-300x225.jpg\" alt=\"\" width=\"300\" height=\"225\" srcset=\"https:\/\/www.radiopiu.net\/wordpress\/wp-content\/uploads\/2021\/06\/MEDICO-300x225.jpg 300w, https:\/\/www.radiopiu.net\/wordpress\/wp-content\/uploads\/2021\/06\/MEDICO-1024x768.jpg 1024w, https:\/\/www.radiopiu.net\/wordpress\/wp-content\/uploads\/2021\/06\/MEDICO-768x576.jpg 768w, https:\/\/www.radiopiu.net\/wordpress\/wp-content\/uploads\/2021\/06\/MEDICO-1536x1152.jpg 1536w, https:\/\/www.radiopiu.net\/wordpress\/wp-content\/uploads\/2021\/06\/MEDICO.jpg 1920w\" sizes=\"auto, (max-width: 300px) 100vw, 300px\" \/><\/a>BELLUNO <\/strong>Il 31 marzo andranno in pensione alcuni Medici di Medicina Generale dell\u2019Ulss Dolomiti. In queste settimane l\u2019Ulss Dolomiti ha esplorato, e sta ancora cercando, tutte le soluzioni possibili per ciascun ambito, anche dialogando con le Amministrazioni comunali, al fine di continuare ad offrire l\u2019assistenza con ambulatori sparsi in modo capillare in tutti i territori, pur nella difficolt\u00e0 dovuta alla carenza di professionisti che scelgono la medicina di famiglia, comune a diverse aree. Continua, inoltre, l\u2019incessante ricerca di nuovi professionisti anche offrendo appartamenti e ambulatori a prezzi calmierati e di incentivi economici legati al riconoscimento di zone disagiate. Questi alcuni dei cambi medici in programma a fine mese. <strong>DISTRETTO 1 BELLUNO: <\/strong><strong>Dr.ssa LUISA SCARROCCHIA &#8211; <\/strong>Ambito territoriale dei Comuni di\u00a0 Belluno, Limana, Ponte nelle Alpi e Soverzene: L\u2019Azienda, con l\u2019aiuto del Comune di Limana, sta cercando dei locali da mettere a disposizione di uno o pi\u00f9 medici disponibili a svolgere la propria attivit\u00e0 nel comune stesso. Nelle more, gli assistiti sono invitati a scegliere uno dei medici disponibili nell\u2019ambito territoriale (lettera con modalit\u00e0 di scelta gi\u00e0 invitata tramite Poste) <strong>Dr.ssa CRISTINA ANDRICH &#8211; <\/strong>Ambito territoriale dei Comuni di\u00a0 Belluno, Limana, Ponte nelle Alpi e Soverzene: Per la sostituzione della dottoressa Andrich a Castion si stanno cercando ancora soluzioni per mantenere l\u2019ambulatorio nella frazione anche attraverso un dialogo con i medici di medicina generale dell\u2019ambito di Belluno e l\u2019amministrazione Comunale. La dottoressa Canton ha confermato la propria presenza nell\u2019ambulatorio di Castion fino al 31 maggio nelle giornate di luned\u00ec, giovedi e venerd\u00ec. <strong>Dr. VALTER TOMASELLI \u2013 Alto Agordino. <\/strong>L\u2019assistenza medica alla cittadinanza dell\u2019Alto Agordino sar\u00e0 garantita attraverso i medici con incarico definito e provvisorio (gli assistiti saranno assegnati d\u2019ufficio) dell\u2019ambito. <strong>Dal 1 aprile prende servizio la dottoressa Camilla Semenzato con incarico provvisorio nell\u2019Alto Agordino con ambulatorio a Livinallongo. Dal 1 aprile il dr Luca Favero, gi\u00e0 con incarico provvisorio, svolger\u00e0 la propria attivit\u00e0 con ambulatori a Cencenighe e Alleghe. <\/strong><strong>DISTRETTO 2 FELTRE: <\/strong>dr <strong>EVANDRO<\/strong> <strong>BERTELLE &#8211; <\/strong>Ambito territoriale dei Comuni di Cesiomaggiore, San Gregorio nelle Alpi, Santa Giustina, Sedico e Sospirolo: gli assistiti dovranno scegliere uno dei medici dell\u2019ambito disponibili (allegate indicazioni su come effettuare la scelta). <strong>Dr.sse BARBARA MUSSOI E ALESSANDRA RULLI <\/strong>Ambito territoriale Feltre, Alano di Piave, Pedavena, Quero Vas e Seren del Grappa: le dottoresse Mussoi e Rulli, dal primo aprile, avranno un incarico definitivo ed eserciteranno entrambe nell\u2019ambulatorio di Pedavena. Gli assistiti, pertanto, dovranno effettuare nuovamente la scelta del medico\u00a0 (indicazioni allegate su come effettuare la scelta). In linea generale, si ricorda che: \u00e8 possibile verificare in tempo reale la disponibilit\u00e0 dei medici, collegandosi al seguente link <a href=\"https:\/\/salute.regione.veneto.it\/servizi\/cerca-medici-e-pediatri\">https:\/\/salute.regione.veneto.it\/servizi\/cerca-medici-e-pediatri<\/a>; attraverso il Fascicolo Sanitario elettronico regionale \u00e8 possibile effettuare in maniera rapida la scelta del nuovo medico. Per le specifiche modalit\u00e0 di scelta di ciascun ambito, seguire le indicazioni inviate a domicilio e affisse negli ambulatori dei professionisti interessati.<\/p>\n<p>&nbsp;<\/p>\n<p>&nbsp;<\/p>\n<p>******<\/p>\n","protected":false},"excerpt":{"rendered":"<p>BELLUNO Il 31 marzo andranno in pensione alcuni Medici di Medicina Generale dell\u2019Ulss Dolomiti. In queste settimane l\u2019Ulss Dolomiti ha esplorato, e sta ancora cercando, tutte le soluzioni possibili per ciascun ambito, anche dialogando con le Amministrazioni comunali, al fine di continuare ad offrire l\u2019assistenza con ambulatori sparsi in modo capillare in tutti i territori,&hellip;<\/p>\n","protected":false},"author":4,"featured_media":216887,"comment_status":"closed","ping_status":"closed","sticky":false,"template":"","format":"standard","meta":{"_monsterinsights_skip_tracking":false,"_monsterinsights_sitenote_active":false,"_monsterinsights_sitenote_note":"","_monsterinsights_sitenote_category":0,"footnotes":""},"categories":[51,49],"tags":[],"class_list":["post-266248","post","type-post","status-publish","format-standard","has-post-thumbnail","hentry","category-evidenza-top","category-news-18","category-51","category-49","description-off"],"img_url":"https:\/\/www.radiopiu.net\/wordpress\/wp-content\/uploads\/2021\/06\/MEDICO.jpg","_links":{"self":[{"href":"https:\/\/www.radiopiu.net\/wordpress\/wp-json\/wp\/v2\/posts\/266248","targetHints":{"allow":["GET"]}}],"collection":[{"href":"https:\/\/www.radiopiu.net\/wordpress\/wp-json\/wp\/v2\/posts"}],"about":[{"href":"https:\/\/www.radiopiu.net\/wordpress\/wp-json\/wp\/v2\/types\/post"}],"author":[{"embeddable":true,"href":"https:\/\/www.radiopiu.net\/wordpress\/wp-json\/wp\/v2\/users\/4"}],"replies":[{"embeddable":true,"href":"https:\/\/www.radiopiu.net\/wordpress\/wp-json\/wp\/v2\/comments?post=266248"}],"version-history":[{"count":0,"href":"https:\/\/www.radiopiu.net\/wordpress\/wp-json\/wp\/v2\/posts\/266248\/revisions"}],"wp:featuredmedia":[{"embeddable":true,"href":"https:\/\/www.radiopiu.net\/wordpress\/wp-json\/wp\/v2\/media\/216887"}],"wp:attachment":[{"href":"https:\/\/www.radiopiu.net\/wordpress\/wp-json\/wp\/v2\/media?parent=266248"}],"wp:term":[{"taxonomy":"category","embeddable":true,"href":"https:\/\/www.radiopiu.net\/wordpress\/wp-json\/wp\/v2\/categories?post=266248"},{"taxonomy":"post_tag","embeddable":true,"href":"https:\/\/www.radiopiu.net\/wordpress\/wp-json\/wp\/v2\/tags?post=266248"}],"curies":[{"name":"wp","href":"https:\/\/api.w.org\/{rel}","templated":true}]}}