{"id":266296,"date":"2022-03-24T05:36:05","date_gmt":"2022-03-24T04:36:05","guid":{"rendered":"https:\/\/www.radiopiu.net\/wordpress\/?p=266296"},"modified":"2022-03-24T05:54:43","modified_gmt":"2022-03-24T04:54:43","slug":"ci-ha-lasciato-un-fodom-per-i-fodom-sempre-in-corsa-per-i-suoi-obiettivi","status":"publish","type":"post","link":"https:\/\/www.radiopiu.net\/wordpress\/ci-ha-lasciato-un-fodom-per-i-fodom-sempre-in-corsa-per-i-suoi-obiettivi\/","title":{"rendered":"DOMANI ALLE 14.00 I FUNERALI DEL PROF. GIANNI PEZZEI"},"content":{"rendered":"<blockquote>\n<h3><img loading=\"lazy\" decoding=\"async\" class=\"alignleft\" src=\"https:\/\/www.radiopiu.net\/wordpress\/wp-content\/uploads\/2022\/03\/DSCF3234.jpg\" width=\"245\" height=\"184\" \/>LUTTO IN TERRITORIO FODOM, E&#8217; MANCATO GIANNI PEZZEI<\/h3>\n<\/blockquote>\n<p><strong>LIVINALLONGO<\/strong> Gianni Pezzei non c&#8217;\u00e8 pi\u00f9. L&#8217;apprezzato artista Fodom era nato il 30 luglio del 1951 a Livin\u00e8 di Livinallongo. Un passato da insegnante, professore per tanti studenti,\u00a0 amministratore, gi\u00e0 sindaco del paese con importanti incarichi anche in Provincia. Lo scorso luglio in occasione del 70 anni con Renato Bona avevamo dedicato una pagina all&#8217;artista di Livinallongo che qui riproponiamo con un abbraccio a chi resta.<\/p>\n<p>&nbsp;<\/p>\n<p><strong>di LORENZO SORATROI<\/strong><\/p>\n<audio class=\"wp-audio-shortcode\" id=\"audio-266296-1\" preload=\"none\" style=\"width: 100%;\" controls=\"controls\"><source type=\"audio\/mpeg\" src=\"https:\/\/www.radiopiu.net\/wordpress\/wp-content\/uploads\/2022\/03\/lorenzo.mp3?_=1\" \/><a href=\"https:\/\/www.radiopiu.net\/wordpress\/wp-content\/uploads\/2022\/03\/lorenzo.mp3\">https:\/\/www.radiopiu.net\/wordpress\/wp-content\/uploads\/2022\/03\/lorenzo.mp3<\/a><\/audio>\n<p>&nbsp;<\/p>\n<p><strong>NOTIZIARIO, EDIZIONE SPECIALE DELLE 15.30 &#8211; 22 MARZO &#8211;\u00a0 CON IL SINDACO DI LIVINALLONGO LEANDRO GRONES.<\/strong><\/p>\n<audio class=\"wp-audio-shortcode\" id=\"audio-266296-2\" preload=\"none\" style=\"width: 100%;\" controls=\"controls\"><source type=\"audio\/mpeg\" src=\"https:\/\/www.radiopiu.net\/wordpress\/wp-content\/uploads\/2022\/03\/LEANDRO.mp3?_=2\" \/><a href=\"https:\/\/www.radiopiu.net\/wordpress\/wp-content\/uploads\/2022\/03\/LEANDRO.mp3\">https:\/\/www.radiopiu.net\/wordpress\/wp-content\/uploads\/2022\/03\/LEANDRO.mp3<\/a><\/audio>\n<p>&nbsp;<\/p>\n<p><strong>IL RICORDO DI DARIO BOND\u00a0<\/strong><\/p>\n<audio class=\"wp-audio-shortcode\" id=\"audio-266296-3\" preload=\"none\" style=\"width: 100%;\" controls=\"controls\"><source type=\"audio\/mpeg\" src=\"https:\/\/www.radiopiu.net\/wordpress\/wp-content\/uploads\/2022\/03\/dario-gianni.mp3?_=3\" \/><a href=\"https:\/\/www.radiopiu.net\/wordpress\/wp-content\/uploads\/2022\/03\/dario-gianni.mp3\">https:\/\/www.radiopiu.net\/wordpress\/wp-content\/uploads\/2022\/03\/dario-gianni.mp3<\/a><\/audio>\n<p>&nbsp;<\/p>\n<p><strong>SILVIA CESTARO, CONSIGLIERE REGIONALE\u00a0<\/strong><\/p>\n<audio class=\"wp-audio-shortcode\" id=\"audio-266296-4\" preload=\"none\" style=\"width: 100%;\" controls=\"controls\"><source type=\"audio\/mpeg\" src=\"https:\/\/www.radiopiu.net\/wordpress\/wp-content\/uploads\/2022\/03\/SILVIA-AA.mp3?_=4\" \/><a href=\"https:\/\/www.radiopiu.net\/wordpress\/wp-content\/uploads\/2022\/03\/SILVIA-AA.mp3\">https:\/\/www.radiopiu.net\/wordpress\/wp-content\/uploads\/2022\/03\/SILVIA-AA.mp3<\/a><\/audio>\n<p>&nbsp;<\/p>\n<p><strong>OSCAR DE BONA GIA&#8217; PRESIDENTE DELLA PROVINCIA\u00a0<\/strong><\/p>\n<audio class=\"wp-audio-shortcode\" id=\"audio-266296-5\" preload=\"none\" style=\"width: 100%;\" controls=\"controls\"><source type=\"audio\/mpeg\" src=\"https:\/\/www.radiopiu.net\/wordpress\/wp-content\/uploads\/2022\/03\/oscar.mp3?_=5\" \/><a href=\"https:\/\/www.radiopiu.net\/wordpress\/wp-content\/uploads\/2022\/03\/oscar.mp3\">https:\/\/www.radiopiu.net\/wordpress\/wp-content\/uploads\/2022\/03\/oscar.mp3<\/a><\/audio>\n<p>&nbsp;<\/p>\n<p>&nbsp;<\/p>\n<p><a class=\"dt-pswp-item\" href=\"https:\/\/www.radiopiu.net\/wordpress\/wp-content\/uploads\/2022\/03\/e5175f12-1fd1-4a9c-bc06-465600f8dd57.jpg\" data-dt-img-description=\"\" data-large_image_width=\"387\" data-large_image_height=\"502\"><img loading=\"lazy\" decoding=\"async\" class=\"wp-image-266313 size-full aligncenter\" src=\"https:\/\/www.radiopiu.net\/wordpress\/wp-content\/uploads\/2022\/03\/e5175f12-1fd1-4a9c-bc06-465600f8dd57.jpg\" alt=\"\" width=\"387\" height=\"502\" srcset=\"https:\/\/www.radiopiu.net\/wordpress\/wp-content\/uploads\/2022\/03\/e5175f12-1fd1-4a9c-bc06-465600f8dd57.jpg 387w, https:\/\/www.radiopiu.net\/wordpress\/wp-content\/uploads\/2022\/03\/e5175f12-1fd1-4a9c-bc06-465600f8dd57-231x300.jpg 231w\" sizes=\"auto, (max-width: 387px) 100vw, 387px\" \/><\/a><\/p>\n<p>&nbsp;<\/p>\n<p>&nbsp;<\/p>\n<blockquote>\n<h3>GIANNI PEZZEI LO SCULTORE E PITTORE FODOM TAGLIA OGGI ILTRAGUARDO DEI SETTANT\u2019ANNI<\/h3>\n<\/blockquote>\n\n\t\t\t<style type='text\/css'>\n\t\t\t\t#gallery-1 {\n\t\t\t\t\tmargin: auto;\n\t\t\t\t}\n\t\t\t\t#gallery-1 .gallery-item {\n\t\t\t\t\tfloat: left;\n\t\t\t\t\tmargin-top: 10px;\n\t\t\t\t\ttext-align: center;\n\t\t\t\t\twidth: 33%;\n\t\t\t\t}\n\t\t\t\t#gallery-1 img {\n\t\t\t\t\tborder: 2px solid #cfcfcf;\n\t\t\t\t}\n\t\t\t\t#gallery-1 .gallery-caption {\n\t\t\t\t\tmargin-left: 0;\n\t\t\t\t}\n\t\t\t\t\/* see gallery_shortcode() in wp-includes\/media.php *\/\n\t\t\t<\/style>\n\t\t<div id='gallery-1' class='dt-gallery-container gallery galleryid-266296 gallery-columns-3 gallery-size-thumbnail'><dl class='gallery-item'>\n\t\t\t\t<dt class='gallery-icon portrait'>\n\t\t\t\t\t<a class=\"rollover rollover-zoom dt-pswp-item\" title=\"222369294_1151746708667593_9105908463109268984_n\" data-dt-img-description=\"\" data-large_image_width=\"109\" data-large_image_height=\"186\"href='https:\/\/www.radiopiu.net\/wordpress\/wp-content\/uploads\/2021\/07\/222369294_1151746708667593_9105908463109268984_n.jpg'><img loading=\"lazy\" decoding=\"async\" width=\"109\" height=\"150\" src=\"https:\/\/www.radiopiu.net\/wordpress\/wp-content\/uploads\/2021\/07\/222369294_1151746708667593_9105908463109268984_n-109x150.jpg\" class=\"attachment-thumbnail size-thumbnail\" alt=\"\" \/><\/a>\n\t\t\t\t<\/dt><\/dl><dl class='gallery-item'>\n\t\t\t\t<dt class='gallery-icon portrait'>\n\t\t\t\t\t<a class=\"rollover rollover-zoom dt-pswp-item\" title=\"223069864_141440291458914_780282711389656120_n\" data-dt-img-description=\"\" data-large_image_width=\"152\" data-large_image_height=\"206\"href='https:\/\/www.radiopiu.net\/wordpress\/wp-content\/uploads\/2021\/07\/223069864_141440291458914_780282711389656120_n.jpg'><img loading=\"lazy\" decoding=\"async\" width=\"150\" height=\"150\" src=\"https:\/\/www.radiopiu.net\/wordpress\/wp-content\/uploads\/2021\/07\/223069864_141440291458914_780282711389656120_n-150x150.jpg\" class=\"attachment-thumbnail size-thumbnail\" alt=\"\" \/><\/a>\n\t\t\t\t<\/dt><\/dl><dl class='gallery-item'>\n\t\t\t\t<dt class='gallery-icon portrait'>\n\t\t\t\t\t<a class=\"rollover rollover-zoom dt-pswp-item\" title=\"225216870_550411689421436_81576323355621556_n\" data-dt-img-description=\"\" data-large_image_width=\"202\" data-large_image_height=\"206\"href='https:\/\/www.radiopiu.net\/wordpress\/wp-content\/uploads\/2021\/07\/225216870_550411689421436_81576323355621556_n.png'><img loading=\"lazy\" decoding=\"async\" width=\"150\" height=\"150\" src=\"https:\/\/www.radiopiu.net\/wordpress\/wp-content\/uploads\/2021\/07\/225216870_550411689421436_81576323355621556_n-150x150.png\" class=\"attachment-thumbnail size-thumbnail\" alt=\"\" \/><\/a>\n\t\t\t\t<\/dt><\/dl><br style=\"clear: both\" \/>\n\t\t\t<\/div>\n\n<p><strong>di\u00a0 RENATO BONA<\/strong><\/p>\n<p><strong>LIVINALLONGO<\/strong> Taglia oggi (augurissimi!) il traguardo dei 70 anni, il caro amico Gianni Pezzei \u201cBai\u00f2l\u201d, apprezzato e noto artista fod\u00f2m, nato il 30 luglio del 1951 a Livin\u00e9 di Livinallongo del Col di Lana (localit\u00e0 a quota 1485, con 43 abitanti secondi i dati ufficiali), comune del quale \u00e8 stato anche sindaco per due volte: dal 9 luglio 1985 al 5 giugno 1990, guidando una maggioranza della Democrazia Cristiana; dal 14 giungo 2004 all\u20198 giugno del 2009 con una Lista civica. Visto il riferimento amministrativo, una piccola parentesi dedicata al Comune per come ne riferisce la libera enciclopedia Wikipedia: \u201cLivinallongo \u00e8 entrato a far parte del Regno d\u2019Italia solo dopo la prima guerra mondiale e successivamente \u00e8 stato inquadrato nella Provincia di Trento. \u00c8 compreso nella nella Provincia di Belluno dal 1923. Nel 1933 il Comune ha cambiato denominazione aggiungendo la specifica \u2018del Col di Lana\u2019 in ricordo degli eventi della grande guerra. Il 28-29 ottobre 2007 si \u00e8 tenuto un referendum consultivo per chiedere che il comune (assieme a quelli di Cortina d\u2019Ampezo e Colle Santa Lucia) fosse distaccato dal Veneto ed aggregato alla Provincia autonoma di Bolzano. Il referendum si \u00e8 contraddistinto per la netta vittoria dei \u2018s\u00ec\u2019 e per il superamento dei due quorum qualificati. Ora il Comune sta seguendo la procedura prevista dalla Costituzione e dalla legge sui referendum\u201d. Giusto l\u2019altro ieri, in occasione di una rapida uscita in Nevegal, mi sono soffermato ancora una volta ad ammirare, fra l\u2019altro, la statua bronzea di Santa Bernardetta, che fa bella mostra di s\u00e9 davanti a quella della Beata Vergine di Lourdes cui \u00e8 intitolato il Santuario del colle bellunese. Ai piedi dell\u2019opera di \u201cBai\u00f2l\u201d una targa marmorea spiega: \u201cImmagine di S. Bernardetta nell\u2019estasi delle apparizioni dono dello scultore Gianni Pezzei e della Parrocchia di Pieve di Livinallongo\u201d. E\u2019 solo uno dei lavori firmati da Gianni Pezzei, autore fra l\u2019altro anche del monumento alla Resistenza di Pian de le Femene in territorio di Limana; del restauro del monumento che Longarone ha dedicato al \u201ccittadino illustre Jacopo Tasso: realizzato ad opera di Urbano Nono ed inaugurato il 10 settembre 1911 venne travolto dal disastro del Vajont del 9 ottobre 1963 e quindi rimesso a nuovo da Pezzei; di quello che a Gosaldo \u00e8 dedicato al seggiolaio: \u00e8 la statua con la quale l\u2019artista fod\u00f2m, che opera con successo anche nel campo della pittura, ha raffigurato un \u201ccontha\u201d all\u2019opera, celebrandone il lavoro. Ma non solo: il vincitore nel 2009 (per dire di uno dei tanti meritati riconoscimenti che gli sono stati attribuiti) del Premio \u201cSanta Maria Maiou\u201d ha firmato, solo per citarne alcune, queste opere: \u201cpittura murale, olio su pergamena, china su pergamena, olio su tela, sciatori (bronzo), 2 chimere (bronzo), Gran Brac\u00f9n (bronzo), il sogno del Gran Brac\u00f9n (bronzo), Spina de mul (bronzo), giocatori di pallacanestro (bronzo), Via Crucis (bronzo dorato), toro rampante (bronzo), toro e guerriero (legno di cirmolo), Madonna dell\u2019inverno (bronzo), cavalieri (bronzo), Via Crucis (legno di cirmolo), Monumento alla madre del partigiano fucilato (bronzo), la slavina (ferro), torso girevole (bronzo), evoluzione di un tuffo (legno di cirmolo), \u2018L Maier da Ciaj\u00e8ra (olio su pergamena), il falconiere (grafite su pergamena) &#8211; cavallieri tartari (olio su pergamena), la colomba v\u00e2rda (olio su pergamena), Salvarie (olio su pergamena), la lum d\u2019Aurona (olio su pergamena), l\u2019ultima Delibana (olio su pergamena), \u2018l Guzam\u00e8l (pergamena), spina de mul (olio su pergamena), Franz Iosef (bronzo), Monumento ai caduti (pietra e bronzo). Concludiamo questa modesta carrellata sul lavoro artistico di un valente scultore e pittore quale \u00e8 Gianni Pezzei (a proposito: rinnovati auguri!) ricordando grazie al sito del Corriere delle Alpi che il nostro amico sindaco-artista il 7 novembre 2005 fu ospite (dalle 8.45 alle 10) della trasmissione \u201cVivere meglio\u201d, condotta da Fabrizio Trecca su Rete4, insieme alle sue opere d&#8217;arte in legno e in bronzo. Il quotidiano bellunese scriveva: \u201cGianni Pezzei non \u00e8 un artigiano del legno come gli altri. E&#8217; in primo luogo un artista. Decine sono le personali di scultura, i premi, le medaglie, i riconoscimenti che ha collezionato dagli anni settanta ad oggi. Ultimo premio \u00e8 il recentissimo &#8216;Arte e lavoro 2005\u2019 che gli verr\u00e0 conferito i primi di novembre a Belluno. Come molteplici sono le sue opere esposte al pubblico tra cui la grande scultura posizionata di fronte al centro valanghe di Arabba (1981), il monumento alle guide alpine di Caprile o il bronzo posto al palazzetto dello sport di Agordo. Pi\u00f9 recentemente, poi, ha realizzato in alluminio la punta del K2 per l&#8217;amico Messner, che l&#8217;ha posta all&#8217;entrata di un suo museo e il cui bozzetto in legno \u00e8 stato oggetto dell&#8217;ammirazione di Trecca durante la trasmissione. Un artista del legno quindi ma non solo. Pezzei \u00e8 anche pittore. Numerosi i suoi murales in tutta la provincia di Belluno come di successo sono i suoi dipinti &#8216;najf&#8221; realizzati con un tecnica tutta personale\u201d. Sono un uomo di montagna &#8211; aveva dichiarato Pezzei durante la trasmissione \u2013 \u201cche ama la montagna e che cerca di onorarla, promuoverla ed esaltarla in tutte le sue forme\u201d. Ecco quindi spiegato il perch\u00e9 di un impegno non solo nell&#8217;arte figurativa ma anche nella societ\u00e0 civile.<\/p>\n<p>&nbsp;<\/p>\n<p>&nbsp;<\/p>\n<p>***<\/p>\n<p>&nbsp;<\/p>\n","protected":false},"excerpt":{"rendered":"<p>LUTTO IN TERRITORIO FODOM, E&#8217; MANCATO GIANNI PEZZEI LIVINALLONGO Gianni Pezzei non c&#8217;\u00e8 pi\u00f9. L&#8217;apprezzato artista Fodom era nato il 30 luglio del 1951 a Livin\u00e8 di Livinallongo. Un passato da insegnante, professore per tanti studenti,\u00a0 amministratore, gi\u00e0 sindaco del paese con importanti incarichi anche in Provincia. Lo scorso luglio in occasione del 70 anni&hellip;<\/p>\n","protected":false},"author":4,"featured_media":266298,"comment_status":"closed","ping_status":"closed","sticky":false,"template":"","format":"standard","meta":{"_monsterinsights_skip_tracking":false,"_monsterinsights_sitenote_active":false,"_monsterinsights_sitenote_note":"","_monsterinsights_sitenote_category":0,"footnotes":""},"categories":[51,49],"tags":[],"class_list":["post-266296","post","type-post","status-publish","format-standard","has-post-thumbnail","hentry","category-evidenza-top","category-news-18","category-51","category-49","description-off"],"img_url":"https:\/\/www.radiopiu.net\/wordpress\/wp-content\/uploads\/2022\/03\/DSCF3234.jpg","_links":{"self":[{"href":"https:\/\/www.radiopiu.net\/wordpress\/wp-json\/wp\/v2\/posts\/266296","targetHints":{"allow":["GET"]}}],"collection":[{"href":"https:\/\/www.radiopiu.net\/wordpress\/wp-json\/wp\/v2\/posts"}],"about":[{"href":"https:\/\/www.radiopiu.net\/wordpress\/wp-json\/wp\/v2\/types\/post"}],"author":[{"embeddable":true,"href":"https:\/\/www.radiopiu.net\/wordpress\/wp-json\/wp\/v2\/users\/4"}],"replies":[{"embeddable":true,"href":"https:\/\/www.radiopiu.net\/wordpress\/wp-json\/wp\/v2\/comments?post=266296"}],"version-history":[{"count":0,"href":"https:\/\/www.radiopiu.net\/wordpress\/wp-json\/wp\/v2\/posts\/266296\/revisions"}],"wp:featuredmedia":[{"embeddable":true,"href":"https:\/\/www.radiopiu.net\/wordpress\/wp-json\/wp\/v2\/media\/266298"}],"wp:attachment":[{"href":"https:\/\/www.radiopiu.net\/wordpress\/wp-json\/wp\/v2\/media?parent=266296"}],"wp:term":[{"taxonomy":"category","embeddable":true,"href":"https:\/\/www.radiopiu.net\/wordpress\/wp-json\/wp\/v2\/categories?post=266296"},{"taxonomy":"post_tag","embeddable":true,"href":"https:\/\/www.radiopiu.net\/wordpress\/wp-json\/wp\/v2\/tags?post=266296"}],"curies":[{"name":"wp","href":"https:\/\/api.w.org\/{rel}","templated":true}]}}