{"id":266414,"date":"2022-03-24T05:35:03","date_gmt":"2022-03-24T04:35:03","guid":{"rendered":"https:\/\/www.radiopiu.net\/wordpress\/?p=266414"},"modified":"2022-03-24T05:54:59","modified_gmt":"2022-03-24T04:54:59","slug":"la-signora-della-val-di-frela-brucera-sul-broi-il-ritorno-de-la-vecia-popa","status":"publish","type":"post","link":"https:\/\/www.radiopiu.net\/wordpress\/la-signora-della-val-di-frela-brucera-sul-broi-il-ritorno-de-la-vecia-popa\/","title":{"rendered":"LA SIGNORA DELLA VAL DI FRELA BRUCERA&#8217; SUL BROI, IL RITORNO DE LA VECIA POPA"},"content":{"rendered":"<blockquote>\n<h3><a class=\"dt-pswp-item\" href=\"https:\/\/www.radiopiu.net\/wordpress\/wp-content\/uploads\/2022\/03\/276235149_2706723306301903_3634927948597202645_n.jpg\" data-dt-img-description=\"\" data-large_image_width=\"526\" data-large_image_height=\"523\"><img loading=\"lazy\" decoding=\"async\" class=\" wp-image-266412 alignleft\" src=\"https:\/\/www.radiopiu.net\/wordpress\/wp-content\/uploads\/2022\/03\/276235149_2706723306301903_3634927948597202645_n-300x298.jpg\" alt=\"\" width=\"195\" height=\"194\" srcset=\"https:\/\/www.radiopiu.net\/wordpress\/wp-content\/uploads\/2022\/03\/276235149_2706723306301903_3634927948597202645_n-300x298.jpg 300w, https:\/\/www.radiopiu.net\/wordpress\/wp-content\/uploads\/2022\/03\/276235149_2706723306301903_3634927948597202645_n-150x150.jpg 150w, https:\/\/www.radiopiu.net\/wordpress\/wp-content\/uploads\/2022\/03\/276235149_2706723306301903_3634927948597202645_n.jpg 526w\" sizes=\"auto, (max-width: 195px) 100vw, 195px\" \/><\/a><strong><a class=\"dt-pswp-item\" href=\"https:\/\/www.radiopiu.net\/wordpress\/wp-content\/uploads\/2022\/03\/275621606_2700361800271387_8953049184278962574_n-1.jpg\" data-dt-img-description=\"\" data-large_image_width=\"507\" data-large_image_height=\"720\"><img loading=\"lazy\" decoding=\"async\" class=\" wp-image-266413 alignright\" src=\"https:\/\/www.radiopiu.net\/wordpress\/wp-content\/uploads\/2022\/03\/275621606_2700361800271387_8953049184278962574_n-1-211x300.jpg\" alt=\"\" width=\"174\" height=\"247\" srcset=\"https:\/\/www.radiopiu.net\/wordpress\/wp-content\/uploads\/2022\/03\/275621606_2700361800271387_8953049184278962574_n-1-211x300.jpg 211w, https:\/\/www.radiopiu.net\/wordpress\/wp-content\/uploads\/2022\/03\/275621606_2700361800271387_8953049184278962574_n-1.jpg 507w\" sizes=\"auto, (max-width: 174px) 100vw, 174px\" \/><\/a>DOMENICA 27 MARZO SUL BROI DI AGORDO, DOPO DUE ANNI IL RITORNO DELLA VECIA POPA, il sindaco Chissal\u00e8 ha gi\u00e0 firmato le ordinanze. Attesa per la lettura del testamento<\/strong><\/h3>\n<\/blockquote>\n<div class=\"dati1w0a hv4rvrfc osnr6wyh\">\n<div class=\"btwxx1t3 j83agx80 cwj9ozl2\">\n<div class=\"j83agx80 cbu4d94t ew0dbk1b irj2b8pg\">\n<div class=\"qzhwtbm6 knvmm38d\"><span class=\"nc684nl6\"><a class=\"oajrlxb2 g5ia77u1 qu0x051f esr5mh6w e9989ue4 r7d6kgcz rq0escxv nhd2j8a9 nc684nl6 p7hjln8o kvgmc6g5 cxmmr5t8 oygrvhab hcukyx3x jb3vyjys rz4wbd8a qt6c0cv9 a8nywdso i1ao9s8h esuyzwwr f1sip0of lzcic4wl gpro0wi8 oo9gr5id lrazzd5p\" tabindex=\"0\" role=\"link\" href=\"https:\/\/www.facebook.com\/veciapopaagordo\/?__cft__[0]=AZWLxD-iH-rb5p_aDQ_wZoyeNLgj3cILcxxMIU-koQQ2tMH75t3E9C3EZ7PGjjkb6uvJaT2T5Zv_4SZbDRte81hu9SJDn0Jv136C66M1p1aeyHEzy23Bx9W-l9J4IdkXMq6hL-Z7pB4P8T6tjBOglGWnuInVlW_gmvTMm9wKpnpA70hgdn8WQKGV3jDEXkIhRveuUlqvp-lsy6hGKSXb47Vw5Nomi5e57dl5p64d_ZPhfDGXXCOTDQ72CoUiT9hL83F3nkcYJRJD8KLAjuVrLyBt&amp;__tn__=-UC%2CP-y-R\"><strong>il messaggio della Vecia Popa de Agort<\/strong><\/a>\u00a0 <em>&#8220;<\/em><\/span><em>Manca poco e la Vecia \u00e8 quasi pronta&#8230; E voi avete rispolverato il costume di Carnevale da mettere domenica? Se a Carnevale non avete avuto la possibilit\u00e0 di vestirvi, o volete farlo di nuovo, sapete che la domenica della Vecia Popa \u00e8 il momento giusto.\u00a0 Come da tradizione a met\u00e0 Quaresima (che \u00e8 proprio il giorno in cui si svolge la nostra festa) si pu\u00f2 festeggiare di nuovo e vestirsi in maschera, per salutare l arrivo della primavera che sta arrivando e il risveglio della natura! Si brucia il vecchio per fare spazio al nuovo, si celebra la rinascita\u00a0 <span class=\"pq6dq46d tbxw36s4 knj5qynh kvgmc6g5 ditlmg2l oygrvhab nvdbi5me sf5mxxl7 gl3lb2sf hhz5lgdu\" style=\"font-size: 14px; font-weight: normal;\">Vi aspettiamo in tanti e abbiamo bisogno di tutti voi per accogliere il ritorno della Vecia sul Broi di Agordo dopo due anni di pausa!\u00a0 <\/span>Siete pronti bambini&#8230; ma anche adulti, a mascherarvi?&#8221;\u00a0 \u00a0<\/em><\/div>\n<\/div>\n<\/div>\n<\/div>\n","protected":false},"excerpt":{"rendered":"<p>DOMENICA 27 MARZO SUL BROI DI AGORDO, DOPO DUE ANNI IL RITORNO DELLA VECIA POPA, il sindaco Chissal\u00e8 ha gi\u00e0 firmato le ordinanze. Attesa per la lettura del testamento il messaggio della Vecia Popa de Agort\u00a0 &#8220;Manca poco e la Vecia \u00e8 quasi pronta&#8230; E voi avete rispolverato il costume di Carnevale da mettere domenica?&hellip;<\/p>\n","protected":false},"author":4,"featured_media":266413,"comment_status":"closed","ping_status":"closed","sticky":false,"template":"","format":"standard","meta":{"_monsterinsights_skip_tracking":false,"_monsterinsights_sitenote_active":false,"_monsterinsights_sitenote_note":"","_monsterinsights_sitenote_category":0,"footnotes":""},"categories":[51,49],"tags":[],"class_list":["post-266414","post","type-post","status-publish","format-standard","has-post-thumbnail","hentry","category-evidenza-top","category-news-18","category-51","category-49","description-off"],"img_url":"https:\/\/www.radiopiu.net\/wordpress\/wp-content\/uploads\/2022\/03\/275621606_2700361800271387_8953049184278962574_n-1.jpg","_links":{"self":[{"href":"https:\/\/www.radiopiu.net\/wordpress\/wp-json\/wp\/v2\/posts\/266414","targetHints":{"allow":["GET"]}}],"collection":[{"href":"https:\/\/www.radiopiu.net\/wordpress\/wp-json\/wp\/v2\/posts"}],"about":[{"href":"https:\/\/www.radiopiu.net\/wordpress\/wp-json\/wp\/v2\/types\/post"}],"author":[{"embeddable":true,"href":"https:\/\/www.radiopiu.net\/wordpress\/wp-json\/wp\/v2\/users\/4"}],"replies":[{"embeddable":true,"href":"https:\/\/www.radiopiu.net\/wordpress\/wp-json\/wp\/v2\/comments?post=266414"}],"version-history":[{"count":0,"href":"https:\/\/www.radiopiu.net\/wordpress\/wp-json\/wp\/v2\/posts\/266414\/revisions"}],"wp:featuredmedia":[{"embeddable":true,"href":"https:\/\/www.radiopiu.net\/wordpress\/wp-json\/wp\/v2\/media\/266413"}],"wp:attachment":[{"href":"https:\/\/www.radiopiu.net\/wordpress\/wp-json\/wp\/v2\/media?parent=266414"}],"wp:term":[{"taxonomy":"category","embeddable":true,"href":"https:\/\/www.radiopiu.net\/wordpress\/wp-json\/wp\/v2\/categories?post=266414"},{"taxonomy":"post_tag","embeddable":true,"href":"https:\/\/www.radiopiu.net\/wordpress\/wp-json\/wp\/v2\/tags?post=266414"}],"curies":[{"name":"wp","href":"https:\/\/api.w.org\/{rel}","templated":true}]}}