{"id":266489,"date":"2022-03-25T05:45:35","date_gmt":"2022-03-25T04:45:35","guid":{"rendered":"https:\/\/www.radiopiu.net\/wordpress\/?p=266489"},"modified":"2022-03-25T08:56:45","modified_gmt":"2022-03-25T07:56:45","slug":"giornale-radiopiu-25-marzo-2022-direttore-mirko-mezzacasa","status":"publish","type":"post","link":"https:\/\/www.radiopiu.net\/wordpress\/giornale-radiopiu-25-marzo-2022-direttore-mirko-mezzacasa\/","title":{"rendered":"GIORNALE RADIOPIU 25 MARZO 2022 DIRETTORE MIRKO MEZZACASA"},"content":{"rendered":"<h3 class=\"kvgmc6g5 cxmmr5t8 oygrvhab hcukyx3x c1et5uql\"><span style=\"color: #0000ff;\"><strong>INFORMAZIONE il canale su TELEGRAM informazione di prima\u00a0 <\/strong><\/span><span style=\"color: #0000ff;\"><strong>mano e in tempo reale. iscriviti ed aiutaci a farlo conoscere<\/strong><\/span><\/h3>\n<hr \/>\n<p>&nbsp;<\/p>\n<blockquote>\n<h3>SI CERCA GIORGIO SANTOMASO<\/h3>\n<\/blockquote>\n<p><strong><a class=\"dt-pswp-item\" href=\"https:\/\/www.radiopiu.net\/wordpress\/wp-content\/uploads\/2022\/03\/trujiytityu.jpg\" data-dt-img-description=\"\" data-large_image_width=\"980\" data-large_image_height=\"450\"><img loading=\"lazy\" decoding=\"async\" class=\" wp-image-266831 alignleft\" src=\"https:\/\/www.radiopiu.net\/wordpress\/wp-content\/uploads\/2022\/03\/trujiytityu-300x138.jpg\" alt=\"\" width=\"270\" height=\"124\" srcset=\"https:\/\/www.radiopiu.net\/wordpress\/wp-content\/uploads\/2022\/03\/trujiytityu-300x138.jpg 300w, https:\/\/www.radiopiu.net\/wordpress\/wp-content\/uploads\/2022\/03\/trujiytityu-768x353.jpg 768w, https:\/\/www.radiopiu.net\/wordpress\/wp-content\/uploads\/2022\/03\/trujiytityu.jpg 980w\" sizes=\"auto, (max-width: 270px) 100vw, 270px\" \/><\/a>TRENTO<\/strong>. E&#8217; stata denunciato nelle scorse ore la scomparsa da Trento di\u00a0Giorgio Santomaso. L&#8217;uomo, secondo le informazioni fornite, \u00e8 uscito di casa per una passeggiata senza pi\u00f9 fare ritorno. All&#8217;uscita dalla propria abitazione indossava un\u00a0giubbotto rosso e delle scarpe sportive rosse. Non vedendolo pi\u00f9 tornare i familiari\u00a0si sono rivolti alle forze dell&#8217;ordine e questo ha permesso di\u00a0mettere in modo la macchine delle ricerche. Nelle scorse ore \u00e8 arrivato l&#8217;appello sui social.\u00a0\u201cGrazie di cuore a chiunque possa aiutarci in qualsiasi modo\u201d\u00a0\u00e8 stato scritto dai familiari. Chi avesse informazioni pu\u00f2 contattare immediatamente le forze dell&#8217;ordine.<br \/>\nAnche da Agordo l&#8217;appello della cugina Claretta Santomaso, \u00a0figlio del perito minerario Ugo Santomaso,mancato\u00a0 lo scorso anno, originario di Voltago.<\/p>\n<p>&nbsp;<\/p>\n<p>&nbsp;<\/p>\n<p>&nbsp;<\/p>\n<hr \/>\n<p>&nbsp;<\/p>\n<blockquote>\n<h3>IL PEGGIO E&#8217; PASSATO, ANCHE NELLA ZONA DOVE ERA PREVISTA UN&#8217;ESERCITAZIONE MILITARE<\/h3>\n<\/blockquote>\n<p><span style=\"color: #000000;\"><strong>LONGARONE<\/strong> Il peggio \u00e8 passato, anche nel luogo che fa parte di un poligono militare come si legge nell&#8217;avviso del Comando Forze Operative Nord, ovvero un provvedimento di sgombero (numero 11 del 2022) per i giorni 9, 10, 16, 17, 23, 24, 30 marzo dalle 7 del mattino alle 22.30 della sera. E&#8217; il poligono denominato &#8220;Monte Serva Nord&#8221;. Quindi nei giorni in cui \u00e8 scoppiato l&#8217;incendio erano previste esercitazioni. Il Comando di Padova ieri sera ha smentito fossero in corso operazioni militari, ma tutte le ipotesi sono al vaglio dei Carabinieri Forestali sotto l&#8217;attento controllo della Procura di Belluno. Nulla per ora \u00e8 certo, nulla viene escuso tantomeno la mano del piromane alla luce dei tre diversi inneschi rilevati anche dal basso.<\/span><\/p>\n<blockquote>\n<h3>SITUAZIONE PEGGIORATA. SERVE ALTRO TEMPO PER RIAPRIRE LA SP 251<\/h3>\n<\/blockquote>\n<p><strong><a class=\"dt-pswp-item\" href=\"https:\/\/www.radiopiu.net\/wordpress\/wp-content\/uploads\/2022\/03\/f25cf322-60ce-4d13-a21f-f1fb8a621a65.jpg\" data-dt-img-description=\"\" data-large_image_width=\"960\" data-large_image_height=\"720\"><img loading=\"lazy\" decoding=\"async\" class=\" wp-image-266548 alignleft\" src=\"https:\/\/www.radiopiu.net\/wordpress\/wp-content\/uploads\/2022\/03\/f25cf322-60ce-4d13-a21f-f1fb8a621a65-300x225.jpg\" alt=\"\" width=\"160\" height=\"120\" srcset=\"https:\/\/www.radiopiu.net\/wordpress\/wp-content\/uploads\/2022\/03\/f25cf322-60ce-4d13-a21f-f1fb8a621a65-300x225.jpg 300w, https:\/\/www.radiopiu.net\/wordpress\/wp-content\/uploads\/2022\/03\/f25cf322-60ce-4d13-a21f-f1fb8a621a65-768x576.jpg 768w, https:\/\/www.radiopiu.net\/wordpress\/wp-content\/uploads\/2022\/03\/f25cf322-60ce-4d13-a21f-f1fb8a621a65.jpg 960w\" sizes=\"auto, (max-width: 160px) 100vw, 160px\" \/><\/a>VENEZIA<\/strong> &#8220;<em>Rispetto a ieri mattina la situazione \u00e8 peggiorata sul versante della Sp 251 della Val Zoldana e Val Cellina e quindi ci vorr\u00e0 almeno una settimana per riaprire la strada<\/em>&#8220;. Silvano Vernizzi direttore generale di Veneto Strade spiega le modalit\u00e0 per ripristinare le condizioni di sicurezza. &#8220;<em>Purtroppo nonostante il duro lavoro dei vigili del fuoco, il fronte dell&#8217;incendio si \u00e8 allargato a quasi un chilometro. Questo rende pi\u00f9 difficile spegnere le fiamme anche perch\u00e8 l&#8217;incendio \u00e8 a circa 200 metri sopra il ciglio stradale. Quindi bisogna prima spegnere completamente le fiamme, poi con i geologi fare un sopralluogo e capire se ci sono massi che potrebbero cadere. In quel caso andranno disgaggiati. Serve pi\u00f9 tempo insomma. Nel frattempo si sta pensando a percorsi alternativi per non isolare i cittadini residenti in zona e assicurare il transito per gli scuola bus che portano gli studenti nelle scuole. Una volta ripristinate le condizioni di sicurezza dovranno essere installati dei &#8220;paraschegge&#8221; per almeno 600 metri di lunghezza. Un lavoro che faremo appena ci saranno le condizioni<\/em>&#8220;.<\/p>\n<p>&nbsp;<\/p>\n<hr \/>\n<p>&nbsp;<\/p>\n<p>&nbsp;<\/p>\n<blockquote>\n<h3>L&#8217;ULTIMO AGGIORNAMENTO DI IERI SERA<\/h3>\n<\/blockquote>\n<p><strong><img loading=\"lazy\" decoding=\"async\" class=\"alignleft\" src=\"https:\/\/www.radiopiu.net\/wordpress\/wp-content\/uploads\/2022\/03\/Schermata-2022-03-24-alle-16.18.46.png\" width=\"259\" height=\"142\" \/>LONGARONE<\/strong> Giornata difficile iniziata con la scarsa visibilit\u00e0, a met\u00e0 giornata fumo intenso in tutta la provincia, dalla montagna alla pianura con aumento delle Pm10. Va per le lunghe la riapertura della 251 a\u00a0 Soffranco, gi\u00e0 si parla di chiusura anche per la prossima settimana<\/p>\n<p><strong>I lavori messa in sicurezza s.p. 347 loc. La Valle Agordina: i lavori in programma a partire dal 28 marzo, che avrebbero comportato limitazioni alla viabilit\u00e0 sulla s.p. 347, saranno posticipati fino a riapertura della s.p. 251 (lo ha comunicato nella serata di ieri il sindaco Camillo De Pellegrin)<\/strong><\/p>\n<p>Il punto serale con l&#8217;assessore Gianpaolo Bottacin: <em>&#8220;Domani si continua con operazione di spegnimento con elicotteri regionali, 2 Erickson, e Canadair. Le condizioni meteo saranno come oggi. Abbiamo avuto dei picchi di pm10 nella mattinata che sono rientrati nel pomeriggio nella provincia di Belluno e parte della provincia di Treviso (ecco perch\u00e9 \u00e8 stata data la prescrizione di evitare attivit\u00e0 all&#8217;aperto o farlo con mascherina). La strada provinciale 251 resta chiusa anche nei prossimi giorni in quanto molto pericolosa al transito. Nessun problema invece alla statale di Alemagna n. 51&#8221;\u00a0<\/em><\/p>\n<p>&nbsp;<\/p>\n<p>&nbsp;<\/p>\n<hr \/>\n<p>&nbsp;<\/p>\n<div class=\"page-title-head hgroup\">\n<blockquote>\n<h3 class=\"entry-title\">INCENDI BOSCHIVI. AL LAVORO PER SPEGNERE QUELLO DI FORTOGNA. IL PUNTO.<\/h3>\n<\/blockquote>\n<\/div>\n<div class=\"page-title-breadcrumbs\"><strong><img loading=\"lazy\" decoding=\"async\" class=\"alignleft\" src=\"https:\/\/www.radiopiu.net\/wordpress\/wp-content\/uploads\/2022\/03\/f9425775-0a5a-450a-acae-7ef9939a2cd4.jpg\" width=\"267\" height=\"200\" \/>VENEZIA\u00a0<\/strong> Nelle ultime settimane, in Veneto si sono moltiplicati gli incendi: da Treviso a Belluno, da Verona a Venezia. In particolare, da domenica scorsa si sono sviluppati e intensificati nella regione diversi roghi quasi tutti efficacemente presi in carico, domati e spenti: all\u2019appello manca solamente l\u2019incendio di Fortogna, a Longarone dove sono gi\u00e0 intervenuti, nelle ore scorse, due elicotteri della Regione e due Canadair. Gli incendi boschivi sono delle \u201cbrutte bestie\u201d, quando si pensa di averli domati si riaccendono improvvisamente e diventano anche pi\u00f9 aggressivi. Gli uomini sul campo sono professionisti, a cui va un grande grazie, che sono addestrati a contrastare queste bestie pericolosissime per la salute e l\u2019incolumit\u00e0 della gente veneta e per la tutela del territorio che viene, purtroppo in questo modo, depauperato della sua ricchezza naturalistica e delle sue risorse biologiche. Di seguito si evidenzia, in sintesi, un bilancio di alcuni degli ultimi incendi boschivi efficacemente spenti: domenica scorsa \u00e8 scoppiato un incendio boschivo in comune di Borso del Grappa, nel trevigiano. Successivamente \u00e8 scoppiato un incendio a Marano di Valpolicella, nel veronese, un altro a Vedelago, in provincia di Treviso, sulle sorgenti del Sile, dove il fuoco si era esteso in maniera aggressiva, ma che poi \u00e8 stato domato. Un altro si \u00e8 acceso a Cappella Maggiore (Treviso) e nel comune di Erbezzo (Verona): entrambi spenti e bonificati. Un incendio anche a Sovramonte. Un incendio in localit\u00e0 Stoccaredo a Gallio (Vicenza). Un incendio a Pederobba, localit\u00e0 Onigo (Treviso), presso l\u2019agriturismo Col Maor, un altro sempre poi domato, ad Affi, localit\u00e0 Eremo San fermo (Verona). In Val di Zoldo\u00a0 un incendio che poi si \u00e8 riattivato,\u00a0 a Soffranco, addirittura nei pressi di abitazione con residenti. Nelle ultime ore \u00e8 scoppiato anche un incendio boschivo presso il comune di Piovene Rocchette, localit\u00e0 all&#8217;Angelo Monte Summano, nel vicentino, e a Vestenanova, nel veronese.\u00a0 I numeri: si \u00e8 passati da una media di 122 incendi all&#8217;anno, nel periodo antecedente al 2000, a una media di 62 incendi all&#8217;anno (-50%), nel periodo successivo al 2000. Non solo: si \u00e8 registrata anche una notevole riduzione dell&#8217;estensione media degli incendi, che \u00e8 passata da 8 ettari a 3,6 ettari (-55%). Inoltre, il personale intervenuto, sia regionale che volontario, \u00e8 costantemente calato nel tempo per la miglior organizzazione del sistema, cos\u00ec come si sono ridotte le ore di intervento degli elicotteri regionali, con un valor medio registrato di 107 ore\/anno\u201d.<\/div>\n<p>&nbsp;<\/p>\n<hr \/>\n<p>&nbsp;<\/p>\n<blockquote>\n<h3>INCENDI FORTOGNA E SOFFRANCO: ZAIA DICHIARA STATO DI CRISI SU AREA LONGARONE<\/h3>\n<\/blockquote>\n<p><strong><a class=\"dt-pswp-item\" href=\"https:\/\/www.radiopiu.net\/wordpress\/wp-content\/uploads\/2022\/03\/79125365-f57f-48d5-935c-569e68f83c63.jpg\" data-dt-img-description=\"\" data-large_image_width=\"1600\" data-large_image_height=\"1200\"><img loading=\"lazy\" decoding=\"async\" class=\" wp-image-266530 alignleft\" src=\"https:\/\/www.radiopiu.net\/wordpress\/wp-content\/uploads\/2022\/03\/79125365-f57f-48d5-935c-569e68f83c63-300x225.jpg\" alt=\"\" width=\"149\" height=\"112\" srcset=\"https:\/\/www.radiopiu.net\/wordpress\/wp-content\/uploads\/2022\/03\/79125365-f57f-48d5-935c-569e68f83c63-300x225.jpg 300w, https:\/\/www.radiopiu.net\/wordpress\/wp-content\/uploads\/2022\/03\/79125365-f57f-48d5-935c-569e68f83c63-1024x768.jpg 1024w, https:\/\/www.radiopiu.net\/wordpress\/wp-content\/uploads\/2022\/03\/79125365-f57f-48d5-935c-569e68f83c63-768x576.jpg 768w, https:\/\/www.radiopiu.net\/wordpress\/wp-content\/uploads\/2022\/03\/79125365-f57f-48d5-935c-569e68f83c63-1536x1152.jpg 1536w, https:\/\/www.radiopiu.net\/wordpress\/wp-content\/uploads\/2022\/03\/79125365-f57f-48d5-935c-569e68f83c63.jpg 1600w\" sizes=\"auto, (max-width: 149px) 100vw, 149px\" \/><\/a>VENEZIA <\/strong>Alla luce delle criticit\u00e0 riscontrate dopo lo scoppio degli incendi che hanno interessato in questi giorni la provincia di Belluno, con decreto 32 del 24 marzo 2022, il Presidente della Regione Veneto, Luca Zaia, ha dichiarato lo stato di crisi\u00a0avente per oggetto &#8220;Incendi boschivi sovrastanti l\u2019abitato di Fortogna e Igne-Soffranco in comune di Longarone&#8221;<strong>. <\/strong>A causa del rogo \u00e8 stata chiusa una stazione ferroviaria (Ponte delle Alpi) e bloccate 3 linee dell\u2019alta tensione per lo spegnimento in sicurezza \u201c<em>Personalmente e con tutte le strutture della Protezione Civile regionale \u2013 informa Zaia \u2013 stiamo monitorando da giorni la situazione, che riguarda pi\u00f9 province del Veneto. Siamo gi\u00e0 intervenuti tempestivamente in varie situazioni per assicurare il ritorno alla normalit\u00e0. Stiamo inoltre tenendo sotto stretta osservazione la qualit\u00e0 dell&#8217;aria<\/em>&#8220;.<\/p>\n<p>&nbsp;<\/p>\n<p>&nbsp;<\/p>\n<hr \/>\n<p>&nbsp;<\/p>\n<blockquote>\n<h3>VAL DI ZOLDO ISOLATA, ZOTTIS (PD) &#8220;LA PAROLE DI SOLIDARIETA&#8217; NON BASTANO&#8221;<\/h3>\n<\/blockquote>\n<p><strong>VENEZIA<\/strong> \u201cSiamo sgomenti di fronte al nuovo incendio che ha colpito Igne e Soffranco, isolando di fatto la Val di Zoldo, vista la chiusura della Sp 251. Ai residenti va la massima solidariet\u00e0, siamo per\u00f2 <a class=\"dt-pswp-item\" href=\"https:\/\/www.radiopiu.net\/wordpress\/wp-content\/uploads\/2021\/09\/ZOTTIS-3-scaled.jpg\" data-dt-img-description=\"\" data-large_image_width=\"1706\" data-large_image_height=\"2560\"><img loading=\"lazy\" decoding=\"async\" class=\"wp-image-233262 alignleft\" src=\"https:\/\/www.radiopiu.net\/wordpress\/wp-content\/uploads\/2021\/09\/ZOTTIS-3-200x300.jpg\" alt=\"\" width=\"109\" height=\"164\" srcset=\"https:\/\/www.radiopiu.net\/wordpress\/wp-content\/uploads\/2021\/09\/ZOTTIS-3-200x300.jpg 200w, https:\/\/www.radiopiu.net\/wordpress\/wp-content\/uploads\/2021\/09\/ZOTTIS-3-683x1024.jpg 683w, https:\/\/www.radiopiu.net\/wordpress\/wp-content\/uploads\/2021\/09\/ZOTTIS-3-768x1152.jpg 768w, https:\/\/www.radiopiu.net\/wordpress\/wp-content\/uploads\/2021\/09\/ZOTTIS-3-1024x1536.jpg 1024w, https:\/\/www.radiopiu.net\/wordpress\/wp-content\/uploads\/2021\/09\/ZOTTIS-3-1365x2048.jpg 1365w, https:\/\/www.radiopiu.net\/wordpress\/wp-content\/uploads\/2021\/09\/ZOTTIS-3-scaled.jpg 1706w\" sizes=\"auto, (max-width: 109px) 100vw, 109px\" \/><\/a>convinti che le parole non solo non bastino, ma suonino anche come una presa in giro&#8221;. \u00c8 quanto afferma in una nota la consigliera del Partito Democratico Veneto Francesca Zottis (foto) insieme al capogruppo Giacomo Possamai e ai colleghi Jonatan Montanariello, Andrea Zanoni, Anna Maria Bigon e Vanessa Camani, dopo il rogo di ieri che ha portato, tra l\u2019altro, a un nuovo stop sulla Sp 251.<\/p>\n<p>&nbsp;<\/p>\n<p><strong>AUDIO<\/strong><\/p>\n<audio class=\"wp-audio-shortcode\" id=\"audio-266489-1\" preload=\"none\" style=\"width: 100%;\" controls=\"controls\"><source type=\"audio\/mpeg\" src=\"https:\/\/www.radiopiu.net\/wordpress\/wp-content\/uploads\/2022\/03\/zottis-val-di-zoldo.mp3?_=1\" \/><a href=\"https:\/\/www.radiopiu.net\/wordpress\/wp-content\/uploads\/2022\/03\/zottis-val-di-zoldo.mp3\">https:\/\/www.radiopiu.net\/wordpress\/wp-content\/uploads\/2022\/03\/zottis-val-di-zoldo.mp3<\/a><\/audio>\n<p>&nbsp;<\/p>\n<p>&nbsp;<\/p>\n<hr \/>\n<p>&nbsp;<\/p>\n<blockquote>\n<h3>INCENDI BOSCHIVI: RACCOMANDAZIONI DI ULSS E ARPAV<\/h3>\n<\/blockquote>\n<p><strong>BELLUNO <\/strong>Gli incendi boschivi attivi nel Longaronese e nello Zoldano, pur se contenuti, non sono ancora completamente spenti. Da essi sono derivati, in un\u2019ampia area del Bellunese e del Trevigiano, significativi aumenti delle concentrazioni in atmosfera delle polveri PM10. Alla luce di ci\u00f2, rimane attiva, per l\u2019intero fine settimana, la raccomandazione di limitare le attivit\u00e0 all\u2019aperto, specie per i bambini. Per coloro che devono svolgere tali attivit\u00e0, si raccomanda l\u2019utilizzo della mascherina FFP2.<\/p>\n<p>&nbsp;<\/p>\n<p>&nbsp;<\/p>\n<hr \/>\n<p>&nbsp;<\/p>\n<blockquote>\n<h3>E&#8217; MANCATO GERARDO, VOLTO NOTO DEL GIARDINETTO<\/h3>\n<\/blockquote>\n<p><strong><img loading=\"lazy\" decoding=\"async\" class=\"alignleft\" src=\"https:\/\/www.radiopiu.net\/wordpress\/wp-content\/uploads\/2022\/03\/gere.png\" width=\"116\" height=\"141\" \/>SANTA GIUSTINA<\/strong>\u00a0 Un male incurabile lo ha strappato ai suoi affetti, alla moglie Monica, ai figli Giuseppe e Anna, alla mamma, pap\u00e0, fratelli e sorella. Gerardo Apuzzo, 53 anni il volto noto della pizzeria Giardinetto\u00a0 gestita con amore e passione\u00a0 assieme alla famiglia originaria di Napoli, arrivata a Santa Giustina nel 1995. Gerardo gran lavoratore era in provincia dal 1988. Sportivo amatoriale amante della bicicletta non a caso sull&#8217;epigrafe si legge <em>&#8220;Adesso dei libero di pedalare&#8221;<\/em><br \/>\nI funerali si svolgeranno domani alle 11 nella chiesa arcipretale di Santa Giustina. Stasera alle 19, invece, sar\u00e0 recitato il rosario sempre nell&#8217;arcipretale. La famiglia\u00a0 ringrazia\u00a0 i medici che l&#8217;hanno seguito nella sua malattia. Eventuali offerte saranno devolute alla ricerca contro il cancro.<\/p>\n<p>&nbsp;<\/p>\n<p>&nbsp;<\/p>\n<hr \/>\n<p>&nbsp;<\/p>\n<div class=\"page-title-head hgroup\">\n<blockquote>\n<h3 class=\"entry-title\">FURTI NELLE ABITAZIONI, I CARABINIERI STRINGONO IL CERCHIO ECCO IL MATERIALE RECUPERATO<\/h3>\n<\/blockquote>\n<\/div>\n<div class=\"page-title-breadcrumbs\">\n<p><strong>SANTA GIUSTINA\u00a0<\/strong> Lo scorso gennaio i Carabinieri del comando compagnia di Feltre sono intervenuti in seguito ad un furto nell&#8217;abitazione di Santa Giustina. Da qui ha avuto inizio l&#8217;attivit\u00e0 d&#8217;indagine che ha portato all&#8217;individuazione di due uomini di nazionalit\u00e0 straniera, ultima dimora nel trevigiano. Tramite le indagini delegate dalla Procura di Belluno \u00e8 stata poi meglio definita l&#8217;attivit\u00e0 dei soggetti indagati e nel corso delle perquisizioni sono stati sequestrati diversi oggetti\u00a0 e materiale (di cui non \u00e8 stata giustificata la provenienza). I Carabinieri\u00a0 presumono che gli oggetti siano il frutto dei\u00a0 furti nelle\u00a0 abitazioni, anche bellunesi.. Sequestrati inoltre attrezzi utili per le effrazioni nelle abitazioni, erano costoditi nelle loro auto\u00a0 e senza un\u00a0 giustificato motivo.<\/p>\n\n\t\t\t<style type='text\/css'>\n\t\t\t\t#gallery-1 {\n\t\t\t\t\tmargin: auto;\n\t\t\t\t}\n\t\t\t\t#gallery-1 .gallery-item {\n\t\t\t\t\tfloat: left;\n\t\t\t\t\tmargin-top: 10px;\n\t\t\t\t\ttext-align: center;\n\t\t\t\t\twidth: 25%;\n\t\t\t\t}\n\t\t\t\t#gallery-1 img {\n\t\t\t\t\tborder: 2px solid #cfcfcf;\n\t\t\t\t}\n\t\t\t\t#gallery-1 .gallery-caption {\n\t\t\t\t\tmargin-left: 0;\n\t\t\t\t}\n\t\t\t\t\/* see gallery_shortcode() in wp-includes\/media.php *\/\n\t\t\t<\/style>\n\t\t<div id='gallery-1' class='dt-gallery-container gallery galleryid-266489 gallery-columns-4 gallery-size-thumbnail'><dl class='gallery-item'>\n\t\t\t\t<dt class='gallery-icon landscape'>\n\t\t\t\t\t<a class=\"rollover rollover-zoom dt-pswp-item\" title=\"fceed6f9-781f-4acb-8ef3-2534c74c69e2\" data-dt-img-description=\"\" data-large_image_width=\"2048\" data-large_image_height=\"1536\"href='https:\/\/www.radiopiu.net\/wordpress\/wp-content\/uploads\/2022\/03\/fceed6f9-781f-4acb-8ef3-2534c74c69e2.jpg'><img loading=\"lazy\" decoding=\"async\" width=\"150\" height=\"150\" src=\"https:\/\/www.radiopiu.net\/wordpress\/wp-content\/uploads\/2022\/03\/fceed6f9-781f-4acb-8ef3-2534c74c69e2-150x150.jpg\" class=\"attachment-thumbnail size-thumbnail\" alt=\"\" \/><\/a>\n\t\t\t\t<\/dt><\/dl><dl class='gallery-item'>\n\t\t\t\t<dt class='gallery-icon landscape'>\n\t\t\t\t\t<a class=\"rollover rollover-zoom dt-pswp-item\" title=\"8b8d68a7-1ef3-4e13-b3ec-a8b9d3df9a80\" data-dt-img-description=\"\" data-large_image_width=\"2048\" data-large_image_height=\"1536\"href='https:\/\/www.radiopiu.net\/wordpress\/wp-content\/uploads\/2022\/03\/8b8d68a7-1ef3-4e13-b3ec-a8b9d3df9a80.jpg'><img loading=\"lazy\" decoding=\"async\" width=\"150\" height=\"150\" src=\"https:\/\/www.radiopiu.net\/wordpress\/wp-content\/uploads\/2022\/03\/8b8d68a7-1ef3-4e13-b3ec-a8b9d3df9a80-150x150.jpg\" class=\"attachment-thumbnail size-thumbnail\" alt=\"\" \/><\/a>\n\t\t\t\t<\/dt><\/dl><dl class='gallery-item'>\n\t\t\t\t<dt class='gallery-icon landscape'>\n\t\t\t\t\t<a class=\"rollover rollover-zoom dt-pswp-item\" title=\"eef9a396-51fc-4583-b30f-55dd34e7290b\" data-dt-img-description=\"\" data-large_image_width=\"2048\" data-large_image_height=\"1536\"href='https:\/\/www.radiopiu.net\/wordpress\/wp-content\/uploads\/2022\/03\/eef9a396-51fc-4583-b30f-55dd34e7290b.jpg'><img loading=\"lazy\" decoding=\"async\" width=\"150\" height=\"150\" src=\"https:\/\/www.radiopiu.net\/wordpress\/wp-content\/uploads\/2022\/03\/eef9a396-51fc-4583-b30f-55dd34e7290b-150x150.jpg\" class=\"attachment-thumbnail size-thumbnail\" alt=\"\" \/><\/a>\n\t\t\t\t<\/dt><\/dl><dl class='gallery-item'>\n\t\t\t\t<dt class='gallery-icon landscape'>\n\t\t\t\t\t<a class=\"rollover rollover-zoom dt-pswp-item\" title=\"d55c8012-fbab-4d0f-bd7a-bd8acc77ebed\" data-dt-img-description=\"\" data-large_image_width=\"2048\" data-large_image_height=\"1536\"href='https:\/\/www.radiopiu.net\/wordpress\/wp-content\/uploads\/2022\/03\/d55c8012-fbab-4d0f-bd7a-bd8acc77ebed.jpg'><img loading=\"lazy\" decoding=\"async\" width=\"150\" height=\"150\" src=\"https:\/\/www.radiopiu.net\/wordpress\/wp-content\/uploads\/2022\/03\/d55c8012-fbab-4d0f-bd7a-bd8acc77ebed-150x150.jpg\" class=\"attachment-thumbnail size-thumbnail\" alt=\"\" \/><\/a>\n\t\t\t\t<\/dt><\/dl><br style=\"clear: both\" \/>\n\t\t\t<\/div>\n\n<blockquote><p><em>Di seguito le fotografie di quanto sequestrato che potrebbe essere utile per un eventuale riconoscimento da parte dei proprietari. In questo caso rivolgersi al Comando Carabinieri.<\/em><\/p><\/blockquote>\n\n\t\t\t<style type='text\/css'>\n\t\t\t\t#gallery-2 {\n\t\t\t\t\tmargin: auto;\n\t\t\t\t}\n\t\t\t\t#gallery-2 .gallery-item {\n\t\t\t\t\tfloat: left;\n\t\t\t\t\tmargin-top: 10px;\n\t\t\t\t\ttext-align: center;\n\t\t\t\t\twidth: 20%;\n\t\t\t\t}\n\t\t\t\t#gallery-2 img {\n\t\t\t\t\tborder: 2px solid #cfcfcf;\n\t\t\t\t}\n\t\t\t\t#gallery-2 .gallery-caption {\n\t\t\t\t\tmargin-left: 0;\n\t\t\t\t}\n\t\t\t\t\/* see gallery_shortcode() in wp-includes\/media.php *\/\n\t\t\t<\/style>\n\t\t<div id='gallery-2' class='dt-gallery-container gallery galleryid-266489 gallery-columns-5 gallery-size-thumbnail'><dl class='gallery-item'>\n\t\t\t\t<dt class='gallery-icon landscape'>\n\t\t\t\t\t<a class=\"rollover rollover-zoom dt-pswp-item\" title=\"8f5851eb-970c-46c0-af6e-7050279c2ff7\" data-dt-img-description=\"\" data-large_image_width=\"2048\" data-large_image_height=\"1536\"href='https:\/\/www.radiopiu.net\/wordpress\/wp-content\/uploads\/2022\/03\/8f5851eb-970c-46c0-af6e-7050279c2ff7.jpg'><img loading=\"lazy\" decoding=\"async\" width=\"150\" height=\"150\" src=\"https:\/\/www.radiopiu.net\/wordpress\/wp-content\/uploads\/2022\/03\/8f5851eb-970c-46c0-af6e-7050279c2ff7-150x150.jpg\" class=\"attachment-thumbnail size-thumbnail\" alt=\"\" \/><\/a>\n\t\t\t\t<\/dt><\/dl><dl class='gallery-item'>\n\t\t\t\t<dt class='gallery-icon portrait'>\n\t\t\t\t\t<a class=\"rollover rollover-zoom dt-pswp-item\" title=\"4bb914fa-c82a-41c5-b61f-eadd9330f89c\" data-dt-img-description=\"\" data-large_image_width=\"1536\" data-large_image_height=\"2048\"href='https:\/\/www.radiopiu.net\/wordpress\/wp-content\/uploads\/2022\/03\/4bb914fa-c82a-41c5-b61f-eadd9330f89c.jpg'><img loading=\"lazy\" decoding=\"async\" width=\"150\" height=\"150\" src=\"https:\/\/www.radiopiu.net\/wordpress\/wp-content\/uploads\/2022\/03\/4bb914fa-c82a-41c5-b61f-eadd9330f89c-150x150.jpg\" class=\"attachment-thumbnail size-thumbnail\" alt=\"\" \/><\/a>\n\t\t\t\t<\/dt><\/dl><dl class='gallery-item'>\n\t\t\t\t<dt class='gallery-icon portrait'>\n\t\t\t\t\t<a class=\"rollover rollover-zoom dt-pswp-item\" title=\"1090810a-236e-4786-8c21-ee5d44c79f4f\" data-dt-img-description=\"\" data-large_image_width=\"1536\" data-large_image_height=\"2048\"href='https:\/\/www.radiopiu.net\/wordpress\/wp-content\/uploads\/2022\/03\/1090810a-236e-4786-8c21-ee5d44c79f4f.jpg'><img loading=\"lazy\" decoding=\"async\" width=\"150\" height=\"150\" src=\"https:\/\/www.radiopiu.net\/wordpress\/wp-content\/uploads\/2022\/03\/1090810a-236e-4786-8c21-ee5d44c79f4f-150x150.jpg\" class=\"attachment-thumbnail size-thumbnail\" alt=\"\" \/><\/a>\n\t\t\t\t<\/dt><\/dl><dl class='gallery-item'>\n\t\t\t\t<dt class='gallery-icon landscape'>\n\t\t\t\t\t<a class=\"rollover rollover-zoom dt-pswp-item\" title=\"b864a88e-c5a0-4100-8fd5-b01a0851a3ff\" data-dt-img-description=\"\" data-large_image_width=\"1600\" data-large_image_height=\"1200\"href='https:\/\/www.radiopiu.net\/wordpress\/wp-content\/uploads\/2022\/03\/b864a88e-c5a0-4100-8fd5-b01a0851a3ff.jpg'><img loading=\"lazy\" decoding=\"async\" width=\"150\" height=\"150\" src=\"https:\/\/www.radiopiu.net\/wordpress\/wp-content\/uploads\/2022\/03\/b864a88e-c5a0-4100-8fd5-b01a0851a3ff-150x150.jpg\" class=\"attachment-thumbnail size-thumbnail\" alt=\"\" \/><\/a>\n\t\t\t\t<\/dt><\/dl><dl class='gallery-item'>\n\t\t\t\t<dt class='gallery-icon landscape'>\n\t\t\t\t\t<a class=\"rollover rollover-zoom dt-pswp-item\" title=\"2d8e254d-3ec2-4453-9951-b4698528ec3d\" data-dt-img-description=\"\" data-large_image_width=\"2048\" data-large_image_height=\"1536\"href='https:\/\/www.radiopiu.net\/wordpress\/wp-content\/uploads\/2022\/03\/2d8e254d-3ec2-4453-9951-b4698528ec3d.jpg'><img loading=\"lazy\" decoding=\"async\" width=\"150\" height=\"150\" src=\"https:\/\/www.radiopiu.net\/wordpress\/wp-content\/uploads\/2022\/03\/2d8e254d-3ec2-4453-9951-b4698528ec3d-150x150.jpg\" class=\"attachment-thumbnail size-thumbnail\" alt=\"\" \/><\/a>\n\t\t\t\t<\/dt><\/dl><br style=\"clear: both\" \/>\n\t\t\t<\/div>\n\n<p>&nbsp;<\/p>\n<\/div>\n<p>&nbsp;<\/p>\n<hr \/>\n<blockquote>\n<h3><\/h3>\n<h3>ARRESTATO IL LADRO DI BICICLETTE<\/h3>\n<\/blockquote>\n<p><strong><a class=\"dt-pswp-item\" href=\"https:\/\/www.radiopiu.net\/wordpress\/wp-content\/uploads\/2022\/03\/download.jpg\" data-dt-img-description=\"\" data-large_image_width=\"276\" data-large_image_height=\"182\"><img loading=\"lazy\" decoding=\"async\" class=\"wp-image-266684 alignleft\" src=\"https:\/\/www.radiopiu.net\/wordpress\/wp-content\/uploads\/2022\/03\/download.jpg\" alt=\"\" width=\"204\" height=\"135\" \/><\/a>SANTA GIUSTINA<\/strong> Lo scorso venerdi una pattuglia dei Carabinieri di Santa Giustina ha arrestato in flagranza di reato un italiano, pluripregiudicato residente in provincia autore del furto di una bicicletta presso un&#8217;abitazione. Alle 13 del pomeriggio il reo \u00e8 stato notato da un conoscente del proprietario del velocipede ed \u00e8 stato inseguito,\u00a0 mentre al contempo veniva richiesto l&#8217;intervento degli uomini dell&#8217;Arma tramite della compagnia di Feltre con la chiamata al 112. In pochi minuti la pattuglia lo ha raggiunto bloccando l&#8217;uomo. La bicicletta del valore di 600 euro \u00e8 stata restituita.<\/p>\n<p>FOTO dal film di De Sica &#8220;Ladri di biciclette&#8221;<\/p>\n<p>&nbsp;<\/p>\n<hr \/>\n<p>&nbsp;<\/p>\n<blockquote>\n<h3>DEPOSITO IN FIAMME A VANIE, SPENTO CON L&#8217;INTERVENTO DEI POMPIERI<\/h3>\n<\/blockquote>\n<p>&nbsp;<\/p>\n<p><strong>BORGO VALBELLUNA\u00a0<\/strong>Pompieri a sirene spiegate verso Mel in localit\u00e0 Vanie per lo spegnimento di un locale adibito a deposito. Alle 19\u00a0 la situazione era\u00a0 risolta e sotto controllo.<\/p>\n\n\t\t\t<style type='text\/css'>\n\t\t\t\t#gallery-3 {\n\t\t\t\t\tmargin: auto;\n\t\t\t\t}\n\t\t\t\t#gallery-3 .gallery-item {\n\t\t\t\t\tfloat: left;\n\t\t\t\t\tmargin-top: 10px;\n\t\t\t\t\ttext-align: center;\n\t\t\t\t\twidth: 33%;\n\t\t\t\t}\n\t\t\t\t#gallery-3 img {\n\t\t\t\t\tborder: 2px solid #cfcfcf;\n\t\t\t\t}\n\t\t\t\t#gallery-3 .gallery-caption {\n\t\t\t\t\tmargin-left: 0;\n\t\t\t\t}\n\t\t\t\t\/* see gallery_shortcode() in wp-includes\/media.php *\/\n\t\t\t<\/style>\n\t\t<div id='gallery-3' class='dt-gallery-container gallery galleryid-266489 gallery-columns-3 gallery-size-thumbnail'><dl class='gallery-item'>\n\t\t\t\t<dt class='gallery-icon portrait'>\n\t\t\t\t\t<a class=\"rollover rollover-zoom dt-pswp-item\" title=\"cff62442-7005-40f1-b960-c37183e72666\" data-dt-img-description=\"\" data-large_image_width=\"1536\" data-large_image_height=\"2048\"href='https:\/\/www.radiopiu.net\/wordpress\/wp-content\/uploads\/2022\/03\/cff62442-7005-40f1-b960-c37183e72666.jpg'><img loading=\"lazy\" decoding=\"async\" width=\"150\" height=\"150\" src=\"https:\/\/www.radiopiu.net\/wordpress\/wp-content\/uploads\/2022\/03\/cff62442-7005-40f1-b960-c37183e72666-150x150.jpg\" class=\"attachment-thumbnail size-thumbnail\" alt=\"\" \/><\/a>\n\t\t\t\t<\/dt><\/dl><dl class='gallery-item'>\n\t\t\t\t<dt class='gallery-icon portrait'>\n\t\t\t\t\t<a class=\"rollover rollover-zoom dt-pswp-item\" title=\"8df8ce55-d2f9-40d1-98a4-b304801f4f9e\" data-dt-img-description=\"\" data-large_image_width=\"1536\" data-large_image_height=\"2048\"href='https:\/\/www.radiopiu.net\/wordpress\/wp-content\/uploads\/2022\/03\/8df8ce55-d2f9-40d1-98a4-b304801f4f9e.jpg'><img loading=\"lazy\" decoding=\"async\" width=\"150\" height=\"150\" src=\"https:\/\/www.radiopiu.net\/wordpress\/wp-content\/uploads\/2022\/03\/8df8ce55-d2f9-40d1-98a4-b304801f4f9e-150x150.jpg\" class=\"attachment-thumbnail size-thumbnail\" alt=\"\" \/><\/a>\n\t\t\t\t<\/dt><\/dl><dl class='gallery-item'>\n\t\t\t\t<dt class='gallery-icon portrait'>\n\t\t\t\t\t<a class=\"rollover rollover-zoom dt-pswp-item\" title=\"1e8d0ef9-3dec-4809-afeb-670d8e42fdc7\" data-dt-img-description=\"\" data-large_image_width=\"828\" data-large_image_height=\"1792\"href='https:\/\/www.radiopiu.net\/wordpress\/wp-content\/uploads\/2022\/03\/1e8d0ef9-3dec-4809-afeb-670d8e42fdc7-1.jpg'><img loading=\"lazy\" decoding=\"async\" width=\"150\" height=\"150\" src=\"https:\/\/www.radiopiu.net\/wordpress\/wp-content\/uploads\/2022\/03\/1e8d0ef9-3dec-4809-afeb-670d8e42fdc7-1-150x150.jpg\" class=\"attachment-thumbnail size-thumbnail\" alt=\"\" \/><\/a>\n\t\t\t\t<\/dt><\/dl><br style=\"clear: both\" \/><dl class='gallery-item'>\n\t\t\t\t<dt class='gallery-icon portrait'>\n\t\t\t\t\t<a class=\"rollover rollover-zoom dt-pswp-item\" title=\"053d1be8-d5b4-44bd-8699-61e6f2e4c76e\" data-dt-img-description=\"\" data-large_image_width=\"828\" data-large_image_height=\"1792\"href='https:\/\/www.radiopiu.net\/wordpress\/wp-content\/uploads\/2022\/03\/053d1be8-d5b4-44bd-8699-61e6f2e4c76e.jpg'><img loading=\"lazy\" decoding=\"async\" width=\"150\" height=\"150\" src=\"https:\/\/www.radiopiu.net\/wordpress\/wp-content\/uploads\/2022\/03\/053d1be8-d5b4-44bd-8699-61e6f2e4c76e-150x150.jpg\" class=\"attachment-thumbnail size-thumbnail\" alt=\"\" \/><\/a>\n\t\t\t\t<\/dt><\/dl><dl class='gallery-item'>\n\t\t\t\t<dt class='gallery-icon portrait'>\n\t\t\t\t\t<a class=\"rollover rollover-zoom dt-pswp-item\" title=\"4eabad16-9b79-407b-bd19-a7070cc07773\" data-dt-img-description=\"\" data-large_image_width=\"1152\" data-large_image_height=\"2048\"href='https:\/\/www.radiopiu.net\/wordpress\/wp-content\/uploads\/2022\/03\/4eabad16-9b79-407b-bd19-a7070cc07773-1.jpg'><img loading=\"lazy\" decoding=\"async\" width=\"150\" height=\"150\" src=\"https:\/\/www.radiopiu.net\/wordpress\/wp-content\/uploads\/2022\/03\/4eabad16-9b79-407b-bd19-a7070cc07773-1-150x150.jpg\" class=\"attachment-thumbnail size-thumbnail\" alt=\"\" \/><\/a>\n\t\t\t\t<\/dt><\/dl><dl class='gallery-item'>\n\t\t\t\t<dt class='gallery-icon landscape'>\n\t\t\t\t\t<a class=\"rollover rollover-zoom dt-pswp-item\" title=\"bedc8164-3c7a-41b1-a292-4bdbda9ebc2f\" data-dt-img-description=\"\" data-large_image_width=\"2048\" data-large_image_height=\"1152\"href='https:\/\/www.radiopiu.net\/wordpress\/wp-content\/uploads\/2022\/03\/bedc8164-3c7a-41b1-a292-4bdbda9ebc2f.jpg'><img loading=\"lazy\" decoding=\"async\" width=\"150\" height=\"150\" src=\"https:\/\/www.radiopiu.net\/wordpress\/wp-content\/uploads\/2022\/03\/bedc8164-3c7a-41b1-a292-4bdbda9ebc2f-150x150.jpg\" class=\"attachment-thumbnail size-thumbnail\" alt=\"\" \/><\/a>\n\t\t\t\t<\/dt><\/dl><br style=\"clear: both\" \/>\n\t\t\t<\/div>\n\n<p>&nbsp;<\/p>\n<div style=\"width: 848px;\" class=\"wp-video\"><video class=\"wp-video-shortcode\" id=\"video-266489-1\" width=\"848\" height=\"480\" preload=\"metadata\" controls=\"controls\"><source type=\"video\/mp4\" src=\"https:\/\/www.radiopiu.net\/wordpress\/wp-content\/uploads\/2022\/03\/WhatsApp-Video-2022-03-24-at-19.02.06.mp4?_=1\" \/><a href=\"https:\/\/www.radiopiu.net\/wordpress\/wp-content\/uploads\/2022\/03\/WhatsApp-Video-2022-03-24-at-19.02.06.mp4\">https:\/\/www.radiopiu.net\/wordpress\/wp-content\/uploads\/2022\/03\/WhatsApp-Video-2022-03-24-at-19.02.06.mp4<\/a><\/video><\/div>\n<p>&nbsp;<\/p>\n<p>&nbsp;<\/p>\n<p>&nbsp;<\/p>\n<hr \/>\n<p>&nbsp;<\/p>\n<blockquote>\n<h3>RITROVATO L&#8217;ANZIANO IN COMELICO. SI ERA ALLONTANATO DA CASA NELLA NOTTE<\/h3>\n<\/blockquote>\n<p><strong><a class=\"dt-pswp-item\" href=\"https:\/\/www.radiopiu.net\/wordpress\/wp-content\/uploads\/2018\/08\/soccorsoalpino.jpg\" data-dt-img-description=\"\" data-large_image_width=\"1200\" data-large_image_height=\"1200\"><img loading=\"lazy\" decoding=\"async\" class=\" wp-image-59164 alignleft\" src=\"https:\/\/www.radiopiu.net\/wordpress\/wp-content\/uploads\/2018\/08\/soccorsoalpino-300x300.jpg\" alt=\"\" width=\"102\" height=\"102\" srcset=\"https:\/\/www.radiopiu.net\/wordpress\/wp-content\/uploads\/2018\/08\/soccorsoalpino-300x300.jpg 300w, https:\/\/www.radiopiu.net\/wordpress\/wp-content\/uploads\/2018\/08\/soccorsoalpino-150x150.jpg 150w, https:\/\/www.radiopiu.net\/wordpress\/wp-content\/uploads\/2018\/08\/soccorsoalpino-768x768.jpg 768w, https:\/\/www.radiopiu.net\/wordpress\/wp-content\/uploads\/2018\/08\/soccorsoalpino-1024x1024.jpg 1024w, https:\/\/www.radiopiu.net\/wordpress\/wp-content\/uploads\/2018\/08\/soccorsoalpino.jpg 1200w\" sizes=\"auto, (max-width: 102px) 100vw, 102px\" \/><\/a>SAN NICOLO&#8217; DI COMELICO<\/strong> \u00c8 stato ritrovato assieme alla sua cagnolina, infreddolito, ma in buone condizioni, l&#8217;anziano signore di San Nicol\u00f2 Comelico, per il cui mancato rientro erano scattate le ricerche verso le 14.30. L&#8217;ottantaduenne era uscito dalla propria abitazione nella notte e i familiari, preoccupati per la sua prolungata assenza, avevano lanciato l&#8217;allarme. Il Soccorso alpino della Val Comelico, della Guardia di finanza di Auronzo con un&#8217;unit\u00e0 cinofila, i Vigili del Fuoco e i Carabinieri avevano iniziato le perlustrazioni dell&#8217;area attorno all&#8217;abitato, percorrendo strade forestali e i sentieri, finch\u00e9 alle 16.20 circa un uomo che faceva legna in localit\u00e0 Collare, a Santo Stefano di Cadore, ed era a conoscenza della ricerca, non lo ha visto venirgli incontro dal bosco. L&#8217;anziano \u00e8 stato raggiunto e accompagnato nella vicina caserma dei Vigili del fuoco, in attesa dell&#8217;arrivo dei nipoti.<\/p>\n<p>&nbsp;<\/p>\n<p>&nbsp;<\/p>\n<hr \/>\n<p>&nbsp;<\/p>\n<blockquote>\n<h3>ELETRODOTTI NELLA MEDIA VALLE DEL PIAVE: PIU&#8217; COMUNI PER L&#8217;INTERRAMENTO<\/h3>\n<\/blockquote>\n<p><strong><a class=\"dt-pswp-item\" href=\"https:\/\/www.radiopiu.net\/wordpress\/wp-content\/uploads\/2021\/02\/FOTO-TERNA-CORTINA_4-scaled.jpg\" data-dt-img-description=\"\" data-large_image_width=\"2560\" data-large_image_height=\"1706\"><img loading=\"lazy\" decoding=\"async\" class=\" wp-image-188876 alignleft\" src=\"https:\/\/www.radiopiu.net\/wordpress\/wp-content\/uploads\/2021\/02\/FOTO-TERNA-CORTINA_4-300x200.jpg\" alt=\"\" width=\"278\" height=\"185\" srcset=\"https:\/\/www.radiopiu.net\/wordpress\/wp-content\/uploads\/2021\/02\/FOTO-TERNA-CORTINA_4-300x200.jpg 300w, https:\/\/www.radiopiu.net\/wordpress\/wp-content\/uploads\/2021\/02\/FOTO-TERNA-CORTINA_4-1024x683.jpg 1024w, https:\/\/www.radiopiu.net\/wordpress\/wp-content\/uploads\/2021\/02\/FOTO-TERNA-CORTINA_4-768x512.jpg 768w, https:\/\/www.radiopiu.net\/wordpress\/wp-content\/uploads\/2021\/02\/FOTO-TERNA-CORTINA_4-1536x1024.jpg 1536w, https:\/\/www.radiopiu.net\/wordpress\/wp-content\/uploads\/2021\/02\/FOTO-TERNA-CORTINA_4-2048x1365.jpg 2048w\" sizes=\"auto, (max-width: 278px) 100vw, 278px\" \/><\/a>BELLUNO<\/strong>\u00a0 L&#8217;amministrazione comunale di Limana entra nel club &#8220;interramento subito&#8221;\u00a0 e il fronte dei Comuni che hanno compreso la complessit\u00e0 del progetto e la necessit\u00e0 di essere uniti per migliorare l&#8217;intervento di razionalizzazione della rete si \u00e8 allargato. <em>&#8220;E&#8217; il segno\u00a0 &#8211; secondo Vivaio Dolomiti &#8211; che il lavoro fatto dai cittadi ni in questi anni comincia a portare dei risultati&#8221;. <\/em>Il Comune di Limana infatti\u00a0 ha approvato le osservazioni fornendo anche delle proposte su come migliorare il progetto, non fermandosi al proprio territorio ma con una visione complessiva delle numerose criticit\u00e0 ancora presenti e che non sono state risolte. <em>&#8220;Pur essendo la soluzione presentata da Terna corrispondente a quanto chiedevamo da tempo &#8211; continua Vivaio Dolomtiti &#8211; ovvero l&#8217;interramento delle linee sul fiume Piave, il progetto mantiene delle criticit\u00e0 che non possono essere accettate da un territorio fragile come il nostro, come dimostrano gli incendi in corso che stanno mettendo in pericolo anche le linee aeree di trasporto dell&#8217;energia&#8221;. <\/em>Da sempre l&#8217;associazione\u00a0 insiste sul fatto che serva una progettualit\u00e0 complessiva che vada oltre l&#8217;interesse dei singoli Comuni, con uno sguardo a 360 gradi sul territorio. <em>&#8220;Dispiace notare la posizione da struzzo assunta dalla Provincia in questo momento, ente che potrebbe fare da coordinamento anzich\u00e9 ascoltare solo chi urla di pi\u00f9 e fa finta di non capire &#8211; conclude Vivaio Dolomiti &#8211;\u00a0 Noi come cittadini rimaniamo sempre uniti e anche chi da questa variante progettuale sta ottenendo enormi benefici \u00e8 consapevole della necessit\u00e0 di continuare la battaglia per ridisegnare un progetto nato male e proseguito peggio&#8221;.<\/em><\/p>\n<p>&nbsp;<\/p>\n<hr \/>\n<p>&nbsp;<\/p>\n<blockquote>\n<h3>UN NUOVO CARICO DI SOLIDARIETA&#8217; E&#8217; PARTITO DA CANALE D&#8217;AGORDO PER IL POPOLO UCRAINO<\/h3>\n<\/blockquote>\n<p><strong>CANALE D&#8217;AGORDO<\/strong> Continua a farsi sentire la solidariet\u00e0 degli agordini nei confronti del popolo ucraino colpito dalla guerra. Nella giornata di ieri \u00e8 partito un&#8217;altro tir carico di beni di prima necessit\u00e0 da consegnare alle persone in difficolt\u00e0.<\/p>\n\n\t\t\t<style type='text\/css'>\n\t\t\t\t#gallery-4 {\n\t\t\t\t\tmargin: auto;\n\t\t\t\t}\n\t\t\t\t#gallery-4 .gallery-item {\n\t\t\t\t\tfloat: left;\n\t\t\t\t\tmargin-top: 10px;\n\t\t\t\t\ttext-align: center;\n\t\t\t\t\twidth: 16%;\n\t\t\t\t}\n\t\t\t\t#gallery-4 img {\n\t\t\t\t\tborder: 2px solid #cfcfcf;\n\t\t\t\t}\n\t\t\t\t#gallery-4 .gallery-caption {\n\t\t\t\t\tmargin-left: 0;\n\t\t\t\t}\n\t\t\t\t\/* see gallery_shortcode() in wp-includes\/media.php *\/\n\t\t\t<\/style>\n\t\t<div id='gallery-4' class='dt-gallery-container gallery galleryid-266489 gallery-columns-6 gallery-size-thumbnail'><dl class='gallery-item'>\n\t\t\t\t<dt class='gallery-icon portrait'>\n\t\t\t\t\t<a class=\"rollover rollover-zoom dt-pswp-item\" title=\"1d40e35e-ffaf-4600-bf67-b2f52f4ce1c8\" data-dt-img-description=\"\" data-large_image_width=\"1200\" data-large_image_height=\"1600\"href='https:\/\/www.radiopiu.net\/wordpress\/wp-content\/uploads\/2022\/03\/1d40e35e-ffaf-4600-bf67-b2f52f4ce1c8.jpg'><img loading=\"lazy\" decoding=\"async\" width=\"150\" height=\"150\" src=\"https:\/\/www.radiopiu.net\/wordpress\/wp-content\/uploads\/2022\/03\/1d40e35e-ffaf-4600-bf67-b2f52f4ce1c8-150x150.jpg\" class=\"attachment-thumbnail size-thumbnail\" alt=\"\" \/><\/a>\n\t\t\t\t<\/dt><\/dl><dl class='gallery-item'>\n\t\t\t\t<dt class='gallery-icon portrait'>\n\t\t\t\t\t<a class=\"rollover rollover-zoom dt-pswp-item\" title=\"eef4d2e4-5d3c-4795-bcc5-f51a5a894b3b\" data-dt-img-description=\"\" data-large_image_width=\"1200\" data-large_image_height=\"1600\"href='https:\/\/www.radiopiu.net\/wordpress\/wp-content\/uploads\/2022\/03\/eef4d2e4-5d3c-4795-bcc5-f51a5a894b3b.jpg'><img loading=\"lazy\" decoding=\"async\" width=\"150\" height=\"150\" src=\"https:\/\/www.radiopiu.net\/wordpress\/wp-content\/uploads\/2022\/03\/eef4d2e4-5d3c-4795-bcc5-f51a5a894b3b-150x150.jpg\" class=\"attachment-thumbnail size-thumbnail\" alt=\"\" \/><\/a>\n\t\t\t\t<\/dt><\/dl><dl class='gallery-item'>\n\t\t\t\t<dt class='gallery-icon portrait'>\n\t\t\t\t\t<a class=\"rollover rollover-zoom dt-pswp-item\" title=\"0fdcbd52-6f9a-4d5b-9656-897f03c2d2e2\" data-dt-img-description=\"\" data-large_image_width=\"1200\" data-large_image_height=\"1600\"href='https:\/\/www.radiopiu.net\/wordpress\/wp-content\/uploads\/2022\/03\/0fdcbd52-6f9a-4d5b-9656-897f03c2d2e2.jpg'><img loading=\"lazy\" decoding=\"async\" width=\"150\" height=\"150\" src=\"https:\/\/www.radiopiu.net\/wordpress\/wp-content\/uploads\/2022\/03\/0fdcbd52-6f9a-4d5b-9656-897f03c2d2e2-150x150.jpg\" class=\"attachment-thumbnail size-thumbnail\" alt=\"\" \/><\/a>\n\t\t\t\t<\/dt><\/dl><dl class='gallery-item'>\n\t\t\t\t<dt class='gallery-icon portrait'>\n\t\t\t\t\t<a class=\"rollover rollover-zoom dt-pswp-item\" title=\"508d2d72-1234-4fab-ab43-13ba374555b9\" data-dt-img-description=\"\" data-large_image_width=\"1200\" data-large_image_height=\"1600\"href='https:\/\/www.radiopiu.net\/wordpress\/wp-content\/uploads\/2022\/03\/508d2d72-1234-4fab-ab43-13ba374555b9.jpg'><img loading=\"lazy\" decoding=\"async\" width=\"150\" height=\"150\" src=\"https:\/\/www.radiopiu.net\/wordpress\/wp-content\/uploads\/2022\/03\/508d2d72-1234-4fab-ab43-13ba374555b9-150x150.jpg\" class=\"attachment-thumbnail size-thumbnail\" alt=\"\" \/><\/a>\n\t\t\t\t<\/dt><\/dl><dl class='gallery-item'>\n\t\t\t\t<dt class='gallery-icon portrait'>\n\t\t\t\t\t<a class=\"rollover rollover-zoom dt-pswp-item\" title=\"bfddcfda-a4f7-4e89-a550-8e5c47407573\" data-dt-img-description=\"\" data-large_image_width=\"1200\" data-large_image_height=\"1600\"href='https:\/\/www.radiopiu.net\/wordpress\/wp-content\/uploads\/2022\/03\/bfddcfda-a4f7-4e89-a550-8e5c47407573.jpg'><img loading=\"lazy\" decoding=\"async\" width=\"150\" height=\"150\" src=\"https:\/\/www.radiopiu.net\/wordpress\/wp-content\/uploads\/2022\/03\/bfddcfda-a4f7-4e89-a550-8e5c47407573-150x150.jpg\" class=\"attachment-thumbnail size-thumbnail\" alt=\"\" \/><\/a>\n\t\t\t\t<\/dt><\/dl><dl class='gallery-item'>\n\t\t\t\t<dt class='gallery-icon portrait'>\n\t\t\t\t\t<a class=\"rollover rollover-zoom dt-pswp-item\" title=\"e9b7d7f8-86f2-479d-b60f-607dfe13b7fc\" data-dt-img-description=\"\" data-large_image_width=\"1200\" data-large_image_height=\"1600\"href='https:\/\/www.radiopiu.net\/wordpress\/wp-content\/uploads\/2022\/03\/e9b7d7f8-86f2-479d-b60f-607dfe13b7fc.jpg'><img loading=\"lazy\" decoding=\"async\" width=\"150\" height=\"150\" src=\"https:\/\/www.radiopiu.net\/wordpress\/wp-content\/uploads\/2022\/03\/e9b7d7f8-86f2-479d-b60f-607dfe13b7fc-150x150.jpg\" class=\"attachment-thumbnail size-thumbnail\" alt=\"\" \/><\/a>\n\t\t\t\t<\/dt><\/dl><br style=\"clear: both\" \/>\n\t\t\t<\/div>\n\n<p>&nbsp;<\/p>\n<p>&nbsp;<\/p>\n<hr \/>\n<p>&nbsp;<\/p>\n<blockquote>\n<h3>I BOSCHI DELLA VALLE DI SAN LUCANO PRESI PER UNA DISCARICA A CIELO APERTO<\/h3>\n<\/blockquote>\n<p><strong>TAIBON<\/strong> Segnaliamo l&#8217;ennesimo atto incivile, i boschi della Valle di San Lucano scambiati per una discarica. Episodio vergognoso anche perch\u00e9 l&#8217;ecocentro del paese \u00e8 li&#8217; a pochi passi.<\/p>\n\n\t\t\t<style type='text\/css'>\n\t\t\t\t#gallery-5 {\n\t\t\t\t\tmargin: auto;\n\t\t\t\t}\n\t\t\t\t#gallery-5 .gallery-item {\n\t\t\t\t\tfloat: left;\n\t\t\t\t\tmargin-top: 10px;\n\t\t\t\t\ttext-align: center;\n\t\t\t\t\twidth: 25%;\n\t\t\t\t}\n\t\t\t\t#gallery-5 img {\n\t\t\t\t\tborder: 2px solid #cfcfcf;\n\t\t\t\t}\n\t\t\t\t#gallery-5 .gallery-caption {\n\t\t\t\t\tmargin-left: 0;\n\t\t\t\t}\n\t\t\t\t\/* see gallery_shortcode() in wp-includes\/media.php *\/\n\t\t\t<\/style>\n\t\t<div id='gallery-5' class='dt-gallery-container gallery galleryid-266489 gallery-columns-4 gallery-size-thumbnail'><dl class='gallery-item'>\n\t\t\t\t<dt class='gallery-icon portrait'>\n\t\t\t\t\t<a class=\"rollover rollover-zoom dt-pswp-item\" title=\"72b23602-f733-4836-a577-7cf3551057dc\" data-dt-img-description=\"\" data-large_image_width=\"1200\" data-large_image_height=\"1600\"href='https:\/\/www.radiopiu.net\/wordpress\/wp-content\/uploads\/2022\/03\/72b23602-f733-4836-a577-7cf3551057dc.jpg'><img loading=\"lazy\" decoding=\"async\" width=\"150\" height=\"150\" src=\"https:\/\/www.radiopiu.net\/wordpress\/wp-content\/uploads\/2022\/03\/72b23602-f733-4836-a577-7cf3551057dc-150x150.jpg\" class=\"attachment-thumbnail size-thumbnail\" alt=\"\" \/><\/a>\n\t\t\t\t<\/dt><\/dl><dl class='gallery-item'>\n\t\t\t\t<dt class='gallery-icon portrait'>\n\t\t\t\t\t<a class=\"rollover rollover-zoom dt-pswp-item\" title=\"5112ce5c-41e8-4cbf-b7f6-354711995517\" data-dt-img-description=\"\" data-large_image_width=\"800\" data-large_image_height=\"1600\"href='https:\/\/www.radiopiu.net\/wordpress\/wp-content\/uploads\/2022\/03\/5112ce5c-41e8-4cbf-b7f6-354711995517.jpg'><img loading=\"lazy\" decoding=\"async\" width=\"150\" height=\"150\" src=\"https:\/\/www.radiopiu.net\/wordpress\/wp-content\/uploads\/2022\/03\/5112ce5c-41e8-4cbf-b7f6-354711995517-150x150.jpg\" class=\"attachment-thumbnail size-thumbnail\" alt=\"\" \/><\/a>\n\t\t\t\t<\/dt><\/dl><dl class='gallery-item'>\n\t\t\t\t<dt class='gallery-icon portrait'>\n\t\t\t\t\t<a class=\"rollover rollover-zoom dt-pswp-item\" title=\"cc0686a8-d346-46b2-9d1d-ef0761226e86\" data-dt-img-description=\"\" data-large_image_width=\"1200\" data-large_image_height=\"1600\"href='https:\/\/www.radiopiu.net\/wordpress\/wp-content\/uploads\/2022\/03\/cc0686a8-d346-46b2-9d1d-ef0761226e86.jpg'><img loading=\"lazy\" decoding=\"async\" width=\"150\" height=\"150\" src=\"https:\/\/www.radiopiu.net\/wordpress\/wp-content\/uploads\/2022\/03\/cc0686a8-d346-46b2-9d1d-ef0761226e86-150x150.jpg\" class=\"attachment-thumbnail size-thumbnail\" alt=\"\" \/><\/a>\n\t\t\t\t<\/dt><\/dl><dl class='gallery-item'>\n\t\t\t\t<dt class='gallery-icon portrait'>\n\t\t\t\t\t<a class=\"rollover rollover-zoom dt-pswp-item\" title=\"6237aadc-c77b-474b-a2a5-77e0a3afbd50\" data-dt-img-description=\"\" data-large_image_width=\"1200\" data-large_image_height=\"1600\"href='https:\/\/www.radiopiu.net\/wordpress\/wp-content\/uploads\/2022\/03\/6237aadc-c77b-474b-a2a5-77e0a3afbd50.jpg'><img loading=\"lazy\" decoding=\"async\" width=\"150\" height=\"150\" src=\"https:\/\/www.radiopiu.net\/wordpress\/wp-content\/uploads\/2022\/03\/6237aadc-c77b-474b-a2a5-77e0a3afbd50-150x150.jpg\" class=\"attachment-thumbnail size-thumbnail\" alt=\"\" \/><\/a>\n\t\t\t\t<\/dt><\/dl><br style=\"clear: both\" \/>\n\t\t\t<\/div>\n\n<p><strong>SAN TOMASO<\/strong> Anche sotto al ponte per Avoscan di San Tomaso (vecchia strada) ogni giorno aumentano i sacchetti dei rifiuti abbandonati.<\/p>\n<p><a class=\"dt-pswp-item\" href=\"https:\/\/www.radiopiu.net\/wordpress\/wp-content\/uploads\/2022\/03\/276953781_912814459387287_6338346815465920051_n.jpg\" data-dt-img-description=\"\" data-large_image_width=\"720\" data-large_image_height=\"960\"><img loading=\"lazy\" decoding=\"async\" class=\"alignnone size-medium wp-image-266793\" src=\"https:\/\/www.radiopiu.net\/wordpress\/wp-content\/uploads\/2022\/03\/276953781_912814459387287_6338346815465920051_n-225x300.jpg\" alt=\"\" width=\"225\" height=\"300\" srcset=\"https:\/\/www.radiopiu.net\/wordpress\/wp-content\/uploads\/2022\/03\/276953781_912814459387287_6338346815465920051_n-225x300.jpg 225w, https:\/\/www.radiopiu.net\/wordpress\/wp-content\/uploads\/2022\/03\/276953781_912814459387287_6338346815465920051_n.jpg 720w\" sizes=\"auto, (max-width: 225px) 100vw, 225px\" \/><\/a><\/p>\n<p>&nbsp;<\/p>\n<p>&nbsp;<\/p>\n<hr \/>\n<p>&nbsp;<\/p>\n<p><strong><a class=\"dt-pswp-item\" href=\"https:\/\/www.radiopiu.net\/wordpress\/wp-content\/uploads\/2022\/03\/275724274_1104582896993944_9153074092240644627_n.jpg\" data-dt-img-description=\"\" data-large_image_width=\"526\" data-large_image_height=\"770\"><img loading=\"lazy\" decoding=\"async\" class=\" wp-image-264655 alignleft\" src=\"https:\/\/www.radiopiu.net\/wordpress\/wp-content\/uploads\/2022\/03\/275724274_1104582896993944_9153074092240644627_n-205x300.jpg\" alt=\"\" width=\"97\" height=\"141\" srcset=\"https:\/\/www.radiopiu.net\/wordpress\/wp-content\/uploads\/2022\/03\/275724274_1104582896993944_9153074092240644627_n-205x300.jpg 205w, https:\/\/www.radiopiu.net\/wordpress\/wp-content\/uploads\/2022\/03\/275724274_1104582896993944_9153074092240644627_n.jpg 526w\" sizes=\"auto, (max-width: 97px) 100vw, 97px\" \/><\/a><\/strong><\/p>\n<p>&nbsp;<\/p>\n<blockquote>\n<h3>UN UOVO DI PASQUA PER L\u2019UCRAINA<\/h3>\n<\/blockquote>\n<p><strong>BELLUNO<\/strong> Quest\u2019anno i Cori della provincia di Belluno capitanati dalla Corale di Limana si sono uniti per dar vita ad un progetto davvero unico e ambizioso, realizzare un uovo di cioccolato al latte da vendere per beneficenza. Sono gi\u00e0 aperte le prenotazioni dell\u2019uovo chiamando o inviando un messaggio Whatsapp al numero 3283847717. Chiusura delle prenotazioni giorno 25 Marzo 2022<\/p>\n<p>&nbsp;<\/p>\n<hr \/>\n<div dir=\"auto\">\n<p>&nbsp;<\/p>\n<p>&nbsp;<\/p>\n<p>&nbsp;<\/p>\n<blockquote>\n<h3 style=\"text-align: left;\">CORTINA Nell&#8217;ambito della rassegna Cortinametraggio in programmazione\u00a0 dal 20 al 27 marzo, ieri era\u00a0 presente in Corso Italia anche il pullman azzurro della\u00a0 polizia stradale.<\/h3>\n<\/blockquote>\n\n\t\t\t<style type='text\/css'>\n\t\t\t\t#gallery-6 {\n\t\t\t\t\tmargin: auto;\n\t\t\t\t}\n\t\t\t\t#gallery-6 .gallery-item {\n\t\t\t\t\tfloat: left;\n\t\t\t\t\tmargin-top: 10px;\n\t\t\t\t\ttext-align: center;\n\t\t\t\t\twidth: 25%;\n\t\t\t\t}\n\t\t\t\t#gallery-6 img {\n\t\t\t\t\tborder: 2px solid #cfcfcf;\n\t\t\t\t}\n\t\t\t\t#gallery-6 .gallery-caption {\n\t\t\t\t\tmargin-left: 0;\n\t\t\t\t}\n\t\t\t\t\/* see gallery_shortcode() in wp-includes\/media.php *\/\n\t\t\t<\/style>\n\t\t<div id='gallery-6' class='dt-gallery-container gallery galleryid-266489 gallery-columns-4 gallery-size-thumbnail'><dl class='gallery-item'>\n\t\t\t\t<dt class='gallery-icon landscape'>\n\t\t\t\t\t<a class=\"rollover rollover-zoom dt-pswp-item\" title=\"277308759_344110247764710_8296505771589890252_n\" data-dt-img-description=\"\" data-large_image_width=\"600\" data-large_image_height=\"600\"href='https:\/\/www.radiopiu.net\/wordpress\/wp-content\/uploads\/2022\/03\/277308759_344110247764710_8296505771589890252_n.jpg'><img loading=\"lazy\" decoding=\"async\" width=\"150\" height=\"150\" src=\"https:\/\/www.radiopiu.net\/wordpress\/wp-content\/uploads\/2022\/03\/277308759_344110247764710_8296505771589890252_n-150x150.jpg\" class=\"attachment-thumbnail size-thumbnail\" alt=\"\" srcset=\"https:\/\/www.radiopiu.net\/wordpress\/wp-content\/uploads\/2022\/03\/277308759_344110247764710_8296505771589890252_n-150x150.jpg 150w, https:\/\/www.radiopiu.net\/wordpress\/wp-content\/uploads\/2022\/03\/277308759_344110247764710_8296505771589890252_n-300x300.jpg 300w, https:\/\/www.radiopiu.net\/wordpress\/wp-content\/uploads\/2022\/03\/277308759_344110247764710_8296505771589890252_n.jpg 600w\" sizes=\"auto, (max-width: 150px) 100vw, 150px\" \/><\/a>\n\t\t\t\t<\/dt><\/dl><dl class='gallery-item'>\n\t\t\t\t<dt class='gallery-icon landscape'>\n\t\t\t\t\t<a class=\"rollover rollover-zoom dt-pswp-item\" title=\"277304164_344110311098037_3015907462959298873_n\" data-dt-img-description=\"\" data-large_image_width=\"600\" data-large_image_height=\"450\"href='https:\/\/www.radiopiu.net\/wordpress\/wp-content\/uploads\/2022\/03\/277304164_344110311098037_3015907462959298873_n.jpg'><img loading=\"lazy\" decoding=\"async\" width=\"150\" height=\"150\" src=\"https:\/\/www.radiopiu.net\/wordpress\/wp-content\/uploads\/2022\/03\/277304164_344110311098037_3015907462959298873_n-150x150.jpg\" class=\"attachment-thumbnail size-thumbnail\" alt=\"\" \/><\/a>\n\t\t\t\t<\/dt><\/dl><dl class='gallery-item'>\n\t\t\t\t<dt class='gallery-icon portrait'>\n\t\t\t\t\t<a class=\"rollover rollover-zoom dt-pswp-item\" title=\"277365816_344135621095506_5145222979713863137_n\" data-dt-img-description=\"\" data-large_image_width=\"450\" data-large_image_height=\"600\"href='https:\/\/www.radiopiu.net\/wordpress\/wp-content\/uploads\/2022\/03\/277365816_344135621095506_5145222979713863137_n.jpg'><img loading=\"lazy\" decoding=\"async\" width=\"150\" height=\"150\" src=\"https:\/\/www.radiopiu.net\/wordpress\/wp-content\/uploads\/2022\/03\/277365816_344135621095506_5145222979713863137_n-150x150.jpg\" class=\"attachment-thumbnail size-thumbnail\" alt=\"\" \/><\/a>\n\t\t\t\t<\/dt><\/dl><dl class='gallery-item'>\n\t\t\t\t<dt class='gallery-icon landscape'>\n\t\t\t\t\t<a class=\"rollover rollover-zoom dt-pswp-item\" title=\"277299029_344110184431383_2116712872392608171_n\" data-dt-img-description=\"\" data-large_image_width=\"600\" data-large_image_height=\"600\"href='https:\/\/www.radiopiu.net\/wordpress\/wp-content\/uploads\/2022\/03\/277299029_344110184431383_2116712872392608171_n.jpg'><img loading=\"lazy\" decoding=\"async\" width=\"150\" height=\"150\" src=\"https:\/\/www.radiopiu.net\/wordpress\/wp-content\/uploads\/2022\/03\/277299029_344110184431383_2116712872392608171_n-150x150.jpg\" class=\"attachment-thumbnail size-thumbnail\" alt=\"\" srcset=\"https:\/\/www.radiopiu.net\/wordpress\/wp-content\/uploads\/2022\/03\/277299029_344110184431383_2116712872392608171_n-150x150.jpg 150w, https:\/\/www.radiopiu.net\/wordpress\/wp-content\/uploads\/2022\/03\/277299029_344110184431383_2116712872392608171_n-300x300.jpg 300w, https:\/\/www.radiopiu.net\/wordpress\/wp-content\/uploads\/2022\/03\/277299029_344110184431383_2116712872392608171_n.jpg 600w\" sizes=\"auto, (max-width: 150px) 100vw, 150px\" \/><\/a>\n\t\t\t\t<\/dt><\/dl><br style=\"clear: both\" \/>\n\t\t\t<\/div>\n\n<p>&nbsp;<\/p>\n<blockquote><p>&nbsp;<\/p><\/blockquote>\n<\/div>\n<p>&nbsp;<\/p>\n<hr \/>\n<p>&nbsp;<\/p>\n<blockquote>\n<h3>CONTINUANO GLI INCONTRI CON I GLI STUDENTI PER PARLARE DELLA VIOLENZA DI GENERE<\/h3>\n<\/blockquote>\n<p><strong>BELLUNO<\/strong> Proseguono gli incontri con gli studenti delle classi superiori della provincia di Belluno. Dopo i due incontri presso l&#8217;itis Negrelli di Feltre dei giorni scorsi, questa mattina il personale del nucleo investigativo di Belluno ha incontrato i ragazzi delle classi 4B e 4F del &#8220;Calvi&#8221; di Belluno sul delicato argomento sulle violenze di genere . L&#8217;incontro, programmato nell&#8217;ambito dell&#8217;iniziativa &#8221; CODICE ROSSO&#8230;STUDIAMOLO A SCUOLA&#8221;, concordata con il Provveditore agli studi di Belluno in occasione della giornata mondiale contro la violenza sulle donne, ha visto la partecipazione di circa 40 studenti. Dopo i saluti e l introduzione iniziale, la riunione \u00e8 entrata nel vivo, con una panoramica generale sulle violenze di genere e sui reati previsti dal codice Rosso; successivamente la problematica \u00e8 stata ricondotta nell&#8217;ambito provinciale, per poi soffermarsi sui reati di maggior interesse per l et\u00e0 dei ragazzi: maltrattamenti, violenze sessuali, Revenge porn e stalking . Lo scopo era di sensibilizzare i giovani sulle varie problematiche e tenuto conto dell&#8217;elevato interesse mantenuto per tutto il periodo si ritiene che li scopo sia stato raggiunto.<\/p>\n\n\t\t\t<style type='text\/css'>\n\t\t\t\t#gallery-7 {\n\t\t\t\t\tmargin: auto;\n\t\t\t\t}\n\t\t\t\t#gallery-7 .gallery-item {\n\t\t\t\t\tfloat: left;\n\t\t\t\t\tmargin-top: 10px;\n\t\t\t\t\ttext-align: center;\n\t\t\t\t\twidth: 50%;\n\t\t\t\t}\n\t\t\t\t#gallery-7 img {\n\t\t\t\t\tborder: 2px solid #cfcfcf;\n\t\t\t\t}\n\t\t\t\t#gallery-7 .gallery-caption {\n\t\t\t\t\tmargin-left: 0;\n\t\t\t\t}\n\t\t\t\t\/* see gallery_shortcode() in wp-includes\/media.php *\/\n\t\t\t<\/style>\n\t\t<div id='gallery-7' class='dt-gallery-container gallery galleryid-266489 gallery-columns-2 gallery-size-thumbnail'><dl class='gallery-item'>\n\t\t\t\t<dt class='gallery-icon landscape'>\n\t\t\t\t\t<a class=\"rollover rollover-zoom dt-pswp-item\" title=\"5ba2598e-7af4-42bc-b589-744c685ebcb6\" data-dt-img-description=\"\" data-large_image_width=\"1024\" data-large_image_height=\"768\"href='https:\/\/www.radiopiu.net\/wordpress\/wp-content\/uploads\/2022\/03\/5ba2598e-7af4-42bc-b589-744c685ebcb6.jpg'><img loading=\"lazy\" decoding=\"async\" width=\"150\" height=\"150\" src=\"https:\/\/www.radiopiu.net\/wordpress\/wp-content\/uploads\/2022\/03\/5ba2598e-7af4-42bc-b589-744c685ebcb6-150x150.jpg\" class=\"attachment-thumbnail size-thumbnail\" alt=\"\" \/><\/a>\n\t\t\t\t<\/dt><\/dl><dl class='gallery-item'>\n\t\t\t\t<dt class='gallery-icon portrait'>\n\t\t\t\t\t<a class=\"rollover rollover-zoom dt-pswp-item\" title=\"ec934679-fa55-4815-b389-030d3dd0bfb0\" data-dt-img-description=\"\" data-large_image_width=\"1536\" data-large_image_height=\"2048\"href='https:\/\/www.radiopiu.net\/wordpress\/wp-content\/uploads\/2022\/03\/ec934679-fa55-4815-b389-030d3dd0bfb0.jpg'><img loading=\"lazy\" decoding=\"async\" width=\"150\" height=\"150\" src=\"https:\/\/www.radiopiu.net\/wordpress\/wp-content\/uploads\/2022\/03\/ec934679-fa55-4815-b389-030d3dd0bfb0-150x150.jpg\" class=\"attachment-thumbnail size-thumbnail\" alt=\"\" \/><\/a>\n\t\t\t\t<\/dt><\/dl><br style=\"clear: both\" \/>\n\t\t\t<\/div>\n\n<p>&nbsp;<\/p>\n<hr \/>\n<p>&nbsp;<\/p>\n<blockquote>\n<h3>I LAVORI A REGOLA\u00a0 D&#8217;ARTE SONO ALTRA COSA<\/h3>\n<\/blockquote>\n<p><strong>CENCENIGHE<\/strong> La fibra a Cencenighe sbuca come le piantine bucando pure l&#8217;asfalto. Siamo in Via Roma, pieno centro di Cencenighe&#8230;in questo caso lavori fatti davvero bene con i complimenti del paese alla societ\u00e0 incaricata dei lavori.<\/p>\n\n\t\t\t<style type='text\/css'>\n\t\t\t\t#gallery-8 {\n\t\t\t\t\tmargin: auto;\n\t\t\t\t}\n\t\t\t\t#gallery-8 .gallery-item {\n\t\t\t\t\tfloat: left;\n\t\t\t\t\tmargin-top: 10px;\n\t\t\t\t\ttext-align: center;\n\t\t\t\t\twidth: 50%;\n\t\t\t\t}\n\t\t\t\t#gallery-8 img {\n\t\t\t\t\tborder: 2px solid #cfcfcf;\n\t\t\t\t}\n\t\t\t\t#gallery-8 .gallery-caption {\n\t\t\t\t\tmargin-left: 0;\n\t\t\t\t}\n\t\t\t\t\/* see gallery_shortcode() in wp-includes\/media.php *\/\n\t\t\t<\/style>\n\t\t<div id='gallery-8' class='dt-gallery-container gallery galleryid-266489 gallery-columns-2 gallery-size-thumbnail'><dl class='gallery-item'>\n\t\t\t\t<dt class='gallery-icon landscape'>\n\t\t\t\t\t<a class=\"rollover rollover-zoom dt-pswp-item\" title=\"7a766145-ac8b-46b7-b51b-13c8dbd38ec0\" data-dt-img-description=\"\" data-large_image_width=\"1600\" data-large_image_height=\"720\"href='https:\/\/www.radiopiu.net\/wordpress\/wp-content\/uploads\/2022\/03\/7a766145-ac8b-46b7-b51b-13c8dbd38ec0-rotated.jpg'><img loading=\"lazy\" decoding=\"async\" width=\"150\" height=\"150\" src=\"https:\/\/www.radiopiu.net\/wordpress\/wp-content\/uploads\/2022\/03\/7a766145-ac8b-46b7-b51b-13c8dbd38ec0-150x150.jpg\" class=\"attachment-thumbnail size-thumbnail\" alt=\"\" \/><\/a>\n\t\t\t\t<\/dt><\/dl><dl class='gallery-item'>\n\t\t\t\t<dt class='gallery-icon landscape'>\n\t\t\t\t\t<a class=\"rollover rollover-zoom dt-pswp-item\" title=\"fb80a294-c058-4c06-9d65-d629131c6b76\" data-dt-img-description=\"\" data-large_image_width=\"1600\" data-large_image_height=\"720\"href='https:\/\/www.radiopiu.net\/wordpress\/wp-content\/uploads\/2022\/03\/fb80a294-c058-4c06-9d65-d629131c6b76-rotated.jpg'><img loading=\"lazy\" decoding=\"async\" width=\"150\" height=\"150\" src=\"https:\/\/www.radiopiu.net\/wordpress\/wp-content\/uploads\/2022\/03\/fb80a294-c058-4c06-9d65-d629131c6b76-150x150.jpg\" class=\"attachment-thumbnail size-thumbnail\" alt=\"\" \/><\/a>\n\t\t\t\t<\/dt><\/dl><br style=\"clear: both\" \/>\n\t\t\t<\/div>\n\n<p>&nbsp;<\/p>\n<p>La stessa segnalazione arriva anche da Dante Orzes il quale aggiunge: &#8220;<em>Dopo due mesi di segnalazioni nessuno ha fatto nulla. Un episodio come questo non pu\u00f2 passare inosservato, ne va dell&#8217;incolumit\u00e0 delle persone&#8221;.<\/em><\/p>\n\n\t\t\t<style type='text\/css'>\n\t\t\t\t#gallery-9 {\n\t\t\t\t\tmargin: auto;\n\t\t\t\t}\n\t\t\t\t#gallery-9 .gallery-item {\n\t\t\t\t\tfloat: left;\n\t\t\t\t\tmargin-top: 10px;\n\t\t\t\t\ttext-align: center;\n\t\t\t\t\twidth: 100%;\n\t\t\t\t}\n\t\t\t\t#gallery-9 img {\n\t\t\t\t\tborder: 2px solid #cfcfcf;\n\t\t\t\t}\n\t\t\t\t#gallery-9 .gallery-caption {\n\t\t\t\t\tmargin-left: 0;\n\t\t\t\t}\n\t\t\t\t\/* see gallery_shortcode() in wp-includes\/media.php *\/\n\t\t\t<\/style>\n\t\t<div id='gallery-9' class='dt-gallery-container gallery galleryid-266489 gallery-columns-1 gallery-size-thumbnail'><dl class='gallery-item'>\n\t\t\t\t<dt class='gallery-icon portrait'>\n\t\t\t\t\t<a class=\"rollover rollover-zoom dt-pswp-item\" title=\"e8da08f6-5c74-4ca4-a1a3-77065d800dd9\" data-dt-img-description=\"\" data-large_image_width=\"900\" data-large_image_height=\"1600\"href='https:\/\/www.radiopiu.net\/wordpress\/wp-content\/uploads\/2022\/03\/e8da08f6-5c74-4ca4-a1a3-77065d800dd9.jpg'><img loading=\"lazy\" decoding=\"async\" width=\"150\" height=\"150\" src=\"https:\/\/www.radiopiu.net\/wordpress\/wp-content\/uploads\/2022\/03\/e8da08f6-5c74-4ca4-a1a3-77065d800dd9-150x150.jpg\" class=\"attachment-thumbnail size-thumbnail\" alt=\"\" \/><\/a>\n\t\t\t\t<\/dt><\/dl><br style=\"clear: both\" \/>\n\t\t\t<\/div>\n\n<p>&nbsp;<\/p>\n<hr \/>\n<p>&nbsp;<\/p>\n<blockquote>\n<h3>TROPPI ATTI VANDALICI, CHIUDE IL CAMPO SINTETICO DI TAIBON<\/h3>\n<\/blockquote>\n<p><strong>TAIBON<\/strong> Spazzatura ovunque, reti di protezione divelte e tagliate, ma soprattutto poca cura di un campo messo a disposizione del paese e di quelli confinanti. L&#8217;amministrazione comunale di Taibon in accordo con il Gruppo Sportivo\u00a0 si \u00e8 vista costretta a chiudere il campo sintetico, quello accanto al terreno erboso. OGGI\u00a0 alle 10,30 (replica alle 19)\u00a0 l&#8217;intervento a Radio Pi\u00f9 del sindaco Silvia Tormen e del Presidente Antimo Savaris. <em>&#8220;Amareggiato? Sono incazzato&#8221;<\/em><\/p>\n<p><span style=\"color: #0000ff;\"><strong>OGGI ALLE 10,30 E ALLE 19 OSPITI A RADIO PIU: IL SINDACO SILVIA TORMEN, IL PRESIDENTE ANTIMO SAVARIS<\/strong><\/span><\/p>\n<p>&nbsp;<\/p>\n<p>&nbsp;<\/p>\n\n\t\t\t<style type='text\/css'>\n\t\t\t\t#gallery-10 {\n\t\t\t\t\tmargin: auto;\n\t\t\t\t}\n\t\t\t\t#gallery-10 .gallery-item {\n\t\t\t\t\tfloat: left;\n\t\t\t\t\tmargin-top: 10px;\n\t\t\t\t\ttext-align: center;\n\t\t\t\t\twidth: 20%;\n\t\t\t\t}\n\t\t\t\t#gallery-10 img {\n\t\t\t\t\tborder: 2px solid #cfcfcf;\n\t\t\t\t}\n\t\t\t\t#gallery-10 .gallery-caption {\n\t\t\t\t\tmargin-left: 0;\n\t\t\t\t}\n\t\t\t\t\/* see gallery_shortcode() in wp-includes\/media.php *\/\n\t\t\t<\/style>\n\t\t<div id='gallery-10' class='dt-gallery-container gallery galleryid-266489 gallery-columns-5 gallery-size-medium'><dl class='gallery-item'>\n\t\t\t\t<dt class='gallery-icon portrait'>\n\t\t\t\t\t<a class=\"rollover rollover-zoom dt-pswp-item\" title=\"5819505a-b9ec-47c6-8112-89a8962baa9b\" data-dt-img-description=\"\" data-large_image_width=\"1200\" data-large_image_height=\"1600\"href='https:\/\/www.radiopiu.net\/wordpress\/wp-content\/uploads\/2022\/03\/5819505a-b9ec-47c6-8112-89a8962baa9b.jpg'><img loading=\"lazy\" decoding=\"async\" width=\"225\" height=\"300\" src=\"https:\/\/www.radiopiu.net\/wordpress\/wp-content\/uploads\/2022\/03\/5819505a-b9ec-47c6-8112-89a8962baa9b-225x300.jpg\" class=\"attachment-medium size-medium\" alt=\"\" srcset=\"https:\/\/www.radiopiu.net\/wordpress\/wp-content\/uploads\/2022\/03\/5819505a-b9ec-47c6-8112-89a8962baa9b-225x300.jpg 225w, https:\/\/www.radiopiu.net\/wordpress\/wp-content\/uploads\/2022\/03\/5819505a-b9ec-47c6-8112-89a8962baa9b-768x1024.jpg 768w, https:\/\/www.radiopiu.net\/wordpress\/wp-content\/uploads\/2022\/03\/5819505a-b9ec-47c6-8112-89a8962baa9b-1152x1536.jpg 1152w, https:\/\/www.radiopiu.net\/wordpress\/wp-content\/uploads\/2022\/03\/5819505a-b9ec-47c6-8112-89a8962baa9b.jpg 1200w\" sizes=\"auto, (max-width: 225px) 100vw, 225px\" \/><\/a>\n\t\t\t\t<\/dt><\/dl><dl class='gallery-item'>\n\t\t\t\t<dt class='gallery-icon portrait'>\n\t\t\t\t\t<a class=\"rollover rollover-zoom dt-pswp-item\" title=\"f22afa3c-743b-4c05-8c0d-1a8dafbe1fb9\" data-dt-img-description=\"\" data-large_image_width=\"1200\" data-large_image_height=\"1600\"href='https:\/\/www.radiopiu.net\/wordpress\/wp-content\/uploads\/2022\/03\/f22afa3c-743b-4c05-8c0d-1a8dafbe1fb9.jpg'><img loading=\"lazy\" decoding=\"async\" width=\"225\" height=\"300\" src=\"https:\/\/www.radiopiu.net\/wordpress\/wp-content\/uploads\/2022\/03\/f22afa3c-743b-4c05-8c0d-1a8dafbe1fb9-225x300.jpg\" class=\"attachment-medium size-medium\" alt=\"\" srcset=\"https:\/\/www.radiopiu.net\/wordpress\/wp-content\/uploads\/2022\/03\/f22afa3c-743b-4c05-8c0d-1a8dafbe1fb9-225x300.jpg 225w, https:\/\/www.radiopiu.net\/wordpress\/wp-content\/uploads\/2022\/03\/f22afa3c-743b-4c05-8c0d-1a8dafbe1fb9-768x1024.jpg 768w, https:\/\/www.radiopiu.net\/wordpress\/wp-content\/uploads\/2022\/03\/f22afa3c-743b-4c05-8c0d-1a8dafbe1fb9-1152x1536.jpg 1152w, https:\/\/www.radiopiu.net\/wordpress\/wp-content\/uploads\/2022\/03\/f22afa3c-743b-4c05-8c0d-1a8dafbe1fb9.jpg 1200w\" sizes=\"auto, (max-width: 225px) 100vw, 225px\" \/><\/a>\n\t\t\t\t<\/dt><\/dl><dl class='gallery-item'>\n\t\t\t\t<dt class='gallery-icon portrait'>\n\t\t\t\t\t<a class=\"rollover rollover-zoom dt-pswp-item\" title=\"55103cc4-54b2-494e-9b9e-dde63584e52d\" data-dt-img-description=\"\" data-large_image_width=\"1200\" data-large_image_height=\"1600\"href='https:\/\/www.radiopiu.net\/wordpress\/wp-content\/uploads\/2022\/03\/55103cc4-54b2-494e-9b9e-dde63584e52d.jpg'><img loading=\"lazy\" decoding=\"async\" width=\"225\" height=\"300\" src=\"https:\/\/www.radiopiu.net\/wordpress\/wp-content\/uploads\/2022\/03\/55103cc4-54b2-494e-9b9e-dde63584e52d-225x300.jpg\" class=\"attachment-medium size-medium\" alt=\"\" srcset=\"https:\/\/www.radiopiu.net\/wordpress\/wp-content\/uploads\/2022\/03\/55103cc4-54b2-494e-9b9e-dde63584e52d-225x300.jpg 225w, https:\/\/www.radiopiu.net\/wordpress\/wp-content\/uploads\/2022\/03\/55103cc4-54b2-494e-9b9e-dde63584e52d-768x1024.jpg 768w, https:\/\/www.radiopiu.net\/wordpress\/wp-content\/uploads\/2022\/03\/55103cc4-54b2-494e-9b9e-dde63584e52d-1152x1536.jpg 1152w, https:\/\/www.radiopiu.net\/wordpress\/wp-content\/uploads\/2022\/03\/55103cc4-54b2-494e-9b9e-dde63584e52d.jpg 1200w\" sizes=\"auto, (max-width: 225px) 100vw, 225px\" \/><\/a>\n\t\t\t\t<\/dt><\/dl><dl class='gallery-item'>\n\t\t\t\t<dt class='gallery-icon portrait'>\n\t\t\t\t\t<a class=\"rollover rollover-zoom dt-pswp-item\" title=\"067f1adb-4d99-4d36-a21d-68fb4fbff638\" data-dt-img-description=\"\" data-large_image_width=\"1200\" data-large_image_height=\"1600\"href='https:\/\/www.radiopiu.net\/wordpress\/wp-content\/uploads\/2022\/03\/067f1adb-4d99-4d36-a21d-68fb4fbff638.jpg'><img loading=\"lazy\" decoding=\"async\" width=\"225\" height=\"300\" src=\"https:\/\/www.radiopiu.net\/wordpress\/wp-content\/uploads\/2022\/03\/067f1adb-4d99-4d36-a21d-68fb4fbff638-225x300.jpg\" class=\"attachment-medium size-medium\" alt=\"\" srcset=\"https:\/\/www.radiopiu.net\/wordpress\/wp-content\/uploads\/2022\/03\/067f1adb-4d99-4d36-a21d-68fb4fbff638-225x300.jpg 225w, https:\/\/www.radiopiu.net\/wordpress\/wp-content\/uploads\/2022\/03\/067f1adb-4d99-4d36-a21d-68fb4fbff638-768x1024.jpg 768w, https:\/\/www.radiopiu.net\/wordpress\/wp-content\/uploads\/2022\/03\/067f1adb-4d99-4d36-a21d-68fb4fbff638-1152x1536.jpg 1152w, https:\/\/www.radiopiu.net\/wordpress\/wp-content\/uploads\/2022\/03\/067f1adb-4d99-4d36-a21d-68fb4fbff638.jpg 1200w\" sizes=\"auto, (max-width: 225px) 100vw, 225px\" \/><\/a>\n\t\t\t\t<\/dt><\/dl><dl class='gallery-item'>\n\t\t\t\t<dt class='gallery-icon portrait'>\n\t\t\t\t\t<a class=\"rollover rollover-zoom dt-pswp-item\" title=\"a015fd93-9bf4-409d-ad63-ac917dd3578b\" data-dt-img-description=\"\" data-large_image_width=\"1200\" data-large_image_height=\"1600\"href='https:\/\/www.radiopiu.net\/wordpress\/wp-content\/uploads\/2022\/03\/a015fd93-9bf4-409d-ad63-ac917dd3578b.jpg'><img loading=\"lazy\" decoding=\"async\" width=\"225\" height=\"300\" src=\"https:\/\/www.radiopiu.net\/wordpress\/wp-content\/uploads\/2022\/03\/a015fd93-9bf4-409d-ad63-ac917dd3578b-225x300.jpg\" class=\"attachment-medium size-medium\" alt=\"\" srcset=\"https:\/\/www.radiopiu.net\/wordpress\/wp-content\/uploads\/2022\/03\/a015fd93-9bf4-409d-ad63-ac917dd3578b-225x300.jpg 225w, https:\/\/www.radiopiu.net\/wordpress\/wp-content\/uploads\/2022\/03\/a015fd93-9bf4-409d-ad63-ac917dd3578b-768x1024.jpg 768w, https:\/\/www.radiopiu.net\/wordpress\/wp-content\/uploads\/2022\/03\/a015fd93-9bf4-409d-ad63-ac917dd3578b-1152x1536.jpg 1152w, https:\/\/www.radiopiu.net\/wordpress\/wp-content\/uploads\/2022\/03\/a015fd93-9bf4-409d-ad63-ac917dd3578b.jpg 1200w\" sizes=\"auto, (max-width: 225px) 100vw, 225px\" \/><\/a>\n\t\t\t\t<\/dt><\/dl><br style=\"clear: both\" \/><dl class='gallery-item'>\n\t\t\t\t<dt class='gallery-icon portrait'>\n\t\t\t\t\t<a class=\"rollover rollover-zoom dt-pswp-item\" title=\"8165da2e-a6c2-4fe8-a633-7b800996ee8a\" data-dt-img-description=\"\" data-large_image_width=\"1200\" data-large_image_height=\"1600\"href='https:\/\/www.radiopiu.net\/wordpress\/wp-content\/uploads\/2022\/03\/8165da2e-a6c2-4fe8-a633-7b800996ee8a.jpg'><img loading=\"lazy\" decoding=\"async\" width=\"225\" height=\"300\" src=\"https:\/\/www.radiopiu.net\/wordpress\/wp-content\/uploads\/2022\/03\/8165da2e-a6c2-4fe8-a633-7b800996ee8a-225x300.jpg\" class=\"attachment-medium size-medium\" alt=\"\" srcset=\"https:\/\/www.radiopiu.net\/wordpress\/wp-content\/uploads\/2022\/03\/8165da2e-a6c2-4fe8-a633-7b800996ee8a-225x300.jpg 225w, https:\/\/www.radiopiu.net\/wordpress\/wp-content\/uploads\/2022\/03\/8165da2e-a6c2-4fe8-a633-7b800996ee8a-768x1024.jpg 768w, https:\/\/www.radiopiu.net\/wordpress\/wp-content\/uploads\/2022\/03\/8165da2e-a6c2-4fe8-a633-7b800996ee8a-1152x1536.jpg 1152w, https:\/\/www.radiopiu.net\/wordpress\/wp-content\/uploads\/2022\/03\/8165da2e-a6c2-4fe8-a633-7b800996ee8a.jpg 1200w\" sizes=\"auto, (max-width: 225px) 100vw, 225px\" \/><\/a>\n\t\t\t\t<\/dt><\/dl><dl class='gallery-item'>\n\t\t\t\t<dt class='gallery-icon portrait'>\n\t\t\t\t\t<a class=\"rollover rollover-zoom dt-pswp-item\" title=\"04c4ad03-164b-4cfc-a9f0-17bcad6bc02a\" data-dt-img-description=\"\" data-large_image_width=\"1200\" data-large_image_height=\"1600\"href='https:\/\/www.radiopiu.net\/wordpress\/wp-content\/uploads\/2022\/03\/04c4ad03-164b-4cfc-a9f0-17bcad6bc02a.jpg'><img loading=\"lazy\" decoding=\"async\" width=\"225\" height=\"300\" src=\"https:\/\/www.radiopiu.net\/wordpress\/wp-content\/uploads\/2022\/03\/04c4ad03-164b-4cfc-a9f0-17bcad6bc02a-225x300.jpg\" class=\"attachment-medium size-medium\" alt=\"\" srcset=\"https:\/\/www.radiopiu.net\/wordpress\/wp-content\/uploads\/2022\/03\/04c4ad03-164b-4cfc-a9f0-17bcad6bc02a-225x300.jpg 225w, https:\/\/www.radiopiu.net\/wordpress\/wp-content\/uploads\/2022\/03\/04c4ad03-164b-4cfc-a9f0-17bcad6bc02a-768x1024.jpg 768w, https:\/\/www.radiopiu.net\/wordpress\/wp-content\/uploads\/2022\/03\/04c4ad03-164b-4cfc-a9f0-17bcad6bc02a-1152x1536.jpg 1152w, https:\/\/www.radiopiu.net\/wordpress\/wp-content\/uploads\/2022\/03\/04c4ad03-164b-4cfc-a9f0-17bcad6bc02a.jpg 1200w\" sizes=\"auto, (max-width: 225px) 100vw, 225px\" \/><\/a>\n\t\t\t\t<\/dt><\/dl><dl class='gallery-item'>\n\t\t\t\t<dt class='gallery-icon portrait'>\n\t\t\t\t\t<a class=\"rollover rollover-zoom dt-pswp-item\" title=\"841fbad7-494d-4451-bd36-cb7cc0bbf041\" data-dt-img-description=\"\" data-large_image_width=\"1200\" data-large_image_height=\"1600\"href='https:\/\/www.radiopiu.net\/wordpress\/wp-content\/uploads\/2022\/03\/841fbad7-494d-4451-bd36-cb7cc0bbf041.jpg'><img loading=\"lazy\" decoding=\"async\" width=\"225\" height=\"300\" src=\"https:\/\/www.radiopiu.net\/wordpress\/wp-content\/uploads\/2022\/03\/841fbad7-494d-4451-bd36-cb7cc0bbf041-225x300.jpg\" class=\"attachment-medium size-medium\" alt=\"\" srcset=\"https:\/\/www.radiopiu.net\/wordpress\/wp-content\/uploads\/2022\/03\/841fbad7-494d-4451-bd36-cb7cc0bbf041-225x300.jpg 225w, https:\/\/www.radiopiu.net\/wordpress\/wp-content\/uploads\/2022\/03\/841fbad7-494d-4451-bd36-cb7cc0bbf041-768x1024.jpg 768w, https:\/\/www.radiopiu.net\/wordpress\/wp-content\/uploads\/2022\/03\/841fbad7-494d-4451-bd36-cb7cc0bbf041-1152x1536.jpg 1152w, https:\/\/www.radiopiu.net\/wordpress\/wp-content\/uploads\/2022\/03\/841fbad7-494d-4451-bd36-cb7cc0bbf041.jpg 1200w\" sizes=\"auto, (max-width: 225px) 100vw, 225px\" \/><\/a>\n\t\t\t\t<\/dt><\/dl><dl class='gallery-item'>\n\t\t\t\t<dt class='gallery-icon portrait'>\n\t\t\t\t\t<a class=\"rollover rollover-zoom dt-pswp-item\" title=\"4cd09a8d-ee7b-4003-8e42-d956d6d3e8fe\" data-dt-img-description=\"\" data-large_image_width=\"1200\" data-large_image_height=\"1600\"href='https:\/\/www.radiopiu.net\/wordpress\/wp-content\/uploads\/2022\/03\/4cd09a8d-ee7b-4003-8e42-d956d6d3e8fe.jpg'><img loading=\"lazy\" decoding=\"async\" width=\"225\" height=\"300\" src=\"https:\/\/www.radiopiu.net\/wordpress\/wp-content\/uploads\/2022\/03\/4cd09a8d-ee7b-4003-8e42-d956d6d3e8fe-225x300.jpg\" class=\"attachment-medium size-medium\" alt=\"\" srcset=\"https:\/\/www.radiopiu.net\/wordpress\/wp-content\/uploads\/2022\/03\/4cd09a8d-ee7b-4003-8e42-d956d6d3e8fe-225x300.jpg 225w, https:\/\/www.radiopiu.net\/wordpress\/wp-content\/uploads\/2022\/03\/4cd09a8d-ee7b-4003-8e42-d956d6d3e8fe-768x1024.jpg 768w, https:\/\/www.radiopiu.net\/wordpress\/wp-content\/uploads\/2022\/03\/4cd09a8d-ee7b-4003-8e42-d956d6d3e8fe-1152x1536.jpg 1152w, https:\/\/www.radiopiu.net\/wordpress\/wp-content\/uploads\/2022\/03\/4cd09a8d-ee7b-4003-8e42-d956d6d3e8fe.jpg 1200w\" sizes=\"auto, (max-width: 225px) 100vw, 225px\" \/><\/a>\n\t\t\t\t<\/dt><\/dl><dl class='gallery-item'>\n\t\t\t\t<dt class='gallery-icon portrait'>\n\t\t\t\t\t<a class=\"rollover rollover-zoom dt-pswp-item\" title=\"7e0a1fb1-db9c-4ee1-9800-80d2bfe521ae\" data-dt-img-description=\"\" data-large_image_width=\"1200\" data-large_image_height=\"1600\"href='https:\/\/www.radiopiu.net\/wordpress\/wp-content\/uploads\/2022\/03\/7e0a1fb1-db9c-4ee1-9800-80d2bfe521ae.jpg'><img loading=\"lazy\" decoding=\"async\" width=\"225\" height=\"300\" src=\"https:\/\/www.radiopiu.net\/wordpress\/wp-content\/uploads\/2022\/03\/7e0a1fb1-db9c-4ee1-9800-80d2bfe521ae-225x300.jpg\" class=\"attachment-medium size-medium\" alt=\"\" srcset=\"https:\/\/www.radiopiu.net\/wordpress\/wp-content\/uploads\/2022\/03\/7e0a1fb1-db9c-4ee1-9800-80d2bfe521ae-225x300.jpg 225w, https:\/\/www.radiopiu.net\/wordpress\/wp-content\/uploads\/2022\/03\/7e0a1fb1-db9c-4ee1-9800-80d2bfe521ae-768x1024.jpg 768w, https:\/\/www.radiopiu.net\/wordpress\/wp-content\/uploads\/2022\/03\/7e0a1fb1-db9c-4ee1-9800-80d2bfe521ae-1152x1536.jpg 1152w, https:\/\/www.radiopiu.net\/wordpress\/wp-content\/uploads\/2022\/03\/7e0a1fb1-db9c-4ee1-9800-80d2bfe521ae.jpg 1200w\" sizes=\"auto, (max-width: 225px) 100vw, 225px\" \/><\/a>\n\t\t\t\t<\/dt><\/dl><br style=\"clear: both\" \/>\n\t\t\t<\/div>\n\n<p>&nbsp;<\/p>\n<p>&nbsp;<\/p>\n<hr \/>\n<p>&nbsp;<\/p>\n<blockquote>\n<h3>OGGI IL SESSANTESIMO ANNIVERSARIO DELLA MORTE DI DON FELICE CAPPELLO<\/h3>\n<\/blockquote>\n<p><strong><a class=\"dt-pswp-item\" href=\"https:\/\/www.radiopiu.net\/wordpress\/wp-content\/uploads\/2022\/03\/chiesa-caviola.jpg\" data-dt-img-description=\"\" data-large_image_width=\"1170\" data-large_image_height=\"780\"><img loading=\"lazy\" decoding=\"async\" class=\" wp-image-266810 alignleft\" src=\"https:\/\/www.radiopiu.net\/wordpress\/wp-content\/uploads\/2022\/03\/chiesa-caviola-300x200.jpg\" alt=\"\" width=\"174\" height=\"116\" srcset=\"https:\/\/www.radiopiu.net\/wordpress\/wp-content\/uploads\/2022\/03\/chiesa-caviola-300x200.jpg 300w, https:\/\/www.radiopiu.net\/wordpress\/wp-content\/uploads\/2022\/03\/chiesa-caviola-1024x683.jpg 1024w, https:\/\/www.radiopiu.net\/wordpress\/wp-content\/uploads\/2022\/03\/chiesa-caviola-768x512.jpg 768w, https:\/\/www.radiopiu.net\/wordpress\/wp-content\/uploads\/2022\/03\/chiesa-caviola.jpg 1170w\" sizes=\"auto, (max-width: 174px) 100vw, 174px\" \/><\/a>AGORDO<\/strong><\/p>\n<p>di Gianni Santomaso<\/p>\n<audio class=\"wp-audio-shortcode\" id=\"audio-266489-2\" preload=\"none\" style=\"width: 100%;\" controls=\"controls\"><source type=\"audio\/mpeg\" src=\"https:\/\/www.radiopiu.net\/wordpress\/wp-content\/uploads\/2022\/03\/GIANNI-PADRE-FELICE-MARIA-CAPPELLO.mp3?_=2\" \/><a href=\"https:\/\/www.radiopiu.net\/wordpress\/wp-content\/uploads\/2022\/03\/GIANNI-PADRE-FELICE-MARIA-CAPPELLO.mp3\">https:\/\/www.radiopiu.net\/wordpress\/wp-content\/uploads\/2022\/03\/GIANNI-PADRE-FELICE-MARIA-CAPPELLO.mp3<\/a><\/audio>\n<p>&nbsp;<\/p>\n<hr \/>\n<p>&nbsp;<\/p>\n<blockquote class=\"wp-embedded-content\" data-secret=\"xUIytloCfI\"><p><a href=\"https:\/\/www.radiopiu.net\/wordpress\/ag01marzo2224\/\">CORONAVIRUS: AGGIORNAMENTO NAZIONALE 24 MARZO 2022<\/a><\/p><\/blockquote>\n<p><iframe loading=\"lazy\" class=\"wp-embedded-content\" sandbox=\"allow-scripts\" security=\"restricted\" style=\"position: absolute; clip: rect(1px, 1px, 1px, 1px);\" title=\"&#8220;CORONAVIRUS: AGGIORNAMENTO NAZIONALE 24 MARZO 2022&#8221; &#8212; Radio Pi\u00f9\" src=\"https:\/\/www.radiopiu.net\/wordpress\/ag01marzo2224\/embed\/#?secret=f2JDWluhY2#?secret=xUIytloCfI\" data-secret=\"xUIytloCfI\" width=\"600\" height=\"338\" frameborder=\"0\" marginwidth=\"0\" marginheight=\"0\" scrolling=\"no\"><\/iframe><\/p>\n<p>&nbsp;<\/p>\n<blockquote class=\"wp-embedded-content\" data-secret=\"OpGqLrh0u7\"><p><a href=\"https:\/\/www.radiopiu.net\/wordpress\/aggmarz24\/\">ATTUALMENTE POSITIVI: 3700 IN PIU&#8217; NELLE ULTIME 24 ORE, 13 DECESSI<\/a><\/p><\/blockquote>\n<p><iframe loading=\"lazy\" class=\"wp-embedded-content\" sandbox=\"allow-scripts\" security=\"restricted\" style=\"position: absolute; clip: rect(1px, 1px, 1px, 1px);\" title=\"&#8220;ATTUALMENTE POSITIVI: 3700 IN PIU&#8217; NELLE ULTIME 24 ORE, 13 DECESSI&#8221; &#8212; Radio Pi\u00f9\" src=\"https:\/\/www.radiopiu.net\/wordpress\/aggmarz24\/embed\/#?secret=pDT51KM3UY#?secret=OpGqLrh0u7\" data-secret=\"OpGqLrh0u7\" width=\"600\" height=\"338\" frameborder=\"0\" marginwidth=\"0\" marginheight=\"0\" scrolling=\"no\"><\/iframe><\/p>\n<h2 dir=\"auto\"><\/h2>\n<h2 dir=\"auto\">I GRAFICI DI TIZIANO DE COL<\/h2>\n\n\t\t\t<style type='text\/css'>\n\t\t\t\t#gallery-11 {\n\t\t\t\t\tmargin: auto;\n\t\t\t\t}\n\t\t\t\t#gallery-11 .gallery-item {\n\t\t\t\t\tfloat: left;\n\t\t\t\t\tmargin-top: 10px;\n\t\t\t\t\ttext-align: center;\n\t\t\t\t\twidth: 33%;\n\t\t\t\t}\n\t\t\t\t#gallery-11 img {\n\t\t\t\t\tborder: 2px solid #cfcfcf;\n\t\t\t\t}\n\t\t\t\t#gallery-11 .gallery-caption {\n\t\t\t\t\tmargin-left: 0;\n\t\t\t\t}\n\t\t\t\t\/* see gallery_shortcode() in wp-includes\/media.php *\/\n\t\t\t<\/style>\n\t\t<div id='gallery-11' class='dt-gallery-container gallery galleryid-266489 gallery-columns-3 gallery-size-thumbnail'><dl class='gallery-item'>\n\t\t\t\t<dt class='gallery-icon landscape'>\n\t\t\t\t\t<a class=\"rollover rollover-zoom dt-pswp-item\" title=\"a94173ae-7211-4231-a6bc-491298b2ea69\" data-dt-img-description=\"\" data-large_image_width=\"616\" data-large_image_height=\"368\"href='https:\/\/www.radiopiu.net\/wordpress\/wp-content\/uploads\/2022\/03\/a94173ae-7211-4231-a6bc-491298b2ea69.jpg'><img loading=\"lazy\" decoding=\"async\" width=\"150\" height=\"150\" src=\"https:\/\/www.radiopiu.net\/wordpress\/wp-content\/uploads\/2022\/03\/a94173ae-7211-4231-a6bc-491298b2ea69-150x150.jpg\" class=\"attachment-thumbnail size-thumbnail\" alt=\"\" \/><\/a>\n\t\t\t\t<\/dt><\/dl><dl class='gallery-item'>\n\t\t\t\t<dt class='gallery-icon landscape'>\n\t\t\t\t\t<a class=\"rollover rollover-zoom dt-pswp-item\" title=\"8dba7e78-3b5e-44a6-b8b7-4e29ef1b1e7f\" data-dt-img-description=\"\" data-large_image_width=\"618\" data-large_image_height=\"361\"href='https:\/\/www.radiopiu.net\/wordpress\/wp-content\/uploads\/2022\/03\/8dba7e78-3b5e-44a6-b8b7-4e29ef1b1e7f.jpg'><img loading=\"lazy\" decoding=\"async\" width=\"150\" height=\"150\" src=\"https:\/\/www.radiopiu.net\/wordpress\/wp-content\/uploads\/2022\/03\/8dba7e78-3b5e-44a6-b8b7-4e29ef1b1e7f-150x150.jpg\" class=\"attachment-thumbnail size-thumbnail\" alt=\"\" \/><\/a>\n\t\t\t\t<\/dt><\/dl><dl class='gallery-item'>\n\t\t\t\t<dt class='gallery-icon landscape'>\n\t\t\t\t\t<a class=\"rollover rollover-zoom dt-pswp-item\" title=\"aa481a65-0a9c-4c33-b2ee-a1d381b2b5ae\" data-dt-img-description=\"\" data-large_image_width=\"612\" data-large_image_height=\"365\"href='https:\/\/www.radiopiu.net\/wordpress\/wp-content\/uploads\/2022\/03\/aa481a65-0a9c-4c33-b2ee-a1d381b2b5ae.jpg'><img loading=\"lazy\" decoding=\"async\" width=\"150\" height=\"150\" src=\"https:\/\/www.radiopiu.net\/wordpress\/wp-content\/uploads\/2022\/03\/aa481a65-0a9c-4c33-b2ee-a1d381b2b5ae-150x150.jpg\" class=\"attachment-thumbnail size-thumbnail\" alt=\"\" \/><\/a>\n\t\t\t\t<\/dt><\/dl><br style=\"clear: both\" \/><dl class='gallery-item'>\n\t\t\t\t<dt class='gallery-icon landscape'>\n\t\t\t\t\t<a class=\"rollover rollover-zoom dt-pswp-item\" title=\"89bf896d-3dc6-428c-80c7-26eccce1a132\" data-dt-img-description=\"\" data-large_image_width=\"620\" data-large_image_height=\"352\"href='https:\/\/www.radiopiu.net\/wordpress\/wp-content\/uploads\/2022\/03\/89bf896d-3dc6-428c-80c7-26eccce1a132.jpg'><img loading=\"lazy\" decoding=\"async\" width=\"150\" height=\"150\" src=\"https:\/\/www.radiopiu.net\/wordpress\/wp-content\/uploads\/2022\/03\/89bf896d-3dc6-428c-80c7-26eccce1a132-150x150.jpg\" class=\"attachment-thumbnail size-thumbnail\" alt=\"\" \/><\/a>\n\t\t\t\t<\/dt><\/dl><dl class='gallery-item'>\n\t\t\t\t<dt class='gallery-icon landscape'>\n\t\t\t\t\t<a class=\"rollover rollover-zoom dt-pswp-item\" title=\"ef21a29a-5902-470a-9572-43dd3c879f2c\" data-dt-img-description=\"\" data-large_image_width=\"640\" data-large_image_height=\"388\"href='https:\/\/www.radiopiu.net\/wordpress\/wp-content\/uploads\/2022\/03\/ef21a29a-5902-470a-9572-43dd3c879f2c.jpg'><img loading=\"lazy\" decoding=\"async\" width=\"150\" height=\"150\" src=\"https:\/\/www.radiopiu.net\/wordpress\/wp-content\/uploads\/2022\/03\/ef21a29a-5902-470a-9572-43dd3c879f2c-150x150.jpg\" class=\"attachment-thumbnail size-thumbnail\" alt=\"\" \/><\/a>\n\t\t\t\t<\/dt><\/dl><dl class='gallery-item'>\n\t\t\t\t<dt class='gallery-icon landscape'>\n\t\t\t\t\t<a class=\"rollover rollover-zoom dt-pswp-item\" title=\"055e7557-dd71-4a35-8511-ee1e0196d631\" data-dt-img-description=\"\" data-large_image_width=\"620\" data-large_image_height=\"365\"href='https:\/\/www.radiopiu.net\/wordpress\/wp-content\/uploads\/2022\/03\/055e7557-dd71-4a35-8511-ee1e0196d631.jpg'><img loading=\"lazy\" decoding=\"async\" width=\"150\" height=\"150\" src=\"https:\/\/www.radiopiu.net\/wordpress\/wp-content\/uploads\/2022\/03\/055e7557-dd71-4a35-8511-ee1e0196d631-150x150.jpg\" class=\"attachment-thumbnail size-thumbnail\" alt=\"\" \/><\/a>\n\t\t\t\t<\/dt><\/dl><br style=\"clear: both\" \/>\n\t\t\t<\/div>\n\n<p>&nbsp;<\/p>\n<p>&nbsp;<\/p>\n<hr \/>\n<p>&nbsp;<\/p>\n<blockquote>\n<h3>E CON IL BOSTRICO? A CHE PUNTO SIAMO&#8230;<\/h3>\n<\/blockquote>\n<p><strong><a class=\"dt-pswp-item\" href=\"https:\/\/www.radiopiu.net\/wordpress\/wp-content\/uploads\/2021\/10\/BOSTRICO.jpg\" data-dt-img-description=\"\" data-large_image_width=\"2048\" data-large_image_height=\"1536\"><img loading=\"lazy\" decoding=\"async\" class=\" wp-image-239763 alignleft\" src=\"https:\/\/www.radiopiu.net\/wordpress\/wp-content\/uploads\/2021\/10\/BOSTRICO-300x225.jpg\" alt=\"\" width=\"247\" height=\"185\" srcset=\"https:\/\/www.radiopiu.net\/wordpress\/wp-content\/uploads\/2021\/10\/BOSTRICO-300x225.jpg 300w, https:\/\/www.radiopiu.net\/wordpress\/wp-content\/uploads\/2021\/10\/BOSTRICO-1024x768.jpg 1024w, https:\/\/www.radiopiu.net\/wordpress\/wp-content\/uploads\/2021\/10\/BOSTRICO-768x576.jpg 768w, https:\/\/www.radiopiu.net\/wordpress\/wp-content\/uploads\/2021\/10\/BOSTRICO-1536x1152.jpg 1536w, https:\/\/www.radiopiu.net\/wordpress\/wp-content\/uploads\/2021\/10\/BOSTRICO.jpg 2048w\" sizes=\"auto, (max-width: 247px) 100vw, 247px\" \/><\/a>LONGARONE<\/strong> Confronto a respiro triveneto sulla lotta all\u2019infestazione del bostrico nei boschi feriti dalla tempesta Vaia, oggi nell\u2019ambito di Agrimont a Longarone Fiere, con inizio alle 14.30. L\u2019appuntamento nasce per iniziativa dell\u2019Ordine degli agronomi e forestali della provincia di Belluno d\u2019intesa con la Fondazione \u201cMontagna e Europa\u201d Arnaldo Colleselli e il Gal Alto Bellunese. Con il coordinamento del presidente dell\u2019Ordine Orazio Andrich, oggi discuteranno delle azioni da intraprendere, prima che la situazione sia del tutto compromessa, l\u2019assessore regionale veneto all\u2019Ambiente e al clima, Gianpaolo Bottacin, Paolo Kovatsch, gi\u00e0 direttore del Demanio forestale della Provincia autonoma di Trento e per il Friuli Venezia Giulia Pier Paolo De Biasio, dell\u2019 Ispettorato forestale di Tolmezzo. Previste anche relazioni di tecnici nonch\u00e9 del direttore del Parco naturale delle Regole d\u2019Ampezzo, Michele Da Pozzo. Quello ospitato da Agrimont rappresenta il primo tavolo tecnico-istituzionale su questo delicato argomento. L\u2019obiettivo, \u00a0 che volutamente si colloca in una prospettiva interregionale, \u00e8 di valutare alla luce\u00a0\u00a0 di un\u2019approfondita ricognizione sul campo come mettere in atto le misure previste dalla recente legge statale di bilancio 2022 per combattere la pullulazione del bostrico. L\u2019insetto, infatti, sta provocando danni ingenti al patrimonio boschivo. L\u2019incontro di Agrimont sar\u00e0 possibile seguirlo sia in presenza che in streaming all\u2019indirizzo <a href=\"https:\/\/forum.agrimont.it\">https:\/\/forum.agrimont.it<\/a><\/p>\n<p>&nbsp;<\/p>\n<p>&nbsp;<\/p>\n<hr \/>\n<blockquote>\n<h3><\/h3>\n<h3>ORA DELLA TERRA, CENTRO A LUCI SPENTE<\/h3>\n<\/blockquote>\n<p><strong><a class=\"dt-pswp-item\" href=\"https:\/\/www.radiopiu.net\/wordpress\/wp-content\/uploads\/2022\/03\/23ec681e17a7525b6c0988a1f03bc9c0.jpg\" data-dt-img-description=\"\" data-large_image_width=\"728\" data-large_image_height=\"405\"><img loading=\"lazy\" decoding=\"async\" class=\"wp-image-266607 alignleft\" src=\"https:\/\/www.radiopiu.net\/wordpress\/wp-content\/uploads\/2022\/03\/23ec681e17a7525b6c0988a1f03bc9c0-300x167.jpg\" alt=\"\" width=\"214\" height=\"119\" srcset=\"https:\/\/www.radiopiu.net\/wordpress\/wp-content\/uploads\/2022\/03\/23ec681e17a7525b6c0988a1f03bc9c0-300x167.jpg 300w, https:\/\/www.radiopiu.net\/wordpress\/wp-content\/uploads\/2022\/03\/23ec681e17a7525b6c0988a1f03bc9c0.jpg 728w\" sizes=\"auto, (max-width: 214px) 100vw, 214px\" \/><\/a>BELLUNO<\/strong> Anche il Comune di Belluno parteciper\u00e0 domani sera alla quattordicesima edizione Earth Hour, l\u2019Ora della Terra, la mobilitazione lanciata dal WWF e sostenuta e patrocinata da ANCI \u2013 Associazione Nazionale Comuni Italiani che, con lo spegnimento delle luci per un\u2019ora, vuole unire cittadini, istituzioni e imprese in un&#8217;azione di sensibilizzazione globale per un futuro pi\u00f9 sostenibile e contro il cambiamento climatico. Quest&#8217;anno, a spegnersi dalle 20.30 alle 21.30 di\u00a0 domani, saranno le luci di Palazzo Rosso, di Piazza dei Martiri e del Ponte della Vittoria<\/p>\n<p>L&#8217;ASSESSORE ALL&#8217;AMBIENTE ALBERTO SIMIELE<\/p>\n<audio class=\"wp-audio-shortcode\" id=\"audio-266489-3\" preload=\"none\" style=\"width: 100%;\" controls=\"controls\"><source type=\"audio\/mpeg\" src=\"https:\/\/www.radiopiu.net\/wordpress\/wp-content\/uploads\/2022\/03\/Simiele-Ora-della-Terra-2022.mp3?_=3\" \/><a href=\"https:\/\/www.radiopiu.net\/wordpress\/wp-content\/uploads\/2022\/03\/Simiele-Ora-della-Terra-2022.mp3\">https:\/\/www.radiopiu.net\/wordpress\/wp-content\/uploads\/2022\/03\/Simiele-Ora-della-Terra-2022.mp3<\/a><\/audio>\n<p><strong>\u00a0<\/strong><\/p>\n<p>&nbsp;<\/p>\n<p>&nbsp;<\/p>\n<hr \/>\n<p>&nbsp;<\/p>\n<blockquote>\n<h3>DEBITI FUORI BILANCIO, LA QUERELLE ACCENDE LA I^ COMMISSIONE<\/h3>\n<\/blockquote>\n<p><strong><img loading=\"lazy\" decoding=\"async\" class=\"alignleft\" src=\"https:\/\/www.radiopiu.net\/wordpress\/wp-content\/uploads\/2022\/02\/Palazzo-rosso-illuminato-1-scaled.jpg\" width=\"249\" height=\"166\" \/>BELLUNO<\/strong> Il prossimo consiglio comunale si terr\u00e0 il 28 marzo, nel frattempo si \u00e8 riunita la I^ Commissione comunale competente per affrontare una serie di argomenti importanti: variazione al programma acquisti forniture e servizi, variazione al bilancio di previsione 22-24, approvazione piano economico Tari, tariffa puntuale sui rifiuti urbani, diritto di prelazione su un immobile e riconoscimento di un debito fuori bilancio come da sentenza del Tribunale di Belluno. Presente in commissione il rappresentante di Fratelli d&#8217;Italia Raffaele Addamiano che ha garantito il numero legale come da regolamento, in caso contrario la riunione non sarebbe nemmeno iniziata. Immancabile la discussione sui debiti fuori bilancio,\u00a0 Addamiano ha poi evidenziato le esigenze dei commercianti sui plateatici con i permessi in scadenza al primo aprile. A proposito dei commercianti la discussione si \u00e8 incentrata ancora una volta &#8211; a distanza di due mesi dalla prima idea &#8211; sulle vetrofanie dei negozi &#8220;impolverati&#8221;.<\/p>\n<p><strong>IL CONSIGLIERE RAFFAELE ADDAMIANO<\/strong><\/p>\n<audio class=\"wp-audio-shortcode\" id=\"audio-266489-4\" preload=\"none\" style=\"width: 100%;\" controls=\"controls\"><source type=\"audio\/mpeg\" src=\"https:\/\/www.radiopiu.net\/wordpress\/wp-content\/uploads\/2022\/03\/addamiano-2.mp3?_=4\" \/><a href=\"https:\/\/www.radiopiu.net\/wordpress\/wp-content\/uploads\/2022\/03\/addamiano-2.mp3\">https:\/\/www.radiopiu.net\/wordpress\/wp-content\/uploads\/2022\/03\/addamiano-2.mp3<\/a><\/audio>\n<p>&nbsp;<\/p>\n<p>&nbsp;<\/p>\n<hr \/>\n<p>&nbsp;<\/p>\n<blockquote>\n<h3>CERTIFICATI DI ESENZIONE PER CONDIZIONE ECONOMICA: DOVE E COME SARANNO DISPONIBILI<\/h3>\n<\/blockquote>\n<p><strong>BELLUNO <\/strong>Le certificazioni delle esenzioni per reddito in scadenza il 31 marzo 2022 &#8211; 7R2, 7R4, 7R5 &#8211; saranno disponibili nel portale <a href=\"https:\/\/slute.regione.veneto.it\/\">https:\/\/salute.regione.veneto.it<\/a> dal 4 aprile 2022. L&#8217;esenzione 7R3 per disoccupazione verr\u00e0 prodotta a seguito di autocertificazione con le seguenti modalit\u00e0: Inviando una mail all&#8217;indirizzo <a href=\"mailto:esenzioni@aulss1.veneto.it\">esenzioni@aulss1.veneto.it<\/a> con allegato documento d&#8217;identit\u00e0 del richiedente. Previo appuntamento agli sportelli chiamando i seguenti numeri: Distretto Belluno: 0437-516757, Distretto Cadore: 0435-341561, Distretto Feltre: 0439-883680, Distretto Mel: 0437-541111, Distretto Sedico: 0439-883900<\/p>\n<p>&nbsp;<\/p>\n<p>&nbsp;<\/p>\n<hr \/>\n<p>&nbsp;<\/p>\n<blockquote>\n<h3>IL PNRR ESCLUDE I PICCOLI COMUNI DAI DUE BANDI SPORT<\/h3>\n<\/blockquote>\n<p><strong><a class=\"dt-pswp-item\" href=\"https:\/\/www.radiopiu.net\/wordpress\/wp-content\/uploads\/2020\/11\/logoUNCEM_no_scritta-wdtr.jpg\" data-dt-img-description=\"\" data-large_image_width=\"640\" data-large_image_height=\"640\"><img loading=\"lazy\" decoding=\"async\" class=\"wp-image-170846 alignleft\" src=\"https:\/\/www.radiopiu.net\/wordpress\/wp-content\/uploads\/2020\/11\/logoUNCEM_no_scritta-wdtr-300x300.jpg\" alt=\"\" width=\"114\" height=\"114\" srcset=\"https:\/\/www.radiopiu.net\/wordpress\/wp-content\/uploads\/2020\/11\/logoUNCEM_no_scritta-wdtr-300x300.jpg 300w, https:\/\/www.radiopiu.net\/wordpress\/wp-content\/uploads\/2020\/11\/logoUNCEM_no_scritta-wdtr-150x150.jpg 150w, https:\/\/www.radiopiu.net\/wordpress\/wp-content\/uploads\/2020\/11\/logoUNCEM_no_scritta-wdtr.jpg 640w\" sizes=\"auto, (max-width: 114px) 100vw, 114px\" \/><\/a>ROMA<\/strong> I piccoli comuni esclusi dai bandi del PNRR per lo sport. &#8220;<em>Trovo grave che i piccoli Comuni siano esclusi dai bandi &#8216;sport&#8217; del PNRR, pubblicati nelle scorse ore. Perch\u00e9 in un avviso possono accedere solo i Comuni con pi\u00f9 di 50mila abitanti. E nel secondo, solo i Comuni con impianti di interesse delle Federazioni. Trovo queste condizioni assurde, dannose. Generano ulteriori sperequazioni. Le Federazioni definiscono se il Comune pu\u00f2 fare o meno domanda sull&#8217;impianto? C&#8217;\u00e8 qualcosa che non va. E c&#8217;\u00e8 chi sta volutamente escludendo i Comuni pi\u00f9 piccoli, dimenticando che lavorando insieme i piccoli sono forti. Anche questa opportunit\u00e0 viene esclusa. E si va verso il tutti contro tutti, ancora una volta, come sul bando borghi, per il quale un azzeramento, da parte del Ministero della Cultura, sarebbe la soluzione pi\u00f9 efficace<\/em>&#8221; dice Marco Bussone, Presidente UNCEM.<\/p>\n<p>&nbsp;<\/p>\n<hr \/>\n<p>&nbsp;<\/p>\n<blockquote>\n<h3>APPELLO DEL CENTRO AFFIDO DI BELLUNO: SI CERCANO FAMIGLIE NELLA ZONA DELL\u2019ALPAGO<\/h3>\n<\/blockquote>\n<p><strong>BELLUNO <\/strong>Ci sono bambini e ragazzi che, per alcuni pomeriggi dopo la scuola, hanno bisogno di un ambiente familiare in cui poter fare i compiti e fare delle esperienze nuove nel tempo libero, con la possibilit\u00e0 all\u2019occorrenza di potersi fermare per qualche pernotto. Il Centro per l&#8217;Affido e la Solidariet\u00e0 Familiare dell&#8217;ULSS 1 DOLOMITI- Distretto di Belluno cerca famiglie, coppie o singole persone che, nella zona dell\u2019Alpago, possano offrire la loro disponibilit\u00e0 ad occuparsi di questi bambini o ragazzi. Spesso \u00e8 necessario anche che gli affidatari possano farsi carico (in tutto o in parte) di accompagnare o andare a prendere i bambini\/ragazzi qualora i genitori non riescano a garantire questo impegno. Se pensate di poter essere di aiuto o se volete maggiori informazioni sull&#8217;affido familiare, telefonate al Centro Affido allo 0437\/514975 oppure inviate una mail al seguente indirizzo:\u00a0\u00a0\u00a0 centroaffido.bl@aulss1.veneto.it<\/p>\n<p>&nbsp;<\/p>\n<hr \/>\n<p>&nbsp;<\/p>\n<blockquote>\n<h3>ALLAGAMENTI, UN CONTO DA 850MILA EURO<\/h3>\n<\/blockquote>\n<p><strong>AGORDO<\/strong> Costeranno 850 mila euro gli interventi necessari per mettere finalmente in sicurezza dagli allagamenti l&#8217;abitato e l&#8217;area artigianale in localit\u00e0 Le Grave.Il conto lo ha tracciato lo studio di fattibilit\u00e0 tecnica ed economica approvato nei giorni scorsi dalla giunta comunale e permetter\u00e0 ora al Comune di richiedere i finanziamenti necessari a realizzare i lavori\u00a0 \u00e8 un intervento atteso. La localit\u00e0 Le Grave \u00e8 stata infatti colpita da allagamenti con notevoli disagi per le abitazioni e le attivit\u00e0 artigianali durante la tempesta Vaia del 2018 ma anche in occasione di altri eventi meteo avversi, come quelli di novembre 2019, agosto e dicembre<\/p>\n<p>&nbsp;<\/p>\n<hr \/>\n<p>&nbsp;<\/p>\n<div class=\"page-title-head hgroup\">\n<blockquote>\n<h3 class=\"entry-title\">SABATO 26 MARZO ALLE 18 L\u2019ASSEMBLEA ANNUALE DEL CAI DI AGORDO<\/h3>\n<\/blockquote>\n<\/div>\n<div class=\"page-title-breadcrumbs\">\n<p><strong><a class=\"dt-pswp-item\" href=\"https:\/\/www.radiopiu.net\/wordpress\/wp-content\/uploads\/2020\/04\/cai-agordo.jpg\" data-dt-img-description=\"\" data-large_image_width=\"297\" data-large_image_height=\"170\"><img loading=\"lazy\" decoding=\"async\" class=\"size-full wp-image-127841 alignleft\" src=\"https:\/\/www.radiopiu.net\/wordpress\/wp-content\/uploads\/2020\/04\/cai-agordo.jpg\" alt=\"\" width=\"297\" height=\"170\" \/><\/a>AGORDO<\/strong><\/p>\n<p>di Gianni Santomaso<\/p>\n<audio class=\"wp-audio-shortcode\" id=\"audio-266489-5\" preload=\"none\" style=\"width: 100%;\" controls=\"controls\"><source type=\"audio\/mpeg\" src=\"https:\/\/www.radiopiu.net\/wordpress\/wp-content\/uploads\/2022\/03\/GIANNI-CAI-AGORDO.mp3?_=5\" \/><a href=\"https:\/\/www.radiopiu.net\/wordpress\/wp-content\/uploads\/2022\/03\/GIANNI-CAI-AGORDO.mp3\">https:\/\/www.radiopiu.net\/wordpress\/wp-content\/uploads\/2022\/03\/GIANNI-CAI-AGORDO.mp3<\/a><\/audio>\n<p>&nbsp;<\/p>\n<\/div>\n<p>&nbsp;<\/p>\n<p>&nbsp;<\/p>\n<hr \/>\n<p>&nbsp;<\/p>\n<blockquote>\n<h3>\u00a0OGGI LA FESTA DEL PATRONO A SEDICO, SEDE DI VALPE. UFFICI CHIUSI ANCHE AD AGORDO<\/h3>\n<\/blockquote>\n<p><strong><img loading=\"lazy\" decoding=\"async\" class=\"alignleft\" src=\"https:\/\/www.radiopiu.net\/wordpress\/wp-content\/uploads\/2021\/10\/VALPE.png\" width=\"234\" height=\"117\" \/>AGORDO<\/strong> Oggi lo sportello di Agordo rester\u00e0 chiuso e Valpe Ambiente non effettuer\u00e0 le raccolte in alcuni Comuni: \u00e8 possibile consultare l&#8217;Ecocalendario 2022 per verificare se il servizio sar\u00e0 regolare nella propria zona. Inoltre, dal 27 marzo al 29 ottobre 2022 l\u2019Ecocentro di Sedico osserva gli orari di apertura previsti durante il periodo di ora legale indicati nell\u2019Ecocalendario 2022: Luned\u00ec: 15.00 &#8211; 18.30 Mercoled\u00ec: 15.00 &#8211; 18.30 Sabato: 9.00 &#8211; 12.00 \/\u00a0 15.00 &#8211; 18.30 Per ulteriori informazioni, i cittadini possono inviare una mail a <a href=\"mailto:info@valpeambiente.it\">info@valpeambiente.it<\/a> oppure visitare il sito www.valpeambiente.it<\/p>\n<p>&nbsp;<\/p>\n<p>&nbsp;<\/p>\n<hr \/>\n<p>&nbsp;<\/p>\n<blockquote>\n<h3>CON LA ULSS1 IL CORSO GRATUITO PER ASSISTENTI FAMILIARI<\/h3>\n<\/blockquote>\n<p><strong>BELLUNO<\/strong>\u00a0 Il corso \u00e8 promosso nell\u2019ambito del Progetto regionale Sportelli per l\u2019Assistenza Familiare. Il percorso sar\u00e0 composto da 64 ore di formazione. Per iscriversi al corso \u00e8 necessario rivolgersi agli Sportelli per l\u2019Assistenza Familiare di zona, ad Agordo presso Asca. Per tutti i partecipanti che supereranno il test di verifica finale \u00e8 previsto il rilascio un attestato.<\/p>\n<p>&nbsp;<\/p>\n<hr \/>\n<p>&nbsp;<\/p>\n<blockquote>\n<h3>OGGI PER GENITORI, INSEGNANTI E COMPAGNI DEI BAMBINI\u00a0 E RAGAZZI CON AUTISMO<\/h3>\n<\/blockquote>\n<p><strong>BELLUNO<\/strong> Oggi alle 17.30 in sala congressi del Centro Giovanni XXIII\u00a0 presentazione del libro a fumetti &#8220;Sono autistico, vi racconto cosa vuol dire&#8221; realizzato da Elena Collazuol e Roberto Totaro.<\/p>\n<p>&nbsp;<\/p>\n<p>&nbsp;<\/p>\n<hr \/>\n<blockquote>\n<h3><\/h3>\n<h3>LA MONGOLFIERA DI GIORGIA, IL NUOVO BANDO<\/h3>\n<\/blockquote>\n<p><a class=\"dt-pswp-item\" href=\"https:\/\/www.radiopiu.net\/wordpress\/wp-content\/uploads\/2022\/03\/giorgia.jpg\" data-dt-img-description=\"\" data-large_image_width=\"292\" data-large_image_height=\"235\"><img loading=\"lazy\" decoding=\"async\" class=\" wp-image-266213 alignleft\" src=\"https:\/\/www.radiopiu.net\/wordpress\/wp-content\/uploads\/2022\/03\/giorgia.jpg\" alt=\"\" width=\"146\" height=\"118\" \/><\/a>Puntuale anche quest&#8217;anno, in occasione del venticinquesimo compleanno di Giorgia,\u00a0 Domani uscir\u00e0 L&#8217;ottavo bando\u00a0 del valore di\u00a0 6.000 euro. Tutte le domande dovranno pervenire entro la mezzanotte del 25 maggio. Anche questo bando \u00e8 finalizzato all&#8217;erogazione di contributi per il sostegno di progetti e iniziative\u00a0 che favoriscano il miglioramento della qualit\u00e0 di vita di giovani che versano in situazioni di disabilit\u00e0, anche temporanea. Tutte le informazioni su <a href=\"http:\/\/www.lamongolfieradigiorgia.it\/\" target=\"_blank\" rel=\"noopener\">www.lamongolfieradigiorgia.it<\/a>\u00a0o telefonicamente al 3495274622.<\/p>\n<p><b><em>Perch\u00e9 gli adolescenti hanno diritto di restare tali anche durante la malattia.<\/em><\/b><\/p>\n<section class=\"elementor-section elementor-top-section elementor-element elementor-element-06767e5 elementor-section-stretched elementor-section-boxed elementor-section-height-default elementor-section-height-default\" data-id=\"06767e5\" data-element_type=\"section\" data-settings=\"{&quot;stretch_section&quot;:&quot;section-stretched&quot;}\">\n<div class=\"elementor-container elementor-column-gap-default\">\n<div class=\"elementor-column elementor-col-100 elementor-top-column elementor-element elementor-element-f3b6370\" data-id=\"f3b6370\" data-element_type=\"column\">\n<div class=\"elementor-widget-wrap elementor-element-populated\">\n<div class=\"elementor-element elementor-element-29b8ab8 elementor-widget elementor-widget-heading\" data-id=\"29b8ab8\" data-element_type=\"widget\" data-widget_type=\"heading.default\">\n<div class=\"elementor-widget-container\">\n<p class=\"elementor-heading-title elementor-size-default fusion-responsive-typography-calculated\" data-fontsize=\"34\" data-lineheight=\"47.6px\"><span style=\"color: #ff0000;\">L\u2019associazione La Mongolfiera di Giorgia Onlus nasce in memoria di Giorgia Praloran che ci ha lasciato nell\u2019ottobre del 2016<\/span><\/p>\n<\/div>\n<\/div>\n<\/div>\n<\/div>\n<\/div>\n<\/section>\n<p>&nbsp;<\/p>\n<p>&nbsp;<\/p>\n<hr \/>\n<p>&nbsp;<\/p>\n<blockquote>\n<h3>SABATO 26 E DOMENICA 27 MARZO 2022 \u201cUNA COLOMBA PER LA VITA\u201d ADMO<\/h3>\n<\/blockquote>\n<p><strong><a class=\"dt-pswp-item\" href=\"https:\/\/www.radiopiu.net\/wordpress\/wp-content\/uploads\/2022\/03\/colomba-per-la-vita.jpg\" data-dt-img-description=\"\" data-large_image_width=\"1050\" data-large_image_height=\"1050\"><img loading=\"lazy\" decoding=\"async\" class=\" wp-image-266136 alignleft\" src=\"https:\/\/www.radiopiu.net\/wordpress\/wp-content\/uploads\/2022\/03\/colomba-per-la-vita-300x300.jpg\" alt=\"\" width=\"151\" height=\"151\" srcset=\"https:\/\/www.radiopiu.net\/wordpress\/wp-content\/uploads\/2022\/03\/colomba-per-la-vita-300x300.jpg 300w, https:\/\/www.radiopiu.net\/wordpress\/wp-content\/uploads\/2022\/03\/colomba-per-la-vita-1024x1024.jpg 1024w, https:\/\/www.radiopiu.net\/wordpress\/wp-content\/uploads\/2022\/03\/colomba-per-la-vita-150x150.jpg 150w, https:\/\/www.radiopiu.net\/wordpress\/wp-content\/uploads\/2022\/03\/colomba-per-la-vita-768x768.jpg 768w, https:\/\/www.radiopiu.net\/wordpress\/wp-content\/uploads\/2022\/03\/colomba-per-la-vita.jpg 1050w\" sizes=\"auto, (max-width: 151px) 100vw, 151px\" \/><\/a>BELLUNO <\/strong>&#8220;Una colomba per la vita&#8221; torna nelle piazze della provincia di Belluno! ADMO Belluno partecipa , con il prezioso aiuto degli Alpini in congedo, e Gruppi di Volontari ADMO, all&#8217;annuale iniziativa &#8220;Una colomba per la vita&#8221;, con l&#8217;intento di sensibilizzare i giovani alla donazione di midollo osseo e di raccogliere offerte per le quali verr\u00e0 distribuito il caratteristico ottimo dolce pasquale. Chi desidera diventare donatore pu\u00f2 compilare la scheda di adesione annessa al pieghevole informativo disponibile presso ciascun banchetto o andare direttamente sul sito www.donatoriadmo.org L&#8217;iniziativa\u00a0 in programma sabato 26\u00a0 e domenica 27 marzo in diverse localit\u00e0 della Provincia<\/p>\n<p>&nbsp;<\/p>\n<p>&nbsp;<\/p>\n<hr \/>\n<p>&nbsp;<\/p>\n<blockquote>\n<h3>NUOVI MONDI, CORTOMETRAGGI PER BAMBINI<\/h3>\n<\/blockquote>\n<p><strong>FONZASO<\/strong> Oggi alle 21 nella ex-scuola elementare di Arten,\u00a0 interviene Mauro Soppelsa, Associazione De Marchi per il Nepal. Con piccoli film per bambini sar\u00e0 possibile scoprire\u00a0 mondi lontani grazie a viaggi speciali\u00a0 con il racconto dopo le proiezioni dell&#8217;\u2019esperienza dell\u2019Associazione Giuliano De Marchi per il Nepal. Ingresso libero, su prenotazione<\/p>\n<p>&nbsp;<\/p>\n<p>&nbsp;<\/p>\n<hr \/>\n<blockquote>\n<blockquote>\n<h3><\/h3>\n<h3>GIORNATE FAI DI PRIMAVERA A BELLUNO<\/h3>\n<\/blockquote>\n<p><strong>BELLUNO<\/strong>\u00a0 Domani e domenica marzo tornano le Giornate FAI di Primavera. Oltre 700 luoghi solitamente inaccessibili o poco conosciuti in 400 citt\u00e0 saranno visitabili a contributo libero.<br \/>\nChi decider\u00e0 di prendere parte alle Giornate FAI potr\u00e0 offrire un contributo per sostenere la Fondazione. Ai partecipanti verr\u00e0 suggerito un contributo non obbligatorio a partire da 3 euro. Saranno tre le aperture nel Bellunese, tutte nella citt\u00e0 capoluogo: il palazzo del Monte di Piet\u00e0, le Scuole \u201cGabelli\u201d e uno dei rifugi antiaerei della Seconda Guerra Mondiale. Per accedere al Monte di Piet\u00e0 e alla scuola non \u00e8 prevista prenotazione. Il rifugio antiaereo di via Lambioi, invece, \u00e8 un ingresso dedicato ai soli iscritti FAI con possibilit\u00e0 di iscriversi in loco.<\/p>\n\n\t\t\t<style type='text\/css'>\n\t\t\t\t#gallery-12 {\n\t\t\t\t\tmargin: auto;\n\t\t\t\t}\n\t\t\t\t#gallery-12 .gallery-item {\n\t\t\t\t\tfloat: left;\n\t\t\t\t\tmargin-top: 10px;\n\t\t\t\t\ttext-align: center;\n\t\t\t\t\twidth: 33%;\n\t\t\t\t}\n\t\t\t\t#gallery-12 img {\n\t\t\t\t\tborder: 2px solid #cfcfcf;\n\t\t\t\t}\n\t\t\t\t#gallery-12 .gallery-caption {\n\t\t\t\t\tmargin-left: 0;\n\t\t\t\t}\n\t\t\t\t\/* see gallery_shortcode() in wp-includes\/media.php *\/\n\t\t\t<\/style>\n\t\t<div id='gallery-12' class='dt-gallery-container gallery galleryid-266489 gallery-columns-3 gallery-size-thumbnail'><dl class='gallery-item'>\n\t\t\t\t<dt class='gallery-icon landscape'>\n\t\t\t\t\t<a class=\"rollover rollover-zoom dt-pswp-item\" title=\"facciata Monte di piet\u00e0\" data-dt-img-description=\"\" data-large_image_width=\"2560\" data-large_image_height=\"1920\"href='https:\/\/www.radiopiu.net\/wordpress\/wp-content\/uploads\/2022\/03\/facciata-Monte-di-pieta-scaled.jpg'><img loading=\"lazy\" decoding=\"async\" width=\"150\" height=\"150\" src=\"https:\/\/www.radiopiu.net\/wordpress\/wp-content\/uploads\/2022\/03\/facciata-Monte-di-pieta-150x150.jpg\" class=\"attachment-thumbnail size-thumbnail\" alt=\"\" \/><\/a>\n\t\t\t\t<\/dt><\/dl><dl class='gallery-item'>\n\t\t\t\t<dt class='gallery-icon landscape'>\n\t\t\t\t\t<a class=\"rollover rollover-zoom dt-pswp-item\" title=\"Gabelli\" data-dt-img-description=\"\" data-large_image_width=\"1020\" data-large_image_height=\"675\"href='https:\/\/www.radiopiu.net\/wordpress\/wp-content\/uploads\/2022\/03\/Gabelli.jpg'><img loading=\"lazy\" decoding=\"async\" width=\"150\" height=\"150\" src=\"https:\/\/www.radiopiu.net\/wordpress\/wp-content\/uploads\/2022\/03\/Gabelli-150x150.jpg\" class=\"attachment-thumbnail size-thumbnail\" alt=\"\" \/><\/a>\n\t\t\t\t<\/dt><\/dl><dl class='gallery-item'>\n\t\t\t\t<dt class='gallery-icon landscape'>\n\t\t\t\t\t<a class=\"rollover rollover-zoom dt-pswp-item\" title=\"bunker-rifugio-antiaereo-Belluno\" data-dt-img-description=\"\" data-large_image_width=\"810\" data-large_image_height=\"540\"href='https:\/\/www.radiopiu.net\/wordpress\/wp-content\/uploads\/2022\/03\/bunker-rifugio-antiaereo-Belluno.jpg'><img loading=\"lazy\" decoding=\"async\" width=\"150\" height=\"150\" src=\"https:\/\/www.radiopiu.net\/wordpress\/wp-content\/uploads\/2022\/03\/bunker-rifugio-antiaereo-Belluno-150x150.jpg\" class=\"attachment-thumbnail size-thumbnail\" alt=\"\" \/><\/a>\n\t\t\t\t<\/dt><\/dl><br style=\"clear: both\" \/>\n\t\t\t<\/div>\n\n<p>&nbsp;<\/p><\/blockquote>\n<p>&nbsp;<\/p>\n<hr \/>\n<p>&nbsp;<\/p>\n<blockquote>\n<h3>LUNEDI&#8217; 28 MARZO L&#8217;ASSEMBLEA DEI SOCI DEL COMITATO GEMELLAGGIO AGORDO<\/h3>\n<\/blockquote>\n<p><strong>AGORDO<\/strong> \u00c8 in programma per luned\u00ec 28 marzo l&#8217;assemblea dei soci del Comitato Gemellaggio Agordo. La presidente Michela Paganin ha convocato tutti presso la biblioteca comunale alle 20:30 per presentare la rendicontazione del 2021 e l&#8217;approvazione del bilancio, il rinnovo del direttivo fino al 2025, il rinnovo del tesseramento e le iniziative in programma.<\/p>\n<p><strong>di Gianni Santomaso<\/strong><\/p>\n<audio class=\"wp-audio-shortcode\" id=\"audio-266489-6\" preload=\"none\" style=\"width: 100%;\" controls=\"controls\"><source type=\"audio\/mpeg\" src=\"https:\/\/www.radiopiu.net\/wordpress\/wp-content\/uploads\/2022\/03\/GIANNI-GEMELLAGGIO-AGORDO.mp3?_=6\" \/><a href=\"https:\/\/www.radiopiu.net\/wordpress\/wp-content\/uploads\/2022\/03\/GIANNI-GEMELLAGGIO-AGORDO.mp3\">https:\/\/www.radiopiu.net\/wordpress\/wp-content\/uploads\/2022\/03\/GIANNI-GEMELLAGGIO-AGORDO.mp3<\/a><\/audio>\n<p>&nbsp;<\/p>\n<p>&nbsp;<\/p>\n<hr \/>\n<p>&nbsp;<\/p>\n<p><strong>ARABBA.. SCIARE FINO A PASQUA<\/strong><\/p>\n<blockquote>\n<div class=\"\">\n<div class=\"\"><i class=\"\">Ma chi l&#8217;ha detto che a Pasqua \u00e8 troppo tardi per sciare? Ad Arabba \u00e8 possibile! Gli impianti di Porta Vescovo e del Passo Pordoi sono aperti tutti i giorni fino a\u00a0<span dir=\"ltr\">luned\u00ec 18 aprile<\/span>\u00a0compreso, per permettere a tutti gli amanti dello sci di farsi un&#8217;ultima sciata anche con l&#8217;arrivo della primavera! Piste vere per sciatori veri, ma anche un&#8217;ultima occasione per passare una giornata in quota tra le vette pi\u00f9 affascinanti delle Dolomiti.\u00a0<\/i><i class=\"\">Info e prezzi su\u00a0<a class=\"\" href=\"http:\/\/www.arabba.it\/\">www.arabba.it<\/a>\u00a0<\/i><\/div>\n<\/div>\n<\/blockquote>\n<p>&nbsp;<\/p>\n<blockquote><p>&nbsp;<\/p><\/blockquote>\n<hr \/>\n<p>&nbsp;<\/p>\n<blockquote>\n<h3>IN PROGRAMMA DUE GIORNATE ECOLOGICHE A CENCENIGHE<\/h3>\n<\/blockquote>\n<p><strong><a class=\"dt-pswp-item\" href=\"https:\/\/www.radiopiu.net\/wordpress\/wp-content\/uploads\/2022\/02\/Rifiuti_abbandonati.jpg\" data-dt-img-description=\"\" data-large_image_width=\"1171\" data-large_image_height=\"642\"><img loading=\"lazy\" decoding=\"async\" class=\" wp-image-257319 alignleft\" src=\"https:\/\/www.radiopiu.net\/wordpress\/wp-content\/uploads\/2022\/02\/Rifiuti_abbandonati-300x164.jpg\" alt=\"\" width=\"183\" height=\"100\" srcset=\"https:\/\/www.radiopiu.net\/wordpress\/wp-content\/uploads\/2022\/02\/Rifiuti_abbandonati-300x164.jpg 300w, https:\/\/www.radiopiu.net\/wordpress\/wp-content\/uploads\/2022\/02\/Rifiuti_abbandonati-1024x561.jpg 1024w, https:\/\/www.radiopiu.net\/wordpress\/wp-content\/uploads\/2022\/02\/Rifiuti_abbandonati-768x421.jpg 768w, https:\/\/www.radiopiu.net\/wordpress\/wp-content\/uploads\/2022\/02\/Rifiuti_abbandonati.jpg 1171w\" sizes=\"auto, (max-width: 183px) 100vw, 183px\" \/><\/a>CENCENIGHE<\/strong> L&#8217;amministrazione comunale di Cencenighe in collaborazione con la Pro Loco organizza due giornate ecologiche per la raccolta di rifiuti abbandonati. Sabato 2 aprile il ritrovo alle 8 con l&#8217;assegnazione dell&#8217;area di pulizia, alle 13 il pranzo al Nof Fil\u00f2 e subito dopo l&#8217;eventuale prosecuzione dei lavori. Domenica 3 aprile il ritrovo alle 8 con l&#8217;assegnazione dell&#8217;area di pulizia e alle 12 il pranzo sempre al Nof Fil\u00f2. L&#8217;attrezzatura verr\u00e0 fornita da Valpe Ambiente e le immondizie raccolte saranno conferite all&#8217;ecocentro. I bambini che vogliono partecipare alle giornate dovranno essere accompagnati. In caso di maltempo la manifestazione sar\u00e0 rinviata al fine settimana successivo del 9 e 10 aprile.<\/p>\n<p>&nbsp;<\/p>\n<p>&nbsp;<\/p>\n<hr \/>\n<p>&nbsp;<\/p>\n<blockquote>\n<h3>CAMMINATURALMENTE CON ANACLETO BORANGA<\/h3>\n<\/blockquote>\n<p><strong>BELLUNO<\/strong> Domenica 27 marzo nel Bosco delle Castagne.\u00a0 Informazioni ed iscrizioni allo 0437 948093 entro le 12 del venerdi precedente l&#8217;evento.<\/p>\n<p>&nbsp;<\/p>\n<p>&nbsp;<\/p>\n<hr \/>\n<p>&nbsp;<\/p>\n<p>&nbsp;<\/p>\n<blockquote>\n<h3><strong><a class=\"dt-pswp-item\" href=\"https:\/\/www.radiopiu.net\/wordpress\/wp-content\/uploads\/2022\/03\/275621606_2700361800271387_8953049184278962574_n-1.jpg\" data-dt-img-description=\"\" data-large_image_width=\"507\" data-large_image_height=\"720\"><img loading=\"lazy\" decoding=\"async\" class=\" wp-image-266413 alignright\" src=\"https:\/\/www.radiopiu.net\/wordpress\/wp-content\/uploads\/2022\/03\/275621606_2700361800271387_8953049184278962574_n-1-211x300.jpg\" alt=\"\" width=\"174\" height=\"247\" srcset=\"https:\/\/www.radiopiu.net\/wordpress\/wp-content\/uploads\/2022\/03\/275621606_2700361800271387_8953049184278962574_n-1-211x300.jpg 211w, https:\/\/www.radiopiu.net\/wordpress\/wp-content\/uploads\/2022\/03\/275621606_2700361800271387_8953049184278962574_n-1.jpg 507w\" sizes=\"auto, (max-width: 174px) 100vw, 174px\" \/><\/a><\/strong>LA SIGNORA DELLA VAL DI FRELA BRUCERA&#8217; SUL BROI<\/h3>\n<p><strong>DOMENICA 27 MARZO SUL BROI DI AGORDO, DOPO DUE ANNI IL RITORNO DELLA VECIA POPA, il sindaco Chissal\u00e8 ha gi\u00e0 firmato le ordinanze. Attesa per la lettura del testamento<\/strong><\/p><\/blockquote>\n<div class=\"dati1w0a hv4rvrfc osnr6wyh\">\n<div class=\"btwxx1t3 j83agx80 cwj9ozl2\">\n<div class=\"j83agx80 cbu4d94t ew0dbk1b irj2b8pg\">\n<div class=\"qzhwtbm6 knvmm38d\"><\/div>\n<div><\/div>\n<\/div>\n<\/div>\n<\/div>\n<p>&nbsp;<\/p>\n<p><span style=\"color: #ff0000;\"><strong>OGGI ALLE 9 E ALLE 18 LO SPECIALE ALLA RADIO CON VALENTINA DE NARDIN E THOMAS MANFROI<\/strong><\/span><\/p>\n<p>&nbsp;<\/p>\n<p>&nbsp;<\/p>\n<p>&nbsp;<\/p>\n<p>&nbsp;<\/p>\n<hr \/>\n<p>&nbsp;<\/p>\n<p>&nbsp;<\/p>\n<blockquote>\n<h3><a class=\"dt-pswp-item\" href=\"https:\/\/www.radiopiu.net\/wordpress\/wp-content\/uploads\/2022\/03\/e54cc52f-d498-4e43-b6df-28fe98340866.jpg\" data-dt-img-description=\"\" data-large_image_width=\"1131\" data-large_image_height=\"1600\"><img loading=\"lazy\" decoding=\"async\" class=\"wp-image-266670 alignleft\" src=\"https:\/\/www.radiopiu.net\/wordpress\/wp-content\/uploads\/2022\/03\/e54cc52f-d498-4e43-b6df-28fe98340866-212x300.jpg\" alt=\"\" width=\"108\" height=\"153\" srcset=\"https:\/\/www.radiopiu.net\/wordpress\/wp-content\/uploads\/2022\/03\/e54cc52f-d498-4e43-b6df-28fe98340866-212x300.jpg 212w, https:\/\/www.radiopiu.net\/wordpress\/wp-content\/uploads\/2022\/03\/e54cc52f-d498-4e43-b6df-28fe98340866-724x1024.jpg 724w, https:\/\/www.radiopiu.net\/wordpress\/wp-content\/uploads\/2022\/03\/e54cc52f-d498-4e43-b6df-28fe98340866-768x1086.jpg 768w, https:\/\/www.radiopiu.net\/wordpress\/wp-content\/uploads\/2022\/03\/e54cc52f-d498-4e43-b6df-28fe98340866-1086x1536.jpg 1086w, https:\/\/www.radiopiu.net\/wordpress\/wp-content\/uploads\/2022\/03\/e54cc52f-d498-4e43-b6df-28fe98340866.jpg 1131w\" sizes=\"auto, (max-width: 108px) 100vw, 108px\" \/><\/a>LE BUSE, LA\u00a0 FESTA DI FINE STAGIONE<\/h3>\n<\/blockquote>\n<p><strong>FALCADE<\/strong>\u00a0 &#8220;Per due anni ci hanno fregato, ma finalmente il party \u00e8 assicurato&#8221;. Domenica 27 marzo Le Buse &#8211; Gigio Picol propongono No Stop music dalle 13 alle 18. Cabinovia aperta fino alle 18, fino al tramonto con dj set.<\/p>\n<p>&nbsp;<\/p>\n<p>&nbsp;<\/p>\n<p>&nbsp;<\/p>\n<p>&nbsp;<\/p>\n<hr \/>\n<p>&nbsp;<\/p>\n<blockquote>\n<h3><a class=\"dt-pswp-item\" href=\"https:\/\/www.radiopiu.net\/wordpress\/wp-content\/uploads\/2022\/03\/275973347_368646675168912_1644384999887910771_n.jpg\" data-dt-img-description=\"\" data-large_image_width=\"2048\" data-large_image_height=\"1152\"><img loading=\"lazy\" decoding=\"async\" class=\" wp-image-265916 alignleft\" src=\"https:\/\/www.radiopiu.net\/wordpress\/wp-content\/uploads\/2022\/03\/275973347_368646675168912_1644384999887910771_n-300x169.jpg\" alt=\"\" width=\"203\" height=\"115\" srcset=\"https:\/\/www.radiopiu.net\/wordpress\/wp-content\/uploads\/2022\/03\/275973347_368646675168912_1644384999887910771_n-300x169.jpg 300w, https:\/\/www.radiopiu.net\/wordpress\/wp-content\/uploads\/2022\/03\/275973347_368646675168912_1644384999887910771_n-1024x576.jpg 1024w, https:\/\/www.radiopiu.net\/wordpress\/wp-content\/uploads\/2022\/03\/275973347_368646675168912_1644384999887910771_n-768x432.jpg 768w, https:\/\/www.radiopiu.net\/wordpress\/wp-content\/uploads\/2022\/03\/275973347_368646675168912_1644384999887910771_n-1536x864.jpg 1536w, https:\/\/www.radiopiu.net\/wordpress\/wp-content\/uploads\/2022\/03\/275973347_368646675168912_1644384999887910771_n.jpg 2048w\" sizes=\"auto, (max-width: 203px) 100vw, 203px\" \/><\/a>MARCO DAL FARRA LIVE A CASTION<\/h3>\n<\/blockquote>\n<p><strong>BELLUNO<\/strong> Torna live Marco dal Farra che domenica 10 aprile al teatro San Gaetano di Castion presenter\u00e0 il suo nuovo singolo all&#8217;interno del concerto in programma alle 18. Ingresso libero su prenotazione scrivendo alla mail epoca.label@gmail.com<\/p>\n<p><strong>AUDIO, MARCO DAL FARRA<\/strong><\/p>\n<audio class=\"wp-audio-shortcode\" id=\"audio-266489-7\" preload=\"none\" style=\"width: 100%;\" controls=\"controls\"><source type=\"audio\/mpeg\" src=\"https:\/\/www.radiopiu.net\/wordpress\/wp-content\/uploads\/2022\/03\/MARCO-DAL-FARRA.mp3?_=7\" \/><a href=\"https:\/\/www.radiopiu.net\/wordpress\/wp-content\/uploads\/2022\/03\/MARCO-DAL-FARRA.mp3\">https:\/\/www.radiopiu.net\/wordpress\/wp-content\/uploads\/2022\/03\/MARCO-DAL-FARRA.mp3<\/a><\/audio>\n<p>&nbsp;<\/p>\n<p>&nbsp;<\/p>\n<p>&nbsp;<\/p>\n<p>&nbsp;<\/p>\n<hr \/>\n<h2><\/h2>\n<h2><span style=\"color: #ff0000;\">IERI ALLA RADIO<\/span><\/h2>\n<h2><span style=\"color: #000000;\"> ALLO ZERO TERMICO&#8230;\u00a0ospite Andrea Dal Farra_Alleghe Funivie<\/span><\/h2>\n<blockquote><p><span style=\"color: #ff0000;\"><em><a class=\"dt-pswp-item\" href=\"https:\/\/www.radiopiu.net\/wordpress\/wp-content\/uploads\/2022\/03\/farra.png\" data-dt-img-description=\"\" data-large_image_width=\"365\" data-large_image_height=\"381\"><img loading=\"lazy\" decoding=\"async\" class=\"wp-image-266667 alignleft\" src=\"https:\/\/www.radiopiu.net\/wordpress\/wp-content\/uploads\/2022\/03\/farra-287x300.png\" alt=\"\" width=\"166\" height=\"174\" srcset=\"https:\/\/www.radiopiu.net\/wordpress\/wp-content\/uploads\/2022\/03\/farra-287x300.png 287w, https:\/\/www.radiopiu.net\/wordpress\/wp-content\/uploads\/2022\/03\/farra.png 365w\" sizes=\"auto, (max-width: 166px) 100vw, 166px\" \/><\/a>ZERO TERMICO E&#8217; UN VIAGGIO ALLA SCOPERTA DEL NOSTRO TERRITORIO, DALLA VOCE DEI PROTAGONISTI. TURISMO, SPORT, EVENTI, CULTURA, INTRATTENIMENTO. DAL LUNEDI&#8217; AL VENERDI ALLE 15.10 ALLE 20.30. ZERO TERMICO. UN APPUNTAMENTO IN COLLABORAZIONE CON: SPORT 203. LA NATURALE PORTA D&#8217;INGRESSO&#8230;.VERSO LO ZERO TERMICO. LOCALITA&#8217; LE CAMPE STRADA AGORDO BELLUNO. ABBIGLIAMENTO E ATTREZZATURA&#8230;.DEDICATI A CHI AMA LA MONTAGNA.<\/em><\/span><\/p><\/blockquote>\n<p><strong>di Claudio Fontanive<\/strong><\/p>\n<audio class=\"wp-audio-shortcode\" id=\"audio-266489-8\" preload=\"none\" style=\"width: 100%;\" controls=\"controls\"><source type=\"audio\/mpeg\" src=\"https:\/\/www.radiopiu.net\/wordpress\/wp-content\/uploads\/2022\/03\/andrea-dal-farra-24-marzo.mp3?_=8\" \/><a href=\"https:\/\/www.radiopiu.net\/wordpress\/wp-content\/uploads\/2022\/03\/andrea-dal-farra-24-marzo.mp3\">https:\/\/www.radiopiu.net\/wordpress\/wp-content\/uploads\/2022\/03\/andrea-dal-farra-24-marzo.mp3<\/a><\/audio>\n<p>&nbsp;<\/p>\n<p>&nbsp;<\/p>\n<hr \/>\n<p>&nbsp;<\/p>\n<h2><span style=\"color: #ff0000;\">IERI ALLA RADIO\u00a0<\/span><\/h2>\n<blockquote>\n<h3>LO SPECIALE SPI CGIL con Maria Rita Gentilin. Quindicinale appuntamento alla radio<\/h3>\n<\/blockquote>\n<p><a class=\"dt-pswp-item\" href=\"https:\/\/www.radiopiu.net\/wordpress\/wp-content\/uploads\/2019\/02\/Logo_Spi-CGIL-800x445.jpg\" data-dt-img-description=\"\" data-large_image_width=\"800\" data-large_image_height=\"445\"><img loading=\"lazy\" decoding=\"async\" class=\"size-medium wp-image-75538 alignleft\" src=\"https:\/\/www.radiopiu.net\/wordpress\/wp-content\/uploads\/2019\/02\/Logo_Spi-CGIL-800x445-300x167.jpg\" alt=\"\" width=\"300\" height=\"167\" srcset=\"https:\/\/www.radiopiu.net\/wordpress\/wp-content\/uploads\/2019\/02\/Logo_Spi-CGIL-800x445-300x167.jpg 300w, https:\/\/www.radiopiu.net\/wordpress\/wp-content\/uploads\/2019\/02\/Logo_Spi-CGIL-800x445-768x427.jpg 768w, https:\/\/www.radiopiu.net\/wordpress\/wp-content\/uploads\/2019\/02\/Logo_Spi-CGIL-800x445.jpg 800w\" sizes=\"auto, (max-width: 300px) 100vw, 300px\" \/><\/a><strong>di Claudio Fontanive<\/strong><\/p>\n<p>&nbsp;<\/p>\n<p>&nbsp;<\/p>\n<p>&nbsp;<\/p>\n<p>&nbsp;<\/p>\n<p>&nbsp;<\/p>\n<p>puntata 24\u00a0 \u00a0MARZO 2022<\/p>\n<audio class=\"wp-audio-shortcode\" id=\"audio-266489-9\" preload=\"none\" style=\"width: 100%;\" controls=\"controls\"><source type=\"audio\/mpeg\" src=\"https:\/\/www.radiopiu.net\/wordpress\/wp-content\/uploads\/2022\/03\/spi-cgil-24-marzo.mp3?_=9\" \/><a href=\"https:\/\/www.radiopiu.net\/wordpress\/wp-content\/uploads\/2022\/03\/spi-cgil-24-marzo.mp3\">https:\/\/www.radiopiu.net\/wordpress\/wp-content\/uploads\/2022\/03\/spi-cgil-24-marzo.mp3<\/a><\/audio>\n<p>&nbsp;<\/p>\n<p>&nbsp;<\/p>\n<p>&nbsp;<\/p>\n<hr \/>\n<p><strong>\u00a0\u00a0<\/strong><\/p>\n<blockquote>\n<h3>DELLA COPPIA GIORDANO-TOFFOLET: \u201cI CIRCHI DELLE VETTE\u201d ITINERARIO GEOLOGICO-GEOMORFOLOGICO ATTRAVERSO LE BUSE<\/h3>\n<\/blockquote>\n<p><strong>di\u00a0 RENATO BONA<\/strong><\/p>\n<p><strong>BELLUNO<\/strong> Proseguendo la nostra \u201cscoperta\u201d degli \u201cItinerari nel Parco nazionale Dolomiti Bellunesi\u201d grazie a sei guide realizzate dall\u2019Ente Parco, e dopo esserci soffermati sulla numero 1: \u201cI cad\u00ecni del Brent\u00f3n. Marmitte di evorsione in Val del Mis\u201d, proponiamo oggi il lavoro di Danilo Giordano e Lando Toffolet, intitolato: \u201cI Circhi delle Vette. Itinerario geologico-geomorfologico attraverso le Buse delle Vette\u201d, (con fotografie e disegni degli stessi autori, coordinamento editoriale di Giuseppe Campagnari, impaginazione di Stefania Paoletti; in copertina la Busa delle Vette, retrocopertina con panoramica di Col de Luna e Pavione da M. Vette Grandi) pure alla seconda ristampa nel 2002 e sempre di grande attualit\u00e0 ed utilit\u00e0. Dopo la presentazione del prof. Carlo Doglioni dell\u2019universit\u00e0 La Sapienza di Roma (\u201c\u2026 Giordano e Toffolet noti geologi della provincia di Belluno presentano in questo volume una chiara guida sintetica delle Vette Feltrine, utilizzando, per quanto possibile, un linguaggio comprensibile anche ai neofiti delle scienze della terra, permettendo cos\u00ec a tutti i lettori ed escursionisti di introdursi alle conoscenze stratigrafiche, tettoniche e geomorfologiche di questa parte del Parco nazionale Dolomiti Bellunesi\u201d) e l\u2019introduzione del prof. Giovanni Battista Pellegrini dell\u2019ateneo di Padova (\u201c\u2026 Si tratta di un prezioso contributo per l\u2019appassionato che voglia trascorrere una giornata in montagna cercando di riconoscere le forme elementari del rilievo, a grande e media scala, in modo particolare quelle del paesaggio glaciale, periglaciale e carsico delle Vette Feltrine) nell\u2019introduzione si spiega che gli autori (Giordano per la parte geologica e Toffolet per quella geomorfologica) avevano la finalit\u00e0 di fornire all\u2019escursionista uno strumento agile che lo guidi nell\u2019osservazione della successione stratigrafica e delle forme del paesaggio , e di contribuire alla conoscenza e alla valorizzazione culturale dei beni geologici e geomorfologici (geotopi) del Parco. Segue una nota storica in cui si ricorda la figura del feltrino Giorgio Dal Piaz, nato il 29 marzo 1872, docente di geologia a Padova per decenni, autore, fra l\u2019altro, della monografia \u201cLe Alpi Feltrine\u201d (1907) \u201cche rappresenta per il dettaglio e la modernit\u00e0 di impostazione l\u2019opera fondamentale di riferimento per ogni studio successivo sulla zona\u201d. A seguire viene sviluppato dettagliatamente il tema: \u201dLe rocce e la loro origine\u201d quindi \u201cL\u2019assetto tettonico\u201d, \u201cLe forme del rilievo\u201d per passare alla \u201cDescrizione geologica del percorso\u201d cos\u00ec articolata: Geotopo 1 Busa di Cavaren-Val Caneva; Geotopo 2: Busa di Monsampiano; Geotopo 3: Circo delle Sere; Geotopo 4: Circo dei Piadoch; Geotopo 5: Busa dell\u2019Orso; Geotopo 6: Busa delle Vette. Ed ecco alcune note sul percorso che, ad anello, inizia e termina (a Croce d\u2019Aune) al rifugio Giorgio Dal Piaz e richiede un tempo di percorrenza variabile fra le 4 e le 6 ore, con dislivello in salita che si aggira sui 300 metri. L\u2019itinerario &#8211; si pu\u00f2 leggere \u2013 ai snoda fra i circhi glaciali meridionali delle Vette ad una quota media di circa 1950 metri e sul versante nord sfrutta, con dolci saliscendi, l\u2019ampia cengia inclinata impostata sul calcare selcifero di Fonzaso, fra i calcari grigi ed il rosso ammonitico superiore. Dal rifugio si percorre la carrareccia di servizio in leggera discesa fino ad incontrare la strada militare che si stacca sulla destra (ovest). La strada, a tratti ridotta a sentiero, procede quasi in piano attraversando la Busa di Cavaren e la Busa di Monsampiano fino a Passo Pavione. Da qui \u00e8 necessario scendere per qualche decina di metri lungo il sentiero che porta a Malga Agnerola e poi abbandonarlo a favore di un\u2019esile traccia che si dirige verso destra (nord-est) e supera il Circo delle Sere mantenendosi al linite fra i ghiaioni e il pascolo (in questo tratto si possono utilizzare come riferimento le tabelle gialle che segnano i confini del Parco). Il sentiero continua e dopo aver oltrepassato tre ampi canaloni giunge alla Busa dei Podoch (o Piadoch). La traccia si snoda ora su pascoli, ora su detrito di falda e attraversa all\u2019incirca al limite dei detriti, l\u2019esteso e articolato circo glaciale. Dopo aver aggirato le propaggini settentrionali della Costa dei Piadoch (leggera salita) il sentiero porta alla Busa dell\u2019Orso, cala per lastronate di roccia e risale per sfasciumi fino alla forcella fra Cima 12 e Costa dei Piadoch. Ritroviamo qui un\u2019altra strada militare che conduce, in leggera discesa, a Passo Pietena. Si procede ora verso destra (ovest) e sempre su strada militare si percorre tutta la Busa delle Vette fino a Passo Vette Grandi, situato nelle immediate vicinanze del rifugio\u201d.<\/p>\n\n\t\t\t<style type='text\/css'>\n\t\t\t\t#gallery-13 {\n\t\t\t\t\tmargin: auto;\n\t\t\t\t}\n\t\t\t\t#gallery-13 .gallery-item {\n\t\t\t\t\tfloat: left;\n\t\t\t\t\tmargin-top: 10px;\n\t\t\t\t\ttext-align: center;\n\t\t\t\t\twidth: 14%;\n\t\t\t\t}\n\t\t\t\t#gallery-13 img {\n\t\t\t\t\tborder: 2px solid #cfcfcf;\n\t\t\t\t}\n\t\t\t\t#gallery-13 .gallery-caption {\n\t\t\t\t\tmargin-left: 0;\n\t\t\t\t}\n\t\t\t\t\/* see gallery_shortcode() in wp-includes\/media.php *\/\n\t\t\t<\/style>\n\t\t<div id='gallery-13' class='dt-gallery-container gallery galleryid-266489 gallery-columns-7 gallery-size-thumbnail'><dl class='gallery-item'>\n\t\t\t\t<dt class='gallery-icon portrait'>\n\t\t\t\t\t<a class=\"rollover\" href='https:\/\/www.radiopiu.net\/wordpress\/giornale-radiopiu-25-marzo-2022-direttore-mirko-mezzacasa\/276960442_3056480377902149_7874938552053867761_n\/'><img loading=\"lazy\" decoding=\"async\" width=\"150\" height=\"150\" src=\"https:\/\/www.radiopiu.net\/wordpress\/wp-content\/uploads\/2022\/03\/276960442_3056480377902149_7874938552053867761_n-150x150.jpg\" class=\"attachment-thumbnail size-thumbnail\" alt=\"\" \/><\/a>\n\t\t\t\t<\/dt><\/dl><dl class='gallery-item'>\n\t\t\t\t<dt class='gallery-icon landscape'>\n\t\t\t\t\t<a class=\"rollover\" href='https:\/\/www.radiopiu.net\/wordpress\/giornale-radiopiu-25-marzo-2022-direttore-mirko-mezzacasa\/276970656_387683699503070_6266607433113033202_n\/'><img loading=\"lazy\" decoding=\"async\" width=\"150\" height=\"150\" src=\"https:\/\/www.radiopiu.net\/wordpress\/wp-content\/uploads\/2022\/03\/276970656_387683699503070_6266607433113033202_n-150x150.jpg\" class=\"attachment-thumbnail size-thumbnail\" alt=\"\" \/><\/a>\n\t\t\t\t<\/dt><\/dl><dl class='gallery-item'>\n\t\t\t\t<dt class='gallery-icon landscape'>\n\t\t\t\t\t<a class=\"rollover\" href='https:\/\/www.radiopiu.net\/wordpress\/giornale-radiopiu-25-marzo-2022-direttore-mirko-mezzacasa\/277181354_1811296399075225_3906745668182488199_n\/'><img loading=\"lazy\" decoding=\"async\" width=\"150\" height=\"150\" src=\"https:\/\/www.radiopiu.net\/wordpress\/wp-content\/uploads\/2022\/03\/277181354_1811296399075225_3906745668182488199_n-150x150.jpg\" class=\"attachment-thumbnail size-thumbnail\" alt=\"\" \/><\/a>\n\t\t\t\t<\/dt><\/dl><dl class='gallery-item'>\n\t\t\t\t<dt class='gallery-icon landscape'>\n\t\t\t\t\t<a class=\"rollover\" href='https:\/\/www.radiopiu.net\/wordpress\/giornale-radiopiu-25-marzo-2022-direttore-mirko-mezzacasa\/276977196_1930013093851959_2392609121102332731_n\/'><img loading=\"lazy\" decoding=\"async\" width=\"150\" height=\"150\" src=\"https:\/\/www.radiopiu.net\/wordpress\/wp-content\/uploads\/2022\/03\/276977196_1930013093851959_2392609121102332731_n-150x150.jpg\" class=\"attachment-thumbnail size-thumbnail\" alt=\"\" \/><\/a>\n\t\t\t\t<\/dt><\/dl><dl class='gallery-item'>\n\t\t\t\t<dt class='gallery-icon landscape'>\n\t\t\t\t\t<a class=\"rollover\" href='https:\/\/www.radiopiu.net\/wordpress\/giornale-radiopiu-25-marzo-2022-direttore-mirko-mezzacasa\/277170162_390009325896728_3188219005011230940_n\/'><img loading=\"lazy\" decoding=\"async\" width=\"150\" height=\"150\" src=\"https:\/\/www.radiopiu.net\/wordpress\/wp-content\/uploads\/2022\/03\/277170162_390009325896728_3188219005011230940_n-150x150.jpg\" class=\"attachment-thumbnail size-thumbnail\" alt=\"\" \/><\/a>\n\t\t\t\t<\/dt><\/dl><dl class='gallery-item'>\n\t\t\t\t<dt class='gallery-icon landscape'>\n\t\t\t\t\t<a class=\"rollover\" href='https:\/\/www.radiopiu.net\/wordpress\/giornale-radiopiu-25-marzo-2022-direttore-mirko-mezzacasa\/276142257_657247732170460_7542032987538012196_n\/'><img loading=\"lazy\" decoding=\"async\" width=\"150\" height=\"150\" src=\"https:\/\/www.radiopiu.net\/wordpress\/wp-content\/uploads\/2022\/03\/276142257_657247732170460_7542032987538012196_n-150x150.jpg\" class=\"attachment-thumbnail size-thumbnail\" alt=\"\" \/><\/a>\n\t\t\t\t<\/dt><\/dl><dl class='gallery-item'>\n\t\t\t\t<dt class='gallery-icon landscape'>\n\t\t\t\t\t<a class=\"rollover\" href='https:\/\/www.radiopiu.net\/wordpress\/giornale-radiopiu-25-marzo-2022-direttore-mirko-mezzacasa\/277014194_343756824210470_8845254323564676972_n\/'><img loading=\"lazy\" decoding=\"async\" width=\"150\" height=\"150\" src=\"https:\/\/www.radiopiu.net\/wordpress\/wp-content\/uploads\/2022\/03\/277014194_343756824210470_8845254323564676972_n-150x150.jpg\" class=\"attachment-thumbnail size-thumbnail\" alt=\"\" \/><\/a>\n\t\t\t\t<\/dt><\/dl><br style=\"clear: both\" \/><dl class='gallery-item'>\n\t\t\t\t<dt class='gallery-icon landscape'>\n\t\t\t\t\t<a class=\"rollover\" href='https:\/\/www.radiopiu.net\/wordpress\/giornale-radiopiu-25-marzo-2022-direttore-mirko-mezzacasa\/276326113_686785085847296_5589865902936468708_n\/'><img loading=\"lazy\" decoding=\"async\" width=\"150\" height=\"150\" src=\"https:\/\/www.radiopiu.net\/wordpress\/wp-content\/uploads\/2022\/03\/276326113_686785085847296_5589865902936468708_n-150x150.jpg\" class=\"attachment-thumbnail size-thumbnail\" alt=\"\" \/><\/a>\n\t\t\t\t<\/dt><\/dl><dl class='gallery-item'>\n\t\t\t\t<dt class='gallery-icon landscape'>\n\t\t\t\t\t<a class=\"rollover\" href='https:\/\/www.radiopiu.net\/wordpress\/giornale-radiopiu-25-marzo-2022-direttore-mirko-mezzacasa\/276263744_1897648033779261_4535963225345676094_n\/'><img loading=\"lazy\" decoding=\"async\" width=\"150\" height=\"150\" src=\"https:\/\/www.radiopiu.net\/wordpress\/wp-content\/uploads\/2022\/03\/276263744_1897648033779261_4535963225345676094_n-150x150.jpg\" class=\"attachment-thumbnail size-thumbnail\" alt=\"\" \/><\/a>\n\t\t\t\t<\/dt><\/dl><dl class='gallery-item'>\n\t\t\t\t<dt class='gallery-icon landscape'>\n\t\t\t\t\t<a class=\"rollover\" href='https:\/\/www.radiopiu.net\/wordpress\/giornale-radiopiu-25-marzo-2022-direttore-mirko-mezzacasa\/276193466_694356398487103_1461614745901772859_n\/'><img loading=\"lazy\" decoding=\"async\" width=\"150\" height=\"150\" src=\"https:\/\/www.radiopiu.net\/wordpress\/wp-content\/uploads\/2022\/03\/276193466_694356398487103_1461614745901772859_n-150x150.jpg\" class=\"attachment-thumbnail size-thumbnail\" alt=\"\" \/><\/a>\n\t\t\t\t<\/dt><\/dl><dl class='gallery-item'>\n\t\t\t\t<dt class='gallery-icon landscape'>\n\t\t\t\t\t<a class=\"rollover\" href='https:\/\/www.radiopiu.net\/wordpress\/giornale-radiopiu-25-marzo-2022-direttore-mirko-mezzacasa\/277111409_1126039071549160_8073588726219369121_n\/'><img loading=\"lazy\" decoding=\"async\" width=\"150\" height=\"150\" src=\"https:\/\/www.radiopiu.net\/wordpress\/wp-content\/uploads\/2022\/03\/277111409_1126039071549160_8073588726219369121_n-150x150.jpg\" class=\"attachment-thumbnail size-thumbnail\" alt=\"\" \/><\/a>\n\t\t\t\t<\/dt><\/dl><dl class='gallery-item'>\n\t\t\t\t<dt class='gallery-icon landscape'>\n\t\t\t\t\t<a class=\"rollover\" href='https:\/\/www.radiopiu.net\/wordpress\/giornale-radiopiu-25-marzo-2022-direttore-mirko-mezzacasa\/276103313_1108008499993715_7555355746037064703_n\/'><img loading=\"lazy\" decoding=\"async\" width=\"150\" height=\"150\" src=\"https:\/\/www.radiopiu.net\/wordpress\/wp-content\/uploads\/2022\/03\/276103313_1108008499993715_7555355746037064703_n-150x150.jpg\" class=\"attachment-thumbnail size-thumbnail\" alt=\"\" \/><\/a>\n\t\t\t\t<\/dt><\/dl><dl class='gallery-item'>\n\t\t\t\t<dt class='gallery-icon landscape'>\n\t\t\t\t\t<a class=\"rollover\" href='https:\/\/www.radiopiu.net\/wordpress\/giornale-radiopiu-25-marzo-2022-direttore-mirko-mezzacasa\/276982154_383345253330561_1314610014755786243_n\/'><img loading=\"lazy\" decoding=\"async\" width=\"150\" height=\"150\" src=\"https:\/\/www.radiopiu.net\/wordpress\/wp-content\/uploads\/2022\/03\/276982154_383345253330561_1314610014755786243_n-150x150.jpg\" class=\"attachment-thumbnail size-thumbnail\" alt=\"\" \/><\/a>\n\t\t\t\t<\/dt><\/dl><dl class='gallery-item'>\n\t\t\t\t<dt class='gallery-icon landscape'>\n\t\t\t\t\t<a class=\"rollover\" href='https:\/\/www.radiopiu.net\/wordpress\/giornale-radiopiu-25-marzo-2022-direttore-mirko-mezzacasa\/277084492_269629382028214_5993746035491565911_n\/'><img loading=\"lazy\" decoding=\"async\" width=\"150\" height=\"150\" src=\"https:\/\/www.radiopiu.net\/wordpress\/wp-content\/uploads\/2022\/03\/277084492_269629382028214_5993746035491565911_n-150x150.jpg\" class=\"attachment-thumbnail size-thumbnail\" alt=\"\" \/><\/a>\n\t\t\t\t<\/dt><\/dl><br style=\"clear: both\" \/>\n\t\t\t<\/div>\n\n<p>NELLE FOTO (riproduzioni dal libro-guida di Danilo Giordano e Lando Toffolet \u201cI Circhi delle Vette\u201d): la copertina della pubblicazione; immagine di retrocopertina coi crinali del Pavione e del Col di Luna; panoramica del Vallone di Aune; piega anticlinale nella Formazione di Fonzaso; domini morfologici che caratterizzano le Vette; circo glaciale della Busa delle Vette; ghiaioni attivi nella Busa dell\u2019Orso; Busa di Pietena; Busa di Cavaren Val Caneva; panoramica da Passo Pavione; Circo delle Sere; Circo glaciale dei Piadoch; Busa dell\u2019Orso sospesa sulla vallata del Primiero; la Busa delle Vette dalla forcella fra Cima 12 e i Piadoch.<\/p>\n<p>&nbsp;<\/p>\n<p>&nbsp;<\/p>\n<hr \/>\n<p><strong>\u00a0<\/strong><\/p>\n<p><strong>TUTTI I LUNEDI ALLE 10,30 E 1900, LA DOMENICA ALLE 8 007 IN CONDOTTA, LA SCUOLA CON LA PROF. MARIA ROSA SALMAZO E CLAUDIO FONTANIVE, IN PODCAST TUTTE LE PUNTATE DELLE ULTIME STAGIONI.\u00a0<\/strong><\/p>\n<p>&nbsp;<\/p>\n<blockquote class=\"wp-embedded-content\" data-secret=\"lZzWsd9fcq\"><p><a href=\"https:\/\/www.radiopiu.net\/wordpress\/007incondotta-9\/\">007 in condotta<\/a><\/p><\/blockquote>\n<p><iframe loading=\"lazy\" class=\"wp-embedded-content\" sandbox=\"allow-scripts\" security=\"restricted\" style=\"position: absolute; clip: rect(1px, 1px, 1px, 1px);\" title=\"&#8220;007 in condotta&#8221; &#8212; Radio Pi\u00f9\" src=\"https:\/\/www.radiopiu.net\/wordpress\/007incondotta-9\/embed\/#?secret=brUHZ9HigT#?secret=lZzWsd9fcq\" data-secret=\"lZzWsd9fcq\" width=\"600\" height=\"338\" frameborder=\"0\" marginwidth=\"0\" marginheight=\"0\" scrolling=\"no\"><\/iframe><\/p>\n<p>&nbsp;<\/p>\n<hr \/>\n<p>&nbsp;<\/p>\n<p>&nbsp;<\/p>\n<div>\n<div class=\"b654a4as d2edcug0\">\n<div class=\"rq0escxv hkbzh7o3 jwdofwj8 n8tt0mok r8blr3vg hyh9befq\">\n<p><a class=\"dt-pswp-item\" href=\"https:\/\/www.radiopiu.net\/wordpress\/wp-content\/uploads\/2020\/10\/pp.jpg\" data-dt-img-description=\"\" data-large_image_width=\"640\" data-large_image_height=\"640\"><img loading=\"lazy\" decoding=\"async\" class=\"wp-image-163678 alignleft\" src=\"https:\/\/www.radiopiu.net\/wordpress\/wp-content\/uploads\/2020\/10\/pp-300x300.jpg\" alt=\"\" width=\"106\" height=\"106\" srcset=\"https:\/\/www.radiopiu.net\/wordpress\/wp-content\/uploads\/2020\/10\/pp-300x300.jpg 300w, https:\/\/www.radiopiu.net\/wordpress\/wp-content\/uploads\/2020\/10\/pp-150x150.jpg 150w, https:\/\/www.radiopiu.net\/wordpress\/wp-content\/uploads\/2020\/10\/pp-125x125.jpg 125w, https:\/\/www.radiopiu.net\/wordpress\/wp-content\/uploads\/2020\/10\/pp-200x200.jpg 200w, https:\/\/www.radiopiu.net\/wordpress\/wp-content\/uploads\/2020\/10\/pp-80x80.jpg 80w, https:\/\/www.radiopiu.net\/wordpress\/wp-content\/uploads\/2020\/10\/pp-480x480.jpg 480w, https:\/\/www.radiopiu.net\/wordpress\/wp-content\/uploads\/2020\/10\/pp.jpg 640w\" sizes=\"auto, (max-width: 106px) 100vw, 106px\" \/><\/a><\/p>\n<\/div>\n<\/div>\n<\/div>\n<div>\n<div class=\"page-title-head hgroup\">\n<div class=\"page-title-head hgroup\">\n<div class=\"b654a4as d2edcug0\">\n<div class=\"j83agx80 btwxx1t3 lhclo0ds hop8lmos nkwizq5d scwd0bx6 roh60bw9\">\n<div class=\"rq0escxv hkbzh7o3 jwdofwj8 n8tt0mok r8blr3vg hyh9befq\">\n<div class=\"do00u71z l9j0dhe7 k4urcfbm\">\n<h2><span style=\"color: #000080;\">\u00a0<\/span><span style=\"color: #000080;\">DON CESARE, IL PENSIERO DEL GIORNO. ALLA RADIO ALLE 7 DEL MATTINO E ALLE 19.30 DELLA SERA.\u00a0<\/span><\/h2>\n<p>&nbsp;<\/p>\n<\/div>\n<\/div>\n<\/div>\n<\/div>\n<\/div>\n<\/div>\n<\/div>\n<audio class=\"wp-audio-shortcode\" id=\"audio-266489-10\" preload=\"none\" style=\"width: 100%;\" controls=\"controls\"><source type=\"audio\/mpeg\" src=\"https:\/\/www.radiopiu.net\/wordpress\/wp-content\/uploads\/2022\/03\/cesare-13.mp3?_=10\" \/><a href=\"https:\/\/www.radiopiu.net\/wordpress\/wp-content\/uploads\/2022\/03\/cesare-13.mp3\">https:\/\/www.radiopiu.net\/wordpress\/wp-content\/uploads\/2022\/03\/cesare-13.mp3<\/a><\/audio>\n<p>&nbsp;<\/p>\n<hr \/>\n<p>&nbsp;<\/p>\n<h3 class=\"kvgmc6g5 cxmmr5t8 oygrvhab hcukyx3x c1et5uql\"><span style=\"color: #0000ff;\"><strong>INFORMAZIONE il canale su TELEGRAM informazione di prima mano e in tempo reale. iscriviti ed aiutaci a farlo conoscere\u00a0 \u00a0<\/strong><\/span><\/h3>\n<p>&nbsp;<\/p>\n<p>&nbsp;<\/p>\n<hr \/>\n<p>&nbsp;<\/p>\n<div class=\"do00u71z l9j0dhe7 k4urcfbm\">\n<div class=\"page-title-head hgroup\">\n<div class=\"page-title-head hgroup\">\n<div class=\"b654a4as d2edcug0\">\n<div class=\"j83agx80 btwxx1t3 lhclo0ds hop8lmos nkwizq5d scwd0bx6 roh60bw9\">\n<div class=\"rq0escxv hkbzh7o3 jwdofwj8 n8tt0mok r8blr3vg hyh9befq\">\n<div class=\"do00u71z l9j0dhe7 k4urcfbm\">\n<div class=\"page-title-head hgroup\">\n<div class=\"page-title-head hgroup\">\n<div class=\"b654a4as d2edcug0\">\n<div class=\"j83agx80 btwxx1t3 lhclo0ds hop8lmos nkwizq5d scwd0bx6 roh60bw9\">\n<div class=\"rq0escxv hkbzh7o3 jwdofwj8 n8tt0mok r8blr3vg hyh9befq\">\n<div class=\"do00u71z l9j0dhe7 k4urcfbm\">\n<div class=\"ecm0bbzt e5nlhep0 a8c37x1j\">\n<div class=\"kvgmc6g5 cxmmr5t8 oygrvhab hcukyx3x c1et5uql\">\n<div class=\"gmail-kvgmc6g5 gmail-cxmmr5t8 gmail-oygrvhab gmail-hcukyx3x gmail-c1et5uql gmail-ii04i59q\">\n<div class=\"page-title-head hgroup\">\n<div class=\"page-title-head hgroup\">\n<div class=\"b654a4as d2edcug0\">\n<div class=\"j83agx80 btwxx1t3 lhclo0ds hop8lmos nkwizq5d scwd0bx6 roh60bw9\">\n<div class=\"rq0escxv hkbzh7o3 jwdofwj8 n8tt0mok r8blr3vg hyh9befq\">\n<div class=\"do00u71z l9j0dhe7 k4urcfbm\">\n<div class=\"page-title-head hgroup\">\n<div class=\"page-title-head hgroup\">\n<div class=\"b654a4as d2edcug0\">\n<div class=\"j83agx80 btwxx1t3 lhclo0ds hop8lmos nkwizq5d scwd0bx6 roh60bw9\">\n<div class=\"rq0escxv hkbzh7o3 jwdofwj8 n8tt0mok r8blr3vg hyh9befq\">\n<div class=\"do00u71z l9j0dhe7 k4urcfbm\">\n<div class=\"page-title-head hgroup\">\n<div class=\"page-title-head hgroup\">\n<div class=\"b654a4as d2edcug0\">\n<div class=\"j83agx80 btwxx1t3 lhclo0ds hop8lmos nkwizq5d scwd0bx6 roh60bw9\">\n<div class=\"rq0escxv hkbzh7o3 jwdofwj8 n8tt0mok r8blr3vg hyh9befq\">\n<div class=\"do00u71z l9j0dhe7 k4urcfbm\">\n<div class=\"ecm0bbzt e5nlhep0 a8c37x1j\">\n<div class=\"kvgmc6g5 cxmmr5t8 oygrvhab hcukyx3x c1et5uql\">\n<div class=\"gmail-kvgmc6g5 gmail-cxmmr5t8 gmail-oygrvhab gmail-hcukyx3x gmail-c1et5uql gmail-ii04i59q\">\n<div class=\"page-title-head hgroup\">\n<div class=\"page-title-head hgroup\">\n<div class=\"b654a4as d2edcug0\">\n<div class=\"j83agx80 btwxx1t3 lhclo0ds hop8lmos nkwizq5d scwd0bx6 roh60bw9\">\n<div class=\"rq0escxv hkbzh7o3 jwdofwj8 n8tt0mok r8blr3vg hyh9befq\">\n<div class=\"do00u71z l9j0dhe7 k4urcfbm\">\n<blockquote>\n<h3><span style=\"color: #ff0000;\">IN VIVO VERSO, SETTIMA STAGIONE CON BRUNELLA MORO, DAL LUNEDI AL VENERDI ALLE 7.10, 10.10 E 18.50\u00a0\u00a0<\/span><\/h3>\n<h3>RIFLESSIONE di ALDO DECIMA<\/h3>\n<\/blockquote>\n<p><strong>AUDIO<\/strong><\/p>\n<audio class=\"wp-audio-shortcode\" id=\"audio-266489-11\" preload=\"none\" style=\"width: 100%;\" controls=\"controls\"><source type=\"audio\/mpeg\" src=\"https:\/\/www.radiopiu.net\/wordpress\/wp-content\/uploads\/2022\/03\/04-ALDO-DECIMA-RIFLESSIONE.mp3?_=11\" \/><a href=\"https:\/\/www.radiopiu.net\/wordpress\/wp-content\/uploads\/2022\/03\/04-ALDO-DECIMA-RIFLESSIONE.mp3\">https:\/\/www.radiopiu.net\/wordpress\/wp-content\/uploads\/2022\/03\/04-ALDO-DECIMA-RIFLESSIONE.mp3<\/a><\/audio>\n<p>&nbsp;<\/p>\n<hr \/>\n<p><a href=\"https:\/\/www.radiopiu.net\/wordpress\/wp-content\/uploads\/2022\/03\/person-4733756__340.webp\"><img loading=\"lazy\" decoding=\"async\" class=\"wp-image-266618 alignleft\" src=\"https:\/\/www.radiopiu.net\/wordpress\/wp-content\/uploads\/2022\/03\/person-4733756__340-300x200.webp\" alt=\"\" width=\"171\" height=\"114\" srcset=\"https:\/\/www.radiopiu.net\/wordpress\/wp-content\/uploads\/2022\/03\/person-4733756__340-300x200.webp 300w, https:\/\/www.radiopiu.net\/wordpress\/wp-content\/uploads\/2022\/03\/person-4733756__340.webp 510w\" sizes=\"auto, (max-width: 171px) 100vw, 171px\" \/><\/a><strong>RIFLESSIONE<\/strong><\/p>\n<p>M&#8217;infiamma e m&#8217;appassiona,<br \/>\nm&#8217;esalta e mi sprofonda,<br \/>\nm&#8217;accende e poi mi spegne,<br \/>\nm&#8217;innalza nell&#8217;immenso.<br \/>\nE poi m&#8217;illude<br \/>\ne poi m&#8217;illude<br \/>\ne poi m&#8217; irride<br \/>\ne poi m&#8217;appaga.<br \/>\nMa tanta sua possanza,<br \/>\nlui mai potr\u00e0 celare,<br \/>\nfinanche se rubato,<br \/>\nl&#8217;amore resta amore.<\/p>\n<p><strong>LA RACCOLTA COMPLETA\u00a0<\/strong><\/p>\n<blockquote class=\"wp-embedded-content\" data-secret=\"1nLfTvEP9Q\"><p><a href=\"https:\/\/www.radiopiu.net\/wordpress\/in-vivo-verso\/\">In Vivo Verso<\/a><\/p><\/blockquote>\n<p><iframe loading=\"lazy\" class=\"wp-embedded-content\" sandbox=\"allow-scripts\" security=\"restricted\" style=\"position: absolute; clip: rect(1px, 1px, 1px, 1px);\" title=\"&#8220;In Vivo Verso&#8221; &#8212; Radio Pi\u00f9\" src=\"https:\/\/www.radiopiu.net\/wordpress\/in-vivo-verso\/embed\/#?secret=N7Wf9xMUYX#?secret=1nLfTvEP9Q\" data-secret=\"1nLfTvEP9Q\" width=\"600\" height=\"338\" frameborder=\"0\" marginwidth=\"0\" marginheight=\"0\" scrolling=\"no\"><\/iframe><\/p>\n<p>&nbsp;<\/p>\n<hr \/>\n<p>&nbsp;<\/p>\n<h2><span style=\"color: #808000;\">GOCCE DI FILOSOFIA<\/span><\/h2>\n<p><strong>PUNTATA 164 DEL 24 MARZO 2022<\/strong><\/p>\n<audio class=\"wp-audio-shortcode\" id=\"audio-266489-12\" preload=\"none\" style=\"width: 100%;\" controls=\"controls\"><source type=\"audio\/mpeg\" src=\"https:\/\/www.radiopiu.net\/wordpress\/wp-content\/uploads\/2022\/03\/FI4-2.mp3?_=12\" \/><a href=\"https:\/\/www.radiopiu.net\/wordpress\/wp-content\/uploads\/2022\/03\/FI4-2.mp3\">https:\/\/www.radiopiu.net\/wordpress\/wp-content\/uploads\/2022\/03\/FI4-2.mp3<\/a><\/audio>\n<p>&nbsp;<\/p>\n<p><strong>LA RACCOLTA COMPLETA<\/strong><\/p>\n<blockquote class=\"wp-embedded-content\" data-secret=\"bvXDOjXHr9\"><p><a href=\"https:\/\/www.radiopiu.net\/wordpress\/gocce-filosofia\/\">Gocce di filosofia, PRIMA E SECONDA STAGIONE 2022<\/a><\/p><\/blockquote>\n<p><iframe loading=\"lazy\" class=\"wp-embedded-content\" sandbox=\"allow-scripts\" security=\"restricted\" style=\"position: absolute; clip: rect(1px, 1px, 1px, 1px);\" title=\"&#8220;Gocce di filosofia, PRIMA E SECONDA STAGIONE 2022&#8221; &#8212; Radio Pi\u00f9\" src=\"https:\/\/www.radiopiu.net\/wordpress\/gocce-filosofia\/embed\/#?secret=he8yayowy2#?secret=bvXDOjXHr9\" data-secret=\"bvXDOjXHr9\" width=\"600\" height=\"338\" frameborder=\"0\" marginwidth=\"0\" marginheight=\"0\" scrolling=\"no\"><\/iframe><\/p>\n<p>&nbsp;<\/p>\n<hr \/>\n<p>&nbsp;<\/p>\n<p>&nbsp;<\/p>\n<blockquote class=\"wp-embedded-content\" data-secret=\"onipvrDL5F\"><p><a href=\"https:\/\/www.radiopiu.net\/wordpress\/39anniradiopiuaa\/\">39 ANNI DI RADIO&#8230; DAGLI ARCHIVI DI RADIO PIU&#8217; UN POKER DI RICORDI<\/a><\/p><\/blockquote>\n<p><iframe loading=\"lazy\" class=\"wp-embedded-content\" sandbox=\"allow-scripts\" security=\"restricted\" style=\"position: absolute; clip: rect(1px, 1px, 1px, 1px);\" title=\"&#8220;39 ANNI DI RADIO&#8230; DAGLI ARCHIVI DI RADIO PIU&#8217; UN POKER DI RICORDI&#8221; &#8212; Radio Pi\u00f9\" src=\"https:\/\/www.radiopiu.net\/wordpress\/39anniradiopiuaa\/embed\/#?secret=R2k9nWBRPf#?secret=onipvrDL5F\" data-secret=\"onipvrDL5F\" width=\"600\" height=\"338\" frameborder=\"0\" marginwidth=\"0\" marginheight=\"0\" scrolling=\"no\"><\/iframe><\/p>\n<p>&nbsp;<\/p>\n<p>&nbsp;<\/p>\n<hr \/>\n<p>&nbsp;<\/p>\n<p><span style=\"color: #0000ff;\">MUSICA PIU&#8217;\u00a0<\/span><\/p>\n<p><a href=\"https:\/\/www.radiopiu.net\/wordpress\/giornale-radiopiu-20-settembre-2021-direttore-mirko-mezzacasa\/pp-79\/\" rel=\"attachment wp-att-232921\"><img loading=\"lazy\" decoding=\"async\" class=\"wp-image-232921 alignleft\" src=\"https:\/\/www.radiopiu.net\/wordpress\/wp-content\/uploads\/2021\/09\/pp-1-300x300.jpg\" alt=\"\" width=\"135\" height=\"135\" srcset=\"https:\/\/www.radiopiu.net\/wordpress\/wp-content\/uploads\/2021\/09\/pp-1-300x300.jpg 300w, https:\/\/www.radiopiu.net\/wordpress\/wp-content\/uploads\/2021\/09\/pp-1-150x150.jpg 150w, https:\/\/www.radiopiu.net\/wordpress\/wp-content\/uploads\/2021\/09\/pp-1.jpg 640w\" sizes=\"auto, (max-width: 135px) 100vw, 135px\" \/><\/a><\/p>\n<div class=\"mkdf-post-text\">\n<div class=\"mkdf-post-text-inner\">\n<div class=\"mkdf-post-text-main\">\n<div class=\"mkdf-post-text\">\n<div class=\"mkdf-post-text-inner\">\n<div class=\"mkdf-post-text-main\">\n<div class=\"mkdf-post-text\">\n<div class=\"mkdf-post-text-inner\">\n<div class=\"mkdf-post-text-main\">\n<div class=\"page-title-head hgroup\">\n<div class=\"page-title-head hgroup\">\n<div class=\"mkdf-post-text\">\n<div class=\"mkdf-post-text-inner\">\n<div class=\"mkdf-post-text-main\">\n<div class=\"mkdf-post-text\">\n<div class=\"mkdf-post-text-inner\">\n<div class=\"mkdf-post-text-main\">\n<div class=\"page-title-head hgroup\">\n<div class=\"page-title-head hgroup\">\n<div class=\"page-title-head hgroup\">\n<div class=\"page-title-head hgroup\">\n<div class=\"b654a4as d2edcug0\">\n<div class=\"page-title-head hgroup\">\n<div class=\"page-title-head hgroup\">\n<div class=\"page-title-head hgroup\">\n<div class=\"page-title-head hgroup\">\n<div class=\"b654a4as d2edcug0\">\n<div class=\"page-title-head hgroup\">\n<div class=\"page-title-head hgroup\">\n<div class=\"page-title-head hgroup\">\n<div class=\"page-title-head hgroup\">\n<div class=\"b654a4as d2edcug0\">\n<div class=\"mkdf-post-text\">\n<div class=\"mkdf-post-text-inner\">\n<div class=\"mkdf-post-text-main\">\n<div class=\"mkdf-post-text\">\n<div class=\"mkdf-post-text-inner\">\n<div class=\"mkdf-post-text-main\">\n<div class=\"mkdf-post-text\">\n<div class=\"mkdf-post-text-inner\">\n<div class=\"mkdf-post-text-main\">\n<div class=\"page-title-head hgroup\">\n<div class=\"page-title-head hgroup\">\n<div class=\"mkdf-post-text\">\n<div class=\"mkdf-post-text-inner\">\n<div class=\"mkdf-post-text-main\">\n<div class=\"mkdf-post-text\">\n<div class=\"mkdf-post-text-inner\">\n<div class=\"mkdf-post-text-main\">\n<div class=\"page-title-head hgroup\">\n<div class=\"page-title-head hgroup\">\n<div class=\"page-title-head hgroup\">\n<div class=\"page-title-head hgroup\">\n<div class=\"b654a4as d2edcug0\">\n<div class=\"page-title-head hgroup\">\n<div class=\"page-title-head hgroup\">\n<div class=\"page-title-head hgroup\">\n<div class=\"page-title-head hgroup\">\n<div class=\"b654a4as d2edcug0\">\n<div class=\"page-title-head hgroup\">\n<div class=\"page-title-head hgroup\">\n<div class=\"page-title-head hgroup\">\n<div class=\"page-title-head hgroup\">\n<div class=\"b654a4as d2edcug0\">\n<div><\/div>\n<div><\/div>\n<div>\n<p><strong>MUSICA ALLA RADIO, IL PROGRAMMA DI LORIS SCUSSEL &#8220;COLLAGE OPERAZIONE NOSTALGIA&#8221; DAL LUNEDI AL VENERDI ALLE 16.00\u00a0 E ALLE 23\u00a0<\/strong><\/p>\n<p>&nbsp;<\/p>\n<p><em><strong>PUNTATA 569 DEL 24 MARZO 2022<\/strong><\/em><\/p>\n<audio class=\"wp-audio-shortcode\" id=\"audio-266489-13\" preload=\"none\" style=\"width: 100%;\" controls=\"controls\"><source type=\"audio\/mpeg\" src=\"https:\/\/www.radiopiu.net\/wordpress\/wp-content\/uploads\/2022\/03\/Collage-569.mp3?_=13\" \/><a href=\"https:\/\/www.radiopiu.net\/wordpress\/wp-content\/uploads\/2022\/03\/Collage-569.mp3\">https:\/\/www.radiopiu.net\/wordpress\/wp-content\/uploads\/2022\/03\/Collage-569.mp3<\/a><\/audio>\n<p>&nbsp;<\/p>\n<\/div>\n<p>&nbsp;<\/p>\n<hr \/>\n<\/div>\n<\/div>\n<\/div>\n<\/div>\n<\/div>\n<\/div>\n<\/div>\n<\/div>\n<\/div>\n<\/div>\n<\/div>\n<\/div>\n<\/div>\n<\/div>\n<\/div>\n<\/div>\n<\/div>\n<\/div>\n<\/div>\n<\/div>\n<\/div>\n<\/div>\n<\/div>\n<\/div>\n<\/div>\n<\/div>\n<\/div>\n<\/div>\n<\/div>\n<\/div>\n<\/div>\n<\/div>\n<\/div>\n<\/div>\n<\/div>\n<\/div>\n<\/div>\n<\/div>\n<\/div>\n<\/div>\n<\/div>\n<\/div>\n<\/div>\n<\/div>\n<\/div>\n<\/div>\n<\/div>\n<\/div>\n<\/div>\n<\/div>\n<\/div>\n<\/div>\n<\/div>\n<\/div>\n<\/div>\n<\/div>\n<\/div>\n<\/div>\n<\/div>\n<\/div>\n<\/div>\n<\/div>\n<\/div>\n<\/div>\n<p>&nbsp;<\/p>\n<blockquote>\n<h3><span style=\"color: #0000ff;\">INFORMAZIONE il canale su TELEGRAM informazione di prima mano e in tempo reale. iscriviti ed aiutaci a farlo conoscere\u00a0\u00a0<\/span><\/h3>\n<\/blockquote>\n<div>\n<div class=\"page-title-head hgroup\">\n<div class=\"page-title-head hgroup\">\n<div class=\"page-title-head hgroup\">\n<div class=\"page-title-head hgroup\">\n<div class=\"b654a4as d2edcug0\">\n<div class=\"page-title-head hgroup\">\n<div class=\"page-title-head hgroup\">\n<div class=\"page-title-head hgroup\">\n<div class=\"page-title-head hgroup\">\n<div class=\"b654a4as d2edcug0\">\n<div class=\"page-title-head hgroup\">\n<div class=\"page-title-head hgroup\">\n<div class=\"page-title-head hgroup\">\n<div class=\"page-title-head hgroup\">\n<div class=\"page-title-head hgroup\">\n<div class=\"page-title-head hgroup\">\n<div class=\"page-title-head hgroup\">\n<div class=\"page-title-head hgroup\">\n<div class=\"page-title-head hgroup\">\n<div class=\"b654a4as d2edcug0\">\n<div class=\"page-title-head hgroup\">\n<div class=\"page-title-head hgroup\">\n<div class=\"page-title-head hgroup\">\n<div class=\"page-title-head hgroup\">\n<div class=\"b654a4as d2edcug0\">\n<div>\n<p>&nbsp;<\/p>\n<\/div>\n<div>\n<div class=\"page-title-head hgroup\">\n<div class=\"page-title-head hgroup\">\n<div class=\"page-title-head hgroup\">\n<div class=\"page-title-head hgroup\">\n<div class=\"page-title-head hgroup\">\n<div class=\"b654a4as d2edcug0\">\n<div>\n<hr \/>\n<\/div>\n<\/div>\n<div>\n<div>\n<p>&nbsp;<\/p>\n<\/div>\n<div>\n<div><\/div>\n<div>\n<div class=\"mkdf-post-text\">\n<div class=\"mkdf-post-text-inner\">\n<div class=\"mkdf-post-text-main\">\n<div class=\"mkdf-post-text\">\n<div class=\"mkdf-post-text-inner\">\n<div class=\"mkdf-post-text-main\">\n<div class=\"mkdf-post-text\">\n<div class=\"mkdf-post-text-inner\">\n<div class=\"mkdf-post-text-main\">\n<div class=\"page-title-head hgroup\">\n<div class=\"page-title-head hgroup\">\n<div class=\"mkdf-post-text\">\n<div class=\"mkdf-post-text-inner\">\n<div class=\"mkdf-post-text-main\">\n<div class=\"mkdf-post-text\">\n<div class=\"mkdf-post-text-inner\">\n<div class=\"mkdf-post-text-main\">\n<div class=\"page-title-head hgroup\">\n<div class=\"page-title-head hgroup\">\n<div class=\"page-title-head hgroup\">\n<div class=\"page-title-head hgroup\">\n<div class=\"b654a4as d2edcug0\">\n<div class=\"page-title-head hgroup\">\n<div class=\"page-title-head hgroup\">\n<div class=\"page-title-head hgroup\">\n<div class=\"page-title-head hgroup\">\n<div class=\"b654a4as d2edcug0\">\n<div class=\"page-title-head hgroup\">\n<div class=\"page-title-head hgroup\">\n<div class=\"page-title-head hgroup\">\n<div class=\"page-title-head hgroup\">\n<div class=\"b654a4as d2edcug0\">\n<div>\n<div class=\"page-title-head hgroup\">\n<div class=\"page-title-head hgroup\">\n<div class=\"b654a4as d2edcug0\">\n<div class=\"j83agx80 btwxx1t3 lhclo0ds hop8lmos nkwizq5d scwd0bx6 roh60bw9\">\n<div class=\"rq0escxv hkbzh7o3 jwdofwj8 n8tt0mok r8blr3vg hyh9befq\">\n<div class=\"do00u71z l9j0dhe7 k4urcfbm\">\n<div class=\"ecm0bbzt e5nlhep0 a8c37x1j\">\n<div class=\"kvgmc6g5 cxmmr5t8 oygrvhab hcukyx3x c1et5uql\">\n<div class=\"gmail-kvgmc6g5 gmail-cxmmr5t8 gmail-oygrvhab gmail-hcukyx3x gmail-c1et5uql gmail-ii04i59q\">\n<div class=\"page-title-head hgroup\">\n<div class=\"page-title-head hgroup\">\n<div class=\"b654a4as d2edcug0\">\n<div class=\"j83agx80 btwxx1t3 lhclo0ds hop8lmos nkwizq5d scwd0bx6 roh60bw9\">\n<div class=\"rq0escxv hkbzh7o3 jwdofwj8 n8tt0mok r8blr3vg hyh9befq\">\n<div class=\"do00u71z l9j0dhe7 k4urcfbm\">\n<div>\n<div class=\"page-title-head hgroup\">\n<div class=\"page-title-head hgroup\">\n<div class=\"page-title-head hgroup\">\n<div class=\"page-title-head hgroup\">\n<div class=\"b654a4as d2edcug0\">\n<div class=\"page-title-head hgroup\">\n<div class=\"page-title-head hgroup\">\n<div class=\"page-title-head hgroup\">\n<div class=\"page-title-head hgroup\">\n<div class=\"b654a4as d2edcug0\">\n<div class=\"page-title-head hgroup\">\n<div class=\"page-title-head hgroup\">\n<div class=\"page-title-head hgroup\">\n<div class=\"page-title-head hgroup\">\n<div class=\"page-title-head hgroup\">\n<div class=\"page-title-head hgroup\">\n<div class=\"page-title-head hgroup\">\n<div class=\"page-title-head hgroup\">\n<div class=\"page-title-head hgroup\">\n<div class=\"b654a4as d2edcug0\">\n<div class=\"page-title-head hgroup\">\n<div class=\"page-title-head hgroup\">\n<div class=\"page-title-head hgroup\">\n<div class=\"page-title-head hgroup\">\n<div class=\"b654a4as d2edcug0\">\n<div>\n<div class=\"page-title-head hgroup\">\n<div class=\"page-title-head hgroup\">\n<div class=\"page-title-head hgroup\">\n<div class=\"page-title-head hgroup\">\n<div class=\"page-title-head hgroup\">\n<div>\n<div>\n<div>\n<div class=\"mkdf-post-text\">\n<div class=\"mkdf-post-text-inner\">\n<div class=\"mkdf-post-text-main\">\n<div class=\"mkdf-post-text\">\n<div class=\"mkdf-post-text-inner\">\n<div class=\"mkdf-post-text-main\">\n<div class=\"mkdf-post-text\">\n<div class=\"mkdf-post-text-inner\">\n<div class=\"mkdf-post-text-main\">\n<div class=\"page-title-head hgroup\">\n<div class=\"page-title-head hgroup\">\n<div class=\"mkdf-post-text\">\n<div class=\"mkdf-post-text-inner\">\n<div class=\"mkdf-post-text-main\">\n<div class=\"mkdf-post-text\">\n<div class=\"mkdf-post-text-inner\">\n<div class=\"mkdf-post-text-main\">\n<div class=\"page-title-head hgroup\">\n<div class=\"page-title-head hgroup\">\n<div class=\"page-title-head hgroup\">\n<div class=\"page-title-head hgroup\">\n<div class=\"b654a4as d2edcug0\">\n<div class=\"page-title-head hgroup\">\n<div class=\"page-title-head hgroup\">\n<div class=\"page-title-head hgroup\">\n<div class=\"page-title-head hgroup\">\n<div class=\"b654a4as d2edcug0\">\n<div class=\"page-title-head hgroup\">\n<div class=\"page-title-head hgroup\">\n<div class=\"page-title-head hgroup\">\n<div class=\"page-title-head hgroup\">\n<div class=\"b654a4as d2edcug0\">\n<p>&nbsp;<\/p>\n<div>\n<p>&nbsp;<\/p>\n<\/div>\n<div>\n<div>\n<p><strong>DUE MINUTI UN LIBRO, TUTTI I GIORNI ALLA RADIO ALLE 9.40 E ALLE 17.50\u00a0<\/strong><\/p>\n<div>\n<div>\n<p><strong>LA RACCOLTA COMPLETA\u00a0\u00a0<\/strong><\/p>\n<\/div>\n<div>\n<blockquote class=\"wp-embedded-content\" data-secret=\"ZZ2KqHH5Dw\"><p><a href=\"https:\/\/www.radiopiu.net\/wordpress\/due-minuti-un-libro\/\">Due minuti un libro<\/a><\/p><\/blockquote>\n<p><iframe loading=\"lazy\" class=\"wp-embedded-content\" sandbox=\"allow-scripts\" security=\"restricted\" style=\"position: absolute; clip: rect(1px, 1px, 1px, 1px);\" title=\"&#8220;Due minuti un libro&#8221; &#8212; Radio Pi\u00f9\" src=\"https:\/\/www.radiopiu.net\/wordpress\/due-minuti-un-libro\/embed\/#?secret=B6Qq5Kdn8R#?secret=ZZ2KqHH5Dw\" data-secret=\"ZZ2KqHH5Dw\" width=\"600\" height=\"338\" frameborder=\"0\" marginwidth=\"0\" marginheight=\"0\" scrolling=\"no\"><\/iframe><\/p>\n<\/div>\n<\/div>\n<\/div>\n<div class=\"mkdf-post-text\">\n<div class=\"mkdf-post-text-inner\">\n<div class=\"mkdf-post-text-main\">\n<div class=\"mkdf-post-text\">\n<div class=\"mkdf-post-text-inner\">\n<div class=\"mkdf-post-text-main\">\n<div class=\"mkdf-post-text\">\n<div class=\"mkdf-post-text-inner\">\n<div class=\"mkdf-post-text-main\">\n<div class=\"page-title-head hgroup\">\n<div class=\"page-title-head hgroup\">\n<div class=\"mkdf-post-text\">\n<div class=\"mkdf-post-text-inner\">\n<div class=\"mkdf-post-text-main\">\n<div class=\"mkdf-post-text\">\n<div class=\"mkdf-post-text-inner\">\n<div class=\"mkdf-post-text-main\">\n<div class=\"page-title-head hgroup\">\n<div class=\"page-title-head hgroup\">\n<div class=\"page-title-head hgroup\">\n<div class=\"page-title-head hgroup\">\n<div class=\"b654a4as d2edcug0\">\n<div class=\"page-title-head hgroup\">\n<div class=\"page-title-head hgroup\">\n<div class=\"page-title-head hgroup\">\n<div class=\"page-title-head hgroup\">\n<div class=\"b654a4as d2edcug0\">\n<div class=\"page-title-head hgroup\">\n<div class=\"page-title-head hgroup\">\n<div class=\"page-title-head hgroup\">\n<div class=\"page-title-head hgroup\">\n<div class=\"b654a4as d2edcug0\">\n<div>\n<p>&nbsp;<\/p>\n<\/div>\n<div>\n<hr \/>\n<p>&nbsp;<\/p>\n<\/div>\n<h2><span style=\"color: #808000;\">L&#8217;ALMANACCO LADINO\u00a0\u00a0<\/span><\/h2>\n<p><strong>LA RACCOLTA<\/strong><\/p>\n<blockquote class=\"wp-embedded-content\" data-secret=\"XPO1Tk5HY9\"><p><a href=\"https:\/\/www.radiopiu.net\/wordpress\/almanacco-ladino\/\">Almanacco Ladino<\/a><\/p><\/blockquote>\n<p><iframe loading=\"lazy\" class=\"wp-embedded-content\" sandbox=\"allow-scripts\" security=\"restricted\" style=\"position: absolute; clip: rect(1px, 1px, 1px, 1px);\" title=\"&#8220;Almanacco Ladino&#8221; &#8212; Radio Pi\u00f9\" src=\"https:\/\/www.radiopiu.net\/wordpress\/almanacco-ladino\/embed\/#?secret=PfAtdStydV#?secret=XPO1Tk5HY9\" data-secret=\"XPO1Tk5HY9\" width=\"600\" height=\"338\" frameborder=\"0\" marginwidth=\"0\" marginheight=\"0\" scrolling=\"no\"><\/iframe><\/p>\n<p>&nbsp;<\/p>\n<p>&nbsp;<\/p>\n<hr \/>\n<h2><span style=\"color: #33cccc;\">\u00a0<\/span><\/h2>\n<h2><span style=\"color: #33cccc;\">LA RASSEGNA STAMPA DA L&#8217;AMICO DEL POPOLO<\/span><\/h2>\n<p><strong>LA RACCOLTA COMPLETA<\/strong><\/p>\n<blockquote class=\"wp-embedded-content\" data-secret=\"zSt4kYUYto\"><p><a href=\"https:\/\/www.radiopiu.net\/wordpress\/rassegna-stampa-di-gianni-santomaso\/\">Rassegna stampa da l&#8217;amico del popolo &#8211; di Gianni Santomaso<\/a><\/p><\/blockquote>\n<p><iframe loading=\"lazy\" class=\"wp-embedded-content\" sandbox=\"allow-scripts\" security=\"restricted\" style=\"position: absolute; clip: rect(1px, 1px, 1px, 1px);\" title=\"&#8220;Rassegna stampa da l&#8217;amico del popolo &#8211; di Gianni Santomaso&#8221; &#8212; Radio Pi\u00f9\" src=\"https:\/\/www.radiopiu.net\/wordpress\/rassegna-stampa-di-gianni-santomaso\/embed\/#?secret=oSzn5eUrJP#?secret=zSt4kYUYto\" data-secret=\"zSt4kYUYto\" width=\"600\" height=\"338\" frameborder=\"0\" marginwidth=\"0\" marginheight=\"0\" scrolling=\"no\"><\/iframe><\/p>\n<p>&nbsp;<\/p>\n<hr \/>\n<p>&nbsp;<\/p>\n<div>\n<div class=\"page-title-head hgroup\">\n<div class=\"page-title-head hgroup\">\n<div class=\"b654a4as d2edcug0\">\n<div class=\"j83agx80 btwxx1t3 lhclo0ds hop8lmos nkwizq5d scwd0bx6 roh60bw9\">\n<div class=\"rq0escxv hkbzh7o3 jwdofwj8 n8tt0mok r8blr3vg hyh9befq\">\n<div class=\"do00u71z l9j0dhe7 k4urcfbm\">\n<div class=\"ecm0bbzt e5nlhep0 a8c37x1j\">\n<div class=\"kvgmc6g5 cxmmr5t8 oygrvhab hcukyx3x c1et5uql\">\n<div class=\"gmail-kvgmc6g5 gmail-cxmmr5t8 gmail-oygrvhab gmail-hcukyx3x gmail-c1et5uql gmail-ii04i59q\">\n<div class=\"page-title-head hgroup\">\n<div class=\"page-title-head hgroup\">\n<div class=\"b654a4as d2edcug0\">\n<div class=\"j83agx80 btwxx1t3 lhclo0ds hop8lmos nkwizq5d scwd0bx6 roh60bw9\">\n<div class=\"rq0escxv hkbzh7o3 jwdofwj8 n8tt0mok r8blr3vg hyh9befq\">\n<div class=\"do00u71z l9j0dhe7 k4urcfbm\">\n<div>\n<div class=\"page-title-head hgroup\">\n<div class=\"page-title-head hgroup\">\n<div class=\"page-title-head hgroup\">\n<div class=\"page-title-head hgroup\">\n<div class=\"b654a4as d2edcug0\">\n<div class=\"page-title-head hgroup\">\n<div class=\"page-title-head hgroup\">\n<div class=\"page-title-head hgroup\">\n<div class=\"page-title-head hgroup\">\n<div class=\"b654a4as d2edcug0\">\n<div class=\"page-title-head hgroup\">\n<div class=\"page-title-head hgroup\">\n<div class=\"page-title-head hgroup\">\n<div class=\"page-title-head hgroup\">\n<div class=\"page-title-head hgroup\">\n<div class=\"page-title-head hgroup\">\n<div class=\"page-title-head hgroup\">\n<div class=\"page-title-head hgroup\">\n<div class=\"page-title-head hgroup\">\n<div class=\"b654a4as d2edcug0\">\n<div class=\"page-title-head hgroup\">\n<div class=\"page-title-head hgroup\">\n<div class=\"page-title-head hgroup\">\n<div class=\"page-title-head hgroup\">\n<div class=\"b654a4as d2edcug0\">\n<div>\n<div class=\"page-title-head hgroup\">\n<div class=\"page-title-head hgroup\">\n<div class=\"page-title-head hgroup\">\n<div class=\"page-title-head hgroup\">\n<div class=\"page-title-head hgroup\">\n<div>\n<div>\n<div>\n<div class=\"mkdf-post-text\">\n<div class=\"mkdf-post-text-inner\">\n<div class=\"mkdf-post-text-main\">\n<div class=\"mkdf-post-text\">\n<div class=\"mkdf-post-text-inner\">\n<div class=\"mkdf-post-text-main\">\n<div class=\"mkdf-post-text\">\n<div class=\"mkdf-post-text-inner\">\n<div class=\"mkdf-post-text-main\">\n<div class=\"page-title-head hgroup\">\n<div class=\"page-title-head hgroup\">\n<div class=\"mkdf-post-text\">\n<div class=\"mkdf-post-text-inner\">\n<div class=\"mkdf-post-text-main\">\n<div class=\"mkdf-post-text\">\n<div class=\"mkdf-post-text-inner\">\n<div class=\"mkdf-post-text-main\">\n<div class=\"page-title-head hgroup\">\n<div class=\"page-title-head hgroup\">\n<div class=\"page-title-head hgroup\">\n<div class=\"page-title-head hgroup\">\n<div class=\"b654a4as d2edcug0\">\n<div class=\"page-title-head hgroup\">\n<div class=\"page-title-head hgroup\">\n<div class=\"page-title-head hgroup\">\n<div class=\"page-title-head hgroup\">\n<div class=\"b654a4as d2edcug0\">\n<div class=\"page-title-head hgroup\">\n<div class=\"page-title-head hgroup\">\n<div class=\"page-title-head hgroup\">\n<div class=\"page-title-head hgroup\">\n<div class=\"b654a4as d2edcug0\">\n<h2><span style=\"color: #800080;\">I RACCONTI DI PAOLO SOPPELSA\u00a0<\/span><\/h2>\n<p><strong>LA RACCOLTA COMPLETA<\/strong><\/p>\n<blockquote class=\"wp-embedded-content\" data-secret=\"WhsRP2XPe7\"><p><a href=\"https:\/\/www.radiopiu.net\/wordpress\/i-racconti-di-paolo-soppelsa\/\">I racconti di Paolo Soppelsa<\/a><\/p><\/blockquote>\n<p><iframe loading=\"lazy\" class=\"wp-embedded-content\" sandbox=\"allow-scripts\" security=\"restricted\" style=\"position: absolute; clip: rect(1px, 1px, 1px, 1px);\" title=\"&#8220;I racconti di Paolo Soppelsa&#8221; &#8212; Radio Pi\u00f9\" src=\"https:\/\/www.radiopiu.net\/wordpress\/i-racconti-di-paolo-soppelsa\/embed\/#?secret=LSY2oZ13DC#?secret=WhsRP2XPe7\" data-secret=\"WhsRP2XPe7\" width=\"600\" height=\"338\" frameborder=\"0\" marginwidth=\"0\" marginheight=\"0\" scrolling=\"no\"><\/iframe><\/p>\n<hr \/>\n<p>&nbsp;<\/p>\n<blockquote class=\"wp-embedded-content\" data-secret=\"FyhNjEr6tj\"><p><a href=\"https:\/\/www.radiopiu.net\/wordpress\/da-ieri-alla-radio-in-palinsesto-loris-e-maurizio-con-la-grande-musica\/\">IL BLUES ALLA RADIO &#8230; COME NON L&#8217;AVETE MAI SENTITO PRIMA<\/a><\/p><\/blockquote>\n<p><iframe loading=\"lazy\" class=\"wp-embedded-content\" sandbox=\"allow-scripts\" security=\"restricted\" style=\"position: absolute; clip: rect(1px, 1px, 1px, 1px);\" title=\"&#8220;IL BLUES ALLA RADIO &#8230; COME NON L&#8217;AVETE MAI SENTITO PRIMA&#8221; &#8212; Radio Pi\u00f9\" src=\"https:\/\/www.radiopiu.net\/wordpress\/da-ieri-alla-radio-in-palinsesto-loris-e-maurizio-con-la-grande-musica\/embed\/#?secret=zWtcLW5is6#?secret=FyhNjEr6tj\" data-secret=\"FyhNjEr6tj\" width=\"600\" height=\"338\" frameborder=\"0\" marginwidth=\"0\" marginheight=\"0\" scrolling=\"no\"><\/iframe><\/p>\n<p>&nbsp;<\/p>\n<\/div>\n<\/div>\n<\/div>\n<\/div>\n<\/div>\n<\/div>\n<\/div>\n<\/div>\n<\/div>\n<\/div>\n<\/div>\n<\/div>\n<\/div>\n<\/div>\n<\/div>\n<\/div>\n<\/div>\n<\/div>\n<\/div>\n<\/div>\n<\/div>\n<\/div>\n<\/div>\n<\/div>\n<\/div>\n<\/div>\n<\/div>\n<\/div>\n<\/div>\n<\/div>\n<\/div>\n<\/div>\n<\/div>\n<\/div>\n<\/div>\n<\/div>\n<\/div>\n<\/div>\n<\/div>\n<\/div>\n<\/div>\n<\/div>\n<\/div>\n<\/div>\n<\/div>\n<\/div>\n<\/div>\n<\/div>\n<\/div>\n<\/div>\n<\/div>\n<\/div>\n<\/div>\n<\/div>\n<\/div>\n<\/div>\n<\/div>\n<\/div>\n<\/div>\n<\/div>\n<\/div>\n<\/div>\n<\/div>\n<\/div>\n<\/div>\n<\/div>\n<\/div>\n<\/div>\n<\/div>\n<\/div>\n<\/div>\n<\/div>\n<\/div>\n<\/div>\n<\/div>\n<\/div>\n<\/div>\n<\/div>\n<\/div>\n<\/div>\n<\/div>\n<\/div>\n<\/div>\n<\/div>\n<\/div>\n<\/div>\n<\/div>\n<\/div>\n<\/div>\n<\/div>\n<\/div>\n<\/div>\n<\/div>\n<\/div>\n<\/div>\n<\/div>\n<\/div>\n<\/div>\n<\/div>\n<\/div>\n<\/div>\n<\/div>\n<\/div>\n<\/div>\n<\/div>\n<\/div>\n<\/div>\n<\/div>\n<\/div>\n<\/div>\n<\/div>\n<\/div>\n<\/div>\n<\/div>\n<\/div>\n<\/div>\n<p><a href=\"https:\/\/www.radiopiu.net\/wordpress\/giornale-radiopiu-26-settembre-2018-direttore-mirko-mezzacasa\/viabilita-2\/\" rel=\"attachment wp-att-61954\"><img loading=\"lazy\" decoding=\"async\" class=\"aligncenter wp-image-61954 size-full\" src=\"https:\/\/www.radiopiu.net\/wordpress\/wp-content\/uploads\/2018\/09\/viabilita.jpeg\" sizes=\"auto, (max-width: 800px) 100vw, 800px\" srcset=\"https:\/\/www.radiopiu.net\/wordpress\/wp-content\/uploads\/2018\/09\/viabilita.jpeg 800w, https:\/\/www.radiopiu.net\/wordpress\/wp-content\/uploads\/2018\/09\/viabilita-300x38.jpeg 300w, https:\/\/www.radiopiu.net\/wordpress\/wp-content\/uploads\/2018\/09\/viabilita-768x96.jpeg 768w\" alt=\"\" width=\"800\" height=\"100\" \/><\/a><\/p>\n<\/div>\n<\/div>\n<\/div>\n<\/div>\n<\/div>\n<\/div>\n<\/div>\n<\/div>\n<\/div>\n<\/div>\n<\/div>\n<\/div>\n<\/div>\n<\/div>\n<\/div>\n<\/div>\n<\/div>\n<\/div>\n<\/div>\n<\/div>\n<\/div>\n<\/div>\n<\/div>\n<\/div>\n<\/div>\n<\/div>\n<\/div>\n<\/div>\n<\/div>\n<\/div>\n<\/div>\n<\/div>\n<\/div>\n<\/div>\n<\/div>\n<\/div>\n<\/div>\n<\/div>\n<\/div>\n<\/div>\n<\/div>\n<\/div>\n<\/div>\n<\/div>\n<\/div>\n<\/div>\n<\/div>\n<\/div>\n<\/div>\n<\/div>\n<\/div>\n<\/div>\n<\/div>\n<\/div>\n<\/div>\n<\/div>\n<\/div>\n<\/div>\n<\/div>\n<\/div>\n<\/div>\n<\/div>\n<\/div>\n<\/div>\n<\/div>\n<\/div>\n<\/div>\n<\/div>\n<\/div>\n<\/div>\n<\/div>\n<\/div>\n<\/div>\n<\/div>\n<\/div>\n<\/div>\n<\/div>\n<\/div>\n<\/div>\n<\/div>\n<\/div>\n<\/div>\n<\/div>\n<div>\n<div class=\"page-title-head hgroup\">\n<div class=\"page-title-head hgroup\">\n<div class=\"b654a4as d2edcug0\">\n<div class=\"j83agx80 btwxx1t3 lhclo0ds hop8lmos nkwizq5d scwd0bx6 roh60bw9\">\n<div class=\"rq0escxv hkbzh7o3 jwdofwj8 n8tt0mok r8blr3vg hyh9befq\">\n<div class=\"do00u71z l9j0dhe7 k4urcfbm\">\n<div class=\"ecm0bbzt e5nlhep0 a8c37x1j\">\n<div class=\"kvgmc6g5 cxmmr5t8 oygrvhab hcukyx3x c1et5uql\">\n<div class=\"gmail-kvgmc6g5 gmail-cxmmr5t8 gmail-oygrvhab gmail-hcukyx3x gmail-c1et5uql gmail-ii04i59q\">\n<div class=\"page-title-head hgroup\">\n<div class=\"page-title-head hgroup\">\n<div class=\"b654a4as d2edcug0\">\n<div class=\"j83agx80 btwxx1t3 lhclo0ds hop8lmos nkwizq5d scwd0bx6 roh60bw9\">\n<div class=\"rq0escxv hkbzh7o3 jwdofwj8 n8tt0mok r8blr3vg hyh9befq\">\n<div class=\"do00u71z l9j0dhe7 k4urcfbm\">\n<div class=\"page-title-head hgroup\">\n<div class=\"page-title-head hgroup\">\n<div class=\"page-title-head hgroup\">\n<div class=\"page-title-head hgroup\">\n<div class=\"b654a4as d2edcug0\">\n<div class=\"page-title-head hgroup\">\n<div class=\"page-title-head hgroup\">\n<div class=\"page-title-head hgroup\">\n<div class=\"page-title-head hgroup\">\n<div class=\"b654a4as d2edcug0\">\n<div class=\"page-title-head hgroup\">\n<div class=\"page-title-head hgroup\">\n<div class=\"page-title-head hgroup\">\n<div class=\"page-title-head hgroup\">\n<div class=\"page-title-head hgroup\">\n<div class=\"page-title-head hgroup\">\n<div class=\"page-title-head hgroup\">\n<div class=\"page-title-head hgroup\">\n<div class=\"page-title-head hgroup\">\n<div class=\"b654a4as d2edcug0\">\n<div class=\"page-title-head hgroup\">\n<div class=\"page-title-head hgroup\">\n<div class=\"page-title-head hgroup\">\n<div class=\"page-title-head hgroup\">\n<div class=\"b654a4as d2edcug0\">\n<div class=\"page-title-head hgroup\">\n<div class=\"page-title-head hgroup\">\n<div class=\"page-title-head hgroup\">\n<div class=\"page-title-head hgroup\">\n<div class=\"page-title-head hgroup\">\n<div class=\"mkdf-post-text\">\n<div class=\"mkdf-post-text-inner\">\n<div class=\"mkdf-post-text-main\">\n<div class=\"mkdf-post-text\">\n<div class=\"mkdf-post-text-inner\">\n<div class=\"mkdf-post-text-main\">\n<div class=\"mkdf-post-text\">\n<div class=\"mkdf-post-text-inner\">\n<div class=\"mkdf-post-text-main\">\n<div class=\"page-title-head hgroup\">\n<div class=\"page-title-head hgroup\">\n<div class=\"mkdf-post-text\">\n<div class=\"mkdf-post-text-inner\">\n<div class=\"mkdf-post-text-main\">\n<div class=\"mkdf-post-text\">\n<div class=\"mkdf-post-text-inner\">\n<div class=\"mkdf-post-text-main\">\n<div class=\"page-title-head hgroup\">\n<div class=\"page-title-head hgroup\">\n<div class=\"page-title-head hgroup\">\n<div class=\"page-title-head hgroup\">\n<div class=\"b654a4as d2edcug0\">\n<div class=\"page-title-head hgroup\">\n<div class=\"page-title-head hgroup\">\n<div class=\"page-title-head hgroup\">\n<div class=\"page-title-head hgroup\">\n<div class=\"b654a4as d2edcug0\">\n<div class=\"page-title-head hgroup\">\n<div class=\"page-title-head hgroup\">\n<div class=\"page-title-head hgroup\">\n<div class=\"page-title-head hgroup\">\n<div class=\"b654a4as d2edcug0\">\n<div class=\"ecm0bbzt e5nlhep0 a8c37x1j\">\n<div class=\"kvgmc6g5 cxmmr5t8 oygrvhab hcukyx3x c1et5uql\">\n<div class=\"gmail-kvgmc6g5 gmail-cxmmr5t8 gmail-oygrvhab gmail-hcukyx3x gmail-c1et5uql gmail-ii04i59q\">\n<div class=\"page-title-head hgroup\">\n<div class=\"page-title-head hgroup\">\n<div class=\"b654a4as d2edcug0\">\n<div class=\"j83agx80 btwxx1t3 lhclo0ds hop8lmos nkwizq5d scwd0bx6 roh60bw9\">\n<div class=\"rq0escxv hkbzh7o3 jwdofwj8 n8tt0mok r8blr3vg hyh9befq\">\n<div class=\"do00u71z l9j0dhe7 k4urcfbm\">\n<div class=\"page-title-head hgroup\">\n<div class=\"page-title-head hgroup\">\n<div class=\"page-title-head hgroup\">\n<div class=\"page-title-head hgroup\">\n<div class=\"b654a4as d2edcug0\">\n<div class=\"page-title-head hgroup\">\n<div class=\"page-title-head hgroup\">\n<div class=\"page-title-head hgroup\">\n<div class=\"page-title-head hgroup\">\n<div class=\"b654a4as d2edcug0\">\n<div class=\"page-title-head hgroup\">\n<div class=\"page-title-head hgroup\">\n<div class=\"page-title-head hgroup\">\n<div class=\"page-title-head hgroup\">\n<div class=\"page-title-head hgroup\">\n<div class=\"page-title-head hgroup\">\n<div class=\"page-title-head hgroup\">\n<div class=\"page-title-head hgroup\">\n<div class=\"page-title-head hgroup\">\n<div class=\"b654a4as d2edcug0\">\n<div class=\"page-title-head hgroup\">\n<div class=\"page-title-head hgroup\">\n<div class=\"page-title-head hgroup\">\n<div class=\"page-title-head hgroup\">\n<div class=\"b654a4as d2edcug0\">\n<div class=\"page-title-head hgroup\">\n<div class=\"page-title-head hgroup\">\n<div class=\"page-title-head hgroup\">\n<div class=\"page-title-head hgroup\">\n<div class=\"page-title-head hgroup\">\n<div class=\"mkdf-post-text\">\n<div class=\"mkdf-post-text-inner\">\n<div class=\"mkdf-post-text-main\">\n<div class=\"mkdf-post-text\">\n<div class=\"mkdf-post-text-inner\">\n<div class=\"mkdf-post-text-main\">\n<div class=\"mkdf-post-text\">\n<div class=\"mkdf-post-text-inner\">\n<div class=\"mkdf-post-text-main\">\n<div class=\"page-title-head hgroup\">\n<div class=\"page-title-head hgroup\">\n<div class=\"mkdf-post-text\">\n<div class=\"mkdf-post-text-inner\">\n<div class=\"mkdf-post-text-main\">\n<div class=\"mkdf-post-text\">\n<div class=\"mkdf-post-text-inner\">\n<div class=\"mkdf-post-text-main\">\n<div class=\"page-title-head hgroup\">\n<div class=\"page-title-head hgroup\">\n<div class=\"page-title-head hgroup\">\n<div class=\"page-title-head hgroup\">\n<div class=\"b654a4as d2edcug0\">\n<div class=\"page-title-head hgroup\">\n<div class=\"page-title-head hgroup\">\n<div class=\"page-title-head hgroup\">\n<div class=\"page-title-head hgroup\">\n<div class=\"b654a4as d2edcug0\">\n<div class=\"page-title-head hgroup\">\n<div class=\"page-title-head hgroup\">\n<div class=\"page-title-head hgroup\">\n<div class=\"page-title-head hgroup\">\n<div class=\"b654a4as d2edcug0\">\n<p>&nbsp;<\/p>\n<p>&nbsp;<\/p>\n<blockquote class=\"wp-embedded-content\" data-secret=\"f9PNXHMz6H\"><p><a href=\"https:\/\/www.radiopiu.net\/wordpress\/viabilita\/\">viabilita<\/a><\/p><\/blockquote>\n<p><iframe loading=\"lazy\" class=\"wp-embedded-content\" sandbox=\"allow-scripts\" security=\"restricted\" style=\"position: absolute; clip: rect(1px, 1px, 1px, 1px);\" title=\"&#8220;viabilita&#8221; &#8212; Radio Pi\u00f9\" src=\"https:\/\/www.radiopiu.net\/wordpress\/viabilita\/embed\/#?secret=vLZSsU9jcd#?secret=f9PNXHMz6H\" data-secret=\"f9PNXHMz6H\" width=\"600\" height=\"338\" frameborder=\"0\" marginwidth=\"0\" marginheight=\"0\" scrolling=\"no\"><\/iframe><\/p>\n<p>&nbsp;<\/p>\n<p>&nbsp;<\/p>\n<hr \/>\n<\/div>\n<\/div>\n<\/div>\n<\/div>\n<\/div>\n<\/div>\n<\/div>\n<\/div>\n<\/div>\n<\/div>\n<\/div>\n<\/div>\n<\/div>\n<\/div>\n<\/div>\n<\/div>\n<\/div>\n<\/div>\n<\/div>\n<\/div>\n<\/div>\n<\/div>\n<\/div>\n<\/div>\n<\/div>\n<\/div>\n<\/div>\n<\/div>\n<\/div>\n<\/div>\n<\/div>\n<\/div>\n<\/div>\n<\/div>\n<\/div>\n<\/div>\n<\/div>\n<\/div>\n<\/div>\n<\/div>\n<\/div>\n<\/div>\n<\/div>\n<\/div>\n<\/div>\n<\/div>\n<\/div>\n<\/div>\n<\/div>\n<\/div>\n<\/div>\n<\/div>\n<\/div>\n<\/div>\n<\/div>\n<\/div>\n<\/div>\n<\/div>\n<\/div>\n<\/div>\n<\/div>\n<\/div>\n<\/div>\n<\/div>\n<\/div>\n<\/div>\n<\/div>\n<\/div>\n<\/div>\n<\/div>\n<\/div>\n<\/div>\n<\/div>\n<\/div>\n<\/div>\n<\/div>\n<\/div>\n<\/div>\n<\/div>\n<\/div>\n<\/div>\n<\/div>\n<\/div>\n<\/div>\n<\/div>\n<\/div>\n<\/div>\n<\/div>\n<\/div>\n<\/div>\n<\/div>\n<\/div>\n<\/div>\n<\/div>\n<\/div>\n<\/div>\n<\/div>\n<\/div>\n<\/div>\n<\/div>\n<\/div>\n<\/div>\n<\/div>\n<\/div>\n<\/div>\n<\/div>\n<\/div>\n<\/div>\n<\/div>\n<\/div>\n<\/div>\n<\/div>\n<\/div>\n<\/div>\n<\/div>\n<\/div>\n<\/div>\n<\/div>\n<\/div>\n<\/div>\n<\/div>\n<\/div>\n<\/div>\n<\/div>\n<\/div>\n<\/div>\n<\/div>\n<\/div>\n<\/div>\n<\/div>\n<\/div>\n<\/div>\n<\/div>\n<\/div>\n<\/div>\n<\/div>\n<\/div>\n<\/div>\n<\/div>\n<\/div>\n<\/div>\n<\/div>\n<\/div>\n<\/div>\n<\/div>\n<\/div>\n<\/div>\n<\/div>\n<\/div>\n<p>&nbsp;<\/p>\n<div>\n<div class=\"page-title-head hgroup\">\n<div class=\"page-title-head hgroup\">\n<div class=\"b654a4as d2edcug0\">\n<div class=\"j83agx80 btwxx1t3 lhclo0ds hop8lmos nkwizq5d scwd0bx6 roh60bw9\">\n<div class=\"rq0escxv hkbzh7o3 jwdofwj8 n8tt0mok r8blr3vg hyh9befq\">\n<div class=\"do00u71z l9j0dhe7 k4urcfbm\">\n<div class=\"page-title-head hgroup\">\n<div class=\"page-title-head hgroup\">\n<div class=\"b654a4as d2edcug0\">\n<div class=\"j83agx80 btwxx1t3 lhclo0ds hop8lmos nkwizq5d scwd0bx6 roh60bw9\">\n<div class=\"rq0escxv hkbzh7o3 jwdofwj8 n8tt0mok r8blr3vg hyh9befq\">\n<div class=\"do00u71z l9j0dhe7 k4urcfbm\">\n<div class=\"ecm0bbzt e5nlhep0 a8c37x1j\">\n<div class=\"kvgmc6g5 cxmmr5t8 oygrvhab hcukyx3x c1et5uql\">\n<div class=\"gmail-kvgmc6g5 gmail-cxmmr5t8 gmail-oygrvhab gmail-hcukyx3x gmail-c1et5uql gmail-ii04i59q\">\n<div class=\"page-title-head hgroup\">\n<div class=\"page-title-head hgroup\">\n<div class=\"b654a4as d2edcug0\">\n<div class=\"j83agx80 btwxx1t3 lhclo0ds hop8lmos nkwizq5d scwd0bx6 roh60bw9\">\n<div class=\"rq0escxv hkbzh7o3 jwdofwj8 n8tt0mok r8blr3vg hyh9befq\">\n<div class=\"do00u71z l9j0dhe7 k4urcfbm\">\n<div class=\"page-title-head hgroup\">\n<div class=\"page-title-head hgroup\">\n<div class=\"b654a4as d2edcug0\">\n<div class=\"j83agx80 btwxx1t3 lhclo0ds hop8lmos nkwizq5d scwd0bx6 roh60bw9\">\n<div class=\"rq0escxv hkbzh7o3 jwdofwj8 n8tt0mok r8blr3vg hyh9befq\">\n<div class=\"do00u71z l9j0dhe7 k4urcfbm\">\n<div>\n<div class=\"page-title-head hgroup\">\n<div class=\"page-title-head hgroup\">\n<div class=\"b654a4as d2edcug0\">\n<div class=\"j83agx80 btwxx1t3 lhclo0ds hop8lmos nkwizq5d scwd0bx6 roh60bw9\">\n<div class=\"rq0escxv hkbzh7o3 jwdofwj8 n8tt0mok r8blr3vg hyh9befq\">\n<div class=\"do00u71z l9j0dhe7 k4urcfbm\">\n<div class=\"ecm0bbzt e5nlhep0 a8c37x1j\">\n<div class=\"kvgmc6g5 cxmmr5t8 oygrvhab hcukyx3x c1et5uql\">\n<div class=\"gmail-kvgmc6g5 gmail-cxmmr5t8 gmail-oygrvhab gmail-hcukyx3x gmail-c1et5uql gmail-ii04i59q\">\n<div class=\"page-title-head hgroup\">\n<div class=\"page-title-head hgroup\">\n<div class=\"b654a4as d2edcug0\">\n<div class=\"j83agx80 btwxx1t3 lhclo0ds hop8lmos nkwizq5d scwd0bx6 roh60bw9\">\n<div class=\"rq0escxv hkbzh7o3 jwdofwj8 n8tt0mok r8blr3vg hyh9befq\">\n<div class=\"do00u71z l9j0dhe7 k4urcfbm\">\n<div class=\"page-title-head hgroup\">\n<div class=\"page-title-head hgroup\">\n<div class=\"page-title-head hgroup\">\n<div class=\"page-title-head hgroup\">\n<div class=\"b654a4as d2edcug0\">\n<div class=\"page-title-head hgroup\">\n<div class=\"page-title-head hgroup\">\n<div class=\"page-title-head hgroup\">\n<div class=\"page-title-head hgroup\">\n<div class=\"b654a4as d2edcug0\">\n<div class=\"page-title-head hgroup\">\n<div class=\"page-title-head hgroup\">\n<div class=\"page-title-head hgroup\">\n<div class=\"page-title-head hgroup\">\n<div class=\"page-title-head hgroup\">\n<div class=\"page-title-head hgroup\">\n<div class=\"page-title-head hgroup\">\n<div class=\"page-title-head hgroup\">\n<div class=\"page-title-head hgroup\">\n<div class=\"b654a4as d2edcug0\">\n<div class=\"page-title-head hgroup\">\n<div class=\"page-title-head hgroup\">\n<div class=\"page-title-head hgroup\">\n<div class=\"page-title-head hgroup\">\n<div class=\"b654a4as d2edcug0\">\n<div class=\"page-title-head hgroup\">\n<div class=\"page-title-head hgroup\">\n<div class=\"page-title-head hgroup\">\n<div class=\"page-title-head hgroup\">\n<div class=\"page-title-head hgroup\">\n<div class=\"mkdf-post-text\">\n<div class=\"mkdf-post-text-inner\">\n<div class=\"mkdf-post-text-main\">\n<div class=\"mkdf-post-text\">\n<div class=\"mkdf-post-text-inner\">\n<div class=\"mkdf-post-text-main\">\n<div class=\"mkdf-post-text\">\n<div class=\"mkdf-post-text-inner\">\n<div class=\"mkdf-post-text-main\">\n<div class=\"page-title-head hgroup\">\n<div class=\"page-title-head hgroup\">\n<div class=\"mkdf-post-text\">\n<div class=\"mkdf-post-text-inner\">\n<div class=\"mkdf-post-text-main\">\n<div class=\"mkdf-post-text\">\n<div class=\"mkdf-post-text-inner\">\n<div class=\"mkdf-post-text-main\">\n<div class=\"page-title-head hgroup\">\n<div class=\"page-title-head hgroup\">\n<div class=\"page-title-head hgroup\">\n<div class=\"page-title-head hgroup\">\n<div class=\"b654a4as d2edcug0\">\n<div class=\"page-title-head hgroup\">\n<div class=\"page-title-head hgroup\">\n<div class=\"page-title-head hgroup\">\n<div class=\"page-title-head hgroup\">\n<div class=\"b654a4as d2edcug0\">\n<div class=\"page-title-head hgroup\">\n<div class=\"page-title-head hgroup\">\n<div class=\"page-title-head hgroup\">\n<div class=\"page-title-head hgroup\">\n<div class=\"b654a4as d2edcug0\">\n<div class=\"ecm0bbzt e5nlhep0 a8c37x1j\">\n<div class=\"kvgmc6g5 cxmmr5t8 oygrvhab hcukyx3x c1et5uql\">\n<div class=\"gmail-kvgmc6g5 gmail-cxmmr5t8 gmail-oygrvhab gmail-hcukyx3x gmail-c1et5uql gmail-ii04i59q\">\n<div class=\"page-title-head hgroup\">\n<div class=\"page-title-head hgroup\">\n<div class=\"b654a4as d2edcug0\">\n<div class=\"j83agx80 btwxx1t3 lhclo0ds hop8lmos nkwizq5d scwd0bx6 roh60bw9\">\n<div class=\"rq0escxv hkbzh7o3 jwdofwj8 n8tt0mok r8blr3vg hyh9befq\">\n<div class=\"do00u71z l9j0dhe7 k4urcfbm\">\n<div class=\"page-title-head hgroup\">\n<div class=\"page-title-head hgroup\">\n<div class=\"page-title-head hgroup\">\n<div class=\"page-title-head hgroup\">\n<div class=\"b654a4as d2edcug0\">\n<div class=\"page-title-head hgroup\">\n<div class=\"page-title-head hgroup\">\n<div class=\"page-title-head hgroup\">\n<div class=\"page-title-head hgroup\">\n<div class=\"b654a4as d2edcug0\">\n<div class=\"page-title-head hgroup\">\n<div class=\"page-title-head hgroup\">\n<div class=\"page-title-head hgroup\">\n<div class=\"page-title-head hgroup\">\n<div class=\"page-title-head hgroup\">\n<div class=\"page-title-head hgroup\">\n<div class=\"page-title-head hgroup\">\n<div class=\"page-title-head hgroup\">\n<div class=\"page-title-head hgroup\">\n<div class=\"b654a4as d2edcug0\">\n<div class=\"page-title-head hgroup\">\n<div class=\"page-title-head hgroup\">\n<div class=\"page-title-head hgroup\">\n<div class=\"page-title-head hgroup\">\n<div class=\"b654a4as d2edcug0\">\n<div class=\"page-title-head hgroup\">\n<div class=\"page-title-head hgroup\">\n<div class=\"page-title-head hgroup\">\n<div class=\"page-title-head hgroup\">\n<div class=\"page-title-head hgroup\">\n<div class=\"mkdf-post-text\">\n<div class=\"mkdf-post-text-inner\">\n<div class=\"mkdf-post-text-main\">\n<div class=\"mkdf-post-text\">\n<div class=\"mkdf-post-text-inner\">\n<div class=\"mkdf-post-text-main\">\n<div class=\"mkdf-post-text\">\n<div class=\"mkdf-post-text-inner\">\n<div class=\"mkdf-post-text-main\">\n<div class=\"page-title-head hgroup\">\n<div class=\"page-title-head hgroup\">\n<div class=\"mkdf-post-text\">\n<div class=\"mkdf-post-text-inner\">\n<div class=\"mkdf-post-text-main\">\n<div class=\"mkdf-post-text\">\n<div class=\"mkdf-post-text-inner\">\n<div class=\"mkdf-post-text-main\">\n<div class=\"page-title-head hgroup\">\n<div class=\"page-title-head hgroup\">\n<div class=\"page-title-head hgroup\">\n<div class=\"page-title-head hgroup\">\n<div class=\"b654a4as d2edcug0\">\n<div class=\"page-title-head hgroup\">\n<div class=\"page-title-head hgroup\">\n<div class=\"page-title-head hgroup\">\n<div class=\"page-title-head hgroup\">\n<div class=\"b654a4as d2edcug0\">\n<div class=\"page-title-head hgroup\">\n<div class=\"page-title-head hgroup\">\n<div class=\"page-title-head hgroup\">\n<div class=\"page-title-head hgroup\">\n<div class=\"b654a4as d2edcug0\">\n<p>&nbsp;<\/p>\n<\/div>\n<div class=\"b654a4as d2edcug0\">\n<div class=\"ecm0bbzt e5nlhep0 a8c37x1j\">\n<div class=\"kvgmc6g5 cxmmr5t8 oygrvhab hcukyx3x c1et5uql\">\n<div class=\"gmail-kvgmc6g5 gmail-cxmmr5t8 gmail-oygrvhab gmail-hcukyx3x gmail-c1et5uql gmail-ii04i59q\">\n<div>\n<div class=\"page-title-head hgroup\">\n<div class=\"page-title-head hgroup\">\n<div class=\"b654a4as d2edcug0\">\n<div class=\"j83agx80 btwxx1t3 lhclo0ds hop8lmos nkwizq5d scwd0bx6 roh60bw9\">\n<div class=\"rq0escxv hkbzh7o3 jwdofwj8 n8tt0mok r8blr3vg hyh9befq\">\n<div class=\"do00u71z l9j0dhe7 k4urcfbm\">\n<div>\n<div class=\"page-title-head hgroup\">\n<div class=\"page-title-head hgroup\">\n<div class=\"page-title-head hgroup\">\n<div class=\"page-title-head hgroup\">\n<div class=\"b654a4as d2edcug0\">\n<div class=\"page-title-head hgroup\">\n<div class=\"page-title-head hgroup\">\n<div class=\"page-title-head hgroup\">\n<div class=\"page-title-head hgroup\">\n<div class=\"b654a4as d2edcug0\">\n<div class=\"page-title-head hgroup\">\n<div class=\"page-title-head hgroup\">\n<div class=\"page-title-head hgroup\">\n<div class=\"page-title-head hgroup\">\n<div class=\"page-title-head hgroup\">\n<div class=\"mkdf-post-text\">\n<div class=\"mkdf-post-text-inner\">\n<div class=\"mkdf-post-text-main\">\n<div class=\"mkdf-post-text\">\n<div class=\"mkdf-post-text-inner\">\n<div class=\"mkdf-post-text-main\">\n<div class=\"mkdf-post-text\">\n<div class=\"mkdf-post-text-inner\">\n<div class=\"mkdf-post-text-main\">\n<div class=\"page-title-head hgroup\">\n<div class=\"page-title-head hgroup\">\n<div class=\"mkdf-post-text\">\n<div class=\"mkdf-post-text-inner\">\n<div class=\"mkdf-post-text-main\">\n<div class=\"mkdf-post-text\">\n<div class=\"mkdf-post-text-inner\">\n<div class=\"mkdf-post-text-main\">\n<div>\n<div class=\"page-title-head hgroup\">\n<div class=\"page-title-head hgroup\">\n<div>\n<div class=\"page-title-head hgroup\">\n<div class=\"page-title-head hgroup\">\n<div class=\"b654a4as d2edcug0\">\n<div>\n<div class=\"page-title-head hgroup\" style=\"text-align: left;\">\n<div class=\"page-title-head hgroup\">\n<div dir=\"auto\">\n<p><a class=\"dt-pswp-item pspw-wrap-ready\" href=\"https:\/\/i0.wp.com\/www.radiopiu.net\/wordpress\/wp-content\/uploads\/2018\/09\/WhatsApp-Image-2018-09-20-at-16.04.06.jpeg?ssl=1\" data-dt-img-description=\"\" data-large_image_width=\"800\" data-large_image_height=\"100\"><img loading=\"lazy\" decoding=\"async\" class=\"aligncenter wp-image-61378 size-full jetpack-lazy-image jetpack-lazy-image--handled\" src=\"https:\/\/i0.wp.com\/www.radiopiu.net\/wordpress\/wp-content\/uploads\/2018\/09\/WhatsApp-Image-2018-09-20-at-16.04.06.jpeg?resize=800%2C100&amp;ssl=1\" sizes=\"auto, (max-width: 800px) 100vw, 800px\" srcset=\"https:\/\/i0.wp.com\/www.radiopiu.net\/wordpress\/wp-content\/uploads\/2018\/09\/WhatsApp-Image-2018-09-20-at-16.04.06.jpeg?w=800&amp;ssl=1 800w, https:\/\/i0.wp.com\/www.radiopiu.net\/wordpress\/wp-content\/uploads\/2018\/09\/WhatsApp-Image-2018-09-20-at-16.04.06.jpeg?resize=300%2C38&amp;ssl=1 300w, https:\/\/i0.wp.com\/www.radiopiu.net\/wordpress\/wp-content\/uploads\/2018\/09\/WhatsApp-Image-2018-09-20-at-16.04.06.jpeg?resize=768%2C96&amp;ssl=1 768w\" alt=\"\" width=\"800\" height=\"100\" data-lazy-loaded=\"1\" \/><\/a><\/p>\n<\/div>\n<\/div>\n<\/div>\n<\/div>\n<\/div>\n<\/div>\n<\/div>\n<\/div>\n<\/div>\n<\/div>\n<\/div>\n<\/div>\n<\/div>\n<\/div>\n<\/div>\n<\/div>\n<\/div>\n<\/div>\n<\/div>\n<\/div>\n<\/div>\n<\/div>\n<\/div>\n<\/div>\n<\/div>\n<\/div>\n<\/div>\n<\/div>\n<\/div>\n<\/div>\n<\/div>\n<\/div>\n<\/div>\n<\/div>\n<\/div>\n<\/div>\n<\/div>\n<\/div>\n<\/div>\n<\/div>\n<\/div>\n<\/div>\n<\/div>\n<\/div>\n<\/div>\n<\/div>\n<\/div>\n<\/div>\n<\/div>\n<\/div>\n<\/div>\n<\/div>\n<\/div>\n<\/div>\n<\/div>\n<\/div>\n<\/div>\n<\/div>\n<\/div>\n<\/div>\n<\/div>\n<\/div>\n<\/div>\n<\/div>\n<\/div>\n<\/div>\n<\/div>\n<\/div>\n<\/div>\n<\/div>\n<\/div>\n<\/div>\n<\/div>\n<\/div>\n<\/div>\n<\/div>\n<\/div>\n<\/div>\n<\/div>\n<\/div>\n<\/div>\n<\/div>\n<\/div>\n<\/div>\n<\/div>\n<\/div>\n<\/div>\n<\/div>\n<\/div>\n<\/div>\n<\/div>\n<\/div>\n<\/div>\n<\/div>\n<\/div>\n<\/div>\n<\/div>\n<\/div>\n<\/div>\n<\/div>\n<\/div>\n<\/div>\n<\/div>\n<\/div>\n<\/div>\n<\/div>\n<\/div>\n<\/div>\n<\/div>\n<\/div>\n<\/div>\n<\/div>\n<\/div>\n<\/div>\n<\/div>\n<\/div>\n<\/div>\n<\/div>\n<\/div>\n<\/div>\n<\/div>\n<\/div>\n<\/div>\n<\/div>\n<\/div>\n<\/div>\n<\/div>\n<\/div>\n<\/div>\n<\/div>\n<\/div>\n<\/div>\n<\/div>\n<\/div>\n<\/div>\n<\/div>\n<\/div>\n<\/div>\n<\/div>\n<\/div>\n<\/div>\n<\/div>\n<\/div>\n<\/div>\n<\/div>\n<\/div>\n<\/div>\n<\/div>\n<\/div>\n<\/div>\n<\/div>\n<\/div>\n<\/div>\n<\/div>\n<\/div>\n<\/div>\n<\/div>\n<\/div>\n<\/div>\n<\/div>\n<\/div>\n<\/div>\n<\/div>\n<\/div>\n<\/div>\n<\/div>\n<\/div>\n<\/div>\n<\/div>\n<\/div>\n<\/div>\n<\/div>\n<\/div>\n<\/div>\n<\/div>\n<\/div>\n<\/div>\n<\/div>\n<\/div>\n<\/div>\n<\/div>\n<\/div>\n<\/div>\n<\/div>\n<\/div>\n<\/div>\n<\/div>\n<\/div>\n<\/div>\n<\/div>\n<\/div>\n<\/div>\n<\/div>\n<\/div>\n<\/div>\n<\/div>\n<\/div>\n<\/div>\n<\/div>\n<\/div>\n<\/div>\n<\/div>\n<\/div>\n<\/div>\n<\/div>\n<\/div>\n<\/div>\n<\/div>\n<\/div>\n<\/div>\n<\/div>\n<\/div>\n<\/div>\n<\/div>\n<\/div>\n<\/div>\n<\/div>\n<\/div>\n<\/div>\n<\/div>\n<\/div>\n<\/div>\n<\/div>\n<\/div>\n<\/div>\n<\/div>\n<\/div>\n<\/div>\n<\/div>\n<\/div>\n<\/div>\n<p>&nbsp;<\/p>\n<p><b>Venerdi 25<\/b> <b>Tempo atteso: <\/b>Persistenza del tempo ben soleggiato con cielo in prevalenza sereno, specie al mattino; nel corso del pomeriggio un po&#8217; pi\u00f9 nuvoloso rispetto ai giorni precedenti, specie sulle Dolomiti, con possibili addensamenti nuvolosi in prossimit\u00e0 delle cime per una moderata attivit\u00e0 cumuliforme.<br \/>\n<b>Precipitazioni: <\/b>Generalmente assenti, salvo una probabilit\u00e0 molto bassa (0-10%) di qualche occasionale piovasco o fiocco di neve lungo i pendii dolomitici, oltre i 2000\/2200 m.<br \/>\n<b>Temperature: <\/b>Stazionarie o in lieve o contenuto calo specie in quota e nei valori massimi, con attenuazione dell&#8217;inversione termica. Escursione termica giornaliera ancora significativa. Su Prealpi a 1500 m min 2\u00b0C, max 8\u00b0C; a 2000 m min -1\u00b0C, max 5\u00b0C. Su Dolomiti a 2000 m min -1\u00b0C, max 7\u00b0C; a 3000 m min -9\u00b0C, max -4\u00b0C.<br \/>\n<b>Venti: <\/b>Nelle valli deboli o moderati a regime di brezza; in quota deboli in prevalenza dai quadranti orientali, a 5-10 km\/h sia a 2000 m che a 3000 m.<\/p>\n<hr \/>\n<p><b>Sabato 26<\/b> <b>Tempo atteso: <\/b>Il tempo torna ad essere ben soleggiato con cielo sereno, aria tersa e ottima visibilit\u00e0, con l&#8217;insidia convettiva diurna meno probabile rispetto a venerd\u00ec.<br \/>\n<b>Precipitazioni: <\/b>Assenti (0%).<br \/>\n<b>Temperature: <\/b>Senza notevoli variazioni, salvo qualche lieve calo in quota; lieve inversione termica nelle ore notturne ed escursione termica giornaliera ancora significativa. Su Prealpi a 1500 m min, 1\u00b0C max 8\u00b0C; a 2000 m min -2\u00b0C, max 5\u00b0C. Su Dolomiti a 2000 m min, -1\u00b0C max 6\u00b0C; a 3000 m min -9\u00b0C max -3\u00b0C.<br \/>\n<b>Venti: <\/b>Nelle valli ancora deboli o moderati a regime di brezza; in quota in genere deboli o moderati specie a fine giornata, dai quadranti orientali, a 5-15 km\/h sia a 2000 m che a 3000 m.<\/p>\n<hr \/>\n<p><b>Domenica 27<\/b>Ancora una giornata ben soleggiata con aria asciutta e ottima visibilit\u00e0. Non si esclude la formazione nel pomeriggio di locali, modesti e innocui addensamenti nuvolosi in prossimit\u00e0 delle cime durante le ore pi\u00f9 calde, ma senza precipitazioni. Temperature senza notevoli variazioni. Venti in quota moderati da sud-est.<\/p>\n<hr \/>\n<p><b>Lunedi 28<\/b>Giornata stabile e soleggiata, salvo qualche temporaneo e innocuo annuvolamento nelle ore pi\u00f9 calde. Precipitazioni assenti. Temperature senza variazioni di rilievo con minime prossime alla norma, massime ancora miti per il periodo, con escursione termica ancora importante nelle valli e altipiani e lieve\/moderata inversione termica nelle ore notturne. Venti in quota deboli o moderati di direzione variabile. Previsore: M.Padoan<\/p>\n<p>&nbsp;<\/p>\n<hr \/>\n<p>&nbsp;<\/p>\n<p><img loading=\"lazy\" decoding=\"async\" class=\"wp-image-60761 size-full aligncenter\" src=\"https:\/\/www.radiopiu.net\/wordpress\/wp-content\/uploads\/2018\/09\/sport.jpg\" alt=\"\" width=\"800\" height=\"100\" srcset=\"https:\/\/www.radiopiu.net\/wordpress\/wp-content\/uploads\/2018\/09\/sport.jpg 800w, https:\/\/www.radiopiu.net\/wordpress\/wp-content\/uploads\/2018\/09\/sport-300x38.jpg 300w, https:\/\/www.radiopiu.net\/wordpress\/wp-content\/uploads\/2018\/09\/sport-768x96.jpg 768w\" sizes=\"auto, (max-width: 800px) 100vw, 800px\" \/><\/p>\n<\/div>\n<p>&nbsp;<\/p>\n<p>&nbsp;<\/p>\n<p><span style=\"color: #0000ff;\"><strong>DUATHLON<\/strong><\/span><\/p>\n<div class=\"page-title-head hgroup\">\n<blockquote>\n<h3 class=\"entry-title\">DUATHLON KIDS: SEI BELLUNESI PROTAGONISTI A PARMA<\/h3>\n<\/blockquote>\n<\/div>\n<p><strong>BELLUNO\u00a0<\/strong> <span id=\"page2R_mcid4\" class=\"markedContent\"><span dir=\"ltr\" role=\"presentation\">Il Duathlon Kids Parma parla anche bellunese.\u00a0 Tra i <\/span><\/span><span id=\"page2R_mcid5\" class=\"markedContent\"><span dir=\"ltr\" role=\"presentation\">\u00a0622 iscritti\u00a0 c\u2019erano pure sei <\/span><span dir=\"ltr\" role=\"presentation\">portacolori della Sportivamente Belluno con la squadra Dolomiti Triathlon e <\/span><\/span><span id=\"page2R_mcid7\" class=\"markedContent\"><span dir=\"ltr\" role=\"presentation\">sono riusciti\u00a0 a\u00a0 portare a casa ottimi risultati. <\/span><\/span><span id=\"page2R_mcid8\" class=\"markedContent\"><span dir=\"ltr\" role=\"presentation\">Prima con Emma Bortoluzzi, che ha ottenuto un 24. posto nella categoria femminile dei Ragazzi. <\/span><span dir=\"ltr\" role=\"presentation\">Poi con Luca Iannetti e Maddalena Mazzoli, che hanno terminato rispettivamente al 20. e al 40.<\/span><span dir=\"ltr\" role=\"presentation\">posto nelle proprie categorie Youth A. E infine Andrea Losito, Alessandro Monestier e Pietro Ciotti <\/span><span dir=\"ltr\" role=\"presentation\">si sono piazzati al 35., 42. e 45. posto nella categoria Youth B maschile. <\/span><\/span><span id=\"page2R_mcid9\" class=\"markedContent\"><span dir=\"ltr\" role=\"presentation\">Un gran debutto stagionale, quindi. E fa ben sperare in vista dei prossimi impegni.<\/span><\/span><\/p>\n\n\t\t\t<style type='text\/css'>\n\t\t\t\t#gallery-14 {\n\t\t\t\t\tmargin: auto;\n\t\t\t\t}\n\t\t\t\t#gallery-14 .gallery-item {\n\t\t\t\t\tfloat: left;\n\t\t\t\t\tmargin-top: 10px;\n\t\t\t\t\ttext-align: center;\n\t\t\t\t\twidth: 33%;\n\t\t\t\t}\n\t\t\t\t#gallery-14 img {\n\t\t\t\t\tborder: 2px solid #cfcfcf;\n\t\t\t\t}\n\t\t\t\t#gallery-14 .gallery-caption {\n\t\t\t\t\tmargin-left: 0;\n\t\t\t\t}\n\t\t\t\t\/* see gallery_shortcode() in wp-includes\/media.php *\/\n\t\t\t<\/style>\n\t\t<div id='gallery-14' class='dt-gallery-container gallery galleryid-266489 gallery-columns-3 gallery-size-thumbnail'><dl class='gallery-item'>\n\t\t\t\t<dt class='gallery-icon landscape'>\n\t\t\t\t\t<a class=\"rollover rollover-zoom dt-pswp-item\" title=\"Duathlon_Kids_1\" data-dt-img-description=\"\" data-large_image_width=\"1984\" data-large_image_height=\"1488\"href='https:\/\/www.radiopiu.net\/wordpress\/wp-content\/uploads\/2022\/03\/Duathlon_Kids_1.jpg'><img loading=\"lazy\" decoding=\"async\" width=\"150\" height=\"150\" src=\"https:\/\/www.radiopiu.net\/wordpress\/wp-content\/uploads\/2022\/03\/Duathlon_Kids_1-150x150.jpg\" class=\"attachment-thumbnail size-thumbnail\" alt=\"\" \/><\/a>\n\t\t\t\t<\/dt><\/dl><dl class='gallery-item'>\n\t\t\t\t<dt class='gallery-icon portrait'>\n\t\t\t\t\t<a class=\"rollover rollover-zoom dt-pswp-item\" title=\"Duathlon_Kids_2\" data-dt-img-description=\"\" data-large_image_width=\"1488\" data-large_image_height=\"1984\"href='https:\/\/www.radiopiu.net\/wordpress\/wp-content\/uploads\/2022\/03\/Duathlon_Kids_2.jpg'><img loading=\"lazy\" decoding=\"async\" width=\"150\" height=\"150\" src=\"https:\/\/www.radiopiu.net\/wordpress\/wp-content\/uploads\/2022\/03\/Duathlon_Kids_2-150x150.jpg\" class=\"attachment-thumbnail size-thumbnail\" alt=\"\" \/><\/a>\n\t\t\t\t<\/dt><\/dl><dl class='gallery-item'>\n\t\t\t\t<dt class='gallery-icon portrait'>\n\t\t\t\t\t<a class=\"rollover rollover-zoom dt-pswp-item\" title=\"Duathlon_Kids_3\" data-dt-img-description=\"\" data-large_image_width=\"1488\" data-large_image_height=\"1984\"href='https:\/\/www.radiopiu.net\/wordpress\/wp-content\/uploads\/2022\/03\/Duathlon_Kids_3.jpg'><img loading=\"lazy\" decoding=\"async\" width=\"150\" height=\"150\" src=\"https:\/\/www.radiopiu.net\/wordpress\/wp-content\/uploads\/2022\/03\/Duathlon_Kids_3-150x150.jpg\" class=\"attachment-thumbnail size-thumbnail\" alt=\"\" \/><\/a>\n\t\t\t\t<\/dt><\/dl><br style=\"clear: both\" \/>\n\t\t\t<\/div>\n\n<p>&nbsp;<\/p>\n<p>&nbsp;<\/p>\n<div class=\"b654a4as d2edcug0\">\n<p>&nbsp;<\/p>\n<hr \/>\n<p>&nbsp;<\/p>\n<p><span style=\"color: #0000ff;\"><strong>SNOWKITE<\/strong><\/span><\/p>\n<blockquote>\n<h3><a class=\"dt-pswp-item\" href=\"https:\/\/www.radiopiu.net\/wordpress\/wp-content\/uploads\/2022\/03\/27a17ec3-3d6b-a88d-a702-44d9ea1e2a8e-scaled.jpg\" data-dt-img-description=\"\" data-large_image_width=\"2560\" data-large_image_height=\"1703\"><img loading=\"lazy\" decoding=\"async\" class=\"wp-image-266599 alignleft\" src=\"https:\/\/www.radiopiu.net\/wordpress\/wp-content\/uploads\/2022\/03\/27a17ec3-3d6b-a88d-a702-44d9ea1e2a8e-300x200.jpg\" alt=\"\" width=\"146\" height=\"97\" srcset=\"https:\/\/www.radiopiu.net\/wordpress\/wp-content\/uploads\/2022\/03\/27a17ec3-3d6b-a88d-a702-44d9ea1e2a8e-300x200.jpg 300w, https:\/\/www.radiopiu.net\/wordpress\/wp-content\/uploads\/2022\/03\/27a17ec3-3d6b-a88d-a702-44d9ea1e2a8e-1024x681.jpg 1024w, https:\/\/www.radiopiu.net\/wordpress\/wp-content\/uploads\/2022\/03\/27a17ec3-3d6b-a88d-a702-44d9ea1e2a8e-768x511.jpg 768w, https:\/\/www.radiopiu.net\/wordpress\/wp-content\/uploads\/2022\/03\/27a17ec3-3d6b-a88d-a702-44d9ea1e2a8e-1536x1022.jpg 1536w, https:\/\/www.radiopiu.net\/wordpress\/wp-content\/uploads\/2022\/03\/27a17ec3-3d6b-a88d-a702-44d9ea1e2a8e-2048x1363.jpg 2048w\" sizes=\"auto, (max-width: 146px) 100vw, 146px\" \/><\/a>AL VIA I MONDIALI DI SNOWKITE A PASSO GIAU<\/h3>\n<\/blockquote>\n<p><strong>PASSO GIAU <\/strong>I campioni provenienti da vari paesi sono pronti a dare spettacolo sulla neve nei giorni di venerd\u00ec 25, sabato 26 e domenica 27 marzo. Si assegnano due titoli iridati e uno tricolore. Domenica mattina gara di sci di beneficenza: il ricavato sar\u00e0 interamente devoluto ai progetti dell\u2019Unicef per i bambini coinvolti nel conflitto ucraino.<\/p>\n<\/div>\n<p>&nbsp;<\/p>\n<hr \/>\n<p>&nbsp;<\/p>\n<p><span style=\"color: #0000ff;\"><strong>MOTOSLITTE<\/strong><\/span><\/p>\n<blockquote>\n<h3>AD ALLEGHE CORSO TEORICO E PRATICO DI GUIDA MOTOSLITTA E SNOWBIKE<\/h3>\n<\/blockquote>\n<p><strong><a class=\"dt-pswp-item\" href=\"https:\/\/www.radiopiu.net\/wordpress\/wp-content\/uploads\/2022\/03\/Unknown-1-scaled.jpeg\" data-dt-img-description=\"\" data-large_image_width=\"2560\" data-large_image_height=\"1709\"><img loading=\"lazy\" decoding=\"async\" class=\" wp-image-266708 alignleft\" src=\"https:\/\/www.radiopiu.net\/wordpress\/wp-content\/uploads\/2022\/03\/Unknown-1-300x200.jpeg\" alt=\"\" width=\"177\" height=\"118\" srcset=\"https:\/\/www.radiopiu.net\/wordpress\/wp-content\/uploads\/2022\/03\/Unknown-1-300x200.jpeg 300w, https:\/\/www.radiopiu.net\/wordpress\/wp-content\/uploads\/2022\/03\/Unknown-1-1024x683.jpeg 1024w, https:\/\/www.radiopiu.net\/wordpress\/wp-content\/uploads\/2022\/03\/Unknown-1-768x513.jpeg 768w, https:\/\/www.radiopiu.net\/wordpress\/wp-content\/uploads\/2022\/03\/Unknown-1-1536x1025.jpeg 1536w, https:\/\/www.radiopiu.net\/wordpress\/wp-content\/uploads\/2022\/03\/Unknown-1-2048x1367.jpeg 2048w\" sizes=\"auto, (max-width: 177px) 100vw, 177px\" \/><\/a>ALLEGHE <\/strong><span class=\"\">Sabato e domenica si svolger\u00e0 presso il circuito Col dei Baldi ad Alleghe il Corso Teorico Pratico per le discipline motoslitta e snowbike.<\/span> <span class=\"\">Il corso \u00e8 rivolto a tutti coloro che vogliono avvicinarsi alla pratica della motoslitta e a chi vuole perfezionare le proprie abilit\u00e0 ed \u00e8 organizzato dall\u2019Associazione Sportiva Dilettentistica Slead Tech e sar\u00e0 tenuto dal Tecnico Sportivo Federale di 2\u00b0 livello Massimo Tosi. Un ringraziamento particolare va a quest\u2019ultimo, anche gestore del Circuito Col dei Baldi, e ad Alleghe Funivie Spa sempre pronti ad accogliere la \u2018comunit\u00e0\u2019 dei motori e a preparare alla perfezione il tracciato. <\/span><span class=\"\">Il corso, che si terr\u00e0 il sabato e la domenica dalle 9 alle 14 prevede una full immersion sulle tecniche di guida Motoslitte e Snowbike su terreno compatto e battuto ed \u00e8 rivolto a tesserati e non della Federazione Motociclistica Italiana FMI. <\/span><i class=\"\"><span class=\"\">\u201cSono diversi anni che Alleghe Funivie sostiene la mia attivit\u00e0 e, nonostante i rallentamenti dovuti all\u2019emergenza sanitaria, si stanno concretizzando molte iniziative volte alla formazione\/educazione sull\u2019utilizzo della motoslitta fra i quali la realizzazione di corsi teorico pratici come quelli in programma per questo week-end, corsi di avvicinamento per bambini su mini-motoslitte e, ultimi ma non ultimi, tutorial video i quali saranno divulgati dalla FMI in tutte le Scuole dell\u2019Ordine del territorio montano nazionale.\u201d <\/span><\/i><span class=\"\">\u00a0Queste le parole del Tecnico Federale Massimo Tosi a pochi giorni dall\u2019appuntamento.<\/span><\/p>\n<p>&nbsp;<\/p>\n<\/div>\n<\/div>\n<\/div>\n<\/div>\n<\/div>\n<\/div>\n<\/div>\n<\/div>\n<\/div>\n<\/div>\n<\/div>\n<\/div>\n<\/div>\n<\/div>\n<\/div>\n<\/div>\n<\/div>\n<\/div>\n<\/div>\n<\/div>\n<\/div>\n<\/div>\n<\/div>\n<\/div>\n<\/div>\n<\/div>\n<\/div>\n<\/div>\n<\/div>\n<\/div>\n<\/div>\n<\/div>\n<\/div>\n<\/div>\n<\/div>\n<\/div>\n<\/div>\n<\/div>\n<\/div>\n<\/div>\n<\/div>\n<\/div>\n<\/div>\n<\/div>\n<\/div>\n<\/div>\n<\/div>\n<\/div>\n<\/div>\n<\/div>\n<\/div>\n<\/div>\n<\/div>\n<\/div>\n<\/div>\n<\/div>\n<\/div>\n<\/div>\n<\/div>\n<\/div>\n<\/div>\n<\/div>\n<\/div>\n<\/div>\n<\/div>\n<\/div>\n<\/div>\n<\/div>\n<\/div>\n<\/div>\n<\/div>\n<\/div>\n<\/div>\n<\/div>\n<\/div>\n<\/div>\n<\/div>\n<\/div>\n<\/div>\n<\/div>\n<\/div>\n<\/div>\n<\/div>\n<\/div>\n<\/div>\n<\/div>\n<\/div>\n<\/div>\n<\/div>\n<\/div>\n<\/div>\n<\/div>\n<\/div>\n<\/div>\n<\/div>\n<\/div>\n<\/div>\n<\/div>\n<\/div>\n<\/div>\n<\/div>\n<\/div>\n<\/div>\n<\/div>\n<\/div>\n<\/div>\n<\/div>\n<\/div>\n<\/div>\n","protected":false},"excerpt":{"rendered":"<p>INFORMAZIONE il canale su TELEGRAM informazione di prima\u00a0 mano e in tempo reale. iscriviti ed aiutaci a farlo conoscere &nbsp; SI CERCA GIORGIO SANTOMASO TRENTO. E&#8217; stata denunciato nelle scorse ore la scomparsa da Trento di\u00a0Giorgio Santomaso. L&#8217;uomo, secondo le informazioni fornite, \u00e8 uscito di casa per una passeggiata senza pi\u00f9 fare ritorno. All&#8217;uscita dalla&hellip;<\/p>\n","protected":false},"author":4,"featured_media":266681,"comment_status":"closed","ping_status":"closed","sticky":false,"template":"","format":"standard","meta":{"_monsterinsights_skip_tracking":false,"_monsterinsights_sitenote_active":false,"_monsterinsights_sitenote_note":"","_monsterinsights_sitenote_category":0,"footnotes":""},"categories":[104,86,49],"tags":[],"class_list":["post-266489","post","type-post","status-publish","format-standard","has-post-thumbnail","hentry","category-evidenza_3","category-gr","category-news-18","category-104","category-86","category-49","description-off"],"img_url":"https:\/\/www.radiopiu.net\/wordpress\/wp-content\/uploads\/2022\/03\/277304164_344110311098037_3015907462959298873_n.jpg","_links":{"self":[{"href":"https:\/\/www.radiopiu.net\/wordpress\/wp-json\/wp\/v2\/posts\/266489","targetHints":{"allow":["GET"]}}],"collection":[{"href":"https:\/\/www.radiopiu.net\/wordpress\/wp-json\/wp\/v2\/posts"}],"about":[{"href":"https:\/\/www.radiopiu.net\/wordpress\/wp-json\/wp\/v2\/types\/post"}],"author":[{"embeddable":true,"href":"https:\/\/www.radiopiu.net\/wordpress\/wp-json\/wp\/v2\/users\/4"}],"replies":[{"embeddable":true,"href":"https:\/\/www.radiopiu.net\/wordpress\/wp-json\/wp\/v2\/comments?post=266489"}],"version-history":[{"count":0,"href":"https:\/\/www.radiopiu.net\/wordpress\/wp-json\/wp\/v2\/posts\/266489\/revisions"}],"wp:featuredmedia":[{"embeddable":true,"href":"https:\/\/www.radiopiu.net\/wordpress\/wp-json\/wp\/v2\/media\/266681"}],"wp:attachment":[{"href":"https:\/\/www.radiopiu.net\/wordpress\/wp-json\/wp\/v2\/media?parent=266489"}],"wp:term":[{"taxonomy":"category","embeddable":true,"href":"https:\/\/www.radiopiu.net\/wordpress\/wp-json\/wp\/v2\/categories?post=266489"},{"taxonomy":"post_tag","embeddable":true,"href":"https:\/\/www.radiopiu.net\/wordpress\/wp-json\/wp\/v2\/tags?post=266489"}],"curies":[{"name":"wp","href":"https:\/\/api.w.org\/{rel}","templated":true}]}}