{"id":266610,"date":"2022-03-24T11:16:09","date_gmt":"2022-03-24T10:16:09","guid":{"rendered":"https:\/\/www.radiopiu.net\/wordpress\/?p=266610"},"modified":"2022-03-24T11:16:09","modified_gmt":"2022-03-24T10:16:09","slug":"debiti-fuori-bilancio-la-querelle-accende-la-i-commissione","status":"publish","type":"post","link":"https:\/\/www.radiopiu.net\/wordpress\/debiti-fuori-bilancio-la-querelle-accende-la-i-commissione\/","title":{"rendered":"DEBITI FUORI BILANCIO, LA QUERELLE ACCENDE LA I^ COMMISSIONE"},"content":{"rendered":"<blockquote>\n<h3><em>&#8221; Si dia una mano ai commercianti, la pandemia non \u00e8 finita&#8221;<\/em><\/h3>\n<\/blockquote>\n<p><strong><img loading=\"lazy\" decoding=\"async\" class=\"alignleft\" src=\"https:\/\/www.radiopiu.net\/wordpress\/wp-content\/uploads\/2022\/02\/Palazzo-rosso-illuminato-1-scaled.jpg\" width=\"249\" height=\"166\" \/>BELLUNO<\/strong> Il prossimo consiglio comunale si terr\u00e0 il 28 marzo, nel frattempo si \u00e8 riunita la I^ Commissione comunale competente per affrontare una serie di argomenti importanti: variazione al programma acquisti forniture e servizi, variazione al bilancio di previsione 22-24, approvazione piano economico Tari, tariffa puntuale sui rifiuti urbani, diritto di prelazione su un immobile e riconoscimento di un debito fuori bilancio come da sentenza del Tribunale di Belluno. Presente in commissione il rappresentante di Fratelli d&#8217;Italia Raffaele Addamiano che ha garantito il numero legale come da regolamento, in caso contrario la riunione non sarebbe nemmeno iniziata. Immancabile la discussione sui debiti fuori bilancio,\u00a0 Addamiano ha poi evidenziato le esigenze dei commercianti sui plateatici con i permessi in scadenza al primo aprile. A proposito dei commercianti la discussione si \u00e8 incentrata ancora una volta &#8211; a distanza di due mesi dalla prima idea &#8211; sulle vetrofanie dei negozi &#8220;impolverati&#8221;.<\/p>\n<p><strong>IL CONSIGLIERE RAFFAELE ADDAMIANO<\/strong><\/p>\n<audio class=\"wp-audio-shortcode\" id=\"audio-266610-1\" preload=\"none\" style=\"width: 100%;\" controls=\"controls\"><source type=\"audio\/mpeg\" src=\"https:\/\/www.radiopiu.net\/wordpress\/wp-content\/uploads\/2022\/03\/addamiano-2.mp3?_=1\" \/><a href=\"https:\/\/www.radiopiu.net\/wordpress\/wp-content\/uploads\/2022\/03\/addamiano-2.mp3\">https:\/\/www.radiopiu.net\/wordpress\/wp-content\/uploads\/2022\/03\/addamiano-2.mp3<\/a><\/audio>\n<p>___<\/p>\n<p>&nbsp;<\/p>\n<p>&nbsp;<\/p>\n<p>&nbsp;<\/p>\n","protected":false},"excerpt":{"rendered":"<p>&#8221; Si dia una mano ai commercianti, la pandemia non \u00e8 finita&#8221; BELLUNO Il prossimo consiglio comunale si terr\u00e0 il 28 marzo, nel frattempo si \u00e8 riunita la I^ Commissione comunale competente per affrontare una serie di argomenti importanti: variazione al programma acquisti forniture e servizi, variazione al bilancio di previsione 22-24, approvazione piano economico&hellip;<\/p>\n","protected":false},"author":4,"featured_media":258761,"comment_status":"closed","ping_status":"closed","sticky":false,"template":"","format":"standard","meta":{"_monsterinsights_skip_tracking":false,"_monsterinsights_sitenote_active":false,"_monsterinsights_sitenote_note":"","_monsterinsights_sitenote_category":0,"footnotes":""},"categories":[49],"tags":[],"class_list":["post-266610","post","type-post","status-publish","format-standard","has-post-thumbnail","hentry","category-news-18","category-49","description-off"],"img_url":"https:\/\/www.radiopiu.net\/wordpress\/wp-content\/uploads\/2022\/02\/Palazzo-rosso-illuminato-1-scaled.jpg","_links":{"self":[{"href":"https:\/\/www.radiopiu.net\/wordpress\/wp-json\/wp\/v2\/posts\/266610","targetHints":{"allow":["GET"]}}],"collection":[{"href":"https:\/\/www.radiopiu.net\/wordpress\/wp-json\/wp\/v2\/posts"}],"about":[{"href":"https:\/\/www.radiopiu.net\/wordpress\/wp-json\/wp\/v2\/types\/post"}],"author":[{"embeddable":true,"href":"https:\/\/www.radiopiu.net\/wordpress\/wp-json\/wp\/v2\/users\/4"}],"replies":[{"embeddable":true,"href":"https:\/\/www.radiopiu.net\/wordpress\/wp-json\/wp\/v2\/comments?post=266610"}],"version-history":[{"count":0,"href":"https:\/\/www.radiopiu.net\/wordpress\/wp-json\/wp\/v2\/posts\/266610\/revisions"}],"wp:featuredmedia":[{"embeddable":true,"href":"https:\/\/www.radiopiu.net\/wordpress\/wp-json\/wp\/v2\/media\/258761"}],"wp:attachment":[{"href":"https:\/\/www.radiopiu.net\/wordpress\/wp-json\/wp\/v2\/media?parent=266610"}],"wp:term":[{"taxonomy":"category","embeddable":true,"href":"https:\/\/www.radiopiu.net\/wordpress\/wp-json\/wp\/v2\/categories?post=266610"},{"taxonomy":"post_tag","embeddable":true,"href":"https:\/\/www.radiopiu.net\/wordpress\/wp-json\/wp\/v2\/tags?post=266610"}],"curies":[{"name":"wp","href":"https:\/\/api.w.org\/{rel}","templated":true}]}}