{"id":266632,"date":"2022-03-24T12:19:53","date_gmt":"2022-03-24T11:19:53","guid":{"rendered":"https:\/\/www.radiopiu.net\/wordpress\/?p=266632"},"modified":"2022-03-24T12:19:53","modified_gmt":"2022-03-24T11:19:53","slug":"val-di-zoldo-isolata-zottis-pd-la-parole-di-solidarieta-non-bastano","status":"publish","type":"post","link":"https:\/\/www.radiopiu.net\/wordpress\/val-di-zoldo-isolata-zottis-pd-la-parole-di-solidarieta-non-bastano\/","title":{"rendered":"VAL DI ZOLDO ISOLATA, ZOTTIS (PD) &#8220;LA PAROLE DI SOLIDARIETA&#8217; NON BASTANO&#8221;\u00a0"},"content":{"rendered":"<blockquote>\n<h3><\/h3>\n<\/blockquote>\n<p><strong>VENEZIA<\/strong> \u201c<em>Siamo sgomenti di fronte al nuovo incendio che ha colpito Igne e Soffranco, isolando di fatto la Val di Zoldo, vista la chiusura della Sp 251. Ai residenti va la massima solidariet\u00e0, siamo per\u00f2 <a class=\"dt-pswp-item\" href=\"https:\/\/www.radiopiu.net\/wordpress\/wp-content\/uploads\/2021\/09\/ZOTTIS-3-scaled.jpg\" data-dt-img-description=\"\" data-large_image_width=\"1706\" data-large_image_height=\"2560\"><img loading=\"lazy\" decoding=\"async\" class=\"wp-image-233262 alignleft\" src=\"https:\/\/www.radiopiu.net\/wordpress\/wp-content\/uploads\/2021\/09\/ZOTTIS-3-200x300.jpg\" alt=\"\" width=\"109\" height=\"164\" srcset=\"https:\/\/www.radiopiu.net\/wordpress\/wp-content\/uploads\/2021\/09\/ZOTTIS-3-200x300.jpg 200w, https:\/\/www.radiopiu.net\/wordpress\/wp-content\/uploads\/2021\/09\/ZOTTIS-3-683x1024.jpg 683w, https:\/\/www.radiopiu.net\/wordpress\/wp-content\/uploads\/2021\/09\/ZOTTIS-3-768x1152.jpg 768w, https:\/\/www.radiopiu.net\/wordpress\/wp-content\/uploads\/2021\/09\/ZOTTIS-3-1024x1536.jpg 1024w, https:\/\/www.radiopiu.net\/wordpress\/wp-content\/uploads\/2021\/09\/ZOTTIS-3-1365x2048.jpg 1365w, https:\/\/www.radiopiu.net\/wordpress\/wp-content\/uploads\/2021\/09\/ZOTTIS-3-scaled.jpg 1706w\" sizes=\"auto, (max-width: 109px) 100vw, 109px\" \/><\/a>convinti che le parole non solo non bastino, ma suonino anche come una presa in giro&#8221;.<\/em> \u00c8 quanto afferma in una nota la consigliera del Partito Democratico Veneto Francesca Zottis (foto) insieme al capogruppo Giacomo Possamai e ai colleghi Jonatan Montanariello, Andrea Zanoni, Anna Maria Bigon e Vanessa Camani, dopo il rogo di ieri che ha portato, tra l\u2019altro, a un nuovo stop sulla Sp 251.<\/p>\n<p>&nbsp;<\/p>\n<p><strong>AUDIO<\/strong><\/p>\n<audio class=\"wp-audio-shortcode\" id=\"audio-266632-1\" preload=\"none\" style=\"width: 100%;\" controls=\"controls\"><source type=\"audio\/mpeg\" src=\"https:\/\/www.radiopiu.net\/wordpress\/wp-content\/uploads\/2022\/03\/zottis-val-di-zoldo.mp3?_=1\" \/><a href=\"https:\/\/www.radiopiu.net\/wordpress\/wp-content\/uploads\/2022\/03\/zottis-val-di-zoldo.mp3\">https:\/\/www.radiopiu.net\/wordpress\/wp-content\/uploads\/2022\/03\/zottis-val-di-zoldo.mp3<\/a><\/audio>\n<p>&nbsp;<\/p>\n<p>&nbsp;<\/p>\n<p>&nbsp;<\/p>\n<p>***<\/p>\n<p>&nbsp;<\/p>\n<p>&nbsp;<\/p>\n","protected":false},"excerpt":{"rendered":"<p>VENEZIA \u201cSiamo sgomenti di fronte al nuovo incendio che ha colpito Igne e Soffranco, isolando di fatto la Val di Zoldo, vista la chiusura della Sp 251. Ai residenti va la massima solidariet\u00e0, siamo per\u00f2 convinti che le parole non solo non bastino, ma suonino anche come una presa in giro&#8221;. \u00c8 quanto afferma in&hellip;<\/p>\n","protected":false},"author":4,"featured_media":266571,"comment_status":"closed","ping_status":"closed","sticky":false,"template":"","format":"standard","meta":{"_monsterinsights_skip_tracking":false,"_monsterinsights_sitenote_active":false,"_monsterinsights_sitenote_note":"","_monsterinsights_sitenote_category":0,"footnotes":""},"categories":[49],"tags":[],"class_list":["post-266632","post","type-post","status-publish","format-standard","has-post-thumbnail","hentry","category-news-18","category-49","description-off"],"img_url":"https:\/\/www.radiopiu.net\/wordpress\/wp-content\/uploads\/2022\/03\/88c05a69-71f0-41c3-8c55-949a9fe315a5.jpg","_links":{"self":[{"href":"https:\/\/www.radiopiu.net\/wordpress\/wp-json\/wp\/v2\/posts\/266632","targetHints":{"allow":["GET"]}}],"collection":[{"href":"https:\/\/www.radiopiu.net\/wordpress\/wp-json\/wp\/v2\/posts"}],"about":[{"href":"https:\/\/www.radiopiu.net\/wordpress\/wp-json\/wp\/v2\/types\/post"}],"author":[{"embeddable":true,"href":"https:\/\/www.radiopiu.net\/wordpress\/wp-json\/wp\/v2\/users\/4"}],"replies":[{"embeddable":true,"href":"https:\/\/www.radiopiu.net\/wordpress\/wp-json\/wp\/v2\/comments?post=266632"}],"version-history":[{"count":0,"href":"https:\/\/www.radiopiu.net\/wordpress\/wp-json\/wp\/v2\/posts\/266632\/revisions"}],"wp:featuredmedia":[{"embeddable":true,"href":"https:\/\/www.radiopiu.net\/wordpress\/wp-json\/wp\/v2\/media\/266571"}],"wp:attachment":[{"href":"https:\/\/www.radiopiu.net\/wordpress\/wp-json\/wp\/v2\/media?parent=266632"}],"wp:term":[{"taxonomy":"category","embeddable":true,"href":"https:\/\/www.radiopiu.net\/wordpress\/wp-json\/wp\/v2\/categories?post=266632"},{"taxonomy":"post_tag","embeddable":true,"href":"https:\/\/www.radiopiu.net\/wordpress\/wp-json\/wp\/v2\/tags?post=266632"}],"curies":[{"name":"wp","href":"https:\/\/api.w.org\/{rel}","templated":true}]}}