{"id":266634,"date":"2022-03-24T13:33:47","date_gmt":"2022-03-24T12:33:47","guid":{"rendered":"https:\/\/www.radiopiu.net\/wordpress\/?p=266634"},"modified":"2022-03-25T06:00:23","modified_gmt":"2022-03-25T05:00:23","slug":"domani-la-festa-del-patrono-a-sedico-sede-di-valpe-uffici-chiusi-anche-ad-agordo","status":"publish","type":"post","link":"https:\/\/www.radiopiu.net\/wordpress\/domani-la-festa-del-patrono-a-sedico-sede-di-valpe-uffici-chiusi-anche-ad-agordo\/","title":{"rendered":"OGGI  LA FESTA DEL PATRONO A SEDICO, SEDE DI VALPE. UFFICI CHIUSI ANCHE AD AGORDO"},"content":{"rendered":"<blockquote>\n<h3><\/h3>\n<\/blockquote>\n<p><strong><img loading=\"lazy\" decoding=\"async\" class=\"alignleft\" src=\"https:\/\/www.radiopiu.net\/wordpress\/wp-content\/uploads\/2021\/10\/VALPE.png\" width=\"234\" height=\"117\" \/><\/strong><\/p>\n<p><strong>AGORDO<\/strong> Oggi lo sportello di Agordo rester\u00e0 chiuso e Valpe Ambiente non effettuer\u00e0 le raccolte in alcuni Comuni: \u00e8 possibile consultare l&#8217;Ecocalendario 2022 per verificare se il servizio sar\u00e0 regolare nella propria zona. Inoltre, dal 27 marzo al 29 ottobre 2022 l\u2019Ecocentro di Sedico osserva gli orari di apertura previsti durante il periodo di ora legale indicati nell\u2019Ecocalendario 2022: Luned\u00ec: 15.00 &#8211; 18.30 Mercoled\u00ec: 15.00 &#8211; 18.30 Sabato: 9.00 &#8211; 12.00 \/\u00a0 15.00 &#8211; 18.30 Per ulteriori informazioni, i cittadini possono inviare una mail a <a href=\"mailto:info@valpeambiente.it\">info@valpeambiente.it<\/a> oppure visitare il sito www.valpeambiente.it<\/p>\n<p>&nbsp;<\/p>\n<p>&nbsp;<\/p>\n<p><strong>\u00a0<\/strong><\/p>\n<p>&nbsp;<\/p>\n<p>&nbsp;<\/p>\n<p>___<\/p>\n","protected":false},"excerpt":{"rendered":"<p>AGORDO Oggi lo sportello di Agordo rester\u00e0 chiuso e Valpe Ambiente non effettuer\u00e0 le raccolte in alcuni Comuni: \u00e8 possibile consultare l&#8217;Ecocalendario 2022 per verificare se il servizio sar\u00e0 regolare nella propria zona. Inoltre, dal 27 marzo al 29 ottobre 2022 l\u2019Ecocentro di Sedico osserva gli orari di apertura previsti durante il periodo di ora&hellip;<\/p>\n","protected":false},"author":4,"featured_media":236977,"comment_status":"closed","ping_status":"closed","sticky":false,"template":"","format":"standard","meta":{"_monsterinsights_skip_tracking":false,"_monsterinsights_sitenote_active":false,"_monsterinsights_sitenote_note":"","_monsterinsights_sitenote_category":0,"footnotes":""},"categories":[49],"tags":[],"class_list":["post-266634","post","type-post","status-publish","format-standard","has-post-thumbnail","hentry","category-news-18","category-49","description-off"],"img_url":"https:\/\/www.radiopiu.net\/wordpress\/wp-content\/uploads\/2021\/10\/VALPE.png","_links":{"self":[{"href":"https:\/\/www.radiopiu.net\/wordpress\/wp-json\/wp\/v2\/posts\/266634","targetHints":{"allow":["GET"]}}],"collection":[{"href":"https:\/\/www.radiopiu.net\/wordpress\/wp-json\/wp\/v2\/posts"}],"about":[{"href":"https:\/\/www.radiopiu.net\/wordpress\/wp-json\/wp\/v2\/types\/post"}],"author":[{"embeddable":true,"href":"https:\/\/www.radiopiu.net\/wordpress\/wp-json\/wp\/v2\/users\/4"}],"replies":[{"embeddable":true,"href":"https:\/\/www.radiopiu.net\/wordpress\/wp-json\/wp\/v2\/comments?post=266634"}],"version-history":[{"count":0,"href":"https:\/\/www.radiopiu.net\/wordpress\/wp-json\/wp\/v2\/posts\/266634\/revisions"}],"wp:featuredmedia":[{"embeddable":true,"href":"https:\/\/www.radiopiu.net\/wordpress\/wp-json\/wp\/v2\/media\/236977"}],"wp:attachment":[{"href":"https:\/\/www.radiopiu.net\/wordpress\/wp-json\/wp\/v2\/media?parent=266634"}],"wp:term":[{"taxonomy":"category","embeddable":true,"href":"https:\/\/www.radiopiu.net\/wordpress\/wp-json\/wp\/v2\/categories?post=266634"},{"taxonomy":"post_tag","embeddable":true,"href":"https:\/\/www.radiopiu.net\/wordpress\/wp-json\/wp\/v2\/tags?post=266634"}],"curies":[{"name":"wp","href":"https:\/\/api.w.org\/{rel}","templated":true}]}}