{"id":266673,"date":"2022-03-24T14:29:50","date_gmt":"2022-03-24T13:29:50","guid":{"rendered":"https:\/\/www.radiopiu.net\/wordpress\/?p=266673"},"modified":"2022-03-24T14:48:08","modified_gmt":"2022-03-24T13:48:08","slug":"incendi-boschivi-al-lavoro-per-spegnere-quello-di-fortogna-il-punto","status":"publish","type":"post","link":"https:\/\/www.radiopiu.net\/wordpress\/incendi-boschivi-al-lavoro-per-spegnere-quello-di-fortogna-il-punto\/","title":{"rendered":"INCENDI BOSCHIVI. AL LAVORO PER SPEGNERE QUELLO DI FORTOGNA. IL PUNTO."},"content":{"rendered":"<p><strong><img loading=\"lazy\" decoding=\"async\" class=\"alignleft\" src=\"https:\/\/www.radiopiu.net\/wordpress\/wp-content\/uploads\/2022\/03\/f9425775-0a5a-450a-acae-7ef9939a2cd4.jpg\" width=\"286\" height=\"214\" \/>VENEZIA\u00a0<\/strong> Nelle ultime settimane, in Veneto si sono moltiplicati gli incendi: da Treviso a Belluno, da Verona a Venezia. In particolare, da domenica scorsa si sono sviluppati e intensificati nella regione diversi roghi quasi tutti efficacemente presi in carico, domati e spenti: all\u2019appello manca solamente l\u2019incendio di Fortogna, a Longarone, nel bellunese, dove sono gi\u00e0 intervenuti, nelle ore scorse, due elicotteri della Regione e due Canadair. In questo momento, comunque, grazie al miglioramento del vento e delle condizioni meteo, si \u00e8 riusciti a far intervenire un elicottero Erickson per domare l\u2019incendio e l\u2019Arpav ha intensificato le attivit\u00e0 di monitoraggio sulla qualit\u00e0 dell\u2019aria del bellunese e del trevigiano. L\u2019Ulss nel frattempo raccomanda alla popolazione di limitare le attivit\u00e0 all\u2019aperto. Stasera, per fare il punto della situazione e decidere come agire, la Protezione Civile della Regione del Veneto terr\u00e0 un incontro tecnico multidisciplinare a Longarone insieme a vari soggetti coinvolti. Gli incendi boschivi sono delle \u201cbrutte bestie\u201d, quando si pensa di averli domati si riaccendono improvvisamente e diventano anche pi\u00f9 aggressivi. Gli uomini sul campo sono professionisti, a cui va un grande grazie, che sono addestrati a contrastare queste bestie pericolosissime per la salute e l\u2019incolumit\u00e0 della gente veneta e per la tutela del territorio che viene, purtroppo in questo modo, depauperato della sua ricchezza naturalistica e delle sue risorse biologiche. Di seguito si evidenzia, in sintesi, un bilancio di alcuni degli ultimi incendi boschivi efficacemente spenti: domenica scorsa \u00e8 scoppiato un incendio boschivo in comune di Borso del Grappa, nel trevigiano, dove sono intervenuti i volontari della Protezione Civile Antincendio boschivo, coi pompieri, guidati dal Direttore delle Operazioni di Spegnimento della Regione Veneto. In loco anche l&#8217;elicottero della Protezione Civile del Veneto. Successivamente \u00e8 scoppiato un incendio a Marano di Valpolicella, nel veronese, un altro a Vedelago, in provincia di Treviso, sulle sorgenti del Sile, dove il fuoco si era esteso in maniera aggressiva, ma che poi \u00e8 stato domato. Un altro si \u00e8 acceso a Cappella Maggiore (Treviso) e nel comune di Erbezzo (Verona): entrambi spenti e bonificati. Un incendio anche a Sovramonte (Belluno): intervenuti sul posto, con successo, i Vigili del fuoco e i volontari Ana (Associazione Nazionale Alpini) della Protezione Civile di Feltre. Un incendio in localit\u00e0 Stoccaredo a Gallio (Vicenza): attivati volontari protezione civile antincendio boschivo di Lugo e Enego ed \u00e8 intervenuto anche l\u2019elicottero della Protezione Civile della Regione. Le aree interessate dagli incendi, dopo lo spegnimento, sono state bonificate anche con l\u2019ausilio di una squadra di operai forestali della Regione. Un incendio a Pederobba, localit\u00e0 Onigo (Treviso), presso l\u2019agriturismo Col Maor: anche questo spento e bonificato. Un altro incendio, sempre poi domato, ad Affi, localit\u00e0 Eremo San fermo (Verona). In Val di Zoldo, nel bellunese, un incendio che poi si \u00e8 riattivato. E, sempre nel bellunese, un altro \u00e8 scoppiato a Soffranco, addirittura nei pressi di abitazione con residenti. Sempre in loco i volontari della Protezione Civile e i Vigili del fuoco. Nelle ultime ore \u00e8 scoppiato anche un incendio boschivo presso il comune di Piovene Rocchette, localit\u00e0 all&#8217;Angelo Monte Summano, nel vicentino, e a Vestenanova, nel veronese, con una intensa attivit\u00e0 di incendio sotterraneo per cui si \u00e8 rilevata necessaria un\u2019azione di bagnatura soprattutto lungo i margini, anche con intervento dell\u2019elicottero della Regione che ha effettuato numerosi lanci. Nelle ultime settimane il problema degli incendi boschivi si \u00e8 intensificato, ma vanno evidenziati due aspetti: il primo che anche gli incendi pi\u00f9 grossi sono stati immediatamente presi in carico e spenti, il secondo che questo risultato \u00e8 dettato da un Piano, che \u00e8 stato redatto a livello regionale sulla gestione degli incendi, e che ha permesso, proprio negli ultimi anni, di ridurre del 50 per cento il pericolo di incendi boschivi. Questo non significa che si \u00e8 risolto il problema (si guardi, appunto, le ultime settimane) ma \u00e8 indubbio ed evidente e si pu\u00f2 toccare con mano che il problema \u00e8 continuamente attenzionato dalla Regione del Veneto e che, su questo fronte, non si abbassa mai la guardia.\u00a0La strategia regionale, che \u00e8 composta da tre ingredienti fondamentali (previsione, prevenzione e lotta attiva), rimane una delle armi pi\u00f9 potenti che detiene il Veneto per contrastare gli incendi boschivi. Lo dimostrano i numeri: si \u00e8 passati, infatti, da una media di 122 incendi all&#8217;anno, nel periodo antecedente al 2000, a una media di 62 incendi all&#8217;anno (-50%), nel periodo successivo al 2000. Non solo: si \u00e8 registrata anche una notevole riduzione dell&#8217;estensione media degli incendi, che \u00e8 passata da 8 ettari a 3,6 ettari (-55%). Inoltre, il personale intervenuto, sia regionale che volontario, \u00e8 costantemente calato nel tempo per la miglior organizzazione del sistema, cos\u00ec come si sono ridotte le ore di intervento degli elicotteri regionali, con un valor medio registrato di 107 ore\/anno\u201d.<\/p>\n<p>&nbsp;<\/p>\n<p>&nbsp;<\/p>\n<p>___<\/p>\n","protected":false},"excerpt":{"rendered":"<p>VENEZIA\u00a0 Nelle ultime settimane, in Veneto si sono moltiplicati gli incendi: da Treviso a Belluno, da Verona a Venezia. In particolare, da domenica scorsa si sono sviluppati e intensificati nella regione diversi roghi quasi tutti efficacemente presi in carico, domati e spenti: all\u2019appello manca solamente l\u2019incendio di Fortogna, a Longarone, nel bellunese, dove sono gi\u00e0&hellip;<\/p>\n","protected":false},"author":4,"featured_media":266518,"comment_status":"closed","ping_status":"closed","sticky":false,"template":"","format":"standard","meta":{"_monsterinsights_skip_tracking":false,"_monsterinsights_sitenote_active":false,"_monsterinsights_sitenote_note":"","_monsterinsights_sitenote_category":0,"footnotes":""},"categories":[49],"tags":[],"class_list":["post-266673","post","type-post","status-publish","format-standard","has-post-thumbnail","hentry","category-news-18","category-49","description-off"],"img_url":"https:\/\/www.radiopiu.net\/wordpress\/wp-content\/uploads\/2022\/03\/f9425775-0a5a-450a-acae-7ef9939a2cd4.jpg","_links":{"self":[{"href":"https:\/\/www.radiopiu.net\/wordpress\/wp-json\/wp\/v2\/posts\/266673","targetHints":{"allow":["GET"]}}],"collection":[{"href":"https:\/\/www.radiopiu.net\/wordpress\/wp-json\/wp\/v2\/posts"}],"about":[{"href":"https:\/\/www.radiopiu.net\/wordpress\/wp-json\/wp\/v2\/types\/post"}],"author":[{"embeddable":true,"href":"https:\/\/www.radiopiu.net\/wordpress\/wp-json\/wp\/v2\/users\/4"}],"replies":[{"embeddable":true,"href":"https:\/\/www.radiopiu.net\/wordpress\/wp-json\/wp\/v2\/comments?post=266673"}],"version-history":[{"count":0,"href":"https:\/\/www.radiopiu.net\/wordpress\/wp-json\/wp\/v2\/posts\/266673\/revisions"}],"wp:featuredmedia":[{"embeddable":true,"href":"https:\/\/www.radiopiu.net\/wordpress\/wp-json\/wp\/v2\/media\/266518"}],"wp:attachment":[{"href":"https:\/\/www.radiopiu.net\/wordpress\/wp-json\/wp\/v2\/media?parent=266673"}],"wp:term":[{"taxonomy":"category","embeddable":true,"href":"https:\/\/www.radiopiu.net\/wordpress\/wp-json\/wp\/v2\/categories?post=266673"},{"taxonomy":"post_tag","embeddable":true,"href":"https:\/\/www.radiopiu.net\/wordpress\/wp-json\/wp\/v2\/tags?post=266673"}],"curies":[{"name":"wp","href":"https:\/\/api.w.org\/{rel}","templated":true}]}}