{"id":266758,"date":"2022-03-24T17:16:29","date_gmt":"2022-03-24T16:16:29","guid":{"rendered":"https:\/\/www.radiopiu.net\/wordpress\/?p=266758"},"modified":"2022-03-24T17:16:29","modified_gmt":"2022-03-24T16:16:29","slug":"incendi-fortogna-e-soffranco-zaia-dichiara-stato-di-crisi-su-area-longarone","status":"publish","type":"post","link":"https:\/\/www.radiopiu.net\/wordpress\/incendi-fortogna-e-soffranco-zaia-dichiara-stato-di-crisi-su-area-longarone\/","title":{"rendered":"INCENDI FORTOGNA E SOFFRANCO: ZAIA DICHIARA STATO DI CRISI SU AREA LONGARONE"},"content":{"rendered":"<p><strong><a class=\"dt-pswp-item\" href=\"https:\/\/www.radiopiu.net\/wordpress\/wp-content\/uploads\/2022\/03\/79125365-f57f-48d5-935c-569e68f83c63.jpg\" data-dt-img-description=\"\" data-large_image_width=\"1600\" data-large_image_height=\"1200\"><img loading=\"lazy\" decoding=\"async\" class=\" wp-image-266530 alignleft\" src=\"https:\/\/www.radiopiu.net\/wordpress\/wp-content\/uploads\/2022\/03\/79125365-f57f-48d5-935c-569e68f83c63-300x225.jpg\" alt=\"\" width=\"245\" height=\"184\" srcset=\"https:\/\/www.radiopiu.net\/wordpress\/wp-content\/uploads\/2022\/03\/79125365-f57f-48d5-935c-569e68f83c63-300x225.jpg 300w, https:\/\/www.radiopiu.net\/wordpress\/wp-content\/uploads\/2022\/03\/79125365-f57f-48d5-935c-569e68f83c63-1024x768.jpg 1024w, https:\/\/www.radiopiu.net\/wordpress\/wp-content\/uploads\/2022\/03\/79125365-f57f-48d5-935c-569e68f83c63-768x576.jpg 768w, https:\/\/www.radiopiu.net\/wordpress\/wp-content\/uploads\/2022\/03\/79125365-f57f-48d5-935c-569e68f83c63-1536x1152.jpg 1536w, https:\/\/www.radiopiu.net\/wordpress\/wp-content\/uploads\/2022\/03\/79125365-f57f-48d5-935c-569e68f83c63.jpg 1600w\" sizes=\"auto, (max-width: 245px) 100vw, 245px\" \/><\/a>VENEZIA <\/strong>Alla luce delle criticit\u00e0 riscontrate dopo lo scoppio degli incendi che hanno interessato in questi giorni la provincia di Belluno, con decreto 32 del 24 marzo 2022, il Presidente della Regione Veneto, Luca Zaia, ha dichiarato lo stato di crisi\u00a0avente per oggetto &#8220;Incendi boschivi sovrastanti l\u2019abitato di Fortogna e Igne-Soffranco in comune di Longarone&#8221;<strong>. <\/strong>A causa del rogo \u00e8 stata chiusa una stazione ferroviaria (Ponte delle Alpi) e bloccate 3 linee dell\u2019alta tensione per lo spegnimento in sicurezza \u201c<em>Personalmente e con tutte le strutture della Protezione Civile regionale \u2013 informa Zaia \u2013 stiamo monitorando da giorni la situazione, che riguarda pi\u00f9 province del Veneto. Siamo gi\u00e0 intervenuti tempestivamente in varie situazioni per assicurare il ritorno alla normalit\u00e0. Stiamo inoltre tenendo sotto stretta osservazione la qualit\u00e0 dell&#8217;aria<\/em>&#8220;.<\/p>\n<p>&nbsp;<\/p>\n<p>&nbsp;<\/p>\n<p>&nbsp;<\/p>\n<p>*****<\/p>\n","protected":false},"excerpt":{"rendered":"<p>VENEZIA Alla luce delle criticit\u00e0 riscontrate dopo lo scoppio degli incendi che hanno interessato in questi giorni la provincia di Belluno, con decreto 32 del 24 marzo 2022, il Presidente della Regione Veneto, Luca Zaia, ha dichiarato lo stato di crisi\u00a0avente per oggetto &#8220;Incendi boschivi sovrastanti l\u2019abitato di Fortogna e Igne-Soffranco in comune di Longarone&#8221;.&hellip;<\/p>\n","protected":false},"author":4,"featured_media":266530,"comment_status":"closed","ping_status":"closed","sticky":false,"template":"","format":"standard","meta":{"_monsterinsights_skip_tracking":false,"_monsterinsights_sitenote_active":false,"_monsterinsights_sitenote_note":"","_monsterinsights_sitenote_category":0,"footnotes":""},"categories":[49],"tags":[],"class_list":["post-266758","post","type-post","status-publish","format-standard","has-post-thumbnail","hentry","category-news-18","category-49","description-off"],"img_url":"https:\/\/www.radiopiu.net\/wordpress\/wp-content\/uploads\/2022\/03\/79125365-f57f-48d5-935c-569e68f83c63.jpg","_links":{"self":[{"href":"https:\/\/www.radiopiu.net\/wordpress\/wp-json\/wp\/v2\/posts\/266758","targetHints":{"allow":["GET"]}}],"collection":[{"href":"https:\/\/www.radiopiu.net\/wordpress\/wp-json\/wp\/v2\/posts"}],"about":[{"href":"https:\/\/www.radiopiu.net\/wordpress\/wp-json\/wp\/v2\/types\/post"}],"author":[{"embeddable":true,"href":"https:\/\/www.radiopiu.net\/wordpress\/wp-json\/wp\/v2\/users\/4"}],"replies":[{"embeddable":true,"href":"https:\/\/www.radiopiu.net\/wordpress\/wp-json\/wp\/v2\/comments?post=266758"}],"version-history":[{"count":0,"href":"https:\/\/www.radiopiu.net\/wordpress\/wp-json\/wp\/v2\/posts\/266758\/revisions"}],"wp:featuredmedia":[{"embeddable":true,"href":"https:\/\/www.radiopiu.net\/wordpress\/wp-json\/wp\/v2\/media\/266530"}],"wp:attachment":[{"href":"https:\/\/www.radiopiu.net\/wordpress\/wp-json\/wp\/v2\/media?parent=266758"}],"wp:term":[{"taxonomy":"category","embeddable":true,"href":"https:\/\/www.radiopiu.net\/wordpress\/wp-json\/wp\/v2\/categories?post=266758"},{"taxonomy":"post_tag","embeddable":true,"href":"https:\/\/www.radiopiu.net\/wordpress\/wp-json\/wp\/v2\/tags?post=266758"}],"curies":[{"name":"wp","href":"https:\/\/api.w.org\/{rel}","templated":true}]}}