{"id":266780,"date":"2022-03-25T05:55:22","date_gmt":"2022-03-25T04:55:22","guid":{"rendered":"https:\/\/www.radiopiu.net\/wordpress\/?p=266780"},"modified":"2022-03-25T05:56:42","modified_gmt":"2022-03-25T04:56:42","slug":"escompad","status":"publish","type":"post","link":"https:\/\/www.radiopiu.net\/wordpress\/escompad\/","title":{"rendered":"IL PEGGIO E&#8217; PASSATO, ANCHE NELLA ZONA DOVE ERA PREVISTA UN&#8217;ESERCITAZIONE MILITARE"},"content":{"rendered":"<p>&nbsp;<\/p>\n<p><span style=\"color: #000000;\"><strong>LONGARONE <\/strong>Il peggio \u00e8 passato, anche nel luogo che fa parte di un poligono militare come si legge nell&#8217;avviso del Comando Forze Operative Nord, ovvero un provvedimento di sgombero (numero 11 del 2022) per i giorni 9, 10, 16, 17, 23, 24, 30 marzo dalle 7 del mattino alle 22.30 della sera. E&#8217; il poligono denominato &#8220;Monte Serva Nord&#8221;. Quindi nei giorni in cui \u00e8 scoppiato l&#8217;incendio erano previste esercitazioni. Il Comando di Padova ieri sera ha smentito fossero in corso operazioni militari, ma tutte le ipotesi sono al vaglio dei Carabinieri Forestali sotto l&#8217;attento controllo della Procura di Belluno. Nulla per ora \u00e8 certo, nulla viene escluso tantomeno la mano del piromane alla luce dei tre diversi inneschi rilevati anche dal basso.<\/span><\/p>\n<p>&nbsp;<\/p>\n<blockquote>\n<h2>SERVE ALTRO TEMPO PER RIAPRIRE LA SP 251<\/h2>\n<\/blockquote>\n<p><strong><a class=\"dt-pswp-item\" href=\"https:\/\/www.radiopiu.net\/wordpress\/wp-content\/uploads\/2022\/03\/f25cf322-60ce-4d13-a21f-f1fb8a621a65.jpg\" data-dt-img-description=\"\" data-large_image_width=\"960\" data-large_image_height=\"720\"><img loading=\"lazy\" decoding=\"async\" class=\" wp-image-266548 alignleft\" src=\"https:\/\/www.radiopiu.net\/wordpress\/wp-content\/uploads\/2022\/03\/f25cf322-60ce-4d13-a21f-f1fb8a621a65-300x225.jpg\" alt=\"\" width=\"171\" height=\"128\" srcset=\"https:\/\/www.radiopiu.net\/wordpress\/wp-content\/uploads\/2022\/03\/f25cf322-60ce-4d13-a21f-f1fb8a621a65-300x225.jpg 300w, https:\/\/www.radiopiu.net\/wordpress\/wp-content\/uploads\/2022\/03\/f25cf322-60ce-4d13-a21f-f1fb8a621a65-768x576.jpg 768w, https:\/\/www.radiopiu.net\/wordpress\/wp-content\/uploads\/2022\/03\/f25cf322-60ce-4d13-a21f-f1fb8a621a65.jpg 960w\" sizes=\"auto, (max-width: 171px) 100vw, 171px\" \/><\/a>VENEZIA<\/strong> &#8220;<em>Rispetto a questa mattina la situazione \u00e8 peggiorata sul versante della Sp 251 della Val Zoldana e Val Cellina e quindi ci vorr\u00e0 almeno una settimana per riaprire la strada<\/em>&#8220;. Silvano Vernizzi direttore generale di Veneto Strade spiega le modalit\u00e0 per ripristinare le condizioni di sicurezza. &#8220;<em>Purtroppo nonostante il duro lavoro dei vigili del fuoco, il fronte dell&#8217;incendio si \u00e8 allargato a quasi un chilometro. Questo rende pi\u00f9 difficile spegnere le fiamme anche perch\u00e8 l&#8217;incendio \u00e8 a circa 200 metri sopra il ciglio stradale. Quindi bisogna prima spegnere completamente le fiamme, poi con i geologi fare un sopralluogo e capire se ci sono massi che potrebbero cadere. In quel caso andranno disgaggiati. Serve pi\u00f9 tempo insomma. Nel frattempo si sta pensando a percorsi alternativi per non isolare i cittadini residenti in zona e assicurare il transito per gli scuola bus che portano gli studenti nelle scuole. Una volta ripristinate le condizioni di sicurezza dovranno essere installati dei &#8220;paraschegge&#8221; per almeno 600 metri di lunghezza. Un lavoro che faremo appena ci saranno le condizioni<\/em>&#8220;.<\/p>\n<p>&nbsp;<\/p>\n<p>&nbsp;<\/p>\n<p>*****<\/p>\n","protected":false},"excerpt":{"rendered":"<p>&nbsp; LONGARONE Il peggio \u00e8 passato, anche nel luogo che fa parte di un poligono militare come si legge nell&#8217;avviso del Comando Forze Operative Nord, ovvero un provvedimento di sgombero (numero 11 del 2022) per i giorni 9, 10, 16, 17, 23, 24, 30 marzo dalle 7 del mattino alle 22.30 della sera. E&#8217; il&hellip;<\/p>\n","protected":false},"author":4,"featured_media":266548,"comment_status":"closed","ping_status":"closed","sticky":false,"template":"","format":"standard","meta":{"_monsterinsights_skip_tracking":false,"_monsterinsights_sitenote_active":false,"_monsterinsights_sitenote_note":"","_monsterinsights_sitenote_category":0,"footnotes":""},"categories":[51,49],"tags":[],"class_list":["post-266780","post","type-post","status-publish","format-standard","has-post-thumbnail","hentry","category-evidenza-top","category-news-18","category-51","category-49","description-off"],"img_url":"https:\/\/www.radiopiu.net\/wordpress\/wp-content\/uploads\/2022\/03\/f25cf322-60ce-4d13-a21f-f1fb8a621a65.jpg","_links":{"self":[{"href":"https:\/\/www.radiopiu.net\/wordpress\/wp-json\/wp\/v2\/posts\/266780","targetHints":{"allow":["GET"]}}],"collection":[{"href":"https:\/\/www.radiopiu.net\/wordpress\/wp-json\/wp\/v2\/posts"}],"about":[{"href":"https:\/\/www.radiopiu.net\/wordpress\/wp-json\/wp\/v2\/types\/post"}],"author":[{"embeddable":true,"href":"https:\/\/www.radiopiu.net\/wordpress\/wp-json\/wp\/v2\/users\/4"}],"replies":[{"embeddable":true,"href":"https:\/\/www.radiopiu.net\/wordpress\/wp-json\/wp\/v2\/comments?post=266780"}],"version-history":[{"count":0,"href":"https:\/\/www.radiopiu.net\/wordpress\/wp-json\/wp\/v2\/posts\/266780\/revisions"}],"wp:featuredmedia":[{"embeddable":true,"href":"https:\/\/www.radiopiu.net\/wordpress\/wp-json\/wp\/v2\/media\/266548"}],"wp:attachment":[{"href":"https:\/\/www.radiopiu.net\/wordpress\/wp-json\/wp\/v2\/media?parent=266780"}],"wp:term":[{"taxonomy":"category","embeddable":true,"href":"https:\/\/www.radiopiu.net\/wordpress\/wp-json\/wp\/v2\/categories?post=266780"},{"taxonomy":"post_tag","embeddable":true,"href":"https:\/\/www.radiopiu.net\/wordpress\/wp-json\/wp\/v2\/tags?post=266780"}],"curies":[{"name":"wp","href":"https:\/\/api.w.org\/{rel}","templated":true}]}}