{"id":266924,"date":"2022-03-25T15:18:45","date_gmt":"2022-03-25T14:18:45","guid":{"rendered":"https:\/\/www.radiopiu.net\/wordpress\/?p=266924"},"modified":"2022-03-25T15:18:45","modified_gmt":"2022-03-25T14:18:45","slug":"transcivetta-2022-ancora-pochi-giorni-per-poter-usufruire-delliscrizione-agevolata","status":"publish","type":"post","link":"https:\/\/www.radiopiu.net\/wordpress\/transcivetta-2022-ancora-pochi-giorni-per-poter-usufruire-delliscrizione-agevolata\/","title":{"rendered":"TRANSCIVETTA 2022, ANCORA POCHI GIORNI PER POTER USUFRUIRE DELL&#8217;ISCRIZIONE AGEVOLATA"},"content":{"rendered":"<p><strong><a class=\"dt-pswp-item\" href=\"https:\/\/www.radiopiu.net\/wordpress\/wp-content\/uploads\/2022\/03\/\u00a9TiComunicazione_-TRANSCIVETTA-KARPOS-2022.jpg\" data-dt-img-description=\"\" data-large_image_width=\"1900\" data-large_image_height=\"1267\"><img loading=\"lazy\" decoding=\"async\" class=\" wp-image-266927 alignleft\" src=\"https:\/\/www.radiopiu.net\/wordpress\/wp-content\/uploads\/2022\/03\/\u00a9TiComunicazione_-TRANSCIVETTA-KARPOS-2022-300x200.jpg\" alt=\"\" width=\"185\" height=\"123\" srcset=\"https:\/\/www.radiopiu.net\/wordpress\/wp-content\/uploads\/2022\/03\/\u00a9TiComunicazione_-TRANSCIVETTA-KARPOS-2022-300x200.jpg 300w, https:\/\/www.radiopiu.net\/wordpress\/wp-content\/uploads\/2022\/03\/\u00a9TiComunicazione_-TRANSCIVETTA-KARPOS-2022-1024x683.jpg 1024w, https:\/\/www.radiopiu.net\/wordpress\/wp-content\/uploads\/2022\/03\/\u00a9TiComunicazione_-TRANSCIVETTA-KARPOS-2022-768x512.jpg 768w, https:\/\/www.radiopiu.net\/wordpress\/wp-content\/uploads\/2022\/03\/\u00a9TiComunicazione_-TRANSCIVETTA-KARPOS-2022-1536x1024.jpg 1536w, https:\/\/www.radiopiu.net\/wordpress\/wp-content\/uploads\/2022\/03\/\u00a9TiComunicazione_-TRANSCIVETTA-KARPOS-2022.jpg 1900w\" sizes=\"auto, (max-width: 185px) 100vw, 185px\" \/><\/a>ALLEGHE <\/strong>Rimangono ancora pochi giorni per poter usufruire dell&#8217;iscrizione agevolata alla quarantesima edizione della Transcivetta, l\u2019evento della corsa in montagna, classicissima a coppie, si svolger\u00e0 domenica 17 luglio sul classico tracciato da Listolade ai Piani di Pezz\u00e8 di Alleghe. Per coloro che si iscriveranno entro il 31 marzo, infatti, la quota (a coppia) \u00e8 fissata a 80 euro, con possibilit\u00e0 di scegliere la taglia del capo tecnico previsto nel pacco gara.\u00a0 Dall\u20191 aprile al 3 luglio la quota passer\u00e0 a 90 euro. La data ultima per aderire a Transcivetta \u00e8 fissata al 3 luglio, salvo il raggiungimento anticipato delle mille coppie, numero massimo fissato dall\u2019organizzazione. Sar\u00e0 possibile partecipare in maniera competitiva, e in questo caso\u00a0bisogner\u00e0 essere in possesso del certificato medico agonistico, oppure in maniera non competitiva. In\u00a0quest\u2019ultimo\u00a0caso sar\u00e0 sufficiente un certificato medico non agonistico.<\/p>\n<p>&nbsp;<\/p>\n<p>&nbsp;<\/p>\n<p>*****<\/p>\n","protected":false},"excerpt":{"rendered":"<p>ALLEGHE Rimangono ancora pochi giorni per poter usufruire dell&#8217;iscrizione agevolata alla quarantesima edizione della Transcivetta, l\u2019evento della corsa in montagna, classicissima a coppie, si svolger\u00e0 domenica 17 luglio sul classico tracciato da Listolade ai Piani di Pezz\u00e8 di Alleghe. Per coloro che si iscriveranno entro il 31 marzo, infatti, la quota (a coppia) \u00e8 fissata&hellip;<\/p>\n","protected":false},"author":4,"featured_media":266927,"comment_status":"closed","ping_status":"closed","sticky":false,"template":"","format":"standard","meta":{"_monsterinsights_skip_tracking":false,"_monsterinsights_sitenote_active":false,"_monsterinsights_sitenote_note":"","_monsterinsights_sitenote_category":0,"footnotes":""},"categories":[49],"tags":[],"class_list":["post-266924","post","type-post","status-publish","format-standard","has-post-thumbnail","hentry","category-news-18","category-49","description-off"],"img_url":"https:\/\/www.radiopiu.net\/wordpress\/wp-content\/uploads\/2022\/03\/\u00a9TiComunicazione_-TRANSCIVETTA-KARPOS-2022.jpg","_links":{"self":[{"href":"https:\/\/www.radiopiu.net\/wordpress\/wp-json\/wp\/v2\/posts\/266924","targetHints":{"allow":["GET"]}}],"collection":[{"href":"https:\/\/www.radiopiu.net\/wordpress\/wp-json\/wp\/v2\/posts"}],"about":[{"href":"https:\/\/www.radiopiu.net\/wordpress\/wp-json\/wp\/v2\/types\/post"}],"author":[{"embeddable":true,"href":"https:\/\/www.radiopiu.net\/wordpress\/wp-json\/wp\/v2\/users\/4"}],"replies":[{"embeddable":true,"href":"https:\/\/www.radiopiu.net\/wordpress\/wp-json\/wp\/v2\/comments?post=266924"}],"version-history":[{"count":0,"href":"https:\/\/www.radiopiu.net\/wordpress\/wp-json\/wp\/v2\/posts\/266924\/revisions"}],"wp:featuredmedia":[{"embeddable":true,"href":"https:\/\/www.radiopiu.net\/wordpress\/wp-json\/wp\/v2\/media\/266927"}],"wp:attachment":[{"href":"https:\/\/www.radiopiu.net\/wordpress\/wp-json\/wp\/v2\/media?parent=266924"}],"wp:term":[{"taxonomy":"category","embeddable":true,"href":"https:\/\/www.radiopiu.net\/wordpress\/wp-json\/wp\/v2\/categories?post=266924"},{"taxonomy":"post_tag","embeddable":true,"href":"https:\/\/www.radiopiu.net\/wordpress\/wp-json\/wp\/v2\/tags?post=266924"}],"curies":[{"name":"wp","href":"https:\/\/api.w.org\/{rel}","templated":true}]}}