{"id":266932,"date":"2022-03-26T05:25:25","date_gmt":"2022-03-26T04:25:25","guid":{"rendered":"https:\/\/www.radiopiu.net\/wordpress\/?p=266932"},"modified":"2022-03-26T05:33:15","modified_gmt":"2022-03-26T04:33:15","slug":"emergenza-ucraina-oltre-un-centinaio-i-rifugiati-gia-arrivati-sul-territorio-comunale-di-feltre","status":"publish","type":"post","link":"https:\/\/www.radiopiu.net\/wordpress\/emergenza-ucraina-oltre-un-centinaio-i-rifugiati-gia-arrivati-sul-territorio-comunale-di-feltre\/","title":{"rendered":"EMERGENZA UCRAINA, OLTRE UN CENTINAIO I RIFUGIATI GI\u00c0 ARRIVATI SUL TERRITORIO COMUNALE DI FELTRE"},"content":{"rendered":"<p><strong><a class=\"dt-pswp-item\" href=\"https:\/\/www.radiopiu.net\/wordpress\/wp-content\/uploads\/2020\/06\/94e3b68b-d386-4f94-8aa8-30105c25932b.jpg\" data-dt-img-description=\"\" data-large_image_width=\"960\" data-large_image_height=\"720\"><img loading=\"lazy\" decoding=\"async\" class=\" wp-image-145789 alignleft\" src=\"https:\/\/www.radiopiu.net\/wordpress\/wp-content\/uploads\/2020\/06\/94e3b68b-d386-4f94-8aa8-30105c25932b-300x225.jpg\" alt=\"\" width=\"203\" height=\"152\" srcset=\"https:\/\/www.radiopiu.net\/wordpress\/wp-content\/uploads\/2020\/06\/94e3b68b-d386-4f94-8aa8-30105c25932b-300x225.jpg 300w, https:\/\/www.radiopiu.net\/wordpress\/wp-content\/uploads\/2020\/06\/94e3b68b-d386-4f94-8aa8-30105c25932b-768x576.jpg 768w, https:\/\/www.radiopiu.net\/wordpress\/wp-content\/uploads\/2020\/06\/94e3b68b-d386-4f94-8aa8-30105c25932b.jpg 960w\" sizes=\"auto, (max-width: 203px) 100vw, 203px\" \/><\/a>FELTRE <\/strong>Per affrontare al meglio l&#8217;emergenza legata all&#8217;arrivo dei rifugiati ucraini e coordinare le iniziative ad essa collegate, il Comune di Feltre attiver\u00e0 da luned\u00ec prossimo, 28 marzo, anche il C.O.C. (Centro Operativo Comunale), per le funzioni di assistenza alla popolazione e volontariato. La sede del centro sar\u00e0 dislocata, come di consueto, presso lo stabile dei Magazzini Comunali di via Vignigole 21. I riferimenti, per qualsiasi comunicazione istituzionale, sono il n. di telefono 0439 847309 e la mail <a href=\"mailto:protezionecivile@comune.feltre.bl.it\">protezionecivile@comune.feltre.bl.it<\/a>. Il C.O.C. Avr\u00e0 i seguenti orari di apertura: Luned\u00ec, gioved\u00ec e venerd\u00ec dalle 8.00 alle14.00; marted\u00ec e mercoled\u00ec dalle 8.00 alle 13.00 e dalle 14.00 alle 18.00. Continuano intanto ad affluire le donazioni effettuate in questi giorni sul conto corrente dedicato all&#8217;emergenza ucraina, intestato all&#8217;Azienda Feltrina per i Servizi alla Persona attivato presso la Banca Prealpi SanBiagio, Filiale di Feltre (IBAN: IT30O0890461110026000000771 e Causale: EMERGENZA UCRAINA). Molti sono i cittadini che hanno voluto dare il proprio contributo per l&#8217;acquisto di beni e materiali di prima necessit\u00e0, e molte sono anche le associazioni e le aziende che hanno effettuato donazioni, talune estremamente\u00a0 significative. E&#8217; il caso, tra le altre, della ditta Vemer Spa che ha fatto pervenire la somma di 10 mila euro e dell&#8217;Associazione TILT che ha donato la somma di 5 mila euro. Molte associazioni hanno poi devoluto l&#8217;incasso di iniziative benefiche promosse appositamente in favore dell&#8217;emergenza ucraina: \u00e8 il caso, tra gli altri, del Gruppo Alpini di Farra a seguito di un&#8217;iniziativa che ha visto protagonisti i gruppi sportivi del ghiaccio e dell&#8217;ANA Atletica Feltre e dell&#8217;Associazione Giro delle Mura a seguito del \u201cCross per l&#8217;Ucraina\u201d, svoltosi domenica scorsa.\u00a0 Tra gli altri gesti particolarmente significativi, il Gruppo Paterno ha donato 25 materassi e 35 cuscini per l&#8217;allestimento degli alloggi di emergenza dove poter ospitare le persone in arrivo dalle zone di guerra.<\/p>\n<p><strong>GIORGIA LI CASTRI, ASSESSORE PER LE POLITICHE SOCIALI<\/strong><\/p>\n<audio class=\"wp-audio-shortcode\" id=\"audio-266932-1\" preload=\"none\" style=\"width: 100%;\" controls=\"controls\"><source type=\"audio\/mpeg\" src=\"https:\/\/www.radiopiu.net\/wordpress\/wp-content\/uploads\/2022\/03\/Audio-Li-Castri-su-em.-Ucraina.mp3?_=1\" \/><a href=\"https:\/\/www.radiopiu.net\/wordpress\/wp-content\/uploads\/2022\/03\/Audio-Li-Castri-su-em.-Ucraina.mp3\">https:\/\/www.radiopiu.net\/wordpress\/wp-content\/uploads\/2022\/03\/Audio-Li-Castri-su-em.-Ucraina.mp3<\/a><\/audio>\n<p>&nbsp;<\/p>\n<p>&nbsp;<\/p>\n<p>*****<\/p>\n","protected":false},"excerpt":{"rendered":"<p>FELTRE Per affrontare al meglio l&#8217;emergenza legata all&#8217;arrivo dei rifugiati ucraini e coordinare le iniziative ad essa collegate, il Comune di Feltre attiver\u00e0 da luned\u00ec prossimo, 28 marzo, anche il C.O.C. (Centro Operativo Comunale), per le funzioni di assistenza alla popolazione e volontariato. La sede del centro sar\u00e0 dislocata, come di consueto, presso lo stabile&hellip;<\/p>\n","protected":false},"author":4,"featured_media":145789,"comment_status":"closed","ping_status":"closed","sticky":false,"template":"","format":"standard","meta":{"_monsterinsights_skip_tracking":false,"_monsterinsights_sitenote_active":false,"_monsterinsights_sitenote_note":"","_monsterinsights_sitenote_category":0,"footnotes":""},"categories":[51,49],"tags":[],"class_list":["post-266932","post","type-post","status-publish","format-standard","has-post-thumbnail","hentry","category-evidenza-top","category-news-18","category-51","category-49","description-off"],"img_url":"https:\/\/www.radiopiu.net\/wordpress\/wp-content\/uploads\/2020\/06\/94e3b68b-d386-4f94-8aa8-30105c25932b.jpg","_links":{"self":[{"href":"https:\/\/www.radiopiu.net\/wordpress\/wp-json\/wp\/v2\/posts\/266932","targetHints":{"allow":["GET"]}}],"collection":[{"href":"https:\/\/www.radiopiu.net\/wordpress\/wp-json\/wp\/v2\/posts"}],"about":[{"href":"https:\/\/www.radiopiu.net\/wordpress\/wp-json\/wp\/v2\/types\/post"}],"author":[{"embeddable":true,"href":"https:\/\/www.radiopiu.net\/wordpress\/wp-json\/wp\/v2\/users\/4"}],"replies":[{"embeddable":true,"href":"https:\/\/www.radiopiu.net\/wordpress\/wp-json\/wp\/v2\/comments?post=266932"}],"version-history":[{"count":0,"href":"https:\/\/www.radiopiu.net\/wordpress\/wp-json\/wp\/v2\/posts\/266932\/revisions"}],"wp:featuredmedia":[{"embeddable":true,"href":"https:\/\/www.radiopiu.net\/wordpress\/wp-json\/wp\/v2\/media\/145789"}],"wp:attachment":[{"href":"https:\/\/www.radiopiu.net\/wordpress\/wp-json\/wp\/v2\/media?parent=266932"}],"wp:term":[{"taxonomy":"category","embeddable":true,"href":"https:\/\/www.radiopiu.net\/wordpress\/wp-json\/wp\/v2\/categories?post=266932"},{"taxonomy":"post_tag","embeddable":true,"href":"https:\/\/www.radiopiu.net\/wordpress\/wp-json\/wp\/v2\/tags?post=266932"}],"curies":[{"name":"wp","href":"https:\/\/api.w.org\/{rel}","templated":true}]}}