{"id":267012,"date":"2022-03-28T05:35:45","date_gmt":"2022-03-28T03:35:45","guid":{"rendered":"https:\/\/www.radiopiu.net\/wordpress\/?p=267012"},"modified":"2022-03-28T09:06:54","modified_gmt":"2022-03-28T07:06:54","slug":"giornale-radiopiu-21118-marzo-2022-direttore-mirko-mezzacasa","status":"publish","type":"post","link":"https:\/\/www.radiopiu.net\/wordpress\/giornale-radiopiu-21118-marzo-2022-direttore-mirko-mezzacasa\/","title":{"rendered":"GIORNALE RADIOPIU 28 MARZO 2022 DIRETTORE MIRKO MEZZACASA"},"content":{"rendered":"<h3 class=\"kvgmc6g5 cxmmr5t8 oygrvhab hcukyx3x c1et5uql\"><span style=\"color: #0000ff;\"><strong><a class=\"dt-pswp-item\" href=\"https:\/\/www.radiopiu.net\/wordpress\/wp-content\/uploads\/2022\/03\/FOLLADOR-AGORDO-2.jpg\" data-dt-img-description=\"\" data-large_image_width=\"1280\" data-large_image_height=\"720\"><img decoding=\"async\" src=\"https:\/\/www.radiopiu.net\/wordpress\/wp-content\/uploads\/2022\/03\/cba2d493-c501-4863-be1c-936acc813dcb.jpg\" \/><\/a>INFORMAZIONE il canale su TELEGRAM informazione di prima\u00a0 <\/strong><\/span><span style=\"color: #0000ff;\"><strong>mano e in tempo reale. iscriviti ed aiutaci a farlo conoscere<\/strong><\/span><\/h3>\n<p>&nbsp;<\/p>\n<h1><span style=\"color: #ff0000;\">DOMANI&#8230; ORE 10.10 DAGLI ALUNNI DELLE ELEMENTARI E DELLE MEDIE DI AGORDO &#8220;PER LA PACE&#8221; SU TUTTI I CANALI DI RADIO PIU<\/span><\/h1>\n<p>&nbsp;<\/p>\n<p>&nbsp;<\/p>\n<hr \/>\n<p>&nbsp;<\/p>\n<blockquote>\n<h3 class=\"entry-title\">CINQUANTENNE MUORE NELLE ACQUE DEL PIAVE<\/h3>\n<\/blockquote>\n<p><strong><a class=\"dt-pswp-item\" href=\"https:\/\/www.radiopiu.net\/wordpress\/wp-content\/uploads\/2022\/03\/morto.png\" data-dt-img-description=\"\" data-large_image_width=\"253\" data-large_image_height=\"319\"><img loading=\"lazy\" decoding=\"async\" class=\" wp-image-267340 alignleft\" src=\"https:\/\/www.radiopiu.net\/wordpress\/wp-content\/uploads\/2022\/03\/morto-150x150.png\" alt=\"\" width=\"119\" height=\"119\" \/><\/a>QUERO VAS<\/strong> Un uomo di 50 anni, operaio di Castelcucco ma originario di Asolo \u00e8 morto ieri alle sette del mattino per annegamento tra il trevigiano (Segusino) e il feltrino (Quero Vas).\u00a0 L\u2019uomo \u00a0Franco Andreolle\u00a0 con l\u2019hobby della pesca \u00e8 scivolato in acqua, forse colpito da un malore. L\u2019allarme \u00e8 stato dato da un amico che si trovava con lui. Sul posto i vigili del fuoco di Feltre e Montebelluna, il Suem (inutili i tentativi di rianimarlo) e i Carabinieri di Feltre per i rilievi di legge. Attivato anche l\u2019elisoccorso di Treviso Emergenza ma per l\u2019uomo non c\u2019\u00e8 stato niente da fare.<\/p>\n<p>&nbsp;<\/p>\n<p>&nbsp;<\/p>\n<hr \/>\n<p>&nbsp;<\/p>\n<blockquote>\n<h3>DUE FERITI NEL FRONTALE, COINVOLTE TRE AUTO<\/h3>\n<\/blockquote>\n<p><strong><a class=\"dt-pswp-item\" href=\"https:\/\/www.radiopiu.net\/wordpress\/wp-content\/uploads\/2022\/03\/th-20.jpg\" data-dt-img-description=\"\" data-large_image_width=\"359\" data-large_image_height=\"196\"><img loading=\"lazy\" decoding=\"async\" class=\" wp-image-267338 alignleft\" src=\"https:\/\/www.radiopiu.net\/wordpress\/wp-content\/uploads\/2022\/03\/th-20-150x150.jpg\" alt=\"\" width=\"94\" height=\"94\" \/><\/a>LONGARONE<\/strong>\u00a0 Anas ha dovuto chiudere la strada a Longarone in localit\u00e0 Desedan per alcune ore a seguito del frontale che nel pomeriggio di ieri ha coinvolto tre auto, due i feriti gi\u00e0 dimessi dopo i controlli all&#8217;ospedale San Martino di Belluno. Immancabili disagi e code. Sul posto\u00a0 i vigili del fuoco, l&#8217;ambulanza del Suem e la polizia stradale. Coinvolti\u00a0 un uomo di 63 anni di Trichiana, passeggero di un&#8217;auto e una donna di 54 di San Don\u00e0 di Piave alla guida del secondo messo.<\/p>\n<p>&nbsp;<\/p>\n<hr \/>\n<blockquote>\n<h3 class=\"entry-title\"><\/h3>\n<h3 class=\"entry-title\">COLPITO AL VOLTO DA UNA PIANTA<\/h3>\n<\/blockquote>\n<p><strong class=\"photoswipe-wrapper\"><a class=\"dt-pswp-item pspw-wrap-ready\" href=\"https:\/\/www.radiopiu.net\/wordpress\/wp-content\/uploads\/2021\/08\/salt_20210824_122827_438.jpg\" data-dt-img-description=\"\" data-large_image_width=\"2364\" data-large_image_height=\"1773\"><img loading=\"lazy\" decoding=\"async\" class=\"size-thumbnail wp-image-229324 alignleft\" src=\"https:\/\/www.radiopiu.net\/wordpress\/wp-content\/uploads\/2021\/08\/salt_20210824_122827_438-150x150.jpg\" alt=\"\" width=\"150\" height=\"150\" \/><\/a>LAMON<\/strong> Ieri alle 14.20 circa la Centrale del 118 \u00e8 stata attivata per l\u2019infortunio accaduto a un uomo, impegnato nei lavori boschivi non distante dalla propria abitazione in localit\u00e0 Chio\u00e8. Facendo legna, una pianta era infatti rimbalzata colpendolo al volto. Mentre una squadra del Soccorso alpino di Feltre si preparava per eventuale supporto alle operazioni, un\u2019ambulanza raggiungeva il luogo dell\u2019incidente, dove I.F., 62 anni, di Lamon (BL), si era nel frattempo portato sulla strada. L\u2019uomo, che aveva riportato un sospetto trauma facciale, \u00e8 stato poi recuperato dall\u2019elicottero di Trento emergenza, in arrivo dal Primiero, e trasportato all\u2019ospedale di Trento<\/p>\n<p>&nbsp;<\/p>\n<p>&nbsp;<\/p>\n<hr \/>\n<p>&nbsp;<\/p>\n<blockquote>\n<h3>PRECIPITA COL PARAPENDIO E VIENE RECUPERATO DAL SOCCORSO ALPINO<\/h3>\n<\/blockquote>\n<p><strong><a class=\"dt-pswp-item\" href=\"https:\/\/www.radiopiu.net\/wordpress\/wp-content\/uploads\/2018\/08\/soccorsoalpino.jpg\" data-dt-img-description=\"\" data-large_image_width=\"1200\" data-large_image_height=\"1200\"><img loading=\"lazy\" decoding=\"async\" class=\"size-thumbnail wp-image-59164 alignleft\" src=\"https:\/\/www.radiopiu.net\/wordpress\/wp-content\/uploads\/2018\/08\/soccorsoalpino-150x150.jpg\" alt=\"\" width=\"150\" height=\"150\" srcset=\"https:\/\/www.radiopiu.net\/wordpress\/wp-content\/uploads\/2018\/08\/soccorsoalpino-150x150.jpg 150w, https:\/\/www.radiopiu.net\/wordpress\/wp-content\/uploads\/2018\/08\/soccorsoalpino-300x300.jpg 300w, https:\/\/www.radiopiu.net\/wordpress\/wp-content\/uploads\/2018\/08\/soccorsoalpino-768x768.jpg 768w, https:\/\/www.radiopiu.net\/wordpress\/wp-content\/uploads\/2018\/08\/soccorsoalpino-1024x1024.jpg 1024w, https:\/\/www.radiopiu.net\/wordpress\/wp-content\/uploads\/2018\/08\/soccorsoalpino.jpg 1200w\" sizes=\"auto, (max-width: 150px) 100vw, 150px\" \/><\/a>LONGARONE<\/strong> Sabato attorno alle 13 la Centrale del 118 \u00e8 stata allertata per un parapendio precipitato sul Monte Dolada, nel versante che d\u00e0 sulla Val Gallina. Il pilota, che aveva perso il controllo della vela, dopo aver azionato l&#8217;emergenza era finito in un ripido tratto scosceso e innevato. Stava bene e si era slegato da solo, ma era bloccato vicino a un albero e non era in grado di spostarsi da solo. Mentre una squadra del Soccorso alpino dell&#8217;Alpago si portava in piazzola a Garna per eventuale supporto, l&#8217;elicottero del Suem di Pieve di Cadore, risalito al punto grazie alle coordinate ricevute, ha individuato le vele a circa 1.710 metri di quota e ha sbarcato in hovering il tecnico di elisoccorso, abbastanza distante perch\u00e9 non si gonfiassero con il flusso dell&#8217;aria. Il soccorritore ha percorso una sessantina di metri nella neve e ha raggiunto L.L., 51 anni, di Marcon (VE). Dopo averlo imbragato e assicurato, lo ha condotto a ritroso lungo la traccia fino a un dosso dove l&#8217;eliambulanza ha provveduto a imbarcare entrambi, sempre in hovering. L&#8217;uomo \u00e8 poi stato lasciato al Rifugio Dolomieu.<\/p>\n<p>&nbsp;<\/p>\n<hr \/>\n<p>&nbsp;<\/p>\n<blockquote>\n<h3>TOPI D&#8217;AUTO IN AZIONE A BELLUNO<\/h3>\n<\/blockquote>\n<p><a class=\"dt-pswp-item\" href=\"https:\/\/www.radiopiu.net\/wordpress\/wp-content\/uploads\/2022\/03\/car-1590508__480.jpg\" data-dt-img-description=\"\" data-large_image_width=\"720\" data-large_image_height=\"480\"><img loading=\"lazy\" decoding=\"async\" class=\" wp-image-267335 alignleft\" src=\"https:\/\/www.radiopiu.net\/wordpress\/wp-content\/uploads\/2022\/03\/car-1590508__480-150x150.jpg\" alt=\"\" width=\"105\" height=\"105\" \/><\/a><strong>BELLUNO<\/strong> Due furti nelle auto, a Belluno sabato sera e a Modolo nel pomeriggio di ieri. Nella Fiat Panda in piazzale stazione sabato sera \u00e8 stato rubato lo\u00a0 zainetto lasciato sul sedile. All&#8217;interno i ladri non hanno trovato nulla e lo hanno lasciato (svuotato) nel\u00a0 piazzale ferroviario. Nessuno segno di scasso, la portiera non era stata chiusa. A Modolo\u00a0 una donna ha denunciato il furto della borsetta lasciata in auto sotto il sedile. I ladri hanno infranto il finestrino.<\/p>\n<p>&nbsp;<\/p>\n<p>&nbsp;<\/p>\n<hr \/>\n<p>&nbsp;<\/p>\n<blockquote>\n<h3>TAGLIA LA PIANTA E COLPISCE LA LINEA DELL&#8217;ALTA TENSIONE. ATTIMI DI PAURA A VALLADA<\/h3>\n<\/blockquote>\n<p><strong><a class=\"dt-pswp-item\" href=\"https:\/\/www.radiopiu.net\/wordpress\/wp-content\/uploads\/2019\/05\/vallada-agordina.jpg\" data-dt-img-description=\"\" data-large_image_width=\"850\" data-large_image_height=\"567\"><img loading=\"lazy\" decoding=\"async\" class=\"size-thumbnail wp-image-85787 alignleft\" src=\"https:\/\/www.radiopiu.net\/wordpress\/wp-content\/uploads\/2019\/05\/vallada-agordina-150x150.jpg\" alt=\"\" width=\"150\" height=\"150\" \/><\/a>VALLADA<\/strong><\/p>\n<p>di Gianni Santomaso<\/p>\n<audio class=\"wp-audio-shortcode\" id=\"audio-267012-1\" preload=\"none\" style=\"width: 100%;\" controls=\"controls\"><source type=\"audio\/mpeg\" src=\"https:\/\/www.radiopiu.net\/wordpress\/wp-content\/uploads\/2022\/03\/GIANNI-ALBERO-VALLADA.mp3?_=1\" \/><a href=\"https:\/\/www.radiopiu.net\/wordpress\/wp-content\/uploads\/2022\/03\/GIANNI-ALBERO-VALLADA.mp3\">https:\/\/www.radiopiu.net\/wordpress\/wp-content\/uploads\/2022\/03\/GIANNI-ALBERO-VALLADA.mp3<\/a><\/audio>\n<p>&nbsp;<\/p>\n\n\t\t\t<style type='text\/css'>\n\t\t\t\t#gallery-1 {\n\t\t\t\t\tmargin: auto;\n\t\t\t\t}\n\t\t\t\t#gallery-1 .gallery-item {\n\t\t\t\t\tfloat: left;\n\t\t\t\t\tmargin-top: 10px;\n\t\t\t\t\ttext-align: center;\n\t\t\t\t\twidth: 25%;\n\t\t\t\t}\n\t\t\t\t#gallery-1 img {\n\t\t\t\t\tborder: 2px solid #cfcfcf;\n\t\t\t\t}\n\t\t\t\t#gallery-1 .gallery-caption {\n\t\t\t\t\tmargin-left: 0;\n\t\t\t\t}\n\t\t\t\t\/* see gallery_shortcode() in wp-includes\/media.php *\/\n\t\t\t<\/style>\n\t\t<div id='gallery-1' class='dt-gallery-container gallery galleryid-267012 gallery-columns-4 gallery-size-thumbnail'><dl class='gallery-item'>\n\t\t\t\t<dt class='gallery-icon portrait'>\n\t\t\t\t\t<a class=\"rollover rollover-zoom dt-pswp-item\" title=\"e968afdb-cb1f-4bf0-9b09-24f89c53ef10\" data-dt-img-description=\"\" data-large_image_width=\"1200\" data-large_image_height=\"1600\"href='https:\/\/www.radiopiu.net\/wordpress\/wp-content\/uploads\/2022\/03\/e968afdb-cb1f-4bf0-9b09-24f89c53ef10.jpg'><img loading=\"lazy\" decoding=\"async\" width=\"150\" height=\"150\" src=\"https:\/\/www.radiopiu.net\/wordpress\/wp-content\/uploads\/2022\/03\/e968afdb-cb1f-4bf0-9b09-24f89c53ef10-150x150.jpg\" class=\"attachment-thumbnail size-thumbnail\" alt=\"\" \/><\/a>\n\t\t\t\t<\/dt><\/dl><dl class='gallery-item'>\n\t\t\t\t<dt class='gallery-icon portrait'>\n\t\t\t\t\t<a class=\"rollover rollover-zoom dt-pswp-item\" title=\"8f97e1c3-d979-4747-9349-5c91cfcbd576\" data-dt-img-description=\"\" data-large_image_width=\"1200\" data-large_image_height=\"1600\"href='https:\/\/www.radiopiu.net\/wordpress\/wp-content\/uploads\/2022\/03\/8f97e1c3-d979-4747-9349-5c91cfcbd576.jpg'><img loading=\"lazy\" decoding=\"async\" width=\"150\" height=\"150\" src=\"https:\/\/www.radiopiu.net\/wordpress\/wp-content\/uploads\/2022\/03\/8f97e1c3-d979-4747-9349-5c91cfcbd576-150x150.jpg\" class=\"attachment-thumbnail size-thumbnail\" alt=\"\" \/><\/a>\n\t\t\t\t<\/dt><\/dl><dl class='gallery-item'>\n\t\t\t\t<dt class='gallery-icon portrait'>\n\t\t\t\t\t<a class=\"rollover rollover-zoom dt-pswp-item\" title=\"75c504b3-d307-412c-8e82-49e670d9f639\" data-dt-img-description=\"\" data-large_image_width=\"1200\" data-large_image_height=\"1600\"href='https:\/\/www.radiopiu.net\/wordpress\/wp-content\/uploads\/2022\/03\/75c504b3-d307-412c-8e82-49e670d9f639.jpg'><img loading=\"lazy\" decoding=\"async\" width=\"150\" height=\"150\" src=\"https:\/\/www.radiopiu.net\/wordpress\/wp-content\/uploads\/2022\/03\/75c504b3-d307-412c-8e82-49e670d9f639-150x150.jpg\" class=\"attachment-thumbnail size-thumbnail\" alt=\"\" \/><\/a>\n\t\t\t\t<\/dt><\/dl><dl class='gallery-item'>\n\t\t\t\t<dt class='gallery-icon landscape'>\n\t\t\t\t\t<a class=\"rollover rollover-zoom dt-pswp-item\" title=\"87058f91-29b7-4bcb-afbc-a8795ebf7a6c\" data-dt-img-description=\"\" data-large_image_width=\"1600\" data-large_image_height=\"1200\"href='https:\/\/www.radiopiu.net\/wordpress\/wp-content\/uploads\/2022\/03\/87058f91-29b7-4bcb-afbc-a8795ebf7a6c.jpg'><img loading=\"lazy\" decoding=\"async\" width=\"150\" height=\"150\" src=\"https:\/\/www.radiopiu.net\/wordpress\/wp-content\/uploads\/2022\/03\/87058f91-29b7-4bcb-afbc-a8795ebf7a6c-150x150.jpg\" class=\"attachment-thumbnail size-thumbnail\" alt=\"\" \/><\/a>\n\t\t\t\t<\/dt><\/dl><br style=\"clear: both\" \/>\n\t\t\t<\/div>\n\n<p>&nbsp;<\/p>\n<hr \/>\n<p>&nbsp;<\/p>\n<blockquote>\n<h3>IL MINISTRO FEDERICO D&#8217;INCA&#8217; SUI LUOGHI DELL&#8217;INCENDIO<\/h3>\n<\/blockquote>\n<p><strong>LONGARONE <\/strong>\u201c<em>Sono grato per il lavoro dei Vigili del Fuoco, della Protezione Civile e di tutti gli operatori che in questi giorni sono prontamente intervenuti per domare gli incendi boschivi nelle Dolomiti Bellunesi. Assieme al sindaco di Longarone e presidente della Provincia di Belluno Roberto Padrin, ho voluto visitare personalmente la postazione di intervento dei Vigili del Fuoco, la squadra antincendio regionale del Veneto e i volontari della Protezione Civile della sezione di Longarone per avere gli ultimi aggiornamenti sulla situazione e per ringraziare le donne e gli uomini impegnati nelle operazioni di spegnimento. Gi\u00e0 nella mattinata di sabato mi sono relazionato con la capo dipartimento dei Vigili del Fuoco, Laura Lega, i comandanti locali e il sindaco di Val di Zoldo, Camillo de Pellegrin che seguono gli interventi con la massima attenzione: l&#8217;allerta rimane alta cos\u00ec come il controllo nei confronti delle nostre comunit\u00e0. La siccit\u00e0 che sta colpendo l\u2019Italia del nord e il perseverare degli incendi mette sotto pressione le vallate alpine. Questa situazione ci fa ancora una volta comprendere come la lotta al cambiamento climatico sia necessaria e debba continuare anche per ristabilire gli equilibri idrici: \u00e8 la prima, vera, soluzione per evitare fenomeni estremi e contrastare proprio la siccit\u00e0 che porter\u00e0 nuovi incendi, arrecando danni anche alla nostra agricoltura<\/em>\u201d. Lo afferma il Ministro Federico D\u2019Inc\u00e0 in seguito alla visita di domenica 27 marzo nei luoghi del bellunese colpiti dagli incendi.<\/p>\n\n\t\t\t<style type='text\/css'>\n\t\t\t\t#gallery-2 {\n\t\t\t\t\tmargin: auto;\n\t\t\t\t}\n\t\t\t\t#gallery-2 .gallery-item {\n\t\t\t\t\tfloat: left;\n\t\t\t\t\tmargin-top: 10px;\n\t\t\t\t\ttext-align: center;\n\t\t\t\t\twidth: 33%;\n\t\t\t\t}\n\t\t\t\t#gallery-2 img {\n\t\t\t\t\tborder: 2px solid #cfcfcf;\n\t\t\t\t}\n\t\t\t\t#gallery-2 .gallery-caption {\n\t\t\t\t\tmargin-left: 0;\n\t\t\t\t}\n\t\t\t\t\/* see gallery_shortcode() in wp-includes\/media.php *\/\n\t\t\t<\/style>\n\t\t<div id='gallery-2' class='dt-gallery-container gallery galleryid-267012 gallery-columns-3 gallery-size-thumbnail'><dl class='gallery-item'>\n\t\t\t\t<dt class='gallery-icon portrait'>\n\t\t\t\t\t<a class=\"rollover rollover-zoom dt-pswp-item\" title=\"deb2be71-e242-437c-b20d-3b72ed5827ec\" data-dt-img-description=\"\" data-large_image_width=\"600\" data-large_image_height=\"800\"href='https:\/\/www.radiopiu.net\/wordpress\/wp-content\/uploads\/2022\/03\/deb2be71-e242-437c-b20d-3b72ed5827ec.jpg'><img loading=\"lazy\" decoding=\"async\" width=\"150\" height=\"150\" src=\"https:\/\/www.radiopiu.net\/wordpress\/wp-content\/uploads\/2022\/03\/deb2be71-e242-437c-b20d-3b72ed5827ec-150x150.jpg\" class=\"attachment-thumbnail size-thumbnail\" alt=\"\" \/><\/a>\n\t\t\t\t<\/dt><\/dl><dl class='gallery-item'>\n\t\t\t\t<dt class='gallery-icon landscape'>\n\t\t\t\t\t<a class=\"rollover rollover-zoom dt-pswp-item\" title=\"f4675446-5a96-42c8-8226-8afd042a0614\" data-dt-img-description=\"\" data-large_image_width=\"800\" data-large_image_height=\"600\"href='https:\/\/www.radiopiu.net\/wordpress\/wp-content\/uploads\/2022\/03\/f4675446-5a96-42c8-8226-8afd042a0614.jpg'><img loading=\"lazy\" decoding=\"async\" width=\"150\" height=\"150\" src=\"https:\/\/www.radiopiu.net\/wordpress\/wp-content\/uploads\/2022\/03\/f4675446-5a96-42c8-8226-8afd042a0614-150x150.jpg\" class=\"attachment-thumbnail size-thumbnail\" alt=\"\" \/><\/a>\n\t\t\t\t<\/dt><\/dl><dl class='gallery-item'>\n\t\t\t\t<dt class='gallery-icon landscape'>\n\t\t\t\t\t<a class=\"rollover rollover-zoom dt-pswp-item\" title=\"89082620-99d2-488c-8f36-b0f936dba793\" data-dt-img-description=\"\" data-large_image_width=\"1280\" data-large_image_height=\"960\"href='https:\/\/www.radiopiu.net\/wordpress\/wp-content\/uploads\/2022\/03\/89082620-99d2-488c-8f36-b0f936dba793.jpg'><img loading=\"lazy\" decoding=\"async\" width=\"150\" height=\"150\" src=\"https:\/\/www.radiopiu.net\/wordpress\/wp-content\/uploads\/2022\/03\/89082620-99d2-488c-8f36-b0f936dba793-150x150.jpg\" class=\"attachment-thumbnail size-thumbnail\" alt=\"\" \/><\/a>\n\t\t\t\t<\/dt><\/dl><br style=\"clear: both\" \/>\n\t\t\t<\/div>\n\n<p>&nbsp;<\/p>\n<p>&nbsp;<\/p>\n<hr \/>\n<p>&nbsp;<\/p>\n<blockquote>\n<h3>ACQUA NON POTABILE A PONTE NELLE ALPI. OGGI ALTRI CONTROLLI DI ARPAV<\/h3>\n<\/blockquote>\n<p><strong><a class=\"dt-pswp-item\" href=\"https:\/\/www.radiopiu.net\/wordpress\/wp-content\/uploads\/2019\/10\/ACQUA-SPORCA.jpeg\" data-dt-img-description=\"\" data-large_image_width=\"1024\" data-large_image_height=\"768\"><img loading=\"lazy\" decoding=\"async\" class=\"size-thumbnail wp-image-104646 alignleft\" src=\"https:\/\/www.radiopiu.net\/wordpress\/wp-content\/uploads\/2019\/10\/ACQUA-SPORCA-150x150.jpeg\" alt=\"\" width=\"150\" height=\"150\" \/><\/a>BELLUNO <\/strong>I primi parziali risultati delle analisi eseguite sui campioni di acqua destinata al consumo umano prelevati ieri presso alcuni punti della rete acquedottistica di Ponte nelle Alpi hanno evidenziato tracce di inquinanti chimici derivanti dalla combustione di materiale organico. E&#8217; stato confermato l&#8217;odore &#8220;terroso&#8221; a carico di tutti i campioni. Alla luce di ci\u00f2 si mantiene l&#8217;indicazione di\u00a0 <strong>NON utilizzo POTABILE <\/strong><strong>dell&#8217;acqua distribuita dalla rete acquedottistica <\/strong><strong>di Ponte nelle Alpi<\/strong>, rete che interessa anche alcuni territori contermini. <strong>Rimangono consentiti gli utilizzi igienico-sanitari<\/strong>. Oggi saranno eseguiti ulteriori controlli, con eventuali pi\u00f9 dettagliati provvedimenti.<\/p>\n<p>&nbsp;<\/p>\n<p>&nbsp;<\/p>\n<hr \/>\n<p>&nbsp;<\/p>\n<blockquote>\n<h3>LA VECIA POPA DE AGORT TORNA SUL BROI DOPO 2 ANNI<\/h3>\n<\/blockquote>\n<p><strong>AGORDO<\/strong> La Vecia Popa \u00e8 tornata sul Broi di Agordo dopo 2 anni di assenza. La sfilata, la festa e il testamento seguito in diretta da Radio Pi\u00f9<\/p>\n<p><strong>di Gianni Santomaso<\/strong><\/p>\n<audio class=\"wp-audio-shortcode\" id=\"audio-267012-2\" preload=\"none\" style=\"width: 100%;\" controls=\"controls\"><source type=\"audio\/mpeg\" src=\"https:\/\/www.radiopiu.net\/wordpress\/wp-content\/uploads\/2022\/03\/GIANNI-VECIA-POPA.mp3?_=2\" \/><a href=\"https:\/\/www.radiopiu.net\/wordpress\/wp-content\/uploads\/2022\/03\/GIANNI-VECIA-POPA.mp3\">https:\/\/www.radiopiu.net\/wordpress\/wp-content\/uploads\/2022\/03\/GIANNI-VECIA-POPA.mp3<\/a><\/audio>\n<p><strong>\u00a0\u00a0<\/strong><\/p>\n<p><strong>PER VISUALIZZARE IL VIDEO DELLA SFILATA <a href=\"https:\/\/www.facebook.com\/marco.baghy.1\/videos\/394044038789625\">CLICCA QUI<\/a><\/strong><\/p>\n<p><strong>PER IL VIDEO DEL TESTAMENTO<a href=\"https:\/\/www.facebook.com\/marco.baghy.1\/videos\/392950728929989\">\u00a0CLICCA QUI<\/a><\/strong><\/p>\n<blockquote class=\"wp-embedded-content\" data-secret=\"jM9vo73vGv\"><p><a href=\"https:\/\/www.radiopiu.net\/wordpress\/vecia-popa-2022-galleria-fotografica-di-brunella-moro\/\">VECIA POPA 2022 &#8211; GALLERIA FOTOGRAFICA di BRUNELLA MORO<\/a><\/p><\/blockquote>\n<p><iframe loading=\"lazy\" class=\"wp-embedded-content\" sandbox=\"allow-scripts\" security=\"restricted\" style=\"position: absolute; clip: rect(1px, 1px, 1px, 1px);\" title=\"&#8220;VECIA POPA 2022 &#8211; GALLERIA FOTOGRAFICA di BRUNELLA MORO&#8221; &#8212; Radio Pi\u00f9\" src=\"https:\/\/www.radiopiu.net\/wordpress\/vecia-popa-2022-galleria-fotografica-di-brunella-moro\/embed\/#?secret=0qGZvBDFNN#?secret=jM9vo73vGv\" data-secret=\"jM9vo73vGv\" width=\"600\" height=\"338\" frameborder=\"0\" marginwidth=\"0\" marginheight=\"0\" scrolling=\"no\"><\/iframe><\/p>\n<p>&nbsp;<\/p>\n<hr \/>\n<p>&nbsp;<\/p>\n<blockquote>\n<h3>TORNA IL BUS NAVETTA PER I DIPENDENTI LUXOTTICA DI AGORDO, PROGRAMMATO ANCHE LO STRAORDINARIO INCENTIVATO DI APRILE<\/h3>\n<\/blockquote>\n<p><strong>AGORDO<\/strong> A partire da oggi torna il bus navetta per i turnisti del pomeriggio dello stabilimento Luxottica di Agordo. Dopo alcuni mesi di stop del servizio, con l&#8217;inizio della settimana le maestranze potranno usufruire gratuitamente del bus che dai parcheggi di Agordo porter\u00e0 in localit\u00e0 Valcozzena gli operai per la giornata lavorativa. Nelle ultime ore i dipendenti del gruppo sono stati avvisati con una mail dove si specifica che il bus \u00e8 stato istituito anche perch\u00e8 a partire da oggi inizieranno delle importanti opere di miglioramento che riguardano i parcheggi esterni dello stabilimento di Agordo. Intanto la RSU e la dirigenza di Luxottica si sono incontrate per definire il piano di straordinari incentivati per il mese di aprile. L&#8217;area iniettato lavorer\u00e0 sabato 2 e 9 aprile e saranno chiamati al lavoro solo gli operai che in quella settimana svolgono il turno del mattino. Per l&#8217;area metallo e magazzino centrale i sabati lavorativi saranno il 9 e 30 aprile. Non sono chiamati al lavoro gli operai che svolgono le loro mansioni nei reparti stamperia metallo 1 e CNC, mentre la finitura metallo lavorer\u00e0 solo l&#8217;ultimo sabato del mese. Anche in questo caso lavoreranno solo coloro che in quella settimana svolgo il turno del mattino. Come sempre gli orari di lavoro saranno dalle 6 alle 12.<\/p>\n<p><strong>GLI ORARI E LE FERMATE DEL BUS NAVETTA LUXOTTICA<\/strong><\/p>\n\n\t\t\t<style type='text\/css'>\n\t\t\t\t#gallery-3 {\n\t\t\t\t\tmargin: auto;\n\t\t\t\t}\n\t\t\t\t#gallery-3 .gallery-item {\n\t\t\t\t\tfloat: left;\n\t\t\t\t\tmargin-top: 10px;\n\t\t\t\t\ttext-align: center;\n\t\t\t\t\twidth: 50%;\n\t\t\t\t}\n\t\t\t\t#gallery-3 img {\n\t\t\t\t\tborder: 2px solid #cfcfcf;\n\t\t\t\t}\n\t\t\t\t#gallery-3 .gallery-caption {\n\t\t\t\t\tmargin-left: 0;\n\t\t\t\t}\n\t\t\t\t\/* see gallery_shortcode() in wp-includes\/media.php *\/\n\t\t\t<\/style>\n\t\t<div id='gallery-3' class='dt-gallery-container gallery galleryid-267012 gallery-columns-2 gallery-size-thumbnail'><dl class='gallery-item'>\n\t\t\t\t<dt class='gallery-icon portrait'>\n\t\t\t\t\t<a class=\"rollover rollover-zoom dt-pswp-item\" title=\"037fdfbe-2b31-4fe7-b0d2-2cc1ddda64b0\" data-dt-img-description=\"\" data-large_image_width=\"666\" data-large_image_height=\"733\"href='https:\/\/www.radiopiu.net\/wordpress\/wp-content\/uploads\/2022\/03\/037fdfbe-2b31-4fe7-b0d2-2cc1ddda64b0.jpg'><img loading=\"lazy\" decoding=\"async\" width=\"150\" height=\"150\" src=\"https:\/\/www.radiopiu.net\/wordpress\/wp-content\/uploads\/2022\/03\/037fdfbe-2b31-4fe7-b0d2-2cc1ddda64b0-150x150.jpg\" class=\"attachment-thumbnail size-thumbnail\" alt=\"\" aria-describedby=\"gallery-3-267100\" \/><\/a>\n\t\t\t\t<\/dt>\n\t\t\t\t\t<dd class='wp-caption-text gallery-caption' id='gallery-3-267100'>\n\t\t\t\t\tGLI ORARI\n\t\t\t\t\t<\/dd><\/dl><dl class='gallery-item'>\n\t\t\t\t<dt class='gallery-icon portrait'>\n\t\t\t\t\t<a class=\"rollover rollover-zoom dt-pswp-item\" title=\"db43b783-1701-4d08-a0a2-1b8fff449b34\" data-dt-img-description=\"\" data-large_image_width=\"1035\" data-large_image_height=\"1265\"href='https:\/\/www.radiopiu.net\/wordpress\/wp-content\/uploads\/2022\/03\/db43b783-1701-4d08-a0a2-1b8fff449b34.jpg'><img loading=\"lazy\" decoding=\"async\" width=\"150\" height=\"150\" src=\"https:\/\/www.radiopiu.net\/wordpress\/wp-content\/uploads\/2022\/03\/db43b783-1701-4d08-a0a2-1b8fff449b34-150x150.jpg\" class=\"attachment-thumbnail size-thumbnail\" alt=\"\" aria-describedby=\"gallery-3-267101\" \/><\/a>\n\t\t\t\t<\/dt>\n\t\t\t\t\t<dd class='wp-caption-text gallery-caption' id='gallery-3-267101'>\n\t\t\t\t\tLE FERMATE\n\t\t\t\t\t<\/dd><\/dl><br style=\"clear: both\" \/>\n\t\t\t<\/div>\n\n<blockquote>\n<h3>BUS NAVETTA PER I DIPENDENTI LUXOTTICA CON L&#8217;INIZIO DEI LAVORI IN LOCALITA&#8217; VALCOZZENA AD AGORDO<\/h3>\n<\/blockquote>\n<p><strong><a class=\"dt-pswp-item\" href=\"https:\/\/www.radiopiu.net\/wordpress\/wp-content\/uploads\/2022\/03\/1dffdc76-3f06-4465-8a17-cdb83a08aba6.jpg\" data-dt-img-description=\"\" data-large_image_width=\"1364\" data-large_image_height=\"908\"><img loading=\"lazy\" decoding=\"async\" class=\"size-thumbnail wp-image-267183 alignleft\" src=\"https:\/\/www.radiopiu.net\/wordpress\/wp-content\/uploads\/2022\/03\/1dffdc76-3f06-4465-8a17-cdb83a08aba6-150x150.jpg\" alt=\"\" width=\"150\" height=\"150\" \/><\/a>AGORDO<\/strong><\/p>\n<p>di Gianni Santomaso<\/p>\n<audio class=\"wp-audio-shortcode\" id=\"audio-267012-3\" preload=\"none\" style=\"width: 100%;\" controls=\"controls\"><source type=\"audio\/mpeg\" src=\"https:\/\/www.radiopiu.net\/wordpress\/wp-content\/uploads\/2022\/03\/GIANNI-LUXOTTICA-1.mp3?_=3\" \/><a href=\"https:\/\/www.radiopiu.net\/wordpress\/wp-content\/uploads\/2022\/03\/GIANNI-LUXOTTICA-1.mp3\">https:\/\/www.radiopiu.net\/wordpress\/wp-content\/uploads\/2022\/03\/GIANNI-LUXOTTICA-1.mp3<\/a><\/audio>\n<p>&nbsp;<\/p>\n<hr \/>\n<p>&nbsp;<\/p>\n<blockquote>\n<h3>STEFANO MURER SMENTISCE LA SUA CANDIDATURA A SINDACO DI FALCADE<\/h3>\n<\/blockquote>\n<p><strong><a class=\"dt-pswp-item\" href=\"https:\/\/www.radiopiu.net\/wordpress\/wp-content\/uploads\/2022\/03\/STEFANO-MURER.png\" data-dt-img-description=\"\" data-large_image_width=\"400\" data-large_image_height=\"400\"><img loading=\"lazy\" decoding=\"async\" class=\"alignleft wp-image-266806 size-thumbnail\" src=\"https:\/\/www.radiopiu.net\/wordpress\/wp-content\/uploads\/2022\/03\/STEFANO-MURER-150x150.png\" alt=\"\" width=\"150\" height=\"150\" srcset=\"https:\/\/www.radiopiu.net\/wordpress\/wp-content\/uploads\/2022\/03\/STEFANO-MURER-150x150.png 150w, https:\/\/www.radiopiu.net\/wordpress\/wp-content\/uploads\/2022\/03\/STEFANO-MURER-300x300.png 300w, https:\/\/www.radiopiu.net\/wordpress\/wp-content\/uploads\/2022\/03\/STEFANO-MURER.png 400w\" sizes=\"auto, (max-width: 150px) 100vw, 150px\" \/><\/a>FALCADE<\/strong><\/p>\n<p>di Gianni Santomaso<\/p>\n<audio class=\"wp-audio-shortcode\" id=\"audio-267012-4\" preload=\"none\" style=\"width: 100%;\" controls=\"controls\"><source type=\"audio\/mpeg\" src=\"https:\/\/www.radiopiu.net\/wordpress\/wp-content\/uploads\/2022\/03\/GIANNI-STEFANO-MURER-OK.mp3?_=4\" \/><a href=\"https:\/\/www.radiopiu.net\/wordpress\/wp-content\/uploads\/2022\/03\/GIANNI-STEFANO-MURER-OK.mp3\">https:\/\/www.radiopiu.net\/wordpress\/wp-content\/uploads\/2022\/03\/GIANNI-STEFANO-MURER-OK.mp3<\/a><\/audio>\n<p>&nbsp;<\/p>\n<hr \/>\n<p>&nbsp;<\/p>\n<blockquote>\n<h3>SULLA PAGINA SEI DI FALCADE SE, LA SEGNALAZIONE DI COSTANTE<\/h3>\n<\/blockquote>\n<p><strong>FALCADE<\/strong> Costante Ganz segnala che sul lato a valle della mulattiera che da Falcade Alto scende verso Molino e a circa 70 metri prima delle vasche dell&#8217;acquedotto, c&#8217;\u00e8 un grosso masso che si \u00e8 staccato dalla sua sede originale ed \u00e8 attualmente in bilico e potrebbe ricadere improvvisamente verso valle in direzione della dismessa centrale elettrica. Pertanto \u00e8 un potenziale pericolo.<\/p>\n\n\t\t\t<style type='text\/css'>\n\t\t\t\t#gallery-4 {\n\t\t\t\t\tmargin: auto;\n\t\t\t\t}\n\t\t\t\t#gallery-4 .gallery-item {\n\t\t\t\t\tfloat: left;\n\t\t\t\t\tmargin-top: 10px;\n\t\t\t\t\ttext-align: center;\n\t\t\t\t\twidth: 50%;\n\t\t\t\t}\n\t\t\t\t#gallery-4 img {\n\t\t\t\t\tborder: 2px solid #cfcfcf;\n\t\t\t\t}\n\t\t\t\t#gallery-4 .gallery-caption {\n\t\t\t\t\tmargin-left: 0;\n\t\t\t\t}\n\t\t\t\t\/* see gallery_shortcode() in wp-includes\/media.php *\/\n\t\t\t<\/style>\n\t\t<div id='gallery-4' class='dt-gallery-container gallery galleryid-267012 gallery-columns-2 gallery-size-thumbnail'><dl class='gallery-item'>\n\t\t\t\t<dt class='gallery-icon portrait'>\n\t\t\t\t\t<a class=\"rollover rollover-zoom dt-pswp-item\" title=\"4f5b4e52-d059-4216-a351-0c68f8d80da8\" data-dt-img-description=\"\" data-large_image_width=\"450\" data-large_image_height=\"600\"href='https:\/\/www.radiopiu.net\/wordpress\/wp-content\/uploads\/2022\/03\/4f5b4e52-d059-4216-a351-0c68f8d80da8.jpg'><img loading=\"lazy\" decoding=\"async\" width=\"150\" height=\"150\" src=\"https:\/\/www.radiopiu.net\/wordpress\/wp-content\/uploads\/2022\/03\/4f5b4e52-d059-4216-a351-0c68f8d80da8-150x150.jpg\" class=\"attachment-thumbnail size-thumbnail\" alt=\"\" \/><\/a>\n\t\t\t\t<\/dt><\/dl><dl class='gallery-item'>\n\t\t\t\t<dt class='gallery-icon portrait'>\n\t\t\t\t\t<a class=\"rollover rollover-zoom dt-pswp-item\" title=\"7e1ae764-24ae-4c64-b210-ab60f5f3ab48\" data-dt-img-description=\"\" data-large_image_width=\"450\" data-large_image_height=\"600\"href='https:\/\/www.radiopiu.net\/wordpress\/wp-content\/uploads\/2022\/03\/7e1ae764-24ae-4c64-b210-ab60f5f3ab48.jpg'><img loading=\"lazy\" decoding=\"async\" width=\"150\" height=\"150\" src=\"https:\/\/www.radiopiu.net\/wordpress\/wp-content\/uploads\/2022\/03\/7e1ae764-24ae-4c64-b210-ab60f5f3ab48-150x150.jpg\" class=\"attachment-thumbnail size-thumbnail\" alt=\"\" \/><\/a>\n\t\t\t\t<\/dt><\/dl><br style=\"clear: both\" \/>\n\t\t\t<\/div>\n\n<p>&nbsp;<\/p>\n<hr \/>\n<p>&nbsp;<\/p>\n<blockquote class=\"wp-embedded-content\" data-secret=\"tP1b4JnSOe\"><p><a href=\"https:\/\/www.radiopiu.net\/wordpress\/ag01marzo2227\/\">CORONAVIRUS: AGGIORNAMENTO NAZIONALE 27 MARZO 2022<\/a><\/p><\/blockquote>\n<p><iframe loading=\"lazy\" class=\"wp-embedded-content\" sandbox=\"allow-scripts\" security=\"restricted\" style=\"position: absolute; clip: rect(1px, 1px, 1px, 1px);\" title=\"&#8220;CORONAVIRUS: AGGIORNAMENTO NAZIONALE 27 MARZO 2022&#8221; &#8212; Radio Pi\u00f9\" src=\"https:\/\/www.radiopiu.net\/wordpress\/ag01marzo2227\/embed\/#?secret=f2J0dGi3rh#?secret=tP1b4JnSOe\" data-secret=\"tP1b4JnSOe\" width=\"600\" height=\"338\" frameborder=\"0\" marginwidth=\"0\" marginheight=\"0\" scrolling=\"no\"><\/iframe><\/p>\n<p>&nbsp;<\/p>\n<blockquote class=\"wp-embedded-content\" data-secret=\"ke12yvOXgf\"><p><a href=\"https:\/\/www.radiopiu.net\/wordpress\/aggmarz27\/\">NELLE ULTIME 24 ORE IN VENETO QUASI 5 MILA NUOVI POSITIVI, 4 DECESSI. RICOVERI IN LIEVE CALO<\/a><\/p><\/blockquote>\n<p><iframe loading=\"lazy\" class=\"wp-embedded-content\" sandbox=\"allow-scripts\" security=\"restricted\" style=\"position: absolute; clip: rect(1px, 1px, 1px, 1px);\" title=\"&#8220;NELLE ULTIME 24 ORE IN VENETO QUASI 5 MILA NUOVI POSITIVI, 4 DECESSI. RICOVERI IN LIEVE CALO&#8221; &#8212; Radio Pi\u00f9\" src=\"https:\/\/www.radiopiu.net\/wordpress\/aggmarz27\/embed\/#?secret=bPT09hxUps#?secret=ke12yvOXgf\" data-secret=\"ke12yvOXgf\" width=\"600\" height=\"338\" frameborder=\"0\" marginwidth=\"0\" marginheight=\"0\" scrolling=\"no\"><\/iframe><\/p>\n<p>&nbsp;<\/p>\n<h2 dir=\"auto\">I GRAFICI DI TIZIANO DE COL<\/h2>\n\n\t\t\t<style type='text\/css'>\n\t\t\t\t#gallery-5 {\n\t\t\t\t\tmargin: auto;\n\t\t\t\t}\n\t\t\t\t#gallery-5 .gallery-item {\n\t\t\t\t\tfloat: left;\n\t\t\t\t\tmargin-top: 10px;\n\t\t\t\t\ttext-align: center;\n\t\t\t\t\twidth: 33%;\n\t\t\t\t}\n\t\t\t\t#gallery-5 img {\n\t\t\t\t\tborder: 2px solid #cfcfcf;\n\t\t\t\t}\n\t\t\t\t#gallery-5 .gallery-caption {\n\t\t\t\t\tmargin-left: 0;\n\t\t\t\t}\n\t\t\t\t\/* see gallery_shortcode() in wp-includes\/media.php *\/\n\t\t\t<\/style>\n\t\t<div id='gallery-5' class='dt-gallery-container gallery galleryid-267012 gallery-columns-3 gallery-size-thumbnail'><dl class='gallery-item'>\n\t\t\t\t<dt class='gallery-icon landscape'>\n\t\t\t\t\t<a class=\"rollover rollover-zoom dt-pswp-item\" title=\"fce43361-946f-4afe-918b-1d72e5729c4f\" data-dt-img-description=\"\" data-large_image_width=\"610\" data-large_image_height=\"359\"href='https:\/\/www.radiopiu.net\/wordpress\/wp-content\/uploads\/2022\/03\/fce43361-946f-4afe-918b-1d72e5729c4f.jpg'><img loading=\"lazy\" decoding=\"async\" width=\"150\" height=\"150\" src=\"https:\/\/www.radiopiu.net\/wordpress\/wp-content\/uploads\/2022\/03\/fce43361-946f-4afe-918b-1d72e5729c4f-150x150.jpg\" class=\"attachment-thumbnail size-thumbnail\" alt=\"\" \/><\/a>\n\t\t\t\t<\/dt><\/dl><dl class='gallery-item'>\n\t\t\t\t<dt class='gallery-icon landscape'>\n\t\t\t\t\t<a class=\"rollover rollover-zoom dt-pswp-item\" title=\"85ea2a4d-0bde-4f88-8574-834ea83d6d01\" data-dt-img-description=\"\" data-large_image_width=\"612\" data-large_image_height=\"366\"href='https:\/\/www.radiopiu.net\/wordpress\/wp-content\/uploads\/2022\/03\/85ea2a4d-0bde-4f88-8574-834ea83d6d01.jpg'><img loading=\"lazy\" decoding=\"async\" width=\"150\" height=\"150\" src=\"https:\/\/www.radiopiu.net\/wordpress\/wp-content\/uploads\/2022\/03\/85ea2a4d-0bde-4f88-8574-834ea83d6d01-150x150.jpg\" class=\"attachment-thumbnail size-thumbnail\" alt=\"\" \/><\/a>\n\t\t\t\t<\/dt><\/dl><dl class='gallery-item'>\n\t\t\t\t<dt class='gallery-icon landscape'>\n\t\t\t\t\t<a class=\"rollover rollover-zoom dt-pswp-item\" title=\"3706fb05-832a-4895-a3c2-53a76d43c00b\" data-dt-img-description=\"\" data-large_image_width=\"591\" data-large_image_height=\"364\"href='https:\/\/www.radiopiu.net\/wordpress\/wp-content\/uploads\/2022\/03\/3706fb05-832a-4895-a3c2-53a76d43c00b.jpg'><img loading=\"lazy\" decoding=\"async\" width=\"150\" height=\"150\" src=\"https:\/\/www.radiopiu.net\/wordpress\/wp-content\/uploads\/2022\/03\/3706fb05-832a-4895-a3c2-53a76d43c00b-150x150.jpg\" class=\"attachment-thumbnail size-thumbnail\" alt=\"\" \/><\/a>\n\t\t\t\t<\/dt><\/dl><br style=\"clear: both\" \/><dl class='gallery-item'>\n\t\t\t\t<dt class='gallery-icon landscape'>\n\t\t\t\t\t<a class=\"rollover rollover-zoom dt-pswp-item\" title=\"d9e30e74-e0a8-45e4-855b-c279df25105a\" data-dt-img-description=\"\" data-large_image_width=\"610\" data-large_image_height=\"359\"href='https:\/\/www.radiopiu.net\/wordpress\/wp-content\/uploads\/2022\/03\/d9e30e74-e0a8-45e4-855b-c279df25105a.jpg'><img loading=\"lazy\" decoding=\"async\" width=\"150\" height=\"150\" src=\"https:\/\/www.radiopiu.net\/wordpress\/wp-content\/uploads\/2022\/03\/d9e30e74-e0a8-45e4-855b-c279df25105a-150x150.jpg\" class=\"attachment-thumbnail size-thumbnail\" alt=\"\" \/><\/a>\n\t\t\t\t<\/dt><\/dl><dl class='gallery-item'>\n\t\t\t\t<dt class='gallery-icon landscape'>\n\t\t\t\t\t<a class=\"rollover rollover-zoom dt-pswp-item\" title=\"c408913c-f956-4c23-9e19-2cc11b0613b1\" data-dt-img-description=\"\" data-large_image_width=\"618\" data-large_image_height=\"362\"href='https:\/\/www.radiopiu.net\/wordpress\/wp-content\/uploads\/2022\/03\/c408913c-f956-4c23-9e19-2cc11b0613b1.jpg'><img loading=\"lazy\" decoding=\"async\" width=\"150\" height=\"150\" src=\"https:\/\/www.radiopiu.net\/wordpress\/wp-content\/uploads\/2022\/03\/c408913c-f956-4c23-9e19-2cc11b0613b1-150x150.jpg\" class=\"attachment-thumbnail size-thumbnail\" alt=\"\" \/><\/a>\n\t\t\t\t<\/dt><\/dl><dl class='gallery-item'>\n\t\t\t\t<dt class='gallery-icon landscape'>\n\t\t\t\t\t<a class=\"rollover rollover-zoom dt-pswp-item\" title=\"8cb4e975-2489-473d-8711-1a23df3ac3fb\" data-dt-img-description=\"\" data-large_image_width=\"614\" data-large_image_height=\"366\"href='https:\/\/www.radiopiu.net\/wordpress\/wp-content\/uploads\/2022\/03\/8cb4e975-2489-473d-8711-1a23df3ac3fb.jpg'><img loading=\"lazy\" decoding=\"async\" width=\"150\" height=\"150\" src=\"https:\/\/www.radiopiu.net\/wordpress\/wp-content\/uploads\/2022\/03\/8cb4e975-2489-473d-8711-1a23df3ac3fb-150x150.jpg\" class=\"attachment-thumbnail size-thumbnail\" alt=\"\" \/><\/a>\n\t\t\t\t<\/dt><\/dl><br style=\"clear: both\" \/>\n\t\t\t<\/div>\n\n<p>&nbsp;<\/p>\n<hr \/>\n<p>&nbsp;<\/p>\n<blockquote>\n<h3>PORTALE LEGNO VENETO, ASTE PER OLTRE UN MILIONE DI EURO<\/h3>\n<\/blockquote>\n<p><strong><a class=\"dt-pswp-item\" href=\"https:\/\/www.radiopiu.net\/wordpress\/wp-content\/uploads\/2022\/03\/PHOTO-2022-03-26-08-08-53.jpg\" data-dt-img-description=\"\" data-large_image_width=\"721\" data-large_image_height=\"512\"><img loading=\"lazy\" decoding=\"async\" class=\"wp-image-267107 alignleft\" src=\"https:\/\/www.radiopiu.net\/wordpress\/wp-content\/uploads\/2022\/03\/PHOTO-2022-03-26-08-08-53-300x213.jpg\" alt=\"\" width=\"209\" height=\"149\" srcset=\"https:\/\/www.radiopiu.net\/wordpress\/wp-content\/uploads\/2022\/03\/PHOTO-2022-03-26-08-08-53-300x213.jpg 300w, https:\/\/www.radiopiu.net\/wordpress\/wp-content\/uploads\/2022\/03\/PHOTO-2022-03-26-08-08-53.jpg 721w\" sizes=\"auto, (max-width: 209px) 100vw, 209px\" \/><\/a>BELLUNO <\/strong><span class=\"s1\">\u00ab<em>La foresta \u00e8 fondamentale per il nostro territorio. La materia prima legno ha un valore enorme, anche se spesso se ne accorgono solo gli addetti ai lavori<\/em>\u00bb. Lo ha detto la presidente di Confartigianato Belluno Claudia Scarzanella, nel presentare il progetto del Portale legno veneto durante un convegno sul tema ad Agrimont, la fiera dell\u2019agricoltura in corso a Longarone. Al tavolo dei relatori anche Veneto Agricoltura, la Camera di Commercio Belluno Treviso, i rappresentanti dei Comuni coinvolti e l\u2019assessore regionale all\u2019Ambiente Gianpaolo Bottacin.<\/span> <span class=\"s1\">Il progetto \u201cIt-For\u201d ha visto Confartigianato Imprese Veneto collaborare con importanti partner del settore legno, tra cui l\u2019Universit\u00e0 degli Studi di Padova, la Camera di Commercio di Treviso Belluno e il consorzio Cifort. E come primissimo risultato concreto ha portato alla creazione di una piattaforma digitale (<a href=\"http:\/\/www.portalelegnoveneto.it\/\"><span class=\"s3\">www.portalelegnoveneto.it<\/span><\/a>) nata per far incontrare la domanda e l\u2019offerta nel mercato del legno e quindi incrementare la commercializzazione della materia prima da parte di enti pubblici e imprese private. La piattaforma \u00e8 stata attivata nella primavera 2021 e ha gi\u00e0 prodotto i primi effetti.<\/span> <span class=\"s1\">Dall\u2019attivazione a oggi risultano 160 imprese iscritte al Portale legno veneto (il 55% sono imprese di prima lavorazione; il 23% di seconda lavorazione; il 2% di prima e seconda insieme; il 3% riguarda invece il comparto mobile-arredo, mentre il 17% sono aziende che svolgono altre attivit\u00e0 all\u2019interno della filiera). Oltre alle imprese, sono iscritti anche 37 enti pubblici (di cui 12 Comuni bellunesi e 8 istituti regolieri della provincia), e 36 privati.\u00a0<\/span> <span class=\"s1\">Nel primo anno di attivit\u00e0, il portale ha registrato 2.437 nuovi utenti e oltre 30mila visualizzazioni (il 94% dall\u2019Italia, il 6% dall\u2019estero, soprattutto dagli Stati Uniti).\u00a0<\/span> <span class=\"s1\">In un anno sono state gestite 15 aste per un totale di 40 lotti boschivi complessivi (di propriet\u00e0 di 7 Comuni e 1 istituto regoliero). Il prezzo a base d\u2019asta complessivo era di 879mila euro, l\u2019aggiudicazione ammonta a 1,1 milioni. In pratica, c\u2019\u00e8 stato un incremento importi del 22%. Sono stati venduti 290mila quintali di legno (22 lotti di resinose e 18 di faggi).<\/span><\/p>\n<p>&nbsp;<\/p>\n<p>&nbsp;<\/p>\n<hr \/>\n<p>&nbsp;<\/p>\n<blockquote>\n<h3>IL MINISTRO D&#8217;INCA&#8217; IN VISITA AD AGRIMONT<\/h3>\n<\/blockquote>\n<p><strong><a class=\"dt-pswp-item\" href=\"https:\/\/www.radiopiu.net\/wordpress\/wp-content\/uploads\/2022\/03\/Ministro-Coldiretti-1.jpg\" data-dt-img-description=\"\" data-large_image_width=\"2000\" data-large_image_height=\"1333\"><img loading=\"lazy\" decoding=\"async\" class=\"size-thumbnail wp-image-267220 alignleft\" src=\"https:\/\/www.radiopiu.net\/wordpress\/wp-content\/uploads\/2022\/03\/Ministro-Coldiretti-1-150x150.jpg\" alt=\"\" width=\"150\" height=\"150\" \/><\/a>LONGARONE <\/strong>A Longarone la visita del Ministro per i Rapporti con il Parlamento, l\u2019On. Federico D\u2019Inc\u00e0, accompagnato dal Presidente della Provincia di Belluno, Roberto Padrin. Non poteva mancare un passaggio ad Agrimont, una fiera profondamente legata al territorio, punto di riferimento per l\u2019agricoltura e la zootecnia in montagna, per il duro lavoro in pendenza. \u201cLa parola chiave \u00e8 entusiasmo. Persone che non vedevano una fiera da moltissimo tempo e non vedevano l\u2019ora di potervi partecipare. Ho visto espositori che hanno accolto questo entusiasmo cercando di dare un ulteriore contributo all\u2019agricoltura di montagna con questa 41a Agrimont. Un momento molto importante per ritrovarsi faccia a faccia, perch\u00e9 genera voglia di andare avanti, di rinnovarsi, di continuare a credere nell\u2019agricoltura di montagna che \u00e8 sempre pi\u00f9 centrale nel dare prodotti innovativi e biologici, capaci di trovare mercati nuovi in questo mondo che non aspetta altro per valorizzare le nostre bellissime montagne\u201d.<\/p>\n<p>&nbsp;<\/p>\n<p>&nbsp;<\/p>\n<hr \/>\n<p>&nbsp;<\/p>\n<blockquote>\n<h3>L&#8217;EDUCAZIONE SALE SUL BUS. DOLOMITIBUS INCONTRA GLI STUDENTI BELLUNESI<\/h3>\n<\/blockquote>\n<p><strong><a class=\"dt-pswp-item\" href=\"https:\/\/www.radiopiu.net\/wordpress\/wp-content\/uploads\/2022\/03\/image002.jpg\" data-dt-img-description=\"\" data-large_image_width=\"2000\" data-large_image_height=\"1500\"><img loading=\"lazy\" decoding=\"async\" class=\"size-thumbnail wp-image-267091 alignleft\" src=\"https:\/\/www.radiopiu.net\/wordpress\/wp-content\/uploads\/2022\/03\/image002-150x150.jpg\" alt=\"\" width=\"150\" height=\"150\" \/><\/a>BELLUNO <\/strong><span class=\"s1\">Sull\u2019autobus in sicurezza, con poche semplici regole di vivere civile. \u00c8 la sensibilizzazione del progetto scuole di Dolomiti Bus. \u201cEducazione a una mobilit\u00e0 sicura e sostenibile\u201d \u00e8 ripartito dopo due anni di sospensione forzata a causa dell\u2019emergenza Covid. Diverse le scuole che hanno gi\u00e0 partecipato e l\u2019iniziativa ha fatto tappa alle elementari di Badilet (Belluno).\u00a0 <\/span><span class=\"s1\">Dolomiti Bus ha aperto le porte dell\u2019azienda ai piccoli allievi della classe quinta, che hanno potuto ascoltare le indicazioni su come si sale in autobus e come ci si comporta una volta a bordo del servizio di trasporto. <\/span><span class=\"s2\">Il progetto infatti <\/span><span class=\"s1\">si struttura in una serie di incontri: due per le scuole superiori (uno in classe e uno nella sede di Dolomiti Bus); per tutte le altre scuole, dalle materne fino alle medie, un incontro nella sede dell\u2019azienda di trasporto pubblico locale. L\u2019obiettivo principale \u00e8 quello di sviluppare, fin da piccoli e dagli anni dell\u2019adolescenza, il rispetto per la cosa pubblica (il bus, in questo caso) e le buone regole del vivere civile. In questo modo, l\u2019azienda del territorio intende dare un contributo alla formazione della cultura della legalit\u00e0 e del rispetto delle regole attraverso immagini di storia vissuta a bordo degli autobus: sporcizia, atti vandalici e graffiti. Situazioni che fanno male alla collettivit\u00e0 di chi utilizza il servizio pubblico, ma che hanno anche risvolti amministrativi e penali. Proprio questo aspetto vede la collaborazione della Polizia di Stato di Belluno che attraverso video e slide fanno riflettere i ragazzi sulle conseguenze di certi comportamenti. Gli agenti della Polizia affrontano anche il tema del bullismo come una delle possibili manifestazioni di aggressivit\u00e0 messe in atto dai bambini e dagli adolescenti a scuola, nei luoghi di ritrovo giovanili, e anche sull\u2019autobus. <\/span><span class=\"s1\">Questi temi sono stati raccontati anche alla classe quinta della scuola di Badilet, questa mattina. Il progetto, completamente gratuito per i partecipanti, ha gi\u00e0 visto il primo incontro a scuola con alcune classi dell\u2019istituto alberghiero Dolomieu; questi ragazzi concluderanno il percorso con la visita dell\u2019officina di Dolomiti Bus (in via Col da Ren) nelle prossime settimane. Al momento, fino alla fine dell\u2019anno scolastico, sono gi\u00e0 stati programmati altri 12 incontri con le scuole dell\u2019infanzia e della scuola primaria.<\/span><\/p>\n<p>&nbsp;<\/p>\n<p>&nbsp;<\/p>\n<hr \/>\n<p>&nbsp;<\/p>\n<blockquote>\n<h3>UNA MOSTRA DI DISEGNI SULLA PACE PER ACCOGLIERE I NUOVI ALUNNI ARRIVATI DA L&#8217;UCRAINA<\/h3>\n<\/blockquote>\n<p><strong><a class=\"dt-pswp-item\" href=\"https:\/\/www.radiopiu.net\/wordpress\/wp-content\/uploads\/2022\/03\/Disegni_per_la_pace_2.jpg\" data-dt-img-description=\"\" data-large_image_width=\"1024\" data-large_image_height=\"768\"><img loading=\"lazy\" decoding=\"async\" class=\"wp-image-267109 alignleft\" src=\"https:\/\/www.radiopiu.net\/wordpress\/wp-content\/uploads\/2022\/03\/Disegni_per_la_pace_2-300x225.jpg\" alt=\"\" width=\"164\" height=\"123\" srcset=\"https:\/\/www.radiopiu.net\/wordpress\/wp-content\/uploads\/2022\/03\/Disegni_per_la_pace_2-300x225.jpg 300w, https:\/\/www.radiopiu.net\/wordpress\/wp-content\/uploads\/2022\/03\/Disegni_per_la_pace_2-768x576.jpg 768w, https:\/\/www.radiopiu.net\/wordpress\/wp-content\/uploads\/2022\/03\/Disegni_per_la_pace_2.jpg 1024w\" sizes=\"auto, (max-width: 164px) 100vw, 164px\" \/><\/a>PONTE NELLE ALPI <\/strong>Le alunne e gli alunni dell\u2019Istituto comprensivo di Ponte nelle Alpi accolgono i nuovi e piccoli residenti arrivati dall\u2019Ucraina. E lo fanno nel modo pi\u00f9 colorato, fantasioso e artistico. Ovvero, attraverso una mostra di disegni sulla pace, allestita all\u2019esterno dell\u2019edificio. In particolare, della Scuola dell\u2019Infanzia degli \u201cZattieri del Piave\u201d, dove compare pure un grande cartellone con la scritta \u201cbenvenuti\u201d in cirillico. \u00ab<em>\u00c8 incredibile &#8211; spiega la vice sindaca Lucia Da Rold &#8211; sapere che alcuni studenti ucraini arrivati da noi continuano le lezioni in Dad, collegandosi con le loro insegnanti ancora bloccate nell\u2019Est Europa. A conferma che la Dad riesce ad aprire anche prospettive importanti. E impensabili, solo fino a un paio d\u2019anni fa<\/em>\u00bb. La vice sindaca ha parole di profonda ammirazione per i docenti: di scuola. E di vita: \u00abTrovo straordinario che portino avanti la didattica nel cuore di un conflitto, magari dagli scantinati delle loro case. Siamo di fronte a una resistenza culturale e dell\u2019istruzione che emoziona e commuove\u00bb.<span class=\"gmail-Apple-converted-space\">\u00a0<\/span><\/p>\n<p>&nbsp;<\/p>\n<p>&nbsp;<\/p>\n<hr \/>\n<p>&nbsp;<\/p>\n<blockquote>\n<h3>DILLO A RADIO PIU&#8217;&#8230;ALCUNE CONSIDERAZIONI DI SUSY DAN, GIA&#8217; CONSIGLIERE COMUNALE DI FALCADE<\/h3>\n<\/blockquote>\n<p><strong><a class=\"dt-pswp-item\" href=\"https:\/\/www.radiopiu.net\/wordpress\/wp-content\/uploads\/2021\/04\/cortina_guide_bob-1.jpg\" data-dt-img-description=\"\" data-large_image_width=\"600\" data-large_image_height=\"300\"><img loading=\"lazy\" decoding=\"async\" class=\"size-thumbnail wp-image-204667 alignleft\" src=\"https:\/\/www.radiopiu.net\/wordpress\/wp-content\/uploads\/2021\/04\/cortina_guide_bob-1-150x150.jpg\" alt=\"\" width=\"150\" height=\"150\" \/><\/a>REDAZIONE<\/strong> Riceviamo e volentieri pubblichiamo alcune considerazioni di Susy Dan, gi\u00e0 consigliere comunale di Falcade, che parla degli eventi che hanno e stanno colpendo il nostro territorio e della pista da bob a Cortina.<\/p>\n<blockquote><p>La tempesta Vaia. Il bostrico. Ora gli incendi. Una sequenza di disastri che, in un breve lasso di tempo, si \u00e8 abbattuta su un territorio fragile e sempre pi\u00f9 \u201cmarginale\u201d, povero di risorse, di opportunit\u00e0 di lavoro, di infrastrutture e di servizi che consentano di continuare a vivere in montagna. La pandemia da Covid-19 ha infierito su un\u2019economia gi\u00e0 debole e su un tessuto sociale impoverito da uno spopolamento che sembra impossibile arginare. La guerra in Ucraina, di cui nessuno \u00e8 in grado di prevedere l\u2019evoluzione, comporter\u00e0, comunque vada, un costo altissimo. Per il paese, per le aziende, per le famiglie. In questo contesto trovo insensato che si confermi, come recentemente si \u00e8 fatto, che la pista da bob per le Olimpiadi di Cortina-Milano del 2026 si far\u00e0. Un\u2019opera che coster\u00e0 circa 60 milioni di euro, per discipline nobilissime (servir\u00e0 anche per slittino e skeleton) ma che contano poche centinaia di praticanti e prevedibilmente destinata, come avvenuto per Torino 2006, ad essere usata per qualche tempo e poi chiusa per gli altissimi costi di gestione e di manutenzione. Credo che di ben altre opere ci sarebbe necessit\u00e0, di ben altri investimenti, di ben altra e autentica attenzione ai bisogni dei cittadini e del territorio. Ma, \u00e8 questo il ritornello, \u201cmancano le risorse\u201d\u2026 Perch\u00e9 non dirottare allora su Cesana Torinese le gare di bob, slittino e skeleton, ripristinando, con costi ben pi\u00f9 contenuti, la pista di Torino 2006 e disputare a Cortina le gare di sci alpinismo, disciplina che \u00e8 in grande espansione e nella quale l\u2019Italia \u00e8 una delle nazioni leader e che proprio in quell\u2019occasione, in uno degli scenari pi\u00f9 belli al mondo, farebbe il suo debutto olimpico? Si recupererebbero risorse preziose da investire pi\u00f9 utilmente. Non ne soffrirebbe lo spirito olimpico, dato che sono comunque diverse le localit\u00e0 che, tra Veneto, Lombardia e Trentino-Alto Adige si dividono i vari eventi. Non ne soffrirebbe Cortina. Ne beneficerebbero i cittadini. Certo, ritornare su decisioni gi\u00e0 prese, risolutamente e orgogliosamente sostenute, non \u00e8 facile. Servirebbe un gesto di coraggio, di responsabilit\u00e0. Forse anche di umilt\u00e0. C\u2019\u00e8 ancora, credo, il tempo di compierlo. Basta volerlo\u2026<\/p>\n<p><em>Susy Dan<\/em><br \/>\n<em>Falcade<\/em><\/p><\/blockquote>\n<p>&nbsp;<\/p>\n<hr \/>\n<p>&nbsp;<\/p>\n<h2><span style=\"color: #ff0000;\"><a class=\"dt-pswp-item\" href=\"https:\/\/www.radiopiu.net\/wordpress\/wp-content\/uploads\/2022\/03\/0-3.png\" data-dt-img-description=\"\" data-large_image_width=\"1775\" data-large_image_height=\"1926\"><img loading=\"lazy\" decoding=\"async\" class=\"size-thumbnail wp-image-267187 alignleft\" src=\"https:\/\/www.radiopiu.net\/wordpress\/wp-content\/uploads\/2022\/03\/0-3-150x150.png\" alt=\"\" width=\"150\" height=\"150\" \/><\/a>DAL CORRIERE DELLE ALPI<\/span><\/h2>\n<h3>ELISA CALI&#8217; DA PADOVA A LIVINALLONGO PER FARE LA DENTISTA IN MONTAGNA<\/h3>\n<p><strong>LIVINALLONGO <\/strong><em>Come ogni lunedi Gianni Santomaso dalle pagine del Corriere delle Alpi racconta una storia, un personaggio, un pezzo di vita dell\u2019Agordino \u201cVivere l\u2019Agordino\u201d una raccolta spaccato di vita agordina con le immancabili vignette di Erica Andrich<\/em><\/p>\n<p><strong>di Gianni Santomaso<\/strong><\/p>\n<p>&nbsp;<\/p>\n<p>&nbsp;<\/p>\n<hr \/>\n<p>&nbsp;<\/p>\n<blockquote>\n<h3>ADMO, IL GRANDE IMPEGNO DEGLI ALPINI<\/h3>\n<\/blockquote>\n<p><strong><a class=\"dt-pswp-item\" href=\"https:\/\/www.radiopiu.net\/wordpress\/wp-content\/uploads\/2022\/03\/09677523-5bdb-495f-81af-3b4008ecd587.jpg\" data-dt-img-description=\"\" data-large_image_width=\"1600\" data-large_image_height=\"1196\"><img loading=\"lazy\" decoding=\"async\" class=\"size-thumbnail wp-image-267080 alignleft\" src=\"https:\/\/www.radiopiu.net\/wordpress\/wp-content\/uploads\/2022\/03\/09677523-5bdb-495f-81af-3b4008ecd587-150x150.jpg\" alt=\"\" width=\"150\" height=\"150\" \/><\/a>AGORDO<\/strong> \u201cUna colomba per la vita\u201d torna nelle piazze della provincia di Belluno! ADMO Belluno partecipa , con il prezioso aiuto degli Alpini in congedo, e Gruppi di Volontari ADMO, all\u2019annuale iniziativa \u201cUna colomba per la vita\u201d, con l\u2019intento di sensibilizzare i giovani alla donazione di midollo osseo e di raccogliere offerte. Chi desidera diventare donatore pu\u00f2 andare direttamente sul sito www.donatoriadmo.org\u00a0 Ad Agordo presenti in piazza gli Alpini che fin dal primo mattino si sono dati da fare per vendere le colombe e incoraggiare i giovani per la donazione del midollo osseo, un gesto che pu\u00f2 salvare una vita.<\/p>\n<p>&nbsp;<\/p>\n<p>&nbsp;<\/p>\n<hr \/>\n<p>&nbsp;<\/p>\n<blockquote>\n<h3>CALCHERA IN VALLE DI SAN LUCANO, &#8220;FASCINE DI LEGNA CERCASI&#8221;<\/h3>\n<h3><em>Il sito si trova in prossimit\u00e0 del capitello delle tre dita, prima della chiesa di San Lucano.\u00a0<\/em><\/h3>\n<\/blockquote>\n<p><a class=\"dt-pswp-item\" href=\"https:\/\/www.radiopiu.net\/wordpress\/wp-content\/uploads\/2022\/03\/download-1.jpg\" data-dt-img-description=\"\" data-large_image_width=\"230\" data-large_image_height=\"183\"><img loading=\"lazy\" decoding=\"async\" class=\"size-thumbnail wp-image-267150 alignleft\" src=\"https:\/\/www.radiopiu.net\/wordpress\/wp-content\/uploads\/2022\/03\/download-1-150x150.jpg\" alt=\"\" width=\"150\" height=\"150\" \/><\/a><\/p>\n<p><strong>\u00a0<\/strong><strong>TAIBON<\/strong> I volontari di Taibon da tempo lavorano ad un progetto ambizioso: ridare vita alla Calch\u00e8ra de le t\u00f2rte, in previsione della \u201ccota\u201d di primavera, un evento dal momento che almeno da settant\u2019anni l\u2019operazione non \u00e8 pi\u00f9 praticata. Per quell&#8217;occasione sar\u00e0 importante e necessario che gli uomini del Piodech guidati dal presidente Paolo &#8220;moncio&#8221; Sibillon abbiamo a disposizione tanta legna. Ecco quindi la richiesta di collaborazione al paese. &#8220;In questi giorni &#8211; riflette Sibillon &#8211; sono in corso i lavori di giardinaggio, molte persone tagliano i rami degli alberi, cespugli per smaltire il legnatico presso l&#8217;ecocentro. Quello che chiediamo e che questo materiale venga preparato in fascine, della lunghezza di circa un metro. Anzich\u00e8 finire all&#8217;econcentro serviranno per la cota di primavera. Ci mettiamo a disposizione per recuperare presso le abitazioni le fascine di legna. Con un grazie in anticipo&#8221;. Per ulteriori informazioni e segnalare eventuali ritiri il referente \u00e8 Agostino &#8220;il tecnico&#8221; Cadorin telefono 337 495 723<\/p>\n<p>Una\u00a0<b>fascina<\/b>\u00a0\u00e8 un insieme di\u00a0<a title=\"Ramo\" href=\"https:\/\/it.wikipedia.org\/wiki\/Ramo\">rami<\/a>\u00a0di\u00a0<a title=\"Legno\" href=\"https:\/\/it.wikipedia.org\/wiki\/Legno\">legna<\/a>\u00a0tenuti tra loro e legati in genere con\u00a0<a title=\"Corda\" href=\"https:\/\/it.wikipedia.org\/wiki\/Corda\">corde<\/a>,\u00a0<a title=\"Spago\" href=\"https:\/\/it.wikipedia.org\/wiki\/Spago\">spaghi<\/a>\u00a0o fibre di\u00a0<a title=\"Vimine\" href=\"https:\/\/it.wikipedia.org\/wiki\/Vimine\">vimini<\/a>; composta di legna fresca o secca (se comprendente anche\u00a0<a title=\"Paglia\" href=\"https:\/\/it.wikipedia.org\/wiki\/Paglia\">paglia<\/a>,\u00a0<a title=\"Erba\" href=\"https:\/\/it.wikipedia.org\/wiki\/Erba\">erba<\/a>\u00a0e\u00a0<a title=\"Fieno\" href=\"https:\/\/it.wikipedia.org\/wiki\/Fieno\">fieno<\/a>\u00a0\u00e8 detta\u00a0<b>fastello<\/b><sup id=\"cite_ref-1\" class=\"reference\"><\/sup>), ha diversi utilizzi principalmente da\u00a0<a title=\"Fuoco\" href=\"https:\/\/it.wikipedia.org\/wiki\/Fuoco\">fuoco<\/a>. Pu\u00f2 ad esempio essere usata per facilitare l&#8217;accensione del\u00a0<a title=\"Focolare\" href=\"https:\/\/it.wikipedia.org\/wiki\/Focolare\">focolare<\/a>\u00a0o per la regolazione della temperatura del\u00a0<a title=\"Forno\" href=\"https:\/\/it.wikipedia.org\/wiki\/Forno\">forno<\/a>\u00a0a legna.<\/p>\n<p id=\"gallery-5\" class=\"dt-gallery-container gallery galleryid-257009 gallery-columns-3 gallery-size-thumbnail\"><a class=\"dt-pswp-item\" href=\"https:\/\/www.radiopiu.net\/wordpress\/wp-content\/uploads\/2022\/03\/112c9ca5-ebd9-46a4-a023-a5b7343243e7-e1643627748753.jpg\" data-dt-img-description=\"\" data-large_image_width=\"1196\" data-large_image_height=\"1600\"><img loading=\"lazy\" decoding=\"async\" class=\"alignnone wp-image-267151 size-large\" src=\"https:\/\/www.radiopiu.net\/wordpress\/wp-content\/uploads\/2022\/03\/112c9ca5-ebd9-46a4-a023-a5b7343243e7-e1643627748753-765x1024.jpg\" alt=\"\" width=\"765\" height=\"1024\" srcset=\"https:\/\/www.radiopiu.net\/wordpress\/wp-content\/uploads\/2022\/03\/112c9ca5-ebd9-46a4-a023-a5b7343243e7-e1643627748753-765x1024.jpg 765w, https:\/\/www.radiopiu.net\/wordpress\/wp-content\/uploads\/2022\/03\/112c9ca5-ebd9-46a4-a023-a5b7343243e7-e1643627748753-224x300.jpg 224w, https:\/\/www.radiopiu.net\/wordpress\/wp-content\/uploads\/2022\/03\/112c9ca5-ebd9-46a4-a023-a5b7343243e7-e1643627748753-768x1027.jpg 768w, https:\/\/www.radiopiu.net\/wordpress\/wp-content\/uploads\/2022\/03\/112c9ca5-ebd9-46a4-a023-a5b7343243e7-e1643627748753-1148x1536.jpg 1148w, https:\/\/www.radiopiu.net\/wordpress\/wp-content\/uploads\/2022\/03\/112c9ca5-ebd9-46a4-a023-a5b7343243e7-e1643627748753.jpg 1196w\" sizes=\"auto, (max-width: 765px) 100vw, 765px\" \/><\/a><\/p>\n<p>&nbsp;<\/p>\n<hr \/>\n<p>&nbsp;<\/p>\n<blockquote>\n<h3>POVERTA\u2019 ENERGETICA: IN VENETO A RISCHIO FINO A 208.500 FAMIGLIE<\/h3>\n<\/blockquote>\n<p><a class=\"dt-pswp-item\" href=\"https:\/\/www.radiopiu.net\/wordpress\/wp-content\/uploads\/2022\/03\/Schermata-2022-03-26-alle-11.16.54.png\" data-dt-img-description=\"\" data-large_image_width=\"1098\" data-large_image_height=\"1230\"><img loading=\"lazy\" decoding=\"async\" class=\"alignleft wp-image-267074\" src=\"https:\/\/www.radiopiu.net\/wordpress\/wp-content\/uploads\/2022\/03\/Schermata-2022-03-26-alle-11.16.54-268x300.png\" alt=\"\" width=\"182\" height=\"204\" srcset=\"https:\/\/www.radiopiu.net\/wordpress\/wp-content\/uploads\/2022\/03\/Schermata-2022-03-26-alle-11.16.54-268x300.png 268w, https:\/\/www.radiopiu.net\/wordpress\/wp-content\/uploads\/2022\/03\/Schermata-2022-03-26-alle-11.16.54-914x1024.png 914w, https:\/\/www.radiopiu.net\/wordpress\/wp-content\/uploads\/2022\/03\/Schermata-2022-03-26-alle-11.16.54-768x860.png 768w, https:\/\/www.radiopiu.net\/wordpress\/wp-content\/uploads\/2022\/03\/Schermata-2022-03-26-alle-11.16.54.png 1098w\" sizes=\"auto, (max-width: 182px) 100vw, 182px\" \/><\/a>Prima il Covid, ora il caro bollette, il forte rincaro generale dei prezzi e dei carburanti stanno mettendo a dura prova la tenuta economica delle famiglie, in particolar modo di quelle che si trovano nella condizione di povert\u00e0 energetica.<\/p>\n<p>Secondo l\u2019elaborazione dell\u2019Ufficio studi della CGIA sui dati del Rapporto OIPE 2020, si stima che in Italia ci siano 4 milioni di nuclei in difficolt\u00e0 (vedi Tab. 1). In Veneto la frequenza di povert\u00e0 energetica oscilla tra il 6 e il 10 per cento. Pertanto, rientrano in questa fascia di vulnerabilit\u00e0 un numero minimo di 125 mila fino a un massimo di 208.500 circa. Famiglie che si trovano nell\u2019impossibilit\u00e0 di procurarsi un paniere minimo di beni e servizi energetici: ovvero il riscaldamento, il raffrescamento, l\u2019illuminazione, l\u2019utilizzo di elettrodomestici, etc.<\/p>\n<p>Vista la scarsa disponibilit\u00e0 economica, spesso questi nuclei sono costretti a scegliere: o si mette assieme il pranzo con la cena o si pagano le bollette.<\/p>\n<p>In linea generale, i nuclei pi\u00f9 a rischio sono quelli con un elevato numero di componenti, vivono in affitto o in abitazioni di propriet\u00e0 non pi\u00f9 recenti, il capofamiglia \u00e8 giovane \u2013 spesso indigente o immigrato &#8211; e le province pi\u00f9 a rischio sono Padova e Verona (con un range per entrambe che va da 23.700 a 39.500 nuclei familiari). Seguono Venezia (da 22.600 a 37.700), Treviso (da 21.850 a 36.400), Vicenza (da 21.600 a 36.000), Rovigo (da 6.100 a 10.150) e, infine, Belluno (da 5.600 a 9.300) (vedi Tab. 2).<\/p>\n<p>Ovviamente, per migliorare la condizione di queste realt\u00e0 famigliari bisogna combattere efficacemente la povert\u00e0, l\u2019abbandono scolastico e l\u2019esclusione sociale. Non solo, ma intervenendo anche in soccorso di coloro che si trovano senza lavoro, creando le occasioni per incrementare, in particolar modo, la buona occupazione. Altres\u00ec, come hanno gi\u00e0 fatto altri Paesi europei, non \u00e8 pi\u00f9 rinviabile, almeno temporaneamente, l\u2019introduzione di un tetto all\u2019aumento dei rincari.<\/p>\n<p>Gli ultimi dati disponibili dell\u2019Istat riferiti al 2019 segnalano che in Italia il rischio povert\u00e0 delle famiglie dove il reddito principale \u00e8 riconducibile a un lavoratore autonomo era pari al 25,1 per cento, contro il 20 per cento ascrivibile alle famiglie che presentavano la fonte principale di reddito da lavoro dipendente.<\/p>\n<p>Ricordando che dall\u2019avvento del Covid fino al gennaio di quest\u2019anno il numero degli occupati italiani tra i lavoratori indipendenti \u00e8 sceso di 185 mila unit\u00e0, tra i dipendenti la contrazione \u00e8 stata pari a 79 mila. Possiamo quindi affermare con buona approssimazione che anche per quanto riguarda la povert\u00e0 energetica, in questi ultimi 2 anni i nuclei dove il capofamiglia \u00e8 un autonomo la situazione \u00e8 peggiorata in misura maggiore che fra le realt\u00e0 famigliari dei lavoratori dipendenti.<\/p>\n<p><a class=\"dt-pswp-item\" href=\"https:\/\/www.radiopiu.net\/wordpress\/wp-content\/uploads\/2022\/03\/Schermata-2022-03-26-alle-11.17.12.png\" data-dt-img-description=\"\" data-large_image_width=\"750\" data-large_image_height=\"620\"><img loading=\"lazy\" decoding=\"async\" class=\"alignleft wp-image-267073\" src=\"https:\/\/www.radiopiu.net\/wordpress\/wp-content\/uploads\/2022\/03\/Schermata-2022-03-26-alle-11.17.12-300x248.png\" alt=\"\" width=\"241\" height=\"199\" srcset=\"https:\/\/www.radiopiu.net\/wordpress\/wp-content\/uploads\/2022\/03\/Schermata-2022-03-26-alle-11.17.12-300x248.png 300w, https:\/\/www.radiopiu.net\/wordpress\/wp-content\/uploads\/2022\/03\/Schermata-2022-03-26-alle-11.17.12.png 750w\" sizes=\"auto, (max-width: 241px) 100vw, 241px\" \/><\/a>Ora, comunque, bisogna sostenere economicamente le famiglie pi\u00f9 in difficolt\u00e0: ricordiamo che il governo ha introdotto il bonus bollette, tagliando significativamente il peso dei costi di luce e gas per le persone con un ISEE inferiore alle 8.265 euro. Soglia, quest\u2019ultima, che \u00e8 stata innalzata a 12 mila euro con il decreto anti-rincari del 21 marzo scorso. Sempre sul fronte della bollette di luce e gas \u00e8 stata data la possibilit\u00e0 alle utenze domestiche di rateizzarne i pagamenti, sono stati azzerati gli oneri di sistema e l\u2019IVA \u00e8 stata ridotta al 5 per cento.<\/p>\n<p>Dall\u2019estate scorsa il Governo Draghi ha messo a disposizione di famiglie e imprese quasi 20 miliardi di euro contro il caro energia\/carburante. Una cifra sicuramente importante, ma ancora insufficiente a mitigare efficacemente i rincari che sono avvenuti in questi ultimi 9 mesi.<\/p>\n<p>&nbsp;<\/p>\n<p>&nbsp;<\/p>\n<hr \/>\n<p>&nbsp;<\/p>\n<blockquote>\n<h3>IL COMUNE DI ROCCA PIETORE CERCA UN COLLABORATORE AMMINISTRATIVO<\/h3>\n<\/blockquote>\n<p><strong>ROCCA PIETORE<\/strong> E&#8217; indetto concorso pubblico, per soli esami, per la copertura di un posto di Collaboratore Amministrativo, Categoria B3 \u2013 CCNL Funzioni Locali, a tempo pieno e indeterminato, da assumersi presso il Comune di Rocca Pietore. Il termine perentorio di scadenza per la presentazione delle domande e\u0300 il trentesimo giorno successivo alla data di pubblicazione del presente avviso nella Gazzetta Ufficiale della Repubblica italiana &#8211; 4a Serie speciale \u00abConcorsi ed esami\u00bb (termine ultimo di presentazione: lunedi\u0300 02\/05\/2022). L&#8217;avviso integrale con la domanda di partecipazione sono disponibili nella sezione \u00abAmministrazione trasparente &#8211; Bandi di concorso\u00bb del sito internet del Comune di Rocca Pietore https:\/\/www.comune.roccapietore.bl.it e nella home page del sito stesso. Sara\u0300 possibile chiedere altre informazioni all&#8217;indirizzo e-mail: anagrafe.rocca@agordino.bl.it o al numero di tel. 043721178 int. 2.<\/p>\n<p>&nbsp;<\/p>\n<p>&nbsp;<\/p>\n<hr \/>\n<p>&nbsp;<\/p>\n<blockquote>\n<h3>IL 23 APRILE L&#8217;INAUGURAZIONE DELLA CASA NATALE DI ALBINO LUCIANI &#8211; GIOVANNI PAOLO I<\/h3>\n<\/blockquote>\n<p><strong><a class=\"dt-pswp-item\" href=\"https:\/\/www.radiopiu.net\/wordpress\/wp-content\/uploads\/2021\/05\/Casa-natale-di-papa-Luciani.jpg\" data-dt-img-description=\"\" data-large_image_width=\"1600\" data-large_image_height=\"1200\"><img loading=\"lazy\" decoding=\"async\" class=\" wp-image-209269 alignleft\" src=\"https:\/\/www.radiopiu.net\/wordpress\/wp-content\/uploads\/2021\/05\/Casa-natale-di-papa-Luciani-300x225.jpg\" alt=\"\" width=\"167\" height=\"125\" srcset=\"https:\/\/www.radiopiu.net\/wordpress\/wp-content\/uploads\/2021\/05\/Casa-natale-di-papa-Luciani-300x225.jpg 300w, https:\/\/www.radiopiu.net\/wordpress\/wp-content\/uploads\/2021\/05\/Casa-natale-di-papa-Luciani-1024x768.jpg 1024w, https:\/\/www.radiopiu.net\/wordpress\/wp-content\/uploads\/2021\/05\/Casa-natale-di-papa-Luciani-768x576.jpg 768w, https:\/\/www.radiopiu.net\/wordpress\/wp-content\/uploads\/2021\/05\/Casa-natale-di-papa-Luciani-1536x1152.jpg 1536w, https:\/\/www.radiopiu.net\/wordpress\/wp-content\/uploads\/2021\/05\/Casa-natale-di-papa-Luciani.jpg 1600w\" sizes=\"auto, (max-width: 167px) 100vw, 167px\" \/><\/a>CANALE D&#8217;AGORDO<\/strong> \u00c8 in programma per sabato 23 aprile l&#8217;inaugurazione della Casa Natale di Albino Luciani &#8211; Giovanni Paolo I. Questo il programma: alle 10 presso la chiesa parrocchiale il saluto introduttivo di sua Eccellenza Monsignor Corrado Pizziolo, Vescovo di Vittorio Veneto. Interverranno anche il Cardinale Beniamino Stella, postulatore della causa di beatificazione, Monsignor Francesco Moraglia patriarca di Venezia, il sindaco di Canale D&#8217;Agordo Flavio Colcergnan, l&#8217;architetto Gloria Manera responsabile della direzione lavori e Loris Serafini, direttore del Museo Albino Luciani. Alle 11:15 presso la casa Natale la benedizione dei lavori di restauro e della nuova statua realizzata dal maestro Carlo Balljana.<\/p>\n<p>&nbsp;<\/p>\n<p>&nbsp;<\/p>\n<hr \/>\n<p>&nbsp;<\/p>\n<blockquote>\n<h3>ANTENNA ANZIANI ORGANIZZA UN INCONTRO RIFLESSIONE<\/h3>\n<\/blockquote>\n<p><strong>BELLUNO<\/strong> L\u2019Onlus Antenna Anziani di Belluno, presieduta da Maria Agostina Campagna, ha progettato e portato a termine l\u2019organizzazione di una giornata di riflessione da tenersi venerdi\u0300 8 aprile a Belluno con inizio alle 9.30 nella sala teatro del Centro Giovanni XXIII di piazza Piloni 11 a Belluno dal titolo \u201cGiornata di riflessione sulla salute mentale e il disagio dei giovani nella provincia di Belluno\u201d. Sara\u0300 possibile seguire l\u2019evento in LIVE STREAMING su www.studentibelluno.it<\/p>\n<p>&nbsp;<\/p>\n<p>&nbsp;<\/p>\n<hr \/>\n<p>&nbsp;<\/p>\n<blockquote>\n<h3>IL CSV PRESENTA LE ATTIVITA&#8217; DI ACCOGLIENZA PER IL POPOLO UCRAINO<\/h3>\n<\/blockquote>\n<p><strong>BELLUNO<\/strong> Oggi alle 11 presso la sede del Comitato D&#8217;Intesa verranno presentate le attivit\u00e0 di accoglienza e aiuto in atto a favore della popolazione ucraina presente nel nostro territorio, proveniente dalla zona di conflitto, e le attivit\u00e0 di aiuto alla popolazione ucraina ancora nella zona di conflitto.<\/p>\n<p>&nbsp;<\/p>\n<p>&nbsp;<\/p>\n<hr \/>\n<p>&nbsp;<\/p>\n<blockquote>\n<h3>OGGI L&#8217;ASSEMBLEA DEI SOCI DEL COMITATO GEMELLAGGIO AGORDO<\/h3>\n<\/blockquote>\n<p><strong>AGORDO<\/strong> \u00c8 in programma per oggi l&#8217;assemblea dei soci del Comitato Gemellaggio Agordo. La presidente Michela Paganin ha convocato tutti presso la biblioteca comunale alle 20:30 per presentare la rendicontazione del 2021 e l&#8217;approvazione del bilancio, il rinnovo del direttivo fino al 2025, il rinnovo del tesseramento e le iniziative in programma.<\/p>\n<p><strong>di Gianni Santomaso<\/strong><\/p>\n<audio class=\"wp-audio-shortcode\" id=\"audio-267012-5\" preload=\"none\" style=\"width: 100%;\" controls=\"controls\"><source type=\"audio\/mpeg\" src=\"https:\/\/www.radiopiu.net\/wordpress\/wp-content\/uploads\/2022\/03\/GIANNI-GEMELLAGGIO-AGORDO.mp3?_=5\" \/><a href=\"https:\/\/www.radiopiu.net\/wordpress\/wp-content\/uploads\/2022\/03\/GIANNI-GEMELLAGGIO-AGORDO.mp3\">https:\/\/www.radiopiu.net\/wordpress\/wp-content\/uploads\/2022\/03\/GIANNI-GEMELLAGGIO-AGORDO.mp3<\/a><\/audio>\n<p>&nbsp;<\/p>\n<p>&nbsp;<\/p>\n<hr \/>\n<p>&nbsp;<\/p>\n<p><strong>ARABBA.. SCIARE FINO A PASQUA<\/strong><\/p>\n<blockquote>\n<div class=\"\">\n<div class=\"\"><i class=\"\">Ma chi l&#8217;ha detto che a Pasqua \u00e8 troppo tardi per sciare? Ad Arabba \u00e8 possibile! Gli impianti di Porta Vescovo e del Passo Pordoi sono aperti tutti i giorni fino a\u00a0<span dir=\"ltr\">luned\u00ec 18 aprile<\/span>\u00a0compreso, per permettere a tutti gli amanti dello sci di farsi un&#8217;ultima sciata anche con l&#8217;arrivo della primavera! Piste vere per sciatori veri, ma anche un&#8217;ultima occasione per passare una giornata in quota tra le vette pi\u00f9 affascinanti delle Dolomiti.\u00a0<\/i><i class=\"\">Info e prezzi su\u00a0<a class=\"\" href=\"http:\/\/www.arabba.it\/\">www.arabba.it<\/a>\u00a0<\/i><\/div>\n<\/div>\n<\/blockquote>\n<p>&nbsp;<\/p>\n<p>&nbsp;<\/p>\n<hr \/>\n<p>&nbsp;<\/p>\n<blockquote>\n<h3>IN PROGRAMMA DUE GIORNATE ECOLOGICHE A CENCENIGHE<\/h3>\n<\/blockquote>\n<p><strong><a class=\"dt-pswp-item\" href=\"https:\/\/www.radiopiu.net\/wordpress\/wp-content\/uploads\/2022\/02\/Rifiuti_abbandonati.jpg\" data-dt-img-description=\"\" data-large_image_width=\"1171\" data-large_image_height=\"642\"><img loading=\"lazy\" decoding=\"async\" class=\" wp-image-257319 alignleft\" src=\"https:\/\/www.radiopiu.net\/wordpress\/wp-content\/uploads\/2022\/02\/Rifiuti_abbandonati-300x164.jpg\" alt=\"\" width=\"183\" height=\"100\" srcset=\"https:\/\/www.radiopiu.net\/wordpress\/wp-content\/uploads\/2022\/02\/Rifiuti_abbandonati-300x164.jpg 300w, https:\/\/www.radiopiu.net\/wordpress\/wp-content\/uploads\/2022\/02\/Rifiuti_abbandonati-1024x561.jpg 1024w, https:\/\/www.radiopiu.net\/wordpress\/wp-content\/uploads\/2022\/02\/Rifiuti_abbandonati-768x421.jpg 768w, https:\/\/www.radiopiu.net\/wordpress\/wp-content\/uploads\/2022\/02\/Rifiuti_abbandonati.jpg 1171w\" sizes=\"auto, (max-width: 183px) 100vw, 183px\" \/><\/a>CENCENIGHE<\/strong> L&#8217;amministrazione comunale di Cencenighe in collaborazione con la Pro Loco organizza due giornate ecologiche per la raccolta di rifiuti abbandonati. Sabato 2 aprile il ritrovo alle 8 con l&#8217;assegnazione dell&#8217;area di pulizia, alle 13 il pranzo al Nof Fil\u00f2 e subito dopo l&#8217;eventuale prosecuzione dei lavori. Domenica 3 aprile il ritrovo alle 8 con l&#8217;assegnazione dell&#8217;area di pulizia e alle 12 il pranzo sempre al Nof Fil\u00f2. L&#8217;attrezzatura verr\u00e0 fornita da Valpe Ambiente e le immondizie raccolte saranno conferite all&#8217;ecocentro. I bambini che vogliono partecipare alle giornate dovranno essere accompagnati. In caso di maltempo la manifestazione sar\u00e0 rinviata al fine settimana successivo del 9 e 10 aprile.<\/p>\n<p>&nbsp;<\/p>\n<p>&nbsp;<\/p>\n<hr \/>\n<p>&nbsp;<\/p>\n<h2><span style=\"color: #ff0000;\">IERI ALLA RADIO<\/span><\/h2>\n<h2><strong><a class=\"dt-pswp-item\" href=\"https:\/\/www.radiopiu.net\/wordpress\/wp-content\/uploads\/2020\/12\/DON-GIORGIO-LISE.jpg\" data-dt-img-description=\"\" data-large_image_width=\"1600\" data-large_image_height=\"901\"><img loading=\"lazy\" decoding=\"async\" class=\"size-medium wp-image-177420 alignleft\" src=\"https:\/\/www.radiopiu.net\/wordpress\/wp-content\/uploads\/2020\/12\/DON-GIORGIO-LISE-300x169.jpg\" alt=\"\" width=\"300\" height=\"169\" srcset=\"https:\/\/www.radiopiu.net\/wordpress\/wp-content\/uploads\/2020\/12\/DON-GIORGIO-LISE-300x169.jpg 300w, https:\/\/www.radiopiu.net\/wordpress\/wp-content\/uploads\/2020\/12\/DON-GIORGIO-LISE-1024x577.jpg 1024w, https:\/\/www.radiopiu.net\/wordpress\/wp-content\/uploads\/2020\/12\/DON-GIORGIO-LISE-768x432.jpg 768w, https:\/\/www.radiopiu.net\/wordpress\/wp-content\/uploads\/2020\/12\/DON-GIORGIO-LISE-1536x865.jpg 1536w, https:\/\/www.radiopiu.net\/wordpress\/wp-content\/uploads\/2020\/12\/DON-GIORGIO-LISE.jpg 1600w\" sizes=\"auto, (max-width: 300px) 100vw, 300px\" \/><\/a><\/strong><span style=\"color: #800080;\">DUE MINUTI PER TE<\/span><\/h2>\n<p><strong>APPUNTAMENTO DELLA DOMENICA CON DON GIORGIO LISE<\/strong><\/p>\n<audio class=\"wp-audio-shortcode\" id=\"audio-267012-6\" preload=\"none\" style=\"width: 100%;\" controls=\"controls\"><source type=\"audio\/mpeg\" src=\"https:\/\/www.radiopiu.net\/wordpress\/wp-content\/uploads\/2022\/03\/DON-GIORGIO-3.mp3?_=6\" \/><a href=\"https:\/\/www.radiopiu.net\/wordpress\/wp-content\/uploads\/2022\/03\/DON-GIORGIO-3.mp3\">https:\/\/www.radiopiu.net\/wordpress\/wp-content\/uploads\/2022\/03\/DON-GIORGIO-3.mp3<\/a><\/audio>\n<p>&nbsp;<\/p>\n<hr \/>\n<p>&nbsp;<\/p>\n<p><strong>TUTTI I LUNEDI ALLE 10,30 E 1900, LA DOMENICA ALLE 8 007 IN CONDOTTA, LA SCUOLA CON LA PROF. MARIA ROSA SALMAZO E CLAUDIO FONTANIVE, IN PODCAST TUTTE LE PUNTATE DELLE ULTIME STAGIONI.\u00a0<\/strong><\/p>\n<p>&nbsp;<\/p>\n<blockquote class=\"wp-embedded-content\" data-secret=\"Kc1yVHWNRC\"><p><a href=\"https:\/\/www.radiopiu.net\/wordpress\/007incondotta-9\/\">007 in condotta<\/a><\/p><\/blockquote>\n<p><iframe loading=\"lazy\" class=\"wp-embedded-content\" sandbox=\"allow-scripts\" security=\"restricted\" style=\"position: absolute; clip: rect(1px, 1px, 1px, 1px);\" title=\"&#8220;007 in condotta&#8221; &#8212; Radio Pi\u00f9\" src=\"https:\/\/www.radiopiu.net\/wordpress\/007incondotta-9\/embed\/#?secret=PplMiIF7vd#?secret=Kc1yVHWNRC\" data-secret=\"Kc1yVHWNRC\" width=\"600\" height=\"338\" frameborder=\"0\" marginwidth=\"0\" marginheight=\"0\" scrolling=\"no\"><\/iframe><\/p>\n<p>&nbsp;<\/p>\n<hr \/>\n<p>&nbsp;<\/p>\n<blockquote class=\"wp-embedded-content\" data-secret=\"ciLrngYfmY\"><p><a href=\"https:\/\/www.radiopiu.net\/wordpress\/terzo-itinerario-nel-parco-nazionale-dolomiti-bellunesi-chiesette-pedemontane-santi-guerrieri-e-santi-guaritori\/\">TERZO ITINERARIO NEL PARCO NAZIONALE DOLOMITI BELLUNESI: CHIESETTE PEDEMONTANE SANTI GUERRIERI E SANTI GUARITORI<\/a><\/p><\/blockquote>\n<p><iframe loading=\"lazy\" class=\"wp-embedded-content\" sandbox=\"allow-scripts\" security=\"restricted\" style=\"position: absolute; clip: rect(1px, 1px, 1px, 1px);\" title=\"&#8220;TERZO ITINERARIO NEL PARCO NAZIONALE DOLOMITI BELLUNESI: CHIESETTE PEDEMONTANE SANTI GUERRIERI E SANTI GUARITORI&#8221; &#8212; Radio Pi\u00f9\" src=\"https:\/\/www.radiopiu.net\/wordpress\/terzo-itinerario-nel-parco-nazionale-dolomiti-bellunesi-chiesette-pedemontane-santi-guerrieri-e-santi-guaritori\/embed\/#?secret=CubO1wDSxa#?secret=ciLrngYfmY\" data-secret=\"ciLrngYfmY\" width=\"600\" height=\"338\" frameborder=\"0\" marginwidth=\"0\" marginheight=\"0\" scrolling=\"no\"><\/iframe><\/p>\n<p>&nbsp;<\/p>\n<hr \/>\n<p>&nbsp;<\/p>\n<div>\n<div class=\"b654a4as d2edcug0\">\n<div class=\"rq0escxv hkbzh7o3 jwdofwj8 n8tt0mok r8blr3vg hyh9befq\">\n<p><a class=\"dt-pswp-item\" href=\"https:\/\/www.radiopiu.net\/wordpress\/wp-content\/uploads\/2020\/10\/pp.jpg\" data-dt-img-description=\"\" data-large_image_width=\"640\" data-large_image_height=\"640\"><img loading=\"lazy\" decoding=\"async\" class=\"wp-image-163678 alignleft\" src=\"https:\/\/www.radiopiu.net\/wordpress\/wp-content\/uploads\/2020\/10\/pp-300x300.jpg\" alt=\"\" width=\"106\" height=\"106\" srcset=\"https:\/\/www.radiopiu.net\/wordpress\/wp-content\/uploads\/2020\/10\/pp-300x300.jpg 300w, https:\/\/www.radiopiu.net\/wordpress\/wp-content\/uploads\/2020\/10\/pp-150x150.jpg 150w, https:\/\/www.radiopiu.net\/wordpress\/wp-content\/uploads\/2020\/10\/pp-125x125.jpg 125w, https:\/\/www.radiopiu.net\/wordpress\/wp-content\/uploads\/2020\/10\/pp-200x200.jpg 200w, https:\/\/www.radiopiu.net\/wordpress\/wp-content\/uploads\/2020\/10\/pp-80x80.jpg 80w, https:\/\/www.radiopiu.net\/wordpress\/wp-content\/uploads\/2020\/10\/pp-480x480.jpg 480w, https:\/\/www.radiopiu.net\/wordpress\/wp-content\/uploads\/2020\/10\/pp.jpg 640w\" sizes=\"auto, (max-width: 106px) 100vw, 106px\" \/><\/a><\/p>\n<\/div>\n<\/div>\n<\/div>\n<div>\n<div class=\"page-title-head hgroup\">\n<div class=\"page-title-head hgroup\">\n<div class=\"b654a4as d2edcug0\">\n<div class=\"j83agx80 btwxx1t3 lhclo0ds hop8lmos nkwizq5d scwd0bx6 roh60bw9\">\n<div class=\"rq0escxv hkbzh7o3 jwdofwj8 n8tt0mok r8blr3vg hyh9befq\">\n<div class=\"do00u71z l9j0dhe7 k4urcfbm\">\n<h2><span style=\"color: #000080;\">\u00a0<\/span><span style=\"color: #000080;\">DON CESARE, IL PENSIERO DEL GIORNO. ALLA RADIO ALLE 7 DEL MATTINO E ALLE 19.30 DELLA SERA.\u00a0<\/span><\/h2>\n<p>&nbsp;<\/p>\n<\/div>\n<\/div>\n<\/div>\n<\/div>\n<\/div>\n<\/div>\n<\/div>\n<audio class=\"wp-audio-shortcode\" id=\"audio-267012-7\" preload=\"none\" style=\"width: 100%;\" controls=\"controls\"><source type=\"audio\/mpeg\" src=\"https:\/\/www.radiopiu.net\/wordpress\/wp-content\/uploads\/2022\/03\/cesare-14.mp3?_=7\" \/><a href=\"https:\/\/www.radiopiu.net\/wordpress\/wp-content\/uploads\/2022\/03\/cesare-14.mp3\">https:\/\/www.radiopiu.net\/wordpress\/wp-content\/uploads\/2022\/03\/cesare-14.mp3<\/a><\/audio>\n<p>&nbsp;<\/p>\n<hr \/>\n<p>&nbsp;<\/p>\n<h3 class=\"kvgmc6g5 cxmmr5t8 oygrvhab hcukyx3x c1et5uql\"><span style=\"color: #0000ff;\"><strong>INFORMAZIONE il canale su TELEGRAM informazione di prima mano e in tempo reale. iscriviti ed aiutaci a farlo conoscere\u00a0 \u00a0<\/strong><\/span><\/h3>\n<p>&nbsp;<\/p>\n<p>&nbsp;<\/p>\n<hr \/>\n<p>&nbsp;<\/p>\n<div class=\"do00u71z l9j0dhe7 k4urcfbm\">\n<div class=\"page-title-head hgroup\">\n<div class=\"page-title-head hgroup\">\n<div class=\"b654a4as d2edcug0\">\n<div class=\"j83agx80 btwxx1t3 lhclo0ds hop8lmos nkwizq5d scwd0bx6 roh60bw9\">\n<div class=\"rq0escxv hkbzh7o3 jwdofwj8 n8tt0mok r8blr3vg hyh9befq\">\n<div class=\"do00u71z l9j0dhe7 k4urcfbm\">\n<div class=\"page-title-head hgroup\">\n<div class=\"page-title-head hgroup\">\n<div class=\"b654a4as d2edcug0\">\n<div class=\"j83agx80 btwxx1t3 lhclo0ds hop8lmos nkwizq5d scwd0bx6 roh60bw9\">\n<div class=\"rq0escxv hkbzh7o3 jwdofwj8 n8tt0mok r8blr3vg hyh9befq\">\n<div class=\"do00u71z l9j0dhe7 k4urcfbm\">\n<div class=\"ecm0bbzt e5nlhep0 a8c37x1j\">\n<div class=\"kvgmc6g5 cxmmr5t8 oygrvhab hcukyx3x c1et5uql\">\n<div class=\"gmail-kvgmc6g5 gmail-cxmmr5t8 gmail-oygrvhab gmail-hcukyx3x gmail-c1et5uql gmail-ii04i59q\">\n<div class=\"page-title-head hgroup\">\n<div class=\"page-title-head hgroup\">\n<div class=\"b654a4as d2edcug0\">\n<div class=\"j83agx80 btwxx1t3 lhclo0ds hop8lmos nkwizq5d scwd0bx6 roh60bw9\">\n<div class=\"rq0escxv hkbzh7o3 jwdofwj8 n8tt0mok r8blr3vg hyh9befq\">\n<div class=\"do00u71z l9j0dhe7 k4urcfbm\">\n<div class=\"page-title-head hgroup\">\n<div class=\"page-title-head hgroup\">\n<div class=\"b654a4as d2edcug0\">\n<div class=\"j83agx80 btwxx1t3 lhclo0ds hop8lmos nkwizq5d scwd0bx6 roh60bw9\">\n<div class=\"rq0escxv hkbzh7o3 jwdofwj8 n8tt0mok r8blr3vg hyh9befq\">\n<div class=\"do00u71z l9j0dhe7 k4urcfbm\">\n<div class=\"page-title-head hgroup\">\n<div class=\"page-title-head hgroup\">\n<div class=\"b654a4as d2edcug0\">\n<div class=\"j83agx80 btwxx1t3 lhclo0ds hop8lmos nkwizq5d scwd0bx6 roh60bw9\">\n<div class=\"rq0escxv hkbzh7o3 jwdofwj8 n8tt0mok r8blr3vg hyh9befq\">\n<div class=\"do00u71z l9j0dhe7 k4urcfbm\">\n<div class=\"ecm0bbzt e5nlhep0 a8c37x1j\">\n<div class=\"kvgmc6g5 cxmmr5t8 oygrvhab hcukyx3x c1et5uql\">\n<div class=\"gmail-kvgmc6g5 gmail-cxmmr5t8 gmail-oygrvhab gmail-hcukyx3x gmail-c1et5uql gmail-ii04i59q\">\n<div class=\"page-title-head hgroup\">\n<div class=\"page-title-head hgroup\">\n<div class=\"b654a4as d2edcug0\">\n<div class=\"j83agx80 btwxx1t3 lhclo0ds hop8lmos nkwizq5d scwd0bx6 roh60bw9\">\n<div class=\"rq0escxv hkbzh7o3 jwdofwj8 n8tt0mok r8blr3vg hyh9befq\">\n<div class=\"do00u71z l9j0dhe7 k4urcfbm\">\n<blockquote>\n<h3><span style=\"color: #ff0000;\">IN VIVO VERSO, SETTIMA STAGIONE CON BRUNELLA MORO, DAL LUNEDI AL VENERDI ALLE 7.10, 10.10 E 18.50\u00a0\u00a0<\/span><\/h3>\n<\/blockquote>\n<p><strong>LA RACCOLTA COMPLETA\u00a0<\/strong><\/p>\n<blockquote class=\"wp-embedded-content\" data-secret=\"51BWGPGnoM\"><p><a href=\"https:\/\/www.radiopiu.net\/wordpress\/in-vivo-verso\/\">In Vivo Verso<\/a><\/p><\/blockquote>\n<p><iframe loading=\"lazy\" class=\"wp-embedded-content\" sandbox=\"allow-scripts\" security=\"restricted\" style=\"position: absolute; clip: rect(1px, 1px, 1px, 1px);\" title=\"&#8220;In Vivo Verso&#8221; &#8212; Radio Pi\u00f9\" src=\"https:\/\/www.radiopiu.net\/wordpress\/in-vivo-verso\/embed\/#?secret=rZfaid5bbD#?secret=51BWGPGnoM\" data-secret=\"51BWGPGnoM\" width=\"600\" height=\"338\" frameborder=\"0\" marginwidth=\"0\" marginheight=\"0\" scrolling=\"no\"><\/iframe><\/p>\n<p>&nbsp;<\/p>\n<hr \/>\n<p>&nbsp;<\/p>\n<h2><span style=\"color: #808000;\">GOCCE DI FILOSOFIA<\/span><\/h2>\n<p><strong>LA RACCOLTA COMPLETA<\/strong><\/p>\n<blockquote class=\"wp-embedded-content\" data-secret=\"BBUegucrqv\"><p><a href=\"https:\/\/www.radiopiu.net\/wordpress\/gocce-filosofia\/\">Gocce di filosofia, PRIMA E SECONDA STAGIONE 2022<\/a><\/p><\/blockquote>\n<p><iframe loading=\"lazy\" class=\"wp-embedded-content\" sandbox=\"allow-scripts\" security=\"restricted\" style=\"position: absolute; clip: rect(1px, 1px, 1px, 1px);\" title=\"&#8220;Gocce di filosofia, PRIMA E SECONDA STAGIONE 2022&#8221; &#8212; Radio Pi\u00f9\" src=\"https:\/\/www.radiopiu.net\/wordpress\/gocce-filosofia\/embed\/#?secret=UHUptOORP0#?secret=BBUegucrqv\" data-secret=\"BBUegucrqv\" width=\"600\" height=\"338\" frameborder=\"0\" marginwidth=\"0\" marginheight=\"0\" scrolling=\"no\"><\/iframe><\/p>\n<p>&nbsp;<\/p>\n<p>&nbsp;<\/p>\n<hr \/>\n<p>&nbsp;<\/p>\n<p><span style=\"color: #0000ff;\">MUSICA PIU&#8217;\u00a0<\/span><\/p>\n<p><a href=\"https:\/\/www.radiopiu.net\/wordpress\/giornale-radiopiu-20-settembre-2021-direttore-mirko-mezzacasa\/pp-79\/\" rel=\"attachment wp-att-232921\"><img loading=\"lazy\" decoding=\"async\" class=\"wp-image-232921 alignleft\" src=\"https:\/\/www.radiopiu.net\/wordpress\/wp-content\/uploads\/2021\/09\/pp-1-300x300.jpg\" alt=\"\" width=\"135\" height=\"135\" srcset=\"https:\/\/www.radiopiu.net\/wordpress\/wp-content\/uploads\/2021\/09\/pp-1-300x300.jpg 300w, https:\/\/www.radiopiu.net\/wordpress\/wp-content\/uploads\/2021\/09\/pp-1-150x150.jpg 150w, https:\/\/www.radiopiu.net\/wordpress\/wp-content\/uploads\/2021\/09\/pp-1.jpg 640w\" sizes=\"auto, (max-width: 135px) 100vw, 135px\" \/><\/a><\/p>\n<div class=\"mkdf-post-text\">\n<div class=\"mkdf-post-text-inner\">\n<div class=\"mkdf-post-text-main\">\n<div class=\"mkdf-post-text\">\n<div class=\"mkdf-post-text-inner\">\n<div class=\"mkdf-post-text-main\">\n<div class=\"mkdf-post-text\">\n<div class=\"mkdf-post-text-inner\">\n<div class=\"mkdf-post-text-main\">\n<div class=\"page-title-head hgroup\">\n<div class=\"page-title-head hgroup\">\n<div class=\"mkdf-post-text\">\n<div class=\"mkdf-post-text-inner\">\n<div class=\"mkdf-post-text-main\">\n<div class=\"mkdf-post-text\">\n<div class=\"mkdf-post-text-inner\">\n<div class=\"mkdf-post-text-main\">\n<div class=\"page-title-head hgroup\">\n<div class=\"page-title-head hgroup\">\n<div class=\"page-title-head hgroup\">\n<div class=\"page-title-head hgroup\">\n<div class=\"b654a4as d2edcug0\">\n<div class=\"page-title-head hgroup\">\n<div class=\"page-title-head hgroup\">\n<div class=\"page-title-head hgroup\">\n<div class=\"page-title-head hgroup\">\n<div class=\"b654a4as d2edcug0\">\n<div class=\"page-title-head hgroup\">\n<div class=\"page-title-head hgroup\">\n<div class=\"page-title-head hgroup\">\n<div class=\"page-title-head hgroup\">\n<div class=\"b654a4as d2edcug0\">\n<div class=\"mkdf-post-text\">\n<div class=\"mkdf-post-text-inner\">\n<div class=\"mkdf-post-text-main\">\n<div class=\"mkdf-post-text\">\n<div class=\"mkdf-post-text-inner\">\n<div class=\"mkdf-post-text-main\">\n<div class=\"mkdf-post-text\">\n<div class=\"mkdf-post-text-inner\">\n<div class=\"mkdf-post-text-main\">\n<div class=\"page-title-head hgroup\">\n<div class=\"page-title-head hgroup\">\n<div class=\"mkdf-post-text\">\n<div class=\"mkdf-post-text-inner\">\n<div class=\"mkdf-post-text-main\">\n<div class=\"mkdf-post-text\">\n<div class=\"mkdf-post-text-inner\">\n<div class=\"mkdf-post-text-main\">\n<div class=\"page-title-head hgroup\">\n<div class=\"page-title-head hgroup\">\n<div class=\"page-title-head hgroup\">\n<div class=\"page-title-head hgroup\">\n<div class=\"b654a4as d2edcug0\">\n<div class=\"page-title-head hgroup\">\n<div class=\"page-title-head hgroup\">\n<div class=\"page-title-head hgroup\">\n<div class=\"page-title-head hgroup\">\n<div class=\"b654a4as d2edcug0\">\n<div class=\"page-title-head hgroup\">\n<div class=\"page-title-head hgroup\">\n<div class=\"page-title-head hgroup\">\n<div class=\"page-title-head hgroup\">\n<div class=\"b654a4as d2edcug0\">\n<div><\/div>\n<div><\/div>\n<div>\n<p><strong>MUSICA ALLA RADIO, IL PROGRAMMA DI LORIS SCUSSEL &#8220;COLLAGE OPERAZIONE NOSTALGIA&#8221; DAL LUNEDI AL VENERDI ALLE 16.00\u00a0 E ALLE 23\u00a0<\/strong><\/p>\n<p>&nbsp;<\/p>\n<p><b><i>\u00a0\u00a0<\/i><\/b><\/p>\n<p>&nbsp;<\/p>\n<p><strong><a class=\"dt-pswp-item\" href=\"https:\/\/www.radiopiu.net\/wordpress\/wp-content\/uploads\/2022\/03\/La-ballata-delleroe.jpg\" data-dt-img-description=\"\" data-large_image_width=\"500\" data-large_image_height=\"500\"><img loading=\"lazy\" decoding=\"async\" class=\"size-thumbnail wp-image-267142 alignleft\" src=\"https:\/\/www.radiopiu.net\/wordpress\/wp-content\/uploads\/2022\/03\/La-ballata-delleroe-150x150.jpg\" alt=\"\" width=\"150\" height=\"150\" srcset=\"https:\/\/www.radiopiu.net\/wordpress\/wp-content\/uploads\/2022\/03\/La-ballata-delleroe-150x150.jpg 150w, https:\/\/www.radiopiu.net\/wordpress\/wp-content\/uploads\/2022\/03\/La-ballata-delleroe-300x300.jpg 300w, https:\/\/www.radiopiu.net\/wordpress\/wp-content\/uploads\/2022\/03\/La-ballata-delleroe.jpg 500w\" sizes=\"auto, (max-width: 150px) 100vw, 150px\" \/><\/a>di Loris Scussel<\/strong><\/p>\n<p>Anche questa settimana Collage aprir\u00e0 la sua programmazione con una puntata dedicata alle canzoni contro la guerra mentre il tema di marted\u00ec saranno i ricordi e quello di mercoled\u00ec gli amici. Gioved\u00ec puntata dedicata ai successi internazionali per concludere in bellezza venerd\u00ec con un mix di canzoni italiane e non. Collage andr\u00e0 in onda come sempre dal luned\u00ec al venerd\u00ec alle 16,00 e alle 23,00.<\/p>\n<\/div>\n<p>&nbsp;<\/p>\n<p>&nbsp;<\/p>\n<p>&nbsp;<\/p>\n<hr \/>\n<\/div>\n<\/div>\n<\/div>\n<\/div>\n<\/div>\n<\/div>\n<\/div>\n<\/div>\n<\/div>\n<\/div>\n<\/div>\n<\/div>\n<\/div>\n<\/div>\n<\/div>\n<\/div>\n<\/div>\n<\/div>\n<\/div>\n<\/div>\n<\/div>\n<\/div>\n<\/div>\n<\/div>\n<\/div>\n<\/div>\n<\/div>\n<\/div>\n<\/div>\n<\/div>\n<\/div>\n<\/div>\n<\/div>\n<\/div>\n<\/div>\n<\/div>\n<\/div>\n<\/div>\n<\/div>\n<\/div>\n<\/div>\n<\/div>\n<\/div>\n<\/div>\n<\/div>\n<\/div>\n<\/div>\n<\/div>\n<\/div>\n<\/div>\n<\/div>\n<\/div>\n<\/div>\n<\/div>\n<\/div>\n<\/div>\n<\/div>\n<\/div>\n<\/div>\n<\/div>\n<\/div>\n<\/div>\n<\/div>\n<\/div>\n<p>&nbsp;<\/p>\n<blockquote>\n<h3><span style=\"color: #0000ff;\">INFORMAZIONE il canale su TELEGRAM informazione di prima mano e in tempo reale. iscriviti ed aiutaci a farlo conoscere\u00a0\u00a0<\/span><\/h3>\n<\/blockquote>\n<div>\n<div class=\"page-title-head hgroup\">\n<div class=\"page-title-head hgroup\">\n<div class=\"page-title-head hgroup\">\n<div class=\"page-title-head hgroup\">\n<div class=\"b654a4as d2edcug0\">\n<div class=\"page-title-head hgroup\">\n<div class=\"page-title-head hgroup\">\n<div class=\"page-title-head hgroup\">\n<div class=\"page-title-head hgroup\">\n<div class=\"b654a4as d2edcug0\">\n<div class=\"page-title-head hgroup\">\n<div class=\"page-title-head hgroup\">\n<div class=\"page-title-head hgroup\">\n<div class=\"page-title-head hgroup\">\n<div class=\"page-title-head hgroup\">\n<div class=\"page-title-head hgroup\">\n<div class=\"page-title-head hgroup\">\n<div class=\"page-title-head hgroup\">\n<div class=\"page-title-head hgroup\">\n<div class=\"b654a4as d2edcug0\">\n<div class=\"page-title-head hgroup\">\n<div class=\"page-title-head hgroup\">\n<div class=\"page-title-head hgroup\">\n<div class=\"page-title-head hgroup\">\n<div class=\"b654a4as d2edcug0\">\n<div>\n<p>&nbsp;<\/p>\n<\/div>\n<div>\n<div class=\"page-title-head hgroup\">\n<div class=\"page-title-head hgroup\">\n<div class=\"page-title-head hgroup\">\n<div class=\"page-title-head hgroup\">\n<div class=\"page-title-head hgroup\">\n<div class=\"b654a4as d2edcug0\">\n<div>\n<hr \/>\n<\/div>\n<\/div>\n<div>\n<div>\n<p>&nbsp;<\/p>\n<\/div>\n<div>\n<div><\/div>\n<div>\n<div class=\"mkdf-post-text\">\n<div class=\"mkdf-post-text-inner\">\n<div class=\"mkdf-post-text-main\">\n<div class=\"mkdf-post-text\">\n<div class=\"mkdf-post-text-inner\">\n<div class=\"mkdf-post-text-main\">\n<div class=\"mkdf-post-text\">\n<div class=\"mkdf-post-text-inner\">\n<div class=\"mkdf-post-text-main\">\n<div class=\"page-title-head hgroup\">\n<div class=\"page-title-head hgroup\">\n<div class=\"mkdf-post-text\">\n<div class=\"mkdf-post-text-inner\">\n<div class=\"mkdf-post-text-main\">\n<div class=\"mkdf-post-text\">\n<div class=\"mkdf-post-text-inner\">\n<div class=\"mkdf-post-text-main\">\n<div class=\"page-title-head hgroup\">\n<div class=\"page-title-head hgroup\">\n<div class=\"page-title-head hgroup\">\n<div class=\"page-title-head hgroup\">\n<div class=\"b654a4as d2edcug0\">\n<div class=\"page-title-head hgroup\">\n<div class=\"page-title-head hgroup\">\n<div class=\"page-title-head hgroup\">\n<div class=\"page-title-head hgroup\">\n<div class=\"b654a4as d2edcug0\">\n<div class=\"page-title-head hgroup\">\n<div class=\"page-title-head hgroup\">\n<div class=\"page-title-head hgroup\">\n<div class=\"page-title-head hgroup\">\n<div class=\"b654a4as d2edcug0\">\n<div>\n<div class=\"page-title-head hgroup\">\n<div class=\"page-title-head hgroup\">\n<div class=\"b654a4as d2edcug0\">\n<div class=\"j83agx80 btwxx1t3 lhclo0ds hop8lmos nkwizq5d scwd0bx6 roh60bw9\">\n<div class=\"rq0escxv hkbzh7o3 jwdofwj8 n8tt0mok r8blr3vg hyh9befq\">\n<div class=\"do00u71z l9j0dhe7 k4urcfbm\">\n<div class=\"ecm0bbzt e5nlhep0 a8c37x1j\">\n<div class=\"kvgmc6g5 cxmmr5t8 oygrvhab hcukyx3x c1et5uql\">\n<div class=\"gmail-kvgmc6g5 gmail-cxmmr5t8 gmail-oygrvhab gmail-hcukyx3x gmail-c1et5uql gmail-ii04i59q\">\n<div class=\"page-title-head hgroup\">\n<div class=\"page-title-head hgroup\">\n<div class=\"b654a4as d2edcug0\">\n<div class=\"j83agx80 btwxx1t3 lhclo0ds hop8lmos nkwizq5d scwd0bx6 roh60bw9\">\n<div class=\"rq0escxv hkbzh7o3 jwdofwj8 n8tt0mok r8blr3vg hyh9befq\">\n<div class=\"do00u71z l9j0dhe7 k4urcfbm\">\n<div>\n<div class=\"page-title-head hgroup\">\n<div class=\"page-title-head hgroup\">\n<div class=\"page-title-head hgroup\">\n<div class=\"page-title-head hgroup\">\n<div class=\"b654a4as d2edcug0\">\n<div class=\"page-title-head hgroup\">\n<div class=\"page-title-head hgroup\">\n<div class=\"page-title-head hgroup\">\n<div class=\"page-title-head hgroup\">\n<div class=\"b654a4as d2edcug0\">\n<div class=\"page-title-head hgroup\">\n<div class=\"page-title-head hgroup\">\n<div class=\"page-title-head hgroup\">\n<div class=\"page-title-head hgroup\">\n<div class=\"page-title-head hgroup\">\n<div class=\"page-title-head hgroup\">\n<div class=\"page-title-head hgroup\">\n<div class=\"page-title-head hgroup\">\n<div class=\"page-title-head hgroup\">\n<div class=\"b654a4as d2edcug0\">\n<div class=\"page-title-head hgroup\">\n<div class=\"page-title-head hgroup\">\n<div class=\"page-title-head hgroup\">\n<div class=\"page-title-head hgroup\">\n<div class=\"b654a4as d2edcug0\">\n<div>\n<div class=\"page-title-head hgroup\">\n<div class=\"page-title-head hgroup\">\n<div class=\"page-title-head hgroup\">\n<div class=\"page-title-head hgroup\">\n<div class=\"page-title-head hgroup\">\n<div>\n<div>\n<div>\n<div class=\"mkdf-post-text\">\n<div class=\"mkdf-post-text-inner\">\n<div class=\"mkdf-post-text-main\">\n<div class=\"mkdf-post-text\">\n<div class=\"mkdf-post-text-inner\">\n<div class=\"mkdf-post-text-main\">\n<div class=\"mkdf-post-text\">\n<div class=\"mkdf-post-text-inner\">\n<div class=\"mkdf-post-text-main\">\n<div class=\"page-title-head hgroup\">\n<div class=\"page-title-head hgroup\">\n<div class=\"mkdf-post-text\">\n<div class=\"mkdf-post-text-inner\">\n<div class=\"mkdf-post-text-main\">\n<div class=\"mkdf-post-text\">\n<div class=\"mkdf-post-text-inner\">\n<div class=\"mkdf-post-text-main\">\n<div class=\"page-title-head hgroup\">\n<div class=\"page-title-head hgroup\">\n<div class=\"page-title-head hgroup\">\n<div class=\"page-title-head hgroup\">\n<div class=\"b654a4as d2edcug0\">\n<div class=\"page-title-head hgroup\">\n<div class=\"page-title-head hgroup\">\n<div class=\"page-title-head hgroup\">\n<div class=\"page-title-head hgroup\">\n<div class=\"b654a4as d2edcug0\">\n<div class=\"page-title-head hgroup\">\n<div class=\"page-title-head hgroup\">\n<div class=\"page-title-head hgroup\">\n<div class=\"page-title-head hgroup\">\n<div class=\"b654a4as d2edcug0\">\n<p>&nbsp;<\/p>\n<div>\n<p>&nbsp;<\/p>\n<\/div>\n<div>\n<div>\n<p><strong>DUE MINUTI UN LIBRO, TUTTI I GIORNI ALLA RADIO ALLE 9.40 E ALLE 17.50\u00a0<\/strong><\/p>\n<div>\n<div>\n<p><strong>LA RACCOLTA COMPLETA\u00a0\u00a0<\/strong><\/p>\n<\/div>\n<div>\n<blockquote class=\"wp-embedded-content\" data-secret=\"baJBufA2sJ\"><p><a href=\"https:\/\/www.radiopiu.net\/wordpress\/due-minuti-un-libro\/\">Due minuti un libro<\/a><\/p><\/blockquote>\n<p><iframe loading=\"lazy\" class=\"wp-embedded-content\" sandbox=\"allow-scripts\" security=\"restricted\" style=\"position: absolute; clip: rect(1px, 1px, 1px, 1px);\" title=\"&#8220;Due minuti un libro&#8221; &#8212; Radio Pi\u00f9\" src=\"https:\/\/www.radiopiu.net\/wordpress\/due-minuti-un-libro\/embed\/#?secret=yjRt7TG9Np#?secret=baJBufA2sJ\" data-secret=\"baJBufA2sJ\" width=\"600\" height=\"338\" frameborder=\"0\" marginwidth=\"0\" marginheight=\"0\" scrolling=\"no\"><\/iframe><\/p>\n<\/div>\n<\/div>\n<\/div>\n<div class=\"mkdf-post-text\">\n<div class=\"mkdf-post-text-inner\">\n<div class=\"mkdf-post-text-main\">\n<div class=\"mkdf-post-text\">\n<div class=\"mkdf-post-text-inner\">\n<div class=\"mkdf-post-text-main\">\n<div class=\"mkdf-post-text\">\n<div class=\"mkdf-post-text-inner\">\n<div class=\"mkdf-post-text-main\">\n<div class=\"page-title-head hgroup\">\n<div class=\"page-title-head hgroup\">\n<div class=\"mkdf-post-text\">\n<div class=\"mkdf-post-text-inner\">\n<div class=\"mkdf-post-text-main\">\n<div class=\"mkdf-post-text\">\n<div class=\"mkdf-post-text-inner\">\n<div class=\"mkdf-post-text-main\">\n<div class=\"page-title-head hgroup\">\n<div class=\"page-title-head hgroup\">\n<div class=\"page-title-head hgroup\">\n<div class=\"page-title-head hgroup\">\n<div class=\"b654a4as d2edcug0\">\n<div class=\"page-title-head hgroup\">\n<div class=\"page-title-head hgroup\">\n<div class=\"page-title-head hgroup\">\n<div class=\"page-title-head hgroup\">\n<div class=\"b654a4as d2edcug0\">\n<div class=\"page-title-head hgroup\">\n<div class=\"page-title-head hgroup\">\n<div class=\"page-title-head hgroup\">\n<div class=\"page-title-head hgroup\">\n<div class=\"b654a4as d2edcug0\">\n<div>\n<p>&nbsp;<\/p>\n<\/div>\n<div>\n<hr \/>\n<p>&nbsp;<\/p>\n<\/div>\n<h2><span style=\"color: #808000;\">L&#8217;ALMANACCO LADINO\u00a0\u00a0<\/span><\/h2>\n<p><strong>LA RACCOLTA<\/strong><\/p>\n<blockquote class=\"wp-embedded-content\" data-secret=\"u957Nr0hBR\"><p><a href=\"https:\/\/www.radiopiu.net\/wordpress\/almanacco-ladino\/\">Almanacco Ladino<\/a><\/p><\/blockquote>\n<p><iframe loading=\"lazy\" class=\"wp-embedded-content\" sandbox=\"allow-scripts\" security=\"restricted\" style=\"position: absolute; clip: rect(1px, 1px, 1px, 1px);\" title=\"&#8220;Almanacco Ladino&#8221; &#8212; Radio Pi\u00f9\" src=\"https:\/\/www.radiopiu.net\/wordpress\/almanacco-ladino\/embed\/#?secret=9tiZWUQHnE#?secret=u957Nr0hBR\" data-secret=\"u957Nr0hBR\" width=\"600\" height=\"338\" frameborder=\"0\" marginwidth=\"0\" marginheight=\"0\" scrolling=\"no\"><\/iframe><\/p>\n<p>&nbsp;<\/p>\n<p>&nbsp;<\/p>\n<hr \/>\n<h2><span style=\"color: #33cccc;\">\u00a0<\/span><\/h2>\n<h2><span style=\"color: #33cccc;\">LA RASSEGNA STAMPA DA L&#8217;AMICO DEL POPOLO<\/span><\/h2>\n<p><strong><a class=\"dt-pswp-item\" href=\"https:\/\/www.radiopiu.net\/wordpress\/wp-content\/uploads\/2022\/03\/LIBERA-MAFIE.png\" data-dt-img-description=\"\" data-large_image_width=\"860\" data-large_image_height=\"756\"><img loading=\"lazy\" decoding=\"async\" class=\"size-thumbnail wp-image-267115 alignleft\" src=\"https:\/\/www.radiopiu.net\/wordpress\/wp-content\/uploads\/2022\/03\/LIBERA-MAFIE-150x150.png\" alt=\"\" width=\"150\" height=\"150\" \/><\/a>di Gianni Santomaso<\/strong><\/p>\n<p>OSPITE: Piermario Fop, co-referente di Libera Veneto<\/p>\n<audio class=\"wp-audio-shortcode\" id=\"audio-267012-8\" preload=\"none\" style=\"width: 100%;\" controls=\"controls\"><source type=\"audio\/mpeg\" src=\"https:\/\/www.radiopiu.net\/wordpress\/wp-content\/uploads\/2022\/03\/RASSEGNA-GIANNI-3.mp3?_=8\" \/><a href=\"https:\/\/www.radiopiu.net\/wordpress\/wp-content\/uploads\/2022\/03\/RASSEGNA-GIANNI-3.mp3\">https:\/\/www.radiopiu.net\/wordpress\/wp-content\/uploads\/2022\/03\/RASSEGNA-GIANNI-3.mp3<\/a><\/audio>\n<p>&nbsp;<\/p>\n<p><strong>LA RACCOLTA COMPLETA<\/strong><\/p>\n<blockquote class=\"wp-embedded-content\" data-secret=\"TLzrqIjEPI\"><p><a href=\"https:\/\/www.radiopiu.net\/wordpress\/rassegna-stampa-di-gianni-santomaso\/\">Rassegna stampa da l&#8217;amico del popolo &#8211; di Gianni Santomaso<\/a><\/p><\/blockquote>\n<p><iframe loading=\"lazy\" class=\"wp-embedded-content\" sandbox=\"allow-scripts\" security=\"restricted\" style=\"position: absolute; clip: rect(1px, 1px, 1px, 1px);\" title=\"&#8220;Rassegna stampa da l&#8217;amico del popolo &#8211; di Gianni Santomaso&#8221; &#8212; Radio Pi\u00f9\" src=\"https:\/\/www.radiopiu.net\/wordpress\/rassegna-stampa-di-gianni-santomaso\/embed\/#?secret=el8pU68DPV#?secret=TLzrqIjEPI\" data-secret=\"TLzrqIjEPI\" width=\"600\" height=\"338\" frameborder=\"0\" marginwidth=\"0\" marginheight=\"0\" scrolling=\"no\"><\/iframe><\/p>\n<p>&nbsp;<\/p>\n<hr \/>\n<p>&nbsp;<\/p>\n<div>\n<div class=\"page-title-head hgroup\">\n<div class=\"page-title-head hgroup\">\n<div class=\"b654a4as d2edcug0\">\n<div class=\"j83agx80 btwxx1t3 lhclo0ds hop8lmos nkwizq5d scwd0bx6 roh60bw9\">\n<div class=\"rq0escxv hkbzh7o3 jwdofwj8 n8tt0mok r8blr3vg hyh9befq\">\n<div class=\"do00u71z l9j0dhe7 k4urcfbm\">\n<div class=\"ecm0bbzt e5nlhep0 a8c37x1j\">\n<div class=\"kvgmc6g5 cxmmr5t8 oygrvhab hcukyx3x c1et5uql\">\n<div class=\"gmail-kvgmc6g5 gmail-cxmmr5t8 gmail-oygrvhab gmail-hcukyx3x gmail-c1et5uql gmail-ii04i59q\">\n<div class=\"page-title-head hgroup\">\n<div class=\"page-title-head hgroup\">\n<div class=\"b654a4as d2edcug0\">\n<div class=\"j83agx80 btwxx1t3 lhclo0ds hop8lmos nkwizq5d scwd0bx6 roh60bw9\">\n<div class=\"rq0escxv hkbzh7o3 jwdofwj8 n8tt0mok r8blr3vg hyh9befq\">\n<div class=\"do00u71z l9j0dhe7 k4urcfbm\">\n<div>\n<div class=\"page-title-head hgroup\">\n<div class=\"page-title-head hgroup\">\n<div class=\"page-title-head hgroup\">\n<div class=\"page-title-head hgroup\">\n<div class=\"b654a4as d2edcug0\">\n<div class=\"page-title-head hgroup\">\n<div class=\"page-title-head hgroup\">\n<div class=\"page-title-head hgroup\">\n<div class=\"page-title-head hgroup\">\n<div class=\"b654a4as d2edcug0\">\n<div class=\"page-title-head hgroup\">\n<div class=\"page-title-head hgroup\">\n<div class=\"page-title-head hgroup\">\n<div class=\"page-title-head hgroup\">\n<div class=\"page-title-head hgroup\">\n<div class=\"page-title-head hgroup\">\n<div class=\"page-title-head hgroup\">\n<div class=\"page-title-head hgroup\">\n<div class=\"page-title-head hgroup\">\n<div class=\"b654a4as d2edcug0\">\n<div class=\"page-title-head hgroup\">\n<div class=\"page-title-head hgroup\">\n<div class=\"page-title-head hgroup\">\n<div class=\"page-title-head hgroup\">\n<div class=\"b654a4as d2edcug0\">\n<div>\n<div class=\"page-title-head hgroup\">\n<div class=\"page-title-head hgroup\">\n<div class=\"page-title-head hgroup\">\n<div class=\"page-title-head hgroup\">\n<div class=\"page-title-head hgroup\">\n<div>\n<div>\n<div>\n<div class=\"mkdf-post-text\">\n<div class=\"mkdf-post-text-inner\">\n<div class=\"mkdf-post-text-main\">\n<div class=\"mkdf-post-text\">\n<div class=\"mkdf-post-text-inner\">\n<div class=\"mkdf-post-text-main\">\n<div class=\"mkdf-post-text\">\n<div class=\"mkdf-post-text-inner\">\n<div class=\"mkdf-post-text-main\">\n<div class=\"page-title-head hgroup\">\n<div class=\"page-title-head hgroup\">\n<div class=\"mkdf-post-text\">\n<div class=\"mkdf-post-text-inner\">\n<div class=\"mkdf-post-text-main\">\n<div class=\"mkdf-post-text\">\n<div class=\"mkdf-post-text-inner\">\n<div class=\"mkdf-post-text-main\">\n<div class=\"page-title-head hgroup\">\n<div class=\"page-title-head hgroup\">\n<div class=\"page-title-head hgroup\">\n<div class=\"page-title-head hgroup\">\n<div class=\"b654a4as d2edcug0\">\n<div class=\"page-title-head hgroup\">\n<div class=\"page-title-head hgroup\">\n<div class=\"page-title-head hgroup\">\n<div class=\"page-title-head hgroup\">\n<div class=\"b654a4as d2edcug0\">\n<div class=\"page-title-head hgroup\">\n<div class=\"page-title-head hgroup\">\n<div class=\"page-title-head hgroup\">\n<div class=\"page-title-head hgroup\">\n<div class=\"b654a4as d2edcug0\">\n<h2><span style=\"color: #800080;\">I RACCONTI DI PAOLO SOPPELSA\u00a0<\/span><\/h2>\n<p><strong>LA RACCOLTA COMPLETA<\/strong><\/p>\n<blockquote class=\"wp-embedded-content\" data-secret=\"yvZDYQ0854\"><p><a href=\"https:\/\/www.radiopiu.net\/wordpress\/i-racconti-di-paolo-soppelsa\/\">I racconti di Paolo Soppelsa<\/a><\/p><\/blockquote>\n<p><iframe loading=\"lazy\" class=\"wp-embedded-content\" sandbox=\"allow-scripts\" security=\"restricted\" style=\"position: absolute; clip: rect(1px, 1px, 1px, 1px);\" title=\"&#8220;I racconti di Paolo Soppelsa&#8221; &#8212; Radio Pi\u00f9\" src=\"https:\/\/www.radiopiu.net\/wordpress\/i-racconti-di-paolo-soppelsa\/embed\/#?secret=wMmPVlkg12#?secret=yvZDYQ0854\" data-secret=\"yvZDYQ0854\" width=\"600\" height=\"338\" frameborder=\"0\" marginwidth=\"0\" marginheight=\"0\" scrolling=\"no\"><\/iframe><\/p>\n<hr \/>\n<p>&nbsp;<\/p>\n<blockquote class=\"wp-embedded-content\" data-secret=\"ZXDixmlu3w\"><p><a href=\"https:\/\/www.radiopiu.net\/wordpress\/da-ieri-alla-radio-in-palinsesto-loris-e-maurizio-con-la-grande-musica\/\">IL BLUES ALLA RADIO &#8230; COME NON L&#8217;AVETE MAI SENTITO PRIMA<\/a><\/p><\/blockquote>\n<p><iframe loading=\"lazy\" class=\"wp-embedded-content\" sandbox=\"allow-scripts\" security=\"restricted\" style=\"position: absolute; clip: rect(1px, 1px, 1px, 1px);\" title=\"&#8220;IL BLUES ALLA RADIO &#8230; COME NON L&#8217;AVETE MAI SENTITO PRIMA&#8221; &#8212; Radio Pi\u00f9\" src=\"https:\/\/www.radiopiu.net\/wordpress\/da-ieri-alla-radio-in-palinsesto-loris-e-maurizio-con-la-grande-musica\/embed\/#?secret=KQ8IOmPNoM#?secret=ZXDixmlu3w\" data-secret=\"ZXDixmlu3w\" width=\"600\" height=\"338\" frameborder=\"0\" marginwidth=\"0\" marginheight=\"0\" scrolling=\"no\"><\/iframe><\/p>\n<p>&nbsp;<\/p>\n<\/div>\n<\/div>\n<\/div>\n<\/div>\n<\/div>\n<\/div>\n<\/div>\n<\/div>\n<\/div>\n<\/div>\n<\/div>\n<\/div>\n<\/div>\n<\/div>\n<\/div>\n<\/div>\n<\/div>\n<\/div>\n<\/div>\n<\/div>\n<\/div>\n<\/div>\n<\/div>\n<\/div>\n<\/div>\n<\/div>\n<\/div>\n<\/div>\n<\/div>\n<\/div>\n<\/div>\n<\/div>\n<\/div>\n<\/div>\n<\/div>\n<\/div>\n<\/div>\n<\/div>\n<\/div>\n<\/div>\n<\/div>\n<\/div>\n<\/div>\n<\/div>\n<\/div>\n<\/div>\n<\/div>\n<\/div>\n<\/div>\n<\/div>\n<\/div>\n<\/div>\n<\/div>\n<\/div>\n<\/div>\n<\/div>\n<\/div>\n<\/div>\n<\/div>\n<\/div>\n<\/div>\n<\/div>\n<\/div>\n<\/div>\n<\/div>\n<\/div>\n<\/div>\n<\/div>\n<\/div>\n<\/div>\n<\/div>\n<\/div>\n<\/div>\n<\/div>\n<\/div>\n<\/div>\n<\/div>\n<\/div>\n<\/div>\n<\/div>\n<\/div>\n<\/div>\n<\/div>\n<\/div>\n<\/div>\n<\/div>\n<\/div>\n<\/div>\n<\/div>\n<\/div>\n<\/div>\n<\/div>\n<\/div>\n<\/div>\n<\/div>\n<\/div>\n<\/div>\n<\/div>\n<\/div>\n<\/div>\n<\/div>\n<\/div>\n<\/div>\n<\/div>\n<\/div>\n<\/div>\n<\/div>\n<\/div>\n<\/div>\n<\/div>\n<\/div>\n<\/div>\n<\/div>\n<\/div>\n<\/div>\n<\/div>\n<p><a href=\"https:\/\/www.radiopiu.net\/wordpress\/giornale-radiopiu-26-settembre-2018-direttore-mirko-mezzacasa\/viabilita-2\/\" rel=\"attachment wp-att-61954\"><img loading=\"lazy\" decoding=\"async\" class=\"aligncenter wp-image-61954 size-full\" src=\"https:\/\/www.radiopiu.net\/wordpress\/wp-content\/uploads\/2018\/09\/viabilita.jpeg\" sizes=\"auto, (max-width: 800px) 100vw, 800px\" srcset=\"https:\/\/www.radiopiu.net\/wordpress\/wp-content\/uploads\/2018\/09\/viabilita.jpeg 800w, https:\/\/www.radiopiu.net\/wordpress\/wp-content\/uploads\/2018\/09\/viabilita-300x38.jpeg 300w, https:\/\/www.radiopiu.net\/wordpress\/wp-content\/uploads\/2018\/09\/viabilita-768x96.jpeg 768w\" alt=\"\" width=\"800\" height=\"100\" \/><\/a><\/p>\n<\/div>\n<\/div>\n<\/div>\n<\/div>\n<\/div>\n<\/div>\n<\/div>\n<\/div>\n<\/div>\n<\/div>\n<\/div>\n<\/div>\n<\/div>\n<\/div>\n<\/div>\n<\/div>\n<\/div>\n<\/div>\n<\/div>\n<\/div>\n<\/div>\n<\/div>\n<\/div>\n<\/div>\n<\/div>\n<\/div>\n<\/div>\n<\/div>\n<\/div>\n<\/div>\n<\/div>\n<\/div>\n<\/div>\n<\/div>\n<\/div>\n<\/div>\n<\/div>\n<\/div>\n<\/div>\n<\/div>\n<\/div>\n<\/div>\n<\/div>\n<\/div>\n<\/div>\n<\/div>\n<\/div>\n<\/div>\n<\/div>\n<\/div>\n<\/div>\n<\/div>\n<\/div>\n<\/div>\n<\/div>\n<\/div>\n<\/div>\n<\/div>\n<\/div>\n<\/div>\n<\/div>\n<\/div>\n<\/div>\n<\/div>\n<\/div>\n<\/div>\n<\/div>\n<\/div>\n<\/div>\n<\/div>\n<\/div>\n<\/div>\n<\/div>\n<\/div>\n<\/div>\n<\/div>\n<\/div>\n<\/div>\n<\/div>\n<\/div>\n<\/div>\n<\/div>\n<\/div>\n<div>\n<div class=\"page-title-head hgroup\">\n<div class=\"page-title-head hgroup\">\n<div class=\"b654a4as d2edcug0\">\n<div class=\"j83agx80 btwxx1t3 lhclo0ds hop8lmos nkwizq5d scwd0bx6 roh60bw9\">\n<div class=\"rq0escxv hkbzh7o3 jwdofwj8 n8tt0mok r8blr3vg hyh9befq\">\n<div class=\"do00u71z l9j0dhe7 k4urcfbm\">\n<div class=\"ecm0bbzt e5nlhep0 a8c37x1j\">\n<div class=\"kvgmc6g5 cxmmr5t8 oygrvhab hcukyx3x c1et5uql\">\n<div class=\"gmail-kvgmc6g5 gmail-cxmmr5t8 gmail-oygrvhab gmail-hcukyx3x gmail-c1et5uql gmail-ii04i59q\">\n<div class=\"page-title-head hgroup\">\n<div class=\"page-title-head hgroup\">\n<div class=\"b654a4as d2edcug0\">\n<div class=\"j83agx80 btwxx1t3 lhclo0ds hop8lmos nkwizq5d scwd0bx6 roh60bw9\">\n<div class=\"rq0escxv hkbzh7o3 jwdofwj8 n8tt0mok r8blr3vg hyh9befq\">\n<div class=\"do00u71z l9j0dhe7 k4urcfbm\">\n<div class=\"page-title-head hgroup\">\n<div class=\"page-title-head hgroup\">\n<div class=\"page-title-head hgroup\">\n<div class=\"page-title-head hgroup\">\n<div class=\"b654a4as d2edcug0\">\n<div class=\"page-title-head hgroup\">\n<div class=\"page-title-head hgroup\">\n<div class=\"page-title-head hgroup\">\n<div class=\"page-title-head hgroup\">\n<div class=\"b654a4as d2edcug0\">\n<div class=\"page-title-head hgroup\">\n<div class=\"page-title-head hgroup\">\n<div class=\"page-title-head hgroup\">\n<div class=\"page-title-head hgroup\">\n<div class=\"page-title-head hgroup\">\n<div class=\"page-title-head hgroup\">\n<div class=\"page-title-head hgroup\">\n<div class=\"page-title-head hgroup\">\n<div class=\"page-title-head hgroup\">\n<div class=\"b654a4as d2edcug0\">\n<div class=\"page-title-head hgroup\">\n<div class=\"page-title-head hgroup\">\n<div class=\"page-title-head hgroup\">\n<div class=\"page-title-head hgroup\">\n<div class=\"b654a4as d2edcug0\">\n<div class=\"page-title-head hgroup\">\n<div class=\"page-title-head hgroup\">\n<div class=\"page-title-head hgroup\">\n<div class=\"page-title-head hgroup\">\n<div class=\"page-title-head hgroup\">\n<div class=\"mkdf-post-text\">\n<div class=\"mkdf-post-text-inner\">\n<div class=\"mkdf-post-text-main\">\n<div class=\"mkdf-post-text\">\n<div class=\"mkdf-post-text-inner\">\n<div class=\"mkdf-post-text-main\">\n<div class=\"mkdf-post-text\">\n<div class=\"mkdf-post-text-inner\">\n<div class=\"mkdf-post-text-main\">\n<div class=\"page-title-head hgroup\">\n<div class=\"page-title-head hgroup\">\n<div class=\"mkdf-post-text\">\n<div class=\"mkdf-post-text-inner\">\n<div class=\"mkdf-post-text-main\">\n<div class=\"mkdf-post-text\">\n<div class=\"mkdf-post-text-inner\">\n<div class=\"mkdf-post-text-main\">\n<div class=\"page-title-head hgroup\">\n<div class=\"page-title-head hgroup\">\n<div class=\"page-title-head hgroup\">\n<div class=\"page-title-head hgroup\">\n<div class=\"b654a4as d2edcug0\">\n<div class=\"page-title-head hgroup\">\n<div class=\"page-title-head hgroup\">\n<div class=\"page-title-head hgroup\">\n<div class=\"page-title-head hgroup\">\n<div class=\"b654a4as d2edcug0\">\n<div class=\"page-title-head hgroup\">\n<div class=\"page-title-head hgroup\">\n<div class=\"page-title-head hgroup\">\n<div class=\"page-title-head hgroup\">\n<div class=\"b654a4as d2edcug0\">\n<div class=\"ecm0bbzt e5nlhep0 a8c37x1j\">\n<div class=\"kvgmc6g5 cxmmr5t8 oygrvhab hcukyx3x c1et5uql\">\n<div class=\"gmail-kvgmc6g5 gmail-cxmmr5t8 gmail-oygrvhab gmail-hcukyx3x gmail-c1et5uql gmail-ii04i59q\">\n<div class=\"page-title-head hgroup\">\n<div class=\"page-title-head hgroup\">\n<div class=\"b654a4as d2edcug0\">\n<div class=\"j83agx80 btwxx1t3 lhclo0ds hop8lmos nkwizq5d scwd0bx6 roh60bw9\">\n<div class=\"rq0escxv hkbzh7o3 jwdofwj8 n8tt0mok r8blr3vg hyh9befq\">\n<div class=\"do00u71z l9j0dhe7 k4urcfbm\">\n<div class=\"page-title-head hgroup\">\n<div class=\"page-title-head hgroup\">\n<div class=\"page-title-head hgroup\">\n<div class=\"page-title-head hgroup\">\n<div class=\"b654a4as d2edcug0\">\n<div class=\"page-title-head hgroup\">\n<div class=\"page-title-head hgroup\">\n<div class=\"page-title-head hgroup\">\n<div class=\"page-title-head hgroup\">\n<div class=\"b654a4as d2edcug0\">\n<div class=\"page-title-head hgroup\">\n<div class=\"page-title-head hgroup\">\n<div class=\"page-title-head hgroup\">\n<div class=\"page-title-head hgroup\">\n<div class=\"page-title-head hgroup\">\n<div class=\"page-title-head hgroup\">\n<div class=\"page-title-head hgroup\">\n<div class=\"page-title-head hgroup\">\n<div class=\"page-title-head hgroup\">\n<div class=\"b654a4as d2edcug0\">\n<div class=\"page-title-head hgroup\">\n<div class=\"page-title-head hgroup\">\n<div class=\"page-title-head hgroup\">\n<div class=\"page-title-head hgroup\">\n<div class=\"b654a4as d2edcug0\">\n<div class=\"page-title-head hgroup\">\n<div class=\"page-title-head hgroup\">\n<div class=\"page-title-head hgroup\">\n<div class=\"page-title-head hgroup\">\n<div class=\"page-title-head hgroup\">\n<div class=\"mkdf-post-text\">\n<div class=\"mkdf-post-text-inner\">\n<div class=\"mkdf-post-text-main\">\n<div class=\"mkdf-post-text\">\n<div class=\"mkdf-post-text-inner\">\n<div class=\"mkdf-post-text-main\">\n<div class=\"mkdf-post-text\">\n<div class=\"mkdf-post-text-inner\">\n<div class=\"mkdf-post-text-main\">\n<div class=\"page-title-head hgroup\">\n<div class=\"page-title-head hgroup\">\n<div class=\"mkdf-post-text\">\n<div class=\"mkdf-post-text-inner\">\n<div class=\"mkdf-post-text-main\">\n<div class=\"mkdf-post-text\">\n<div class=\"mkdf-post-text-inner\">\n<div class=\"mkdf-post-text-main\">\n<div class=\"page-title-head hgroup\">\n<div class=\"page-title-head hgroup\">\n<div class=\"page-title-head hgroup\">\n<div class=\"page-title-head hgroup\">\n<div class=\"b654a4as d2edcug0\">\n<div class=\"page-title-head hgroup\">\n<div class=\"page-title-head hgroup\">\n<div class=\"page-title-head hgroup\">\n<div class=\"page-title-head hgroup\">\n<div class=\"b654a4as d2edcug0\">\n<div class=\"page-title-head hgroup\">\n<div class=\"page-title-head hgroup\">\n<div class=\"page-title-head hgroup\">\n<div class=\"page-title-head hgroup\">\n<div class=\"b654a4as d2edcug0\">\n<p>&nbsp;<\/p>\n<p>&nbsp;<\/p>\n<blockquote class=\"wp-embedded-content\" data-secret=\"YHbN6X6yCJ\"><p><a href=\"https:\/\/www.radiopiu.net\/wordpress\/viabilita\/\">viabilita<\/a><\/p><\/blockquote>\n<p><iframe loading=\"lazy\" class=\"wp-embedded-content\" sandbox=\"allow-scripts\" security=\"restricted\" style=\"position: absolute; clip: rect(1px, 1px, 1px, 1px);\" title=\"&#8220;viabilita&#8221; &#8212; Radio Pi\u00f9\" src=\"https:\/\/www.radiopiu.net\/wordpress\/viabilita\/embed\/#?secret=zgiwxhAYfg#?secret=YHbN6X6yCJ\" data-secret=\"YHbN6X6yCJ\" width=\"600\" height=\"338\" frameborder=\"0\" marginwidth=\"0\" marginheight=\"0\" scrolling=\"no\"><\/iframe><\/p>\n<p>&nbsp;<\/p>\n<p>&nbsp;<\/p>\n<hr \/>\n<\/div>\n<\/div>\n<\/div>\n<\/div>\n<\/div>\n<\/div>\n<\/div>\n<\/div>\n<\/div>\n<\/div>\n<\/div>\n<\/div>\n<\/div>\n<\/div>\n<\/div>\n<\/div>\n<\/div>\n<\/div>\n<\/div>\n<\/div>\n<\/div>\n<\/div>\n<\/div>\n<\/div>\n<\/div>\n<\/div>\n<\/div>\n<\/div>\n<\/div>\n<\/div>\n<\/div>\n<\/div>\n<\/div>\n<\/div>\n<\/div>\n<\/div>\n<\/div>\n<\/div>\n<\/div>\n<\/div>\n<\/div>\n<\/div>\n<\/div>\n<\/div>\n<\/div>\n<\/div>\n<\/div>\n<\/div>\n<\/div>\n<\/div>\n<\/div>\n<\/div>\n<\/div>\n<\/div>\n<\/div>\n<\/div>\n<\/div>\n<\/div>\n<\/div>\n<\/div>\n<\/div>\n<\/div>\n<\/div>\n<\/div>\n<\/div>\n<\/div>\n<\/div>\n<\/div>\n<\/div>\n<\/div>\n<\/div>\n<\/div>\n<\/div>\n<\/div>\n<\/div>\n<\/div>\n<\/div>\n<\/div>\n<\/div>\n<\/div>\n<\/div>\n<\/div>\n<\/div>\n<\/div>\n<\/div>\n<\/div>\n<\/div>\n<\/div>\n<\/div>\n<\/div>\n<\/div>\n<\/div>\n<\/div>\n<\/div>\n<\/div>\n<\/div>\n<\/div>\n<\/div>\n<\/div>\n<\/div>\n<\/div>\n<\/div>\n<\/div>\n<\/div>\n<\/div>\n<\/div>\n<\/div>\n<\/div>\n<\/div>\n<\/div>\n<\/div>\n<\/div>\n<\/div>\n<\/div>\n<\/div>\n<\/div>\n<\/div>\n<\/div>\n<\/div>\n<\/div>\n<\/div>\n<\/div>\n<\/div>\n<\/div>\n<\/div>\n<\/div>\n<\/div>\n<\/div>\n<\/div>\n<\/div>\n<\/div>\n<\/div>\n<\/div>\n<\/div>\n<\/div>\n<\/div>\n<\/div>\n<\/div>\n<\/div>\n<\/div>\n<\/div>\n<\/div>\n<\/div>\n<\/div>\n<\/div>\n<\/div>\n<\/div>\n<\/div>\n<\/div>\n<p>&nbsp;<\/p>\n<div>\n<div class=\"page-title-head hgroup\">\n<div class=\"page-title-head hgroup\">\n<div class=\"b654a4as d2edcug0\">\n<div class=\"j83agx80 btwxx1t3 lhclo0ds hop8lmos nkwizq5d scwd0bx6 roh60bw9\">\n<div class=\"rq0escxv hkbzh7o3 jwdofwj8 n8tt0mok r8blr3vg hyh9befq\">\n<div class=\"do00u71z l9j0dhe7 k4urcfbm\">\n<div class=\"page-title-head hgroup\">\n<div class=\"page-title-head hgroup\">\n<div class=\"b654a4as d2edcug0\">\n<div class=\"j83agx80 btwxx1t3 lhclo0ds hop8lmos nkwizq5d scwd0bx6 roh60bw9\">\n<div class=\"rq0escxv hkbzh7o3 jwdofwj8 n8tt0mok r8blr3vg hyh9befq\">\n<div class=\"do00u71z l9j0dhe7 k4urcfbm\">\n<div class=\"ecm0bbzt e5nlhep0 a8c37x1j\">\n<div class=\"kvgmc6g5 cxmmr5t8 oygrvhab hcukyx3x c1et5uql\">\n<div class=\"gmail-kvgmc6g5 gmail-cxmmr5t8 gmail-oygrvhab gmail-hcukyx3x gmail-c1et5uql gmail-ii04i59q\">\n<div class=\"page-title-head hgroup\">\n<div class=\"page-title-head hgroup\">\n<div class=\"b654a4as d2edcug0\">\n<div class=\"j83agx80 btwxx1t3 lhclo0ds hop8lmos nkwizq5d scwd0bx6 roh60bw9\">\n<div class=\"rq0escxv hkbzh7o3 jwdofwj8 n8tt0mok r8blr3vg hyh9befq\">\n<div class=\"do00u71z l9j0dhe7 k4urcfbm\">\n<div class=\"page-title-head hgroup\">\n<div class=\"page-title-head hgroup\">\n<div class=\"b654a4as d2edcug0\">\n<div class=\"j83agx80 btwxx1t3 lhclo0ds hop8lmos nkwizq5d scwd0bx6 roh60bw9\">\n<div class=\"rq0escxv hkbzh7o3 jwdofwj8 n8tt0mok r8blr3vg hyh9befq\">\n<div class=\"do00u71z l9j0dhe7 k4urcfbm\">\n<div>\n<div class=\"page-title-head hgroup\">\n<div class=\"page-title-head hgroup\">\n<div class=\"b654a4as d2edcug0\">\n<div class=\"j83agx80 btwxx1t3 lhclo0ds hop8lmos nkwizq5d scwd0bx6 roh60bw9\">\n<div class=\"rq0escxv hkbzh7o3 jwdofwj8 n8tt0mok r8blr3vg hyh9befq\">\n<div class=\"do00u71z l9j0dhe7 k4urcfbm\">\n<div class=\"ecm0bbzt e5nlhep0 a8c37x1j\">\n<div class=\"kvgmc6g5 cxmmr5t8 oygrvhab hcukyx3x c1et5uql\">\n<div class=\"gmail-kvgmc6g5 gmail-cxmmr5t8 gmail-oygrvhab gmail-hcukyx3x gmail-c1et5uql gmail-ii04i59q\">\n<div class=\"page-title-head hgroup\">\n<div class=\"page-title-head hgroup\">\n<div class=\"b654a4as d2edcug0\">\n<div class=\"j83agx80 btwxx1t3 lhclo0ds hop8lmos nkwizq5d scwd0bx6 roh60bw9\">\n<div class=\"rq0escxv hkbzh7o3 jwdofwj8 n8tt0mok r8blr3vg hyh9befq\">\n<div class=\"do00u71z l9j0dhe7 k4urcfbm\">\n<div class=\"page-title-head hgroup\">\n<div class=\"page-title-head hgroup\">\n<div class=\"page-title-head hgroup\">\n<div class=\"page-title-head hgroup\">\n<div class=\"b654a4as d2edcug0\">\n<div class=\"page-title-head hgroup\">\n<div class=\"page-title-head hgroup\">\n<div class=\"page-title-head hgroup\">\n<div class=\"page-title-head hgroup\">\n<div class=\"b654a4as d2edcug0\">\n<div class=\"page-title-head hgroup\">\n<div class=\"page-title-head hgroup\">\n<div class=\"page-title-head hgroup\">\n<div class=\"page-title-head hgroup\">\n<div class=\"page-title-head hgroup\">\n<div class=\"page-title-head hgroup\">\n<div class=\"page-title-head hgroup\">\n<div class=\"page-title-head hgroup\">\n<div class=\"page-title-head hgroup\">\n<div class=\"b654a4as d2edcug0\">\n<div class=\"page-title-head hgroup\">\n<div class=\"page-title-head hgroup\">\n<div class=\"page-title-head hgroup\">\n<div class=\"page-title-head hgroup\">\n<div class=\"b654a4as d2edcug0\">\n<div class=\"page-title-head hgroup\">\n<div class=\"page-title-head hgroup\">\n<div class=\"page-title-head hgroup\">\n<div class=\"page-title-head hgroup\">\n<div class=\"page-title-head hgroup\">\n<div class=\"mkdf-post-text\">\n<div class=\"mkdf-post-text-inner\">\n<div class=\"mkdf-post-text-main\">\n<div class=\"mkdf-post-text\">\n<div class=\"mkdf-post-text-inner\">\n<div class=\"mkdf-post-text-main\">\n<div class=\"mkdf-post-text\">\n<div class=\"mkdf-post-text-inner\">\n<div class=\"mkdf-post-text-main\">\n<div class=\"page-title-head hgroup\">\n<div class=\"page-title-head hgroup\">\n<div class=\"mkdf-post-text\">\n<div class=\"mkdf-post-text-inner\">\n<div class=\"mkdf-post-text-main\">\n<div class=\"mkdf-post-text\">\n<div class=\"mkdf-post-text-inner\">\n<div class=\"mkdf-post-text-main\">\n<div class=\"page-title-head hgroup\">\n<div class=\"page-title-head hgroup\">\n<div class=\"page-title-head hgroup\">\n<div class=\"page-title-head hgroup\">\n<div class=\"b654a4as d2edcug0\">\n<div class=\"page-title-head hgroup\">\n<div class=\"page-title-head hgroup\">\n<div class=\"page-title-head hgroup\">\n<div class=\"page-title-head hgroup\">\n<div class=\"b654a4as d2edcug0\">\n<div class=\"page-title-head hgroup\">\n<div class=\"page-title-head hgroup\">\n<div class=\"page-title-head hgroup\">\n<div class=\"page-title-head hgroup\">\n<div class=\"b654a4as d2edcug0\">\n<div class=\"ecm0bbzt e5nlhep0 a8c37x1j\">\n<div class=\"kvgmc6g5 cxmmr5t8 oygrvhab hcukyx3x c1et5uql\">\n<div class=\"gmail-kvgmc6g5 gmail-cxmmr5t8 gmail-oygrvhab gmail-hcukyx3x gmail-c1et5uql gmail-ii04i59q\">\n<div class=\"page-title-head hgroup\">\n<div class=\"page-title-head hgroup\">\n<div class=\"b654a4as d2edcug0\">\n<div class=\"j83agx80 btwxx1t3 lhclo0ds hop8lmos nkwizq5d scwd0bx6 roh60bw9\">\n<div class=\"rq0escxv hkbzh7o3 jwdofwj8 n8tt0mok r8blr3vg hyh9befq\">\n<div class=\"do00u71z l9j0dhe7 k4urcfbm\">\n<div class=\"page-title-head hgroup\">\n<div class=\"page-title-head hgroup\">\n<div class=\"page-title-head hgroup\">\n<div class=\"page-title-head hgroup\">\n<div class=\"b654a4as d2edcug0\">\n<div class=\"page-title-head hgroup\">\n<div class=\"page-title-head hgroup\">\n<div class=\"page-title-head hgroup\">\n<div class=\"page-title-head hgroup\">\n<div class=\"b654a4as d2edcug0\">\n<div class=\"page-title-head hgroup\">\n<div class=\"page-title-head hgroup\">\n<div class=\"page-title-head hgroup\">\n<div class=\"page-title-head hgroup\">\n<div class=\"page-title-head hgroup\">\n<div class=\"page-title-head hgroup\">\n<div class=\"page-title-head hgroup\">\n<div class=\"page-title-head hgroup\">\n<div class=\"page-title-head hgroup\">\n<div class=\"b654a4as d2edcug0\">\n<div class=\"page-title-head hgroup\">\n<div class=\"page-title-head hgroup\">\n<div class=\"page-title-head hgroup\">\n<div class=\"page-title-head hgroup\">\n<div class=\"b654a4as d2edcug0\">\n<div class=\"page-title-head hgroup\">\n<div class=\"page-title-head hgroup\">\n<div class=\"page-title-head hgroup\">\n<div class=\"page-title-head hgroup\">\n<div class=\"page-title-head hgroup\">\n<div class=\"mkdf-post-text\">\n<div class=\"mkdf-post-text-inner\">\n<div class=\"mkdf-post-text-main\">\n<div class=\"mkdf-post-text\">\n<div class=\"mkdf-post-text-inner\">\n<div class=\"mkdf-post-text-main\">\n<div class=\"mkdf-post-text\">\n<div class=\"mkdf-post-text-inner\">\n<div class=\"mkdf-post-text-main\">\n<div class=\"page-title-head hgroup\">\n<div class=\"page-title-head hgroup\">\n<div class=\"mkdf-post-text\">\n<div class=\"mkdf-post-text-inner\">\n<div class=\"mkdf-post-text-main\">\n<div class=\"mkdf-post-text\">\n<div class=\"mkdf-post-text-inner\">\n<div class=\"mkdf-post-text-main\">\n<div class=\"page-title-head hgroup\">\n<div class=\"page-title-head hgroup\">\n<div class=\"page-title-head hgroup\">\n<div class=\"page-title-head hgroup\">\n<div class=\"b654a4as d2edcug0\">\n<div class=\"page-title-head hgroup\">\n<div class=\"page-title-head hgroup\">\n<div class=\"page-title-head hgroup\">\n<div class=\"page-title-head hgroup\">\n<div class=\"b654a4as d2edcug0\">\n<div class=\"page-title-head hgroup\">\n<div class=\"page-title-head hgroup\">\n<div class=\"page-title-head hgroup\">\n<div class=\"page-title-head hgroup\">\n<div class=\"b654a4as d2edcug0\">\n<p>&nbsp;<\/p>\n<\/div>\n<div class=\"b654a4as d2edcug0\">\n<div class=\"ecm0bbzt e5nlhep0 a8c37x1j\">\n<div class=\"kvgmc6g5 cxmmr5t8 oygrvhab hcukyx3x c1et5uql\">\n<div class=\"gmail-kvgmc6g5 gmail-cxmmr5t8 gmail-oygrvhab gmail-hcukyx3x gmail-c1et5uql gmail-ii04i59q\">\n<div>\n<div class=\"page-title-head hgroup\">\n<div class=\"page-title-head hgroup\">\n<div class=\"b654a4as d2edcug0\">\n<div class=\"j83agx80 btwxx1t3 lhclo0ds hop8lmos nkwizq5d scwd0bx6 roh60bw9\">\n<div class=\"rq0escxv hkbzh7o3 jwdofwj8 n8tt0mok r8blr3vg hyh9befq\">\n<div class=\"do00u71z l9j0dhe7 k4urcfbm\">\n<div>\n<div class=\"page-title-head hgroup\">\n<div class=\"page-title-head hgroup\">\n<div class=\"page-title-head hgroup\">\n<div class=\"page-title-head hgroup\">\n<div class=\"b654a4as d2edcug0\">\n<div class=\"page-title-head hgroup\">\n<div class=\"page-title-head hgroup\">\n<div class=\"page-title-head hgroup\">\n<div class=\"page-title-head hgroup\">\n<div class=\"b654a4as d2edcug0\">\n<div class=\"page-title-head hgroup\">\n<div class=\"page-title-head hgroup\">\n<div class=\"page-title-head hgroup\">\n<div class=\"page-title-head hgroup\">\n<div class=\"page-title-head hgroup\">\n<div class=\"mkdf-post-text\">\n<div class=\"mkdf-post-text-inner\">\n<div class=\"mkdf-post-text-main\">\n<div class=\"mkdf-post-text\">\n<div class=\"mkdf-post-text-inner\">\n<div class=\"mkdf-post-text-main\">\n<div class=\"mkdf-post-text\">\n<div class=\"mkdf-post-text-inner\">\n<div class=\"mkdf-post-text-main\">\n<div class=\"page-title-head hgroup\">\n<div class=\"page-title-head hgroup\">\n<div class=\"mkdf-post-text\">\n<div class=\"mkdf-post-text-inner\">\n<div class=\"mkdf-post-text-main\">\n<div class=\"mkdf-post-text\">\n<div class=\"mkdf-post-text-inner\">\n<div class=\"mkdf-post-text-main\">\n<div>\n<div class=\"page-title-head hgroup\">\n<div class=\"page-title-head hgroup\">\n<div>\n<div class=\"page-title-head hgroup\">\n<div class=\"page-title-head hgroup\">\n<div class=\"b654a4as d2edcug0\">\n<div>\n<div class=\"page-title-head hgroup\" style=\"text-align: left;\">\n<div class=\"page-title-head hgroup\">\n<div dir=\"auto\">\n<p><a class=\"dt-pswp-item pspw-wrap-ready\" href=\"https:\/\/i0.wp.com\/www.radiopiu.net\/wordpress\/wp-content\/uploads\/2018\/09\/WhatsApp-Image-2018-09-20-at-16.04.06.jpeg?ssl=1\" data-dt-img-description=\"\" data-large_image_width=\"800\" data-large_image_height=\"100\"><img loading=\"lazy\" decoding=\"async\" class=\"aligncenter wp-image-61378 size-full jetpack-lazy-image jetpack-lazy-image--handled\" src=\"https:\/\/i0.wp.com\/www.radiopiu.net\/wordpress\/wp-content\/uploads\/2018\/09\/WhatsApp-Image-2018-09-20-at-16.04.06.jpeg?resize=800%2C100&amp;ssl=1\" sizes=\"auto, (max-width: 800px) 100vw, 800px\" srcset=\"https:\/\/i0.wp.com\/www.radiopiu.net\/wordpress\/wp-content\/uploads\/2018\/09\/WhatsApp-Image-2018-09-20-at-16.04.06.jpeg?w=800&amp;ssl=1 800w, https:\/\/i0.wp.com\/www.radiopiu.net\/wordpress\/wp-content\/uploads\/2018\/09\/WhatsApp-Image-2018-09-20-at-16.04.06.jpeg?resize=300%2C38&amp;ssl=1 300w, https:\/\/i0.wp.com\/www.radiopiu.net\/wordpress\/wp-content\/uploads\/2018\/09\/WhatsApp-Image-2018-09-20-at-16.04.06.jpeg?resize=768%2C96&amp;ssl=1 768w\" alt=\"\" width=\"800\" height=\"100\" data-lazy-loaded=\"1\" \/><\/a><\/p>\n<\/div>\n<\/div>\n<\/div>\n<\/div>\n<\/div>\n<\/div>\n<\/div>\n<\/div>\n<\/div>\n<\/div>\n<\/div>\n<\/div>\n<\/div>\n<\/div>\n<\/div>\n<\/div>\n<\/div>\n<\/div>\n<\/div>\n<\/div>\n<\/div>\n<\/div>\n<\/div>\n<\/div>\n<\/div>\n<\/div>\n<\/div>\n<\/div>\n<\/div>\n<\/div>\n<\/div>\n<\/div>\n<\/div>\n<\/div>\n<\/div>\n<\/div>\n<\/div>\n<\/div>\n<\/div>\n<\/div>\n<\/div>\n<\/div>\n<\/div>\n<\/div>\n<\/div>\n<\/div>\n<\/div>\n<\/div>\n<\/div>\n<\/div>\n<\/div>\n<\/div>\n<\/div>\n<\/div>\n<\/div>\n<\/div>\n<\/div>\n<\/div>\n<\/div>\n<\/div>\n<\/div>\n<\/div>\n<\/div>\n<\/div>\n<\/div>\n<\/div>\n<\/div>\n<\/div>\n<\/div>\n<\/div>\n<\/div>\n<\/div>\n<\/div>\n<\/div>\n<\/div>\n<\/div>\n<\/div>\n<\/div>\n<\/div>\n<\/div>\n<\/div>\n<\/div>\n<\/div>\n<\/div>\n<\/div>\n<\/div>\n<\/div>\n<\/div>\n<\/div>\n<\/div>\n<\/div>\n<\/div>\n<\/div>\n<\/div>\n<\/div>\n<\/div>\n<\/div>\n<\/div>\n<\/div>\n<\/div>\n<\/div>\n<\/div>\n<\/div>\n<\/div>\n<\/div>\n<\/div>\n<\/div>\n<\/div>\n<\/div>\n<\/div>\n<\/div>\n<\/div>\n<\/div>\n<\/div>\n<\/div>\n<\/div>\n<\/div>\n<\/div>\n<\/div>\n<\/div>\n<\/div>\n<\/div>\n<\/div>\n<\/div>\n<\/div>\n<\/div>\n<\/div>\n<\/div>\n<\/div>\n<\/div>\n<\/div>\n<\/div>\n<\/div>\n<\/div>\n<\/div>\n<\/div>\n<\/div>\n<\/div>\n<\/div>\n<\/div>\n<\/div>\n<\/div>\n<\/div>\n<\/div>\n<\/div>\n<\/div>\n<\/div>\n<\/div>\n<\/div>\n<\/div>\n<\/div>\n<\/div>\n<\/div>\n<\/div>\n<\/div>\n<\/div>\n<\/div>\n<\/div>\n<\/div>\n<\/div>\n<\/div>\n<\/div>\n<\/div>\n<\/div>\n<\/div>\n<\/div>\n<\/div>\n<\/div>\n<\/div>\n<\/div>\n<\/div>\n<\/div>\n<\/div>\n<\/div>\n<\/div>\n<\/div>\n<\/div>\n<\/div>\n<\/div>\n<\/div>\n<\/div>\n<\/div>\n<\/div>\n<\/div>\n<\/div>\n<\/div>\n<\/div>\n<\/div>\n<\/div>\n<\/div>\n<\/div>\n<\/div>\n<\/div>\n<\/div>\n<\/div>\n<\/div>\n<\/div>\n<\/div>\n<\/div>\n<\/div>\n<\/div>\n<\/div>\n<\/div>\n<\/div>\n<\/div>\n<\/div>\n<\/div>\n<\/div>\n<\/div>\n<\/div>\n<\/div>\n<\/div>\n<\/div>\n<\/div>\n<\/div>\n<\/div>\n<\/div>\n<\/div>\n<\/div>\n<\/div>\n<\/div>\n<\/div>\n<\/div>\n<\/div>\n<\/div>\n<\/div>\n<\/div>\n<\/div>\n<\/div>\n<\/div>\n<\/div>\n<p>&nbsp;<\/p>\n<p><center><b>Lunedi 28<\/b><\/center><b>Tempo atteso: <\/b>Stupenda giornata primaverile; persistenza del tempo ben soleggiato con cielo sereno, aria limpida e ottima visibilit\u00e0, eccetto residua caligine sul alcuni settori, specie sulle Prealpi bellunesi. La notte sar\u00e0 ancora un po&#8217; fresca, specie sugli altopiani prealpini (gelo notturno), mentre la mitezza diurna persister\u00e0 nelle valli.<br \/>\n<b>Precipitazioni: <\/b>Assenti (0%).<br \/>\n<b>Temperature: <\/b>Minime senza variazioni di rilievo rispetto a domenica, massime in lieve aumento in quota e in leggera flessione nelle valli. Previste punte di 18\/20\u00b0C nei fondovalle prealpini e di 13\/17\u00b0C a 1000\/1200 m. Su Prealpi a 1500 m min 4\u00b0C max 10\u00b0C, a 2000 m min 1\u00b0C, max 6\u00b0C. Su Dolomiti a 2000 m min 2\u00b0C max 7\u00b0C, 3000 m min -5\u00b0C max -2\u00b0C.<br \/>\n<b>Venti: <\/b>Nelle valli deboli, localmente e a tratti moderati sia per brezze di monte notturne in alcuni settori prealpini che per brezze pomeridiane nelle valli meridiane; in quota deboli da sud-est, a tratti moderati sulle vette dolomitiche pi\u00f9 alte, a 5-10 km\/h a 2000 m e 10-20 km\/h a 3000 m.<\/p>\n<hr \/>\n<p><center><b>Martedi 29<\/b><\/center><b>Tempo atteso: <\/b>Cielo nuvoloso o coperto da nubi alte, gi\u00e0 nella notte, nel corso della mattinata infittirsi della nuvolosit\u00e0 stratiforme medio-alta, senza chance di schiarite. Nel corso del pomeriggio nuvolosit\u00e0 sempre pi\u00f9 compatta e nel tardo pomeriggio\/sera non saranno da escludere i primi debolissimi fenomeni. Ambiente via via pi\u00f9 uggioso.<br \/>\n<b>Precipitazioni: <\/b>Assenti (0%), eccetto prime gocce di pioggia, assieme a qualche fiocco di neve sopra i 1800\/1900 m, nel tardo pomeriggio\/sera (10-20%).<br \/>\n<b>Temperature: <\/b>Minime in aumento nelle valli e in calo in quota, dove saranno osservate alla sera; massime in generale diminuzione, Su Prealpi a 1500 m min 3\u00b0C max 7\u00b0C, a 2000 m min 0\u00b0C, max 3\u00b0C. Su Dolomiti a 2000 m min 0\u00b0C max 4\u00b0C, 3000 m min -6\u00b0C max -4\u00b0C.<br \/>\n<b>Venti: <\/b>Nelle valli deboli di direzione variabile; in quota deboli\/moderati da nord-ovest al mattino, poi da ovest, prima di orientarsi da sud-ovest alla sera, a 5-10 km\/h a 2000 m e 10\/20 km\/h a 3000 m.<\/p>\n<hr \/>\n<p><center><b>Mercoledi 30<\/b><\/center>Al mattino lieve graduale peggioramento del tempo con cielo molto nuvoloso o coperto e prime deboli precipitazioni sparse, pi\u00f9 diffuse dal pomeriggio, ma sempre deboli. Il limite neve scender\u00e0 fino sui 1400\/1600 m. Temperature in diminuzione, eccetto rialzo delle minime nei fondovalle. Venti moderati\/tesi da sud-ovest in quota, in rotazione da sud-est o est alla sera; deboli di direzione variabile nelle valli.<\/p>\n<hr \/>\n<p><center><b>Giovedi 31<\/b><\/center>Nottetempo e al primo mattino probabile residua perturbabilit\u00e0 con cielo coperto e deboli precipitazioni, nevose oltre i 1400\/1500 m. Al mattino qualche pausa senza fenomeni, prima che il persistere della ciclonicit\u00e0 e della forte umidit\u00e0 relativa favoriscano l&#8217;instabilit\u00e0 con rischio di nuovi rovesci al pomeriggio, nevosi oltre i 1700 m. Temperature minime in calo e massime in leggera ripresa. Nelle valli venti deboli di direzione variabile; in quota moderati da nord-est, a tratti tesi sulle vette pi\u00f9 alte e le dorsali prealpine. Previsore: R.L.Th.<\/p>\n<p>&nbsp;<\/p>\n<hr \/>\n<p>&nbsp;<\/p>\n<p><img loading=\"lazy\" decoding=\"async\" class=\"wp-image-60761 size-full aligncenter\" src=\"https:\/\/www.radiopiu.net\/wordpress\/wp-content\/uploads\/2018\/09\/sport.jpg\" alt=\"\" width=\"800\" height=\"100\" srcset=\"https:\/\/www.radiopiu.net\/wordpress\/wp-content\/uploads\/2018\/09\/sport.jpg 800w, https:\/\/www.radiopiu.net\/wordpress\/wp-content\/uploads\/2018\/09\/sport-300x38.jpg 300w, https:\/\/www.radiopiu.net\/wordpress\/wp-content\/uploads\/2018\/09\/sport-768x96.jpg 768w\" sizes=\"auto, (max-width: 800px) 100vw, 800px\" \/><\/p>\n<\/div>\n<div>\n<p><b>\u00a0\u00a0<\/b><\/p>\n<p><span style=\"color: #0000ff;\"><strong>CALCIO<\/strong><\/span><\/p>\n<blockquote>\n<h3>AGORDINA E KERALPEN VINCONO. FIORI BARP CAMPIONE JUNIORES PROVINCIALE<\/h3>\n<\/blockquote>\n<p><strong><a class=\"dt-pswp-item\" href=\"https:\/\/www.radiopiu.net\/wordpress\/wp-content\/uploads\/2022\/03\/CALCIO-2022.jpg\" data-dt-img-description=\"\" data-large_image_width=\"1920\" data-large_image_height=\"1281\"><img loading=\"lazy\" decoding=\"async\" class=\"size-thumbnail wp-image-265514 alignleft\" src=\"https:\/\/www.radiopiu.net\/wordpress\/wp-content\/uploads\/2022\/03\/CALCIO-2022-150x150.jpg\" alt=\"\" width=\"150\" height=\"150\" \/><\/a>SECONDA CATEGORIA GIR. T \/ AGORDINA \u2013 TAMBRE 3-2 (Gol Agordina: Del Chin, Lacetera, Zannoni)<\/strong><\/p>\n<p>L\u2019Agordina torna a vincere e lo fa tra le mura amiche. La squadra di Lorenzi chiude la sfida nella prima frazione e incamera tre punti fondamentali per raggiungere la salvezza matematica. Il Tambre si sveglia nella seconda frazione mettendo paura agli agordini che riescono a difendersi bene. Un match che ha visto i ragazzi di Lorenzi dominare per gran parte della gara. Un risultato giusto dopo una partita pressoch\u00e9 a senso unico, a parte gli ultimi minuti di gara. Primi minuti di gara senza tante emozioni. Lunga fase di studio per trovare il lato debole dell\u2019avversario. Al primo vero tiro in porta l\u2019Agordina passa in vantaggio. Ci pensa Del Chin a sbloccare il match. Ci prendono gusto gli uomini di Lorenzi che pochi minuti dopo raddoppiano. Palla al centro di Del Chin e tiro al volo di Lacetera. L\u2019Agordina gestisce al meglio la sfida e sfiora il terzo gol con una punizione di Zannoni. La difesa del Tambre \u00e8 ballerina e la squadra di Agordo sembra poter fare il bello e il cattivo tempo. Arriva un\u2019altra conclusione dei padroni di casa che scheggia il palo esterno. La prima frazione di gara si chiude con il terzo gol dell\u2019Agordina, questa volta Zannoni non sbaglia e trova un eurogol imprendibile per il portiere del Tambre. Nella ripresa gli agordini calano il ritmo e gli ospiti accorciano subito le distanze con un tiro che si insacca alla destra di Colle. Poche emozioni nella ripresa, le squadre sembrano accontentarsi, soprattutto l\u2019Agordina. Finale al cardiopalma con il Tambre che riapre la partita con Della Libera che beffa il portiere agordino. Soffre la formazione di Agordo che stenta a ripartire e subisce le incursioni degli ospiti. In pieno recupero viene annullato al Tambre il gol del pareggio.<\/p>\n<p>&nbsp;<\/p>\n<p><strong>GIOVANISSIMI PROVINCIALI \/ DYNAMO \u2013 AGORDINA 2-4<\/strong><\/p>\n<p>Seconda vittoria consecutiva per la squadra allenata da De Bastiani che in terra feltrina supera la Dynamo. Buona prestazione dei ragazzi di Agordo che vanno sotto ma reagiscono e riescono ad incamerare 3 punti importanti per la classifica. La squadra di casa passa in vantaggio ma l\u2019Agordina risponde con Mezzacasa che pareggia i conti. Ingranano la marcia giusta gli agordini che con Soccol vanno a segno 3 volte chiudendo di fatto la partita. Nel finale arriva la seconda rete della Dynamo.<\/p>\n<p>&nbsp;<\/p>\n<p><strong>ALLIEVI REGIONALI \/ PONTE NELLE ALPI \u2013 AGORDINA 3-1<\/strong><\/p>\n<p>Gli allievi dell\u2019Agordina crollano a Ponte Nelle Alpi. Niente da fare per i giovani di Agordo che non riescono a tenere a bada i pontalpini nella partita giocata in trasferta. La partita era iniziata bene per la compagine di Agordo che aveva fatto vedere buone cose. Ponte che per\u00f2 ingrana la marcia giusta e si porta in doppio vantaggio con un gol di testa e uno su punizione. Nella ripresa Martino Ganz accorcia le distanze per gli ospiti con un colpo di testa. A tempo scaduto arriva la terza marcatura dei padroni di casa.<\/p>\n<p>&nbsp;<\/p>\n<p><strong>JUNIORES REGIONALI \/ ALTIVOLESE \u2013 AGORDINA 0-0<\/strong><\/p>\n<p>Reti bianche ad Altivole, ma grande prestazione per tutta l\u2019Agordina Juniores che fornisce un\u2019ottima risposta ai due ultimi K.O. e porta a casa un punto sul campo dell\u2019Altivolese Maser. Una partita con zero reti, ma non certo zero emozioni: dopo 10\u2019 l\u2019Altivolese sfiora il vantaggio, ma Manuel Selle salva da poco pi\u00f9 avanti della linea di porta respingendo il tiro. Poco dopo, la situazione si ripeter\u00e0, ma questa volta sar\u00e0 Marco Bernardi a impedire il vantaggio dei padroni di casa. L\u2019Agordina riesce ad esprimere un buon gioco e finisce il primo tempo in crescendo con tre palle-gol: prima Francesco Ren colpisce di testa di poco a lato, in seguito David Del Chin calcia di collo al volo e spedisce la palla di pochi centimetri a lato del palo e, infine, Manuel Selle va vicino al vantaggio colpendo il pallone di testa e indirizzandolo per\u00f2, sull\u2019esterno della rete. Nel secondo tempo l\u2019Agordina va vicina al vantaggio con David Del Chin che tenta il sombrero e il tiro al volo in area, ma il tiro \u00e8 troppo debole e termina nelle fauci del portiere trevisano. \u00c8 l\u2019Altivolese, in seguito, a rendersi pericolosa con un\u2019azione corale che viene fermata soltanto in area al momento del tiro da Manuel Selle che respinge dalla linea di porta. Infine, \u00e8 ancora l\u2019Altivolese a rendersi pericolosa: in mischia da calcio d\u2019angolo, un giocatore della formazione padrona di casa ha l\u2019occasione, davanti alla porta, di portare la propria squadra in vantaggio e calcia al volo, ma il pallone finisce dapprima sul palo e poi sulla faccia del portiere Tommaso Case che si immola per salvare il risultato.<\/p>\n<p>&nbsp;<\/p>\n<p><strong>JUNIORES PROVINCIALI \/ DOMEGGE \u2013 FIORI BARP 1-7<\/strong><\/p>\n<p>Tutto facile per il Fiori Barp che in Cadore vince e si aggiudica con due giornate di anticipo la vittoria nel campionato Juniores Provinciali. La squadra sedicense domina in lungo e in largo contro il Domegge. Dopo appena 5\u2019 la compagine di Mas passa in vantaggio con Fontana che insacca su assist di Triches. Il Domegge pareggia i conti su punizione ma il primo tempo termina con il Fiori Barp in vantaggio di due reti grazie ai gol di Hykolli e Dall\u2019\u00d2. Nella ripresa i padroni di casa vanno in bambola e regalano due autogol agli avversari. A chiudere definitivamente la partita ci pensano Dall\u2019\u00d2 e De Cian. Grande festa a fine partita per la vittoria matematica del campionato.<\/p>\n<p>&nbsp;<\/p>\n<p><strong>ECCELLENZA FEMMINILE \/ CARBONERA \u2013 KERALPEN 1-2 (Gol Keralpen: Ceren\u00e0, De Valerio)<\/strong><\/p>\n<p>Ancora una vittoria, la terza di file per il Keralpen che dopo una lotta con il Carbonera riesce a mettere in saccoccia i 3 punti. Ceren\u00e0 e De Valerio regalano alle bellunesi un\u2019altra serata di festa. Un match giocato alla pari e deciso dagli episodi. Le due formazioni se la giocano nei primi minuti di gara. Sembra non volersi sboccare la sfida ma proprio quando meno te l\u2019aspetti il Keralpen passa in vantaggio con Ceren\u00e0. Il Carbonera risponde subito dopo e riesce a pareggiare i conti. La partita \u00e8 piacevole con tanti cambiamenti di fronte ma la prima frazione termina con un gol a testa. Anche nella seconda frazione le squadre se la giocano e le occasioni non mancano. Keralpen che sembra avere una marcia in pi\u00f9 e bellunesi che riescono a riportarsi in vantaggio grazie a De Valerio.<\/p>\n<p>&nbsp;<\/p>\n<p>&nbsp;<\/p>\n<hr \/>\n<p>&nbsp;<\/p>\n<p><span style=\"color: #0000ff;\"><strong>HOCKEY SU GHIACCIO<\/strong><\/span><\/p>\n<blockquote>\n<h3>IL FELTREGHIACCIO PERDE GARA 3 DI SEMIFINALE IHL DIVISION I. IL PINE&#8217; VINCE DI MISURA E SI AGGIUDICA LA FINALISSIMA SCUDETTO<\/h3>\n<\/blockquote>\n<p><strong><a class=\"dt-pswp-item\" href=\"https:\/\/www.radiopiu.net\/wordpress\/wp-content\/uploads\/2022\/03\/30fe0739-a601-4378-979c-cc15d1d98fe4.jpg\" data-dt-img-description=\"\" data-large_image_width=\"1296\" data-large_image_height=\"972\"><img loading=\"lazy\" decoding=\"async\" class=\"size-thumbnail wp-image-267128 alignleft\" src=\"https:\/\/www.radiopiu.net\/wordpress\/wp-content\/uploads\/2022\/03\/30fe0739-a601-4378-979c-cc15d1d98fe4-150x150.jpg\" alt=\"\" width=\"150\" height=\"150\" \/><\/a>PINE&#8217; &#8211; FELTREGHIACCIO 2-1<\/strong><\/p>\n<p>PARZIALI: 1-0, 0-1, 1-0<\/p>\n<p>GOL FELTREGHIACCIO: De Giacinto<\/p>\n<p>Un gol per tempo ma ad avere la meglio \u00e8 il Pin\u00e8 che strappa il biglietto per la finalissima del campionato IHL Division I vincendo la decisiva gara 3 di semifinale. Il Feltreghiaccio non riesce a vincere e abbandona il sogno di accedere alla finale. Una partita tutto sommato giocata alla pari con i padroni di casa che passano in vantaggio nel primo tempo, Feltre che pareggia nel drittel centrale e Pin\u00e8 che chiude il match nella terza frazione. Complimenti ai ragazzi di Zampol che chiudono una stagione entrando a far parte delle quattro miglior squadre del campionato, un risultato forse inaspettato ad inizio stagione. Non inizia bene la partita per i feltrini. Dopo una fase iniziale con i padroni di casa in attacco, la squadra bellunese comincia a premere ma nel momento migliore subiscono la rete dal Pin\u00e8. Feltreghiaccio che non si demoralizza e va subito al contrattacco. Il match \u00e8 piacevole, con tanti cambi di fronte e a fare la differenza sono i portieri. La prima frazione si chiude con i trentini in vantaggio. Nel secondo drittel si continua a lottare su ogni disco e dopo 8&#8242; De Giacinto trova il gol del pareggio in powerplay. Si sveglia il Pin\u00e8 che non ci sta e mette alla prova il golie feltrino. Sul finale di tempo \u00e8 ancora il Feltreghiaccio che ha in mano la partita. Ultima frazione con i padroni di casa in attacco fin da subito. Bastano pochi minuti e i trentini firmano la rete del nuovo vantaggio. Il gol trentino sembra demoralizzare il Feltre che non riesce a reagire come si deve. L&#8217;equilibrio domina in campo e solo negli ultimi 5&#8242; i feltrini vanno alla ricerca del gol del pareggio. Ultimi due minuti con la squadra ospite che gioca in powerplay ma il sogno di accedere alla finalissima s&#8217;infrange.<\/p>\n<p>&nbsp;<\/p>\n<p>&nbsp;<\/p>\n<hr \/>\n<p>&nbsp;<\/p>\n<p><span style=\"color: #0000ff;\"><strong>PALLAVOLO\u00a0<\/strong><\/span><\/p>\n<blockquote>\n<h3>BELLUNESI SCONFITTI IN CASA DAL SAN DONA&#8217;<\/h3>\n<\/blockquote>\n<p><b>BELLUNO-VOLLEY TEAM SAN DON\u00c0 0-3 <\/b><b>PARZIALI: <\/b>22-25, 22-25, 19-25.<span class=\"gmail-Apple-converted-space\"> \u00a0<\/span><b>BELLUNO: <\/b>Maccabruni 1, De Santis 13, Graziani 6, Ostuzzi 6, Piazzetta 7, Mozzato 1; Martinez (L), Guolla, Paganin 3, Gionchetti. N.e. Della Vecchia, Milani, Candeago, Pierobon (L). Allenatore: D. Poletto.<span class=\"gmail-Apple-converted-space\">\u00a0<\/span><\/p>\n<p><span class=\"gmail-Apple-converted-space\">\u00a0<\/span><\/p>\n<p><a class=\"dt-pswp-item\" href=\"https:\/\/www.radiopiu.net\/wordpress\/wp-content\/uploads\/2022\/03\/drl-san-dona-63.jpg\" data-dt-img-description=\"\" data-large_image_width=\"1560\" data-large_image_height=\"1040\"><img loading=\"lazy\" decoding=\"async\" class=\"size-thumbnail wp-image-267341 alignleft\" src=\"https:\/\/www.radiopiu.net\/wordpress\/wp-content\/uploads\/2022\/03\/drl-san-dona-63-150x150.jpg\" alt=\"\" width=\"150\" height=\"150\" \/><\/a>L\u2019ultimo derby veneto della stagione non sorride ai rinoceronti: alla<b> Spes Arena<\/b>, il <b>Volley Team San Don\u00e0<\/b> sfodera una prova di assoluto spessore e fa valere la sua superiorit\u00e0. Soprattutto in attacco. E con un gigante che arriva dalla Lituania: si chiama Edvinas Vaskelis e, quando \u00e8 in serata, \u00e8 uno dei giocatori pi\u00f9 dominanti dell\u2019intero campionato. Emblematico il suo score: 19 punti (il secondo miglior realizzatore ne ha totalizzati 12 in meno), il 70 per cento sfiorato in attacco e un muro. In una parola: inarrivabile. E, in questo senso, la <b>Da Rold Logistics <\/b>non ha molto da rimproverarsi. Anche se la situazione \u00e8 sempre pi\u00f9 ingarbugliata: perch\u00e9 questa \u00e8 la quinta sconfitta consecutiva. Cinque, come le lunghezze di vantaggio sulla zona playout. E Torino, attualmente terzultima, deve recuperare una gara.<span class=\"gmail-Apple-converted-space\">\u00a0<\/span><\/p>\n<p>&nbsp;<\/p>\n<p>&nbsp;<\/p>\n<hr \/>\n<blockquote>\n<h3><\/h3>\n<h3>RIMONTA SFIORATA PER LE LUPE. LA PALLAVOLO BELLUNO STRAPPA UN SET ALLA TERZA FORZA DEL CAMPIONATO<\/h3>\n<\/blockquote>\n<p><b><a class=\"dt-pswp-item\" href=\"https:\/\/www.radiopiu.net\/wordpress\/wp-content\/uploads\/2022\/03\/Sharon_Cristante_in_palleggio_1.jpeg\" data-dt-img-description=\"\" data-large_image_width=\"2179\" data-large_image_height=\"1089\"><img loading=\"lazy\" decoding=\"async\" class=\"size-thumbnail wp-image-267146 alignleft\" src=\"https:\/\/www.radiopiu.net\/wordpress\/wp-content\/uploads\/2022\/03\/Sharon_Cristante_in_palleggio_1-150x150.jpeg\" alt=\"\" width=\"150\" height=\"150\" \/><\/a>VILLADIES FARMADERBE-PALLAVOLO BELLUNO 3-1 (<\/b><strong>25-12, 25-17, 26-28, 25-21)<\/strong><\/p>\n<p>Splendida prova della Pallavolo Belluno, anche se non basta per muovere la classifica. A Villa Vicentina, le lupe strappano un set alla terza forza del campionato. E vanno vicinissime alla rimonta. Ma l\u2019intera posta in palio \u00e8 della Villadies Farmaderbe, che bissa cos\u00ec il 3-1 dell\u2019andata, al De Mas.<span class=\"gmail-Apple-converted-space\"> \u00a0<\/span>Come al solito, le bellunesi hanno dato tutto. E l\u2019unico motivo di rammarico \u00e8 legato alla falsa partenza: \u00abNei primi due set abbiamo giocato solo a intermittenza &#8211; analizza coach Dario Pavei -. Questo perch\u00e9 non siamo abituati a partire subito ad alto livello: abbiamo sempre bisogno di un po\u2019 di rodaggio\u00bb. Ma la crescita in termini di rendimento e di convinzione \u00e8 progressiva. E impetuosa. Cos\u00ec, ecco che dopo aver totalizzato 29 punti totali, nei due parziali iniziali, le lupe ne stampano 28 in un terzo round vinto al fotofinish: \u00abPoi, nel quarto, siamo rimasti a contatto fino a quota 20, ma a fare la differenza sono state un paio di eccellenti difese delle friulane. E una Sartori inarrestabile\u00bb.<span class=\"gmail-Apple-converted-space\">\u00a0<\/span><\/p>\n<\/div>\n<\/div>\n<\/div>\n<\/div>\n<\/div>\n<\/div>\n<\/div>\n<\/div>\n<\/div>\n<\/div>\n<\/div>\n<\/div>\n<\/div>\n<\/div>\n<\/div>\n<\/div>\n<\/div>\n<\/div>\n<\/div>\n<\/div>\n<\/div>\n<\/div>\n<\/div>\n<\/div>\n<\/div>\n<\/div>\n<\/div>\n<\/div>\n<\/div>\n<\/div>\n<\/div>\n<\/div>\n<\/div>\n<\/div>\n<\/div>\n<\/div>\n<\/div>\n<\/div>\n<\/div>\n<\/div>\n<\/div>\n<\/div>\n<\/div>\n<\/div>\n<\/div>\n<\/div>\n<\/div>\n<\/div>\n<\/div>\n<\/div>\n<\/div>\n<\/div>\n<\/div>\n<\/div>\n<\/div>\n<\/div>\n<\/div>\n<\/div>\n<\/div>\n<\/div>\n<\/div>\n<\/div>\n<\/div>\n<\/div>\n<\/div>\n<\/div>\n<\/div>\n<\/div>\n<\/div>\n<\/div>\n<\/div>\n<\/div>\n<\/div>\n<\/div>\n<\/div>\n<\/div>\n<\/div>\n<\/div>\n<\/div>\n<\/div>\n<\/div>\n<\/div>\n<\/div>\n<\/div>\n<\/div>\n<\/div>\n<\/div>\n<\/div>\n<\/div>\n<\/div>\n<\/div>\n<\/div>\n<\/div>\n<\/div>\n<\/div>\n<\/div>\n<\/div>\n<\/div>\n<\/div>\n<\/div>\n<\/div>\n<\/div>\n<\/div>\n<\/div>\n<\/div>\n<\/div>\n<\/div>\n<\/div>\n<\/div>\n<\/div>\n","protected":false},"excerpt":{"rendered":"<p>INFORMAZIONE il canale su TELEGRAM informazione di prima\u00a0 mano e in tempo reale. iscriviti ed aiutaci a farlo conoscere &nbsp; DOMANI&#8230; ORE 10.10 DAGLI ALUNNI DELLE ELEMENTARI E DELLE MEDIE DI AGORDO &#8220;PER LA PACE&#8221; SU TUTTI I CANALI DI RADIO PIU &nbsp; &nbsp; &nbsp; CINQUANTENNE MUORE NELLE ACQUE DEL PIAVE QUERO VAS Un uomo&hellip;<\/p>\n","protected":false},"author":4,"featured_media":267233,"comment_status":"closed","ping_status":"closed","sticky":false,"template":"","format":"standard","meta":{"_monsterinsights_skip_tracking":false,"_monsterinsights_sitenote_active":false,"_monsterinsights_sitenote_note":"","_monsterinsights_sitenote_category":0,"footnotes":""},"categories":[104,86,49],"tags":[],"class_list":["post-267012","post","type-post","status-publish","format-standard","has-post-thumbnail","hentry","category-evidenza_3","category-gr","category-news-18","category-104","category-86","category-49","description-off"],"img_url":"https:\/\/www.radiopiu.net\/wordpress\/wp-content\/uploads\/2022\/03\/cba2d493-c501-4863-be1c-936acc813dcb.jpg","_links":{"self":[{"href":"https:\/\/www.radiopiu.net\/wordpress\/wp-json\/wp\/v2\/posts\/267012","targetHints":{"allow":["GET"]}}],"collection":[{"href":"https:\/\/www.radiopiu.net\/wordpress\/wp-json\/wp\/v2\/posts"}],"about":[{"href":"https:\/\/www.radiopiu.net\/wordpress\/wp-json\/wp\/v2\/types\/post"}],"author":[{"embeddable":true,"href":"https:\/\/www.radiopiu.net\/wordpress\/wp-json\/wp\/v2\/users\/4"}],"replies":[{"embeddable":true,"href":"https:\/\/www.radiopiu.net\/wordpress\/wp-json\/wp\/v2\/comments?post=267012"}],"version-history":[{"count":0,"href":"https:\/\/www.radiopiu.net\/wordpress\/wp-json\/wp\/v2\/posts\/267012\/revisions"}],"wp:featuredmedia":[{"embeddable":true,"href":"https:\/\/www.radiopiu.net\/wordpress\/wp-json\/wp\/v2\/media\/267233"}],"wp:attachment":[{"href":"https:\/\/www.radiopiu.net\/wordpress\/wp-json\/wp\/v2\/media?parent=267012"}],"wp:term":[{"taxonomy":"category","embeddable":true,"href":"https:\/\/www.radiopiu.net\/wordpress\/wp-json\/wp\/v2\/categories?post=267012"},{"taxonomy":"post_tag","embeddable":true,"href":"https:\/\/www.radiopiu.net\/wordpress\/wp-json\/wp\/v2\/tags?post=267012"}],"curies":[{"name":"wp","href":"https:\/\/api.w.org\/{rel}","templated":true}]}}