{"id":267070,"date":"2022-03-28T03:57:17","date_gmt":"2022-03-28T01:57:17","guid":{"rendered":"https:\/\/www.radiopiu.net\/wordpress\/?p=267070"},"modified":"2022-03-28T05:56:34","modified_gmt":"2022-03-28T03:56:34","slug":"poverta-energetica-in-veneto-a-rischio-fino-a-208-500-famiglie","status":"publish","type":"post","link":"https:\/\/www.radiopiu.net\/wordpress\/poverta-energetica-in-veneto-a-rischio-fino-a-208-500-famiglie\/","title":{"rendered":"POVERTA\u2019 ENERGETICA: IN VENETO A RISCHIO FINO A 208.500 FAMIGLIE"},"content":{"rendered":"<p><a class=\"dt-pswp-item\" href=\"https:\/\/www.radiopiu.net\/wordpress\/wp-content\/uploads\/2022\/03\/Schermata-2022-03-26-alle-11.16.54.png\" data-dt-img-description=\"\" data-large_image_width=\"1098\" data-large_image_height=\"1230\"><img loading=\"lazy\" decoding=\"async\" class=\"alignleft size-medium wp-image-267074\" src=\"https:\/\/www.radiopiu.net\/wordpress\/wp-content\/uploads\/2022\/03\/Schermata-2022-03-26-alle-11.16.54-268x300.png\" alt=\"\" width=\"268\" height=\"300\" srcset=\"https:\/\/www.radiopiu.net\/wordpress\/wp-content\/uploads\/2022\/03\/Schermata-2022-03-26-alle-11.16.54-268x300.png 268w, https:\/\/www.radiopiu.net\/wordpress\/wp-content\/uploads\/2022\/03\/Schermata-2022-03-26-alle-11.16.54-914x1024.png 914w, https:\/\/www.radiopiu.net\/wordpress\/wp-content\/uploads\/2022\/03\/Schermata-2022-03-26-alle-11.16.54-768x860.png 768w, https:\/\/www.radiopiu.net\/wordpress\/wp-content\/uploads\/2022\/03\/Schermata-2022-03-26-alle-11.16.54.png 1098w\" sizes=\"auto, (max-width: 268px) 100vw, 268px\" \/><\/a>Prima il Covid, ora il caro bollette, il forte rincaro generale dei prezzi e dei carburanti stanno mettendo a dura prova la tenuta economica delle famiglie, in particolar modo di quelle che si trovano nella condizione di povert\u00e0 energetica.<\/p>\n<p>Secondo l\u2019elaborazione dell\u2019Ufficio studi della CGIA sui dati del Rapporto OIPE 2020, si stima che in Italia ci siano 4 milioni di nuclei in difficolt\u00e0 (vedi Tab. 1). In Veneto la frequenza di povert\u00e0 energetica oscilla tra il 6 e il 10 per cento. Pertanto, rientrano in questa fascia di vulnerabilit\u00e0 un numero minimo di 125 mila fino a un massimo di 208.500 circa. Famiglie che si trovano nell\u2019impossibilit\u00e0 di procurarsi un paniere minimo di beni e servizi energetici: ovvero il riscaldamento, il raffrescamento, l\u2019illuminazione, l\u2019utilizzo di elettrodomestici, etc.<\/p>\n<p>Vista la scarsa disponibilit\u00e0 economica, spesso questi nuclei sono costretti a scegliere: o si mette assieme il pranzo con la cena o si pagano le bollette.<\/p>\n<p>In linea generale, i nuclei pi\u00f9 a rischio sono quelli con un elevato numero di componenti, vivono in affitto o in abitazioni di propriet\u00e0 non pi\u00f9 recenti, il capofamiglia \u00e8 giovane \u2013 spesso indigente o immigrato &#8211; e le province pi\u00f9 a rischio sono Padova e Verona (con un range per entrambe che va da 23.700 a 39.500 nuclei familiari). Seguono Venezia (da 22.600 a 37.700), Treviso (da 21.850 a 36.400), Vicenza (da 21.600 a 36.000), Rovigo (da 6.100 a 10.150) e, infine, Belluno (da 5.600 a 9.300) (vedi Tab. 2).<\/p>\n<p>Ovviamente, per migliorare la condizione di queste realt\u00e0 famigliari bisogna combattere efficacemente la povert\u00e0, l\u2019abbandono scolastico e l\u2019esclusione sociale. Non solo, ma intervenendo anche in soccorso di coloro che si trovano senza lavoro, creando le occasioni per incrementare, in particolar modo, la buona occupazione. Altres\u00ec, come hanno gi\u00e0 fatto altri Paesi europei, non \u00e8 pi\u00f9 rinviabile, almeno temporaneamente, l\u2019introduzione di un tetto all\u2019aumento dei rincari.<\/p>\n<p>Gli ultimi dati disponibili dell\u2019Istat riferiti al 2019 segnalano che in Italia il rischio povert\u00e0 delle famiglie dove il reddito principale \u00e8 riconducibile a un lavoratore autonomo era pari al 25,1 per cento, contro il 20 per cento ascrivibile alle famiglie che presentavano la fonte principale di reddito da lavoro dipendente.<\/p>\n<p>Ricordando che dall\u2019avvento del Covid fino al gennaio di quest\u2019anno il numero degli occupati italiani tra i lavoratori indipendenti \u00e8 sceso di 185 mila unit\u00e0, tra i dipendenti la contrazione \u00e8 stata pari a 79 mila. Possiamo quindi affermare con buona approssimazione che anche per quanto riguarda la povert\u00e0 energetica, in questi ultimi 2 anni i nuclei dove il capofamiglia \u00e8 un autonomo la situazione \u00e8 peggiorata in misura maggiore che fra le realt\u00e0 famigliari dei lavoratori dipendenti.<\/p>\n<p><a class=\"dt-pswp-item\" href=\"https:\/\/www.radiopiu.net\/wordpress\/wp-content\/uploads\/2022\/03\/Schermata-2022-03-26-alle-11.17.12.png\" data-dt-img-description=\"\" data-large_image_width=\"750\" data-large_image_height=\"620\"><img loading=\"lazy\" decoding=\"async\" class=\"alignleft size-medium wp-image-267073\" src=\"https:\/\/www.radiopiu.net\/wordpress\/wp-content\/uploads\/2022\/03\/Schermata-2022-03-26-alle-11.17.12-300x248.png\" alt=\"\" width=\"300\" height=\"248\" srcset=\"https:\/\/www.radiopiu.net\/wordpress\/wp-content\/uploads\/2022\/03\/Schermata-2022-03-26-alle-11.17.12-300x248.png 300w, https:\/\/www.radiopiu.net\/wordpress\/wp-content\/uploads\/2022\/03\/Schermata-2022-03-26-alle-11.17.12.png 750w\" sizes=\"auto, (max-width: 300px) 100vw, 300px\" \/><\/a>Ora, comunque, bisogna sostenere economicamente le famiglie pi\u00f9 in difficolt\u00e0: ricordiamo che il governo ha introdotto il bonus bollette, tagliando significativamente il peso dei costi di luce e gas per le persone con un ISEE inferiore alle 8.265 euro. Soglia, quest\u2019ultima, che \u00e8 stata innalzata a 12 mila euro con il decreto anti-rincari del 21 marzo scorso. Sempre sul fronte della bollette di luce e gas \u00e8 stata data la possibilit\u00e0 alle utenze domestiche di rateizzarne i pagamenti, sono stati azzerati gli oneri di sistema e l\u2019IVA \u00e8 stata ridotta al 5 per cento.<\/p>\n<p>Dall\u2019estate scorsa il Governo Draghi ha messo a disposizione di famiglie e imprese quasi 20 miliardi di euro contro il caro energia\/carburante. Una cifra sicuramente importante, ma ancora insufficiente a mitigare efficacemente i rincari che sono avvenuti in questi ultimi 9 mesi.<\/p>\n","protected":false},"excerpt":{"rendered":"<p>Prima il Covid, ora il caro bollette, il forte rincaro generale dei prezzi e dei carburanti stanno mettendo a dura prova la tenuta economica delle famiglie, in particolar modo di quelle che si trovano nella condizione di povert\u00e0 energetica. Secondo l\u2019elaborazione dell\u2019Ufficio studi della CGIA sui dati del Rapporto OIPE 2020, si stima che in&hellip;<\/p>\n","protected":false},"author":2,"featured_media":267071,"comment_status":"closed","ping_status":"closed","sticky":false,"template":"","format":"standard","meta":{"_monsterinsights_skip_tracking":false,"_monsterinsights_sitenote_active":false,"_monsterinsights_sitenote_note":"","_monsterinsights_sitenote_category":0,"footnotes":""},"categories":[104,49],"tags":[],"class_list":["post-267070","post","type-post","status-publish","format-standard","has-post-thumbnail","hentry","category-evidenza_3","category-news-18","category-104","category-49","description-off"],"img_url":"https:\/\/www.radiopiu.net\/wordpress\/wp-content\/uploads\/2022\/03\/costo-energia.jpeg","_links":{"self":[{"href":"https:\/\/www.radiopiu.net\/wordpress\/wp-json\/wp\/v2\/posts\/267070","targetHints":{"allow":["GET"]}}],"collection":[{"href":"https:\/\/www.radiopiu.net\/wordpress\/wp-json\/wp\/v2\/posts"}],"about":[{"href":"https:\/\/www.radiopiu.net\/wordpress\/wp-json\/wp\/v2\/types\/post"}],"author":[{"embeddable":true,"href":"https:\/\/www.radiopiu.net\/wordpress\/wp-json\/wp\/v2\/users\/2"}],"replies":[{"embeddable":true,"href":"https:\/\/www.radiopiu.net\/wordpress\/wp-json\/wp\/v2\/comments?post=267070"}],"version-history":[{"count":0,"href":"https:\/\/www.radiopiu.net\/wordpress\/wp-json\/wp\/v2\/posts\/267070\/revisions"}],"wp:featuredmedia":[{"embeddable":true,"href":"https:\/\/www.radiopiu.net\/wordpress\/wp-json\/wp\/v2\/media\/267071"}],"wp:attachment":[{"href":"https:\/\/www.radiopiu.net\/wordpress\/wp-json\/wp\/v2\/media?parent=267070"}],"wp:term":[{"taxonomy":"category","embeddable":true,"href":"https:\/\/www.radiopiu.net\/wordpress\/wp-json\/wp\/v2\/categories?post=267070"},{"taxonomy":"post_tag","embeddable":true,"href":"https:\/\/www.radiopiu.net\/wordpress\/wp-json\/wp\/v2\/tags?post=267070"}],"curies":[{"name":"wp","href":"https:\/\/api.w.org\/{rel}","templated":true}]}}