{"id":267094,"date":"2022-03-28T19:10:59","date_gmt":"2022-03-28T17:10:59","guid":{"rendered":"https:\/\/www.radiopiu.net\/wordpress\/?p=267094"},"modified":"2022-03-29T06:18:41","modified_gmt":"2022-03-29T04:18:41","slug":"torna-il-bus-navetta-per-i-dipendenti-luxottica-di-agordo-programmato-anche-lo-straordinario-incentivato-di-aprile","status":"publish","type":"post","link":"https:\/\/www.radiopiu.net\/wordpress\/torna-il-bus-navetta-per-i-dipendenti-luxottica-di-agordo-programmato-anche-lo-straordinario-incentivato-di-aprile\/","title":{"rendered":"TORNA IL BUS NAVETTA PER I DIPENDENTI LUXOTTICA DI AGORDO, PROGRAMMATO ANCHE LO STRAORDINARIO INCENTIVATO DI APRILE"},"content":{"rendered":"<p><strong>AGORDO<\/strong> A partire da luned\u00ec prossimo torna il bus navetta per i turnisti del pomeriggio dello stabilimento Luxottica di Agordo. Dopo alcuni mesi di stop del servizio, con l&#8217;inizio della settimana le maestranze potranno usufruire gratuitamente del bus che dai parcheggi di Agordo porter\u00e0 in localit\u00e0 Valcozzena gli operai per la giornata lavorativa. Nelle ultime ore i dipendenti del gruppo sono stati avvisati con una mail dove si specifica che il bus \u00e8 stato istituito anche perch\u00e8 a partire da luned\u00ec inizieranno delle importanti opere di miglioramento che riguardano i parcheggi esterni dello stabilimento di Agordo. Intanto la RSU e la dirigenza di Luxottica si sono incontrate per definire il piano di straordinari incentivati per il mese di aprile. L&#8217;area iniettato lavorer\u00e0 sabato 2 e 9 aprile e saranno chiamati al lavoro solo gli operai che in quella settimana svolgono il turno del mattino. Per l&#8217;area metallo e magazzino centrale i sabati lavorativi saranno il 9 e 30 aprile. Non sono chiamati al lavoro gli operai che svolgono le loro mansioni nei reparti stamperia metallo 1 e CNC, mentre la finitura metallo lavorer\u00e0 solo l&#8217;ultimo sabato del mese. Anche in questo caso lavoreranno solo coloro che in quella settimana svolgo il turno del mattino. Come sempre gli orari di lavoro saranno dalle 6 alle 12.<\/p>\n<p><strong>GLI ORARI E LE FERMATE DEL BUS NAVETTA LUXOTTICA<\/strong><\/p>\n\n\t\t\t<style type='text\/css'>\n\t\t\t\t#gallery-1 {\n\t\t\t\t\tmargin: auto;\n\t\t\t\t}\n\t\t\t\t#gallery-1 .gallery-item {\n\t\t\t\t\tfloat: left;\n\t\t\t\t\tmargin-top: 10px;\n\t\t\t\t\ttext-align: center;\n\t\t\t\t\twidth: 50%;\n\t\t\t\t}\n\t\t\t\t#gallery-1 img {\n\t\t\t\t\tborder: 2px solid #cfcfcf;\n\t\t\t\t}\n\t\t\t\t#gallery-1 .gallery-caption {\n\t\t\t\t\tmargin-left: 0;\n\t\t\t\t}\n\t\t\t\t\/* see gallery_shortcode() in wp-includes\/media.php *\/\n\t\t\t<\/style>\n\t\t<div id='gallery-1' class='dt-gallery-container gallery galleryid-267094 gallery-columns-2 gallery-size-medium'><dl class='gallery-item'>\n\t\t\t\t<dt class='gallery-icon portrait'>\n\t\t\t\t\t<a class=\"rollover rollover-zoom dt-pswp-item\" title=\"037fdfbe-2b31-4fe7-b0d2-2cc1ddda64b0\" data-dt-img-description=\"\" data-large_image_width=\"666\" data-large_image_height=\"733\"href='https:\/\/www.radiopiu.net\/wordpress\/wp-content\/uploads\/2022\/03\/037fdfbe-2b31-4fe7-b0d2-2cc1ddda64b0.jpg'><img loading=\"lazy\" decoding=\"async\" width=\"273\" height=\"300\" src=\"https:\/\/www.radiopiu.net\/wordpress\/wp-content\/uploads\/2022\/03\/037fdfbe-2b31-4fe7-b0d2-2cc1ddda64b0-273x300.jpg\" class=\"attachment-medium size-medium\" alt=\"\" aria-describedby=\"gallery-1-267100\" srcset=\"https:\/\/www.radiopiu.net\/wordpress\/wp-content\/uploads\/2022\/03\/037fdfbe-2b31-4fe7-b0d2-2cc1ddda64b0-273x300.jpg 273w, https:\/\/www.radiopiu.net\/wordpress\/wp-content\/uploads\/2022\/03\/037fdfbe-2b31-4fe7-b0d2-2cc1ddda64b0.jpg 666w\" sizes=\"auto, (max-width: 273px) 100vw, 273px\" \/><\/a>\n\t\t\t\t<\/dt>\n\t\t\t\t\t<dd class='wp-caption-text gallery-caption' id='gallery-1-267100'>\n\t\t\t\t\tGLI ORARI\n\t\t\t\t\t<\/dd><\/dl><dl class='gallery-item'>\n\t\t\t\t<dt class='gallery-icon portrait'>\n\t\t\t\t\t<a class=\"rollover rollover-zoom dt-pswp-item\" title=\"db43b783-1701-4d08-a0a2-1b8fff449b34\" data-dt-img-description=\"\" data-large_image_width=\"1035\" data-large_image_height=\"1265\"href='https:\/\/www.radiopiu.net\/wordpress\/wp-content\/uploads\/2022\/03\/db43b783-1701-4d08-a0a2-1b8fff449b34.jpg'><img loading=\"lazy\" decoding=\"async\" width=\"245\" height=\"300\" src=\"https:\/\/www.radiopiu.net\/wordpress\/wp-content\/uploads\/2022\/03\/db43b783-1701-4d08-a0a2-1b8fff449b34-245x300.jpg\" class=\"attachment-medium size-medium\" alt=\"\" aria-describedby=\"gallery-1-267101\" srcset=\"https:\/\/www.radiopiu.net\/wordpress\/wp-content\/uploads\/2022\/03\/db43b783-1701-4d08-a0a2-1b8fff449b34-245x300.jpg 245w, https:\/\/www.radiopiu.net\/wordpress\/wp-content\/uploads\/2022\/03\/db43b783-1701-4d08-a0a2-1b8fff449b34-838x1024.jpg 838w, https:\/\/www.radiopiu.net\/wordpress\/wp-content\/uploads\/2022\/03\/db43b783-1701-4d08-a0a2-1b8fff449b34-768x939.jpg 768w, https:\/\/www.radiopiu.net\/wordpress\/wp-content\/uploads\/2022\/03\/db43b783-1701-4d08-a0a2-1b8fff449b34.jpg 1035w\" sizes=\"auto, (max-width: 245px) 100vw, 245px\" \/><\/a>\n\t\t\t\t<\/dt>\n\t\t\t\t\t<dd class='wp-caption-text gallery-caption' id='gallery-1-267101'>\n\t\t\t\t\tLE FERMATE\n\t\t\t\t\t<\/dd><\/dl><br style=\"clear: both\" \/>\n\t\t\t<\/div>\n\n<p>&nbsp;<\/p>\n<p>&nbsp;<\/p>\n<p>******<\/p>\n","protected":false},"excerpt":{"rendered":"<p>AGORDO A partire da luned\u00ec prossimo torna il bus navetta per i turnisti del pomeriggio dello stabilimento Luxottica di Agordo. Dopo alcuni mesi di stop del servizio, con l&#8217;inizio della settimana le maestranze potranno usufruire gratuitamente del bus che dai parcheggi di Agordo porter\u00e0 in localit\u00e0 Valcozzena gli operai per la giornata lavorativa. Nelle ultime&hellip;<\/p>\n","protected":false},"author":4,"featured_media":157799,"comment_status":"closed","ping_status":"closed","sticky":false,"template":"","format":"standard","meta":{"_monsterinsights_skip_tracking":false,"_monsterinsights_sitenote_active":false,"_monsterinsights_sitenote_note":"","_monsterinsights_sitenote_category":0,"footnotes":""},"categories":[49],"tags":[],"class_list":["post-267094","post","type-post","status-publish","format-standard","has-post-thumbnail","hentry","category-news-18","category-49","description-off"],"img_url":"https:\/\/www.radiopiu.net\/wordpress\/wp-content\/uploads\/2020\/08\/LUXOTTICA-2020.jpg","_links":{"self":[{"href":"https:\/\/www.radiopiu.net\/wordpress\/wp-json\/wp\/v2\/posts\/267094","targetHints":{"allow":["GET"]}}],"collection":[{"href":"https:\/\/www.radiopiu.net\/wordpress\/wp-json\/wp\/v2\/posts"}],"about":[{"href":"https:\/\/www.radiopiu.net\/wordpress\/wp-json\/wp\/v2\/types\/post"}],"author":[{"embeddable":true,"href":"https:\/\/www.radiopiu.net\/wordpress\/wp-json\/wp\/v2\/users\/4"}],"replies":[{"embeddable":true,"href":"https:\/\/www.radiopiu.net\/wordpress\/wp-json\/wp\/v2\/comments?post=267094"}],"version-history":[{"count":0,"href":"https:\/\/www.radiopiu.net\/wordpress\/wp-json\/wp\/v2\/posts\/267094\/revisions"}],"wp:featuredmedia":[{"embeddable":true,"href":"https:\/\/www.radiopiu.net\/wordpress\/wp-json\/wp\/v2\/media\/157799"}],"wp:attachment":[{"href":"https:\/\/www.radiopiu.net\/wordpress\/wp-json\/wp\/v2\/media?parent=267094"}],"wp:term":[{"taxonomy":"category","embeddable":true,"href":"https:\/\/www.radiopiu.net\/wordpress\/wp-json\/wp\/v2\/categories?post=267094"},{"taxonomy":"post_tag","embeddable":true,"href":"https:\/\/www.radiopiu.net\/wordpress\/wp-json\/wp\/v2\/tags?post=267094"}],"curies":[{"name":"wp","href":"https:\/\/api.w.org\/{rel}","templated":true}]}}