{"id":267149,"date":"2022-07-14T05:20:54","date_gmt":"2022-07-14T03:20:54","guid":{"rendered":"https:\/\/www.radiopiu.net\/wordpress\/?p=267149"},"modified":"2022-07-14T05:43:36","modified_gmt":"2022-07-14T03:43:36","slug":"calchera-in-valle-di-san-lucano-fascine-di-legna-cercasi","status":"publish","type":"post","link":"https:\/\/www.radiopiu.net\/wordpress\/calchera-in-valle-di-san-lucano-fascine-di-legna-cercasi\/","title":{"rendered":"CALCHERA DEI MARIN, A SETTEMBRE LA PRIMA &#8220;COTA&#8221;"},"content":{"rendered":"<p><strong>TAIBON<\/strong> C&#8217;\u00e8 una macchina perfettamente oliata in paese, \u00e8 quella del &#8220;piodech&#8221; (volontariato), questa si funziona. Il recupero della calchera dei Marin ne \u00e8 solo l&#8217;ultimo esempio. In questi mesi i lavori per il recupero della storia. Lungo la strada comunale per San Lucano \u00e8 gi\u00e0 visibile il cartello che presenta la rievocazione dell&#8217;attivit\u00e0 produttiva del passato per la produzione di calce tramite la cottura del sasso calcareo. L&#8217;elegante cartello ben inserito nell&#8217;ambiente da anche appuntamento a settembre per la prima &#8220;cota&#8221;<\/p>\n\n\t\t\t<style type='text\/css'>\n\t\t\t\t#gallery-1 {\n\t\t\t\t\tmargin: auto;\n\t\t\t\t}\n\t\t\t\t#gallery-1 .gallery-item {\n\t\t\t\t\tfloat: left;\n\t\t\t\t\tmargin-top: 10px;\n\t\t\t\t\ttext-align: center;\n\t\t\t\t\twidth: 25%;\n\t\t\t\t}\n\t\t\t\t#gallery-1 img {\n\t\t\t\t\tborder: 2px solid #cfcfcf;\n\t\t\t\t}\n\t\t\t\t#gallery-1 .gallery-caption {\n\t\t\t\t\tmargin-left: 0;\n\t\t\t\t}\n\t\t\t\t\/* see gallery_shortcode() in wp-includes\/media.php *\/\n\t\t\t<\/style>\n\t\t<div id='gallery-1' class='dt-gallery-container gallery galleryid-267149 gallery-columns-4 gallery-size-thumbnail'><dl class='gallery-item'>\n\t\t\t\t<dt class='gallery-icon landscape'>\n\t\t\t\t\t<a class=\"rollover rollover-zoom dt-pswp-item\" title=\"53ef4725-7129-487b-8f81-c5433464f5a8\" data-dt-img-description=\"\" data-large_image_width=\"1920\" data-large_image_height=\"1080\"href='https:\/\/www.radiopiu.net\/wordpress\/wp-content\/uploads\/2022\/03\/53ef4725-7129-487b-8f81-c5433464f5a8.jpg'><img loading=\"lazy\" decoding=\"async\" width=\"150\" height=\"150\" src=\"https:\/\/www.radiopiu.net\/wordpress\/wp-content\/uploads\/2022\/03\/53ef4725-7129-487b-8f81-c5433464f5a8-150x150.jpg\" class=\"attachment-thumbnail size-thumbnail\" alt=\"\" \/><\/a>\n\t\t\t\t<\/dt><\/dl><dl class='gallery-item'>\n\t\t\t\t<dt class='gallery-icon landscape'>\n\t\t\t\t\t<a class=\"rollover rollover-zoom dt-pswp-item\" title=\"06821038-7242-4568-ae1e-207b9b474a07\" data-dt-img-description=\"\" data-large_image_width=\"1920\" data-large_image_height=\"1080\"href='https:\/\/www.radiopiu.net\/wordpress\/wp-content\/uploads\/2022\/03\/06821038-7242-4568-ae1e-207b9b474a07.jpg'><img loading=\"lazy\" decoding=\"async\" width=\"150\" height=\"150\" src=\"https:\/\/www.radiopiu.net\/wordpress\/wp-content\/uploads\/2022\/03\/06821038-7242-4568-ae1e-207b9b474a07-150x150.jpg\" class=\"attachment-thumbnail size-thumbnail\" alt=\"\" \/><\/a>\n\t\t\t\t<\/dt><\/dl><dl class='gallery-item'>\n\t\t\t\t<dt class='gallery-icon landscape'>\n\t\t\t\t\t<a class=\"rollover rollover-zoom dt-pswp-item\" title=\"fbed8297-93db-4232-b046-ebf40e25c865\" data-dt-img-description=\"\" data-large_image_width=\"1920\" data-large_image_height=\"1080\"href='https:\/\/www.radiopiu.net\/wordpress\/wp-content\/uploads\/2022\/03\/fbed8297-93db-4232-b046-ebf40e25c865.jpg'><img loading=\"lazy\" decoding=\"async\" width=\"150\" height=\"150\" src=\"https:\/\/www.radiopiu.net\/wordpress\/wp-content\/uploads\/2022\/03\/fbed8297-93db-4232-b046-ebf40e25c865-150x150.jpg\" class=\"attachment-thumbnail size-thumbnail\" alt=\"\" \/><\/a>\n\t\t\t\t<\/dt><\/dl><dl class='gallery-item'>\n\t\t\t\t<dt class='gallery-icon landscape'>\n\t\t\t\t\t<a class=\"rollover rollover-zoom dt-pswp-item\" title=\"1017394c-bfe9-408c-9af8-59e8f13f01b5\" data-dt-img-description=\"\" data-large_image_width=\"1920\" data-large_image_height=\"1080\"href='https:\/\/www.radiopiu.net\/wordpress\/wp-content\/uploads\/2022\/03\/1017394c-bfe9-408c-9af8-59e8f13f01b5.jpg'><img loading=\"lazy\" decoding=\"async\" width=\"150\" height=\"150\" src=\"https:\/\/www.radiopiu.net\/wordpress\/wp-content\/uploads\/2022\/03\/1017394c-bfe9-408c-9af8-59e8f13f01b5-150x150.jpg\" class=\"attachment-thumbnail size-thumbnail\" alt=\"\" \/><\/a>\n\t\t\t\t<\/dt><\/dl><br style=\"clear: both\" \/>\n\t\t\t<\/div>\n\n\n\t\t\t<style type='text\/css'>\n\t\t\t\t#gallery-2 {\n\t\t\t\t\tmargin: auto;\n\t\t\t\t}\n\t\t\t\t#gallery-2 .gallery-item {\n\t\t\t\t\tfloat: left;\n\t\t\t\t\tmargin-top: 10px;\n\t\t\t\t\ttext-align: center;\n\t\t\t\t\twidth: 50%;\n\t\t\t\t}\n\t\t\t\t#gallery-2 img {\n\t\t\t\t\tborder: 2px solid #cfcfcf;\n\t\t\t\t}\n\t\t\t\t#gallery-2 .gallery-caption {\n\t\t\t\t\tmargin-left: 0;\n\t\t\t\t}\n\t\t\t\t\/* see gallery_shortcode() in wp-includes\/media.php *\/\n\t\t\t<\/style>\n\t\t<div id='gallery-2' class='dt-gallery-container gallery galleryid-267149 gallery-columns-2 gallery-size-medium'><dl class='gallery-item'>\n\t\t\t\t<dt class='gallery-icon landscape'>\n\t\t\t\t\t<a class=\"rollover rollover-zoom dt-pswp-item\" title=\"aedf1748-d416-4232-b2af-8363d3c12129\" data-dt-img-description=\"\" data-large_image_width=\"1920\" data-large_image_height=\"1080\"href='https:\/\/www.radiopiu.net\/wordpress\/wp-content\/uploads\/2022\/03\/aedf1748-d416-4232-b2af-8363d3c12129.jpg'><img loading=\"lazy\" decoding=\"async\" width=\"300\" height=\"169\" src=\"https:\/\/www.radiopiu.net\/wordpress\/wp-content\/uploads\/2022\/03\/aedf1748-d416-4232-b2af-8363d3c12129-300x169.jpg\" class=\"attachment-medium size-medium\" alt=\"\" srcset=\"https:\/\/www.radiopiu.net\/wordpress\/wp-content\/uploads\/2022\/03\/aedf1748-d416-4232-b2af-8363d3c12129-300x169.jpg 300w, https:\/\/www.radiopiu.net\/wordpress\/wp-content\/uploads\/2022\/03\/aedf1748-d416-4232-b2af-8363d3c12129-1024x576.jpg 1024w, https:\/\/www.radiopiu.net\/wordpress\/wp-content\/uploads\/2022\/03\/aedf1748-d416-4232-b2af-8363d3c12129-768x432.jpg 768w, https:\/\/www.radiopiu.net\/wordpress\/wp-content\/uploads\/2022\/03\/aedf1748-d416-4232-b2af-8363d3c12129-1536x864.jpg 1536w, https:\/\/www.radiopiu.net\/wordpress\/wp-content\/uploads\/2022\/03\/aedf1748-d416-4232-b2af-8363d3c12129.jpg 1920w\" sizes=\"auto, (max-width: 300px) 100vw, 300px\" \/><\/a>\n\t\t\t\t<\/dt><\/dl><dl class='gallery-item'>\n\t\t\t\t<dt class='gallery-icon landscape'>\n\t\t\t\t\t<a class=\"rollover rollover-zoom dt-pswp-item\" title=\"SDASD\" data-dt-img-description=\"\" data-large_image_width=\"526\" data-large_image_height=\"243\"href='https:\/\/www.radiopiu.net\/wordpress\/wp-content\/uploads\/2022\/03\/SDASD.jpg'><img loading=\"lazy\" decoding=\"async\" width=\"300\" height=\"139\" src=\"https:\/\/www.radiopiu.net\/wordpress\/wp-content\/uploads\/2022\/03\/SDASD-300x139.jpg\" class=\"attachment-medium size-medium\" alt=\"\" srcset=\"https:\/\/www.radiopiu.net\/wordpress\/wp-content\/uploads\/2022\/03\/SDASD-300x139.jpg 300w, https:\/\/www.radiopiu.net\/wordpress\/wp-content\/uploads\/2022\/03\/SDASD.jpg 526w\" sizes=\"auto, (max-width: 300px) 100vw, 300px\" \/><\/a>\n\t\t\t\t<\/dt><\/dl><br style=\"clear: both\" \/>\n\t\t\t<\/div>\n\n<p>&nbsp;<\/p>\n<hr \/>\n<h3><\/h3>\n<h3>DAL GIORNALE RADIO DEL 22 MARZO 2022<\/h3>\n<blockquote>\n<h3><em>Il <\/em><em>sito si trova in prossimit\u00e0 del capitello delle tre dita, prima della chiesa di San Lucano.\u00a0<\/em><\/h3>\n<\/blockquote>\n<p><a class=\"dt-pswp-item\" href=\"https:\/\/www.radiopiu.net\/wordpress\/wp-content\/uploads\/2022\/03\/download-1.jpg\" data-dt-img-description=\"\" data-large_image_width=\"230\" data-large_image_height=\"183\"><img loading=\"lazy\" decoding=\"async\" class=\"size-thumbnail wp-image-267150 alignleft\" src=\"https:\/\/www.radiopiu.net\/wordpress\/wp-content\/uploads\/2022\/03\/download-1-150x150.jpg\" alt=\"\" width=\"150\" height=\"150\" \/><\/a><\/p>\n<p><strong>\u00a0<\/strong><strong>TAIBON<\/strong> I volontari di Taibon da tempo lavorano ad un progetto ambizioso: ridare vita alla Calch\u00e8ra de le t\u00f2rte, in previsione della \u201ccota\u201d di primavera, un evento dal momento che almeno da settant\u2019anni l\u2019operazione non \u00e8 pi\u00f9 praticata. Per quell&#8217;occasione sar\u00e0 importante e necessario che gli uomini del Piodech guidati dal presidente Paolo &#8220;moncio&#8221; Sibillon abbiamo a disposizione tanta legna. Ecco quindi la richiesta di collaborazione al paese. &#8220;In questi giorni &#8211; riflette Sibillon &#8211; sono in corso i lavori di giardinaggio, molte persone tagliano i rami degli alberi, cespugli per smaltire il legnatico presso l&#8217;ecocentro. Quello che chiediamo e che questo materiale venga preparato in fascine, della lunghezza di circa un metro. Anzich\u00e8 finire all&#8217;econcentro serviranno per la cota di primavera. Ci mettiamo a disposizione per recuperare presso le abitazioni le fascine di legna. Con un grazie in anticipo&#8221;. Per ulteriori informazioni e segnalare eventuali ritiri il referente \u00e8 Agostino &#8220;il tecnico&#8221; Cadorin telefono 337 495 723<\/p>\n<p>Una\u00a0<b>fascina<\/b>\u00a0\u00e8 un insieme di\u00a0<a title=\"Ramo\" href=\"https:\/\/it.wikipedia.org\/wiki\/Ramo\">rami<\/a>\u00a0di\u00a0<a title=\"Legno\" href=\"https:\/\/it.wikipedia.org\/wiki\/Legno\">legna<\/a>\u00a0tenuti tra loro e legati in genere con\u00a0<a title=\"Corda\" href=\"https:\/\/it.wikipedia.org\/wiki\/Corda\">corde<\/a>,\u00a0<a title=\"Spago\" href=\"https:\/\/it.wikipedia.org\/wiki\/Spago\">spaghi<\/a>\u00a0o fibre di\u00a0<a title=\"Vimine\" href=\"https:\/\/it.wikipedia.org\/wiki\/Vimine\">vimini<\/a>; composta di legna fresca o secca (se comprendente anche\u00a0<a title=\"Paglia\" href=\"https:\/\/it.wikipedia.org\/wiki\/Paglia\">paglia<\/a>,\u00a0<a title=\"Erba\" href=\"https:\/\/it.wikipedia.org\/wiki\/Erba\">erba<\/a>\u00a0e\u00a0<a title=\"Fieno\" href=\"https:\/\/it.wikipedia.org\/wiki\/Fieno\">fieno<\/a>\u00a0\u00e8 detta\u00a0<b>fastello<\/b><sup id=\"cite_ref-1\" class=\"reference\"><\/sup>), ha diversi utilizzi principalmente da\u00a0<a title=\"Fuoco\" href=\"https:\/\/it.wikipedia.org\/wiki\/Fuoco\">fuoco<\/a>. Pu\u00f2 ad esempio essere usata per facilitare l&#8217;accensione del\u00a0<a title=\"Focolare\" href=\"https:\/\/it.wikipedia.org\/wiki\/Focolare\">focolare<\/a>\u00a0o per la regolazione della temperatura del\u00a0<a title=\"Forno\" href=\"https:\/\/it.wikipedia.org\/wiki\/Forno\">forno<\/a>\u00a0a legna.<\/p>\n<p>&nbsp;<\/p>\n<hr \/>\n<div id=\"gallery-5\" class=\"dt-gallery-container gallery galleryid-257009 gallery-columns-3 gallery-size-thumbnail\"><\/div>\n","protected":false},"excerpt":{"rendered":"<p>TAIBON C&#8217;\u00e8 una macchina perfettamente oliata in paese, \u00e8 quella del &#8220;piodech&#8221; (volontariato), questa si funziona. Il recupero della calchera dei Marin ne \u00e8 solo l&#8217;ultimo esempio. In questi mesi i lavori per il recupero della storia. Lungo la strada comunale per San Lucano \u00e8 gi\u00e0 visibile il cartello che presenta la rievocazione dell&#8217;attivit\u00e0 produttiva&hellip;<\/p>\n","protected":false},"author":4,"featured_media":286920,"comment_status":"closed","ping_status":"closed","sticky":false,"template":"","format":"standard","meta":{"_monsterinsights_skip_tracking":false,"_monsterinsights_sitenote_active":false,"_monsterinsights_sitenote_note":"","_monsterinsights_sitenote_category":0,"footnotes":""},"categories":[51,49],"tags":[],"class_list":["post-267149","post","type-post","status-publish","format-standard","has-post-thumbnail","hentry","category-evidenza-top","category-news-18","category-51","category-49","description-off"],"img_url":"https:\/\/www.radiopiu.net\/wordpress\/wp-content\/uploads\/2022\/03\/aedf1748-d416-4232-b2af-8363d3c12129.jpg","_links":{"self":[{"href":"https:\/\/www.radiopiu.net\/wordpress\/wp-json\/wp\/v2\/posts\/267149","targetHints":{"allow":["GET"]}}],"collection":[{"href":"https:\/\/www.radiopiu.net\/wordpress\/wp-json\/wp\/v2\/posts"}],"about":[{"href":"https:\/\/www.radiopiu.net\/wordpress\/wp-json\/wp\/v2\/types\/post"}],"author":[{"embeddable":true,"href":"https:\/\/www.radiopiu.net\/wordpress\/wp-json\/wp\/v2\/users\/4"}],"replies":[{"embeddable":true,"href":"https:\/\/www.radiopiu.net\/wordpress\/wp-json\/wp\/v2\/comments?post=267149"}],"version-history":[{"count":0,"href":"https:\/\/www.radiopiu.net\/wordpress\/wp-json\/wp\/v2\/posts\/267149\/revisions"}],"wp:featuredmedia":[{"embeddable":true,"href":"https:\/\/www.radiopiu.net\/wordpress\/wp-json\/wp\/v2\/media\/286920"}],"wp:attachment":[{"href":"https:\/\/www.radiopiu.net\/wordpress\/wp-json\/wp\/v2\/media?parent=267149"}],"wp:term":[{"taxonomy":"category","embeddable":true,"href":"https:\/\/www.radiopiu.net\/wordpress\/wp-json\/wp\/v2\/categories?post=267149"},{"taxonomy":"post_tag","embeddable":true,"href":"https:\/\/www.radiopiu.net\/wordpress\/wp-json\/wp\/v2\/tags?post=267149"}],"curies":[{"name":"wp","href":"https:\/\/api.w.org\/{rel}","templated":true}]}}