{"id":267155,"date":"2022-03-28T13:30:25","date_gmt":"2022-03-28T11:30:25","guid":{"rendered":"https:\/\/www.radiopiu.net\/wordpress\/?p=267155"},"modified":"2022-03-27T10:57:35","modified_gmt":"2022-03-27T08:57:35","slug":"i-racconti-di-paolo-soppelsa-puntata-119","status":"publish","type":"post","link":"https:\/\/www.radiopiu.net\/wordpress\/i-racconti-di-paolo-soppelsa-puntata-119\/","title":{"rendered":"I RACCONTI DI PAOLO SOPPELSA &#8211; PUNTATA 119"},"content":{"rendered":"<p><strong>DA SAN GIUSEPPE<\/strong><\/p>\n<p><em><strong>AUDIO<\/strong><\/em><\/p>\n<audio class=\"wp-audio-shortcode\" id=\"audio-267155-1\" preload=\"none\" style=\"width: 100%;\" controls=\"controls\"><source type=\"audio\/mpeg\" src=\"https:\/\/www.radiopiu.net\/wordpress\/wp-content\/uploads\/2022\/03\/PAOLO-SOPPELSA-DA-SAN-GIUSEPPE.mp3?_=1\" \/><a href=\"https:\/\/www.radiopiu.net\/wordpress\/wp-content\/uploads\/2022\/03\/PAOLO-SOPPELSA-DA-SAN-GIUSEPPE.mp3\">https:\/\/www.radiopiu.net\/wordpress\/wp-content\/uploads\/2022\/03\/PAOLO-SOPPELSA-DA-SAN-GIUSEPPE.mp3<\/a><\/audio>\n<p>&nbsp;<\/p>\n<p><a class=\"dt-pswp-item\" href=\"https:\/\/www.radiopiu.net\/wordpress\/wp-content\/uploads\/2022\/03\/40bd9ef4-186f-4632-b70d-165a06875479.jpg\" data-dt-img-description=\"\" data-large_image_width=\"708\" data-large_image_height=\"588\"><img loading=\"lazy\" decoding=\"async\" class=\"size-thumbnail wp-image-267157 alignleft\" src=\"https:\/\/www.radiopiu.net\/wordpress\/wp-content\/uploads\/2022\/03\/40bd9ef4-186f-4632-b70d-165a06875479-150x150.jpg\" alt=\"\" width=\"150\" height=\"150\" \/><\/a>Ora il calendario sanciva ufficialmente l&#8217;inizio di una nuova primavera. Era classico tempo di marzo inoltrato, con i prati al sole ormai liberi dalla neve e quelli in ombra, invece, ancora ostaggio di quell&#8217;inverno che ritornava alla sera. Pensava alla stagione che andava sfumando, erano stati lunghi mesi di freddo duro e tenace, e ora li ricordava ad uno ad uno quei giorni che erano trascorsi lentamente. Era ritornato al paese poco prima dei Santi, quando i boschi mostravano i pi\u00f9 intensi colori dell&#8217;autunno, le cime erano imbiancate dalla prima neve e c&#8217;erano da andare a visitare i morti al cimitero. Da Basilea a Belluno in treno, poi la corriera fino a Cencenighe e infine a piedi, col &#8220;rusach&#8221; in spalla e la &#8220;valisa &#8216;nte man&#8221; destinazione San Tomaso. Ormai era arrivato, pensava; salendo lungo la strada respirava l&#8217;aria frizzante dell&#8217;autunno e ad ogni passo sentiva sempre pi\u00f9 forte la voglia di casa. Poi a novembre era venuto il tempo del lavoro nei boschi; la fatica a &#8220;tir\u00e0 taie par tir\u00e0 &#8216;ncora &#8216;n franco&#8221; e la &#8220;becaria&#8221; a fine mese. E ancora il lungo e freddo dicembre, con le giornate corte, l&#8217;albero di Natale con i mandarini appesi ai rami e il portare &#8220;el lat a caselo&#8221;. Poi terminate le feste, due mesi di profondo inverno, buoni per tirare un po&#8217; il fiato e sistemare gli attrezzi utili ai lavori nei campi e nel bosco. Parevano eterni quei giorni freddi, ma quel tempo che sembrava infinito ora stava implacabilmente terminando. Era &#8220;da San Giuseppe&#8221;, a primavera appena iniziata che sarebbe ripartito destinazione aldil\u00e0 delle Alpi; dove avrebbe ritrovato il cantiere con la casa in costruzione, la piccola ma accogliente mansarda dove abitava e i soliti compagni di lavoro. Chiss\u00e0, pensava, se davvero sarebbero ritornati tutti o se qualcuno sarebbe rimasto al paese; l&#8217;avrebbe appurato solamente qualche giorno pi\u00f9 tardi. &#8220;Da San Giuseppe&#8221; era sempre tempo di vento freddo di marzo e pensieri; la valigia pronta, il biglietto del treno e addosso il vestito buono; ora, per lui e per molti altri, era veramente il tempo del lavoro nei cantieri oppure nelle fabbriche, il tempo delle mogli che avrebbero mandato avanti la casa, educato i figli e curato i campi durante la loro assenza. Sarebbero state lettere e nostalgie e forse un breve ritorno per falciare i prati ai primi di luglio. E poi altra partenza, altra assenza e fatiche delle donne a casa e degli uomini oltre confine. Andava cos\u00ec la sua vita &#8220;da San Giuseppe&#8221;; partire quando ancora doveva nascere il giorno e nel cielo si andavano spegnendo le stelle.<\/p>\n<p>&nbsp;<\/p>\n<p>&nbsp;<\/p>\n<p>&nbsp;<\/p>\n<p>*****<\/p>\n","protected":false},"excerpt":{"rendered":"<p>DA SAN GIUSEPPE AUDIO &nbsp; Ora il calendario sanciva ufficialmente l&#8217;inizio di una nuova primavera. Era classico tempo di marzo inoltrato, con i prati al sole ormai liberi dalla neve e quelli in ombra, invece, ancora ostaggio di quell&#8217;inverno che ritornava alla sera. Pensava alla stagione che andava sfumando, erano stati lunghi mesi di freddo&hellip;<\/p>\n","protected":false},"author":4,"featured_media":267157,"comment_status":"closed","ping_status":"closed","sticky":false,"template":"","format":"standard","meta":{"_monsterinsights_skip_tracking":false,"_monsterinsights_sitenote_active":false,"_monsterinsights_sitenote_note":"","_monsterinsights_sitenote_category":0,"footnotes":""},"categories":[49,112],"tags":[],"class_list":["post-267155","post","type-post","status-publish","format-standard","has-post-thumbnail","hentry","category-news-18","category-racconti-soppelsa","category-49","category-112","description-off"],"img_url":"https:\/\/www.radiopiu.net\/wordpress\/wp-content\/uploads\/2022\/03\/40bd9ef4-186f-4632-b70d-165a06875479.jpg","_links":{"self":[{"href":"https:\/\/www.radiopiu.net\/wordpress\/wp-json\/wp\/v2\/posts\/267155","targetHints":{"allow":["GET"]}}],"collection":[{"href":"https:\/\/www.radiopiu.net\/wordpress\/wp-json\/wp\/v2\/posts"}],"about":[{"href":"https:\/\/www.radiopiu.net\/wordpress\/wp-json\/wp\/v2\/types\/post"}],"author":[{"embeddable":true,"href":"https:\/\/www.radiopiu.net\/wordpress\/wp-json\/wp\/v2\/users\/4"}],"replies":[{"embeddable":true,"href":"https:\/\/www.radiopiu.net\/wordpress\/wp-json\/wp\/v2\/comments?post=267155"}],"version-history":[{"count":0,"href":"https:\/\/www.radiopiu.net\/wordpress\/wp-json\/wp\/v2\/posts\/267155\/revisions"}],"wp:featuredmedia":[{"embeddable":true,"href":"https:\/\/www.radiopiu.net\/wordpress\/wp-json\/wp\/v2\/media\/267157"}],"wp:attachment":[{"href":"https:\/\/www.radiopiu.net\/wordpress\/wp-json\/wp\/v2\/media?parent=267155"}],"wp:term":[{"taxonomy":"category","embeddable":true,"href":"https:\/\/www.radiopiu.net\/wordpress\/wp-json\/wp\/v2\/categories?post=267155"},{"taxonomy":"post_tag","embeddable":true,"href":"https:\/\/www.radiopiu.net\/wordpress\/wp-json\/wp\/v2\/tags?post=267155"}],"curies":[{"name":"wp","href":"https:\/\/api.w.org\/{rel}","templated":true}]}}