{"id":267191,"date":"2022-03-27T13:22:19","date_gmt":"2022-03-27T11:22:19","guid":{"rendered":"https:\/\/www.radiopiu.net\/wordpress\/?p=267191"},"modified":"2022-03-27T13:22:19","modified_gmt":"2022-03-27T11:22:19","slug":"il-ministro-federico-dinca-sui-luoghi-dellincendio","status":"publish","type":"post","link":"https:\/\/www.radiopiu.net\/wordpress\/il-ministro-federico-dinca-sui-luoghi-dellincendio\/","title":{"rendered":"IL MINISTRO FEDERICO D&#8217;INCA&#8217; SUI LUOGHI DELL&#8217;INCENDIO"},"content":{"rendered":"<p><strong>LONGARONE <\/strong>\u201c<em>Sono grato per il lavoro dei Vigili del Fuoco, della Protezione Civile e di tutti gli operatori che in questi giorni sono prontamente intervenuti per domare gli incendi boschivi nelle Dolomiti Bellunesi. Assieme al sindaco di Longarone e presidente della Provincia di Belluno Roberto Padrin, ho voluto visitare personalmente la postazione di intervento dei Vigili del Fuoco, la squadra antincendio regionale del Veneto e i volontari della Protezione Civile della sezione di Longarone per avere gli ultimi aggiornamenti sulla situazione e per ringraziare le donne e gli uomini impegnati nelle operazioni di spegnimento. Gi\u00e0 nella mattinata di sabato mi sono relazionato con la capo dipartimento dei Vigili del Fuoco, Laura Lega, i comandanti locali e il sindaco di Val di Zoldo, Camillo de Pellegrin che seguono gli interventi con la massima attenzione: l&#8217;allerta rimane alta cos\u00ec come il controllo nei confronti delle nostre comunit\u00e0. La siccit\u00e0 che sta colpendo l\u2019Italia del nord e il perseverare degli incendi mette sotto pressione le vallate alpine. Questa situazione ci fa ancora una volta comprendere come la lotta al cambiamento climatico sia necessaria e debba continuare anche per ristabilire gli equilibri idrici: \u00e8 la prima, vera, soluzione per evitare fenomeni estremi e contrastare proprio la siccit\u00e0 che porter\u00e0 nuovi incendi, arrecando danni anche alla nostra agricoltura<\/em>\u201d. Lo afferma il Ministro Federico D\u2019Inc\u00e0 in seguito alla visita di domenica 27 marzo nei luoghi del bellunese colpiti dagli incendi.<\/p>\n\n\t\t\t<style type='text\/css'>\n\t\t\t\t#gallery-1 {\n\t\t\t\t\tmargin: auto;\n\t\t\t\t}\n\t\t\t\t#gallery-1 .gallery-item {\n\t\t\t\t\tfloat: left;\n\t\t\t\t\tmargin-top: 10px;\n\t\t\t\t\ttext-align: center;\n\t\t\t\t\twidth: 33%;\n\t\t\t\t}\n\t\t\t\t#gallery-1 img {\n\t\t\t\t\tborder: 2px solid #cfcfcf;\n\t\t\t\t}\n\t\t\t\t#gallery-1 .gallery-caption {\n\t\t\t\t\tmargin-left: 0;\n\t\t\t\t}\n\t\t\t\t\/* see gallery_shortcode() in wp-includes\/media.php *\/\n\t\t\t<\/style>\n\t\t<div id='gallery-1' class='dt-gallery-container gallery galleryid-267191 gallery-columns-3 gallery-size-thumbnail'><dl class='gallery-item'>\n\t\t\t\t<dt class='gallery-icon portrait'>\n\t\t\t\t\t<a class=\"rollover rollover-zoom dt-pswp-item\" title=\"deb2be71-e242-437c-b20d-3b72ed5827ec\" data-dt-img-description=\"\" data-large_image_width=\"600\" data-large_image_height=\"800\"href='https:\/\/www.radiopiu.net\/wordpress\/wp-content\/uploads\/2022\/03\/deb2be71-e242-437c-b20d-3b72ed5827ec.jpg'><img loading=\"lazy\" decoding=\"async\" width=\"150\" height=\"150\" src=\"https:\/\/www.radiopiu.net\/wordpress\/wp-content\/uploads\/2022\/03\/deb2be71-e242-437c-b20d-3b72ed5827ec-150x150.jpg\" class=\"attachment-thumbnail size-thumbnail\" alt=\"\" \/><\/a>\n\t\t\t\t<\/dt><\/dl><dl class='gallery-item'>\n\t\t\t\t<dt class='gallery-icon landscape'>\n\t\t\t\t\t<a class=\"rollover rollover-zoom dt-pswp-item\" title=\"f4675446-5a96-42c8-8226-8afd042a0614\" data-dt-img-description=\"\" data-large_image_width=\"800\" data-large_image_height=\"600\"href='https:\/\/www.radiopiu.net\/wordpress\/wp-content\/uploads\/2022\/03\/f4675446-5a96-42c8-8226-8afd042a0614.jpg'><img loading=\"lazy\" decoding=\"async\" width=\"150\" height=\"150\" src=\"https:\/\/www.radiopiu.net\/wordpress\/wp-content\/uploads\/2022\/03\/f4675446-5a96-42c8-8226-8afd042a0614-150x150.jpg\" class=\"attachment-thumbnail size-thumbnail\" alt=\"\" \/><\/a>\n\t\t\t\t<\/dt><\/dl><dl class='gallery-item'>\n\t\t\t\t<dt class='gallery-icon landscape'>\n\t\t\t\t\t<a class=\"rollover rollover-zoom dt-pswp-item\" title=\"89082620-99d2-488c-8f36-b0f936dba793\" data-dt-img-description=\"\" data-large_image_width=\"1280\" data-large_image_height=\"960\"href='https:\/\/www.radiopiu.net\/wordpress\/wp-content\/uploads\/2022\/03\/89082620-99d2-488c-8f36-b0f936dba793.jpg'><img loading=\"lazy\" decoding=\"async\" width=\"150\" height=\"150\" src=\"https:\/\/www.radiopiu.net\/wordpress\/wp-content\/uploads\/2022\/03\/89082620-99d2-488c-8f36-b0f936dba793-150x150.jpg\" class=\"attachment-thumbnail size-thumbnail\" alt=\"\" \/><\/a>\n\t\t\t\t<\/dt><\/dl><br style=\"clear: both\" \/>\n\t\t\t<\/div>\n\n<p>&nbsp;<\/p>\n<p>&nbsp;<\/p>\n<p>&nbsp;<\/p>\n<p>*****<\/p>\n","protected":false},"excerpt":{"rendered":"<p>LONGARONE \u201cSono grato per il lavoro dei Vigili del Fuoco, della Protezione Civile e di tutti gli operatori che in questi giorni sono prontamente intervenuti per domare gli incendi boschivi nelle Dolomiti Bellunesi. Assieme al sindaco di Longarone e presidente della Provincia di Belluno Roberto Padrin, ho voluto visitare personalmente la postazione di intervento dei&hellip;<\/p>\n","protected":false},"author":4,"featured_media":267193,"comment_status":"closed","ping_status":"closed","sticky":false,"template":"","format":"standard","meta":{"_monsterinsights_skip_tracking":false,"_monsterinsights_sitenote_active":false,"_monsterinsights_sitenote_note":"","_monsterinsights_sitenote_category":0,"footnotes":""},"categories":[49],"tags":[],"class_list":["post-267191","post","type-post","status-publish","format-standard","has-post-thumbnail","hentry","category-news-18","category-49","description-off"],"img_url":"https:\/\/www.radiopiu.net\/wordpress\/wp-content\/uploads\/2022\/03\/f4675446-5a96-42c8-8226-8afd042a0614.jpg","_links":{"self":[{"href":"https:\/\/www.radiopiu.net\/wordpress\/wp-json\/wp\/v2\/posts\/267191","targetHints":{"allow":["GET"]}}],"collection":[{"href":"https:\/\/www.radiopiu.net\/wordpress\/wp-json\/wp\/v2\/posts"}],"about":[{"href":"https:\/\/www.radiopiu.net\/wordpress\/wp-json\/wp\/v2\/types\/post"}],"author":[{"embeddable":true,"href":"https:\/\/www.radiopiu.net\/wordpress\/wp-json\/wp\/v2\/users\/4"}],"replies":[{"embeddable":true,"href":"https:\/\/www.radiopiu.net\/wordpress\/wp-json\/wp\/v2\/comments?post=267191"}],"version-history":[{"count":0,"href":"https:\/\/www.radiopiu.net\/wordpress\/wp-json\/wp\/v2\/posts\/267191\/revisions"}],"wp:featuredmedia":[{"embeddable":true,"href":"https:\/\/www.radiopiu.net\/wordpress\/wp-json\/wp\/v2\/media\/267193"}],"wp:attachment":[{"href":"https:\/\/www.radiopiu.net\/wordpress\/wp-json\/wp\/v2\/media?parent=267191"}],"wp:term":[{"taxonomy":"category","embeddable":true,"href":"https:\/\/www.radiopiu.net\/wordpress\/wp-json\/wp\/v2\/categories?post=267191"},{"taxonomy":"post_tag","embeddable":true,"href":"https:\/\/www.radiopiu.net\/wordpress\/wp-json\/wp\/v2\/tags?post=267191"}],"curies":[{"name":"wp","href":"https:\/\/api.w.org\/{rel}","templated":true}]}}