{"id":267229,"date":"2022-03-27T19:36:41","date_gmt":"2022-03-27T17:36:41","guid":{"rendered":"https:\/\/www.radiopiu.net\/wordpress\/?p=267229"},"modified":"2022-03-27T19:49:49","modified_gmt":"2022-03-27T17:49:49","slug":"ss51-di-alemagna","status":"publish","type":"post","link":"https:\/\/www.radiopiu.net\/wordpress\/ss51-di-alemagna\/","title":{"rendered":"SS51 \u201cDI ALEMAGNA\u201d, LA SITUAZIONE TORNA ALLA NORMALITA&#8217;"},"content":{"rendered":"<p><strong>LONGARONE <\/strong>\u00c8 stato temporaneamente chiuso il tratto lungo la SS51 \u201cDi Alemagna\u201d al km 46,400, in entrambe le direzioni, in localit\u00e0 Desedan nel comune di Longarone, a causa di un incidente tra tre autoveicoli. Sul posto presenti il personale di Anas e le Forze dell\u2019Ordine. La situazione \u00e8 tornata alla normalit\u00e0 e la carreggiata \u00e8 stata riaperta<\/p>\n<p>&nbsp;<\/p>\n<p>&nbsp;<\/p>\n<p>******<\/p>\n","protected":false},"excerpt":{"rendered":"<p>LONGARONE \u00c8 stato temporaneamente chiuso il tratto lungo la SS51 \u201cDi Alemagna\u201d al km 46,400, in entrambe le direzioni, in localit\u00e0 Desedan nel comune di Longarone, a causa di un incidente tra tre autoveicoli. Sul posto presenti il personale di Anas e le Forze dell\u2019Ordine. La situazione \u00e8 tornata alla normalit\u00e0 e la carreggiata \u00e8&hellip;<\/p>\n","protected":false},"author":4,"featured_media":213422,"comment_status":"closed","ping_status":"closed","sticky":false,"template":"","format":"standard","meta":{"_monsterinsights_skip_tracking":false,"_monsterinsights_sitenote_active":false,"_monsterinsights_sitenote_note":"","_monsterinsights_sitenote_category":0,"footnotes":""},"categories":[49],"tags":[],"class_list":["post-267229","post","type-post","status-publish","format-standard","has-post-thumbnail","hentry","category-news-18","category-49","description-off"],"img_url":"https:\/\/www.radiopiu.net\/wordpress\/wp-content\/uploads\/2021\/06\/anas.png","_links":{"self":[{"href":"https:\/\/www.radiopiu.net\/wordpress\/wp-json\/wp\/v2\/posts\/267229","targetHints":{"allow":["GET"]}}],"collection":[{"href":"https:\/\/www.radiopiu.net\/wordpress\/wp-json\/wp\/v2\/posts"}],"about":[{"href":"https:\/\/www.radiopiu.net\/wordpress\/wp-json\/wp\/v2\/types\/post"}],"author":[{"embeddable":true,"href":"https:\/\/www.radiopiu.net\/wordpress\/wp-json\/wp\/v2\/users\/4"}],"replies":[{"embeddable":true,"href":"https:\/\/www.radiopiu.net\/wordpress\/wp-json\/wp\/v2\/comments?post=267229"}],"version-history":[{"count":0,"href":"https:\/\/www.radiopiu.net\/wordpress\/wp-json\/wp\/v2\/posts\/267229\/revisions"}],"wp:featuredmedia":[{"embeddable":true,"href":"https:\/\/www.radiopiu.net\/wordpress\/wp-json\/wp\/v2\/media\/213422"}],"wp:attachment":[{"href":"https:\/\/www.radiopiu.net\/wordpress\/wp-json\/wp\/v2\/media?parent=267229"}],"wp:term":[{"taxonomy":"category","embeddable":true,"href":"https:\/\/www.radiopiu.net\/wordpress\/wp-json\/wp\/v2\/categories?post=267229"},{"taxonomy":"post_tag","embeddable":true,"href":"https:\/\/www.radiopiu.net\/wordpress\/wp-json\/wp\/v2\/tags?post=267229"}],"curies":[{"name":"wp","href":"https:\/\/api.w.org\/{rel}","templated":true}]}}