{"id":267318,"date":"2022-03-29T05:58:14","date_gmt":"2022-03-29T03:58:14","guid":{"rendered":"https:\/\/www.radiopiu.net\/wordpress\/?p=267318"},"modified":"2022-03-29T08:39:59","modified_gmt":"2022-03-29T06:39:59","slug":"giornale-radiopiu-29-marzo-2022-direttore-mirko-mezzacasa","status":"publish","type":"post","link":"https:\/\/www.radiopiu.net\/wordpress\/giornale-radiopiu-29-marzo-2022-direttore-mirko-mezzacasa\/","title":{"rendered":"GIORNALE RADIOPIU 29 MARZO 2022 DIRETTORE MIRKO MEZZACASA"},"content":{"rendered":"<h3 class=\"kvgmc6g5 cxmmr5t8 oygrvhab hcukyx3x c1et5uql\"><span style=\"color: #0000ff;\"><strong>INFORMAZIONE il canale su TELEGRAM informazione di prima\u00a0 <\/strong><\/span><span style=\"color: #0000ff;\"><strong>mano e in tempo reale. iscriviti ed aiutaci a farlo conoscere<\/strong><\/span><\/h3>\n<p>&nbsp;<\/p>\n<h1><span style=\"color: #ff0000;\">OGGI&#8230; ORE 10.10 DAGLI ALUNNI DELLE ELEMENTARI E DELLE MEDIE DI AGORDO &#8220;PER LA PACE&#8221; SU TUTTI I CANALI DI RADIO PIU<\/span><\/h1>\n<p>&nbsp;<\/p>\n<p>&nbsp;<\/p>\n<hr \/>\n<p>&nbsp;<\/p>\n<blockquote>\n<h3>C&#8217;E&#8217; TEMPO FINO AL 4 APRILE PER PRENOTARE L&#8217;UOVO DI PASQUA ED AIUTARE IL POPOLO UCRAINO<\/h3>\n<\/blockquote>\n<p><strong><a class=\"dt-pswp-item\" href=\"https:\/\/www.radiopiu.net\/wordpress\/wp-content\/uploads\/2022\/03\/277220915_10221731122211129_4232410933207517785_n.jpg\" data-dt-img-description=\"\" data-large_image_width=\"656\" data-large_image_height=\"960\"><img loading=\"lazy\" decoding=\"async\" class=\"size-thumbnail wp-image-267414 alignleft\" src=\"https:\/\/www.radiopiu.net\/wordpress\/wp-content\/uploads\/2022\/03\/277220915_10221731122211129_4232410933207517785_n-150x150.jpg\" alt=\"\" width=\"150\" height=\"150\" \/><\/a>LIMANA <\/strong>La Corale di Limana si \u00e8 fatta promotrice anche quest&#8217;anno di un iniziativa a sfondo solidale per la prossima Pasqua. Un uovo di cioccolato al latte con all&#8217;interno una pennetta Usb con 14 canti dei cori della provincia e due canti di cori ucraini.\u00a0 E\u2019 ancora possibile prenotare le uova con un offerta di 15\u20ac a singolo uovo, 10\u20ac per ordini superiori a tre , inviando un messaggio al numero 3283847717 ENTRO IL 04 APRILE 2022. Media Partner: Radio Pi\u00f9<\/p>\n<p>&nbsp;<\/p>\n<p>&nbsp;<\/p>\n<hr \/>\n<p>&nbsp;<\/p>\n<blockquote>\n<h3>LA MORTE DI DAVIDE SENZA UN PERCHE&#8217;. LA PROCURA HA CHIESTO L&#8217;ARCHIVIAZIONE.<\/h3>\n<\/blockquote>\n<p>&nbsp;<\/p>\n<p><a class=\"dt-pswp-item\" href=\"https:\/\/www.radiopiu.net\/wordpress\/wp-content\/uploads\/2022\/03\/BRISTOT-300x169-1.jpg\" data-dt-img-description=\"\" data-large_image_width=\"300\" data-large_image_height=\"169\"><img loading=\"lazy\" decoding=\"async\" class=\" wp-image-267615 alignleft\" src=\"https:\/\/www.radiopiu.net\/wordpress\/wp-content\/uploads\/2022\/03\/BRISTOT-300x169-1-150x150.jpg\" alt=\"\" width=\"120\" height=\"120\" \/><\/a><strong>SEDICO<\/strong> Non ci sono certezze sulle cause della morte di Davide.\u00a0 Lo scrive oggi il quotidiano bellunese Corriere delle Alpi riportando il messaggio di una famiglia che\u00a0 chiede nuove indagini al Tribunale. Il pubblico ministero Simone Marcon ha chiesto l&#8217;archiviazione dell&#8217;inchiesta per omicidio colposo, aperta nel mese di luglio a carico di un medico del Pronto soccorso dell&#8217;ospedale San Martino di Belluno. All&#8217;esame autoptico era presente la dottoressa Sarah Nalin, come consulente di pap\u00e0 Paolino e mamma Barbara, \u00e8 gi\u00e0 stata presentata opposizione<\/p>\n<blockquote class=\"wp-embedded-content\" data-secret=\"5MkdAE8oib\"><p><a href=\"https:\/\/www.radiopiu.net\/wordpress\/dramma-a-sedico\/\">DRAMMA A SEDICO, MUORE NEL SONNO A 18 ANNI, LO RITROVA LA MAMMA<\/a><\/p><\/blockquote>\n<p><iframe loading=\"lazy\" class=\"wp-embedded-content\" sandbox=\"allow-scripts\" security=\"restricted\" style=\"position: absolute; clip: rect(1px, 1px, 1px, 1px);\" title=\"&#8220;DRAMMA A SEDICO, MUORE NEL SONNO A 18 ANNI, LO RITROVA LA MAMMA&#8221; &#8212; Radio Pi\u00f9\" src=\"https:\/\/www.radiopiu.net\/wordpress\/dramma-a-sedico\/embed\/#?secret=6sHaDOZU0S#?secret=5MkdAE8oib\" data-secret=\"5MkdAE8oib\" width=\"600\" height=\"338\" frameborder=\"0\" marginwidth=\"0\" marginheight=\"0\" scrolling=\"no\"><\/iframe><\/p>\n<p>&nbsp;<\/p>\n<hr \/>\n<p>&nbsp;<\/p>\n<p><strong>LA PROTESTA<\/strong><\/p>\n<p><strong><a class=\"dt-pswp-item\" href=\"https:\/\/www.radiopiu.net\/wordpress\/wp-content\/uploads\/2022\/03\/SAT.jpg\" data-dt-img-description=\"\" data-large_image_width=\"202\" data-large_image_height=\"102\"><img loading=\"lazy\" decoding=\"async\" class=\"size-thumbnail wp-image-267618 alignleft\" src=\"https:\/\/www.radiopiu.net\/wordpress\/wp-content\/uploads\/2022\/03\/SAT-150x102.jpg\" alt=\"\" width=\"150\" height=\"102\" \/><\/a>SANTA GIUSTINA<\/strong>\u00a0 Un messaggio affidato allo striscione, un secco no \u00a0alla strada di collegamento tra la statale 50 e la comunale di via Pulliere. L&#8217;idea gira da tempo negli uffici del Comune, ma c&#8217;\u00e8 chi dice no e lo fa con lo striscione\u00a0 all&#8217;esterno del circolo Elisa, nel parcheggio dove dovrebbe passare il nuovo tratto stradale tra il punto vendita Cad e il Centro\u00a0 Quadrifoglio. Il progetto \u00e8 candidato ad un bando Pnrr per la cifra complessiva di 350 mila euro.<\/p>\n<p>&nbsp;<\/p>\n<hr \/>\n<p>&nbsp;<\/p>\n<p>&nbsp;<\/p>\n<blockquote>\n<h3>VANDALIZZATA LA TOMBA DI DON VINICIO MARCON<\/h3>\n<\/blockquote>\n<p><strong><a class=\"dt-pswp-item\" href=\"https:\/\/www.radiopiu.net\/wordpress\/wp-content\/uploads\/2022\/03\/136066264_397085378049722_3819395146344573728_n.png\" data-dt-img-description=\"\" data-large_image_width=\"449\" data-large_image_height=\"690\"><img loading=\"lazy\" decoding=\"async\" class=\"size-thumbnail wp-image-267619 alignleft\" src=\"https:\/\/www.radiopiu.net\/wordpress\/wp-content\/uploads\/2022\/03\/136066264_397085378049722_3819395146344573728_n-150x150.png\" alt=\"\" width=\"150\" height=\"150\" \/><\/a>CESIOMAGGIORE<\/strong> La lapide\u00a0 di don Vinicio Marcon nel cimitero di Soranzen \u00e8 stata presa di mira dai vandali tra lo sconcerto della comunit\u00e0. A darne notizia\u00a0 il parroco Don Samuele Gallardo durante le funzioni religiose di domenica. Dopo i furti nei cimiteri, ora anche gli episodi incivili e sacrileghi. In molti a gran voce chiedono l&#8217;installazione di un impianto di video sorveglianza. Don Vinicio era di origine agordina per anni a fianco del vescovo Maffeo Ducoli, in seguito dal 2012 e fino alla morte accanto a don Andrea Piccolin nella parrocchia di Cesiomaggiore<\/p>\n<p>&nbsp;<\/p>\n<blockquote class=\"wp-embedded-content\" data-secret=\"jf2zqC5QZx\"><p><a href=\"https:\/\/www.radiopiu.net\/wordpress\/diocesi-di-belluno-feltre-in-lutto-per-don-vinicio-marcon-di-gosaldo\/\">DIOCESI DI BELLUNO-FELTRE IN LUTTO PER DON VINICIO MARCON DI GOSALDO<\/a><\/p><\/blockquote>\n<p><iframe loading=\"lazy\" class=\"wp-embedded-content\" sandbox=\"allow-scripts\" security=\"restricted\" style=\"position: absolute; clip: rect(1px, 1px, 1px, 1px);\" title=\"&#8220;DIOCESI DI BELLUNO-FELTRE IN LUTTO PER DON VINICIO MARCON DI GOSALDO&#8221; &#8212; Radio Pi\u00f9\" src=\"https:\/\/www.radiopiu.net\/wordpress\/diocesi-di-belluno-feltre-in-lutto-per-don-vinicio-marcon-di-gosaldo\/embed\/#?secret=BxFejCPoaK#?secret=jf2zqC5QZx\" data-secret=\"jf2zqC5QZx\" width=\"600\" height=\"338\" frameborder=\"0\" marginwidth=\"0\" marginheight=\"0\" scrolling=\"no\"><\/iframe><\/p>\n<p>&nbsp;<\/p>\n<hr \/>\n<p>&nbsp;<\/p>\n<div class=\"page-title-head hgroup\">\n<blockquote>\n<h3 class=\"entry-title\">CICLISTA RESTA INCRODATO PER RECUPERARE LA BICI<\/h3>\n<\/blockquote>\n<\/div>\n<div class=\"page-title-breadcrumbs\"><\/div>\n<p><a class=\"dt-pswp-item\" href=\"https:\/\/www.radiopiu.net\/wordpress\/wp-content\/uploads\/2022\/03\/salt_20220328_204134_162-1.jpg\" data-dt-img-description=\"\" data-large_image_width=\"1773\" data-large_image_height=\"2364\"><img loading=\"lazy\" decoding=\"async\" class=\" wp-image-267573 alignleft\" src=\"https:\/\/www.radiopiu.net\/wordpress\/wp-content\/uploads\/2022\/03\/salt_20220328_204134_162-1-150x150.jpg\" alt=\"\" width=\"180\" height=\"180\" \/><\/a><strong>BELLUNO<\/strong> Verso le 17.30 il Soccorso alpino di Belluno \u00e8 stato attivato dalla Centrale del Suem, per un uomo rimasto bloccato sopra un salto verticale nel tentativo di recuperare la propria mountain bike. S.S., 60 anni, di Belluno, stava percorrendo con una bici a pedalata assistita il sentiero che da localit\u00e0 La Fossa, sopra Pascoli, conduce in Val de Medon. Arrivato in un tratto in cui il percorso si fa stretto e impegnativo, la bicicletta gli \u00e8 scivolata ed \u00e8 ruzzolata fino al torrente. Nel tentativo di scendere per recuperarla, il ciclista era per\u00f2 stato costretto a fermarsi 25 metri pi\u00f9 a monte, bloccato dal versante franoso. Sei soccorritori sono risaliti dal basso dalla Val Medon e hanno aggirato il tratto franato percorrendo un viaz. Una volta dall&#8217;uomo, lo hanno assicurato e calato assieme a un soccorritore fino al greto del torrente. Dopo aver attraversato con lui il corso d&#8217;acqua, hanno caricato la bici sul fuoristrada e lo hanno accompagnato a casa.<\/p>\n<p>&nbsp;<\/p>\n<hr \/>\n<p>&nbsp;<\/p>\n<blockquote>\n<h3><strong>ACQUA NON POTABILE A PONTE NELLE ALPI: aggiornamento 28 marzo ore 15.00\u00a0<\/strong><\/h3>\n<\/blockquote>\n<p><strong><a class=\"dt-pswp-item\" href=\"https:\/\/www.radiopiu.net\/wordpress\/wp-content\/uploads\/2019\/10\/ACQUA-SPORCA.jpeg\" data-dt-img-description=\"\" data-large_image_width=\"1024\" data-large_image_height=\"768\"><img loading=\"lazy\" decoding=\"async\" class=\" wp-image-104646 alignleft\" src=\"https:\/\/www.radiopiu.net\/wordpress\/wp-content\/uploads\/2019\/10\/ACQUA-SPORCA-150x150.jpeg\" alt=\"\" width=\"103\" height=\"103\" \/><\/a>BELLUNO<\/strong> Si \u00e8 concluso ieri alle 15 l\u2019ampio programma di campionamento di acqua destinata al consumo umano mediante prelievi in 11 punti della rete acquedottistica, afferente ai Comune di Ponte nelle Alpi, Longarone, Zoldo e Belluno (loc. Fiammoi). I risultati delle indagini analitiche finalizzate alla ricerca di molti inquinanti saranno disponibili entro stamane. Rimangono per ora confermate le indicazioni di non utilizzo di acqua con \u201codore terroso\u201d come acqua potabile<\/p>\n<p>&nbsp;<\/p>\n<p>&nbsp;<\/p>\n<hr \/>\n<blockquote>\n<h3><\/h3>\n<h3>SP251: ULTIME DI IERI\u00a0 DA VENETO STRADE<\/h3>\n<\/blockquote>\n<p><strong><img loading=\"lazy\" decoding=\"async\" class=\"alignleft\" src=\"https:\/\/www.radiopiu.net\/wordpress\/wp-content\/uploads\/2022\/03\/277563624_345219604313385_4403980755280457061_n.jpg\" width=\"239\" height=\"179\" \/>VENEZIA<\/strong> \u00a0Prosegue incessante il lavoro dei Vigili del Fuoco e dei Volontari della Protezione Civile per domare le fiamme. Un aiuto potrebbe arrivare anche dalla pioggia prevista per mercoled\u00ec 30 marzo. Oggi i servizi antincendio hanno chiesto ai lavoratori di Veneto Strade di non operare in zona per l&#8217;alto rischio. Il fronte dell&#8217;incendio sulla Sp 251 ormai si estende per oltre 5 km dalla progressiva km 106 al km 112 circa. Tra la localit\u00e0 Mezzocanale e Igne. Quindi vista l&#8217;estensione diventa sempre pi\u00f9 difficile preventivare i tempi di riapertura della strada dal momento dello spegnimento delle fiamme.<\/p>\n<p>&nbsp;<\/p>\n<p>&nbsp;<\/p>\n<hr \/>\n<blockquote>\n<h3><\/h3>\n<h3>SERVONO FONDI PER COMELICO E VAL ZOLDANA<\/h3>\n<\/blockquote>\n<p><strong><a class=\"dt-pswp-item\" href=\"https:\/\/www.radiopiu.net\/wordpress\/wp-content\/uploads\/2022\/03\/277502780_345219627646716_8788353958296684591_n.jpg\" data-dt-img-description=\"\" data-large_image_width=\"2000\" data-large_image_height=\"1500\"><img loading=\"lazy\" decoding=\"async\" class=\" wp-image-267488 alignleft\" src=\"https:\/\/www.radiopiu.net\/wordpress\/wp-content\/uploads\/2022\/03\/277502780_345219627646716_8788353958296684591_n-150x150.jpg\" alt=\"\" width=\"189\" height=\"189\" \/><\/a>ROMA <em>&#8220;<\/em><\/strong><em>Il Ministero delle infrastrutture stanzi subito delle risorse per garantire la comunicazione viaria agli abitanti del Comelico e di Zoldo&#8221;.<\/em> La richiesta \u00e8 del deputato bellunese Roger De Menech che ha interrogato il ministro dei trasporti a fronte dei tempi del programma lavori per rendere sicura la galleria di accesso alla valle del Comelico lungo la strada statale 52 Carnica e dei ricorrenti problemi di accesso alla Val Zoldana.<\/p>\n<p><strong>ROGER DE MENECH ALLA RADIO\u00a0<\/strong><\/p>\n<audio class=\"wp-audio-shortcode\" id=\"audio-267318-1\" preload=\"none\" style=\"width: 100%;\" controls=\"controls\"><source type=\"audio\/mpeg\" src=\"https:\/\/www.radiopiu.net\/wordpress\/wp-content\/uploads\/2022\/03\/roger.mp3?_=1\" \/><a href=\"https:\/\/www.radiopiu.net\/wordpress\/wp-content\/uploads\/2022\/03\/roger.mp3\">https:\/\/www.radiopiu.net\/wordpress\/wp-content\/uploads\/2022\/03\/roger.mp3<\/a><\/audio>\n<p>&nbsp;<\/p>\n<hr \/>\n<p>&nbsp;<\/p>\n<blockquote>\n<h3>IL GRAZIE DAL BASSO AGLI OPERATORI DEI CIELI<\/h3>\n<\/blockquote>\n<p><strong>ALPAGO<\/strong> Un bel gesto, un grazie visibile dall&#8217;alto, dagli operatori degli elicotteri e Canadair che da giorni fanno la spola tra il lago di Santa Croce e i boschi infuocati sopra Longarone.<\/p>\n<p>&nbsp;<\/p>\n\n\t\t\t<style type='text\/css'>\n\t\t\t\t#gallery-1 {\n\t\t\t\t\tmargin: auto;\n\t\t\t\t}\n\t\t\t\t#gallery-1 .gallery-item {\n\t\t\t\t\tfloat: left;\n\t\t\t\t\tmargin-top: 10px;\n\t\t\t\t\ttext-align: center;\n\t\t\t\t\twidth: 33%;\n\t\t\t\t}\n\t\t\t\t#gallery-1 img {\n\t\t\t\t\tborder: 2px solid #cfcfcf;\n\t\t\t\t}\n\t\t\t\t#gallery-1 .gallery-caption {\n\t\t\t\t\tmargin-left: 0;\n\t\t\t\t}\n\t\t\t\t\/* see gallery_shortcode() in wp-includes\/media.php *\/\n\t\t\t<\/style>\n\t\t<div id='gallery-1' class='dt-gallery-container gallery galleryid-267318 gallery-columns-3 gallery-size-thumbnail'><dl class='gallery-item'>\n\t\t\t\t<dt class='gallery-icon landscape'>\n\t\t\t\t\t<a class=\"rollover rollover-zoom dt-pswp-item\" title=\"df4d397c-afa8-469d-be01-879449a6d5ae\" data-dt-img-description=\"\" data-large_image_width=\"580\" data-large_image_height=\"269\"href='https:\/\/www.radiopiu.net\/wordpress\/wp-content\/uploads\/2022\/03\/df4d397c-afa8-469d-be01-879449a6d5ae.jpg'><img loading=\"lazy\" decoding=\"async\" width=\"150\" height=\"150\" src=\"https:\/\/www.radiopiu.net\/wordpress\/wp-content\/uploads\/2022\/03\/df4d397c-afa8-469d-be01-879449a6d5ae-150x150.jpg\" class=\"attachment-thumbnail size-thumbnail\" alt=\"\" \/><\/a>\n\t\t\t\t<\/dt><\/dl><dl class='gallery-item'>\n\t\t\t\t<dt class='gallery-icon portrait'>\n\t\t\t\t\t<a class=\"rollover rollover-zoom dt-pswp-item\" title=\"373aa925-570b-4933-b68a-f15b81a9a41f\" data-dt-img-description=\"\" data-large_image_width=\"622\" data-large_image_height=\"810\"href='https:\/\/www.radiopiu.net\/wordpress\/wp-content\/uploads\/2022\/03\/373aa925-570b-4933-b68a-f15b81a9a41f.jpg'><img loading=\"lazy\" decoding=\"async\" width=\"150\" height=\"150\" src=\"https:\/\/www.radiopiu.net\/wordpress\/wp-content\/uploads\/2022\/03\/373aa925-570b-4933-b68a-f15b81a9a41f-150x150.jpg\" class=\"attachment-thumbnail size-thumbnail\" alt=\"\" \/><\/a>\n\t\t\t\t<\/dt><\/dl><dl class='gallery-item'>\n\t\t\t\t<dt class='gallery-icon landscape'>\n\t\t\t\t\t<a class=\"rollover rollover-zoom dt-pswp-item\" title=\"d86743cd-9e3f-43d5-869b-b75fb407cb9f\" data-dt-img-description=\"\" data-large_image_width=\"731\" data-large_image_height=\"416\"href='https:\/\/www.radiopiu.net\/wordpress\/wp-content\/uploads\/2022\/03\/d86743cd-9e3f-43d5-869b-b75fb407cb9f.jpg'><img loading=\"lazy\" decoding=\"async\" width=\"150\" height=\"150\" src=\"https:\/\/www.radiopiu.net\/wordpress\/wp-content\/uploads\/2022\/03\/d86743cd-9e3f-43d5-869b-b75fb407cb9f-150x150.jpg\" class=\"attachment-thumbnail size-thumbnail\" alt=\"\" \/><\/a>\n\t\t\t\t<\/dt><\/dl><br style=\"clear: both\" \/>\n\t\t\t<\/div>\n\n<blockquote>\n<h3>IL GIORNO DEL CANADAIR, FOTO DI SANDRO VERARDO<\/h3>\n<\/blockquote>\n<p><strong>ALPAGO-LONGARONE<\/strong><\/p>\n<p><strong>Grati ai piloti e ai vigili del fuoco foto, ieri al Lago di Santa Croce.\u00a0<\/strong><\/p>\n<p><strong>di SANDRO VERARDO<\/strong><\/p>\n<div style=\"width: 640px;\" class=\"wp-video\"><video class=\"wp-video-shortcode\" id=\"video-267318-1\" width=\"640\" height=\"352\" preload=\"metadata\" controls=\"controls\"><source type=\"video\/mp4\" src=\"https:\/\/www.radiopiu.net\/wordpress\/wp-content\/uploads\/2022\/03\/WhatsApp-Video-2022-03-28-at-22.43.41.mp4?_=1\" \/><a href=\"https:\/\/www.radiopiu.net\/wordpress\/wp-content\/uploads\/2022\/03\/WhatsApp-Video-2022-03-28-at-22.43.41.mp4\">https:\/\/www.radiopiu.net\/wordpress\/wp-content\/uploads\/2022\/03\/WhatsApp-Video-2022-03-28-at-22.43.41.mp4<\/a><\/video><\/div>\n\n\t\t\t<style type='text\/css'>\n\t\t\t\t#gallery-2 {\n\t\t\t\t\tmargin: auto;\n\t\t\t\t}\n\t\t\t\t#gallery-2 .gallery-item {\n\t\t\t\t\tfloat: left;\n\t\t\t\t\tmargin-top: 10px;\n\t\t\t\t\ttext-align: center;\n\t\t\t\t\twidth: 20%;\n\t\t\t\t}\n\t\t\t\t#gallery-2 img {\n\t\t\t\t\tborder: 2px solid #cfcfcf;\n\t\t\t\t}\n\t\t\t\t#gallery-2 .gallery-caption {\n\t\t\t\t\tmargin-left: 0;\n\t\t\t\t}\n\t\t\t\t\/* see gallery_shortcode() in wp-includes\/media.php *\/\n\t\t\t<\/style>\n\t\t<div id='gallery-2' class='dt-gallery-container gallery galleryid-267318 gallery-columns-5 gallery-size-thumbnail'><dl class='gallery-item'>\n\t\t\t\t<dt class='gallery-icon landscape'>\n\t\t\t\t\t<a class=\"rollover rollover-zoom dt-pswp-item\" title=\"6602a924-81b6-4780-9bfe-a503232a5bda\" data-dt-img-description=\"\" data-large_image_width=\"2048\" data-large_image_height=\"1365\"href='https:\/\/www.radiopiu.net\/wordpress\/wp-content\/uploads\/2022\/03\/6602a924-81b6-4780-9bfe-a503232a5bda.jpg'><img loading=\"lazy\" decoding=\"async\" width=\"150\" height=\"150\" src=\"https:\/\/www.radiopiu.net\/wordpress\/wp-content\/uploads\/2022\/03\/6602a924-81b6-4780-9bfe-a503232a5bda-150x150.jpg\" class=\"attachment-thumbnail size-thumbnail\" alt=\"\" \/><\/a>\n\t\t\t\t<\/dt><\/dl><dl class='gallery-item'>\n\t\t\t\t<dt class='gallery-icon landscape'>\n\t\t\t\t\t<a class=\"rollover rollover-zoom dt-pswp-item\" title=\"d8d9a12b-9a06-4af5-b05e-c21505645c5e\" data-dt-img-description=\"\" data-large_image_width=\"2048\" data-large_image_height=\"1365\"href='https:\/\/www.radiopiu.net\/wordpress\/wp-content\/uploads\/2022\/03\/d8d9a12b-9a06-4af5-b05e-c21505645c5e.jpg'><img loading=\"lazy\" decoding=\"async\" width=\"150\" height=\"150\" src=\"https:\/\/www.radiopiu.net\/wordpress\/wp-content\/uploads\/2022\/03\/d8d9a12b-9a06-4af5-b05e-c21505645c5e-150x150.jpg\" class=\"attachment-thumbnail size-thumbnail\" alt=\"\" \/><\/a>\n\t\t\t\t<\/dt><\/dl><dl class='gallery-item'>\n\t\t\t\t<dt class='gallery-icon landscape'>\n\t\t\t\t\t<a class=\"rollover rollover-zoom dt-pswp-item\" title=\"0ada5d4a-0045-4ccb-8119-c27e4dd79ad9\" data-dt-img-description=\"\" data-large_image_width=\"2048\" data-large_image_height=\"1365\"href='https:\/\/www.radiopiu.net\/wordpress\/wp-content\/uploads\/2022\/03\/0ada5d4a-0045-4ccb-8119-c27e4dd79ad9.jpg'><img loading=\"lazy\" decoding=\"async\" width=\"150\" height=\"150\" src=\"https:\/\/www.radiopiu.net\/wordpress\/wp-content\/uploads\/2022\/03\/0ada5d4a-0045-4ccb-8119-c27e4dd79ad9-150x150.jpg\" class=\"attachment-thumbnail size-thumbnail\" alt=\"\" \/><\/a>\n\t\t\t\t<\/dt><\/dl><dl class='gallery-item'>\n\t\t\t\t<dt class='gallery-icon landscape'>\n\t\t\t\t\t<a class=\"rollover rollover-zoom dt-pswp-item\" title=\"80df88ca-864d-4762-b437-4ae173eaa108\" data-dt-img-description=\"\" data-large_image_width=\"2048\" data-large_image_height=\"1365\"href='https:\/\/www.radiopiu.net\/wordpress\/wp-content\/uploads\/2022\/03\/80df88ca-864d-4762-b437-4ae173eaa108.jpg'><img loading=\"lazy\" decoding=\"async\" width=\"150\" height=\"150\" src=\"https:\/\/www.radiopiu.net\/wordpress\/wp-content\/uploads\/2022\/03\/80df88ca-864d-4762-b437-4ae173eaa108-150x150.jpg\" class=\"attachment-thumbnail size-thumbnail\" alt=\"\" \/><\/a>\n\t\t\t\t<\/dt><\/dl><dl class='gallery-item'>\n\t\t\t\t<dt class='gallery-icon landscape'>\n\t\t\t\t\t<a class=\"rollover rollover-zoom dt-pswp-item\" title=\"73bed3bf-577b-4bc4-9d42-2786baa0ad19\" data-dt-img-description=\"\" data-large_image_width=\"2048\" data-large_image_height=\"1365\"href='https:\/\/www.radiopiu.net\/wordpress\/wp-content\/uploads\/2022\/03\/73bed3bf-577b-4bc4-9d42-2786baa0ad19.jpg'><img loading=\"lazy\" decoding=\"async\" width=\"150\" height=\"150\" src=\"https:\/\/www.radiopiu.net\/wordpress\/wp-content\/uploads\/2022\/03\/73bed3bf-577b-4bc4-9d42-2786baa0ad19-150x150.jpg\" class=\"attachment-thumbnail size-thumbnail\" alt=\"\" \/><\/a>\n\t\t\t\t<\/dt><\/dl><br style=\"clear: both\" \/><dl class='gallery-item'>\n\t\t\t\t<dt class='gallery-icon landscape'>\n\t\t\t\t\t<a class=\"rollover rollover-zoom dt-pswp-item\" title=\"315ea5d8-1a45-4f60-972d-0a3f6fdd726d\" data-dt-img-description=\"\" data-large_image_width=\"2048\" data-large_image_height=\"1365\"href='https:\/\/www.radiopiu.net\/wordpress\/wp-content\/uploads\/2022\/03\/315ea5d8-1a45-4f60-972d-0a3f6fdd726d.jpg'><img loading=\"lazy\" decoding=\"async\" width=\"150\" height=\"150\" src=\"https:\/\/www.radiopiu.net\/wordpress\/wp-content\/uploads\/2022\/03\/315ea5d8-1a45-4f60-972d-0a3f6fdd726d-150x150.jpg\" class=\"attachment-thumbnail size-thumbnail\" alt=\"\" \/><\/a>\n\t\t\t\t<\/dt><\/dl><dl class='gallery-item'>\n\t\t\t\t<dt class='gallery-icon landscape'>\n\t\t\t\t\t<a class=\"rollover rollover-zoom dt-pswp-item\" title=\"79beb6fe-4f36-4f93-b6ef-269a5dfeeabd\" data-dt-img-description=\"\" data-large_image_width=\"2048\" data-large_image_height=\"1365\"href='https:\/\/www.radiopiu.net\/wordpress\/wp-content\/uploads\/2022\/03\/79beb6fe-4f36-4f93-b6ef-269a5dfeeabd.jpg'><img loading=\"lazy\" decoding=\"async\" width=\"150\" height=\"150\" src=\"https:\/\/www.radiopiu.net\/wordpress\/wp-content\/uploads\/2022\/03\/79beb6fe-4f36-4f93-b6ef-269a5dfeeabd-150x150.jpg\" class=\"attachment-thumbnail size-thumbnail\" alt=\"\" \/><\/a>\n\t\t\t\t<\/dt><\/dl><dl class='gallery-item'>\n\t\t\t\t<dt class='gallery-icon landscape'>\n\t\t\t\t\t<a class=\"rollover rollover-zoom dt-pswp-item\" title=\"0d31cff4-9155-4c8c-a6ec-7f89291bebce\" data-dt-img-description=\"\" data-large_image_width=\"2048\" data-large_image_height=\"1365\"href='https:\/\/www.radiopiu.net\/wordpress\/wp-content\/uploads\/2022\/03\/0d31cff4-9155-4c8c-a6ec-7f89291bebce.jpg'><img loading=\"lazy\" decoding=\"async\" width=\"150\" height=\"150\" src=\"https:\/\/www.radiopiu.net\/wordpress\/wp-content\/uploads\/2022\/03\/0d31cff4-9155-4c8c-a6ec-7f89291bebce-150x150.jpg\" class=\"attachment-thumbnail size-thumbnail\" alt=\"\" \/><\/a>\n\t\t\t\t<\/dt><\/dl><dl class='gallery-item'>\n\t\t\t\t<dt class='gallery-icon landscape'>\n\t\t\t\t\t<a class=\"rollover rollover-zoom dt-pswp-item\" title=\"b0b90766-2dfc-41ee-9bcd-4bda06edee4b\" data-dt-img-description=\"\" data-large_image_width=\"2048\" data-large_image_height=\"1365\"href='https:\/\/www.radiopiu.net\/wordpress\/wp-content\/uploads\/2022\/03\/b0b90766-2dfc-41ee-9bcd-4bda06edee4b.jpg'><img loading=\"lazy\" decoding=\"async\" width=\"150\" height=\"150\" src=\"https:\/\/www.radiopiu.net\/wordpress\/wp-content\/uploads\/2022\/03\/b0b90766-2dfc-41ee-9bcd-4bda06edee4b-150x150.jpg\" class=\"attachment-thumbnail size-thumbnail\" alt=\"\" \/><\/a>\n\t\t\t\t<\/dt><\/dl><dl class='gallery-item'>\n\t\t\t\t<dt class='gallery-icon landscape'>\n\t\t\t\t\t<a class=\"rollover rollover-zoom dt-pswp-item\" title=\"11b356d0-8107-4a96-935f-09399b74f07a\" data-dt-img-description=\"\" data-large_image_width=\"2048\" data-large_image_height=\"1365\"href='https:\/\/www.radiopiu.net\/wordpress\/wp-content\/uploads\/2022\/03\/11b356d0-8107-4a96-935f-09399b74f07a.jpg'><img loading=\"lazy\" decoding=\"async\" width=\"150\" height=\"150\" src=\"https:\/\/www.radiopiu.net\/wordpress\/wp-content\/uploads\/2022\/03\/11b356d0-8107-4a96-935f-09399b74f07a-150x150.jpg\" class=\"attachment-thumbnail size-thumbnail\" alt=\"\" \/><\/a>\n\t\t\t\t<\/dt><\/dl><br style=\"clear: both\" \/>\n\t\t\t<\/div>\n\n<p>&nbsp;<\/p>\n<p>&nbsp;<\/p>\n<p>&nbsp;<\/p>\n<hr \/>\n<p>&nbsp;<\/p>\n<blockquote>\n<h3>BOND &#8220;ITER AUTORIZZATIVO BREVE PER CREARE NUOVE STRADE TAGLIAFUOCO IN MONTAGNA<\/h3>\n<\/blockquote>\n<div>\n<p><strong><a class=\"dt-pswp-item\" href=\"https:\/\/www.radiopiu.net\/wordpress\/wp-content\/uploads\/2022\/03\/809e4e8a-dc15-49b0-b58d-210cf5b8ae86.jpg\" data-dt-img-description=\"\" data-large_image_width=\"1600\" data-large_image_height=\"900\"><img loading=\"lazy\" decoding=\"async\" class=\" wp-image-267485 alignleft\" src=\"https:\/\/www.radiopiu.net\/wordpress\/wp-content\/uploads\/2022\/03\/809e4e8a-dc15-49b0-b58d-210cf5b8ae86-150x150.jpg\" alt=\"\" width=\"185\" height=\"185\" \/><\/a>VENEZIA\u00a0<\/strong> <em>\u201cServono investimenti sulla viabilit\u00e0 silvopastorale: risorse ma soprattutto semplificazione. Gli incendi di Longarone e di altre zone del Veneto impongono nuove piste tagliafuoco\u201d.<\/em> Lo dice il deputato Dario Bond, intervenendo sulla questione dei roghi che stanno bruciando la montagna bellunese e impongono la chiusura della strada della Val di Zoldo. Il Pnrr non prevede fondi per la viabilit\u00e0 servono canali alternativi, non solo per le risorse, ma soprattutto per un iter autorizzativo che sia breve e spedito.\u00a0 La creazione di nuove piste tagliafuoco come quella da poco realizzata sulle Pale di San Lucano, dopo il disastroso incendio del 2018,\u00a0 diventa importante non solo per garantire sicurezza e piena operativit\u00e0 a vigili del fuoco e personale antincendio, ma anche per il recupero del materiale legnoso e la valorizzazione dei boschi.<\/p>\n<p>&nbsp;<\/p>\n<\/div>\n<p>&nbsp;<\/p>\n<hr \/>\n<blockquote>\n<h3><\/h3>\n<h3>PM10 ENTRO I LIMITI. SI PUO&#8217; TORNARE A FARE ATTIVITA&#8217; ALL&#8217;APERTO NEL BELLUNESE<\/h3>\n<\/blockquote>\n<p><strong><a class=\"dt-pswp-item\" href=\"https:\/\/www.radiopiu.net\/wordpress\/wp-content\/uploads\/2021\/03\/ULSS-1.jpg\" data-dt-img-description=\"\" data-large_image_width=\"776\" data-large_image_height=\"408\"><img loading=\"lazy\" decoding=\"async\" class=\"wp-image-198838 alignleft\" src=\"https:\/\/www.radiopiu.net\/wordpress\/wp-content\/uploads\/2021\/03\/ULSS-1-300x158.jpg\" alt=\"\" width=\"163\" height=\"86\" srcset=\"https:\/\/www.radiopiu.net\/wordpress\/wp-content\/uploads\/2021\/03\/ULSS-1-300x158.jpg 300w, https:\/\/www.radiopiu.net\/wordpress\/wp-content\/uploads\/2021\/03\/ULSS-1-768x404.jpg 768w, https:\/\/www.radiopiu.net\/wordpress\/wp-content\/uploads\/2021\/03\/ULSS-1.jpg 776w\" sizes=\"auto, (max-width: 163px) 100vw, 163px\" \/><\/a> <\/strong><\/p>\n<p><strong>BELLUNO <\/strong>Gli ultimi controlli analitici sulla qualit\u00e0 dell\u2019aria nel Bellunese, con particolare riferimento alla concentrazione delle polveri PM10, hanno evidenziato un sostanziale rientro dei parametri. Vengono quindi disattivate le indicazioni relative alla limitazione delle attivit\u00e0 all\u2019aperto.<\/p>\n<p>&nbsp;<\/p>\n<p>&nbsp;<\/p>\n<hr \/>\n<p>&nbsp;<\/p>\n<blockquote>\n<h3>COVID. NEGLI ULTIMI SETTE GIORNI: TRE COMUNI SENZA CASI COVID, 7 DECESSI IN PROVINCIA<\/h3>\n<\/blockquote>\n<p>&nbsp;<\/p>\n<blockquote><p><em>Nella settimana scorsa sono stati eseguiti dai team dell\u2019Ulss Dolomiti 10.236 tamponi (di cui 3.126 molecolari e 7.110 antigenici). Attuali positivi in provincia: 2041.<\/em><\/p><\/blockquote>\n<p><strong><a class=\"dt-pswp-item\" href=\"https:\/\/www.radiopiu.net\/wordpress\/wp-content\/uploads\/2022\/03\/MAPPA.png\" data-dt-img-description=\"\" data-large_image_width=\"680\" data-large_image_height=\"663\"><img loading=\"lazy\" decoding=\"async\" class=\"wp-image-267472 alignleft\" src=\"https:\/\/www.radiopiu.net\/wordpress\/wp-content\/uploads\/2022\/03\/MAPPA.png\" alt=\"\" width=\"268\" height=\"261\" srcset=\"https:\/\/www.radiopiu.net\/wordpress\/wp-content\/uploads\/2022\/03\/MAPPA.png 680w, https:\/\/www.radiopiu.net\/wordpress\/wp-content\/uploads\/2022\/03\/MAPPA-300x293.png 300w\" sizes=\"auto, (max-width: 268px) 100vw, 268px\" \/><\/a>REDAZIONE<\/strong> Solo 3 i Comuni che non contano nuovi casi di covid negli ultimi sette giorni: Cibiana, Zoppe e Selva di Cadore. Situazione peggiori (oltre 2000 casi ogni 100mila abitanti) a Vallada Agordina, poco sotto (tra 1000 e 2000 casi) Taibon, Voltago, Gosaldo, Ospitale e Perarolo. Come la scorsa settimana, anche nella settimana analizzata si registra un aumento dei nuovi casi rispetto al precedente periodo di osservazione. Nel dettaglio, i nuovi casi rilevati nell\u2019ultima settimana sono 1.096(+179 rispetto alla scorsa settimana), con un conseguente tasso di incidenza settimanale di 549 casi su 100 mila abitanti, in aumento rispetto alla <strong><a class=\"dt-pswp-item\" href=\"https:\/\/www.radiopiu.net\/wordpress\/wp-content\/uploads\/2022\/03\/mappaaaa.jpg\" data-dt-img-description=\"\" data-large_image_width=\"236\" data-large_image_height=\"200\"><img loading=\"lazy\" decoding=\"async\" class=\"wp-image-267476 alignright\" src=\"https:\/\/www.radiopiu.net\/wordpress\/wp-content\/uploads\/2022\/03\/mappaaaa-150x150.jpg\" alt=\"\" width=\"172\" height=\"172\" \/><\/a><\/strong>settimana precedente, ma inferiore all&#8217;incidenza nazionale (836 su 100 mila abitanti).<\/p>\n<blockquote><p><em>Nella settimana analizzata i nuovi casi si collocano prevalentemente nelle fasce centrali 25-64 anni.<\/em><\/p><\/blockquote>\n<p><strong>DECESSI<\/strong> Negli ultimi sette giorni\u00a0 sette i decessi per covid: 21\/03: una donna\u00a0 83 anni e un uomo di 78 ricoverati presso la Pneumologia di Feltre;\u00a0 22\/03: deceduto un uomo di 83 anni ricoverato presso Malattie Infettive di Belluno;\u00a0 23\/03: morta una donna di 95 anni e una donna di 65 ricoverate presso la Pneumologia di Feltre;\u00a0 26\/03: deceduta una donna di\u00a0 76 anni ricoverata presso la Pneumologia di Belluno; 27\/03: deceduta una donna di 80 anni ricoverata presso la Pneumologia di Feltre<\/p>\n<p><strong>RICOVERI\u00a0<\/strong> Terapia Intensiva 1,\u00a0 Area non critica 37,\u00a0 Ospedale di Comunit\u00e0 15<\/p>\n<p>&nbsp;<\/p>\n<p>&nbsp;<\/p>\n<hr \/>\n<p>&nbsp;<\/p>\n<blockquote>\n<h3>&#8220;SQUAZE&#8221;, TRASGRESSORI INDIVIDUATI E SANZIONATI<\/h3>\n<\/blockquote>\n<p><strong><span style=\"color: #ff0000;\">L&#8217;ASSESSORE MARILISA LUCHETTA ALLA RADIO\u00a0\u00a0<\/span><\/strong><\/p>\n<audio class=\"wp-audio-shortcode\" id=\"audio-267318-2\" preload=\"none\" style=\"width: 100%;\" controls=\"controls\"><source type=\"audio\/mpeg\" src=\"https:\/\/www.radiopiu.net\/wordpress\/wp-content\/uploads\/2022\/03\/marislisa.mp3?_=2\" \/><a href=\"https:\/\/www.radiopiu.net\/wordpress\/wp-content\/uploads\/2022\/03\/marislisa.mp3\">https:\/\/www.radiopiu.net\/wordpress\/wp-content\/uploads\/2022\/03\/marislisa.mp3<\/a><\/audio>\n<p>&nbsp;<\/p>\n<p><strong><a class=\"dt-pswp-item\" href=\"https:\/\/www.radiopiu.net\/wordpress\/wp-content\/uploads\/2022\/03\/aa618476-0648-4320-8797-c81b32cb03c6.jpg\" data-dt-img-description=\"\" data-large_image_width=\"1152\" data-large_image_height=\"2048\"><img loading=\"lazy\" decoding=\"async\" class=\"wp-image-267454 alignleft\" src=\"https:\/\/www.radiopiu.net\/wordpress\/wp-content\/uploads\/2022\/03\/aa618476-0648-4320-8797-c81b32cb03c6-150x150.jpg\" alt=\"\" width=\"232\" height=\"232\" \/><\/a>CANALE D&#8217;AGORDO\u00a0<\/strong><em> &#8220;Stiamo assistendo ad un fenomeno in crescita: l\u2019abbandono di immondizia nei luoghi pi\u00f9 impensati del Comune&#8221;.<\/em> Cos\u00ec esprime il proprio malessere, dell&#8217;amministrazione comunale,\u00a0 ma anche della gente civile del paese,\u00a0 l&#8217;assessore Marilisa Luchetta dopo aver osservato l&#8217;aumento degli abbandoni di rifiuti di ogni genere lungo le sponde del torrente Liera o del Biois, ai bordi delle strade comunali, sulle scarpate, sui marciapiedi, alla fermata dei pullman. Quindi l&#8217;ultimo avvistamento: un phon tra i rami di un albero del bosco.<em> <a class=\"dt-pswp-item\" href=\"https:\/\/www.radiopiu.net\/wordpress\/wp-content\/uploads\/2022\/03\/marilisa.png\" data-dt-img-description=\"\" data-large_image_width=\"135\" data-large_image_height=\"99\"><img loading=\"lazy\" decoding=\"async\" class=\"size-full wp-image-267461 alignright\" src=\"https:\/\/www.radiopiu.net\/wordpress\/wp-content\/uploads\/2022\/03\/marilisa.png\" alt=\"\" width=\"135\" height=\"99\" \/><\/a>&#8220;I cestini &#8211; continua Marilisa Luchetta &#8211; quelli distribuiti nel paese vengono puntualmente riempiti fino a scoppiare con borse di rifiuti portate da casa ed altri sacchetti vengono lasciati a terra nei dintorni. Come pure i mozziconi di sigarette abbandonati ovunque, altamente inquinanti e sgradevoli&#8221;.<\/em> Eppure la raccolta differenziata porta a porta funziona egregiamente, ed ora l\u2019ecocentro \u00e8 aperto. Tanto pi\u00f9 che le tasse per lo smaltimento dei rifiuti vengono regolarmente pagate a Valpe. Altro capitolo le deiezioni dai cani lungo marciapiedi e passeggiate.\u00a0 <em>&#8220;Ultimamente anche raccolte nei sacchettini ma comunque abbandonati sul posto o lanciati nei prati. Ovviamente provvederemo ad aumentare il numero degli appositi cestini per\u00f2, se non trovi un cestino vicino, puoi riportare a <a class=\"dt-pswp-item\" href=\"https:\/\/www.radiopiu.net\/wordpress\/wp-content\/uploads\/2022\/03\/e630cb12-7f4d-4275-96e2-d348609347b3.jpg\" data-dt-img-description=\"\" data-large_image_width=\"720\" data-large_image_height=\"1280\"><img loading=\"lazy\" decoding=\"async\" class=\"size-thumbnail wp-image-267455 alignleft\" src=\"https:\/\/www.radiopiu.net\/wordpress\/wp-content\/uploads\/2022\/03\/e630cb12-7f4d-4275-96e2-d348609347b3-150x150.jpg\" alt=\"\" width=\"150\" height=\"150\" \/><\/a>casa i bisognini del tuo fedele amico. Pestare uno di questi \u201cricordini\u201d pu\u00f2 renderti antipatico quel povero cane che non ha colpa alcuna dell\u2019incivilt\u00e0 del suo padrone&#8221;.<\/em> Marilisa Luchetta sottolinea come il comportamento incivile di pochi vada a discapito di tante persone attente al decoro ed alla pulizia del territorio. Si tratta di civilt\u00e0, buona educazione, rispetto e cura per il proprio territorio. Da tempo l&#8217;amministrazione comunale vigila e monitora il problema e quindi la decisione: provvedimenti sanzionatori. Sono gi\u00e0 stati individuati e convocati alcuni trasgressori che dovranno mettere mano al portafoglio e le contravvenzioni sono pesanti. <em>&#8220;Dispiace molto dover arrivare a questa determinazione &#8211; dice l&#8217;assessore &#8211;\u00a0 ma sembra che il fenomeno di maleducazione sia in aumento anche nei Comuni limitrofi&#8221;<\/em>. L&#8217;esempio, come spesso accade, arriva dalle nuove generazioni, dai ragazzi della Scuola Media di Canale ad esempio, in collaborazione con l\u2019Associazione Plastic Free e il Comune, quest\u2019anno hanno lavorato sul tema, ed ora stanno realizzando dei cartelli\/stimolo da installare nei punti pi\u00f9 critici, che la loro buona volont\u00e0 ed il loro impegno riescano a sensibilizzare qualcuno<em> &#8220;Con l&#8217;associazione plastic free &#8211; conclude Marilisa Luchetta &#8211;\u00a0 verr\u00e0 organizzata qualche iniziativa ecologica che interesser\u00e0 tutta la popolazione: i volontari che si presteranno saranno coperti da assicurazione&#8221;.\u00a0<\/em><\/p>\n<blockquote>\n<h3><\/h3>\n<\/blockquote>\n<hr \/>\n<h3><\/h3>\n<blockquote>\n<h3>DA CANALE D&#8217;AGORDO AD AVOSCAN DI SAN TOMASO<\/h3>\n<\/blockquote>\n<p>Molti da tempo si chiedono a cosa possa servire quella vecchia strada (203 agordina) sempre pi\u00f9 abbandonata al suo destino, preda del Cordevole gi\u00e0 dai giorni di Vaia (2018). Ebbene dai fatti arrivano le risposte, quella strada, soprattutto sotto il ponte \u00e8 diventata la discarica incontrollata dove da tempo si scarica di tutto, tanto chi controlla.<\/p>\n\n\t\t\t<style type='text\/css'>\n\t\t\t\t#gallery-3 {\n\t\t\t\t\tmargin: auto;\n\t\t\t\t}\n\t\t\t\t#gallery-3 .gallery-item {\n\t\t\t\t\tfloat: left;\n\t\t\t\t\tmargin-top: 10px;\n\t\t\t\t\ttext-align: center;\n\t\t\t\t\twidth: 50%;\n\t\t\t\t}\n\t\t\t\t#gallery-3 img {\n\t\t\t\t\tborder: 2px solid #cfcfcf;\n\t\t\t\t}\n\t\t\t\t#gallery-3 .gallery-caption {\n\t\t\t\t\tmargin-left: 0;\n\t\t\t\t}\n\t\t\t\t\/* see gallery_shortcode() in wp-includes\/media.php *\/\n\t\t\t<\/style>\n\t\t<div id='gallery-3' class='dt-gallery-container gallery galleryid-267318 gallery-columns-2 gallery-size-thumbnail'><dl class='gallery-item'>\n\t\t\t\t<dt class='gallery-icon landscape'>\n\t\t\t\t\t<a class=\"rollover rollover-zoom dt-pswp-item\" title=\"1f3669c3-31a0-4267-b8c0-d373660a6d70\" data-dt-img-description=\"\" data-large_image_width=\"1599\" data-large_image_height=\"899\"href='https:\/\/www.radiopiu.net\/wordpress\/wp-content\/uploads\/2022\/03\/1f3669c3-31a0-4267-b8c0-d373660a6d70.jpg'><img loading=\"lazy\" decoding=\"async\" width=\"150\" height=\"150\" src=\"https:\/\/www.radiopiu.net\/wordpress\/wp-content\/uploads\/2022\/03\/1f3669c3-31a0-4267-b8c0-d373660a6d70-150x150.jpg\" class=\"attachment-thumbnail size-thumbnail\" alt=\"\" \/><\/a>\n\t\t\t\t<\/dt><\/dl><dl class='gallery-item'>\n\t\t\t\t<dt class='gallery-icon landscape'>\n\t\t\t\t\t<a class=\"rollover rollover-zoom dt-pswp-item\" title=\"c78070b6-3228-4b3f-8d93-c543bc5f1e6c\" data-dt-img-description=\"\" data-large_image_width=\"1599\" data-large_image_height=\"899\"href='https:\/\/www.radiopiu.net\/wordpress\/wp-content\/uploads\/2022\/03\/c78070b6-3228-4b3f-8d93-c543bc5f1e6c.jpg'><img loading=\"lazy\" decoding=\"async\" width=\"150\" height=\"150\" src=\"https:\/\/www.radiopiu.net\/wordpress\/wp-content\/uploads\/2022\/03\/c78070b6-3228-4b3f-8d93-c543bc5f1e6c-150x150.jpg\" class=\"attachment-thumbnail size-thumbnail\" alt=\"\" \/><\/a>\n\t\t\t\t<\/dt><\/dl><br style=\"clear: both\" \/>\n\t\t\t<\/div>\n\n<blockquote>\n<h3><\/h3>\n<\/blockquote>\n<hr \/>\n<h3><\/h3>\n<blockquote>\n<h3>DILLO A RADIO PIU&#8230; da Cristina De Biasio<\/h3>\n<\/blockquote>\n<p><strong>CENCENIGHE\u00a0<\/strong> Ho letto l\u2019articolo, basta guardare lungo i torrenti e le scarpate per non parlare<br \/>\ndelle deiezioni animali. Grazie all&#8217;assessore Marilisa Luchetta.\u00a0 Spero che anche nel Comune di Cencenighe si faccia qualcosa perch\u00e9 ci sono i cestini, c\u2019\u00e8 la raccolta differenziata che funziona, c\u2019\u00e8 la gente civile,\u00a0 ma tanti sono gli incivili.\u00a0 Ci sono i volontari che puliscono,\u00a0 ma se non basta forse bisogna passare alle sanzioni.\u00a0 Qualche telecamera\u00a0 potrebbe aiutare per stanare l\u2019incivile Per esempio c\u2019\u00e8 un&#8217;auto da anni davanti a una casa, io ci passo spesso e col tempo \u00e8 stata vandalizzata, possibile che tutto ci\u00f2 sia ammesso ed ammissibile?<\/p>\n<p>&nbsp;<\/p>\n<p>&nbsp;<\/p>\n<hr \/>\n<p>&nbsp;<\/p>\n<p>&nbsp;<\/p>\n<p><strong><img loading=\"lazy\" decoding=\"async\" class=\"alignleft\" src=\"https:\/\/www.radiopiu.net\/wordpress\/wp-content\/uploads\/2022\/03\/1cfe155e-6dce-4f7a-af89-104704da4b53.jpg\" width=\"273\" height=\"154\" \/><\/strong><\/p>\n<p>&nbsp;<\/p>\n<p>&nbsp;<\/p>\n<p>&nbsp;<\/p>\n<p>&nbsp;<\/p>\n<p>&nbsp;<\/p>\n<p>&nbsp;<\/p>\n<p><strong>di\u00a0 MORENO GIOLI<\/strong><\/p>\n<audio class=\"wp-audio-shortcode\" id=\"audio-267318-3\" preload=\"none\" style=\"width: 100%;\" controls=\"controls\"><source type=\"audio\/mpeg\" src=\"https:\/\/www.radiopiu.net\/wordpress\/wp-content\/uploads\/2022\/03\/moreno-ucraina.mp3?_=3\" \/><a href=\"https:\/\/www.radiopiu.net\/wordpress\/wp-content\/uploads\/2022\/03\/moreno-ucraina.mp3\">https:\/\/www.radiopiu.net\/wordpress\/wp-content\/uploads\/2022\/03\/moreno-ucraina.mp3<\/a><\/audio>\n<p><strong>\u00a0<\/strong><\/p>\n<p>&nbsp;<\/p>\n<p><strong>Gianluca Corsetti,\u00a0 direttore Comitato D&#8217;Intesa\u00a0<\/strong><\/p>\n<audio class=\"wp-audio-shortcode\" id=\"audio-267318-4\" preload=\"none\" style=\"width: 100%;\" controls=\"controls\"><source type=\"audio\/mpeg\" src=\"https:\/\/www.radiopiu.net\/wordpress\/wp-content\/uploads\/2022\/03\/gianluca-corsetti-direttore-comitato-intesa.mp3?_=4\" \/><a href=\"https:\/\/www.radiopiu.net\/wordpress\/wp-content\/uploads\/2022\/03\/gianluca-corsetti-direttore-comitato-intesa.mp3\">https:\/\/www.radiopiu.net\/wordpress\/wp-content\/uploads\/2022\/03\/gianluca-corsetti-direttore-comitato-intesa.mp3<\/a><\/audio>\n<p>&nbsp;<\/p>\n<p><strong> Ivanna Petryna,\u00a0 associazione Ucraina + per\u00a0 l&#8217;accoglienza profughi<\/strong><\/p>\n<audio class=\"wp-audio-shortcode\" id=\"audio-267318-5\" preload=\"none\" style=\"width: 100%;\" controls=\"controls\"><source type=\"audio\/mpeg\" src=\"https:\/\/www.radiopiu.net\/wordpress\/wp-content\/uploads\/2022\/03\/ivana-petrina.mp3?_=5\" \/><a href=\"https:\/\/www.radiopiu.net\/wordpress\/wp-content\/uploads\/2022\/03\/ivana-petrina.mp3\">https:\/\/www.radiopiu.net\/wordpress\/wp-content\/uploads\/2022\/03\/ivana-petrina.mp3<\/a><\/audio>\n<p>&nbsp;<\/p>\n<hr \/>\n<p>&nbsp;<\/p>\n<blockquote>\n<h3>IL CANTIERE DELLA PROVVIDENZA AFFIDA I BACHI DA SETA ALLE PROFUGHE DELL&#8217;UCRAINA<\/h3>\n<\/blockquote>\n<p><strong><a class=\"dt-pswp-item\" href=\"https:\/\/www.radiopiu.net\/wordpress\/wp-content\/uploads\/2022\/03\/TizianaMartire.jpg\" data-dt-img-description=\"\" data-large_image_width=\"381\" data-large_image_height=\"312\"><img loading=\"lazy\" decoding=\"async\" class=\"size-thumbnail wp-image-267586 alignleft\" src=\"https:\/\/www.radiopiu.net\/wordpress\/wp-content\/uploads\/2022\/03\/TizianaMartire-150x150.jpg\" alt=\"\" width=\"150\" height=\"150\" \/><\/a>BELLUNO<\/strong>\u00a0 L\u2019accoglienza \u00e8 gi\u00e0 molto, ma si pu\u00f2 fare di pi\u00f9 per i profughi che giungono in provincia di Belluno dall\u2019Ucraina, soprattutto donne con bambini. Si pu\u00f2 offrire loro un lavoro e con il lavoro il senso di dignit\u00e0. Ne \u00e8 convinta Tiziana Martire (foto), presidente del Cantiere della Provvidenza di Belluno: <em>\u00abIl Cantiere da sempre utilizza il lavoro quale elemento di valorizzazione delle persone e dei talenti che esse esprimono\u00bb.<\/em> Da qui nasce l\u2019idea del Progetto Ucraina. Il Cantiere della Provvidenza \u00e8 pronto a impiegare persone provenienti dai territori del conflitto nell\u2019allevamento di bachi da seta le donne da sempre si sono rivelate pi\u00f9 idonee perch\u00e9 sono dotate di maggiore senso pratico, di manualit\u00e0, pazienza, disponibilit\u00e0, duttilit\u00e0. L\u2019eventuale presenza di bambini non condiziona il lavoro, perch\u00e9 il luogo e il ritmo dell\u2019attivit\u00e0 permettono alle mamme di operare vicine ai loro figli. Le attivit\u00e0 di gelsibachicoltura si svolgono nel contesto di Villa Zuppani, a Pasa di Sedico.<\/p>\n\n\t\t\t<style type='text\/css'>\n\t\t\t\t#gallery-4 {\n\t\t\t\t\tmargin: auto;\n\t\t\t\t}\n\t\t\t\t#gallery-4 .gallery-item {\n\t\t\t\t\tfloat: left;\n\t\t\t\t\tmargin-top: 10px;\n\t\t\t\t\ttext-align: center;\n\t\t\t\t\twidth: 33%;\n\t\t\t\t}\n\t\t\t\t#gallery-4 img {\n\t\t\t\t\tborder: 2px solid #cfcfcf;\n\t\t\t\t}\n\t\t\t\t#gallery-4 .gallery-caption {\n\t\t\t\t\tmargin-left: 0;\n\t\t\t\t}\n\t\t\t\t\/* see gallery_shortcode() in wp-includes\/media.php *\/\n\t\t\t<\/style>\n\t\t<div id='gallery-4' class='dt-gallery-container gallery galleryid-267318 gallery-columns-3 gallery-size-thumbnail'><dl class='gallery-item'>\n\t\t\t\t<dt class='gallery-icon landscape'>\n\t\t\t\t\t<a class=\"rollover rollover-zoom dt-pswp-item\" title=\"VillaZuppani\" data-dt-img-description=\"\" data-large_image_width=\"1600\" data-large_image_height=\"1066\"href='https:\/\/www.radiopiu.net\/wordpress\/wp-content\/uploads\/2022\/03\/VillaZuppani.jpg'><img loading=\"lazy\" decoding=\"async\" width=\"150\" height=\"150\" src=\"https:\/\/www.radiopiu.net\/wordpress\/wp-content\/uploads\/2022\/03\/VillaZuppani-150x150.jpg\" class=\"attachment-thumbnail size-thumbnail\" alt=\"\" \/><\/a>\n\t\t\t\t<\/dt><\/dl><dl class='gallery-item'>\n\t\t\t\t<dt class='gallery-icon portrait'>\n\t\t\t\t\t<a class=\"rollover rollover-zoom dt-pswp-item\" title=\"Baco-da-seta_VillaZuppani\" data-dt-img-description=\"\" data-large_image_width=\"1200\" data-large_image_height=\"1600\"href='https:\/\/www.radiopiu.net\/wordpress\/wp-content\/uploads\/2022\/03\/Baco-da-seta_VillaZuppani.jpeg'><img loading=\"lazy\" decoding=\"async\" width=\"150\" height=\"150\" src=\"https:\/\/www.radiopiu.net\/wordpress\/wp-content\/uploads\/2022\/03\/Baco-da-seta_VillaZuppani-150x150.jpeg\" class=\"attachment-thumbnail size-thumbnail\" alt=\"\" \/><\/a>\n\t\t\t\t<\/dt><\/dl><dl class='gallery-item'>\n\t\t\t\t<dt class='gallery-icon portrait'>\n\t\t\t\t\t<a class=\"rollover rollover-zoom dt-pswp-item\" title=\"Baco-da-seta_VillaZuppani0\" data-dt-img-description=\"\" data-large_image_width=\"1200\" data-large_image_height=\"1600\"href='https:\/\/www.radiopiu.net\/wordpress\/wp-content\/uploads\/2022\/03\/Baco-da-seta_VillaZuppani0.jpeg'><img loading=\"lazy\" decoding=\"async\" width=\"150\" height=\"150\" src=\"https:\/\/www.radiopiu.net\/wordpress\/wp-content\/uploads\/2022\/03\/Baco-da-seta_VillaZuppani0-150x150.jpeg\" class=\"attachment-thumbnail size-thumbnail\" alt=\"\" \/><\/a>\n\t\t\t\t<\/dt><\/dl><br style=\"clear: both\" \/>\n\t\t\t<\/div>\n\n<p>&nbsp;<\/p>\n<blockquote>\n<h3>CON IL TEATRO: SEDICO PER L&#8217;UCRAINA<\/h3>\n<\/blockquote>\n<p>&nbsp;<\/p>\n<p><img loading=\"lazy\" decoding=\"async\" class=\"alignleft\" src=\"https:\/\/www.radiopiu.net\/wordpress\/wp-content\/uploads\/2022\/02\/Piazza_della_Poesia_Ucraina.jpg\" width=\"148\" height=\"111\" \/><strong>AUDIO<\/strong><\/p>\n<p><strong>DI DAMIANO TORMEN<\/strong><\/p>\n<p>&nbsp;<\/p>\n<audio class=\"wp-audio-shortcode\" id=\"audio-267318-6\" preload=\"none\" style=\"width: 100%;\" controls=\"controls\"><source type=\"audio\/mpeg\" src=\"https:\/\/www.radiopiu.net\/wordpress\/wp-content\/uploads\/2022\/03\/damiano-4.mp3?_=6\" \/><a href=\"https:\/\/www.radiopiu.net\/wordpress\/wp-content\/uploads\/2022\/03\/damiano-4.mp3\">https:\/\/www.radiopiu.net\/wordpress\/wp-content\/uploads\/2022\/03\/damiano-4.mp3<\/a><\/audio>\n<p>&nbsp;<\/p>\n<hr \/>\n<p>&nbsp;<\/p>\n<blockquote>\n<h3>TARI, LE NUOVE TARIFFE DI BELLUNUM-SCONTI MA NON PER TUTTI<\/h3>\n<\/blockquote>\n<p><strong><img loading=\"lazy\" decoding=\"async\" class=\"alignleft\" src=\"https:\/\/www.radiopiu.net\/wordpress\/wp-content\/uploads\/2022\/02\/Palazzo-rosso-illuminato-2-scaled.jpg\" width=\"171\" height=\"114\" \/>audio<\/strong><\/p>\n<p><strong>DI MORENO GIOLI<\/strong><\/p>\n<audio class=\"wp-audio-shortcode\" id=\"audio-267318-7\" preload=\"none\" style=\"width: 100%;\" controls=\"controls\"><source type=\"audio\/mpeg\" src=\"https:\/\/www.radiopiu.net\/wordpress\/wp-content\/uploads\/2022\/03\/moreno-consigio.mp3?_=7\" \/><a href=\"https:\/\/www.radiopiu.net\/wordpress\/wp-content\/uploads\/2022\/03\/moreno-consigio.mp3\">https:\/\/www.radiopiu.net\/wordpress\/wp-content\/uploads\/2022\/03\/moreno-consigio.mp3<\/a><\/audio>\n<p>&nbsp;<\/p>\n<p>&nbsp;<\/p>\n<hr \/>\n<p>&nbsp;<\/p>\n<blockquote>\n<h3>BLACKFIN, ORGOGLIO AGORDINO<\/h3>\n<\/blockquote>\n<blockquote>\n<h3>SPOTTED! Sean Penn in Blackfin<\/h3>\n<p><em>L&#8217;Attore\u00a0 a Cracovia con un paio di occhiali da sole Blackfin modello Ventura usciti dallo stabimento di Nogarola a Taibon Agordino.<\/em><\/p><\/blockquote>\n<h3><a class=\"dt-pswp-item\" href=\"https:\/\/www.radiopiu.net\/wordpress\/wp-content\/uploads\/2022\/03\/seanpenn169_email.jpg\" data-dt-img-description=\"\" data-large_image_width=\"1920\" data-large_image_height=\"1080\"><img loading=\"lazy\" decoding=\"async\" class=\"alignleft wp-image-267631 \" src=\"https:\/\/www.radiopiu.net\/wordpress\/wp-content\/uploads\/2022\/03\/seanpenn169_email-300x169.jpg\" alt=\"\" width=\"231\" height=\"130\" srcset=\"https:\/\/www.radiopiu.net\/wordpress\/wp-content\/uploads\/2022\/03\/seanpenn169_email-300x169.jpg 300w, https:\/\/www.radiopiu.net\/wordpress\/wp-content\/uploads\/2022\/03\/seanpenn169_email-1024x576.jpg 1024w, https:\/\/www.radiopiu.net\/wordpress\/wp-content\/uploads\/2022\/03\/seanpenn169_email-768x432.jpg 768w, https:\/\/www.radiopiu.net\/wordpress\/wp-content\/uploads\/2022\/03\/seanpenn169_email-1536x864.jpg 1536w, https:\/\/www.radiopiu.net\/wordpress\/wp-content\/uploads\/2022\/03\/seanpenn169_email.jpg 1920w\" sizes=\"auto, (max-width: 231px) 100vw, 231px\" \/><\/a><\/h3>\n<p>Sean Penn torna in Polonia per aiutare i rifugiati ucraini. Il celebre attore americano, che proprio a fine febbraio era fuggito dall\u2019Ucraina, dove si trovava per girare un documentario, attraversando a piedi il confine polacco, ha mantenuto la promessa di attivarsi tempestivamente a favore della popolazione colpita dalla guerra. Nel corso di una conferenza stampa, Sean Penn ha firmato un accordo con il sindaco di Cracovia Jacek Majchrowskie, attraverso l\u2019operato della sua fondazione no profit <strong>CORE<\/strong> (Community Organized Relief Effort), fornir\u00e0 aiuti di prima necessit\u00e0 ai profughi ucraini che giungono in Polonia.<\/p>\n<p>&nbsp;<\/p>\n<hr \/>\n<p>&nbsp;<\/p>\n<blockquote class=\"wp-embedded-content\" data-secret=\"XuhCJBjh3P\"><p><a href=\"https:\/\/www.radiopiu.net\/wordpress\/ag01marzo2228\/\">CORONAVIRUS: AGGIORNAMENTO NAZIONALE 28 MARZO 2022<\/a><\/p><\/blockquote>\n<p><iframe loading=\"lazy\" class=\"wp-embedded-content\" sandbox=\"allow-scripts\" security=\"restricted\" style=\"position: absolute; clip: rect(1px, 1px, 1px, 1px);\" title=\"&#8220;CORONAVIRUS: AGGIORNAMENTO NAZIONALE 28 MARZO 2022&#8221; &#8212; Radio Pi\u00f9\" src=\"https:\/\/www.radiopiu.net\/wordpress\/ag01marzo2228\/embed\/#?secret=Gg6zFy9K08#?secret=XuhCJBjh3P\" data-secret=\"XuhCJBjh3P\" width=\"600\" height=\"338\" frameborder=\"0\" marginwidth=\"0\" marginheight=\"0\" scrolling=\"no\"><\/iframe><\/p>\n<p>&nbsp;<\/p>\n<blockquote class=\"wp-embedded-content\" data-secret=\"OZxOuYx0bO\"><p><a href=\"https:\/\/www.radiopiu.net\/wordpress\/aggmarz28\/\">QUASI 2 MILA NUOVI POSITIVI IN VENETO NELLE ULTIME 24 ORE. RICOVERI IN LIEVE AUMENTO, 10 DECESSI<\/a><\/p><\/blockquote>\n<p><iframe loading=\"lazy\" class=\"wp-embedded-content\" sandbox=\"allow-scripts\" security=\"restricted\" style=\"position: absolute; clip: rect(1px, 1px, 1px, 1px);\" title=\"&#8220;QUASI 2 MILA NUOVI POSITIVI IN VENETO NELLE ULTIME 24 ORE. RICOVERI IN LIEVE AUMENTO, 10 DECESSI&#8221; &#8212; Radio Pi\u00f9\" src=\"https:\/\/www.radiopiu.net\/wordpress\/aggmarz28\/embed\/#?secret=MjbIcs1Faz#?secret=OZxOuYx0bO\" data-secret=\"OZxOuYx0bO\" width=\"600\" height=\"338\" frameborder=\"0\" marginwidth=\"0\" marginheight=\"0\" scrolling=\"no\"><\/iframe><\/p>\n<p>&nbsp;<\/p>\n<h2 dir=\"auto\">I GRAFICI DI TIZIANO DE COL<\/h2>\n\n\t\t\t<style type='text\/css'>\n\t\t\t\t#gallery-5 {\n\t\t\t\t\tmargin: auto;\n\t\t\t\t}\n\t\t\t\t#gallery-5 .gallery-item {\n\t\t\t\t\tfloat: left;\n\t\t\t\t\tmargin-top: 10px;\n\t\t\t\t\ttext-align: center;\n\t\t\t\t\twidth: 33%;\n\t\t\t\t}\n\t\t\t\t#gallery-5 img {\n\t\t\t\t\tborder: 2px solid #cfcfcf;\n\t\t\t\t}\n\t\t\t\t#gallery-5 .gallery-caption {\n\t\t\t\t\tmargin-left: 0;\n\t\t\t\t}\n\t\t\t\t\/* see gallery_shortcode() in wp-includes\/media.php *\/\n\t\t\t<\/style>\n\t\t<div id='gallery-5' class='dt-gallery-container gallery galleryid-267318 gallery-columns-3 gallery-size-thumbnail'><dl class='gallery-item'>\n\t\t\t\t<dt class='gallery-icon landscape'>\n\t\t\t\t\t<a class=\"rollover rollover-zoom dt-pswp-item\" title=\"01bcaedf-e1ae-4607-acc2-a5ef7f1cc0fa\" data-dt-img-description=\"\" data-large_image_width=\"615\" data-large_image_height=\"358\"href='https:\/\/www.radiopiu.net\/wordpress\/wp-content\/uploads\/2022\/03\/01bcaedf-e1ae-4607-acc2-a5ef7f1cc0fa.jpg'><img loading=\"lazy\" decoding=\"async\" width=\"150\" height=\"150\" src=\"https:\/\/www.radiopiu.net\/wordpress\/wp-content\/uploads\/2022\/03\/01bcaedf-e1ae-4607-acc2-a5ef7f1cc0fa-150x150.jpg\" class=\"attachment-thumbnail size-thumbnail\" alt=\"\" \/><\/a>\n\t\t\t\t<\/dt><\/dl><dl class='gallery-item'>\n\t\t\t\t<dt class='gallery-icon landscape'>\n\t\t\t\t\t<a class=\"rollover rollover-zoom dt-pswp-item\" title=\"c40ec480-b017-439f-b787-313859f98ee9\" data-dt-img-description=\"\" data-large_image_width=\"612\" data-large_image_height=\"361\"href='https:\/\/www.radiopiu.net\/wordpress\/wp-content\/uploads\/2022\/03\/c40ec480-b017-439f-b787-313859f98ee9.jpg'><img loading=\"lazy\" decoding=\"async\" width=\"150\" height=\"150\" src=\"https:\/\/www.radiopiu.net\/wordpress\/wp-content\/uploads\/2022\/03\/c40ec480-b017-439f-b787-313859f98ee9-150x150.jpg\" class=\"attachment-thumbnail size-thumbnail\" alt=\"\" \/><\/a>\n\t\t\t\t<\/dt><\/dl><dl class='gallery-item'>\n\t\t\t\t<dt class='gallery-icon landscape'>\n\t\t\t\t\t<a class=\"rollover rollover-zoom dt-pswp-item\" title=\"fc56ebd4-4243-4f77-874b-cf3fcc9d3e6e\" data-dt-img-description=\"\" data-large_image_width=\"604\" data-large_image_height=\"363\"href='https:\/\/www.radiopiu.net\/wordpress\/wp-content\/uploads\/2022\/03\/fc56ebd4-4243-4f77-874b-cf3fcc9d3e6e.jpg'><img loading=\"lazy\" decoding=\"async\" width=\"150\" height=\"150\" src=\"https:\/\/www.radiopiu.net\/wordpress\/wp-content\/uploads\/2022\/03\/fc56ebd4-4243-4f77-874b-cf3fcc9d3e6e-150x150.jpg\" class=\"attachment-thumbnail size-thumbnail\" alt=\"\" \/><\/a>\n\t\t\t\t<\/dt><\/dl><br style=\"clear: both\" \/><dl class='gallery-item'>\n\t\t\t\t<dt class='gallery-icon landscape'>\n\t\t\t\t\t<a class=\"rollover rollover-zoom dt-pswp-item\" title=\"d4e865bf-37bc-4c03-a142-d8e93ab8f3cc\" data-dt-img-description=\"\" data-large_image_width=\"602\" data-large_image_height=\"360\"href='https:\/\/www.radiopiu.net\/wordpress\/wp-content\/uploads\/2022\/03\/d4e865bf-37bc-4c03-a142-d8e93ab8f3cc.jpg'><img loading=\"lazy\" decoding=\"async\" width=\"150\" height=\"150\" src=\"https:\/\/www.radiopiu.net\/wordpress\/wp-content\/uploads\/2022\/03\/d4e865bf-37bc-4c03-a142-d8e93ab8f3cc-150x150.jpg\" class=\"attachment-thumbnail size-thumbnail\" alt=\"\" \/><\/a>\n\t\t\t\t<\/dt><\/dl><dl class='gallery-item'>\n\t\t\t\t<dt class='gallery-icon landscape'>\n\t\t\t\t\t<a class=\"rollover rollover-zoom dt-pswp-item\" title=\"804833cb-7850-4d1e-94c7-9b4bfdf11f0e\" data-dt-img-description=\"\" data-large_image_width=\"622\" data-large_image_height=\"371\"href='https:\/\/www.radiopiu.net\/wordpress\/wp-content\/uploads\/2022\/03\/804833cb-7850-4d1e-94c7-9b4bfdf11f0e.jpg'><img loading=\"lazy\" decoding=\"async\" width=\"150\" height=\"150\" src=\"https:\/\/www.radiopiu.net\/wordpress\/wp-content\/uploads\/2022\/03\/804833cb-7850-4d1e-94c7-9b4bfdf11f0e-150x150.jpg\" class=\"attachment-thumbnail size-thumbnail\" alt=\"\" \/><\/a>\n\t\t\t\t<\/dt><\/dl><dl class='gallery-item'>\n\t\t\t\t<dt class='gallery-icon landscape'>\n\t\t\t\t\t<a class=\"rollover rollover-zoom dt-pswp-item\" title=\"3e2c80e7-a59d-4654-868f-cfd717976f75\" data-dt-img-description=\"\" data-large_image_width=\"608\" data-large_image_height=\"354\"href='https:\/\/www.radiopiu.net\/wordpress\/wp-content\/uploads\/2022\/03\/3e2c80e7-a59d-4654-868f-cfd717976f75.jpg'><img loading=\"lazy\" decoding=\"async\" width=\"150\" height=\"150\" src=\"https:\/\/www.radiopiu.net\/wordpress\/wp-content\/uploads\/2022\/03\/3e2c80e7-a59d-4654-868f-cfd717976f75-150x150.jpg\" class=\"attachment-thumbnail size-thumbnail\" alt=\"\" \/><\/a>\n\t\t\t\t<\/dt><\/dl><br style=\"clear: both\" \/>\n\t\t\t<\/div>\n\n<p>&nbsp;<\/p>\n<hr \/>\n<p>&nbsp;<\/p>\n<blockquote>\n<h3>I RITARDI DEL BOSTRICO? GLI ESPERTI DELLE VALANGHE HANNO SCONSIGLIATO DI RIMUOVERE LE PIANTE<\/h3>\n<\/blockquote>\n<p><strong><img loading=\"lazy\" decoding=\"async\" class=\"alignleft\" src=\"https:\/\/www.radiopiu.net\/wordpress\/wp-content\/uploads\/2021\/10\/BOSTRICO.jpg\" width=\"268\" height=\"201\" \/>LONGARONE<\/strong>\u00a0 Di bostrico se ne \u00e8 parlato a LongaroneFiere nell&#8217;ambito deflla 41^ Agrimont, edizione di sucesso.\u00a0 E&#8217; andato infatti ijn scena il l convegno organizzato dall\u2019Ordine dei Dottori Agronomi e Forestali di Belluno, coordinato dal dott. for. Orazio Andrich, dal titolo \u201cBostrico: a che punto siamo?\u201d. E&#8217; intervenuto l\u2019Assessore Bottacin, che ha evidenziato come per Vaia la <em>\u201cRegione del Veneto abbia investito oltre 10 milioni di euro, sia come finanziamenti ai soggetti privati e pubblici per rimuovere gli alberi schiantati, sia con interventi diretti dei Servizi forestali regionali. Il problema \u00e8 che la storia dice che quando accadono questi eventi inevitabilmente poi c\u2019\u00e8 il fenomeno del bostrico, che \u00e8 non sempre arginabile, perch\u00e9 si riscontrano dei problemi di oggettiva difficolt\u00e0 nel rimuovere gli alberi in alcune realt\u00e0. Basti pensare per esempio che gli esperti di valanghe ci hanno sconsigliato vivamente di rimuovere subito gli alberi abbattuti, perch\u00e9 fungono da paravalanghe naturali. Quindi non potevamo certo esporre la popolazione a questo tipo di rischi e gli albero sono rimasti a terra fintanto che non sono stati appaltati i lavori dei nuovi paravalanghe. Un luogo dove il bostrico riesce ad entrare in maniera assolutamente aggressiva e poi ad espandersi. Quindi il problema c\u2019\u00e8, lo conosciamo. Abbiamo tentato in tutti i modi di arginarlo, e ci siamo riusciti solo parzialmente. Comunque continueremo in questa direzione\u201d.<\/em><\/p>\n<p><iframe loading=\"lazy\" title=\"Bostrico: a che punto siamo? con l&#039;Assessore Gianpaolo Bottacin\" width=\"1200\" height=\"675\" src=\"https:\/\/www.youtube.com\/embed\/IwglO8toiQk?feature=oembed\" frameborder=\"0\" allow=\"accelerometer; autoplay; clipboard-write; encrypted-media; gyroscope; picture-in-picture\" allowfullscreen><\/iframe><\/p>\n<p><strong>Il prof. Massimo Faccoli,<\/strong> docente di zoologia forestale all\u2019Universit\u00e0 di Padova, \u00e8 intervenuto su \u201cCambiamenti climatici, peccete montane e bostrico tipografo: nuove emergenze fitosanitarie, strategie di contenimento e prospettive future\u201d. Il bostrico viene definito come un parassita di debolezze, in condizioni sfavorevoli al bosco, ad esempio eventi eccezionali come ondate di calore, tempeste, siccit\u00e0 e defogliazioni, ed eventi graduali lenti ma progressivi come il cambiamento climatico e l\u2019invecchiamento dei soprassuoli. Improvvise si innescano infestazioni che possono interessare anche piante sane. Queste sono tutte condizioni in cui il bostrico pu\u00f2 infestare e riprodursi liberamente, basti pensare ai danni che possono essere causati dal cambiamento climatico a piante come l\u2019Abete Rosso, amanti del freddo. Il futuro viene descritto in modo negativo: si prospettano nuove infestazioni in quanto il bostrico \u00e8 un insetto favorito dalle temperature in continuo rialzo, senza contare il problema del conseguente aumento del fabbisogno idrico delle piante, le quali, in questo modo, si ritrovano pi\u00f9 deboli e quindi pi\u00f9 suscettibili all\u2019insetto.<\/p>\n<p><a class=\"dt-pswp-item\" href=\"https:\/\/www.radiopiu.net\/wordpress\/wp-content\/uploads\/2022\/03\/Monitoraggio-con-remote-sensing-Massimo-Faccoli.png\" data-dt-img-description=\"\" data-large_image_width=\"902\" data-large_image_height=\"681\"><img loading=\"lazy\" decoding=\"async\" class=\"alignnone wp-image-267580 size-full\" src=\"https:\/\/www.radiopiu.net\/wordpress\/wp-content\/uploads\/2022\/03\/Monitoraggio-con-remote-sensing-Massimo-Faccoli.png\" alt=\"\" width=\"902\" height=\"681\" srcset=\"https:\/\/www.radiopiu.net\/wordpress\/wp-content\/uploads\/2022\/03\/Monitoraggio-con-remote-sensing-Massimo-Faccoli.png 902w, https:\/\/www.radiopiu.net\/wordpress\/wp-content\/uploads\/2022\/03\/Monitoraggio-con-remote-sensing-Massimo-Faccoli-300x226.png 300w, https:\/\/www.radiopiu.net\/wordpress\/wp-content\/uploads\/2022\/03\/Monitoraggio-con-remote-sensing-Massimo-Faccoli-768x580.png 768w\" sizes=\"auto, (max-width: 902px) 100vw, 902px\" \/><\/a><\/p>\n<p><strong>Il dottor\u00a0 Luca Canzan\u00a0<\/strong> ha evidenziato come \u201cil Bostrico, oltre all\u2019innesco provocato dagli schianti della tempesta Vaia, \u00e8 stato fortemente incentivato dalla frammentazione della propriet\u00e0 privata e dallo stato di abbandono generale, nonch\u00e9 dalla mancanza di norme che tutelino il lavoro dei Sindaci e dei Soggetti Attuatori\u201d. A prova di ci\u00f2 Canzan cita e spiega la Legge di Bilancio e Previsione n\u00b0 234\/2021. Proseguendo con delle considerazioni sull\u2019esperienza diretta, arriva alla conclusione che non bastano linee guida e procedure autorizzative semplificate ed accelerate, ma occorre una pianificazione dall\u2019alto degli interventi, sia di realizzazione delle strade silvo-pastorali che di recupero delle piante schiantate-bostricate.<\/p>\n<p><strong>Federico Correale Santacroce di Veneto Agricoltura<\/strong>\u00a0 si \u00e8 focalizzato su due realt\u00e0: gli interventi nelle FDR di Pian Cansiglio (BL) e di Giazza (VR). In Pian Cansiglio la tempesta Vaia ha interessato buona parte della foresta con diversa gradazione di danno. L\u2019infestazione si \u00e8 palesata su piccoli nuclei e le piante colpite sono state abbattute e allontanate a cura delle stesse imprese gi\u00e0 operanti sui lotti Vaia. A Giazza si sta applicando invece il metodo Push and Pull: vengono monitorate due aree in cui sono state inserite delle trappole a feromoni e a fine stagione dei repellenti. Durante le visite di controllo i valori sono al di sotto delle soglie usualmente considerate. \u201c\u00c9, comunque, difficile trarre conclusioni sull\u2019efficacia relativa del metodo push and pull impiegato, discriminando l\u2019effetto dai fattori naturali che insistono sulla dinamica della popolazione di Ips tipographus\u201d.<\/p>\n<p>&nbsp;<\/p>\n<hr \/>\n<blockquote>\n<h3 class=\"p1\"><span class=\"s1\">\u00a0<\/span><\/h3>\n<h3 class=\"p1\"><span class=\"s1\">CHIES D\u2019ALPAGO, CONCLUSI I LAVORI DI MESSA IN SICUREZZA A PALUGHETTO<\/span><\/h3>\n<\/blockquote>\n<p class=\"p1\"><span class=\"s1\"><strong>CHIES D&#8217;ALPAGO <\/strong>Si \u00e8 chiuso\u00a0 il cantiere a Palughetto. La Provincia ha terminato anche i lavori aggiuntivi nella zona del dissesto provocato dall\u2019alluvione del dicembre 2020. Ora l\u2019abitato \u00e8 al sicuro da colate di fango e detriti. <\/span><span class=\"s1\">Il problema si era verificato gi\u00e0 durante i giorni di Vaia, con una frana che aveva interessato tutto il versante a monte della frazione. <\/span><span class=\"s1\">La Provincia \u00e8 intervenuta con opere di somma urgenza e con un cantiere piuttosto complesso, avviato a maggio 2021, lavori per un valore di 300mila euro con fondi provinciali. <\/span><span class=\"s1\">Negli ultimi mesi, i tecnici della Provincia hanno messo in atto anche alcuni lavori aggiuntivi, per circa 50mila euro. <\/span><\/p>\n\n\t\t\t<style type='text\/css'>\n\t\t\t\t#gallery-6 {\n\t\t\t\t\tmargin: auto;\n\t\t\t\t}\n\t\t\t\t#gallery-6 .gallery-item {\n\t\t\t\t\tfloat: left;\n\t\t\t\t\tmargin-top: 10px;\n\t\t\t\t\ttext-align: center;\n\t\t\t\t\twidth: 50%;\n\t\t\t\t}\n\t\t\t\t#gallery-6 img {\n\t\t\t\t\tborder: 2px solid #cfcfcf;\n\t\t\t\t}\n\t\t\t\t#gallery-6 .gallery-caption {\n\t\t\t\t\tmargin-left: 0;\n\t\t\t\t}\n\t\t\t\t\/* see gallery_shortcode() in wp-includes\/media.php *\/\n\t\t\t<\/style>\n\t\t<div id='gallery-6' class='dt-gallery-container gallery galleryid-267318 gallery-columns-2 gallery-size-thumbnail'><dl class='gallery-item'>\n\t\t\t\t<dt class='gallery-icon portrait'>\n\t\t\t\t\t<a class=\"rollover rollover-zoom dt-pswp-item\" title=\"Palughetto strada\" data-dt-img-description=\"\" data-large_image_width=\"1200\" data-large_image_height=\"1600\"href='https:\/\/www.radiopiu.net\/wordpress\/wp-content\/uploads\/2022\/03\/Palughetto-strada.jpg'><img loading=\"lazy\" decoding=\"async\" width=\"150\" height=\"150\" src=\"https:\/\/www.radiopiu.net\/wordpress\/wp-content\/uploads\/2022\/03\/Palughetto-strada-150x150.jpg\" class=\"attachment-thumbnail size-thumbnail\" alt=\"\" \/><\/a>\n\t\t\t\t<\/dt><\/dl><dl class='gallery-item'>\n\t\t\t\t<dt class='gallery-icon portrait'>\n\t\t\t\t\t<a class=\"rollover rollover-zoom dt-pswp-item\" title=\"Palughetto\" data-dt-img-description=\"\" data-large_image_width=\"1200\" data-large_image_height=\"1600\"href='https:\/\/www.radiopiu.net\/wordpress\/wp-content\/uploads\/2022\/03\/Palughetto.jpg'><img loading=\"lazy\" decoding=\"async\" width=\"150\" height=\"150\" src=\"https:\/\/www.radiopiu.net\/wordpress\/wp-content\/uploads\/2022\/03\/Palughetto-150x150.jpg\" class=\"attachment-thumbnail size-thumbnail\" alt=\"\" \/><\/a>\n\t\t\t\t<\/dt><\/dl><br style=\"clear: both\" \/>\n\t\t\t<\/div>\n\n<p>&nbsp;<\/p>\n<hr \/>\n<p>&nbsp;<\/p>\n<blockquote>\n<h3>NOMINATO IL NUOVO PRIMARIO DI PSICHIATRIA DI FELTRE<\/h3>\n<\/blockquote>\n<p><strong><a class=\"dt-pswp-item\" href=\"https:\/\/www.radiopiu.net\/wordpress\/wp-content\/uploads\/2022\/03\/brega.jpeg\" data-dt-img-description=\"\" data-large_image_width=\"968\" data-large_image_height=\"1205\"><img loading=\"lazy\" decoding=\"async\" class=\"wp-image-267527 size-medium alignleft\" src=\"https:\/\/www.radiopiu.net\/wordpress\/wp-content\/uploads\/2022\/03\/brega-241x300.jpeg\" alt=\"\" width=\"241\" height=\"300\" srcset=\"https:\/\/www.radiopiu.net\/wordpress\/wp-content\/uploads\/2022\/03\/brega-241x300.jpeg 241w, https:\/\/www.radiopiu.net\/wordpress\/wp-content\/uploads\/2022\/03\/brega-823x1024.jpeg 823w, https:\/\/www.radiopiu.net\/wordpress\/wp-content\/uploads\/2022\/03\/brega-768x956.jpeg 768w, https:\/\/www.radiopiu.net\/wordpress\/wp-content\/uploads\/2022\/03\/brega.jpeg 968w\" sizes=\"auto, (max-width: 241px) 100vw, 241px\" \/><\/a>FELTRE<\/strong> Angelo Brega \u00e8 il nuovo direttore della Psichiatria di Feltre. Angelo Brega, classe 1966, nato a Pavia e residente a Oderzo, si \u00e8 laureato in Medicina e chirurgia all\u2019universit\u00e0 di Pavia. Si \u00e8 poi specializzato in psicologia clinica all\u2019Universit\u00e0 di Milano. Nel 1992 ha conseguito anche l\u2019attestato di idoneit\u00e0 all\u2019applicazione delle tecniche di psicoterapia autogena. Attualmente presta servizio nell\u2019ulss Marca Trevigiana, \u00a0ha all\u2019attivo un&#8217;importante attivit\u00e0 soprattutto nell\u2019ambito delle strutture riabilitative residenziali e nello sviluppo di diversi progetti per la promozione di attivit\u00e0 riabilitative in particolare legate all\u2019attivit\u00e0 fisica. Si \u00e8 occupato, infatti, di \u201cmontagna terapia\u201d promuovendo diversi percorsi terapeutici riabilitativi educativi o preventivi nella natura, dedicati alle persone fragili. Tra la sua produzione scientifica, inoltre, del potenziale terapeutico dell\u2019arrampicata sportiva e di \u201cpotenziamento cognitivo e montagna terapia\u201d.<\/p>\n<blockquote><p><em>\u00abUn benvenuto al nuovo direttore della Psichiatria di Feltre, certa che sapr\u00e0 fare squadra e mettere a frutto le sue precedenti esperienze in questo territorio\u00bb, commenta il Direttore Generale Maria Grazia Carraro, \u00ab Colgo l\u2019occasione per ringraziare il facente funzione che sta traghettando il reparto in questo periodo non facile\u00bb.<\/em><\/p><\/blockquote>\n<p>&nbsp;<\/p>\n<hr \/>\n<p>&nbsp;<\/p>\n<blockquote>\n<h3>CISL SCUOLA BELLUNO TREVISO: LA SEGRETARIA GENERALE LORELLA BENVEGN\u00d9 ELETTA NEL CONSIGLIO NAZIONALE<\/h3>\n<\/blockquote>\n<p><strong><a class=\"dt-pswp-item\" href=\"https:\/\/www.radiopiu.net\/wordpress\/wp-content\/uploads\/2022\/03\/Lorella-Benvegnu\u0300-Consiglio.jpeg\" data-dt-img-description=\"\" data-large_image_width=\"1600\" data-large_image_height=\"1200\"><img loading=\"lazy\" decoding=\"async\" class=\"size-thumbnail wp-image-267445 alignleft\" src=\"https:\/\/www.radiopiu.net\/wordpress\/wp-content\/uploads\/2022\/03\/Lorella-Benvegnu\u0300-Consiglio-150x150.jpeg\" alt=\"\" width=\"150\" height=\"150\" \/><\/a>BELLUNO\/TREVISO <\/strong>Lorella Benvegn\u00f9, segretaria generale della Cisl Scuola Belluno Treviso e componente della segreteria regionale della Cisl Scuola del Veneto, \u00e8 stata eletta nel Consiglio nazionale della categoria. L\u2019elezione \u00e8 avvenuta lo scorso 18 marzo a Roma nell\u2019ambito del Congresso che ha rinnovato tutti gli incarichi dirigenziali e che ha visto l\u2019elezione di ben 7 rappresentanti del Veneto su un centinaio provenienti da tutta Italia.\u00a0 Benvegn\u00f9 \u00e8 entrata nel mondo della scuola nel 1986 come docente di scuola secondaria.\u00a0 \u201c<em>Sono onorata di far parte di questo organismo &#8211; commenta Benvegn\u00f9 -. Far\u00f2 del mio meglio per rappresentare le istanze dei lavoratori della scuola trevigiana e bellunese in un momento particolarmente importante<\/em>\u201d.<\/p>\n<p>&nbsp;<\/p>\n<p>&nbsp;<\/p>\n<hr \/>\n<p>&nbsp;<\/p>\n<blockquote>\n<h2>IMPIANTI VALFIORENTINA &#8220;L&#8217;ECO DEL SILENZIO&#8221;<\/h2>\n<\/blockquote>\n<p><a class=\"dt-pswp-item\" href=\"https:\/\/www.radiopiu.net\/wordpress\/wp-content\/uploads\/2022\/03\/254026600_962124181039693_1306450083412456774_n.png\" data-dt-img-description=\"\" data-large_image_width=\"390\" data-large_image_height=\"300\"><img loading=\"lazy\" decoding=\"async\" class=\"size-thumbnail wp-image-267555 alignleft\" src=\"https:\/\/www.radiopiu.net\/wordpress\/wp-content\/uploads\/2022\/03\/254026600_962124181039693_1306450083412456774_n-150x150.png\" alt=\"\" width=\"150\" height=\"150\" \/><\/a><strong>SELVA DI CADORE<\/strong> &#8220;Insieme per Selva&#8221;, gruppo di minoranza nel consiglio comunale chiede chiarimenti a distanza di alcuni mesi dall&#8217;assemblea annuale della Impianti Valfiorentina. Gi\u00e0 nei consigli comunali prima e dopo la riunione s&#8217;era levata con forza in consiglio comunale la richiesta che il Comune di Selva potesse ricevere un report trimestrale sui conti\u00a0 per\u00a0 monitorare l\u2019andamento in un momento di difficolt\u00e0 per tutto il comparto degli impianti a fune<em> &#8220;A <a class=\"dt-pswp-item\" href=\"https:\/\/www.radiopiu.net\/wordpress\/wp-content\/uploads\/2022\/03\/251662426_959577344627710_6164325192431188896_n.jpg\" data-dt-img-description=\"\" data-large_image_width=\"206\" data-large_image_height=\"206\"><img loading=\"lazy\" decoding=\"async\" class=\"size-thumbnail wp-image-267553 alignright\" src=\"https:\/\/www.radiopiu.net\/wordpress\/wp-content\/uploads\/2022\/03\/251662426_959577344627710_6164325192431188896_n-150x150.jpg\" alt=\"\" width=\"150\" height=\"150\" srcset=\"https:\/\/www.radiopiu.net\/wordpress\/wp-content\/uploads\/2022\/03\/251662426_959577344627710_6164325192431188896_n-150x150.jpg 150w, https:\/\/www.radiopiu.net\/wordpress\/wp-content\/uploads\/2022\/03\/251662426_959577344627710_6164325192431188896_n.jpg 206w\" sizes=\"auto, (max-width: 150px) 100vw, 150px\" \/><\/a>distanza di oltre 3 mesi di quel report non c\u2019\u00e8 apparentemente traccia, anche se in seguito ad interrogazione della minoranza di \u201cInsieme per Selva\u201d &#8211; nel consiglio comunale dello scorso 14 marzo &#8211; il Sindaco affermava che fosse arrivato in comune e di farne formale richiesta (sic)&#8221;\u00a0<\/em>Lo rimarca Adriano Peretti capogruppo dell&#8217;opposizione al sindaco Luca Lorenzini anche perch\u00e8 sono trascorsi 13 giorni dall&#8217;invio della posta certificata al Comune ma non \u00e8 arrivata nessuna risposta. <em>&#8220;\u201cUn atteggiamento inspiegabile e francamente inaccettabile \u2013\u00a0 attacca Peretti &#8211;\u00a0 Abbiamo tutto il diritto di conoscere lo stato economico della Societ\u00e0 e troviamo singolare, giusto per fare un esempio, che nella sezione trasparenza del\u00a0 sito istituzionale non sia stato ancora pubblicato il verbale dell\u2019ultima assemblea. Auspichiamo che qualcuno voglia presto chiarire&#8221;.\u00a0<\/em><\/p>\n<p>&nbsp;<\/p>\n<p>&nbsp;<\/p>\n<hr \/>\n<p>&nbsp;<\/p>\n<blockquote>\n<h3>ELISA CALI&#8217; DA PADOVA A LIVINALLONGO PER FARE LA DENTISTA IN MONTAGNA<\/h3>\n<\/blockquote>\n<p><strong>LIVINALLONGO <\/strong><em>Come ogni lunedi Gianni Santomaso dalle pagine del Corriere delle Alpi racconta una storia, un personaggio, un pezzo di vita dell\u2019Agordino \u201cVivere l\u2019Agordino\u201d una raccolta spaccato di vita agordina con le immancabili vignette di Erica Andrich<\/em><\/p>\n<p><strong>di Gianni Santomaso<\/strong><\/p>\n<audio class=\"wp-audio-shortcode\" id=\"audio-267318-8\" preload=\"none\" style=\"width: 100%;\" controls=\"controls\"><source type=\"audio\/mpeg\" src=\"https:\/\/www.radiopiu.net\/wordpress\/wp-content\/uploads\/2022\/03\/GIANNI-SPECIALE-AGORDINO-ELISA-CALI.mp3?_=8\" \/><a href=\"https:\/\/www.radiopiu.net\/wordpress\/wp-content\/uploads\/2022\/03\/GIANNI-SPECIALE-AGORDINO-ELISA-CALI.mp3\">https:\/\/www.radiopiu.net\/wordpress\/wp-content\/uploads\/2022\/03\/GIANNI-SPECIALE-AGORDINO-ELISA-CALI.mp3<\/a><\/audio>\n<p>&nbsp;<\/p>\n\n\t\t\t<style type='text\/css'>\n\t\t\t\t#gallery-7 {\n\t\t\t\t\tmargin: auto;\n\t\t\t\t}\n\t\t\t\t#gallery-7 .gallery-item {\n\t\t\t\t\tfloat: left;\n\t\t\t\t\tmargin-top: 10px;\n\t\t\t\t\ttext-align: center;\n\t\t\t\t\twidth: 50%;\n\t\t\t\t}\n\t\t\t\t#gallery-7 img {\n\t\t\t\t\tborder: 2px solid #cfcfcf;\n\t\t\t\t}\n\t\t\t\t#gallery-7 .gallery-caption {\n\t\t\t\t\tmargin-left: 0;\n\t\t\t\t}\n\t\t\t\t\/* see gallery_shortcode() in wp-includes\/media.php *\/\n\t\t\t<\/style>\n\t\t<div id='gallery-7' class='dt-gallery-container gallery galleryid-267318 gallery-columns-2 gallery-size-thumbnail'><dl class='gallery-item'>\n\t\t\t\t<dt class='gallery-icon portrait'>\n\t\t\t\t\t<a class=\"rollover rollover-zoom dt-pswp-item\" title=\"0\" data-dt-img-description=\"\" data-large_image_width=\"1775\" data-large_image_height=\"1926\"href='https:\/\/www.radiopiu.net\/wordpress\/wp-content\/uploads\/2022\/03\/0-3.png'><img loading=\"lazy\" decoding=\"async\" width=\"150\" height=\"150\" src=\"https:\/\/www.radiopiu.net\/wordpress\/wp-content\/uploads\/2022\/03\/0-3-150x150.png\" class=\"attachment-thumbnail size-thumbnail\" alt=\"\" \/><\/a>\n\t\t\t\t<\/dt><\/dl><dl class='gallery-item'>\n\t\t\t\t<dt class='gallery-icon landscape'>\n\t\t\t\t\t<a class=\"rollover rollover-zoom dt-pswp-item\" title=\"76c6a186-cf1b-4170-a0a8-d29a12c2f466\" data-dt-img-description=\"\" data-large_image_width=\"2048\" data-large_image_height=\"1154\"href='https:\/\/www.radiopiu.net\/wordpress\/wp-content\/uploads\/2022\/03\/76c6a186-cf1b-4170-a0a8-d29a12c2f466.jpg'><img loading=\"lazy\" decoding=\"async\" width=\"150\" height=\"150\" src=\"https:\/\/www.radiopiu.net\/wordpress\/wp-content\/uploads\/2022\/03\/76c6a186-cf1b-4170-a0a8-d29a12c2f466-150x150.jpg\" class=\"attachment-thumbnail size-thumbnail\" alt=\"\" \/><\/a>\n\t\t\t\t<\/dt><\/dl><br style=\"clear: both\" \/>\n\t\t\t<\/div>\n\n<p>&nbsp;<\/p>\n<hr \/>\n<p>&nbsp;<\/p>\n<blockquote>\n<h3>NUOVE BARRIERE SALVA ROSPI A PUNTA TRIFINA GRAZIE AL COMUNE DI PONTE NELLE ALPI<\/h3>\n<\/blockquote>\n<p><strong>PONTE NELLE ALPI<\/strong> Prosegue l\u2019intensa attivita\u0300 dei volontari LAC Belluno \u2013 Gruppo Salvataggio Anfibi Belluno che da settimane sono impegnati nella posa di reti e barriere in corrispondenza di diversi tratti stradali bellunesi interessati dal passaggio della migrazione degli anfibi che si attende con le prime piogge primaverili. In questo fine settimana e\u0300 stata la volta di Punta Trifina di Ponte nelle Alpi dove, grazie ai volontari rospisti ed al Comune di Ponte nelle Alpi, si e\u0300 potuto posare un nuovo tratto di barriere temporanee che renderanno piu\u0300 efficaci e sicure le operazioni di traslazione degli anfibi all\u2019altezza della Casa Cantoniera di Punta Trifina da parte dei volontari in attesa della realizzazione di un corridoio ecologico che possa rendere indipendenti gli animali dall\u2019opera dell\u2019uomo. Le barriere, a monte della ferrovia, convoglieranno i rospi nella galleria e li\u0300 potranno essere raccolti e spostati dall\u2019altra parte della strada dai volontari limitando a quei pochi metri l\u2019area di intervento. La specie piu\u0300 rappresentativa della migrazione e\u0300 il rospo comune, Bufo bufo, un animale elusivo e spesso sottovalutato ma fondamentale per l\u2019equilibrio del sistema naturale. Di corporatura robusta e naturalmente lento, il povero rospo comune non avrebbe davvero scampo una volta giunto in strada, forse anche perche\u0301 il tepore dell\u2019asfalto lo invoglia a fermarsi un attimo, forse perche\u0301 una volta giunto in strada finalmente ha la visuale migliore per avvistare una femmina e allora si ferma a guardarsi attorno tutto impettito, il povero rospo la rischierebbe davvero grossa se un\u2019opera umana, una volta tanto, non fosse pensata e messa in atto solo per aiutarlo. Non resta che preparare torce, secchio, guanti e gilet catarifrangente ed attendere l\u2019arrivo di rospi e rane che, vista la stagione ormai avanzata e la pioggia prevista per la prossima settimana, scenderanno a migliaia verso il Lago di Santa Croce. Referente per il sito di Punta Trifina e\u0300 Francesca Olivo della LAC Belluno, si occupera\u0300 della formazione dei volontari, pianificare i turni di salvataggio e raccogliere i dati degli animali raccolti. Chi volesse partecipare puo\u0300 scrivere a grupposalvataggioanfibibelluno@gmail.com o telefonare al 328\/9204968.<\/p>\n\n\t\t\t<style type='text\/css'>\n\t\t\t\t#gallery-8 {\n\t\t\t\t\tmargin: auto;\n\t\t\t\t}\n\t\t\t\t#gallery-8 .gallery-item {\n\t\t\t\t\tfloat: left;\n\t\t\t\t\tmargin-top: 10px;\n\t\t\t\t\ttext-align: center;\n\t\t\t\t\twidth: 50%;\n\t\t\t\t}\n\t\t\t\t#gallery-8 img {\n\t\t\t\t\tborder: 2px solid #cfcfcf;\n\t\t\t\t}\n\t\t\t\t#gallery-8 .gallery-caption {\n\t\t\t\t\tmargin-left: 0;\n\t\t\t\t}\n\t\t\t\t\/* see gallery_shortcode() in wp-includes\/media.php *\/\n\t\t\t<\/style>\n\t\t<div id='gallery-8' class='dt-gallery-container gallery galleryid-267318 gallery-columns-2 gallery-size-thumbnail'><dl class='gallery-item'>\n\t\t\t\t<dt class='gallery-icon landscape'>\n\t\t\t\t\t<a class=\"rollover rollover-zoom dt-pswp-item\" title=\"image-28-03-22-07-58\" data-dt-img-description=\"\" data-large_image_width=\"1600\" data-large_image_height=\"1200\"href='https:\/\/www.radiopiu.net\/wordpress\/wp-content\/uploads\/2022\/03\/image-28-03-22-07-58.jpeg'><img loading=\"lazy\" decoding=\"async\" width=\"150\" height=\"150\" src=\"https:\/\/www.radiopiu.net\/wordpress\/wp-content\/uploads\/2022\/03\/image-28-03-22-07-58-150x150.jpeg\" class=\"attachment-thumbnail size-thumbnail\" alt=\"\" \/><\/a>\n\t\t\t\t<\/dt><\/dl><dl class='gallery-item'>\n\t\t\t\t<dt class='gallery-icon portrait'>\n\t\t\t\t\t<a class=\"rollover rollover-zoom dt-pswp-item\" title=\"image-28-03-22-07-58[33]\" data-dt-img-description=\"\" data-large_image_width=\"1200\" data-large_image_height=\"1600\"href='https:\/\/www.radiopiu.net\/wordpress\/wp-content\/uploads\/2022\/03\/image-28-03-22-07-5833.jpeg'><img loading=\"lazy\" decoding=\"async\" width=\"150\" height=\"150\" src=\"https:\/\/www.radiopiu.net\/wordpress\/wp-content\/uploads\/2022\/03\/image-28-03-22-07-5833-150x150.jpeg\" class=\"attachment-thumbnail size-thumbnail\" alt=\"\" \/><\/a>\n\t\t\t\t<\/dt><\/dl><br style=\"clear: both\" \/>\n\t\t\t<\/div>\n\n<p>&nbsp;<\/p>\n<hr \/>\n<p>&nbsp;<\/p>\n<blockquote>\n<h3>IL GRANDE RITORNO DELLA SAGRA DI SANT&#8217;ANTONIO A RIVAMONTE<\/h3>\n<\/blockquote>\n<p><strong><a class=\"dt-pswp-item\" href=\"https:\/\/www.radiopiu.net\/wordpress\/wp-content\/uploads\/2022\/03\/Schermata-2022-03-28-alle-10.32.29.png\" data-dt-img-description=\"\" data-large_image_width=\"1416\" data-large_image_height=\"1072\"><img loading=\"lazy\" decoding=\"async\" class=\"size-thumbnail wp-image-267423 alignleft\" src=\"https:\/\/www.radiopiu.net\/wordpress\/wp-content\/uploads\/2022\/03\/Schermata-2022-03-28-alle-10.32.29-150x150.png\" alt=\"\" width=\"150\" height=\"150\" \/><\/a>RIVAMONTE<\/strong> Dopo due anni di stop forzato ritorna a Rivamonte il tradizionale appuntamento con la Sagra di sant&#8217;Antonio. Ad annunciarlo \u00e8 la Pro Loco di Rivamonte sulla sua pagina Facebook. Saranno quattro i giorni di festa per il santo patrono, 10, 11, 12 e 13 giugno. Immancabile l&#8217;appuntamento con gli gnocchi fatti a mano, la musica e il divertimento. Senza dimenticare i &#8220;cordoi&#8221; di Sant&#8217;Antonio. Anche lo sport sar\u00e0 protagonista con l&#8217;edizione 2022 di Riva Ron, la corsa podistica. I dettagli saranno svelati prossimamente ma intanto l&#8217;organizzazione si prepara per il tanto atteso ritorno della sagra paesana.<\/p>\n<p>&nbsp;<\/p>\n<p>&nbsp;<\/p>\n<hr \/>\n<p>&nbsp;<\/p>\n<blockquote>\n<h3>IL GRAZIE DEL COMITATO VECIA POPA<\/h3>\n<\/blockquote>\n<p><strong>VALENTINA DE NARDIN ALLA RADIO\u00a0<\/strong><\/p>\n<audio class=\"wp-audio-shortcode\" id=\"audio-267318-9\" preload=\"none\" style=\"width: 100%;\" controls=\"controls\"><source type=\"audio\/mpeg\" src=\"https:\/\/www.radiopiu.net\/wordpress\/wp-content\/uploads\/2022\/03\/VALENTINA.mp3?_=9\" \/><a href=\"https:\/\/www.radiopiu.net\/wordpress\/wp-content\/uploads\/2022\/03\/VALENTINA.mp3\">https:\/\/www.radiopiu.net\/wordpress\/wp-content\/uploads\/2022\/03\/VALENTINA.mp3<\/a><\/audio>\n<p>&nbsp;<\/p>\n<h3><a class=\"dt-pswp-item\" href=\"https:\/\/www.radiopiu.net\/wordpress\/wp-content\/uploads\/2022\/03\/277355496_2710710582569842_6950012968582512307_n.jpg\" data-dt-img-description=\"\" data-large_image_width=\"526\" data-large_image_height=\"857\"><img loading=\"lazy\" decoding=\"async\" class=\"size-thumbnail wp-image-267458 alignleft\" src=\"https:\/\/www.radiopiu.net\/wordpress\/wp-content\/uploads\/2022\/03\/277355496_2710710582569842_6950012968582512307_n-150x150.jpg\" alt=\"\" width=\"150\" height=\"150\" \/><\/a><\/h3>\n<p><strong>AGORDO<\/strong> &#8220;Ce l abbiamo fatta!\u00a0 Finalmente la Vecia \u00e8 tornata sul Broi. Grazie a tutti quelli che sono venuti a vederla, a quelli che si sono vestiti in maschera, ai bambini del centro e a tutti i bimbi presenti, ai gruppi Folk, a tutti quelli che hanno collaborato, a Radio Pi\u00f9, agli sponsor, a tutti quelli che ci hanno incoraggiato, a noi del Comitato che ci abbiamo creduto nonostante il momento difficile. Siamo strasoddisfatti della giornata. Siamo stati felici, \u00e8 stata la prima manifestazione tornata per intero ad Agordo dopo l&#8217;arrivo del covid. Speriamo sia di auspicio anche per le altre che verranno. Grazie a tutti quelli erano contenti come noi di essere presenti dopo due anni di fermo, a tutti i sorrisi sul Broi in questa giornata di sole che ha aiutato a festeggiare insieme. Ci vediamo il prossimo anno.<\/p>\n<p>&nbsp;<\/p>\n<p><strong>PER VISUALIZZARE IL VIDEO DELLA SFILATA <a href=\"https:\/\/www.facebook.com\/marco.baghy.1\/videos\/394044038789625\">CLICCA QUI<\/a><\/strong><\/p>\n<p><strong>PER IL VIDEO DEL TESTAMENTO<a href=\"https:\/\/www.facebook.com\/marco.baghy.1\/videos\/392950728929989\">\u00a0CLICCA QUI<\/a><\/strong><\/p>\n<blockquote class=\"wp-embedded-content\" data-secret=\"pCEVV0zBSF\"><p><a href=\"https:\/\/www.radiopiu.net\/wordpress\/vecia-popa-2022-galleria-fotografica-di-brunella-moro\/\">VECIA POPA 2022 &#8211; GALLERIA FOTOGRAFICA di BRUNELLA MORO<\/a><\/p><\/blockquote>\n<p><iframe loading=\"lazy\" class=\"wp-embedded-content\" sandbox=\"allow-scripts\" security=\"restricted\" style=\"position: absolute; clip: rect(1px, 1px, 1px, 1px);\" title=\"&#8220;VECIA POPA 2022 &#8211; GALLERIA FOTOGRAFICA di BRUNELLA MORO&#8221; &#8212; Radio Pi\u00f9\" src=\"https:\/\/www.radiopiu.net\/wordpress\/vecia-popa-2022-galleria-fotografica-di-brunella-moro\/embed\/#?secret=gS1mHk0owj#?secret=pCEVV0zBSF\" data-secret=\"pCEVV0zBSF\" width=\"600\" height=\"338\" frameborder=\"0\" marginwidth=\"0\" marginheight=\"0\" scrolling=\"no\"><\/iframe><\/p>\n<p>&nbsp;<\/p>\n<hr \/>\n<p>&nbsp;<\/p>\n<blockquote>\n<h3>CALCHERA IN VALLE DI SAN LUCANO, &#8220;FASCINE DI LEGNA CERCASI&#8221;<\/h3>\n<h3><em>Il sito si trova in prossimit\u00e0 del capitello delle tre dita, prima della chiesa di San Lucano.\u00a0<\/em><\/h3>\n<\/blockquote>\n<p><a class=\"dt-pswp-item\" href=\"https:\/\/www.radiopiu.net\/wordpress\/wp-content\/uploads\/2022\/03\/download-1.jpg\" data-dt-img-description=\"\" data-large_image_width=\"230\" data-large_image_height=\"183\"><img loading=\"lazy\" decoding=\"async\" class=\"size-thumbnail wp-image-267150 alignleft\" src=\"https:\/\/www.radiopiu.net\/wordpress\/wp-content\/uploads\/2022\/03\/download-1-150x150.jpg\" alt=\"\" width=\"150\" height=\"150\" \/><\/a><\/p>\n<p><strong>\u00a0<\/strong><strong>TAIBON<\/strong> I volontari di Taibon da tempo lavorano ad un progetto ambizioso: ridare vita alla Calch\u00e8ra de le t\u00f2rte, in previsione della \u201ccota\u201d di primavera, un evento dal momento che almeno da settant\u2019anni l\u2019operazione non \u00e8 pi\u00f9 praticata. Per quell&#8217;occasione sar\u00e0 importante e necessario che gli uomini del Piodech guidati dal presidente Paolo &#8220;moncio&#8221; Sibillon abbiamo a disposizione tanta legna. Ecco quindi la richiesta di collaborazione al paese. &#8220;In questi giorni &#8211; riflette Sibillon &#8211; sono in corso i lavori di giardinaggio, molte persone tagliano i rami degli alberi, cespugli per smaltire il legnatico presso l&#8217;ecocentro. Quello che chiediamo e che questo materiale venga preparato in fascine, della lunghezza di circa un metro. Anzich\u00e8 finire all&#8217;econcentro serviranno per la cota di primavera. Ci mettiamo a disposizione per recuperare presso le abitazioni le fascine di legna. Con un grazie in anticipo&#8221;. Per ulteriori informazioni e segnalare eventuali ritiri il referente \u00e8 Agostino &#8220;il tecnico&#8221; Cadorin telefono 337 495 723<\/p>\n<h3><\/h3>\n<p>&nbsp;<\/p>\n<p>&nbsp;<\/p>\n<hr \/>\n<p>&nbsp;<\/p>\n<blockquote>\n<h3>IL DISASTRO MINERARIO DI MONONGAH<\/h3>\n<\/blockquote>\n<p><strong><a class=\"dt-pswp-item\" href=\"https:\/\/www.radiopiu.net\/wordpress\/wp-content\/uploads\/2022\/03\/locandina_monongah_belluno.jpg\" data-dt-img-description=\"\" data-large_image_width=\"1654\" data-large_image_height=\"2339\"><img loading=\"lazy\" decoding=\"async\" class=\"wp-image-267526 alignleft\" src=\"https:\/\/www.radiopiu.net\/wordpress\/wp-content\/uploads\/2022\/03\/locandina_monongah_belluno-212x300.jpg\" alt=\"\" width=\"160\" height=\"226\" srcset=\"https:\/\/www.radiopiu.net\/wordpress\/wp-content\/uploads\/2022\/03\/locandina_monongah_belluno-212x300.jpg 212w, https:\/\/www.radiopiu.net\/wordpress\/wp-content\/uploads\/2022\/03\/locandina_monongah_belluno-724x1024.jpg 724w, https:\/\/www.radiopiu.net\/wordpress\/wp-content\/uploads\/2022\/03\/locandina_monongah_belluno-768x1086.jpg 768w, https:\/\/www.radiopiu.net\/wordpress\/wp-content\/uploads\/2022\/03\/locandina_monongah_belluno-1086x1536.jpg 1086w, https:\/\/www.radiopiu.net\/wordpress\/wp-content\/uploads\/2022\/03\/locandina_monongah_belluno-1448x2048.jpg 1448w, https:\/\/www.radiopiu.net\/wordpress\/wp-content\/uploads\/2022\/03\/locandina_monongah_belluno.jpg 1654w\" sizes=\"auto, (max-width: 160px) 100vw, 160px\" \/><\/a>BELLUNO<\/strong> \u201cIl disastro minerario di Monongah. Il riscatto sociale degli italiani all&#8217;estero e il ruolo delle donne, tra sacrifici e tradizioni\u201d \u00e8 il titolo dell\u2019incontro organizzato dall\u2019Associazione Bellunesi nel Mondo, in collaborazione con la Biblioteca delle migrazioni \u201cDino Buzzati\u201d, in programma gioved\u00ec 31 marzo 2022, alle ore 18.00, nell\u2019Aula Magna del Seminario Gregoriano di Belluno. A parlarne sar\u00e0 Gianni Meffe, presidente dell\u2019Associazione Culturale \u201cMonongah\u201d e Componente del Direttivo Nazionale del \u201cComitato Tricolore per gli Italiani nel Mondo\u201d. In questo disastro minerario, avvenuto a Monongah il 6 dicembre 1907 nel West Virginia morirono 362 persone, 171 gli italiani. Tra loro il bellunese Vittorio Da Vi\u00e0, di Domegge di Cadore. <em>\u00abPer l\u2019Associazione Bellunesi nel Mondo \u00e8 un dovere ricordare &#8211;\u00a0 dice il presidente Abm Oscar De Bona &#8211; per il disastro di Monongah stiamo valutando un progetto da realizzare entro la fine del 2022 assieme all\u2019Amministrazione comunale di Domegge di Cadore\u00bb.<\/em><\/p>\n<p>&nbsp;<\/p>\n<p><strong>\u00a0<\/strong><\/p>\n<p>&nbsp;<\/p>\n<p>&nbsp;<\/p>\n<hr \/>\n<p>&nbsp;<\/p>\n<h3>DOLADA 100 ANNI DI ACCOGLIENZA<\/h3>\n<p><strong><a class=\"dt-pswp-item\" href=\"https:\/\/www.radiopiu.net\/wordpress\/wp-content\/uploads\/2022\/03\/FOTO-1.jpg\" data-dt-img-description=\"\" data-large_image_width=\"444\" data-large_image_height=\"488\"><img loading=\"lazy\" decoding=\"async\" class=\" wp-image-267483 alignleft\" src=\"https:\/\/www.radiopiu.net\/wordpress\/wp-content\/uploads\/2022\/03\/FOTO-1-150x150.jpg\" alt=\"\" width=\"136\" height=\"136\" \/><\/a>ALPAGO<\/strong>\u00a0 Di padre in figlio, sempre alla ricerca di nuove strade, con un piede radicato sul territorio e la mente aperta al mondo diventando uno dei simboli dell\u2019accoglienza bellunese. Confcommercio Belluno ha cos\u00ec voluto celebrare il secolo di lavoro della\u00a0 famiglia De Pr\u00e0, titolare del ristorante stellato \u201cDolada\u201d di Plois di Alpago e dell\u2019albergo omonimo. Il Presidente Doglioni, a nome dell\u2019Associazione e di tutti i delegati, ha consegnato a Rossana Roma De Pr\u00e0 una pergamena per ricordare l\u2019avvenimento, rimarcando, peraltro, l\u2019adesione dell\u2019azienda all\u2019Associazione fin dal suo nascere, nel 1945.<\/p>\n<p>&nbsp;<\/p>\n<p>&nbsp;<\/p>\n<hr \/>\n<p>&nbsp;<\/p>\n<p>&nbsp;<\/p>\n<blockquote class=\"wp-embedded-content\" data-secret=\"6bRbsheF6e\"><p><a href=\"https:\/\/www.radiopiu.net\/wordpress\/covoli-in-val-di-lamen-sulle-orme-del-mazarol-quarto-itinerario-archeologico-a-cura-del-parco\/\">\u201cCOVOLI IN VAL DI LAMEN\u201d SULLE ORME DEL MAZAR\u00d3L\u201d QUARTO ITINERARIO ARCHEOLOGICO A CURA DEL PARCO<\/a><\/p><\/blockquote>\n<p><iframe loading=\"lazy\" class=\"wp-embedded-content\" sandbox=\"allow-scripts\" security=\"restricted\" style=\"position: absolute; clip: rect(1px, 1px, 1px, 1px);\" title=\"&#8220;\u201cCOVOLI IN VAL DI LAMEN\u201d SULLE ORME DEL MAZAR\u00d3L\u201d QUARTO ITINERARIO ARCHEOLOGICO A CURA DEL PARCO&#8221; &#8212; Radio Pi\u00f9\" src=\"https:\/\/www.radiopiu.net\/wordpress\/covoli-in-val-di-lamen-sulle-orme-del-mazarol-quarto-itinerario-archeologico-a-cura-del-parco\/embed\/#?secret=Chn1UsBtoc#?secret=6bRbsheF6e\" data-secret=\"6bRbsheF6e\" width=\"600\" height=\"338\" frameborder=\"0\" marginwidth=\"0\" marginheight=\"0\" scrolling=\"no\"><\/iframe><\/p>\n<p>&nbsp;<\/p>\n<hr \/>\n<p>&nbsp;<\/p>\n<blockquote>\n<h3>PACE E DISARMO, L&#8217;INCONTRO ON LINE CON FRANCESCO VIGNARCA<\/h3>\n<\/blockquote>\n<p><strong>BELLUNO<\/strong> No alle armi con la richiesta di un progressivo disarmo. Come fare perch\u00e9 la pace non sia una irragiungibile utopia? <span dir=\"ltr\" role=\"presentation\">Per confrontarsi su queste e altre domande il Coordinamento provinciale Pace &amp; <\/span><span dir=\"ltr\" role=\"presentation\">Disarmo ha organizzato<\/span> <span dir=\"ltr\" role=\"presentation\">per luned\u00ec 4 aprile alle ore 20.30<\/span> <span dir=\"ltr\" role=\"presentation\">un incontro online con <\/span><span dir=\"ltr\" role=\"presentation\">Francesco Vignarca<\/span><span dir=\"ltr\" role=\"presentation\">, coordinatore delle campagne nella Rete Italiana Pace e <\/span><span dir=\"ltr\" role=\"presentation\">Disarmo. La partecipazione \u00e8 libera e aperta a tutti attraverso il link <\/span><span dir=\"ltr\" role=\"presentation\">https:\/\/meet.google.com\/suz-rhxr-fms<\/span><br role=\"presentation\" \/><span dir=\"ltr\" role=\"presentation\">Per informazioni<\/span> <span dir=\"ltr\" role=\"presentation\">pacedisarmobelluno@gmail.com<\/span><\/p>\n<p>&nbsp;<\/p>\n<p>&nbsp;<\/p>\n<hr \/>\n<blockquote>\n<h3><\/h3>\n<h3>ANTENNA ANZIANI ORGANIZZA UN INCONTRO RIFLESSIONE<\/h3>\n<\/blockquote>\n<p><strong>BELLUNO<\/strong> L\u2019Onlus Antenna Anziani di Belluno, presieduta da Maria Agostina Campagna, ha progettato e portato a termine l\u2019organizzazione di una giornata di riflessione da tenersi venerdi\u0300 8 aprile a Belluno con inizio alle 9.30 nella sala teatro del Centro Giovanni XXIII di piazza Piloni 11 a Belluno dal titolo \u201cGiornata di riflessione sulla salute mentale e il disagio dei giovani nella provincia di Belluno\u201d. Sara\u0300 possibile seguire l\u2019evento in LIVE STREAMING su www.studentibelluno.it<\/p>\n<p>&nbsp;<\/p>\n<p>&nbsp;<\/p>\n<hr \/>\n<p>&nbsp;<\/p>\n<p><strong>ARABBA.. SCIARE FINO A PASQUA<\/strong><\/p>\n<blockquote>\n<div class=\"\">\n<div class=\"\"><i class=\"\">Ma chi l&#8217;ha detto che a Pasqua \u00e8 troppo tardi per sciare? Ad Arabba \u00e8 possibile! Gli impianti di Porta Vescovo e del Passo Pordoi sono aperti tutti i giorni fino a\u00a0<span dir=\"ltr\">luned\u00ec 18 aprile<\/span>\u00a0compreso, per permettere a tutti gli amanti dello sci di farsi un&#8217;ultima sciata anche con l&#8217;arrivo della primavera! Piste vere per sciatori veri, ma anche un&#8217;ultima occasione per passare una giornata in quota tra le vette pi\u00f9 affascinanti delle Dolomiti.\u00a0<\/i><i class=\"\">Info e prezzi su\u00a0<a class=\"\" href=\"http:\/\/www.arabba.it\/\">www.arabba.it<\/a>\u00a0<\/i><\/div>\n<\/div>\n<\/blockquote>\n<p>&nbsp;<\/p>\n<p>&nbsp;<\/p>\n<hr \/>\n<p>&nbsp;<\/p>\n<blockquote>\n<h3>IN PROGRAMMA DUE GIORNATE ECOLOGICHE A CENCENIGHE<\/h3>\n<\/blockquote>\n<p><strong><a class=\"dt-pswp-item\" href=\"https:\/\/www.radiopiu.net\/wordpress\/wp-content\/uploads\/2022\/02\/Rifiuti_abbandonati.jpg\" data-dt-img-description=\"\" data-large_image_width=\"1171\" data-large_image_height=\"642\"><img loading=\"lazy\" decoding=\"async\" class=\" wp-image-257319 alignleft\" src=\"https:\/\/www.radiopiu.net\/wordpress\/wp-content\/uploads\/2022\/02\/Rifiuti_abbandonati-300x164.jpg\" alt=\"\" width=\"183\" height=\"100\" srcset=\"https:\/\/www.radiopiu.net\/wordpress\/wp-content\/uploads\/2022\/02\/Rifiuti_abbandonati-300x164.jpg 300w, https:\/\/www.radiopiu.net\/wordpress\/wp-content\/uploads\/2022\/02\/Rifiuti_abbandonati-1024x561.jpg 1024w, https:\/\/www.radiopiu.net\/wordpress\/wp-content\/uploads\/2022\/02\/Rifiuti_abbandonati-768x421.jpg 768w, https:\/\/www.radiopiu.net\/wordpress\/wp-content\/uploads\/2022\/02\/Rifiuti_abbandonati.jpg 1171w\" sizes=\"auto, (max-width: 183px) 100vw, 183px\" \/><\/a>CENCENIGHE<\/strong> L&#8217;amministrazione comunale di Cencenighe in collaborazione con la Pro Loco organizza due giornate ecologiche per la raccolta di rifiuti abbandonati. Sabato 2 aprile il ritrovo alle 8 con l&#8217;assegnazione dell&#8217;area di pulizia, alle 13 il pranzo al Nof Fil\u00f2 e subito dopo l&#8217;eventuale prosecuzione dei lavori. Domenica 3 aprile il ritrovo alle 8 con l&#8217;assegnazione dell&#8217;area di pulizia e alle 12 il pranzo sempre al Nof Fil\u00f2. L&#8217;attrezzatura verr\u00e0 fornita da Valpe Ambiente e le immondizie raccolte saranno conferite all&#8217;ecocentro. I bambini che vogliono partecipare alle giornate dovranno essere accompagnati. In caso di maltempo la manifestazione sar\u00e0 rinviata al fine settimana successivo del 9 e 10 aprile.<\/p>\n<p>&nbsp;<\/p>\n<hr \/>\n<p>&nbsp;<\/p>\n<h2><span style=\"color: #ff0000;\">IERI ALLA RADIO<\/span><\/h2>\n<h2><span style=\"color: #808000;\">ALLO ZERO TERMICO: MATTEO REOLON DAL TENNIS CLUB AGORDO<\/span><\/h2>\n<blockquote><p><span style=\"color: #ff0000;\"><em><span style=\"color: #000000;\"><a class=\"dt-pswp-item\" href=\"https:\/\/www.radiopiu.net\/wordpress\/wp-content\/uploads\/2020\/04\/TENNIS-AGORDO.jpg\" data-dt-img-description=\"\" data-large_image_width=\"512\" data-large_image_height=\"307\"><img loading=\"lazy\" decoding=\"async\" class=\"size-thumbnail wp-image-133584 alignleft\" src=\"https:\/\/www.radiopiu.net\/wordpress\/wp-content\/uploads\/2020\/04\/TENNIS-AGORDO-150x150.jpg\" alt=\"\" width=\"150\" height=\"150\" \/><\/a>ZERO TERMICO E&#8217; UN VIAGGIO ALLA SCOPERTA DEL NOSTRO TERRITORIO, DALLA VOCE DEI PROTAGONISTI. TURISMO, SPORT, EVENTI, CULTURA, INTRATTENIMENTO. DAL LUNEDI&#8217; AL VENERDI ALLE 15.10 ALLE 20.30. ZERO TERMICO. UN APPUNTAMENTO IN COLLABORAZIONE CON: SPORT 203. LA NATURALE PORTA D&#8217;INGRESSO&#8230;.VERSO LO ZERO TERMICO. LOCALITA&#8217; LE CAMPE STRADA AGORDO BELLUNO. ABBIGLIAMENTO E ATTREZZATURA&#8230;.DEDICATI A CHI AMA LA MONTAGNA.\u00a0<\/span><\/em><\/span><\/p><\/blockquote>\n<p><strong>DI CLAUDIO FONTANIVE\u00a0<\/strong><\/p>\n<p>OSPITE: Matteo Reolon, presidente del Tennis Club Agordo<\/p>\n<p><strong>AUDIO\u00a0\u00a0<\/strong><\/p>\n<audio class=\"wp-audio-shortcode\" id=\"audio-267318-10\" preload=\"none\" style=\"width: 100%;\" controls=\"controls\"><source type=\"audio\/mpeg\" src=\"https:\/\/www.radiopiu.net\/wordpress\/wp-content\/uploads\/2022\/03\/matteo-reolon-28-marzo.mp3?_=10\" \/><a href=\"https:\/\/www.radiopiu.net\/wordpress\/wp-content\/uploads\/2022\/03\/matteo-reolon-28-marzo.mp3\">https:\/\/www.radiopiu.net\/wordpress\/wp-content\/uploads\/2022\/03\/matteo-reolon-28-marzo.mp3<\/a><\/audio>\n<p>&nbsp;<\/p>\n<hr \/>\n<p>&nbsp;<\/p>\n<h2><span style=\"color: #33cccc;\">SALUTE &amp; SOCIETA&#8217;<\/span><\/h2>\n<p><em><strong>PUNTATA DEL 28 MARZO 2022<\/strong><\/em><\/p>\n<audio class=\"wp-audio-shortcode\" id=\"audio-267318-11\" preload=\"none\" style=\"width: 100%;\" controls=\"controls\"><source type=\"audio\/mpeg\" src=\"https:\/\/www.radiopiu.net\/wordpress\/wp-content\/uploads\/2022\/03\/cs_220328.mp3?_=11\" \/><a href=\"https:\/\/www.radiopiu.net\/wordpress\/wp-content\/uploads\/2022\/03\/cs_220328.mp3\">https:\/\/www.radiopiu.net\/wordpress\/wp-content\/uploads\/2022\/03\/cs_220328.mp3<\/a><\/audio>\n<p>&nbsp;<\/p>\n<p><strong>LA RACCOLTA<\/strong><\/p>\n<blockquote class=\"wp-embedded-content\" data-secret=\"I8P4WY8nJA\"><p><a href=\"https:\/\/www.radiopiu.net\/wordpress\/saluteesocieta\/\">Salute e Societ\u00e0<\/a><\/p><\/blockquote>\n<p><iframe loading=\"lazy\" class=\"wp-embedded-content\" sandbox=\"allow-scripts\" security=\"restricted\" style=\"position: absolute; clip: rect(1px, 1px, 1px, 1px);\" title=\"&#8220;Salute e Societ\u00e0&#8221; &#8212; Radio Pi\u00f9\" src=\"https:\/\/www.radiopiu.net\/wordpress\/saluteesocieta\/embed\/#?secret=UlypNtKhyZ#?secret=I8P4WY8nJA\" data-secret=\"I8P4WY8nJA\" width=\"600\" height=\"338\" frameborder=\"0\" marginwidth=\"0\" marginheight=\"0\" scrolling=\"no\"><\/iframe><\/p>\n<p>&nbsp;<\/p>\n<hr \/>\n<p>&nbsp;<\/p>\n<p><strong>TUTTI I LUNEDI ALLE 10,30 E 1900, LA DOMENICA ALLE 8 007 IN CONDOTTA, LA SCUOLA CON LA PROF. MARIA ROSA SALMAZO E CLAUDIO FONTANIVE, IN PODCAST TUTTE LE PUNTATE DELLE ULTIME STAGIONI.\u00a0<\/strong><\/p>\n<p><em><strong>PUNTATA DEL 28 MARZO 2022<\/strong><\/em><\/p>\n<audio class=\"wp-audio-shortcode\" id=\"audio-267318-12\" preload=\"none\" style=\"width: 100%;\" controls=\"controls\"><source type=\"audio\/mpeg\" src=\"https:\/\/www.radiopiu.net\/wordpress\/wp-content\/uploads\/2022\/03\/007-28-marzo.mp3?_=12\" \/><a href=\"https:\/\/www.radiopiu.net\/wordpress\/wp-content\/uploads\/2022\/03\/007-28-marzo.mp3\">https:\/\/www.radiopiu.net\/wordpress\/wp-content\/uploads\/2022\/03\/007-28-marzo.mp3<\/a><\/audio>\n<p>&nbsp;<\/p>\n<blockquote class=\"wp-embedded-content\" data-secret=\"mpiBnK0HLY\"><p><a href=\"https:\/\/www.radiopiu.net\/wordpress\/007incondotta-9\/\">007 in condotta<\/a><\/p><\/blockquote>\n<p><iframe loading=\"lazy\" class=\"wp-embedded-content\" sandbox=\"allow-scripts\" security=\"restricted\" style=\"position: absolute; clip: rect(1px, 1px, 1px, 1px);\" title=\"&#8220;007 in condotta&#8221; &#8212; Radio Pi\u00f9\" src=\"https:\/\/www.radiopiu.net\/wordpress\/007incondotta-9\/embed\/#?secret=Ftvi3zFd9s#?secret=mpiBnK0HLY\" data-secret=\"mpiBnK0HLY\" width=\"600\" height=\"338\" frameborder=\"0\" marginwidth=\"0\" marginheight=\"0\" scrolling=\"no\"><\/iframe><\/p>\n<p>&nbsp;<\/p>\n<hr \/>\n<p>&nbsp;<\/p>\n<div>\n<div class=\"b654a4as d2edcug0\">\n<div class=\"rq0escxv hkbzh7o3 jwdofwj8 n8tt0mok r8blr3vg hyh9befq\">\n<p><a class=\"dt-pswp-item\" href=\"https:\/\/www.radiopiu.net\/wordpress\/wp-content\/uploads\/2020\/10\/pp.jpg\" data-dt-img-description=\"\" data-large_image_width=\"640\" data-large_image_height=\"640\"><img loading=\"lazy\" decoding=\"async\" class=\"wp-image-163678 alignleft\" src=\"https:\/\/www.radiopiu.net\/wordpress\/wp-content\/uploads\/2020\/10\/pp-300x300.jpg\" alt=\"\" width=\"106\" height=\"106\" srcset=\"https:\/\/www.radiopiu.net\/wordpress\/wp-content\/uploads\/2020\/10\/pp-300x300.jpg 300w, https:\/\/www.radiopiu.net\/wordpress\/wp-content\/uploads\/2020\/10\/pp-150x150.jpg 150w, https:\/\/www.radiopiu.net\/wordpress\/wp-content\/uploads\/2020\/10\/pp-125x125.jpg 125w, https:\/\/www.radiopiu.net\/wordpress\/wp-content\/uploads\/2020\/10\/pp-200x200.jpg 200w, https:\/\/www.radiopiu.net\/wordpress\/wp-content\/uploads\/2020\/10\/pp-80x80.jpg 80w, https:\/\/www.radiopiu.net\/wordpress\/wp-content\/uploads\/2020\/10\/pp-480x480.jpg 480w, https:\/\/www.radiopiu.net\/wordpress\/wp-content\/uploads\/2020\/10\/pp.jpg 640w\" sizes=\"auto, (max-width: 106px) 100vw, 106px\" \/><\/a><\/p>\n<\/div>\n<\/div>\n<\/div>\n<div>\n<div class=\"page-title-head hgroup\">\n<div class=\"page-title-head hgroup\">\n<div class=\"b654a4as d2edcug0\">\n<div class=\"j83agx80 btwxx1t3 lhclo0ds hop8lmos nkwizq5d scwd0bx6 roh60bw9\">\n<div class=\"rq0escxv hkbzh7o3 jwdofwj8 n8tt0mok r8blr3vg hyh9befq\">\n<div class=\"do00u71z l9j0dhe7 k4urcfbm\">\n<h2><span style=\"color: #000080;\">\u00a0<\/span><span style=\"color: #000080;\">DON CESARE, IL PENSIERO DEL GIORNO. ALLA RADIO ALLE 7 DEL MATTINO E ALLE 19.30 DELLA SERA.\u00a0<\/span><\/h2>\n<audio class=\"wp-audio-shortcode\" id=\"audio-267318-13\" preload=\"none\" style=\"width: 100%;\" controls=\"controls\"><source type=\"audio\/mpeg\" src=\"https:\/\/www.radiopiu.net\/wordpress\/wp-content\/uploads\/2022\/03\/cesare-15.mp3?_=13\" \/><a href=\"https:\/\/www.radiopiu.net\/wordpress\/wp-content\/uploads\/2022\/03\/cesare-15.mp3\">https:\/\/www.radiopiu.net\/wordpress\/wp-content\/uploads\/2022\/03\/cesare-15.mp3<\/a><\/audio>\n<\/div>\n<\/div>\n<\/div>\n<\/div>\n<\/div>\n<\/div>\n<\/div>\n<p>&nbsp;<\/p>\n<p>&nbsp;<\/p>\n<hr \/>\n<p>&nbsp;<\/p>\n<h3 class=\"kvgmc6g5 cxmmr5t8 oygrvhab hcukyx3x c1et5uql\"><span style=\"color: #0000ff;\"><strong>INFORMAZIONE il canale su TELEGRAM informazione di prima mano e in tempo reale. iscriviti ed aiutaci a farlo conoscere\u00a0 \u00a0<\/strong><\/span><\/h3>\n<p>&nbsp;<\/p>\n<p>&nbsp;<\/p>\n<hr \/>\n<p>&nbsp;<\/p>\n<div class=\"do00u71z l9j0dhe7 k4urcfbm\">\n<div class=\"page-title-head hgroup\">\n<div class=\"page-title-head hgroup\">\n<div class=\"b654a4as d2edcug0\">\n<div class=\"j83agx80 btwxx1t3 lhclo0ds hop8lmos nkwizq5d scwd0bx6 roh60bw9\">\n<div class=\"rq0escxv hkbzh7o3 jwdofwj8 n8tt0mok r8blr3vg hyh9befq\">\n<div class=\"do00u71z l9j0dhe7 k4urcfbm\">\n<div class=\"page-title-head hgroup\">\n<div class=\"page-title-head hgroup\">\n<div class=\"b654a4as d2edcug0\">\n<div class=\"j83agx80 btwxx1t3 lhclo0ds hop8lmos nkwizq5d scwd0bx6 roh60bw9\">\n<div class=\"rq0escxv hkbzh7o3 jwdofwj8 n8tt0mok r8blr3vg hyh9befq\">\n<div class=\"do00u71z l9j0dhe7 k4urcfbm\">\n<div class=\"ecm0bbzt e5nlhep0 a8c37x1j\">\n<div class=\"kvgmc6g5 cxmmr5t8 oygrvhab hcukyx3x c1et5uql\">\n<div class=\"gmail-kvgmc6g5 gmail-cxmmr5t8 gmail-oygrvhab gmail-hcukyx3x gmail-c1et5uql gmail-ii04i59q\">\n<div class=\"page-title-head hgroup\">\n<div class=\"page-title-head hgroup\">\n<div class=\"b654a4as d2edcug0\">\n<div class=\"j83agx80 btwxx1t3 lhclo0ds hop8lmos nkwizq5d scwd0bx6 roh60bw9\">\n<div class=\"rq0escxv hkbzh7o3 jwdofwj8 n8tt0mok r8blr3vg hyh9befq\">\n<div class=\"do00u71z l9j0dhe7 k4urcfbm\">\n<div class=\"page-title-head hgroup\">\n<div class=\"page-title-head hgroup\">\n<div class=\"b654a4as d2edcug0\">\n<div class=\"j83agx80 btwxx1t3 lhclo0ds hop8lmos nkwizq5d scwd0bx6 roh60bw9\">\n<div class=\"rq0escxv hkbzh7o3 jwdofwj8 n8tt0mok r8blr3vg hyh9befq\">\n<div class=\"do00u71z l9j0dhe7 k4urcfbm\">\n<div class=\"page-title-head hgroup\">\n<div class=\"page-title-head hgroup\">\n<div class=\"b654a4as d2edcug0\">\n<div class=\"j83agx80 btwxx1t3 lhclo0ds hop8lmos nkwizq5d scwd0bx6 roh60bw9\">\n<div class=\"rq0escxv hkbzh7o3 jwdofwj8 n8tt0mok r8blr3vg hyh9befq\">\n<div class=\"do00u71z l9j0dhe7 k4urcfbm\">\n<div class=\"ecm0bbzt e5nlhep0 a8c37x1j\">\n<div class=\"kvgmc6g5 cxmmr5t8 oygrvhab hcukyx3x c1et5uql\">\n<div class=\"gmail-kvgmc6g5 gmail-cxmmr5t8 gmail-oygrvhab gmail-hcukyx3x gmail-c1et5uql gmail-ii04i59q\">\n<div class=\"page-title-head hgroup\">\n<div class=\"page-title-head hgroup\">\n<div class=\"b654a4as d2edcug0\">\n<div class=\"j83agx80 btwxx1t3 lhclo0ds hop8lmos nkwizq5d scwd0bx6 roh60bw9\">\n<div class=\"rq0escxv hkbzh7o3 jwdofwj8 n8tt0mok r8blr3vg hyh9befq\">\n<div class=\"do00u71z l9j0dhe7 k4urcfbm\">\n<blockquote>\n<h3><span style=\"color: #ff0000;\">IN VIVO VERSO, SETTIMA STAGIONE CON BRUNELLA MORO, DAL LUNEDI AL VENERDI ALLE 7.10, 10.10 E 18.50\u00a0\u00a0<\/span><\/h3>\n<h3>KRONOS di ILARIA COLANGELI<\/h3>\n<\/blockquote>\n<p><strong><img loading=\"lazy\" decoding=\"async\" class=\"alignleft\" src=\"https:\/\/www.radiopiu.net\/wordpress\/wp-content\/uploads\/2022\/03\/1-ILARIA-COLANGELI-FOTO.jpg\" width=\"168\" height=\"115\" \/>KRONOS<\/strong><br \/>\nSventolano<br \/>\nal sole<br \/>\ncome bandiere<br \/>\nanni<br \/>\npieni di vento&#8230;.<br \/>\nstendardi<br \/>\nimpigliati alle nuvole<br \/>\nstracolmi di vita<br \/>\nimpavidi,<br \/>\naffamati&#8230;<br \/>\nche inarrestabili<br \/>\ncorrono<br \/>\nverso l&#8217; oblio&#8230;.<br \/>\nsenza arrivare<br \/>\nmai.<br \/>\nSenza disperare<br \/>\nmai.<\/p>\n<p><strong>LA RACCOLTA COMPLETA\u00a0<\/strong><\/p>\n<blockquote class=\"wp-embedded-content\" data-secret=\"l15eJKcauV\"><p><a href=\"https:\/\/www.radiopiu.net\/wordpress\/in-vivo-verso\/\">In Vivo Verso<\/a><\/p><\/blockquote>\n<p><iframe loading=\"lazy\" class=\"wp-embedded-content\" sandbox=\"allow-scripts\" security=\"restricted\" style=\"position: absolute; clip: rect(1px, 1px, 1px, 1px);\" title=\"&#8220;In Vivo Verso&#8221; &#8212; Radio Pi\u00f9\" src=\"https:\/\/www.radiopiu.net\/wordpress\/in-vivo-verso\/embed\/#?secret=01KREW8cbO#?secret=l15eJKcauV\" data-secret=\"l15eJKcauV\" width=\"600\" height=\"338\" frameborder=\"0\" marginwidth=\"0\" marginheight=\"0\" scrolling=\"no\"><\/iframe><\/p>\n<p>&nbsp;<\/p>\n<hr \/>\n<p>&nbsp;<\/p>\n<h2><span style=\"color: #808000;\">GOCCE DI FILOSOFIA<\/span><\/h2>\n<p><em><strong>PUNTATA 151 DEL 28 MARZO 2022<\/strong><\/em><\/p>\n<audio class=\"wp-audio-shortcode\" id=\"audio-267318-14\" preload=\"none\" style=\"width: 100%;\" controls=\"controls\"><source type=\"audio\/mpeg\" src=\"https:\/\/www.radiopiu.net\/wordpress\/wp-content\/uploads\/2022\/03\/FI1-3.mp3?_=14\" \/><a href=\"https:\/\/www.radiopiu.net\/wordpress\/wp-content\/uploads\/2022\/03\/FI1-3.mp3\">https:\/\/www.radiopiu.net\/wordpress\/wp-content\/uploads\/2022\/03\/FI1-3.mp3<\/a><\/audio>\n<p>&nbsp;<\/p>\n<p><strong>LA RACCOLTA COMPLETA<\/strong><\/p>\n<blockquote class=\"wp-embedded-content\" data-secret=\"UygDTGEWsU\"><p><a href=\"https:\/\/www.radiopiu.net\/wordpress\/gocce-filosofia\/\">Gocce di filosofia, PRIMA E SECONDA STAGIONE 2022<\/a><\/p><\/blockquote>\n<p><iframe loading=\"lazy\" class=\"wp-embedded-content\" sandbox=\"allow-scripts\" security=\"restricted\" style=\"position: absolute; clip: rect(1px, 1px, 1px, 1px);\" title=\"&#8220;Gocce di filosofia, PRIMA E SECONDA STAGIONE 2022&#8221; &#8212; Radio Pi\u00f9\" src=\"https:\/\/www.radiopiu.net\/wordpress\/gocce-filosofia\/embed\/#?secret=HyHljlt13U#?secret=UygDTGEWsU\" data-secret=\"UygDTGEWsU\" width=\"600\" height=\"338\" frameborder=\"0\" marginwidth=\"0\" marginheight=\"0\" scrolling=\"no\"><\/iframe><\/p>\n<p>&nbsp;<\/p>\n<hr \/>\n<p>&nbsp;<\/p>\n<p>&nbsp;<\/p>\n<p><span style=\"color: #0000ff;\">MUSICA PIU&#8217;\u00a0<\/span><\/p>\n<p><a href=\"https:\/\/www.radiopiu.net\/wordpress\/giornale-radiopiu-20-settembre-2021-direttore-mirko-mezzacasa\/pp-79\/\" rel=\"attachment wp-att-232921\"><img loading=\"lazy\" decoding=\"async\" class=\"wp-image-232921 alignleft\" src=\"https:\/\/www.radiopiu.net\/wordpress\/wp-content\/uploads\/2021\/09\/pp-1-300x300.jpg\" alt=\"\" width=\"135\" height=\"135\" srcset=\"https:\/\/www.radiopiu.net\/wordpress\/wp-content\/uploads\/2021\/09\/pp-1-300x300.jpg 300w, https:\/\/www.radiopiu.net\/wordpress\/wp-content\/uploads\/2021\/09\/pp-1-150x150.jpg 150w, https:\/\/www.radiopiu.net\/wordpress\/wp-content\/uploads\/2021\/09\/pp-1.jpg 640w\" sizes=\"auto, (max-width: 135px) 100vw, 135px\" \/><\/a><\/p>\n<div class=\"mkdf-post-text\">\n<div class=\"mkdf-post-text-inner\">\n<div class=\"mkdf-post-text-main\">\n<div class=\"mkdf-post-text\">\n<div class=\"mkdf-post-text-inner\">\n<div class=\"mkdf-post-text-main\">\n<div class=\"mkdf-post-text\">\n<div class=\"mkdf-post-text-inner\">\n<div class=\"mkdf-post-text-main\">\n<div class=\"page-title-head hgroup\">\n<div class=\"page-title-head hgroup\">\n<div class=\"mkdf-post-text\">\n<div class=\"mkdf-post-text-inner\">\n<div class=\"mkdf-post-text-main\">\n<div class=\"mkdf-post-text\">\n<div class=\"mkdf-post-text-inner\">\n<div class=\"mkdf-post-text-main\">\n<div class=\"page-title-head hgroup\">\n<div class=\"page-title-head hgroup\">\n<div class=\"page-title-head hgroup\">\n<div class=\"page-title-head hgroup\">\n<div class=\"b654a4as d2edcug0\">\n<div class=\"page-title-head hgroup\">\n<div class=\"page-title-head hgroup\">\n<div class=\"page-title-head hgroup\">\n<div class=\"page-title-head hgroup\">\n<div class=\"b654a4as d2edcug0\">\n<div class=\"page-title-head hgroup\">\n<div class=\"page-title-head hgroup\">\n<div class=\"page-title-head hgroup\">\n<div class=\"page-title-head hgroup\">\n<div class=\"b654a4as d2edcug0\">\n<div class=\"mkdf-post-text\">\n<div class=\"mkdf-post-text-inner\">\n<div class=\"mkdf-post-text-main\">\n<div class=\"mkdf-post-text\">\n<div class=\"mkdf-post-text-inner\">\n<div class=\"mkdf-post-text-main\">\n<div class=\"mkdf-post-text\">\n<div class=\"mkdf-post-text-inner\">\n<div class=\"mkdf-post-text-main\">\n<div class=\"page-title-head hgroup\">\n<div class=\"page-title-head hgroup\">\n<div class=\"mkdf-post-text\">\n<div class=\"mkdf-post-text-inner\">\n<div class=\"mkdf-post-text-main\">\n<div class=\"mkdf-post-text\">\n<div class=\"mkdf-post-text-inner\">\n<div class=\"mkdf-post-text-main\">\n<div class=\"page-title-head hgroup\">\n<div class=\"page-title-head hgroup\">\n<div class=\"page-title-head hgroup\">\n<div class=\"page-title-head hgroup\">\n<div class=\"b654a4as d2edcug0\">\n<div class=\"page-title-head hgroup\">\n<div class=\"page-title-head hgroup\">\n<div class=\"page-title-head hgroup\">\n<div class=\"page-title-head hgroup\">\n<div class=\"b654a4as d2edcug0\">\n<div class=\"page-title-head hgroup\">\n<div class=\"page-title-head hgroup\">\n<div class=\"page-title-head hgroup\">\n<div class=\"page-title-head hgroup\">\n<div class=\"b654a4as d2edcug0\">\n<div><\/div>\n<div><\/div>\n<div>\n<p><strong>MUSICA ALLA RADIO, IL PROGRAMMA DI LORIS SCUSSEL &#8220;COLLAGE OPERAZIONE NOSTALGIA&#8221; DAL LUNEDI AL VENERDI ALLE 16.00\u00a0 E ALLE 23\u00a0<\/strong><\/p>\n<p>&nbsp;<\/p>\n<p><em><strong>PUNTATA 571 DEL 28 MARZO 2022<\/strong><\/em><\/p>\n<audio class=\"wp-audio-shortcode\" id=\"audio-267318-15\" preload=\"none\" style=\"width: 100%;\" controls=\"controls\"><source type=\"audio\/mpeg\" src=\"https:\/\/www.radiopiu.net\/wordpress\/wp-content\/uploads\/2022\/03\/Collage-571.mp3?_=15\" \/><a href=\"https:\/\/www.radiopiu.net\/wordpress\/wp-content\/uploads\/2022\/03\/Collage-571.mp3\">https:\/\/www.radiopiu.net\/wordpress\/wp-content\/uploads\/2022\/03\/Collage-571.mp3<\/a><\/audio>\n<p><strong><a class=\"dt-pswp-item\" href=\"https:\/\/www.radiopiu.net\/wordpress\/wp-content\/uploads\/2022\/03\/La-ballata-delleroe.jpg\" data-dt-img-description=\"\" data-large_image_width=\"500\" data-large_image_height=\"500\"><img loading=\"lazy\" decoding=\"async\" class=\"size-thumbnail wp-image-267142 alignleft\" src=\"https:\/\/www.radiopiu.net\/wordpress\/wp-content\/uploads\/2022\/03\/La-ballata-delleroe-150x150.jpg\" alt=\"\" width=\"150\" height=\"150\" srcset=\"https:\/\/www.radiopiu.net\/wordpress\/wp-content\/uploads\/2022\/03\/La-ballata-delleroe-150x150.jpg 150w, https:\/\/www.radiopiu.net\/wordpress\/wp-content\/uploads\/2022\/03\/La-ballata-delleroe-300x300.jpg 300w, https:\/\/www.radiopiu.net\/wordpress\/wp-content\/uploads\/2022\/03\/La-ballata-delleroe.jpg 500w\" sizes=\"auto, (max-width: 150px) 100vw, 150px\" \/><\/a>di Loris Scussel<\/strong><\/p>\n<p>Anche questa settimana Collage aprir\u00e0 la sua programmazione con una puntata dedicata alle canzoni contro la guerra mentre il tema di marted\u00ec saranno i ricordi e quello di mercoled\u00ec gli amici. Gioved\u00ec puntata dedicata ai successi internazionali per concludere in bellezza venerd\u00ec con un mix di canzoni italiane e non. Collage andr\u00e0 in onda come sempre dal luned\u00ec al venerd\u00ec alle 16,00 e alle 23,00.<\/p>\n<\/div>\n<p>&nbsp;<\/p>\n<p>&nbsp;<\/p>\n<p>&nbsp;<\/p>\n<hr \/>\n<\/div>\n<\/div>\n<\/div>\n<\/div>\n<\/div>\n<\/div>\n<\/div>\n<\/div>\n<\/div>\n<\/div>\n<\/div>\n<\/div>\n<\/div>\n<\/div>\n<\/div>\n<\/div>\n<\/div>\n<\/div>\n<\/div>\n<\/div>\n<\/div>\n<\/div>\n<\/div>\n<\/div>\n<\/div>\n<\/div>\n<\/div>\n<\/div>\n<\/div>\n<\/div>\n<\/div>\n<\/div>\n<\/div>\n<\/div>\n<\/div>\n<\/div>\n<\/div>\n<\/div>\n<\/div>\n<\/div>\n<\/div>\n<\/div>\n<\/div>\n<\/div>\n<\/div>\n<\/div>\n<\/div>\n<\/div>\n<\/div>\n<\/div>\n<\/div>\n<\/div>\n<\/div>\n<\/div>\n<\/div>\n<\/div>\n<\/div>\n<\/div>\n<\/div>\n<\/div>\n<\/div>\n<\/div>\n<\/div>\n<\/div>\n<p>&nbsp;<\/p>\n<blockquote>\n<h3><span style=\"color: #0000ff;\">INFORMAZIONE il canale su TELEGRAM informazione di prima mano e in tempo reale. iscriviti ed aiutaci a farlo conoscere\u00a0\u00a0<\/span><\/h3>\n<\/blockquote>\n<div>\n<div class=\"page-title-head hgroup\">\n<div class=\"page-title-head hgroup\">\n<div class=\"page-title-head hgroup\">\n<div class=\"page-title-head hgroup\">\n<div class=\"b654a4as d2edcug0\">\n<div class=\"page-title-head hgroup\">\n<div class=\"page-title-head hgroup\">\n<div class=\"page-title-head hgroup\">\n<div class=\"page-title-head hgroup\">\n<div class=\"b654a4as d2edcug0\">\n<div class=\"page-title-head hgroup\">\n<div class=\"page-title-head hgroup\">\n<div class=\"page-title-head hgroup\">\n<div class=\"page-title-head hgroup\">\n<div class=\"page-title-head hgroup\">\n<div class=\"page-title-head hgroup\">\n<div class=\"page-title-head hgroup\">\n<div class=\"page-title-head hgroup\">\n<div class=\"page-title-head hgroup\">\n<div class=\"b654a4as d2edcug0\">\n<div class=\"page-title-head hgroup\">\n<div class=\"page-title-head hgroup\">\n<div class=\"page-title-head hgroup\">\n<div class=\"page-title-head hgroup\">\n<div class=\"b654a4as d2edcug0\">\n<div>\n<p>&nbsp;<\/p>\n<\/div>\n<div>\n<div class=\"page-title-head hgroup\">\n<div class=\"page-title-head hgroup\">\n<div class=\"page-title-head hgroup\">\n<div class=\"page-title-head hgroup\">\n<div class=\"page-title-head hgroup\">\n<div class=\"b654a4as d2edcug0\">\n<div>\n<hr \/>\n<\/div>\n<\/div>\n<div>\n<div>\n<p>&nbsp;<\/p>\n<\/div>\n<div>\n<div class=\"mkdf-post-text\">\n<div class=\"mkdf-post-text-inner\">\n<div class=\"mkdf-post-text-main\">\n<div class=\"mkdf-post-text\">\n<div class=\"mkdf-post-text-inner\">\n<div class=\"mkdf-post-text-main\">\n<div class=\"mkdf-post-text\">\n<div class=\"mkdf-post-text-inner\">\n<div class=\"mkdf-post-text-main\">\n<div class=\"page-title-head hgroup\">\n<div class=\"page-title-head hgroup\">\n<div class=\"mkdf-post-text\">\n<div class=\"mkdf-post-text-inner\">\n<div class=\"mkdf-post-text-main\">\n<div class=\"mkdf-post-text\">\n<div class=\"mkdf-post-text-inner\">\n<div class=\"mkdf-post-text-main\">\n<div class=\"page-title-head hgroup\">\n<div class=\"page-title-head hgroup\">\n<div class=\"page-title-head hgroup\">\n<div class=\"page-title-head hgroup\">\n<div class=\"b654a4as d2edcug0\">\n<div class=\"page-title-head hgroup\">\n<div class=\"page-title-head hgroup\">\n<div class=\"page-title-head hgroup\">\n<div class=\"page-title-head hgroup\">\n<div class=\"b654a4as d2edcug0\">\n<div class=\"page-title-head hgroup\">\n<div class=\"page-title-head hgroup\">\n<div class=\"page-title-head hgroup\">\n<div class=\"page-title-head hgroup\">\n<div class=\"b654a4as d2edcug0\">\n<div>\n<div class=\"page-title-head hgroup\">\n<div class=\"page-title-head hgroup\">\n<div class=\"b654a4as d2edcug0\">\n<div class=\"j83agx80 btwxx1t3 lhclo0ds hop8lmos nkwizq5d scwd0bx6 roh60bw9\">\n<div class=\"rq0escxv hkbzh7o3 jwdofwj8 n8tt0mok r8blr3vg hyh9befq\">\n<div class=\"do00u71z l9j0dhe7 k4urcfbm\">\n<div class=\"ecm0bbzt e5nlhep0 a8c37x1j\">\n<div class=\"kvgmc6g5 cxmmr5t8 oygrvhab hcukyx3x c1et5uql\">\n<div class=\"gmail-kvgmc6g5 gmail-cxmmr5t8 gmail-oygrvhab gmail-hcukyx3x gmail-c1et5uql gmail-ii04i59q\">\n<div class=\"page-title-head hgroup\">\n<div class=\"page-title-head hgroup\">\n<div class=\"b654a4as d2edcug0\">\n<div class=\"j83agx80 btwxx1t3 lhclo0ds hop8lmos nkwizq5d scwd0bx6 roh60bw9\">\n<div class=\"rq0escxv hkbzh7o3 jwdofwj8 n8tt0mok r8blr3vg hyh9befq\">\n<div class=\"do00u71z l9j0dhe7 k4urcfbm\">\n<div>\n<div class=\"page-title-head hgroup\">\n<div class=\"page-title-head hgroup\">\n<div class=\"page-title-head hgroup\">\n<div class=\"page-title-head hgroup\">\n<div class=\"b654a4as d2edcug0\">\n<div class=\"page-title-head hgroup\">\n<div class=\"page-title-head hgroup\">\n<div class=\"page-title-head hgroup\">\n<div class=\"page-title-head hgroup\">\n<div class=\"b654a4as d2edcug0\">\n<div class=\"page-title-head hgroup\">\n<div class=\"page-title-head hgroup\">\n<div class=\"page-title-head hgroup\">\n<div class=\"page-title-head hgroup\">\n<div class=\"page-title-head hgroup\">\n<div class=\"page-title-head hgroup\">\n<div class=\"page-title-head hgroup\">\n<div class=\"page-title-head hgroup\">\n<div class=\"page-title-head hgroup\">\n<div class=\"b654a4as d2edcug0\">\n<div class=\"page-title-head hgroup\">\n<div class=\"page-title-head hgroup\">\n<div class=\"page-title-head hgroup\">\n<div class=\"page-title-head hgroup\">\n<div class=\"b654a4as d2edcug0\">\n<div>\n<div class=\"page-title-head hgroup\">\n<div class=\"page-title-head hgroup\">\n<div class=\"page-title-head hgroup\">\n<div class=\"page-title-head hgroup\">\n<div class=\"page-title-head hgroup\">\n<div>\n<div>\n<div>\n<div class=\"mkdf-post-text\">\n<div class=\"mkdf-post-text-inner\">\n<div class=\"mkdf-post-text-main\">\n<div class=\"mkdf-post-text\">\n<div class=\"mkdf-post-text-inner\">\n<div class=\"mkdf-post-text-main\">\n<div class=\"mkdf-post-text\">\n<div class=\"mkdf-post-text-inner\">\n<div class=\"mkdf-post-text-main\">\n<div class=\"page-title-head hgroup\">\n<div class=\"page-title-head hgroup\">\n<div class=\"mkdf-post-text\">\n<div class=\"mkdf-post-text-inner\">\n<div class=\"mkdf-post-text-main\">\n<div class=\"mkdf-post-text\">\n<div class=\"mkdf-post-text-inner\">\n<div class=\"mkdf-post-text-main\">\n<div class=\"page-title-head hgroup\">\n<div class=\"page-title-head hgroup\">\n<div class=\"page-title-head hgroup\">\n<div class=\"page-title-head hgroup\">\n<div class=\"b654a4as d2edcug0\">\n<div class=\"page-title-head hgroup\">\n<div class=\"page-title-head hgroup\">\n<div class=\"page-title-head hgroup\">\n<div class=\"page-title-head hgroup\">\n<div class=\"b654a4as d2edcug0\">\n<div class=\"page-title-head hgroup\">\n<div class=\"page-title-head hgroup\">\n<div class=\"page-title-head hgroup\">\n<div class=\"page-title-head hgroup\">\n<div class=\"b654a4as d2edcug0\">\n<div>\n<div>\n<p><strong>DUE MINUTI UN LIBRO, TUTTI I GIORNI ALLA RADIO ALLE 9.40 E ALLE 17.50\u00a0<\/strong><\/p>\n<div>\n<div>\n<p><strong>LA RACCOLTA COMPLETA\u00a0\u00a0<\/strong><\/p>\n<\/div>\n<div>\n<blockquote class=\"wp-embedded-content\" data-secret=\"h2hMcNN5OW\"><p><a href=\"https:\/\/www.radiopiu.net\/wordpress\/due-minuti-un-libro\/\">Due minuti un libro<\/a><\/p><\/blockquote>\n<p><iframe loading=\"lazy\" class=\"wp-embedded-content\" sandbox=\"allow-scripts\" security=\"restricted\" style=\"position: absolute; clip: rect(1px, 1px, 1px, 1px);\" title=\"&#8220;Due minuti un libro&#8221; &#8212; Radio Pi\u00f9\" src=\"https:\/\/www.radiopiu.net\/wordpress\/due-minuti-un-libro\/embed\/#?secret=2ydwkF8vHk#?secret=h2hMcNN5OW\" data-secret=\"h2hMcNN5OW\" width=\"600\" height=\"338\" frameborder=\"0\" marginwidth=\"0\" marginheight=\"0\" scrolling=\"no\"><\/iframe><\/p>\n<\/div>\n<\/div>\n<\/div>\n<div class=\"mkdf-post-text\">\n<div class=\"mkdf-post-text-inner\">\n<div class=\"mkdf-post-text-main\">\n<div class=\"mkdf-post-text\">\n<div class=\"mkdf-post-text-inner\">\n<div class=\"mkdf-post-text-main\">\n<div class=\"mkdf-post-text\">\n<div class=\"mkdf-post-text-inner\">\n<div class=\"mkdf-post-text-main\">\n<div class=\"page-title-head hgroup\">\n<div class=\"page-title-head hgroup\">\n<div class=\"mkdf-post-text\">\n<div class=\"mkdf-post-text-inner\">\n<div class=\"mkdf-post-text-main\">\n<div class=\"mkdf-post-text\">\n<div class=\"mkdf-post-text-inner\">\n<div class=\"mkdf-post-text-main\">\n<div class=\"page-title-head hgroup\">\n<div class=\"page-title-head hgroup\">\n<div class=\"page-title-head hgroup\">\n<div class=\"page-title-head hgroup\">\n<div class=\"b654a4as d2edcug0\">\n<div class=\"page-title-head hgroup\">\n<div class=\"page-title-head hgroup\">\n<div class=\"page-title-head hgroup\">\n<div class=\"page-title-head hgroup\">\n<div class=\"b654a4as d2edcug0\">\n<div class=\"page-title-head hgroup\">\n<div class=\"page-title-head hgroup\">\n<div class=\"page-title-head hgroup\">\n<div class=\"page-title-head hgroup\">\n<div class=\"b654a4as d2edcug0\">\n<div>\n<p>&nbsp;<\/p>\n<\/div>\n<div>\n<hr \/>\n<p>&nbsp;<\/p>\n<\/div>\n<h2><span style=\"color: #808000;\">L&#8217;ALMANACCO LADINO\u00a0\u00a0<\/span><\/h2>\n<p><em><strong>PUNTATA DEL 28 MARZO 2022<\/strong><\/em><\/p>\n<audio class=\"wp-audio-shortcode\" id=\"audio-267318-16\" preload=\"none\" style=\"width: 100%;\" controls=\"controls\"><source type=\"audio\/mpeg\" src=\"https:\/\/www.radiopiu.net\/wordpress\/wp-content\/uploads\/2022\/03\/80\u00b0Almanacco-Ladino_Fodom.mp3?_=16\" \/><a href=\"https:\/\/www.radiopiu.net\/wordpress\/wp-content\/uploads\/2022\/03\/80\u00b0Almanacco-Ladino_Fodom.mp3\">https:\/\/www.radiopiu.net\/wordpress\/wp-content\/uploads\/2022\/03\/80\u00b0Almanacco-Ladino_Fodom.mp3<\/a><\/audio>\n<p>&nbsp;<\/p>\n<p><strong>LA RACCOLTA<\/strong><\/p>\n<blockquote class=\"wp-embedded-content\" data-secret=\"Wg0yasszZ1\"><p><a href=\"https:\/\/www.radiopiu.net\/wordpress\/almanacco-ladino\/\">Almanacco Ladino<\/a><\/p><\/blockquote>\n<p><iframe loading=\"lazy\" class=\"wp-embedded-content\" sandbox=\"allow-scripts\" security=\"restricted\" style=\"position: absolute; clip: rect(1px, 1px, 1px, 1px);\" title=\"&#8220;Almanacco Ladino&#8221; &#8212; Radio Pi\u00f9\" src=\"https:\/\/www.radiopiu.net\/wordpress\/almanacco-ladino\/embed\/#?secret=KVwoYwQ6Qm#?secret=Wg0yasszZ1\" data-secret=\"Wg0yasszZ1\" width=\"600\" height=\"338\" frameborder=\"0\" marginwidth=\"0\" marginheight=\"0\" scrolling=\"no\"><\/iframe><\/p>\n<p>&nbsp;<\/p>\n<p>&nbsp;<\/p>\n<hr \/>\n<h2><span style=\"color: #33cccc;\">\u00a0<\/span><\/h2>\n<h2><span style=\"color: #33cccc;\">LA RASSEGNA STAMPA DA L&#8217;AMICO DEL POPOLO<\/span><\/h2>\n<p><strong><a class=\"dt-pswp-item\" href=\"https:\/\/www.radiopiu.net\/wordpress\/wp-content\/uploads\/2022\/03\/LIBERA-MAFIE.png\" data-dt-img-description=\"\" data-large_image_width=\"860\" data-large_image_height=\"756\"><img loading=\"lazy\" decoding=\"async\" class=\"size-thumbnail wp-image-267115 alignleft\" src=\"https:\/\/www.radiopiu.net\/wordpress\/wp-content\/uploads\/2022\/03\/LIBERA-MAFIE-150x150.png\" alt=\"\" width=\"150\" height=\"150\" \/><\/a>di Gianni Santomaso<\/strong><\/p>\n<p>OSPITE: Piermario Fop, co-referente di Libera Veneto<\/p>\n<audio class=\"wp-audio-shortcode\" id=\"audio-267318-17\" preload=\"none\" style=\"width: 100%;\" controls=\"controls\"><source type=\"audio\/mpeg\" src=\"https:\/\/www.radiopiu.net\/wordpress\/wp-content\/uploads\/2022\/03\/RASSEGNA-GIANNI-3.mp3?_=17\" \/><a href=\"https:\/\/www.radiopiu.net\/wordpress\/wp-content\/uploads\/2022\/03\/RASSEGNA-GIANNI-3.mp3\">https:\/\/www.radiopiu.net\/wordpress\/wp-content\/uploads\/2022\/03\/RASSEGNA-GIANNI-3.mp3<\/a><\/audio>\n<p>&nbsp;<\/p>\n<p><strong>LA RACCOLTA COMPLETA<\/strong><\/p>\n<blockquote class=\"wp-embedded-content\" data-secret=\"zyuDR90Etr\"><p><a href=\"https:\/\/www.radiopiu.net\/wordpress\/rassegna-stampa-di-gianni-santomaso\/\">Rassegna stampa da l&#8217;amico del popolo &#8211; di Gianni Santomaso<\/a><\/p><\/blockquote>\n<p><iframe loading=\"lazy\" class=\"wp-embedded-content\" sandbox=\"allow-scripts\" security=\"restricted\" style=\"position: absolute; clip: rect(1px, 1px, 1px, 1px);\" title=\"&#8220;Rassegna stampa da l&#8217;amico del popolo &#8211; di Gianni Santomaso&#8221; &#8212; Radio Pi\u00f9\" src=\"https:\/\/www.radiopiu.net\/wordpress\/rassegna-stampa-di-gianni-santomaso\/embed\/#?secret=ygEEQJ8w7j#?secret=zyuDR90Etr\" data-secret=\"zyuDR90Etr\" width=\"600\" height=\"338\" frameborder=\"0\" marginwidth=\"0\" marginheight=\"0\" scrolling=\"no\"><\/iframe><\/p>\n<p>&nbsp;<\/p>\n<hr \/>\n<p>&nbsp;<\/p>\n<div>\n<div class=\"page-title-head hgroup\">\n<div class=\"page-title-head hgroup\">\n<div class=\"b654a4as d2edcug0\">\n<div class=\"j83agx80 btwxx1t3 lhclo0ds hop8lmos nkwizq5d scwd0bx6 roh60bw9\">\n<div class=\"rq0escxv hkbzh7o3 jwdofwj8 n8tt0mok r8blr3vg hyh9befq\">\n<div class=\"do00u71z l9j0dhe7 k4urcfbm\">\n<div class=\"ecm0bbzt e5nlhep0 a8c37x1j\">\n<div class=\"kvgmc6g5 cxmmr5t8 oygrvhab hcukyx3x c1et5uql\">\n<div class=\"gmail-kvgmc6g5 gmail-cxmmr5t8 gmail-oygrvhab gmail-hcukyx3x gmail-c1et5uql gmail-ii04i59q\">\n<div class=\"page-title-head hgroup\">\n<div class=\"page-title-head hgroup\">\n<div class=\"b654a4as d2edcug0\">\n<div class=\"j83agx80 btwxx1t3 lhclo0ds hop8lmos nkwizq5d scwd0bx6 roh60bw9\">\n<div class=\"rq0escxv hkbzh7o3 jwdofwj8 n8tt0mok r8blr3vg hyh9befq\">\n<div class=\"do00u71z l9j0dhe7 k4urcfbm\">\n<div>\n<div class=\"page-title-head hgroup\">\n<div class=\"page-title-head hgroup\">\n<div class=\"page-title-head hgroup\">\n<div class=\"page-title-head hgroup\">\n<div class=\"b654a4as d2edcug0\">\n<div class=\"page-title-head hgroup\">\n<div class=\"page-title-head hgroup\">\n<div class=\"page-title-head hgroup\">\n<div class=\"page-title-head hgroup\">\n<div class=\"b654a4as d2edcug0\">\n<div class=\"page-title-head hgroup\">\n<div class=\"page-title-head hgroup\">\n<div class=\"page-title-head hgroup\">\n<div class=\"page-title-head hgroup\">\n<div class=\"page-title-head hgroup\">\n<div class=\"page-title-head hgroup\">\n<div class=\"page-title-head hgroup\">\n<div class=\"page-title-head hgroup\">\n<div class=\"page-title-head hgroup\">\n<div class=\"b654a4as d2edcug0\">\n<div class=\"page-title-head hgroup\">\n<div class=\"page-title-head hgroup\">\n<div class=\"page-title-head hgroup\">\n<div class=\"page-title-head hgroup\">\n<div class=\"b654a4as d2edcug0\">\n<div>\n<div class=\"page-title-head hgroup\">\n<div class=\"page-title-head hgroup\">\n<div class=\"page-title-head hgroup\">\n<div class=\"page-title-head hgroup\">\n<div class=\"page-title-head hgroup\">\n<div>\n<div>\n<div>\n<div class=\"mkdf-post-text\">\n<div class=\"mkdf-post-text-inner\">\n<div class=\"mkdf-post-text-main\">\n<div class=\"mkdf-post-text\">\n<div class=\"mkdf-post-text-inner\">\n<div class=\"mkdf-post-text-main\">\n<div class=\"mkdf-post-text\">\n<div class=\"mkdf-post-text-inner\">\n<div class=\"mkdf-post-text-main\">\n<div class=\"page-title-head hgroup\">\n<div class=\"page-title-head hgroup\">\n<div class=\"mkdf-post-text\">\n<div class=\"mkdf-post-text-inner\">\n<div class=\"mkdf-post-text-main\">\n<div class=\"mkdf-post-text\">\n<div class=\"mkdf-post-text-inner\">\n<div class=\"mkdf-post-text-main\">\n<div class=\"page-title-head hgroup\">\n<div class=\"page-title-head hgroup\">\n<div class=\"page-title-head hgroup\">\n<div class=\"page-title-head hgroup\">\n<div class=\"b654a4as d2edcug0\">\n<div class=\"page-title-head hgroup\">\n<div class=\"page-title-head hgroup\">\n<div class=\"page-title-head hgroup\">\n<div class=\"page-title-head hgroup\">\n<div class=\"b654a4as d2edcug0\">\n<div class=\"page-title-head hgroup\">\n<div class=\"page-title-head hgroup\">\n<div class=\"page-title-head hgroup\">\n<div class=\"page-title-head hgroup\">\n<div class=\"b654a4as d2edcug0\">\n<h2><span style=\"color: #800080;\">I RACCONTI DI PAOLO SOPPELSA\u00a0<\/span><\/h2>\n<p><strong>DA SAN GIUSEPPE<\/strong><\/p>\n<p><em><strong>AUDIO<\/strong><\/em><\/p>\n<audio class=\"wp-audio-shortcode\" id=\"audio-267318-18\" preload=\"none\" style=\"width: 100%;\" controls=\"controls\"><source type=\"audio\/mpeg\" src=\"https:\/\/www.radiopiu.net\/wordpress\/wp-content\/uploads\/2022\/03\/PAOLO-SOPPELSA-DA-SAN-GIUSEPPE.mp3?_=18\" \/><a href=\"https:\/\/www.radiopiu.net\/wordpress\/wp-content\/uploads\/2022\/03\/PAOLO-SOPPELSA-DA-SAN-GIUSEPPE.mp3\">https:\/\/www.radiopiu.net\/wordpress\/wp-content\/uploads\/2022\/03\/PAOLO-SOPPELSA-DA-SAN-GIUSEPPE.mp3<\/a><\/audio>\n<p>&nbsp;<\/p>\n<p><a class=\"dt-pswp-item\" href=\"https:\/\/www.radiopiu.net\/wordpress\/wp-content\/uploads\/2022\/03\/40bd9ef4-186f-4632-b70d-165a06875479.jpg\" data-dt-img-description=\"\" data-large_image_width=\"708\" data-large_image_height=\"588\"><img loading=\"lazy\" decoding=\"async\" class=\"size-thumbnail wp-image-267157 alignleft\" src=\"https:\/\/www.radiopiu.net\/wordpress\/wp-content\/uploads\/2022\/03\/40bd9ef4-186f-4632-b70d-165a06875479-150x150.jpg\" alt=\"\" width=\"150\" height=\"150\" \/><\/a>Ora il calendario sanciva ufficialmente l&#8217;inizio di una nuova primavera. Era classico tempo di marzo inoltrato, con i prati al sole ormai liberi dalla neve e quelli in ombra, invece, ancora ostaggio di quell&#8217;inverno che ritornava alla sera. Pensava alla stagione che andava sfumando, erano stati lunghi mesi di freddo duro e tenace, e ora li ricordava ad uno ad uno quei giorni che erano trascorsi lentamente. Era ritornato al paese poco prima dei Santi, quando i boschi mostravano i pi\u00f9 intensi colori dell&#8217;autunno, le cime erano imbiancate dalla prima neve e c&#8217;erano da andare a visitare i morti al cimitero. Da Basilea a Belluno in treno, poi la corriera fino a Cencenighe e infine a piedi, col &#8220;rusach&#8221; in spalla e la &#8220;valisa &#8216;nte man&#8221; destinazione San Tomaso. Ormai era arrivato, pensava; salendo lungo la strada respirava l&#8217;aria frizzante dell&#8217;autunno e ad ogni passo sentiva sempre pi\u00f9 forte la voglia di casa. Poi a novembre era venuto il tempo del lavoro nei boschi; la fatica a &#8220;tir\u00e0 taie par tir\u00e0 &#8216;ncora &#8216;n franco&#8221; e la &#8220;becaria&#8221; a fine mese. E ancora il lungo e freddo dicembre, con le giornate corte, l&#8217;albero di Natale con i mandarini appesi ai rami e il portare &#8220;el lat a caselo&#8221;. Poi terminate le feste, due mesi di profondo inverno, buoni per tirare un po&#8217; il fiato e sistemare gli attrezzi utili ai lavori nei campi e nel bosco. Parevano eterni quei giorni freddi, ma quel tempo che sembrava infinito ora stava implacabilmente terminando. Era &#8220;da San Giuseppe&#8221;, a primavera appena iniziata che sarebbe ripartito destinazione aldil\u00e0 delle Alpi; dove avrebbe ritrovato il cantiere con la casa in costruzione, la piccola ma accogliente mansarda dove abitava e i soliti compagni di lavoro. Chiss\u00e0, pensava, se davvero sarebbero ritornati tutti o se qualcuno sarebbe rimasto al paese; l&#8217;avrebbe appurato solamente qualche giorno pi\u00f9 tardi. &#8220;Da San Giuseppe&#8221; era sempre tempo di vento freddo di marzo e pensieri; la valigia pronta, il biglietto del treno e addosso il vestito buono; ora, per lui e per molti altri, era veramente il tempo del lavoro nei cantieri oppure nelle fabbriche, il tempo delle mogli che avrebbero mandato avanti la casa, educato i figli e curato i campi durante la loro assenza. Sarebbero state lettere e nostalgie e forse un breve ritorno per falciare i prati ai primi di luglio. E poi altra partenza, altra assenza e fatiche delle donne a casa e degli uomini oltre confine. Andava cos\u00ec la sua vita &#8220;da San Giuseppe&#8221;; partire quando ancora doveva nascere il giorno e nel cielo si andavano spegnendo le stelle.<\/p>\n<p><strong>LA RACCOLTA COMPLETA<\/strong><\/p>\n<blockquote class=\"wp-embedded-content\" data-secret=\"2AkkuYfIDh\"><p><a href=\"https:\/\/www.radiopiu.net\/wordpress\/i-racconti-di-paolo-soppelsa\/\">I racconti di Paolo Soppelsa<\/a><\/p><\/blockquote>\n<p><iframe loading=\"lazy\" class=\"wp-embedded-content\" sandbox=\"allow-scripts\" security=\"restricted\" style=\"position: absolute; clip: rect(1px, 1px, 1px, 1px);\" title=\"&#8220;I racconti di Paolo Soppelsa&#8221; &#8212; Radio Pi\u00f9\" src=\"https:\/\/www.radiopiu.net\/wordpress\/i-racconti-di-paolo-soppelsa\/embed\/#?secret=P8zRQlsY74#?secret=2AkkuYfIDh\" data-secret=\"2AkkuYfIDh\" width=\"600\" height=\"338\" frameborder=\"0\" marginwidth=\"0\" marginheight=\"0\" scrolling=\"no\"><\/iframe><\/p>\n<hr \/>\n<p>&nbsp;<\/p>\n<blockquote class=\"wp-embedded-content\" data-secret=\"bBTDlF1CxW\"><p><a href=\"https:\/\/www.radiopiu.net\/wordpress\/da-ieri-alla-radio-in-palinsesto-loris-e-maurizio-con-la-grande-musica\/\">IL BLUES ALLA RADIO &#8230; COME NON L&#8217;AVETE MAI SENTITO PRIMA<\/a><\/p><\/blockquote>\n<p><iframe loading=\"lazy\" class=\"wp-embedded-content\" sandbox=\"allow-scripts\" security=\"restricted\" style=\"position: absolute; clip: rect(1px, 1px, 1px, 1px);\" title=\"&#8220;IL BLUES ALLA RADIO &#8230; COME NON L&#8217;AVETE MAI SENTITO PRIMA&#8221; &#8212; Radio Pi\u00f9\" src=\"https:\/\/www.radiopiu.net\/wordpress\/da-ieri-alla-radio-in-palinsesto-loris-e-maurizio-con-la-grande-musica\/embed\/#?secret=JF3FdFA96Z#?secret=bBTDlF1CxW\" data-secret=\"bBTDlF1CxW\" width=\"600\" height=\"338\" frameborder=\"0\" marginwidth=\"0\" marginheight=\"0\" scrolling=\"no\"><\/iframe><\/p>\n<p>&nbsp;<\/p>\n<\/div>\n<\/div>\n<\/div>\n<\/div>\n<\/div>\n<\/div>\n<\/div>\n<\/div>\n<\/div>\n<\/div>\n<\/div>\n<\/div>\n<\/div>\n<\/div>\n<\/div>\n<\/div>\n<\/div>\n<\/div>\n<\/div>\n<\/div>\n<\/div>\n<\/div>\n<\/div>\n<\/div>\n<\/div>\n<\/div>\n<\/div>\n<\/div>\n<\/div>\n<\/div>\n<\/div>\n<\/div>\n<\/div>\n<\/div>\n<\/div>\n<\/div>\n<\/div>\n<\/div>\n<\/div>\n<\/div>\n<\/div>\n<\/div>\n<\/div>\n<\/div>\n<\/div>\n<\/div>\n<\/div>\n<\/div>\n<\/div>\n<\/div>\n<\/div>\n<\/div>\n<\/div>\n<\/div>\n<\/div>\n<\/div>\n<\/div>\n<\/div>\n<\/div>\n<\/div>\n<\/div>\n<\/div>\n<\/div>\n<\/div>\n<\/div>\n<\/div>\n<\/div>\n<\/div>\n<\/div>\n<\/div>\n<\/div>\n<\/div>\n<\/div>\n<\/div>\n<\/div>\n<\/div>\n<\/div>\n<\/div>\n<\/div>\n<\/div>\n<\/div>\n<\/div>\n<\/div>\n<\/div>\n<\/div>\n<\/div>\n<\/div>\n<\/div>\n<\/div>\n<\/div>\n<\/div>\n<\/div>\n<\/div>\n<\/div>\n<\/div>\n<\/div>\n<\/div>\n<\/div>\n<\/div>\n<\/div>\n<\/div>\n<\/div>\n<\/div>\n<\/div>\n<\/div>\n<\/div>\n<\/div>\n<\/div>\n<\/div>\n<\/div>\n<\/div>\n<\/div>\n<\/div>\n<\/div>\n<\/div>\n<\/div>\n<p><a href=\"https:\/\/www.radiopiu.net\/wordpress\/giornale-radiopiu-26-settembre-2018-direttore-mirko-mezzacasa\/viabilita-2\/\" rel=\"attachment wp-att-61954\"><img loading=\"lazy\" decoding=\"async\" class=\"aligncenter wp-image-61954 size-full\" src=\"https:\/\/www.radiopiu.net\/wordpress\/wp-content\/uploads\/2018\/09\/viabilita.jpeg\" sizes=\"auto, (max-width: 800px) 100vw, 800px\" srcset=\"https:\/\/www.radiopiu.net\/wordpress\/wp-content\/uploads\/2018\/09\/viabilita.jpeg 800w, https:\/\/www.radiopiu.net\/wordpress\/wp-content\/uploads\/2018\/09\/viabilita-300x38.jpeg 300w, https:\/\/www.radiopiu.net\/wordpress\/wp-content\/uploads\/2018\/09\/viabilita-768x96.jpeg 768w\" alt=\"\" width=\"800\" height=\"100\" \/><\/a><\/p>\n<\/div>\n<\/div>\n<\/div>\n<\/div>\n<\/div>\n<\/div>\n<\/div>\n<\/div>\n<\/div>\n<\/div>\n<\/div>\n<\/div>\n<\/div>\n<\/div>\n<\/div>\n<\/div>\n<\/div>\n<\/div>\n<\/div>\n<\/div>\n<\/div>\n<\/div>\n<\/div>\n<\/div>\n<\/div>\n<\/div>\n<\/div>\n<\/div>\n<\/div>\n<\/div>\n<\/div>\n<\/div>\n<\/div>\n<\/div>\n<\/div>\n<\/div>\n<\/div>\n<\/div>\n<\/div>\n<\/div>\n<\/div>\n<\/div>\n<\/div>\n<\/div>\n<\/div>\n<\/div>\n<\/div>\n<\/div>\n<\/div>\n<\/div>\n<\/div>\n<\/div>\n<\/div>\n<\/div>\n<\/div>\n<\/div>\n<\/div>\n<\/div>\n<\/div>\n<\/div>\n<\/div>\n<\/div>\n<\/div>\n<\/div>\n<\/div>\n<\/div>\n<\/div>\n<\/div>\n<\/div>\n<\/div>\n<\/div>\n<\/div>\n<\/div>\n<\/div>\n<\/div>\n<\/div>\n<\/div>\n<\/div>\n<\/div>\n<\/div>\n<\/div>\n<\/div>\n<\/div>\n<div>\n<div class=\"page-title-head hgroup\">\n<div class=\"page-title-head hgroup\">\n<div class=\"b654a4as d2edcug0\">\n<div class=\"j83agx80 btwxx1t3 lhclo0ds hop8lmos nkwizq5d scwd0bx6 roh60bw9\">\n<div class=\"rq0escxv hkbzh7o3 jwdofwj8 n8tt0mok r8blr3vg hyh9befq\">\n<div class=\"do00u71z l9j0dhe7 k4urcfbm\">\n<div class=\"ecm0bbzt e5nlhep0 a8c37x1j\">\n<div class=\"kvgmc6g5 cxmmr5t8 oygrvhab hcukyx3x c1et5uql\">\n<div class=\"gmail-kvgmc6g5 gmail-cxmmr5t8 gmail-oygrvhab gmail-hcukyx3x gmail-c1et5uql gmail-ii04i59q\">\n<div class=\"page-title-head hgroup\">\n<div class=\"page-title-head hgroup\">\n<div class=\"b654a4as d2edcug0\">\n<div class=\"j83agx80 btwxx1t3 lhclo0ds hop8lmos nkwizq5d scwd0bx6 roh60bw9\">\n<div class=\"rq0escxv hkbzh7o3 jwdofwj8 n8tt0mok r8blr3vg hyh9befq\">\n<div class=\"do00u71z l9j0dhe7 k4urcfbm\">\n<div class=\"page-title-head hgroup\">\n<div class=\"page-title-head hgroup\">\n<div class=\"page-title-head hgroup\">\n<div class=\"page-title-head hgroup\">\n<div class=\"b654a4as d2edcug0\">\n<div class=\"page-title-head hgroup\">\n<div class=\"page-title-head hgroup\">\n<div class=\"page-title-head hgroup\">\n<div class=\"page-title-head hgroup\">\n<div class=\"b654a4as d2edcug0\">\n<div class=\"page-title-head hgroup\">\n<div class=\"page-title-head hgroup\">\n<div class=\"page-title-head hgroup\">\n<div class=\"page-title-head hgroup\">\n<div class=\"page-title-head hgroup\">\n<div class=\"page-title-head hgroup\">\n<div class=\"page-title-head hgroup\">\n<div class=\"page-title-head hgroup\">\n<div class=\"page-title-head hgroup\">\n<div class=\"b654a4as d2edcug0\">\n<div class=\"page-title-head hgroup\">\n<div class=\"page-title-head hgroup\">\n<div class=\"page-title-head hgroup\">\n<div class=\"page-title-head hgroup\">\n<div class=\"b654a4as d2edcug0\">\n<div class=\"page-title-head hgroup\">\n<div class=\"page-title-head hgroup\">\n<div class=\"page-title-head hgroup\">\n<div class=\"page-title-head hgroup\">\n<div class=\"page-title-head hgroup\">\n<div class=\"mkdf-post-text\">\n<div class=\"mkdf-post-text-inner\">\n<div class=\"mkdf-post-text-main\">\n<div class=\"mkdf-post-text\">\n<div class=\"mkdf-post-text-inner\">\n<div class=\"mkdf-post-text-main\">\n<div class=\"mkdf-post-text\">\n<div class=\"mkdf-post-text-inner\">\n<div class=\"mkdf-post-text-main\">\n<div class=\"page-title-head hgroup\">\n<div class=\"page-title-head hgroup\">\n<div class=\"mkdf-post-text\">\n<div class=\"mkdf-post-text-inner\">\n<div class=\"mkdf-post-text-main\">\n<div class=\"mkdf-post-text\">\n<div class=\"mkdf-post-text-inner\">\n<div class=\"mkdf-post-text-main\">\n<div class=\"page-title-head hgroup\">\n<div class=\"page-title-head hgroup\">\n<div class=\"page-title-head hgroup\">\n<div class=\"page-title-head hgroup\">\n<div class=\"b654a4as d2edcug0\">\n<div class=\"page-title-head hgroup\">\n<div class=\"page-title-head hgroup\">\n<div class=\"page-title-head hgroup\">\n<div class=\"page-title-head hgroup\">\n<div class=\"b654a4as d2edcug0\">\n<div class=\"page-title-head hgroup\">\n<div class=\"page-title-head hgroup\">\n<div class=\"page-title-head hgroup\">\n<div class=\"page-title-head hgroup\">\n<div class=\"b654a4as d2edcug0\">\n<div class=\"ecm0bbzt e5nlhep0 a8c37x1j\">\n<div class=\"kvgmc6g5 cxmmr5t8 oygrvhab hcukyx3x c1et5uql\">\n<div class=\"gmail-kvgmc6g5 gmail-cxmmr5t8 gmail-oygrvhab gmail-hcukyx3x gmail-c1et5uql gmail-ii04i59q\">\n<div class=\"page-title-head hgroup\">\n<div class=\"page-title-head hgroup\">\n<div class=\"b654a4as d2edcug0\">\n<div class=\"j83agx80 btwxx1t3 lhclo0ds hop8lmos nkwizq5d scwd0bx6 roh60bw9\">\n<div class=\"rq0escxv hkbzh7o3 jwdofwj8 n8tt0mok r8blr3vg hyh9befq\">\n<div class=\"do00u71z l9j0dhe7 k4urcfbm\">\n<div class=\"page-title-head hgroup\">\n<div class=\"page-title-head hgroup\">\n<div class=\"page-title-head hgroup\">\n<div class=\"page-title-head hgroup\">\n<div class=\"b654a4as d2edcug0\">\n<div class=\"page-title-head hgroup\">\n<div class=\"page-title-head hgroup\">\n<div class=\"page-title-head hgroup\">\n<div class=\"page-title-head hgroup\">\n<div class=\"b654a4as d2edcug0\">\n<div class=\"page-title-head hgroup\">\n<div class=\"page-title-head hgroup\">\n<div class=\"page-title-head hgroup\">\n<div class=\"page-title-head hgroup\">\n<div class=\"page-title-head hgroup\">\n<div class=\"page-title-head hgroup\">\n<div class=\"page-title-head hgroup\">\n<div class=\"page-title-head hgroup\">\n<div class=\"page-title-head hgroup\">\n<div class=\"b654a4as d2edcug0\">\n<div class=\"page-title-head hgroup\">\n<div class=\"page-title-head hgroup\">\n<div class=\"page-title-head hgroup\">\n<div class=\"page-title-head hgroup\">\n<div class=\"b654a4as d2edcug0\">\n<div class=\"page-title-head hgroup\">\n<div class=\"page-title-head hgroup\">\n<div class=\"page-title-head hgroup\">\n<div class=\"page-title-head hgroup\">\n<div class=\"page-title-head hgroup\">\n<div class=\"mkdf-post-text\">\n<div class=\"mkdf-post-text-inner\">\n<div class=\"mkdf-post-text-main\">\n<div class=\"mkdf-post-text\">\n<div class=\"mkdf-post-text-inner\">\n<div class=\"mkdf-post-text-main\">\n<div class=\"mkdf-post-text\">\n<div class=\"mkdf-post-text-inner\">\n<div class=\"mkdf-post-text-main\">\n<div class=\"page-title-head hgroup\">\n<div class=\"page-title-head hgroup\">\n<div class=\"mkdf-post-text\">\n<div class=\"mkdf-post-text-inner\">\n<div class=\"mkdf-post-text-main\">\n<div class=\"mkdf-post-text\">\n<div class=\"mkdf-post-text-inner\">\n<div class=\"mkdf-post-text-main\">\n<div class=\"page-title-head hgroup\">\n<div class=\"page-title-head hgroup\">\n<div class=\"page-title-head hgroup\">\n<div class=\"page-title-head hgroup\">\n<div class=\"b654a4as d2edcug0\">\n<div class=\"page-title-head hgroup\">\n<div class=\"page-title-head hgroup\">\n<div class=\"page-title-head hgroup\">\n<div class=\"page-title-head hgroup\">\n<div class=\"b654a4as d2edcug0\">\n<div class=\"page-title-head hgroup\">\n<div class=\"page-title-head hgroup\">\n<div class=\"page-title-head hgroup\">\n<div class=\"page-title-head hgroup\">\n<div class=\"b654a4as d2edcug0\">\n<p>&nbsp;<\/p>\n<p>&nbsp;<\/p>\n<blockquote class=\"wp-embedded-content\" data-secret=\"aMpelaYNwh\"><p><a href=\"https:\/\/www.radiopiu.net\/wordpress\/viabilita\/\">viabilita<\/a><\/p><\/blockquote>\n<p><iframe loading=\"lazy\" class=\"wp-embedded-content\" sandbox=\"allow-scripts\" security=\"restricted\" style=\"position: absolute; clip: rect(1px, 1px, 1px, 1px);\" title=\"&#8220;viabilita&#8221; &#8212; Radio Pi\u00f9\" src=\"https:\/\/www.radiopiu.net\/wordpress\/viabilita\/embed\/#?secret=DemVLDDR01#?secret=aMpelaYNwh\" data-secret=\"aMpelaYNwh\" width=\"600\" height=\"338\" frameborder=\"0\" marginwidth=\"0\" marginheight=\"0\" scrolling=\"no\"><\/iframe><\/p>\n<p>&nbsp;<\/p>\n<p>&nbsp;<\/p>\n<hr \/>\n<\/div>\n<\/div>\n<\/div>\n<\/div>\n<\/div>\n<\/div>\n<\/div>\n<\/div>\n<\/div>\n<\/div>\n<\/div>\n<\/div>\n<\/div>\n<\/div>\n<\/div>\n<\/div>\n<\/div>\n<\/div>\n<\/div>\n<\/div>\n<\/div>\n<\/div>\n<\/div>\n<\/div>\n<\/div>\n<\/div>\n<\/div>\n<\/div>\n<\/div>\n<\/div>\n<\/div>\n<\/div>\n<\/div>\n<\/div>\n<\/div>\n<\/div>\n<\/div>\n<\/div>\n<\/div>\n<\/div>\n<\/div>\n<\/div>\n<\/div>\n<\/div>\n<\/div>\n<\/div>\n<\/div>\n<\/div>\n<\/div>\n<\/div>\n<\/div>\n<\/div>\n<\/div>\n<\/div>\n<\/div>\n<\/div>\n<\/div>\n<\/div>\n<\/div>\n<\/div>\n<\/div>\n<\/div>\n<\/div>\n<\/div>\n<\/div>\n<\/div>\n<\/div>\n<\/div>\n<\/div>\n<\/div>\n<\/div>\n<\/div>\n<\/div>\n<\/div>\n<\/div>\n<\/div>\n<\/div>\n<\/div>\n<\/div>\n<\/div>\n<\/div>\n<\/div>\n<\/div>\n<\/div>\n<\/div>\n<\/div>\n<\/div>\n<\/div>\n<\/div>\n<\/div>\n<\/div>\n<\/div>\n<\/div>\n<\/div>\n<\/div>\n<\/div>\n<\/div>\n<\/div>\n<\/div>\n<\/div>\n<\/div>\n<\/div>\n<\/div>\n<\/div>\n<\/div>\n<\/div>\n<\/div>\n<\/div>\n<\/div>\n<\/div>\n<\/div>\n<\/div>\n<\/div>\n<\/div>\n<\/div>\n<\/div>\n<\/div>\n<\/div>\n<\/div>\n<\/div>\n<\/div>\n<\/div>\n<\/div>\n<\/div>\n<\/div>\n<\/div>\n<\/div>\n<\/div>\n<\/div>\n<\/div>\n<\/div>\n<\/div>\n<\/div>\n<\/div>\n<\/div>\n<\/div>\n<\/div>\n<\/div>\n<\/div>\n<\/div>\n<\/div>\n<\/div>\n<\/div>\n<\/div>\n<\/div>\n<\/div>\n<\/div>\n<\/div>\n<\/div>\n<p>&nbsp;<\/p>\n<div>\n<div class=\"page-title-head hgroup\">\n<div class=\"page-title-head hgroup\">\n<div class=\"b654a4as d2edcug0\">\n<div class=\"j83agx80 btwxx1t3 lhclo0ds hop8lmos nkwizq5d scwd0bx6 roh60bw9\">\n<div class=\"rq0escxv hkbzh7o3 jwdofwj8 n8tt0mok r8blr3vg hyh9befq\">\n<div class=\"do00u71z l9j0dhe7 k4urcfbm\">\n<div class=\"page-title-head hgroup\">\n<div class=\"page-title-head hgroup\">\n<div class=\"b654a4as d2edcug0\">\n<div class=\"j83agx80 btwxx1t3 lhclo0ds hop8lmos nkwizq5d scwd0bx6 roh60bw9\">\n<div class=\"rq0escxv hkbzh7o3 jwdofwj8 n8tt0mok r8blr3vg hyh9befq\">\n<div class=\"do00u71z l9j0dhe7 k4urcfbm\">\n<div class=\"ecm0bbzt e5nlhep0 a8c37x1j\">\n<div class=\"kvgmc6g5 cxmmr5t8 oygrvhab hcukyx3x c1et5uql\">\n<div class=\"gmail-kvgmc6g5 gmail-cxmmr5t8 gmail-oygrvhab gmail-hcukyx3x gmail-c1et5uql gmail-ii04i59q\">\n<div class=\"page-title-head hgroup\">\n<div class=\"page-title-head hgroup\">\n<div class=\"b654a4as d2edcug0\">\n<div class=\"j83agx80 btwxx1t3 lhclo0ds hop8lmos nkwizq5d scwd0bx6 roh60bw9\">\n<div class=\"rq0escxv hkbzh7o3 jwdofwj8 n8tt0mok r8blr3vg hyh9befq\">\n<div class=\"do00u71z l9j0dhe7 k4urcfbm\">\n<div class=\"page-title-head hgroup\">\n<div class=\"page-title-head hgroup\">\n<div class=\"b654a4as d2edcug0\">\n<div class=\"j83agx80 btwxx1t3 lhclo0ds hop8lmos nkwizq5d scwd0bx6 roh60bw9\">\n<div class=\"rq0escxv hkbzh7o3 jwdofwj8 n8tt0mok r8blr3vg hyh9befq\">\n<div class=\"do00u71z l9j0dhe7 k4urcfbm\">\n<div>\n<div class=\"page-title-head hgroup\">\n<div class=\"page-title-head hgroup\">\n<div class=\"b654a4as d2edcug0\">\n<div class=\"j83agx80 btwxx1t3 lhclo0ds hop8lmos nkwizq5d scwd0bx6 roh60bw9\">\n<div class=\"rq0escxv hkbzh7o3 jwdofwj8 n8tt0mok r8blr3vg hyh9befq\">\n<div class=\"do00u71z l9j0dhe7 k4urcfbm\">\n<div class=\"ecm0bbzt e5nlhep0 a8c37x1j\">\n<div class=\"kvgmc6g5 cxmmr5t8 oygrvhab hcukyx3x c1et5uql\">\n<div class=\"gmail-kvgmc6g5 gmail-cxmmr5t8 gmail-oygrvhab gmail-hcukyx3x gmail-c1et5uql gmail-ii04i59q\">\n<div class=\"page-title-head hgroup\">\n<div class=\"page-title-head hgroup\">\n<div class=\"b654a4as d2edcug0\">\n<div class=\"j83agx80 btwxx1t3 lhclo0ds hop8lmos nkwizq5d scwd0bx6 roh60bw9\">\n<div class=\"rq0escxv hkbzh7o3 jwdofwj8 n8tt0mok r8blr3vg hyh9befq\">\n<div class=\"do00u71z l9j0dhe7 k4urcfbm\">\n<div class=\"page-title-head hgroup\">\n<div class=\"page-title-head hgroup\">\n<div class=\"page-title-head hgroup\">\n<div class=\"page-title-head hgroup\">\n<div class=\"b654a4as d2edcug0\">\n<div class=\"page-title-head hgroup\">\n<div class=\"page-title-head hgroup\">\n<div class=\"page-title-head hgroup\">\n<div class=\"page-title-head hgroup\">\n<div class=\"b654a4as d2edcug0\">\n<div class=\"page-title-head hgroup\">\n<div class=\"page-title-head hgroup\">\n<div class=\"page-title-head hgroup\">\n<div class=\"page-title-head hgroup\">\n<div class=\"page-title-head hgroup\">\n<div class=\"page-title-head hgroup\">\n<div class=\"page-title-head hgroup\">\n<div class=\"page-title-head hgroup\">\n<div class=\"page-title-head hgroup\">\n<div class=\"b654a4as d2edcug0\">\n<div class=\"page-title-head hgroup\">\n<div class=\"page-title-head hgroup\">\n<div class=\"page-title-head hgroup\">\n<div class=\"page-title-head hgroup\">\n<div class=\"b654a4as d2edcug0\">\n<div class=\"page-title-head hgroup\">\n<div class=\"page-title-head hgroup\">\n<div class=\"page-title-head hgroup\">\n<div class=\"page-title-head hgroup\">\n<div class=\"page-title-head hgroup\">\n<div class=\"mkdf-post-text\">\n<div class=\"mkdf-post-text-inner\">\n<div class=\"mkdf-post-text-main\">\n<div class=\"mkdf-post-text\">\n<div class=\"mkdf-post-text-inner\">\n<div class=\"mkdf-post-text-main\">\n<div class=\"mkdf-post-text\">\n<div class=\"mkdf-post-text-inner\">\n<div class=\"mkdf-post-text-main\">\n<div class=\"page-title-head hgroup\">\n<div class=\"page-title-head hgroup\">\n<div class=\"mkdf-post-text\">\n<div class=\"mkdf-post-text-inner\">\n<div class=\"mkdf-post-text-main\">\n<div class=\"mkdf-post-text\">\n<div class=\"mkdf-post-text-inner\">\n<div class=\"mkdf-post-text-main\">\n<div class=\"page-title-head hgroup\">\n<div class=\"page-title-head hgroup\">\n<div class=\"page-title-head hgroup\">\n<div class=\"page-title-head hgroup\">\n<div class=\"b654a4as d2edcug0\">\n<div class=\"page-title-head hgroup\">\n<div class=\"page-title-head hgroup\">\n<div class=\"page-title-head hgroup\">\n<div class=\"page-title-head hgroup\">\n<div class=\"b654a4as d2edcug0\">\n<div class=\"page-title-head hgroup\">\n<div class=\"page-title-head hgroup\">\n<div class=\"page-title-head hgroup\">\n<div class=\"page-title-head hgroup\">\n<div class=\"b654a4as d2edcug0\">\n<div class=\"ecm0bbzt e5nlhep0 a8c37x1j\">\n<div class=\"kvgmc6g5 cxmmr5t8 oygrvhab hcukyx3x c1et5uql\">\n<div class=\"gmail-kvgmc6g5 gmail-cxmmr5t8 gmail-oygrvhab gmail-hcukyx3x gmail-c1et5uql gmail-ii04i59q\">\n<div class=\"page-title-head hgroup\">\n<div class=\"page-title-head hgroup\">\n<div class=\"b654a4as d2edcug0\">\n<div class=\"j83agx80 btwxx1t3 lhclo0ds hop8lmos nkwizq5d scwd0bx6 roh60bw9\">\n<div class=\"rq0escxv hkbzh7o3 jwdofwj8 n8tt0mok r8blr3vg hyh9befq\">\n<div class=\"do00u71z l9j0dhe7 k4urcfbm\">\n<div class=\"page-title-head hgroup\">\n<div class=\"page-title-head hgroup\">\n<div class=\"page-title-head hgroup\">\n<div class=\"page-title-head hgroup\">\n<div class=\"b654a4as d2edcug0\">\n<div class=\"page-title-head hgroup\">\n<div class=\"page-title-head hgroup\">\n<div class=\"page-title-head hgroup\">\n<div class=\"page-title-head hgroup\">\n<div class=\"b654a4as d2edcug0\">\n<div class=\"page-title-head hgroup\">\n<div class=\"page-title-head hgroup\">\n<div class=\"page-title-head hgroup\">\n<div class=\"page-title-head hgroup\">\n<div class=\"page-title-head hgroup\">\n<div class=\"page-title-head hgroup\">\n<div class=\"page-title-head hgroup\">\n<div class=\"page-title-head hgroup\">\n<div class=\"page-title-head hgroup\">\n<div class=\"b654a4as d2edcug0\">\n<div class=\"page-title-head hgroup\">\n<div class=\"page-title-head hgroup\">\n<div class=\"page-title-head hgroup\">\n<div class=\"page-title-head hgroup\">\n<div class=\"b654a4as d2edcug0\">\n<div class=\"page-title-head hgroup\">\n<div class=\"page-title-head hgroup\">\n<div class=\"page-title-head hgroup\">\n<div class=\"page-title-head hgroup\">\n<div class=\"page-title-head hgroup\">\n<div class=\"mkdf-post-text\">\n<div class=\"mkdf-post-text-inner\">\n<div class=\"mkdf-post-text-main\">\n<div class=\"mkdf-post-text\">\n<div class=\"mkdf-post-text-inner\">\n<div class=\"mkdf-post-text-main\">\n<div class=\"mkdf-post-text\">\n<div class=\"mkdf-post-text-inner\">\n<div class=\"mkdf-post-text-main\">\n<div class=\"page-title-head hgroup\">\n<div class=\"page-title-head hgroup\">\n<div class=\"mkdf-post-text\">\n<div class=\"mkdf-post-text-inner\">\n<div class=\"mkdf-post-text-main\">\n<div class=\"mkdf-post-text\">\n<div class=\"mkdf-post-text-inner\">\n<div class=\"mkdf-post-text-main\">\n<div class=\"page-title-head hgroup\">\n<div class=\"page-title-head hgroup\">\n<div class=\"page-title-head hgroup\">\n<div class=\"page-title-head hgroup\">\n<div class=\"b654a4as d2edcug0\">\n<div class=\"page-title-head hgroup\">\n<div class=\"page-title-head hgroup\">\n<div class=\"page-title-head hgroup\">\n<div class=\"page-title-head hgroup\">\n<div class=\"b654a4as d2edcug0\">\n<div class=\"page-title-head hgroup\">\n<div class=\"page-title-head hgroup\">\n<div class=\"page-title-head hgroup\">\n<div class=\"page-title-head hgroup\">\n<div class=\"b654a4as d2edcug0\">\n<p>&nbsp;<\/p>\n<\/div>\n<div class=\"b654a4as d2edcug0\">\n<div class=\"ecm0bbzt e5nlhep0 a8c37x1j\">\n<div class=\"kvgmc6g5 cxmmr5t8 oygrvhab hcukyx3x c1et5uql\">\n<div class=\"gmail-kvgmc6g5 gmail-cxmmr5t8 gmail-oygrvhab gmail-hcukyx3x gmail-c1et5uql gmail-ii04i59q\">\n<div>\n<div class=\"page-title-head hgroup\">\n<div class=\"page-title-head hgroup\">\n<div class=\"b654a4as d2edcug0\">\n<div class=\"j83agx80 btwxx1t3 lhclo0ds hop8lmos nkwizq5d scwd0bx6 roh60bw9\">\n<div class=\"rq0escxv hkbzh7o3 jwdofwj8 n8tt0mok r8blr3vg hyh9befq\">\n<div class=\"do00u71z l9j0dhe7 k4urcfbm\">\n<div>\n<div class=\"page-title-head hgroup\">\n<div class=\"page-title-head hgroup\">\n<div class=\"page-title-head hgroup\">\n<div class=\"page-title-head hgroup\">\n<div class=\"b654a4as d2edcug0\">\n<div class=\"page-title-head hgroup\">\n<div class=\"page-title-head hgroup\">\n<div class=\"page-title-head hgroup\">\n<div class=\"page-title-head hgroup\">\n<div class=\"b654a4as d2edcug0\">\n<div class=\"page-title-head hgroup\">\n<div class=\"page-title-head hgroup\">\n<div class=\"page-title-head hgroup\">\n<div class=\"page-title-head hgroup\">\n<div class=\"page-title-head hgroup\">\n<div class=\"mkdf-post-text\">\n<div class=\"mkdf-post-text-inner\">\n<div class=\"mkdf-post-text-main\">\n<div class=\"mkdf-post-text\">\n<div class=\"mkdf-post-text-inner\">\n<div class=\"mkdf-post-text-main\">\n<div class=\"mkdf-post-text\">\n<div class=\"mkdf-post-text-inner\">\n<div class=\"mkdf-post-text-main\">\n<div class=\"page-title-head hgroup\">\n<div class=\"page-title-head hgroup\">\n<div class=\"mkdf-post-text\">\n<div class=\"mkdf-post-text-inner\">\n<div class=\"mkdf-post-text-main\">\n<div class=\"mkdf-post-text\">\n<div class=\"mkdf-post-text-inner\">\n<div class=\"mkdf-post-text-main\">\n<div>\n<div class=\"page-title-head hgroup\">\n<div class=\"page-title-head hgroup\">\n<div>\n<div class=\"page-title-head hgroup\">\n<div class=\"page-title-head hgroup\">\n<div class=\"b654a4as d2edcug0\">\n<div>\n<div class=\"page-title-head hgroup\" style=\"text-align: left;\">\n<div class=\"page-title-head hgroup\">\n<div dir=\"auto\">\n<p><a class=\"dt-pswp-item pspw-wrap-ready\" href=\"https:\/\/i0.wp.com\/www.radiopiu.net\/wordpress\/wp-content\/uploads\/2018\/09\/WhatsApp-Image-2018-09-20-at-16.04.06.jpeg?ssl=1\" data-dt-img-description=\"\" data-large_image_width=\"800\" data-large_image_height=\"100\"><img loading=\"lazy\" decoding=\"async\" class=\"aligncenter wp-image-61378 size-full jetpack-lazy-image jetpack-lazy-image--handled\" src=\"https:\/\/i0.wp.com\/www.radiopiu.net\/wordpress\/wp-content\/uploads\/2018\/09\/WhatsApp-Image-2018-09-20-at-16.04.06.jpeg?resize=800%2C100&amp;ssl=1\" sizes=\"auto, (max-width: 800px) 100vw, 800px\" srcset=\"https:\/\/i0.wp.com\/www.radiopiu.net\/wordpress\/wp-content\/uploads\/2018\/09\/WhatsApp-Image-2018-09-20-at-16.04.06.jpeg?w=800&amp;ssl=1 800w, https:\/\/i0.wp.com\/www.radiopiu.net\/wordpress\/wp-content\/uploads\/2018\/09\/WhatsApp-Image-2018-09-20-at-16.04.06.jpeg?resize=300%2C38&amp;ssl=1 300w, https:\/\/i0.wp.com\/www.radiopiu.net\/wordpress\/wp-content\/uploads\/2018\/09\/WhatsApp-Image-2018-09-20-at-16.04.06.jpeg?resize=768%2C96&amp;ssl=1 768w\" alt=\"\" width=\"800\" height=\"100\" data-lazy-loaded=\"1\" \/><\/a><\/p>\n<\/div>\n<\/div>\n<\/div>\n<\/div>\n<\/div>\n<\/div>\n<\/div>\n<\/div>\n<\/div>\n<\/div>\n<\/div>\n<\/div>\n<\/div>\n<\/div>\n<\/div>\n<\/div>\n<\/div>\n<\/div>\n<\/div>\n<\/div>\n<\/div>\n<\/div>\n<\/div>\n<\/div>\n<\/div>\n<\/div>\n<\/div>\n<\/div>\n<\/div>\n<\/div>\n<\/div>\n<\/div>\n<\/div>\n<\/div>\n<\/div>\n<\/div>\n<\/div>\n<\/div>\n<\/div>\n<\/div>\n<\/div>\n<\/div>\n<\/div>\n<\/div>\n<\/div>\n<\/div>\n<\/div>\n<\/div>\n<\/div>\n<\/div>\n<\/div>\n<\/div>\n<\/div>\n<\/div>\n<\/div>\n<\/div>\n<\/div>\n<\/div>\n<\/div>\n<\/div>\n<\/div>\n<\/div>\n<\/div>\n<\/div>\n<\/div>\n<\/div>\n<\/div>\n<\/div>\n<\/div>\n<\/div>\n<\/div>\n<\/div>\n<\/div>\n<\/div>\n<\/div>\n<\/div>\n<\/div>\n<\/div>\n<\/div>\n<\/div>\n<\/div>\n<\/div>\n<\/div>\n<\/div>\n<\/div>\n<\/div>\n<\/div>\n<\/div>\n<\/div>\n<\/div>\n<\/div>\n<\/div>\n<\/div>\n<\/div>\n<\/div>\n<\/div>\n<\/div>\n<\/div>\n<\/div>\n<\/div>\n<\/div>\n<\/div>\n<\/div>\n<\/div>\n<\/div>\n<\/div>\n<\/div>\n<\/div>\n<\/div>\n<\/div>\n<\/div>\n<\/div>\n<\/div>\n<\/div>\n<\/div>\n<\/div>\n<\/div>\n<\/div>\n<\/div>\n<\/div>\n<\/div>\n<\/div>\n<\/div>\n<\/div>\n<\/div>\n<\/div>\n<\/div>\n<\/div>\n<\/div>\n<\/div>\n<\/div>\n<\/div>\n<\/div>\n<\/div>\n<\/div>\n<\/div>\n<\/div>\n<\/div>\n<\/div>\n<\/div>\n<\/div>\n<\/div>\n<\/div>\n<\/div>\n<\/div>\n<\/div>\n<\/div>\n<\/div>\n<\/div>\n<\/div>\n<\/div>\n<\/div>\n<\/div>\n<\/div>\n<\/div>\n<\/div>\n<\/div>\n<\/div>\n<\/div>\n<\/div>\n<\/div>\n<\/div>\n<\/div>\n<\/div>\n<\/div>\n<\/div>\n<\/div>\n<\/div>\n<\/div>\n<\/div>\n<\/div>\n<\/div>\n<\/div>\n<\/div>\n<\/div>\n<\/div>\n<\/div>\n<\/div>\n<\/div>\n<\/div>\n<\/div>\n<\/div>\n<\/div>\n<\/div>\n<\/div>\n<\/div>\n<\/div>\n<\/div>\n<\/div>\n<\/div>\n<\/div>\n<\/div>\n<\/div>\n<\/div>\n<\/div>\n<\/div>\n<\/div>\n<\/div>\n<\/div>\n<\/div>\n<\/div>\n<\/div>\n<\/div>\n<\/div>\n<\/div>\n<\/div>\n<\/div>\n<\/div>\n<\/div>\n<\/div>\n<\/div>\n<\/div>\n<\/div>\n<\/div>\n<\/div>\n<\/div>\n<\/div>\n<\/div>\n<\/div>\n<\/div>\n<\/div>\n<\/div>\n<\/div>\n<\/div>\n<\/div>\n<\/div>\n<\/div>\n<\/div>\n<\/div>\n<\/div>\n<\/div>\n<p>&nbsp;<\/p>\n<p><center><b>Martedi 29<\/b><\/center><b>Tempo atteso: <\/b>Cielo nuvoloso o velato da nubi alte, gi\u00e0 nella notte. Nel corso della mattinata infittirsi della nuvolosit\u00e0 stratiforme medio-alta con poche chance di schiarite. Al pomeriggio nuvolosit\u00e0 sempre pi\u00f9 compatta e nel tardo pomeriggio\/sera non saranno da escludere i primi sporadici e debolissimi fenomeni. Minore mitezza diurna.<br \/>\n<b>Precipitazioni: <\/b>Assenti (0%), eccetto prime gocce di pioggia serali (10%), assieme a qualche fiocco sopra i 1800\/1900 m.<br \/>\n<b>Temperature: <\/b>Minime in aumento nelle valli e in calo in quota, dove saranno osservate alla sera; massime in generale diminuzione. Previste punte di 11\/13\u00b0C nei fondovalle prealpini e di 7\/10\u00b0C a 1000\/1200 m. Su Prealpi a 1500 m min 3\u00b0C max 7\u00b0C, a 2000 m min 0\u00b0C, max 3\u00b0C. Su Dolomiti a 2000 m min 0\u00b0C max 4\u00b0C, 3000 m min -6\u00b0C max -4\u00b0C.<br \/>\n<b>Venti: <\/b>Nelle valli deboli di direzione variabile; in quota deboli\/moderati da nord-ovest al mattino, poi da ovest, prima di orientarsi da sud-ovest alla sera, a 5-10 km\/h a 2000 m e 10-20 km\/h a 3000 m.<\/p>\n<hr \/>\n<p><center><b>Mercoledi 30<\/b><\/center><b>Tempo atteso: <\/b>Tra la notte e il mattino lieve peggioramento del tempo con cielo gi\u00e0 molto nuvoloso\/coperto, associato a deboli precipitazioni sparse. Al pomeriggio tempo perturbato con ambiente uggioso e ridotta escursione termica diurna a tutte le quote.<br \/>\n<b>Precipitazioni: <\/b>Probabilit\u00e0 alta per deboli precipitazioni (70\/80%), sparse al mattino e pi\u00f9 diffuse e durature al pomeriggio (90\/100%). Il limite neve scender\u00e0 fino sui 1400\/1600 m. Sono previsti apporti di 5-10 mm\/24H, localmente fino a 15 mm nei settori di Stau da sud-est su alcuni settori prealpini, Previsti altrettanti cm di neve fresca sopra i 1800-2000 m, mentre sotto tali quote gli apporti saranno minori per neve pesante o contributo pioggia.<br \/>\n<b>Temperature: <\/b>In generale diminuzione, eccetto rialzo delle minime nei fondovalle. Previste punte di 9\/10\u00b0C nei fondovalle prealpini e di 3\/5\u00b0C a 1000\/1200 m. Su Prealpi a 1500 m min 1\u00b0C max 2\u00b0C, a 2000 m min -2\u00b0C, max 0\u00b0C. Su Dolomiti a 2000 m min -2\u00b0C max 0\u00b0C, 3000 m min -7\u00b0C max -6\u00b0C.<br \/>\n<b>Venti: <\/b>Nelle valli deboli di direzione variabile; in quota moderati\/tesi da sud-ovest, in rotazione da sud-est oppure da est alla sera, a 5-15 km\/h a 2000 m e 15-30 km\/h a 3000 m.<\/p>\n<hr \/>\n<p><center><b>Giovedi 31<\/b><\/center>Nottetempo e al primo mattino residua perturbabilit\u00e0 con cielo coperto e deboli precipitazioni, nevose oltre i 1400\/1500 m. In mattinata qualche pausa senza fenomeni, prima che il persistere della ciclonicit\u00e0 favorisca una ripresa del maltempo con nuove precipitazioni, nevose oltre i 1600\/1700 m. Temperature minime in calo e massime in leggera ripresa. Nelle valli venti deboli di direzione variabile; in quota moderati da nord-est, a tratti tesi sulle cime pi\u00f9 alte e sulle dorsali prealpine.<\/p>\n<hr \/>\n<p><center><b>Venerdi 1<\/b><\/center>Persistenza del maltempo con cielo coperto e precipitazioni, spesso diffuse, di debole\/moderata intensit\u00e0, nevose oltre i 900\/1200 m, localmente pi\u00f9 in basso nelle valli pi\u00f9 chiuse e nei settori interessati da fenomeni di maggiore intensit\u00e0. Temperature in calo rispetto a gioved\u00ec. Venti moderati\/tesi da sud-ovest in alta quota e probabile moderato richiamo sciroccale sotto i 1500 m. Previsore: R.L.Th.<\/p>\n<p>&nbsp;<\/p>\n<hr \/>\n<p>&nbsp;<\/p>\n<p><img loading=\"lazy\" decoding=\"async\" class=\"wp-image-60761 size-full aligncenter\" src=\"https:\/\/www.radiopiu.net\/wordpress\/wp-content\/uploads\/2018\/09\/sport.jpg\" alt=\"\" width=\"800\" height=\"100\" srcset=\"https:\/\/www.radiopiu.net\/wordpress\/wp-content\/uploads\/2018\/09\/sport.jpg 800w, https:\/\/www.radiopiu.net\/wordpress\/wp-content\/uploads\/2018\/09\/sport-300x38.jpg 300w, https:\/\/www.radiopiu.net\/wordpress\/wp-content\/uploads\/2018\/09\/sport-768x96.jpg 768w\" sizes=\"auto, (max-width: 800px) 100vw, 800px\" \/><\/p>\n<\/div>\n<div>\n<p><b>\u00a0 \u00a0 \u00a0<\/b><\/p>\n<p><span style=\"color: #0000ff;\"><strong>HOCKEY FEMINILE<\/strong><\/span><\/p>\n<blockquote>\n<h3><strong>MARA DA RECH, CAMPIONESSA ITALIANA PER LA TERZA VOLTA\u00a0<\/strong><\/h3>\n<\/blockquote>\n<p><a class=\"dt-pswp-item\" href=\"https:\/\/www.radiopiu.net\/wordpress\/wp-content\/uploads\/2022\/03\/265193497_2058382280993607_6091828677264464167_n.jpg\" data-dt-img-description=\"\" data-large_image_width=\"1080\" data-large_image_height=\"1080\"><img loading=\"lazy\" decoding=\"async\" class=\"size-thumbnail wp-image-267621 alignleft\" src=\"https:\/\/www.radiopiu.net\/wordpress\/wp-content\/uploads\/2022\/03\/265193497_2058382280993607_6091828677264464167_n-150x150.jpg\" alt=\"\" width=\"150\" height=\"150\" srcset=\"https:\/\/www.radiopiu.net\/wordpress\/wp-content\/uploads\/2022\/03\/265193497_2058382280993607_6091828677264464167_n-150x150.jpg 150w, https:\/\/www.radiopiu.net\/wordpress\/wp-content\/uploads\/2022\/03\/265193497_2058382280993607_6091828677264464167_n-300x300.jpg 300w, https:\/\/www.radiopiu.net\/wordpress\/wp-content\/uploads\/2022\/03\/265193497_2058382280993607_6091828677264464167_n-1024x1024.jpg 1024w, https:\/\/www.radiopiu.net\/wordpress\/wp-content\/uploads\/2022\/03\/265193497_2058382280993607_6091828677264464167_n-768x768.jpg 768w, https:\/\/www.radiopiu.net\/wordpress\/wp-content\/uploads\/2022\/03\/265193497_2058382280993607_6091828677264464167_n.jpg 1080w\" sizes=\"auto, (max-width: 150px) 100vw, 150px\" \/><\/a>C&#8217;era una volta negli anni Ottanta l&#8217;Alleghe Hockey, gli allenatori erano anche i fuoriclasse della serie A ai tempi di Tigliani, Priondolo, Rausse, Circelli. La storia recente racconta dell&#8217;Alleghe di Cristian Schivo, quello degli scudetti.\u00a0 C&#8217;era una volta l&#8217;Agordo Hockey Femminile, un&#8217;avventura iniziata con il &#8220;Limone nero&#8221; e terminata dopo lunga storia con una sfilza di\u00a0 12 titoli nazionali negli anni della partecipazione alla Olimpiadi di Torino e dei numerosi mondiali di Manuela Friz &amp; compagne. C&#8217;era un volta una vallata con una squadra femminile in ogni angolo, da Taibon ad Arabba, soprattutto Cencenighe dove con Benito \u00e8 nato l<a class=\"dt-pswp-item\" href=\"https:\/\/www.radiopiu.net\/wordpress\/wp-content\/uploads\/2022\/03\/277458941_2137971169701384_4359609068622319184_n.jpg\" data-dt-img-description=\"\" data-large_image_width=\"720\" data-large_image_height=\"540\"><img loading=\"lazy\" decoding=\"async\" class=\"size-thumbnail wp-image-267624 alignright\" src=\"https:\/\/www.radiopiu.net\/wordpress\/wp-content\/uploads\/2022\/03\/277458941_2137971169701384_4359609068622319184_n-150x150.jpg\" alt=\"\" width=\"150\" height=\"150\" \/><\/a>&#8216;hockey femminile.\u00a0 C&#8217;\u00e8 stato anche il tempo del Feltre femminile. Purtroppo c&#8217;erano queste squadre, ma non ci sono pi\u00f9. A tenere alta la bandiera dello sport del ghiaccio al femminile agordino in questi anni ci pensa Mara Da Rech, figlia d&#8217;arte del campione rivierasco Ugo Da Rech, uomo della finale 1985-86 di coach Mike Kelly. La ragazza alleghese che vive in Alto Adige ha vinto il terzo scudetto (il primo con l&#8217;Alleghe il secondo con il Dobbiaco) con le Eagles Sudtirol Alto Adige, giunte al secondo scudetto di fila e al 18esimo complessivo. Le bolzanine in finale hanno battuto il Dobbiaco dove militano le cadorine Ilaria Dall&#8217;Acqua, Fiamma Da Ponte Becher, Ilary Larese De Pasqua e la zoldana Mia Campo Bagatin.<\/p>\n<p><span style=\"color: #0000ff;\"><strong>\u00a0<\/strong><\/span><\/p>\n<p><span style=\"color: #0000ff;\"><strong>NUOTO<\/strong><\/span><\/p>\n<blockquote>\n<h3>TROFEO COPPA PRIMAVERA A SPRESIANO: SEI MEDAGLIE PER GLI ESORDIENTI BELLUNESI<\/h3>\n<\/blockquote>\n<p><strong>BELLUNO <\/strong>Si confermano in crescita gli Esordienti della Sportivamente Belluno, protagonisti a Spresiano nella terza edizione del \u201cTrofeo Coppa Primavera\u201d. Oltre al settimo posto nella classifica generale a squadre &#8211; e a dispetto delle numerose assenze &#8211; i bellunesi hanno conquistato ben sei medaglie, in una competizione di alto livello. Nella fascia B, Stella Somacal \u00e8 oro nei 100 stile libero (in 1\u201934\u201d6), mentre Greta Galanti tinge d\u2019argento i suoi 50 rana (52\u201d4) ed \u00e8 quarta per soli 50 centesimi nei 50 delfino (46\u201d5). Podio anche per Camilla Fistarol, terza nei 50 delfino (40\u201d0), e per Mattia Don\u00e0, terzo nei 50 rana (in 43\u201d5 e quarto per un soffio nei 100 stile). Da applausi pure il bronzo della staffetta 4&#215;50 mista con Morra, Frisaldi, Don\u00e0 e Lorenzi (2&#8217;34&#8243;1) che porta doppio punteggio alla squadra: le femmine (Galanti, Bortoluzzi, Fistarol, Somacal) invece toccano in quinta posizione. In fascia A, medaglia di bronzo ad Alessandro Nerviani nei 100 dorso (1\u201911\u201d0) e quarto posto nei 200 stile libero (2&#8217;17&#8243;5). Punti importanti arrivano inoltre dalla staffetta 4&#215;50 mista maschile con Brianti, Nerviani, Cervo e Longi che si aggiungono ad altri punti di rilievo, portati da Alessandro Morra (nei 100 stile e nei 50 rana, in cui sfiora il bronzo per 2 decimi di secondo), Dora Bortoluzzi, Laura Ivessa, Cesare Lorenzi, Luca Frisaldi, Aurora Camposeo, Margherita De Cian, Beatrice Mezzacasa, Alex Brianti, Levi Riccardo Cervo e Niccol\u00f2 Longi nei 100 delfino. <span style=\"font-family: Helvetica;\">Domenica 3 aprile, gli Esordienti della Sportivamente Belluno saranno di scena nelle piscine di Treviso per la categoria B e a Verona per la categoria A, in occasione dei campionati regionali.<\/span><\/p>\n\n\t\t\t<style type='text\/css'>\n\t\t\t\t#gallery-9 {\n\t\t\t\t\tmargin: auto;\n\t\t\t\t}\n\t\t\t\t#gallery-9 .gallery-item {\n\t\t\t\t\tfloat: left;\n\t\t\t\t\tmargin-top: 10px;\n\t\t\t\t\ttext-align: center;\n\t\t\t\t\twidth: 50%;\n\t\t\t\t}\n\t\t\t\t#gallery-9 img {\n\t\t\t\t\tborder: 2px solid #cfcfcf;\n\t\t\t\t}\n\t\t\t\t#gallery-9 .gallery-caption {\n\t\t\t\t\tmargin-left: 0;\n\t\t\t\t}\n\t\t\t\t\/* see gallery_shortcode() in wp-includes\/media.php *\/\n\t\t\t<\/style>\n\t\t<div id='gallery-9' class='dt-gallery-container gallery galleryid-267318 gallery-columns-2 gallery-size-thumbnail'><dl class='gallery-item'>\n\t\t\t\t<dt class='gallery-icon landscape'>\n\t\t\t\t\t<a class=\"rollover rollover-zoom dt-pswp-item\" title=\"Esordienti_a_Spresiano_2\" data-dt-img-description=\"\" data-large_image_width=\"640\" data-large_image_height=\"480\"href='https:\/\/www.radiopiu.net\/wordpress\/wp-content\/uploads\/2022\/03\/Esordienti_a_Spresiano_2.jpg'><img loading=\"lazy\" decoding=\"async\" width=\"150\" height=\"150\" src=\"https:\/\/www.radiopiu.net\/wordpress\/wp-content\/uploads\/2022\/03\/Esordienti_a_Spresiano_2-150x150.jpg\" class=\"attachment-thumbnail size-thumbnail\" alt=\"\" \/><\/a>\n\t\t\t\t<\/dt><\/dl><dl class='gallery-item'>\n\t\t\t\t<dt class='gallery-icon landscape'>\n\t\t\t\t\t<a class=\"rollover rollover-zoom dt-pswp-item\" title=\"Esordienti_a_Spresiano\" data-dt-img-description=\"\" data-large_image_width=\"640\" data-large_image_height=\"480\"href='https:\/\/www.radiopiu.net\/wordpress\/wp-content\/uploads\/2022\/03\/Esordienti_a_Spresiano.jpg'><img loading=\"lazy\" decoding=\"async\" width=\"150\" height=\"150\" src=\"https:\/\/www.radiopiu.net\/wordpress\/wp-content\/uploads\/2022\/03\/Esordienti_a_Spresiano-150x150.jpg\" class=\"attachment-thumbnail size-thumbnail\" alt=\"\" \/><\/a>\n\t\t\t\t<\/dt><\/dl><br style=\"clear: both\" \/>\n\t\t\t<\/div>\n\n<p>&nbsp;<\/p>\n<p>&nbsp;<\/p>\n<\/div>\n<\/div>\n<\/div>\n<\/div>\n<\/div>\n<\/div>\n<\/div>\n<\/div>\n<\/div>\n<\/div>\n<\/div>\n<\/div>\n<\/div>\n<\/div>\n<\/div>\n<\/div>\n<\/div>\n<\/div>\n<\/div>\n<\/div>\n<\/div>\n<\/div>\n<\/div>\n<\/div>\n<\/div>\n<\/div>\n<\/div>\n<\/div>\n<\/div>\n<\/div>\n<\/div>\n<\/div>\n<\/div>\n<\/div>\n<\/div>\n<\/div>\n<\/div>\n<\/div>\n<\/div>\n<\/div>\n<\/div>\n<\/div>\n<\/div>\n<\/div>\n<\/div>\n<\/div>\n<\/div>\n<\/div>\n<\/div>\n<\/div>\n<\/div>\n<\/div>\n<\/div>\n<\/div>\n<\/div>\n<\/div>\n<\/div>\n<\/div>\n<\/div>\n<\/div>\n<\/div>\n<\/div>\n<\/div>\n<\/div>\n<\/div>\n<\/div>\n<\/div>\n<\/div>\n<\/div>\n<\/div>\n<\/div>\n<\/div>\n<\/div>\n<\/div>\n<\/div>\n<\/div>\n<\/div>\n<\/div>\n<\/div>\n<\/div>\n<\/div>\n<\/div>\n<\/div>\n<\/div>\n<\/div>\n<\/div>\n<\/div>\n<\/div>\n<\/div>\n<\/div>\n<\/div>\n<\/div>\n<\/div>\n<\/div>\n<\/div>\n<\/div>\n<\/div>\n<\/div>\n<\/div>\n<\/div>\n<\/div>\n<\/div>\n<\/div>\n<\/div>\n<\/div>\n<\/div>\n<\/div>\n<\/div>\n<\/div>\n","protected":false},"excerpt":{"rendered":"<p>INFORMAZIONE il canale su TELEGRAM informazione di prima\u00a0 mano e in tempo reale. iscriviti ed aiutaci a farlo conoscere &nbsp; OGGI&#8230; ORE 10.10 DAGLI ALUNNI DELLE ELEMENTARI E DELLE MEDIE DI AGORDO &#8220;PER LA PACE&#8221; SU TUTTI I CANALI DI RADIO PIU &nbsp; &nbsp; &nbsp; C&#8217;E&#8217; TEMPO FINO AL 4 APRILE PER PRENOTARE L&#8217;UOVO DI&hellip;<\/p>\n","protected":false},"author":4,"featured_media":267637,"comment_status":"closed","ping_status":"closed","sticky":false,"template":"","format":"standard","meta":{"_monsterinsights_skip_tracking":false,"_monsterinsights_sitenote_active":false,"_monsterinsights_sitenote_note":"","_monsterinsights_sitenote_category":0,"footnotes":""},"categories":[104,86,49],"tags":[],"class_list":["post-267318","post","type-post","status-publish","format-standard","has-post-thumbnail","hentry","category-evidenza_3","category-gr","category-news-18","category-104","category-86","category-49","description-off"],"img_url":"https:\/\/www.radiopiu.net\/wordpress\/wp-content\/uploads\/2022\/03\/stra.jpg","_links":{"self":[{"href":"https:\/\/www.radiopiu.net\/wordpress\/wp-json\/wp\/v2\/posts\/267318","targetHints":{"allow":["GET"]}}],"collection":[{"href":"https:\/\/www.radiopiu.net\/wordpress\/wp-json\/wp\/v2\/posts"}],"about":[{"href":"https:\/\/www.radiopiu.net\/wordpress\/wp-json\/wp\/v2\/types\/post"}],"author":[{"embeddable":true,"href":"https:\/\/www.radiopiu.net\/wordpress\/wp-json\/wp\/v2\/users\/4"}],"replies":[{"embeddable":true,"href":"https:\/\/www.radiopiu.net\/wordpress\/wp-json\/wp\/v2\/comments?post=267318"}],"version-history":[{"count":0,"href":"https:\/\/www.radiopiu.net\/wordpress\/wp-json\/wp\/v2\/posts\/267318\/revisions"}],"wp:featuredmedia":[{"embeddable":true,"href":"https:\/\/www.radiopiu.net\/wordpress\/wp-json\/wp\/v2\/media\/267637"}],"wp:attachment":[{"href":"https:\/\/www.radiopiu.net\/wordpress\/wp-json\/wp\/v2\/media?parent=267318"}],"wp:term":[{"taxonomy":"category","embeddable":true,"href":"https:\/\/www.radiopiu.net\/wordpress\/wp-json\/wp\/v2\/categories?post=267318"},{"taxonomy":"post_tag","embeddable":true,"href":"https:\/\/www.radiopiu.net\/wordpress\/wp-json\/wp\/v2\/tags?post=267318"}],"curies":[{"name":"wp","href":"https:\/\/api.w.org\/{rel}","templated":true}]}}