{"id":267457,"date":"2022-03-28T14:39:20","date_gmt":"2022-03-28T12:39:20","guid":{"rendered":"https:\/\/www.radiopiu.net\/wordpress\/?p=267457"},"modified":"2022-03-28T15:44:08","modified_gmt":"2022-03-28T13:44:08","slug":"squaze-trasgressori-individuati-e-sanzionati","status":"publish","type":"post","link":"https:\/\/www.radiopiu.net\/wordpress\/squaze-trasgressori-individuati-e-sanzionati\/","title":{"rendered":"&#8220;SQUAZE&#8221;, TRASGRESSORI INDIVIDUATI E SANZIONATI"},"content":{"rendered":"<p><strong><a class=\"dt-pswp-item\" href=\"https:\/\/www.radiopiu.net\/wordpress\/wp-content\/uploads\/2022\/03\/aa618476-0648-4320-8797-c81b32cb03c6.jpg\" data-dt-img-description=\"\" data-large_image_width=\"1152\" data-large_image_height=\"2048\"><img loading=\"lazy\" decoding=\"async\" class=\"wp-image-267454 alignleft\" src=\"https:\/\/www.radiopiu.net\/wordpress\/wp-content\/uploads\/2022\/03\/aa618476-0648-4320-8797-c81b32cb03c6-150x150.jpg\" alt=\"\" width=\"232\" height=\"232\" \/><\/a>CANALE D&#8217;AGORDO\u00a0<\/strong><em> &#8220;Stiamo assistendo ad un fenomeno in crescita: l\u2019abbandono di immondizia nei luoghi pi\u00f9 impensati del Comune&#8221;.<\/em> Cos\u00ec esprime il proprio malessere, dell&#8217;amministrazione comunale,\u00a0 ma anche della gente civile del paese,\u00a0 l&#8217;assessore Marilisa Luchetta dopo aver osservato l&#8217;aumento degli abbandoni di rifiuti di ogni genere lungo le sponde del torrente Liera o del Biois, ai bordi delle strade comunali, sulle scarpate, sui marciapiedi, alla fermata dei pullman. Quindi l&#8217;ultimo avvistamento: un phon tra i rami di un albero del bosco.<em> <a class=\"dt-pswp-item\" href=\"https:\/\/www.radiopiu.net\/wordpress\/wp-content\/uploads\/2022\/03\/marilisa.png\" data-dt-img-description=\"\" data-large_image_width=\"135\" data-large_image_height=\"99\"><img loading=\"lazy\" decoding=\"async\" class=\"size-full wp-image-267461 alignright\" src=\"https:\/\/www.radiopiu.net\/wordpress\/wp-content\/uploads\/2022\/03\/marilisa.png\" alt=\"\" width=\"135\" height=\"99\" \/><\/a>&#8220;I cestini &#8211; continua Marilisa Luchetta &#8211; quelli distribuiti nel paese vengono puntualmente riempiti fino a scoppiare con borse di rifiuti portate da casa ed altri sacchetti vengono lasciati a terra nei dintorni. Come pure i mozziconi di sigarette abbandonati ovunque, altamente inquinanti e sgradevoli&#8221;.<\/em> Eppure la raccolta differenziata porta a porta funziona egregiamente, ed ora l\u2019ecocentro \u00e8 aperto. Tanto pi\u00f9 che le tasse per lo smaltimento dei rifiuti vengono regolarmente pagate a Valpe. Altro capitolo le deiezioni dai cani lungo marciapiedi e passeggiate.\u00a0 <em>&#8220;Ultimamente anche raccolte nei sacchettini ma comunque abbandonati sul posto o lanciati nei prati. Ovviamente provvederemo ad aumentare il numero degli appositi cestini per\u00f2, se non trovi un cestino vicino, puoi riportare a <a class=\"dt-pswp-item\" href=\"https:\/\/www.radiopiu.net\/wordpress\/wp-content\/uploads\/2022\/03\/e630cb12-7f4d-4275-96e2-d348609347b3.jpg\" data-dt-img-description=\"\" data-large_image_width=\"720\" data-large_image_height=\"1280\"><img loading=\"lazy\" decoding=\"async\" class=\"size-thumbnail wp-image-267455 alignleft\" src=\"https:\/\/www.radiopiu.net\/wordpress\/wp-content\/uploads\/2022\/03\/e630cb12-7f4d-4275-96e2-d348609347b3-150x150.jpg\" alt=\"\" width=\"150\" height=\"150\" \/><\/a>casa i bisognini del tuo fedele amico. Pestare uno di questi \u201cricordini\u201d pu\u00f2 renderti antipatico quel povero cane che non ha colpa alcuna dell\u2019incivilt\u00e0 del suo padrone&#8221;.<\/em> Marilisa Luchetta sottolinea come il comportamento incivile di pochi vada a discapito di tante persone attente al decoro ed alla pulizia del territorio. Si tratta di civilt\u00e0, buona educazione, rispetto e cura per il proprio territorio. Da tempo l&#8217;amministrazione comunale vigila e monitora il problema e quindi la decisione: provvedimenti sanzionatori. Sono gi\u00e0 stati individuati e convocati alcuni trasgressori che dovranno mettere mano al portafoglio e le contravvenzioni sono pesanti. <em>&#8220;Dispiace molto dover arrivare a questa determinazione &#8211; dice l&#8217;assessore &#8211;\u00a0 ma sembra che il fenomeno di maleducazione sia in aumento anche nei Comuni limitrofi&#8221;<\/em>. L&#8217;esempio, come spesso accade, arriva dalle nuove generazioni, dai ragazzi della Scuola Media di Canale ad esempio, in collaborazione con l\u2019Associazione Plastic Free e il Comune, quest\u2019anno hanno lavorato sul tema, ed ora stanno realizzando dei cartelli\/stimolo da installare nei punti pi\u00f9 critici, che la loro buona volont\u00e0 ed il loro impegno riescano a sensibilizzare qualcuno<em> &#8220;Con l&#8217;associazione plastic free &#8211; conclude Marilisa Luchetta &#8211;\u00a0 verr\u00e0 organizzata qualche iniziativa ecologica che interesser\u00e0 tutta la popolazione: i volontari che si presteranno saranno coperti da assicurazione&#8221;.\u00a0\u00a0<\/em><\/p>\n<p>&nbsp;<\/p>\n<p><strong><span style=\"color: #ff0000;\">L&#8217;ASSESSORE MARILISA LUCHETTA ALLA RADIO\u00a0\u00a0<\/span><\/strong><\/p>\n<audio class=\"wp-audio-shortcode\" id=\"audio-267457-1\" preload=\"none\" style=\"width: 100%;\" controls=\"controls\"><source type=\"audio\/mpeg\" src=\"https:\/\/www.radiopiu.net\/wordpress\/wp-content\/uploads\/2022\/03\/marislisa.mp3?_=1\" \/><a href=\"https:\/\/www.radiopiu.net\/wordpress\/wp-content\/uploads\/2022\/03\/marislisa.mp3\">https:\/\/www.radiopiu.net\/wordpress\/wp-content\/uploads\/2022\/03\/marislisa.mp3<\/a><\/audio>\n<p>&nbsp;<\/p>\n<p>&nbsp;<\/p>\n<hr \/>\n<p>&nbsp;<\/p>\n<p>&nbsp;<\/p>\n<blockquote>\n<h3>DA CANALE D&#8217;AGORDO AD AVOSCAN DI SAN TOMASO<\/h3>\n<\/blockquote>\n<p>Molti da tempo si chiedono a cosa possa servire quella vecchia strada (203 agordina) sempre pi\u00f9 abbandonata al suo destino, preda del Cordevole gi\u00e0 dai giorni di Vaia (2018). Ebbene dai fatti arrivano le risposte, quella strada, soprattutto sotto il ponte \u00e8 diventata la discarica incontrollata dove da tempo si scarica di tutto, tanto chi controlla.<\/p>\n\n\t\t\t<style type='text\/css'>\n\t\t\t\t#gallery-1 {\n\t\t\t\t\tmargin: auto;\n\t\t\t\t}\n\t\t\t\t#gallery-1 .gallery-item {\n\t\t\t\t\tfloat: left;\n\t\t\t\t\tmargin-top: 10px;\n\t\t\t\t\ttext-align: center;\n\t\t\t\t\twidth: 50%;\n\t\t\t\t}\n\t\t\t\t#gallery-1 img {\n\t\t\t\t\tborder: 2px solid #cfcfcf;\n\t\t\t\t}\n\t\t\t\t#gallery-1 .gallery-caption {\n\t\t\t\t\tmargin-left: 0;\n\t\t\t\t}\n\t\t\t\t\/* see gallery_shortcode() in wp-includes\/media.php *\/\n\t\t\t<\/style>\n\t\t<div id='gallery-1' class='dt-gallery-container gallery galleryid-267457 gallery-columns-2 gallery-size-thumbnail'><dl class='gallery-item'>\n\t\t\t\t<dt class='gallery-icon landscape'>\n\t\t\t\t\t<a class=\"rollover rollover-zoom dt-pswp-item\" title=\"1f3669c3-31a0-4267-b8c0-d373660a6d70\" data-dt-img-description=\"\" data-large_image_width=\"1599\" data-large_image_height=\"899\"href='https:\/\/www.radiopiu.net\/wordpress\/wp-content\/uploads\/2022\/03\/1f3669c3-31a0-4267-b8c0-d373660a6d70.jpg'><img loading=\"lazy\" decoding=\"async\" width=\"150\" height=\"150\" src=\"https:\/\/www.radiopiu.net\/wordpress\/wp-content\/uploads\/2022\/03\/1f3669c3-31a0-4267-b8c0-d373660a6d70-150x150.jpg\" class=\"attachment-thumbnail size-thumbnail\" alt=\"\" \/><\/a>\n\t\t\t\t<\/dt><\/dl><dl class='gallery-item'>\n\t\t\t\t<dt class='gallery-icon landscape'>\n\t\t\t\t\t<a class=\"rollover rollover-zoom dt-pswp-item\" title=\"c78070b6-3228-4b3f-8d93-c543bc5f1e6c\" data-dt-img-description=\"\" data-large_image_width=\"1599\" data-large_image_height=\"899\"href='https:\/\/www.radiopiu.net\/wordpress\/wp-content\/uploads\/2022\/03\/c78070b6-3228-4b3f-8d93-c543bc5f1e6c.jpg'><img loading=\"lazy\" decoding=\"async\" width=\"150\" height=\"150\" src=\"https:\/\/www.radiopiu.net\/wordpress\/wp-content\/uploads\/2022\/03\/c78070b6-3228-4b3f-8d93-c543bc5f1e6c-150x150.jpg\" class=\"attachment-thumbnail size-thumbnail\" alt=\"\" \/><\/a>\n\t\t\t\t<\/dt><\/dl><br style=\"clear: both\" \/>\n\t\t\t<\/div>\n\n<p>&nbsp;<\/p>\n<p>___<\/p>\n<p>&nbsp;<\/p>\n<p>&nbsp;<\/p>\n","protected":false},"excerpt":{"rendered":"<p>CANALE D&#8217;AGORDO\u00a0 &#8220;Stiamo assistendo ad un fenomeno in crescita: l\u2019abbandono di immondizia nei luoghi pi\u00f9 impensati del Comune&#8221;. Cos\u00ec esprime il proprio malessere, dell&#8217;amministrazione comunale,\u00a0 ma anche della gente civile del paese,\u00a0 l&#8217;assessore Marilisa Luchetta dopo aver osservato l&#8217;aumento degli abbandoni di rifiuti di ogni genere lungo le sponde del torrente Liera o del Biois,&hellip;<\/p>\n","protected":false},"author":4,"featured_media":267456,"comment_status":"closed","ping_status":"closed","sticky":false,"template":"","format":"standard","meta":{"_monsterinsights_skip_tracking":false,"_monsterinsights_sitenote_active":false,"_monsterinsights_sitenote_note":"","_monsterinsights_sitenote_category":0,"footnotes":""},"categories":[104,49],"tags":[],"class_list":["post-267457","post","type-post","status-publish","format-standard","has-post-thumbnail","hentry","category-evidenza_3","category-news-18","category-104","category-49","description-off"],"img_url":"https:\/\/www.radiopiu.net\/wordpress\/wp-content\/uploads\/2022\/03\/squa.jpg","_links":{"self":[{"href":"https:\/\/www.radiopiu.net\/wordpress\/wp-json\/wp\/v2\/posts\/267457","targetHints":{"allow":["GET"]}}],"collection":[{"href":"https:\/\/www.radiopiu.net\/wordpress\/wp-json\/wp\/v2\/posts"}],"about":[{"href":"https:\/\/www.radiopiu.net\/wordpress\/wp-json\/wp\/v2\/types\/post"}],"author":[{"embeddable":true,"href":"https:\/\/www.radiopiu.net\/wordpress\/wp-json\/wp\/v2\/users\/4"}],"replies":[{"embeddable":true,"href":"https:\/\/www.radiopiu.net\/wordpress\/wp-json\/wp\/v2\/comments?post=267457"}],"version-history":[{"count":0,"href":"https:\/\/www.radiopiu.net\/wordpress\/wp-json\/wp\/v2\/posts\/267457\/revisions"}],"wp:featuredmedia":[{"embeddable":true,"href":"https:\/\/www.radiopiu.net\/wordpress\/wp-json\/wp\/v2\/media\/267456"}],"wp:attachment":[{"href":"https:\/\/www.radiopiu.net\/wordpress\/wp-json\/wp\/v2\/media?parent=267457"}],"wp:term":[{"taxonomy":"category","embeddable":true,"href":"https:\/\/www.radiopiu.net\/wordpress\/wp-json\/wp\/v2\/categories?post=267457"},{"taxonomy":"post_tag","embeddable":true,"href":"https:\/\/www.radiopiu.net\/wordpress\/wp-json\/wp\/v2\/tags?post=267457"}],"curies":[{"name":"wp","href":"https:\/\/api.w.org\/{rel}","templated":true}]}}