{"id":267539,"date":"2022-03-28T18:31:33","date_gmt":"2022-03-28T16:31:33","guid":{"rendered":"https:\/\/www.radiopiu.net\/wordpress\/?p=267539"},"modified":"2022-03-28T21:24:42","modified_gmt":"2022-03-28T19:24:42","slug":"accoglienza-e-aiuto-per-la-popolazione-ucraina","status":"publish","type":"post","link":"https:\/\/www.radiopiu.net\/wordpress\/accoglienza-e-aiuto-per-la-popolazione-ucraina\/","title":{"rendered":"ACCOGLIENZA E AIUTO PER LA POPOLAZIONE UCRAINA"},"content":{"rendered":"<p><strong>BELLUNO<\/strong>\u00a0 Un aiuto concreto alla popolazione ucraina proveniente dalla zona di conflitto e ora in provincia. Questo l\u2019impegno del Comitato d\u2019Intesa di Belluno insieme al Coordinamento Rete immigrazione della provincia e all\u2019associazione Ucraina Pi\u00f9 (membro del Coordinamento). Il Comitato d\u2019Intesa con il presidente Gianluca Corsetti, ha accolto la richiesta di aiuto di Ivanna Petryna, presidente dell\u2019associazione Ucraina Pi\u00f9, offrendo gli spazi della propria sede<\/p>\n<p><strong><img loading=\"lazy\" decoding=\"async\" class=\"alignleft\" src=\"https:\/\/www.radiopiu.net\/wordpress\/wp-content\/uploads\/2022\/03\/1cfe155e-6dce-4f7a-af89-104704da4b53.jpg\" width=\"273\" height=\"154\" \/><\/strong><\/p>\n<p>&nbsp;<\/p>\n<p>&nbsp;<\/p>\n<p>&nbsp;<\/p>\n<p>&nbsp;<\/p>\n<p>&nbsp;<\/p>\n<p>&nbsp;<\/p>\n<p><strong>di\u00a0 MORENO GIOLI<\/strong><\/p>\n<audio class=\"wp-audio-shortcode\" id=\"audio-267539-1\" preload=\"none\" style=\"width: 100%;\" controls=\"controls\"><source type=\"audio\/mpeg\" src=\"https:\/\/www.radiopiu.net\/wordpress\/wp-content\/uploads\/2022\/03\/moreno-ucraina.mp3?_=1\" \/><a href=\"https:\/\/www.radiopiu.net\/wordpress\/wp-content\/uploads\/2022\/03\/moreno-ucraina.mp3\">https:\/\/www.radiopiu.net\/wordpress\/wp-content\/uploads\/2022\/03\/moreno-ucraina.mp3<\/a><\/audio>\n<p><strong>\u00a0<\/strong><\/p>\n<p><strong>Gianluca Corsetti,\u00a0 direttore Comitato D&#8217;Intesa\u00a0<\/strong><\/p>\n<audio class=\"wp-audio-shortcode\" id=\"audio-267539-2\" preload=\"none\" style=\"width: 100%;\" controls=\"controls\"><source type=\"audio\/mpeg\" src=\"https:\/\/www.radiopiu.net\/wordpress\/wp-content\/uploads\/2022\/03\/gianluca-corsetti-direttore-comitato-intesa.mp3?_=2\" \/><a href=\"https:\/\/www.radiopiu.net\/wordpress\/wp-content\/uploads\/2022\/03\/gianluca-corsetti-direttore-comitato-intesa.mp3\">https:\/\/www.radiopiu.net\/wordpress\/wp-content\/uploads\/2022\/03\/gianluca-corsetti-direttore-comitato-intesa.mp3<\/a><\/audio>\n<p>&nbsp;<\/p>\n<p><strong> Ivanna Petryna,\u00a0 associazione Ucraina PIU&#8217; per\u00a0 l&#8217;accoglienza profughi<\/strong><\/p>\n<audio class=\"wp-audio-shortcode\" id=\"audio-267539-3\" preload=\"none\" style=\"width: 100%;\" controls=\"controls\"><source type=\"audio\/mpeg\" src=\"https:\/\/www.radiopiu.net\/wordpress\/wp-content\/uploads\/2022\/03\/ivana-petrina.mp3?_=3\" \/><a href=\"https:\/\/www.radiopiu.net\/wordpress\/wp-content\/uploads\/2022\/03\/ivana-petrina.mp3\">https:\/\/www.radiopiu.net\/wordpress\/wp-content\/uploads\/2022\/03\/ivana-petrina.mp3<\/a><\/audio>\n<p>&nbsp;<\/p>\n<p>&nbsp;<\/p>\n<hr \/>\n<blockquote>\n<h3><\/h3>\n<h3>IL CANTIERE DELLA PROVVIDENZA AFFIDA I BACHI DA SETA ALLE PROFUGHE DELL&#8217;UCRAINA<\/h3>\n<\/blockquote>\n<p><strong><a class=\"dt-pswp-item\" href=\"https:\/\/www.radiopiu.net\/wordpress\/wp-content\/uploads\/2022\/03\/TizianaMartire.jpg\" data-dt-img-description=\"\" data-large_image_width=\"381\" data-large_image_height=\"312\"><img loading=\"lazy\" decoding=\"async\" class=\"size-thumbnail wp-image-267586 alignleft\" src=\"https:\/\/www.radiopiu.net\/wordpress\/wp-content\/uploads\/2022\/03\/TizianaMartire-150x150.jpg\" alt=\"\" width=\"150\" height=\"150\" \/><\/a>BELLUNO<\/strong>\u00a0 L\u2019accoglienza \u00e8 gi\u00e0 molto, ma si pu\u00f2 fare di pi\u00f9 per i profughi che giungono in provincia di Belluno dall\u2019Ucraina, soprattutto donne con bambini. Si pu\u00f2 offrire loro un lavoro e con il lavoro il senso di dignit\u00e0. Ne \u00e8 convinta Tiziana Martire (foto), presidente del Cantiere della Provvidenza di Belluno: <em>\u00abIl Cantiere da sempre utilizza il lavoro quale elemento di valorizzazione delle persone e dei talenti che esse esprimono\u00bb.<\/em> Da qui nasce l\u2019idea del Progetto Ucraina. Il Cantiere della Provvidenza \u00e8 pronto a impiegare persone provenienti dai territori del conflitto nell\u2019allevamento di bachi da seta le donne da sempre si sono rivelate pi\u00f9 idonee perch\u00e9 sono dotate di maggiore senso pratico, di manualit\u00e0, pazienza, disponibilit\u00e0, duttilit\u00e0. L\u2019eventuale presenza di bambini non condiziona il lavoro, perch\u00e9 il luogo e il ritmo dell\u2019attivit\u00e0 permettono alle mamme di operare vicine ai loro figli. Le attivit\u00e0 di gelsibachicoltura si svolgono nel contesto di Villa Zuppani, a Pasa di Sedico.<\/p>\n\n\t\t\t<style type='text\/css'>\n\t\t\t\t#gallery-1 {\n\t\t\t\t\tmargin: auto;\n\t\t\t\t}\n\t\t\t\t#gallery-1 .gallery-item {\n\t\t\t\t\tfloat: left;\n\t\t\t\t\tmargin-top: 10px;\n\t\t\t\t\ttext-align: center;\n\t\t\t\t\twidth: 33%;\n\t\t\t\t}\n\t\t\t\t#gallery-1 img {\n\t\t\t\t\tborder: 2px solid #cfcfcf;\n\t\t\t\t}\n\t\t\t\t#gallery-1 .gallery-caption {\n\t\t\t\t\tmargin-left: 0;\n\t\t\t\t}\n\t\t\t\t\/* see gallery_shortcode() in wp-includes\/media.php *\/\n\t\t\t<\/style>\n\t\t<div id='gallery-1' class='dt-gallery-container gallery galleryid-267539 gallery-columns-3 gallery-size-thumbnail'><dl class='gallery-item'>\n\t\t\t\t<dt class='gallery-icon landscape'>\n\t\t\t\t\t<a class=\"rollover rollover-zoom dt-pswp-item\" title=\"VillaZuppani\" data-dt-img-description=\"\" data-large_image_width=\"1600\" data-large_image_height=\"1066\"href='https:\/\/www.radiopiu.net\/wordpress\/wp-content\/uploads\/2022\/03\/VillaZuppani.jpg'><img loading=\"lazy\" decoding=\"async\" width=\"150\" height=\"150\" src=\"https:\/\/www.radiopiu.net\/wordpress\/wp-content\/uploads\/2022\/03\/VillaZuppani-150x150.jpg\" class=\"attachment-thumbnail size-thumbnail\" alt=\"\" \/><\/a>\n\t\t\t\t<\/dt><\/dl><dl class='gallery-item'>\n\t\t\t\t<dt class='gallery-icon portrait'>\n\t\t\t\t\t<a class=\"rollover rollover-zoom dt-pswp-item\" title=\"Baco-da-seta_VillaZuppani\" data-dt-img-description=\"\" data-large_image_width=\"1200\" data-large_image_height=\"1600\"href='https:\/\/www.radiopiu.net\/wordpress\/wp-content\/uploads\/2022\/03\/Baco-da-seta_VillaZuppani.jpeg'><img loading=\"lazy\" decoding=\"async\" width=\"150\" height=\"150\" src=\"https:\/\/www.radiopiu.net\/wordpress\/wp-content\/uploads\/2022\/03\/Baco-da-seta_VillaZuppani-150x150.jpeg\" class=\"attachment-thumbnail size-thumbnail\" alt=\"\" \/><\/a>\n\t\t\t\t<\/dt><\/dl><dl class='gallery-item'>\n\t\t\t\t<dt class='gallery-icon portrait'>\n\t\t\t\t\t<a class=\"rollover rollover-zoom dt-pswp-item\" title=\"Baco-da-seta_VillaZuppani0\" data-dt-img-description=\"\" data-large_image_width=\"1200\" data-large_image_height=\"1600\"href='https:\/\/www.radiopiu.net\/wordpress\/wp-content\/uploads\/2022\/03\/Baco-da-seta_VillaZuppani0.jpeg'><img loading=\"lazy\" decoding=\"async\" width=\"150\" height=\"150\" src=\"https:\/\/www.radiopiu.net\/wordpress\/wp-content\/uploads\/2022\/03\/Baco-da-seta_VillaZuppani0-150x150.jpeg\" class=\"attachment-thumbnail size-thumbnail\" alt=\"\" \/><\/a>\n\t\t\t\t<\/dt><\/dl><br style=\"clear: both\" \/>\n\t\t\t<\/div>\n\n<p>&nbsp;<\/p>\n<p>&nbsp;<\/p>\n<p>&nbsp;<\/p>\n<p>***<\/p>\n","protected":false},"excerpt":{"rendered":"<p>BELLUNO\u00a0 Un aiuto concreto alla popolazione ucraina proveniente dalla zona di conflitto e ora in provincia. Questo l\u2019impegno del Comitato d\u2019Intesa di Belluno insieme al Coordinamento Rete immigrazione della provincia e all\u2019associazione Ucraina Pi\u00f9 (membro del Coordinamento). Il Comitato d\u2019Intesa con il presidente Gianluca Corsetti, ha accolto la richiesta di aiuto di Ivanna Petryna, presidente&hellip;<\/p>\n","protected":false},"author":4,"featured_media":267540,"comment_status":"closed","ping_status":"closed","sticky":false,"template":"","format":"standard","meta":{"_monsterinsights_skip_tracking":false,"_monsterinsights_sitenote_active":false,"_monsterinsights_sitenote_note":"","_monsterinsights_sitenote_category":0,"footnotes":""},"categories":[51,49],"tags":[],"class_list":["post-267539","post","type-post","status-publish","format-standard","has-post-thumbnail","hentry","category-evidenza-top","category-news-18","category-51","category-49","description-off"],"img_url":"https:\/\/www.radiopiu.net\/wordpress\/wp-content\/uploads\/2022\/03\/1cfe155e-6dce-4f7a-af89-104704da4b53.jpg","_links":{"self":[{"href":"https:\/\/www.radiopiu.net\/wordpress\/wp-json\/wp\/v2\/posts\/267539","targetHints":{"allow":["GET"]}}],"collection":[{"href":"https:\/\/www.radiopiu.net\/wordpress\/wp-json\/wp\/v2\/posts"}],"about":[{"href":"https:\/\/www.radiopiu.net\/wordpress\/wp-json\/wp\/v2\/types\/post"}],"author":[{"embeddable":true,"href":"https:\/\/www.radiopiu.net\/wordpress\/wp-json\/wp\/v2\/users\/4"}],"replies":[{"embeddable":true,"href":"https:\/\/www.radiopiu.net\/wordpress\/wp-json\/wp\/v2\/comments?post=267539"}],"version-history":[{"count":0,"href":"https:\/\/www.radiopiu.net\/wordpress\/wp-json\/wp\/v2\/posts\/267539\/revisions"}],"wp:featuredmedia":[{"embeddable":true,"href":"https:\/\/www.radiopiu.net\/wordpress\/wp-json\/wp\/v2\/media\/267540"}],"wp:attachment":[{"href":"https:\/\/www.radiopiu.net\/wordpress\/wp-json\/wp\/v2\/media?parent=267539"}],"wp:term":[{"taxonomy":"category","embeddable":true,"href":"https:\/\/www.radiopiu.net\/wordpress\/wp-json\/wp\/v2\/categories?post=267539"},{"taxonomy":"post_tag","embeddable":true,"href":"https:\/\/www.radiopiu.net\/wordpress\/wp-json\/wp\/v2\/tags?post=267539"}],"curies":[{"name":"wp","href":"https:\/\/api.w.org\/{rel}","templated":true}]}}