{"id":267574,"date":"2022-03-29T05:56:34","date_gmt":"2022-03-29T03:56:34","guid":{"rendered":"https:\/\/www.radiopiu.net\/wordpress\/?p=267574"},"modified":"2022-03-29T06:13:34","modified_gmt":"2022-03-29T04:13:34","slug":"ciclista-resta-incrodato-per-recuperare-la-bici","status":"publish","type":"post","link":"https:\/\/www.radiopiu.net\/wordpress\/ciclista-resta-incrodato-per-recuperare-la-bici\/","title":{"rendered":"CICLISTA RESTA INCRODATO PER RECUPERARE LA BICI"},"content":{"rendered":"<p><a class=\"dt-pswp-item\" href=\"https:\/\/www.radiopiu.net\/wordpress\/wp-content\/uploads\/2022\/03\/salt_20220328_204134_162-1.jpg\" data-dt-img-description=\"\" data-large_image_width=\"1773\" data-large_image_height=\"2364\"><img loading=\"lazy\" decoding=\"async\" class=\" wp-image-267573 alignleft\" src=\"https:\/\/www.radiopiu.net\/wordpress\/wp-content\/uploads\/2022\/03\/salt_20220328_204134_162-1-150x150.jpg\" alt=\"\" width=\"180\" height=\"180\" \/><\/a><strong>BELLUNO<\/strong> Verso le 17.30 il Soccorso alpino di Belluno \u00e8 stato attivato dalla Centrale del Suem, per un uomo rimasto bloccato sopra un salto verticale nel tentativo di recuperare la propria mountain bike. S.S., 60 anni, di Belluno, stava percorrendo con una bici a pedalata assistita il sentiero che da localit\u00e0 La Fossa, sopra Pascoli, conduce in Val de Medon. Arrivato in un tratto in cui il percorso si fa stretto e impegnativo, la bicicletta gli \u00e8 scivolata ed \u00e8 ruzzolata fino al torrente. Nel tentativo di scendere per recuperarla, il ciclista era per\u00f2 stato costretto a fermarsi 25 metri pi\u00f9 a monte, bloccato dal versante franoso. Sei soccorritori sono risaliti dal basso dalla Val Medon e hanno aggirato il tratto franato percorrendo un viaz. Una volta dall&#8217;uomo, lo hanno assicurato e calato assieme a un soccorritore fino al greto del torrente. Dopo aver attraversato con lui il corso d&#8217;acqua, hanno caricato la bici sul fuoristrada e lo hanno accompagnato a casa.<\/p>\n<p>&nbsp;<\/p>\n<p>&nbsp;<\/p>\n<p>***<\/p>\n","protected":false},"excerpt":{"rendered":"<p>BELLUNO Verso le 17.30 il Soccorso alpino di Belluno \u00e8 stato attivato dalla Centrale del Suem, per un uomo rimasto bloccato sopra un salto verticale nel tentativo di recuperare la propria mountain bike. S.S., 60 anni, di Belluno, stava percorrendo con una bici a pedalata assistita il sentiero che da localit\u00e0 La Fossa, sopra Pascoli,&hellip;<\/p>\n","protected":false},"author":4,"featured_media":267571,"comment_status":"closed","ping_status":"closed","sticky":false,"template":"","format":"standard","meta":{"_monsterinsights_skip_tracking":false,"_monsterinsights_sitenote_active":false,"_monsterinsights_sitenote_note":"","_monsterinsights_sitenote_category":0,"footnotes":""},"categories":[51,49],"tags":[],"class_list":["post-267574","post","type-post","status-publish","format-standard","has-post-thumbnail","hentry","category-evidenza-top","category-news-18","category-51","category-49","description-off"],"img_url":"https:\/\/www.radiopiu.net\/wordpress\/wp-content\/uploads\/2022\/03\/salt_20220328_204134_162.jpg","_links":{"self":[{"href":"https:\/\/www.radiopiu.net\/wordpress\/wp-json\/wp\/v2\/posts\/267574","targetHints":{"allow":["GET"]}}],"collection":[{"href":"https:\/\/www.radiopiu.net\/wordpress\/wp-json\/wp\/v2\/posts"}],"about":[{"href":"https:\/\/www.radiopiu.net\/wordpress\/wp-json\/wp\/v2\/types\/post"}],"author":[{"embeddable":true,"href":"https:\/\/www.radiopiu.net\/wordpress\/wp-json\/wp\/v2\/users\/4"}],"replies":[{"embeddable":true,"href":"https:\/\/www.radiopiu.net\/wordpress\/wp-json\/wp\/v2\/comments?post=267574"}],"version-history":[{"count":0,"href":"https:\/\/www.radiopiu.net\/wordpress\/wp-json\/wp\/v2\/posts\/267574\/revisions"}],"wp:featuredmedia":[{"embeddable":true,"href":"https:\/\/www.radiopiu.net\/wordpress\/wp-json\/wp\/v2\/media\/267571"}],"wp:attachment":[{"href":"https:\/\/www.radiopiu.net\/wordpress\/wp-json\/wp\/v2\/media?parent=267574"}],"wp:term":[{"taxonomy":"category","embeddable":true,"href":"https:\/\/www.radiopiu.net\/wordpress\/wp-json\/wp\/v2\/categories?post=267574"},{"taxonomy":"post_tag","embeddable":true,"href":"https:\/\/www.radiopiu.net\/wordpress\/wp-json\/wp\/v2\/tags?post=267574"}],"curies":[{"name":"wp","href":"https:\/\/api.w.org\/{rel}","templated":true}]}}