{"id":267614,"date":"2022-03-29T05:57:19","date_gmt":"2022-03-29T03:57:19","guid":{"rendered":"https:\/\/www.radiopiu.net\/wordpress\/?p=267614"},"modified":"2022-03-29T06:11:51","modified_gmt":"2022-03-29T04:11:51","slug":"la-morte-di-davide-senza-un-perche-la-procura-ha-chiesto-larchiviazione","status":"publish","type":"post","link":"https:\/\/www.radiopiu.net\/wordpress\/la-morte-di-davide-senza-un-perche-la-procura-ha-chiesto-larchiviazione\/","title":{"rendered":"LA MORTE DI DAVIDE SENZA UN PERCHE&#8217;. LA PROCURA HA CHIESTO L&#8217;ARCHIVIAZIONE."},"content":{"rendered":"<p>&nbsp;<\/p>\n<p><strong>OGGI SUL CORRIERE DELLE ALPI<\/strong><\/p>\n<p><strong>di\u00a0 GIGI SOSSO<\/strong><\/p>\n<p>&nbsp;<\/p>\n<p><a class=\"dt-pswp-item\" href=\"https:\/\/www.radiopiu.net\/wordpress\/wp-content\/uploads\/2022\/03\/BRISTOT-300x169-1.jpg\" data-dt-img-description=\"\" data-large_image_width=\"300\" data-large_image_height=\"169\"><img loading=\"lazy\" decoding=\"async\" class=\" wp-image-267615 alignleft\" src=\"https:\/\/www.radiopiu.net\/wordpress\/wp-content\/uploads\/2022\/03\/BRISTOT-300x169-1-150x150.jpg\" alt=\"\" width=\"120\" height=\"120\" \/><\/a><strong>SEDICO<\/strong> Non ci sono certezze sulle cause della morte di Davide.\u00a0 Lo scrive oggi il quotidiano bellunese riportando il messaggio di una famiglia che\u00a0 chiede nuove indagini al Tribunale&#8230; il pubblico ministero Simone Marcon ha chiesto l&#8217;archiviazione dell&#8217;inchiesta per omicidio colposo, aperta nel mese di luglio a carico di un medico del Pronto soccorso dell&#8217;ospedale San Martino di Belluno. All&#8217;esame autoptico era presente la dottoressa Sarah Nalin, come consulente di pap\u00e0 Paolino e mamma Barbara, \u00e8 gi\u00e0 stata presentata opposizione<\/p>\n<blockquote class=\"wp-embedded-content\" data-secret=\"Z1HiFT4raL\"><p><a href=\"https:\/\/www.radiopiu.net\/wordpress\/dramma-a-sedico\/\">DRAMMA A SEDICO, MUORE NEL SONNO A 18 ANNI, LO RITROVA LA MAMMA<\/a><\/p><\/blockquote>\n<p><iframe loading=\"lazy\" class=\"wp-embedded-content\" sandbox=\"allow-scripts\" security=\"restricted\" style=\"position: absolute; clip: rect(1px, 1px, 1px, 1px);\" title=\"&#8220;DRAMMA A SEDICO, MUORE NEL SONNO A 18 ANNI, LO RITROVA LA MAMMA&#8221; &#8212; Radio Pi\u00f9\" src=\"https:\/\/www.radiopiu.net\/wordpress\/dramma-a-sedico\/embed\/#?secret=5XmOiPikpz#?secret=Z1HiFT4raL\" data-secret=\"Z1HiFT4raL\" width=\"600\" height=\"338\" frameborder=\"0\" marginwidth=\"0\" marginheight=\"0\" scrolling=\"no\"><\/iframe><\/p>\n<p>&nbsp;<\/p>\n","protected":false},"excerpt":{"rendered":"<p>&nbsp; OGGI SUL CORRIERE DELLE ALPI di\u00a0 GIGI SOSSO &nbsp; SEDICO Non ci sono certezze sulle cause della morte di Davide.\u00a0 Lo scrive oggi il quotidiano bellunese riportando il messaggio di una famiglia che\u00a0 chiede nuove indagini al Tribunale&#8230; il pubblico ministero Simone Marcon ha chiesto l&#8217;archiviazione dell&#8217;inchiesta per omicidio colposo, aperta nel mese di&hellip;<\/p>\n","protected":false},"author":4,"featured_media":267615,"comment_status":"closed","ping_status":"closed","sticky":false,"template":"","format":"standard","meta":{"_monsterinsights_skip_tracking":false,"_monsterinsights_sitenote_active":false,"_monsterinsights_sitenote_note":"","_monsterinsights_sitenote_category":0,"footnotes":""},"categories":[51,49],"tags":[],"class_list":["post-267614","post","type-post","status-publish","format-standard","has-post-thumbnail","hentry","category-evidenza-top","category-news-18","category-51","category-49","description-off"],"img_url":"https:\/\/www.radiopiu.net\/wordpress\/wp-content\/uploads\/2022\/03\/BRISTOT-300x169-1.jpg","_links":{"self":[{"href":"https:\/\/www.radiopiu.net\/wordpress\/wp-json\/wp\/v2\/posts\/267614","targetHints":{"allow":["GET"]}}],"collection":[{"href":"https:\/\/www.radiopiu.net\/wordpress\/wp-json\/wp\/v2\/posts"}],"about":[{"href":"https:\/\/www.radiopiu.net\/wordpress\/wp-json\/wp\/v2\/types\/post"}],"author":[{"embeddable":true,"href":"https:\/\/www.radiopiu.net\/wordpress\/wp-json\/wp\/v2\/users\/4"}],"replies":[{"embeddable":true,"href":"https:\/\/www.radiopiu.net\/wordpress\/wp-json\/wp\/v2\/comments?post=267614"}],"version-history":[{"count":0,"href":"https:\/\/www.radiopiu.net\/wordpress\/wp-json\/wp\/v2\/posts\/267614\/revisions"}],"wp:featuredmedia":[{"embeddable":true,"href":"https:\/\/www.radiopiu.net\/wordpress\/wp-json\/wp\/v2\/media\/267615"}],"wp:attachment":[{"href":"https:\/\/www.radiopiu.net\/wordpress\/wp-json\/wp\/v2\/media?parent=267614"}],"wp:term":[{"taxonomy":"category","embeddable":true,"href":"https:\/\/www.radiopiu.net\/wordpress\/wp-json\/wp\/v2\/categories?post=267614"},{"taxonomy":"post_tag","embeddable":true,"href":"https:\/\/www.radiopiu.net\/wordpress\/wp-json\/wp\/v2\/tags?post=267614"}],"curies":[{"name":"wp","href":"https:\/\/api.w.org\/{rel}","templated":true}]}}