{"id":267697,"date":"2022-03-30T05:51:47","date_gmt":"2022-03-30T03:51:47","guid":{"rendered":"https:\/\/www.radiopiu.net\/wordpress\/?p=267697"},"modified":"2022-03-30T06:15:11","modified_gmt":"2022-03-30T04:15:11","slug":"la-nuova-benemerita-iniziativa-della-cucchini-corso-gratuito-per-badanti-e-assistenti-familiari","status":"publish","type":"post","link":"https:\/\/www.radiopiu.net\/wordpress\/la-nuova-benemerita-iniziativa-della-cucchini-corso-gratuito-per-badanti-e-assistenti-familiari\/","title":{"rendered":"LA NUOVA BENEMERITA INIZIATIVA DELLA \u201cCUCCHINI\u201d: CORSO GRATUITO PER BADANTI E ASSISTENTI FAMILIARI"},"content":{"rendered":"<div class=\"ns4p8fja j83agx80 cbu4d94t a6sixzi8 bkfpd7mw nred35xi a1xu1aao\" role=\"none\">\n<div class=\"j83agx80 k4urcfbm\" role=\"none\">\n<div class=\"ll8tlv6m j83agx80 cbu4d94t d2edcug0 l9j0dhe7\">\n<div class=\"j83agx80 k4urcfbm\" role=\"none\">\n<div class=\"cxgpxx05 d1544ag0 sj5x9vvc tw6a2znq l9j0dhe7 ni8dbmo4 stjgntxs e72ty7fz qlfml3jp inkptoze qmr60zad jm1wdb64 qv66sw1b ljqsnud1 odn2s2vf tkr6xdv7\" role=\"none\">\n<div class=\"rq0escxv l9j0dhe7 du4w35lb __fb-light-mode\" role=\"none\">\n<div class=\"ii04i59q jq4qci2q g9io39s2 oo9gr5id\" dir=\"auto\" role=\"none\">Decisamente interessante l\u2019iniziativa della bellunese Associazione Cucchini per il sollievo e l\u2019assistenza al malato e alla sua famiglia che, con la preziosa collaborazione dell\u2019Unit\u00e0 operativa di Cure palliative del Distretto bellunese della Ulss 1 Dolomiti, e con il patrocinio di: Provincia e Comune di Belluno e del Csv (Centro servizi volontariato) di Belluno e Treviso, organizza un corso dedicato a badanti e assistenti familiari. Il tema generale che sar\u00e0 affrontato \u00e8: \u201cL\u2019attenzione nella cura\u201d e contempla quattro incontri, dalle 14 alle 15,30, nella sede della stessa \u201cCucchini\u201d (accanto all\u2019Hospice Casa tua due dell\u2019ospedale \u201cSan Martino\u201d): il 26 e 28 aprile ed il 3 e 5 maggio prossimi. L\u2019iniziativa, come detto, si rivolge a badanti e assistenti familiari e la partecipazione sar\u00e0 gratuita. Agli iscritti che avranno partecipato con regolarit\u00e0 al corso verr\u00e0 rilasciato l\u2019attestato di partecipazione. Per altre informazioni e per le iscrizioni, che sono da perfezionare entro il prossimo 20 aprile, gli interessati dovranno telefonare allo 0437-516666 o scrivere all\u2019indirizzo e-mail: segreteria@associazionecucchini.it. Questo il programma del corso: marted\u00ec 26 aprile, con la coordinatrice infermieristica Stefania Morlin: \u201cIl malato oncologico, il malato con demenza, il malato di Sla: caratteristiche gestionali ed assistenziali\u201d: gioved\u00ec 28, con le infermiere Susanna Fistarol e Paola Romor: \u201cPrendersi cura del malato: igiene, prevenzione e sicurezza\u201d; marted\u00ec 3 maggio, con le infermiere Katia Sommacal ed Alessia Stefanuto: \u201cPrendersi cura del malato: alimentazione, nutrizione e problematiche associate\u201d; infine gioved\u00ec 5 maggio,con l\u2019assistente sociale Silvia Funes Nova e la psicologa-psicoterapeuta Elena Sommacal: \u201cCome affiancare nel quotidiano il malato grave\u201d. La nuova iniziativa del benemerito sodalizio presieduto dal pediatra prof. Paolo Colleselli (gli altri componenti l\u2019organigramma: Alessandra Mazzetto, Mos\u00e8 Pinzon, Vittorio Roni, Matteo Toscani, Cristina Zannini) offre il destro per ricordare che la \u201cCucchini\u201d \u00e8 stata costituita nel 1989 per l\u2019impegno di un gruppo di medici del \u201cSan Martino\u201d, spinti \u2013 come si legge nel sito dell\u2019associazione \u2013 dal desiderio di alleviare le sofferenze dei sempre pi\u00f9 numerosi malati oncologici. Ancora: \u201cQuesti medici illuminati si ispirarono all\u2019attivit\u00e0 del prof. Francesco Cucchini, storico primario radiologo dell\u2019ospedale di Belluno che per primo ebbe il merito nella provincia bellunese di occuparsi del dolore e della sua terapia\u201d. Nel corso di decenni di appassionata, preziosissima attivit\u00e0 l\u2019associazione ha fornito assistenza domiciliare e supporto ad un numero sempre crescente di malati e alle loro famiglie, cooperando con l\u2019Unit\u00e0 di cure palliative di Belluno, ed ha inoltre permesso e sostenuto la formazione di medici, infermieri, psicologi e volontari nell\u2019ambito delle cure palliative. Oltre che collaborare fattivamente alla realizzazione dell\u2019Hospice Casa Tua Due dove, dalla sua apertura, \u00e8 presente con l\u2019aiuto ed il sostegno dei suoi volontari. Opera a domicilio e garantisce la presenza a Belluno e nei comuni limitrofi e, in collaborazione con altre Associazioni nei Comuni della Ulss 1 Dolomiti e, come accennato, nell\u2019Hospice Casa Tua Due del capoluogo, all\u2019interno dell\u2019area ospedaliera.<\/div>\n<div dir=\"auto\" role=\"none\">\n\n\t\t\t<style type='text\/css'>\n\t\t\t\t#gallery-1 {\n\t\t\t\t\tmargin: auto;\n\t\t\t\t}\n\t\t\t\t#gallery-1 .gallery-item {\n\t\t\t\t\tfloat: left;\n\t\t\t\t\tmargin-top: 10px;\n\t\t\t\t\ttext-align: center;\n\t\t\t\t\twidth: 25%;\n\t\t\t\t}\n\t\t\t\t#gallery-1 img {\n\t\t\t\t\tborder: 2px solid #cfcfcf;\n\t\t\t\t}\n\t\t\t\t#gallery-1 .gallery-caption {\n\t\t\t\t\tmargin-left: 0;\n\t\t\t\t}\n\t\t\t\t\/* see gallery_shortcode() in wp-includes\/media.php *\/\n\t\t\t<\/style>\n\t\t<div id='gallery-1' class='dt-gallery-container gallery galleryid-267697 gallery-columns-4 gallery-size-thumbnail'><dl class='gallery-item'>\n\t\t\t\t<dt class='gallery-icon portrait'>\n\t\t\t\t\t<a class=\"rollover rollover-zoom dt-pswp-item\" title=\"277469774_1015128702735782_3632710716854992299_n\" data-dt-img-description=\"\" data-large_image_width=\"150\" data-large_image_height=\"225\"href='https:\/\/www.radiopiu.net\/wordpress\/wp-content\/uploads\/2022\/03\/277469774_1015128702735782_3632710716854992299_n.jpg'><img loading=\"lazy\" decoding=\"async\" width=\"150\" height=\"150\" src=\"https:\/\/www.radiopiu.net\/wordpress\/wp-content\/uploads\/2022\/03\/277469774_1015128702735782_3632710716854992299_n-150x150.jpg\" class=\"attachment-thumbnail size-thumbnail\" alt=\"\" \/><\/a>\n\t\t\t\t<\/dt><\/dl><dl class='gallery-item'>\n\t\t\t\t<dt class='gallery-icon landscape'>\n\t\t\t\t\t<a class=\"rollover rollover-zoom dt-pswp-item\" title=\"277542169_499785805029012_4864275722285207743_n\" data-dt-img-description=\"\" data-large_image_width=\"206\" data-large_image_height=\"206\"href='https:\/\/www.radiopiu.net\/wordpress\/wp-content\/uploads\/2022\/03\/277542169_499785805029012_4864275722285207743_n.jpg'><img loading=\"lazy\" decoding=\"async\" width=\"150\" height=\"150\" src=\"https:\/\/www.radiopiu.net\/wordpress\/wp-content\/uploads\/2022\/03\/277542169_499785805029012_4864275722285207743_n-150x150.jpg\" class=\"attachment-thumbnail size-thumbnail\" alt=\"\" srcset=\"https:\/\/www.radiopiu.net\/wordpress\/wp-content\/uploads\/2022\/03\/277542169_499785805029012_4864275722285207743_n-150x150.jpg 150w, https:\/\/www.radiopiu.net\/wordpress\/wp-content\/uploads\/2022\/03\/277542169_499785805029012_4864275722285207743_n.jpg 206w\" sizes=\"auto, (max-width: 150px) 100vw, 150px\" \/><\/a>\n\t\t\t\t<\/dt><\/dl><dl class='gallery-item'>\n\t\t\t\t<dt class='gallery-icon portrait'>\n\t\t\t\t\t<a class=\"rollover rollover-zoom dt-pswp-item\" title=\"277527164_710134493350551_3415960904854990063_n\" data-dt-img-description=\"\" data-large_image_width=\"186\" data-large_image_height=\"206\"href='https:\/\/www.radiopiu.net\/wordpress\/wp-content\/uploads\/2022\/03\/277527164_710134493350551_3415960904854990063_n.jpg'><img loading=\"lazy\" decoding=\"async\" width=\"150\" height=\"150\" src=\"https:\/\/www.radiopiu.net\/wordpress\/wp-content\/uploads\/2022\/03\/277527164_710134493350551_3415960904854990063_n-150x150.jpg\" class=\"attachment-thumbnail size-thumbnail\" alt=\"\" \/><\/a>\n\t\t\t\t<\/dt><\/dl><dl class='gallery-item'>\n\t\t\t\t<dt class='gallery-icon landscape'>\n\t\t\t\t\t<a class=\"rollover rollover-zoom dt-pswp-item\" title=\"277424525_1139057906914940_8218284569072911182_n\" data-dt-img-description=\"\" data-large_image_width=\"367\" data-large_image_height=\"206\"href='https:\/\/www.radiopiu.net\/wordpress\/wp-content\/uploads\/2022\/03\/277424525_1139057906914940_8218284569072911182_n.jpg'><img loading=\"lazy\" decoding=\"async\" width=\"150\" height=\"150\" src=\"https:\/\/www.radiopiu.net\/wordpress\/wp-content\/uploads\/2022\/03\/277424525_1139057906914940_8218284569072911182_n-150x150.jpg\" class=\"attachment-thumbnail size-thumbnail\" alt=\"\" \/><\/a>\n\t\t\t\t<\/dt><\/dl><br style=\"clear: both\" \/><dl class='gallery-item'>\n\t\t\t\t<dt class='gallery-icon landscape'>\n\t\t\t\t\t<a class=\"rollover rollover-zoom dt-pswp-item\" title=\"277543543_1158628731569500_3991765274052851966_n\" data-dt-img-description=\"\" data-large_image_width=\"300\" data-large_image_height=\"168\"href='https:\/\/www.radiopiu.net\/wordpress\/wp-content\/uploads\/2022\/03\/277543543_1158628731569500_3991765274052851966_n.jpg'><img loading=\"lazy\" decoding=\"async\" width=\"150\" height=\"150\" src=\"https:\/\/www.radiopiu.net\/wordpress\/wp-content\/uploads\/2022\/03\/277543543_1158628731569500_3991765274052851966_n-150x150.jpg\" class=\"attachment-thumbnail size-thumbnail\" alt=\"\" \/><\/a>\n\t\t\t\t<\/dt><\/dl><dl class='gallery-item'>\n\t\t\t\t<dt class='gallery-icon landscape'>\n\t\t\t\t\t<a class=\"rollover rollover-zoom dt-pswp-item\" title=\"277317238_574046750233579_1551857947537626309_n\" data-dt-img-description=\"\" data-large_image_width=\"433\" data-large_image_height=\"206\"href='https:\/\/www.radiopiu.net\/wordpress\/wp-content\/uploads\/2022\/03\/277317238_574046750233579_1551857947537626309_n.jpg'><img loading=\"lazy\" decoding=\"async\" width=\"150\" height=\"150\" src=\"https:\/\/www.radiopiu.net\/wordpress\/wp-content\/uploads\/2022\/03\/277317238_574046750233579_1551857947537626309_n-150x150.jpg\" class=\"attachment-thumbnail size-thumbnail\" alt=\"\" \/><\/a>\n\t\t\t\t<\/dt><\/dl><dl class='gallery-item'>\n\t\t\t\t<dt class='gallery-icon landscape'>\n\t\t\t\t\t<a class=\"rollover rollover-zoom dt-pswp-item\" title=\"277255767_4820104314754425_913019870015277169_n\" data-dt-img-description=\"\" data-large_image_width=\"300\" data-large_image_height=\"168\"href='https:\/\/www.radiopiu.net\/wordpress\/wp-content\/uploads\/2022\/03\/277255767_4820104314754425_913019870015277169_n.jpg'><img loading=\"lazy\" decoding=\"async\" width=\"150\" height=\"150\" src=\"https:\/\/www.radiopiu.net\/wordpress\/wp-content\/uploads\/2022\/03\/277255767_4820104314754425_913019870015277169_n-150x150.jpg\" class=\"attachment-thumbnail size-thumbnail\" alt=\"\" \/><\/a>\n\t\t\t\t<\/dt><\/dl><dl class='gallery-item'>\n\t\t\t\t<dt class='gallery-icon landscape'>\n\t\t\t\t\t<a class=\"rollover rollover-zoom dt-pswp-item\" title=\"277260788_4951760441587135_3127315453004197975_n\" data-dt-img-description=\"\" data-large_image_width=\"292\" data-large_image_height=\"166\"href='https:\/\/www.radiopiu.net\/wordpress\/wp-content\/uploads\/2022\/03\/277260788_4951760441587135_3127315453004197975_n.jpg'><img loading=\"lazy\" decoding=\"async\" width=\"150\" height=\"150\" src=\"https:\/\/www.radiopiu.net\/wordpress\/wp-content\/uploads\/2022\/03\/277260788_4951760441587135_3127315453004197975_n-150x150.jpg\" class=\"attachment-thumbnail size-thumbnail\" alt=\"\" \/><\/a>\n\t\t\t\t<\/dt><\/dl><br style=\"clear: both\" \/>\n\t\t\t<\/div>\n\n<\/div>\n<div dir=\"auto\" role=\"none\"><\/div>\n<div class=\"ii04i59q jq4qci2q g9io39s2 oo9gr5id\" dir=\"auto\" role=\"none\">NELLE FOTO (Corriere delle Alpi, Google): volantino con l\u2019annuncio del corso; il logo dell\u2019Associazione; il prof. Francesco Cucchini; la sede sociale; il presidente prof. Paolo Colleselli; \u201cCasa Tua Due all\u2019ospedale San Martino; \u201cpacchi solidali\u201d: una delle tante iniziative; foto-ricordo per volontari e professionisti di Cure palliative di Belluno in gita a Trieste.<\/div>\n<\/div>\n<\/div>\n<div class=\"ns4p8fja j83agx80 cbu4d94t a6sixzi8 bkfpd7mw d2edcug0 buofh1pr nred35xi\" role=\"none\">\n<div class=\"buofh1pr rj1gh0hx\" role=\"none\"><\/div>\n<\/div>\n<\/div>\n<\/div>\n<div class=\"ns4p8fja j83agx80 cbu4d94t a6sixzi8 bkfpd7mw d2edcug0 buofh1pr nred35xi\" role=\"none\">\n<div class=\"buofh1pr rj1gh0hx\" role=\"none\"><\/div>\n<\/div>\n<\/div>\n<div class=\"ns4p8fja j83agx80 cbu4d94t a6sixzi8 bkfpd7mw d2edcug0 kb5gq1qc nred35xi\" role=\"none\"><\/div>\n<\/div>\n<div class=\"ns4p8fja j83agx80 cbu4d94t a6sixzi8 bkfpd7mw d2edcug0 kb5gq1qc nred35xi\" role=\"none\">\n<div class=\"pfnyh3mw j83agx80 cbu4d94t jcr6t5e3 taijpn5t buofh1pr l9j0dhe7 s90hwng2 qnrpqo6b\" aria-hidden=\"true\">\n<div class=\"bp9cbjyn jcr6t5e3 j83agx80 btwxx1t3\" role=\"none\">\n<div class=\"bp9cbjyn jcr6t5e3 j83agx80 btwxx1t3\" role=\"none\">\n<div>\n<div class=\"\">\n<div class=\"oajrlxb2 gs1a9yip g5ia77u1 mtkw9kbi tlpljxtp qensuy8j ppp5ayq2 goun2846 ccm00jje s44p3ltw mk2mc5f4 rt8b4zig n8ej3o3l agehan2d sk4xxmp2 rq0escxv nhd2j8a9 mg4g778l pfnyh3mw p7hjln8o kvgmc6g5 cxmmr5t8 oygrvhab hcukyx3x tgvbjcpo hpfvmrgz jb3vyjys rz4wbd8a qt6c0cv9 a8nywdso l9j0dhe7 i1ao9s8h esuyzwwr f1sip0of du4w35lb n00je7tq arfg74bv qs9ysxi8 k77z8yql btwxx1t3 abiwlrkh p8dawk7l j83agx80 lzcic4wl\" tabindex=\"0\" role=\"button\" aria-expanded=\"false\" aria-haspopup=\"menu\" aria-label=\"Aggiungi una reazione\">\n<div class=\"hcukyx3x cxmmr5t8 b73ngqbp rgmg9uty j83agx80 s45kfl79 emlxlaya bkmhp75w spb7xbtv pfnyh3mw n5ue3fu6 bp9cbjyn taijpn5t oqcyycmt nhd2j8a9 opvtebq1 l9j0dhe7\">\n<div class=\"p1ueia1e pgctjfs5 l8rlqa9s sh06z9xi i2p6rm4e\"><\/div>\n<\/div>\n<\/div>\n<\/div>\n<\/div>\n<div>\n<div class=\"hcukyx3x cxmmr5t8 b73ngqbp rgmg9uty j83agx80 s45kfl79 emlxlaya bkmhp75w spb7xbtv pfnyh3mw n5ue3fu6 bp9cbjyn taijpn5t oqcyycmt nhd2j8a9 opvtebq1 l9j0dhe7\">\n<div class=\"oajrlxb2 gs1a9yip g5ia77u1 mtkw9kbi tlpljxtp qensuy8j ppp5ayq2 goun2846 ccm00jje s44p3ltw mk2mc5f4 rt8b4zig n8ej3o3l agehan2d sk4xxmp2 rq0escxv nhd2j8a9 mg4g778l pfnyh3mw p7hjln8o kvgmc6g5 cxmmr5t8 oygrvhab hcukyx3x tgvbjcpo hpfvmrgz jb3vyjys rz4wbd8a qt6c0cv9 a8nywdso l9j0dhe7 i1ao9s8h esuyzwwr f1sip0of du4w35lb n00je7tq arfg74bv qs9ysxi8 k77z8yql btwxx1t3 abiwlrkh p8dawk7l j83agx80 lzcic4wl\" tabindex=\"0\" role=\"button\" aria-label=\"Rispondi\">\n<div class=\"p1ueia1e pgctjfs5 l8rlqa9s sh06z9xi i2p6rm4e\"><\/div>\n<\/div>\n<\/div>\n<\/div>\n<div>\n<div class=\"oajrlxb2 gs1a9yip g5ia77u1 mtkw9kbi tlpljxtp qensuy8j ppp5ayq2 goun2846 ccm00jje s44p3ltw mk2mc5f4 rt8b4zig n8ej3o3l agehan2d sk4xxmp2 rq0escxv nhd2j8a9 mg4g778l pfnyh3mw p7hjln8o kvgmc6g5 cxmmr5t8 oygrvhab hcukyx3x tgvbjcpo hpfvmrgz jb3vyjys rz4wbd8a qt6c0cv9 a8nywdso l9j0dhe7 i1ao9s8h esuyzwwr f1sip0of du4w35lb n00je7tq arfg74bv qs9ysxi8 k77z8yql btwxx1t3 abiwlrkh p8dawk7l j83agx80 lzcic4wl\" tabindex=\"0\" role=\"button\" aria-expanded=\"false\" aria-haspopup=\"menu\" aria-label=\"Altro\">\n<div class=\"hcukyx3x cxmmr5t8 b73ngqbp rgmg9uty j83agx80 s45kfl79 emlxlaya bkmhp75w spb7xbtv pfnyh3mw n5ue3fu6 bp9cbjyn taijpn5t oqcyycmt nhd2j8a9 opvtebq1 l9j0dhe7\">\n<div class=\"p1ueia1e pgctjfs5 l8rlqa9s sh06z9xi i2p6rm4e\"><\/div>\n<\/div>\n<\/div>\n<\/div>\n<\/div>\n<\/div>\n<\/div>\n<\/div>\n<div class=\"ns4p8fja j83agx80 cbu4d94t a6sixzi8 bkfpd7mw d2edcug0 buofh1pr nred35xi\" role=\"none\"><\/div>\n","protected":false},"excerpt":{"rendered":"<p>Decisamente interessante l\u2019iniziativa della bellunese Associazione Cucchini per il sollievo e l\u2019assistenza al malato e alla sua famiglia che, con la preziosa collaborazione dell\u2019Unit\u00e0 operativa di Cure palliative del Distretto bellunese della Ulss 1 Dolomiti, e con il patrocinio di: Provincia e Comune di Belluno e del Csv (Centro servizi volontariato) di Belluno e Treviso,&hellip;<\/p>\n","protected":false},"author":4,"featured_media":267699,"comment_status":"closed","ping_status":"closed","sticky":false,"template":"","format":"standard","meta":{"_monsterinsights_skip_tracking":false,"_monsterinsights_sitenote_active":false,"_monsterinsights_sitenote_note":"","_monsterinsights_sitenote_category":0,"footnotes":""},"categories":[104,49],"tags":[],"class_list":["post-267697","post","type-post","status-publish","format-standard","has-post-thumbnail","hentry","category-evidenza_3","category-news-18","category-104","category-49","description-off"],"img_url":"https:\/\/www.radiopiu.net\/wordpress\/wp-content\/uploads\/2022\/03\/277542169_499785805029012_4864275722285207743_n.jpg","_links":{"self":[{"href":"https:\/\/www.radiopiu.net\/wordpress\/wp-json\/wp\/v2\/posts\/267697","targetHints":{"allow":["GET"]}}],"collection":[{"href":"https:\/\/www.radiopiu.net\/wordpress\/wp-json\/wp\/v2\/posts"}],"about":[{"href":"https:\/\/www.radiopiu.net\/wordpress\/wp-json\/wp\/v2\/types\/post"}],"author":[{"embeddable":true,"href":"https:\/\/www.radiopiu.net\/wordpress\/wp-json\/wp\/v2\/users\/4"}],"replies":[{"embeddable":true,"href":"https:\/\/www.radiopiu.net\/wordpress\/wp-json\/wp\/v2\/comments?post=267697"}],"version-history":[{"count":0,"href":"https:\/\/www.radiopiu.net\/wordpress\/wp-json\/wp\/v2\/posts\/267697\/revisions"}],"wp:featuredmedia":[{"embeddable":true,"href":"https:\/\/www.radiopiu.net\/wordpress\/wp-json\/wp\/v2\/media\/267699"}],"wp:attachment":[{"href":"https:\/\/www.radiopiu.net\/wordpress\/wp-json\/wp\/v2\/media?parent=267697"}],"wp:term":[{"taxonomy":"category","embeddable":true,"href":"https:\/\/www.radiopiu.net\/wordpress\/wp-json\/wp\/v2\/categories?post=267697"},{"taxonomy":"post_tag","embeddable":true,"href":"https:\/\/www.radiopiu.net\/wordpress\/wp-json\/wp\/v2\/tags?post=267697"}],"curies":[{"name":"wp","href":"https:\/\/api.w.org\/{rel}","templated":true}]}}