{"id":267823,"date":"2022-03-31T12:41:02","date_gmt":"2022-03-31T10:41:02","guid":{"rendered":"https:\/\/www.radiopiu.net\/wordpress\/?p=267823"},"modified":"2022-03-31T12:40:48","modified_gmt":"2022-03-31T10:40:48","slug":"grpiu231","status":"publish","type":"post","link":"https:\/\/www.radiopiu.net\/wordpress\/grpiu231\/","title":{"rendered":"GIORNALE RADIOPIU 31 MARZO 2022 DIRETTORE MIRKO MEZZACASA"},"content":{"rendered":"<h3 class=\"kvgmc6g5 cxmmr5t8 oygrvhab hcukyx3x c1et5uql\"><span style=\"color: #0000ff;\"><strong>INFORMAZIONE il canale su TELEGRAM informazione di prima\u00a0 <\/strong><\/span><span style=\"color: #0000ff;\"><strong>mano e in tempo reale. iscriviti ed aiutaci a farlo conoscere<\/strong><\/span><\/h3>\n<p>&nbsp;<\/p>\n<hr \/>\n<p>&nbsp;<\/p>\n<p>&nbsp;<\/p>\n<blockquote>\n<h3>FAUSTO CONEDERA ORA E&#8217; TRA LE SUA AMATE PALE DI SAN LUCANO<\/h3>\n<\/blockquote>\n<p><strong><a class=\"dt-pswp-item\" href=\"https:\/\/www.radiopiu.net\/wordpress\/wp-content\/uploads\/2022\/03\/fausto-2.jpg\" data-dt-img-description=\"\" data-large_image_width=\"522\" data-large_image_height=\"347\"><img loading=\"lazy\" decoding=\"async\" class=\" wp-image-267970 alignleft\" src=\"https:\/\/www.radiopiu.net\/wordpress\/wp-content\/uploads\/2022\/03\/fausto-2-300x199.jpg\" alt=\"\" width=\"220\" height=\"146\" srcset=\"https:\/\/www.radiopiu.net\/wordpress\/wp-content\/uploads\/2022\/03\/fausto-2-300x199.jpg 300w, https:\/\/www.radiopiu.net\/wordpress\/wp-content\/uploads\/2022\/03\/fausto-2.jpg 522w\" sizes=\"auto, (max-width: 220px) 100vw, 220px\" \/><\/a>AGORDO<\/strong> Ancora giorni tristi alle porte di Agordo, per la famiglia di Fausto Conedera, per i tanti amici della montagna. Con emozione lo ha ricordato il presidente del Cai, Dario Dell&#8217;Osbel nel corso dell&#8217;assemblea della sezione agordina del Club Alpino Italiano, assieme a Guido Pagani e Paolo Canal. Fausto Conedera &#8220;Bracco&#8221; se n&#8217;\u00e8 andato in silenzio, tra i suoi cari,\u00a0 in quello stesso silenzio che tanto ha apprezzato\u00a0 tra le amate Pale di San Lucano dove riposer\u00e0 per sempre. La notizia della scomparsa ad esequie avvenute \u00e8 stata data dalla compagna Elisa.<\/p>\n<p>&nbsp;<\/p>\n<p>&nbsp;<\/p>\n<p>&nbsp;<\/p>\n<hr \/>\n<blockquote>\n<h3><\/h3>\n<h3>C&#8217;E&#8217; TEMPO FINO AL 4 APRILE PER PRENOTARE L&#8217;UOVO DI PASQUA ED AIUTARE IL POPOLO UCRAINO<\/h3>\n<\/blockquote>\n<p><strong><a class=\"dt-pswp-item\" href=\"https:\/\/www.radiopiu.net\/wordpress\/wp-content\/uploads\/2022\/03\/277220915_10221731122211129_4232410933207517785_n.jpg\" data-dt-img-description=\"\" data-large_image_width=\"656\" data-large_image_height=\"960\"><img loading=\"lazy\" decoding=\"async\" class=\"size-thumbnail wp-image-267414 alignleft\" src=\"https:\/\/www.radiopiu.net\/wordpress\/wp-content\/uploads\/2022\/03\/277220915_10221731122211129_4232410933207517785_n-150x150.jpg\" alt=\"\" width=\"150\" height=\"150\" \/><\/a> <\/strong><\/p>\n<p><strong>\u00a0<\/strong><strong>LIMANA <\/strong>La Corale di Limana si \u00e8 fatta promotrice anche quest&#8217;anno di un iniziativa a sfondo solidale per la prossima Pasqua. Un uovo di cioccolato al latte con all&#8217;interno una pennetta Usb con 14 canti dei cori della provincia e due canti di cori ucraini.\u00a0 E\u2019 ancora possibile prenotare le uova con un offerta di 15\u20ac a singolo uovo, 10\u20ac per ordini superiori a tre , inviando un messaggio al numero 328 3847717 ENTRO IL 04 APRILE 2022. Media Partner: Radio Pi\u00f9<\/p>\n<p>&nbsp;<\/p>\n<p>&nbsp;<\/p>\n<p>&nbsp;<\/p>\n<hr \/>\n<p>&nbsp;<\/p>\n<blockquote>\n<h3>LA SP251 RIMANE CHIUSA,\u00a0 A BREVE IL SENSO UNICO MA IL FUTURO E&#8217; UNA GALLERIA<\/h3>\n<\/blockquote>\n<div dir=\"auto\">\n<div dir=\"auto\">\n<p><strong><strong><img loading=\"lazy\" decoding=\"async\" class=\"alignleft\" src=\"https:\/\/www.radiopiu.net\/wordpress\/wp-content\/uploads\/2022\/03\/277678023_346646757504003_4546957488015805586_n.jpg\" width=\"189\" height=\"126\" \/><\/strong><\/strong><\/p>\n<div dir=\"auto\"><strong>LONGARONE\u00a0<\/strong> Gli incendi sul versante della Sp 251 tra Mezzocanale e Igne sembrano spenti. Per almeno una settimana sar\u00e0 pulita la sede stradale\u00a0 dai sassi e detriti caduti\u00a0 in questi giorni. I rocciatori provvederanno a disgaggiare gli eventuali massi pericolanti. Ci vorr\u00e0 ancora una settimana di &#8220;passione&#8221; poi\u00a0 <span style=\"color: #ff0000;\">v<strong>erranno installati dei semafori\u00a0 per regolare la circolazione a senso alternato.<\/strong><\/span>\u00a0 In seguito saranno posizionti\u00a0 i cartelli ogni 500 metri per il \u00a0pericolo di caduta massi.\u00a0 Rischio zero? Non sar\u00e0 mai garantito.<\/div>\n<div dir=\"auto\"><\/div>\n<div dir=\"auto\">Per il futuro la soluzione \u00e8 una soltanto secondo Veneto Strade:\u00a0 realizzare una galleria di circa 900 metri che consentir\u00e0 di superare il <em><a class=\"dt-pswp-item\" href=\"https:\/\/www.radiopiu.net\/wordpress\/wp-content\/uploads\/2022\/01\/28056423_1570743069705719_9091845138820201561_n.jpg\" data-dt-img-description=\"\" data-large_image_width=\"960\" data-large_image_height=\"959\"><img loading=\"lazy\" decoding=\"async\" class=\" wp-image-254798 alignright\" src=\"https:\/\/www.radiopiu.net\/wordpress\/wp-content\/uploads\/2022\/01\/28056423_1570743069705719_9091845138820201561_n-300x300.jpg\" alt=\"\" width=\"175\" height=\"175\" srcset=\"https:\/\/www.radiopiu.net\/wordpress\/wp-content\/uploads\/2022\/01\/28056423_1570743069705719_9091845138820201561_n-300x300.jpg 300w, https:\/\/www.radiopiu.net\/wordpress\/wp-content\/uploads\/2022\/01\/28056423_1570743069705719_9091845138820201561_n-150x150.jpg 150w, https:\/\/www.radiopiu.net\/wordpress\/wp-content\/uploads\/2022\/01\/28056423_1570743069705719_9091845138820201561_n-768x767.jpg 768w, https:\/\/www.radiopiu.net\/wordpress\/wp-content\/uploads\/2022\/01\/28056423_1570743069705719_9091845138820201561_n.jpg 960w\" sizes=\"auto, (max-width: 175px) 100vw, 175px\" \/><\/a><\/em>tratto pi\u00f9 pericoloso. <em>&#8220;Servono 38 milioni di euro. Pi\u00f9 altri 15 milioni per posizionare dei paramassi laterali. Il PNNR ne ha messi a disposizione 3 di milioni, ne serviranno tutti per mettere in sicurezza per quanto possibile la strada&#8221;.<\/em> sottolineano gli uffici di Veneto Strade.<\/div>\n<div dir=\"auto\"><\/div>\n<div dir=\"auto\"><\/div>\n<div dir=\"auto\">IL SINDACO CAMILLO DE PELLEGRIN:<em> Bene che finalmente si parli di opere strutturali e di come finanziarle. Meno bene che si pensi ad installare cartelli che avvisano della caduta massi allo scopo, evidentemente, di escludere il risarcimento in caso di danni a chi transita. Da quella strada ci si passa per necessit\u00e0, segnalare che \u00e8 pericolosa suona quasi come una beffa. Oltretutto viene il dubbio che una volta installati i cartelli la questione della s.p 251 torni per l&#8217;ennesima volta in fondo ad un cassetto..fino al prossimo evento&#8230;. Questo non lo accettiamo&#8221;.<\/em><\/div>\n<div dir=\"auto\"><\/div>\n<\/div>\n<div dir=\"auto\"><\/div>\n<blockquote>\n<h3 dir=\"auto\">NEVE SUL DURAN, SEGNALAZIONE VIABILITA&#8217; PROVINCIA BELLUNO (telegram)<\/h3>\n<\/blockquote>\n<\/div>\n<div dir=\"auto\">\n<p><strong>LA VALLE<\/strong> La segnalazione sulla chat VPB (Telegram) \u00e8 un invito alla prudenza e ad affrontare il Passo con pneumatici adeguati alla stagione &#8220;invernale&#8221;. Il Passo Duran \u00e8 una delle vie di collegamento importante con la val zoldana soprattutto in questi giorni con la chiusura della 251 a Longarone<\/p>\n<p><a class=\"dt-pswp-item\" href=\"https:\/\/www.radiopiu.net\/wordpress\/wp-content\/uploads\/2022\/03\/aaa-2.jpg\" data-dt-img-description=\"\" data-large_image_width=\"198\" data-large_image_height=\"213\"><img loading=\"lazy\" decoding=\"async\" class=\"alignnone size-full wp-image-268091\" src=\"https:\/\/www.radiopiu.net\/wordpress\/wp-content\/uploads\/2022\/03\/aaa-2.jpg\" alt=\"\" width=\"198\" height=\"213\" \/><\/a><\/p>\n<p>&nbsp;<\/p>\n<p>&nbsp;<\/p>\n<p>&nbsp;<\/p>\n<\/div>\n<hr \/>\n<blockquote>\n<h3><\/h3>\n<p>&nbsp;<\/p><\/blockquote>\n<h3>DUE AUTO DISTRUTTE, LA CAUSA UN AZZARDATO SORPASSO<\/h3>\n<p><strong><img loading=\"lazy\" decoding=\"async\" class=\"alignleft\" src=\"https:\/\/www.radiopiu.net\/wordpress\/wp-content\/uploads\/2022\/03\/PUNTO.jpg\" width=\"244\" height=\"138\" \/>SEREN DEL GRAPPA<\/strong> La Fiat Punto ha probabilmente terminato il suo corso in mezzo ad un prato: distrutta. La Mercedes prima del ribaltamento ruote all&#8217;aria ha\u00a0 strisciato per decine di metri. I primi ad arrivare sul posto lungo la Fenadora Anz\u00f9 nella serata di ieri avevano un brutto presagio viste le condizioni dei mezzi, ma fortunatamente si conta un solo ferito leggero portato all&#8217;ospedale di Feltre per accertamenti.<\/p>\n<p>Da una prima ricostruzione tre le auto coinvolte, viaggiavano tutte in direzione Fonzaso: una Toyota Yaris con a bordo una donna, una Fiat Punto e una Mercedes. Il conducente della Fiat Punto e quello della Mercedes hanno improvvisamente deciso di superare la terza auto, purtroppo nello stesso momento e il botto \u00e8 stato inevitabile. Sul posto la polizia stradale di Belluno, i vigili del fuoco di Feltre e il 118.<\/p>\n<p>foto Corriere delle Alpi<\/p>\n<p>&nbsp;<\/p>\n<hr \/>\n<p>&nbsp;<\/p>\n<blockquote>\n<h3>LA CONFERMA: LEONARDO DEL VECCHIO E&#8217; SEMPRE IL GRANDE &#8220;GENERALE&#8221;<\/h3>\n<\/blockquote>\n<p><strong><img loading=\"lazy\" decoding=\"async\" class=\"alignleft\" src=\"https:\/\/www.radiopiu.net\/wordpress\/wp-content\/uploads\/2022\/03\/DEL-VECCHIO.jpg\" width=\"279\" height=\"137\" \/>AGORDO<\/strong> Leonardo Del Vecchio,\u00a0 terzo azionista di Generali e primo socio di Mediobanca entra nell&#8217;arena, un&#8217;altra battaglia per\u00a0 la governance\u00a0 del leone di Trieste.\u00a0 In un&#8217;intervista su Bloomberg l&#8217;imprenditore definisce la lista proposta per il consiglio di Generali da Caltagirone <em>\u00abaltamente competente e ben equilibrata\u00bb.<\/em>\u00a0 Del Vecchio deterrebbe, secondo fonti stampa, circa l&#8217;8% di Generali (l&#8217;8,2 per\u00a0 La Repubblica), e starebbe valutando la possibilit\u00e0 di aumentare ulteriormente la propria quota.\u00a0 Del Vecchio ha valutato positivamente anche il candidato presidente della lista Caltagirone,\u00a0 Claudio Costamagna: <em>\u00abUn presidente con capacit\u00e0 operative che ha le carte in regola per creare valore per l&#8217;azienda e dare un supporto significativo quando si tratta della gestione di importanti operazioni di trasformazione che speriamo di vedere nel futuro di Generali\u00bb<\/em>. Sono le parole del presidentissimo di Essilor Luxottica con riferimento alla visione del contropiano della lista Caltagirone. Del Vecchio ha criticato Mediobanca, mettendo in dubbio la decisione di Piazzetta Cuccia di ricorrere al prestito titoli di Generali per rafforzare la sua presa in vista dell&#8217;assemblea.<\/p>\n<p>&nbsp;<\/p>\n<p>&nbsp;<\/p>\n<hr \/>\n<p>&nbsp;<\/p>\n<p><strong>LAVORO. TAVOLO DI CRISI DIAB DI LONGARONE (BL). CONDIVISA PERCORRIBILIT\u00c0 DI EVENTUALE PROCESSO DI REINDUSTRIALIZZAZIONE DA ANALIZZARE IN DETTAGLIO IL PROSSIMO 7 APRILE<\/strong><\/p>\n<p>&nbsp;<\/p>\n<p><strong><a class=\"dt-pswp-item\" href=\"https:\/\/www.radiopiu.net\/wordpress\/wp-content\/uploads\/2022\/03\/th-25.jpg\" data-dt-img-description=\"\" data-large_image_width=\"304\" data-large_image_height=\"171\"><img loading=\"lazy\" decoding=\"async\" class=\"size-medium wp-image-268084 alignleft\" src=\"https:\/\/www.radiopiu.net\/wordpress\/wp-content\/uploads\/2022\/03\/th-25-300x169.jpg\" alt=\"\" width=\"300\" height=\"169\" srcset=\"https:\/\/www.radiopiu.net\/wordpress\/wp-content\/uploads\/2022\/03\/th-25-300x169.jpg 300w, https:\/\/www.radiopiu.net\/wordpress\/wp-content\/uploads\/2022\/03\/th-25.jpg 304w\" sizes=\"auto, (max-width: 300px) 100vw, 300px\" \/><\/a>VENEZIA<\/strong>\u00a0 Si \u00e8 tenuto ieri, convocato dall\u2019assessore regionale al lavoro Elena Donazzan e gestito dal dirigente dell\u2019Unit\u00e0 di Crisi aziendali regionale Mattia Losego, un nuovo tavolo di aggiornamento relativo alla situazione della DIAB spa di Longarone (BL), azienda di propriet\u00e0 di un Gruppo svedese che produce materiali plastici in PET e PVC che occupa attualmente circa 250 lavoratori. All\u2019incontro hanno partecipato la rappresentanza aziendale, assistita da Confindustria Belluno, e le organizzazioni sindacali di Filctem CGIL Belluno, Femca CISL Belluno e Uiltec UIL Belluno. Nel corso del tavolo le parti hanno valutato percorribile un processo di reindustralizzazione, avente ad oggetto la ricerca di un soggetto subentrante interessato alle attivit\u00e0 in dismissione e ai lavoratori in esse impiegati. Gli elementi che determineranno l\u2019effettiva applicabilit\u00e0 di tale processo saranno oggetto di valutazione nel corso del prossimo incontro programmato per gioved\u00ec 7 aprile in sede regionale.<\/p>\n<p>&nbsp;<\/p>\n<p>&nbsp;<\/p>\n<hr \/>\n<p>&nbsp;<\/p>\n<blockquote>\n<h3>GRAZIE DOTTOR TOMASELLI! BUON LAVORO A FAVERO E SEMENZATO<\/h3>\n<\/blockquote>\n<p><strong><a class=\"dt-pswp-item\" href=\"https:\/\/www.radiopiu.net\/wordpress\/wp-content\/uploads\/2020\/10\/Medicina_generale.jpg\" data-dt-img-description=\"\" data-large_image_width=\"1284\" data-large_image_height=\"851\"><img loading=\"lazy\" decoding=\"async\" class=\" wp-image-168272 alignleft\" src=\"https:\/\/www.radiopiu.net\/wordpress\/wp-content\/uploads\/2020\/10\/Medicina_generale-300x199.jpg\" alt=\"\" width=\"235\" height=\"156\" srcset=\"https:\/\/www.radiopiu.net\/wordpress\/wp-content\/uploads\/2020\/10\/Medicina_generale-300x199.jpg 300w, https:\/\/www.radiopiu.net\/wordpress\/wp-content\/uploads\/2020\/10\/Medicina_generale-1024x679.jpg 1024w, https:\/\/www.radiopiu.net\/wordpress\/wp-content\/uploads\/2020\/10\/Medicina_generale-768x509.jpg 768w, https:\/\/www.radiopiu.net\/wordpress\/wp-content\/uploads\/2020\/10\/Medicina_generale.jpg 1284w\" sizes=\"auto, (max-width: 235px) 100vw, 235px\" \/><\/a>ALTO AGORDINO<\/strong> Da domani\u00a0 il dottor Valter Tomaselli cessa l\u2019attivit\u00e0 di medico di assistenza primaria. Dal 1\u00b0aprile 2022 il dr. Luca Favero inizier\u00e0 la sua attivit\u00e0 di assistenza primaria con ambulatori a Cencenighe (ex Tomaselli) e Alleghe e contestualmente cesser\u00e0 l\u2019attivit\u00e0 presso gli ambulatori di Livinallongo del Col di Lana e Colle Santa Lucia. Sempre il 1\u00b0 aprile inizier\u00e0 l\u2019attivit\u00e0 di assistenza primaria la dottoressa Camilla Semenzato presso gli ambulatori situati a Livinallongo del Col di Lana e Colle Santa Lucia ( numero di telefono 379 1091502 ).\u00a0 Dal 1\u00b0 aprile 2022 i dr. Giovanni Magra e Paolo Barone non opereranno pi\u00f9 presso l\u2019ambulatorio di Alleghe; &#8211; dal 1\u00b0 aprile 2022 il dr. Paolo Barone svolger\u00e0 la propria attivit\u00e0 anche presso l\u2019ambulatorio di Caviola (ex Tomaselli). Per quanto sopra indicato dal 1\u00b0 aprile 2022 la situazione dell\u2019assegnazione degli assistiti sar\u00e0 la seguente: gli assistiti \u201cex Mascanzoni\u201d, gi\u00e0 assegnati provvisoriamente ai dottori Magra e Barone, saranno riassegnati al dr. Favero; gli assistiti del dr. Tomaselli saranno cos\u00ec ripartiti: i residenti a S. Tomaso Agordino saranno assegnati al dr. Magra i residenti a Falcade (cognome dalla lettera G alla lettera Z) saranno assegnati al dr. Magra i residenti a Falcade (cognome dalla lettera A alla lettera F) saranno assegnati al dr. Barone i residenti a Canale d\u2019Agordo saranno assegnati al dr. Barone i rimanenti pazienti saranno assegnati al dr. Favero gli assistiti del dr. Favero di Livinallongo e Colle Santa Lucia saranno assegnati d\u2019ufficio alla dr.ssa Semenzato Camilla. L\u2019assegnazione degli assistiti sar\u00e0 effettuata d\u2019ufficio, fatta salva la possibilit\u00e0 per gli assistiti di effettuare una scelta tra i medici con disponibilit\u00e0 di posti nell\u2019ambito territoriale di residenza. Rimangono a disposizione per eventuali necessit\u00e0 e per informazioni relative a quanto sopra esposto gli uffici Anagrafe Sanitaria di Agordo al numero 0437 645314 dal luned\u00ec al venerd\u00ec dalle ore 10.00 alle ore 13.00 e di Belluno al numero 0437 516757 dal luned\u00ec al venerd\u00ec dalle ore 10.00 alle ore 12.00.<\/p>\n<p>&nbsp;<\/p>\n<p>&nbsp;<\/p>\n<hr \/>\n<p>&nbsp;<\/p>\n<blockquote>\n<h3>TAGLIANDO IL NASTRO A SAMPOI, DOMENICA GIORNATA DI FESTA A LIMANA CON IL COMUNE<\/h3>\n<\/blockquote>\n<p><strong><img loading=\"lazy\" decoding=\"async\" class=\"alignleft\" src=\"https:\/\/www.radiopiu.net\/wordpress\/wp-content\/uploads\/2019\/11\/LIMANA.jpg\" width=\"203\" height=\"114\" \/>LIMANA<\/strong><\/p>\n<p><strong>di\u00a0 DAMIANO TORMEN<\/strong><\/p>\n<audio class=\"wp-audio-shortcode\" id=\"audio-267823-1\" preload=\"none\" style=\"width: 100%;\" controls=\"controls\"><source type=\"audio\/mpeg\" src=\"https:\/\/www.radiopiu.net\/wordpress\/wp-content\/uploads\/2022\/03\/DAMIANO-7.mp3?_=1\" \/><a href=\"https:\/\/www.radiopiu.net\/wordpress\/wp-content\/uploads\/2022\/03\/DAMIANO-7.mp3\">https:\/\/www.radiopiu.net\/wordpress\/wp-content\/uploads\/2022\/03\/DAMIANO-7.mp3<\/a><\/audio>\n<p>&nbsp;<\/p>\n<hr \/>\n<p>&nbsp;<\/p>\n<blockquote class=\"wp-embedded-content\" data-secret=\"s7pQYOT423\"><p><a href=\"https:\/\/www.radiopiu.net\/wordpress\/ag01marzo2230\/\">CORONAVIRUS: AGGIORNAMENTO NAZIONALE 30 MARZO 2022<\/a><\/p><\/blockquote>\n<p><iframe loading=\"lazy\" class=\"wp-embedded-content\" sandbox=\"allow-scripts\" security=\"restricted\" style=\"position: absolute; clip: rect(1px, 1px, 1px, 1px);\" title=\"&#8220;CORONAVIRUS: AGGIORNAMENTO NAZIONALE 30 MARZO 2022&#8221; &#8212; Radio Pi\u00f9\" src=\"https:\/\/www.radiopiu.net\/wordpress\/ag01marzo2230\/embed\/#?secret=7OueiXueAY#?secret=s7pQYOT423\" data-secret=\"s7pQYOT423\" width=\"600\" height=\"338\" frameborder=\"0\" marginwidth=\"0\" marginheight=\"0\" scrolling=\"no\"><\/iframe><\/p>\n<p>&nbsp;<\/p>\n<blockquote class=\"wp-embedded-content\" data-secret=\"fxlsOrPQUR\"><p><a href=\"https:\/\/www.radiopiu.net\/wordpress\/aggmarz30\/\">RICOVERI IN AUMENTO, 35 DECESSI E 7874 NUOVI POSITIVI IN VENETO NELLE ULTIME 24 ORE<\/a><\/p><\/blockquote>\n<p><iframe loading=\"lazy\" class=\"wp-embedded-content\" sandbox=\"allow-scripts\" security=\"restricted\" style=\"position: absolute; clip: rect(1px, 1px, 1px, 1px);\" title=\"&#8220;RICOVERI IN AUMENTO, 35 DECESSI E 7874 NUOVI POSITIVI IN VENETO NELLE ULTIME 24 ORE&#8221; &#8212; Radio Pi\u00f9\" src=\"https:\/\/www.radiopiu.net\/wordpress\/aggmarz30\/embed\/#?secret=FXukZ2vpbF#?secret=fxlsOrPQUR\" data-secret=\"fxlsOrPQUR\" width=\"600\" height=\"338\" frameborder=\"0\" marginwidth=\"0\" marginheight=\"0\" scrolling=\"no\"><\/iframe><\/p>\n<p>&nbsp;<\/p>\n<h2 dir=\"auto\">I GRAFICI DI TIZIANO DE COL<\/h2>\n\n\t\t\t<style type='text\/css'>\n\t\t\t\t#gallery-1 {\n\t\t\t\t\tmargin: auto;\n\t\t\t\t}\n\t\t\t\t#gallery-1 .gallery-item {\n\t\t\t\t\tfloat: left;\n\t\t\t\t\tmargin-top: 10px;\n\t\t\t\t\ttext-align: center;\n\t\t\t\t\twidth: 33%;\n\t\t\t\t}\n\t\t\t\t#gallery-1 img {\n\t\t\t\t\tborder: 2px solid #cfcfcf;\n\t\t\t\t}\n\t\t\t\t#gallery-1 .gallery-caption {\n\t\t\t\t\tmargin-left: 0;\n\t\t\t\t}\n\t\t\t\t\/* see gallery_shortcode() in wp-includes\/media.php *\/\n\t\t\t<\/style>\n\t\t<div id='gallery-1' class='dt-gallery-container gallery galleryid-267823 gallery-columns-3 gallery-size-thumbnail'><dl class='gallery-item'>\n\t\t\t\t<dt class='gallery-icon landscape'>\n\t\t\t\t\t<a class=\"rollover rollover-zoom dt-pswp-item\" title=\"60c54013-1f8f-44d8-958c-915b070208ff\" data-dt-img-description=\"\" data-large_image_width=\"616\" data-large_image_height=\"366\"href='https:\/\/www.radiopiu.net\/wordpress\/wp-content\/uploads\/2022\/03\/60c54013-1f8f-44d8-958c-915b070208ff.jpg'><img loading=\"lazy\" decoding=\"async\" width=\"150\" height=\"150\" src=\"https:\/\/www.radiopiu.net\/wordpress\/wp-content\/uploads\/2022\/03\/60c54013-1f8f-44d8-958c-915b070208ff-150x150.jpg\" class=\"attachment-thumbnail size-thumbnail\" alt=\"\" \/><\/a>\n\t\t\t\t<\/dt><\/dl><dl class='gallery-item'>\n\t\t\t\t<dt class='gallery-icon landscape'>\n\t\t\t\t\t<a class=\"rollover rollover-zoom dt-pswp-item\" title=\"601833c2-7380-4397-9fba-46ce6335bbfe\" data-dt-img-description=\"\" data-large_image_width=\"600\" data-large_image_height=\"362\"href='https:\/\/www.radiopiu.net\/wordpress\/wp-content\/uploads\/2022\/03\/601833c2-7380-4397-9fba-46ce6335bbfe.jpg'><img loading=\"lazy\" decoding=\"async\" width=\"150\" height=\"150\" src=\"https:\/\/www.radiopiu.net\/wordpress\/wp-content\/uploads\/2022\/03\/601833c2-7380-4397-9fba-46ce6335bbfe-150x150.jpg\" class=\"attachment-thumbnail size-thumbnail\" alt=\"\" \/><\/a>\n\t\t\t\t<\/dt><\/dl><dl class='gallery-item'>\n\t\t\t\t<dt class='gallery-icon landscape'>\n\t\t\t\t\t<a class=\"rollover rollover-zoom dt-pswp-item\" title=\"fa3d5afc-f49b-4968-92f6-0087f833fe53\" data-dt-img-description=\"\" data-large_image_width=\"608\" data-large_image_height=\"360\"href='https:\/\/www.radiopiu.net\/wordpress\/wp-content\/uploads\/2022\/03\/fa3d5afc-f49b-4968-92f6-0087f833fe53.jpg'><img loading=\"lazy\" decoding=\"async\" width=\"150\" height=\"150\" src=\"https:\/\/www.radiopiu.net\/wordpress\/wp-content\/uploads\/2022\/03\/fa3d5afc-f49b-4968-92f6-0087f833fe53-150x150.jpg\" class=\"attachment-thumbnail size-thumbnail\" alt=\"\" \/><\/a>\n\t\t\t\t<\/dt><\/dl><br style=\"clear: both\" \/><dl class='gallery-item'>\n\t\t\t\t<dt class='gallery-icon landscape'>\n\t\t\t\t\t<a class=\"rollover rollover-zoom dt-pswp-item\" title=\"e49bc648-fd58-44a9-9469-3aac95e7ca73\" data-dt-img-description=\"\" data-large_image_width=\"610\" data-large_image_height=\"364\"href='https:\/\/www.radiopiu.net\/wordpress\/wp-content\/uploads\/2022\/03\/e49bc648-fd58-44a9-9469-3aac95e7ca73.jpg'><img loading=\"lazy\" decoding=\"async\" width=\"150\" height=\"150\" src=\"https:\/\/www.radiopiu.net\/wordpress\/wp-content\/uploads\/2022\/03\/e49bc648-fd58-44a9-9469-3aac95e7ca73-150x150.jpg\" class=\"attachment-thumbnail size-thumbnail\" alt=\"\" \/><\/a>\n\t\t\t\t<\/dt><\/dl><dl class='gallery-item'>\n\t\t\t\t<dt class='gallery-icon landscape'>\n\t\t\t\t\t<a class=\"rollover rollover-zoom dt-pswp-item\" title=\"24b5eaff-515f-4907-855e-17d33fd6f007\" data-dt-img-description=\"\" data-large_image_width=\"616\" data-large_image_height=\"358\"href='https:\/\/www.radiopiu.net\/wordpress\/wp-content\/uploads\/2022\/03\/24b5eaff-515f-4907-855e-17d33fd6f007.jpg'><img loading=\"lazy\" decoding=\"async\" width=\"150\" height=\"150\" src=\"https:\/\/www.radiopiu.net\/wordpress\/wp-content\/uploads\/2022\/03\/24b5eaff-515f-4907-855e-17d33fd6f007-150x150.jpg\" class=\"attachment-thumbnail size-thumbnail\" alt=\"\" \/><\/a>\n\t\t\t\t<\/dt><\/dl><dl class='gallery-item'>\n\t\t\t\t<dt class='gallery-icon landscape'>\n\t\t\t\t\t<a class=\"rollover rollover-zoom dt-pswp-item\" title=\"eacf8185-79b2-43ad-aedc-6a75304cc96c\" data-dt-img-description=\"\" data-large_image_width=\"632\" data-large_image_height=\"365\"href='https:\/\/www.radiopiu.net\/wordpress\/wp-content\/uploads\/2022\/03\/eacf8185-79b2-43ad-aedc-6a75304cc96c.jpg'><img loading=\"lazy\" decoding=\"async\" width=\"150\" height=\"150\" src=\"https:\/\/www.radiopiu.net\/wordpress\/wp-content\/uploads\/2022\/03\/eacf8185-79b2-43ad-aedc-6a75304cc96c-150x150.jpg\" class=\"attachment-thumbnail size-thumbnail\" alt=\"\" \/><\/a>\n\t\t\t\t<\/dt><\/dl><br style=\"clear: both\" \/>\n\t\t\t<\/div>\n\n<hr \/>\n<p>&nbsp;<\/p>\n<blockquote>\n<h3>PROSEGUE LA CAMPAGNA DI ASSUNZIONI DI NUOVO PERSONALE<\/h3>\n<\/blockquote>\n<p><strong>BELLUNO<\/strong> La Ulss1 Dolomiti ha assunto, a tempo indeterminato, una dottoressa di medicina legale e, a tempo determinato, un medico specializzando in igiene, epidemiologia e sanit\u00e0 pubblica. Conferiti due incarichi di natura libero-professionale ad un medico specialista in ginecologia ed ostetricia e\u00a0 ad un medico specialista in nefrologia. Nominata infine la commissione esaminatrice per il conferimento degli incarichi libero professionali a medici specialisti in psichiatria.<\/p>\n<p>&nbsp;<\/p>\n<hr \/>\n<p>&nbsp;<\/p>\n<p>&nbsp;<\/p>\n<blockquote>\n<h3>ULSS1-POLIZIA POSTALE, UN PROTOCOLLO PER PREVENIRE E CONTRASTARE CRIMINI INFORMATICI<\/h3>\n<\/blockquote>\n<p><strong><a class=\"dt-pswp-item\" href=\"https:\/\/www.radiopiu.net\/wordpress\/wp-content\/uploads\/2022\/01\/POLIZIA-POSTALE.jpg\" data-dt-img-description=\"\" data-large_image_width=\"640\" data-large_image_height=\"453\"><img loading=\"lazy\" decoding=\"async\" class=\" wp-image-255173 alignleft\" src=\"https:\/\/www.radiopiu.net\/wordpress\/wp-content\/uploads\/2022\/01\/POLIZIA-POSTALE-300x212.jpg\" alt=\"\" width=\"233\" height=\"165\" srcset=\"https:\/\/www.radiopiu.net\/wordpress\/wp-content\/uploads\/2022\/01\/POLIZIA-POSTALE-300x212.jpg 300w, https:\/\/www.radiopiu.net\/wordpress\/wp-content\/uploads\/2022\/01\/POLIZIA-POSTALE.jpg 640w\" sizes=\"auto, (max-width: 233px) 100vw, 233px\" \/><\/a>BELLUNO<\/strong>\u00a0 A conclusione di alcuni incontri tra rappresentanti del Compartimento di Polizia Postale e delle Comunicazioni per il Veneto e\u00a0 i responsabili dei Sistemi Informativi dell\u2019Azienda Ulss 1 Dolomiti, \u00e8 stato attivato un modello operativo di cooperazione con lo scopo di prevenire e contrastare i crimini informatici che possono avere per oggetto sistemi e servizi informatici \u201ccritici\u201d dell\u2019Azienda. Negli ultimi due anni si \u00e8 registrato, infatti, un aumento degli attacchi cyber ai sistemi informativi di organizzazioni pubbliche e private. Tra il 2019 e il 2020 \u00e8 stato evidenziato un incremento del 10% degli attacchi verso i sistemi di soggetti pubblici e nel corso del 2020 l\u201983% delle Pubbliche Amministrazioni italiane \u00e8 stato colpito da attacchi cyber.\u00a0 I sistemi informatici e le reti telematiche di supporto alle funzioni istituzionali dell\u2019Azienda Ulss 1 Dolomiti sono considerate infrastrutture sensibili di interesse pubblico. Per questo motivo \u00e8 stato approvato un Protocollo d\u2019intesa, che avr\u00e0 validit\u00e0 triennale.<\/p>\n<p>&nbsp;<\/p>\n<hr \/>\n<p>&nbsp;<\/p>\n<p>&nbsp;<\/p>\n<blockquote>\n<h3>CERIMONIA COMMEMORATIVA PER GIOVANNI PALATUCCI CON LA QUESTURA DI BELLUNO<\/h3>\n<\/blockquote>\n<p><strong><a class=\"dt-pswp-item\" href=\"https:\/\/www.radiopiu.net\/wordpress\/wp-content\/uploads\/2022\/03\/Giovanni-Palatucci-259x300-1.jpg\" data-dt-img-description=\"\" data-large_image_width=\"259\" data-large_image_height=\"300\"><img loading=\"lazy\" decoding=\"async\" class=\"size-thumbnail wp-image-267819 alignright\" src=\"https:\/\/www.radiopiu.net\/wordpress\/wp-content\/uploads\/2022\/03\/Giovanni-Palatucci-259x300-1-150x150.jpg\" alt=\"\" width=\"150\" height=\"150\" \/><\/a>BELLUNO<\/strong> Marted\u00ec alle 11.30 al parco di Lambioi, avr\u00e0 luogo la cerimonia commemorativa in ricordo dell\u2019ex Questore di Fiume Giovanni Palatucci, morto nel campo di concentramento di Dachau, il 10 febbraio 1945. Il Questore Palatucci, medaglia d\u2019oro al merito civile, \u00e8 stato insignito del riconoscimento di \u201cgiusto tra le nazioni\u201d perch\u00e9 protagonista del salvataggio di circa 5.000 ebrei stranieri e italiani. Alla cerimonia, durante la quale sar\u00e0 posta una targa commemorativa ed un albero di acero in suo ricordo, parteciperanno alcune cariche istituzionali, civili e militari della Provincia, nonch\u00e9 il presidente della Comunit\u00e0 Ebraica di Venezia Prof. Dario Calimani<\/p>\n<p>&nbsp;<\/p>\n<p>&nbsp;<\/p>\n<hr \/>\n<p>&nbsp;<\/p>\n<blockquote>\n<h3>NUOVO DIRETTIVO PER CASA TUA. PIER ANNA DAL MAS ALLA PRESIDENZA<\/h3>\n<\/blockquote>\n<p><strong><a class=\"dt-pswp-item\" href=\"https:\/\/www.radiopiu.net\/wordpress\/wp-content\/uploads\/2022\/03\/Pier-Anna-Dal-Mas.jpg\" data-dt-img-description=\"\" data-large_image_width=\"737\" data-large_image_height=\"1024\"><img loading=\"lazy\" decoding=\"async\" class=\"size-thumbnail wp-image-267906 alignleft\" src=\"https:\/\/www.radiopiu.net\/wordpress\/wp-content\/uploads\/2022\/03\/Pier-Anna-Dal-Mas-150x150.jpg\" alt=\"\" width=\"150\" height=\"150\" \/><\/a>BELLUNO <\/strong>\u00c8 Pier Anna Dal Mas la nuova presidente di Casa Tua, raccoglie il testimone da Giorgio Zampieri, che ha deciso di lasciare l\u2019associazione, che si occupa di accoglienza ospedaliera, dopo 25 anni di servizio. Dal Mas, gi\u00e0 al vertice della Lilt bellunese, \u00e8 stata designata dal Comitato d\u2019Intesa. Al fianco della presidente, ci saranno il vice Roberto Burlon, il segretario e tesoriere Romeo Bristot, i membri del collegio sindacale Tommaso Nicolao e Fioretto Bortot oltre a Monica De Vettor, designata dall\u2019Abvs.\u00a0 Con Zampieri escono dal direttivo,\u00a0 Rita Bon e Mariuccia Dalle Vedove. Burlon, presidente C.O.R.C. (Circolo Ospedaliero Ricreativo Culturale), subentra allo scomparso vicepresidente Noris Bortot. <em>&#8220;Desidero esprimere poche parole a conclusione del mio mandato che ho cercato di espletare con cura e dedizione\u00bb, ha dichiarato Giorgio Zampieri. \u00abCasa Tua \u00e8 stata e sar\u00e0 un servizio rivolto a persone che si trovano in un momento di necessit\u00e0 e di sofferenza; a loro dobbiamo dare tutta la solidariet\u00e0 possibile in un ambiente accogliente e familiare. Ringrazio quanti hanno collaborato in questi anni trascorsi assieme, la direzione medica, soci e volontari e in particolare Fioretto Bortot, punto di forza che merita gratitudine da parte di tutti\u00bb.<\/em><\/p>\n<p>&nbsp;<\/p>\n<p>&nbsp;<\/p>\n<hr \/>\n<p>&nbsp;<\/p>\n<blockquote>\n<h3>DOLOMITIBUS, FINE DELLO STATO DI EMERGENZA<\/h3>\n<\/blockquote>\n<p><strong><a class=\"dt-pswp-item\" href=\"https:\/\/www.radiopiu.net\/wordpress\/wp-content\/uploads\/2021\/10\/9396bbfc-2818-4225-b55d-9a56c39206f1.jpg\" data-dt-img-description=\"\" data-large_image_width=\"1599\" data-large_image_height=\"899\"><img loading=\"lazy\" decoding=\"async\" class=\"wp-image-237486 alignleft\" src=\"https:\/\/www.radiopiu.net\/wordpress\/wp-content\/uploads\/2021\/10\/9396bbfc-2818-4225-b55d-9a56c39206f1-300x169.jpg\" alt=\"\" width=\"240\" height=\"135\" srcset=\"https:\/\/www.radiopiu.net\/wordpress\/wp-content\/uploads\/2021\/10\/9396bbfc-2818-4225-b55d-9a56c39206f1-300x169.jpg 300w, https:\/\/www.radiopiu.net\/wordpress\/wp-content\/uploads\/2021\/10\/9396bbfc-2818-4225-b55d-9a56c39206f1-1024x576.jpg 1024w, https:\/\/www.radiopiu.net\/wordpress\/wp-content\/uploads\/2021\/10\/9396bbfc-2818-4225-b55d-9a56c39206f1-768x432.jpg 768w, https:\/\/www.radiopiu.net\/wordpress\/wp-content\/uploads\/2021\/10\/9396bbfc-2818-4225-b55d-9a56c39206f1-1536x864.jpg 1536w, https:\/\/www.radiopiu.net\/wordpress\/wp-content\/uploads\/2021\/10\/9396bbfc-2818-4225-b55d-9a56c39206f1.jpg 1599w\" sizes=\"auto, (max-width: 240px) 100vw, 240px\" \/><\/a>BELLUNO<\/strong> Oggi cessa lo stato di emergenza Covid e da domani anche il trasporto pubblico locale pu\u00f2 tornare alla normalit\u00e0. Sui mezzi si potr\u00e0 salire con la mscherina ffp2 senza esibire il green pass. Decade l&#8217;obbligo di riduzione della capienza dei bus dell\u201980 per cento. Con la piena operativit\u00e0 DolomitiBus ha convenuto una riduzione progressiva dei mezzi ulteriori (18) messi a disposizione durante la fase emergenziale.\u00a0 Al momento, \u00e8 impossibile stabilire come si distribuir\u00e0 l\u2019utenza, soprattutto quella scolastica, per cui saranno fatte valutazioni. Di concerto con la Provincia di Belluno, l&#8217;azienda ha\u00a0 deciso di mantenere gli attuali servizi per due settimane, fino alle vacanze pasquali; quindi, con i mezzi aggiuntivi.\u00a0 Dopo Pasqua il servizio di trasporto pubblico locale torner\u00e0 quello attivo prima dell\u2019emergenza Covid.<\/p>\n<p>&nbsp;<\/p>\n<hr \/>\n<p>&nbsp;<\/p>\n<blockquote>\n<h3>&#8220;GIU&#8217; LE MANI DALLA SANITA&#8217; PUBBLICA BELLUNESE&#8221;, MANIFESTAZIONE A PIEVE DI CADORE<\/h3>\n<\/blockquote>\n<p><strong><em>Il diritto di abitare in montagna, il diritto ad una sanit\u00e0 pubblica puntuale<\/em><\/strong><\/p>\n<p><strong><img loading=\"lazy\" decoding=\"async\" class=\"alignleft\" src=\"https:\/\/www.radiopiu.net\/wordpress\/wp-content\/uploads\/2022\/03\/Schermata-2022-03-30-alle-11.23.09-300x300.png\" width=\"192\" height=\"192\" \/>PIEVE DI CADORE<\/strong> <em>\u00a0&#8220;Siamo convinti che dobbiamo riprendere la nostra lotta per la sanita\u0300 pubblica, il welfare, per il nostro diritto di poter continuare ad abitare in questi luoghi contro quel processo di depotenziamento dei servizi sanitari e territoriali che perdura oramai da troppi anni &#8221; L<\/em>o scrivono gli organizzatori della manifestazione in programma il 2 aprile a Pieve Di Cadore alle 15 in Piazza del Tiziano<em>\u00a0 &#8220;La cronica mancanza di medici, operatori sanitari e socio-sanitari non puo\u0300 essere un alibi dietro al quale nascondersi. Tutt\u2019altro. Semmai e\u0300 la piu\u0300 significativa evidenza di una pluriennale errata programmazione, di responsabilita\u0300 politiche chiare, all\u2019interno di un quadro complessivo di attacco al Servizio Pubblico a favore del settore privato&#8221;.<\/em> <a class=\"dt-pswp-item\" href=\"https:\/\/www.radiopiu.net\/wordpress\/wp-content\/uploads\/2022\/03\/Schermata-2022-03-30-alle-11.22.42.png\" data-dt-img-description=\"\" data-large_image_width=\"1292\" data-large_image_height=\"820\"><img loading=\"lazy\" decoding=\"async\" class=\"alignright wp-image-267903 \" src=\"https:\/\/www.radiopiu.net\/wordpress\/wp-content\/uploads\/2022\/03\/Schermata-2022-03-30-alle-11.22.42-300x190.png\" alt=\"\" width=\"234\" height=\"148\" srcset=\"https:\/\/www.radiopiu.net\/wordpress\/wp-content\/uploads\/2022\/03\/Schermata-2022-03-30-alle-11.22.42-300x190.png 300w, https:\/\/www.radiopiu.net\/wordpress\/wp-content\/uploads\/2022\/03\/Schermata-2022-03-30-alle-11.22.42-1024x650.png 1024w, https:\/\/www.radiopiu.net\/wordpress\/wp-content\/uploads\/2022\/03\/Schermata-2022-03-30-alle-11.22.42-768x487.png 768w, https:\/\/www.radiopiu.net\/wordpress\/wp-content\/uploads\/2022\/03\/Schermata-2022-03-30-alle-11.22.42.png 1292w\" sizes=\"auto, (max-width: 234px) 100vw, 234px\" \/><\/a><\/p>\n<p>Il comitato puntualizza come il\u00a0 depotenziamento dei servizi sia\u00a0 ancora piu\u0300 evidente nelle \u201cterre alte\u201d del bellunese, soprattutto dopo l&#8217;approvazione del piano sanitario del 2012: i due ospedali di Pieve e Agordo sono stati privati dei servizi h24 di cardiologia, chirurgia, radiologia, laboratorio analisi. Ma la recente sospensione (chiusura?) del reparto di degenza del Centro di Salute Mentale di Feltre\u00a0 descrive che il processo sta investendo l\u2019intero sistema socio-sanitario territoriale. <em>&#8220;Per questi motivi, per la difesa della Sanita\u0300 pubblica, come singoli cittadini di questo territorio abbiamo deciso di organizzarci e di dar battaglia, perche\u0301 non siamo disposti a rassegnarci, perche\u0301 in gioco c\u2019e\u0300 il nostro diritto alla salute, il nostro diritto di poter restare ad abitare in montagna<\/em><\/p>\n<p><strong><em>In difesa della sanit\u00e0 pubblica, si taglino le spese militari non i servizi pubblici<\/em><\/strong><\/p>\n<blockquote><p>Nel periodo 2010-2019 alla sanita\u0300 pubblica italiana sono stati sottratti oltre 37 miliardi di euro tra tagli e definanziamenti: in quei 10 anni, per nessun Governo la sanita\u0300 ha mai rappresentato una priorita\u0300 politica. Non si puo\u0300 dire lo stesso per le spese militari che tra il 2006 e il 2017 sono cresciute del 21%. Per il 2022 e\u0300 prevista la cifra record di 25,8 miliardi: un +20% in soli 3 anni, di cui 2 in piena pandemia, dove abbiamo assistito alla crisi del Sistema sanitario.<\/p><\/blockquote>\n<p>&nbsp;<\/p>\n<p>&nbsp;<\/p>\n<hr \/>\n<p>&nbsp;<\/p>\n<blockquote>\n<h3>LA FIRMA DI PADRIN SULLE NUOVE DELEGHE PER LA PROVINCIA<\/h3>\n<\/blockquote>\n<p><strong><img loading=\"lazy\" decoding=\"async\" class=\"alignleft\" src=\"https:\/\/www.radiopiu.net\/wordpress\/wp-content\/uploads\/2022\/03\/firma-deleghe-30-marzo-22-1-scaled.jpg\" alt=\"\" width=\"149\" height=\"112\" \/>BELLUNO<\/strong> <em>&#8220;La squadra ora \u00e8 operativa e pronta per le partite importanti del territorio&#8221;<\/em> Lo ha detto il Presidente della Provincia Roberto Padrin dopo aver messo la firma sulle nuove deleghe di coordinamento politico ai consiglieri provinciali. Un passaggio che segue di pochi giorni l\u2019approvazione in consiglio, all\u2019unanimit\u00e0, delle linee programmatiche. <strong>Vice presidente Lucia Da Rold<\/strong>,\u00a0 si occuper\u00e0 anche di edilizia scolastica, welfare, volontariato e sociale, e pari opportunit\u00e0. <strong>Serenella Bogana<\/strong> materie del personale, attivit\u00e0 produttive, istruzione, formazione e rapporti con gli enti locali. <strong>Walter Cibien<\/strong>\u00a0bilancio, patrimonio e innovazione.\u00a0<strong>Franco De Bon<\/strong> caccia e pesca, urbanistica, minoranze linguistiche. <strong>Simone Deola<\/strong> rifiuti, ambiente, Unesco, agricoltura, cultura, e demanio idrico. <strong>Danilo De Toni<\/strong> turismo. <strong>Mattia Gosetti<\/strong> difesa del suolo e\u00a0 Protezione Civile. <strong>Fabio Luchetta\u00a0<\/strong> viabilit\u00e0 e infrastrutture <strong>Paolo Perenzin<\/strong>\u00a0 Fondo Comuni di confine e programmazione strategica unitaria.<strong>Dario Scopel<\/strong>\u00a0 trasporti, mobilit\u00e0 e impianti a fune. <strong>A Roberto Padrin<\/strong> le deleghe relative a lavoro, sport, vigilanza caccia e pesca, attuazione della legge regionale 25\/2014, rapporti con le istituzioni, Olimpiadi Milano-Cortina 2026 e grandi eventi<\/p>\n<p>&nbsp;<\/p>\n<p>&nbsp;<\/p>\n<hr \/>\n<p>&nbsp;<\/p>\n<blockquote>\n<h3>RIFIUTI SOTTO AL PONTE GHISEL. DE VAL &#8220;L&#8217;IDIOTA PORTA LE IMMONDIZIE NEL POSTO FUORI MANO&#8221;<\/h3>\n<\/blockquote>\n<p><strong>SAN TOMASO<\/strong> Su segnalazione, \u00e8 stato ripulito in parte dalla spazzatura il tratto sotto al Ponte Ghisel dove sono stati trovati rifiuti di ogni genere. Poca cura del territorio e gli oprai del comune sono stati mandati in spedizione per ripulire la zona.<\/p>\n<p><strong>MORENO DE VAL, SINDACO DI SAN TOMASO<\/strong><\/p>\n<audio class=\"wp-audio-shortcode\" id=\"audio-267823-2\" preload=\"none\" style=\"width: 100%;\" controls=\"controls\"><source type=\"audio\/mpeg\" src=\"https:\/\/www.radiopiu.net\/wordpress\/wp-content\/uploads\/2022\/03\/MORENO-DE-VAL-RIFIUTI.mp3?_=2\" \/><a href=\"https:\/\/www.radiopiu.net\/wordpress\/wp-content\/uploads\/2022\/03\/MORENO-DE-VAL-RIFIUTI.mp3\">https:\/\/www.radiopiu.net\/wordpress\/wp-content\/uploads\/2022\/03\/MORENO-DE-VAL-RIFIUTI.mp3<\/a><\/audio>\n<p>&nbsp;<\/p>\n\n\t\t\t<style type='text\/css'>\n\t\t\t\t#gallery-2 {\n\t\t\t\t\tmargin: auto;\n\t\t\t\t}\n\t\t\t\t#gallery-2 .gallery-item {\n\t\t\t\t\tfloat: left;\n\t\t\t\t\tmargin-top: 10px;\n\t\t\t\t\ttext-align: center;\n\t\t\t\t\twidth: 50%;\n\t\t\t\t}\n\t\t\t\t#gallery-2 img {\n\t\t\t\t\tborder: 2px solid #cfcfcf;\n\t\t\t\t}\n\t\t\t\t#gallery-2 .gallery-caption {\n\t\t\t\t\tmargin-left: 0;\n\t\t\t\t}\n\t\t\t\t\/* see gallery_shortcode() in wp-includes\/media.php *\/\n\t\t\t<\/style>\n\t\t<div id='gallery-2' class='dt-gallery-container gallery galleryid-267823 gallery-columns-2 gallery-size-thumbnail'><dl class='gallery-item'>\n\t\t\t\t<dt class='gallery-icon landscape'>\n\t\t\t\t\t<a class=\"rollover rollover-zoom dt-pswp-item\" title=\"d7d96c42-3949-478a-9fd7-313ae832bc11\" data-dt-img-description=\"\" data-large_image_width=\"1599\" data-large_image_height=\"899\"href='https:\/\/www.radiopiu.net\/wordpress\/wp-content\/uploads\/2022\/03\/d7d96c42-3949-478a-9fd7-313ae832bc11.jpg'><img loading=\"lazy\" decoding=\"async\" width=\"150\" height=\"150\" src=\"https:\/\/www.radiopiu.net\/wordpress\/wp-content\/uploads\/2022\/03\/d7d96c42-3949-478a-9fd7-313ae832bc11-150x150.jpg\" class=\"attachment-thumbnail size-thumbnail\" alt=\"\" \/><\/a>\n\t\t\t\t<\/dt><\/dl><dl class='gallery-item'>\n\t\t\t\t<dt class='gallery-icon landscape'>\n\t\t\t\t\t<a class=\"rollover rollover-zoom dt-pswp-item\" title=\"c8e550bb-52a6-4bd3-8d31-96845c79849c\" data-dt-img-description=\"\" data-large_image_width=\"1599\" data-large_image_height=\"899\"href='https:\/\/www.radiopiu.net\/wordpress\/wp-content\/uploads\/2022\/03\/c8e550bb-52a6-4bd3-8d31-96845c79849c.jpg'><img loading=\"lazy\" decoding=\"async\" width=\"150\" height=\"150\" src=\"https:\/\/www.radiopiu.net\/wordpress\/wp-content\/uploads\/2022\/03\/c8e550bb-52a6-4bd3-8d31-96845c79849c-150x150.jpg\" class=\"attachment-thumbnail size-thumbnail\" alt=\"\" \/><\/a>\n\t\t\t\t<\/dt><\/dl><br style=\"clear: both\" \/>\n\t\t\t<\/div>\n\n<p>&nbsp;<\/p>\n<hr \/>\n<p>&nbsp;<\/p>\n<blockquote>\n<h3>LEZIONE DI STORIA E AMBIENTE PER GLI STUDENTI DELLA PRIMARIA DI ROCCA<\/h3>\n<\/blockquote>\n<p><strong>ROCCA PIETORE<\/strong> Magnifica Giornata in Marmolada per i bambini della scuola Primaria di Rocca Pietore. Accompagnati dai volontari del soccorso alpino si sono recati sul ghiaccioaio della Marmolada per visitare il Museo della Grande Guerra, la terrazza panoramica, la grotta della Madonna e svolgere una piccola esercitazione sulla neve. \u201c<em>Si ringraziano La societ\u00e0 Tofane-Marmolada con il suo direttore Patrick per averci riservato una calorosa accoglienza ed una gustosa merenda, Romina e Santo per le interessanti spiegazioni e i volontari del Soccorso Alpino, Alessandro, Elio, Alessio e Sofia per la loro presenza costante durante le nostre uscite pi\u00f9 \u201cardite\u201d.<\/em>\u00a0(<em><strong>Gli alunni della Scuola Primaria di Rocca Pietore)<\/strong><\/em><\/p>\n<p><strong>IL SINDACO DI ROCCA PIETORE ANDREA DE BERNARDIN<\/strong><\/p>\n<audio class=\"wp-audio-shortcode\" id=\"audio-267823-3\" preload=\"none\" style=\"width: 100%;\" controls=\"controls\"><source type=\"audio\/mpeg\" src=\"https:\/\/www.radiopiu.net\/wordpress\/wp-content\/uploads\/2022\/03\/DE-BERNARDIN-SCUOLA-ROCCA.mp3?_=3\" \/><a href=\"https:\/\/www.radiopiu.net\/wordpress\/wp-content\/uploads\/2022\/03\/DE-BERNARDIN-SCUOLA-ROCCA.mp3\">https:\/\/www.radiopiu.net\/wordpress\/wp-content\/uploads\/2022\/03\/DE-BERNARDIN-SCUOLA-ROCCA.mp3<\/a><\/audio>\n<p><strong>dal corriere delle alpi oggi in edicola di Gianni Santomaso<\/strong><\/p>\n<audio class=\"wp-audio-shortcode\" id=\"audio-267823-4\" preload=\"none\" style=\"width: 100%;\" controls=\"controls\"><source type=\"audio\/mpeg\" src=\"https:\/\/www.radiopiu.net\/wordpress\/wp-content\/uploads\/2022\/03\/gianni-rocca-pietore.mp3?_=4\" \/><a href=\"https:\/\/www.radiopiu.net\/wordpress\/wp-content\/uploads\/2022\/03\/gianni-rocca-pietore.mp3\">https:\/\/www.radiopiu.net\/wordpress\/wp-content\/uploads\/2022\/03\/gianni-rocca-pietore.mp3<\/a><\/audio>\n<p>&nbsp;<\/p>\n\n\t\t\t<style type='text\/css'>\n\t\t\t\t#gallery-3 {\n\t\t\t\t\tmargin: auto;\n\t\t\t\t}\n\t\t\t\t#gallery-3 .gallery-item {\n\t\t\t\t\tfloat: left;\n\t\t\t\t\tmargin-top: 10px;\n\t\t\t\t\ttext-align: center;\n\t\t\t\t\twidth: 25%;\n\t\t\t\t}\n\t\t\t\t#gallery-3 img {\n\t\t\t\t\tborder: 2px solid #cfcfcf;\n\t\t\t\t}\n\t\t\t\t#gallery-3 .gallery-caption {\n\t\t\t\t\tmargin-left: 0;\n\t\t\t\t}\n\t\t\t\t\/* see gallery_shortcode() in wp-includes\/media.php *\/\n\t\t\t<\/style>\n\t\t<div id='gallery-3' class='dt-gallery-container gallery galleryid-267823 gallery-columns-4 gallery-size-thumbnail'><dl class='gallery-item'>\n\t\t\t\t<dt class='gallery-icon portrait'>\n\t\t\t\t\t<a class=\"rollover rollover-zoom dt-pswp-item\" title=\"a557244f-5d83-4af1-ab3f-12495fc2ef6c\" data-dt-img-description=\"\" data-large_image_width=\"1200\" data-large_image_height=\"1600\"href='https:\/\/www.radiopiu.net\/wordpress\/wp-content\/uploads\/2022\/03\/a557244f-5d83-4af1-ab3f-12495fc2ef6c.jpg'><img loading=\"lazy\" decoding=\"async\" width=\"150\" height=\"150\" src=\"https:\/\/www.radiopiu.net\/wordpress\/wp-content\/uploads\/2022\/03\/a557244f-5d83-4af1-ab3f-12495fc2ef6c-150x150.jpg\" class=\"attachment-thumbnail size-thumbnail\" alt=\"\" \/><\/a>\n\t\t\t\t<\/dt><\/dl><dl class='gallery-item'>\n\t\t\t\t<dt class='gallery-icon landscape'>\n\t\t\t\t\t<a class=\"rollover rollover-zoom dt-pswp-item\" title=\"1ae990a7-99d9-4cc8-843e-75174e9b5a0b\" data-dt-img-description=\"\" data-large_image_width=\"1600\" data-large_image_height=\"1200\"href='https:\/\/www.radiopiu.net\/wordpress\/wp-content\/uploads\/2022\/03\/1ae990a7-99d9-4cc8-843e-75174e9b5a0b.jpg'><img loading=\"lazy\" decoding=\"async\" width=\"150\" height=\"150\" src=\"https:\/\/www.radiopiu.net\/wordpress\/wp-content\/uploads\/2022\/03\/1ae990a7-99d9-4cc8-843e-75174e9b5a0b-150x150.jpg\" class=\"attachment-thumbnail size-thumbnail\" alt=\"\" \/><\/a>\n\t\t\t\t<\/dt><\/dl><dl class='gallery-item'>\n\t\t\t\t<dt class='gallery-icon landscape'>\n\t\t\t\t\t<a class=\"rollover rollover-zoom dt-pswp-item\" title=\"416284da-e607-4883-a6da-5da6cd55a5ef\" data-dt-img-description=\"\" data-large_image_width=\"1600\" data-large_image_height=\"1200\"href='https:\/\/www.radiopiu.net\/wordpress\/wp-content\/uploads\/2022\/03\/416284da-e607-4883-a6da-5da6cd55a5ef.jpg'><img loading=\"lazy\" decoding=\"async\" width=\"150\" height=\"150\" src=\"https:\/\/www.radiopiu.net\/wordpress\/wp-content\/uploads\/2022\/03\/416284da-e607-4883-a6da-5da6cd55a5ef-150x150.jpg\" class=\"attachment-thumbnail size-thumbnail\" alt=\"\" \/><\/a>\n\t\t\t\t<\/dt><\/dl><dl class='gallery-item'>\n\t\t\t\t<dt class='gallery-icon landscape'>\n\t\t\t\t\t<a class=\"rollover rollover-zoom dt-pswp-item\" title=\"002c28a8-b559-451e-b9d3-e6c34a462ab8\" data-dt-img-description=\"\" data-large_image_width=\"1600\" data-large_image_height=\"1200\"href='https:\/\/www.radiopiu.net\/wordpress\/wp-content\/uploads\/2022\/03\/002c28a8-b559-451e-b9d3-e6c34a462ab8.jpg'><img loading=\"lazy\" decoding=\"async\" width=\"150\" height=\"150\" src=\"https:\/\/www.radiopiu.net\/wordpress\/wp-content\/uploads\/2022\/03\/002c28a8-b559-451e-b9d3-e6c34a462ab8-150x150.jpg\" class=\"attachment-thumbnail size-thumbnail\" alt=\"\" \/><\/a>\n\t\t\t\t<\/dt><\/dl><br style=\"clear: both\" \/><dl class='gallery-item'>\n\t\t\t\t<dt class='gallery-icon landscape'>\n\t\t\t\t\t<a class=\"rollover rollover-zoom dt-pswp-item\" title=\"8eea422f-fd4f-4278-9803-cf12023d25d3\" data-dt-img-description=\"\" data-large_image_width=\"1600\" data-large_image_height=\"1200\"href='https:\/\/www.radiopiu.net\/wordpress\/wp-content\/uploads\/2022\/03\/8eea422f-fd4f-4278-9803-cf12023d25d3.jpg'><img loading=\"lazy\" decoding=\"async\" width=\"150\" height=\"150\" src=\"https:\/\/www.radiopiu.net\/wordpress\/wp-content\/uploads\/2022\/03\/8eea422f-fd4f-4278-9803-cf12023d25d3-150x150.jpg\" class=\"attachment-thumbnail size-thumbnail\" alt=\"\" \/><\/a>\n\t\t\t\t<\/dt><\/dl><dl class='gallery-item'>\n\t\t\t\t<dt class='gallery-icon portrait'>\n\t\t\t\t\t<a class=\"rollover rollover-zoom dt-pswp-item\" title=\"45342c7d-5fe7-49c2-a9ab-abc22986aa5c\" data-dt-img-description=\"\" data-large_image_width=\"1200\" data-large_image_height=\"1600\"href='https:\/\/www.radiopiu.net\/wordpress\/wp-content\/uploads\/2022\/03\/45342c7d-5fe7-49c2-a9ab-abc22986aa5c.jpg'><img loading=\"lazy\" decoding=\"async\" width=\"150\" height=\"150\" src=\"https:\/\/www.radiopiu.net\/wordpress\/wp-content\/uploads\/2022\/03\/45342c7d-5fe7-49c2-a9ab-abc22986aa5c-150x150.jpg\" class=\"attachment-thumbnail size-thumbnail\" alt=\"\" \/><\/a>\n\t\t\t\t<\/dt><\/dl><dl class='gallery-item'>\n\t\t\t\t<dt class='gallery-icon portrait'>\n\t\t\t\t\t<a class=\"rollover rollover-zoom dt-pswp-item\" title=\"f7edd33b-ca42-447e-b9ee-fa2b1c36e2a5\" data-dt-img-description=\"\" data-large_image_width=\"1200\" data-large_image_height=\"1600\"href='https:\/\/www.radiopiu.net\/wordpress\/wp-content\/uploads\/2022\/03\/f7edd33b-ca42-447e-b9ee-fa2b1c36e2a5.jpg'><img loading=\"lazy\" decoding=\"async\" width=\"150\" height=\"150\" src=\"https:\/\/www.radiopiu.net\/wordpress\/wp-content\/uploads\/2022\/03\/f7edd33b-ca42-447e-b9ee-fa2b1c36e2a5-150x150.jpg\" class=\"attachment-thumbnail size-thumbnail\" alt=\"\" \/><\/a>\n\t\t\t\t<\/dt><\/dl>\n\t\t\t\t<br style='clear: both' \/>\n\t\t\t<\/div>\n\n<p>&nbsp;<\/p>\n<hr \/>\n<p>&nbsp;<\/p>\n<blockquote>\n<h3>RISANATA LA FOGNATURA DI VIA RUDIO<\/h3>\n<\/blockquote>\n<p><a class=\"dt-pswp-item\" href=\"https:\/\/www.radiopiu.net\/wordpress\/wp-content\/uploads\/2022\/03\/il-cantiere_1.jpg\" data-dt-img-description=\"\" data-large_image_width=\"567\" data-large_image_height=\"425\"><img loading=\"lazy\" decoding=\"async\" class=\" wp-image-267950 alignleft\" src=\"https:\/\/www.radiopiu.net\/wordpress\/wp-content\/uploads\/2022\/03\/il-cantiere_1-300x225.jpg\" alt=\"\" width=\"233\" height=\"175\" srcset=\"https:\/\/www.radiopiu.net\/wordpress\/wp-content\/uploads\/2022\/03\/il-cantiere_1-300x225.jpg 300w, https:\/\/www.radiopiu.net\/wordpress\/wp-content\/uploads\/2022\/03\/il-cantiere_1.jpg 567w\" sizes=\"auto, (max-width: 233px) 100vw, 233px\" \/><\/a><strong>BELLUNO<\/strong> Sono in dirittura di arrivo i lavori di rifacimento di un tratto di rete fognaria in via Rudio a Belluno. Bim Gsp, con un investimento di 90mila euro, ha provveduto a risanare 162 metri di condotta ammalorata. Il cantiere\u00a0 ha visto l\u2019impiego della tecnologia no-dig, senza scavo. La ricostruzione della condotta, infatti, \u00e8 avvenuta mediante l\u2019inserimento nella tubazione esistente, di una guaina di feltro. Nei <a class=\"dt-pswp-item\" href=\"https:\/\/www.radiopiu.net\/wordpress\/wp-content\/uploads\/2022\/03\/il-cantiere_2.jpg\" data-dt-img-description=\"\" data-large_image_width=\"567\" data-large_image_height=\"425\"><img loading=\"lazy\" decoding=\"async\" class=\"wp-image-267949 alignright\" src=\"https:\/\/www.radiopiu.net\/wordpress\/wp-content\/uploads\/2022\/03\/il-cantiere_2-300x225.jpg\" alt=\"\" width=\"189\" height=\"142\" srcset=\"https:\/\/www.radiopiu.net\/wordpress\/wp-content\/uploads\/2022\/03\/il-cantiere_2-300x225.jpg 300w, https:\/\/www.radiopiu.net\/wordpress\/wp-content\/uploads\/2022\/03\/il-cantiere_2.jpg 567w\" sizes=\"auto, (max-width: 189px) 100vw, 189px\" \/><\/a>prossimi giorni l\u2019intervento si concluder\u00e0 con la sistemazione dei pozzetti e il risanamento di un ulteriore breve tratto fognario. Il ripristino del manto stradale, previsto nei prossimi mesi, sar\u00e0 eseguito dal Comune.<\/p>\n<blockquote><p>\u201c<em>Le manutenzioni ordinarie \u2013 spiega Attilio Sommavilla, Presidente di Bim Gsp \u2013 rappresentano un tassello importante nell\u2019ammodernamento generale delle infrastrutture idriche e fognarie. Parliamo, per il solo 2021, di un valore che supera i 4,2 milioni di euro, destinati a realizzare interventi puntuali. Gli ultimi lavori\u00a0 dotano l\u2019intera zona di una rete fognaria e di un trattamento depurativo adeguati eliminando la presenza di acque parassite in rete, spesso motivo di malfunzionamento dei depuratori e di inutili costi energetici\u201d.<\/em><\/p><\/blockquote>\n<p>&nbsp;<\/p>\n<hr \/>\n<p>&nbsp;<\/p>\n<blockquote>\n<h3>CENTRALI A CIPPATO. CESTARO &#8220;STRATEGICO UTILIZZARE IL LEGNAME LOCALE&#8221;<\/h3>\n<\/blockquote>\n<p><a class=\"dt-pswp-item\" href=\"https:\/\/www.radiopiu.net\/wordpress\/wp-content\/uploads\/2022\/03\/centrale-a-cippato-bagno-romagna-2.jpg\" data-dt-img-description=\"\" data-large_image_width=\"1000\" data-large_image_height=\"563\"><img loading=\"lazy\" decoding=\"async\" class=\"wp-image-267960 alignleft\" src=\"https:\/\/www.radiopiu.net\/wordpress\/wp-content\/uploads\/2022\/03\/centrale-a-cippato-bagno-romagna-2-300x169.jpg\" alt=\"\" width=\"234\" height=\"132\" srcset=\"https:\/\/www.radiopiu.net\/wordpress\/wp-content\/uploads\/2022\/03\/centrale-a-cippato-bagno-romagna-2-300x169.jpg 300w, https:\/\/www.radiopiu.net\/wordpress\/wp-content\/uploads\/2022\/03\/centrale-a-cippato-bagno-romagna-2-768x432.jpg 768w, https:\/\/www.radiopiu.net\/wordpress\/wp-content\/uploads\/2022\/03\/centrale-a-cippato-bagno-romagna-2.jpg 1000w\" sizes=\"auto, (max-width: 234px) 100vw, 234px\" \/><\/a><strong>VENEZIA<\/strong> Nelle centrali a cippato del territorio \u00e8 strategico utilizzare legname locale: a sostenerlo \u00e8 la consigliera regionale della Lega Silvia Cestaro. Un registro delle centrali a cippato presenti nel territorio, classificate in base alla produzione Mwh, \u00e8 questa la richiesta contenuta nella mozione depositata dalla consigliera. Abbattere le emissioni, dare una spinta importante alla filiera del legno, mettere in comunicazione domanda e offerta valorizzando il legname locale creando economia circolare sono gli obiettivi dell&#8217;iniziativa.<br \/>\n<strong>AI MICROFONI DI RADIO PIU&#8217; IL CONSIGLIERE REGIONALE SILVIA CESTARO\u00a0<\/strong><\/p>\n<audio class=\"wp-audio-shortcode\" id=\"audio-267823-5\" preload=\"none\" style=\"width: 100%;\" controls=\"controls\"><source type=\"audio\/mpeg\" src=\"https:\/\/www.radiopiu.net\/wordpress\/wp-content\/uploads\/2022\/03\/Cestaro-su-mozione-centrali-cippato.mp3?_=5\" \/><a href=\"https:\/\/www.radiopiu.net\/wordpress\/wp-content\/uploads\/2022\/03\/Cestaro-su-mozione-centrali-cippato.mp3\">https:\/\/www.radiopiu.net\/wordpress\/wp-content\/uploads\/2022\/03\/Cestaro-su-mozione-centrali-cippato.mp3<\/a><\/audio>\n<p>&nbsp;<\/p>\n<hr \/>\n<p>&nbsp;<\/p>\n<blockquote>\n<h3>PROFUGHI NEL BELLUNESE, MACCHINA DELLA SOLIDARIETA&#8217; A PIENO REGIME ANCHE NELLE SCUOLE<\/h3>\n<\/blockquote>\n<p><strong><img loading=\"lazy\" decoding=\"async\" class=\"alignleft\" src=\"https:\/\/www.radiopiu.net\/wordpress\/wp-content\/uploads\/2019\/02\/prefettura.jpeg\" width=\"256\" height=\"128\" \/><\/strong><\/p>\n<p>&nbsp;<\/p>\n<p>&nbsp;<\/p>\n<p>&nbsp;<\/p>\n<p>&nbsp;<\/p>\n<p>&nbsp;<\/p>\n<p><strong>BELLUNO<\/strong><\/p>\n<p><strong>di\u00a0 MORENO GIOLI<\/strong><\/p>\n<audio class=\"wp-audio-shortcode\" id=\"audio-267823-6\" preload=\"none\" style=\"width: 100%;\" controls=\"controls\"><source type=\"audio\/mpeg\" src=\"https:\/\/www.radiopiu.net\/wordpress\/wp-content\/uploads\/2022\/03\/MORENO-1.mp3?_=6\" \/><a href=\"https:\/\/www.radiopiu.net\/wordpress\/wp-content\/uploads\/2022\/03\/MORENO-1.mp3\">https:\/\/www.radiopiu.net\/wordpress\/wp-content\/uploads\/2022\/03\/MORENO-1.mp3<\/a><\/audio>\n<p><strong>IL PREFETTO MARIANO SAVASTANO<\/strong><\/p>\n<audio class=\"wp-audio-shortcode\" id=\"audio-267823-7\" preload=\"none\" style=\"width: 100%;\" controls=\"controls\"><source type=\"audio\/mpeg\" src=\"https:\/\/www.radiopiu.net\/wordpress\/wp-content\/uploads\/2022\/03\/prefetto.mp3?_=7\" \/><a href=\"https:\/\/www.radiopiu.net\/wordpress\/wp-content\/uploads\/2022\/03\/prefetto.mp3\">https:\/\/www.radiopiu.net\/wordpress\/wp-content\/uploads\/2022\/03\/prefetto.mp3<\/a><\/audio>\n<p>&nbsp;<\/p>\n<p>&nbsp;<\/p>\n<p>&nbsp;<\/p>\n<hr \/>\n<blockquote>\n<h3><\/h3>\n<h3>PROFUGHI UCRAINI NELLA CASERMA DEI VIGILI DEL FUOCO. PRESTO LA VISITA DI ADDAMIANO<\/h3>\n<\/blockquote>\n<p><strong><a class=\"dt-pswp-item\" href=\"https:\/\/www.radiopiu.net\/wordpress\/wp-content\/uploads\/2022\/03\/girl-7038293_960_720.png\" data-dt-img-description=\"\" data-large_image_width=\"643\" data-large_image_height=\"720\"><img loading=\"lazy\" decoding=\"async\" class=\"wp-image-267968 alignleft\" src=\"https:\/\/www.radiopiu.net\/wordpress\/wp-content\/uploads\/2022\/03\/girl-7038293_960_720-268x300.png\" alt=\"\" width=\"180\" height=\"201\" srcset=\"https:\/\/www.radiopiu.net\/wordpress\/wp-content\/uploads\/2022\/03\/girl-7038293_960_720-268x300.png 268w, https:\/\/www.radiopiu.net\/wordpress\/wp-content\/uploads\/2022\/03\/girl-7038293_960_720.png 643w\" sizes=\"auto, (max-width: 180px) 100vw, 180px\" \/><\/a>BELLUNO<\/strong> Il consigliere comunale di Fratelli d&#8217;Italia, Raffaele\u00a0 Addamiano ha informato il Presidente del Consiglio Comunale dell&#8217;intenzione di visitare il centro profughi presso la ex caserma dei vigili del fuoco per sincerarsi delle loro condizioni, oltre a portare la propria solidariet\u00e0.<\/p>\n<p>Inoltre d&#8217;intesa con il collega Andrea Stella \u00e8 stata chiesta la convocazione della III^ Commissione per discutere delle politiche sociali e dei servizi sociali dell\u2019importante e attualissima tematica dei profughi a Belluno. Addamiano sottolinea come la precedente richiesta\u00a0 al\u00a0 Sindaco\u00a0 di tenere aggiornati tutti i Consiglieri Comunali in merito a una questione cos\u00ec rilevante non abbia avuto seguito.\u00a0 Il consigliere fa leva sui numeri: 430 i profughi ucraini arrivati a oggi in Provincia di Belluno dall\u2019inizio delle ostilit\u00e0 in presenza di\u00a0 una convenzione della Prefettura di Belluno per regolamentare l\u2019accoglienza. <em>&#8220;La mia richiesta &#8211; conclude Addamiano &#8211; in un\u2019ottica conoscitiva e, soprattutto, per quanto possibile, collaborativa manifestando plasticamente un serio e trasversale segnale di concreta vicinanza ai profughi di Kiev, di Odessa, di Mariupol, di Kharkiv, di Leopoli\u2026da parte della politica comunale&#8221;.<\/em><\/p>\n<p>&nbsp;<\/p>\n<p>&nbsp;<\/p>\n<hr \/>\n<blockquote>\n<h3><\/h3>\n<h3>CANI E GATTI ARRIVATI DALL&#8217;UCRAINA. ACCORDO CON APACA E LAV<\/h3>\n<\/blockquote>\n<p><strong><a href=\"https:\/\/www.radiopiu.net\/wordpress\/wp-content\/uploads\/2022\/03\/refugee-7047493__340.webp\"><img loading=\"lazy\" decoding=\"async\" class=\" wp-image-267967 alignleft\" src=\"https:\/\/www.radiopiu.net\/wordpress\/wp-content\/uploads\/2022\/03\/refugee-7047493__340-300x127.webp\" alt=\"\" width=\"217\" height=\"91\" srcset=\"https:\/\/www.radiopiu.net\/wordpress\/wp-content\/uploads\/2022\/03\/refugee-7047493__340-300x127.webp 300w, https:\/\/www.radiopiu.net\/wordpress\/wp-content\/uploads\/2022\/03\/refugee-7047493__340-768x326.webp 768w, https:\/\/www.radiopiu.net\/wordpress\/wp-content\/uploads\/2022\/03\/refugee-7047493__340.webp 801w\" sizes=\"auto, (max-width: 217px) 100vw, 217px\" \/><\/a>BELLUNO <\/strong>Sono ormai centinaia i civili fuggiti dall&#8217;Ucraina che hanno raggiunto il territorio bellunese, e alcune di queste famiglie hanno portato con loro i propri animali da compagnia. Una gestione particolare dal punto logistico e igienico-sanitario alla quale il Comune di Belluno risponde con un accordo con le associazioni animaliste del territorio<\/p>\n<p><strong>LUCIA OLIVOTTO, VICESINDACO DI BELLUNO<\/strong><\/p>\n<audio class=\"wp-audio-shortcode\" id=\"audio-267823-8\" preload=\"none\" style=\"width: 100%;\" controls=\"controls\"><source type=\"audio\/mpeg\" src=\"https:\/\/www.radiopiu.net\/wordpress\/wp-content\/uploads\/2022\/03\/Olivotto-Accoglienza-animali-Ucraina.mp3?_=8\" \/><a href=\"https:\/\/www.radiopiu.net\/wordpress\/wp-content\/uploads\/2022\/03\/Olivotto-Accoglienza-animali-Ucraina.mp3\">https:\/\/www.radiopiu.net\/wordpress\/wp-content\/uploads\/2022\/03\/Olivotto-Accoglienza-animali-Ucraina.mp3<\/a><\/audio>\n<p>&nbsp;<\/p>\n<p>&nbsp;<\/p>\n<hr \/>\n<p>&nbsp;<\/p>\n<blockquote>\n<h3>CALCHERA IN VALLE DI SAN LUCANO, &#8220;FASCINE DI LEGNA CERCASI&#8221;<\/h3>\n<h3><em>Il sito si trova in prossimit\u00e0 del capitello delle tre dita, prima della chiesa di San Lucano.\u00a0<\/em><\/h3>\n<\/blockquote>\n<p><a class=\"dt-pswp-item\" href=\"https:\/\/www.radiopiu.net\/wordpress\/wp-content\/uploads\/2022\/03\/download-1.jpg\" data-dt-img-description=\"\" data-large_image_width=\"230\" data-large_image_height=\"183\"><img loading=\"lazy\" decoding=\"async\" class=\"size-thumbnail wp-image-267150 alignleft\" src=\"https:\/\/www.radiopiu.net\/wordpress\/wp-content\/uploads\/2022\/03\/download-1-150x150.jpg\" alt=\"\" width=\"150\" height=\"150\" \/><\/a><\/p>\n<p><strong>\u00a0<\/strong><strong>TAIBON<\/strong> I volontari di Taibon da tempo lavorano ad un progetto ambizioso: ridare vita alla Calch\u00e8ra de le t\u00f2rte, in previsione della \u201ccota\u201d di primavera, un evento dal momento che almeno da settant\u2019anni l\u2019operazione non \u00e8 pi\u00f9 praticata. Per quell&#8217;occasione sar\u00e0 importante e necessario che gli uomini del Piodech guidati dal presidente Paolo &#8220;moncio&#8221; Sibillon abbiamo a disposizione tanta legna. Ecco quindi la richiesta di collaborazione al paese. &#8220;In questi giorni &#8211; riflette Sibillon &#8211; sono in corso i lavori di giardinaggio, molte persone tagliano i rami degli alberi, cespugli per smaltire il legnatico presso l&#8217;ecocentro. Quello che chiediamo e che questo materiale venga preparato in fascine, della lunghezza di circa un metro. Anzich\u00e8 finire all&#8217;econcentro serviranno per la cota di primavera. Ci mettiamo a disposizione per recuperare presso le abitazioni le fascine di legna. Con un grazie in anticipo&#8221;. Per ulteriori informazioni e segnalare eventuali ritiri il referente \u00e8 Agostino &#8220;il tecnico&#8221; Cadorin telefono 337 495 723<\/p>\n<p>&nbsp;<\/p>\n<hr \/>\n<p>&nbsp;<\/p>\n<p>&nbsp;<\/p>\n<blockquote>\n<h3>NUOVE CARICHE NELL&#8217;ASSOCIAZIONE ARTIGLIERI D&#8217;ITALIA<\/h3>\n<\/blockquote>\n<p><strong><a class=\"dt-pswp-item\" href=\"https:\/\/www.radiopiu.net\/wordpress\/wp-content\/uploads\/2022\/03\/ARTIGLI.jpg\" data-dt-img-description=\"\" data-large_image_width=\"273\" data-large_image_height=\"196\"><img loading=\"lazy\" decoding=\"async\" class=\" wp-image-268014 alignleft\" src=\"https:\/\/www.radiopiu.net\/wordpress\/wp-content\/uploads\/2022\/03\/ARTIGLI.jpg\" alt=\"\" width=\"195\" height=\"139\" \/><\/a>BELLUNO<\/strong> <span dir=\"ltr\" role=\"presentation\">Si \u00e8 riunito il Consiglio direttivo della Sezione provinciale di Belluno dell&#8217;Associazione Nazionale <\/span><span dir=\"ltr\" role=\"presentation\">Artiglieri d&#8217;Italia per la distribuzione delle cariche sociali. <\/span><span dir=\"ltr\" role=\"presentation\">Alla presidenza \u00e8 stato riconfermato all&#8217;unanimit\u00e0 il 1\u00b0 capitano Costante Fontana, mentre gli <\/span><span dir=\"ltr\" role=\"presentation\">incarichi di vice presidente e di segretario sono stati assegnati rispettivamente a Dino Bridda, che si <\/span><span dir=\"ltr\" role=\"presentation\">occuper\u00e0 anche delle relazioni esterne, e al maresciallo Biagio Lettieri, mentre il ruolo di tesoriere \u00e8 <\/span><span dir=\"ltr\" role=\"presentation\">stato attribuito al colonnello Emilio Morettin. <\/span><span dir=\"ltr\" role=\"presentation\">Gli altri componenti del Direttivo sono Maurizio Bertazzon, Annibale De Bastiani, Enzo Deon e <\/span><span dir=\"ltr\" role=\"presentation\">Benvenuto Pol. Il Collegio sindacale \u00e8 composto da Roberto Giacon, presidente, e da Luigi <\/span><span dir=\"ltr\" role=\"presentation\">Francescon e Roberto Pirola. <\/span><span dir=\"ltr\" role=\"presentation\">Il Consiglio ha poi approvato all&#8217;unanimit\u00e0 la delibera di stanziamento di un contributo a favore di <\/span><span dir=\"ltr\" role=\"presentation\">opere umanitarie per i profughi dell<\/span><span dir=\"ltr\" role=\"presentation\">\u2019<\/span><span dir=\"ltr\" role=\"presentation\">Ucraina che \u00e8 stato versato alla Caritas diocesana. <\/span><span dir=\"ltr\" role=\"presentation\">Nel contempo il rieletto presidente ha informato il Consiglio che \u00e8 annullato il tradizionale <\/span><span dir=\"ltr\" role=\"presentation\">impegno, quest<\/span><span dir=\"ltr\" role=\"presentation\">\u2019<\/span><span dir=\"ltr\" role=\"presentation\">anno cadente domenica 3 aprile, per il trasporto della statua della patrona S.<\/span><span dir=\"ltr\" role=\"presentation\">Barbara in occasione della processione della Madonna Addolorata per le vie cittadine che non avr\u00e0 <\/span><span dir=\"ltr\" role=\"presentation\">luogo per motivi legati all<\/span><span dir=\"ltr\" role=\"presentation\">\u2019<\/span><span dir=\"ltr\" role=\"presentation\">attuale emergenza sanitaria<\/span><\/p>\n<p>&nbsp;<\/p>\n<p>&nbsp;<\/p>\n<hr \/>\n<p>&nbsp;<\/p>\n<blockquote>\n<h3>IL DISASTRO MINERARIO DI MONONGAH<\/h3>\n<\/blockquote>\n<p><strong>BELLUNO<\/strong> \u201cIl disastro minerario di Monongah. Il riscatto sociale degli italiani all&#8217;estero e il ruolo delle donne, tra sacrifici e tradizioni\u201d \u00e8 il titolo dell\u2019incontro organizzato dall\u2019Associazione Bellunesi nel Mondo, in collaborazione con la Biblioteca delle migrazioni \u201cDino Buzzati\u201d, in programma oggi, alle ore 18.00, nell\u2019Aula Magna del Seminario Gregoriano di Belluno. A parlarne sar\u00e0 Gianni Meffe, presidente dell\u2019Associazione Culturale \u201cMonongah\u201d e Componente del Direttivo Nazionale del \u201cComitato Tricolore per gli Italiani nel Mondo\u201d.<\/p>\n<p>&nbsp;<\/p>\n<p>&nbsp;<\/p>\n<hr \/>\n<p>&nbsp;<\/p>\n<blockquote>\n<h3>PACE E DISARMO, L&#8217;INCONTRO ON LINE CON FRANCESCO VIGNARCA<\/h3>\n<\/blockquote>\n<p><strong>BELLUNO<\/strong> No alle armi con la richiesta di un progressivo disarmo. Come fare perch\u00e9 la pace non sia una irragiungibile utopia? <span dir=\"ltr\" role=\"presentation\">Per confrontarsi su queste e altre domande il Coordinamento provinciale Pace &amp; <\/span><span dir=\"ltr\" role=\"presentation\">Disarmo ha organizzato<\/span> <span dir=\"ltr\" role=\"presentation\">per luned\u00ec 4 aprile alle ore 20.30<\/span> <span dir=\"ltr\" role=\"presentation\">un incontro online con <\/span><span dir=\"ltr\" role=\"presentation\">Francesco Vignarca<\/span><span dir=\"ltr\" role=\"presentation\">, coordinatore delle campagne nella Rete Italiana Pace e <\/span><span dir=\"ltr\" role=\"presentation\">Disarmo. La partecipazione \u00e8 libera e aperta a tutti attraverso il link <\/span><span dir=\"ltr\" role=\"presentation\">https:\/\/meet.google.com\/suz-rhxr-fms<\/span><br role=\"presentation\" \/><span dir=\"ltr\" role=\"presentation\">Per informazioni<\/span> <span dir=\"ltr\" role=\"presentation\">pacedisarmobelluno@gmail.com<\/span><\/p>\n<p>&nbsp;<\/p>\n<h3><\/h3>\n<p>&nbsp;<\/p>\n<hr \/>\n<p>&nbsp;<\/p>\n<blockquote>\n<blockquote>\n<h3>SAGRA DEI FISCIOT, APPUNTAMENTO PER IL 3 APRILE. ULTIMA DOMENICA ECOLOGICA DELLA PRIMAVERA<\/h3>\n<\/blockquote>\n<p><strong>BELLUNO <\/strong>Domenica, dopo due anni di assenza causa Covid, il ritorno della Fiera della Madonna Addolorata, la tradizionale \u201cSagra dei Fisciot\u201d. Come nel periodo pre-pandemia, le bancarelle occuperanno tutto il centro storico.\u00a0 Per l&#8217;accesso alla sagra sar\u00e0 necessario essere in possesso del Green Pass base in corso di validit\u00e0 e indossare la mascherina. In occasione della sagra \u00e8 stata organizzata anche l&#8217;ultima domenica ecologica della primavera 2022.<\/p>\n<p>&nbsp;<\/p><\/blockquote>\n<p>&nbsp;<\/p>\n<hr \/>\n<p>&nbsp;<\/p>\n<p><strong>ARABBA.. SCIARE FINO A PASQUA<\/strong><\/p>\n<blockquote>\n<div class=\"\">\n<div class=\"\"><i class=\"\">Ma chi l&#8217;ha detto che a Pasqua \u00e8 troppo tardi per sciare? Ad Arabba \u00e8 possibile! Gli impianti di Porta Vescovo e del Passo Pordoi sono aperti tutti i giorni fino a\u00a0<span dir=\"ltr\">luned\u00ec 18 aprile<\/span>\u00a0compreso, per permettere a tutti gli amanti dello sci di farsi un&#8217;ultima sciata anche con l&#8217;arrivo della primavera! Piste vere per sciatori veri, ma anche un&#8217;ultima occasione per passare una giornata in quota tra le vette pi\u00f9 affascinanti delle Dolomiti.\u00a0<\/i><i class=\"\">Info e prezzi su\u00a0<a class=\"\" href=\"http:\/\/www.arabba.it\/\">www.arabba.it<\/a>\u00a0<\/i><\/div>\n<\/div>\n<\/blockquote>\n<p>&nbsp;<\/p>\n<p>&nbsp;<\/p>\n<hr \/>\n<p>&nbsp;<\/p>\n<blockquote>\n<h3>IN PROGRAMMA DUE GIORNATE ECOLOGICHE A CENCENIGHE<\/h3>\n<\/blockquote>\n<p><strong><a class=\"dt-pswp-item\" href=\"https:\/\/www.radiopiu.net\/wordpress\/wp-content\/uploads\/2022\/02\/Rifiuti_abbandonati.jpg\" data-dt-img-description=\"\" data-large_image_width=\"1171\" data-large_image_height=\"642\"><img loading=\"lazy\" decoding=\"async\" class=\" wp-image-257319 alignleft\" src=\"https:\/\/www.radiopiu.net\/wordpress\/wp-content\/uploads\/2022\/02\/Rifiuti_abbandonati-300x164.jpg\" alt=\"\" width=\"183\" height=\"100\" srcset=\"https:\/\/www.radiopiu.net\/wordpress\/wp-content\/uploads\/2022\/02\/Rifiuti_abbandonati-300x164.jpg 300w, https:\/\/www.radiopiu.net\/wordpress\/wp-content\/uploads\/2022\/02\/Rifiuti_abbandonati-1024x561.jpg 1024w, https:\/\/www.radiopiu.net\/wordpress\/wp-content\/uploads\/2022\/02\/Rifiuti_abbandonati-768x421.jpg 768w, https:\/\/www.radiopiu.net\/wordpress\/wp-content\/uploads\/2022\/02\/Rifiuti_abbandonati.jpg 1171w\" sizes=\"auto, (max-width: 183px) 100vw, 183px\" \/><\/a>CENCENIGHE<\/strong> L&#8217;amministrazione comunale di Cencenighe in collaborazione con la Pro Loco organizza due giornate ecologiche per la raccolta di rifiuti abbandonati. Sabato 2 aprile il ritrovo alle 8 con l&#8217;assegnazione dell&#8217;area di pulizia, alle 13 il pranzo al Nof Fil\u00f2 e subito dopo l&#8217;eventuale prosecuzione dei lavori.<\/p>\n<p>Domenica 3 aprile il ritrovo alle 8 con l&#8217;assegnazione dell&#8217;area di pulizia e alle 12 il pranzo sempre al Nof Fil\u00f2. L&#8217;attrezzatura verr\u00e0 fornita da Valpe Ambiente e le immondizie raccolte saranno conferite all&#8217;ecocentro. I bambini che vogliono partecipare alle giornate dovranno essere accompagnati. In caso di maltempo la manifestazione sar\u00e0 rinviata al fine settimana successivo del 9 e 10 aprile.<\/p>\n<p>&nbsp;<\/p>\n<hr \/>\n<p>&nbsp;<\/p>\n<p><strong>LA SEGNALAZIONE DI FRANCO PIACENTI\u00a0<\/strong><\/p>\n<p><strong><a class=\"dt-pswp-item\" href=\"https:\/\/www.radiopiu.net\/wordpress\/wp-content\/uploads\/2022\/03\/ISP_emergenza-ucraina_2.jpg\" data-dt-img-description=\"\" data-large_image_width=\"720\" data-large_image_height=\"960\"><img loading=\"lazy\" decoding=\"async\" class=\" wp-image-263154 alignleft\" src=\"https:\/\/www.radiopiu.net\/wordpress\/wp-content\/uploads\/2022\/03\/ISP_emergenza-ucraina_2-225x300.jpg\" alt=\"\" width=\"189\" height=\"252\" srcset=\"https:\/\/www.radiopiu.net\/wordpress\/wp-content\/uploads\/2022\/03\/ISP_emergenza-ucraina_2-225x300.jpg 225w, https:\/\/www.radiopiu.net\/wordpress\/wp-content\/uploads\/2022\/03\/ISP_emergenza-ucraina_2.jpg 720w\" sizes=\"auto, (max-width: 189px) 100vw, 189px\" \/><\/a>FELTRE<\/strong> Carissimo mons. Giovanni Nervo, dalla tua &#8220;cattedra d&#8217;insegnamento in Cielo&#8221;, con la tua saggezza di Uomo di fede e di speranza, fa giungere il tuo pensiero di pace a tutte le nazioni del mondo, oggi soprattutto fai abbracciare Russia e Ucraina.<\/p>\n<blockquote>\n<h3><em>&#8220;Guerra in Ucraina: attualissimo pensiero di mons. Giovanni Nervo&#8221;\u00a0<\/em><\/h3>\n<\/blockquote>\n<p>Luned\u00ec 21 marzo 2022, don Paolo Doni, nel suo intervento all&#8217; incontro culturale, promosso dalle Fondazioni Zancan e Lanza, in collaborazione con la Difesa del Popolo, per ricordare mons. G. Nervo e mons. G. Pasini, riferendosi al conflitto bellico tuttora drammaticamente presente in Ucraina, ha <a class=\"dt-pswp-item\" href=\"https:\/\/www.radiopiu.net\/wordpress\/wp-content\/uploads\/2022\/03\/nervo-giovanni-1-300x225-1.jpg\" data-dt-img-description=\"\" data-large_image_width=\"300\" data-large_image_height=\"225\"><img loading=\"lazy\" decoding=\"async\" class=\"wp-image-267952 alignright\" src=\"https:\/\/www.radiopiu.net\/wordpress\/wp-content\/uploads\/2022\/03\/nervo-giovanni-1-300x225-1.jpg\" alt=\"\" width=\"171\" height=\"128\" \/><\/a>opportunamente ripreso l&#8217;attualissimo pensiero del compianto mons. Giovanni Nervo. Nel 1999, sottolineando che la guerra \u00e8 (lo sar\u00e0 sempre) emblema di tutti i mali del mondo, mons. G. Nervo parlando del &#8220;mistero del male&#8221;, afferm\u00f2: <em>&#8220;Oggi la portata e l&#8217;orrore della guerra moderna, sia essa nucleare o convenzionale, rendono questa guerra (n.d.r. in questi giorni in Ucraina) totalmente inaccettabile come mezzo per comporre dispute e vertenze. In questo momento l&#8217;umanit\u00e0 deve interrogarsi una volta di pi\u00f9 sull&#8217;assurdo e sempre ingiusto fenomeno della guerra, nel cui scenario di morte e di dolore resta soltanto in piedi il tavolo del negoziato che pu\u00f2 e deve evitarla (n.d.r. in Ucraina da far terminare immediatamente)&#8221;.<\/em>e.<\/p>\n<p>&nbsp;<\/p>\n<p>&nbsp;<\/p>\n<hr \/>\n<p>&nbsp;<\/p>\n<blockquote>\n<h3>TAIBON PAESE ORDINATO? PRIMO TRA I PEGGIORI ESEMPI IN PIAZZA SAN ROCCO, CARTELLI SNOBBATI<\/h3>\n<\/blockquote>\n<p><strong>TAIBON<\/strong> L&#8217;amministrazione comunale ha realizzato un parcheggio enorme in riva al Tegnas, ma ci sono anche gli stalli in piazza IV novembre, rosa per le donne in stato di gravidanza. Ma non \u00e8 sufficiente. Questi sono alcuni esempi, succede ogni giorno in Piazza San Rocco alla faccia del bel recupero voluto per la\u00a0 piazzetta. Un maggiore controllo da parte delle Forze di Polizia Locale sarebbe opportuno.<\/p>\n\n\t\t\t<style type='text\/css'>\n\t\t\t\t#gallery-4 {\n\t\t\t\t\tmargin: auto;\n\t\t\t\t}\n\t\t\t\t#gallery-4 .gallery-item {\n\t\t\t\t\tfloat: left;\n\t\t\t\t\tmargin-top: 10px;\n\t\t\t\t\ttext-align: center;\n\t\t\t\t\twidth: 33%;\n\t\t\t\t}\n\t\t\t\t#gallery-4 img {\n\t\t\t\t\tborder: 2px solid #cfcfcf;\n\t\t\t\t}\n\t\t\t\t#gallery-4 .gallery-caption {\n\t\t\t\t\tmargin-left: 0;\n\t\t\t\t}\n\t\t\t\t\/* see gallery_shortcode() in wp-includes\/media.php *\/\n\t\t\t<\/style>\n\t\t<div id='gallery-4' class='dt-gallery-container gallery galleryid-267823 gallery-columns-3 gallery-size-thumbnail'><dl class='gallery-item'>\n\t\t\t\t<dt class='gallery-icon portrait'>\n\t\t\t\t\t<a class=\"rollover rollover-zoom dt-pswp-item\" title=\"260cc6b7-0688-4994-b76c-55dbfab1950a\" data-dt-img-description=\"\" data-large_image_width=\"900\" data-large_image_height=\"1600\"href='https:\/\/www.radiopiu.net\/wordpress\/wp-content\/uploads\/2022\/03\/260cc6b7-0688-4994-b76c-55dbfab1950a.jpg'><img loading=\"lazy\" decoding=\"async\" width=\"150\" height=\"150\" src=\"https:\/\/www.radiopiu.net\/wordpress\/wp-content\/uploads\/2022\/03\/260cc6b7-0688-4994-b76c-55dbfab1950a-150x150.jpg\" class=\"attachment-thumbnail size-thumbnail\" alt=\"\" \/><\/a>\n\t\t\t\t<\/dt><\/dl><dl class='gallery-item'>\n\t\t\t\t<dt class='gallery-icon portrait'>\n\t\t\t\t\t<a class=\"rollover rollover-zoom dt-pswp-item\" title=\"5a2b9493-d6b4-4c1f-87c7-9730c3dc0175\" data-dt-img-description=\"\" data-large_image_width=\"900\" data-large_image_height=\"1600\"href='https:\/\/www.radiopiu.net\/wordpress\/wp-content\/uploads\/2022\/03\/5a2b9493-d6b4-4c1f-87c7-9730c3dc0175.jpg'><img loading=\"lazy\" decoding=\"async\" width=\"150\" height=\"150\" src=\"https:\/\/www.radiopiu.net\/wordpress\/wp-content\/uploads\/2022\/03\/5a2b9493-d6b4-4c1f-87c7-9730c3dc0175-150x150.jpg\" class=\"attachment-thumbnail size-thumbnail\" alt=\"\" \/><\/a>\n\t\t\t\t<\/dt><\/dl><dl class='gallery-item'>\n\t\t\t\t<dt class='gallery-icon portrait'>\n\t\t\t\t\t<a class=\"rollover rollover-zoom dt-pswp-item\" title=\"0acc3b52-9550-4e23-8d20-4ccc0ea0fc09\" data-dt-img-description=\"\" data-large_image_width=\"900\" data-large_image_height=\"1600\"href='https:\/\/www.radiopiu.net\/wordpress\/wp-content\/uploads\/2022\/03\/0acc3b52-9550-4e23-8d20-4ccc0ea0fc09.jpg'><img loading=\"lazy\" decoding=\"async\" width=\"150\" height=\"150\" src=\"https:\/\/www.radiopiu.net\/wordpress\/wp-content\/uploads\/2022\/03\/0acc3b52-9550-4e23-8d20-4ccc0ea0fc09-150x150.jpg\" class=\"attachment-thumbnail size-thumbnail\" alt=\"\" \/><\/a>\n\t\t\t\t<\/dt><\/dl><br style=\"clear: both\" \/><dl class='gallery-item'>\n\t\t\t\t<dt class='gallery-icon portrait'>\n\t\t\t\t\t<a class=\"rollover rollover-zoom dt-pswp-item\" title=\"8ac8aaa0-4cbe-4d7b-82ae-58b1b36a5cdf\" data-dt-img-description=\"\" data-large_image_width=\"1536\" data-large_image_height=\"2048\"href='https:\/\/www.radiopiu.net\/wordpress\/wp-content\/uploads\/2022\/03\/8ac8aaa0-4cbe-4d7b-82ae-58b1b36a5cdf.jpg'><img loading=\"lazy\" decoding=\"async\" width=\"150\" height=\"150\" src=\"https:\/\/www.radiopiu.net\/wordpress\/wp-content\/uploads\/2022\/03\/8ac8aaa0-4cbe-4d7b-82ae-58b1b36a5cdf-150x150.jpg\" class=\"attachment-thumbnail size-thumbnail\" alt=\"\" \/><\/a>\n\t\t\t\t<\/dt><\/dl><dl class='gallery-item'>\n\t\t\t\t<dt class='gallery-icon portrait'>\n\t\t\t\t\t<a class=\"rollover rollover-zoom dt-pswp-item\" title=\"1d2b64a1-9c45-4b48-8198-a690ea2aa366\" data-dt-img-description=\"\" data-large_image_width=\"900\" data-large_image_height=\"1600\"href='https:\/\/www.radiopiu.net\/wordpress\/wp-content\/uploads\/2022\/03\/1d2b64a1-9c45-4b48-8198-a690ea2aa366.jpg'><img loading=\"lazy\" decoding=\"async\" width=\"150\" height=\"150\" src=\"https:\/\/www.radiopiu.net\/wordpress\/wp-content\/uploads\/2022\/03\/1d2b64a1-9c45-4b48-8198-a690ea2aa366-150x150.jpg\" class=\"attachment-thumbnail size-thumbnail\" alt=\"\" \/><\/a>\n\t\t\t\t<\/dt><\/dl><dl class='gallery-item'>\n\t\t\t\t<dt class='gallery-icon portrait'>\n\t\t\t\t\t<a class=\"rollover rollover-zoom dt-pswp-item\" title=\"8c64d6de-f44e-4c00-88ff-3e655a4aa0f8\" data-dt-img-description=\"\" data-large_image_width=\"900\" data-large_image_height=\"1600\"href='https:\/\/www.radiopiu.net\/wordpress\/wp-content\/uploads\/2022\/03\/8c64d6de-f44e-4c00-88ff-3e655a4aa0f8.jpg'><img loading=\"lazy\" decoding=\"async\" width=\"150\" height=\"150\" src=\"https:\/\/www.radiopiu.net\/wordpress\/wp-content\/uploads\/2022\/03\/8c64d6de-f44e-4c00-88ff-3e655a4aa0f8-150x150.jpg\" class=\"attachment-thumbnail size-thumbnail\" alt=\"\" \/><\/a>\n\t\t\t\t<\/dt><\/dl><br style=\"clear: both\" \/>\n\t\t\t<\/div>\n\n<p>&nbsp;<\/p>\n<p><strong>L&#8217;ASSENZA DI CONTROLLI FACILITA IL DEGRADO. CHI ABITA IN CENTRO LO DENUNCIA DA TEMPO<\/strong><\/p>\n\n\t\t\t<style type='text\/css'>\n\t\t\t\t#gallery-5 {\n\t\t\t\t\tmargin: auto;\n\t\t\t\t}\n\t\t\t\t#gallery-5 .gallery-item {\n\t\t\t\t\tfloat: left;\n\t\t\t\t\tmargin-top: 10px;\n\t\t\t\t\ttext-align: center;\n\t\t\t\t\twidth: 33%;\n\t\t\t\t}\n\t\t\t\t#gallery-5 img {\n\t\t\t\t\tborder: 2px solid #cfcfcf;\n\t\t\t\t}\n\t\t\t\t#gallery-5 .gallery-caption {\n\t\t\t\t\tmargin-left: 0;\n\t\t\t\t}\n\t\t\t\t\/* see gallery_shortcode() in wp-includes\/media.php *\/\n\t\t\t<\/style>\n\t\t<div id='gallery-5' class='dt-gallery-container gallery galleryid-267823 gallery-columns-3 gallery-size-thumbnail'><dl class='gallery-item'>\n\t\t\t\t<dt class='gallery-icon portrait'>\n\t\t\t\t\t<a class=\"rollover rollover-zoom dt-pswp-item\" title=\"53ef3d33-6dff-42ca-9191-7c94739fde5c\" data-dt-img-description=\"\" data-large_image_width=\"750\" data-large_image_height=\"993\"href='https:\/\/www.radiopiu.net\/wordpress\/wp-content\/uploads\/2022\/03\/53ef3d33-6dff-42ca-9191-7c94739fde5c.jpg'><img loading=\"lazy\" decoding=\"async\" width=\"150\" height=\"150\" src=\"https:\/\/www.radiopiu.net\/wordpress\/wp-content\/uploads\/2022\/03\/53ef3d33-6dff-42ca-9191-7c94739fde5c-150x150.jpg\" class=\"attachment-thumbnail size-thumbnail\" alt=\"\" \/><\/a>\n\t\t\t\t<\/dt><\/dl><dl class='gallery-item'>\n\t\t\t\t<dt class='gallery-icon landscape'>\n\t\t\t\t\t<a class=\"rollover rollover-zoom dt-pswp-item\" title=\"4d6b90c5-4e81-4427-9de6-65fd505657de\" data-dt-img-description=\"\" data-large_image_width=\"750\" data-large_image_height=\"564\"href='https:\/\/www.radiopiu.net\/wordpress\/wp-content\/uploads\/2022\/03\/4d6b90c5-4e81-4427-9de6-65fd505657de.jpg'><img loading=\"lazy\" decoding=\"async\" width=\"150\" height=\"150\" src=\"https:\/\/www.radiopiu.net\/wordpress\/wp-content\/uploads\/2022\/03\/4d6b90c5-4e81-4427-9de6-65fd505657de-150x150.jpg\" class=\"attachment-thumbnail size-thumbnail\" alt=\"\" \/><\/a>\n\t\t\t\t<\/dt><\/dl><dl class='gallery-item'>\n\t\t\t\t<dt class='gallery-icon portrait'>\n\t\t\t\t\t<a class=\"rollover rollover-zoom dt-pswp-item\" title=\"8e800180-ed78-4b87-95a9-c059bf62180f\" data-dt-img-description=\"\" data-large_image_width=\"750\" data-large_image_height=\"992\"href='https:\/\/www.radiopiu.net\/wordpress\/wp-content\/uploads\/2022\/03\/8e800180-ed78-4b87-95a9-c059bf62180f.jpg'><img loading=\"lazy\" decoding=\"async\" width=\"150\" height=\"150\" src=\"https:\/\/www.radiopiu.net\/wordpress\/wp-content\/uploads\/2022\/03\/8e800180-ed78-4b87-95a9-c059bf62180f-150x150.jpg\" class=\"attachment-thumbnail size-thumbnail\" alt=\"\" \/><\/a>\n\t\t\t\t<\/dt><\/dl><br style=\"clear: both\" \/>\n\t\t\t<\/div>\n\n<p>&nbsp;<\/p>\n<p>&nbsp;<\/p>\n<hr \/>\n<p>&nbsp;<\/p>\n<p>&nbsp;<\/p>\n<p>&nbsp;<\/p>\n<p><iframe loading=\"lazy\" title=\"EPCENTER   &quot;ALLESTIRE UNO SPAZIO AZIENDALE  PER SITUAZIONI CRITICHE&quot;\" width=\"1200\" height=\"675\" src=\"https:\/\/www.youtube.com\/embed\/4554Rivyw1w?start=278&#038;feature=oembed\" frameborder=\"0\" allow=\"accelerometer; autoplay; clipboard-write; encrypted-media; gyroscope; picture-in-picture\" allowfullscreen><\/iframe><\/p>\n<p>LA RACCOLTA COMPLETA<\/p>\n<p>&nbsp;<\/p>\n<blockquote class=\"wp-embedded-content\" data-secret=\"AEujBfwtaC\"><p><a href=\"https:\/\/www.radiopiu.net\/wordpress\/tecnologie-con-francesco-zillio\/\">EP CENTER &#8211; FRANCESCO ZILLIO<\/a><\/p><\/blockquote>\n<p><iframe loading=\"lazy\" class=\"wp-embedded-content\" sandbox=\"allow-scripts\" security=\"restricted\" style=\"position: absolute; clip: rect(1px, 1px, 1px, 1px);\" title=\"&#8220;EP CENTER &#8211; FRANCESCO ZILLIO&#8221; &#8212; Radio Pi\u00f9\" src=\"https:\/\/www.radiopiu.net\/wordpress\/tecnologie-con-francesco-zillio\/embed\/#?secret=2mcfAMr9bA#?secret=AEujBfwtaC\" data-secret=\"AEujBfwtaC\" width=\"600\" height=\"338\" frameborder=\"0\" marginwidth=\"0\" marginheight=\"0\" scrolling=\"no\"><\/iframe><\/p>\n<p>&nbsp;<\/p>\n<hr \/>\n<p>&nbsp;<\/p>\n<blockquote>\n<h3>I BIGLIETTI VINCENTI DELL&#8217;ASSOCIAZIONE &#8220;ADA&#8221;<\/h3>\n<\/blockquote>\n<p><strong>AGORDO<\/strong> Si chiama &#8220;Lotteria Adanzar fortuna&#8221; e anche l&#8217;edizione 2022 si \u00e8 svolta regolarmente. Di seguito i biglietti estratti, per il ritiro dei premi elencati rivolgersi in orario negozio da MaxStore abbigliamento presso il Centro Commerciale La Corte Agordina, telefono 348 8062103 entro e non oltre il 30 giugno<\/p>\n<a href=\"https:\/\/www.radiopiu.net\/wordpress\/wp-content\/uploads\/2022\/03\/estratti2022-1.pdf\" class=\"pdfemb-viewer\" style=\"\" data-width=\"max\" data-height=\"max\" data-toolbar=\"top\" data-toolbar-fixed=\"on\">estratti2022<\/a>\n<p>&nbsp;<\/p>\n<hr \/>\n<p>&nbsp;<\/p>\n<blockquote>\n<h3>\u201cLA MONTAGNA DIMENTICATA. VIE MILITARI E ANTICHE STRADE DI MINATORI\u201d IN UN LIBRO<\/h3>\n<\/blockquote>\n<p><strong>di\u00a0 RENATO BONA<\/strong><\/p>\n<p>Oggi quinta e penultima tappa fra gli Itinerari del Parco nazionale Dolomiti Bellunesi, \u201caccompagnati\u201d dal libro-guida di Tiziano De Col e Maurizio Olivotto (realizzato nell 2001con il contributo dell\u2019Unione Europea, programma Leader II \u2013 Fondo Fesr): \u201cLa montagna dimenticata. Vie militari e antiche strade di minatori\u201d, Duck Edizioni (stampa Promoduck di Santa Giustina, presentazione del presidente del Parco, Valter Bonan), per conto dell\u2019Ente Parco, col coordinamento di Zollet service scarl su progetto grafico e consulenza paesaggistica dell\u2019architetto Lidia Rui, immagini dell\u2019archivio don F. Tamis, Club Unesco Rivamonte, O. e T. De Col, M.L. De Don\u00e0, G. M. Gambaretto, F. Isma, M. Miana, Monestier, M. Olivotto, Preloran, I. Ren, L. Rui, E. Tazzer, Foto Zanfron; cartine dell\u2019Istituto geografico militare; in copertina: \u201cSbocco di una galleria lungo la nuova strada di Val Cordevole, veduta verso Agordo\u201d, del 1920 circa, collezione privata G. Moreno Gambaretto &#8211; M. Laura De Don\u00e0, Belluno. Hanno collaborato: Nevio De Col, Roberto De Bacco, Gruppo archeologico agordino Arca, G. Moreno Gambaretto e M. Laura De Don\u00e0, Vigilio De Zanche, Fabiano Isma, le amministrazioni comunali di La Valle, Rivamonte e Gosaldo, il Club Unesco di Rivamonte. I due valenti autori proponevano nella guida (\u201cper ripercorrere la storia dei minatori e dei militari che in queste montagne hanno vissuto, sofferto, lottato, sparato. Prima che il tempo ne cancelli per sempre le tracce\u201d) sette tappe che qui di seguito succintamente indichiamo, lasciando ai singoli appassionati l\u2019eventuale approfondimento grazie magari ad un\u2019esperienza diretta sul campo: 1 Forcella Moschesin-Forcella P\u00f3ngol (da Pian di C\u00e0lleda seguendo il tracciato dell\u2019Alta Via numero 1, in due ore di cammino si raggiungono i 1940 metri di Forcella Moschesin, oppure in 3 ore da La Valle Agordina per Malga Foca mentre dal versante zoldano si percorre la pista forestale della Val Pramp\u00e8r con un\u2019ora di cammino; lo sviluppo \u00e8 di 5,6 chilometri (3,4 per la variante bassa), i dislivelli di 630 e 305 metri); 2 Forcella P\u00f3ngol-Torn\u00e8r (oltre che per gli itinerari descritti nella tappa precedente, Forcella F\u00f3lega e Forcella P\u00f3ngol sono agevolmente raggiungibili da La Valle Agordina per i sentieri Cai 542-545 in 2 ore e mezza circa; lo sviluppo \u00e8 di 11,4 chilometri il dislivello di 1063 metri,percorrenza in discesa in 4 quattro ore e mezza, in salita 6 ore, scarsa disponibilit\u00e0 di acqua e niente luoghi di sosta attrezzati); 2A Forcella P\u00f3ngol-La Muda ( lunghezza 5.800 metri con 1066 di dislivello, pendenza media 19 per cento circa, tempo di percorrenza: 2,5-3 ore in discesa, 4 in salita, sentiero facile che segue la mulattiera militare con numero Cai 545 e 546; una sola sorgente in prossimit\u00e0 della Valle del Cristo); 3 Torn\u00e8r-Valle Imperina (Le Miniere) ha uno sviluppo di 11 chilometri, dislivello di 887 metri in salita 776 in discesa, tempi di percorrenza: Torn\u00e8r-i Cast\u00e8i mezz\u2019ora, I Cast\u00e8i-La Mandre 4 ore, Le Mandre-Valle Imperina 2 ore e mezza, tappa decisamente facile); 4 Valle Imperina (Le Miniere)-Forcella Franche (inizia nel paese Ponte Alto ed ha uno sviluppo di 3 chilometri con dislivello di 410 metri, tempo di percorrenza due ore e mezza in salita, 2 in discesa; il percorso non presenta particolari difficolt\u00e0); 5 Forcella Franche-Tit\u00e8le (acceso al valico, sviluppo di circa 4 chilometri con dislivello di circa 400 metri; percorrenza: un\u2019ora e mezza in discesa, due ore in salita, non si segnalano difficolt\u00e0 particolari); 6 Tit\u00e8le-Miniere di Vallalta (sviluppo di quasi 4 chilometri e dislivello di 320 metri tempo di percorrenza 1ora-un\u2019ora e mezza in salita, 1 ora in discesa la tappa non presenta alcuna difficolt\u00e0). Concludiamo richiamando il passo del presidente Bonan in cui sottolinea che: \u201c\u2026 il percorso, denso di significative testimonianze di vita e di lavoro, presenta segni a volte evidenti e a volte labili di attivit\u00e0 importanti che condizionarono la storia sociale ed economica delle popolazioni locali: i manufatti realizzati a scopo militare e quelli necessari alle attivit\u00e0 minerarie e metallurgiche \u2018raccontano\u2019 l\u2019evoluzione del rapporto tra gli uomini e tra l\u2019uomo e le risorse naturali, rapporti indubbiamente complessi e caratterizzati da continui mutamenti\u2026\u201d.<\/p>\n\n\t\t\t<style type='text\/css'>\n\t\t\t\t#gallery-6 {\n\t\t\t\t\tmargin: auto;\n\t\t\t\t}\n\t\t\t\t#gallery-6 .gallery-item {\n\t\t\t\t\tfloat: left;\n\t\t\t\t\tmargin-top: 10px;\n\t\t\t\t\ttext-align: center;\n\t\t\t\t\twidth: 20%;\n\t\t\t\t}\n\t\t\t\t#gallery-6 img {\n\t\t\t\t\tborder: 2px solid #cfcfcf;\n\t\t\t\t}\n\t\t\t\t#gallery-6 .gallery-caption {\n\t\t\t\t\tmargin-left: 0;\n\t\t\t\t}\n\t\t\t\t\/* see gallery_shortcode() in wp-includes\/media.php *\/\n\t\t\t<\/style>\n\t\t<div id='gallery-6' class='dt-gallery-container gallery galleryid-267823 gallery-columns-5 gallery-size-thumbnail'><dl class='gallery-item'>\n\t\t\t\t<dt class='gallery-icon portrait'>\n\t\t\t\t\t<a class=\"rollover rollover-zoom dt-pswp-item\" title=\"277404354_942836889722011_4988195384939233168_n\" data-dt-img-description=\"\" data-large_image_width=\"150\" data-large_image_height=\"280\"href='https:\/\/www.radiopiu.net\/wordpress\/wp-content\/uploads\/2022\/03\/277404354_942836889722011_4988195384939233168_n.jpg'><img loading=\"lazy\" decoding=\"async\" width=\"150\" height=\"150\" src=\"https:\/\/www.radiopiu.net\/wordpress\/wp-content\/uploads\/2022\/03\/277404354_942836889722011_4988195384939233168_n-150x150.jpg\" class=\"attachment-thumbnail size-thumbnail\" alt=\"\" \/><\/a>\n\t\t\t\t<\/dt><\/dl><dl class='gallery-item'>\n\t\t\t\t<dt class='gallery-icon landscape'>\n\t\t\t\t\t<a class=\"rollover rollover-zoom dt-pswp-item\" title=\"277372299_543461597097412_3948711021767560443_n\" data-dt-img-description=\"\" data-large_image_width=\"440\" data-large_image_height=\"206\"href='https:\/\/www.radiopiu.net\/wordpress\/wp-content\/uploads\/2022\/03\/277372299_543461597097412_3948711021767560443_n.jpg'><img loading=\"lazy\" decoding=\"async\" width=\"150\" height=\"150\" src=\"https:\/\/www.radiopiu.net\/wordpress\/wp-content\/uploads\/2022\/03\/277372299_543461597097412_3948711021767560443_n-150x150.jpg\" class=\"attachment-thumbnail size-thumbnail\" alt=\"\" \/><\/a>\n\t\t\t\t<\/dt><\/dl><dl class='gallery-item'>\n\t\t\t\t<dt class='gallery-icon landscape'>\n\t\t\t\t\t<a class=\"rollover rollover-zoom dt-pswp-item\" title=\"277191455_3189568631261120_8783823905667993849_n\" data-dt-img-description=\"\" data-large_image_width=\"280\" data-large_image_height=\"200\"href='https:\/\/www.radiopiu.net\/wordpress\/wp-content\/uploads\/2022\/03\/277191455_3189568631261120_8783823905667993849_n.jpg'><img loading=\"lazy\" decoding=\"async\" width=\"150\" height=\"150\" src=\"https:\/\/www.radiopiu.net\/wordpress\/wp-content\/uploads\/2022\/03\/277191455_3189568631261120_8783823905667993849_n-150x150.jpg\" class=\"attachment-thumbnail size-thumbnail\" alt=\"\" \/><\/a>\n\t\t\t\t<\/dt><\/dl><dl class='gallery-item'>\n\t\t\t\t<dt class='gallery-icon landscape'>\n\t\t\t\t\t<a class=\"rollover rollover-zoom dt-pswp-item\" title=\"277407657_944850816180090_4994281838850696373_n\" data-dt-img-description=\"\" data-large_image_width=\"315\" data-large_image_height=\"206\"href='https:\/\/www.radiopiu.net\/wordpress\/wp-content\/uploads\/2022\/03\/277407657_944850816180090_4994281838850696373_n.jpg'><img loading=\"lazy\" decoding=\"async\" width=\"150\" height=\"150\" src=\"https:\/\/www.radiopiu.net\/wordpress\/wp-content\/uploads\/2022\/03\/277407657_944850816180090_4994281838850696373_n-150x150.jpg\" class=\"attachment-thumbnail size-thumbnail\" alt=\"\" \/><\/a>\n\t\t\t\t<\/dt><\/dl><dl class='gallery-item'>\n\t\t\t\t<dt class='gallery-icon landscape'>\n\t\t\t\t\t<a class=\"rollover rollover-zoom dt-pswp-item\" title=\"277615565_559570752049265_8506516891273292918_n\" data-dt-img-description=\"\" data-large_image_width=\"417\" data-large_image_height=\"202\"href='https:\/\/www.radiopiu.net\/wordpress\/wp-content\/uploads\/2022\/03\/277615565_559570752049265_8506516891273292918_n.jpg'><img loading=\"lazy\" decoding=\"async\" width=\"150\" height=\"150\" src=\"https:\/\/www.radiopiu.net\/wordpress\/wp-content\/uploads\/2022\/03\/277615565_559570752049265_8506516891273292918_n-150x150.jpg\" class=\"attachment-thumbnail size-thumbnail\" alt=\"\" \/><\/a>\n\t\t\t\t<\/dt><\/dl><br style=\"clear: both\" \/><dl class='gallery-item'>\n\t\t\t\t<dt class='gallery-icon landscape'>\n\t\t\t\t\t<a class=\"rollover rollover-zoom dt-pswp-item\" title=\"277419447_217342557271000_6396702446587902209_n\" data-dt-img-description=\"\" data-large_image_width=\"296\" data-large_image_height=\"199\"href='https:\/\/www.radiopiu.net\/wordpress\/wp-content\/uploads\/2022\/03\/277419447_217342557271000_6396702446587902209_n.jpg'><img loading=\"lazy\" decoding=\"async\" width=\"150\" height=\"150\" src=\"https:\/\/www.radiopiu.net\/wordpress\/wp-content\/uploads\/2022\/03\/277419447_217342557271000_6396702446587902209_n-150x150.jpg\" class=\"attachment-thumbnail size-thumbnail\" alt=\"\" \/><\/a>\n\t\t\t\t<\/dt><\/dl><dl class='gallery-item'>\n\t\t\t\t<dt class='gallery-icon landscape'>\n\t\t\t\t\t<a class=\"rollover rollover-zoom dt-pswp-item\" title=\"277597613_679702066412800_3110537191218369228_n\" data-dt-img-description=\"\" data-large_image_width=\"318\" data-large_image_height=\"206\"href='https:\/\/www.radiopiu.net\/wordpress\/wp-content\/uploads\/2022\/03\/277597613_679702066412800_3110537191218369228_n.jpg'><img loading=\"lazy\" decoding=\"async\" width=\"150\" height=\"150\" src=\"https:\/\/www.radiopiu.net\/wordpress\/wp-content\/uploads\/2022\/03\/277597613_679702066412800_3110537191218369228_n-150x150.jpg\" class=\"attachment-thumbnail size-thumbnail\" alt=\"\" \/><\/a>\n\t\t\t\t<\/dt><\/dl><dl class='gallery-item'>\n\t\t\t\t<dt class='gallery-icon landscape'>\n\t\t\t\t\t<a class=\"rollover rollover-zoom dt-pswp-item\" title=\"277540880_970875193572011_917421150850177805_n\" data-dt-img-description=\"\" data-large_image_width=\"434\" data-large_image_height=\"206\"href='https:\/\/www.radiopiu.net\/wordpress\/wp-content\/uploads\/2022\/03\/277540880_970875193572011_917421150850177805_n.jpg'><img loading=\"lazy\" decoding=\"async\" width=\"150\" height=\"150\" src=\"https:\/\/www.radiopiu.net\/wordpress\/wp-content\/uploads\/2022\/03\/277540880_970875193572011_917421150850177805_n-150x150.jpg\" class=\"attachment-thumbnail size-thumbnail\" alt=\"\" \/><\/a>\n\t\t\t\t<\/dt><\/dl><dl class='gallery-item'>\n\t\t\t\t<dt class='gallery-icon landscape'>\n\t\t\t\t\t<a class=\"rollover rollover-zoom dt-pswp-item\" title=\"277453620_2218515991634233_3864732726623395802_n\" data-dt-img-description=\"\" data-large_image_width=\"402\" data-large_image_height=\"206\"href='https:\/\/www.radiopiu.net\/wordpress\/wp-content\/uploads\/2022\/03\/277453620_2218515991634233_3864732726623395802_n.jpg'><img loading=\"lazy\" decoding=\"async\" width=\"150\" height=\"150\" src=\"https:\/\/www.radiopiu.net\/wordpress\/wp-content\/uploads\/2022\/03\/277453620_2218515991634233_3864732726623395802_n-150x150.jpg\" class=\"attachment-thumbnail size-thumbnail\" alt=\"\" \/><\/a>\n\t\t\t\t<\/dt><\/dl><dl class='gallery-item'>\n\t\t\t\t<dt class='gallery-icon landscape'>\n\t\t\t\t\t<a class=\"rollover rollover-zoom dt-pswp-item\" title=\"277551893_298829665710581_5243009771896708248_n\" data-dt-img-description=\"\" data-large_image_width=\"311\" data-large_image_height=\"206\"href='https:\/\/www.radiopiu.net\/wordpress\/wp-content\/uploads\/2022\/03\/277551893_298829665710581_5243009771896708248_n.jpg'><img loading=\"lazy\" decoding=\"async\" width=\"150\" height=\"150\" src=\"https:\/\/www.radiopiu.net\/wordpress\/wp-content\/uploads\/2022\/03\/277551893_298829665710581_5243009771896708248_n-150x150.jpg\" class=\"attachment-thumbnail size-thumbnail\" alt=\"\" \/><\/a>\n\t\t\t\t<\/dt><\/dl><br style=\"clear: both\" \/><dl class='gallery-item'>\n\t\t\t\t<dt class='gallery-icon landscape'>\n\t\t\t\t\t<a class=\"rollover rollover-zoom dt-pswp-item\" title=\"277610536_990397988510814_6367134863890264416_n\" data-dt-img-description=\"\" data-large_image_width=\"320\" data-large_image_height=\"206\"href='https:\/\/www.radiopiu.net\/wordpress\/wp-content\/uploads\/2022\/03\/277610536_990397988510814_6367134863890264416_n.jpg'><img loading=\"lazy\" decoding=\"async\" width=\"150\" height=\"150\" src=\"https:\/\/www.radiopiu.net\/wordpress\/wp-content\/uploads\/2022\/03\/277610536_990397988510814_6367134863890264416_n-150x150.jpg\" class=\"attachment-thumbnail size-thumbnail\" alt=\"\" \/><\/a>\n\t\t\t\t<\/dt><\/dl><dl class='gallery-item'>\n\t\t\t\t<dt class='gallery-icon landscape'>\n\t\t\t\t\t<a class=\"rollover rollover-zoom dt-pswp-item\" title=\"277311989_979439606028180_8949059022907940950_n\" data-dt-img-description=\"\" data-large_image_width=\"320\" data-large_image_height=\"199\"href='https:\/\/www.radiopiu.net\/wordpress\/wp-content\/uploads\/2022\/03\/277311989_979439606028180_8949059022907940950_n.jpg'><img loading=\"lazy\" decoding=\"async\" width=\"150\" height=\"150\" src=\"https:\/\/www.radiopiu.net\/wordpress\/wp-content\/uploads\/2022\/03\/277311989_979439606028180_8949059022907940950_n-150x150.jpg\" class=\"attachment-thumbnail size-thumbnail\" alt=\"\" \/><\/a>\n\t\t\t\t<\/dt><\/dl><dl class='gallery-item'>\n\t\t\t\t<dt class='gallery-icon landscape'>\n\t\t\t\t\t<a class=\"rollover rollover-zoom dt-pswp-item\" title=\"277368150_726556518522898_1440895652928769781_n\" data-dt-img-description=\"\" data-large_image_width=\"403\" data-large_image_height=\"206\"href='https:\/\/www.radiopiu.net\/wordpress\/wp-content\/uploads\/2022\/03\/277368150_726556518522898_1440895652928769781_n.jpg'><img loading=\"lazy\" decoding=\"async\" width=\"150\" height=\"150\" src=\"https:\/\/www.radiopiu.net\/wordpress\/wp-content\/uploads\/2022\/03\/277368150_726556518522898_1440895652928769781_n-150x150.jpg\" class=\"attachment-thumbnail size-thumbnail\" alt=\"\" \/><\/a>\n\t\t\t\t<\/dt><\/dl><dl class='gallery-item'>\n\t\t\t\t<dt class='gallery-icon landscape'>\n\t\t\t\t\t<a class=\"rollover rollover-zoom dt-pswp-item\" title=\"277358022_677069303417648_8741668362938281646_n\" data-dt-img-description=\"\" data-large_image_width=\"480\" data-large_image_height=\"199\"href='https:\/\/www.radiopiu.net\/wordpress\/wp-content\/uploads\/2022\/03\/277358022_677069303417648_8741668362938281646_n.jpg'><img loading=\"lazy\" decoding=\"async\" width=\"150\" height=\"150\" src=\"https:\/\/www.radiopiu.net\/wordpress\/wp-content\/uploads\/2022\/03\/277358022_677069303417648_8741668362938281646_n-150x150.jpg\" class=\"attachment-thumbnail size-thumbnail\" alt=\"\" \/><\/a>\n\t\t\t\t<\/dt><\/dl><dl class='gallery-item'>\n\t\t\t\t<dt class='gallery-icon landscape'>\n\t\t\t\t\t<a class=\"rollover rollover-zoom dt-pswp-item\" title=\"277403870_356416759768924_4367393410329489185_n\" data-dt-img-description=\"\" data-large_image_width=\"403\" data-large_image_height=\"204\"href='https:\/\/www.radiopiu.net\/wordpress\/wp-content\/uploads\/2022\/03\/277403870_356416759768924_4367393410329489185_n.jpg'><img loading=\"lazy\" decoding=\"async\" width=\"150\" height=\"150\" src=\"https:\/\/www.radiopiu.net\/wordpress\/wp-content\/uploads\/2022\/03\/277403870_356416759768924_4367393410329489185_n-150x150.jpg\" class=\"attachment-thumbnail size-thumbnail\" alt=\"\" \/><\/a>\n\t\t\t\t<\/dt><\/dl><br style=\"clear: both\" \/>\n\t\t\t<\/div>\n\n<p>&nbsp;<\/p>\n<p>NELLE FOTO (riproduzioni dal libro-guida\u201dLa montagna dimenticata\u201d): la copertina della pubblicazione; i ruderi del fortino di Forcella Moschesin; Grande Guerra: cannone da 210 mm. in posizione; il percorso del sentiero sul versante nord del monte Z\u00e8lo; il cippo con l\u2019anno di costruzione della strada che sale alla Sella dl Col dei Ci\u00f2t e il bunker delle Mandre; Forcella F\u00f2lega e sullo sfondo vero nord la Moiazza; il Talvena e le Cime delle Rosse dall\u2019osservatorio; il vecchio ponte dei Cast\u00e8i e la Pissa nei primi anni del \u2018900; vecchia immagine della stretta dei Cast\u00e8i; minatori all\u2019imbocco della galleria Magni; l\u2019antica galleria di Santa Barbara ed il sostegno per il canale dell\u2019acqua; il cippo confinario di Forcella Franche; il solatio versante di Ren e Coltam\u00e0i; la zona di Marc\u00f9z-Botter prima dell\u2019alluvione del 1966; minatori di Vallalta.<\/p>\n<p>&nbsp;<\/p>\n<hr \/>\n<p>&nbsp;<\/p>\n<h2><span style=\"color: #ff0000;\">IERI ALLA RADIO<\/span><\/h2>\n<h2><span style=\"color: #808000;\">ALLO ZERO TERMICO: ROMINA DARMAN E IL FINALE DI STAGIONE IN MARMOLADA<\/span><\/h2>\n<blockquote><p><em><span class=\"photoswipe-wrapper\"><a class=\"dt-pswp-item\" href=\"https:\/\/www.radiopiu.net\/wordpress\/wp-content\/uploads\/2021\/02\/Marmolada-5.jpg\" data-dt-img-description=\"\" data-large_image_width=\"800\" data-large_image_height=\"533\"><img loading=\"lazy\" decoding=\"async\" class=\"size-thumbnail wp-image-192488 alignleft\" src=\"https:\/\/www.radiopiu.net\/wordpress\/wp-content\/uploads\/2021\/02\/Marmolada-5-150x150.jpg\" alt=\"\" width=\"150\" height=\"150\" \/><\/a>ZERO TERMICO E\u2019 UN VIAGGIO ALLA SCOPERTA DEL NOSTRO TERRITORIO, DALLA VOCE DEI PROTAGONISTI. TURISMO, SPORT, EVENTI, CULTURA, INTRATTENIMENTO. DAL LUNEDI\u2019 AL VENERDI ALLE 15.10 ALLE 20.30. ZERO TERMICO. UN APPUNTAMENTO IN COLLABORAZIONE CON: SPORT 203. LA NATURALE PORTA D\u2019INGRESSO\u2026.VERSO LO ZERO TERMICO. LOCALITA\u2019 LE CAMPE STRADA AGORDO BELLUNO. ABBIGLIAMENTO E ATTREZZATURA\u2026.DEDICATI A CHI AMA LA MONTAGNA.\u00a0<\/span><\/em><\/p><\/blockquote>\n<p><strong>DI CLAUDIO FONTANIVE\u00a0<\/strong><\/p>\n<p>OSPITE: Romina Darman<\/p>\n<audio class=\"wp-audio-shortcode\" id=\"audio-267823-9\" preload=\"none\" style=\"width: 100%;\" controls=\"controls\"><source type=\"audio\/mpeg\" src=\"https:\/\/www.radiopiu.net\/wordpress\/wp-content\/uploads\/2022\/03\/romina-darman-marmolada-30-marzo.mp3?_=9\" \/><a href=\"https:\/\/www.radiopiu.net\/wordpress\/wp-content\/uploads\/2022\/03\/romina-darman-marmolada-30-marzo.mp3\">https:\/\/www.radiopiu.net\/wordpress\/wp-content\/uploads\/2022\/03\/romina-darman-marmolada-30-marzo.mp3<\/a><\/audio>\n<p>&nbsp;<\/p>\n<p>&nbsp;<\/p>\n<hr \/>\n<p>&nbsp;<\/p>\n<p><strong>TUTTI I LUNEDI ALLE 10,30 E 1900, LA DOMENICA ALLE 8 007 IN CONDOTTA, LA SCUOLA CON LA PROF. MARIA ROSA SALMAZO E CLAUDIO FONTANIVE, IN PODCAST TUTTE LE PUNTATE DELLE ULTIME STAGIONI.\u00a0<\/strong><\/p>\n<p>&nbsp;<\/p>\n<blockquote class=\"wp-embedded-content\" data-secret=\"EaXbIcy4xt\"><p><a href=\"https:\/\/www.radiopiu.net\/wordpress\/007incondotta-9\/\">007 in condotta<\/a><\/p><\/blockquote>\n<p><iframe loading=\"lazy\" class=\"wp-embedded-content\" sandbox=\"allow-scripts\" security=\"restricted\" style=\"position: absolute; clip: rect(1px, 1px, 1px, 1px);\" title=\"&#8220;007 in condotta&#8221; &#8212; Radio Pi\u00f9\" src=\"https:\/\/www.radiopiu.net\/wordpress\/007incondotta-9\/embed\/#?secret=lnge43nHsE#?secret=EaXbIcy4xt\" data-secret=\"EaXbIcy4xt\" width=\"600\" height=\"338\" frameborder=\"0\" marginwidth=\"0\" marginheight=\"0\" scrolling=\"no\"><\/iframe><\/p>\n<p>&nbsp;<\/p>\n<hr \/>\n<p>&nbsp;<\/p>\n<div>\n<div class=\"b654a4as d2edcug0\">\n<div class=\"rq0escxv hkbzh7o3 jwdofwj8 n8tt0mok r8blr3vg hyh9befq\">\n<p><a class=\"dt-pswp-item\" href=\"https:\/\/www.radiopiu.net\/wordpress\/wp-content\/uploads\/2020\/10\/pp.jpg\" data-dt-img-description=\"\" data-large_image_width=\"640\" data-large_image_height=\"640\"><img loading=\"lazy\" decoding=\"async\" class=\"wp-image-163678 alignleft\" src=\"https:\/\/www.radiopiu.net\/wordpress\/wp-content\/uploads\/2020\/10\/pp-300x300.jpg\" alt=\"\" width=\"106\" height=\"106\" srcset=\"https:\/\/www.radiopiu.net\/wordpress\/wp-content\/uploads\/2020\/10\/pp-300x300.jpg 300w, https:\/\/www.radiopiu.net\/wordpress\/wp-content\/uploads\/2020\/10\/pp-150x150.jpg 150w, https:\/\/www.radiopiu.net\/wordpress\/wp-content\/uploads\/2020\/10\/pp-125x125.jpg 125w, https:\/\/www.radiopiu.net\/wordpress\/wp-content\/uploads\/2020\/10\/pp-200x200.jpg 200w, https:\/\/www.radiopiu.net\/wordpress\/wp-content\/uploads\/2020\/10\/pp-80x80.jpg 80w, https:\/\/www.radiopiu.net\/wordpress\/wp-content\/uploads\/2020\/10\/pp-480x480.jpg 480w, https:\/\/www.radiopiu.net\/wordpress\/wp-content\/uploads\/2020\/10\/pp.jpg 640w\" sizes=\"auto, (max-width: 106px) 100vw, 106px\" \/><\/a><\/p>\n<\/div>\n<\/div>\n<\/div>\n<div>\n<div class=\"page-title-head hgroup\">\n<div class=\"page-title-head hgroup\">\n<div class=\"b654a4as d2edcug0\">\n<div class=\"j83agx80 btwxx1t3 lhclo0ds hop8lmos nkwizq5d scwd0bx6 roh60bw9\">\n<div class=\"rq0escxv hkbzh7o3 jwdofwj8 n8tt0mok r8blr3vg hyh9befq\">\n<div class=\"do00u71z l9j0dhe7 k4urcfbm\">\n<h2><span style=\"color: #000080;\">\u00a0<\/span><span style=\"color: #000080;\">DON CESARE, IL PENSIERO DEL GIORNO. ALLA RADIO ALLE 7 DEL MATTINO E ALLE 19.30 DELLA SERA.\u00a0<\/span><\/h2>\n<p>&nbsp;<\/p>\n<\/div>\n<\/div>\n<\/div>\n<\/div>\n<\/div>\n<\/div>\n<\/div>\n<audio class=\"wp-audio-shortcode\" id=\"audio-267823-10\" preload=\"none\" style=\"width: 100%;\" controls=\"controls\"><source type=\"audio\/mpeg\" src=\"https:\/\/www.radiopiu.net\/wordpress\/wp-content\/uploads\/2022\/03\/CESARE-9.mp3?_=10\" \/><a href=\"https:\/\/www.radiopiu.net\/wordpress\/wp-content\/uploads\/2022\/03\/CESARE-9.mp3\">https:\/\/www.radiopiu.net\/wordpress\/wp-content\/uploads\/2022\/03\/CESARE-9.mp3<\/a><\/audio>\n<p>&nbsp;<\/p>\n<p>&nbsp;<\/p>\n<hr \/>\n<p>&nbsp;<\/p>\n<blockquote class=\"wp-embedded-content\" data-secret=\"kYIbEkAAbQ\"><p><a href=\"https:\/\/www.radiopiu.net\/wordpress\/39anniradiopiuaas\/\">39 ANNI DI RADIO&#8230; DAGLI ARCHIVI DI RADIO PIU&#8217; UN POKER DI RICORDI<\/a><\/p><\/blockquote>\n<p><iframe loading=\"lazy\" class=\"wp-embedded-content\" sandbox=\"allow-scripts\" security=\"restricted\" style=\"position: absolute; clip: rect(1px, 1px, 1px, 1px);\" title=\"&#8220;39 ANNI DI RADIO&#8230; DAGLI ARCHIVI DI RADIO PIU&#8217; UN POKER DI RICORDI&#8221; &#8212; Radio Pi\u00f9\" src=\"https:\/\/www.radiopiu.net\/wordpress\/39anniradiopiuaas\/embed\/#?secret=MJAKQ8FoXw#?secret=kYIbEkAAbQ\" data-secret=\"kYIbEkAAbQ\" width=\"600\" height=\"338\" frameborder=\"0\" marginwidth=\"0\" marginheight=\"0\" scrolling=\"no\"><\/iframe><\/p>\n<p>&nbsp;<\/p>\n<p>&nbsp;<\/p>\n<hr \/>\n<p>&nbsp;<\/p>\n<h3 class=\"kvgmc6g5 cxmmr5t8 oygrvhab hcukyx3x c1et5uql\"><span style=\"color: #0000ff;\"><strong>INFORMAZIONE il canale su TELEGRAM informazione di prima mano e in tempo reale. iscriviti ed aiutaci a farlo conoscere\u00a0 \u00a0<\/strong><\/span><\/h3>\n<p>&nbsp;<\/p>\n<p>&nbsp;<\/p>\n<hr \/>\n<p>&nbsp;<\/p>\n<div class=\"do00u71z l9j0dhe7 k4urcfbm\">\n<div class=\"page-title-head hgroup\">\n<div class=\"page-title-head hgroup\">\n<div class=\"b654a4as d2edcug0\">\n<div class=\"j83agx80 btwxx1t3 lhclo0ds hop8lmos nkwizq5d scwd0bx6 roh60bw9\">\n<div class=\"rq0escxv hkbzh7o3 jwdofwj8 n8tt0mok r8blr3vg hyh9befq\">\n<div class=\"do00u71z l9j0dhe7 k4urcfbm\">\n<div class=\"page-title-head hgroup\">\n<div class=\"page-title-head hgroup\">\n<div class=\"b654a4as d2edcug0\">\n<div class=\"j83agx80 btwxx1t3 lhclo0ds hop8lmos nkwizq5d scwd0bx6 roh60bw9\">\n<div class=\"rq0escxv hkbzh7o3 jwdofwj8 n8tt0mok r8blr3vg hyh9befq\">\n<div class=\"do00u71z l9j0dhe7 k4urcfbm\">\n<div class=\"ecm0bbzt e5nlhep0 a8c37x1j\">\n<div class=\"kvgmc6g5 cxmmr5t8 oygrvhab hcukyx3x c1et5uql\">\n<div class=\"gmail-kvgmc6g5 gmail-cxmmr5t8 gmail-oygrvhab gmail-hcukyx3x gmail-c1et5uql gmail-ii04i59q\">\n<div class=\"page-title-head hgroup\">\n<div class=\"page-title-head hgroup\">\n<div class=\"b654a4as d2edcug0\">\n<div class=\"j83agx80 btwxx1t3 lhclo0ds hop8lmos nkwizq5d scwd0bx6 roh60bw9\">\n<div class=\"rq0escxv hkbzh7o3 jwdofwj8 n8tt0mok r8blr3vg hyh9befq\">\n<div class=\"do00u71z l9j0dhe7 k4urcfbm\">\n<div class=\"page-title-head hgroup\">\n<div class=\"page-title-head hgroup\">\n<div class=\"b654a4as d2edcug0\">\n<div class=\"j83agx80 btwxx1t3 lhclo0ds hop8lmos nkwizq5d scwd0bx6 roh60bw9\">\n<div class=\"rq0escxv hkbzh7o3 jwdofwj8 n8tt0mok r8blr3vg hyh9befq\">\n<div class=\"do00u71z l9j0dhe7 k4urcfbm\">\n<div class=\"page-title-head hgroup\">\n<div class=\"page-title-head hgroup\">\n<div class=\"b654a4as d2edcug0\">\n<div class=\"j83agx80 btwxx1t3 lhclo0ds hop8lmos nkwizq5d scwd0bx6 roh60bw9\">\n<div class=\"rq0escxv hkbzh7o3 jwdofwj8 n8tt0mok r8blr3vg hyh9befq\">\n<div class=\"do00u71z l9j0dhe7 k4urcfbm\">\n<div class=\"ecm0bbzt e5nlhep0 a8c37x1j\">\n<div class=\"kvgmc6g5 cxmmr5t8 oygrvhab hcukyx3x c1et5uql\">\n<div class=\"gmail-kvgmc6g5 gmail-cxmmr5t8 gmail-oygrvhab gmail-hcukyx3x gmail-c1et5uql gmail-ii04i59q\">\n<div class=\"page-title-head hgroup\">\n<div class=\"page-title-head hgroup\">\n<div class=\"b654a4as d2edcug0\">\n<div class=\"j83agx80 btwxx1t3 lhclo0ds hop8lmos nkwizq5d scwd0bx6 roh60bw9\">\n<div class=\"rq0escxv hkbzh7o3 jwdofwj8 n8tt0mok r8blr3vg hyh9befq\">\n<div class=\"do00u71z l9j0dhe7 k4urcfbm\">\n<blockquote>\n<h3><span style=\"color: #ff0000;\">IN VIVO VERSO, SETTIMA STAGIONE CON BRUNELLA MORO, DAL LUNEDI AL VENERDI ALLE 7.10, 10.10 E 18.50\u00a0\u00a0<\/span><\/h3>\n<h3>LA CASA DEI VECCHI di LORENA BRANDOLESE<\/h3>\n<\/blockquote>\n<p><strong>AUDIO<\/strong><\/p>\n<audio class=\"wp-audio-shortcode\" id=\"audio-267823-11\" preload=\"none\" style=\"width: 100%;\" controls=\"controls\"><source type=\"audio\/mpeg\" src=\"https:\/\/www.radiopiu.net\/wordpress\/wp-content\/uploads\/2022\/03\/3-LORENA-BRANDOLESE-LA-CASA-DEI-VECCHI.mp3?_=11\" \/><a href=\"https:\/\/www.radiopiu.net\/wordpress\/wp-content\/uploads\/2022\/03\/3-LORENA-BRANDOLESE-LA-CASA-DEI-VECCHI.mp3\">https:\/\/www.radiopiu.net\/wordpress\/wp-content\/uploads\/2022\/03\/3-LORENA-BRANDOLESE-LA-CASA-DEI-VECCHI.mp3<\/a><\/audio>\n<p>&nbsp;<\/p>\n<p><a class=\"dt-pswp-item\" href=\"https:\/\/www.radiopiu.net\/wordpress\/wp-content\/uploads\/2022\/03\/3-LORENA-BRANDOLESE-foto.jpg\" data-dt-img-description=\"\" data-large_image_width=\"331\" data-large_image_height=\"482\"><img loading=\"lazy\" decoding=\"async\" class=\"size-thumbnail wp-image-267885 alignleft\" src=\"https:\/\/www.radiopiu.net\/wordpress\/wp-content\/uploads\/2022\/03\/3-LORENA-BRANDOLESE-foto-150x150.jpg\" alt=\"\" width=\"150\" height=\"150\" \/><\/a>Raccolgo il mio coraggio<br \/>\nentro,<br \/>\nfaccio velocemente il giro delle stanze<br \/>\npoi alzo lo sguardo verso la finestra<br \/>\nil cortile dei miei giochi<br \/>\nimmagini di ricordi<br \/>\nscorrono veloci<br \/>\ncome viste dal finestrino di un treno.<br \/>\nMi metto a scrivere due righe<br \/>\nsul tavolo dove facevo i compiti<br \/>\nsento il profumo del cibo<br \/>\nche mia madre sta cucinando<br \/>\nsento i passi di mio padre<br \/>\nche sale le scale<br \/>\nle loro voci.<br \/>\nRicordi impacciati di nostalgia<br \/>\nsi arrampicano<br \/>\nsu ogni oggetto sopravissuto..<br \/>\nOra questa casa \u00e8 fredda<br \/>\nnon odora pi\u00f9 di niente.<br \/>\nEsco,<br \/>\nrichiudo la porta<br \/>\nnon posso vederla cos\u00ec.<br \/>\nL&#8217;orto \u00e8 incolto<br \/>\nsul terrazzo non ci sono<br \/>\ni suoi gerani rossi<br \/>\nma il susino \u00e8 li<br \/>\nal suo posto<br \/>\npieno di fiori bianchi.<br \/>\nCome se niente fosse.<\/p>\n<p>&nbsp;<\/p>\n<p><strong>LA RACCOLTA COMPLETA\u00a0<\/strong><\/p>\n<blockquote class=\"wp-embedded-content\" data-secret=\"tfzL9WYY0W\"><p><a href=\"https:\/\/www.radiopiu.net\/wordpress\/in-vivo-verso\/\">In Vivo Verso<\/a><\/p><\/blockquote>\n<p><iframe loading=\"lazy\" class=\"wp-embedded-content\" sandbox=\"allow-scripts\" security=\"restricted\" style=\"position: absolute; clip: rect(1px, 1px, 1px, 1px);\" title=\"&#8220;In Vivo Verso&#8221; &#8212; Radio Pi\u00f9\" src=\"https:\/\/www.radiopiu.net\/wordpress\/in-vivo-verso\/embed\/#?secret=uTV8MTUo0u#?secret=tfzL9WYY0W\" data-secret=\"tfzL9WYY0W\" width=\"600\" height=\"338\" frameborder=\"0\" marginwidth=\"0\" marginheight=\"0\" scrolling=\"no\"><\/iframe><\/p>\n<p>&nbsp;<\/p>\n<hr \/>\n<p>&nbsp;<\/p>\n<h2><span style=\"color: #808000;\">GOCCE DI FILOSOFIA<\/span><\/h2>\n<p><em><strong>PUNTATA 168\u00a0 DEL 30 MARZO 2022<\/strong><\/em><\/p>\n<audio class=\"wp-audio-shortcode\" id=\"audio-267823-12\" preload=\"none\" style=\"width: 100%;\" controls=\"controls\"><source type=\"audio\/mpeg\" src=\"https:\/\/www.radiopiu.net\/wordpress\/wp-content\/uploads\/2022\/03\/FI3-3.mp3?_=12\" \/><a href=\"https:\/\/www.radiopiu.net\/wordpress\/wp-content\/uploads\/2022\/03\/FI3-3.mp3\">https:\/\/www.radiopiu.net\/wordpress\/wp-content\/uploads\/2022\/03\/FI3-3.mp3<\/a><\/audio>\n<p>&nbsp;<\/p>\n<p><strong>LA RACCOLTA COMPLETA<\/strong><\/p>\n<blockquote class=\"wp-embedded-content\" data-secret=\"SWaRY9fpJ8\"><p><a href=\"https:\/\/www.radiopiu.net\/wordpress\/gocce-filosofia\/\">Gocce di filosofia, PRIMA E SECONDA STAGIONE 2022<\/a><\/p><\/blockquote>\n<p><iframe loading=\"lazy\" class=\"wp-embedded-content\" sandbox=\"allow-scripts\" security=\"restricted\" style=\"position: absolute; clip: rect(1px, 1px, 1px, 1px);\" title=\"&#8220;Gocce di filosofia, PRIMA E SECONDA STAGIONE 2022&#8221; &#8212; Radio Pi\u00f9\" src=\"https:\/\/www.radiopiu.net\/wordpress\/gocce-filosofia\/embed\/#?secret=v8XUbmfY9N#?secret=SWaRY9fpJ8\" data-secret=\"SWaRY9fpJ8\" width=\"600\" height=\"338\" frameborder=\"0\" marginwidth=\"0\" marginheight=\"0\" scrolling=\"no\"><\/iframe><\/p>\n<p>&nbsp;<\/p>\n<hr \/>\n<p>&nbsp;<\/p>\n<p>&nbsp;<\/p>\n<p><span style=\"color: #0000ff;\">MUSICA PIU&#8217;\u00a0<\/span><\/p>\n<p><a href=\"https:\/\/www.radiopiu.net\/wordpress\/giornale-radiopiu-20-settembre-2021-direttore-mirko-mezzacasa\/pp-79\/\" rel=\"attachment wp-att-232921\"><img loading=\"lazy\" decoding=\"async\" class=\"wp-image-232921 alignleft\" src=\"https:\/\/www.radiopiu.net\/wordpress\/wp-content\/uploads\/2021\/09\/pp-1-300x300.jpg\" alt=\"\" width=\"135\" height=\"135\" srcset=\"https:\/\/www.radiopiu.net\/wordpress\/wp-content\/uploads\/2021\/09\/pp-1-300x300.jpg 300w, https:\/\/www.radiopiu.net\/wordpress\/wp-content\/uploads\/2021\/09\/pp-1-150x150.jpg 150w, https:\/\/www.radiopiu.net\/wordpress\/wp-content\/uploads\/2021\/09\/pp-1.jpg 640w\" sizes=\"auto, (max-width: 135px) 100vw, 135px\" \/><\/a><\/p>\n<div class=\"mkdf-post-text\">\n<div class=\"mkdf-post-text-inner\">\n<div class=\"mkdf-post-text-main\">\n<div class=\"mkdf-post-text\">\n<div class=\"mkdf-post-text-inner\">\n<div class=\"mkdf-post-text-main\">\n<div class=\"mkdf-post-text\">\n<div class=\"mkdf-post-text-inner\">\n<div class=\"mkdf-post-text-main\">\n<div class=\"page-title-head hgroup\">\n<div class=\"page-title-head hgroup\">\n<div class=\"mkdf-post-text\">\n<div class=\"mkdf-post-text-inner\">\n<div class=\"mkdf-post-text-main\">\n<div class=\"mkdf-post-text\">\n<div class=\"mkdf-post-text-inner\">\n<div class=\"mkdf-post-text-main\">\n<div class=\"page-title-head hgroup\">\n<div class=\"page-title-head hgroup\">\n<div class=\"page-title-head hgroup\">\n<div class=\"page-title-head hgroup\">\n<div class=\"b654a4as d2edcug0\">\n<div class=\"page-title-head hgroup\">\n<div class=\"page-title-head hgroup\">\n<div class=\"page-title-head hgroup\">\n<div class=\"page-title-head hgroup\">\n<div class=\"b654a4as d2edcug0\">\n<div class=\"page-title-head hgroup\">\n<div class=\"page-title-head hgroup\">\n<div class=\"page-title-head hgroup\">\n<div class=\"page-title-head hgroup\">\n<div class=\"b654a4as d2edcug0\">\n<div class=\"mkdf-post-text\">\n<div class=\"mkdf-post-text-inner\">\n<div class=\"mkdf-post-text-main\">\n<div class=\"mkdf-post-text\">\n<div class=\"mkdf-post-text-inner\">\n<div class=\"mkdf-post-text-main\">\n<div class=\"mkdf-post-text\">\n<div class=\"mkdf-post-text-inner\">\n<div class=\"mkdf-post-text-main\">\n<div class=\"page-title-head hgroup\">\n<div class=\"page-title-head hgroup\">\n<div class=\"mkdf-post-text\">\n<div class=\"mkdf-post-text-inner\">\n<div class=\"mkdf-post-text-main\">\n<div class=\"mkdf-post-text\">\n<div class=\"mkdf-post-text-inner\">\n<div class=\"mkdf-post-text-main\">\n<div class=\"page-title-head hgroup\">\n<div class=\"page-title-head hgroup\">\n<div class=\"page-title-head hgroup\">\n<div class=\"page-title-head hgroup\">\n<div class=\"b654a4as d2edcug0\">\n<div class=\"page-title-head hgroup\">\n<div class=\"page-title-head hgroup\">\n<div class=\"page-title-head hgroup\">\n<div class=\"page-title-head hgroup\">\n<div class=\"b654a4as d2edcug0\">\n<div class=\"page-title-head hgroup\">\n<div class=\"page-title-head hgroup\">\n<div class=\"page-title-head hgroup\">\n<div class=\"page-title-head hgroup\">\n<div class=\"b654a4as d2edcug0\">\n<div><\/div>\n<div><\/div>\n<div>\n<p><strong>MUSICA ALLA RADIO, IL PROGRAMMA DI LORIS SCUSSEL &#8220;COLLAGE OPERAZIONE NOSTALGIA&#8221; DAL LUNEDI AL VENERDI ALLE 16.00\u00a0 E ALLE 23\u00a0<\/strong><\/p>\n<p>&nbsp;<\/p>\n<p><em><strong>PUNTATA 573 DEL 30 MARZO 2022<\/strong><\/em><\/p>\n<audio class=\"wp-audio-shortcode\" id=\"audio-267823-13\" preload=\"none\" style=\"width: 100%;\" controls=\"controls\"><source type=\"audio\/mpeg\" src=\"https:\/\/www.radiopiu.net\/wordpress\/wp-content\/uploads\/2022\/03\/Collage-573.mp3?_=13\" \/><a href=\"https:\/\/www.radiopiu.net\/wordpress\/wp-content\/uploads\/2022\/03\/Collage-573.mp3\">https:\/\/www.radiopiu.net\/wordpress\/wp-content\/uploads\/2022\/03\/Collage-573.mp3<\/a><\/audio>\n<p>&nbsp;<\/p>\n<p><strong><a class=\"dt-pswp-item\" href=\"https:\/\/www.radiopiu.net\/wordpress\/wp-content\/uploads\/2022\/03\/La-ballata-delleroe.jpg\" data-dt-img-description=\"\" data-large_image_width=\"500\" data-large_image_height=\"500\"><img loading=\"lazy\" decoding=\"async\" class=\"size-thumbnail wp-image-267142 alignleft\" src=\"https:\/\/www.radiopiu.net\/wordpress\/wp-content\/uploads\/2022\/03\/La-ballata-delleroe-150x150.jpg\" alt=\"\" width=\"150\" height=\"150\" srcset=\"https:\/\/www.radiopiu.net\/wordpress\/wp-content\/uploads\/2022\/03\/La-ballata-delleroe-150x150.jpg 150w, https:\/\/www.radiopiu.net\/wordpress\/wp-content\/uploads\/2022\/03\/La-ballata-delleroe-300x300.jpg 300w, https:\/\/www.radiopiu.net\/wordpress\/wp-content\/uploads\/2022\/03\/La-ballata-delleroe.jpg 500w\" sizes=\"auto, (max-width: 150px) 100vw, 150px\" \/><\/a>di Loris Scussel<\/strong><\/p>\n<p>Anche questa settimana Collage aprir\u00e0 la sua programmazione con una puntata dedicata alle canzoni contro la guerra mentre il tema di marted\u00ec saranno i ricordi e quello di mercoled\u00ec gli amici. Gioved\u00ec puntata dedicata ai successi internazionali per concludere in bellezza venerd\u00ec con un mix di canzoni italiane e non. Collage andr\u00e0 in onda come sempre dal luned\u00ec al venerd\u00ec alle 16,00 e alle 23,00.<\/p>\n<\/div>\n<p>&nbsp;<\/p>\n<p>&nbsp;<\/p>\n<p>&nbsp;<\/p>\n<hr \/>\n<\/div>\n<\/div>\n<\/div>\n<\/div>\n<\/div>\n<\/div>\n<\/div>\n<\/div>\n<\/div>\n<\/div>\n<\/div>\n<\/div>\n<\/div>\n<\/div>\n<\/div>\n<\/div>\n<\/div>\n<\/div>\n<\/div>\n<\/div>\n<\/div>\n<\/div>\n<\/div>\n<\/div>\n<\/div>\n<\/div>\n<\/div>\n<\/div>\n<\/div>\n<\/div>\n<\/div>\n<\/div>\n<\/div>\n<\/div>\n<\/div>\n<\/div>\n<\/div>\n<\/div>\n<\/div>\n<\/div>\n<\/div>\n<\/div>\n<\/div>\n<\/div>\n<\/div>\n<\/div>\n<\/div>\n<\/div>\n<\/div>\n<\/div>\n<\/div>\n<\/div>\n<\/div>\n<\/div>\n<\/div>\n<\/div>\n<\/div>\n<\/div>\n<\/div>\n<\/div>\n<\/div>\n<\/div>\n<\/div>\n<\/div>\n<p>&nbsp;<\/p>\n<blockquote>\n<h3><span style=\"color: #0000ff;\">INFORMAZIONE il canale su TELEGRAM informazione di prima mano e in tempo reale. iscriviti ed aiutaci a farlo conoscere\u00a0\u00a0<\/span><\/h3>\n<\/blockquote>\n<div>\n<div class=\"page-title-head hgroup\">\n<div class=\"page-title-head hgroup\">\n<div class=\"page-title-head hgroup\">\n<div class=\"page-title-head hgroup\">\n<div class=\"b654a4as d2edcug0\">\n<div class=\"page-title-head hgroup\">\n<div class=\"page-title-head hgroup\">\n<div class=\"page-title-head hgroup\">\n<div class=\"page-title-head hgroup\">\n<div class=\"b654a4as d2edcug0\">\n<div class=\"page-title-head hgroup\">\n<div class=\"page-title-head hgroup\">\n<div class=\"page-title-head hgroup\">\n<div class=\"page-title-head hgroup\">\n<div class=\"page-title-head hgroup\">\n<div class=\"page-title-head hgroup\">\n<div class=\"page-title-head hgroup\">\n<div class=\"page-title-head hgroup\">\n<div class=\"page-title-head hgroup\">\n<div class=\"b654a4as d2edcug0\">\n<div class=\"page-title-head hgroup\">\n<div class=\"page-title-head hgroup\">\n<div class=\"page-title-head hgroup\">\n<div class=\"page-title-head hgroup\">\n<div class=\"b654a4as d2edcug0\">\n<div>\n<p>&nbsp;<\/p>\n<\/div>\n<div>\n<div class=\"page-title-head hgroup\">\n<div class=\"page-title-head hgroup\">\n<div class=\"page-title-head hgroup\">\n<div class=\"page-title-head hgroup\">\n<div class=\"page-title-head hgroup\">\n<div class=\"b654a4as d2edcug0\">\n<div>\n<hr \/>\n<\/div>\n<\/div>\n<div>\n<div>\n<p>&nbsp;<\/p>\n<\/div>\n<div>\n<div class=\"mkdf-post-text\">\n<div class=\"mkdf-post-text-inner\">\n<div class=\"mkdf-post-text-main\">\n<div class=\"mkdf-post-text\">\n<div class=\"mkdf-post-text-inner\">\n<div class=\"mkdf-post-text-main\">\n<div class=\"mkdf-post-text\">\n<div class=\"mkdf-post-text-inner\">\n<div class=\"mkdf-post-text-main\">\n<div class=\"page-title-head hgroup\">\n<div class=\"page-title-head hgroup\">\n<div class=\"mkdf-post-text\">\n<div class=\"mkdf-post-text-inner\">\n<div class=\"mkdf-post-text-main\">\n<div class=\"mkdf-post-text\">\n<div class=\"mkdf-post-text-inner\">\n<div class=\"mkdf-post-text-main\">\n<div class=\"page-title-head hgroup\">\n<div class=\"page-title-head hgroup\">\n<div class=\"page-title-head hgroup\">\n<div class=\"page-title-head hgroup\">\n<div class=\"b654a4as d2edcug0\">\n<div class=\"page-title-head hgroup\">\n<div class=\"page-title-head hgroup\">\n<div class=\"page-title-head hgroup\">\n<div class=\"page-title-head hgroup\">\n<div class=\"b654a4as d2edcug0\">\n<div class=\"page-title-head hgroup\">\n<div class=\"page-title-head hgroup\">\n<div class=\"page-title-head hgroup\">\n<div class=\"page-title-head hgroup\">\n<div class=\"b654a4as d2edcug0\">\n<div>\n<div class=\"page-title-head hgroup\">\n<div class=\"page-title-head hgroup\">\n<div class=\"b654a4as d2edcug0\">\n<div class=\"j83agx80 btwxx1t3 lhclo0ds hop8lmos nkwizq5d scwd0bx6 roh60bw9\">\n<div class=\"rq0escxv hkbzh7o3 jwdofwj8 n8tt0mok r8blr3vg hyh9befq\">\n<div class=\"do00u71z l9j0dhe7 k4urcfbm\">\n<div class=\"ecm0bbzt e5nlhep0 a8c37x1j\">\n<div class=\"kvgmc6g5 cxmmr5t8 oygrvhab hcukyx3x c1et5uql\">\n<div class=\"gmail-kvgmc6g5 gmail-cxmmr5t8 gmail-oygrvhab gmail-hcukyx3x gmail-c1et5uql gmail-ii04i59q\">\n<div class=\"page-title-head hgroup\">\n<div class=\"page-title-head hgroup\">\n<div class=\"b654a4as d2edcug0\">\n<div class=\"j83agx80 btwxx1t3 lhclo0ds hop8lmos nkwizq5d scwd0bx6 roh60bw9\">\n<div class=\"rq0escxv hkbzh7o3 jwdofwj8 n8tt0mok r8blr3vg hyh9befq\">\n<div class=\"do00u71z l9j0dhe7 k4urcfbm\">\n<div>\n<div class=\"page-title-head hgroup\">\n<div class=\"page-title-head hgroup\">\n<div class=\"page-title-head hgroup\">\n<div class=\"page-title-head hgroup\">\n<div class=\"b654a4as d2edcug0\">\n<div class=\"page-title-head hgroup\">\n<div class=\"page-title-head hgroup\">\n<div class=\"page-title-head hgroup\">\n<div class=\"page-title-head hgroup\">\n<div class=\"b654a4as d2edcug0\">\n<div class=\"page-title-head hgroup\">\n<div class=\"page-title-head hgroup\">\n<div class=\"page-title-head hgroup\">\n<div class=\"page-title-head hgroup\">\n<div class=\"page-title-head hgroup\">\n<div class=\"page-title-head hgroup\">\n<div class=\"page-title-head hgroup\">\n<div class=\"page-title-head hgroup\">\n<div class=\"page-title-head hgroup\">\n<div class=\"b654a4as d2edcug0\">\n<div class=\"page-title-head hgroup\">\n<div class=\"page-title-head hgroup\">\n<div class=\"page-title-head hgroup\">\n<div class=\"page-title-head hgroup\">\n<div class=\"b654a4as d2edcug0\">\n<div>\n<div class=\"page-title-head hgroup\">\n<div class=\"page-title-head hgroup\">\n<div class=\"page-title-head hgroup\">\n<div class=\"page-title-head hgroup\">\n<div class=\"page-title-head hgroup\">\n<div>\n<div>\n<div>\n<div class=\"mkdf-post-text\">\n<div class=\"mkdf-post-text-inner\">\n<div class=\"mkdf-post-text-main\">\n<div class=\"mkdf-post-text\">\n<div class=\"mkdf-post-text-inner\">\n<div class=\"mkdf-post-text-main\">\n<div class=\"mkdf-post-text\">\n<div class=\"mkdf-post-text-inner\">\n<div class=\"mkdf-post-text-main\">\n<div class=\"page-title-head hgroup\">\n<div class=\"page-title-head hgroup\">\n<div class=\"mkdf-post-text\">\n<div class=\"mkdf-post-text-inner\">\n<div class=\"mkdf-post-text-main\">\n<div class=\"mkdf-post-text\">\n<div class=\"mkdf-post-text-inner\">\n<div class=\"mkdf-post-text-main\">\n<div class=\"page-title-head hgroup\">\n<div class=\"page-title-head hgroup\">\n<div class=\"page-title-head hgroup\">\n<div class=\"page-title-head hgroup\">\n<div class=\"b654a4as d2edcug0\">\n<div class=\"page-title-head hgroup\">\n<div class=\"page-title-head hgroup\">\n<div class=\"page-title-head hgroup\">\n<div class=\"page-title-head hgroup\">\n<div class=\"b654a4as d2edcug0\">\n<div class=\"page-title-head hgroup\">\n<div class=\"page-title-head hgroup\">\n<div class=\"page-title-head hgroup\">\n<div class=\"page-title-head hgroup\">\n<div class=\"b654a4as d2edcug0\">\n<div>\n<div>\n<p><strong>DUE MINUTI UN LIBRO, TUTTI I GIORNI ALLA RADIO ALLE 9.40 E ALLE 17.50\u00a0<\/strong><\/p>\n<div>\n<div>\n<p><strong>LA RACCOLTA COMPLETA\u00a0\u00a0<\/strong><\/p>\n<\/div>\n<div>\n<blockquote class=\"wp-embedded-content\" data-secret=\"CNUN5kXGhB\"><p><a href=\"https:\/\/www.radiopiu.net\/wordpress\/due-minuti-un-libro\/\">Due minuti un libro<\/a><\/p><\/blockquote>\n<p><iframe loading=\"lazy\" class=\"wp-embedded-content\" sandbox=\"allow-scripts\" security=\"restricted\" style=\"position: absolute; clip: rect(1px, 1px, 1px, 1px);\" title=\"&#8220;Due minuti un libro&#8221; &#8212; Radio Pi\u00f9\" src=\"https:\/\/www.radiopiu.net\/wordpress\/due-minuti-un-libro\/embed\/#?secret=GJoj3YhXS2#?secret=CNUN5kXGhB\" data-secret=\"CNUN5kXGhB\" width=\"600\" height=\"338\" frameborder=\"0\" marginwidth=\"0\" marginheight=\"0\" scrolling=\"no\"><\/iframe><\/p>\n<\/div>\n<\/div>\n<\/div>\n<div class=\"mkdf-post-text\">\n<div class=\"mkdf-post-text-inner\">\n<div class=\"mkdf-post-text-main\">\n<div class=\"mkdf-post-text\">\n<div class=\"mkdf-post-text-inner\">\n<div class=\"mkdf-post-text-main\">\n<div class=\"mkdf-post-text\">\n<div class=\"mkdf-post-text-inner\">\n<div class=\"mkdf-post-text-main\">\n<div class=\"page-title-head hgroup\">\n<div class=\"page-title-head hgroup\">\n<div class=\"mkdf-post-text\">\n<div class=\"mkdf-post-text-inner\">\n<div class=\"mkdf-post-text-main\">\n<div class=\"mkdf-post-text\">\n<div class=\"mkdf-post-text-inner\">\n<div class=\"mkdf-post-text-main\">\n<div class=\"page-title-head hgroup\">\n<div class=\"page-title-head hgroup\">\n<div class=\"page-title-head hgroup\">\n<div class=\"page-title-head hgroup\">\n<div class=\"b654a4as d2edcug0\">\n<div class=\"page-title-head hgroup\">\n<div class=\"page-title-head hgroup\">\n<div class=\"page-title-head hgroup\">\n<div class=\"page-title-head hgroup\">\n<div class=\"b654a4as d2edcug0\">\n<div class=\"page-title-head hgroup\">\n<div class=\"page-title-head hgroup\">\n<div class=\"page-title-head hgroup\">\n<div class=\"page-title-head hgroup\">\n<div class=\"b654a4as d2edcug0\">\n<div>\n<p>&nbsp;<\/p>\n<\/div>\n<div>\n<hr \/>\n<p>&nbsp;<\/p>\n<\/div>\n<h2><span style=\"color: #808000;\">L&#8217;ALMANACCO LADINO\u00a0\u00a0<\/span><\/h2>\n<p><em><strong>PUNTATA DEL 28 MARZO 2022<\/strong><\/em><\/p>\n<audio class=\"wp-audio-shortcode\" id=\"audio-267823-14\" preload=\"none\" style=\"width: 100%;\" controls=\"controls\"><source type=\"audio\/mpeg\" src=\"https:\/\/www.radiopiu.net\/wordpress\/wp-content\/uploads\/2022\/03\/80\u00b0Almanacco-Ladino_Fodom.mp3?_=14\" \/><a href=\"https:\/\/www.radiopiu.net\/wordpress\/wp-content\/uploads\/2022\/03\/80\u00b0Almanacco-Ladino_Fodom.mp3\">https:\/\/www.radiopiu.net\/wordpress\/wp-content\/uploads\/2022\/03\/80\u00b0Almanacco-Ladino_Fodom.mp3<\/a><\/audio>\n<p>&nbsp;<\/p>\n<p><strong>LA RACCOLTA<\/strong><\/p>\n<blockquote class=\"wp-embedded-content\" data-secret=\"6gsaisPRf5\"><p><a href=\"https:\/\/www.radiopiu.net\/wordpress\/almanacco-ladino\/\">Almanacco Ladino<\/a><\/p><\/blockquote>\n<p><iframe loading=\"lazy\" class=\"wp-embedded-content\" sandbox=\"allow-scripts\" security=\"restricted\" style=\"position: absolute; clip: rect(1px, 1px, 1px, 1px);\" title=\"&#8220;Almanacco Ladino&#8221; &#8212; Radio Pi\u00f9\" src=\"https:\/\/www.radiopiu.net\/wordpress\/almanacco-ladino\/embed\/#?secret=b54au25nOW#?secret=6gsaisPRf5\" data-secret=\"6gsaisPRf5\" width=\"600\" height=\"338\" frameborder=\"0\" marginwidth=\"0\" marginheight=\"0\" scrolling=\"no\"><\/iframe><\/p>\n<p>&nbsp;<\/p>\n<p>&nbsp;<\/p>\n<hr \/>\n<h2><span style=\"color: #33cccc;\">\u00a0<\/span><\/h2>\n<h2><span style=\"color: #33cccc;\">LA RASSEGNA STAMPA DA L&#8217;AMICO DEL POPOLO<\/span><\/h2>\n<p><strong><a class=\"dt-pswp-item\" href=\"https:\/\/www.radiopiu.net\/wordpress\/wp-content\/uploads\/2022\/03\/LIBERA-MAFIE.png\" data-dt-img-description=\"\" data-large_image_width=\"860\" data-large_image_height=\"756\"><img loading=\"lazy\" decoding=\"async\" class=\"size-thumbnail wp-image-267115 alignleft\" src=\"https:\/\/www.radiopiu.net\/wordpress\/wp-content\/uploads\/2022\/03\/LIBERA-MAFIE-150x150.png\" alt=\"\" width=\"150\" height=\"150\" \/><\/a>di Gianni Santomaso<\/strong><\/p>\n<p>OSPITE: Piermario Fop, co-referente di Libera Veneto<\/p>\n<audio class=\"wp-audio-shortcode\" id=\"audio-267823-15\" preload=\"none\" style=\"width: 100%;\" controls=\"controls\"><source type=\"audio\/mpeg\" src=\"https:\/\/www.radiopiu.net\/wordpress\/wp-content\/uploads\/2022\/03\/RASSEGNA-GIANNI-3.mp3?_=15\" \/><a href=\"https:\/\/www.radiopiu.net\/wordpress\/wp-content\/uploads\/2022\/03\/RASSEGNA-GIANNI-3.mp3\">https:\/\/www.radiopiu.net\/wordpress\/wp-content\/uploads\/2022\/03\/RASSEGNA-GIANNI-3.mp3<\/a><\/audio>\n<p>&nbsp;<\/p>\n<p><strong>LA RACCOLTA COMPLETA<\/strong><\/p>\n<blockquote class=\"wp-embedded-content\" data-secret=\"gAcSvUyQ5Y\"><p><a href=\"https:\/\/www.radiopiu.net\/wordpress\/rassegna-stampa-di-gianni-santomaso\/\">Rassegna stampa da l&#8217;amico del popolo &#8211; di Gianni Santomaso<\/a><\/p><\/blockquote>\n<p><iframe loading=\"lazy\" class=\"wp-embedded-content\" sandbox=\"allow-scripts\" security=\"restricted\" style=\"position: absolute; clip: rect(1px, 1px, 1px, 1px);\" title=\"&#8220;Rassegna stampa da l&#8217;amico del popolo &#8211; di Gianni Santomaso&#8221; &#8212; Radio Pi\u00f9\" src=\"https:\/\/www.radiopiu.net\/wordpress\/rassegna-stampa-di-gianni-santomaso\/embed\/#?secret=INFpDhC0wk#?secret=gAcSvUyQ5Y\" data-secret=\"gAcSvUyQ5Y\" width=\"600\" height=\"338\" frameborder=\"0\" marginwidth=\"0\" marginheight=\"0\" scrolling=\"no\"><\/iframe><\/p>\n<hr \/>\n<p>&nbsp;<\/p>\n<blockquote class=\"wp-embedded-content\" data-secret=\"tBBcou9Uzh\"><p><a href=\"https:\/\/www.radiopiu.net\/wordpress\/raccoltaso1asaa\/\">LA RACCOLTA: 160 BATTUTE&#8230;SMS IN RIMA, di Sostene Schena<\/a><\/p><\/blockquote>\n<p><iframe loading=\"lazy\" class=\"wp-embedded-content\" sandbox=\"allow-scripts\" security=\"restricted\" style=\"position: absolute; clip: rect(1px, 1px, 1px, 1px);\" title=\"&#8220;LA RACCOLTA: 160 BATTUTE&#8230;SMS IN RIMA, di Sostene Schena&#8221; &#8212; Radio Pi\u00f9\" src=\"https:\/\/www.radiopiu.net\/wordpress\/raccoltaso1asaa\/embed\/#?secret=8Qnol1gkW6#?secret=tBBcou9Uzh\" data-secret=\"tBBcou9Uzh\" width=\"600\" height=\"338\" frameborder=\"0\" marginwidth=\"0\" marginheight=\"0\" scrolling=\"no\"><\/iframe><\/p>\n<p>&nbsp;<\/p>\n<hr \/>\n<p>&nbsp;<\/p>\n<div>\n<div class=\"page-title-head hgroup\">\n<div class=\"page-title-head hgroup\">\n<div class=\"b654a4as d2edcug0\">\n<div class=\"j83agx80 btwxx1t3 lhclo0ds hop8lmos nkwizq5d scwd0bx6 roh60bw9\">\n<div class=\"rq0escxv hkbzh7o3 jwdofwj8 n8tt0mok r8blr3vg hyh9befq\">\n<div class=\"do00u71z l9j0dhe7 k4urcfbm\">\n<div class=\"ecm0bbzt e5nlhep0 a8c37x1j\">\n<div class=\"kvgmc6g5 cxmmr5t8 oygrvhab hcukyx3x c1et5uql\">\n<div class=\"gmail-kvgmc6g5 gmail-cxmmr5t8 gmail-oygrvhab gmail-hcukyx3x gmail-c1et5uql gmail-ii04i59q\">\n<div class=\"page-title-head hgroup\">\n<div class=\"page-title-head hgroup\">\n<div class=\"b654a4as d2edcug0\">\n<div class=\"j83agx80 btwxx1t3 lhclo0ds hop8lmos nkwizq5d scwd0bx6 roh60bw9\">\n<div class=\"rq0escxv hkbzh7o3 jwdofwj8 n8tt0mok r8blr3vg hyh9befq\">\n<div class=\"do00u71z l9j0dhe7 k4urcfbm\">\n<div>\n<div class=\"page-title-head hgroup\">\n<div class=\"page-title-head hgroup\">\n<div class=\"page-title-head hgroup\">\n<div class=\"page-title-head hgroup\">\n<div class=\"b654a4as d2edcug0\">\n<div class=\"page-title-head hgroup\">\n<div class=\"page-title-head hgroup\">\n<div class=\"page-title-head hgroup\">\n<div class=\"page-title-head hgroup\">\n<div class=\"b654a4as d2edcug0\">\n<div class=\"page-title-head hgroup\">\n<div class=\"page-title-head hgroup\">\n<div class=\"page-title-head hgroup\">\n<div class=\"page-title-head hgroup\">\n<div class=\"page-title-head hgroup\">\n<div class=\"page-title-head hgroup\">\n<div class=\"page-title-head hgroup\">\n<div class=\"page-title-head hgroup\">\n<div class=\"page-title-head hgroup\">\n<div class=\"b654a4as d2edcug0\">\n<div class=\"page-title-head hgroup\">\n<div class=\"page-title-head hgroup\">\n<div class=\"page-title-head hgroup\">\n<div class=\"page-title-head hgroup\">\n<div class=\"b654a4as d2edcug0\">\n<div>\n<div class=\"page-title-head hgroup\">\n<div class=\"page-title-head hgroup\">\n<div class=\"page-title-head hgroup\">\n<div class=\"page-title-head hgroup\">\n<div class=\"page-title-head hgroup\">\n<div>\n<div>\n<div>\n<div class=\"mkdf-post-text\">\n<div class=\"mkdf-post-text-inner\">\n<div class=\"mkdf-post-text-main\">\n<div class=\"mkdf-post-text\">\n<div class=\"mkdf-post-text-inner\">\n<div class=\"mkdf-post-text-main\">\n<div class=\"mkdf-post-text\">\n<div class=\"mkdf-post-text-inner\">\n<div class=\"mkdf-post-text-main\">\n<div class=\"page-title-head hgroup\">\n<div class=\"page-title-head hgroup\">\n<div class=\"mkdf-post-text\">\n<div class=\"mkdf-post-text-inner\">\n<div class=\"mkdf-post-text-main\">\n<div class=\"mkdf-post-text\">\n<div class=\"mkdf-post-text-inner\">\n<div class=\"mkdf-post-text-main\">\n<div class=\"page-title-head hgroup\">\n<div class=\"page-title-head hgroup\">\n<div class=\"page-title-head hgroup\">\n<div class=\"page-title-head hgroup\">\n<div class=\"b654a4as d2edcug0\">\n<div class=\"page-title-head hgroup\">\n<div class=\"page-title-head hgroup\">\n<div class=\"page-title-head hgroup\">\n<div class=\"page-title-head hgroup\">\n<div class=\"b654a4as d2edcug0\">\n<div class=\"page-title-head hgroup\">\n<div class=\"page-title-head hgroup\">\n<div class=\"page-title-head hgroup\">\n<div class=\"page-title-head hgroup\">\n<div class=\"b654a4as d2edcug0\">\n<h2><span style=\"color: #800080;\">I RACCONTI DI PAOLO SOPPELSA\u00a0<\/span><\/h2>\n<p><strong>LA RACCOLTA COMPLETA<\/strong><\/p>\n<blockquote class=\"wp-embedded-content\" data-secret=\"Ws7dxyGsq6\"><p><a href=\"https:\/\/www.radiopiu.net\/wordpress\/i-racconti-di-paolo-soppelsa\/\">I racconti di Paolo Soppelsa<\/a><\/p><\/blockquote>\n<p><iframe loading=\"lazy\" class=\"wp-embedded-content\" sandbox=\"allow-scripts\" security=\"restricted\" style=\"position: absolute; clip: rect(1px, 1px, 1px, 1px);\" title=\"&#8220;I racconti di Paolo Soppelsa&#8221; &#8212; Radio Pi\u00f9\" src=\"https:\/\/www.radiopiu.net\/wordpress\/i-racconti-di-paolo-soppelsa\/embed\/#?secret=cDR3lg5dTf#?secret=Ws7dxyGsq6\" data-secret=\"Ws7dxyGsq6\" width=\"600\" height=\"338\" frameborder=\"0\" marginwidth=\"0\" marginheight=\"0\" scrolling=\"no\"><\/iframe><\/p>\n<p>&nbsp;<\/p>\n<hr \/>\n<p>&nbsp;<\/p>\n<blockquote class=\"wp-embedded-content\" data-secret=\"XmS1HowCUE\"><p><a href=\"https:\/\/www.radiopiu.net\/wordpress\/da-ieri-alla-radio-in-palinsesto-loris-e-maurizio-con-la-grande-musica\/\">IL BLUES ALLA RADIO &#8230; COME NON L&#8217;AVETE MAI SENTITO PRIMA<\/a><\/p><\/blockquote>\n<p><iframe loading=\"lazy\" class=\"wp-embedded-content\" sandbox=\"allow-scripts\" security=\"restricted\" style=\"position: absolute; clip: rect(1px, 1px, 1px, 1px);\" title=\"&#8220;IL BLUES ALLA RADIO &#8230; COME NON L&#8217;AVETE MAI SENTITO PRIMA&#8221; &#8212; Radio Pi\u00f9\" src=\"https:\/\/www.radiopiu.net\/wordpress\/da-ieri-alla-radio-in-palinsesto-loris-e-maurizio-con-la-grande-musica\/embed\/#?secret=6MslJJohIQ#?secret=XmS1HowCUE\" data-secret=\"XmS1HowCUE\" width=\"600\" height=\"338\" frameborder=\"0\" marginwidth=\"0\" marginheight=\"0\" scrolling=\"no\"><\/iframe><\/p>\n<p>&nbsp;<\/p>\n<\/div>\n<\/div>\n<\/div>\n<\/div>\n<\/div>\n<\/div>\n<\/div>\n<\/div>\n<\/div>\n<\/div>\n<\/div>\n<\/div>\n<\/div>\n<\/div>\n<\/div>\n<\/div>\n<\/div>\n<\/div>\n<\/div>\n<\/div>\n<\/div>\n<\/div>\n<\/div>\n<\/div>\n<\/div>\n<\/div>\n<\/div>\n<\/div>\n<\/div>\n<\/div>\n<\/div>\n<\/div>\n<\/div>\n<\/div>\n<\/div>\n<\/div>\n<\/div>\n<\/div>\n<\/div>\n<\/div>\n<\/div>\n<\/div>\n<\/div>\n<\/div>\n<\/div>\n<\/div>\n<\/div>\n<\/div>\n<\/div>\n<\/div>\n<\/div>\n<\/div>\n<\/div>\n<\/div>\n<\/div>\n<\/div>\n<\/div>\n<\/div>\n<\/div>\n<\/div>\n<\/div>\n<\/div>\n<\/div>\n<\/div>\n<\/div>\n<\/div>\n<\/div>\n<\/div>\n<\/div>\n<\/div>\n<\/div>\n<\/div>\n<\/div>\n<\/div>\n<\/div>\n<\/div>\n<\/div>\n<\/div>\n<\/div>\n<\/div>\n<\/div>\n<\/div>\n<\/div>\n<\/div>\n<\/div>\n<\/div>\n<\/div>\n<\/div>\n<\/div>\n<\/div>\n<\/div>\n<\/div>\n<\/div>\n<\/div>\n<\/div>\n<\/div>\n<\/div>\n<\/div>\n<\/div>\n<\/div>\n<\/div>\n<\/div>\n<\/div>\n<\/div>\n<\/div>\n<\/div>\n<\/div>\n<\/div>\n<\/div>\n<\/div>\n<\/div>\n<\/div>\n<\/div>\n<\/div>\n<\/div>\n<\/div>\n<p><a href=\"https:\/\/www.radiopiu.net\/wordpress\/giornale-radiopiu-26-settembre-2018-direttore-mirko-mezzacasa\/viabilita-2\/\" rel=\"attachment wp-att-61954\"><img loading=\"lazy\" decoding=\"async\" class=\"aligncenter wp-image-61954 size-full\" src=\"https:\/\/www.radiopiu.net\/wordpress\/wp-content\/uploads\/2018\/09\/viabilita.jpeg\" sizes=\"auto, (max-width: 800px) 100vw, 800px\" srcset=\"https:\/\/www.radiopiu.net\/wordpress\/wp-content\/uploads\/2018\/09\/viabilita.jpeg 800w, https:\/\/www.radiopiu.net\/wordpress\/wp-content\/uploads\/2018\/09\/viabilita-300x38.jpeg 300w, https:\/\/www.radiopiu.net\/wordpress\/wp-content\/uploads\/2018\/09\/viabilita-768x96.jpeg 768w\" alt=\"\" width=\"800\" height=\"100\" \/><\/a><\/p>\n<\/div>\n<\/div>\n<\/div>\n<\/div>\n<\/div>\n<\/div>\n<\/div>\n<\/div>\n<\/div>\n<\/div>\n<\/div>\n<\/div>\n<\/div>\n<\/div>\n<\/div>\n<\/div>\n<\/div>\n<\/div>\n<\/div>\n<\/div>\n<\/div>\n<\/div>\n<\/div>\n<\/div>\n<\/div>\n<\/div>\n<\/div>\n<\/div>\n<\/div>\n<\/div>\n<\/div>\n<\/div>\n<\/div>\n<\/div>\n<\/div>\n<\/div>\n<\/div>\n<\/div>\n<\/div>\n<\/div>\n<\/div>\n<\/div>\n<\/div>\n<\/div>\n<\/div>\n<\/div>\n<\/div>\n<\/div>\n<\/div>\n<\/div>\n<\/div>\n<\/div>\n<\/div>\n<\/div>\n<\/div>\n<\/div>\n<\/div>\n<\/div>\n<\/div>\n<\/div>\n<\/div>\n<\/div>\n<\/div>\n<\/div>\n<\/div>\n<\/div>\n<\/div>\n<\/div>\n<\/div>\n<\/div>\n<\/div>\n<\/div>\n<\/div>\n<\/div>\n<\/div>\n<\/div>\n<\/div>\n<\/div>\n<\/div>\n<\/div>\n<\/div>\n<\/div>\n<\/div>\n<div>\n<div class=\"page-title-head hgroup\">\n<div class=\"page-title-head hgroup\">\n<div class=\"b654a4as d2edcug0\">\n<div class=\"j83agx80 btwxx1t3 lhclo0ds hop8lmos nkwizq5d scwd0bx6 roh60bw9\">\n<div class=\"rq0escxv hkbzh7o3 jwdofwj8 n8tt0mok r8blr3vg hyh9befq\">\n<div class=\"do00u71z l9j0dhe7 k4urcfbm\">\n<div class=\"ecm0bbzt e5nlhep0 a8c37x1j\">\n<div class=\"kvgmc6g5 cxmmr5t8 oygrvhab hcukyx3x c1et5uql\">\n<div class=\"gmail-kvgmc6g5 gmail-cxmmr5t8 gmail-oygrvhab gmail-hcukyx3x gmail-c1et5uql gmail-ii04i59q\">\n<div class=\"page-title-head hgroup\">\n<div class=\"page-title-head hgroup\">\n<div class=\"b654a4as d2edcug0\">\n<div class=\"j83agx80 btwxx1t3 lhclo0ds hop8lmos nkwizq5d scwd0bx6 roh60bw9\">\n<div class=\"rq0escxv hkbzh7o3 jwdofwj8 n8tt0mok r8blr3vg hyh9befq\">\n<div class=\"do00u71z l9j0dhe7 k4urcfbm\">\n<div class=\"page-title-head hgroup\">\n<div class=\"page-title-head hgroup\">\n<div class=\"page-title-head hgroup\">\n<div class=\"page-title-head hgroup\">\n<div class=\"b654a4as d2edcug0\">\n<div class=\"page-title-head hgroup\">\n<div class=\"page-title-head hgroup\">\n<div class=\"page-title-head hgroup\">\n<div class=\"page-title-head hgroup\">\n<div class=\"b654a4as d2edcug0\">\n<div class=\"page-title-head hgroup\">\n<div class=\"page-title-head hgroup\">\n<div class=\"page-title-head hgroup\">\n<div class=\"page-title-head hgroup\">\n<div class=\"page-title-head hgroup\">\n<div class=\"page-title-head hgroup\">\n<div class=\"page-title-head hgroup\">\n<div class=\"page-title-head hgroup\">\n<div class=\"page-title-head hgroup\">\n<div class=\"b654a4as d2edcug0\">\n<div class=\"page-title-head hgroup\">\n<div class=\"page-title-head hgroup\">\n<div class=\"page-title-head hgroup\">\n<div class=\"page-title-head hgroup\">\n<div class=\"b654a4as d2edcug0\">\n<div class=\"page-title-head hgroup\">\n<div class=\"page-title-head hgroup\">\n<div class=\"page-title-head hgroup\">\n<div class=\"page-title-head hgroup\">\n<div class=\"page-title-head hgroup\">\n<div class=\"mkdf-post-text\">\n<div class=\"mkdf-post-text-inner\">\n<div class=\"mkdf-post-text-main\">\n<div class=\"mkdf-post-text\">\n<div class=\"mkdf-post-text-inner\">\n<div class=\"mkdf-post-text-main\">\n<div class=\"mkdf-post-text\">\n<div class=\"mkdf-post-text-inner\">\n<div class=\"mkdf-post-text-main\">\n<div class=\"page-title-head hgroup\">\n<div class=\"page-title-head hgroup\">\n<div class=\"mkdf-post-text\">\n<div class=\"mkdf-post-text-inner\">\n<div class=\"mkdf-post-text-main\">\n<div class=\"mkdf-post-text\">\n<div class=\"mkdf-post-text-inner\">\n<div class=\"mkdf-post-text-main\">\n<div class=\"page-title-head hgroup\">\n<div class=\"page-title-head hgroup\">\n<div class=\"page-title-head hgroup\">\n<div class=\"page-title-head hgroup\">\n<div class=\"b654a4as d2edcug0\">\n<div class=\"page-title-head hgroup\">\n<div class=\"page-title-head hgroup\">\n<div class=\"page-title-head hgroup\">\n<div class=\"page-title-head hgroup\">\n<div class=\"b654a4as d2edcug0\">\n<div class=\"page-title-head hgroup\">\n<div class=\"page-title-head hgroup\">\n<div class=\"page-title-head hgroup\">\n<div class=\"page-title-head hgroup\">\n<div class=\"b654a4as d2edcug0\">\n<div class=\"ecm0bbzt e5nlhep0 a8c37x1j\">\n<div class=\"kvgmc6g5 cxmmr5t8 oygrvhab hcukyx3x c1et5uql\">\n<div class=\"gmail-kvgmc6g5 gmail-cxmmr5t8 gmail-oygrvhab gmail-hcukyx3x gmail-c1et5uql gmail-ii04i59q\">\n<div class=\"page-title-head hgroup\">\n<div class=\"page-title-head hgroup\">\n<div class=\"b654a4as d2edcug0\">\n<div class=\"j83agx80 btwxx1t3 lhclo0ds hop8lmos nkwizq5d scwd0bx6 roh60bw9\">\n<div class=\"rq0escxv hkbzh7o3 jwdofwj8 n8tt0mok r8blr3vg hyh9befq\">\n<div class=\"do00u71z l9j0dhe7 k4urcfbm\">\n<div class=\"page-title-head hgroup\">\n<div class=\"page-title-head hgroup\">\n<div class=\"page-title-head hgroup\">\n<div class=\"page-title-head hgroup\">\n<div class=\"b654a4as d2edcug0\">\n<div class=\"page-title-head hgroup\">\n<div class=\"page-title-head hgroup\">\n<div class=\"page-title-head hgroup\">\n<div class=\"page-title-head hgroup\">\n<div class=\"b654a4as d2edcug0\">\n<div class=\"page-title-head hgroup\">\n<div class=\"page-title-head hgroup\">\n<div class=\"page-title-head hgroup\">\n<div class=\"page-title-head hgroup\">\n<div class=\"page-title-head hgroup\">\n<div class=\"page-title-head hgroup\">\n<div class=\"page-title-head hgroup\">\n<div class=\"page-title-head hgroup\">\n<div class=\"page-title-head hgroup\">\n<div class=\"b654a4as d2edcug0\">\n<div class=\"page-title-head hgroup\">\n<div class=\"page-title-head hgroup\">\n<div class=\"page-title-head hgroup\">\n<div class=\"page-title-head hgroup\">\n<div class=\"b654a4as d2edcug0\">\n<div class=\"page-title-head hgroup\">\n<div class=\"page-title-head hgroup\">\n<div class=\"page-title-head hgroup\">\n<div class=\"page-title-head hgroup\">\n<div class=\"page-title-head hgroup\">\n<div class=\"mkdf-post-text\">\n<div class=\"mkdf-post-text-inner\">\n<div class=\"mkdf-post-text-main\">\n<div class=\"mkdf-post-text\">\n<div class=\"mkdf-post-text-inner\">\n<div class=\"mkdf-post-text-main\">\n<div class=\"mkdf-post-text\">\n<div class=\"mkdf-post-text-inner\">\n<div class=\"mkdf-post-text-main\">\n<div class=\"page-title-head hgroup\">\n<div class=\"page-title-head hgroup\">\n<div class=\"mkdf-post-text\">\n<div class=\"mkdf-post-text-inner\">\n<div class=\"mkdf-post-text-main\">\n<div class=\"mkdf-post-text\">\n<div class=\"mkdf-post-text-inner\">\n<div class=\"mkdf-post-text-main\">\n<div class=\"page-title-head hgroup\">\n<div class=\"page-title-head hgroup\">\n<div class=\"page-title-head hgroup\">\n<div class=\"page-title-head hgroup\">\n<div class=\"b654a4as d2edcug0\">\n<div class=\"page-title-head hgroup\">\n<div class=\"page-title-head hgroup\">\n<div class=\"page-title-head hgroup\">\n<div class=\"page-title-head hgroup\">\n<div class=\"b654a4as d2edcug0\">\n<div class=\"page-title-head hgroup\">\n<div class=\"page-title-head hgroup\">\n<div class=\"page-title-head hgroup\">\n<div class=\"page-title-head hgroup\">\n<div class=\"b654a4as d2edcug0\">\n<p>&nbsp;<\/p>\n<p>&nbsp;<\/p>\n<blockquote class=\"wp-embedded-content\" data-secret=\"VJuzC7ZkO5\"><p><a href=\"https:\/\/www.radiopiu.net\/wordpress\/viabilita\/\">viabilita<\/a><\/p><\/blockquote>\n<p><iframe loading=\"lazy\" class=\"wp-embedded-content\" sandbox=\"allow-scripts\" security=\"restricted\" style=\"position: absolute; clip: rect(1px, 1px, 1px, 1px);\" title=\"&#8220;viabilita&#8221; &#8212; Radio Pi\u00f9\" src=\"https:\/\/www.radiopiu.net\/wordpress\/viabilita\/embed\/#?secret=slIsZcjL0j#?secret=VJuzC7ZkO5\" data-secret=\"VJuzC7ZkO5\" width=\"600\" height=\"338\" frameborder=\"0\" marginwidth=\"0\" marginheight=\"0\" scrolling=\"no\"><\/iframe><\/p>\n<p>&nbsp;<\/p>\n<p>&nbsp;<\/p>\n<hr \/>\n<\/div>\n<\/div>\n<\/div>\n<\/div>\n<\/div>\n<\/div>\n<\/div>\n<\/div>\n<\/div>\n<\/div>\n<\/div>\n<\/div>\n<\/div>\n<\/div>\n<\/div>\n<\/div>\n<\/div>\n<\/div>\n<\/div>\n<\/div>\n<\/div>\n<\/div>\n<\/div>\n<\/div>\n<\/div>\n<\/div>\n<\/div>\n<\/div>\n<\/div>\n<\/div>\n<\/div>\n<\/div>\n<\/div>\n<\/div>\n<\/div>\n<\/div>\n<\/div>\n<\/div>\n<\/div>\n<\/div>\n<\/div>\n<\/div>\n<\/div>\n<\/div>\n<\/div>\n<\/div>\n<\/div>\n<\/div>\n<\/div>\n<\/div>\n<\/div>\n<\/div>\n<\/div>\n<\/div>\n<\/div>\n<\/div>\n<\/div>\n<\/div>\n<\/div>\n<\/div>\n<\/div>\n<\/div>\n<\/div>\n<\/div>\n<\/div>\n<\/div>\n<\/div>\n<\/div>\n<\/div>\n<\/div>\n<\/div>\n<\/div>\n<\/div>\n<\/div>\n<\/div>\n<\/div>\n<\/div>\n<\/div>\n<\/div>\n<\/div>\n<\/div>\n<\/div>\n<\/div>\n<\/div>\n<\/div>\n<\/div>\n<\/div>\n<\/div>\n<\/div>\n<\/div>\n<\/div>\n<\/div>\n<\/div>\n<\/div>\n<\/div>\n<\/div>\n<\/div>\n<\/div>\n<\/div>\n<\/div>\n<\/div>\n<\/div>\n<\/div>\n<\/div>\n<\/div>\n<\/div>\n<\/div>\n<\/div>\n<\/div>\n<\/div>\n<\/div>\n<\/div>\n<\/div>\n<\/div>\n<\/div>\n<\/div>\n<\/div>\n<\/div>\n<\/div>\n<\/div>\n<\/div>\n<\/div>\n<\/div>\n<\/div>\n<\/div>\n<\/div>\n<\/div>\n<\/div>\n<\/div>\n<\/div>\n<\/div>\n<\/div>\n<\/div>\n<\/div>\n<\/div>\n<\/div>\n<\/div>\n<\/div>\n<\/div>\n<\/div>\n<\/div>\n<\/div>\n<\/div>\n<\/div>\n<\/div>\n<\/div>\n<\/div>\n<\/div>\n<\/div>\n<p>&nbsp;<\/p>\n<div>\n<div class=\"page-title-head hgroup\">\n<div class=\"page-title-head hgroup\">\n<div class=\"b654a4as d2edcug0\">\n<div class=\"j83agx80 btwxx1t3 lhclo0ds hop8lmos nkwizq5d scwd0bx6 roh60bw9\">\n<div class=\"rq0escxv hkbzh7o3 jwdofwj8 n8tt0mok r8blr3vg hyh9befq\">\n<div class=\"do00u71z l9j0dhe7 k4urcfbm\">\n<div class=\"page-title-head hgroup\">\n<div class=\"page-title-head hgroup\">\n<div class=\"b654a4as d2edcug0\">\n<div class=\"j83agx80 btwxx1t3 lhclo0ds hop8lmos nkwizq5d scwd0bx6 roh60bw9\">\n<div class=\"rq0escxv hkbzh7o3 jwdofwj8 n8tt0mok r8blr3vg hyh9befq\">\n<div class=\"do00u71z l9j0dhe7 k4urcfbm\">\n<div class=\"ecm0bbzt e5nlhep0 a8c37x1j\">\n<div class=\"kvgmc6g5 cxmmr5t8 oygrvhab hcukyx3x c1et5uql\">\n<div class=\"gmail-kvgmc6g5 gmail-cxmmr5t8 gmail-oygrvhab gmail-hcukyx3x gmail-c1et5uql gmail-ii04i59q\">\n<div class=\"page-title-head hgroup\">\n<div class=\"page-title-head hgroup\">\n<div class=\"b654a4as d2edcug0\">\n<div class=\"j83agx80 btwxx1t3 lhclo0ds hop8lmos nkwizq5d scwd0bx6 roh60bw9\">\n<div class=\"rq0escxv hkbzh7o3 jwdofwj8 n8tt0mok r8blr3vg hyh9befq\">\n<div class=\"do00u71z l9j0dhe7 k4urcfbm\">\n<div class=\"page-title-head hgroup\">\n<div class=\"page-title-head hgroup\">\n<div class=\"b654a4as d2edcug0\">\n<div class=\"j83agx80 btwxx1t3 lhclo0ds hop8lmos nkwizq5d scwd0bx6 roh60bw9\">\n<div class=\"rq0escxv hkbzh7o3 jwdofwj8 n8tt0mok r8blr3vg hyh9befq\">\n<div class=\"do00u71z l9j0dhe7 k4urcfbm\">\n<div>\n<div class=\"page-title-head hgroup\">\n<div class=\"page-title-head hgroup\">\n<div class=\"b654a4as d2edcug0\">\n<div class=\"j83agx80 btwxx1t3 lhclo0ds hop8lmos nkwizq5d scwd0bx6 roh60bw9\">\n<div class=\"rq0escxv hkbzh7o3 jwdofwj8 n8tt0mok r8blr3vg hyh9befq\">\n<div class=\"do00u71z l9j0dhe7 k4urcfbm\">\n<div class=\"ecm0bbzt e5nlhep0 a8c37x1j\">\n<div class=\"kvgmc6g5 cxmmr5t8 oygrvhab hcukyx3x c1et5uql\">\n<div class=\"gmail-kvgmc6g5 gmail-cxmmr5t8 gmail-oygrvhab gmail-hcukyx3x gmail-c1et5uql gmail-ii04i59q\">\n<div class=\"page-title-head hgroup\">\n<div class=\"page-title-head hgroup\">\n<div class=\"b654a4as d2edcug0\">\n<div class=\"j83agx80 btwxx1t3 lhclo0ds hop8lmos nkwizq5d scwd0bx6 roh60bw9\">\n<div class=\"rq0escxv hkbzh7o3 jwdofwj8 n8tt0mok r8blr3vg hyh9befq\">\n<div class=\"do00u71z l9j0dhe7 k4urcfbm\">\n<div class=\"page-title-head hgroup\">\n<div class=\"page-title-head hgroup\">\n<div class=\"page-title-head hgroup\">\n<div class=\"page-title-head hgroup\">\n<div class=\"b654a4as d2edcug0\">\n<div class=\"page-title-head hgroup\">\n<div class=\"page-title-head hgroup\">\n<div class=\"page-title-head hgroup\">\n<div class=\"page-title-head hgroup\">\n<div class=\"b654a4as d2edcug0\">\n<div class=\"page-title-head hgroup\">\n<div class=\"page-title-head hgroup\">\n<div class=\"page-title-head hgroup\">\n<div class=\"page-title-head hgroup\">\n<div class=\"page-title-head hgroup\">\n<div class=\"page-title-head hgroup\">\n<div class=\"page-title-head hgroup\">\n<div class=\"page-title-head hgroup\">\n<div class=\"page-title-head hgroup\">\n<div class=\"b654a4as d2edcug0\">\n<div class=\"page-title-head hgroup\">\n<div class=\"page-title-head hgroup\">\n<div class=\"page-title-head hgroup\">\n<div class=\"page-title-head hgroup\">\n<div class=\"b654a4as d2edcug0\">\n<div class=\"page-title-head hgroup\">\n<div class=\"page-title-head hgroup\">\n<div class=\"page-title-head hgroup\">\n<div class=\"page-title-head hgroup\">\n<div class=\"page-title-head hgroup\">\n<div class=\"mkdf-post-text\">\n<div class=\"mkdf-post-text-inner\">\n<div class=\"mkdf-post-text-main\">\n<div class=\"mkdf-post-text\">\n<div class=\"mkdf-post-text-inner\">\n<div class=\"mkdf-post-text-main\">\n<div class=\"mkdf-post-text\">\n<div class=\"mkdf-post-text-inner\">\n<div class=\"mkdf-post-text-main\">\n<div class=\"page-title-head hgroup\">\n<div class=\"page-title-head hgroup\">\n<div class=\"mkdf-post-text\">\n<div class=\"mkdf-post-text-inner\">\n<div class=\"mkdf-post-text-main\">\n<div class=\"mkdf-post-text\">\n<div class=\"mkdf-post-text-inner\">\n<div class=\"mkdf-post-text-main\">\n<div class=\"page-title-head hgroup\">\n<div class=\"page-title-head hgroup\">\n<div class=\"page-title-head hgroup\">\n<div class=\"page-title-head hgroup\">\n<div class=\"b654a4as d2edcug0\">\n<div class=\"page-title-head hgroup\">\n<div class=\"page-title-head hgroup\">\n<div class=\"page-title-head hgroup\">\n<div class=\"page-title-head hgroup\">\n<div class=\"b654a4as d2edcug0\">\n<div class=\"page-title-head hgroup\">\n<div class=\"page-title-head hgroup\">\n<div class=\"page-title-head hgroup\">\n<div class=\"page-title-head hgroup\">\n<div class=\"b654a4as d2edcug0\">\n<div class=\"ecm0bbzt e5nlhep0 a8c37x1j\">\n<div class=\"kvgmc6g5 cxmmr5t8 oygrvhab hcukyx3x c1et5uql\">\n<div class=\"gmail-kvgmc6g5 gmail-cxmmr5t8 gmail-oygrvhab gmail-hcukyx3x gmail-c1et5uql gmail-ii04i59q\">\n<div class=\"page-title-head hgroup\">\n<div class=\"page-title-head hgroup\">\n<div class=\"b654a4as d2edcug0\">\n<div class=\"j83agx80 btwxx1t3 lhclo0ds hop8lmos nkwizq5d scwd0bx6 roh60bw9\">\n<div class=\"rq0escxv hkbzh7o3 jwdofwj8 n8tt0mok r8blr3vg hyh9befq\">\n<div class=\"do00u71z l9j0dhe7 k4urcfbm\">\n<div class=\"page-title-head hgroup\">\n<div class=\"page-title-head hgroup\">\n<div class=\"page-title-head hgroup\">\n<div class=\"page-title-head hgroup\">\n<div class=\"b654a4as d2edcug0\">\n<div class=\"page-title-head hgroup\">\n<div class=\"page-title-head hgroup\">\n<div class=\"page-title-head hgroup\">\n<div class=\"page-title-head hgroup\">\n<div class=\"b654a4as d2edcug0\">\n<div class=\"page-title-head hgroup\">\n<div class=\"page-title-head hgroup\">\n<div class=\"page-title-head hgroup\">\n<div class=\"page-title-head hgroup\">\n<div class=\"page-title-head hgroup\">\n<div class=\"page-title-head hgroup\">\n<div class=\"page-title-head hgroup\">\n<div class=\"page-title-head hgroup\">\n<div class=\"page-title-head hgroup\">\n<div class=\"b654a4as d2edcug0\">\n<div class=\"page-title-head hgroup\">\n<div class=\"page-title-head hgroup\">\n<div class=\"page-title-head hgroup\">\n<div class=\"page-title-head hgroup\">\n<div class=\"b654a4as d2edcug0\">\n<div class=\"page-title-head hgroup\">\n<div class=\"page-title-head hgroup\">\n<div class=\"page-title-head hgroup\">\n<div class=\"page-title-head hgroup\">\n<div class=\"page-title-head hgroup\">\n<div class=\"mkdf-post-text\">\n<div class=\"mkdf-post-text-inner\">\n<div class=\"mkdf-post-text-main\">\n<div class=\"mkdf-post-text\">\n<div class=\"mkdf-post-text-inner\">\n<div class=\"mkdf-post-text-main\">\n<div class=\"mkdf-post-text\">\n<div class=\"mkdf-post-text-inner\">\n<div class=\"mkdf-post-text-main\">\n<div class=\"page-title-head hgroup\">\n<div class=\"page-title-head hgroup\">\n<div class=\"mkdf-post-text\">\n<div class=\"mkdf-post-text-inner\">\n<div class=\"mkdf-post-text-main\">\n<div class=\"mkdf-post-text\">\n<div class=\"mkdf-post-text-inner\">\n<div class=\"mkdf-post-text-main\">\n<div class=\"page-title-head hgroup\">\n<div class=\"page-title-head hgroup\">\n<div class=\"page-title-head hgroup\">\n<div class=\"page-title-head hgroup\">\n<div class=\"b654a4as d2edcug0\">\n<div class=\"page-title-head hgroup\">\n<div class=\"page-title-head hgroup\">\n<div class=\"page-title-head hgroup\">\n<div class=\"page-title-head hgroup\">\n<div class=\"b654a4as d2edcug0\">\n<div class=\"page-title-head hgroup\">\n<div class=\"page-title-head hgroup\">\n<div class=\"page-title-head hgroup\">\n<div class=\"page-title-head hgroup\">\n<div class=\"b654a4as d2edcug0\">\n<p>&nbsp;<\/p>\n<\/div>\n<div class=\"b654a4as d2edcug0\">\n<div class=\"ecm0bbzt e5nlhep0 a8c37x1j\">\n<div class=\"kvgmc6g5 cxmmr5t8 oygrvhab hcukyx3x c1et5uql\">\n<div class=\"gmail-kvgmc6g5 gmail-cxmmr5t8 gmail-oygrvhab gmail-hcukyx3x gmail-c1et5uql gmail-ii04i59q\">\n<div>\n<div class=\"page-title-head hgroup\">\n<div class=\"page-title-head hgroup\">\n<div class=\"b654a4as d2edcug0\">\n<div class=\"j83agx80 btwxx1t3 lhclo0ds hop8lmos nkwizq5d scwd0bx6 roh60bw9\">\n<div class=\"rq0escxv hkbzh7o3 jwdofwj8 n8tt0mok r8blr3vg hyh9befq\">\n<div class=\"do00u71z l9j0dhe7 k4urcfbm\">\n<div>\n<div class=\"page-title-head hgroup\">\n<div class=\"page-title-head hgroup\">\n<div class=\"page-title-head hgroup\">\n<div class=\"page-title-head hgroup\">\n<div class=\"b654a4as d2edcug0\">\n<div class=\"page-title-head hgroup\">\n<div class=\"page-title-head hgroup\">\n<div class=\"page-title-head hgroup\">\n<div class=\"page-title-head hgroup\">\n<div class=\"b654a4as d2edcug0\">\n<div class=\"page-title-head hgroup\">\n<div class=\"page-title-head hgroup\">\n<div class=\"page-title-head hgroup\">\n<div class=\"page-title-head hgroup\">\n<div class=\"page-title-head hgroup\">\n<div class=\"mkdf-post-text\">\n<div class=\"mkdf-post-text-inner\">\n<div class=\"mkdf-post-text-main\">\n<div class=\"mkdf-post-text\">\n<div class=\"mkdf-post-text-inner\">\n<div class=\"mkdf-post-text-main\">\n<div class=\"mkdf-post-text\">\n<div class=\"mkdf-post-text-inner\">\n<div class=\"mkdf-post-text-main\">\n<div class=\"page-title-head hgroup\">\n<div class=\"page-title-head hgroup\">\n<div class=\"mkdf-post-text\">\n<div class=\"mkdf-post-text-inner\">\n<div class=\"mkdf-post-text-main\">\n<div class=\"mkdf-post-text\">\n<div class=\"mkdf-post-text-inner\">\n<div class=\"mkdf-post-text-main\">\n<div>\n<div class=\"page-title-head hgroup\">\n<div class=\"page-title-head hgroup\">\n<div>\n<div class=\"page-title-head hgroup\">\n<div class=\"page-title-head hgroup\">\n<div class=\"b654a4as d2edcug0\">\n<div>\n<div class=\"page-title-head hgroup\" style=\"text-align: left;\">\n<div class=\"page-title-head hgroup\">\n<div dir=\"auto\">\n<p><a class=\"dt-pswp-item pspw-wrap-ready\" href=\"https:\/\/i0.wp.com\/www.radiopiu.net\/wordpress\/wp-content\/uploads\/2018\/09\/WhatsApp-Image-2018-09-20-at-16.04.06.jpeg?ssl=1\" data-dt-img-description=\"\" data-large_image_width=\"800\" data-large_image_height=\"100\"><img loading=\"lazy\" decoding=\"async\" class=\"aligncenter wp-image-61378 size-full jetpack-lazy-image jetpack-lazy-image--handled\" src=\"https:\/\/i0.wp.com\/www.radiopiu.net\/wordpress\/wp-content\/uploads\/2018\/09\/WhatsApp-Image-2018-09-20-at-16.04.06.jpeg?resize=800%2C100&amp;ssl=1\" sizes=\"auto, (max-width: 800px) 100vw, 800px\" srcset=\"https:\/\/i0.wp.com\/www.radiopiu.net\/wordpress\/wp-content\/uploads\/2018\/09\/WhatsApp-Image-2018-09-20-at-16.04.06.jpeg?w=800&amp;ssl=1 800w, https:\/\/i0.wp.com\/www.radiopiu.net\/wordpress\/wp-content\/uploads\/2018\/09\/WhatsApp-Image-2018-09-20-at-16.04.06.jpeg?resize=300%2C38&amp;ssl=1 300w, https:\/\/i0.wp.com\/www.radiopiu.net\/wordpress\/wp-content\/uploads\/2018\/09\/WhatsApp-Image-2018-09-20-at-16.04.06.jpeg?resize=768%2C96&amp;ssl=1 768w\" alt=\"\" width=\"800\" height=\"100\" data-lazy-loaded=\"1\" \/><\/a><\/p>\n<\/div>\n<\/div>\n<\/div>\n<\/div>\n<\/div>\n<\/div>\n<\/div>\n<\/div>\n<\/div>\n<\/div>\n<\/div>\n<\/div>\n<\/div>\n<\/div>\n<\/div>\n<\/div>\n<\/div>\n<\/div>\n<\/div>\n<\/div>\n<\/div>\n<\/div>\n<\/div>\n<\/div>\n<\/div>\n<\/div>\n<\/div>\n<\/div>\n<\/div>\n<\/div>\n<\/div>\n<\/div>\n<\/div>\n<\/div>\n<\/div>\n<\/div>\n<\/div>\n<\/div>\n<\/div>\n<\/div>\n<\/div>\n<\/div>\n<\/div>\n<\/div>\n<\/div>\n<\/div>\n<\/div>\n<\/div>\n<\/div>\n<\/div>\n<\/div>\n<\/div>\n<\/div>\n<\/div>\n<\/div>\n<\/div>\n<\/div>\n<\/div>\n<\/div>\n<\/div>\n<\/div>\n<\/div>\n<\/div>\n<\/div>\n<\/div>\n<\/div>\n<\/div>\n<\/div>\n<\/div>\n<\/div>\n<\/div>\n<\/div>\n<\/div>\n<\/div>\n<\/div>\n<\/div>\n<\/div>\n<\/div>\n<\/div>\n<\/div>\n<\/div>\n<\/div>\n<\/div>\n<\/div>\n<\/div>\n<\/div>\n<\/div>\n<\/div>\n<\/div>\n<\/div>\n<\/div>\n<\/div>\n<\/div>\n<\/div>\n<\/div>\n<\/div>\n<\/div>\n<\/div>\n<\/div>\n<\/div>\n<\/div>\n<\/div>\n<\/div>\n<\/div>\n<\/div>\n<\/div>\n<\/div>\n<\/div>\n<\/div>\n<\/div>\n<\/div>\n<\/div>\n<\/div>\n<\/div>\n<\/div>\n<\/div>\n<\/div>\n<\/div>\n<\/div>\n<\/div>\n<\/div>\n<\/div>\n<\/div>\n<\/div>\n<\/div>\n<\/div>\n<\/div>\n<\/div>\n<\/div>\n<\/div>\n<\/div>\n<\/div>\n<\/div>\n<\/div>\n<\/div>\n<\/div>\n<\/div>\n<\/div>\n<\/div>\n<\/div>\n<\/div>\n<\/div>\n<\/div>\n<\/div>\n<\/div>\n<\/div>\n<\/div>\n<\/div>\n<\/div>\n<\/div>\n<\/div>\n<\/div>\n<\/div>\n<\/div>\n<\/div>\n<\/div>\n<\/div>\n<\/div>\n<\/div>\n<\/div>\n<\/div>\n<\/div>\n<\/div>\n<\/div>\n<\/div>\n<\/div>\n<\/div>\n<\/div>\n<\/div>\n<\/div>\n<\/div>\n<\/div>\n<\/div>\n<\/div>\n<\/div>\n<\/div>\n<\/div>\n<\/div>\n<\/div>\n<\/div>\n<\/div>\n<\/div>\n<\/div>\n<\/div>\n<\/div>\n<\/div>\n<\/div>\n<\/div>\n<\/div>\n<\/div>\n<\/div>\n<\/div>\n<\/div>\n<\/div>\n<\/div>\n<\/div>\n<\/div>\n<\/div>\n<\/div>\n<\/div>\n<\/div>\n<\/div>\n<\/div>\n<\/div>\n<\/div>\n<\/div>\n<\/div>\n<\/div>\n<\/div>\n<\/div>\n<\/div>\n<\/div>\n<\/div>\n<\/div>\n<\/div>\n<\/div>\n<\/div>\n<\/div>\n<\/div>\n<\/div>\n<\/div>\n<\/div>\n<\/div>\n<\/div>\n<\/div>\n<\/div>\n<\/div>\n<\/div>\n<\/div>\n<\/div>\n<\/div>\n<p>&nbsp;<\/p>\n<p><center><b>Giovedi 31<\/b><\/center><b>Tempo atteso: <\/b>Nottetempo e al primo mattino residua perturbabilit\u00e0 con cielo coperto e deboli precipitazioni. In mattinata qualche pausa senza fenomeni, prima che il persistere della ciclonicit\u00e0 favorisca una ripresa del maltempo, specie sulle Dolomiti. Ambiente molto uggioso e contesto termico fresco, con debole escursione termica giornaliera.<br \/>\n<b>Precipitazioni: <\/b>Tra la notte e il primo mattino deboli precipitazioni sparse, nevose sopra i 1300-1500 m (70\/80%). Poi qualche pausa, prima di una ripresa delle precipitazioni al pomeriggio\/sera, spesso deboli, localmente e a tratti anche moderate (90\/100%), nevose oltre i 1500\/1600 m, prima di abbassarsi di nuovo in serata. Gli apporti medi saranno compresi tra 5-10 mm, localmente fino a 15 mm, con altrettanti cm di neve sopra i 2000 m.<br \/>\n<b>Temperature: <\/b>Minime in lieve aumento e massime in temporanea ripresa per richiamo sciroccale. Previste punte di 9\/10\u00b0C nei fondovalle prealpini e di 5\/7\u00b0C a 1000\/1200 m. Su Prealpi a 1500 m min 1\u00b0C max 3\u00b0C, a 2000 m min -2\u00b0C, max 0\u00b0C. Su Dolomiti a 2000 m min -2\u00b0C max 0\u00b0C, 3000 m min -7\u00b0C max -5\u00b0C.<br \/>\n<b>Venti: <\/b>Nelle valli deboli di direzione variabile; in quota moderati da sud-est al mattino, poi da nord-est, a tratti tesi sulle dorsali prealpine, a 10-25 km\/h a 2000 m e 15-20 km\/h a 3000 m.<\/p>\n<hr \/>\n<p><center><b>Venerdi 1<\/b><\/center><b>Tempo atteso: <\/b>Persistenza del maltempo con cielo coperto e precipitazioni di debole intensit\u00e0 al mattino, anche moderate al pomeriggio\/sera, quando ci sar\u00e0 una fase un po&#8217; pi\u00f9 acuta, assieme a l&#8217;ingresso di aria pi\u00f9 fredda in quota.<br \/>\n<b>Precipitazioni: <\/b>Probabilit\u00e0 alta (90\/100%), nonostante qualche pausa in mattinata. Dal pomeriggio probabile intensificazione delle precipitazioni che tenderanno a diventare a tratti moderate fino alla sera\/notte. Il limite della neve, inizialmente sui 1400-1500 m, scender\u00e0 sui 1000-1200 m, anche a quote pi\u00f9 basse nelle valli pi\u00f9 chiuse e nei settori interessati dai fenomeni pi\u00f9 intensi in serata. Previsti apporti di 10-15 mm, localmente attorno a 20 mm su alcuni settori Prealpini.<br \/>\n<b>Temperature: <\/b>In generale diminuzione rispetto a gioved\u00ec,specie alla sera, quando si verificheranno le minime. Previste punte di 7\/9\u00b0C nei fondovalle prealpini e di 2\/4\u00b0C a 1000\/1200 m. Su Prealpi a 1500 m min -2\u00b0C max 1\u00b0C, a 2000 m min -4\u00b0C, max -1\u00b0C. Su Dolomiti a 2000 m min -3\u00b0C max -1\u00b0C, 3000 m min -10\u00b0C max -7\u00b0C.<br \/>\n<b>Venti: <\/b>Nelle valli deboli di direzione variabile; in quota moderati da sud-ovest e probabile moderato richiamo sciroccale sotto i 1500 m, a 10-20 km\/h a 2000 m e 20-30 km\/h a 3000 m.<\/p>\n<hr \/>\n<p><center><b>Sabato 2<\/b><\/center>Il maltempo continua con cielo molto nuvoloso\/coperto associate precipitazioni, a tratti diffuse e moderate, anche a carattere di rovescio, nevose oltre i 700-900 m, anche a quote pi\u00f9 basse nelle valli pi\u00f9 chiuse e nei settori interessati da forti rovesci. Temperature in ulteriore lieve calo a tutte le quote (-14\u00b0C a 3000 m e -6\u00b0C a 2000 m), con contesto invernale oltre i 1000 m. Venti deboli di direzione variabile nelle valli; moderati da sud-est in quota.<\/p>\n<hr \/>\n<p><center><b>Domenica 3<\/b><\/center>Il cielo rimane iiregolarmente nuvoloso, a tratti molto nuvoloso, con residue deboli precipitazioni intermittenti, nevose oltre i 600\/800 m. Temperature in ulteriore lieve calo a tutte le quote, con contesto invernale oltre gli 800 m. Venti deboli di direzione variabile nelle valli; deboli da ovest sud-ovest in quota, a tratti moderati alla sera. Previsore: R.L.Th.<\/p>\n<p>&nbsp;<\/p>\n<hr \/>\n<p>&nbsp;<\/p>\n<p><img loading=\"lazy\" decoding=\"async\" class=\"wp-image-60761 size-full aligncenter\" src=\"https:\/\/www.radiopiu.net\/wordpress\/wp-content\/uploads\/2018\/09\/sport.jpg\" alt=\"\" width=\"800\" height=\"100\" srcset=\"https:\/\/www.radiopiu.net\/wordpress\/wp-content\/uploads\/2018\/09\/sport.jpg 800w, https:\/\/www.radiopiu.net\/wordpress\/wp-content\/uploads\/2018\/09\/sport-300x38.jpg 300w, https:\/\/www.radiopiu.net\/wordpress\/wp-content\/uploads\/2018\/09\/sport-768x96.jpg 768w\" sizes=\"auto, (max-width: 800px) 100vw, 800px\" \/><\/p>\n<\/div>\n<div>\n<p><b>\u00a0 \u00a0<\/b><\/p>\n<p><span style=\"color: #0000ff;\"><strong>NUOTO<\/strong><\/span><\/p>\n<blockquote>\n<h3>FILIPPO MONESTIER BATTE ANCHE SE STESSO MIGLIORANDO IL PERSONALE<\/h3>\n<\/blockquote>\n<p><strong>AGORDO<\/strong> Conclusi a Riccione i campionati italiani di nuoto in vasca da 25 m che ha visto impegnata l&#8217;elite giovanile a livello nazionale. Filippo Monestier si \u00e8 distinto nei 50 sl nei quali, con 24&#8243;27, ha migliorato il suo personale e ottenuto un onorevolissimo diciottesimo posto assoluto. Ottima la prova anche nei 100 sl dove, eguagliando il suo miglior tempo di 53&#8243;55, si \u00e8 piazzato venticinquesimo assoluto. Soddisfazione per l&#8217;allenatore Stefano Tiozzi che vede in Filippo ancora ampi margini di miglioramento soprattutto negli aspetti tecnici. Lo sguardo \u00e8 ora puntato ai campionati regionali in vasca da 50 m e alle qualifiche per i prossimi campionati nazionali di luglio. Da Attivamente Agordino il ringraziamento a Filippo per aver portato cos\u00ec in alto il nome della societ\u00e0.<\/p>\n\n\t\t\t<style type='text\/css'>\n\t\t\t\t#gallery-7 {\n\t\t\t\t\tmargin: auto;\n\t\t\t\t}\n\t\t\t\t#gallery-7 .gallery-item {\n\t\t\t\t\tfloat: left;\n\t\t\t\t\tmargin-top: 10px;\n\t\t\t\t\ttext-align: center;\n\t\t\t\t\twidth: 33%;\n\t\t\t\t}\n\t\t\t\t#gallery-7 img {\n\t\t\t\t\tborder: 2px solid #cfcfcf;\n\t\t\t\t}\n\t\t\t\t#gallery-7 .gallery-caption {\n\t\t\t\t\tmargin-left: 0;\n\t\t\t\t}\n\t\t\t\t\/* see gallery_shortcode() in wp-includes\/media.php *\/\n\t\t\t<\/style>\n\t\t<div id='gallery-7' class='dt-gallery-container gallery galleryid-267823 gallery-columns-3 gallery-size-thumbnail'><dl class='gallery-item'>\n\t\t\t\t<dt class='gallery-icon landscape'>\n\t\t\t\t\t<a class=\"rollover rollover-zoom dt-pswp-item\" title=\"cd061334-b0c8-454b-9aa8-61c0dae5cd14\" data-dt-img-description=\"\" data-large_image_width=\"1440\" data-large_image_height=\"1440\"href='https:\/\/www.radiopiu.net\/wordpress\/wp-content\/uploads\/2022\/03\/cd061334-b0c8-454b-9aa8-61c0dae5cd14.jpg'><img loading=\"lazy\" decoding=\"async\" width=\"150\" height=\"150\" src=\"https:\/\/www.radiopiu.net\/wordpress\/wp-content\/uploads\/2022\/03\/cd061334-b0c8-454b-9aa8-61c0dae5cd14-150x150.jpg\" class=\"attachment-thumbnail size-thumbnail\" alt=\"\" srcset=\"https:\/\/www.radiopiu.net\/wordpress\/wp-content\/uploads\/2022\/03\/cd061334-b0c8-454b-9aa8-61c0dae5cd14-150x150.jpg 150w, https:\/\/www.radiopiu.net\/wordpress\/wp-content\/uploads\/2022\/03\/cd061334-b0c8-454b-9aa8-61c0dae5cd14-300x300.jpg 300w, https:\/\/www.radiopiu.net\/wordpress\/wp-content\/uploads\/2022\/03\/cd061334-b0c8-454b-9aa8-61c0dae5cd14-1024x1024.jpg 1024w, https:\/\/www.radiopiu.net\/wordpress\/wp-content\/uploads\/2022\/03\/cd061334-b0c8-454b-9aa8-61c0dae5cd14-768x768.jpg 768w, https:\/\/www.radiopiu.net\/wordpress\/wp-content\/uploads\/2022\/03\/cd061334-b0c8-454b-9aa8-61c0dae5cd14.jpg 1440w\" sizes=\"auto, (max-width: 150px) 100vw, 150px\" \/><\/a>\n\t\t\t\t<\/dt><\/dl><dl class='gallery-item'>\n\t\t\t\t<dt class='gallery-icon portrait'>\n\t\t\t\t\t<a class=\"rollover rollover-zoom dt-pswp-item\" title=\"6f171b94-45c8-423f-be3b-71f132a80eac\" data-dt-img-description=\"\" data-large_image_width=\"1342\" data-large_image_height=\"1502\"href='https:\/\/www.radiopiu.net\/wordpress\/wp-content\/uploads\/2022\/03\/6f171b94-45c8-423f-be3b-71f132a80eac.jpg'><img loading=\"lazy\" decoding=\"async\" width=\"150\" height=\"150\" src=\"https:\/\/www.radiopiu.net\/wordpress\/wp-content\/uploads\/2022\/03\/6f171b94-45c8-423f-be3b-71f132a80eac-150x150.jpg\" class=\"attachment-thumbnail size-thumbnail\" alt=\"\" \/><\/a>\n\t\t\t\t<\/dt><\/dl><dl class='gallery-item'>\n\t\t\t\t<dt class='gallery-icon landscape'>\n\t\t\t\t\t<a class=\"rollover rollover-zoom dt-pswp-item\" title=\"e3f782ed-7a1c-4534-bce7-c8dd555eb1c8\" data-dt-img-description=\"\" data-large_image_width=\"1404\" data-large_image_height=\"1404\"href='https:\/\/www.radiopiu.net\/wordpress\/wp-content\/uploads\/2022\/03\/e3f782ed-7a1c-4534-bce7-c8dd555eb1c8.jpg'><img loading=\"lazy\" decoding=\"async\" width=\"150\" height=\"150\" src=\"https:\/\/www.radiopiu.net\/wordpress\/wp-content\/uploads\/2022\/03\/e3f782ed-7a1c-4534-bce7-c8dd555eb1c8-150x150.jpg\" class=\"attachment-thumbnail size-thumbnail\" alt=\"\" srcset=\"https:\/\/www.radiopiu.net\/wordpress\/wp-content\/uploads\/2022\/03\/e3f782ed-7a1c-4534-bce7-c8dd555eb1c8-150x150.jpg 150w, https:\/\/www.radiopiu.net\/wordpress\/wp-content\/uploads\/2022\/03\/e3f782ed-7a1c-4534-bce7-c8dd555eb1c8-300x300.jpg 300w, https:\/\/www.radiopiu.net\/wordpress\/wp-content\/uploads\/2022\/03\/e3f782ed-7a1c-4534-bce7-c8dd555eb1c8-1024x1024.jpg 1024w, https:\/\/www.radiopiu.net\/wordpress\/wp-content\/uploads\/2022\/03\/e3f782ed-7a1c-4534-bce7-c8dd555eb1c8-768x768.jpg 768w, https:\/\/www.radiopiu.net\/wordpress\/wp-content\/uploads\/2022\/03\/e3f782ed-7a1c-4534-bce7-c8dd555eb1c8.jpg 1404w\" sizes=\"auto, (max-width: 150px) 100vw, 150px\" \/><\/a>\n\t\t\t\t<\/dt><\/dl><br style=\"clear: both\" \/>\n\t\t\t<\/div>\n\n<p>&nbsp;<\/p>\n<p>&nbsp;<\/p>\n<p><span style=\"color: #0000ff;\"><strong>CALCIO<\/strong><\/span><\/p>\n<blockquote>\n<h3>OBBIETTIVO STAGIONALE RAGGIUNTO PER L&#8217;AGORDINA, DOMENICA AFFRONTERA&#8217; LA PRIMA DELLA CLASSE<\/h3>\n<\/blockquote>\n<p><strong><a class=\"dt-pswp-item\" href=\"https:\/\/www.radiopiu.net\/wordpress\/wp-content\/uploads\/2019\/09\/AGORDINA-CALCIO.jpeg\" data-dt-img-description=\"\" data-large_image_width=\"225\" data-large_image_height=\"225\"><img loading=\"lazy\" decoding=\"async\" class=\"size-thumbnail wp-image-97575 alignleft\" src=\"https:\/\/www.radiopiu.net\/wordpress\/wp-content\/uploads\/2019\/09\/AGORDINA-CALCIO-150x150.jpeg\" alt=\"\" width=\"150\" height=\"150\" srcset=\"https:\/\/www.radiopiu.net\/wordpress\/wp-content\/uploads\/2019\/09\/AGORDINA-CALCIO-150x150.jpeg 150w, https:\/\/www.radiopiu.net\/wordpress\/wp-content\/uploads\/2019\/09\/AGORDINA-CALCIO.jpeg 225w\" sizes=\"auto, (max-width: 150px) 100vw, 150px\" \/><\/a>AGORDO\u00a0<\/strong>Con la vittoria in casa di domenica scorsa, l&#8217;Agordina di Marco Lorenzi ha raggiunto l&#8217;obbiettivo stagionle. Quei famosi 30 punti che la societ\u00e0 si era imposta ad inizio stagione sono arrivati con 7 giornate di anticipo. Un sospiro di sollievo per la squadra di Agordo che da ora in poi pu\u00f2 tirare il fiato e prendere quello che arriva dalle prossime sfide. La matematica salvezza non c&#8217;\u00e8 ancora, ci vorr\u00e0 di sicuramente ancora una vittoria che sulla carta non arriver\u00e0 domenica prossima quando l&#8217;Agordina affronter\u00e0 l&#8217;Arsi\u00e8, in trasferta, primo in classifica.<\/p>\n<p><strong>YURI PARISSENTI, GIOCATORE DELL&#8217;AGORDINA<\/strong><\/p>\n<audio class=\"wp-audio-shortcode\" id=\"audio-267823-16\" preload=\"none\" style=\"width: 100%;\" controls=\"controls\"><source type=\"audio\/mpeg\" src=\"https:\/\/www.radiopiu.net\/wordpress\/wp-content\/uploads\/2022\/03\/YURI-PARISSENTI.mp3?_=16\" \/><a href=\"https:\/\/www.radiopiu.net\/wordpress\/wp-content\/uploads\/2022\/03\/YURI-PARISSENTI.mp3\">https:\/\/www.radiopiu.net\/wordpress\/wp-content\/uploads\/2022\/03\/YURI-PARISSENTI.mp3<\/a><\/audio>\n<p>&nbsp;<\/p>\n<hr \/>\n<p>&nbsp;<\/p>\n<p><strong><span style=\"color: #0000ff;\">CORSA CAMPESTRE<\/span><\/strong><\/p>\n<blockquote>\n<h3>LA PEDONATA INCONTRO CON LA NATURA A SAN GOTTARDO<\/h3>\n<\/blockquote>\n<p><strong><a class=\"dt-pswp-item\" href=\"https:\/\/www.radiopiu.net\/wordpress\/wp-content\/uploads\/2022\/03\/Unknown-2.jpeg\" data-dt-img-description=\"\" data-large_image_width=\"2048\" data-large_image_height=\"1361\"><img loading=\"lazy\" decoding=\"async\" class=\"size-thumbnail wp-image-267912 alignleft\" src=\"https:\/\/www.radiopiu.net\/wordpress\/wp-content\/uploads\/2022\/03\/Unknown-2-150x150.jpeg\" alt=\"\" width=\"150\" height=\"150\" \/><\/a>SOSPIROLO<\/strong> La Pro loco \u201cMonti del Sole\u201d invita alla pedonata &#8220;Incontro con la Natura\u201d. L\u2019appuntamento \u00e8 per domenica 3 aprile a San Gottardo alle 9.30; dopo lo stop causa pandemia, ritorna la manifestazione podistica ludico motoria a passo libero di 4 e 9 km circa, aperta a tutti e non competitiva. Il percorso unico \u00e8 valevole per il XXVII Trofeo \u201cAntonella e Michele\u201d. Le iscrizioni si terranno domenica 3 sul luogo di partenza fino alle 9.30; quota di cinque euro con omaggio (fino ad esaurimento) e 2.5 senza. Premi: Trofeo Antonella e Michele al gruppo pi\u00f9 numeroso; premi ai gruppi con pi\u00f9 partecipanti ed altri che saranno resi noti alla partenza. Sar\u00e0 presente il centro mobile di assistenza \u201cVol.A.\u201d e vi collaborano il Comitato di S.Gottardo e l&#8217;AIB Sospirolo. Si raccomanda di attenersi alle norme del codice stradale e alle prescrizioni previste dalla normativa vigente anti Covid-19. Info: <a href=\"mailto:proloco@sospirolo.net\" target=\"_blank\" rel=\"noopener\">proloco@sospirolo.net<\/a> &#8211; 320 334 2082<\/p>\n<p>&nbsp;<\/p>\n<p>&nbsp;<\/p>\n<hr \/>\n<p>&nbsp;<\/p>\n<\/div>\n<\/div>\n<\/div>\n<\/div>\n<\/div>\n<\/div>\n<\/div>\n<\/div>\n<\/div>\n<\/div>\n<\/div>\n<\/div>\n<\/div>\n<\/div>\n<\/div>\n<\/div>\n<\/div>\n<\/div>\n<\/div>\n<\/div>\n<\/div>\n<\/div>\n<\/div>\n<\/div>\n<\/div>\n<\/div>\n<\/div>\n<\/div>\n<\/div>\n<\/div>\n<\/div>\n<\/div>\n<\/div>\n<\/div>\n<\/div>\n<\/div>\n<\/div>\n<\/div>\n<\/div>\n<\/div>\n<\/div>\n<\/div>\n<\/div>\n<\/div>\n<\/div>\n<\/div>\n<\/div>\n<\/div>\n<\/div>\n<\/div>\n<\/div>\n<\/div>\n<\/div>\n<\/div>\n<\/div>\n<\/div>\n<\/div>\n<\/div>\n<\/div>\n<\/div>\n<\/div>\n<\/div>\n<\/div>\n<\/div>\n<\/div>\n<\/div>\n<\/div>\n<\/div>\n<\/div>\n<\/div>\n<\/div>\n<\/div>\n<\/div>\n<\/div>\n<\/div>\n<\/div>\n<\/div>\n<\/div>\n<\/div>\n<\/div>\n<\/div>\n<\/div>\n<\/div>\n<\/div>\n<\/div>\n<\/div>\n<\/div>\n<\/div>\n<\/div>\n<\/div>\n<\/div>\n<\/div>\n<\/div>\n<\/div>\n<\/div>\n<\/div>\n<\/div>\n<\/div>\n<\/div>\n<\/div>\n<\/div>\n<\/div>\n<\/div>\n<\/div>\n<\/div>\n<\/div>\n<\/div>\n<\/div>\n<\/div>\n","protected":false},"excerpt":{"rendered":"<p>INFORMAZIONE il canale su TELEGRAM informazione di prima\u00a0 mano e in tempo reale. iscriviti ed aiutaci a farlo conoscere &nbsp; &nbsp; &nbsp; FAUSTO CONEDERA ORA E&#8217; TRA LE SUA AMATE PALE DI SAN LUCANO AGORDO Ancora giorni tristi alle porte di Agordo, per la famiglia di Fausto Conedera, per i tanti amici della montagna. Con&hellip;<\/p>\n","protected":false},"author":4,"featured_media":268045,"comment_status":"closed","ping_status":"closed","sticky":false,"template":"","format":"standard","meta":{"_monsterinsights_skip_tracking":false,"_monsterinsights_sitenote_active":false,"_monsterinsights_sitenote_note":"","_monsterinsights_sitenote_category":0,"footnotes":""},"categories":[104,86,49],"tags":[],"class_list":["post-267823","post","type-post","status-publish","format-standard","has-post-thumbnail","hentry","category-evidenza_3","category-gr","category-news-18","category-104","category-86","category-49","description-off"],"img_url":"https:\/\/www.radiopiu.net\/wordpress\/wp-content\/uploads\/2022\/03\/cd061334-b0c8-454b-9aa8-61c0dae5cd14.jpg","_links":{"self":[{"href":"https:\/\/www.radiopiu.net\/wordpress\/wp-json\/wp\/v2\/posts\/267823","targetHints":{"allow":["GET"]}}],"collection":[{"href":"https:\/\/www.radiopiu.net\/wordpress\/wp-json\/wp\/v2\/posts"}],"about":[{"href":"https:\/\/www.radiopiu.net\/wordpress\/wp-json\/wp\/v2\/types\/post"}],"author":[{"embeddable":true,"href":"https:\/\/www.radiopiu.net\/wordpress\/wp-json\/wp\/v2\/users\/4"}],"replies":[{"embeddable":true,"href":"https:\/\/www.radiopiu.net\/wordpress\/wp-json\/wp\/v2\/comments?post=267823"}],"version-history":[{"count":0,"href":"https:\/\/www.radiopiu.net\/wordpress\/wp-json\/wp\/v2\/posts\/267823\/revisions"}],"wp:featuredmedia":[{"embeddable":true,"href":"https:\/\/www.radiopiu.net\/wordpress\/wp-json\/wp\/v2\/media\/268045"}],"wp:attachment":[{"href":"https:\/\/www.radiopiu.net\/wordpress\/wp-json\/wp\/v2\/media?parent=267823"}],"wp:term":[{"taxonomy":"category","embeddable":true,"href":"https:\/\/www.radiopiu.net\/wordpress\/wp-json\/wp\/v2\/categories?post=267823"},{"taxonomy":"post_tag","embeddable":true,"href":"https:\/\/www.radiopiu.net\/wordpress\/wp-json\/wp\/v2\/tags?post=267823"}],"curies":[{"name":"wp","href":"https:\/\/api.w.org\/{rel}","templated":true}]}}