{"id":267905,"date":"2022-03-30T11:42:21","date_gmt":"2022-03-30T09:42:21","guid":{"rendered":"https:\/\/www.radiopiu.net\/wordpress\/?p=267905"},"modified":"2022-03-30T14:48:17","modified_gmt":"2022-03-30T12:48:17","slug":"nuovo-direttivo-per-casa-tua-pier-anna-dal-mas-alla-presidenza","status":"publish","type":"post","link":"https:\/\/www.radiopiu.net\/wordpress\/nuovo-direttivo-per-casa-tua-pier-anna-dal-mas-alla-presidenza\/","title":{"rendered":"NUOVO DIRETTIVO PER CASA TUA. PIER ANNA DAL MAS ALLA PRESIDENZA"},"content":{"rendered":"<p><strong><a class=\"dt-pswp-item\" href=\"https:\/\/www.radiopiu.net\/wordpress\/wp-content\/uploads\/2022\/03\/Pier-Anna-Dal-Mas.jpg\" data-dt-img-description=\"\" data-large_image_width=\"737\" data-large_image_height=\"1024\"><img loading=\"lazy\" decoding=\"async\" class=\"size-thumbnail wp-image-267906 alignleft\" src=\"https:\/\/www.radiopiu.net\/wordpress\/wp-content\/uploads\/2022\/03\/Pier-Anna-Dal-Mas-150x150.jpg\" alt=\"\" width=\"150\" height=\"150\" \/><\/a><\/strong><\/p>\n<p><strong>BELLUNO <\/strong>\u00c8 Pier Anna Dal Mas la nuova presidente di Casa Tua, raccoglie il testimone da Giorgio Zampieri, che ha deciso di lasciare l\u2019associazione, che si occupa di accoglienza ospedaliera, dopo 25 anni di servizio. Dal Mas, gi\u00e0 al vertice della Lilt bellunese, \u00e8 stata designata dal Comitato d\u2019Intesa. Al fianco della presidente, ci saranno il vice Roberto Burlon, il segretario e tesoriere Romeo Bristot, i membri del collegio sindacale Tommaso Nicolao e Fioretto Bortot oltre a Monica De Vettor, designata dall\u2019Abvs.\u00a0 Con Zampieri escono dal direttivo,\u00a0 Rita Bon e Mariuccia Dalle Vedove. Burlon, presidente C.O.R.C. (Circolo Ospedaliero Ricreativo Culturale), subentra allo scomparso vicepresidente Noris Bortot. <em>&#8220;Desidero esprimere poche parole a conclusione del mio mandato che ho cercato di espletare con cura e dedizione\u00bb, ha dichiarato Giorgio Zampieri. \u00abCasa Tua \u00e8 stata e sar\u00e0 un servizio rivolto a persone che si trovano in un momento di necessit\u00e0 e di sofferenza; a loro dobbiamo dare tutta la solidariet\u00e0 possibile in un ambiente accogliente e familiare. Ringrazio quanti hanno collaborato in questi anni trascorsi assieme, la direzione medica, soci e volontari e in particolare Fioretto Bortot, punto di forza che merita gratitudine da parte di tutti\u00bb.<\/em><\/p>\n<p>&nbsp;<\/p>\n<p><strong>\u00a0<\/strong><\/p>\n<p>&nbsp;<\/p>\n<p>&nbsp;<\/p>\n<p>*****<\/p>\n","protected":false},"excerpt":{"rendered":"<p>BELLUNO \u00c8 Pier Anna Dal Mas la nuova presidente di Casa Tua, raccoglie il testimone da Giorgio Zampieri, che ha deciso di lasciare l\u2019associazione, che si occupa di accoglienza ospedaliera, dopo 25 anni di servizio. Dal Mas, gi\u00e0 al vertice della Lilt bellunese, \u00e8 stata designata dal Comitato d\u2019Intesa. Al fianco della presidente, ci saranno&hellip;<\/p>\n","protected":false},"author":4,"featured_media":267906,"comment_status":"closed","ping_status":"closed","sticky":false,"template":"","format":"standard","meta":{"_monsterinsights_skip_tracking":false,"_monsterinsights_sitenote_active":false,"_monsterinsights_sitenote_note":"","_monsterinsights_sitenote_category":0,"footnotes":""},"categories":[49],"tags":[],"class_list":["post-267905","post","type-post","status-publish","format-standard","has-post-thumbnail","hentry","category-news-18","category-49","description-off"],"img_url":"https:\/\/www.radiopiu.net\/wordpress\/wp-content\/uploads\/2022\/03\/Pier-Anna-Dal-Mas.jpg","_links":{"self":[{"href":"https:\/\/www.radiopiu.net\/wordpress\/wp-json\/wp\/v2\/posts\/267905","targetHints":{"allow":["GET"]}}],"collection":[{"href":"https:\/\/www.radiopiu.net\/wordpress\/wp-json\/wp\/v2\/posts"}],"about":[{"href":"https:\/\/www.radiopiu.net\/wordpress\/wp-json\/wp\/v2\/types\/post"}],"author":[{"embeddable":true,"href":"https:\/\/www.radiopiu.net\/wordpress\/wp-json\/wp\/v2\/users\/4"}],"replies":[{"embeddable":true,"href":"https:\/\/www.radiopiu.net\/wordpress\/wp-json\/wp\/v2\/comments?post=267905"}],"version-history":[{"count":0,"href":"https:\/\/www.radiopiu.net\/wordpress\/wp-json\/wp\/v2\/posts\/267905\/revisions"}],"wp:featuredmedia":[{"embeddable":true,"href":"https:\/\/www.radiopiu.net\/wordpress\/wp-json\/wp\/v2\/media\/267906"}],"wp:attachment":[{"href":"https:\/\/www.radiopiu.net\/wordpress\/wp-json\/wp\/v2\/media?parent=267905"}],"wp:term":[{"taxonomy":"category","embeddable":true,"href":"https:\/\/www.radiopiu.net\/wordpress\/wp-json\/wp\/v2\/categories?post=267905"},{"taxonomy":"post_tag","embeddable":true,"href":"https:\/\/www.radiopiu.net\/wordpress\/wp-json\/wp\/v2\/tags?post=267905"}],"curies":[{"name":"wp","href":"https:\/\/api.w.org\/{rel}","templated":true}]}}