{"id":267997,"date":"2022-03-31T05:53:18","date_gmt":"2022-03-31T03:53:18","guid":{"rendered":"https:\/\/www.radiopiu.net\/wordpress\/?p=267997"},"modified":"2022-03-31T07:52:52","modified_gmt":"2022-03-31T05:52:52","slug":"sp251aa","status":"publish","type":"post","link":"https:\/\/www.radiopiu.net\/wordpress\/sp251aa\/","title":{"rendered":"SP251, LE ULTIMISSIME DA VENETO STRADE, A BREVE IL SENSO UNICO,  IL FUTURO E&#8217; LA GALLERIA"},"content":{"rendered":"<div class=\"kvgmc6g5 cxmmr5t8 oygrvhab hcukyx3x c1et5uql ii04i59q\">\n<div dir=\"auto\">\n<div dir=\"auto\"><strong><strong><img loading=\"lazy\" decoding=\"async\" class=\"alignleft\" src=\"https:\/\/www.radiopiu.net\/wordpress\/wp-content\/uploads\/2022\/03\/277678023_346646757504003_4546957488015805586_n.jpg\" width=\"189\" height=\"126\" \/><\/strong><\/strong><\/p>\n<div dir=\"auto\">\n<div dir=\"auto\"><strong>LONGARONE\u00a0<\/strong> Gli incendi sul versante della Sp 251 tra Mezzocanale e Igne sembrano spenti. Per almeno una settimana sar\u00e0 pulita la sede stradale\u00a0 dai sassi e detriti caduti\u00a0 in questi giorni. I rocciatori provvederanno a disgaggiare gli eventuali massi pericolanti. Ci vorr\u00e0 ancora una settimana di &#8220;passione&#8221; poi\u00a0 <span style=\"color: #ff0000;\">v<strong>erranno installati dei semafori\u00a0 per regolare la circolazione a senso alternato.<\/strong><\/span>\u00a0 In seguito saranno posizionti\u00a0 i cartelli ogni 500 metri per il \u00a0pericolo di caduta massi.\u00a0 Rischio zero? Non sar\u00e0 mai garantito.<\/div>\n<div dir=\"auto\"><\/div>\n<div dir=\"auto\">Per il futuro la soluzione \u00e8 una soltanto secondo Veneto Strade:\u00a0 realizzare una galleria di circa 900 metri che consentir\u00e0 di superare il tratto pi\u00f9 pericoloso. <em>&#8220;Servono 38 milioni di euro. Pi\u00f9 altri 15 milioni per posizionare dei paramassi laterali. Il PNNR ne ha messi a disposizione 3 di milioni, ne serviranno tutti per mettere in sicurezza per quanto possibile la strada&#8221;.<\/em> sottolineano gli uffici di Veneto Strade.<\/div>\n<div dir=\"auto\"><\/div>\n<\/div>\n<div dir=\"auto\"><\/div>\n<\/div>\n<div dir=\"auto\"><\/div>\n<\/div>\n<\/div>\n","protected":false},"excerpt":{"rendered":"<p>LONGARONE\u00a0 Gli incendi sul versante della Sp 251 tra Mezzocanale e Igne sembrano spenti. Per almeno una settimana sar\u00e0 pulita la sede stradale\u00a0 dai sassi e detriti caduti\u00a0 in questi giorni. I rocciatori provvederanno a disgaggiare gli eventuali massi pericolanti. Ci vorr\u00e0 ancora una settimana di &#8220;passione&#8221; poi\u00a0 verranno installati dei semafori\u00a0 per regolare la&hellip;<\/p>\n","protected":false},"author":4,"featured_media":267998,"comment_status":"closed","ping_status":"closed","sticky":false,"template":"","format":"standard","meta":{"_monsterinsights_skip_tracking":false,"_monsterinsights_sitenote_active":false,"_monsterinsights_sitenote_note":"","_monsterinsights_sitenote_category":0,"footnotes":""},"categories":[51,49],"tags":[],"class_list":["post-267997","post","type-post","status-publish","format-standard","has-post-thumbnail","hentry","category-evidenza-top","category-news-18","category-51","category-49","description-off"],"img_url":"https:\/\/www.radiopiu.net\/wordpress\/wp-content\/uploads\/2022\/03\/277678023_346646757504003_4546957488015805586_n.jpg","_links":{"self":[{"href":"https:\/\/www.radiopiu.net\/wordpress\/wp-json\/wp\/v2\/posts\/267997","targetHints":{"allow":["GET"]}}],"collection":[{"href":"https:\/\/www.radiopiu.net\/wordpress\/wp-json\/wp\/v2\/posts"}],"about":[{"href":"https:\/\/www.radiopiu.net\/wordpress\/wp-json\/wp\/v2\/types\/post"}],"author":[{"embeddable":true,"href":"https:\/\/www.radiopiu.net\/wordpress\/wp-json\/wp\/v2\/users\/4"}],"replies":[{"embeddable":true,"href":"https:\/\/www.radiopiu.net\/wordpress\/wp-json\/wp\/v2\/comments?post=267997"}],"version-history":[{"count":0,"href":"https:\/\/www.radiopiu.net\/wordpress\/wp-json\/wp\/v2\/posts\/267997\/revisions"}],"wp:featuredmedia":[{"embeddable":true,"href":"https:\/\/www.radiopiu.net\/wordpress\/wp-json\/wp\/v2\/media\/267998"}],"wp:attachment":[{"href":"https:\/\/www.radiopiu.net\/wordpress\/wp-json\/wp\/v2\/media?parent=267997"}],"wp:term":[{"taxonomy":"category","embeddable":true,"href":"https:\/\/www.radiopiu.net\/wordpress\/wp-json\/wp\/v2\/categories?post=267997"},{"taxonomy":"post_tag","embeddable":true,"href":"https:\/\/www.radiopiu.net\/wordpress\/wp-json\/wp\/v2\/tags?post=267997"}],"curies":[{"name":"wp","href":"https:\/\/api.w.org\/{rel}","templated":true}]}}