{"id":268037,"date":"2022-03-31T17:56:20","date_gmt":"2022-03-31T15:56:20","guid":{"rendered":"https:\/\/www.radiopiu.net\/wordpress\/?p=268037"},"modified":"2022-04-01T06:14:21","modified_gmt":"2022-04-01T04:14:21","slug":"contro-il-bostrico-armati-di-motosega-alla-ricerca-della-pianta-rossa","status":"publish","type":"post","link":"https:\/\/www.radiopiu.net\/wordpress\/contro-il-bostrico-armati-di-motosega-alla-ricerca-della-pianta-rossa\/","title":{"rendered":"CONTRO IL BOSTRICO ARMATI DI MOTOSEGA ALLA RICERCA DELLA PIANTA &#8220;ROSSA&#8221;"},"content":{"rendered":"<blockquote><p><em>Presto la progettazione della centrale a biomassa all&#8217;imbocco dei Serrai di Sottoguda<\/em><\/p><\/blockquote>\n<p><strong><img loading=\"lazy\" decoding=\"async\" class=\"alignleft\" src=\"https:\/\/www.radiopiu.net\/wordpress\/wp-content\/uploads\/2021\/10\/BOSTRICO.jpg\" width=\"211\" height=\"158\" \/>ROCCA PIETORE<\/strong> Il gruppo ambientalisti Migon2000 propone una giornata contro il bostrico. Domenica 3 aprile dalle 7 alle 15 tutti nel bosco sopra Boscoverde. L&#8217;esperto in tematiche forestali Angelo Manarin, invitato dal sindaco Andrea De Bernardin sar\u00e0 presente per impartire i giusti consigli ai volontari sul come tagliare le piante malate. <em>&#8220;Il bostrico &#8211; spiega Manarin &#8211; \u00e8 un dramma al pari della tempesta Vaia, forse peggio. La cosa migliore a primavera \u00e8 eliminare gran parte delle piante malate, nel primo fine settimana di aprile provvederemo a segnare le piante da tagliare con vernice rossa. Compito dei volontari, armati di motoseghe, abbattere le piante indicate&#8221;.<\/em><\/p>\n<p>Per tutti i particolari \u00e8 previsto un incontro, domani alle 20 in sala Teaz dove sar\u00e0 fornito il materiale necessario, anche se si chiede di prendere parte alla giornata\u00a0 con utensili propri e possibilmente, viste le carenze di bilancio, con una piccola tanica di carburante per motoseghe o decespugliatori. Il legnatico recuperato verr\u00e0 immagazzinato a Boscoverde in attesa della costruzione di una centrale a biomassa che sar\u00e0 costruita con i fondi del Pnrr all&#8217;imbocco dei Serrai di Sottoguda. <em>&#8220;Non sar\u00e0 un&#8217;opera impattante &#8211; assicura De Bernardin &#8211; ma ci permetter\u00e0 di soddisfare le esigenze energetiche del Comune soprattutto negli uffici Interni e peri cola nti che necessitano di ristrutturazione, e questa \u00e8 la giusta occasione&#8221;. <\/em>Al termine dell&#8217;incontro rinfresco sotto il tendone delle feste con la fisarmonica di Ivano De Vallier e i Tirataie.<\/p>\n<p>&nbsp;<\/p>\n<p>____<\/p>\n","protected":false},"excerpt":{"rendered":"<p>Presto la progettazione della centrale a biomassa all&#8217;imbocco dei Serrai di Sottoguda ROCCA PIETORE Il gruppo ambientalisti Migon2000 propone una giornata contro il bostrico. Domenica 3 aprile dalle 7 alle 15 tutti nel bosco sopra Boscoverde. L&#8217;esperto in tematiche forestali Angelo Manarin, invitato dal sindaco Andrea De Bernardin sar\u00e0 presente per impartire i giusti consigli&hellip;<\/p>\n","protected":false},"author":4,"featured_media":239763,"comment_status":"closed","ping_status":"closed","sticky":false,"template":"","format":"standard","meta":{"_monsterinsights_skip_tracking":false,"_monsterinsights_sitenote_active":false,"_monsterinsights_sitenote_note":"","_monsterinsights_sitenote_category":0,"footnotes":""},"categories":[104,49],"tags":[],"class_list":["post-268037","post","type-post","status-publish","format-standard","has-post-thumbnail","hentry","category-evidenza_3","category-news-18","category-104","category-49","description-off"],"img_url":"https:\/\/www.radiopiu.net\/wordpress\/wp-content\/uploads\/2021\/10\/BOSTRICO.jpg","_links":{"self":[{"href":"https:\/\/www.radiopiu.net\/wordpress\/wp-json\/wp\/v2\/posts\/268037","targetHints":{"allow":["GET"]}}],"collection":[{"href":"https:\/\/www.radiopiu.net\/wordpress\/wp-json\/wp\/v2\/posts"}],"about":[{"href":"https:\/\/www.radiopiu.net\/wordpress\/wp-json\/wp\/v2\/types\/post"}],"author":[{"embeddable":true,"href":"https:\/\/www.radiopiu.net\/wordpress\/wp-json\/wp\/v2\/users\/4"}],"replies":[{"embeddable":true,"href":"https:\/\/www.radiopiu.net\/wordpress\/wp-json\/wp\/v2\/comments?post=268037"}],"version-history":[{"count":0,"href":"https:\/\/www.radiopiu.net\/wordpress\/wp-json\/wp\/v2\/posts\/268037\/revisions"}],"wp:featuredmedia":[{"embeddable":true,"href":"https:\/\/www.radiopiu.net\/wordpress\/wp-json\/wp\/v2\/media\/239763"}],"wp:attachment":[{"href":"https:\/\/www.radiopiu.net\/wordpress\/wp-json\/wp\/v2\/media?parent=268037"}],"wp:term":[{"taxonomy":"category","embeddable":true,"href":"https:\/\/www.radiopiu.net\/wordpress\/wp-json\/wp\/v2\/categories?post=268037"},{"taxonomy":"post_tag","embeddable":true,"href":"https:\/\/www.radiopiu.net\/wordpress\/wp-json\/wp\/v2\/tags?post=268037"}],"curies":[{"name":"wp","href":"https:\/\/api.w.org\/{rel}","templated":true}]}}