{"id":268040,"date":"2022-04-01T05:57:59","date_gmt":"2022-04-01T03:57:59","guid":{"rendered":"https:\/\/www.radiopiu.net\/wordpress\/?p=268040"},"modified":"2022-04-01T18:08:13","modified_gmt":"2022-04-01T16:08:13","slug":"giornale-radiopiu-01-aprile-2022-direttore-mirko-mezzacasa","status":"publish","type":"post","link":"https:\/\/www.radiopiu.net\/wordpress\/giornale-radiopiu-01-aprile-2022-direttore-mirko-mezzacasa\/","title":{"rendered":"GIORNALE RADIOPIU 01 APRILE 2022 DIRETTORE MIRKO MEZZACASA"},"content":{"rendered":"<h3 class=\"kvgmc6g5 cxmmr5t8 oygrvhab hcukyx3x c1et5uql\"><span style=\"color: #0000ff;\"><strong>INFORMAZIONE il canale su TELEGRAM informazione di prima\u00a0 <\/strong><\/span><span style=\"color: #0000ff;\"><strong>mano e in tempo reale. iscriviti ed aiutaci a farlo conoscere<\/strong><\/span><\/h3>\n<h1><span style=\"color: #ff0000;\">BUON 7* COMPLEANNO GIORNALE RADIOPIU, IL PRIMO NUMERO ERA USCITO IL 1 APRILE 2015\u00a0 DA ALLORA IL QUOTIDIANO DELLE SEI DEL MATTINO E&#8217; SEMPRE USCITO PUNTUALMENTE, OGNI GIORNO DAL LUNEDI AL VENERDI, PER UN ANNO E MEZZO IN PIENA PANDEMIA ANCHE LA DOMENICA.<\/span><\/h1>\n<blockquote class=\"wp-embedded-content\" data-secret=\"fy7EgXg3J7\"><p><a href=\"https:\/\/www.radiopiu.net\/wordpress\/il-pesce-piu\/\">BUON COMPLEANNO GIORNALE RADIO PIU &#8230; e non \u00e8 un pesce d&#8217;aprile<\/a><\/p><\/blockquote>\n<p><iframe loading=\"lazy\" class=\"wp-embedded-content\" sandbox=\"allow-scripts\" security=\"restricted\" style=\"position: absolute; clip: rect(1px, 1px, 1px, 1px);\" title=\"&#8220;BUON COMPLEANNO GIORNALE RADIO PIU &#8230; e non \u00e8 un pesce d&#8217;aprile&#8221; &#8212; Radio Pi\u00f9\" src=\"https:\/\/www.radiopiu.net\/wordpress\/il-pesce-piu\/embed\/#?secret=fkcSNMjVvm#?secret=fy7EgXg3J7\" data-secret=\"fy7EgXg3J7\" width=\"600\" height=\"338\" frameborder=\"0\" marginwidth=\"0\" marginheight=\"0\" scrolling=\"no\"><\/iframe><\/p>\n<p>&nbsp;<\/p>\n<p>&nbsp;<\/p>\n<hr \/>\n<p>&nbsp;<\/p>\n<blockquote>\n<h3>C&#8217;E&#8217; TEMPO FINO AL 4 APRILE PER PRENOTARE L&#8217;UOVO DI PASQUA ED AIUTARE IL POPOLO UCRAINO<\/h3>\n<\/blockquote>\n<p><strong><a class=\"dt-pswp-item\" href=\"https:\/\/www.radiopiu.net\/wordpress\/wp-content\/uploads\/2022\/03\/277220915_10221731122211129_4232410933207517785_n.jpg\" data-dt-img-description=\"\" data-large_image_width=\"656\" data-large_image_height=\"960\"><img loading=\"lazy\" decoding=\"async\" class=\"size-thumbnail wp-image-267414 alignleft\" src=\"https:\/\/www.radiopiu.net\/wordpress\/wp-content\/uploads\/2022\/03\/277220915_10221731122211129_4232410933207517785_n-150x150.jpg\" alt=\"\" width=\"150\" height=\"150\" \/><\/a> <\/strong><\/p>\n<p><strong>\u00a0<\/strong><strong>LIMANA <\/strong>La Corale di Limana si \u00e8 fatta promotrice anche quest&#8217;anno di un iniziativa a sfondo solidale per la prossima Pasqua. Un uovo di cioccolato al latte con all&#8217;interno una pennetta Usb con 14 canti dei cori della provincia e due canti di cori ucraini.\u00a0 E\u2019 ancora possibile prenotare le uova con un offerta di 15\u20ac a singolo uovo, 10\u20ac per ordini superiori a tre , inviando un messaggio al numero 328 3847717 ENTRO IL 04 APRILE 2022. Media Partner: Radio Pi\u00f9<\/p>\n<p>&nbsp;<\/p>\n<p>&nbsp;<\/p>\n<p>&nbsp;<\/p>\n<hr \/>\n<p>&nbsp;<\/p>\n<blockquote>\n<h3>RIECCO I TOPI D&#8217;AUTO A SOSPIROLO, SUI SOCIAL IL TAM TAM CHE INVITA A PRESTARE MASSIMA ATTENZIONE<\/h3>\n<\/blockquote>\n<p><a class=\"dt-pswp-item\" href=\"https:\/\/www.radiopiu.net\/wordpress\/wp-content\/uploads\/2022\/03\/car-1590508__480.jpg\" data-dt-img-description=\"\" data-large_image_width=\"720\" data-large_image_height=\"480\"><img loading=\"lazy\" decoding=\"async\" class=\" wp-image-267335 alignleft\" src=\"https:\/\/www.radiopiu.net\/wordpress\/wp-content\/uploads\/2022\/03\/car-1590508__480-150x150.jpg\" alt=\"\" width=\"105\" height=\"105\" \/><\/a><strong>BELLUNO <\/strong>A una settimana dai furti d&#8217;auto con spaccata tra Belluno e Modolo (erano state prese di mira una Panda in piazza della stazione,\u00a0 una seconda auto a Modolo dove \u00e8 stata rubata una borsetta e una terza a Mier che ha fruttato un bottino di 200 euro) i ladri sono tornati ad agire, altri o forse gli stessi. Questa volta hanno cambiato zona spostandosi nel sospirolese e prendendo di mira le auto in piazza Lexy, nonch\u00e8 i parcheggi privati di Gron e Susin. Sempre lo stesso il modus operandi: spaccate di cristalli anche di una Bmw. All&#8217;interno i ladri non hanno trovato nulla, ma rimangono i gravi danni alle auto.Nel gruppo Facebook di Sospirolo \u00e8 scattato l&#8217;allarme ieri mattina e un altro abitante del paese ha postato l&#8217;immagine di un soggetto con cappello in testa e zaino in spalla che si fa un giro nella sua propriet\u00e0.<em> &#8220;Uno sconosciuto che intorno alle 01:35 \u00e8 entrato nella mia propriet\u00e0 e ha perlustrato le macchine e gli ingressi, per fortuna senza forzare o provare ad entrare, per\u00f2 sicuramente \u00e8 venuto a prendere informazioni&#8221;.<\/em> .Ai carabinieri di Feltre sono stati segnalati almeno quattro furti nella zona, per valori irrisori<\/p>\n<p>PAGINA FACEBOOK SEI DI SOSPIROLO SE<\/p>\n<div class=\"dati1w0a hv4rvrfc osnr6wyh\">\n<div class=\"btwxx1t3 j83agx80 cwj9ozl2\">\n<div class=\"j83agx80 cbu4d94t ew0dbk1b irj2b8pg\">\n<div class=\"qzhwtbm6 knvmm38d\">\n<p class=\"gmql0nx0 l94mrbxd p1ri9a11 lzcic4wl aahdfvyu hzawbc8m\"><span class=\"nc684nl6\"><a class=\"oajrlxb2 g5ia77u1 qu0x051f esr5mh6w e9989ue4 r7d6kgcz rq0escxv nhd2j8a9 nc684nl6 p7hjln8o kvgmc6g5 cxmmr5t8 oygrvhab hcukyx3x jb3vyjys rz4wbd8a qt6c0cv9 a8nywdso i1ao9s8h esuyzwwr f1sip0of lzcic4wl gpro0wi8 oo9gr5id lrazzd5p\" tabindex=\"0\" role=\"link\" href=\"https:\/\/www.facebook.com\/matteo.montanino.5?__cft__[0]=AZVtsLYDN0gkzzgfz9WiKdMOnwq-Ky3XPBhjsV-8XPorPp0bnr_5TEPrrJa3zOy0cYl4rwnZIZGAZZZ5R88V9ZNmac9P3MNbJrlJeFbLYp1tSCYu7FmcER3BdKdwg1oNtD4dXOLjEFjdy2EfTc1-h1UIeP12ejJz_esfrH9gvKo56W62P3yjDenRXy5IxAjDA9ybGS39mmJMIk3MXtKcFnhu&amp;__tn__=-UC%2CP-y-R\"><strong>Matteo Montanino<\/strong><\/a><\/span>Questa notte a Sospirolo hanno rubato sotto la piazza Lexy, la macchina \u00e8 la mia e hanno passato anche quella del vicino.<\/p>\n\n\t\t\t<style type='text\/css'>\n\t\t\t\t#gallery-1 {\n\t\t\t\t\tmargin: auto;\n\t\t\t\t}\n\t\t\t\t#gallery-1 .gallery-item {\n\t\t\t\t\tfloat: left;\n\t\t\t\t\tmargin-top: 10px;\n\t\t\t\t\ttext-align: center;\n\t\t\t\t\twidth: 33%;\n\t\t\t\t}\n\t\t\t\t#gallery-1 img {\n\t\t\t\t\tborder: 2px solid #cfcfcf;\n\t\t\t\t}\n\t\t\t\t#gallery-1 .gallery-caption {\n\t\t\t\t\tmargin-left: 0;\n\t\t\t\t}\n\t\t\t\t\/* see gallery_shortcode() in wp-includes\/media.php *\/\n\t\t\t<\/style>\n\t\t<div id='gallery-1' class='dt-gallery-container gallery galleryid-268040 gallery-columns-3 gallery-size-thumbnail'><dl class='gallery-item'>\n\t\t\t\t<dt class='gallery-icon portrait'>\n\t\t\t\t\t<a class=\"rollover rollover-zoom dt-pswp-item\" title=\"277558397_691727641964379_6982576681820321550_n\" data-dt-img-description=\"\" data-large_image_width=\"450\" data-large_image_height=\"600\"href='https:\/\/www.radiopiu.net\/wordpress\/wp-content\/uploads\/2022\/03\/277558397_691727641964379_6982576681820321550_n.jpg'><img loading=\"lazy\" decoding=\"async\" width=\"150\" height=\"150\" src=\"https:\/\/www.radiopiu.net\/wordpress\/wp-content\/uploads\/2022\/03\/277558397_691727641964379_6982576681820321550_n-150x150.jpg\" class=\"attachment-thumbnail size-thumbnail\" alt=\"\" \/><\/a>\n\t\t\t\t<\/dt><\/dl><dl class='gallery-item'>\n\t\t\t\t<dt class='gallery-icon landscape'>\n\t\t\t\t\t<a class=\"rollover rollover-zoom dt-pswp-item\" title=\"277573458_691727611964382_524655593952039970_n\" data-dt-img-description=\"\" data-large_image_width=\"600\" data-large_image_height=\"450\"href='https:\/\/www.radiopiu.net\/wordpress\/wp-content\/uploads\/2022\/03\/277573458_691727611964382_524655593952039970_n.jpg'><img loading=\"lazy\" decoding=\"async\" width=\"150\" height=\"150\" src=\"https:\/\/www.radiopiu.net\/wordpress\/wp-content\/uploads\/2022\/03\/277573458_691727611964382_524655593952039970_n-150x150.jpg\" class=\"attachment-thumbnail size-thumbnail\" alt=\"\" \/><\/a>\n\t\t\t\t<\/dt><\/dl><dl class='gallery-item'>\n\t\t\t\t<dt class='gallery-icon landscape'>\n\t\t\t\t\t<a class=\"rollover rollover-zoom dt-pswp-item\" title=\"277529889_691727601964383_8205454668846070302_n\" data-dt-img-description=\"\" data-large_image_width=\"600\" data-large_image_height=\"450\"href='https:\/\/www.radiopiu.net\/wordpress\/wp-content\/uploads\/2022\/03\/277529889_691727601964383_8205454668846070302_n.jpg'><img loading=\"lazy\" decoding=\"async\" width=\"150\" height=\"150\" src=\"https:\/\/www.radiopiu.net\/wordpress\/wp-content\/uploads\/2022\/03\/277529889_691727601964383_8205454668846070302_n-150x150.jpg\" class=\"attachment-thumbnail size-thumbnail\" alt=\"\" \/><\/a>\n\t\t\t\t<\/dt><\/dl><br style=\"clear: both\" \/>\n\t\t\t<\/div>\n\n<\/div>\n<p>&nbsp;<\/p>\n<div>\n<div class=\"ll8tlv6m j83agx80 btwxx1t3 n851cfcs hv4rvrfc dati1w0a pybr56ya\">\n<div class=\"buofh1pr\">\n<div class=\"j83agx80 cbu4d94t ew0dbk1b irj2b8pg\">\n<div class=\"qzhwtbm6 knvmm38d\">\n<p id=\"jsc_c_303\" class=\"gmql0nx0 l94mrbxd p1ri9a11 lzcic4wl aahdfvyu hzawbc8m\"><span class=\"\"><span class=\"nc684nl6\"><a class=\"oajrlxb2 g5ia77u1 qu0x051f esr5mh6w e9989ue4 r7d6kgcz rq0escxv nhd2j8a9 nc684nl6 p7hjln8o kvgmc6g5 cxmmr5t8 oygrvhab hcukyx3x jb3vyjys rz4wbd8a qt6c0cv9 a8nywdso i1ao9s8h esuyzwwr f1sip0of lzcic4wl gpro0wi8 oo9gr5id lrazzd5p\" tabindex=\"0\" role=\"link\" href=\"https:\/\/www.facebook.com\/groups\/281172542037180\/user\/1631688381\/?__cft__[0]=AZW3LSITdtULZMrW938u_rcU3DYMcvSLmZaPhMlo-Oli6-tG5FVuZtKXkV4paAESYoHw3kLIr0wW2T5G0pPSb4q0rtU2Hc8Fe-qNgJK07sNBotzMDjT0A6hak_3urDEqu2Wuj6fsyU7YXLexF6Qw5fJhKTzsQaDU3Pt--9p7GL7j06ZTynH-_br9GUud9SFjaUQ&amp;__tn__=-UC%2CP-R\"><strong>Pasquale Falbo<\/strong><\/a><\/span><\/span>\u00a0 volevo informare che questa notte intorno alle 01:35 qualcuno \u00e8 entrato nella mia propriet\u00e0 e ha perlustrato le macchine e gli ingressi, per fortuna senza forzare o provare ad entrare, per\u00f2 sicuramente \u00e8 venuto a prendere informazioni. Spero di fare cosa gradita per cercare di prevenire eventuali furti a Sospirolo.<\/p>\n<p><a class=\"dt-pswp-item\" href=\"https:\/\/www.radiopiu.net\/wordpress\/wp-content\/uploads\/2022\/03\/277589035_10224137795945928_3454717908387986690_n.jpg\" data-dt-img-description=\"\" data-large_image_width=\"802\" data-large_image_height=\"540\"><img loading=\"lazy\" decoding=\"async\" class=\"alignnone size-medium wp-image-268234\" src=\"https:\/\/www.radiopiu.net\/wordpress\/wp-content\/uploads\/2022\/03\/277589035_10224137795945928_3454717908387986690_n-300x202.jpg\" alt=\"\" width=\"300\" height=\"202\" srcset=\"https:\/\/www.radiopiu.net\/wordpress\/wp-content\/uploads\/2022\/03\/277589035_10224137795945928_3454717908387986690_n-300x202.jpg 300w, https:\/\/www.radiopiu.net\/wordpress\/wp-content\/uploads\/2022\/03\/277589035_10224137795945928_3454717908387986690_n-768x517.jpg 768w, https:\/\/www.radiopiu.net\/wordpress\/wp-content\/uploads\/2022\/03\/277589035_10224137795945928_3454717908387986690_n.jpg 802w\" sizes=\"auto, (max-width: 300px) 100vw, 300px\" \/><\/a><\/p>\n<p>&nbsp;<\/p>\n<hr \/>\n<p>&nbsp;<\/p>\n<blockquote>\n<h3>IERI NEVE SUI PASSI DURAN, CIBIANA E STAULANZA, ULTERIORI PROBLEMI PER GLI ZOLDANI<\/h3>\n<\/blockquote>\n<div dir=\"auto\"><strong>VAL DI ZOLDO<\/strong> &#8220;<em>31\/3 ore 10 Passo Cibiana e passo Duran (Sp. 347) innevati&#8221;<\/em> cos\u00ec ieri il sindaco Camillo De Pellegrin, non per criticare\u00a0 l\u2019operato di Veneto strade (che gestisce le strade per conto della Provincia) che fa quello che pu\u00f2, ma per rappresentare uno spunto di riflessione\u00a0 &#8220;<em>La circostanza che questi due passi siano spesso impercorribili \u00e8 oggettiva! a chi afferma quindi che tanto per uscire dalla Valle l\u2019alternativa c\u2019\u00e8\u201d rivolgo l\u2019invito a farsi un giro! Poi ne riparliamo. <\/em><em>Passo Staulanza lo risparmio\u2026&#8221;<\/em><\/div>\n<p>&nbsp;<\/p>\n\n\t\t\t<style type='text\/css'>\n\t\t\t\t#gallery-2 {\n\t\t\t\t\tmargin: auto;\n\t\t\t\t}\n\t\t\t\t#gallery-2 .gallery-item {\n\t\t\t\t\tfloat: left;\n\t\t\t\t\tmargin-top: 10px;\n\t\t\t\t\ttext-align: center;\n\t\t\t\t\twidth: 50%;\n\t\t\t\t}\n\t\t\t\t#gallery-2 img {\n\t\t\t\t\tborder: 2px solid #cfcfcf;\n\t\t\t\t}\n\t\t\t\t#gallery-2 .gallery-caption {\n\t\t\t\t\tmargin-left: 0;\n\t\t\t\t}\n\t\t\t\t\/* see gallery_shortcode() in wp-includes\/media.php *\/\n\t\t\t<\/style>\n\t\t<div id='gallery-2' class='dt-gallery-container gallery galleryid-268040 gallery-columns-2 gallery-size-thumbnail'><dl class='gallery-item'>\n\t\t\t\t<dt class='gallery-icon portrait'>\n\t\t\t\t\t<a class=\"rollover rollover-zoom dt-pswp-item\" title=\"277665618_4924072307706095_259344632387642397_n\" data-dt-img-description=\"\" data-large_image_width=\"450\" data-large_image_height=\"600\"href='https:\/\/www.radiopiu.net\/wordpress\/wp-content\/uploads\/2022\/04\/277665618_4924072307706095_259344632387642397_n.jpg'><img loading=\"lazy\" decoding=\"async\" width=\"150\" height=\"150\" src=\"https:\/\/www.radiopiu.net\/wordpress\/wp-content\/uploads\/2022\/04\/277665618_4924072307706095_259344632387642397_n-150x150.jpg\" class=\"attachment-thumbnail size-thumbnail\" alt=\"\" \/><\/a>\n\t\t\t\t<\/dt><\/dl><dl class='gallery-item'>\n\t\t\t\t<dt class='gallery-icon portrait'>\n\t\t\t\t\t<a class=\"rollover rollover-zoom dt-pswp-item\" title=\"277676394_4924072287706097_1974110308380391074_n\" data-dt-img-description=\"\" data-large_image_width=\"450\" data-large_image_height=\"600\"href='https:\/\/www.radiopiu.net\/wordpress\/wp-content\/uploads\/2022\/04\/277676394_4924072287706097_1974110308380391074_n.jpg'><img loading=\"lazy\" decoding=\"async\" width=\"150\" height=\"150\" src=\"https:\/\/www.radiopiu.net\/wordpress\/wp-content\/uploads\/2022\/04\/277676394_4924072287706097_1974110308380391074_n-150x150.jpg\" class=\"attachment-thumbnail size-thumbnail\" alt=\"\" \/><\/a>\n\t\t\t\t<\/dt><\/dl><br style=\"clear: both\" \/>\n\t\t\t<\/div>\n\n<p>&nbsp;<\/p>\n<blockquote>\n<h3>LAVORI IN VIA MOLIN NELLO ZOLDANO<\/h3>\n<\/blockquote>\n<p><strong><a class=\"dt-pswp-item\" href=\"https:\/\/www.radiopiu.net\/wordpress\/wp-content\/uploads\/2022\/03\/277488337_4921340007979325_8195195079976077689_n-1.jpg\" data-dt-img-description=\"\" data-large_image_width=\"450\" data-large_image_height=\"600\"><img loading=\"lazy\" decoding=\"async\" class=\"wp-image-268102 alignleft\" src=\"https:\/\/www.radiopiu.net\/wordpress\/wp-content\/uploads\/2022\/03\/277488337_4921340007979325_8195195079976077689_n-1-225x300.jpg\" alt=\"\" width=\"124\" height=\"165\" srcset=\"https:\/\/www.radiopiu.net\/wordpress\/wp-content\/uploads\/2022\/03\/277488337_4921340007979325_8195195079976077689_n-1-225x300.jpg 225w, https:\/\/www.radiopiu.net\/wordpress\/wp-content\/uploads\/2022\/03\/277488337_4921340007979325_8195195079976077689_n-1.jpg 450w\" sizes=\"auto, (max-width: 124px) 100vw, 124px\" \/><\/a>VAL DI ZOLDO<\/strong> Il sindaco Camillo De Pellegrin dalla sua pagina facebook informa: \u00a0<em>&#8220;Con l&#8217;inizio dei lavori di consolidamento, mediante terre armate, di un tratto di Via Molin, \u00e8 emersa la necessit\u00e0, per la qualit\u00e0 del materiale sottostante la strada, di istituire il divieto di transito durante le prime fasi di lavorazione, con deviazione attraverso Via Mez. \u00a0In caso di neve, ove non fosse possibile mantenere pulita Via Mez, si valuter\u00e0, in base allo stato di avanzamento dei lavori ,la possibilit\u00e0 di far transitare le sole auto a senso unico alternato nel tratto interessato dai lavori&#8221;.\u00a0<\/em><\/p>\n<p>&nbsp;<\/p>\n<p>&nbsp;<\/p>\n<p>&nbsp;<\/p>\n<p>&nbsp;<\/p>\n<p>&nbsp;<\/p>\n<hr \/>\n<p>&nbsp;<\/p>\n<p><span style=\"color: #ff0000;\">OGGI SUL CORRIERE DELLE ALPI<\/span><br \/>\n<span style=\"color: #ff0000;\">DI Gigi Sosso<\/span><\/p>\n<h3 class=\"articlePlainTitle\">Esenzione vaccinale il negozio resta chiuso<\/h3>\n<div class=\"articlePlainText\"><strong>ROCCA PIETORE\u00a0 I<\/strong>l negozio di Rocca Pietore rimane chiuso, anche se da oggi ai due commercianti indagati per tentata truffa basterebbe un tampone negativo. Entrambi hanno riavuto telefoni e computer. Dissequestro anche per il medico di base Luca Favero, che invece \u00e8 indagato per falso e, nel frattempo, ha lasciato Livinallongo e Colle Santa Lucia ed \u00e8 andato a lavorare a Cencenighe e Alleghe.<\/div>\n<div><\/div>\n<div><\/div>\n<div><\/div>\n<div><\/div>\n<blockquote>\n<div><\/div>\n<\/blockquote>\n<div>\n<hr \/>\n<\/div>\n<blockquote>\n<div><\/div>\n<\/blockquote>\n<div><\/div>\n<h3>IMPIANTI VALFIORENTINA &#8220;L&#8217;ECO DEL SILENZIO&#8221;<\/h3>\n<div>\n<p><a class=\"dt-pswp-item\" href=\"https:\/\/www.radiopiu.net\/wordpress\/wp-content\/uploads\/2022\/03\/254026600_962124181039693_1306450083412456774_n.png\" data-dt-img-description=\"\" data-large_image_width=\"390\" data-large_image_height=\"300\"><img loading=\"lazy\" decoding=\"async\" class=\"size-thumbnail wp-image-267555 alignleft\" src=\"https:\/\/www.radiopiu.net\/wordpress\/wp-content\/uploads\/2022\/03\/254026600_962124181039693_1306450083412456774_n-150x150.png\" alt=\"\" width=\"150\" height=\"150\" \/><\/a><strong>SELVA DI CADORE<\/strong> &#8220;Insieme per Selva&#8221;, gruppo di minoranza nel consiglio comunale chiede chiarimenti a distanza di alcuni mesi dall&#8217;assemblea annuale della Impianti Valfiorentina. Gi\u00e0 nei consigli comunali prima e dopo la riunione s&#8217;era levata con forza in consiglio comunale la richiesta che il Comune di Selva potesse ricevere un report trimestrale sui conti\u00a0 per\u00a0 monitorare l\u2019andamento in un momento di difficolt\u00e0 per tutto il comparto degli impianti a fune<em> &#8220;A <a class=\"dt-pswp-item\" href=\"https:\/\/www.radiopiu.net\/wordpress\/wp-content\/uploads\/2022\/03\/251662426_959577344627710_6164325192431188896_n.jpg\" data-dt-img-description=\"\" data-large_image_width=\"206\" data-large_image_height=\"206\"><img loading=\"lazy\" decoding=\"async\" class=\"size-thumbnail wp-image-267553 alignright\" src=\"https:\/\/www.radiopiu.net\/wordpress\/wp-content\/uploads\/2022\/03\/251662426_959577344627710_6164325192431188896_n-150x150.jpg\" alt=\"\" width=\"150\" height=\"150\" srcset=\"https:\/\/www.radiopiu.net\/wordpress\/wp-content\/uploads\/2022\/03\/251662426_959577344627710_6164325192431188896_n-150x150.jpg 150w, https:\/\/www.radiopiu.net\/wordpress\/wp-content\/uploads\/2022\/03\/251662426_959577344627710_6164325192431188896_n.jpg 206w\" sizes=\"auto, (max-width: 150px) 100vw, 150px\" \/><\/a>distanza di oltre 3 mesi di quel report non c\u2019\u00e8 apparentemente traccia, anche se in seguito ad interrogazione della minoranza di \u201cInsieme per Selva\u201d &#8211; nel consiglio comunale dello scorso 14 marzo &#8211; il Sindaco affermava che fosse arrivato in comune e di farne formale richiesta (sic)&#8221;\u00a0<\/em>Lo rimarca Adriano Peretti capogruppo dell&#8217;opposizione al sindaco Luca Lorenzini anche perch\u00e8 sono trascorsi 13 giorni dall&#8217;invio della posta certificata al Comune ma non \u00e8 arrivata nessuna risposta. <em>&#8220;\u201cUn atteggiamento inspiegabile e francamente inaccettabile \u2013\u00a0 attacca Peretti &#8211;\u00a0 Abbiamo tutto il diritto di conoscere lo stato economico della Societ\u00e0 e troviamo singolare, giusto per fare un esempio, che nella sezione trasparenza del\u00a0 sito istituzionale non sia stato ancora pubblicato il verbale dell\u2019ultima assemblea. Auspichiamo che qualcuno voglia presto chiarire&#8221;.<\/em><\/p>\n<p>&nbsp;<\/p>\n<p>&nbsp;<\/p>\n<\/div>\n<p>&nbsp;<\/p>\n<\/div>\n<\/div>\n<\/div>\n<\/div>\n<\/div>\n<\/div>\n<\/div>\n<\/div>\n<hr \/>\n<p>&nbsp;<\/p>\n<blockquote>\n<h3>IL MINISTRO FEDERICO D&#8217;INCA&#8217; RINGRAZIA GLI ALUNNI DELLE SCUOLE DI AGORDO<\/h3>\n<\/blockquote>\n<p><strong><a class=\"dt-pswp-item\" href=\"https:\/\/www.radiopiu.net\/wordpress\/wp-content\/uploads\/2022\/03\/Schermata-2022-03-31-alle-10.40.35.png\" data-dt-img-description=\"\" data-large_image_width=\"1812\" data-large_image_height=\"904\"><img loading=\"lazy\" decoding=\"async\" class=\" wp-image-268120 alignleft\" src=\"https:\/\/www.radiopiu.net\/wordpress\/wp-content\/uploads\/2022\/03\/Schermata-2022-03-31-alle-10.40.35-300x150.png\" alt=\"\" width=\"194\" height=\"97\" srcset=\"https:\/\/www.radiopiu.net\/wordpress\/wp-content\/uploads\/2022\/03\/Schermata-2022-03-31-alle-10.40.35-300x150.png 300w, https:\/\/www.radiopiu.net\/wordpress\/wp-content\/uploads\/2022\/03\/Schermata-2022-03-31-alle-10.40.35-1024x511.png 1024w, https:\/\/www.radiopiu.net\/wordpress\/wp-content\/uploads\/2022\/03\/Schermata-2022-03-31-alle-10.40.35-768x383.png 768w, https:\/\/www.radiopiu.net\/wordpress\/wp-content\/uploads\/2022\/03\/Schermata-2022-03-31-alle-10.40.35-1536x766.png 1536w, https:\/\/www.radiopiu.net\/wordpress\/wp-content\/uploads\/2022\/03\/Schermata-2022-03-31-alle-10.40.35.png 1812w\" sizes=\"auto, (max-width: 194px) 100vw, 194px\" \/><\/a>ROMA<\/strong> Il Ministro per il rapporti con il Parlamento Federico D&#8217;Inc\u00e0 dopo aver visto foto e video degli alunni delle scuole di Agordo ha scritto al dirigente scolastico Giovanni Paolo Zanin. Ecco il testo del messaggio.<\/p>\n<blockquote><p><em>Con questo breve messaggio desidero esprimere il mio pi\u00f9 sentito ringraziamento per i messaggi di pace che avete espresso attraverso la vostra creativit\u00e0. \u00c8 stato un gesto importantissimo, che ho particolarmente apprezzato da cittadino, prima ancora che da Ministro. <\/em><em>Ogni guerra porta morte, distruzione e sofferenze ed \u00e8 nostro compito lavorare assieme per garantire la pace tra i popoli e risolvere i conflitti. <\/em><em>Il vostro prezioso contributo deve servire a farci riflettere sul valore della fratellanza e dell\u2019uguaglianza: dobbiamo essere bravi a costruire ponti di unione tra Paesi, sconfiggendo ogni conflitto e ricordandoci giorno dopo giorno quanto la vita sia un bene prezioso. <\/em><em>Con il vostro impegno e con quello della comunit\u00e0 Agordina e dei territori del Bellunese, riusciremo a lanciare questo messaggio di speranza e fiducia. A voi ragazzi e ai vostri insegnanti rinnovo il mio ringraziamento: siete una grande promessa per il futuro che tutti sogniamo. <\/em><em>Mi auguro di potervi incontrare al pi\u00f9 presto per ascoltare le vostre opinioni e le vostre idee e condividere con voi i valori e il desiderio di pace che vogliamo portare avanti.<\/em><\/p><\/blockquote>\n<p>&nbsp;<\/p>\n<h2><span style=\"color: #ff0000;\"><strong>DAL SITO DI RADIO PIU&#8217; &#8211; 29 MARZO 2022<\/strong><\/span><\/h2>\n<blockquote class=\"wp-embedded-content\" data-secret=\"ZUvy7Rpn9u\"><p><a href=\"https:\/\/www.radiopiu.net\/wordpress\/asp\/\">LE SCUOLE DI AGORDO &#8220;PER UN MONDO DI PACE&#8221; &#8211; VIDEO &#8211;<\/a><\/p><\/blockquote>\n<p><iframe loading=\"lazy\" class=\"wp-embedded-content\" sandbox=\"allow-scripts\" security=\"restricted\" style=\"position: absolute; clip: rect(1px, 1px, 1px, 1px);\" title=\"&#8220;LE SCUOLE DI AGORDO &#8220;PER UN MONDO DI PACE&#8221; &#8211; VIDEO &#8211;&#8221; &#8212; Radio Pi\u00f9\" src=\"https:\/\/www.radiopiu.net\/wordpress\/asp\/embed\/#?secret=YSJfgu9HTN#?secret=ZUvy7Rpn9u\" data-secret=\"ZUvy7Rpn9u\" width=\"600\" height=\"338\" frameborder=\"0\" marginwidth=\"0\" marginheight=\"0\" scrolling=\"no\"><\/iframe><\/p>\n<p>&nbsp;<\/p>\n<p>&nbsp;<\/p>\n<p>&nbsp;<\/p>\n<hr \/>\n<p>&nbsp;<\/p>\n<blockquote>\n<h3>CONTRO IL CARO CARBURANTI LA COMMISSIONE TRASPORTI LUXOTTICA CONSIGLIA I MEZZI PUBBLICI<\/h3>\n<\/blockquote>\n<p><strong><a class=\"dt-pswp-item\" href=\"https:\/\/www.radiopiu.net\/wordpress\/wp-content\/uploads\/2020\/07\/814ace46-a8a2-4c2d-a100-4d87aa509ef3.jpg\" data-dt-img-description=\"\" data-large_image_width=\"1560\" data-large_image_height=\"1170\"><img loading=\"lazy\" decoding=\"async\" class=\"wp-image-152483 alignleft\" src=\"https:\/\/www.radiopiu.net\/wordpress\/wp-content\/uploads\/2020\/07\/814ace46-a8a2-4c2d-a100-4d87aa509ef3-300x225.jpg\" alt=\"\" width=\"152\" height=\"114\" srcset=\"https:\/\/www.radiopiu.net\/wordpress\/wp-content\/uploads\/2020\/07\/814ace46-a8a2-4c2d-a100-4d87aa509ef3-300x225.jpg 300w, https:\/\/www.radiopiu.net\/wordpress\/wp-content\/uploads\/2020\/07\/814ace46-a8a2-4c2d-a100-4d87aa509ef3-1024x768.jpg 1024w, https:\/\/www.radiopiu.net\/wordpress\/wp-content\/uploads\/2020\/07\/814ace46-a8a2-4c2d-a100-4d87aa509ef3-768x576.jpg 768w, https:\/\/www.radiopiu.net\/wordpress\/wp-content\/uploads\/2020\/07\/814ace46-a8a2-4c2d-a100-4d87aa509ef3-1536x1152.jpg 1536w, https:\/\/www.radiopiu.net\/wordpress\/wp-content\/uploads\/2020\/07\/814ace46-a8a2-4c2d-a100-4d87aa509ef3.jpg 1560w\" sizes=\"auto, (max-width: 152px) 100vw, 152px\" \/><\/a>AGORDO<\/strong> Dopo l&#8217;aumento dei costi dei carburanti \u00e8 purtroppo evidente che ci vorr\u00e0 del tempo per ritornare alle quotazioni precedenti. Nonostante l&#8217;aumento della benzina e del gasolio gli abbonamenti ai mezzi pubblici sono rimasti invariati e per questo la RSU di Luxottica Agordo, pi\u00f9 precisamente la commissione trasporti, invita ad utilizzare i mezzi a disposizione anzich\u00e8 la propria auto considerando anche gli extra di manutenzione del proprio mezzo. &#8220;<em>Il prezzo degli abbonamenti \u00e8 rimasto invariato rendendo ancora pi\u00f9 conveniente la scelta di utilizzare gli autobus &#8211; dicono dalla commissione trasporti &#8211; preferire il mezzo pubblico inoltre permette di rispettare l&#8217;ambiente e viaggiare pi\u00f9 sicuri. Vero che il mezzo pubblico pu\u00f2 comportare un pizzico di libert\u00e0 in meno ma gli orari sono stati studiati in base alle esigenze dei lavoratori, inoltre si risparmia il tempo di cercare parcheggio<\/em>&#8220;.<\/p>\n<p>&nbsp;<\/p>\n<hr \/>\n<p>&nbsp;<\/p>\n<blockquote>\n<h3>DECISA LA DATA DELLE ELEZIONI COMUNALI: SI VOTA IL PROSSIMO 12 GIUGNO<\/h3>\n<\/blockquote>\n<p><strong><a class=\"dt-pswp-item\" href=\"https:\/\/www.radiopiu.net\/wordpress\/wp-content\/uploads\/2021\/10\/risultati-elezioni-comunali-2021-amministrative-oggi-today-2.jpg\" data-dt-img-description=\"\" data-large_image_width=\"640\" data-large_image_height=\"360\"><img loading=\"lazy\" decoding=\"async\" class=\" wp-image-235320 alignleft\" src=\"https:\/\/www.radiopiu.net\/wordpress\/wp-content\/uploads\/2021\/10\/risultati-elezioni-comunali-2021-amministrative-oggi-today-2-300x169.jpg\" alt=\"\" width=\"204\" height=\"115\" srcset=\"https:\/\/www.radiopiu.net\/wordpress\/wp-content\/uploads\/2021\/10\/risultati-elezioni-comunali-2021-amministrative-oggi-today-2-300x169.jpg 300w, https:\/\/www.radiopiu.net\/wordpress\/wp-content\/uploads\/2021\/10\/risultati-elezioni-comunali-2021-amministrative-oggi-today-2.jpg 640w\" sizes=\"auto, (max-width: 204px) 100vw, 204px\" \/><\/a>REDAZIONE<\/strong> Roma decide la data delle elezioni comunali della tornata di primavera 2022: sar\u00e0 il 12 giugno. Si voter\u00e0 in un solo giorno, la domenica. In Veneto saranno 86 i Comuni al voto, fra cui tre capoluoghi di provincia: Padova, Verona e Belluno.\u00a0 Nella stessa data si svolgeranno anche i referendum. Secondo turno per le elezioni comunali, in caso di ballottaggi, domenica 26 giugno.<\/p>\n<p><strong>PROVINCIA DI BELLUNO (12 COMUNI)\u00a0 <\/strong>Auronzo di Cadore\u00a0 Belluno Cesiomaggiore Cortina d&#8217;Ampezzo\u00a0 Falcade\u00a0 Feltre\u00a0 Fonzaso\u00a0 Lamon Rivamonte\u00a0 Soverzene\u00a0Tambre<\/p>\n<p>&nbsp;<\/p>\n<hr \/>\n<blockquote>\n<h3><\/h3>\n<h3>ELEZIONI A RIVAMONTE, TUTTO INDEFINITO E RISCHIO DI COMMISSARIAMENTO CONCRETO<\/h3>\n<\/blockquote>\n<p><strong><img loading=\"lazy\" decoding=\"async\" class=\"alignleft\" src=\"https:\/\/www.radiopiu.net\/wordpress\/wp-content\/uploads\/2021\/09\/DJI_0034-scaled.jpg\" width=\"175\" height=\"131\" \/>RIVAMONTE<\/strong><\/p>\n<p><strong>DI GIANNI SANTOMASO<\/strong><\/p>\n<audio class=\"wp-audio-shortcode\" id=\"audio-268040-1\" preload=\"none\" style=\"width: 100%;\" controls=\"controls\"><source type=\"audio\/mpeg\" src=\"https:\/\/www.radiopiu.net\/wordpress\/wp-content\/uploads\/2022\/03\/gianni-santomaso-2.mp3?_=1\" \/><a href=\"https:\/\/www.radiopiu.net\/wordpress\/wp-content\/uploads\/2022\/03\/gianni-santomaso-2.mp3\">https:\/\/www.radiopiu.net\/wordpress\/wp-content\/uploads\/2022\/03\/gianni-santomaso-2.mp3<\/a><\/audio>\n<p>&nbsp;<\/p>\n<p>&nbsp;<\/p>\n<hr \/>\n<p>&nbsp;<\/p>\n<blockquote>\n<h3 style=\"text-align: left;\">FINALMENTE LA RIAPERTURA DEL &#8220;MOLIN DEL NANI TRANCO&#8221; ED E&#8217; GIA&#8217; POLEMICA CON L&#8217;ALTO AGORDINO<\/h3>\n<\/blockquote>\n<blockquote><p><em>E il prossimo anno sar\u00e0 recuperata anche la &#8220;Siega dei Marin&#8221;, antica segheria adiacente il mulino, fondi dei Comuni di Confine bene spesi.<\/em><\/p><\/blockquote>\n<p><strong><a class=\"dt-pswp-item\" href=\"https:\/\/www.radiopiu.net\/wordpress\/wp-content\/uploads\/2022\/03\/e0f3d505-2cfc-48e9-b742-cdb129ad893f.jpg\" data-dt-img-description=\"\" data-large_image_width=\"1920\" data-large_image_height=\"1080\"><img loading=\"lazy\" decoding=\"async\" class=\" wp-image-267994 alignleft\" src=\"https:\/\/www.radiopiu.net\/wordpress\/wp-content\/uploads\/2022\/03\/e0f3d505-2cfc-48e9-b742-cdb129ad893f-300x169.jpg\" alt=\"\" width=\"266\" height=\"150\" srcset=\"https:\/\/www.radiopiu.net\/wordpress\/wp-content\/uploads\/2022\/03\/e0f3d505-2cfc-48e9-b742-cdb129ad893f-300x169.jpg 300w, https:\/\/www.radiopiu.net\/wordpress\/wp-content\/uploads\/2022\/03\/e0f3d505-2cfc-48e9-b742-cdb129ad893f-1024x576.jpg 1024w, https:\/\/www.radiopiu.net\/wordpress\/wp-content\/uploads\/2022\/03\/e0f3d505-2cfc-48e9-b742-cdb129ad893f-768x432.jpg 768w, https:\/\/www.radiopiu.net\/wordpress\/wp-content\/uploads\/2022\/03\/e0f3d505-2cfc-48e9-b742-cdb129ad893f-1536x864.jpg 1536w, https:\/\/www.radiopiu.net\/wordpress\/wp-content\/uploads\/2022\/03\/e0f3d505-2cfc-48e9-b742-cdb129ad893f.jpg 1920w\" sizes=\"auto, (max-width: 266px) 100vw, 266px\" \/><\/a>TAIBON<\/strong> In questi ultimi anni la comunit\u00e0 di Taibon ha visto chiudere numerose attivit\u00e0 commerciali, ma finalmente una buona notizia, domani \u00e8 prevista la riapertura del noto <em>&#8220;Molin del Nani Tranco&#8221;<\/em>, situato in centro a Taibon. Dopo lungo tempo e\u00a0 un laborioso e difficoltoso intervento mirato,\u00a0 \u00e8 stata sistemata la roggia che porta l&#8217;acqua dalla localit\u00e0\u00a0 di Forno Val, l&#8217;acqua d\u00e0 impulso e forza motrice al vecchio mulino, completamente ristrutturato e tornato all&#8217;antico splendore. L&#8217;edificio \u00e8 stato dotato di grosse mole di pietra circolare per la macinatura di granoturco, segale e frumento. E&#8217; stato inoltre <a class=\"dt-pswp-item\" href=\"https:\/\/www.radiopiu.net\/wordpress\/wp-content\/uploads\/2022\/03\/e8923056-e82a-4707-9491-6a5b6b7caf4a.jpg\" data-dt-img-description=\"\" data-large_image_width=\"1920\" data-large_image_height=\"1080\"><img loading=\"lazy\" decoding=\"async\" class=\"size-medium wp-image-267992 alignright\" src=\"https:\/\/www.radiopiu.net\/wordpress\/wp-content\/uploads\/2022\/03\/e8923056-e82a-4707-9491-6a5b6b7caf4a-300x169.jpg\" alt=\"\" width=\"300\" height=\"169\" srcset=\"https:\/\/www.radiopiu.net\/wordpress\/wp-content\/uploads\/2022\/03\/e8923056-e82a-4707-9491-6a5b6b7caf4a-300x169.jpg 300w, https:\/\/www.radiopiu.net\/wordpress\/wp-content\/uploads\/2022\/03\/e8923056-e82a-4707-9491-6a5b6b7caf4a-1024x576.jpg 1024w, https:\/\/www.radiopiu.net\/wordpress\/wp-content\/uploads\/2022\/03\/e8923056-e82a-4707-9491-6a5b6b7caf4a-768x432.jpg 768w, https:\/\/www.radiopiu.net\/wordpress\/wp-content\/uploads\/2022\/03\/e8923056-e82a-4707-9491-6a5b6b7caf4a-1536x864.jpg 1536w, https:\/\/www.radiopiu.net\/wordpress\/wp-content\/uploads\/2022\/03\/e8923056-e82a-4707-9491-6a5b6b7caf4a.jpg 1920w\" sizes=\"auto, (max-width: 300px) 100vw, 300px\" \/><\/a>dotato di due macine pi\u00f9 piccole per la pilatura dell&#8217;orzo (pestin da orz) in accordo con numerosi imprenditori agricoli di San Tomaso Agordino ed una nota fabbrica di birra presente in provincia. Pertanto nella mattinata di domani, alle 11, si terr\u00e0 l&#8217;inaugurazione dell&#8217;importante struttura commerciale con i discorsi ufficiali alla presenza della autorit\u00e0 locali,\u00a0 provinciali e regionali non \u00e8 esclusa la presenza del Ministro Federico D&#8217;Inc\u00e0. Unica nota di rammarico \u00e8 stata comunicata stamane via social da un mugnaio che opera in una nota frazione dell&#8217;Alto <a class=\"dt-pswp-item\" href=\"https:\/\/www.radiopiu.net\/wordpress\/wp-content\/uploads\/2019\/07\/AGORDO-ROBERTO-CHISSALE.jpg\" data-dt-img-description=\"\" data-large_image_width=\"1600\" data-large_image_height=\"1600\"><img loading=\"lazy\" decoding=\"async\" class=\"wp-image-93612 alignleft\" src=\"https:\/\/www.radiopiu.net\/wordpress\/wp-content\/uploads\/2019\/07\/AGORDO-ROBERTO-CHISSALE-300x300.jpg\" alt=\"\" width=\"151\" height=\"151\" srcset=\"https:\/\/www.radiopiu.net\/wordpress\/wp-content\/uploads\/2019\/07\/AGORDO-ROBERTO-CHISSALE-300x300.jpg 300w, https:\/\/www.radiopiu.net\/wordpress\/wp-content\/uploads\/2019\/07\/AGORDO-ROBERTO-CHISSALE-150x150.jpg 150w, https:\/\/www.radiopiu.net\/wordpress\/wp-content\/uploads\/2019\/07\/AGORDO-ROBERTO-CHISSALE-768x768.jpg 768w, https:\/\/www.radiopiu.net\/wordpress\/wp-content\/uploads\/2019\/07\/AGORDO-ROBERTO-CHISSALE-1024x1024.jpg 1024w, https:\/\/www.radiopiu.net\/wordpress\/wp-content\/uploads\/2019\/07\/AGORDO-ROBERTO-CHISSALE.jpg 1600w\" sizes=\"auto, (max-width: 151px) 100vw, 151px\" \/><\/a>Agordino il quale teme la concorrenza sleale di questa iniziativa, nata da imprenditori\u00a0 appellati &#8220;Talian&#8221;. Egli infatti si raccomanda di mantenere inalterata la ricompensa per la macinatura della segale (kg 5 di farina ogni quintale di macinato, detta anticamente anche &#8220;molenda&#8221;). La risposta immediata \u00e8 stata quella di non creare falsi allarmismi in quanto con questo forte ritorno all&#8217;agricoltura ci sar\u00e0 sicuramente lavoro per entrambi i mulini. Domani dopo l&#8217;inaugurazione il rinfresco con lo staff della Cooperativa Agricola Agordina del Presidente Roberto Chissal\u00e8 che per l&#8217;occasione preannuncia gustose degustazioni e un omaggio ai presenti. <em>&#8220;Sar\u00f2 a Taibon in riva al Tegnas in veste di chef del formaggio &#8211; dice Chissal\u00e8 &#8211; con la collaborazione degli amici dell&#8217;Unione Sportiva Le Ville, un&#8217;occasione per stare insieme e proporre i prodotti della terra agordina poich\u00e9 anche quest&#8217;anno il giorno di San Vincenzo non ci permetter\u00e0 di organizzare la solita festa. Ma mi porter\u00f2 anche la fascia tricolore nel rispetto della collega sindaco Silvia Tormen&#8221;.<\/em><\/p>\n<blockquote><p><em> Si raccomanda l&#8217;osservanza delle disposizione per la pandemia, mascherina e possibilmente anche se le nuove norme entreranno in vigore domani, di non creare assembramenti tra il centro del paese, soprattutto tra il vecchio Municipio e il sacello di San Rocco.<\/em><\/p>\n<p>&nbsp;<\/p><\/blockquote>\n<p>&nbsp;<\/p>\n<hr \/>\n<p>&nbsp;<\/p>\n<blockquote class=\"wp-embedded-content\" data-secret=\"ATrEMh9BFJ\"><p><a href=\"https:\/\/www.radiopiu.net\/wordpress\/ag01marzo2231\/\">CORONAVIRUS: AGGIORNAMENTO NAZIONALE 31 MARZO 2022<\/a><\/p><\/blockquote>\n<p><iframe loading=\"lazy\" class=\"wp-embedded-content\" sandbox=\"allow-scripts\" security=\"restricted\" style=\"position: absolute; clip: rect(1px, 1px, 1px, 1px);\" title=\"&#8220;CORONAVIRUS: AGGIORNAMENTO NAZIONALE 31 MARZO 2022&#8221; &#8212; Radio Pi\u00f9\" src=\"https:\/\/www.radiopiu.net\/wordpress\/ag01marzo2231\/embed\/#?secret=uI4FaxnWus#?secret=ATrEMh9BFJ\" data-secret=\"ATrEMh9BFJ\" width=\"600\" height=\"338\" frameborder=\"0\" marginwidth=\"0\" marginheight=\"0\" scrolling=\"no\"><\/iframe><\/p>\n<p>&nbsp;<\/p>\n<blockquote class=\"wp-embedded-content\" data-secret=\"551jGrUrlt\"><p><a href=\"https:\/\/www.radiopiu.net\/wordpress\/aggmarz31\/\">AUMENTANO I RICOVERI IN PROVINCIA DI BELLUNO. IN VENETO 13 DECESSI E 7720 NUOVE POSITIVITA&#8217;<\/a><\/p><\/blockquote>\n<p><iframe loading=\"lazy\" class=\"wp-embedded-content\" sandbox=\"allow-scripts\" security=\"restricted\" style=\"position: absolute; clip: rect(1px, 1px, 1px, 1px);\" title=\"&#8220;AUMENTANO I RICOVERI IN PROVINCIA DI BELLUNO. IN VENETO 13 DECESSI E 7720 NUOVE POSITIVITA&#8217;&#8221; &#8212; Radio Pi\u00f9\" src=\"https:\/\/www.radiopiu.net\/wordpress\/aggmarz31\/embed\/#?secret=SwMM5mHmZK#?secret=551jGrUrlt\" data-secret=\"551jGrUrlt\" width=\"600\" height=\"338\" frameborder=\"0\" marginwidth=\"0\" marginheight=\"0\" scrolling=\"no\"><\/iframe><\/p>\n<p>&nbsp;<\/p>\n<h2 dir=\"auto\">I GRAFICI DI TIZIANO DE COL<\/h2>\n\n\t\t\t<style type='text\/css'>\n\t\t\t\t#gallery-3 {\n\t\t\t\t\tmargin: auto;\n\t\t\t\t}\n\t\t\t\t#gallery-3 .gallery-item {\n\t\t\t\t\tfloat: left;\n\t\t\t\t\tmargin-top: 10px;\n\t\t\t\t\ttext-align: center;\n\t\t\t\t\twidth: 33%;\n\t\t\t\t}\n\t\t\t\t#gallery-3 img {\n\t\t\t\t\tborder: 2px solid #cfcfcf;\n\t\t\t\t}\n\t\t\t\t#gallery-3 .gallery-caption {\n\t\t\t\t\tmargin-left: 0;\n\t\t\t\t}\n\t\t\t\t\/* see gallery_shortcode() in wp-includes\/media.php *\/\n\t\t\t<\/style>\n\t\t<div id='gallery-3' class='dt-gallery-container gallery galleryid-268040 gallery-columns-3 gallery-size-thumbnail'><dl class='gallery-item'>\n\t\t\t\t<dt class='gallery-icon landscape'>\n\t\t\t\t\t<a class=\"rollover rollover-zoom dt-pswp-item\" title=\"da47a2e3-f9f8-4315-bb32-1a07dadfbe81\" data-dt-img-description=\"\" data-large_image_width=\"608\" data-large_image_height=\"372\"href='https:\/\/www.radiopiu.net\/wordpress\/wp-content\/uploads\/2022\/03\/da47a2e3-f9f8-4315-bb32-1a07dadfbe81.jpg'><img loading=\"lazy\" decoding=\"async\" width=\"150\" height=\"150\" src=\"https:\/\/www.radiopiu.net\/wordpress\/wp-content\/uploads\/2022\/03\/da47a2e3-f9f8-4315-bb32-1a07dadfbe81-150x150.jpg\" class=\"attachment-thumbnail size-thumbnail\" alt=\"\" \/><\/a>\n\t\t\t\t<\/dt><\/dl><dl class='gallery-item'>\n\t\t\t\t<dt class='gallery-icon landscape'>\n\t\t\t\t\t<a class=\"rollover rollover-zoom dt-pswp-item\" title=\"8131daaf-ffa5-4675-89f3-28eeffa13d5c\" data-dt-img-description=\"\" data-large_image_width=\"600\" data-large_image_height=\"359\"href='https:\/\/www.radiopiu.net\/wordpress\/wp-content\/uploads\/2022\/03\/8131daaf-ffa5-4675-89f3-28eeffa13d5c.jpg'><img loading=\"lazy\" decoding=\"async\" width=\"150\" height=\"150\" src=\"https:\/\/www.radiopiu.net\/wordpress\/wp-content\/uploads\/2022\/03\/8131daaf-ffa5-4675-89f3-28eeffa13d5c-150x150.jpg\" class=\"attachment-thumbnail size-thumbnail\" alt=\"\" \/><\/a>\n\t\t\t\t<\/dt><\/dl><dl class='gallery-item'>\n\t\t\t\t<dt class='gallery-icon landscape'>\n\t\t\t\t\t<a class=\"rollover rollover-zoom dt-pswp-item\" title=\"dbfc98c7-d06c-4c16-832f-0208b63e7ef7\" data-dt-img-description=\"\" data-large_image_width=\"608\" data-large_image_height=\"375\"href='https:\/\/www.radiopiu.net\/wordpress\/wp-content\/uploads\/2022\/03\/dbfc98c7-d06c-4c16-832f-0208b63e7ef7.jpg'><img loading=\"lazy\" decoding=\"async\" width=\"150\" height=\"150\" src=\"https:\/\/www.radiopiu.net\/wordpress\/wp-content\/uploads\/2022\/03\/dbfc98c7-d06c-4c16-832f-0208b63e7ef7-150x150.jpg\" class=\"attachment-thumbnail size-thumbnail\" alt=\"\" \/><\/a>\n\t\t\t\t<\/dt><\/dl><br style=\"clear: both\" \/><dl class='gallery-item'>\n\t\t\t\t<dt class='gallery-icon landscape'>\n\t\t\t\t\t<a class=\"rollover rollover-zoom dt-pswp-item\" title=\"2ed3625b-e4aa-4055-b8b5-a0391385f849\" data-dt-img-description=\"\" data-large_image_width=\"606\" data-large_image_height=\"360\"href='https:\/\/www.radiopiu.net\/wordpress\/wp-content\/uploads\/2022\/03\/2ed3625b-e4aa-4055-b8b5-a0391385f849.jpg'><img loading=\"lazy\" decoding=\"async\" width=\"150\" height=\"150\" src=\"https:\/\/www.radiopiu.net\/wordpress\/wp-content\/uploads\/2022\/03\/2ed3625b-e4aa-4055-b8b5-a0391385f849-150x150.jpg\" class=\"attachment-thumbnail size-thumbnail\" alt=\"\" \/><\/a>\n\t\t\t\t<\/dt><\/dl><dl class='gallery-item'>\n\t\t\t\t<dt class='gallery-icon landscape'>\n\t\t\t\t\t<a class=\"rollover rollover-zoom dt-pswp-item\" title=\"57f369c2-9d75-4936-b976-a1700595e483\" data-dt-img-description=\"\" data-large_image_width=\"614\" data-large_image_height=\"359\"href='https:\/\/www.radiopiu.net\/wordpress\/wp-content\/uploads\/2022\/03\/57f369c2-9d75-4936-b976-a1700595e483.jpg'><img loading=\"lazy\" decoding=\"async\" width=\"150\" height=\"150\" src=\"https:\/\/www.radiopiu.net\/wordpress\/wp-content\/uploads\/2022\/03\/57f369c2-9d75-4936-b976-a1700595e483-150x150.jpg\" class=\"attachment-thumbnail size-thumbnail\" alt=\"\" \/><\/a>\n\t\t\t\t<\/dt><\/dl><dl class='gallery-item'>\n\t\t\t\t<dt class='gallery-icon landscape'>\n\t\t\t\t\t<a class=\"rollover rollover-zoom dt-pswp-item\" title=\"4c44cd77-8d4d-473c-8e69-b27e6cc1601c\" data-dt-img-description=\"\" data-large_image_width=\"620\" data-large_image_height=\"381\"href='https:\/\/www.radiopiu.net\/wordpress\/wp-content\/uploads\/2022\/03\/4c44cd77-8d4d-473c-8e69-b27e6cc1601c.jpg'><img loading=\"lazy\" decoding=\"async\" width=\"150\" height=\"150\" src=\"https:\/\/www.radiopiu.net\/wordpress\/wp-content\/uploads\/2022\/03\/4c44cd77-8d4d-473c-8e69-b27e6cc1601c-150x150.jpg\" class=\"attachment-thumbnail size-thumbnail\" alt=\"\" \/><\/a>\n\t\t\t\t<\/dt><\/dl><br style=\"clear: both\" \/>\n\t\t\t<\/div>\n\n<p>&nbsp;<\/p>\n<p>&nbsp;<\/p>\n<hr \/>\n<p>&nbsp;<\/p>\n<blockquote>\n<h3>DAL 1 APRILE AUTO SORVEGLIANZA PER I CONTAGGI DI CASO COVID<\/h3>\n<\/blockquote>\n<p><strong>BELLUNO\u00a0<\/strong> Da oggi a coloro che hanno avuto contatti stretti con soggetti confermati positivi al SARS-CoV-2 \u00e8 applicato il regime dell&#8217;auto-sorveglianza, indipendentemente dallo stato vaccinale. L\u2019auto-sorveglianza prevede \u00a0l\u2019obbligo di: \u00a0indossare mascherina FFP2, al chiuso o in presenza di assembramenti, fino al decimo giorno successivo alla data dell&#8217;ultimo contatto stretto con soggetti confermati positivi al SARS-CoV-2. Effettuare un test antigenico rapido o molecolare per la rilevazione di SARS-CoV-2, alla prima comparsa dei sintomi e, se negativo con permanenza dei sintomi, al quinto giorno successivo alla data dell&#8217;ultimo contatto.<\/p>\n<blockquote>\n<h3><em>Con la cessazione dello stato di emergenza, riprende gradualmente, da oggi, l\u2019attivit\u00e0 di certificazione del Dipartimento di Prevenzione sospesa per l\u2019emergenza covid.<\/em><\/h3>\n<\/blockquote>\n<p>&nbsp;<\/p>\n<hr \/>\n<p>&nbsp;<\/p>\n<div class=\"kvgmc6g5 cxmmr5t8 oygrvhab hcukyx3x c1et5uql ii04i59q\">\n<blockquote>\n<h2 dir=\"auto\">Un sogno che diventa realt\u00e0: benvenuto piccolo Elia<\/h2>\n<\/blockquote>\n<\/div>\n<div class=\"cxmmr5t8 oygrvhab hcukyx3x c1et5uql o9v6fnle ii04i59q\">\n<div dir=\"auto\">\n<p><img loading=\"lazy\" decoding=\"async\" class=\"alignleft\" src=\"https:\/\/www.radiopiu.net\/wordpress\/wp-content\/uploads\/2022\/03\/baby-2416718__480.jpg\" width=\"200\" height=\"135\" \/><strong>PIEVE DI CADORE<\/strong>\u00a0 Un ringraziamento speciale arriva da due genitori che da poco hanno coronato il loro sogno, affidandosi con tanta speranza ai percorsi proposti dal centro <a class=\"oajrlxb2 g5ia77u1 qu0x051f esr5mh6w e9989ue4 r7d6kgcz rq0escxv nhd2j8a9 nc684nl6 p7hjln8o kvgmc6g5 cxmmr5t8 oygrvhab hcukyx3x jb3vyjys rz4wbd8a qt6c0cv9 a8nywdso i1ao9s8h esuyzwwr f1sip0of lzcic4wl gpro0wi8 q66pz984 b1v8xokw\" tabindex=\"0\" role=\"link\" href=\"https:\/\/www.facebook.com\/hashtag\/procreazione_medicalmente_assistita?__eep__=6&amp;__cft__[0]=AZVXx_ZoXQ9BI1qDSniQX_fQdiq7Xmh_D_z988_raDPHcfvLGShRiQVX8Zt4CwkfvHQG8s7wJOJKorGh7mzJoUC8juYx5p50aLqlzuFP6FzXD4-IxWfznmbtOGeBYQ7czzjO-RgePWunPMeFBWGHcaDi&amp;__tn__=*NK-R\">#Procreazione_Medicalmente_Assistita<\/a> di Pieve di Cadore. Il loro GRAZIE vuole arrivare a tutti gli operatori che li hanno accompagnati in questo particolare periodo. E finalmente quella speranza il 23 febbraio \u00e8 diventata realt\u00e0 per l\u2019immensa felicit\u00e0 di mamma e pap\u00e0 . Vuoi conoscere il Centro PMA di <a class=\"oajrlxb2 g5ia77u1 qu0x051f esr5mh6w e9989ue4 r7d6kgcz rq0escxv nhd2j8a9 nc684nl6 p7hjln8o kvgmc6g5 cxmmr5t8 oygrvhab hcukyx3x jb3vyjys rz4wbd8a qt6c0cv9 a8nywdso i1ao9s8h esuyzwwr f1sip0of lzcic4wl gpro0wi8 q66pz984 b1v8xokw\" tabindex=\"0\" role=\"link\" href=\"https:\/\/www.facebook.com\/hashtag\/pieve_di_cadore?__eep__=6&amp;__cft__[0]=AZVXx_ZoXQ9BI1qDSniQX_fQdiq7Xmh_D_z988_raDPHcfvLGShRiQVX8Zt4CwkfvHQG8s7wJOJKorGh7mzJoUC8juYx5p50aLqlzuFP6FzXD4-IxWfznmbtOGeBYQ7czzjO-RgePWunPMeFBWGHcaDi&amp;__tn__=*NK-R\">#Pieve_di_Cadore<\/a>? Consulta la nostra pagina a questo link <a class=\"oajrlxb2 g5ia77u1 qu0x051f esr5mh6w e9989ue4 r7d6kgcz rq0escxv nhd2j8a9 nc684nl6 p7hjln8o kvgmc6g5 cxmmr5t8 oygrvhab hcukyx3x jb3vyjys rz4wbd8a qt6c0cv9 a8nywdso i1ao9s8h esuyzwwr f1sip0of lzcic4wl gpro0wi8 py34i1dx\" tabindex=\"0\" role=\"link\" href=\"https:\/\/bit.ly\/3qQcQEe?fbclid=IwAR2FeB8v2i8I0SoC1_WB3KZcO4gGXAFjiZCVqOiW8Yglg5lZbFToiF4p5M8\" target=\"_blank\" rel=\"nofollow noopener\">https:\/\/bit.ly\/3qQcQEe<\/a><\/p>\n<div class=\"cxmmr5t8 oygrvhab hcukyx3x c1et5uql o9v6fnle ii04i59q\">\n<div dir=\"auto\"><em>Conosci la tua fertilit\u00e0? Consulta il materiale predisposto dalla unit\u00e0 operativa di Pieve di Cadore <a class=\"oajrlxb2 g5ia77u1 qu0x051f esr5mh6w e9989ue4 r7d6kgcz rq0escxv nhd2j8a9 nc684nl6 p7hjln8o kvgmc6g5 cxmmr5t8 oygrvhab hcukyx3x jb3vyjys rz4wbd8a qt6c0cv9 a8nywdso i1ao9s8h esuyzwwr f1sip0of lzcic4wl gpro0wi8 py34i1dx\" tabindex=\"0\" role=\"link\" href=\"https:\/\/l.facebook.com\/l.php?u=https%3A%2F%2Fbit.ly%2F3qQkO0g%3Ffbclid%3DIwAR13n36cY3IJELxwwjloAXxGwlrC1iBajjzSTRrCKdGvOXQ8rUBmIqN4Uus&amp;h=AT2jfgeOuQO7KwfUFUGTtFn3DOBEegjuct-JMKx06l2b-nBc4_yudfuh8z0pSfpLfLQURg4k0vt7Nw9BUqSx2loSTCnsH0CfZT68DhwOyYnwemG88bDNjFIFAIybr9dH87f9&amp;__tn__=-UK-R&amp;c[0]=AT0HQj9uBiSibfbezUK_MVM9T_Easdk3teevS1u1KDIQEX8SLqx6KXsQ752HxrDmxa6-XWgH3ZBdyQF8O_l4wQfCfR-XpLp_w3ZA-dyPd6gtT0j4w8Q0U2QEUZk3-ICv0KjDquMG94jngXfcClH0wKRRFkzOx7cLkex_Kix4_slLRw\" target=\"_blank\" rel=\"nofollow noopener\">https:\/\/bit.ly\/3qQkO0g<\/a><\/em><\/div>\n<\/div>\n<div class=\"cxmmr5t8 oygrvhab hcukyx3x c1et5uql o9v6fnle ii04i59q\">\n<div dir=\"auto\">\n<div><\/div>\n<\/div>\n<\/div>\n<p>LA LETTERA<\/p>\n<p><a class=\"dt-pswp-item\" href=\"https:\/\/www.radiopiu.net\/wordpress\/wp-content\/uploads\/2022\/03\/277529713_467449095079900_7090711175906717929_n.jpg\" data-dt-img-description=\"\" data-large_image_width=\"1086\" data-large_image_height=\"445\"><img loading=\"lazy\" decoding=\"async\" class=\"alignnone wp-image-268220 size-full\" src=\"https:\/\/www.radiopiu.net\/wordpress\/wp-content\/uploads\/2022\/03\/277529713_467449095079900_7090711175906717929_n.jpg\" alt=\"\" width=\"1086\" height=\"445\" srcset=\"https:\/\/www.radiopiu.net\/wordpress\/wp-content\/uploads\/2022\/03\/277529713_467449095079900_7090711175906717929_n.jpg 1086w, https:\/\/www.radiopiu.net\/wordpress\/wp-content\/uploads\/2022\/03\/277529713_467449095079900_7090711175906717929_n-300x123.jpg 300w, https:\/\/www.radiopiu.net\/wordpress\/wp-content\/uploads\/2022\/03\/277529713_467449095079900_7090711175906717929_n-1024x420.jpg 1024w, https:\/\/www.radiopiu.net\/wordpress\/wp-content\/uploads\/2022\/03\/277529713_467449095079900_7090711175906717929_n-768x315.jpg 768w\" sizes=\"auto, (max-width: 1086px) 100vw, 1086px\" \/><\/a><\/p>\n<p>&nbsp;<\/p>\n<p>&nbsp;<\/p>\n<\/div>\n<\/div>\n<p>&nbsp;<\/p>\n<hr \/>\n<blockquote>\n<h3><\/h3>\n<h3>PIEVE DI CADORE, INVESTIMENTO PER LE SICUREZZA<\/h3>\n<\/blockquote>\n<p><strong>BELLUNO\u00a0<\/strong> L\u2019ulss Dolomiti sta investendo oltre 950 mila euro per la sicurezza dell\u2019ospedale di Pieve di Cadore. In questi mesi \u00e8 in corso un importante intervento strutturale per aumentare la sicurezza del presidio dal punto di vista dell\u2019antincendio. I lavori riguardano principalmente gli impianti della struttura e sono stati organizzati a fasi per migliorare diverse aree con il minor disagio possibile per l\u2019utenza. La prossima settimana i lavori riguarderanno le sale operatorie, pertanto, per consentire lo svolgimento delle opere nel minor tempo possibile e garantire la sicurezza di pazienti e operatori, le attivit\u00e0 di chirurgia saranno sospese fino al 4 maggio 2022. In questo periodo, medici e infermieri dell\u2019unit\u00e0 operativa di chirurgia andranno a potenziare le attivit\u00e0 di altri reparti dell\u2019ospedale di Pieve di Cadore. In particolare, sar\u00e0 potenziata l\u2019area medica con l\u2019attivazione di ulteriori posti letto e alcune attivit\u00e0 ambulatoriali (spirometrie, capillaroscopie, etc).<\/p>\n<p>&nbsp;<\/p>\n<hr \/>\n<blockquote>\n<h3><\/h3>\n<h3>&#8220;GIU&#8217; LE MANI DALLA SANITA&#8217; PUBBLICA BELLUNESE&#8221;, MANIFESTAZIONE A PIEVE DI CADORE<\/h3>\n<\/blockquote>\n<p><strong><em>Il diritto di abitare in montagna, il diritto ad una sanit\u00e0 pubblica puntuale<\/em><\/strong><\/p>\n<p><strong><img loading=\"lazy\" decoding=\"async\" class=\"alignleft\" src=\"https:\/\/www.radiopiu.net\/wordpress\/wp-content\/uploads\/2022\/03\/Schermata-2022-03-30-alle-11.23.09-300x300.png\" width=\"192\" height=\"192\" \/>PIEVE DI CADORE<\/strong> <em>\u00a0&#8220;Siamo convinti che dobbiamo riprendere la nostra lotta per la sanita\u0300 pubblica, il welfare, per il nostro diritto di poter continuare ad abitare in questi luoghi contro quel processo di depotenziamento dei servizi sanitari e territoriali che perdura oramai da troppi anni &#8221; L<\/em>o scrivono gli organizzatori della manifestazione in programma il 2 aprile a Pieve Di Cadore alle 15 in Piazza del Tiziano<em>\u00a0 &#8220;La cronica mancanza di medici, operatori sanitari e socio-sanitari non puo\u0300 essere un alibi dietro al quale nascondersi. Tutt\u2019altro. Semmai e\u0300 la piu\u0300 significativa evidenza di una pluriennale errata programmazione, di responsabilita\u0300 politiche chiare, all\u2019interno di un quadro complessivo di attacco al Servizio Pubblico a favore del settore privato&#8221;.<\/em><\/p>\n<p>&nbsp;<\/p>\n<p>&nbsp;<\/p>\n<hr \/>\n<p>&nbsp;<\/p>\n<blockquote>\n<h3>ZOTTIS (PD): \u201cSP 251 DIMENTICATA DA DECENNI: BENE UN TAVOLO SUGLI INTERVENTI STRUTTURALI, MA OCCORRE PARTIRE SUBITO&#8221;<\/h3>\n<\/blockquote>\n<p><strong><a class=\"dt-pswp-item\" href=\"https:\/\/www.radiopiu.net\/wordpress\/wp-content\/uploads\/2021\/09\/ZOTTIS-1-scaled.jpg\" data-dt-img-description=\"\" data-large_image_width=\"2560\" data-large_image_height=\"1707\"><img loading=\"lazy\" decoding=\"async\" class=\"wp-image-233263 alignleft\" src=\"https:\/\/www.radiopiu.net\/wordpress\/wp-content\/uploads\/2021\/09\/ZOTTIS-1-300x200.jpg\" alt=\"\" width=\"176\" height=\"117\" srcset=\"https:\/\/www.radiopiu.net\/wordpress\/wp-content\/uploads\/2021\/09\/ZOTTIS-1-300x200.jpg 300w, https:\/\/www.radiopiu.net\/wordpress\/wp-content\/uploads\/2021\/09\/ZOTTIS-1-1024x683.jpg 1024w, https:\/\/www.radiopiu.net\/wordpress\/wp-content\/uploads\/2021\/09\/ZOTTIS-1-768x512.jpg 768w, https:\/\/www.radiopiu.net\/wordpress\/wp-content\/uploads\/2021\/09\/ZOTTIS-1-1536x1024.jpg 1536w, https:\/\/www.radiopiu.net\/wordpress\/wp-content\/uploads\/2021\/09\/ZOTTIS-1-2048x1365.jpg 2048w\" sizes=\"auto, (max-width: 176px) 100vw, 176px\" \/><\/a>VENEZIA <\/strong><span class=\"s1\">\u201c<em>Gi\u00e0 un anno fa avevamo chiesto un tavolo tra Regione, Anas, Provincia e Comuni per discutere degli interventi strutturali sulla Sp 251, un appello caduto nel vuoto e rinnovato pochi giorni fa. Condividiamo perci\u00f2 la proposta che arriva dall\u2019assessore De Berti, ma non ci siano altri rinvii. Questo indipendentemente dai lavori di prima messa in sicurezza che devono iniziare subito, perch\u00e9 quella strada \u00e8 vitale. A meno che non si voglia far morire le valli, con i residenti che scappano e gli impianti sciistici chiusi<\/em>\u201d. Il sollecito arriva dal Partito Democratico Veneto con la vice presidente del Consiglio regionale Francesca Zottis insieme ai colleghi Giacomo Possamai, Anna Maria Bigon, Vanessa Camani, Jonatan Montanariello e Andrea Zanoni. \u201c<em>Una messa in sicurezza immediata &#8211; aggiunge &#8211; che non passa certo dai cartelli che avvisano del pericolo di caduta massi: quella \u00e8 una presa in giro<\/em>\u201d.\u00a0 <\/span><span class=\"s1\">\u201c<em>Ci sono ritardi decennali sulla Sp 251 che non possono essere imputati al passaggio da Veneto Strade ad Anas in via di completamento. \u00c8 indecente che a ogni frana la viabilit\u00e0 sia completamente bloccata.\u00a0 Se la galleria \u00e8 la soluzione individuata per eliminare i disagi, ci si attivi immediatamente per trovare le risorse, perch\u00e9 \u00e8 una strada fondamentale per chi abita in Val di Zoldo e dove transitano ogni anno migliaia di turisti, soprattutto di inverno. La montagna non \u00e8 solo Cortina e le Olimpiadi: se vogliamo contrastare lo spopolamento prima che diventi irreversibile, occorre garantire i servizi essenziali ai residenti. A partire dalla possibilit\u00e0 di andare al lavoro o a scuola in tempi decenti e in piena sicurezza<\/em>\u201d.\u00a0<\/span><\/p>\n<p>&nbsp;<\/p>\n<p>&nbsp;<\/p>\n<hr \/>\n<p>&nbsp;<\/p>\n<blockquote>\n<h3>GRAZIE AL GENERALE FIGLIUOLO DAI COMUNI MONTANI E DA UNCEM<\/h3>\n<\/blockquote>\n<p><strong><a class=\"dt-pswp-item\" href=\"https:\/\/www.radiopiu.net\/wordpress\/wp-content\/uploads\/2020\/11\/logoUNCEM_no_scritta-wdtr.jpg\" data-dt-img-description=\"\" data-large_image_width=\"640\" data-large_image_height=\"640\"><img loading=\"lazy\" decoding=\"async\" class=\"wp-image-170846 alignleft\" src=\"https:\/\/www.radiopiu.net\/wordpress\/wp-content\/uploads\/2020\/11\/logoUNCEM_no_scritta-wdtr-300x300.jpg\" alt=\"\" width=\"149\" height=\"149\" srcset=\"https:\/\/www.radiopiu.net\/wordpress\/wp-content\/uploads\/2020\/11\/logoUNCEM_no_scritta-wdtr-300x300.jpg 300w, https:\/\/www.radiopiu.net\/wordpress\/wp-content\/uploads\/2020\/11\/logoUNCEM_no_scritta-wdtr-150x150.jpg 150w, https:\/\/www.radiopiu.net\/wordpress\/wp-content\/uploads\/2020\/11\/logoUNCEM_no_scritta-wdtr.jpg 640w\" sizes=\"auto, (max-width: 149px) 100vw, 149px\" \/><\/a>ROMA<\/strong> &#8220;<em>A nome dei Comuni montani, e di tutta Uncem, voglio ringraziare il Generale Francesco Figliuolo che fino a oggi \u00e8 stato Commissario straordinario per la gestione della pandemia. Abbiamo sempre avuto un filo diretto con lui e con il suo staff, d&#8217;intesa con la Presidenza del Consiglio dei Ministri, per affrontare criticit\u00e0 puntuali e generali dei territori. \u00c8 stata un&#8217;azione, quella del Generale, Alpino ed esperto conoscitore delle zone montane del Paese, molto importante e significativa, sempre vicina ai Sindaci, alle Amministrazioni, alle Organizzazioni di volontariato, anche insieme con la Protezione Civile e il Capo Dipartimento Fabrizio Curcio. E prima con Angelo Borrelli. Li ringraziamo per la determinazione e la professionalit\u00e0, ma anche per l&#8217;umanit\u00e0 con la quale hanno lavorato. Salutiamo e auguriamo buon lavoro al Maggior Generale dell&#8217;Esercito Tommaso Petroni, che continuer\u00e0 ad agire con i poteri attribuiti al Commissario straordinario e che diventer\u00e0 Direttore della nuova Unit\u00e0 per il completamento della campagna vaccinale e per l&#8217;adozione di altre misure di contrasto alla pandemia, che operer\u00e0 fino al 31 dicembre 2022. Siamo a sua disposizione come Uncem<\/em>&#8220;. Lo afferma Marco Bussone, Presidente nazionale dell&#8217;Unione dei Comuni, delle Comunit\u00e0 e degli Enti montani.<\/p>\n<p>&nbsp;<\/p>\n<hr \/>\n<p>&nbsp;<\/p>\n<blockquote>\n<h3>DILLO A RADIO PIU&#8217;&#8230;CAPITELLO DANNEGGIATO DA TRE ANNI PERICOLANTE E ABBANDONATO<\/h3>\n<\/blockquote>\n<p><strong>Riceviamo e volentieri pubblichiamo<\/strong><\/p>\n<blockquote><p><strong>GOSALDO <\/strong>Il\u00a0 Capitello di Tiser, sulla strada che porta verso la sede dell\u2019Auser &#8220;Col Bel&#8221;,\u00a0 nel l 2018\u00a0 per una maldestra manovra \u00e8 stato urtato riportando, come si vede nelle foto, dei danni consistenti. Non voglio entrare in merito sulle colpe, distrazioni o mancata segnalazione a chi di competenza,\u00a0 oppure se i lavori di sistemazione si siano arenati. Oltretutto il cartello posto all\u2019interno, ormai fatiscente \u00e8 di per s\u00e9 esplicativo. Mi chiedo, anzi ci chiediamo: ma chi \u00e8 gi\u00e0 a conoscenza o chi passa cosa potr\u00e0 mai pensare se non quella dello stato di abbandono di quelle opere il cui valore oltre che morale \u00e8 anche religioso e ricorda chi in passato ha diligentemente costruito? Anche nelle piccole cose si nota la superficialit\u00e0 \u00a0e lo \u00a0stato di abbandono delle nostre splendide vallate nonch\u00e8 la dimenticanza delle tradizioni.<\/p><\/blockquote>\n<p>Guido<\/p>\n\n\t\t\t<style type='text\/css'>\n\t\t\t\t#gallery-4 {\n\t\t\t\t\tmargin: auto;\n\t\t\t\t}\n\t\t\t\t#gallery-4 .gallery-item {\n\t\t\t\t\tfloat: left;\n\t\t\t\t\tmargin-top: 10px;\n\t\t\t\t\ttext-align: center;\n\t\t\t\t\twidth: 50%;\n\t\t\t\t}\n\t\t\t\t#gallery-4 img {\n\t\t\t\t\tborder: 2px solid #cfcfcf;\n\t\t\t\t}\n\t\t\t\t#gallery-4 .gallery-caption {\n\t\t\t\t\tmargin-left: 0;\n\t\t\t\t}\n\t\t\t\t\/* see gallery_shortcode() in wp-includes\/media.php *\/\n\t\t\t<\/style>\n\t\t<div id='gallery-4' class='dt-gallery-container gallery galleryid-268040 gallery-columns-2 gallery-size-thumbnail'><dl class='gallery-item'>\n\t\t\t\t<dt class='gallery-icon portrait'>\n\t\t\t\t\t<a class=\"rollover rollover-zoom dt-pswp-item\" title=\"Capitello1\" data-dt-img-description=\"\" data-large_image_width=\"1211\" data-large_image_height=\"2560\"href='https:\/\/www.radiopiu.net\/wordpress\/wp-content\/uploads\/2022\/03\/Capitello1-scaled.jpg'><img loading=\"lazy\" decoding=\"async\" width=\"150\" height=\"150\" src=\"https:\/\/www.radiopiu.net\/wordpress\/wp-content\/uploads\/2022\/03\/Capitello1-150x150.jpg\" class=\"attachment-thumbnail size-thumbnail\" alt=\"\" \/><\/a>\n\t\t\t\t<\/dt><\/dl><dl class='gallery-item'>\n\t\t\t\t<dt class='gallery-icon portrait'>\n\t\t\t\t\t<a class=\"rollover rollover-zoom dt-pswp-item\" title=\"Capitello2\" data-dt-img-description=\"\" data-large_image_width=\"1211\" data-large_image_height=\"2560\"href='https:\/\/www.radiopiu.net\/wordpress\/wp-content\/uploads\/2022\/03\/Capitello2-scaled.jpg'><img loading=\"lazy\" decoding=\"async\" width=\"150\" height=\"150\" src=\"https:\/\/www.radiopiu.net\/wordpress\/wp-content\/uploads\/2022\/03\/Capitello2-150x150.jpg\" class=\"attachment-thumbnail size-thumbnail\" alt=\"\" \/><\/a>\n\t\t\t\t<\/dt><\/dl><br style=\"clear: both\" \/>\n\t\t\t<\/div>\n\n<p>&nbsp;<\/p>\n<p>&nbsp;<\/p>\n<hr \/>\n<p>&nbsp;<\/p>\n<blockquote>\n<h3>DILLLO A RADIO PIU&#8217;&#8230;RIFIUTI ABBANDONATI, SI RIFLETTA SUL PERCHE&#8217;<\/h3>\n<\/blockquote>\n<p><strong><a class=\"dt-pswp-item\" href=\"https:\/\/www.radiopiu.net\/wordpress\/wp-content\/uploads\/2022\/02\/Rifiuti_abbandonati.jpg\" data-dt-img-description=\"\" data-large_image_width=\"1171\" data-large_image_height=\"642\"><img loading=\"lazy\" decoding=\"async\" class=\"size-medium wp-image-257319 alignleft\" src=\"https:\/\/www.radiopiu.net\/wordpress\/wp-content\/uploads\/2022\/02\/Rifiuti_abbandonati-300x164.jpg\" alt=\"\" width=\"300\" height=\"164\" srcset=\"https:\/\/www.radiopiu.net\/wordpress\/wp-content\/uploads\/2022\/02\/Rifiuti_abbandonati-300x164.jpg 300w, https:\/\/www.radiopiu.net\/wordpress\/wp-content\/uploads\/2022\/02\/Rifiuti_abbandonati-1024x561.jpg 1024w, https:\/\/www.radiopiu.net\/wordpress\/wp-content\/uploads\/2022\/02\/Rifiuti_abbandonati-768x421.jpg 768w, https:\/\/www.radiopiu.net\/wordpress\/wp-content\/uploads\/2022\/02\/Rifiuti_abbandonati.jpg 1171w\" sizes=\"auto, (max-width: 300px) 100vw, 300px\" \/><\/a>REDAZIONE<\/strong> Riceviamo e pubblichiamo alcune considerazioni di una nostra ascoltatrice sulla questione rifiuti abbandonati. Una riflessione importante con la speranza raggiunga le aule consigliari dei Comuni Agordini.<\/p>\n<blockquote><p><strong>LA LETTERA<\/strong><\/p>\n<p>Da un po\u2019 di tempo leggo di gesti di incivilt\u00e0,\u00a0 immondizie abbandonate qua e l\u00e0 nei boschi. Gesti che condanno, ingiustificabili. Ma interroghiamoci anche sul perch\u00e8 accadono. Il servizio di raccolta porta a porta funziona,\u00a0 il nodo dolente\u00a0 sono gli Ecocentri, nessuno escluso. Sono stati spesi molti soldi pubblici per realizzarli e sono un servizio essenziale per evitare\u00a0 atti di incivilt\u00e0,\u00a0 per\u00f2 invece di implementare questo servizio lo si sta sempre pi\u00f9 limitando e molto spesso ci si sente dire <em>\u201cquesto non lo puoi conferire<\/em> \u201c. Non dico rifiuti speciali ma semplici scarpe rotte, giochi di bambini ecc. C \u00e8 chi porta i propri rifiuti in ecocentro e poi se il deve riportare a casa, magari sulla strada del ritorno decide di liberarsene. anche per protesta. Li abbandonano in un angolo di territorio sono eventi che accadono sempre pi\u00f9 spesso e forse uno dei motivi \u00e9 anche questo. Mi sembra che ci sia un\u2019incapacit\u00e0 di gestire in maniera strategica gli ecocentri,\u00a0 bisognerebbe implementarli, ampliare il raggio di\u00a0 conferimento dando\u00a0 la possibilit\u00e0 di riciclare molto di pi\u00f9 invece di mettere inutili paletti che generano nella popolazione risentimento e rabbia. Il territorio \u00e9 di tutti ed \u0117 interesse di tutti tenerlo pulito dobbiamo metterci di impegno e riciclare il pi\u00f9 possibile ma per fare ci\u00f2 dobbiamo tener aperte pi\u00f9 porte possibili . Anche l&#8217;olio che usiamo in cucina ad esempio pu\u00f2 essere riciclato ma vorrei sapere quante famiglie lo conferiscono all\u2019eco centro e quante lo buttano negli scarichi. Il bidoncino dell\u2019olio esausto dovrebbe essere dato in dotazione come gli altri bidoni invece \u00e8 a richiesta. Mi domando perch\u00e9?<\/p><\/blockquote>\n<p>lettera firmata, S.V.<\/p>\n<p>&nbsp;<\/p>\n<p>&nbsp;<\/p>\n<hr \/>\n<p>&nbsp;<\/p>\n<blockquote>\n<h3>CERIMONIA COMMEMORATIVA PER GIOVANNI PALATUCCI CON LA QUESTURA DI BELLUNO<\/h3>\n<\/blockquote>\n<p><strong><a class=\"dt-pswp-item\" href=\"https:\/\/www.radiopiu.net\/wordpress\/wp-content\/uploads\/2022\/03\/Giovanni-Palatucci-259x300-1.jpg\" data-dt-img-description=\"\" data-large_image_width=\"259\" data-large_image_height=\"300\"><img loading=\"lazy\" decoding=\"async\" class=\"size-thumbnail wp-image-267819 alignright\" src=\"https:\/\/www.radiopiu.net\/wordpress\/wp-content\/uploads\/2022\/03\/Giovanni-Palatucci-259x300-1-150x150.jpg\" alt=\"\" width=\"150\" height=\"150\" \/><\/a>BELLUNO<\/strong> Marted\u00ec alle 11.30 al parco di Lambioi, avr\u00e0 luogo la cerimonia commemorativa in ricordo dell\u2019ex Questore di Fiume Giovanni Palatucci, morto nel campo di concentramento di Dachau, il 10 febbraio 1945. Il Questore Palatucci, medaglia d\u2019oro al merito civile, \u00e8 stato insignito del riconoscimento di \u201cgiusto tra le nazioni\u201d perch\u00e9 protagonista del salvataggio di circa 5.000 ebrei stranieri e italiani. Alla cerimonia, durante la quale sar\u00e0 posta una targa commemorativa ed un albero di acero in suo ricordo, parteciperanno alcune cariche istituzionali, civili e militari della Provincia, nonch\u00e9 il presidente della Comunit\u00e0 Ebraica di Venezia Prof. Dario Calimani<\/p>\n<p>&nbsp;<\/p>\n<p>&nbsp;<\/p>\n<hr \/>\n<blockquote>\n<h3><\/h3>\n<h3>CONTRO IL BOSTRICO ARMATI DI MOTOSEGA ALLA RICERCA DELLA PIANTA &#8220;ROSSA&#8221;<\/h3>\n<\/blockquote>\n<blockquote><p><em>Presto la progettazione della centrale a biomassa all&#8217;imbocco dei Serrai di Sottoguda<\/em><\/p><\/blockquote>\n<p><strong><img loading=\"lazy\" decoding=\"async\" class=\"alignleft\" src=\"https:\/\/www.radiopiu.net\/wordpress\/wp-content\/uploads\/2021\/10\/BOSTRICO.jpg\" width=\"211\" height=\"158\" \/>ROCCA PIETORE<\/strong> Il gruppo ambientalisti Migon2000 propone una giornata contro il bostrico. Domenica 3 aprile dalle 7 alle 15 tutti nel bosco sopra Boscoverde. L&#8217;esperto in tematiche forestali Angelo Manarin, invitato dal sindaco Andrea De Bernardin sar\u00e0 presente per impartire i giusti consigli ai volontari sul come tagliare le piante malate. <em>&#8220;Il bostrico &#8211; spiega Manarin &#8211; \u00e8 un dramma al pari della tempesta Vaia, forse peggio. La cosa migliore a primavera \u00e8 eliminare gran parte delle piante malate, nel primo fine settimana di aprile provvederemo a segnare le piante da tagliare con vernice rossa. Compito dei volontari, armati di motoseghe, abbattere le piante indicate&#8221;.<\/em><\/p>\n<p>Per tutti i particolari \u00e8 previsto un incontro, oggi alle 20 in sala Teaz dove sar\u00e0 fornito il materiale necessario, anche se si chiede di prendere parte alla giornata\u00a0 con utensili propri e possibilmente, viste le carenze di bilancio, con una piccola tanica di carburante per motoseghe o decespugliatori. Il legnatico recuperato verr\u00e0 immagazzinato a Boscoverde in attesa della costruzione di una centrale a biomassa che sar\u00e0 costruita con i fondi del Pnrr all&#8217;imbocco dei Serrai di Sottoguda. <em>&#8220;Non sar\u00e0 un&#8217;opera impattante &#8211; assicura De Bernardin &#8211; ma ci permetter\u00e0 di soddisfare le esigenze energetiche del Comune soprattutto negli uffici Interni e peri cola nti che necessitano di ristrutturazione, e questa \u00e8 la giusta occasione&#8221;. <\/em>Al termine dell&#8217;incontro rinfresco sotto il tendone delle feste con la fisarmonica di Ivano De Vallier e i Tirataie.<\/p>\n<p>&nbsp;<\/p>\n<p>&nbsp;<\/p>\n<p>&nbsp;<\/p>\n<hr \/>\n<p>&nbsp;<\/p>\n<blockquote>\n<h3>LAVORO SOMMINISTRATO: NEL 2021 QUASI 140 MILA ASSUNZIONI E 11.500 POSTI DI LAVORO IN PI\u00d9<\/h3>\n<\/blockquote>\n<p><strong><a class=\"dt-pswp-item\" href=\"https:\/\/www.radiopiu.net\/wordpress\/wp-content\/uploads\/2022\/03\/VENETO-LAVORO.png\" data-dt-img-description=\"\" data-large_image_width=\"600\" data-large_image_height=\"161\"><img loading=\"lazy\" decoding=\"async\" class=\" wp-image-263456 alignleft\" src=\"https:\/\/www.radiopiu.net\/wordpress\/wp-content\/uploads\/2022\/03\/VENETO-LAVORO-300x81.png\" alt=\"\" width=\"163\" height=\"44\" srcset=\"https:\/\/www.radiopiu.net\/wordpress\/wp-content\/uploads\/2022\/03\/VENETO-LAVORO-300x81.png 300w, https:\/\/www.radiopiu.net\/wordpress\/wp-content\/uploads\/2022\/03\/VENETO-LAVORO.png 600w\" sizes=\"auto, (max-width: 163px) 100vw, 163px\" \/><\/a>VENEZIA <\/strong>Sono quasi 140 mila le assunzioni effettuate in Veneto nel 2021 con contratto di somministrazione lavoro, un valore lievemente superiore a quello registrato nel 2019 (137.776), ultimo anno pre-pandemia, e che rappresenta il 18% del totale delle assunzioni con contratto di lavoro dipendente. Il ricorso a tale tipologia contrattuale \u00e8 aumentato ininterrottamente dal 2013 al 2017, quando ha raggiunto il picco massimo di oltre 215 mila attivazioni. Nel 2018 \u00e8 iniziata un\u2019inversione di tendenza poi accentuatasi nel 2019 e soprattutto nel 2020 in concomitanza con l\u2019insorgere della pandemia, quando si \u00e8 registrata una caduta del 53% rispetto ai valori toccati quattro anni prima. Nel 2021 le attivazioni sono state complessivamente 139.725, di cui 136.849 a tempo determinato e 2.876 a tempo indeterminato. Osservando i flussi di lavoro dal lato delle imprese utilizzatrici e quindi delle missioni, l\u2019industria rimane il settore di impiego privilegiato, nel quale si concentra oltre la met\u00e0 delle missioni totali. Il metalmeccanico da solo conta 32.545 missioni sulle 153 mila registrate complessivamente nel 2021 (21,2% del totale). A seguire, ingrosso e logistica (15%), commercio (8,4%), servizi di pulizia (7%), turismo (6,4%) e alcuni comparti del made in Italy quali industrie alimentari (6%), legno-mobilio (3,6%) e industria conciaria (2,6%).<\/p>\n<p>&nbsp;<\/p>\n<p>&nbsp;<\/p>\n<hr \/>\n<p>&nbsp;<\/p>\n<blockquote>\n<h3 class=\"p1\"><span class=\"s1\">LAVORI NELLE SCUOLE, LA PROVINCIA INCONTRA I PRESIDI DEGLI ISTITUTI SUPERIORI DELLA CITT\u00c0 DI BELLUNO<\/span><\/h3>\n<\/blockquote>\n<p class=\"p1\"><span class=\"s1\"><strong>BELLUNO <\/strong>La Provincia ha incontrato i dirigenti scolastici degli istituti superiori di Belluno. Sul tavolo, i progetti futuri per le scuole, con un focus sugli interventi a medio e lungo termine. Erano presenti all\u2019incontro il presidente della Provincia Roberto Padrin, la consigliera delegata all\u2019edilizia scolastica Lucia Da Rold, i tecnici di Palazzo Piloni e i dirigenti di Calvi, Renier, Segato, Catullo e Galilei-Tiziano. <\/span><span class=\"s1\">Ai dirigenti sono stati presentati gli interventi in corso d\u2019opera alla palestra del Calvi e al Brustolon, e le progettazioni gi\u00e0 pronte in attesa di essere cantierate che riguardano gli adeguamenti sismici al Segato e al Tiziano (per un valore complessivo di quasi 10 milioni di euro). Inoltre, sono state presentate le prospettive riguardanti la \u201ccittadella scolastica\u201d che verr\u00e0 realizzata nel complesso dell\u2019ex caserma Fantuzzi (la Provincia ha gi\u00e0 presentato un primo progetto a valere sui fondi del Pnrr).\u00a0<\/span><\/p>\n\n\t\t\t<style type='text\/css'>\n\t\t\t\t#gallery-5 {\n\t\t\t\t\tmargin: auto;\n\t\t\t\t}\n\t\t\t\t#gallery-5 .gallery-item {\n\t\t\t\t\tfloat: left;\n\t\t\t\t\tmargin-top: 10px;\n\t\t\t\t\ttext-align: center;\n\t\t\t\t\twidth: 50%;\n\t\t\t\t}\n\t\t\t\t#gallery-5 img {\n\t\t\t\t\tborder: 2px solid #cfcfcf;\n\t\t\t\t}\n\t\t\t\t#gallery-5 .gallery-caption {\n\t\t\t\t\tmargin-left: 0;\n\t\t\t\t}\n\t\t\t\t\/* see gallery_shortcode() in wp-includes\/media.php *\/\n\t\t\t<\/style>\n\t\t<div id='gallery-5' class='dt-gallery-container gallery galleryid-268040 gallery-columns-2 gallery-size-thumbnail'><dl class='gallery-item'>\n\t\t\t\t<dt class='gallery-icon landscape'>\n\t\t\t\t\t<a class=\"rollover rollover-zoom dt-pswp-item\" title=\"incontro presidi 2\" data-dt-img-description=\"\" data-large_image_width=\"2560\" data-large_image_height=\"1920\"href='https:\/\/www.radiopiu.net\/wordpress\/wp-content\/uploads\/2022\/03\/incontro-presidi-2-scaled.jpg'><img loading=\"lazy\" decoding=\"async\" width=\"150\" height=\"150\" src=\"https:\/\/www.radiopiu.net\/wordpress\/wp-content\/uploads\/2022\/03\/incontro-presidi-2-150x150.jpg\" class=\"attachment-thumbnail size-thumbnail\" alt=\"\" \/><\/a>\n\t\t\t\t<\/dt><\/dl><dl class='gallery-item'>\n\t\t\t\t<dt class='gallery-icon landscape'>\n\t\t\t\t\t<a class=\"rollover rollover-zoom dt-pswp-item\" title=\"Incontro presidi 1\" data-dt-img-description=\"\" data-large_image_width=\"2560\" data-large_image_height=\"1920\"href='https:\/\/www.radiopiu.net\/wordpress\/wp-content\/uploads\/2022\/03\/Incontro-presidi-1-scaled.jpg'><img loading=\"lazy\" decoding=\"async\" width=\"150\" height=\"150\" src=\"https:\/\/www.radiopiu.net\/wordpress\/wp-content\/uploads\/2022\/03\/Incontro-presidi-1-150x150.jpg\" class=\"attachment-thumbnail size-thumbnail\" alt=\"\" \/><\/a>\n\t\t\t\t<\/dt><\/dl><br style=\"clear: both\" \/>\n\t\t\t<\/div>\n\n<p>&nbsp;<\/p>\n<p>&nbsp;<\/p>\n<hr \/>\n<p>&nbsp;<\/p>\n<blockquote>\n<h3>CERTIFICATI ONLINE. AMPLIATA L&#8217;OFFERTA DEI SERVIZI<\/h3>\n<\/blockquote>\n<p><strong><a class=\"dt-pswp-item\" href=\"https:\/\/www.radiopiu.net\/wordpress\/wp-content\/uploads\/2022\/02\/Palazzo-rosso-illuminato-2-scaled.jpg\" data-dt-img-description=\"\" data-large_image_width=\"2560\" data-large_image_height=\"1707\"><img loading=\"lazy\" decoding=\"async\" class=\"wp-image-258762 alignleft\" src=\"https:\/\/www.radiopiu.net\/wordpress\/wp-content\/uploads\/2022\/02\/Palazzo-rosso-illuminato-2-300x200.jpg\" alt=\"\" width=\"155\" height=\"103\" srcset=\"https:\/\/www.radiopiu.net\/wordpress\/wp-content\/uploads\/2022\/02\/Palazzo-rosso-illuminato-2-300x200.jpg 300w, https:\/\/www.radiopiu.net\/wordpress\/wp-content\/uploads\/2022\/02\/Palazzo-rosso-illuminato-2-1024x683.jpg 1024w, https:\/\/www.radiopiu.net\/wordpress\/wp-content\/uploads\/2022\/02\/Palazzo-rosso-illuminato-2-768x512.jpg 768w, https:\/\/www.radiopiu.net\/wordpress\/wp-content\/uploads\/2022\/02\/Palazzo-rosso-illuminato-2-1536x1024.jpg 1536w, https:\/\/www.radiopiu.net\/wordpress\/wp-content\/uploads\/2022\/02\/Palazzo-rosso-illuminato-2-2048x1365.jpg 2048w\" sizes=\"auto, (max-width: 155px) 100vw, 155px\" \/><\/a>BELLUNO<\/strong> Il Comune di Belluno ha attivato un nuovo portale dedicato ai servizi demografici comunali da dove poter comodamente e gratuitamente scaricare certificati di stato civile ed elettorale; un servizio che si va ad affiancare e aggiungere a quello dell&#8217;Anagrafe Nazionale della Popolazione Residente, attivo da novembre e che gestisce unicamente i certificati anagrafici. Accedendo al portale con SPID o Carta di Identit\u00e0 Elettronica, \u00e8 possibile scaricare per s\u00e9 e per gli altri componenti del nucleo familiare i seguenti certificati di stato civile (solo a partire dal 01\/01\/2007): certificato di nascita; certificato di nascita con paternit\u00e0 e maternit\u00e0; certificato di matrimonio; certificato di unione civile; certificato di morte. Sono disponibili anche i certificati elettorali di iscrizione alle liste elettorali e di godimento dei diritti politici. Tutti i certificati sono automaticamente firmati digitalmente dal Sindaco e riportano un QR code che permette entro un anno dall&#8217;emissione di scaricare nuovamente il documento in formato originale.<\/p>\n<p><strong>MARCO BOGO, ASSESSORE AI SERVIZI INFORMATICI DEL COMUNE DI BELLUNO<\/strong><\/p>\n<audio class=\"wp-audio-shortcode\" id=\"audio-268040-2\" preload=\"none\" style=\"width: 100%;\" controls=\"controls\"><source type=\"audio\/mpeg\" src=\"https:\/\/www.radiopiu.net\/wordpress\/wp-content\/uploads\/2022\/03\/Bogo-Nuovi-servizi-certificati-online.mp3?_=2\" \/><a href=\"https:\/\/www.radiopiu.net\/wordpress\/wp-content\/uploads\/2022\/03\/Bogo-Nuovi-servizi-certificati-online.mp3\">https:\/\/www.radiopiu.net\/wordpress\/wp-content\/uploads\/2022\/03\/Bogo-Nuovi-servizi-certificati-online.mp3<\/a><\/audio>\n<p>&nbsp;<\/p>\n<hr \/>\n<p>&nbsp;<\/p>\n<blockquote>\n<h3>UNA CASETTA DI BOOKCROSSING AL PARCO CAIROLI DI BELLUNO<\/h3>\n<\/blockquote>\n<p><strong><a class=\"dt-pswp-item\" href=\"https:\/\/www.radiopiu.net\/wordpress\/wp-content\/uploads\/2022\/03\/book-crossing.jpg\" data-dt-img-description=\"\" data-large_image_width=\"1024\" data-large_image_height=\"768\"><img loading=\"lazy\" decoding=\"async\" class=\" wp-image-268158 alignleft\" src=\"https:\/\/www.radiopiu.net\/wordpress\/wp-content\/uploads\/2022\/03\/book-crossing-300x225.jpg\" alt=\"\" width=\"157\" height=\"118\" srcset=\"https:\/\/www.radiopiu.net\/wordpress\/wp-content\/uploads\/2022\/03\/book-crossing-300x225.jpg 300w, https:\/\/www.radiopiu.net\/wordpress\/wp-content\/uploads\/2022\/03\/book-crossing-768x576.jpg 768w, https:\/\/www.radiopiu.net\/wordpress\/wp-content\/uploads\/2022\/03\/book-crossing.jpg 1024w\" sizes=\"auto, (max-width: 157px) 100vw, 157px\" \/><\/a>BELLUNO <\/strong>\u00c8 stata inaugurata, presso il Parco Cairoli di Belluno, la nuova casetta di BookCrossing &#8211; iniziativa di distribuzione gratuita di libri, letteralmente \u201cincrocio di libri\u201d &#8211; ideata da un gruppo di giovani volontari del Comitato d\u2019Intesa di Belluno, nell\u2019ambito del progetto di solidariet\u00e0 \u201cBe the Change\u201d. Il taglio del nastro, alla presenza dell\u2019assessora per il Turismo e le Manifestazioni del Comune di Belluno Yuki d\u2019Emilia, ha visto l\u2019inaugurazione ufficiale di questa piccola biblioteca all&#8217;aperto, a libera disposizione e fruizione dei bambini e dei giovani del territorio. All\u2019interno della casetta sono gi\u00e0 stati collocati dai volontari libri e dizionari di seconda mano, raccolti grazie alla donazione di numerosi cittadini che hanno risposto entusiasticamente alla campagna di raccolta libri (BookRaising) lanciata dal Comitato d\u2019Intesa l\u2019estate scorsa. Il meccanismo del BookCrossing prevede che i libri che interessano gli utenti possano essere presi in prestito liberamente e letti con la massima tranquillit\u00e0; si richiede la riconsegna al termine, sempre presso la casetta, oppure la sostituzione con un altro volume interessante.<\/p>\n<p>&nbsp;<\/p>\n<hr \/>\n<p>&nbsp;<\/p>\n<p>&nbsp;<\/p>\n<blockquote>\n<h3>UN&#8217;ALTRA SFIDA PER MORENO PESCE, ALLA VERTICAL DI SELLA NEVEA<\/h3>\n<\/blockquote>\n<p><strong><a class=\"dt-pswp-item\" href=\"https:\/\/www.radiopiu.net\/wordpress\/wp-content\/uploads\/2021\/06\/moreno-pesce-zoldo-dxt-2021.jpeg\" data-dt-img-description=\"\" data-large_image_width=\"1200\" data-large_image_height=\"1600\"><img loading=\"lazy\" decoding=\"async\" class=\"wp-image-213988 alignleft\" src=\"https:\/\/www.radiopiu.net\/wordpress\/wp-content\/uploads\/2021\/06\/moreno-pesce-zoldo-dxt-2021-225x300.jpeg\" alt=\"\" width=\"118\" height=\"158\" srcset=\"https:\/\/www.radiopiu.net\/wordpress\/wp-content\/uploads\/2021\/06\/moreno-pesce-zoldo-dxt-2021-225x300.jpeg 225w, https:\/\/www.radiopiu.net\/wordpress\/wp-content\/uploads\/2021\/06\/moreno-pesce-zoldo-dxt-2021-768x1024.jpeg 768w, https:\/\/www.radiopiu.net\/wordpress\/wp-content\/uploads\/2021\/06\/moreno-pesce-zoldo-dxt-2021-1152x1536.jpeg 1152w, https:\/\/www.radiopiu.net\/wordpress\/wp-content\/uploads\/2021\/06\/moreno-pesce-zoldo-dxt-2021.jpeg 1200w\" sizes=\"auto, (max-width: 118px) 100vw, 118px\" \/><\/a>UDINE<\/strong> <em>\u201cRagazzi si pu\u00f2 fare, anche se le condizioni saranno impegnative soprattutto per noi\u201d. <\/em>Queste le parole di Moreno Pesce, atleta paralimpico, ai compagni del Team3Gambe che domani o domenica a seconda delle condizioni meteo, affronteranno ancora una volta, i mille metri di \u00a0verticale su pista innevata. Una prova molto impegnativa per loro, oltre la verticalit\u00e0 estrema, la consistenza del fondo su cui si procede. Il Team 3Gambe sar\u00e0 composto da: Alessandro Vianello,\u00a0 Cesare Galli,\u00a0 Loris Miloni e Moreno Pesce.\u00a0 La gara si snoder\u00e0 ancora una volta lungo il tracciato battuto della pista pista da sci. Essendo ad aprile lo stato della neve \u00e8 molto trasformato. Partenza fissata da Sella Nevea ed arrivo a Sella Leupa.\u00a0 1000 metri di dislivello totale, in soli 3 chilometri di sviluppo, da affrontare con i ramponcini ai piedi visto il manto\u00a0 ancora innevato e di consistenza variabile. Due muri da superare, un passaggio caratteristico al rifugio Gilberti, posto a quota 1800 metri. Il via della gara alle 10.30 del mattino.<\/p>\n<p>&nbsp;<\/p>\n<p>&nbsp;<\/p>\n<hr \/>\n<p>&nbsp;<\/p>\n<p>&nbsp;<\/p>\n<blockquote>\n<h3>CRISTINA A VALERIO BONAN, PRIMI AL MELACANTO TALENT, CATEGORIA UNDER 18<\/h3>\n<\/blockquote>\n<div class=\"ii04i59q jq4qci2q g9io39s2 oo9gr5id\" dir=\"auto\" role=\"none\"><strong>FELTRE<\/strong> Primi tra gli applausi, Cristina e Valerio Bonan hanno vinto la terza edizione del concorso nazionale MelaCanto Talent categoria Under 18, dopo mesi di selezioni (da giugno a dicembre) per oltre 200 concorrenti,\u00a0 ieri sera la finale\u00a0 per 12 chiusa con successo, il massimo del successo per due dei cinque fratelli del gruppo Smile,\u00a0 gi\u00e0 ospiti a Radio Pi\u00f9 e protagonisti delle nostre dirette estive. Il premio:\u00a0 la distribuzione digitale di un singolo con la casa discografica Art Work Records. La giuria era composta da\u00a0 artisti professionisti: Lorenzo Iurac\u00e0, Giulia Penza, Alex Bimbi e Andrea Prestianni.\u00a0 Il talent \u00e8 organizzato dal polo artistico vinile in collaborazione con Avis, i per i recording Label e Art Work Records.<\/div>\n<div dir=\"auto\" role=\"none\"><\/div>\n<div dir=\"auto\" role=\"none\"><strong>L&#8217;INTERVISTA ALLA RADIO<\/strong><\/div>\n<div dir=\"auto\" role=\"none\"><strong>di mirko mezzacasa<\/strong><\/div>\n<div dir=\"auto\" role=\"none\"><\/div>\n<div dir=\"auto\" role=\"none\">\n<audio class=\"wp-audio-shortcode\" id=\"audio-268040-3\" preload=\"none\" style=\"width: 100%;\" controls=\"controls\"><source type=\"audio\/mpeg\" src=\"https:\/\/www.radiopiu.net\/wordpress\/wp-content\/uploads\/2022\/03\/CRISTINA-A-VALERIO.mp3?_=3\" \/><a href=\"https:\/\/www.radiopiu.net\/wordpress\/wp-content\/uploads\/2022\/03\/CRISTINA-A-VALERIO.mp3\">https:\/\/www.radiopiu.net\/wordpress\/wp-content\/uploads\/2022\/03\/CRISTINA-A-VALERIO.mp3<\/a><\/audio>\n<p>&nbsp;<\/p>\n\n\t\t\t<style type='text\/css'>\n\t\t\t\t#gallery-6 {\n\t\t\t\t\tmargin: auto;\n\t\t\t\t}\n\t\t\t\t#gallery-6 .gallery-item {\n\t\t\t\t\tfloat: left;\n\t\t\t\t\tmargin-top: 10px;\n\t\t\t\t\ttext-align: center;\n\t\t\t\t\twidth: 33%;\n\t\t\t\t}\n\t\t\t\t#gallery-6 img {\n\t\t\t\t\tborder: 2px solid #cfcfcf;\n\t\t\t\t}\n\t\t\t\t#gallery-6 .gallery-caption {\n\t\t\t\t\tmargin-left: 0;\n\t\t\t\t}\n\t\t\t\t\/* see gallery_shortcode() in wp-includes\/media.php *\/\n\t\t\t<\/style>\n\t\t<div id='gallery-6' class='dt-gallery-container gallery galleryid-268040 gallery-columns-3 gallery-size-thumbnail'><dl class='gallery-item'>\n\t\t\t\t<dt class='gallery-icon landscape'>\n\t\t\t\t\t<a class=\"rollover rollover-zoom dt-pswp-item\" title=\"277576759_498165355166452_5281521161387617723_n\" data-dt-img-description=\"\" data-large_image_width=\"948\" data-large_image_height=\"540\"href='https:\/\/www.radiopiu.net\/wordpress\/wp-content\/uploads\/2022\/03\/277576759_498165355166452_5281521161387617723_n.jpg'><img loading=\"lazy\" decoding=\"async\" width=\"150\" height=\"150\" src=\"https:\/\/www.radiopiu.net\/wordpress\/wp-content\/uploads\/2022\/03\/277576759_498165355166452_5281521161387617723_n-150x150.jpg\" class=\"attachment-thumbnail size-thumbnail\" alt=\"\" \/><\/a>\n\t\t\t\t<\/dt><\/dl><dl class='gallery-item'>\n\t\t\t\t<dt class='gallery-icon landscape'>\n\t\t\t\t\t<a class=\"rollover rollover-zoom dt-pswp-item\" title=\"276025270_511827240525280_4676788573899177174_n\" data-dt-img-description=\"\" data-large_image_width=\"526\" data-large_image_height=\"526\"href='https:\/\/www.radiopiu.net\/wordpress\/wp-content\/uploads\/2022\/03\/276025270_511827240525280_4676788573899177174_n.jpg'><img loading=\"lazy\" decoding=\"async\" width=\"150\" height=\"150\" src=\"https:\/\/www.radiopiu.net\/wordpress\/wp-content\/uploads\/2022\/03\/276025270_511827240525280_4676788573899177174_n-150x150.jpg\" class=\"attachment-thumbnail size-thumbnail\" alt=\"\" srcset=\"https:\/\/www.radiopiu.net\/wordpress\/wp-content\/uploads\/2022\/03\/276025270_511827240525280_4676788573899177174_n-150x150.jpg 150w, https:\/\/www.radiopiu.net\/wordpress\/wp-content\/uploads\/2022\/03\/276025270_511827240525280_4676788573899177174_n-300x300.jpg 300w, https:\/\/www.radiopiu.net\/wordpress\/wp-content\/uploads\/2022\/03\/276025270_511827240525280_4676788573899177174_n.jpg 526w\" sizes=\"auto, (max-width: 150px) 100vw, 150px\" \/><\/a>\n\t\t\t\t<\/dt><\/dl><dl class='gallery-item'>\n\t\t\t\t<dt class='gallery-icon landscape'>\n\t\t\t\t\t<a class=\"rollover rollover-zoom dt-pswp-item\" title=\"90658251_102247664758225_114934085050171392_n\" data-dt-img-description=\"\" data-large_image_width=\"508\" data-large_image_height=\"265\"href='https:\/\/www.radiopiu.net\/wordpress\/wp-content\/uploads\/2022\/03\/90658251_102247664758225_114934085050171392_n.jpg'><img loading=\"lazy\" decoding=\"async\" width=\"150\" height=\"150\" src=\"https:\/\/www.radiopiu.net\/wordpress\/wp-content\/uploads\/2022\/03\/90658251_102247664758225_114934085050171392_n-150x150.jpg\" class=\"attachment-thumbnail size-thumbnail\" alt=\"\" \/><\/a>\n\t\t\t\t<\/dt><\/dl><br style=\"clear: both\" \/>\n\t\t\t<\/div>\n\n<p>&nbsp;<\/p>\n<\/div>\n<div dir=\"auto\" role=\"none\"><\/div>\n<p>&nbsp;<\/p>\n<hr \/>\n<p>&nbsp;<\/p>\n<blockquote>\n<h3>CALCHERA IN VALLE DI SAN LUCANO, &#8220;FASCINE DI LEGNA CERCASI&#8221;<\/h3>\n<h3><em>Il sito si trova in prossimit\u00e0 del capitello delle tre dita, prima della chiesa di San Lucano.\u00a0<\/em><\/h3>\n<\/blockquote>\n<p><a class=\"dt-pswp-item\" href=\"https:\/\/www.radiopiu.net\/wordpress\/wp-content\/uploads\/2022\/03\/download-1.jpg\" data-dt-img-description=\"\" data-large_image_width=\"230\" data-large_image_height=\"183\"><img loading=\"lazy\" decoding=\"async\" class=\"size-thumbnail wp-image-267150 alignleft\" src=\"https:\/\/www.radiopiu.net\/wordpress\/wp-content\/uploads\/2022\/03\/download-1-150x150.jpg\" alt=\"\" width=\"150\" height=\"150\" \/><\/a><\/p>\n<p><strong>\u00a0<\/strong><strong>TAIBON<\/strong> I volontari di Taibon da tempo lavorano ad un progetto ambizioso: ridare vita alla Calch\u00e8ra de le t\u00f2rte, in previsione della \u201ccota\u201d di primavera, un evento dal momento che almeno da settant\u2019anni l\u2019operazione non \u00e8 pi\u00f9 praticata. Per quell&#8217;occasione sar\u00e0 importante e necessario che gli uomini del Piodech guidati dal presidente Paolo &#8220;moncio&#8221; Sibillon abbiamo a disposizione tanta legna. Ecco quindi la richiesta di collaborazione al paese. &#8220;In questi giorni &#8211; riflette Sibillon &#8211; sono in corso i lavori di giardinaggio, molte persone tagliano i rami degli alberi, cespugli per smaltire il legnatico presso l&#8217;ecocentro. Quello che chiediamo e che questo materiale venga preparato in fascine, della lunghezza di circa un metro. Anzich\u00e8 finire all&#8217;econcentro serviranno per la cota di primavera. Ci mettiamo a disposizione per recuperare presso le abitazioni le fascine di legna. Con un grazie in anticipo&#8221;. Per ulteriori informazioni e segnalare eventuali ritiri il referente \u00e8 Agostino &#8220;il tecnico&#8221; Cadorin telefono 337 495 723<\/p>\n<p>&nbsp;<\/p>\n<hr \/>\n<p>&nbsp;<\/p>\n<blockquote>\n<h3>DELTEDESCO: DAL BOSCO LA MATERIA PRIMA PER IL FALEGNAME ED IL CAPENTIERE FOD\u00d2M<\/h3>\n<\/blockquote>\n<p><strong>di\u00a0 RENATO BONA<\/strong><\/p>\n<p>Il maestro Franco Deltedesco ha realizzato nel 1995 con l\u2019Istituto bellunese di ricerche sociali e culturali il cui responsabile, il prof. don Sergio Sacco aveva firmato la prefazione (stampa delle officine Bertoncello Artigrafiche di Cittadella) il prezioso volume di quasi 150 pagine \u201cL\u2019artigianato del legno e del ferro a Fod\u00f3m\u201d su una realt\u00e0 non solo locale: dal bosco la materia prima per il falegname e il carpentiere, con l\u2019illustrazione, accompagnata da efficaci immagini, di tutto quanto, o quasi, riguarda la gestione ed utilizzazione dei boschi; come si presenta una pianta; dall\u2019abete e dal larice si ricavano pezzi di varie misure; i vari tipi i legna. Ed ecco qui di seguito la carrellata di fotografie con relative didascalie che \u201cdicono\u201d molte altre cose collegate all\u2019importante settore legno; per esempio che: \u201cI beni comunali sono di propriet\u00e0 del demanio e su di essi gravano i diritti di uso civico che sono il rifabbrico, il legnatico e il pascolo\u201d. Proseguiamo: per quanto concerne il rifabbrico, si legge che: \u201cE\u2019 il diritto spettante alla popolazione originaria di ricevere gratuitamente il legname occorrente per la costruzione di nuovi fabbricati, il restauro di quelli gi\u00e0 esistenti e la costruzione di attrezzi agricoli\u201d. Tocca al legnatico: \u201cil cos\u00ec detto \u2018diritto di fuoco\u2019 consiste nel diritto di ricevere gratuitamente la legna necessaria ai bisogni della famiglia. Esso viene soddisfatto, ovunque possibile, con i cascami delle utilizzazioni boschive, con i diradamenti e gli sfollamenti. Per il soddisfacimento di questo diritto che a Livinallongo interessa circa 400 famiglie, viene destinato, ogni anno, un quantitativo di materiale legnoso che si aggira sui 1200 metri cubi\u201d. E veniamo al pascolo per il quale Deltedesco spiegava: \u201cConsiste nel diritto, da parte dei residenti, di far pascolare il proprio bestiame su tutta la propriet\u00e0 comunale, compresi i boschi\u201d. Per le due foto successive ecco quanto riportato nel libro: \u201cQuando l\u2019amministrazione comunale ha approvato il verbale per l\u2019assegnazione del combustibile annuale, verbale steso dalla sezione forestale del comune, e dopo che il Comitato di controllo ha approvato la delibera, si procede all\u2019assegnazione\u201d, e: \u201cLa forestale, la guardia comunale, il capofrazione e un frazionista, tenendo presente il piano economico, scelgono le zone che si rivelano pi\u00f9 comode per le singole frazioni\u201d. Quindi, altra foto: \u201cSul tronco delle piante prescelte dalla forestale viene eseguita la specchiatura sulla quale viene apposto un numero progressivo. Sul ceppo viene apposto il martello che porta la sigla \u2018BF\u2019(brigadiere forestale), un numero e una stella a 5 punte. Vengono quindi fatte le razioni di 3,5 metri cubi lordi e si provvede a prendere nota del numero dei pezzi assegnati\u201d e: \u201cL\u2019assegnazione della razione al singolo frazionista viene tirata a sorte, in modo da non agevolare qualcuno a discapito degli altri\u201d. A loro volta &#8211; altra immagine &#8211; \u201cI proprietari dovrebbero eseguire i tagli entro sei mesi e ripulire il luogo, ammucchiando tutto ci\u00f2 che rimane inutilizzato. Al momento del taglio, ognuno deve porre attenzione a non danneggiare altre piante, in particolare il novellame. A volte, la forestale impone di tagliare i rami alla pianta prima di rovesciarla\u201d. Inoltre: \u201cA coloro che li richiedono viene assegnato pure legname da costruzione, il cosiddetto \u2018fabbisogno\u2019. In questo caso viene assegnato legname sano e nella pianta viene scritto il nome del proprietario\u201d. Decisamente efficace l\u2019immagine proposta (ed utilizzata anche nella copertina del lavoro di Franco Deltedesco) a conclusione di questa semplice ma apprezzabile spiegazione delle modalit\u00e0 di utilizzo del legno per specificare che sar\u00e0 \u201cUna commissione, nominata dal comune, a controllare precedentemente l\u2019effettivo bisogno che ha la famiglia per i lavori di sistemazione della stalla, del fienile, per nuove costruzioni o per il rifacimento del tetto\u201d. Concludiamo all\u2019insegna del largo ai giovani per la Festa degli alberi a proposito della quale Deltesco scriveva che \u201cfu voluta da un medico, Guido Baccelli, che nacque a Roma nel 1830 circa e mor\u00ec pure a Roma nel 1916. Nel campo dell\u2019indagine sanitaria fu uno studioso della malaria che si prodig\u00f2 a combattere nell\u2019Agro Romano e nell\u2019Agro Pontino. Fu medico di Pio IX e di Vittorio Emanuele II ed in seguito ministro della Pubblica istruzione\u201d e aggiungeva altre note ricordando che Baccelli fu educatore convinto ed appassionato, dei giovani in modo particolare; dedic\u00f2 grande impegno nell\u2019organizzazione della \u2018Festa degli alberi\u2019 per la quale chiese il contributo dell\u2019intera Nazione e specialmente dei giovani. La Festa fu istituita per ravvivare nel cuore della giovent\u00f9 il rispetto e il culto che avevano gli antichi per gli alberi e per la natura. La prima ebbe luogo a Roma il 21 novembre 1899; vi parteciparono oltre 10 mila scolari con gli insegnanti e numerosissime autorit\u00e0 con in testa l\u2019on. Baccelli e la Regina Margherita. Con circolare 56 del 27 giugno 1899, furono emanate istruzioni dal Governo per l\u2019istituzione della Festa degli alberi in tutta Italia.<\/p>\n\n\t\t\t<style type='text\/css'>\n\t\t\t\t#gallery-7 {\n\t\t\t\t\tmargin: auto;\n\t\t\t\t}\n\t\t\t\t#gallery-7 .gallery-item {\n\t\t\t\t\tfloat: left;\n\t\t\t\t\tmargin-top: 10px;\n\t\t\t\t\ttext-align: center;\n\t\t\t\t\twidth: 20%;\n\t\t\t\t}\n\t\t\t\t#gallery-7 img {\n\t\t\t\t\tborder: 2px solid #cfcfcf;\n\t\t\t\t}\n\t\t\t\t#gallery-7 .gallery-caption {\n\t\t\t\t\tmargin-left: 0;\n\t\t\t\t}\n\t\t\t\t\/* see gallery_shortcode() in wp-includes\/media.php *\/\n\t\t\t<\/style>\n\t\t<div id='gallery-7' class='dt-gallery-container gallery galleryid-268040 gallery-columns-5 gallery-size-thumbnail'><dl class='gallery-item'>\n\t\t\t\t<dt class='gallery-icon portrait'>\n\t\t\t\t\t<a class=\"rollover rollover-zoom dt-pswp-item\" title=\"277683851_745267556462360_5965184308386955239_n\" data-dt-img-description=\"\" data-large_image_width=\"157\" data-large_image_height=\"225\"href='https:\/\/www.radiopiu.net\/wordpress\/wp-content\/uploads\/2022\/03\/277683851_745267556462360_5965184308386955239_n.jpg'><img loading=\"lazy\" decoding=\"async\" width=\"150\" height=\"150\" src=\"https:\/\/www.radiopiu.net\/wordpress\/wp-content\/uploads\/2022\/03\/277683851_745267556462360_5965184308386955239_n-150x150.jpg\" class=\"attachment-thumbnail size-thumbnail\" alt=\"\" \/><\/a>\n\t\t\t\t<\/dt><\/dl><dl class='gallery-item'>\n\t\t\t\t<dt class='gallery-icon portrait'>\n\t\t\t\t\t<a class=\"rollover rollover-zoom dt-pswp-item\" title=\"277594074_404194511706302_1923819387827899194_n\" data-dt-img-description=\"\" data-large_image_width=\"152\" data-large_image_height=\"225\"href='https:\/\/www.radiopiu.net\/wordpress\/wp-content\/uploads\/2022\/03\/277594074_404194511706302_1923819387827899194_n.jpg'><img loading=\"lazy\" decoding=\"async\" width=\"150\" height=\"150\" src=\"https:\/\/www.radiopiu.net\/wordpress\/wp-content\/uploads\/2022\/03\/277594074_404194511706302_1923819387827899194_n-150x150.jpg\" class=\"attachment-thumbnail size-thumbnail\" alt=\"\" \/><\/a>\n\t\t\t\t<\/dt><\/dl><dl class='gallery-item'>\n\t\t\t\t<dt class='gallery-icon landscape'>\n\t\t\t\t\t<a class=\"rollover rollover-zoom dt-pswp-item\" title=\"277362964_1249037648954967_6973399326193739437_n\" data-dt-img-description=\"\" data-large_image_width=\"320\" data-large_image_height=\"206\"href='https:\/\/www.radiopiu.net\/wordpress\/wp-content\/uploads\/2022\/03\/277362964_1249037648954967_6973399326193739437_n.jpg'><img loading=\"lazy\" decoding=\"async\" width=\"150\" height=\"150\" src=\"https:\/\/www.radiopiu.net\/wordpress\/wp-content\/uploads\/2022\/03\/277362964_1249037648954967_6973399326193739437_n-150x150.jpg\" class=\"attachment-thumbnail size-thumbnail\" alt=\"\" \/><\/a>\n\t\t\t\t<\/dt><\/dl><dl class='gallery-item'>\n\t\t\t\t<dt class='gallery-icon landscape'>\n\t\t\t\t\t<a class=\"rollover rollover-zoom dt-pswp-item\" title=\"277456319_305192368421160_8807633520496542097_n\" data-dt-img-description=\"\" data-large_image_width=\"317\" data-large_image_height=\"206\"href='https:\/\/www.radiopiu.net\/wordpress\/wp-content\/uploads\/2022\/03\/277456319_305192368421160_8807633520496542097_n.jpg'><img loading=\"lazy\" decoding=\"async\" width=\"150\" height=\"150\" src=\"https:\/\/www.radiopiu.net\/wordpress\/wp-content\/uploads\/2022\/03\/277456319_305192368421160_8807633520496542097_n-150x150.jpg\" class=\"attachment-thumbnail size-thumbnail\" alt=\"\" \/><\/a>\n\t\t\t\t<\/dt><\/dl><dl class='gallery-item'>\n\t\t\t\t<dt class='gallery-icon landscape'>\n\t\t\t\t\t<a class=\"rollover rollover-zoom dt-pswp-item\" title=\"277419651_281002457407173_8470901305260368027_n\" data-dt-img-description=\"\" data-large_image_width=\"293\" data-large_image_height=\"206\"href='https:\/\/www.radiopiu.net\/wordpress\/wp-content\/uploads\/2022\/03\/277419651_281002457407173_8470901305260368027_n.jpg'><img loading=\"lazy\" decoding=\"async\" width=\"150\" height=\"150\" src=\"https:\/\/www.radiopiu.net\/wordpress\/wp-content\/uploads\/2022\/03\/277419651_281002457407173_8470901305260368027_n-150x150.jpg\" class=\"attachment-thumbnail size-thumbnail\" alt=\"\" \/><\/a>\n\t\t\t\t<\/dt><\/dl><br style=\"clear: both\" \/><dl class='gallery-item'>\n\t\t\t\t<dt class='gallery-icon landscape'>\n\t\t\t\t\t<a class=\"rollover rollover-zoom dt-pswp-item\" title=\"277494977_340456967902197_4521926391056705809_n\" data-dt-img-description=\"\" data-large_image_width=\"296\" data-large_image_height=\"202\"href='https:\/\/www.radiopiu.net\/wordpress\/wp-content\/uploads\/2022\/03\/277494977_340456967902197_4521926391056705809_n.jpg'><img loading=\"lazy\" decoding=\"async\" width=\"150\" height=\"150\" src=\"https:\/\/www.radiopiu.net\/wordpress\/wp-content\/uploads\/2022\/03\/277494977_340456967902197_4521926391056705809_n-150x150.jpg\" class=\"attachment-thumbnail size-thumbnail\" alt=\"\" \/><\/a>\n\t\t\t\t<\/dt><\/dl><dl class='gallery-item'>\n\t\t\t\t<dt class='gallery-icon portrait'>\n\t\t\t\t\t<a class=\"rollover rollover-zoom dt-pswp-item\" title=\"276968574_396042108610706_324957314353022976_n\" data-dt-img-description=\"\" data-large_image_width=\"152\" data-large_image_height=\"225\"href='https:\/\/www.radiopiu.net\/wordpress\/wp-content\/uploads\/2022\/03\/276968574_396042108610706_324957314353022976_n.jpg'><img loading=\"lazy\" decoding=\"async\" width=\"150\" height=\"150\" src=\"https:\/\/www.radiopiu.net\/wordpress\/wp-content\/uploads\/2022\/03\/276968574_396042108610706_324957314353022976_n-150x150.jpg\" class=\"attachment-thumbnail size-thumbnail\" alt=\"\" \/><\/a>\n\t\t\t\t<\/dt><\/dl><dl class='gallery-item'>\n\t\t\t\t<dt class='gallery-icon landscape'>\n\t\t\t\t\t<a class=\"rollover rollover-zoom dt-pswp-item\" title=\"277404333_688769932541059_3969268842356191655_n\" data-dt-img-description=\"\" data-large_image_width=\"295\" data-large_image_height=\"206\"href='https:\/\/www.radiopiu.net\/wordpress\/wp-content\/uploads\/2022\/03\/277404333_688769932541059_3969268842356191655_n.jpg'><img loading=\"lazy\" decoding=\"async\" width=\"150\" height=\"150\" src=\"https:\/\/www.radiopiu.net\/wordpress\/wp-content\/uploads\/2022\/03\/277404333_688769932541059_3969268842356191655_n-150x150.jpg\" class=\"attachment-thumbnail size-thumbnail\" alt=\"\" \/><\/a>\n\t\t\t\t<\/dt><\/dl><dl class='gallery-item'>\n\t\t\t\t<dt class='gallery-icon landscape'>\n\t\t\t\t\t<a class=\"rollover rollover-zoom dt-pswp-item\" title=\"277595138_567040994846670_7164440325325811941_n\" data-dt-img-description=\"\" data-large_image_width=\"308\" data-large_image_height=\"206\"href='https:\/\/www.radiopiu.net\/wordpress\/wp-content\/uploads\/2022\/03\/277595138_567040994846670_7164440325325811941_n.jpg'><img loading=\"lazy\" decoding=\"async\" width=\"150\" height=\"150\" src=\"https:\/\/www.radiopiu.net\/wordpress\/wp-content\/uploads\/2022\/03\/277595138_567040994846670_7164440325325811941_n-150x150.jpg\" class=\"attachment-thumbnail size-thumbnail\" alt=\"\" \/><\/a>\n\t\t\t\t<\/dt><\/dl><dl class='gallery-item'>\n\t\t\t\t<dt class='gallery-icon landscape'>\n\t\t\t\t\t<a class=\"rollover rollover-zoom dt-pswp-item\" title=\"277373022_390218746258190_5586574765744899506_n\" data-dt-img-description=\"\" data-large_image_width=\"280\" data-large_image_height=\"202\"href='https:\/\/www.radiopiu.net\/wordpress\/wp-content\/uploads\/2022\/03\/277373022_390218746258190_5586574765744899506_n.jpg'><img loading=\"lazy\" decoding=\"async\" width=\"150\" height=\"150\" src=\"https:\/\/www.radiopiu.net\/wordpress\/wp-content\/uploads\/2022\/03\/277373022_390218746258190_5586574765744899506_n-150x150.jpg\" class=\"attachment-thumbnail size-thumbnail\" alt=\"\" \/><\/a>\n\t\t\t\t<\/dt><\/dl><br style=\"clear: both\" \/><dl class='gallery-item'>\n\t\t\t\t<dt class='gallery-icon landscape'>\n\t\t\t\t\t<a class=\"rollover rollover-zoom dt-pswp-item\" title=\"277550520_987343211908408_2344027861217456265_n\" data-dt-img-description=\"\" data-large_image_width=\"296\" data-large_image_height=\"199\"href='https:\/\/www.radiopiu.net\/wordpress\/wp-content\/uploads\/2022\/03\/277550520_987343211908408_2344027861217456265_n.jpg'><img loading=\"lazy\" decoding=\"async\" width=\"150\" height=\"150\" src=\"https:\/\/www.radiopiu.net\/wordpress\/wp-content\/uploads\/2022\/03\/277550520_987343211908408_2344027861217456265_n-150x150.jpg\" class=\"attachment-thumbnail size-thumbnail\" alt=\"\" \/><\/a>\n\t\t\t\t<\/dt><\/dl><dl class='gallery-item'>\n\t\t\t\t<dt class='gallery-icon landscape'>\n\t\t\t\t\t<a class=\"rollover rollover-zoom dt-pswp-item\" title=\"277532488_2366884556798619_8102502858674345592_n\" data-dt-img-description=\"\" data-large_image_width=\"296\" data-large_image_height=\"206\"href='https:\/\/www.radiopiu.net\/wordpress\/wp-content\/uploads\/2022\/03\/277532488_2366884556798619_8102502858674345592_n.jpg'><img loading=\"lazy\" decoding=\"async\" width=\"150\" height=\"150\" src=\"https:\/\/www.radiopiu.net\/wordpress\/wp-content\/uploads\/2022\/03\/277532488_2366884556798619_8102502858674345592_n-150x150.jpg\" class=\"attachment-thumbnail size-thumbnail\" alt=\"\" \/><\/a>\n\t\t\t\t<\/dt><\/dl><dl class='gallery-item'>\n\t\t\t\t<dt class='gallery-icon portrait'>\n\t\t\t\t\t<a class=\"rollover rollover-zoom dt-pswp-item\" title=\"277610055_292266996314769_5939424696726435892_n\" data-dt-img-description=\"\" data-large_image_width=\"153\" data-large_image_height=\"225\"href='https:\/\/www.radiopiu.net\/wordpress\/wp-content\/uploads\/2022\/03\/277610055_292266996314769_5939424696726435892_n.jpg'><img loading=\"lazy\" decoding=\"async\" width=\"150\" height=\"150\" src=\"https:\/\/www.radiopiu.net\/wordpress\/wp-content\/uploads\/2022\/03\/277610055_292266996314769_5939424696726435892_n-150x150.jpg\" class=\"attachment-thumbnail size-thumbnail\" alt=\"\" \/><\/a>\n\t\t\t\t<\/dt><\/dl><dl class='gallery-item'>\n\t\t\t\t<dt class='gallery-icon landscape'>\n\t\t\t\t\t<a class=\"rollover rollover-zoom dt-pswp-item\" title=\"277408579_944358289588915_4569185962341205774_n\" data-dt-img-description=\"\" data-large_image_width=\"320\" data-large_image_height=\"204\"href='https:\/\/www.radiopiu.net\/wordpress\/wp-content\/uploads\/2022\/03\/277408579_944358289588915_4569185962341205774_n.jpg'><img loading=\"lazy\" decoding=\"async\" width=\"150\" height=\"150\" src=\"https:\/\/www.radiopiu.net\/wordpress\/wp-content\/uploads\/2022\/03\/277408579_944358289588915_4569185962341205774_n-150x150.jpg\" class=\"attachment-thumbnail size-thumbnail\" alt=\"\" \/><\/a>\n\t\t\t\t<\/dt><\/dl><dl class='gallery-item'>\n\t\t\t\t<dt class='gallery-icon landscape'>\n\t\t\t\t\t<a class=\"rollover rollover-zoom dt-pswp-item\" title=\"277403873_4916261075090054_6688929644836043630_n\" data-dt-img-description=\"\" data-large_image_width=\"320\" data-large_image_height=\"202\"href='https:\/\/www.radiopiu.net\/wordpress\/wp-content\/uploads\/2022\/03\/277403873_4916261075090054_6688929644836043630_n.jpg'><img loading=\"lazy\" decoding=\"async\" width=\"150\" height=\"150\" src=\"https:\/\/www.radiopiu.net\/wordpress\/wp-content\/uploads\/2022\/03\/277403873_4916261075090054_6688929644836043630_n-150x150.jpg\" class=\"attachment-thumbnail size-thumbnail\" alt=\"\" \/><\/a>\n\t\t\t\t<\/dt><\/dl><br style=\"clear: both\" \/>\n\t\t\t<\/div>\n\n<p>&nbsp;<\/p>\n<p>&nbsp;<\/p>\n<hr \/>\n<p>&nbsp;<\/p>\n<blockquote>\n<blockquote>\n<h3>SAGRA DEI FISCIOT, APPUNTAMENTO PER IL 3 APRILE. ULTIMA DOMENICA ECOLOGICA DELLA PRIMAVERA<\/h3>\n<\/blockquote>\n<p><strong>BELLUNO <\/strong>Domenica, dopo due anni di assenza causa Covid, il ritorno della Fiera della Madonna Addolorata, la tradizionale \u201cSagra dei Fisciot\u201d. Come nel periodo pre-pandemia, le bancarelle occuperanno tutto il centro storico.\u00a0 Per l&#8217;accesso alla sagra sar\u00e0 necessario essere in possesso del Green Pass base in corso di validit\u00e0 e indossare la mascherina. In occasione della sagra \u00e8 stata organizzata anche l&#8217;ultima domenica ecologica della primavera 2022.<\/p>\n<p>&nbsp;<\/p><\/blockquote>\n<p>&nbsp;<\/p>\n<hr \/>\n<p>&nbsp;<\/p>\n<p><strong>ARABBA.. SCIARE FINO A PASQUA<\/strong><\/p>\n<blockquote>\n<div class=\"\">\n<div class=\"\"><i class=\"\">Ma chi l&#8217;ha detto che a Pasqua \u00e8 troppo tardi per sciare? Ad Arabba \u00e8 possibile! Gli impianti di Porta Vescovo e del Passo Pordoi sono aperti tutti i giorni fino a\u00a0<span dir=\"ltr\">luned\u00ec 18 aprile<\/span>\u00a0compreso, per permettere a tutti gli amanti dello sci di farsi un&#8217;ultima sciata anche con l&#8217;arrivo della primavera! Piste vere per sciatori veri, ma anche un&#8217;ultima occasione per passare una giornata in quota tra le vette pi\u00f9 affascinanti delle Dolomiti.\u00a0<\/i><i class=\"\">Info e prezzi su\u00a0<a class=\"\" href=\"http:\/\/www.arabba.it\/\">www.arabba.it<\/a>\u00a0<\/i><\/div>\n<\/div>\n<\/blockquote>\n<p>&nbsp;<\/p>\n<p>&nbsp;<\/p>\n<hr \/>\n<p>&nbsp;<\/p>\n<blockquote>\n<h3>RINVIATE LE DUE GIORNATE ECOLOGICHE A CENCENIGHE<\/h3>\n<\/blockquote>\n<p><strong>CENCENIGHE<\/strong> L&#8217;amministrazione comunale di Cencenighe in collaborazione con la Pro Loco aveva organizzato per questo fine settimana due giornate ecologiche per la raccolta di rifiuti abbandonati. Sono state rinviate di sette giorni a sabato 9 e domenica 10 aprile con lo stesso programma: Sabato 9 aprile il ritrovo alle 8 con l&#8217;assegnazione dell&#8217;area di pulizia, alle 13 il pranzo al Nof Fil\u00f2 e subito dopo l&#8217;eventuale prosecuzione dei lavori. Domenica 10 aprile il ritrovo alle 8 con l&#8217;assegnazione dell&#8217;area di pulizia e alle 12 il pranzo sempre al Nof Fil\u00f2. L&#8217;attrezzatura verr\u00e0 fornita da Valpe Ambiente e le immondizie raccolte saranno conferite all&#8217;ecocentro. I bambini che vogliono partecipare alle giornate dovranno essere accompagnati. In caso di maltempo la manifestazione sar\u00e0 rinviata al fine settimana successivo del 9 e 10 aprile.<\/p>\n<p>&nbsp;<\/p>\n<p>&nbsp;<\/p>\n<hr \/>\n<p>&nbsp;<\/p>\n<blockquote>\n<h3>I BIGLIETTI VINCENTI DELL&#8217;ASSOCIAZIONE &#8220;ADA&#8221;<\/h3>\n<\/blockquote>\n<p><strong>AGORDO<\/strong> Si chiama &#8220;Lotteria Adanzar fortuna&#8221; e anche l&#8217;edizione 2022 si \u00e8 svolta regolarmente. Di seguito i biglietti estratti, per il ritiro dei premi elencati rivolgersi in orario negozio da MaxStore abbigliamento presso il Centro Commerciale La Corte Agordina, telefono 348 8062103 entro e non oltre il 30 giugno<\/p>\n<a href=\"https:\/\/www.radiopiu.net\/wordpress\/wp-content\/uploads\/2022\/03\/estratti2022-1.pdf\" class=\"pdfemb-viewer\" style=\"\" data-width=\"max\" data-height=\"max\" data-toolbar=\"top\" data-toolbar-fixed=\"on\">estratti2022<\/a>\n<p>&nbsp;<\/p>\n<hr \/>\n<p>&nbsp;<\/p>\n<blockquote>\n<h3>NUOVO TESSERAMENTO CAI<\/h3>\n<\/blockquote>\n<p><strong>AGORDO<\/strong> Il Cai di Agordo ricorda che per tutto il mese di aprile la sede sar\u00e0 aperta per il rinnovo del tesseramento il mercoled\u00ec dalle 9 alle 12 e il venerd\u00ec dalle 17 alle 19. A partire dal mese di maggio il rinnovo potr\u00e0 essere effettuato solo tramite bonifico bancario. Per informazioni o nuove iscrizioni contattare il 3280113612 oppure 3396218040.<\/p>\n<p>&nbsp;<\/p>\n<p>&nbsp;<\/p>\n<hr \/>\n<p>&nbsp;<\/p>\n<blockquote class=\"wp-embedded-content\" data-secret=\"a6mXBUy7rQ\"><p><a href=\"https:\/\/www.radiopiu.net\/wordpress\/con-il-maltempo-torna-la-neve-il-bollettino-neve-al-suolo-di-arpav-arabba\/\">CON IL MALTEMPO TORNA LA NEVE. IL BOLLETTINO NEVE AL SUOLO DI ARPAV ARABBA<\/a><\/p><\/blockquote>\n<p><iframe loading=\"lazy\" class=\"wp-embedded-content\" sandbox=\"allow-scripts\" security=\"restricted\" style=\"position: absolute; clip: rect(1px, 1px, 1px, 1px);\" title=\"&#8220;CON IL MALTEMPO TORNA LA NEVE. IL BOLLETTINO NEVE AL SUOLO DI ARPAV ARABBA&#8221; &#8212; Radio Pi\u00f9\" src=\"https:\/\/www.radiopiu.net\/wordpress\/con-il-maltempo-torna-la-neve-il-bollettino-neve-al-suolo-di-arpav-arabba\/embed\/#?secret=eukjxu1NTa#?secret=a6mXBUy7rQ\" data-secret=\"a6mXBUy7rQ\" width=\"600\" height=\"338\" frameborder=\"0\" marginwidth=\"0\" marginheight=\"0\" scrolling=\"no\"><\/iframe><\/p>\n<p>&nbsp;<\/p>\n<hr \/>\n<p>&nbsp;<\/p>\n<blockquote>\n<h3>DOMANI L&#8217;ASSEMBLEA AUSER, IERI ALLA RADIO: PIETRO URPI<\/h3>\n<\/blockquote>\n<p><a class=\"dt-pswp-item\" href=\"https:\/\/www.radiopiu.net\/wordpress\/wp-content\/uploads\/2022\/04\/337982_2739446410950_1960097913_o.jpg\" data-dt-img-description=\"\" data-large_image_width=\"206\" data-large_image_height=\"206\"><img loading=\"lazy\" decoding=\"async\" class=\"wp-image-268253 alignleft\" src=\"https:\/\/www.radiopiu.net\/wordpress\/wp-content\/uploads\/2022\/04\/337982_2739446410950_1960097913_o.jpg\" alt=\"\" width=\"117\" height=\"117\" srcset=\"https:\/\/www.radiopiu.net\/wordpress\/wp-content\/uploads\/2022\/04\/337982_2739446410950_1960097913_o.jpg 206w, https:\/\/www.radiopiu.net\/wordpress\/wp-content\/uploads\/2022\/04\/337982_2739446410950_1960097913_o-150x150.jpg 150w\" sizes=\"auto, (max-width: 117px) 100vw, 117px\" \/><\/a><strong>AUDIO<\/strong><\/p>\n<audio class=\"wp-audio-shortcode\" id=\"audio-268040-4\" preload=\"none\" style=\"width: 100%;\" controls=\"controls\"><source type=\"audio\/mpeg\" src=\"https:\/\/www.radiopiu.net\/wordpress\/wp-content\/uploads\/2022\/04\/pietro-urpi-2022.mp3?_=4\" \/><a href=\"https:\/\/www.radiopiu.net\/wordpress\/wp-content\/uploads\/2022\/04\/pietro-urpi-2022.mp3\">https:\/\/www.radiopiu.net\/wordpress\/wp-content\/uploads\/2022\/04\/pietro-urpi-2022.mp3<\/a><\/audio>\n<p>&nbsp;<\/p>\n<p>&nbsp;<\/p>\n<hr \/>\n<p>&nbsp;<\/p>\n<h2><span style=\"color: #ff0000;\">IERI ALLA RADIO<\/span><\/h2>\n<h2><span style=\"color: #808000;\">ALLO ZERO TERMICO: GIANLUCA ROSSI DOLOMITI BEER E WINE<\/span><\/h2>\n<blockquote><p><em><span class=\"photoswipe-wrapper\"><a class=\"dt-pswp-item\" href=\"https:\/\/www.radiopiu.net\/wordpress\/wp-content\/uploads\/2020\/05\/39192037-080f-4a4e-8088-9aabb6cec7e0-768x576-1.jpg\" data-dt-img-description=\"\" data-large_image_width=\"768\" data-large_image_height=\"576\"><img loading=\"lazy\" decoding=\"async\" class=\"wp-image-268201 alignleft\" src=\"https:\/\/www.radiopiu.net\/wordpress\/wp-content\/uploads\/2020\/05\/39192037-080f-4a4e-8088-9aabb6cec7e0-768x576-1-300x225.jpg\" alt=\"\" width=\"187\" height=\"140\" srcset=\"https:\/\/www.radiopiu.net\/wordpress\/wp-content\/uploads\/2020\/05\/39192037-080f-4a4e-8088-9aabb6cec7e0-768x576-1-300x225.jpg 300w, https:\/\/www.radiopiu.net\/wordpress\/wp-content\/uploads\/2020\/05\/39192037-080f-4a4e-8088-9aabb6cec7e0-768x576-1.jpg 768w\" sizes=\"auto, (max-width: 187px) 100vw, 187px\" \/><\/a>ZERO TERMICO E\u2019 UN VIAGGIO ALLA SCOPERTA DEL NOSTRO TERRITORIO, DALLA VOCE DEI PROTAGONISTI. TURISMO, SPORT, EVENTI, CULTURA, INTRATTENIMENTO. DAL LUNEDI\u2019 AL VENERDI ALLE 15.10 ALLE 20.30. ZERO TERMICO. UN APPUNTAMENTO IN COLLABORAZIONE CON: SPORT 203. LA NATURALE PORTA D\u2019INGRESSO\u2026.VERSO LO ZERO TERMICO. LOCALITA\u2019 LE CAMPE STRADA AGORDO BELLUNO. ABBIGLIAMENTO E ATTREZZATURA\u2026.DEDICATI A CHI AMA LA MONTAGNA.\u00a0<\/span><\/em><\/p><\/blockquote>\n<p><strong>DI CLAUDIO FONTANIVE\u00a0<\/strong><\/p>\n<audio class=\"wp-audio-shortcode\" id=\"audio-268040-5\" preload=\"none\" style=\"width: 100%;\" controls=\"controls\"><source type=\"audio\/mpeg\" src=\"https:\/\/www.radiopiu.net\/wordpress\/wp-content\/uploads\/2022\/03\/ginaluca-rossi-31-marzo.mp3?_=5\" \/><a href=\"https:\/\/www.radiopiu.net\/wordpress\/wp-content\/uploads\/2022\/03\/ginaluca-rossi-31-marzo.mp3\">https:\/\/www.radiopiu.net\/wordpress\/wp-content\/uploads\/2022\/03\/ginaluca-rossi-31-marzo.mp3<\/a><\/audio>\n<p>&nbsp;<\/p>\n<p>&nbsp;<\/p>\n<hr \/>\n<p>&nbsp;<\/p>\n<p><strong>TUTTI I LUNEDI ALLE 10,30 E 1900, LA DOMENICA ALLE 8 007 IN CONDOTTA, LA SCUOLA CON LA PROF. MARIA ROSA SALMAZO E CLAUDIO FONTANIVE, IN PODCAST TUTTE LE PUNTATE DELLE ULTIME STAGIONI.\u00a0<\/strong><\/p>\n<p>&nbsp;<\/p>\n<blockquote class=\"wp-embedded-content\" data-secret=\"F6vWVj7QJT\"><p><a href=\"https:\/\/www.radiopiu.net\/wordpress\/007incondotta-9\/\">007 in condotta<\/a><\/p><\/blockquote>\n<p><iframe loading=\"lazy\" class=\"wp-embedded-content\" sandbox=\"allow-scripts\" security=\"restricted\" style=\"position: absolute; clip: rect(1px, 1px, 1px, 1px);\" title=\"&#8220;007 in condotta&#8221; &#8212; Radio Pi\u00f9\" src=\"https:\/\/www.radiopiu.net\/wordpress\/007incondotta-9\/embed\/#?secret=oeWOfJBwBw#?secret=F6vWVj7QJT\" data-secret=\"F6vWVj7QJT\" width=\"600\" height=\"338\" frameborder=\"0\" marginwidth=\"0\" marginheight=\"0\" scrolling=\"no\"><\/iframe><\/p>\n<p>&nbsp;<\/p>\n<hr \/>\n<p>&nbsp;<\/p>\n<div>\n<div class=\"b654a4as d2edcug0\">\n<div class=\"rq0escxv hkbzh7o3 jwdofwj8 n8tt0mok r8blr3vg hyh9befq\">\n<p><a class=\"dt-pswp-item\" href=\"https:\/\/www.radiopiu.net\/wordpress\/wp-content\/uploads\/2020\/10\/pp.jpg\" data-dt-img-description=\"\" data-large_image_width=\"640\" data-large_image_height=\"640\"><img loading=\"lazy\" decoding=\"async\" class=\"wp-image-163678 alignleft\" src=\"https:\/\/www.radiopiu.net\/wordpress\/wp-content\/uploads\/2020\/10\/pp-300x300.jpg\" alt=\"\" width=\"106\" height=\"106\" srcset=\"https:\/\/www.radiopiu.net\/wordpress\/wp-content\/uploads\/2020\/10\/pp-300x300.jpg 300w, https:\/\/www.radiopiu.net\/wordpress\/wp-content\/uploads\/2020\/10\/pp-150x150.jpg 150w, https:\/\/www.radiopiu.net\/wordpress\/wp-content\/uploads\/2020\/10\/pp-125x125.jpg 125w, https:\/\/www.radiopiu.net\/wordpress\/wp-content\/uploads\/2020\/10\/pp-200x200.jpg 200w, https:\/\/www.radiopiu.net\/wordpress\/wp-content\/uploads\/2020\/10\/pp-80x80.jpg 80w, https:\/\/www.radiopiu.net\/wordpress\/wp-content\/uploads\/2020\/10\/pp-480x480.jpg 480w, https:\/\/www.radiopiu.net\/wordpress\/wp-content\/uploads\/2020\/10\/pp.jpg 640w\" sizes=\"auto, (max-width: 106px) 100vw, 106px\" \/><\/a><\/p>\n<\/div>\n<\/div>\n<\/div>\n<div>\n<div class=\"page-title-head hgroup\">\n<div class=\"page-title-head hgroup\">\n<div class=\"b654a4as d2edcug0\">\n<div class=\"j83agx80 btwxx1t3 lhclo0ds hop8lmos nkwizq5d scwd0bx6 roh60bw9\">\n<div class=\"rq0escxv hkbzh7o3 jwdofwj8 n8tt0mok r8blr3vg hyh9befq\">\n<div class=\"do00u71z l9j0dhe7 k4urcfbm\">\n<h2><span style=\"color: #000080;\">\u00a0<\/span><span style=\"color: #000080;\">DON CESARE, IL PENSIERO DEL GIORNO. ALLA RADIO ALLE 7 DEL MATTINO E ALLE 19.30 DELLA SERA.\u00a0<\/span><\/h2>\n<p>&nbsp;<\/p>\n<\/div>\n<\/div>\n<\/div>\n<\/div>\n<\/div>\n<\/div>\n<\/div>\n<audio class=\"wp-audio-shortcode\" id=\"audio-268040-6\" preload=\"none\" style=\"width: 100%;\" controls=\"controls\"><source type=\"audio\/mpeg\" src=\"https:\/\/www.radiopiu.net\/wordpress\/wp-content\/uploads\/2022\/03\/CESARE-10.mp3?_=6\" \/><a href=\"https:\/\/www.radiopiu.net\/wordpress\/wp-content\/uploads\/2022\/03\/CESARE-10.mp3\">https:\/\/www.radiopiu.net\/wordpress\/wp-content\/uploads\/2022\/03\/CESARE-10.mp3<\/a><\/audio>\n<hr \/>\n<p>&nbsp;<\/p>\n<p>&nbsp;<\/p>\n<blockquote class=\"wp-embedded-content\" data-secret=\"oVUgYBqdht\"><p><a href=\"https:\/\/www.radiopiu.net\/wordpress\/39anniradiopiuaasaa\/\">39 ANNI DI RADIO&#8230; DAGLI ARCHIVI DI RADIO PIU&#8217;  SCUOLA E COSCRITTI<\/a><\/p><\/blockquote>\n<p><iframe loading=\"lazy\" class=\"wp-embedded-content\" sandbox=\"allow-scripts\" security=\"restricted\" style=\"position: absolute; clip: rect(1px, 1px, 1px, 1px);\" title=\"&#8220;39 ANNI DI RADIO&#8230; DAGLI ARCHIVI DI RADIO PIU&#8217;  SCUOLA E COSCRITTI&#8221; &#8212; Radio Pi\u00f9\" src=\"https:\/\/www.radiopiu.net\/wordpress\/39anniradiopiuaasaa\/embed\/#?secret=lhNrwRANmu#?secret=oVUgYBqdht\" data-secret=\"oVUgYBqdht\" width=\"600\" height=\"338\" frameborder=\"0\" marginwidth=\"0\" marginheight=\"0\" scrolling=\"no\"><\/iframe><\/p>\n<p>&nbsp;<\/p>\n<hr \/>\n<p>&nbsp;<\/p>\n<h3 class=\"kvgmc6g5 cxmmr5t8 oygrvhab hcukyx3x c1et5uql\"><span style=\"color: #0000ff;\"><strong>INFORMAZIONE il canale su TELEGRAM informazione di prima mano e in tempo reale. iscriviti ed aiutaci a farlo conoscere\u00a0 \u00a0<\/strong><\/span><\/h3>\n<p>&nbsp;<\/p>\n<p>&nbsp;<\/p>\n<hr \/>\n<p>&nbsp;<\/p>\n<div class=\"do00u71z l9j0dhe7 k4urcfbm\">\n<div class=\"page-title-head hgroup\">\n<div class=\"page-title-head hgroup\">\n<div class=\"b654a4as d2edcug0\">\n<div class=\"j83agx80 btwxx1t3 lhclo0ds hop8lmos nkwizq5d scwd0bx6 roh60bw9\">\n<div class=\"rq0escxv hkbzh7o3 jwdofwj8 n8tt0mok r8blr3vg hyh9befq\">\n<div class=\"do00u71z l9j0dhe7 k4urcfbm\">\n<div class=\"page-title-head hgroup\">\n<div class=\"page-title-head hgroup\">\n<div class=\"b654a4as d2edcug0\">\n<div class=\"j83agx80 btwxx1t3 lhclo0ds hop8lmos nkwizq5d scwd0bx6 roh60bw9\">\n<div class=\"rq0escxv hkbzh7o3 jwdofwj8 n8tt0mok r8blr3vg hyh9befq\">\n<div class=\"do00u71z l9j0dhe7 k4urcfbm\">\n<div class=\"ecm0bbzt e5nlhep0 a8c37x1j\">\n<div class=\"kvgmc6g5 cxmmr5t8 oygrvhab hcukyx3x c1et5uql\">\n<div class=\"gmail-kvgmc6g5 gmail-cxmmr5t8 gmail-oygrvhab gmail-hcukyx3x gmail-c1et5uql gmail-ii04i59q\">\n<div class=\"page-title-head hgroup\">\n<div class=\"page-title-head hgroup\">\n<div class=\"b654a4as d2edcug0\">\n<div class=\"j83agx80 btwxx1t3 lhclo0ds hop8lmos nkwizq5d scwd0bx6 roh60bw9\">\n<div class=\"rq0escxv hkbzh7o3 jwdofwj8 n8tt0mok r8blr3vg hyh9befq\">\n<div class=\"do00u71z l9j0dhe7 k4urcfbm\">\n<div class=\"page-title-head hgroup\">\n<div class=\"page-title-head hgroup\">\n<div class=\"b654a4as d2edcug0\">\n<div class=\"j83agx80 btwxx1t3 lhclo0ds hop8lmos nkwizq5d scwd0bx6 roh60bw9\">\n<div class=\"rq0escxv hkbzh7o3 jwdofwj8 n8tt0mok r8blr3vg hyh9befq\">\n<div class=\"do00u71z l9j0dhe7 k4urcfbm\">\n<div class=\"page-title-head hgroup\">\n<div class=\"page-title-head hgroup\">\n<div class=\"b654a4as d2edcug0\">\n<div class=\"j83agx80 btwxx1t3 lhclo0ds hop8lmos nkwizq5d scwd0bx6 roh60bw9\">\n<div class=\"rq0escxv hkbzh7o3 jwdofwj8 n8tt0mok r8blr3vg hyh9befq\">\n<div class=\"do00u71z l9j0dhe7 k4urcfbm\">\n<div class=\"ecm0bbzt e5nlhep0 a8c37x1j\">\n<div class=\"kvgmc6g5 cxmmr5t8 oygrvhab hcukyx3x c1et5uql\">\n<div class=\"gmail-kvgmc6g5 gmail-cxmmr5t8 gmail-oygrvhab gmail-hcukyx3x gmail-c1et5uql gmail-ii04i59q\">\n<div class=\"page-title-head hgroup\">\n<div class=\"page-title-head hgroup\">\n<div class=\"b654a4as d2edcug0\">\n<div class=\"j83agx80 btwxx1t3 lhclo0ds hop8lmos nkwizq5d scwd0bx6 roh60bw9\">\n<div class=\"rq0escxv hkbzh7o3 jwdofwj8 n8tt0mok r8blr3vg hyh9befq\">\n<div class=\"do00u71z l9j0dhe7 k4urcfbm\">\n<blockquote>\n<h3><span style=\"color: #ff0000;\">IN VIVO VERSO, SETTIMA STAGIONE CON BRUNELLA MORO, DAL LUNEDI AL VENERDI ALLE 7.10, 10.10 E 18.50\u00a0\u00a0<\/span><\/h3>\n<h3>UNA SERA A SAN CANDIDO di ALBERTO BARONI<\/h3>\n<\/blockquote>\n<p><strong>AUDIO<\/strong><\/p>\n<audio class=\"wp-audio-shortcode\" id=\"audio-268040-7\" preload=\"none\" style=\"width: 100%;\" controls=\"controls\"><source type=\"audio\/mpeg\" src=\"https:\/\/www.radiopiu.net\/wordpress\/wp-content\/uploads\/2022\/03\/4-ALBERTO-BARONI-UNA-SERA-A-SAN-CANDIDO.mp3?_=7\" \/><a href=\"https:\/\/www.radiopiu.net\/wordpress\/wp-content\/uploads\/2022\/03\/4-ALBERTO-BARONI-UNA-SERA-A-SAN-CANDIDO.mp3\">https:\/\/www.radiopiu.net\/wordpress\/wp-content\/uploads\/2022\/03\/4-ALBERTO-BARONI-UNA-SERA-A-SAN-CANDIDO.mp3<\/a><\/audio>\n<p>&nbsp;<\/p>\n<p><a class=\"dt-pswp-item\" href=\"https:\/\/www.radiopiu.net\/wordpress\/wp-content\/uploads\/2022\/03\/4-alberto-baroni-foto-2.jpg\" data-dt-img-description=\"\" data-large_image_width=\"445\" data-large_image_height=\"445\"><img loading=\"lazy\" decoding=\"async\" class=\"wp-image-268149 alignleft\" src=\"https:\/\/www.radiopiu.net\/wordpress\/wp-content\/uploads\/2022\/03\/4-alberto-baroni-foto-2-300x300.jpg\" alt=\"\" width=\"158\" height=\"158\" srcset=\"https:\/\/www.radiopiu.net\/wordpress\/wp-content\/uploads\/2022\/03\/4-alberto-baroni-foto-2-300x300.jpg 300w, https:\/\/www.radiopiu.net\/wordpress\/wp-content\/uploads\/2022\/03\/4-alberto-baroni-foto-2-150x150.jpg 150w, https:\/\/www.radiopiu.net\/wordpress\/wp-content\/uploads\/2022\/03\/4-alberto-baroni-foto-2.jpg 445w\" sizes=\"auto, (max-width: 158px) 100vw, 158px\" \/><\/a>(Una piccola storia veramente vissuta a San Candido in Val Pusteria.)<br \/>\nUNA SERA A SAN CANDIDO<\/p>\n<p>Seduto al bar del Cavallino Bianco<br \/>\nammiravo del sole il tramontare<br \/>\nche rendeva dei monti auree le cime;<br \/>\nal mio tavolo con egual stupore<br \/>\nmi era compagno un anziano signore.<br \/>\nLei si pales\u00f2 come per magia,<br \/>\nsorridente, nel sinuoso svolare<br \/>\ndi un\u2019elegante veste color ambra,<br \/>\nposato fra i capelli grigi un fiore<br \/>\nche sul bel viso disegnava ardore.<br \/>\nPremuroso il mio gentil compagno<br \/>\nle and\u00f2 d\u2019appresso e con garbato fare<br \/>\nil braccio le offr\u00ec fino al tavolino.<br \/>\nMi ammaliarono due occhi color giada<br \/>\nmi persi nel profumo di rugiada.<br \/>\nMi ritrovai in un quadro di Renoir,<br \/>\nlui un cappello di feltro con la piuma,<br \/>\nil gilet e l\u2019orologio da panciotto,<br \/>\nlei la veletta, quel fiore fra i capelli<br \/>\ne sulle mani snelle due anelli.<br \/>\nAssai mi stup\u00ec quel che lui le disse:<br \/>\n\u201cquanto sei bella principessa mia\u201d,<br \/>\ncome l\u2019udire cosa lei rispose:<br \/>\n\u201cciao amore che da sempre m\u2019aspetti<br \/>\ne sopporti con grazia i miei difetti\u201d.<br \/>\nDall\u2019attimo sognante unico eliso,<br \/>\nimportuno mi sentii all\u2019improvviso.<br \/>\nUn fuori luogo il mio, dal quale poi<br \/>\nmi discostai, ma stare avrei potuto,<br \/>\ndal loro tempo io ero gi\u00e0 sperduto.<\/p>\n<p><strong>LA RACCOLTA COMPLETA\u00a0<\/strong><\/p>\n<blockquote class=\"wp-embedded-content\" data-secret=\"tqr3tz6bAH\"><p><a href=\"https:\/\/www.radiopiu.net\/wordpress\/in-vivo-verso\/\">In Vivo Verso<\/a><\/p><\/blockquote>\n<p><iframe loading=\"lazy\" class=\"wp-embedded-content\" sandbox=\"allow-scripts\" security=\"restricted\" style=\"position: absolute; clip: rect(1px, 1px, 1px, 1px);\" title=\"&#8220;In Vivo Verso&#8221; &#8212; Radio Pi\u00f9\" src=\"https:\/\/www.radiopiu.net\/wordpress\/in-vivo-verso\/embed\/#?secret=6HidsWvhVh#?secret=tqr3tz6bAH\" data-secret=\"tqr3tz6bAH\" width=\"600\" height=\"338\" frameborder=\"0\" marginwidth=\"0\" marginheight=\"0\" scrolling=\"no\"><\/iframe><\/p>\n<p>&nbsp;<\/p>\n<hr \/>\n<p>&nbsp;<\/p>\n<h2><span style=\"color: #808000;\">GOCCE DI FILOSOFIA<\/span><\/h2>\n<p><em><strong>PUNTATA 169\u00a0 DEL 31 MARZO 2022<\/strong><\/em><\/p>\n<audio class=\"wp-audio-shortcode\" id=\"audio-268040-8\" preload=\"none\" style=\"width: 100%;\" controls=\"controls\"><source type=\"audio\/mpeg\" src=\"https:\/\/www.radiopiu.net\/wordpress\/wp-content\/uploads\/2022\/03\/FI4-3.mp3?_=8\" \/><a href=\"https:\/\/www.radiopiu.net\/wordpress\/wp-content\/uploads\/2022\/03\/FI4-3.mp3\">https:\/\/www.radiopiu.net\/wordpress\/wp-content\/uploads\/2022\/03\/FI4-3.mp3<\/a><\/audio>\n<p>&nbsp;<\/p>\n<p><strong>LA RACCOLTA COMPLETA<\/strong><\/p>\n<blockquote class=\"wp-embedded-content\" data-secret=\"ESJKXDLYbN\"><p><a href=\"https:\/\/www.radiopiu.net\/wordpress\/gocce-filosofia\/\">Gocce di filosofia, PRIMA E SECONDA STAGIONE 2022<\/a><\/p><\/blockquote>\n<p><iframe loading=\"lazy\" class=\"wp-embedded-content\" sandbox=\"allow-scripts\" security=\"restricted\" style=\"position: absolute; clip: rect(1px, 1px, 1px, 1px);\" title=\"&#8220;Gocce di filosofia, PRIMA E SECONDA STAGIONE 2022&#8221; &#8212; Radio Pi\u00f9\" src=\"https:\/\/www.radiopiu.net\/wordpress\/gocce-filosofia\/embed\/#?secret=o8lnskx0Fx#?secret=ESJKXDLYbN\" data-secret=\"ESJKXDLYbN\" width=\"600\" height=\"338\" frameborder=\"0\" marginwidth=\"0\" marginheight=\"0\" scrolling=\"no\"><\/iframe><\/p>\n<p>&nbsp;<\/p>\n<hr \/>\n<p>&nbsp;<\/p>\n<p>&nbsp;<\/p>\n<p><span style=\"color: #0000ff;\">MUSICA PIU&#8217;\u00a0<\/span><\/p>\n<p><a href=\"https:\/\/www.radiopiu.net\/wordpress\/giornale-radiopiu-20-settembre-2021-direttore-mirko-mezzacasa\/pp-79\/\" rel=\"attachment wp-att-232921\"><img loading=\"lazy\" decoding=\"async\" class=\"wp-image-232921 alignleft\" src=\"https:\/\/www.radiopiu.net\/wordpress\/wp-content\/uploads\/2021\/09\/pp-1-300x300.jpg\" alt=\"\" width=\"135\" height=\"135\" srcset=\"https:\/\/www.radiopiu.net\/wordpress\/wp-content\/uploads\/2021\/09\/pp-1-300x300.jpg 300w, https:\/\/www.radiopiu.net\/wordpress\/wp-content\/uploads\/2021\/09\/pp-1-150x150.jpg 150w, https:\/\/www.radiopiu.net\/wordpress\/wp-content\/uploads\/2021\/09\/pp-1.jpg 640w\" sizes=\"auto, (max-width: 135px) 100vw, 135px\" \/><\/a><\/p>\n<div class=\"mkdf-post-text\">\n<div class=\"mkdf-post-text-inner\">\n<div class=\"mkdf-post-text-main\">\n<div class=\"mkdf-post-text\">\n<div class=\"mkdf-post-text-inner\">\n<div class=\"mkdf-post-text-main\">\n<div class=\"mkdf-post-text\">\n<div class=\"mkdf-post-text-inner\">\n<div class=\"mkdf-post-text-main\">\n<div class=\"page-title-head hgroup\">\n<div class=\"page-title-head hgroup\">\n<div class=\"mkdf-post-text\">\n<div class=\"mkdf-post-text-inner\">\n<div class=\"mkdf-post-text-main\">\n<div class=\"mkdf-post-text\">\n<div class=\"mkdf-post-text-inner\">\n<div class=\"mkdf-post-text-main\">\n<div class=\"page-title-head hgroup\">\n<div class=\"page-title-head hgroup\">\n<div class=\"page-title-head hgroup\">\n<div class=\"page-title-head hgroup\">\n<div class=\"b654a4as d2edcug0\">\n<div class=\"page-title-head hgroup\">\n<div class=\"page-title-head hgroup\">\n<div class=\"page-title-head hgroup\">\n<div class=\"page-title-head hgroup\">\n<div class=\"b654a4as d2edcug0\">\n<div class=\"page-title-head hgroup\">\n<div class=\"page-title-head hgroup\">\n<div class=\"page-title-head hgroup\">\n<div class=\"page-title-head hgroup\">\n<div class=\"b654a4as d2edcug0\">\n<div class=\"mkdf-post-text\">\n<div class=\"mkdf-post-text-inner\">\n<div class=\"mkdf-post-text-main\">\n<div class=\"mkdf-post-text\">\n<div class=\"mkdf-post-text-inner\">\n<div class=\"mkdf-post-text-main\">\n<div class=\"mkdf-post-text\">\n<div class=\"mkdf-post-text-inner\">\n<div class=\"mkdf-post-text-main\">\n<div class=\"page-title-head hgroup\">\n<div class=\"page-title-head hgroup\">\n<div class=\"mkdf-post-text\">\n<div class=\"mkdf-post-text-inner\">\n<div class=\"mkdf-post-text-main\">\n<div class=\"mkdf-post-text\">\n<div class=\"mkdf-post-text-inner\">\n<div class=\"mkdf-post-text-main\">\n<div class=\"page-title-head hgroup\">\n<div class=\"page-title-head hgroup\">\n<div class=\"page-title-head hgroup\">\n<div class=\"page-title-head hgroup\">\n<div class=\"b654a4as d2edcug0\">\n<div class=\"page-title-head hgroup\">\n<div class=\"page-title-head hgroup\">\n<div class=\"page-title-head hgroup\">\n<div class=\"page-title-head hgroup\">\n<div class=\"b654a4as d2edcug0\">\n<div class=\"page-title-head hgroup\">\n<div class=\"page-title-head hgroup\">\n<div class=\"page-title-head hgroup\">\n<div class=\"page-title-head hgroup\">\n<div class=\"b654a4as d2edcug0\">\n<div><\/div>\n<div><\/div>\n<div>\n<p><strong>MUSICA ALLA RADIO, IL PROGRAMMA DI LORIS SCUSSEL &#8220;COLLAGE OPERAZIONE NOSTALGIA&#8221; DAL LUNEDI AL VENERDI ALLE 16.00\u00a0 E ALLE 23\u00a0<\/strong><\/p>\n<p>&nbsp;<\/p>\n<p><em><strong>PUNTATA 574 DEL 31 MARZO 2022<\/strong><\/em><\/p>\n<audio class=\"wp-audio-shortcode\" id=\"audio-268040-9\" preload=\"none\" style=\"width: 100%;\" controls=\"controls\"><source type=\"audio\/mpeg\" src=\"https:\/\/www.radiopiu.net\/wordpress\/wp-content\/uploads\/2022\/03\/Collage-574.mp3?_=9\" \/><a href=\"https:\/\/www.radiopiu.net\/wordpress\/wp-content\/uploads\/2022\/03\/Collage-574.mp3\">https:\/\/www.radiopiu.net\/wordpress\/wp-content\/uploads\/2022\/03\/Collage-574.mp3<\/a><\/audio>\n<p>&nbsp;<\/p>\n<\/div>\n<p>&nbsp;<\/p>\n<hr \/>\n<\/div>\n<\/div>\n<\/div>\n<\/div>\n<\/div>\n<\/div>\n<\/div>\n<\/div>\n<\/div>\n<\/div>\n<\/div>\n<\/div>\n<\/div>\n<\/div>\n<\/div>\n<\/div>\n<\/div>\n<\/div>\n<\/div>\n<\/div>\n<\/div>\n<\/div>\n<\/div>\n<\/div>\n<\/div>\n<\/div>\n<\/div>\n<\/div>\n<\/div>\n<\/div>\n<\/div>\n<\/div>\n<\/div>\n<\/div>\n<\/div>\n<\/div>\n<\/div>\n<\/div>\n<\/div>\n<\/div>\n<\/div>\n<\/div>\n<\/div>\n<\/div>\n<\/div>\n<\/div>\n<\/div>\n<\/div>\n<\/div>\n<\/div>\n<\/div>\n<\/div>\n<\/div>\n<\/div>\n<\/div>\n<\/div>\n<\/div>\n<\/div>\n<\/div>\n<\/div>\n<\/div>\n<\/div>\n<\/div>\n<\/div>\n<p>&nbsp;<\/p>\n<blockquote>\n<h3><span style=\"color: #0000ff;\">INFORMAZIONE il canale su TELEGRAM informazione di prima mano e in tempo reale. iscriviti ed aiutaci a farlo conoscere\u00a0\u00a0<\/span><\/h3>\n<\/blockquote>\n<div>\n<div class=\"page-title-head hgroup\">\n<div class=\"page-title-head hgroup\">\n<div class=\"page-title-head hgroup\">\n<div class=\"page-title-head hgroup\">\n<div class=\"b654a4as d2edcug0\">\n<div class=\"page-title-head hgroup\">\n<div class=\"page-title-head hgroup\">\n<div class=\"page-title-head hgroup\">\n<div class=\"page-title-head hgroup\">\n<div class=\"b654a4as d2edcug0\">\n<div class=\"page-title-head hgroup\">\n<div class=\"page-title-head hgroup\">\n<div class=\"page-title-head hgroup\">\n<div class=\"page-title-head hgroup\">\n<div class=\"page-title-head hgroup\">\n<div class=\"page-title-head hgroup\">\n<div class=\"page-title-head hgroup\">\n<div class=\"page-title-head hgroup\">\n<div class=\"page-title-head hgroup\">\n<div class=\"b654a4as d2edcug0\">\n<div class=\"page-title-head hgroup\">\n<div class=\"page-title-head hgroup\">\n<div class=\"page-title-head hgroup\">\n<div class=\"page-title-head hgroup\">\n<div class=\"b654a4as d2edcug0\">\n<div>\n<p>&nbsp;<\/p>\n<\/div>\n<div>\n<div class=\"page-title-head hgroup\">\n<div class=\"page-title-head hgroup\">\n<div class=\"page-title-head hgroup\">\n<div class=\"page-title-head hgroup\">\n<div class=\"page-title-head hgroup\">\n<div class=\"b654a4as d2edcug0\">\n<div>\n<hr \/>\n<\/div>\n<\/div>\n<div>\n<div>\n<p>&nbsp;<\/p>\n<\/div>\n<div>\n<div class=\"mkdf-post-text\">\n<div class=\"mkdf-post-text-inner\">\n<div class=\"mkdf-post-text-main\">\n<div class=\"mkdf-post-text\">\n<div class=\"mkdf-post-text-inner\">\n<div class=\"mkdf-post-text-main\">\n<div class=\"mkdf-post-text\">\n<div class=\"mkdf-post-text-inner\">\n<div class=\"mkdf-post-text-main\">\n<div class=\"page-title-head hgroup\">\n<div class=\"page-title-head hgroup\">\n<div class=\"mkdf-post-text\">\n<div class=\"mkdf-post-text-inner\">\n<div class=\"mkdf-post-text-main\">\n<div class=\"mkdf-post-text\">\n<div class=\"mkdf-post-text-inner\">\n<div class=\"mkdf-post-text-main\">\n<div class=\"page-title-head hgroup\">\n<div class=\"page-title-head hgroup\">\n<div class=\"page-title-head hgroup\">\n<div class=\"page-title-head hgroup\">\n<div class=\"b654a4as d2edcug0\">\n<div class=\"page-title-head hgroup\">\n<div class=\"page-title-head hgroup\">\n<div class=\"page-title-head hgroup\">\n<div class=\"page-title-head hgroup\">\n<div class=\"b654a4as d2edcug0\">\n<div class=\"page-title-head hgroup\">\n<div class=\"page-title-head hgroup\">\n<div class=\"page-title-head hgroup\">\n<div class=\"page-title-head hgroup\">\n<div class=\"b654a4as d2edcug0\">\n<div>\n<div class=\"page-title-head hgroup\">\n<div class=\"page-title-head hgroup\">\n<div class=\"b654a4as d2edcug0\">\n<div class=\"j83agx80 btwxx1t3 lhclo0ds hop8lmos nkwizq5d scwd0bx6 roh60bw9\">\n<div class=\"rq0escxv hkbzh7o3 jwdofwj8 n8tt0mok r8blr3vg hyh9befq\">\n<div class=\"do00u71z l9j0dhe7 k4urcfbm\">\n<div class=\"ecm0bbzt e5nlhep0 a8c37x1j\">\n<div class=\"kvgmc6g5 cxmmr5t8 oygrvhab hcukyx3x c1et5uql\">\n<div class=\"gmail-kvgmc6g5 gmail-cxmmr5t8 gmail-oygrvhab gmail-hcukyx3x gmail-c1et5uql gmail-ii04i59q\">\n<div class=\"page-title-head hgroup\">\n<div class=\"page-title-head hgroup\">\n<div class=\"b654a4as d2edcug0\">\n<div class=\"j83agx80 btwxx1t3 lhclo0ds hop8lmos nkwizq5d scwd0bx6 roh60bw9\">\n<div class=\"rq0escxv hkbzh7o3 jwdofwj8 n8tt0mok r8blr3vg hyh9befq\">\n<div class=\"do00u71z l9j0dhe7 k4urcfbm\">\n<div>\n<div class=\"page-title-head hgroup\">\n<div class=\"page-title-head hgroup\">\n<div class=\"page-title-head hgroup\">\n<div class=\"page-title-head hgroup\">\n<div class=\"b654a4as d2edcug0\">\n<div class=\"page-title-head hgroup\">\n<div class=\"page-title-head hgroup\">\n<div class=\"page-title-head hgroup\">\n<div class=\"page-title-head hgroup\">\n<div class=\"b654a4as d2edcug0\">\n<div class=\"page-title-head hgroup\">\n<div class=\"page-title-head hgroup\">\n<div class=\"page-title-head hgroup\">\n<div class=\"page-title-head hgroup\">\n<div class=\"page-title-head hgroup\">\n<div class=\"page-title-head hgroup\">\n<div class=\"page-title-head hgroup\">\n<div class=\"page-title-head hgroup\">\n<div class=\"page-title-head hgroup\">\n<div class=\"b654a4as d2edcug0\">\n<div class=\"page-title-head hgroup\">\n<div class=\"page-title-head hgroup\">\n<div class=\"page-title-head hgroup\">\n<div class=\"page-title-head hgroup\">\n<div class=\"b654a4as d2edcug0\">\n<div>\n<div class=\"page-title-head hgroup\">\n<div class=\"page-title-head hgroup\">\n<div class=\"page-title-head hgroup\">\n<div class=\"page-title-head hgroup\">\n<div class=\"page-title-head hgroup\">\n<div>\n<div>\n<div>\n<div class=\"mkdf-post-text\">\n<div class=\"mkdf-post-text-inner\">\n<div class=\"mkdf-post-text-main\">\n<div class=\"mkdf-post-text\">\n<div class=\"mkdf-post-text-inner\">\n<div class=\"mkdf-post-text-main\">\n<div class=\"mkdf-post-text\">\n<div class=\"mkdf-post-text-inner\">\n<div class=\"mkdf-post-text-main\">\n<div class=\"page-title-head hgroup\">\n<div class=\"page-title-head hgroup\">\n<div class=\"mkdf-post-text\">\n<div class=\"mkdf-post-text-inner\">\n<div class=\"mkdf-post-text-main\">\n<div class=\"mkdf-post-text\">\n<div class=\"mkdf-post-text-inner\">\n<div class=\"mkdf-post-text-main\">\n<div class=\"page-title-head hgroup\">\n<div class=\"page-title-head hgroup\">\n<div class=\"page-title-head hgroup\">\n<div class=\"page-title-head hgroup\">\n<div class=\"b654a4as d2edcug0\">\n<div class=\"page-title-head hgroup\">\n<div class=\"page-title-head hgroup\">\n<div class=\"page-title-head hgroup\">\n<div class=\"page-title-head hgroup\">\n<div class=\"b654a4as d2edcug0\">\n<div class=\"page-title-head hgroup\">\n<div class=\"page-title-head hgroup\">\n<div class=\"page-title-head hgroup\">\n<div class=\"page-title-head hgroup\">\n<div class=\"b654a4as d2edcug0\">\n<div>\n<div>\n<p><strong>DUE MINUTI UN LIBRO, TUTTI I GIORNI ALLA RADIO ALLE 9.40 E ALLE 17.50\u00a0<\/strong><\/p>\n<div>\n<div>\n<p><strong>LA RACCOLTA COMPLETA\u00a0\u00a0<\/strong><\/p>\n<\/div>\n<div>\n<blockquote class=\"wp-embedded-content\" data-secret=\"AeXfEtZNIy\"><p><a href=\"https:\/\/www.radiopiu.net\/wordpress\/due-minuti-un-libro\/\">Due minuti un libro<\/a><\/p><\/blockquote>\n<p><iframe loading=\"lazy\" class=\"wp-embedded-content\" sandbox=\"allow-scripts\" security=\"restricted\" style=\"position: absolute; clip: rect(1px, 1px, 1px, 1px);\" title=\"&#8220;Due minuti un libro&#8221; &#8212; Radio Pi\u00f9\" src=\"https:\/\/www.radiopiu.net\/wordpress\/due-minuti-un-libro\/embed\/#?secret=n8fpmUje6b#?secret=AeXfEtZNIy\" data-secret=\"AeXfEtZNIy\" width=\"600\" height=\"338\" frameborder=\"0\" marginwidth=\"0\" marginheight=\"0\" scrolling=\"no\"><\/iframe><\/p>\n<\/div>\n<\/div>\n<\/div>\n<div class=\"mkdf-post-text\">\n<div class=\"mkdf-post-text-inner\">\n<div class=\"mkdf-post-text-main\">\n<div class=\"mkdf-post-text\">\n<div class=\"mkdf-post-text-inner\">\n<div class=\"mkdf-post-text-main\">\n<div class=\"mkdf-post-text\">\n<div class=\"mkdf-post-text-inner\">\n<div class=\"mkdf-post-text-main\">\n<div class=\"page-title-head hgroup\">\n<div class=\"page-title-head hgroup\">\n<div class=\"mkdf-post-text\">\n<div class=\"mkdf-post-text-inner\">\n<div class=\"mkdf-post-text-main\">\n<div class=\"mkdf-post-text\">\n<div class=\"mkdf-post-text-inner\">\n<div class=\"mkdf-post-text-main\">\n<div class=\"page-title-head hgroup\">\n<div class=\"page-title-head hgroup\">\n<div class=\"page-title-head hgroup\">\n<div class=\"page-title-head hgroup\">\n<div class=\"b654a4as d2edcug0\">\n<div class=\"page-title-head hgroup\">\n<div class=\"page-title-head hgroup\">\n<div class=\"page-title-head hgroup\">\n<div class=\"page-title-head hgroup\">\n<div class=\"b654a4as d2edcug0\">\n<div class=\"page-title-head hgroup\">\n<div class=\"page-title-head hgroup\">\n<div class=\"page-title-head hgroup\">\n<div class=\"page-title-head hgroup\">\n<div class=\"b654a4as d2edcug0\">\n<div>\n<p>&nbsp;<\/p>\n<\/div>\n<div>\n<hr \/>\n<p>&nbsp;<\/p>\n<\/div>\n<h2><span style=\"color: #808000;\">L&#8217;ALMANACCO LADINO\u00a0\u00a0<\/span><\/h2>\n<p><em><strong>PUNTATA DEL 28 MARZO 2022<\/strong><\/em><\/p>\n<audio class=\"wp-audio-shortcode\" id=\"audio-268040-10\" preload=\"none\" style=\"width: 100%;\" controls=\"controls\"><source type=\"audio\/mpeg\" src=\"https:\/\/www.radiopiu.net\/wordpress\/wp-content\/uploads\/2022\/03\/80\u00b0Almanacco-Ladino_Fodom.mp3?_=10\" \/><a href=\"https:\/\/www.radiopiu.net\/wordpress\/wp-content\/uploads\/2022\/03\/80\u00b0Almanacco-Ladino_Fodom.mp3\">https:\/\/www.radiopiu.net\/wordpress\/wp-content\/uploads\/2022\/03\/80\u00b0Almanacco-Ladino_Fodom.mp3<\/a><\/audio>\n<p>&nbsp;<\/p>\n<p><strong>LA RACCOLTA<\/strong><\/p>\n<blockquote class=\"wp-embedded-content\" data-secret=\"Us70p62aj5\"><p><a href=\"https:\/\/www.radiopiu.net\/wordpress\/almanacco-ladino\/\">Almanacco Ladino<\/a><\/p><\/blockquote>\n<p><iframe loading=\"lazy\" class=\"wp-embedded-content\" sandbox=\"allow-scripts\" security=\"restricted\" style=\"position: absolute; clip: rect(1px, 1px, 1px, 1px);\" title=\"&#8220;Almanacco Ladino&#8221; &#8212; Radio Pi\u00f9\" src=\"https:\/\/www.radiopiu.net\/wordpress\/almanacco-ladino\/embed\/#?secret=pm9CMAgToU#?secret=Us70p62aj5\" data-secret=\"Us70p62aj5\" width=\"600\" height=\"338\" frameborder=\"0\" marginwidth=\"0\" marginheight=\"0\" scrolling=\"no\"><\/iframe><\/p>\n<p>&nbsp;<\/p>\n<p>&nbsp;<\/p>\n<hr \/>\n<h2><span style=\"color: #33cccc;\">\u00a0<\/span><\/h2>\n<h2><span style=\"color: #33cccc;\">LA RASSEGNA STAMPA DA L&#8217;AMICO DEL POPOLO<\/span><\/h2>\n<p><strong>LA RACCOLTA COMPLETA<\/strong><\/p>\n<blockquote class=\"wp-embedded-content\" data-secret=\"NBR7ATcfzL\"><p><a href=\"https:\/\/www.radiopiu.net\/wordpress\/rassegna-stampa-di-gianni-santomaso\/\">Rassegna stampa da l&#8217;amico del popolo &#8211; di Gianni Santomaso<\/a><\/p><\/blockquote>\n<p><iframe loading=\"lazy\" class=\"wp-embedded-content\" sandbox=\"allow-scripts\" security=\"restricted\" style=\"position: absolute; clip: rect(1px, 1px, 1px, 1px);\" title=\"&#8220;Rassegna stampa da l&#8217;amico del popolo &#8211; di Gianni Santomaso&#8221; &#8212; Radio Pi\u00f9\" src=\"https:\/\/www.radiopiu.net\/wordpress\/rassegna-stampa-di-gianni-santomaso\/embed\/#?secret=7oWBGcSgtx#?secret=NBR7ATcfzL\" data-secret=\"NBR7ATcfzL\" width=\"600\" height=\"338\" frameborder=\"0\" marginwidth=\"0\" marginheight=\"0\" scrolling=\"no\"><\/iframe><\/p>\n<hr \/>\n<p>&nbsp;<\/p>\n<blockquote class=\"wp-embedded-content\" data-secret=\"soONGu33W1\"><p><a href=\"https:\/\/www.radiopiu.net\/wordpress\/raccoltaso1asaa\/\">LA RACCOLTA: 160 BATTUTE&#8230;SMS IN RIMA, di Sostene Schena<\/a><\/p><\/blockquote>\n<p><iframe loading=\"lazy\" class=\"wp-embedded-content\" sandbox=\"allow-scripts\" security=\"restricted\" style=\"position: absolute; clip: rect(1px, 1px, 1px, 1px);\" title=\"&#8220;LA RACCOLTA: 160 BATTUTE&#8230;SMS IN RIMA, di Sostene Schena&#8221; &#8212; Radio Pi\u00f9\" src=\"https:\/\/www.radiopiu.net\/wordpress\/raccoltaso1asaa\/embed\/#?secret=vq0NL8mUWl#?secret=soONGu33W1\" data-secret=\"soONGu33W1\" width=\"600\" height=\"338\" frameborder=\"0\" marginwidth=\"0\" marginheight=\"0\" scrolling=\"no\"><\/iframe><\/p>\n<p>&nbsp;<\/p>\n<hr \/>\n<p>&nbsp;<\/p>\n<div>\n<div class=\"page-title-head hgroup\">\n<div class=\"page-title-head hgroup\">\n<div class=\"b654a4as d2edcug0\">\n<div class=\"j83agx80 btwxx1t3 lhclo0ds hop8lmos nkwizq5d scwd0bx6 roh60bw9\">\n<div class=\"rq0escxv hkbzh7o3 jwdofwj8 n8tt0mok r8blr3vg hyh9befq\">\n<div class=\"do00u71z l9j0dhe7 k4urcfbm\">\n<div class=\"ecm0bbzt e5nlhep0 a8c37x1j\">\n<div class=\"kvgmc6g5 cxmmr5t8 oygrvhab hcukyx3x c1et5uql\">\n<div class=\"gmail-kvgmc6g5 gmail-cxmmr5t8 gmail-oygrvhab gmail-hcukyx3x gmail-c1et5uql gmail-ii04i59q\">\n<div class=\"page-title-head hgroup\">\n<div class=\"page-title-head hgroup\">\n<div class=\"b654a4as d2edcug0\">\n<div class=\"j83agx80 btwxx1t3 lhclo0ds hop8lmos nkwizq5d scwd0bx6 roh60bw9\">\n<div class=\"rq0escxv hkbzh7o3 jwdofwj8 n8tt0mok r8blr3vg hyh9befq\">\n<div class=\"do00u71z l9j0dhe7 k4urcfbm\">\n<div>\n<div class=\"page-title-head hgroup\">\n<div class=\"page-title-head hgroup\">\n<div class=\"page-title-head hgroup\">\n<div class=\"page-title-head hgroup\">\n<div class=\"b654a4as d2edcug0\">\n<div class=\"page-title-head hgroup\">\n<div class=\"page-title-head hgroup\">\n<div class=\"page-title-head hgroup\">\n<div class=\"page-title-head hgroup\">\n<div class=\"b654a4as d2edcug0\">\n<div class=\"page-title-head hgroup\">\n<div class=\"page-title-head hgroup\">\n<div class=\"page-title-head hgroup\">\n<div class=\"page-title-head hgroup\">\n<div class=\"page-title-head hgroup\">\n<div class=\"page-title-head hgroup\">\n<div class=\"page-title-head hgroup\">\n<div class=\"page-title-head hgroup\">\n<div class=\"page-title-head hgroup\">\n<div class=\"b654a4as d2edcug0\">\n<div class=\"page-title-head hgroup\">\n<div class=\"page-title-head hgroup\">\n<div class=\"page-title-head hgroup\">\n<div class=\"page-title-head hgroup\">\n<div class=\"b654a4as d2edcug0\">\n<div>\n<div class=\"page-title-head hgroup\">\n<div class=\"page-title-head hgroup\">\n<div class=\"page-title-head hgroup\">\n<div class=\"page-title-head hgroup\">\n<div class=\"page-title-head hgroup\">\n<div>\n<div>\n<div>\n<div class=\"mkdf-post-text\">\n<div class=\"mkdf-post-text-inner\">\n<div class=\"mkdf-post-text-main\">\n<div class=\"mkdf-post-text\">\n<div class=\"mkdf-post-text-inner\">\n<div class=\"mkdf-post-text-main\">\n<div class=\"mkdf-post-text\">\n<div class=\"mkdf-post-text-inner\">\n<div class=\"mkdf-post-text-main\">\n<div class=\"page-title-head hgroup\">\n<div class=\"page-title-head hgroup\">\n<div class=\"mkdf-post-text\">\n<div class=\"mkdf-post-text-inner\">\n<div class=\"mkdf-post-text-main\">\n<div class=\"mkdf-post-text\">\n<div class=\"mkdf-post-text-inner\">\n<div class=\"mkdf-post-text-main\">\n<div class=\"page-title-head hgroup\">\n<div class=\"page-title-head hgroup\">\n<div class=\"page-title-head hgroup\">\n<div class=\"page-title-head hgroup\">\n<div class=\"b654a4as d2edcug0\">\n<div class=\"page-title-head hgroup\">\n<div class=\"page-title-head hgroup\">\n<div class=\"page-title-head hgroup\">\n<div class=\"page-title-head hgroup\">\n<div class=\"b654a4as d2edcug0\">\n<div class=\"page-title-head hgroup\">\n<div class=\"page-title-head hgroup\">\n<div class=\"page-title-head hgroup\">\n<div class=\"page-title-head hgroup\">\n<div class=\"b654a4as d2edcug0\">\n<h2><span style=\"color: #800080;\">I RACCONTI DI PAOLO SOPPELSA\u00a0<\/span><\/h2>\n<p><strong>LA RACCOLTA COMPLETA<\/strong><\/p>\n<blockquote class=\"wp-embedded-content\" data-secret=\"3KqWUZrHUs\"><p><a href=\"https:\/\/www.radiopiu.net\/wordpress\/i-racconti-di-paolo-soppelsa\/\">I racconti di Paolo Soppelsa<\/a><\/p><\/blockquote>\n<p><iframe loading=\"lazy\" class=\"wp-embedded-content\" sandbox=\"allow-scripts\" security=\"restricted\" style=\"position: absolute; clip: rect(1px, 1px, 1px, 1px);\" title=\"&#8220;I racconti di Paolo Soppelsa&#8221; &#8212; Radio Pi\u00f9\" src=\"https:\/\/www.radiopiu.net\/wordpress\/i-racconti-di-paolo-soppelsa\/embed\/#?secret=ygLaG0M7Mc#?secret=3KqWUZrHUs\" data-secret=\"3KqWUZrHUs\" width=\"600\" height=\"338\" frameborder=\"0\" marginwidth=\"0\" marginheight=\"0\" scrolling=\"no\"><\/iframe><\/p>\n<p>&nbsp;<\/p>\n<hr \/>\n<p>&nbsp;<\/p>\n<blockquote class=\"wp-embedded-content\" data-secret=\"bLuGdZzFLF\"><p><a href=\"https:\/\/www.radiopiu.net\/wordpress\/da-ieri-alla-radio-in-palinsesto-loris-e-maurizio-con-la-grande-musica\/\">IL BLUES ALLA RADIO &#8230; COME NON L&#8217;AVETE MAI SENTITO PRIMA<\/a><\/p><\/blockquote>\n<p><iframe loading=\"lazy\" class=\"wp-embedded-content\" sandbox=\"allow-scripts\" security=\"restricted\" style=\"position: absolute; clip: rect(1px, 1px, 1px, 1px);\" title=\"&#8220;IL BLUES ALLA RADIO &#8230; COME NON L&#8217;AVETE MAI SENTITO PRIMA&#8221; &#8212; Radio Pi\u00f9\" src=\"https:\/\/www.radiopiu.net\/wordpress\/da-ieri-alla-radio-in-palinsesto-loris-e-maurizio-con-la-grande-musica\/embed\/#?secret=cIwPmK1SlE#?secret=bLuGdZzFLF\" data-secret=\"bLuGdZzFLF\" width=\"600\" height=\"338\" frameborder=\"0\" marginwidth=\"0\" marginheight=\"0\" scrolling=\"no\"><\/iframe><\/p>\n<p>&nbsp;<\/p>\n<\/div>\n<\/div>\n<\/div>\n<\/div>\n<\/div>\n<\/div>\n<\/div>\n<\/div>\n<\/div>\n<\/div>\n<\/div>\n<\/div>\n<\/div>\n<\/div>\n<\/div>\n<\/div>\n<\/div>\n<\/div>\n<\/div>\n<\/div>\n<\/div>\n<\/div>\n<\/div>\n<\/div>\n<\/div>\n<\/div>\n<\/div>\n<\/div>\n<\/div>\n<\/div>\n<\/div>\n<\/div>\n<\/div>\n<\/div>\n<\/div>\n<\/div>\n<\/div>\n<\/div>\n<\/div>\n<\/div>\n<\/div>\n<\/div>\n<\/div>\n<\/div>\n<\/div>\n<\/div>\n<\/div>\n<\/div>\n<\/div>\n<\/div>\n<\/div>\n<\/div>\n<\/div>\n<\/div>\n<\/div>\n<\/div>\n<\/div>\n<\/div>\n<\/div>\n<\/div>\n<\/div>\n<\/div>\n<\/div>\n<\/div>\n<\/div>\n<\/div>\n<\/div>\n<\/div>\n<\/div>\n<\/div>\n<\/div>\n<\/div>\n<\/div>\n<\/div>\n<\/div>\n<\/div>\n<\/div>\n<\/div>\n<\/div>\n<\/div>\n<\/div>\n<\/div>\n<\/div>\n<\/div>\n<\/div>\n<\/div>\n<\/div>\n<\/div>\n<\/div>\n<\/div>\n<\/div>\n<\/div>\n<\/div>\n<\/div>\n<\/div>\n<\/div>\n<\/div>\n<\/div>\n<\/div>\n<\/div>\n<\/div>\n<\/div>\n<\/div>\n<\/div>\n<\/div>\n<\/div>\n<\/div>\n<\/div>\n<\/div>\n<\/div>\n<\/div>\n<\/div>\n<\/div>\n<\/div>\n<\/div>\n<\/div>\n<p><a href=\"https:\/\/www.radiopiu.net\/wordpress\/giornale-radiopiu-26-settembre-2018-direttore-mirko-mezzacasa\/viabilita-2\/\" rel=\"attachment wp-att-61954\"><img loading=\"lazy\" decoding=\"async\" class=\"aligncenter wp-image-61954 size-full\" src=\"https:\/\/www.radiopiu.net\/wordpress\/wp-content\/uploads\/2018\/09\/viabilita.jpeg\" sizes=\"auto, (max-width: 800px) 100vw, 800px\" srcset=\"https:\/\/www.radiopiu.net\/wordpress\/wp-content\/uploads\/2018\/09\/viabilita.jpeg 800w, https:\/\/www.radiopiu.net\/wordpress\/wp-content\/uploads\/2018\/09\/viabilita-300x38.jpeg 300w, https:\/\/www.radiopiu.net\/wordpress\/wp-content\/uploads\/2018\/09\/viabilita-768x96.jpeg 768w\" alt=\"\" width=\"800\" height=\"100\" \/><\/a><\/p>\n<\/div>\n<\/div>\n<\/div>\n<\/div>\n<\/div>\n<\/div>\n<\/div>\n<\/div>\n<\/div>\n<\/div>\n<\/div>\n<\/div>\n<\/div>\n<\/div>\n<\/div>\n<\/div>\n<\/div>\n<\/div>\n<\/div>\n<\/div>\n<\/div>\n<\/div>\n<\/div>\n<\/div>\n<\/div>\n<\/div>\n<\/div>\n<\/div>\n<\/div>\n<\/div>\n<\/div>\n<\/div>\n<\/div>\n<\/div>\n<\/div>\n<\/div>\n<\/div>\n<\/div>\n<\/div>\n<\/div>\n<\/div>\n<\/div>\n<\/div>\n<\/div>\n<\/div>\n<\/div>\n<\/div>\n<\/div>\n<\/div>\n<\/div>\n<\/div>\n<\/div>\n<\/div>\n<\/div>\n<\/div>\n<\/div>\n<\/div>\n<\/div>\n<\/div>\n<\/div>\n<\/div>\n<\/div>\n<\/div>\n<\/div>\n<\/div>\n<\/div>\n<\/div>\n<\/div>\n<\/div>\n<\/div>\n<\/div>\n<\/div>\n<\/div>\n<\/div>\n<\/div>\n<\/div>\n<\/div>\n<\/div>\n<\/div>\n<\/div>\n<\/div>\n<\/div>\n<\/div>\n<div>\n<div class=\"page-title-head hgroup\">\n<div class=\"page-title-head hgroup\">\n<div class=\"b654a4as d2edcug0\">\n<div class=\"j83agx80 btwxx1t3 lhclo0ds hop8lmos nkwizq5d scwd0bx6 roh60bw9\">\n<div class=\"rq0escxv hkbzh7o3 jwdofwj8 n8tt0mok r8blr3vg hyh9befq\">\n<div class=\"do00u71z l9j0dhe7 k4urcfbm\">\n<div class=\"ecm0bbzt e5nlhep0 a8c37x1j\">\n<div class=\"kvgmc6g5 cxmmr5t8 oygrvhab hcukyx3x c1et5uql\">\n<div class=\"gmail-kvgmc6g5 gmail-cxmmr5t8 gmail-oygrvhab gmail-hcukyx3x gmail-c1et5uql gmail-ii04i59q\">\n<div class=\"page-title-head hgroup\">\n<div class=\"page-title-head hgroup\">\n<div class=\"b654a4as d2edcug0\">\n<div class=\"j83agx80 btwxx1t3 lhclo0ds hop8lmos nkwizq5d scwd0bx6 roh60bw9\">\n<div class=\"rq0escxv hkbzh7o3 jwdofwj8 n8tt0mok r8blr3vg hyh9befq\">\n<div class=\"do00u71z l9j0dhe7 k4urcfbm\">\n<div class=\"page-title-head hgroup\">\n<div class=\"page-title-head hgroup\">\n<div class=\"page-title-head hgroup\">\n<div class=\"page-title-head hgroup\">\n<div class=\"b654a4as d2edcug0\">\n<div class=\"page-title-head hgroup\">\n<div class=\"page-title-head hgroup\">\n<div class=\"page-title-head hgroup\">\n<div class=\"page-title-head hgroup\">\n<div class=\"b654a4as d2edcug0\">\n<div class=\"page-title-head hgroup\">\n<div class=\"page-title-head hgroup\">\n<div class=\"page-title-head hgroup\">\n<div class=\"page-title-head hgroup\">\n<div class=\"page-title-head hgroup\">\n<div class=\"page-title-head hgroup\">\n<div class=\"page-title-head hgroup\">\n<div class=\"page-title-head hgroup\">\n<div class=\"page-title-head hgroup\">\n<div class=\"b654a4as d2edcug0\">\n<div class=\"page-title-head hgroup\">\n<div class=\"page-title-head hgroup\">\n<div class=\"page-title-head hgroup\">\n<div class=\"page-title-head hgroup\">\n<div class=\"b654a4as d2edcug0\">\n<div class=\"page-title-head hgroup\">\n<div class=\"page-title-head hgroup\">\n<div class=\"page-title-head hgroup\">\n<div class=\"page-title-head hgroup\">\n<div class=\"page-title-head hgroup\">\n<div class=\"mkdf-post-text\">\n<div class=\"mkdf-post-text-inner\">\n<div class=\"mkdf-post-text-main\">\n<div class=\"mkdf-post-text\">\n<div class=\"mkdf-post-text-inner\">\n<div class=\"mkdf-post-text-main\">\n<div class=\"mkdf-post-text\">\n<div class=\"mkdf-post-text-inner\">\n<div class=\"mkdf-post-text-main\">\n<div class=\"page-title-head hgroup\">\n<div class=\"page-title-head hgroup\">\n<div class=\"mkdf-post-text\">\n<div class=\"mkdf-post-text-inner\">\n<div class=\"mkdf-post-text-main\">\n<div class=\"mkdf-post-text\">\n<div class=\"mkdf-post-text-inner\">\n<div class=\"mkdf-post-text-main\">\n<div class=\"page-title-head hgroup\">\n<div class=\"page-title-head hgroup\">\n<div class=\"page-title-head hgroup\">\n<div class=\"page-title-head hgroup\">\n<div class=\"b654a4as d2edcug0\">\n<div class=\"page-title-head hgroup\">\n<div class=\"page-title-head hgroup\">\n<div class=\"page-title-head hgroup\">\n<div class=\"page-title-head hgroup\">\n<div class=\"b654a4as d2edcug0\">\n<div class=\"page-title-head hgroup\">\n<div class=\"page-title-head hgroup\">\n<div class=\"page-title-head hgroup\">\n<div class=\"page-title-head hgroup\">\n<div class=\"b654a4as d2edcug0\">\n<div class=\"ecm0bbzt e5nlhep0 a8c37x1j\">\n<div class=\"kvgmc6g5 cxmmr5t8 oygrvhab hcukyx3x c1et5uql\">\n<div class=\"gmail-kvgmc6g5 gmail-cxmmr5t8 gmail-oygrvhab gmail-hcukyx3x gmail-c1et5uql gmail-ii04i59q\">\n<div class=\"page-title-head hgroup\">\n<div class=\"page-title-head hgroup\">\n<div class=\"b654a4as d2edcug0\">\n<div class=\"j83agx80 btwxx1t3 lhclo0ds hop8lmos nkwizq5d scwd0bx6 roh60bw9\">\n<div class=\"rq0escxv hkbzh7o3 jwdofwj8 n8tt0mok r8blr3vg hyh9befq\">\n<div class=\"do00u71z l9j0dhe7 k4urcfbm\">\n<div class=\"page-title-head hgroup\">\n<div class=\"page-title-head hgroup\">\n<div class=\"page-title-head hgroup\">\n<div class=\"page-title-head hgroup\">\n<div class=\"b654a4as d2edcug0\">\n<div class=\"page-title-head hgroup\">\n<div class=\"page-title-head hgroup\">\n<div class=\"page-title-head hgroup\">\n<div class=\"page-title-head hgroup\">\n<div class=\"b654a4as d2edcug0\">\n<div class=\"page-title-head hgroup\">\n<div class=\"page-title-head hgroup\">\n<div class=\"page-title-head hgroup\">\n<div class=\"page-title-head hgroup\">\n<div class=\"page-title-head hgroup\">\n<div class=\"page-title-head hgroup\">\n<div class=\"page-title-head hgroup\">\n<div class=\"page-title-head hgroup\">\n<div class=\"page-title-head hgroup\">\n<div class=\"b654a4as d2edcug0\">\n<div class=\"page-title-head hgroup\">\n<div class=\"page-title-head hgroup\">\n<div class=\"page-title-head hgroup\">\n<div class=\"page-title-head hgroup\">\n<div class=\"b654a4as d2edcug0\">\n<div class=\"page-title-head hgroup\">\n<div class=\"page-title-head hgroup\">\n<div class=\"page-title-head hgroup\">\n<div class=\"page-title-head hgroup\">\n<div class=\"page-title-head hgroup\">\n<div class=\"mkdf-post-text\">\n<div class=\"mkdf-post-text-inner\">\n<div class=\"mkdf-post-text-main\">\n<div class=\"mkdf-post-text\">\n<div class=\"mkdf-post-text-inner\">\n<div class=\"mkdf-post-text-main\">\n<div class=\"mkdf-post-text\">\n<div class=\"mkdf-post-text-inner\">\n<div class=\"mkdf-post-text-main\">\n<div class=\"page-title-head hgroup\">\n<div class=\"page-title-head hgroup\">\n<div class=\"mkdf-post-text\">\n<div class=\"mkdf-post-text-inner\">\n<div class=\"mkdf-post-text-main\">\n<div class=\"mkdf-post-text\">\n<div class=\"mkdf-post-text-inner\">\n<div class=\"mkdf-post-text-main\">\n<div class=\"page-title-head hgroup\">\n<div class=\"page-title-head hgroup\">\n<div class=\"page-title-head hgroup\">\n<div class=\"page-title-head hgroup\">\n<div class=\"b654a4as d2edcug0\">\n<div class=\"page-title-head hgroup\">\n<div class=\"page-title-head hgroup\">\n<div class=\"page-title-head hgroup\">\n<div class=\"page-title-head hgroup\">\n<div class=\"b654a4as d2edcug0\">\n<div class=\"page-title-head hgroup\">\n<div class=\"page-title-head hgroup\">\n<div class=\"page-title-head hgroup\">\n<div class=\"page-title-head hgroup\">\n<div class=\"b654a4as d2edcug0\">\n<p>&nbsp;<\/p>\n<p>&nbsp;<\/p>\n<blockquote class=\"wp-embedded-content\" data-secret=\"wFfkUi9pK2\"><p><a href=\"https:\/\/www.radiopiu.net\/wordpress\/viabilita\/\">viabilita<\/a><\/p><\/blockquote>\n<p><iframe loading=\"lazy\" class=\"wp-embedded-content\" sandbox=\"allow-scripts\" security=\"restricted\" style=\"position: absolute; clip: rect(1px, 1px, 1px, 1px);\" title=\"&#8220;viabilita&#8221; &#8212; Radio Pi\u00f9\" src=\"https:\/\/www.radiopiu.net\/wordpress\/viabilita\/embed\/#?secret=IV7r8iVuMI#?secret=wFfkUi9pK2\" data-secret=\"wFfkUi9pK2\" width=\"600\" height=\"338\" frameborder=\"0\" marginwidth=\"0\" marginheight=\"0\" scrolling=\"no\"><\/iframe><\/p>\n<p>&nbsp;<\/p>\n<p>&nbsp;<\/p>\n<hr \/>\n<\/div>\n<\/div>\n<\/div>\n<\/div>\n<\/div>\n<\/div>\n<\/div>\n<\/div>\n<\/div>\n<\/div>\n<\/div>\n<\/div>\n<\/div>\n<\/div>\n<\/div>\n<\/div>\n<\/div>\n<\/div>\n<\/div>\n<\/div>\n<\/div>\n<\/div>\n<\/div>\n<\/div>\n<\/div>\n<\/div>\n<\/div>\n<\/div>\n<\/div>\n<\/div>\n<\/div>\n<\/div>\n<\/div>\n<\/div>\n<\/div>\n<\/div>\n<\/div>\n<\/div>\n<\/div>\n<\/div>\n<\/div>\n<\/div>\n<\/div>\n<\/div>\n<\/div>\n<\/div>\n<\/div>\n<\/div>\n<\/div>\n<\/div>\n<\/div>\n<\/div>\n<\/div>\n<\/div>\n<\/div>\n<\/div>\n<\/div>\n<\/div>\n<\/div>\n<\/div>\n<\/div>\n<\/div>\n<\/div>\n<\/div>\n<\/div>\n<\/div>\n<\/div>\n<\/div>\n<\/div>\n<\/div>\n<\/div>\n<\/div>\n<\/div>\n<\/div>\n<\/div>\n<\/div>\n<\/div>\n<\/div>\n<\/div>\n<\/div>\n<\/div>\n<\/div>\n<\/div>\n<\/div>\n<\/div>\n<\/div>\n<\/div>\n<\/div>\n<\/div>\n<\/div>\n<\/div>\n<\/div>\n<\/div>\n<\/div>\n<\/div>\n<\/div>\n<\/div>\n<\/div>\n<\/div>\n<\/div>\n<\/div>\n<\/div>\n<\/div>\n<\/div>\n<\/div>\n<\/div>\n<\/div>\n<\/div>\n<\/div>\n<\/div>\n<\/div>\n<\/div>\n<\/div>\n<\/div>\n<\/div>\n<\/div>\n<\/div>\n<\/div>\n<\/div>\n<\/div>\n<\/div>\n<\/div>\n<\/div>\n<\/div>\n<\/div>\n<\/div>\n<\/div>\n<\/div>\n<\/div>\n<\/div>\n<\/div>\n<\/div>\n<\/div>\n<\/div>\n<\/div>\n<\/div>\n<\/div>\n<\/div>\n<\/div>\n<\/div>\n<\/div>\n<\/div>\n<\/div>\n<\/div>\n<\/div>\n<\/div>\n<\/div>\n<\/div>\n<\/div>\n<p>&nbsp;<\/p>\n<div>\n<div class=\"page-title-head hgroup\">\n<div class=\"page-title-head hgroup\">\n<div class=\"b654a4as d2edcug0\">\n<div class=\"j83agx80 btwxx1t3 lhclo0ds hop8lmos nkwizq5d scwd0bx6 roh60bw9\">\n<div class=\"rq0escxv hkbzh7o3 jwdofwj8 n8tt0mok r8blr3vg hyh9befq\">\n<div class=\"do00u71z l9j0dhe7 k4urcfbm\">\n<div class=\"page-title-head hgroup\">\n<div class=\"page-title-head hgroup\">\n<div class=\"b654a4as d2edcug0\">\n<div class=\"j83agx80 btwxx1t3 lhclo0ds hop8lmos nkwizq5d scwd0bx6 roh60bw9\">\n<div class=\"rq0escxv hkbzh7o3 jwdofwj8 n8tt0mok r8blr3vg hyh9befq\">\n<div class=\"do00u71z l9j0dhe7 k4urcfbm\">\n<div class=\"ecm0bbzt e5nlhep0 a8c37x1j\">\n<div class=\"kvgmc6g5 cxmmr5t8 oygrvhab hcukyx3x c1et5uql\">\n<div class=\"gmail-kvgmc6g5 gmail-cxmmr5t8 gmail-oygrvhab gmail-hcukyx3x gmail-c1et5uql gmail-ii04i59q\">\n<div class=\"page-title-head hgroup\">\n<div class=\"page-title-head hgroup\">\n<div class=\"b654a4as d2edcug0\">\n<div class=\"j83agx80 btwxx1t3 lhclo0ds hop8lmos nkwizq5d scwd0bx6 roh60bw9\">\n<div class=\"rq0escxv hkbzh7o3 jwdofwj8 n8tt0mok r8blr3vg hyh9befq\">\n<div class=\"do00u71z l9j0dhe7 k4urcfbm\">\n<div class=\"page-title-head hgroup\">\n<div class=\"page-title-head hgroup\">\n<div class=\"b654a4as d2edcug0\">\n<div class=\"j83agx80 btwxx1t3 lhclo0ds hop8lmos nkwizq5d scwd0bx6 roh60bw9\">\n<div class=\"rq0escxv hkbzh7o3 jwdofwj8 n8tt0mok r8blr3vg hyh9befq\">\n<div class=\"do00u71z l9j0dhe7 k4urcfbm\">\n<div>\n<div class=\"page-title-head hgroup\">\n<div class=\"page-title-head hgroup\">\n<div class=\"b654a4as d2edcug0\">\n<div class=\"j83agx80 btwxx1t3 lhclo0ds hop8lmos nkwizq5d scwd0bx6 roh60bw9\">\n<div class=\"rq0escxv hkbzh7o3 jwdofwj8 n8tt0mok r8blr3vg hyh9befq\">\n<div class=\"do00u71z l9j0dhe7 k4urcfbm\">\n<div class=\"ecm0bbzt e5nlhep0 a8c37x1j\">\n<div class=\"kvgmc6g5 cxmmr5t8 oygrvhab hcukyx3x c1et5uql\">\n<div class=\"gmail-kvgmc6g5 gmail-cxmmr5t8 gmail-oygrvhab gmail-hcukyx3x gmail-c1et5uql gmail-ii04i59q\">\n<div class=\"page-title-head hgroup\">\n<div class=\"page-title-head hgroup\">\n<div class=\"b654a4as d2edcug0\">\n<div class=\"j83agx80 btwxx1t3 lhclo0ds hop8lmos nkwizq5d scwd0bx6 roh60bw9\">\n<div class=\"rq0escxv hkbzh7o3 jwdofwj8 n8tt0mok r8blr3vg hyh9befq\">\n<div class=\"do00u71z l9j0dhe7 k4urcfbm\">\n<div class=\"page-title-head hgroup\">\n<div class=\"page-title-head hgroup\">\n<div class=\"page-title-head hgroup\">\n<div class=\"page-title-head hgroup\">\n<div class=\"b654a4as d2edcug0\">\n<div class=\"page-title-head hgroup\">\n<div class=\"page-title-head hgroup\">\n<div class=\"page-title-head hgroup\">\n<div class=\"page-title-head hgroup\">\n<div class=\"b654a4as d2edcug0\">\n<div class=\"page-title-head hgroup\">\n<div class=\"page-title-head hgroup\">\n<div class=\"page-title-head hgroup\">\n<div class=\"page-title-head hgroup\">\n<div class=\"page-title-head hgroup\">\n<div class=\"page-title-head hgroup\">\n<div class=\"page-title-head hgroup\">\n<div class=\"page-title-head hgroup\">\n<div class=\"page-title-head hgroup\">\n<div class=\"b654a4as d2edcug0\">\n<div class=\"page-title-head hgroup\">\n<div class=\"page-title-head hgroup\">\n<div class=\"page-title-head hgroup\">\n<div class=\"page-title-head hgroup\">\n<div class=\"b654a4as d2edcug0\">\n<div class=\"page-title-head hgroup\">\n<div class=\"page-title-head hgroup\">\n<div class=\"page-title-head hgroup\">\n<div class=\"page-title-head hgroup\">\n<div class=\"page-title-head hgroup\">\n<div class=\"mkdf-post-text\">\n<div class=\"mkdf-post-text-inner\">\n<div class=\"mkdf-post-text-main\">\n<div class=\"mkdf-post-text\">\n<div class=\"mkdf-post-text-inner\">\n<div class=\"mkdf-post-text-main\">\n<div class=\"mkdf-post-text\">\n<div class=\"mkdf-post-text-inner\">\n<div class=\"mkdf-post-text-main\">\n<div class=\"page-title-head hgroup\">\n<div class=\"page-title-head hgroup\">\n<div class=\"mkdf-post-text\">\n<div class=\"mkdf-post-text-inner\">\n<div class=\"mkdf-post-text-main\">\n<div class=\"mkdf-post-text\">\n<div class=\"mkdf-post-text-inner\">\n<div class=\"mkdf-post-text-main\">\n<div class=\"page-title-head hgroup\">\n<div class=\"page-title-head hgroup\">\n<div class=\"page-title-head hgroup\">\n<div class=\"page-title-head hgroup\">\n<div class=\"b654a4as d2edcug0\">\n<div class=\"page-title-head hgroup\">\n<div class=\"page-title-head hgroup\">\n<div class=\"page-title-head hgroup\">\n<div class=\"page-title-head hgroup\">\n<div class=\"b654a4as d2edcug0\">\n<div class=\"page-title-head hgroup\">\n<div class=\"page-title-head hgroup\">\n<div class=\"page-title-head hgroup\">\n<div class=\"page-title-head hgroup\">\n<div class=\"b654a4as d2edcug0\">\n<div class=\"ecm0bbzt e5nlhep0 a8c37x1j\">\n<div class=\"kvgmc6g5 cxmmr5t8 oygrvhab hcukyx3x c1et5uql\">\n<div class=\"gmail-kvgmc6g5 gmail-cxmmr5t8 gmail-oygrvhab gmail-hcukyx3x gmail-c1et5uql gmail-ii04i59q\">\n<div class=\"page-title-head hgroup\">\n<div class=\"page-title-head hgroup\">\n<div class=\"b654a4as d2edcug0\">\n<div class=\"j83agx80 btwxx1t3 lhclo0ds hop8lmos nkwizq5d scwd0bx6 roh60bw9\">\n<div class=\"rq0escxv hkbzh7o3 jwdofwj8 n8tt0mok r8blr3vg hyh9befq\">\n<div class=\"do00u71z l9j0dhe7 k4urcfbm\">\n<div class=\"page-title-head hgroup\">\n<div class=\"page-title-head hgroup\">\n<div class=\"page-title-head hgroup\">\n<div class=\"page-title-head hgroup\">\n<div class=\"b654a4as d2edcug0\">\n<div class=\"page-title-head hgroup\">\n<div class=\"page-title-head hgroup\">\n<div class=\"page-title-head hgroup\">\n<div class=\"page-title-head hgroup\">\n<div class=\"b654a4as d2edcug0\">\n<div class=\"page-title-head hgroup\">\n<div class=\"page-title-head hgroup\">\n<div class=\"page-title-head hgroup\">\n<div class=\"page-title-head hgroup\">\n<div class=\"page-title-head hgroup\">\n<div class=\"page-title-head hgroup\">\n<div class=\"page-title-head hgroup\">\n<div class=\"page-title-head hgroup\">\n<div class=\"page-title-head hgroup\">\n<div class=\"b654a4as d2edcug0\">\n<div class=\"page-title-head hgroup\">\n<div class=\"page-title-head hgroup\">\n<div class=\"page-title-head hgroup\">\n<div class=\"page-title-head hgroup\">\n<div class=\"b654a4as d2edcug0\">\n<div class=\"page-title-head hgroup\">\n<div class=\"page-title-head hgroup\">\n<div class=\"page-title-head hgroup\">\n<div class=\"page-title-head hgroup\">\n<div class=\"page-title-head hgroup\">\n<div class=\"mkdf-post-text\">\n<div class=\"mkdf-post-text-inner\">\n<div class=\"mkdf-post-text-main\">\n<div class=\"mkdf-post-text\">\n<div class=\"mkdf-post-text-inner\">\n<div class=\"mkdf-post-text-main\">\n<div class=\"mkdf-post-text\">\n<div class=\"mkdf-post-text-inner\">\n<div class=\"mkdf-post-text-main\">\n<div class=\"page-title-head hgroup\">\n<div class=\"page-title-head hgroup\">\n<div class=\"mkdf-post-text\">\n<div class=\"mkdf-post-text-inner\">\n<div class=\"mkdf-post-text-main\">\n<div class=\"mkdf-post-text\">\n<div class=\"mkdf-post-text-inner\">\n<div class=\"mkdf-post-text-main\">\n<div class=\"page-title-head hgroup\">\n<div class=\"page-title-head hgroup\">\n<div class=\"page-title-head hgroup\">\n<div class=\"page-title-head hgroup\">\n<div class=\"b654a4as d2edcug0\">\n<div class=\"page-title-head hgroup\">\n<div class=\"page-title-head hgroup\">\n<div class=\"page-title-head hgroup\">\n<div class=\"page-title-head hgroup\">\n<div class=\"b654a4as d2edcug0\">\n<div class=\"page-title-head hgroup\">\n<div class=\"page-title-head hgroup\">\n<div class=\"page-title-head hgroup\">\n<div class=\"page-title-head hgroup\">\n<div class=\"b654a4as d2edcug0\">\n<p>&nbsp;<\/p>\n<\/div>\n<div class=\"b654a4as d2edcug0\">\n<div class=\"ecm0bbzt e5nlhep0 a8c37x1j\">\n<div class=\"kvgmc6g5 cxmmr5t8 oygrvhab hcukyx3x c1et5uql\">\n<div class=\"gmail-kvgmc6g5 gmail-cxmmr5t8 gmail-oygrvhab gmail-hcukyx3x gmail-c1et5uql gmail-ii04i59q\">\n<div>\n<div class=\"page-title-head hgroup\">\n<div class=\"page-title-head hgroup\">\n<div class=\"b654a4as d2edcug0\">\n<div class=\"j83agx80 btwxx1t3 lhclo0ds hop8lmos nkwizq5d scwd0bx6 roh60bw9\">\n<div class=\"rq0escxv hkbzh7o3 jwdofwj8 n8tt0mok r8blr3vg hyh9befq\">\n<div class=\"do00u71z l9j0dhe7 k4urcfbm\">\n<div>\n<div class=\"page-title-head hgroup\">\n<div class=\"page-title-head hgroup\">\n<div class=\"page-title-head hgroup\">\n<div class=\"page-title-head hgroup\">\n<div class=\"b654a4as d2edcug0\">\n<div class=\"page-title-head hgroup\">\n<div class=\"page-title-head hgroup\">\n<div class=\"page-title-head hgroup\">\n<div class=\"page-title-head hgroup\">\n<div class=\"b654a4as d2edcug0\">\n<div class=\"page-title-head hgroup\">\n<div class=\"page-title-head hgroup\">\n<div class=\"page-title-head hgroup\">\n<div class=\"page-title-head hgroup\">\n<div class=\"page-title-head hgroup\">\n<div class=\"mkdf-post-text\">\n<div class=\"mkdf-post-text-inner\">\n<div class=\"mkdf-post-text-main\">\n<div class=\"mkdf-post-text\">\n<div class=\"mkdf-post-text-inner\">\n<div class=\"mkdf-post-text-main\">\n<div class=\"mkdf-post-text\">\n<div class=\"mkdf-post-text-inner\">\n<div class=\"mkdf-post-text-main\">\n<div class=\"page-title-head hgroup\">\n<div class=\"page-title-head hgroup\">\n<div class=\"mkdf-post-text\">\n<div class=\"mkdf-post-text-inner\">\n<div class=\"mkdf-post-text-main\">\n<div class=\"mkdf-post-text\">\n<div class=\"mkdf-post-text-inner\">\n<div class=\"mkdf-post-text-main\">\n<div>\n<div class=\"page-title-head hgroup\">\n<div class=\"page-title-head hgroup\">\n<div>\n<div class=\"page-title-head hgroup\">\n<div class=\"page-title-head hgroup\">\n<div class=\"b654a4as d2edcug0\">\n<div>\n<div class=\"page-title-head hgroup\" style=\"text-align: left;\">\n<div class=\"page-title-head hgroup\">\n<div dir=\"auto\">\n<p><a class=\"dt-pswp-item pspw-wrap-ready\" href=\"https:\/\/i0.wp.com\/www.radiopiu.net\/wordpress\/wp-content\/uploads\/2018\/09\/WhatsApp-Image-2018-09-20-at-16.04.06.jpeg?ssl=1\" data-dt-img-description=\"\" data-large_image_width=\"800\" data-large_image_height=\"100\"><img loading=\"lazy\" decoding=\"async\" class=\"aligncenter wp-image-61378 size-full jetpack-lazy-image jetpack-lazy-image--handled\" src=\"https:\/\/i0.wp.com\/www.radiopiu.net\/wordpress\/wp-content\/uploads\/2018\/09\/WhatsApp-Image-2018-09-20-at-16.04.06.jpeg?resize=800%2C100&amp;ssl=1\" sizes=\"auto, (max-width: 800px) 100vw, 800px\" srcset=\"https:\/\/i0.wp.com\/www.radiopiu.net\/wordpress\/wp-content\/uploads\/2018\/09\/WhatsApp-Image-2018-09-20-at-16.04.06.jpeg?w=800&amp;ssl=1 800w, https:\/\/i0.wp.com\/www.radiopiu.net\/wordpress\/wp-content\/uploads\/2018\/09\/WhatsApp-Image-2018-09-20-at-16.04.06.jpeg?resize=300%2C38&amp;ssl=1 300w, https:\/\/i0.wp.com\/www.radiopiu.net\/wordpress\/wp-content\/uploads\/2018\/09\/WhatsApp-Image-2018-09-20-at-16.04.06.jpeg?resize=768%2C96&amp;ssl=1 768w\" alt=\"\" width=\"800\" height=\"100\" data-lazy-loaded=\"1\" \/><\/a><\/p>\n<\/div>\n<\/div>\n<\/div>\n<\/div>\n<\/div>\n<\/div>\n<\/div>\n<\/div>\n<\/div>\n<\/div>\n<\/div>\n<\/div>\n<\/div>\n<\/div>\n<\/div>\n<\/div>\n<\/div>\n<\/div>\n<\/div>\n<\/div>\n<\/div>\n<\/div>\n<\/div>\n<\/div>\n<\/div>\n<\/div>\n<\/div>\n<\/div>\n<\/div>\n<\/div>\n<\/div>\n<\/div>\n<\/div>\n<\/div>\n<\/div>\n<\/div>\n<\/div>\n<\/div>\n<\/div>\n<\/div>\n<\/div>\n<\/div>\n<\/div>\n<\/div>\n<\/div>\n<\/div>\n<\/div>\n<\/div>\n<\/div>\n<\/div>\n<\/div>\n<\/div>\n<\/div>\n<\/div>\n<\/div>\n<\/div>\n<\/div>\n<\/div>\n<\/div>\n<\/div>\n<\/div>\n<\/div>\n<\/div>\n<\/div>\n<\/div>\n<\/div>\n<\/div>\n<\/div>\n<\/div>\n<\/div>\n<\/div>\n<\/div>\n<\/div>\n<\/div>\n<\/div>\n<\/div>\n<\/div>\n<\/div>\n<\/div>\n<\/div>\n<\/div>\n<\/div>\n<\/div>\n<\/div>\n<\/div>\n<\/div>\n<\/div>\n<\/div>\n<\/div>\n<\/div>\n<\/div>\n<\/div>\n<\/div>\n<\/div>\n<\/div>\n<\/div>\n<\/div>\n<\/div>\n<\/div>\n<\/div>\n<\/div>\n<\/div>\n<\/div>\n<\/div>\n<\/div>\n<\/div>\n<\/div>\n<\/div>\n<\/div>\n<\/div>\n<\/div>\n<\/div>\n<\/div>\n<\/div>\n<\/div>\n<\/div>\n<\/div>\n<\/div>\n<\/div>\n<\/div>\n<\/div>\n<\/div>\n<\/div>\n<\/div>\n<\/div>\n<\/div>\n<\/div>\n<\/div>\n<\/div>\n<\/div>\n<\/div>\n<\/div>\n<\/div>\n<\/div>\n<\/div>\n<\/div>\n<\/div>\n<\/div>\n<\/div>\n<\/div>\n<\/div>\n<\/div>\n<\/div>\n<\/div>\n<\/div>\n<\/div>\n<\/div>\n<\/div>\n<\/div>\n<\/div>\n<\/div>\n<\/div>\n<\/div>\n<\/div>\n<\/div>\n<\/div>\n<\/div>\n<\/div>\n<\/div>\n<\/div>\n<\/div>\n<\/div>\n<\/div>\n<\/div>\n<\/div>\n<\/div>\n<\/div>\n<\/div>\n<\/div>\n<\/div>\n<\/div>\n<\/div>\n<\/div>\n<\/div>\n<\/div>\n<\/div>\n<\/div>\n<\/div>\n<\/div>\n<\/div>\n<\/div>\n<\/div>\n<\/div>\n<\/div>\n<\/div>\n<\/div>\n<\/div>\n<\/div>\n<\/div>\n<\/div>\n<\/div>\n<\/div>\n<\/div>\n<\/div>\n<\/div>\n<\/div>\n<\/div>\n<\/div>\n<\/div>\n<\/div>\n<\/div>\n<\/div>\n<\/div>\n<\/div>\n<\/div>\n<\/div>\n<\/div>\n<\/div>\n<\/div>\n<\/div>\n<\/div>\n<\/div>\n<\/div>\n<\/div>\n<\/div>\n<\/div>\n<\/div>\n<\/div>\n<\/div>\n<\/div>\n<\/div>\n<\/div>\n<\/div>\n<\/div>\n<\/div>\n<\/div>\n<\/div>\n<\/div>\n<\/div>\n<\/div>\n<\/div>\n<p><center><b>Venerdi 1<\/b><\/center><b>Tempo atteso: <\/b>Persistenza di cielo molto nuvoloso o coperto e precipitazioni di debole intensit\u00e0 al mattino, anche moderate al pomeriggio\/sera, quando ci sar\u00e0 una fase un po&#8217; pi\u00f9 acuta, assieme a l&#8217;ingresso di aria pi\u00f9 fredda in quota.<br \/>\n<b>Precipitazioni: <\/b>Probabilit\u00e0 alta (90\/100%), nonostante qualche pausa in mattinata. Dal pomeriggio probabile intensificazione delle precipitazioni che tenderanno a diventare a tratti moderate fino alla sera\/notte. Il limite della neve, inizialmente sui 1400-1500 m, scender\u00e0 sui 1000-1200 m, anche a quote pi\u00f9 basse nelle valli pi\u00f9 chiuse e nei settori interessati dai fenomeni pi\u00f9 intensi in serata. Previsti apporti medi di 10-25 mm, localmente di pi\u00f9 su alcuni settori Prealpini con altrettanti centimetri di neve fresca a 2000 metri.<br \/>\n<b>Temperature: <\/b>In generale diminuzione rispetto a gioved\u00ec, specie alla sera, quando si verificheranno le minime. Previste punte di 7\/9\u00b0C nei fondovalle prealpini e di 2\/4\u00b0C a 1000\/1200 m. Su Prealpi &#8211; a 1500 m: min 0 max 2, a 2000 m: min -2 max -1 Dolomiti &#8211; a 2000 m: min -2 max 0, a 3000 m: min -9 max -7<br \/>\n<b>Venti: <\/b>Nelle valli deboli di direzione variabile; in quota moderati meridionali e probabile moderato richiamo sciroccale sotto i 1500 m, a 10-20 km\/h a 2000 m e 20-30 km\/h a 3000 m.<\/p>\n<hr \/>\n<p><center><b>Sabato 2<\/b><\/center><b>Tempo atteso: <\/b>Cielo molto nuvoloso\/coperto associato a precipitazioni, a tratti diffuse e moderate, anche a carattere di rovescio, nevose oltre i 500-800 m.<br \/>\n<b>Precipitazioni: <\/b>Probabilit\u00e0 alt\u00e0 (80-100 %) di precipitazioni deboli o a tratti moderate sui settori Prealpini con limite neve a 500\/800 m. Sono attesi mediamente altri 10-20 mm di pioggia e altrettanti cm di neve fresca oltre i 1200 metri.<br \/>\n<b>Temperature: <\/b>In ulteriore lieve calo a tutte le quote (-14\u00b0C a 3000 m e -6\u00b0C a 2000 m), con contesto invernale oltre i 1000 m. Su Prealpi a 1500 m: min -3 max -1, a 2000 m: min -7 max -3 Su Dolomiti a 2000 m: min -8 max -2, a 3000 m: min -14 max -9<br \/>\n<b>Venti: <\/b>Deboli di direzione variabile nelle valli; moderati da sud-est in quota in rotazione da nordest in serata a 5-15 km\/h a 2000 m e 20-30 km\/h a 3000 m.<\/p>\n<hr \/>\n<p><center><b>Domenica 3<\/b><\/center>Il cielo rimane irregolarmente nuvoloso, a tratti molto nuvoloso, specie nel pomeriggio su Prealpi pe qualche annuvolamento pi\u00f9 consistente. Probabilit\u00e0 di precipitazioni generalmente assente al mattino, in lieve aumento a medio-bassa nel pomeriggio per qualche eventuale breve rovescio su Prealpi nevoso oltre i 700\/900 m. In serata possibile generale aumento della nuvolosit\u00e0. Temperature in ulteriore lieve calo a tutte le quote con valori al di sotto della media. Venti deboli di direzione variabile nelle valli; deboli da ovest sud-ovest in quota, a tratti moderati alla sera.<\/p>\n<hr \/>\n<p><center><b>Lunedi 4<\/b><\/center>Fino al mattino residua nuvolosit\u00e0 con qualche possibile debole fenomeno sparso, in seguito schiarite via via pi\u00f9 ampie fino a sereno o poco nuvoloso in serata. Contesto termico freddo per il periodo con temperature al di sotto della media del periodo. Venti in quota inizialmente deboli meridionali in rotazione da nordovest dal tardo mattino. Previsore: DDL<\/p>\n<hr \/>\n<hr \/>\n<p>&nbsp;<\/p>\n<p><img loading=\"lazy\" decoding=\"async\" class=\"wp-image-60761 size-full aligncenter\" src=\"https:\/\/www.radiopiu.net\/wordpress\/wp-content\/uploads\/2018\/09\/sport.jpg\" alt=\"\" width=\"800\" height=\"100\" srcset=\"https:\/\/www.radiopiu.net\/wordpress\/wp-content\/uploads\/2018\/09\/sport.jpg 800w, https:\/\/www.radiopiu.net\/wordpress\/wp-content\/uploads\/2018\/09\/sport-300x38.jpg 300w, https:\/\/www.radiopiu.net\/wordpress\/wp-content\/uploads\/2018\/09\/sport-768x96.jpg 768w\" sizes=\"auto, (max-width: 800px) 100vw, 800px\" \/><\/p>\n<\/div>\n<div>\n<p><b>\u00a0 \u00a0<\/b><\/p>\n<blockquote>\n<h3><strong style=\"color: #0000ff; font-size: 14px;\">NUOTO<\/strong><\/h3>\n<\/blockquote>\n<blockquote>\n<h3>MEETING \u201cANDREA MONTANO\u201d: LA SPORTIVAMENTE BELLUNO \u00c8 QUARTA ASSOLUTA<\/h3>\n<\/blockquote>\n<p><strong><a class=\"dt-pswp-item\" href=\"https:\/\/www.radiopiu.net\/wordpress\/wp-content\/uploads\/2022\/03\/Nuoto_paralimpico_BL.jpg\" data-dt-img-description=\"\" data-large_image_width=\"859\" data-large_image_height=\"527\"><img loading=\"lazy\" decoding=\"async\" class=\"wp-image-268111 alignleft\" src=\"https:\/\/www.radiopiu.net\/wordpress\/wp-content\/uploads\/2022\/03\/Nuoto_paralimpico_BL-300x184.jpg\" alt=\"\" width=\"179\" height=\"110\" srcset=\"https:\/\/www.radiopiu.net\/wordpress\/wp-content\/uploads\/2022\/03\/Nuoto_paralimpico_BL-300x184.jpg 300w, https:\/\/www.radiopiu.net\/wordpress\/wp-content\/uploads\/2022\/03\/Nuoto_paralimpico_BL-768x471.jpg 768w, https:\/\/www.radiopiu.net\/wordpress\/wp-content\/uploads\/2022\/03\/Nuoto_paralimpico_BL.jpg 859w\" sizes=\"auto, (max-width: 179px) 100vw, 179px\" \/><\/a>BELLUNO <\/strong>La squadra di nuoto paralimpico legata alla Sportivamente Belluno brilla a Montebelluna, dove \u00e8 andato in scena l\u2019undicesimo meeting interregionale \u201cAndrea Monta\u00f1o\u201d, sotto la regia di Sport Life Onlus. In particolare, i bellunesi si sono piazzati al quarto posto assoluto nella classifica generale. E le societ\u00e0 presenti erano undici: \u00abQuesto conferma che siamo sulla strada giusta &#8211; afferma il tecnico Silvia Casagrande &#8211; e che il duro lavoro e l\u2019impegno, alla lunga, premiano sempre\u00bb. Entrando nel dettaglio, Eleonora Dal Paos ha registrato uno splendido tempo (1\u201913\u201d38) nei 50 dorso, in cui si \u00e8 distinta pure Daniela Belletti. Dal Paos ha recitato da protagonista pure nei 100 stile, in cui \u00e8 arrivata terza. E nei 50 stile, buona prova di Belletti, arricchita dal quarto posto. Prestazione di alto livello anche per Enrico Giacomin, secondo solo al fuoriclasse e campione paralimpico Antonio Fantin: sia nei 100 stile, chiusi in 1\u201925\u201d21, sia nei 400 stile, in 6\u201919\u201d46. Nel panorama del nuoto paralimpico, la Sportivamente Belluno \u00e8 ormai una realt\u00e0.<\/p>\n<\/div>\n<\/div>\n<\/div>\n<\/div>\n<\/div>\n<\/div>\n<\/div>\n<\/div>\n<\/div>\n<\/div>\n<\/div>\n<\/div>\n<\/div>\n<\/div>\n<\/div>\n<\/div>\n<\/div>\n<\/div>\n<\/div>\n<\/div>\n<\/div>\n<\/div>\n<\/div>\n<\/div>\n<\/div>\n<\/div>\n<\/div>\n<\/div>\n<\/div>\n<\/div>\n<\/div>\n<\/div>\n<\/div>\n<\/div>\n<\/div>\n<\/div>\n<\/div>\n<\/div>\n<\/div>\n<\/div>\n<\/div>\n<\/div>\n<\/div>\n<\/div>\n<\/div>\n<\/div>\n<\/div>\n<\/div>\n<\/div>\n<\/div>\n<\/div>\n<\/div>\n<\/div>\n<\/div>\n<\/div>\n<\/div>\n<\/div>\n<\/div>\n<\/div>\n<\/div>\n<\/div>\n<\/div>\n<\/div>\n<\/div>\n<\/div>\n<\/div>\n<\/div>\n<\/div>\n<\/div>\n<\/div>\n<\/div>\n<\/div>\n<\/div>\n<\/div>\n<\/div>\n<\/div>\n<\/div>\n<\/div>\n<\/div>\n<\/div>\n<\/div>\n<\/div>\n<\/div>\n<\/div>\n<\/div>\n<\/div>\n<\/div>\n<\/div>\n<\/div>\n<\/div>\n<\/div>\n<\/div>\n<\/div>\n<\/div>\n<\/div>\n<\/div>\n<\/div>\n<\/div>\n<\/div>\n<\/div>\n<\/div>\n<\/div>\n<\/div>\n<\/div>\n<\/div>\n<\/div>\n<\/div>\n<\/div>\n<\/div>\n","protected":false},"excerpt":{"rendered":"<p>INFORMAZIONE il canale su TELEGRAM informazione di prima\u00a0 mano e in tempo reale. iscriviti ed aiutaci a farlo conoscere BUON 7* COMPLEANNO GIORNALE RADIOPIU, IL PRIMO NUMERO ERA USCITO IL 1 APRILE 2015\u00a0 DA ALLORA IL QUOTIDIANO DELLE SEI DEL MATTINO E&#8217; SEMPRE USCITO PUNTUALMENTE, OGNI GIORNO DAL LUNEDI AL VENERDI, PER UN ANNO E&hellip;<\/p>\n","protected":false},"author":4,"featured_media":268234,"comment_status":"closed","ping_status":"closed","sticky":false,"template":"","format":"standard","meta":{"_monsterinsights_skip_tracking":false,"_monsterinsights_sitenote_active":false,"_monsterinsights_sitenote_note":"","_monsterinsights_sitenote_category":0,"footnotes":""},"categories":[86,49],"tags":[],"class_list":["post-268040","post","type-post","status-publish","format-standard","has-post-thumbnail","hentry","category-gr","category-news-18","category-86","category-49","description-off"],"img_url":"https:\/\/www.radiopiu.net\/wordpress\/wp-content\/uploads\/2022\/03\/277589035_10224137795945928_3454717908387986690_n.jpg","_links":{"self":[{"href":"https:\/\/www.radiopiu.net\/wordpress\/wp-json\/wp\/v2\/posts\/268040","targetHints":{"allow":["GET"]}}],"collection":[{"href":"https:\/\/www.radiopiu.net\/wordpress\/wp-json\/wp\/v2\/posts"}],"about":[{"href":"https:\/\/www.radiopiu.net\/wordpress\/wp-json\/wp\/v2\/types\/post"}],"author":[{"embeddable":true,"href":"https:\/\/www.radiopiu.net\/wordpress\/wp-json\/wp\/v2\/users\/4"}],"replies":[{"embeddable":true,"href":"https:\/\/www.radiopiu.net\/wordpress\/wp-json\/wp\/v2\/comments?post=268040"}],"version-history":[{"count":0,"href":"https:\/\/www.radiopiu.net\/wordpress\/wp-json\/wp\/v2\/posts\/268040\/revisions"}],"wp:featuredmedia":[{"embeddable":true,"href":"https:\/\/www.radiopiu.net\/wordpress\/wp-json\/wp\/v2\/media\/268234"}],"wp:attachment":[{"href":"https:\/\/www.radiopiu.net\/wordpress\/wp-json\/wp\/v2\/media?parent=268040"}],"wp:term":[{"taxonomy":"category","embeddable":true,"href":"https:\/\/www.radiopiu.net\/wordpress\/wp-json\/wp\/v2\/categories?post=268040"},{"taxonomy":"post_tag","embeddable":true,"href":"https:\/\/www.radiopiu.net\/wordpress\/wp-json\/wp\/v2\/tags?post=268040"}],"curies":[{"name":"wp","href":"https:\/\/api.w.org\/{rel}","templated":true}]}}