{"id":268114,"date":"2022-03-31T10:02:04","date_gmt":"2022-03-31T08:02:04","guid":{"rendered":"https:\/\/www.radiopiu.net\/wordpress\/?p=268114"},"modified":"2022-03-31T18:03:02","modified_gmt":"2022-03-31T16:03:02","slug":"con-il-maltempo-torna-la-neve-il-bollettino-neve-al-suolo-di-arpav-arabba","status":"publish","type":"post","link":"https:\/\/www.radiopiu.net\/wordpress\/con-il-maltempo-torna-la-neve-il-bollettino-neve-al-suolo-di-arpav-arabba\/","title":{"rendered":"CON IL MALTEMPO TORNA LA NEVE. IL BOLLETTINO NEVE AL SUOLO DI ARPAV ARABBA"},"content":{"rendered":"<p><strong>LIVINALLONGO<\/strong> Dopo parecchio tempo \u00e8 tornato il maltempo in Veneto e sulle cime pi\u00f9 alte \u00e8 scesa la neve. Pochi centimetri come si nota dal bollettino neve al suolo che il centro valanghe Arpav di Arabba ha diramato in mattinata. Nel bellunese il cumulo maggiore di neve fresca si registra a Malga Losch di Frassene con 10 cm.<\/p>\n<p><strong>IL BOLLETTINO NEVE AL SUOLO<\/strong><\/p>\n<a href=\"https:\/\/www.radiopiu.net\/wordpress\/wp-content\/uploads\/2022\/03\/2022_03_31_Dolomiti-Neve-al-suolo.pdf\" class=\"pdfemb-viewer\" style=\"\" data-width=\"max\" data-height=\"max\" data-toolbar=\"top\" data-toolbar-fixed=\"on\">2022_03_31_Dolomiti Neve al suolo<\/a>\n<p>&nbsp;<\/p>\n<p><strong>LA SOMMATORIA DELLA NEVE CADUTA<\/strong><\/p>\n<a href=\"https:\/\/www.radiopiu.net\/wordpress\/wp-content\/uploads\/2022\/03\/2022_03_31_Dolomiti-_NEVE_Sommatoria-Hn.pdf\" class=\"pdfemb-viewer\" style=\"\" data-width=\"max\" data-height=\"max\" data-toolbar=\"top\" data-toolbar-fixed=\"on\">2022_03_31_Dolomiti _NEVE_Sommatoria Hn<\/a>\n<p>&nbsp;<\/p>\n<p>*****<\/p>\n","protected":false},"excerpt":{"rendered":"<p>LIVINALLONGO Dopo parecchio tempo \u00e8 tornato il maltempo in Veneto e sulle cime pi\u00f9 alte \u00e8 scesa la neve. Pochi centimetri come si nota dal bollettino neve al suolo che il centro valanghe Arpav di Arabba ha diramato in mattinata. Nel bellunese il cumulo maggiore di neve fresca si registra a Malga Losch di Frassene&hellip;<\/p>\n","protected":false},"author":4,"featured_media":246934,"comment_status":"closed","ping_status":"closed","sticky":false,"template":"","format":"standard","meta":{"_monsterinsights_skip_tracking":false,"_monsterinsights_sitenote_active":false,"_monsterinsights_sitenote_note":"","_monsterinsights_sitenote_category":0,"footnotes":""},"categories":[51,49],"tags":[],"class_list":["post-268114","post","type-post","status-publish","format-standard","has-post-thumbnail","hentry","category-evidenza-top","category-news-18","category-51","category-49","description-off"],"img_url":"https:\/\/www.radiopiu.net\/wordpress\/wp-content\/uploads\/2021\/12\/neve-fiocco.jpeg","_links":{"self":[{"href":"https:\/\/www.radiopiu.net\/wordpress\/wp-json\/wp\/v2\/posts\/268114","targetHints":{"allow":["GET"]}}],"collection":[{"href":"https:\/\/www.radiopiu.net\/wordpress\/wp-json\/wp\/v2\/posts"}],"about":[{"href":"https:\/\/www.radiopiu.net\/wordpress\/wp-json\/wp\/v2\/types\/post"}],"author":[{"embeddable":true,"href":"https:\/\/www.radiopiu.net\/wordpress\/wp-json\/wp\/v2\/users\/4"}],"replies":[{"embeddable":true,"href":"https:\/\/www.radiopiu.net\/wordpress\/wp-json\/wp\/v2\/comments?post=268114"}],"version-history":[{"count":0,"href":"https:\/\/www.radiopiu.net\/wordpress\/wp-json\/wp\/v2\/posts\/268114\/revisions"}],"wp:featuredmedia":[{"embeddable":true,"href":"https:\/\/www.radiopiu.net\/wordpress\/wp-json\/wp\/v2\/media\/246934"}],"wp:attachment":[{"href":"https:\/\/www.radiopiu.net\/wordpress\/wp-json\/wp\/v2\/media?parent=268114"}],"wp:term":[{"taxonomy":"category","embeddable":true,"href":"https:\/\/www.radiopiu.net\/wordpress\/wp-json\/wp\/v2\/categories?post=268114"},{"taxonomy":"post_tag","embeddable":true,"href":"https:\/\/www.radiopiu.net\/wordpress\/wp-json\/wp\/v2\/tags?post=268114"}],"curies":[{"name":"wp","href":"https:\/\/api.w.org\/{rel}","templated":true}]}}