{"id":268119,"date":"2022-04-01T05:52:59","date_gmt":"2022-04-01T03:52:59","guid":{"rendered":"https:\/\/www.radiopiu.net\/wordpress\/?p=268119"},"modified":"2022-04-01T18:06:30","modified_gmt":"2022-04-01T16:06:30","slug":"il-ministro-federico-dinca-ringrazia-gli-alunni-delle-scuole-di-agordo","status":"publish","type":"post","link":"https:\/\/www.radiopiu.net\/wordpress\/il-ministro-federico-dinca-ringrazia-gli-alunni-delle-scuole-di-agordo\/","title":{"rendered":"IL MINISTRO FEDERICO D&#8217;INCA&#8217; RINGRAZIA GLI ALUNNI DELLE SCUOLE DI AGORDO"},"content":{"rendered":"<p><strong><a class=\"dt-pswp-item\" href=\"https:\/\/www.radiopiu.net\/wordpress\/wp-content\/uploads\/2022\/03\/Schermata-2022-03-31-alle-10.40.35.png\" data-dt-img-description=\"\" data-large_image_width=\"1812\" data-large_image_height=\"904\"><img loading=\"lazy\" decoding=\"async\" class=\" wp-image-268120 alignleft\" src=\"https:\/\/www.radiopiu.net\/wordpress\/wp-content\/uploads\/2022\/03\/Schermata-2022-03-31-alle-10.40.35-300x150.png\" alt=\"\" width=\"194\" height=\"97\" srcset=\"https:\/\/www.radiopiu.net\/wordpress\/wp-content\/uploads\/2022\/03\/Schermata-2022-03-31-alle-10.40.35-300x150.png 300w, https:\/\/www.radiopiu.net\/wordpress\/wp-content\/uploads\/2022\/03\/Schermata-2022-03-31-alle-10.40.35-1024x511.png 1024w, https:\/\/www.radiopiu.net\/wordpress\/wp-content\/uploads\/2022\/03\/Schermata-2022-03-31-alle-10.40.35-768x383.png 768w, https:\/\/www.radiopiu.net\/wordpress\/wp-content\/uploads\/2022\/03\/Schermata-2022-03-31-alle-10.40.35-1536x766.png 1536w, https:\/\/www.radiopiu.net\/wordpress\/wp-content\/uploads\/2022\/03\/Schermata-2022-03-31-alle-10.40.35.png 1812w\" sizes=\"auto, (max-width: 194px) 100vw, 194px\" \/><\/a>ROMA<\/strong> Il Ministro per il rapporti con il Parlamento Federico D&#8217;Inc\u00e0 dopo aver visto foto e video degli alunni delle scuole di Agordo ha scritto al dirigente scolastico Giovanni Paolo Zanin. Ecco il testo del messaggio.<\/p>\n<blockquote><p><em>Con questo breve messaggio desidero esprimere il mio pi\u00f9 sentito ringraziamento per i messaggi di pace che avete espresso attraverso la vostra creativit\u00e0. \u00c8 stato un gesto importantissimo, che ho particolarmente apprezzato da cittadino, prima ancora che da Ministro. <\/em><em>Ogni guerra porta morte, distruzione e sofferenze ed \u00e8 nostro compito lavorare assieme per garantire la pace tra i popoli e risolvere i conflitti. <\/em><em>Il vostro prezioso contributo deve servire a farci riflettere sul valore della fratellanza e dell\u2019uguaglianza: dobbiamo essere bravi a costruire ponti di unione tra Paesi, sconfiggendo ogni conflitto e ricordandoci giorno dopo giorno quanto la vita sia un bene prezioso. <\/em><em>Con il vostro impegno e con quello della comunit\u00e0 Agordina e dei territori del Bellunese, riusciremo a lanciare questo messaggio di speranza e fiducia. A voi ragazzi e ai vostri insegnanti rinnovo il mio ringraziamento: siete una grande promessa per il futuro che tutti sogniamo. <\/em><em>Mi auguro di potervi incontrare al pi\u00f9 presto per ascoltare le vostre opinioni e le vostre idee e condividere con voi i valori e il desiderio di pace che vogliamo portare avanti.<\/em><\/p><\/blockquote>\n<p>&nbsp;<\/p>\n<h2><span style=\"color: #ff0000;\"><strong>DAL SITO DI RADIO PIU&#8217; &#8211; 29 MARZO 2022<\/strong><\/span><\/h2>\n<blockquote>\n<h3>LE SCUOLE DI AGORDO &#8220;PER UN MONDO DI PACE&#8221; &#8211; VIDEO<\/h3>\n<\/blockquote>\n<p><strong><a class=\"dt-pswp-item\" href=\"https:\/\/www.radiopiu.net\/wordpress\/wp-content\/uploads\/2022\/03\/PACEEE.png\" data-dt-img-description=\"\" data-large_image_width=\"481\" data-large_image_height=\"268\"><img loading=\"lazy\" decoding=\"async\" class=\"size-thumbnail wp-image-267520 alignleft\" src=\"https:\/\/www.radiopiu.net\/wordpress\/wp-content\/uploads\/2022\/03\/PACEEE-150x150.png\" alt=\"\" width=\"150\" height=\"150\" \/><\/a>AGORDO<\/strong> Gli alunni della scuola primaria (elementari) e secondaria di primo grado (medie) con i rispettivi insegnanti e il dirigente Giovanni Paolo Zanin hanno realizzato due video per lanciare un messaggio di Pace nel mondo. Iniziativa che gode del patrocinio dell&#8217;assessore all&#8217;istruzione del Comune di Agordo, Cristina Bien, tra i banchi di scuola ha portato un simbolo importante: <em>&#8220;In <a class=\"dt-pswp-item\" href=\"https:\/\/www.radiopiu.net\/wordpress\/wp-content\/uploads\/2022\/03\/mq2.jpg\" data-dt-img-description=\"\" data-large_image_width=\"320\" data-large_image_height=\"180\"><img loading=\"lazy\" decoding=\"async\" class=\"size-thumbnail wp-image-267521 alignright\" src=\"https:\/\/www.radiopiu.net\/wordpress\/wp-content\/uploads\/2022\/03\/mq2-150x150.jpg\" alt=\"\" width=\"150\" height=\"150\" \/><\/a>accordo con il dirigente scolastico &#8211; dice l&#8217;assessore &#8211; \u00e8 stata regalata la bandiera della pace da esporre alla finestra o in classe. Un semplice gesto per unirci ai ragazzi, agli insegnanti per dire in coro &#8220;no alla guerra&#8221;. I ragazzi sono il futuro del mondo, devono sognare e costruire un mondo di pace e rispetto, per farlo \u00e8 necessario studiare e riflettere&#8221;.<\/em> Con la bandiera anche la citazione di Gino Strada <em>&#8220;La guerra non si abolisce coi trattati, ma stimolando la riflessione e la cultura di tutti&#8221;.<\/em> Anche gli alunni della scuola per l&#8217;infanzia nei giorni scorsi hanno espresso il loro invito alla pace.<\/p>\n<p>&nbsp;<\/p>\n<blockquote><p><em><strong><a class=\"dt-pswp-item\" href=\"https:\/\/www.radiopiu.net\/wordpress\/wp-content\/uploads\/2022\/03\/ff756395-1611-47f4-ac9d-21b3a3454b54.jpg\" data-dt-img-description=\"\" data-large_image_width=\"1024\" data-large_image_height=\"803\"><img loading=\"lazy\" decoding=\"async\" class=\" wp-image-266302 alignleft\" src=\"https:\/\/www.radiopiu.net\/wordpress\/wp-content\/uploads\/2022\/03\/ff756395-1611-47f4-ac9d-21b3a3454b54-300x235.jpg\" alt=\"\" width=\"283\" height=\"222\" srcset=\"https:\/\/www.radiopiu.net\/wordpress\/wp-content\/uploads\/2022\/03\/ff756395-1611-47f4-ac9d-21b3a3454b54-300x235.jpg 300w, https:\/\/www.radiopiu.net\/wordpress\/wp-content\/uploads\/2022\/03\/ff756395-1611-47f4-ac9d-21b3a3454b54-768x602.jpg 768w, https:\/\/www.radiopiu.net\/wordpress\/wp-content\/uploads\/2022\/03\/ff756395-1611-47f4-ac9d-21b3a3454b54.jpg 1024w\" sizes=\"auto, (max-width: 283px) 100vw, 283px\" \/><\/a>\u201cDa qualche parte oltre l\u2019arcobaleno, il cielo \u00e8 azzurro e i sogni impossibili diventano realt\u00e0\u201d &#x1f308;<\/strong><\/em><\/p><\/blockquote>\n<p><strong>AGORDO<\/strong>\u00a0 <em>\u00a0&#8220;Anche noi bambini della scuola dell\u2019infanzia di Agordo vogliamo dire il nostro No alla guerra! Lo facciamo con un allegro arcobaleno che rappresenta anche tutte le nostre sezioni contrassegnate da un animaletto, ognuno di noi ha dipinto il proprio e le maestre hanno finito l\u2019opera aggiungendo il nome di tutti: 80\u00a0 si ad un mondo colorato di pace.<\/em><\/p>\n<p>&nbsp;<\/p>\n<p>&nbsp;<\/p>\n<p>&nbsp;<\/p>\n<p><strong>DALLA SCUOLA ELEMENTARE DI AGORDO &#8211; VIDEO &#8211;\u00a0<\/strong><\/p>\n<p>&nbsp;<\/p>\n<p><iframe loading=\"lazy\" title=\"Flash mob della PACE\" width=\"1200\" height=\"675\" src=\"https:\/\/www.youtube.com\/embed\/3XT8kWTFa7Q?feature=oembed\" frameborder=\"0\" allow=\"accelerometer; autoplay; clipboard-write; encrypted-media; gyroscope; picture-in-picture\" allowfullscreen><\/iframe><\/p>\n<p>&nbsp;<\/p>\n<p>&nbsp;<\/p>\n<p><a class=\"dt-pswp-item\" href=\"https:\/\/www.radiopiu.net\/wordpress\/wp-content\/uploads\/2022\/03\/bc023344-3ff9-4224-92b7-0a1bac232dae.jpg\" data-dt-img-description=\"\" data-large_image_width=\"1600\" data-large_image_height=\"884\"><img loading=\"lazy\" decoding=\"async\" class=\"wp-image-267518 size-medium aligncenter\" src=\"https:\/\/www.radiopiu.net\/wordpress\/wp-content\/uploads\/2022\/03\/bc023344-3ff9-4224-92b7-0a1bac232dae-300x166.jpg\" alt=\"\" width=\"300\" height=\"166\" srcset=\"https:\/\/www.radiopiu.net\/wordpress\/wp-content\/uploads\/2022\/03\/bc023344-3ff9-4224-92b7-0a1bac232dae-300x166.jpg 300w, https:\/\/www.radiopiu.net\/wordpress\/wp-content\/uploads\/2022\/03\/bc023344-3ff9-4224-92b7-0a1bac232dae-1024x566.jpg 1024w, https:\/\/www.radiopiu.net\/wordpress\/wp-content\/uploads\/2022\/03\/bc023344-3ff9-4224-92b7-0a1bac232dae-768x424.jpg 768w, https:\/\/www.radiopiu.net\/wordpress\/wp-content\/uploads\/2022\/03\/bc023344-3ff9-4224-92b7-0a1bac232dae-1536x849.jpg 1536w, https:\/\/www.radiopiu.net\/wordpress\/wp-content\/uploads\/2022\/03\/bc023344-3ff9-4224-92b7-0a1bac232dae.jpg 1600w\" sizes=\"auto, (max-width: 300px) 100vw, 300px\" \/><\/a><\/p>\n<p>&nbsp;<\/p>\n<p>&nbsp;<\/p>\n<p><strong>DALLA SCUOLA MEDIA DI AGORDO &#8211; VIDEO &#8211;\u00a0<\/strong><\/p>\n<p>&nbsp;<\/p>\n<p><iframe loading=\"lazy\" title=\"Progetto Pace Scuole Medie\" width=\"1200\" height=\"675\" src=\"https:\/\/www.youtube.com\/embed\/NErblim3hCc?feature=oembed\" frameborder=\"0\" allow=\"accelerometer; autoplay; clipboard-write; encrypted-media; gyroscope; picture-in-picture\" allowfullscreen><\/iframe><\/p>\n<p>_____<\/p>\n","protected":false},"excerpt":{"rendered":"<p>ROMA Il Ministro per il rapporti con il Parlamento Federico D&#8217;Inc\u00e0 dopo aver visto foto e video degli alunni delle scuole di Agordo ha scritto al dirigente scolastico Giovanni Paolo Zanin. Ecco il testo del messaggio. Con questo breve messaggio desidero esprimere il mio pi\u00f9 sentito ringraziamento per i messaggi di pace che avete espresso&hellip;<\/p>\n","protected":false},"author":4,"featured_media":268120,"comment_status":"closed","ping_status":"closed","sticky":false,"template":"","format":"standard","meta":{"_monsterinsights_skip_tracking":false,"_monsterinsights_sitenote_active":false,"_monsterinsights_sitenote_note":"","_monsterinsights_sitenote_category":0,"footnotes":""},"categories":[104,49],"tags":[],"class_list":["post-268119","post","type-post","status-publish","format-standard","has-post-thumbnail","hentry","category-evidenza_3","category-news-18","category-104","category-49","description-off"],"img_url":"https:\/\/www.radiopiu.net\/wordpress\/wp-content\/uploads\/2022\/03\/Schermata-2022-03-31-alle-10.40.35.png","_links":{"self":[{"href":"https:\/\/www.radiopiu.net\/wordpress\/wp-json\/wp\/v2\/posts\/268119","targetHints":{"allow":["GET"]}}],"collection":[{"href":"https:\/\/www.radiopiu.net\/wordpress\/wp-json\/wp\/v2\/posts"}],"about":[{"href":"https:\/\/www.radiopiu.net\/wordpress\/wp-json\/wp\/v2\/types\/post"}],"author":[{"embeddable":true,"href":"https:\/\/www.radiopiu.net\/wordpress\/wp-json\/wp\/v2\/users\/4"}],"replies":[{"embeddable":true,"href":"https:\/\/www.radiopiu.net\/wordpress\/wp-json\/wp\/v2\/comments?post=268119"}],"version-history":[{"count":0,"href":"https:\/\/www.radiopiu.net\/wordpress\/wp-json\/wp\/v2\/posts\/268119\/revisions"}],"wp:featuredmedia":[{"embeddable":true,"href":"https:\/\/www.radiopiu.net\/wordpress\/wp-json\/wp\/v2\/media\/268120"}],"wp:attachment":[{"href":"https:\/\/www.radiopiu.net\/wordpress\/wp-json\/wp\/v2\/media?parent=268119"}],"wp:term":[{"taxonomy":"category","embeddable":true,"href":"https:\/\/www.radiopiu.net\/wordpress\/wp-json\/wp\/v2\/categories?post=268119"},{"taxonomy":"post_tag","embeddable":true,"href":"https:\/\/www.radiopiu.net\/wordpress\/wp-json\/wp\/v2\/tags?post=268119"}],"curies":[{"name":"wp","href":"https:\/\/api.w.org\/{rel}","templated":true}]}}