{"id":268134,"date":"2022-03-31T11:04:19","date_gmt":"2022-03-31T09:04:19","guid":{"rendered":"https:\/\/www.radiopiu.net\/wordpress\/?p=268134"},"modified":"2022-04-01T06:06:28","modified_gmt":"2022-04-01T04:06:28","slug":"zottis-pd-sp-251-dimenticata-da-decenni-bene-un-tavolo-sugli-interventi-strutturali-ma-occorre-partire-subito","status":"publish","type":"post","link":"https:\/\/www.radiopiu.net\/wordpress\/zottis-pd-sp-251-dimenticata-da-decenni-bene-un-tavolo-sugli-interventi-strutturali-ma-occorre-partire-subito\/","title":{"rendered":"ZOTTIS (PD): \u201cSP 251 DIMENTICATA DA DECENNI: BENE UN TAVOLO SUGLI INTERVENTI STRUTTURALI, MA OCCORRE PARTIRE SUBITO&#8221;"},"content":{"rendered":"<p><strong><a class=\"dt-pswp-item\" href=\"https:\/\/www.radiopiu.net\/wordpress\/wp-content\/uploads\/2021\/09\/ZOTTIS-1-scaled.jpg\" data-dt-img-description=\"\" data-large_image_width=\"2560\" data-large_image_height=\"1707\"><img loading=\"lazy\" decoding=\"async\" class=\"wp-image-233263 alignleft\" src=\"https:\/\/www.radiopiu.net\/wordpress\/wp-content\/uploads\/2021\/09\/ZOTTIS-1-300x200.jpg\" alt=\"\" width=\"176\" height=\"117\" srcset=\"https:\/\/www.radiopiu.net\/wordpress\/wp-content\/uploads\/2021\/09\/ZOTTIS-1-300x200.jpg 300w, https:\/\/www.radiopiu.net\/wordpress\/wp-content\/uploads\/2021\/09\/ZOTTIS-1-1024x683.jpg 1024w, https:\/\/www.radiopiu.net\/wordpress\/wp-content\/uploads\/2021\/09\/ZOTTIS-1-768x512.jpg 768w, https:\/\/www.radiopiu.net\/wordpress\/wp-content\/uploads\/2021\/09\/ZOTTIS-1-1536x1024.jpg 1536w, https:\/\/www.radiopiu.net\/wordpress\/wp-content\/uploads\/2021\/09\/ZOTTIS-1-2048x1365.jpg 2048w\" sizes=\"auto, (max-width: 176px) 100vw, 176px\" \/><\/a>VENEZIA <\/strong><span class=\"s1\">\u201c<em>Gi\u00e0 un anno fa avevamo chiesto un tavolo tra Regione, Anas, Provincia e Comuni per discutere degli interventi strutturali sulla Sp 251, un appello caduto nel vuoto e rinnovato pochi giorni fa. Condividiamo perci\u00f2 la proposta che arriva dall\u2019assessore De Berti, ma non ci siano altri rinvii. Questo indipendentemente dai lavori di prima messa in sicurezza che devono iniziare subito, perch\u00e9 quella strada \u00e8 vitale. A meno che non si voglia far morire le valli, con i residenti che scappano e gli impianti sciistici chiusi<\/em>\u201d. Il sollecito arriva dal Partito Democratico Veneto con la vice presidente del Consiglio regionale Francesca Zottis insieme ai colleghi Giacomo Possamai, Anna Maria Bigon, Vanessa Camani, Jonatan Montanariello e Andrea Zanoni. \u201c<em>Una messa in sicurezza immediata &#8211; aggiunge &#8211; che non passa certo dai cartelli che avvisano del pericolo di caduta massi: quella \u00e8 una presa in giro<\/em>\u201d.\u00a0 <\/span><span class=\"s1\">\u201c<em>Ci sono ritardi decennali sulla Sp 251 che non possono essere imputati al passaggio da Veneto Strade ad Anas in via di completamento. \u00c8 indecente che a ogni frana la viabilit\u00e0 sia completamente bloccata.\u00a0 Se la galleria \u00e8 la soluzione individuata per eliminare i disagi, ci si attivi immediatamente per trovare le risorse, perch\u00e9 \u00e8 una strada fondamentale per chi abita in Val di Zoldo e dove transitano ogni anno migliaia di turisti, soprattutto di inverno. La montagna non \u00e8 solo Cortina e le Olimpiadi: se vogliamo contrastare lo spopolamento prima che diventi irreversibile, occorre garantire i servizi essenziali ai residenti. A partire dalla possibilit\u00e0 di andare al lavoro o a scuola in tempi decenti e in piena sicurezza<\/em>\u201d.\u00a0<\/span><\/p>\n<p>&nbsp;<\/p>\n<p>&nbsp;<\/p>\n<p>******<\/p>\n","protected":false},"excerpt":{"rendered":"<p>VENEZIA \u201cGi\u00e0 un anno fa avevamo chiesto un tavolo tra Regione, Anas, Provincia e Comuni per discutere degli interventi strutturali sulla Sp 251, un appello caduto nel vuoto e rinnovato pochi giorni fa. Condividiamo perci\u00f2 la proposta che arriva dall\u2019assessore De Berti, ma non ci siano altri rinvii. Questo indipendentemente dai lavori di prima messa&hellip;<\/p>\n","protected":false},"author":4,"featured_media":233264,"comment_status":"closed","ping_status":"closed","sticky":false,"template":"","format":"standard","meta":{"_monsterinsights_skip_tracking":false,"_monsterinsights_sitenote_active":false,"_monsterinsights_sitenote_note":"","_monsterinsights_sitenote_category":0,"footnotes":""},"categories":[51,49],"tags":[],"class_list":["post-268134","post","type-post","status-publish","format-standard","has-post-thumbnail","hentry","category-evidenza-top","category-news-18","category-51","category-49","description-off"],"img_url":"https:\/\/www.radiopiu.net\/wordpress\/wp-content\/uploads\/2021\/09\/ZOTTIS-2-scaled.jpg","_links":{"self":[{"href":"https:\/\/www.radiopiu.net\/wordpress\/wp-json\/wp\/v2\/posts\/268134","targetHints":{"allow":["GET"]}}],"collection":[{"href":"https:\/\/www.radiopiu.net\/wordpress\/wp-json\/wp\/v2\/posts"}],"about":[{"href":"https:\/\/www.radiopiu.net\/wordpress\/wp-json\/wp\/v2\/types\/post"}],"author":[{"embeddable":true,"href":"https:\/\/www.radiopiu.net\/wordpress\/wp-json\/wp\/v2\/users\/4"}],"replies":[{"embeddable":true,"href":"https:\/\/www.radiopiu.net\/wordpress\/wp-json\/wp\/v2\/comments?post=268134"}],"version-history":[{"count":0,"href":"https:\/\/www.radiopiu.net\/wordpress\/wp-json\/wp\/v2\/posts\/268134\/revisions"}],"wp:featuredmedia":[{"embeddable":true,"href":"https:\/\/www.radiopiu.net\/wordpress\/wp-json\/wp\/v2\/media\/233264"}],"wp:attachment":[{"href":"https:\/\/www.radiopiu.net\/wordpress\/wp-json\/wp\/v2\/media?parent=268134"}],"wp:term":[{"taxonomy":"category","embeddable":true,"href":"https:\/\/www.radiopiu.net\/wordpress\/wp-json\/wp\/v2\/categories?post=268134"},{"taxonomy":"post_tag","embeddable":true,"href":"https:\/\/www.radiopiu.net\/wordpress\/wp-json\/wp\/v2\/tags?post=268134"}],"curies":[{"name":"wp","href":"https:\/\/api.w.org\/{rel}","templated":true}]}}