{"id":268140,"date":"2022-04-01T05:50:25","date_gmt":"2022-04-01T03:50:25","guid":{"rendered":"https:\/\/www.radiopiu.net\/wordpress\/?p=268140"},"modified":"2022-04-01T06:00:50","modified_gmt":"2022-04-01T04:00:50","slug":"dilllo-a-radio-piu-rifiuti-abbandonati-perche-questa-incivilta","status":"publish","type":"post","link":"https:\/\/www.radiopiu.net\/wordpress\/dilllo-a-radio-piu-rifiuti-abbandonati-perche-questa-incivilta\/","title":{"rendered":"DILLLO A RADIO PIU&#8217;&#8230;RIFIUTI ABBANDONATI,  SI RIFLETTA SUL PERCHE&#8217;"},"content":{"rendered":"<p>&nbsp;<\/p>\n<p>&nbsp;<\/p>\n<p><strong><a class=\"dt-pswp-item\" href=\"https:\/\/www.radiopiu.net\/wordpress\/wp-content\/uploads\/2022\/02\/Rifiuti_abbandonati.jpg\" data-dt-img-description=\"\" data-large_image_width=\"1171\" data-large_image_height=\"642\"><img loading=\"lazy\" decoding=\"async\" class=\"size-medium wp-image-257319 alignleft\" src=\"https:\/\/www.radiopiu.net\/wordpress\/wp-content\/uploads\/2022\/02\/Rifiuti_abbandonati-300x164.jpg\" alt=\"\" width=\"300\" height=\"164\" srcset=\"https:\/\/www.radiopiu.net\/wordpress\/wp-content\/uploads\/2022\/02\/Rifiuti_abbandonati-300x164.jpg 300w, https:\/\/www.radiopiu.net\/wordpress\/wp-content\/uploads\/2022\/02\/Rifiuti_abbandonati-1024x561.jpg 1024w, https:\/\/www.radiopiu.net\/wordpress\/wp-content\/uploads\/2022\/02\/Rifiuti_abbandonati-768x421.jpg 768w, https:\/\/www.radiopiu.net\/wordpress\/wp-content\/uploads\/2022\/02\/Rifiuti_abbandonati.jpg 1171w\" sizes=\"auto, (max-width: 300px) 100vw, 300px\" \/><\/a>REDAZIONE<\/strong> Riceviamo e pubblichiamo alcune considerazioni di una nostra ascoltatrice sulla questione rifiuti abbandonati. Una riflessione importante con la speranza raggiunga le aule consigliari dei Comuni Agordini.<\/p>\n<blockquote><p><strong>LA LETTERA<\/strong><\/p>\n<p>Da un po\u2019 di tempo leggo di gesti di incivilt\u00e0,\u00a0 immondizie abbandonate qua e l\u00e0 nei boschi. Gesti che condanno, ingiustificabili. Ma interroghiamoci anche sul perch\u00e8 accadono. Il servizio di raccolta porta a porta funziona,\u00a0 il nodo dolente\u00a0 sono gli Ecocentri, nessuno escluso. Sono stati spesi molti soldi pubblici per realizzarli e sono un servizio essenziale per evitare\u00a0 atti di incivilt\u00e0,\u00a0 per\u00f2 invece di implementare questo servizio lo si sta sempre pi\u00f9 limitando e molto spesso ci si sente dire <em>\u201cquesto non lo puoi conferire<\/em> \u201c. Non dico rifiuti speciali ma semplici scarpe rotte, giochi di bambini ecc. C \u00e8 chi porta i propri rifiuti in ecocentro e poi se il deve riportare a casa, magari sulla strada del ritorno decide di liberarsene. anche per protesta. Li abbandonano in un angolo di territorio sono eventi che accadono sempre pi\u00f9 spesso e forse uno dei motivi \u00e9 anche questo. Mi sembra che ci sia un\u2019incapacit\u00e0 di gestire in maniera strategica gli ecocentri,\u00a0 bisognerebbe implementarli, ampliare il raggio di\u00a0 conferimento dando\u00a0 la possibilit\u00e0 di riciclare molto di pi\u00f9 invece di mettere inutili paletti che generano nella popolazione risentimento e rabbia. Il territorio \u00e9 di tutti ed \u0117 interesse di tutti tenerlo pulito dobbiamo metterci di impegno e riciclare il pi\u00f9 possibile ma per fare ci\u00f2 dobbiamo tener aperte pi\u00f9 porte possibili . Anche l&#8217;olio che usiamo in cucina ad esempio pu\u00f2 essere riciclato ma vorrei sapere quante famiglie lo conferiscono all\u2019eco centro e quante lo buttano negli scarichi. Il bidoncino dell\u2019olio esausto dovrebbe essere dato in dotazione come gli altri bidoni invece \u00e8 a richiesta. Mi domando perch\u00e9?<\/p><\/blockquote>\n<p>lettera firmata, S.V.<\/p>\n<p>&nbsp;<\/p>\n<p>*****<\/p>\n","protected":false},"excerpt":{"rendered":"<p>&nbsp; &nbsp; REDAZIONE Riceviamo e pubblichiamo alcune considerazioni di una nostra ascoltatrice sulla questione rifiuti abbandonati. Una riflessione importante con la speranza raggiunga le aule consigliari dei Comuni Agordini. LA LETTERA Da un po\u2019 di tempo leggo di gesti di incivilt\u00e0,\u00a0 immondizie abbandonate qua e l\u00e0 nei boschi. Gesti che condanno, ingiustificabili. Ma interroghiamoci anche&hellip;<\/p>\n","protected":false},"author":4,"featured_media":257319,"comment_status":"closed","ping_status":"closed","sticky":false,"template":"","format":"standard","meta":{"_monsterinsights_skip_tracking":false,"_monsterinsights_sitenote_active":false,"_monsterinsights_sitenote_note":"","_monsterinsights_sitenote_category":0,"footnotes":""},"categories":[51,49],"tags":[],"class_list":["post-268140","post","type-post","status-publish","format-standard","has-post-thumbnail","hentry","category-evidenza-top","category-news-18","category-51","category-49","description-off"],"img_url":"https:\/\/www.radiopiu.net\/wordpress\/wp-content\/uploads\/2022\/02\/Rifiuti_abbandonati.jpg","_links":{"self":[{"href":"https:\/\/www.radiopiu.net\/wordpress\/wp-json\/wp\/v2\/posts\/268140","targetHints":{"allow":["GET"]}}],"collection":[{"href":"https:\/\/www.radiopiu.net\/wordpress\/wp-json\/wp\/v2\/posts"}],"about":[{"href":"https:\/\/www.radiopiu.net\/wordpress\/wp-json\/wp\/v2\/types\/post"}],"author":[{"embeddable":true,"href":"https:\/\/www.radiopiu.net\/wordpress\/wp-json\/wp\/v2\/users\/4"}],"replies":[{"embeddable":true,"href":"https:\/\/www.radiopiu.net\/wordpress\/wp-json\/wp\/v2\/comments?post=268140"}],"version-history":[{"count":0,"href":"https:\/\/www.radiopiu.net\/wordpress\/wp-json\/wp\/v2\/posts\/268140\/revisions"}],"wp:featuredmedia":[{"embeddable":true,"href":"https:\/\/www.radiopiu.net\/wordpress\/wp-json\/wp\/v2\/media\/257319"}],"wp:attachment":[{"href":"https:\/\/www.radiopiu.net\/wordpress\/wp-json\/wp\/v2\/media?parent=268140"}],"wp:term":[{"taxonomy":"category","embeddable":true,"href":"https:\/\/www.radiopiu.net\/wordpress\/wp-json\/wp\/v2\/categories?post=268140"},{"taxonomy":"post_tag","embeddable":true,"href":"https:\/\/www.radiopiu.net\/wordpress\/wp-json\/wp\/v2\/tags?post=268140"}],"curies":[{"name":"wp","href":"https:\/\/api.w.org\/{rel}","templated":true}]}}