{"id":268186,"date":"2022-04-01T05:49:59","date_gmt":"2022-04-01T03:49:59","guid":{"rendered":"https:\/\/www.radiopiu.net\/wordpress\/?p=268186"},"modified":"2022-04-01T06:01:05","modified_gmt":"2022-04-01T04:01:05","slug":"dillo-a-radio-piu-capitello-danneggiato-da-tre-anni-pericolante-e-abbandonato","status":"publish","type":"post","link":"https:\/\/www.radiopiu.net\/wordpress\/dillo-a-radio-piu-capitello-danneggiato-da-tre-anni-pericolante-e-abbandonato\/","title":{"rendered":"DILLO A RADIO PIU&#8217;&#8230;CAPITELLO DANNEGGIATO DA TRE ANNI PERICOLANTE E ABBANDONATO"},"content":{"rendered":"<p><strong>Riceviamo e volentieri pubblichiamo<\/strong><\/p>\n<blockquote><p><strong>GOSALDO <\/strong>Il\u00a0 Capitello di Tiser, sulla strada che porta verso la sede dell\u2019Auser &#8220;Col Bel&#8221;,\u00a0 nel l 2018\u00a0 per una maldestra manovra \u00e8 stato urtato riportando, come si vede nelle foto, dei danni consistenti. Non voglio entrare in merito sulle colpe, distrazioni o mancata segnalazione a chi di competenza,\u00a0 oppure se i lavori di sistemazione si siano arenati. Oltretutto il cartello posto all\u2019interno, ormai fatiscente \u00e8 di per s\u00e9 esplicativo. Mi chiedo, anzi ci chiediamo: ma chi \u00e8 gi\u00e0 a conoscenza o chi passa cosa potr\u00e0 mai pensare se non quella dello stato di abbandono di quelle opere il cui valore oltre che morale \u00e8 anche religioso e ricorda chi in passato ha diligentemente costruito? Anche nelle piccole cose si nota la superficialit\u00e0 \u00a0e lo \u00a0stato di abbandono delle nostre splendide vallate nonch\u00e8 la dimenticanza delle tradizioni.<\/p><\/blockquote>\n<p>Guido<\/p>\n\n\t\t\t<style type='text\/css'>\n\t\t\t\t#gallery-1 {\n\t\t\t\t\tmargin: auto;\n\t\t\t\t}\n\t\t\t\t#gallery-1 .gallery-item {\n\t\t\t\t\tfloat: left;\n\t\t\t\t\tmargin-top: 10px;\n\t\t\t\t\ttext-align: center;\n\t\t\t\t\twidth: 50%;\n\t\t\t\t}\n\t\t\t\t#gallery-1 img {\n\t\t\t\t\tborder: 2px solid #cfcfcf;\n\t\t\t\t}\n\t\t\t\t#gallery-1 .gallery-caption {\n\t\t\t\t\tmargin-left: 0;\n\t\t\t\t}\n\t\t\t\t\/* see gallery_shortcode() in wp-includes\/media.php *\/\n\t\t\t<\/style>\n\t\t<div id='gallery-1' class='dt-gallery-container gallery galleryid-268186 gallery-columns-2 gallery-size-medium'><dl class='gallery-item'>\n\t\t\t\t<dt class='gallery-icon portrait'>\n\t\t\t\t\t<a class=\"rollover rollover-zoom dt-pswp-item\" title=\"Capitello1\" data-dt-img-description=\"\" data-large_image_width=\"1211\" data-large_image_height=\"2560\"href='https:\/\/www.radiopiu.net\/wordpress\/wp-content\/uploads\/2022\/03\/Capitello1-scaled.jpg'><img loading=\"lazy\" decoding=\"async\" width=\"142\" height=\"300\" src=\"https:\/\/www.radiopiu.net\/wordpress\/wp-content\/uploads\/2022\/03\/Capitello1-142x300.jpg\" class=\"attachment-medium size-medium\" alt=\"\" srcset=\"https:\/\/www.radiopiu.net\/wordpress\/wp-content\/uploads\/2022\/03\/Capitello1-142x300.jpg 142w, https:\/\/www.radiopiu.net\/wordpress\/wp-content\/uploads\/2022\/03\/Capitello1-485x1024.jpg 485w, https:\/\/www.radiopiu.net\/wordpress\/wp-content\/uploads\/2022\/03\/Capitello1-768x1623.jpg 768w, https:\/\/www.radiopiu.net\/wordpress\/wp-content\/uploads\/2022\/03\/Capitello1-727x1536.jpg 727w, https:\/\/www.radiopiu.net\/wordpress\/wp-content\/uploads\/2022\/03\/Capitello1-969x2048.jpg 969w, https:\/\/www.radiopiu.net\/wordpress\/wp-content\/uploads\/2022\/03\/Capitello1-scaled.jpg 1211w\" sizes=\"auto, (max-width: 142px) 100vw, 142px\" \/><\/a>\n\t\t\t\t<\/dt><\/dl><dl class='gallery-item'>\n\t\t\t\t<dt class='gallery-icon portrait'>\n\t\t\t\t\t<a class=\"rollover rollover-zoom dt-pswp-item\" title=\"Capitello2\" data-dt-img-description=\"\" data-large_image_width=\"1211\" data-large_image_height=\"2560\"href='https:\/\/www.radiopiu.net\/wordpress\/wp-content\/uploads\/2022\/03\/Capitello2-scaled.jpg'><img loading=\"lazy\" decoding=\"async\" width=\"142\" height=\"300\" src=\"https:\/\/www.radiopiu.net\/wordpress\/wp-content\/uploads\/2022\/03\/Capitello2-142x300.jpg\" class=\"attachment-medium size-medium\" alt=\"\" srcset=\"https:\/\/www.radiopiu.net\/wordpress\/wp-content\/uploads\/2022\/03\/Capitello2-142x300.jpg 142w, https:\/\/www.radiopiu.net\/wordpress\/wp-content\/uploads\/2022\/03\/Capitello2-485x1024.jpg 485w, https:\/\/www.radiopiu.net\/wordpress\/wp-content\/uploads\/2022\/03\/Capitello2-768x1623.jpg 768w, https:\/\/www.radiopiu.net\/wordpress\/wp-content\/uploads\/2022\/03\/Capitello2-727x1536.jpg 727w, https:\/\/www.radiopiu.net\/wordpress\/wp-content\/uploads\/2022\/03\/Capitello2-969x2048.jpg 969w, https:\/\/www.radiopiu.net\/wordpress\/wp-content\/uploads\/2022\/03\/Capitello2-scaled.jpg 1211w\" sizes=\"auto, (max-width: 142px) 100vw, 142px\" \/><\/a>\n\t\t\t\t<\/dt><\/dl><br style=\"clear: both\" \/>\n\t\t\t<\/div>\n\n","protected":false},"excerpt":{"rendered":"<p>Riceviamo e volentieri pubblichiamo GOSALDO Il\u00a0 Capitello di Tiser, sulla strada che porta verso la sede dell\u2019Auser &#8220;Col Bel&#8221;,\u00a0 nel l 2018\u00a0 per una maldestra manovra \u00e8 stato urtato riportando, come si vede nelle foto, dei danni consistenti. Non voglio entrare in merito sulle colpe, distrazioni o mancata segnalazione a chi di competenza,\u00a0 oppure se&hellip;<\/p>\n","protected":false},"author":4,"featured_media":268190,"comment_status":"closed","ping_status":"closed","sticky":false,"template":"","format":"standard","meta":{"_monsterinsights_skip_tracking":false,"_monsterinsights_sitenote_active":false,"_monsterinsights_sitenote_note":"","_monsterinsights_sitenote_category":0,"footnotes":""},"categories":[51,49],"tags":[],"class_list":["post-268186","post","type-post","status-publish","format-standard","has-post-thumbnail","hentry","category-evidenza-top","category-news-18","category-51","category-49","description-off"],"img_url":"https:\/\/www.radiopiu.net\/wordpress\/wp-content\/uploads\/2022\/03\/CAPIT-1.jpg","_links":{"self":[{"href":"https:\/\/www.radiopiu.net\/wordpress\/wp-json\/wp\/v2\/posts\/268186","targetHints":{"allow":["GET"]}}],"collection":[{"href":"https:\/\/www.radiopiu.net\/wordpress\/wp-json\/wp\/v2\/posts"}],"about":[{"href":"https:\/\/www.radiopiu.net\/wordpress\/wp-json\/wp\/v2\/types\/post"}],"author":[{"embeddable":true,"href":"https:\/\/www.radiopiu.net\/wordpress\/wp-json\/wp\/v2\/users\/4"}],"replies":[{"embeddable":true,"href":"https:\/\/www.radiopiu.net\/wordpress\/wp-json\/wp\/v2\/comments?post=268186"}],"version-history":[{"count":0,"href":"https:\/\/www.radiopiu.net\/wordpress\/wp-json\/wp\/v2\/posts\/268186\/revisions"}],"wp:featuredmedia":[{"embeddable":true,"href":"https:\/\/www.radiopiu.net\/wordpress\/wp-json\/wp\/v2\/media\/268190"}],"wp:attachment":[{"href":"https:\/\/www.radiopiu.net\/wordpress\/wp-json\/wp\/v2\/media?parent=268186"}],"wp:term":[{"taxonomy":"category","embeddable":true,"href":"https:\/\/www.radiopiu.net\/wordpress\/wp-json\/wp\/v2\/categories?post=268186"},{"taxonomy":"post_tag","embeddable":true,"href":"https:\/\/www.radiopiu.net\/wordpress\/wp-json\/wp\/v2\/tags?post=268186"}],"curies":[{"name":"wp","href":"https:\/\/api.w.org\/{rel}","templated":true}]}}