{"id":268227,"date":"2022-04-02T05:57:11","date_gmt":"2022-04-02T03:57:11","guid":{"rendered":"https:\/\/www.radiopiu.net\/wordpress\/?p=268227"},"modified":"2022-04-02T06:58:09","modified_gmt":"2022-04-02T04:58:09","slug":"giornale-radiopiu-02-aprile-2022-direttore-mirko-mezzacasa","status":"publish","type":"post","link":"https:\/\/www.radiopiu.net\/wordpress\/giornale-radiopiu-02-aprile-2022-direttore-mirko-mezzacasa\/","title":{"rendered":"GIORNALE RADIOPIU 02 APRILE 2022 DIRETTORE MIRKO MEZZACASA"},"content":{"rendered":"<h3 class=\"kvgmc6g5 cxmmr5t8 oygrvhab hcukyx3x c1et5uql\"><span style=\"color: #0000ff;\"><strong><a class=\"dt-pswp-item\" href=\"https:\/\/www.radiopiu.net\/wordpress\/wp-content\/uploads\/2022\/04\/th.jpg\" data-dt-img-description=\"\" data-large_image_width=\"326\" data-large_image_height=\"194\"><img loading=\"lazy\" decoding=\"async\" class=\"size-medium wp-image-268433 alignleft\" src=\"https:\/\/www.radiopiu.net\/wordpress\/wp-content\/uploads\/2022\/04\/th-300x179.jpg\" alt=\"\" width=\"300\" height=\"179\" srcset=\"https:\/\/www.radiopiu.net\/wordpress\/wp-content\/uploads\/2022\/04\/th-300x179.jpg 300w, https:\/\/www.radiopiu.net\/wordpress\/wp-content\/uploads\/2022\/04\/th.jpg 326w\" sizes=\"auto, (max-width: 300px) 100vw, 300px\" \/><\/a>INFORMAZIONE il canale su TELEGRAM informazione di prima\u00a0 <\/strong><\/span><span style=\"color: #0000ff;\"><strong>mano e in tempo reale. iscriviti ed aiutaci a farlo conoscere\u00a0<\/strong><\/span><\/h3>\n<p><strong>FINE DELLO STATO DI EMERGENZA: RIMODULAZIONE ORARIO CALL CENTER COVID<\/strong><\/p>\n<p><strong>Con la fine dello stato di emergenza, da oggi il call center dedicato all\u2019emergenza Covid 0437\/514343<\/strong><br \/>\n<strong>sar\u00e0 attivo tutti i giorni dalle 8.00 alle 18.00. <\/strong><\/p>\n<p><strong>E<\/strong><strong>&#8216; <\/strong>stato disattivato il protocollo d&#8217;intesa relativo alla possibilit\u00e0 di eseguire gratuitamente presso le Farmacie del territorio i tamponi di fine isolamento. Le persone che devono eseguire a 7 o 10 giorni il tampone di fine isolamento possono ottenere gratuitamente la prestazione presso i Covid Point dell&#8217;Ulss, previa prenotazione sul sito www.aulss1.veneto.it.\u00a0 In caso di difficolt\u00e0 di prenotazione, in queste prime giornate di nuova operativit\u00e0 \u00e8 consentito l&#8217;accesso diretto ai Covid Point dell&#8217;ULSS con la prescrizione del medico di famiglia o del Dipartimento di Prevenzione.\u00a0 \u00a0I contatti di caso non devono, se asintomatici, eseguire tamponi di sorveglianza, ma semplicemente osservare, per 5 giorni, l&#8217;auto-sorveglianza e indossare, per 10 giorni, la mascherina FFP2.<\/p>\n<p>&nbsp;<\/p>\n<hr \/>\n<p>&nbsp;<\/p>\n<p><strong>LA RICORRENZA, &#8220;LOTTO&#8217; PER LA PACE&#8221;<\/strong><\/p>\n<p><strong><a class=\"dt-pswp-item\" href=\"https:\/\/www.radiopiu.net\/wordpress\/wp-content\/uploads\/2022\/04\/c3697201-fa4a-421b-88c1-3c670494094e.jpg\" data-dt-img-description=\"\" data-large_image_width=\"189\" data-large_image_height=\"267\"><img loading=\"lazy\" decoding=\"async\" class=\"wp-image-268449 alignright\" src=\"https:\/\/www.radiopiu.net\/wordpress\/wp-content\/uploads\/2022\/04\/c3697201-fa4a-421b-88c1-3c670494094e.jpg\" alt=\"\" width=\"121\" height=\"171\" \/><\/a>di Loris Serafini<\/strong><\/p>\n<p>Cento anni fa come ieri moriva l&#8217;ultimo imperatore d&#8217;Austria-Ungheria, il Beato Carlo d&#8217;Asburgo, che govern\u00f2 le nostre terre per circa un anno dal 1917 al 1918 dopo gli eventi di Caporetto, quando Albino Luciani aveva poco pi\u00f9 di 5 anni. A questo Uomo di grande fede e sensibilit\u00e0, che lott\u00f2 per la Pace e la pacificazione dell&#8217;Europa, a fianco di papa Benedetto XV &#8211; che defin\u00ec la Guerra una &#8220;inutile strage&#8221; &#8211; chiediamo l&#8217;intercessione per la fine delle assurde e sacrileghe ostilit\u00e0 che bagnano di sangue il continente europeo in Ucraina e molte terre del mondo.<\/p>\n<p>&nbsp;<\/p>\n<p>&nbsp;<\/p>\n<p>&nbsp;<\/p>\n<hr \/>\n<p>&nbsp;<\/p>\n<blockquote>\n<h3 dir=\"auto\">SITUAZIONE SULLA SP 251, MINACCIATA DA UN ENORME SASSO<\/h3>\n<\/blockquote>\n<div dir=\"auto\"><strong><a class=\"dt-pswp-item\" href=\"https:\/\/www.radiopiu.net\/wordpress\/wp-content\/uploads\/2022\/04\/277759942_348026507366028_8204121446505774110_n.jpg\" data-dt-img-description=\"\" data-large_image_width=\"585\" data-large_image_height=\"417\"><img loading=\"lazy\" decoding=\"async\" class=\"size-medium wp-image-268443 alignleft\" src=\"https:\/\/www.radiopiu.net\/wordpress\/wp-content\/uploads\/2022\/04\/277759942_348026507366028_8204121446505774110_n-300x214.jpg\" alt=\"\" width=\"300\" height=\"214\" srcset=\"https:\/\/www.radiopiu.net\/wordpress\/wp-content\/uploads\/2022\/04\/277759942_348026507366028_8204121446505774110_n-300x214.jpg 300w, https:\/\/www.radiopiu.net\/wordpress\/wp-content\/uploads\/2022\/04\/277759942_348026507366028_8204121446505774110_n.jpg 585w\" sizes=\"auto, (max-width: 300px) 100vw, 300px\" \/><\/a><\/strong><\/div>\n<div dir=\"auto\"><\/div>\n<div dir=\"auto\"><strong>DA VENETO STRADE<\/strong><\/div>\n<div dir=\"auto\">Sono iniziate le operazioni di pulizia e messa in sicurezza della strada nel tratto rovinato dagli incendi di queste settimane. Ci vorr\u00e0 ancora qualche giorno per riaprirla in sicurezza. Come si vede a circa 200 metri sul ciglio della strada a Soffranco c\u2019\u00e8 un masso enorme che va monitorato e va fatto cadere. Su questo aspetto stanno lavorando geologi tecnici e personale di Veneto Strade.<\/div>\n<p>&nbsp;<\/p>\n<p>&nbsp;<\/p>\n<blockquote class=\"wp-embedded-content\" data-secret=\"GU3FEIAzxx\"><p><a href=\"https:\/\/www.radiopiu.net\/wordpress\/lantica-strada-tra-agordo-e-zoldo\/\">L&#8217;ANTICA STRADA TRA AGORDO E ZOLDO<\/a><\/p><\/blockquote>\n<p><iframe loading=\"lazy\" class=\"wp-embedded-content\" sandbox=\"allow-scripts\" security=\"restricted\" style=\"position: absolute; clip: rect(1px, 1px, 1px, 1px);\" title=\"&#8220;L&#8217;ANTICA STRADA TRA AGORDO E ZOLDO&#8221; &#8212; Radio Pi\u00f9\" src=\"https:\/\/www.radiopiu.net\/wordpress\/lantica-strada-tra-agordo-e-zoldo\/embed\/#?secret=jZJjjxWsf3#?secret=GU3FEIAzxx\" data-secret=\"GU3FEIAzxx\" width=\"600\" height=\"338\" frameborder=\"0\" marginwidth=\"0\" marginheight=\"0\" scrolling=\"no\"><\/iframe><\/p>\n<p>&nbsp;<\/p>\n<hr \/>\n<p>&nbsp;<\/p>\n<blockquote>\n<h3>ACQUA NON POTABILE IN ALCUNE ZONE DI CENCENIGHE<\/h3>\n<\/blockquote>\n<p><a class=\"dt-pswp-item\" href=\"https:\/\/www.radiopiu.net\/wordpress\/wp-content\/uploads\/2018\/08\/ACQUA.jpeg\" data-dt-img-description=\"\" data-large_image_width=\"1280\" data-large_image_height=\"768\"><img loading=\"lazy\" decoding=\"async\" class=\"wp-image-57052 alignleft\" src=\"https:\/\/www.radiopiu.net\/wordpress\/wp-content\/uploads\/2018\/08\/ACQUA-300x180.jpeg\" alt=\"\" width=\"140\" height=\"84\" srcset=\"https:\/\/www.radiopiu.net\/wordpress\/wp-content\/uploads\/2018\/08\/ACQUA-300x180.jpeg 300w, https:\/\/www.radiopiu.net\/wordpress\/wp-content\/uploads\/2018\/08\/ACQUA-768x461.jpeg 768w, https:\/\/www.radiopiu.net\/wordpress\/wp-content\/uploads\/2018\/08\/ACQUA-1024x614.jpeg 1024w, https:\/\/www.radiopiu.net\/wordpress\/wp-content\/uploads\/2018\/08\/ACQUA.jpeg 1280w\" sizes=\"auto, (max-width: 140px) 100vw, 140px\" \/><\/a>Gestione Servizi Pubblici informa che a CENCENIGHE AGORDINO nelle LOCALITA&#8217; FAE&#8217;, VARE BASSE E LUXOTTICA, l&#8217;acqua erogata dall&#8217;acquedotto non \u00e8 potabile e pu\u00f2 essere usata per scopi alimentari SOLO PREVIA bollitura. GSP ha, comunque, gi\u00e0 adottato le necessarie misure per la disinfezione dell&#8217;acqua presente nei serbatoi e nella rete idrica con l&#8217;aggiunta di cloro.<\/p>\n<p>&nbsp;<\/p>\n<p>&nbsp;<\/p>\n<p>&nbsp;<\/p>\n<hr \/>\n<p>&nbsp;<\/p>\n<blockquote>\n<h3>TRAVOLTO MENTRE ANDAVA AL LAVORO, LASCIA 5 FIGLI<\/h3>\n<blockquote>\n<h3><em>Era ingaggiato tramite un&#8217;agenzia interinale dalla ditta bellunese Plurisplendor<\/em><\/h3>\n<\/blockquote>\n<p><strong>di\u00a0 MORENO GIOLI<\/strong><\/p>\n<audio class=\"wp-audio-shortcode\" id=\"audio-268227-1\" preload=\"none\" style=\"width: 100%;\" controls=\"controls\"><source type=\"audio\/mpeg\" src=\"https:\/\/www.radiopiu.net\/wordpress\/wp-content\/uploads\/2022\/04\/GIOLI-INCIDFENTE.mp3?_=1\" \/><a href=\"https:\/\/www.radiopiu.net\/wordpress\/wp-content\/uploads\/2022\/04\/GIOLI-INCIDFENTE.mp3\">https:\/\/www.radiopiu.net\/wordpress\/wp-content\/uploads\/2022\/04\/GIOLI-INCIDFENTE.mp3<\/a><\/audio>\n<p>&nbsp;<\/p>\n<p style=\"text-align: left;\"><strong><a class=\"dt-pswp-item\" href=\"https:\/\/www.radiopiu.net\/wordpress\/wp-content\/uploads\/2022\/04\/MORTO.jpg\" data-dt-img-description=\"\" data-large_image_width=\"68\" data-large_image_height=\"79\"><img loading=\"lazy\" decoding=\"async\" class=\"size-full wp-image-268437 alignleft\" src=\"https:\/\/www.radiopiu.net\/wordpress\/wp-content\/uploads\/2022\/04\/MORTO.jpg\" alt=\"\" width=\"68\" height=\"79\" \/><\/a>TRICHIANA<\/strong> Ieri attorno alle 7.15 un uomo di 48 anni\u00a0 \u00e8 stato investito in prossimit\u00e0 del ponte San Felice di Trichiana. Portato in ospedale \u00e8 morto poco dopo. L&#8217;uomo Serigne Balla Gaye. di nazionalit\u00e0 senegalese risulta residente a Cordignano, ma probabilmente era domiciliato in zona, forse si stava recando o tornava dal lavoro. Ad investirlo una Fiat Doblo&#8217; condotta da un uomo che non ha esitato a chiamare immediatamente i soccorsi.\u00a0 Al vaglio della Polstrada di Belluno la ricostruzione dell&#8217;incidente. Sul posto anche i vigili del fuoco di Belluno. (foto corrierealpi)<\/p>\n<p>&nbsp;<\/p><\/blockquote>\n<hr \/>\n<p>&nbsp;<\/p>\n<blockquote>\n<h3>OGGI I FUNERALI DI FABIO DE ZORZI<\/h3>\n<\/blockquote>\n<p><strong><a class=\"dt-pswp-item\" href=\"https:\/\/www.radiopiu.net\/wordpress\/wp-content\/uploads\/2022\/04\/Schermata-2022-04-01-alle-10.04.31.png\" data-dt-img-description=\"\" data-large_image_width=\"378\" data-large_image_height=\"476\"><img loading=\"lazy\" decoding=\"async\" class=\" wp-image-268279 alignleft\" src=\"https:\/\/www.radiopiu.net\/wordpress\/wp-content\/uploads\/2022\/04\/Schermata-2022-04-01-alle-10.04.31-238x300.png\" alt=\"\" width=\"119\" height=\"150\" srcset=\"https:\/\/www.radiopiu.net\/wordpress\/wp-content\/uploads\/2022\/04\/Schermata-2022-04-01-alle-10.04.31-238x300.png 238w, https:\/\/www.radiopiu.net\/wordpress\/wp-content\/uploads\/2022\/04\/Schermata-2022-04-01-alle-10.04.31.png 378w\" sizes=\"auto, (max-width: 119px) 100vw, 119px\" \/><\/a> <\/strong><\/p>\n<p><strong>\u00a0<\/strong><\/p>\n<p><strong>LA VALLE<\/strong> A soli 52 anni anni Fabio De Zorzi ci ha lasciati. A darne l&#8217;annuncio la mamma, il pap\u00e0, il fratello, la nuora, i nipoti con i famigliari. Oggi alle 14:30 presso la chiesa parrocchiale di La Valle la cerimonia funebre. Un abbraccio alla famiglia De Zorzi anche dalla redazione di Radio Pi\u00f9 in questo momento di dolore.<\/p>\n<p>&nbsp;<\/p>\n<p>&nbsp;<\/p>\n<p>&nbsp;<\/p>\n<hr \/>\n<p>&nbsp;<\/p>\n<blockquote>\n<h3 class=\"entry-title\">DALL\u2019AGORDINO A MILANO, LACRIME PER FABIO<\/h3>\n<\/blockquote>\n<p><strong class=\"photoswipe-wrapper\"><a class=\"dt-pswp-item pspw-wrap-ready\" href=\"https:\/\/www.radiopiu.net\/wordpress\/wp-content\/uploads\/2022\/04\/619bd8d3-1479-44a8-b42b-c1d4f949a59c.jpg\" data-dt-img-description=\"\" data-large_image_width=\"1080\" data-large_image_height=\"1440\"><img loading=\"lazy\" decoding=\"async\" class=\" wp-image-268282 alignleft\" src=\"https:\/\/www.radiopiu.net\/wordpress\/wp-content\/uploads\/2022\/04\/619bd8d3-1479-44a8-b42b-c1d4f949a59c-225x300.jpg\" sizes=\"auto, (max-width: 123px) 100vw, 123px\" srcset=\"https:\/\/www.radiopiu.net\/wordpress\/wp-content\/uploads\/2022\/04\/619bd8d3-1479-44a8-b42b-c1d4f949a59c-225x300.jpg 225w, https:\/\/www.radiopiu.net\/wordpress\/wp-content\/uploads\/2022\/04\/619bd8d3-1479-44a8-b42b-c1d4f949a59c-768x1024.jpg 768w, https:\/\/www.radiopiu.net\/wordpress\/wp-content\/uploads\/2022\/04\/619bd8d3-1479-44a8-b42b-c1d4f949a59c.jpg 1080w\" alt=\"\" width=\"123\" height=\"164\" \/><\/a><\/strong><\/p>\n<p><strong>REDAZIONE<\/strong> Fabio Folli &#8220;ragiunat&#8221;, il ragioniere. Se n&#8217;\u00e8 andato improvvisamente a soli 52 anni\u00a0 lasciando la compagna Nadia De Marco, la mamma Liliana, il pap\u00e0 Giuseppe, Ennio e Stefania,\u00a0 gli amici dell&#8217;Agordino e di Milano nel totale sconforto. Fabio, le montagne della vallata le aveva conosciute grazie al grande amore per l&#8217;hockey su ghiaccio. Da sempre portacolori del Milano veniva ad Alleghe per seguire la sua squadra in trasferta. Poi l&#8217;amore, quello ancora pi\u00f9 vero lo ha fermato nell&#8217;Agordino. Ragioniere di professione, all&#8217;Appia di Agordo, alla Kaio Scavi e quindi negli uffici di Avoscan. Una perdita immensa per chi resta. Gli amici della Curva del Milano:<em> &#8220;Siamo in lutto per la scomparsa di Fabio Folli a tutti noto col soprannome di \u201cRagiunat\u201d (il ragioniere). Anche se da alcuni anni si era trasferito ad Agordo, Fabio era sempre rimasto in contatto con la Curva e coi tantissimi amici coi quali era legato all\u2019hockey. Aver appreso dell\u2019incredibile velocit\u00e0 con cui la malattia se l\u2019\u00e8 portato via \u00e8 ulteriore motivo di sofferenza per tutti coloro che hanno condiviso tanti momenti in curva a Milano ed in trasferta. Ciao Fabio, adesso veglia su di noi insieme ai nostri angeli&#8221;.<\/em> Eccome se Fabio si era ben inserito nella comunit\u00e0 di Agordo, alle ultime elezioni era candidato a consigliere comunale con la lista del candidato a sindaco Paolo Selva Moretti. A chi resta, un forte abbraccio da tutta la Radio Pi\u00f9.<\/p>\n<p><strong>IL RICORDO DI PAOLO SELVA MORETTI<\/strong><\/p>\n<audio class=\"wp-audio-shortcode\" id=\"audio-268227-2\" preload=\"none\" style=\"width: 100%;\" controls=\"controls\"><source type=\"audio\/mpeg\" src=\"https:\/\/www.radiopiu.net\/wordpress\/wp-content\/uploads\/2022\/04\/paolo-selva.mp3?_=2\" \/><a href=\"https:\/\/www.radiopiu.net\/wordpress\/wp-content\/uploads\/2022\/04\/paolo-selva.mp3\">https:\/\/www.radiopiu.net\/wordpress\/wp-content\/uploads\/2022\/04\/paolo-selva.mp3<\/a><\/audio>\n<blockquote><p><em>I Funerali di Fabio si terranno lunedi 4 aprile alle 14.30 nella chiesa Arcidiaconale di Agordo. La famiglia ringrazia i medici e il personale del reparto di rianimazione dell&#8217;ospedale San Martino di Belluno<\/em><\/p><\/blockquote>\n<p>&nbsp;<\/p>\n<p><strong>DAL CORRIERE DELLE ALPI, GIANNI SANTOMASO<\/strong><\/p>\n<audio class=\"wp-audio-shortcode\" id=\"audio-268227-3\" preload=\"none\" style=\"width: 100%;\" controls=\"controls\"><source type=\"audio\/mpeg\" src=\"https:\/\/www.radiopiu.net\/wordpress\/wp-content\/uploads\/2022\/04\/FABIO-FOLLI.mp3?_=3\" \/><a href=\"https:\/\/www.radiopiu.net\/wordpress\/wp-content\/uploads\/2022\/04\/FABIO-FOLLI.mp3\">https:\/\/www.radiopiu.net\/wordpress\/wp-content\/uploads\/2022\/04\/FABIO-FOLLI.mp3<\/a><\/audio>\n<p>&nbsp;<\/p>\n<hr \/>\n<p>&nbsp;<\/p>\n<blockquote>\n<h3>ARRESTATO IN POLONIA UN MAROCCHINO CHE AVEVA AGGREDITO UNA DONNA A SEREN DEL GRAPPA<\/h3>\n<\/blockquote>\n<p><strong><img loading=\"lazy\" decoding=\"async\" class=\"alignleft\" src=\"https:\/\/www.radiopiu.net\/wordpress\/wp-content\/uploads\/2018\/06\/polizia.jpg\" width=\"247\" height=\"140\" \/>BELLUNO E&#8217;<\/strong> stato arrestato in Polonia Mohamed Lamghari, marocchino di 32 anni, catturato e scomparso dal territorio nazionale. L&#8217;11 novembre 2011 si era reso responsabile di una efferata rapina in abitazione ai danni di una donna a Seren del Grappa. L&#8217;uomo si era presentato alla vittima come un venditore ambulante, ma le sue intenzioni erano ben diverse. Nell&#8217;occasione <a class=\"dt-pswp-item\" href=\"https:\/\/www.radiopiu.net\/wordpress\/wp-content\/uploads\/2022\/04\/asdasdasd.jpg\" data-dt-img-description=\"\" data-large_image_width=\"74\" data-large_image_height=\"106\"><img loading=\"lazy\" decoding=\"async\" class=\"size-full wp-image-268440 alignright\" src=\"https:\/\/www.radiopiu.net\/wordpress\/wp-content\/uploads\/2022\/04\/asdasdasd.jpg\" alt=\"\" width=\"74\" height=\"106\" \/><\/a>la parte offesa era stata percossa al capo con un pesante posacenere, legata polsi e caviglie, riportando lesioni con 40 giorni di prognosi. Il rapinatore si era dato alla fuga asportando denaro contante e monili e, al fine di impedire alla donna di chiamare soccorsi nell&#8217;immediate, aveva reciso i cavi telefonici della sua abitazione e asportato il cellulare. La vicenda all&#8217;epoca era stata seguita dall&#8217;Arma dei Carabinieri che aveva portato all&#8217;identificazione dell&#8217;uomo. La vicenda processuale era terminata con l&#8217;emissione di un ordine di carcerazione a carico del soggetto a 7 anni di reclusione per i reati di rapina aggravata e lesioni personali gravi. Il provvedimento era stato esteso in ambito Shengen dalla Procura di Belluno nel 2016, attraverso l&#8217;emissione di un mandate d&#8217;arresto europeo. L&#8217;attivit\u00e0 sela Sezione della Squadra Mobile della Questura, ha permesso di acquisire importanti informazioni tali individuare Jaworzno come probabile dimora del ricercato, una cittadina del sud della Polonia nella regione della Slesia. Attraverso un software per la comparazione fisiognomica con le fotografie dell&#8217;epoca, in cui il soggetto era ancora minorenne, sono state messe a confronto con le attuali, trovandone piena corrispondenza. I costanti contatti della Squadra Mobile con il Servizio per la Cooperazione Intemazionale di Polizia hanno consentito di informare i collaterali organi di polizia polacca di quanto acquisito. Il 28 marzo scorso infatti, Lamghari \u00e8 stato individuato ed arrestato in attesa di consegna proprio nella citta di Jaworzno.<\/p>\n<p>&nbsp;<\/p>\n<hr \/>\n<p>&nbsp;<\/p>\n<blockquote>\n<h3>DOPO I FURTI NELLE AUTO PRESE DI MIRA LE ABITAZIONI<\/h3>\n<\/blockquote>\n<p><strong><img loading=\"lazy\" decoding=\"async\" class=\"alignleft\" src=\"https:\/\/www.radiopiu.net\/wordpress\/wp-content\/uploads\/2021\/02\/Ladri-e-vandali-a-Borca-2-1.jpg\" width=\"238\" height=\"143\" \/>SANTA GIUSTINA<\/strong> Ieri mattina nemmeno il tempo di rendere noti i furti alle auto in zona Sospirolo che sulla pagina facebook di Radio Pi\u00f9 veniva dato un altro allarme &#8220;Questa notte i ladri sono stati a Santa Giustina, non hanno preso di mira le auto, ma un&#8217;abitazione&#8221;. Purtroppo tutto vero e non era un pesce d&#8217;aprile. Per entrare in casa i malviventi hanno forato la porta finestra per poi avere accesso alla maniglia, come gi\u00e0 rilevato alcuni giorni fa in un analogo furto nel feltrino. Sfacciati fino all&#8217;osso i ladri, capaci di entrare in casa mentre i proprietari, figli piccoli compresi, dormivano, ma se ne sono andati con soli 25 euro. In un&#8217;attivit\u00e0 commerciale \u00e8 andata un po&#8217; meglio avendo trovato un po&#8217; di soldi nel registratore di cassa.<\/p>\n<p>&nbsp;<\/p>\n<p>&nbsp;<\/p>\n<hr \/>\n<p>&nbsp;<\/p>\n<blockquote>\n<h3>INCENDIO DI SOFFRANCO, DANNI COLLATERALI<\/h3>\n<\/blockquote>\n<blockquote><p><strong><em>Pezzi di storia in fumo<\/em><\/strong><\/p><\/blockquote>\n<p><strong>VAL DI ZOLDO<\/strong> Chi ringraziare per questa devastazione? Se lo stanno chiedendo i proprietari delle casere divorate dalle fiamme, comunque devastate. Lo aveva detto una mattina nel corso della rassegna stampa il sindaco di Longarone Roberto Padrin<em> &#8220;Le fiamme stanno girando, non vorrei raggiungessero la zona delle casere&#8221; <\/em>In effetti mai previsione fu tanto azzeccata, ma la conferma \u00e8 arrivata stamane dal sindaco di Val di Zoldo Camillo De Pellegrin che ha pubblicato le prime fotografie dal luogo dell&#8217;incendio dove \u00e8 stata raggiunta, dopo giorni di fuoco, la zona della casere. Le foto raccontano il resto.<\/p>\n\n\t\t\t<style type='text\/css'>\n\t\t\t\t#gallery-1 {\n\t\t\t\t\tmargin: auto;\n\t\t\t\t}\n\t\t\t\t#gallery-1 .gallery-item {\n\t\t\t\t\tfloat: left;\n\t\t\t\t\tmargin-top: 10px;\n\t\t\t\t\ttext-align: center;\n\t\t\t\t\twidth: 33%;\n\t\t\t\t}\n\t\t\t\t#gallery-1 img {\n\t\t\t\t\tborder: 2px solid #cfcfcf;\n\t\t\t\t}\n\t\t\t\t#gallery-1 .gallery-caption {\n\t\t\t\t\tmargin-left: 0;\n\t\t\t\t}\n\t\t\t\t\/* see gallery_shortcode() in wp-includes\/media.php *\/\n\t\t\t<\/style>\n\t\t<div id='gallery-1' class='dt-gallery-container gallery galleryid-268227 gallery-columns-3 gallery-size-thumbnail'><dl class='gallery-item'>\n\t\t\t\t<dt class='gallery-icon landscape'>\n\t\t\t\t\t<a class=\"rollover rollover-zoom dt-pswp-item\" title=\"277678570_4926733194106673_4789569424924603186_n\" data-dt-img-description=\"\" data-large_image_width=\"1984\" data-large_image_height=\"1120\"href='https:\/\/www.radiopiu.net\/wordpress\/wp-content\/uploads\/2022\/04\/277678570_4926733194106673_4789569424924603186_n.jpg'><img loading=\"lazy\" decoding=\"async\" width=\"150\" height=\"150\" src=\"https:\/\/www.radiopiu.net\/wordpress\/wp-content\/uploads\/2022\/04\/277678570_4926733194106673_4789569424924603186_n-150x150.jpg\" class=\"attachment-thumbnail size-thumbnail\" alt=\"\" \/><\/a>\n\t\t\t\t<\/dt><\/dl><dl class='gallery-item'>\n\t\t\t\t<dt class='gallery-icon portrait'>\n\t\t\t\t\t<a class=\"rollover rollover-zoom dt-pswp-item\" title=\"277759473_4926733110773348_785686014360268972_n\" data-dt-img-description=\"\" data-large_image_width=\"903\" data-large_image_height=\"1600\"href='https:\/\/www.radiopiu.net\/wordpress\/wp-content\/uploads\/2022\/04\/277759473_4926733110773348_785686014360268972_n.jpg'><img loading=\"lazy\" decoding=\"async\" width=\"150\" height=\"150\" src=\"https:\/\/www.radiopiu.net\/wordpress\/wp-content\/uploads\/2022\/04\/277759473_4926733110773348_785686014360268972_n-150x150.jpg\" class=\"attachment-thumbnail size-thumbnail\" alt=\"\" \/><\/a>\n\t\t\t\t<\/dt><\/dl><dl class='gallery-item'>\n\t\t\t\t<dt class='gallery-icon portrait'>\n\t\t\t\t\t<a class=\"rollover rollover-zoom dt-pswp-item\" title=\"277573313_4926733397439986_416956157823238744_n\" data-dt-img-description=\"\" data-large_image_width=\"903\" data-large_image_height=\"1600\"href='https:\/\/www.radiopiu.net\/wordpress\/wp-content\/uploads\/2022\/04\/277573313_4926733397439986_416956157823238744_n.jpg'><img loading=\"lazy\" decoding=\"async\" width=\"150\" height=\"150\" src=\"https:\/\/www.radiopiu.net\/wordpress\/wp-content\/uploads\/2022\/04\/277573313_4926733397439986_416956157823238744_n-150x150.jpg\" class=\"attachment-thumbnail size-thumbnail\" alt=\"\" \/><\/a>\n\t\t\t\t<\/dt><\/dl><br style=\"clear: both\" \/><dl class='gallery-item'>\n\t\t\t\t<dt class='gallery-icon landscape'>\n\t\t\t\t\t<a class=\"rollover rollover-zoom dt-pswp-item\" title=\"277564586_4926733017440024_7565996784180692725_n\" data-dt-img-description=\"\" data-large_image_width=\"1600\" data-large_image_height=\"903\"href='https:\/\/www.radiopiu.net\/wordpress\/wp-content\/uploads\/2022\/04\/277564586_4926733017440024_7565996784180692725_n.jpg'><img loading=\"lazy\" decoding=\"async\" width=\"150\" height=\"150\" src=\"https:\/\/www.radiopiu.net\/wordpress\/wp-content\/uploads\/2022\/04\/277564586_4926733017440024_7565996784180692725_n-150x150.jpg\" class=\"attachment-thumbnail size-thumbnail\" alt=\"\" \/><\/a>\n\t\t\t\t<\/dt><\/dl><dl class='gallery-item'>\n\t\t\t\t<dt class='gallery-icon portrait'>\n\t\t\t\t\t<a class=\"rollover rollover-zoom dt-pswp-item\" title=\"277572643_4926733230773336_3993008424190743954_n\" data-dt-img-description=\"\" data-large_image_width=\"903\" data-large_image_height=\"1600\"href='https:\/\/www.radiopiu.net\/wordpress\/wp-content\/uploads\/2022\/04\/277572643_4926733230773336_3993008424190743954_n.jpg'><img loading=\"lazy\" decoding=\"async\" width=\"150\" height=\"150\" src=\"https:\/\/www.radiopiu.net\/wordpress\/wp-content\/uploads\/2022\/04\/277572643_4926733230773336_3993008424190743954_n-150x150.jpg\" class=\"attachment-thumbnail size-thumbnail\" alt=\"\" \/><\/a>\n\t\t\t\t<\/dt><\/dl><dl class='gallery-item'>\n\t\t\t\t<dt class='gallery-icon portrait'>\n\t\t\t\t\t<a class=\"rollover rollover-zoom dt-pswp-item\" title=\"277587913_4926733127440013_1639763216194707737_n\" data-dt-img-description=\"\" data-large_image_width=\"903\" data-large_image_height=\"1600\"href='https:\/\/www.radiopiu.net\/wordpress\/wp-content\/uploads\/2022\/04\/277587913_4926733127440013_1639763216194707737_n.jpg'><img loading=\"lazy\" decoding=\"async\" width=\"150\" height=\"150\" src=\"https:\/\/www.radiopiu.net\/wordpress\/wp-content\/uploads\/2022\/04\/277587913_4926733127440013_1639763216194707737_n-150x150.jpg\" class=\"attachment-thumbnail size-thumbnail\" alt=\"\" \/><\/a>\n\t\t\t\t<\/dt><\/dl><br style=\"clear: both\" \/>\n\t\t\t<\/div>\n\n<p>&nbsp;<\/p>\n<hr \/>\n<p>&nbsp;<\/p>\n<blockquote>\n<h3>SOSPIROLO VICINO ALLA FAMIGLIA CHE HA PERSO TUTTO NELL&#8217;INCENDIO<\/h3>\n<\/blockquote>\n<p>&nbsp;<\/p>\n<p><strong><a class=\"dt-pswp-item\" href=\"https:\/\/www.radiopiu.net\/wordpress\/wp-content\/uploads\/2022\/03\/9a1da76c-b566-412f-979e-bbe44161dcc6.jpg\" data-dt-img-description=\"\" data-large_image_width=\"720\" data-large_image_height=\"504\"><img loading=\"lazy\" decoding=\"async\" class=\"wp-image-267797 alignleft\" src=\"https:\/\/www.radiopiu.net\/wordpress\/wp-content\/uploads\/2022\/03\/9a1da76c-b566-412f-979e-bbe44161dcc6-300x210.jpg\" alt=\"\" width=\"181\" height=\"127\" srcset=\"https:\/\/www.radiopiu.net\/wordpress\/wp-content\/uploads\/2022\/03\/9a1da76c-b566-412f-979e-bbe44161dcc6-300x210.jpg 300w, https:\/\/www.radiopiu.net\/wordpress\/wp-content\/uploads\/2022\/03\/9a1da76c-b566-412f-979e-bbe44161dcc6.jpg 720w\" sizes=\"auto, (max-width: 181px) 100vw, 181px\" \/><\/a>SOSPIROLO<\/strong><\/p>\n<p><strong>DI DAMIANO TORMEN<\/strong><\/p>\n<p><strong>AUDIO<\/strong><\/p>\n<audio class=\"wp-audio-shortcode\" id=\"audio-268227-4\" preload=\"none\" style=\"width: 100%;\" controls=\"controls\"><source type=\"audio\/mpeg\" src=\"https:\/\/www.radiopiu.net\/wordpress\/wp-content\/uploads\/2022\/04\/DAMIANO.mp3?_=4\" \/><a href=\"https:\/\/www.radiopiu.net\/wordpress\/wp-content\/uploads\/2022\/04\/DAMIANO.mp3\">https:\/\/www.radiopiu.net\/wordpress\/wp-content\/uploads\/2022\/04\/DAMIANO.mp3<\/a><\/audio>\n<p>&nbsp;<\/p>\n<p>&nbsp;<\/p>\n<p>&nbsp;<\/p>\n<hr \/>\n<p>&nbsp;<\/p>\n<blockquote>\n<h3>BELLUNO E L&#8217;ITALIA PERDE IL MARCHIO ACC,\u00a0 FIRMATO L&#8217;ACCORDO DI VENDITA<\/h3>\n<\/blockquote>\n<p><strong><a class=\"dt-pswp-item\" href=\"https:\/\/www.radiopiu.net\/wordpress\/wp-content\/uploads\/2022\/04\/3c14a0b2-c9af-4c6b-b30a-e032d01e964d.jpg\" data-dt-img-description=\"\" data-large_image_width=\"2000\" data-large_image_height=\"1128\"><img loading=\"lazy\" decoding=\"async\" class=\"wp-image-268322 alignleft\" src=\"https:\/\/www.radiopiu.net\/wordpress\/wp-content\/uploads\/2022\/04\/3c14a0b2-c9af-4c6b-b30a-e032d01e964d-300x169.jpg\" alt=\"\" width=\"216\" height=\"122\" srcset=\"https:\/\/www.radiopiu.net\/wordpress\/wp-content\/uploads\/2022\/04\/3c14a0b2-c9af-4c6b-b30a-e032d01e964d-300x169.jpg 300w, https:\/\/www.radiopiu.net\/wordpress\/wp-content\/uploads\/2022\/04\/3c14a0b2-c9af-4c6b-b30a-e032d01e964d-1024x578.jpg 1024w, https:\/\/www.radiopiu.net\/wordpress\/wp-content\/uploads\/2022\/04\/3c14a0b2-c9af-4c6b-b30a-e032d01e964d-768x433.jpg 768w, https:\/\/www.radiopiu.net\/wordpress\/wp-content\/uploads\/2022\/04\/3c14a0b2-c9af-4c6b-b30a-e032d01e964d-1536x866.jpg 1536w, https:\/\/www.radiopiu.net\/wordpress\/wp-content\/uploads\/2022\/04\/3c14a0b2-c9af-4c6b-b30a-e032d01e964d.jpg 2000w\" sizes=\"auto, (max-width: 216px) 100vw, 216px\" \/><\/a>BORGO VALBELLUNA<\/strong> Il proprietario della bengalese Walton ha firmato, dall&#8217;altra parte il commissario straordinario Maurizio Castro. L&#8217;accordo sancisce la vendita\u00a0 dell&#8217;intera linea Acc. L&#8217;amaro in bocca resta, il marchio non \u00e8 pi\u00f9 di Mel, o Borgo Valbelluna, ma nemmeno della Provincia o della Nazione. Che il proprietario assicuri che il brand rimanga tale \u00e8 una magra consolazione. I macchinari vanno in Bangladesh e alcuni dipendenti verranno reintegrati, almeno per il periodo di formazione.<\/p>\n<p><strong>di Moreno Gioli\u00a0<\/strong><\/p>\n<audio class=\"wp-audio-shortcode\" id=\"audio-268227-5\" preload=\"none\" style=\"width: 100%;\" controls=\"controls\"><source type=\"audio\/mpeg\" src=\"https:\/\/www.radiopiu.net\/wordpress\/wp-content\/uploads\/2022\/04\/moreno-acc.mp3?_=5\" \/><a href=\"https:\/\/www.radiopiu.net\/wordpress\/wp-content\/uploads\/2022\/04\/moreno-acc.mp3\">https:\/\/www.radiopiu.net\/wordpress\/wp-content\/uploads\/2022\/04\/moreno-acc.mp3<\/a><\/audio>\n<p>&nbsp;<\/p>\n<p><strong><a class=\"dt-pswp-item\" href=\"https:\/\/www.radiopiu.net\/wordpress\/wp-content\/uploads\/2021\/11\/Maurizio-Castro-e-nuovamente-commissario-di-Acc-Wanbao_articleimage.jpg\" data-dt-img-description=\"\" data-large_image_width=\"500\" data-large_image_height=\"334\"><img loading=\"lazy\" decoding=\"async\" class=\"wp-image-244315 alignleft\" src=\"https:\/\/www.radiopiu.net\/wordpress\/wp-content\/uploads\/2021\/11\/Maurizio-Castro-e-nuovamente-commissario-di-Acc-Wanbao_articleimage-300x200.jpg\" alt=\"\" width=\"204\" height=\"136\" srcset=\"https:\/\/www.radiopiu.net\/wordpress\/wp-content\/uploads\/2021\/11\/Maurizio-Castro-e-nuovamente-commissario-di-Acc-Wanbao_articleimage-300x200.jpg 300w, https:\/\/www.radiopiu.net\/wordpress\/wp-content\/uploads\/2021\/11\/Maurizio-Castro-e-nuovamente-commissario-di-Acc-Wanbao_articleimage.jpg 500w\" sizes=\"auto, (max-width: 204px) 100vw, 204px\" \/><\/a>L&#8217;AMMINISTRATORE STRAORDINARIO MAURIZIO CASTRO<\/strong><em> &#8220;Hanno ragione gli amici del sindacato, qui non si festeggia niente, ma si prende atto che una situazione che poteva essere insidiosa con il rischio di rottamare o svendere&#8230;ma pagheremo i debiti, lavoratori compresi&#8221;<\/em><\/p>\n<audio class=\"wp-audio-shortcode\" id=\"audio-268227-6\" preload=\"none\" style=\"width: 100%;\" controls=\"controls\"><source type=\"audio\/mpeg\" src=\"https:\/\/www.radiopiu.net\/wordpress\/wp-content\/uploads\/2022\/04\/CATRO.mp3?_=6\" \/><a href=\"https:\/\/www.radiopiu.net\/wordpress\/wp-content\/uploads\/2022\/04\/CATRO.mp3\">https:\/\/www.radiopiu.net\/wordpress\/wp-content\/uploads\/2022\/04\/CATRO.mp3<\/a><\/audio>\n<p>&nbsp;<\/p>\n<p><strong><a class=\"dt-pswp-item\" href=\"https:\/\/www.radiopiu.net\/wordpress\/wp-content\/uploads\/2022\/04\/ed61c115-98de-4d90-abec-00ee71efe37b.jpg\" data-dt-img-description=\"\" data-large_image_width=\"2000\" data-large_image_height=\"1128\"><img loading=\"lazy\" decoding=\"async\" class=\"wp-image-268323 alignleft\" src=\"https:\/\/www.radiopiu.net\/wordpress\/wp-content\/uploads\/2022\/04\/ed61c115-98de-4d90-abec-00ee71efe37b-300x169.jpg\" alt=\"\" width=\"206\" height=\"116\" srcset=\"https:\/\/www.radiopiu.net\/wordpress\/wp-content\/uploads\/2022\/04\/ed61c115-98de-4d90-abec-00ee71efe37b-300x169.jpg 300w, https:\/\/www.radiopiu.net\/wordpress\/wp-content\/uploads\/2022\/04\/ed61c115-98de-4d90-abec-00ee71efe37b-1024x578.jpg 1024w, https:\/\/www.radiopiu.net\/wordpress\/wp-content\/uploads\/2022\/04\/ed61c115-98de-4d90-abec-00ee71efe37b-768x433.jpg 768w, https:\/\/www.radiopiu.net\/wordpress\/wp-content\/uploads\/2022\/04\/ed61c115-98de-4d90-abec-00ee71efe37b-1536x866.jpg 1536w, https:\/\/www.radiopiu.net\/wordpress\/wp-content\/uploads\/2022\/04\/ed61c115-98de-4d90-abec-00ee71efe37b.jpg 2000w\" sizes=\"auto, (max-width: 206px) 100vw, 206px\" \/><\/a>LA NUOVA PROPRIETA&#8217; WALTON GROUP &#8211; GOLAM MURSHED<em>\u00a0<\/em><\/strong><em>&#8220;Siamo contenti di poter produrre il compressore K per aprire anche ad altre possibilit\u00e0&#8221;<\/em><\/p>\n<audio class=\"wp-audio-shortcode\" id=\"audio-268227-7\" preload=\"none\" style=\"width: 100%;\" controls=\"controls\"><source type=\"audio\/mpeg\" src=\"https:\/\/www.radiopiu.net\/wordpress\/wp-content\/uploads\/2022\/04\/ACC2walton-group-golam-murshed.mp3?_=7\" \/><a href=\"https:\/\/www.radiopiu.net\/wordpress\/wp-content\/uploads\/2022\/04\/ACC2walton-group-golam-murshed.mp3\">https:\/\/www.radiopiu.net\/wordpress\/wp-content\/uploads\/2022\/04\/ACC2walton-group-golam-murshed.mp3<\/a><\/audio>\n<p>&nbsp;<\/p>\n<p><strong><a class=\"dt-pswp-item\" href=\"https:\/\/www.radiopiu.net\/wordpress\/wp-content\/uploads\/2019\/09\/stefano-cesa-1977.jpg\" data-dt-img-description=\"\" data-large_image_width=\"100\" data-large_image_height=\"100\"><img loading=\"lazy\" decoding=\"async\" class=\"size-full wp-image-100552 alignleft\" src=\"https:\/\/www.radiopiu.net\/wordpress\/wp-content\/uploads\/2019\/09\/stefano-cesa-1977.jpg\" alt=\"\" width=\"100\" height=\"100\" \/><\/a>IL SINDACO DI BORGO VALBELLUNA STEFANO CESA\u00a0<em>\u00a0<\/em><\/strong><em>&#8220;Una paese due crisi, una lunga esperienza che si trascina da anni massacrando il territorio, adesso vediamo nuovi modelli, la collaborazione \u00e8 fondamentale anche con il gruppo Walton&#8221;<\/em><\/p>\n<audio class=\"wp-audio-shortcode\" id=\"audio-268227-8\" preload=\"none\" style=\"width: 100%;\" controls=\"controls\"><source type=\"audio\/mpeg\" src=\"https:\/\/www.radiopiu.net\/wordpress\/wp-content\/uploads\/2022\/04\/ACCCESA.mp3?_=8\" \/><a href=\"https:\/\/www.radiopiu.net\/wordpress\/wp-content\/uploads\/2022\/04\/ACCCESA.mp3\">https:\/\/www.radiopiu.net\/wordpress\/wp-content\/uploads\/2022\/04\/ACCCESA.mp3<\/a><\/audio>\n<p>&nbsp;<\/p>\n<p><strong><a class=\"dt-pswp-item\" href=\"https:\/\/www.radiopiu.net\/wordpress\/wp-content\/uploads\/2021\/06\/Cestaro.jpeg\" data-dt-img-description=\"\" data-large_image_width=\"1022\" data-large_image_height=\"1007\"><img loading=\"lazy\" decoding=\"async\" class=\"wp-image-214182 alignleft\" src=\"https:\/\/www.radiopiu.net\/wordpress\/wp-content\/uploads\/2021\/06\/Cestaro-300x296.jpeg\" alt=\"\" width=\"102\" height=\"100\" srcset=\"https:\/\/www.radiopiu.net\/wordpress\/wp-content\/uploads\/2021\/06\/Cestaro-300x296.jpeg 300w, https:\/\/www.radiopiu.net\/wordpress\/wp-content\/uploads\/2021\/06\/Cestaro-768x757.jpeg 768w, https:\/\/www.radiopiu.net\/wordpress\/wp-content\/uploads\/2021\/06\/Cestaro.jpeg 1022w\" sizes=\"auto, (max-width: 102px) 100vw, 102px\" \/><\/a>IL CONSIGLIERE REGIONALE SILVIA CESTARO<\/strong> <em>&#8220;Alcuni operai verranno assunti per la formazione. La cosa bella \u00e8 che si \u00e8 finalmente trovata una risposta nel bene o nel male c&#8217;\u00e8 un nuovo punto di partenza per chi ha creduto fino all&#8217;ultimo in questa azienda&#8221;<\/em><\/p>\n<audio class=\"wp-audio-shortcode\" id=\"audio-268227-9\" preload=\"none\" style=\"width: 100%;\" controls=\"controls\"><source type=\"audio\/mpeg\" src=\"https:\/\/www.radiopiu.net\/wordpress\/wp-content\/uploads\/2022\/04\/cestaro.mp3?_=9\" \/><a href=\"https:\/\/www.radiopiu.net\/wordpress\/wp-content\/uploads\/2022\/04\/cestaro.mp3\">https:\/\/www.radiopiu.net\/wordpress\/wp-content\/uploads\/2022\/04\/cestaro.mp3<\/a><\/audio>\n<p>&nbsp;<\/p>\n<p>&nbsp;<\/p>\n<hr \/>\n<p>&nbsp;<\/p>\n<blockquote>\n<h2>LA SEDE DELLA CROCE BIANCA DOPO 12 ANNI TORNA ALLA COMUNITA&#8217;<\/h2>\n<\/blockquote>\n<p><strong><img loading=\"lazy\" decoding=\"async\" class=\"alignleft\" src=\"https:\/\/www.radiopiu.net\/wordpress\/wp-content\/uploads\/2020\/06\/CHIESA-ARABBA-scaled.jpg\" width=\"179\" height=\"134\" \/><\/strong><\/p>\n<p><strong>LIVINALLONGO<\/strong> La tormentata vicenda anche giudiziaria, inziata nel 2010 \u00e8 finalmente terminata. La sede delle Croce Bianca torna nella piena disponibilit\u00e0 del Comune e della comunit\u00e0. Impegno preso dal sindaco Leandro Grones e ora giunto a conclusione.<\/p>\n<p><strong>IL SINDACO LEANDRO GRONES<\/strong><\/p>\n<audio class=\"wp-audio-shortcode\" id=\"audio-268227-10\" preload=\"none\" style=\"width: 100%;\" controls=\"controls\"><source type=\"audio\/mpeg\" src=\"https:\/\/www.radiopiu.net\/wordpress\/wp-content\/uploads\/2022\/04\/LEANDRO.mp3?_=10\" \/><a href=\"https:\/\/www.radiopiu.net\/wordpress\/wp-content\/uploads\/2022\/04\/LEANDRO.mp3\">https:\/\/www.radiopiu.net\/wordpress\/wp-content\/uploads\/2022\/04\/LEANDRO.mp3<\/a><\/audio>\n<p>&nbsp;<\/p>\n<p>&nbsp;<\/p>\n<hr \/>\n<p>&nbsp;<\/p>\n<blockquote>\n<h3>COVID NELLE SCUOLE, 7 CLASSI IN PIU&#8217; IN AUTOMONITORAGGIO NELL&#8217;ULTIMA SETTIMANA<\/h3>\n<\/blockquote>\n<p><strong><img loading=\"lazy\" decoding=\"async\" class=\"alignleft\" src=\"https:\/\/www.radiopiu.net\/wordpress\/wp-content\/uploads\/2021\/08\/Ex-scuola-Luzzo-scaled.jpg\" width=\"217\" height=\"122\" \/>BELLUNO<\/strong>\u00a0 Consueto punto settimanale del team scuola della Ulss1 che rileva un lieve aumento delle classi coinvolte in relazione ad una ripresa epidemica Covid. Aumento delle classi in quarantena, aspetto che evidenzia la presenza di contagi multipli principalmente nelle scuole secondarie (2 o + casi per istituti secondari di I\u00b0 o II\u00b0 grado).<\/p>\n<p>Asili e infanzie 7 classi in auto monitoraggio 1 in quarantena, Primarie 26-3, Secondarie primo grado 20-10, secondarie secondo grado 30-6. Totale 83 classi in auto monitoraggio 20 in quarantena (+7)<\/p>\n<p><strong>TOTALE SOGGETTI ATTUALMENTE IN CARICO<\/strong>: 360 (+ 1494 in auto monitoraggio) scuola dell\u2019infanzia 18 (+126 in auto monitoraggio) primarie 54 (+468 in auto monitoraggio) secondarie di I\u00b0 grado 180 (+ 360 in auto monitoraggio) secondarie di II\u00b0 grado 108 (+ 540 in auto monitoraggio)<\/p>\n<p>&nbsp;<\/p>\n<p>&nbsp;<\/p>\n<hr \/>\n<p>&nbsp;<\/p>\n<p>&nbsp;<\/p>\n<blockquote class=\"wp-embedded-content\" data-secret=\"otrl2Pxk7A\"><p><a href=\"https:\/\/www.radiopiu.net\/wordpress\/ag01aprile01\/\">CORONAVIRUS: AGGIORNAMENTO NAZIONALE  01APRILE 2022<\/a><\/p><\/blockquote>\n<p><iframe loading=\"lazy\" class=\"wp-embedded-content\" sandbox=\"allow-scripts\" security=\"restricted\" style=\"position: absolute; clip: rect(1px, 1px, 1px, 1px);\" title=\"&#8220;CORONAVIRUS: AGGIORNAMENTO NAZIONALE  01APRILE 2022&#8221; &#8212; Radio Pi\u00f9\" src=\"https:\/\/www.radiopiu.net\/wordpress\/ag01aprile01\/embed\/#?secret=582s8rTyA4#?secret=otrl2Pxk7A\" data-secret=\"otrl2Pxk7A\" width=\"600\" height=\"338\" frameborder=\"0\" marginwidth=\"0\" marginheight=\"0\" scrolling=\"no\"><\/iframe><\/p>\n<p>&nbsp;<\/p>\n<blockquote class=\"wp-embedded-content\" data-secret=\"xWN2K5fx5c\"><p><a href=\"https:\/\/www.radiopiu.net\/wordpress\/aggaprile01\/\">AUMENTANO I RICOVERI IN AREA NON CRITICA, 11 DECESSI E 7333 NUOVI POSITIVI NELLE ULTIME 24 ORE IN VENETO<\/a><\/p><\/blockquote>\n<p><iframe loading=\"lazy\" class=\"wp-embedded-content\" sandbox=\"allow-scripts\" security=\"restricted\" style=\"position: absolute; clip: rect(1px, 1px, 1px, 1px);\" title=\"&#8220;AUMENTANO I RICOVERI IN AREA NON CRITICA, 11 DECESSI E 7333 NUOVI POSITIVI NELLE ULTIME 24 ORE IN VENETO&#8221; &#8212; Radio Pi\u00f9\" src=\"https:\/\/www.radiopiu.net\/wordpress\/aggaprile01\/embed\/#?secret=3PLHR1dY5H#?secret=xWN2K5fx5c\" data-secret=\"xWN2K5fx5c\" width=\"600\" height=\"338\" frameborder=\"0\" marginwidth=\"0\" marginheight=\"0\" scrolling=\"no\"><\/iframe><\/p>\n<p>&nbsp;<\/p>\n<h2 dir=\"auto\">I GRAFICI DI TIZIANO DE COL<\/h2>\n<p>&nbsp;<\/p>\n\n\t\t\t<style type='text\/css'>\n\t\t\t\t#gallery-2 {\n\t\t\t\t\tmargin: auto;\n\t\t\t\t}\n\t\t\t\t#gallery-2 .gallery-item {\n\t\t\t\t\tfloat: left;\n\t\t\t\t\tmargin-top: 10px;\n\t\t\t\t\ttext-align: center;\n\t\t\t\t\twidth: 33%;\n\t\t\t\t}\n\t\t\t\t#gallery-2 img {\n\t\t\t\t\tborder: 2px solid #cfcfcf;\n\t\t\t\t}\n\t\t\t\t#gallery-2 .gallery-caption {\n\t\t\t\t\tmargin-left: 0;\n\t\t\t\t}\n\t\t\t\t\/* see gallery_shortcode() in wp-includes\/media.php *\/\n\t\t\t<\/style>\n\t\t<div id='gallery-2' class='dt-gallery-container gallery galleryid-268227 gallery-columns-3 gallery-size-thumbnail'><dl class='gallery-item'>\n\t\t\t\t<dt class='gallery-icon landscape'>\n\t\t\t\t\t<a class=\"rollover rollover-zoom dt-pswp-item\" title=\"078e3319-c482-44ed-93e2-94a8682852ac\" data-dt-img-description=\"\" data-large_image_width=\"601\" data-large_image_height=\"367\"href='https:\/\/www.radiopiu.net\/wordpress\/wp-content\/uploads\/2022\/04\/078e3319-c482-44ed-93e2-94a8682852ac.jpg'><img loading=\"lazy\" decoding=\"async\" width=\"150\" height=\"150\" src=\"https:\/\/www.radiopiu.net\/wordpress\/wp-content\/uploads\/2022\/04\/078e3319-c482-44ed-93e2-94a8682852ac-150x150.jpg\" class=\"attachment-thumbnail size-thumbnail\" alt=\"\" \/><\/a>\n\t\t\t\t<\/dt><\/dl><dl class='gallery-item'>\n\t\t\t\t<dt class='gallery-icon landscape'>\n\t\t\t\t\t<a class=\"rollover rollover-zoom dt-pswp-item\" title=\"f4b7ff1b-8552-4118-94eb-4ed7340de0bd\" data-dt-img-description=\"\" data-large_image_width=\"607\" data-large_image_height=\"369\"href='https:\/\/www.radiopiu.net\/wordpress\/wp-content\/uploads\/2022\/04\/f4b7ff1b-8552-4118-94eb-4ed7340de0bd.jpg'><img loading=\"lazy\" decoding=\"async\" width=\"150\" height=\"150\" src=\"https:\/\/www.radiopiu.net\/wordpress\/wp-content\/uploads\/2022\/04\/f4b7ff1b-8552-4118-94eb-4ed7340de0bd-150x150.jpg\" class=\"attachment-thumbnail size-thumbnail\" alt=\"\" \/><\/a>\n\t\t\t\t<\/dt><\/dl><dl class='gallery-item'>\n\t\t\t\t<dt class='gallery-icon landscape'>\n\t\t\t\t\t<a class=\"rollover rollover-zoom dt-pswp-item\" title=\"83fcdfd4-022e-43cc-89fb-ef16711b938b\" data-dt-img-description=\"\" data-large_image_width=\"606\" data-large_image_height=\"359\"href='https:\/\/www.radiopiu.net\/wordpress\/wp-content\/uploads\/2022\/04\/83fcdfd4-022e-43cc-89fb-ef16711b938b.jpg'><img loading=\"lazy\" decoding=\"async\" width=\"150\" height=\"150\" src=\"https:\/\/www.radiopiu.net\/wordpress\/wp-content\/uploads\/2022\/04\/83fcdfd4-022e-43cc-89fb-ef16711b938b-150x150.jpg\" class=\"attachment-thumbnail size-thumbnail\" alt=\"\" \/><\/a>\n\t\t\t\t<\/dt><\/dl><br style=\"clear: both\" \/><dl class='gallery-item'>\n\t\t\t\t<dt class='gallery-icon landscape'>\n\t\t\t\t\t<a class=\"rollover rollover-zoom dt-pswp-item\" title=\"75bd87e5-2896-4bf2-b34a-9a2fb631db42\" data-dt-img-description=\"\" data-large_image_width=\"612\" data-large_image_height=\"358\"href='https:\/\/www.radiopiu.net\/wordpress\/wp-content\/uploads\/2022\/04\/75bd87e5-2896-4bf2-b34a-9a2fb631db42.jpg'><img loading=\"lazy\" decoding=\"async\" width=\"150\" height=\"150\" src=\"https:\/\/www.radiopiu.net\/wordpress\/wp-content\/uploads\/2022\/04\/75bd87e5-2896-4bf2-b34a-9a2fb631db42-150x150.jpg\" class=\"attachment-thumbnail size-thumbnail\" alt=\"\" \/><\/a>\n\t\t\t\t<\/dt><\/dl><dl class='gallery-item'>\n\t\t\t\t<dt class='gallery-icon landscape'>\n\t\t\t\t\t<a class=\"rollover rollover-zoom dt-pswp-item\" title=\"8f51a117-7a16-4eed-aa13-33d1c7821933\" data-dt-img-description=\"\" data-large_image_width=\"610\" data-large_image_height=\"367\"href='https:\/\/www.radiopiu.net\/wordpress\/wp-content\/uploads\/2022\/04\/8f51a117-7a16-4eed-aa13-33d1c7821933.jpg'><img loading=\"lazy\" decoding=\"async\" width=\"150\" height=\"150\" src=\"https:\/\/www.radiopiu.net\/wordpress\/wp-content\/uploads\/2022\/04\/8f51a117-7a16-4eed-aa13-33d1c7821933-150x150.jpg\" class=\"attachment-thumbnail size-thumbnail\" alt=\"\" \/><\/a>\n\t\t\t\t<\/dt><\/dl><dl class='gallery-item'>\n\t\t\t\t<dt class='gallery-icon landscape'>\n\t\t\t\t\t<a class=\"rollover rollover-zoom dt-pswp-item\" title=\"33be3bf4-ac1d-464a-be00-8379c5822eb0\" data-dt-img-description=\"\" data-large_image_width=\"604\" data-large_image_height=\"358\"href='https:\/\/www.radiopiu.net\/wordpress\/wp-content\/uploads\/2022\/04\/33be3bf4-ac1d-464a-be00-8379c5822eb0.jpg'><img loading=\"lazy\" decoding=\"async\" width=\"150\" height=\"150\" src=\"https:\/\/www.radiopiu.net\/wordpress\/wp-content\/uploads\/2022\/04\/33be3bf4-ac1d-464a-be00-8379c5822eb0-150x150.jpg\" class=\"attachment-thumbnail size-thumbnail\" alt=\"\" \/><\/a>\n\t\t\t\t<\/dt><\/dl><br style=\"clear: both\" \/>\n\t\t\t<\/div>\n\n<p>&nbsp;<\/p>\n<hr \/>\n<p>&nbsp;<\/p>\n<blockquote>\n<h3><a class=\"dt-pswp-item\" href=\"https:\/\/www.radiopiu.net\/wordpress\/wp-content\/uploads\/2022\/03\/BANNER-SOLIDARIETA-UCRAINA-3.png\" data-dt-img-description=\"\" data-large_image_width=\"855\" data-large_image_height=\"543\"><img loading=\"lazy\" decoding=\"async\" class=\" wp-image-263645 alignleft\" src=\"https:\/\/www.radiopiu.net\/wordpress\/wp-content\/uploads\/2022\/03\/BANNER-SOLIDARIETA-UCRAINA-3-300x191.png\" alt=\"\" width=\"253\" height=\"161\" srcset=\"https:\/\/www.radiopiu.net\/wordpress\/wp-content\/uploads\/2022\/03\/BANNER-SOLIDARIETA-UCRAINA-3-300x191.png 300w, https:\/\/www.radiopiu.net\/wordpress\/wp-content\/uploads\/2022\/03\/BANNER-SOLIDARIETA-UCRAINA-3-768x488.png 768w, https:\/\/www.radiopiu.net\/wordpress\/wp-content\/uploads\/2022\/03\/BANNER-SOLIDARIETA-UCRAINA-3.png 855w\" sizes=\"auto, (max-width: 253px) 100vw, 253px\" \/><\/a>EMERGENZA UCRAINA IN VENETO,\u00a0 \u00a0I NUMERI<\/h3>\n<\/blockquote>\n<p><strong>VENEZIA<\/strong> Il numero degli arrivi registrato in Veneto dalle Prefetture \u00e8 pari a 11.089 profughi provenienti dall\u2019Ucraina. Le tessere sanitarie STP (straniero temporaneamente presente) rilasciate sono 11.119 di cui\u00a0 993 in provincia di Belluno. I tamponi effettuati complessivamente sono stati 19.655 (+357) con un tasso di positivit\u00e0 al 3,4%.\u00a0 Le vaccinazioni effettuate sono complessivamente 3.193. I profughi ospitati negli hub di prima accoglienza della Regione del Veneto sono complessivamente 255 mentre sono 175\u00a0 i profughi presenti da oltre 5 giorni negli hub regionali di prima accoglienza dove, da inizio emergenza, sono stati ospitati complessivamente 905 persone.<\/p>\n<p>&nbsp;<\/p>\n<hr \/>\n<p>&nbsp;<\/p>\n<blockquote>\n<h3>RINNOVO DELLE RSU DI TUTTO IL PUBBLICO IMPIEGO. SI ANDR\u00c0 AL VOTO IL 5-6-7 APRILE<\/h3>\n<\/blockquote>\n<p><strong><a class=\"dt-pswp-item\" href=\"https:\/\/www.radiopiu.net\/wordpress\/wp-content\/uploads\/2022\/04\/Lorella-Benvegnu\u0300-Consiglio.jpeg\" data-dt-img-description=\"\" data-large_image_width=\"1600\" data-large_image_height=\"1200\"><img loading=\"lazy\" decoding=\"async\" class=\" wp-image-268298 alignleft\" src=\"https:\/\/www.radiopiu.net\/wordpress\/wp-content\/uploads\/2022\/04\/Lorella-Benvegnu\u0300-Consiglio-300x225.jpeg\" alt=\"\" width=\"155\" height=\"116\" srcset=\"https:\/\/www.radiopiu.net\/wordpress\/wp-content\/uploads\/2022\/04\/Lorella-Benvegnu\u0300-Consiglio-300x225.jpeg 300w, https:\/\/www.radiopiu.net\/wordpress\/wp-content\/uploads\/2022\/04\/Lorella-Benvegnu\u0300-Consiglio-1024x768.jpeg 1024w, https:\/\/www.radiopiu.net\/wordpress\/wp-content\/uploads\/2022\/04\/Lorella-Benvegnu\u0300-Consiglio-768x576.jpeg 768w, https:\/\/www.radiopiu.net\/wordpress\/wp-content\/uploads\/2022\/04\/Lorella-Benvegnu\u0300-Consiglio-1536x1152.jpeg 1536w, https:\/\/www.radiopiu.net\/wordpress\/wp-content\/uploads\/2022\/04\/Lorella-Benvegnu\u0300-Consiglio.jpeg 1600w\" sizes=\"auto, (max-width: 155px) 100vw, 155px\" \/><\/a>BELLUNO\/TREVISO <\/strong>Elevare i salari, innalzare la sicurezza, sbloccare la formazione, sradicare la precariet\u00e0, rilanciare la contrattazione, investire in innovazione. Con questi obiettivi i candidati della Cisl FP e della Cisl Scuola si presentano alle elezioni per il rinnovo delle RSU nella Sanit\u00e0, nelle IPAB, negli Enti Locali, nelle Funzioni Centrali, nella Scuola, nell\u2019Universit\u00e0 e nella ricerca, ossia tutti gli ambiti del lavoro pubblico nelle province di Treviso e Belluno. 20 mila i dipendenti pubblici dei comparti sanit\u00e0, enti locali e funzioni centrali (poco meno di 15 mila nella Marca, 5.00 nel Bellunese) e 16 mila (12.700 a Treviso, 3.300 a Belluno) i lavoratori della scuola. Tutti saranno chiamati ad eleggere i propri rappresentanti sindacali nei giorni 5, 6, 7 aprile nelle due province<\/p>\n<p><strong>LORELLA BENVEGNU&#8217;, SEGRETARIA GENERALE CISL SCUOLA BELLUNO TREVISO<\/strong><\/p>\n<audio class=\"wp-audio-shortcode\" id=\"audio-268227-11\" preload=\"none\" style=\"width: 100%;\" controls=\"controls\"><source type=\"audio\/mpeg\" src=\"https:\/\/www.radiopiu.net\/wordpress\/wp-content\/uploads\/2022\/04\/LORELLA-BENVEGNU-CISL.mp3?_=11\" \/><a href=\"https:\/\/www.radiopiu.net\/wordpress\/wp-content\/uploads\/2022\/04\/LORELLA-BENVEGNU-CISL.mp3\">https:\/\/www.radiopiu.net\/wordpress\/wp-content\/uploads\/2022\/04\/LORELLA-BENVEGNU-CISL.mp3<\/a><\/audio>\n<p>&nbsp;<\/p>\n<hr \/>\n<p>&nbsp;<\/p>\n<blockquote>\n<h3>&#8220;GIU&#8217; LE MANI DALLA SANITA&#8217; PUBBLICA BELLUNESE&#8221;, MANIFESTAZIONE A PIEVE DI CADORE<\/h3>\n<\/blockquote>\n<p><strong><em>Il diritto di abitare in montagna, il diritto ad una sanit\u00e0 pubblica puntuale<\/em><\/strong><\/p>\n<p><strong><img loading=\"lazy\" decoding=\"async\" class=\"alignleft\" src=\"https:\/\/www.radiopiu.net\/wordpress\/wp-content\/uploads\/2022\/03\/Schermata-2022-03-30-alle-11.23.09-300x300.png\" width=\"192\" height=\"192\" \/>PIEVE DI CADORE<\/strong> <em>\u00a0&#8220;Siamo convinti che dobbiamo riprendere la nostra lotta per la sanita\u0300 pubblica, il welfare, per il nostro diritto di poter continuare ad abitare in questi luoghi contro quel processo di depotenziamento dei servizi sanitari e territoriali che perdura oramai da troppi anni &#8221; L<\/em>o scrivono gli organizzatori della manifestazione in programma oggi a Pieve Di Cadore alle 15 in Piazza del Tiziano<em>\u00a0 &#8220;La cronica mancanza di medici, operatori sanitari e socio-sanitari non puo\u0300 essere un alibi dietro al quale nascondersi. Tutt\u2019altro. Semmai e\u0300 la piu\u0300 significativa evidenza di una pluriennale errata programmazione, di responsabilita\u0300 politiche chiare, all\u2019interno di un quadro complessivo di attacco al Servizio Pubblico a favore del settore privato&#8221;.<\/em><\/p>\n<p>&nbsp;<\/p>\n<p>&nbsp;<\/p>\n<hr \/>\n<p>&nbsp;<\/p>\n<p>&nbsp;<\/p>\n<blockquote>\n<h3><a class=\"dt-pswp-item\" href=\"https:\/\/www.radiopiu.net\/wordpress\/wp-content\/uploads\/2020\/09\/auser-1.jpg\" data-dt-img-description=\"\" data-large_image_width=\"1772\" data-large_image_height=\"811\"><img loading=\"lazy\" decoding=\"async\" class=\"wp-image-163020 alignleft\" src=\"https:\/\/www.radiopiu.net\/wordpress\/wp-content\/uploads\/2020\/09\/auser-1-300x137.jpg\" alt=\"\" width=\"129\" height=\"59\" srcset=\"https:\/\/www.radiopiu.net\/wordpress\/wp-content\/uploads\/2020\/09\/auser-1-300x137.jpg 300w, https:\/\/www.radiopiu.net\/wordpress\/wp-content\/uploads\/2020\/09\/auser-1-1024x469.jpg 1024w, https:\/\/www.radiopiu.net\/wordpress\/wp-content\/uploads\/2020\/09\/auser-1-768x351.jpg 768w, https:\/\/www.radiopiu.net\/wordpress\/wp-content\/uploads\/2020\/09\/auser-1-1536x703.jpg 1536w, https:\/\/www.radiopiu.net\/wordpress\/wp-content\/uploads\/2020\/09\/auser-1-640x293.jpg 640w, https:\/\/www.radiopiu.net\/wordpress\/wp-content\/uploads\/2020\/09\/auser-1.jpg 1772w\" sizes=\"auto, (max-width: 129px) 100vw, 129px\" \/><\/a>AUSER EL BROI E GRUPPO ARCHEOLOGICO AGORDINO ARCA IN ASSEMBLEA<\/h3>\n<\/blockquote>\n<p>&nbsp;<\/p>\n<p><strong>AGORDO\u00a0<\/strong><\/p>\n<p><strong>DI GIANNI SANTOMASO<\/strong><\/p>\n<audio class=\"wp-audio-shortcode\" id=\"audio-268227-12\" preload=\"none\" style=\"width: 100%;\" controls=\"controls\"><source type=\"audio\/mpeg\" src=\"https:\/\/www.radiopiu.net\/wordpress\/wp-content\/uploads\/2022\/04\/ASSEMBLEE-AD-AGORDO.mp3?_=12\" \/><a href=\"https:\/\/www.radiopiu.net\/wordpress\/wp-content\/uploads\/2022\/04\/ASSEMBLEE-AD-AGORDO.mp3\">https:\/\/www.radiopiu.net\/wordpress\/wp-content\/uploads\/2022\/04\/ASSEMBLEE-AD-AGORDO.mp3<\/a><\/audio>\n<p>&nbsp;<\/p>\n<p><strong>ALLA RADIO PIETRO URPI SUL BILANCIO SOCIALE\u00a0<\/strong><\/p>\n<audio class=\"wp-audio-shortcode\" id=\"audio-268227-13\" preload=\"none\" style=\"width: 100%;\" controls=\"controls\"><source type=\"audio\/mpeg\" src=\"https:\/\/www.radiopiu.net\/wordpress\/wp-content\/uploads\/2022\/04\/pietro-urpi-2022.mp3?_=13\" \/><a href=\"https:\/\/www.radiopiu.net\/wordpress\/wp-content\/uploads\/2022\/04\/pietro-urpi-2022.mp3\">https:\/\/www.radiopiu.net\/wordpress\/wp-content\/uploads\/2022\/04\/pietro-urpi-2022.mp3<\/a><\/audio>\n<p>&nbsp;<\/p>\n<p>&nbsp;<\/p>\n<hr \/>\n<p>&nbsp;<\/p>\n<blockquote>\n<h3>CERIMONIA COMMEMORATIVA PER GIOVANNI PALATUCCI CON LA QUESTURA DI BELLUNO<\/h3>\n<\/blockquote>\n<p><strong><a class=\"dt-pswp-item\" href=\"https:\/\/www.radiopiu.net\/wordpress\/wp-content\/uploads\/2022\/03\/Giovanni-Palatucci-259x300-1.jpg\" data-dt-img-description=\"\" data-large_image_width=\"259\" data-large_image_height=\"300\"><img loading=\"lazy\" decoding=\"async\" class=\"size-thumbnail wp-image-267819 alignright\" src=\"https:\/\/www.radiopiu.net\/wordpress\/wp-content\/uploads\/2022\/03\/Giovanni-Palatucci-259x300-1-150x150.jpg\" alt=\"\" width=\"150\" height=\"150\" \/><\/a>BELLUNO<\/strong> Marted\u00ec alle 11.30 al parco di Lambioi, avr\u00e0 luogo la cerimonia commemorativa in ricordo dell\u2019ex Questore di Fiume Giovanni Palatucci, morto nel campo di concentramento di Dachau, il 10 febbraio 1945. Il Questore Palatucci, medaglia d\u2019oro al merito civile, \u00e8 stato insignito del riconoscimento di \u201cgiusto tra le nazioni\u201d perch\u00e9 protagonista del salvataggio di circa 5.000 ebrei stranieri e italiani. Alla cerimonia, durante la quale sar\u00e0 posta una targa commemorativa ed un albero di acero in suo ricordo, parteciperanno alcune cariche istituzionali, civili e militari della Provincia, nonch\u00e9 il presidente della Comunit\u00e0 Ebraica di Venezia Prof. Dario Calimani<\/p>\n<p>&nbsp;<\/p>\n<p>&nbsp;<\/p>\n<hr \/>\n<p>&nbsp;<\/p>\n<div class=\"page\" title=\"Page 1\">\n<div class=\"layoutArea\">\n<div class=\"column\">\n<blockquote>\n<h3>A FELTRE IL GENERALE SILVIO MAZZAROLI RACCONTA \u201cUNA VITA CON IL CAPPELLO ALPINO\u201d<\/h3>\n<\/blockquote>\n<p><strong>FELTRE <\/strong>Venerdi\u0300 8 aprile alle 20.30, nel Museo Diocesano di Feltre, si terra\u0300 la terza di una serie di conferenze organizzate dalla locale sezione dell\u2019Associazione Nazionale Alpini, nell\u2019ambito dei festeggiamenti per il suo centenario, intitolata \u201cUna vita con il Cappello Alpino\u201d. Relatore della serata sara\u0300 il Generale C.A. Silvio Mazzaroli. Originario di Trieste, il Generale e\u0300 stato ripetutamente impiegato presso lo Stato Maggiore dell\u2019Esercito nei settori ordinativo e logistico.<\/p>\n<p>&nbsp;<\/p>\n<hr \/>\n<p>&nbsp;<\/p>\n<blockquote>\n<h3>DILLO A RADIO PIU&#8217;&#8230;ERA PROPRIO NECESSARIO IL PUGNO DI FERRO?<\/h3>\n<\/blockquote>\n<p><strong>TAIBON<\/strong> La vicenda \u00e8 nota, in seguito a danneggiamenti e atti vandalici il campo sintetico di Taibon \u00e8 stato chiuso per decisione del presidente del Gruppo Sportivo Antimo Savaris e del sindaco Silvia Tormen. Riceviamo e volentieri pubblichiamo la riflessione di Paolo Decima inviata a Radio Pi\u00f9<\/p>\n<p><a class=\"dt-pswp-item\" href=\"https:\/\/www.radiopiu.net\/wordpress\/wp-content\/uploads\/2022\/04\/9257576f-c159-4a2e-8241-496733565b23.jpg\" data-dt-img-description=\"\" data-large_image_width=\"1200\" data-large_image_height=\"1599\"><img loading=\"lazy\" decoding=\"async\" class=\" wp-image-268396 alignleft\" src=\"https:\/\/www.radiopiu.net\/wordpress\/wp-content\/uploads\/2022\/04\/9257576f-c159-4a2e-8241-496733565b23-225x300.jpg\" alt=\"\" width=\"139\" height=\"185\" srcset=\"https:\/\/www.radiopiu.net\/wordpress\/wp-content\/uploads\/2022\/04\/9257576f-c159-4a2e-8241-496733565b23-225x300.jpg 225w, https:\/\/www.radiopiu.net\/wordpress\/wp-content\/uploads\/2022\/04\/9257576f-c159-4a2e-8241-496733565b23-768x1023.jpg 768w, https:\/\/www.radiopiu.net\/wordpress\/wp-content\/uploads\/2022\/04\/9257576f-c159-4a2e-8241-496733565b23-1153x1536.jpg 1153w, https:\/\/www.radiopiu.net\/wordpress\/wp-content\/uploads\/2022\/04\/9257576f-c159-4a2e-8241-496733565b23.jpg 1200w\" sizes=\"auto, (max-width: 139px) 100vw, 139px\" \/><\/a>Egregio direttore<br \/>\nNon \u00e8 una bella cosa vedere una bella struttura, che la nostra generazione poteva solo sognare, danneggiata in questo modo. Mi chiedo: era l&#8217;unica soluzione tappezzare l&#8217;ingresso di divieti firmati da sindaco e presidente del gruppo sportivo. Ora i ragazzi dovranno adattarsi a giocare sul piazzale del Municipio, in piazza San Cipriano (anche no perch\u00e9 c&#8217;\u00e8 una splendida fontana senza&#8217;acqua nel centro della piazza, ndr.), oppure al Forte o in quale prato privato come negli anni Sessanta. Oppure rimane la possibilit\u00e0 di frequentare il Bar. Poich\u00e9 le strutture sono patrimonio comunale, con un minimo di controllo anche saltuario da parte di chi di dovere si potrebbe evitare sgradevoli inconvenienti.<br \/>\nDa parte di chi ha la pretesa di promuovere lo sport ci aspettiamo altri metodi: indirizzi, organizzazione, oppure il Gruppo Sportivo serve solo ad ospitare squadra di altri Comuni o organizzare sagre ed eventi, ma non \u00e8 il loro compito questo spetta ad altri. Non giustifico i ragazzi per le loro malefatte, ma sono ragazzi come lo siamo stati tutti, ma bisogna sapere organizzare anche il loro divertimento.<br \/>\nForza ragazzi e su co le recie<\/p>\n<p><strong>ARCHIVIO RADIO PIU&#8217; L&#8217;INTERVISTA AL SINDACO E AL PRESIDENTE<\/strong><\/p>\n<blockquote class=\"wp-embedded-content\" data-secret=\"D7bju3TDff\"><p><a href=\"https:\/\/www.radiopiu.net\/wordpress\/troppi-atti-vandalici-chiude-il-campo-sintetico-di-taibon\/\">TROPPI ATTI VANDALICI, CHIUDE IL CAMPO SINTETICO DI TAIBON<\/a><\/p><\/blockquote>\n<p><iframe loading=\"lazy\" class=\"wp-embedded-content\" sandbox=\"allow-scripts\" security=\"restricted\" style=\"position: absolute; clip: rect(1px, 1px, 1px, 1px);\" title=\"&#8220;TROPPI ATTI VANDALICI, CHIUDE IL CAMPO SINTETICO DI TAIBON&#8221; &#8212; Radio Pi\u00f9\" src=\"https:\/\/www.radiopiu.net\/wordpress\/troppi-atti-vandalici-chiude-il-campo-sintetico-di-taibon\/embed\/#?secret=w5LdqkjCpQ#?secret=D7bju3TDff\" data-secret=\"D7bju3TDff\" width=\"600\" height=\"338\" frameborder=\"0\" marginwidth=\"0\" marginheight=\"0\" scrolling=\"no\"><\/iframe><\/p>\n<p>&nbsp;<\/p>\n<p>&nbsp;<\/p>\n<hr \/>\n<blockquote>\n<h3><\/h3>\n<h3>ALL&#8217;AMO: CALCIO, RESTAURI, BOSTRICO E SCHIANTI DI VAIA, MA TUTTO NEL MARE D&#8217;APRILE<\/h3>\n<\/blockquote>\n<p><a class=\"dt-pswp-item\" href=\"https:\/\/www.radiopiu.net\/wordpress\/wp-content\/uploads\/2022\/04\/01f25e08-e805-46f5-bfcd-d764a5d8df54.jpg\" data-dt-img-description=\"\" data-large_image_width=\"1080\" data-large_image_height=\"1920\"><img loading=\"lazy\" decoding=\"async\" class=\" wp-image-268373 alignleft\" src=\"https:\/\/www.radiopiu.net\/wordpress\/wp-content\/uploads\/2022\/04\/01f25e08-e805-46f5-bfcd-d764a5d8df54-169x300.jpg\" alt=\"\" width=\"199\" height=\"353\" srcset=\"https:\/\/www.radiopiu.net\/wordpress\/wp-content\/uploads\/2022\/04\/01f25e08-e805-46f5-bfcd-d764a5d8df54-169x300.jpg 169w, https:\/\/www.radiopiu.net\/wordpress\/wp-content\/uploads\/2022\/04\/01f25e08-e805-46f5-bfcd-d764a5d8df54-576x1024.jpg 576w, https:\/\/www.radiopiu.net\/wordpress\/wp-content\/uploads\/2022\/04\/01f25e08-e805-46f5-bfcd-d764a5d8df54-768x1365.jpg 768w, https:\/\/www.radiopiu.net\/wordpress\/wp-content\/uploads\/2022\/04\/01f25e08-e805-46f5-bfcd-d764a5d8df54-864x1536.jpg 864w, https:\/\/www.radiopiu.net\/wordpress\/wp-content\/uploads\/2022\/04\/01f25e08-e805-46f5-bfcd-d764a5d8df54.jpg 1080w\" sizes=\"auto, (max-width: 199px) 100vw, 199px\" \/><\/a>Dopo due anni di assenza per il periodo legato alla pandemia che ci aveva tolto la voglia di scherzare, quest&#8217;anno siamo ritornati con la notizia della nuova squadra della Luxottica &#8220;TaibonLux22&#8221;, la &#8220;scazzata&#8221; di Antimo Savaris (presidente del Gruppo Sportivo), il pezzo d&#8217;opinione di Matteo Manfroi che inconsapevolmente ha contribuito a rendere quasi pi\u00f9 credibile la storia, arrivando a citare Papa Francesco aveva messo dei dubbi anche a me (scusa Matteo). Grazie al Csi (organizzatore del torneo) per averci ricordato il regolamento del campionato agordino di calcio, ad Andrea Baldassi per essere stato al gioco.<br \/>\n<a class=\"dt-pswp-item\" href=\"https:\/\/www.radiopiu.net\/wordpress\/wp-content\/uploads\/2022\/04\/e54dc4b5-a73e-4d18-bdd6-803d791c48f7.jpg\" data-dt-img-description=\"\" data-large_image_width=\"816\" data-large_image_height=\"1024\"><img loading=\"lazy\" decoding=\"async\" class=\"wp-image-268424 alignright\" src=\"https:\/\/www.radiopiu.net\/wordpress\/wp-content\/uploads\/2022\/04\/e54dc4b5-a73e-4d18-bdd6-803d791c48f7-239x300.jpg\" alt=\"\" width=\"144\" height=\"181\" srcset=\"https:\/\/www.radiopiu.net\/wordpress\/wp-content\/uploads\/2022\/04\/e54dc4b5-a73e-4d18-bdd6-803d791c48f7-239x300.jpg 239w, https:\/\/www.radiopiu.net\/wordpress\/wp-content\/uploads\/2022\/04\/e54dc4b5-a73e-4d18-bdd6-803d791c48f7-768x964.jpg 768w, https:\/\/www.radiopiu.net\/wordpress\/wp-content\/uploads\/2022\/04\/e54dc4b5-a73e-4d18-bdd6-803d791c48f7.jpg 816w\" sizes=\"auto, (max-width: 144px) 100vw, 144px\" \/><\/a>Un po&#8217; ci dispiace per Flora scesa dalla Valle del Biois o Eleonora dall&#8217;Alto Agordino e per tutti quelli che di buon mattino\u00a0 erano a Taibon per l&#8217;inaugurazione del mulin del Nani Tranco, peccato che tutto sia ancora fermo con le quattro frecce, un rudere pericolante e non \u00e8 escluso che prima o poi compaia il nastro biancorosso per segnalare il pericolo di caduta&#8230;.tetto. Ma almeno non abbiamo visto assembramenti in Piazza San Rocco dove da tempo chi vi abita chiede maggiore controllo della Forze di Polizia.Il sindaco Andrea De Bernardin ha preso le distanze dall&#8217;iniziativa di attaccare il bostrico con la motosega, a nulla sono valsi i richiami agli <span style=\"color: #ff0000;\"><strong>INTERNI<\/strong><\/span> peri<span style=\"color: #ff0000;\"><strong>COLA<\/strong><\/span>nti, <em>&#8220;Per informazioni rivolgetevi a RADIOPIU&#8221;<\/em> ha ricordato <img loading=\"lazy\" decoding=\"async\" class=\"alignleft\" src=\"https:\/\/www.radiopiu.net\/wordpress\/wp-content\/uploads\/2022\/04\/277791385_5067581716661117_2094598349598023774_n.png\" width=\"203\" height=\"137\" \/>ai suoi concittadini gi\u00e0 pronti a dare manforte ad Angelo Manarin.<br \/>\nNel pomeriggio dal Castello di Andraz il simpaticissimo pesce legato agli schianti di Vaia, la nuova copertura per il castello, in legno e non pi\u00f9 in vetro e acciaio con i lavori peraltro gi\u00e0 iniziati con i fondi pnrr.<br \/>\nA San Tomaso ieri c&#8217;era infine chi era pronto a giurare di aver visto il principe Carlo allenarsi nella nuova verik area.<\/p>\n<p>Archiviamo il primo aprile ricordando i precedenti: l&#8217;arrivo dell&#8217;Inter per una partita con l&#8217;Agordina Calcio a fine ritiro, quella volta il sindaco Sisto Da Roit aveva convocato un consiglio comunale per parlarne nelle stesse ore <a class=\"dt-pswp-item\" href=\"https:\/\/www.radiopiu.net\/wordpress\/wp-content\/uploads\/2022\/04\/e5551914-fd4d-4309-87da-69287f517652.jpg\" data-dt-img-description=\"\" data-large_image_width=\"1046\" data-large_image_height=\"781\"><img loading=\"lazy\" decoding=\"async\" class=\"size-medium wp-image-268378 alignright\" src=\"https:\/\/www.radiopiu.net\/wordpress\/wp-content\/uploads\/2022\/04\/e5551914-fd4d-4309-87da-69287f517652-300x224.jpg\" alt=\"\" width=\"300\" height=\"224\" srcset=\"https:\/\/www.radiopiu.net\/wordpress\/wp-content\/uploads\/2022\/04\/e5551914-fd4d-4309-87da-69287f517652-300x224.jpg 300w, https:\/\/www.radiopiu.net\/wordpress\/wp-content\/uploads\/2022\/04\/e5551914-fd4d-4309-87da-69287f517652-1024x765.jpg 1024w, https:\/\/www.radiopiu.net\/wordpress\/wp-content\/uploads\/2022\/04\/e5551914-fd4d-4309-87da-69287f517652-768x573.jpg 768w, https:\/\/www.radiopiu.net\/wordpress\/wp-content\/uploads\/2022\/04\/e5551914-fd4d-4309-87da-69287f517652.jpg 1046w\" sizes=\"auto, (max-width: 300px) 100vw, 300px\" \/><\/a>Gianfelice Facchetti veniva convocato dalla dirigenza dell&#8217;Inter per informazione poich\u00e9 persona informata dei fatti; oppure il &#8220;Cor&#8221; franato improvvisamente nella notte di\u00a0 un 31 marzo di qualche anno fa, notizia che richiam\u00f2 l&#8217;attenzione degli alpinisti, ma non solo, anche delle Forze dell&#8217;Ordine che chiedevano informazioni alla redazione, difficili da giustificare; indimenticabile quella notizia che allungava la sagra di Pasca di Taibon fino al giorno di San Vincenzo con Roberto Chissal\u00e8 che si catapulto&#8217; in radio a protestare mentre io e Claudio dovevamo lasciare in fretta in Bar Carlin con tanto di caffe&#8217; gi\u00e0 pronto sul banco <em>&#8220;Voi di Taibon&#8230; siete sempre i solti&#8221;.<\/em> Non \u00e8 mancato nemmeno il pesce elettorale, in rosa in occasione delle elezioni ad Agordo con capolista Rosangela dell&#8217;Enoteca Schenot. Ma nella storia rimane anche l&#8217;arresto del direttore di Radio Pi\u00f9 per non aver osservato la par condicio in periodo elettorale e gi\u00e0 si preannunciava la chiusura immediata della radio&#8230;<br \/>\n(mm)<\/p>\n<p>&nbsp;<\/p>\n<hr \/>\n<p>&nbsp;<\/p>\n<blockquote>\n<h3><a class=\"dt-pswp-item\" href=\"https:\/\/www.radiopiu.net\/wordpress\/wp-content\/uploads\/2022\/04\/02fadf51-d31c-4732-8afe-7b93bb81c569.jpg\" data-dt-img-description=\"\" data-large_image_width=\"1428\" data-large_image_height=\"2000\"><img loading=\"lazy\" decoding=\"async\" class=\"wp-image-268423 alignleft\" src=\"https:\/\/www.radiopiu.net\/wordpress\/wp-content\/uploads\/2022\/04\/02fadf51-d31c-4732-8afe-7b93bb81c569-214x300.jpg\" alt=\"\" width=\"81\" height=\"114\" srcset=\"https:\/\/www.radiopiu.net\/wordpress\/wp-content\/uploads\/2022\/04\/02fadf51-d31c-4732-8afe-7b93bb81c569-214x300.jpg 214w, https:\/\/www.radiopiu.net\/wordpress\/wp-content\/uploads\/2022\/04\/02fadf51-d31c-4732-8afe-7b93bb81c569-731x1024.jpg 731w, https:\/\/www.radiopiu.net\/wordpress\/wp-content\/uploads\/2022\/04\/02fadf51-d31c-4732-8afe-7b93bb81c569-768x1076.jpg 768w, https:\/\/www.radiopiu.net\/wordpress\/wp-content\/uploads\/2022\/04\/02fadf51-d31c-4732-8afe-7b93bb81c569-1097x1536.jpg 1097w, https:\/\/www.radiopiu.net\/wordpress\/wp-content\/uploads\/2022\/04\/02fadf51-d31c-4732-8afe-7b93bb81c569.jpg 1428w\" sizes=\"auto, (max-width: 81px) 100vw, 81px\" \/><\/a>IL GIALLO DI PASQUA<\/h3>\n<\/blockquote>\n<p><span style=\"color: #ff0000;\"><strong>L&#8217;ANIMATRICE GLORIA CASOT<\/strong><\/span><\/p>\n<p><strong>AUDIO<\/strong><\/p>\n<audio class=\"wp-audio-shortcode\" id=\"audio-268227-14\" preload=\"none\" style=\"width: 100%;\" controls=\"controls\"><source type=\"audio\/mpeg\" src=\"https:\/\/www.radiopiu.net\/wordpress\/wp-content\/uploads\/2022\/04\/GLORIA-CASOT.mp3?_=14\" \/><a href=\"https:\/\/www.radiopiu.net\/wordpress\/wp-content\/uploads\/2022\/04\/GLORIA-CASOT.mp3\">https:\/\/www.radiopiu.net\/wordpress\/wp-content\/uploads\/2022\/04\/GLORIA-CASOT.mp3<\/a><\/audio>\n<p>&nbsp;<\/p>\n<hr \/>\n<blockquote>\n<h3><\/h3>\n<h3>IRPEF E IMU, ARGOMENTI DA CONSIGLIO COMUNALE<\/h3>\n<\/blockquote>\n<p><strong>\u00a0LIVINALLONGO<\/strong> Venerdi alle 18.30 consiglio comunale convocato dal sindaco Leandro Grones. All&#8217;ordine del giorno l&#8217;approvazione delle aliquote Imu e Irpef, verifica delle aree fabbricabili, approvazione del programma triennale delle opere pubbliche, aggiornamento del documento programmatico e approvazione dei regolamenti per le video conferenze e il godimento dei beni comunali d&#8217;uso civico.<\/p>\n<p>&nbsp;<\/p>\n<p>&nbsp;<\/p>\n<hr \/>\n<\/div>\n<\/div>\n<\/div>\n<div class=\"page\" title=\"Page 1\">\n<div class=\"layoutArea\">\n<div class=\"column\">\n<blockquote>\n<h3>CONCERTO DI GALA CANTO LIRICO<\/h3>\n<\/blockquote>\n<p><strong>BELLUNO<\/strong> E&#8217; in programma questa sera alle 12 al Teatro Comunale di Belluno parteciperanno i 5 finalisti della seconda edizione del Concorso Internazionale di canto lirico citt\u00e0 di Belluno\u00a0 organizzato dall&#8217;Associazione Gocce di Sole in collaborazione con il Comune di Belluno e la Fondazione Teatri delle Dolomiti.<\/p>\n<blockquote>\n<h3><\/h3>\n<\/blockquote>\n<hr \/>\n<\/div>\n<\/div>\n<\/div>\n<blockquote>\n<blockquote>\n<h3><\/h3>\n<h3>SAGRA DEI FISCIOT, APPUNTAMENTO PER IL 3 APRILE. ULTIMA DOMENICA ECOLOGICA DELLA PRIMAVERA<\/h3>\n<\/blockquote>\n<p><strong>BELLUNO <\/strong>Domani, dopo due anni di assenza causa Covid, il ritorno della Fiera della Madonna Addolorata, la tradizionale \u201cSagra dei Fisciot\u201d. Come nel periodo pre-pandemia, le bancarelle occuperanno tutto il centro storico.\u00a0 Per l&#8217;accesso alla sagra sar\u00e0 necessario essere in possesso del Green Pass base in corso di validit\u00e0 e indossare la mascherina. In occasione della sagra \u00e8 stata organizzata anche l&#8217;ultima domenica ecologica della primavera 2022.<\/p>\n<p>&nbsp;<\/p><\/blockquote>\n<p>&nbsp;<\/p>\n<hr \/>\n<p>&nbsp;<\/p>\n<p><strong>ARABBA.. SCIARE FINO A PASQUA<\/strong><\/p>\n<blockquote>\n<div class=\"\">\n<div class=\"\"><i class=\"\">Ma chi l&#8217;ha detto che a Pasqua \u00e8 troppo tardi per sciare? Ad Arabba \u00e8 possibile! Gli impianti di Porta Vescovo e del Passo Pordoi sono aperti tutti i giorni fino a\u00a0<span dir=\"ltr\">luned\u00ec 18 aprile<\/span>\u00a0compreso, per permettere a tutti gli amanti dello sci di farsi un&#8217;ultima sciata anche con l&#8217;arrivo della primavera! Piste vere per sciatori veri, ma anche un&#8217;ultima occasione per passare una giornata in quota tra le vette pi\u00f9 affascinanti delle Dolomiti.\u00a0<\/i><i class=\"\">Info e prezzi su\u00a0<a class=\"\" href=\"http:\/\/www.arabba.it\/\">www.arabba.it<\/a>\u00a0<\/i><\/div>\n<\/div>\n<\/blockquote>\n<p>&nbsp;<\/p>\n<p>&nbsp;<\/p>\n<hr \/>\n<p>&nbsp;<\/p>\n<blockquote>\n<h3>RINVIATE LE DUE GIORNATE ECOLOGICHE A CENCENIGHE<\/h3>\n<\/blockquote>\n<p><strong>CENCENIGHE<\/strong> L&#8217;amministrazione comunale di Cencenighe in collaborazione con la Pro Loco aveva organizzato per questo fine settimana due giornate ecologiche per la raccolta di rifiuti abbandonati. Sono state rinviate di sette giorni a sabato 9 e domenica 10 aprile con lo stesso programma: Sabato 9 aprile il ritrovo alle 8 con l&#8217;assegnazione dell&#8217;area di pulizia, alle 13 il pranzo al Nof Fil\u00f2 e subito dopo l&#8217;eventuale prosecuzione dei lavori. Domenica 10 aprile il ritrovo alle 8 con l&#8217;assegnazione dell&#8217;area di pulizia e alle 12 il pranzo sempre al Nof Fil\u00f2. L&#8217;attrezzatura verr\u00e0 fornita da Valpe Ambiente e le immondizie raccolte saranno conferite all&#8217;ecocentro. I bambini che vogliono partecipare alle giornate dovranno essere accompagnati.<\/p>\n<p>&nbsp;<\/p>\n<p>&nbsp;<\/p>\n<hr \/>\n<p>&nbsp;<\/p>\n<blockquote>\n<h3>I BIGLIETTI VINCENTI DELL&#8217;ASSOCIAZIONE &#8220;ADA&#8221;<\/h3>\n<\/blockquote>\n<p><strong>AGORDO<\/strong> Si chiama &#8220;Lotteria Adanzar fortuna&#8221; e anche l&#8217;edizione 2022 si \u00e8 svolta regolarmente. Di seguito i biglietti estratti, per il ritiro dei premi elencati rivolgersi in orario negozio da MaxStore abbigliamento presso il Centro Commerciale La Corte Agordina, telefono 348 8062103 entro e non oltre il 30 giugno<\/p>\n<a href=\"https:\/\/www.radiopiu.net\/wordpress\/wp-content\/uploads\/2022\/03\/estratti2022-1.pdf\" class=\"pdfemb-viewer\" style=\"\" data-width=\"max\" data-height=\"max\" data-toolbar=\"top\" data-toolbar-fixed=\"on\">estratti2022<\/a>\n<p>&nbsp;<\/p>\n<hr \/>\n<p>&nbsp;<\/p>\n<blockquote>\n<h3>NUOVO TESSERAMENTO CAI<\/h3>\n<\/blockquote>\n<p><strong>AGORDO<\/strong> Il Cai di Agordo ricorda che per tutto il mese di aprile la sede sar\u00e0 aperta per il rinnovo del tesseramento il mercoled\u00ec dalle 9 alle 12 e il venerd\u00ec dalle 17 alle 19. A partire dal mese di maggio il rinnovo potr\u00e0 essere effettuato solo tramite bonifico bancario. Per informazioni o nuove iscrizioni contattare il 3280113612 oppure 3396218040.<\/p>\n<p>&nbsp;<\/p>\n<p>&nbsp;<\/p>\n<hr \/>\n<p>&nbsp;<\/p>\n<blockquote>\n<h3>SULLE ORME DI WALK OF FAME CON LA SCUOLA DI AGORDO<\/h3>\n<\/blockquote>\n<p><strong>AGORDO<\/strong> Sabato 9 aprile alle 11:10 nel cortile della scuola secondaria di I grado ad Agordo, gli alunni di treza B e C organizzano &#8220;Walk Of Fame&#8221;, per parlare di pace e di coloro che hanno ricevuto il Nobel. Evento all&#8217;aperto della durata di un&#8217;ora. in caso di maltempo verr\u00e0 spostato a sabato 23 aprile.<\/p>\n<p>&nbsp;<\/p>\n<p>&nbsp;<\/p>\n<hr \/>\n<p>&nbsp;<\/p>\n<blockquote>\n<h3>PRO LOCO DI CANALE APERTA NEL FINE SETTIMANA<\/h3>\n<\/blockquote>\n<p><strong>CANALE D&#8217;AGORDO<\/strong> A partire dal mese di Aprile gli orari dell&#8217;ufficio pro loco e del Museo Albino Luciani saranno i seguenti: <span class=\"s1\">Venerd\u00ec, sabato e domenica 9.00-12.00; 15.00-18.00. Con la fine dello Stato di emergenza epidemiologica, per l&#8217;accesso ai musei e ai luoghi della cultura non \u00e8 pi\u00f9 richiesto n\u00e9 il green pass rafforzato n\u00e9 quello base. Permane, l&#8217;obbligo dell&#8217;utilizzo delle mascherine chirurgiche.<\/span><\/p>\n<p>&nbsp;<\/p>\n<hr \/>\n<p>&nbsp;<\/p>\n<blockquote>\n<h3>FANTALIBRANDO A LIMANA<\/h3>\n<\/blockquote>\n<p><strong>LIMANA <\/strong><span class=\"s1\">Continuano gli eventi in programma per la 25^ edizione di Fantalibrando a Limana e DOMENICA 3 APRILE sar\u00e0 una giornata di festa all&#8217;aperto per bambini e famiglie! ALLE 14.30 inaugurazione del rinnovato Parco Limanesi nel Mondo, sito tra Via Caffi e Via Vivaldi; a<\/span>lle<span class=\"s1\">15.00 inaugurazione della nuova area sportiva di Sampoi con dimostrazione degli attrezzi ginnici, a seguire intrattenimento per bambini con il duo Giorgio Dell&#8217;Osta e Giulia Fretuti; alle 17.00 concerto del gruppo musicale &#8220;Smile. Music is a family affair&#8221;. Durante l&#8217;intero pomeriggio sar\u00e0 attivo il Chiosco GymBar.<\/span><\/p>\n<p>&nbsp;<\/p>\n<p>&nbsp;<\/p>\n<hr \/>\n<p>&nbsp;<\/p>\n<blockquote>\n<h3>IL RINGRAZIAMENTO A DOMENICA DALLO STAFF DELL&#8217;HOTEL AURORA<\/h3>\n<\/blockquote>\n<p><strong><a class=\"dt-pswp-item\" href=\"https:\/\/www.radiopiu.net\/wordpress\/wp-content\/uploads\/2022\/04\/5529_aurora-estate.jpg\" data-dt-img-description=\"\" data-large_image_width=\"600\" data-large_image_height=\"450\"><img loading=\"lazy\" decoding=\"async\" class=\" wp-image-268293 alignleft\" src=\"https:\/\/www.radiopiu.net\/wordpress\/wp-content\/uploads\/2022\/04\/5529_aurora-estate-300x225.jpg\" alt=\"\" width=\"151\" height=\"113\" srcset=\"https:\/\/www.radiopiu.net\/wordpress\/wp-content\/uploads\/2022\/04\/5529_aurora-estate-300x225.jpg 300w, https:\/\/www.radiopiu.net\/wordpress\/wp-content\/uploads\/2022\/04\/5529_aurora-estate.jpg 600w\" sizes=\"auto, (max-width: 151px) 100vw, 151px\" \/><\/a>SAVINER DI LASTE<\/strong> Dopo quasi 44 anni di servizio, Domenica da oggi non fa pi\u00f9 parte dello staff dell&#8217;Hotel Aurora. Gianni e Iolanda vogliono ringraziare Domenica con un messaggio pubblico.<\/p>\n<blockquote><p><em>Da oggi i nostri affezionati clienti entrando nel nostro locale non vedranno pi\u00f9 la Collaboratrice storica, Domenica,\u00a0 alla quale vanno i nostri ringraziamenti. Al suo posto troveranno una giovane brava ragazza di Taibon, Erica. Un grandissimo grazie di cuore per la tua Disponibilit\u00e0, Passione, Capacit\u00e0, voglia di fare, in ogni settore dell\u2019attivit\u00e0. Sempre pronta nell\u2019affrontare i vari problemi, ma soprattutto, al grande attaccamento dimostrato verso la nostra attivit\u00e0, in tutti questi anni, come se fosse una cosa tua.<br \/>\nGianni Pezz\u00e8 e Iolanda\u00a0<\/em><\/p>\n<p>&nbsp;<\/p>\n<p>&nbsp;<\/p><\/blockquote>\n<hr \/>\n<p>&nbsp;<\/p>\n<h2><span style=\"color: #ff0000;\">IERI ALLA RADIO<\/span><\/h2>\n<h2><span style=\"color: #808000;\">ALLO ZERO TERMICO: ANSELMO E TULLIOLA, PUNTATA 12<\/span><\/h2>\n<blockquote><p><em><a href=\"https:\/\/www.radiopiu.net\/wordpress\/giornale-radiopiu-11-maggio-2021-direttore-mirko-mezzacasa\/anselmo-cagnati_cani-slitta_06\/\" rel=\"attachment wp-att-208962\"><img loading=\"lazy\" decoding=\"async\" class=\"wp-image-208962 alignleft\" src=\"https:\/\/www.radiopiu.net\/wordpress\/wp-content\/uploads\/2021\/05\/Anselmo-Cagnati_cani-slitta_06-300x200.jpg\" sizes=\"auto, (max-width: 230px) 100vw, 230px\" srcset=\"https:\/\/www.radiopiu.net\/wordpress\/wp-content\/uploads\/2021\/05\/Anselmo-Cagnati_cani-slitta_06-300x200.jpg 300w, https:\/\/www.radiopiu.net\/wordpress\/wp-content\/uploads\/2021\/05\/Anselmo-Cagnati_cani-slitta_06-1024x683.jpg 1024w, https:\/\/www.radiopiu.net\/wordpress\/wp-content\/uploads\/2021\/05\/Anselmo-Cagnati_cani-slitta_06-768x512.jpg 768w, https:\/\/www.radiopiu.net\/wordpress\/wp-content\/uploads\/2021\/05\/Anselmo-Cagnati_cani-slitta_06.jpg 1200w\" alt=\"\" width=\"230\" height=\"153\" \/><\/a>ZERO TERMICO E\u2019 UN VIAGGIO ALLA SCOPERTA DEL NOSTRO TERRITORIO, DALLA VOCE DEI PROTAGONISTI. TURISMO, SPORT, EVENTI, CULTURA, INTRATTENIMENTO. DAL LUNEDI\u2019 AL VENERDI ALLE 15.10 ALLE 20.30. ZERO TERMICO. UN APPUNTAMENTO IN COLLABORAZIONE CON: SPORT 203. LA NATURALE PORTA D\u2019INGRESSO\u2026.VERSO LO ZERO TERMICO. LOCALITA\u2019 LE CAMPE STRADA AGORDO BELLUNO. ABBIGLIAMENTO E ATTREZZATURA\u2026.DEDICATI A CHI AMA LA MONTAGNA.<\/em><\/p><\/blockquote>\n<p><strong>di Claudio Fontanive e\u00a0 William Da Roit<\/strong><\/p>\n<audio class=\"wp-audio-shortcode\" id=\"audio-268227-15\" preload=\"none\" style=\"width: 100%;\" controls=\"controls\"><source type=\"audio\/mpeg\" src=\"https:\/\/www.radiopiu.net\/wordpress\/wp-content\/uploads\/2022\/04\/tulliola-anselmo-1-aprile.mp3?_=15\" \/><a href=\"https:\/\/www.radiopiu.net\/wordpress\/wp-content\/uploads\/2022\/04\/tulliola-anselmo-1-aprile.mp3\">https:\/\/www.radiopiu.net\/wordpress\/wp-content\/uploads\/2022\/04\/tulliola-anselmo-1-aprile.mp3<\/a><\/audio>\n<p>&nbsp;<\/p>\n<p><strong>LA RACCOLTA COMPLETA<\/strong><\/p>\n<blockquote class=\"wp-embedded-content\" data-secret=\"h6YIu5HG7V\"><p><a href=\"https:\/\/www.radiopiu.net\/wordpress\/anselmomusher\/\">LE AVVENTURE AL GRANDE NORD, CON ANSELMO &#8220;MUSHER&#8221; CAGNATI, 10^ PUNTATA<\/a><\/p><\/blockquote>\n<p><iframe loading=\"lazy\" class=\"wp-embedded-content\" sandbox=\"allow-scripts\" security=\"restricted\" style=\"position: absolute; clip: rect(1px, 1px, 1px, 1px);\" title=\"&#8220;LE AVVENTURE AL GRANDE NORD, CON ANSELMO &#8220;MUSHER&#8221; CAGNATI, 10^ PUNTATA&#8221; &#8212; Radio Pi\u00f9\" src=\"https:\/\/www.radiopiu.net\/wordpress\/anselmomusher\/embed\/#?secret=oIp1zJpum1#?secret=h6YIu5HG7V\" data-secret=\"h6YIu5HG7V\" width=\"600\" height=\"338\" frameborder=\"0\" marginwidth=\"0\" marginheight=\"0\" scrolling=\"no\"><\/iframe><\/p>\n<p>&nbsp;<\/p>\n<p>&nbsp;<\/p>\n<hr \/>\n<p>&nbsp;<\/p>\n<p><strong>TUTTI I LUNEDI ALLE 10,30 E 1900, LA DOMENICA ALLE 8 007 IN CONDOTTA, LA SCUOLA CON LA PROF. MARIA ROSA SALMAZO E CLAUDIO FONTANIVE, IN PODCAST TUTTE LE PUNTATE DELLE ULTIME STAGIONI.\u00a0<\/strong><\/p>\n<p>&nbsp;<\/p>\n<blockquote class=\"wp-embedded-content\" data-secret=\"A7r0ArIRPS\"><p><a href=\"https:\/\/www.radiopiu.net\/wordpress\/007incondotta-9\/\">007 in condotta<\/a><\/p><\/blockquote>\n<p><iframe loading=\"lazy\" class=\"wp-embedded-content\" sandbox=\"allow-scripts\" security=\"restricted\" style=\"position: absolute; clip: rect(1px, 1px, 1px, 1px);\" title=\"&#8220;007 in condotta&#8221; &#8212; Radio Pi\u00f9\" src=\"https:\/\/www.radiopiu.net\/wordpress\/007incondotta-9\/embed\/#?secret=UbuttRDVo9#?secret=A7r0ArIRPS\" data-secret=\"A7r0ArIRPS\" width=\"600\" height=\"338\" frameborder=\"0\" marginwidth=\"0\" marginheight=\"0\" scrolling=\"no\"><\/iframe><\/p>\n<p>&nbsp;<\/p>\n<hr \/>\n<p>&nbsp;<\/p>\n<div>\n<div class=\"b654a4as d2edcug0\">\n<div class=\"rq0escxv hkbzh7o3 jwdofwj8 n8tt0mok r8blr3vg hyh9befq\">\n<p><a class=\"dt-pswp-item\" href=\"https:\/\/www.radiopiu.net\/wordpress\/wp-content\/uploads\/2020\/10\/pp.jpg\" data-dt-img-description=\"\" data-large_image_width=\"640\" data-large_image_height=\"640\"><img loading=\"lazy\" decoding=\"async\" class=\"wp-image-163678 alignleft\" src=\"https:\/\/www.radiopiu.net\/wordpress\/wp-content\/uploads\/2020\/10\/pp-300x300.jpg\" alt=\"\" width=\"106\" height=\"106\" srcset=\"https:\/\/www.radiopiu.net\/wordpress\/wp-content\/uploads\/2020\/10\/pp-300x300.jpg 300w, https:\/\/www.radiopiu.net\/wordpress\/wp-content\/uploads\/2020\/10\/pp-150x150.jpg 150w, https:\/\/www.radiopiu.net\/wordpress\/wp-content\/uploads\/2020\/10\/pp-125x125.jpg 125w, https:\/\/www.radiopiu.net\/wordpress\/wp-content\/uploads\/2020\/10\/pp-200x200.jpg 200w, https:\/\/www.radiopiu.net\/wordpress\/wp-content\/uploads\/2020\/10\/pp-80x80.jpg 80w, https:\/\/www.radiopiu.net\/wordpress\/wp-content\/uploads\/2020\/10\/pp-480x480.jpg 480w, https:\/\/www.radiopiu.net\/wordpress\/wp-content\/uploads\/2020\/10\/pp.jpg 640w\" sizes=\"auto, (max-width: 106px) 100vw, 106px\" \/><\/a><\/p>\n<\/div>\n<\/div>\n<\/div>\n<div>\n<div class=\"page-title-head hgroup\">\n<div class=\"page-title-head hgroup\">\n<div class=\"b654a4as d2edcug0\">\n<div class=\"j83agx80 btwxx1t3 lhclo0ds hop8lmos nkwizq5d scwd0bx6 roh60bw9\">\n<div class=\"rq0escxv hkbzh7o3 jwdofwj8 n8tt0mok r8blr3vg hyh9befq\">\n<div class=\"do00u71z l9j0dhe7 k4urcfbm\">\n<h2><span style=\"color: #000080;\">\u00a0<\/span><span style=\"color: #000080;\">DON CESARE, IL PENSIERO DEL GIORNO. ALLA RADIO ALLE 7 DEL MATTINO E ALLE 19.30 DELLA SERA.\u00a0<\/span><\/h2>\n<audio class=\"wp-audio-shortcode\" id=\"audio-268227-16\" preload=\"none\" style=\"width: 100%;\" controls=\"controls\"><source type=\"audio\/mpeg\" src=\"https:\/\/www.radiopiu.net\/wordpress\/wp-content\/uploads\/2022\/04\/CESARE.mp3?_=16\" \/><a href=\"https:\/\/www.radiopiu.net\/wordpress\/wp-content\/uploads\/2022\/04\/CESARE.mp3\">https:\/\/www.radiopiu.net\/wordpress\/wp-content\/uploads\/2022\/04\/CESARE.mp3<\/a><\/audio>\n<\/div>\n<\/div>\n<\/div>\n<\/div>\n<\/div>\n<\/div>\n<\/div>\n<p>&nbsp;<\/p>\n<hr \/>\n<p>&nbsp;<\/p>\n<p>&nbsp;<\/p>\n<blockquote class=\"wp-embedded-content\" data-secret=\"S5r8LXyJ8k\"><p><a href=\"https:\/\/www.radiopiu.net\/wordpress\/pagina-di-storia-il-crollo-del-cor-memorabile-1-di-aprile-alla-radio\/\">PAGINA DI STORIA, IL CROLLO DEL COR&#8230; MEMORABILE 1 DI APRILE ALLA RADIO.<\/a><\/p><\/blockquote>\n<p><iframe loading=\"lazy\" class=\"wp-embedded-content\" sandbox=\"allow-scripts\" security=\"restricted\" style=\"position: absolute; clip: rect(1px, 1px, 1px, 1px);\" title=\"&#8220;PAGINA DI STORIA, IL CROLLO DEL COR&#8230; MEMORABILE 1 DI APRILE ALLA RADIO.&#8221; &#8212; Radio Pi\u00f9\" src=\"https:\/\/www.radiopiu.net\/wordpress\/pagina-di-storia-il-crollo-del-cor-memorabile-1-di-aprile-alla-radio\/embed\/#?secret=nSexYolOEv#?secret=S5r8LXyJ8k\" data-secret=\"S5r8LXyJ8k\" width=\"600\" height=\"338\" frameborder=\"0\" marginwidth=\"0\" marginheight=\"0\" scrolling=\"no\"><\/iframe><\/p>\n<p>&nbsp;<\/p>\n<p>&nbsp;<\/p>\n<blockquote>\n<hr \/>\n<h3><\/h3>\n<h3><\/h3>\n<h3>C&#8217;E&#8217; TEMPO FINO AL 4 APRILE PER PRENOTARE L&#8217;UOVO DI PASQUA ED AIUTARE IL POPOLO UCRAINO<\/h3>\n<\/blockquote>\n<p><strong><a class=\"dt-pswp-item\" href=\"https:\/\/www.radiopiu.net\/wordpress\/wp-content\/uploads\/2022\/03\/277220915_10221731122211129_4232410933207517785_n.jpg\" data-dt-img-description=\"\" data-large_image_width=\"656\" data-large_image_height=\"960\"><img loading=\"lazy\" decoding=\"async\" class=\"size-thumbnail wp-image-267414 alignleft\" src=\"https:\/\/www.radiopiu.net\/wordpress\/wp-content\/uploads\/2022\/03\/277220915_10221731122211129_4232410933207517785_n-150x150.jpg\" alt=\"\" width=\"150\" height=\"150\" \/><\/a> <\/strong><\/p>\n<p><strong>\u00a0<\/strong><strong>LIMANA <\/strong>La Corale di Limana si \u00e8 fatta promotrice anche quest&#8217;anno di un iniziativa a sfondo solidale per la prossima Pasqua. Un uovo di cioccolato al latte con all&#8217;interno una pennetta Usb con 14 canti dei cori della provincia e due canti di cori ucraini.\u00a0 E\u2019 ancora possibile prenotare le uova con un offerta di 15\u20ac a singolo uovo, 10\u20ac per ordini superiori a tre , inviando un messaggio al numero 328 3847717 ENTRO IL 04 APRILE 2022. Media Partner: Radio Pi\u00f9<\/p>\n<p>&nbsp;<\/p>\n<p>&nbsp;<\/p>\n<hr \/>\n<p>&nbsp;<\/p>\n<h3 class=\"kvgmc6g5 cxmmr5t8 oygrvhab hcukyx3x c1et5uql\"><span style=\"color: #0000ff;\"><strong>INFORMAZIONE il canale su TELEGRAM informazione di prima mano e in tempo reale. iscriviti ed aiutaci a farlo conoscere\u00a0 \u00a0<\/strong><\/span><\/h3>\n<p>&nbsp;<\/p>\n<p>&nbsp;<\/p>\n<hr \/>\n<p>&nbsp;<\/p>\n<p>&nbsp;<\/p>\n<p>AUDIO<\/p>\n<audio class=\"wp-audio-shortcode\" id=\"audio-268227-17\" preload=\"none\" style=\"width: 100%;\" controls=\"controls\"><source type=\"audio\/mpeg\" src=\"https:\/\/www.radiopiu.net\/wordpress\/wp-content\/uploads\/2022\/04\/JOHN.mp3?_=17\" \/><a href=\"https:\/\/www.radiopiu.net\/wordpress\/wp-content\/uploads\/2022\/04\/JOHN.mp3\">https:\/\/www.radiopiu.net\/wordpress\/wp-content\/uploads\/2022\/04\/JOHN.mp3<\/a><\/audio>\n<p>&nbsp;<\/p>\n<p><a class=\"dt-pswp-item\" href=\"https:\/\/www.radiopiu.net\/wordpress\/wp-content\/uploads\/2022\/04\/4c301ab3-9676-4eac-8e89-eff2c98d7960.jpg\" data-dt-img-description=\"\" data-large_image_width=\"900\" data-large_image_height=\"1600\"><img loading=\"lazy\" decoding=\"async\" class=\" wp-image-268422 alignleft\" src=\"https:\/\/www.radiopiu.net\/wordpress\/wp-content\/uploads\/2022\/04\/4c301ab3-9676-4eac-8e89-eff2c98d7960-169x300.jpg\" alt=\"\" width=\"94\" height=\"167\" srcset=\"https:\/\/www.radiopiu.net\/wordpress\/wp-content\/uploads\/2022\/04\/4c301ab3-9676-4eac-8e89-eff2c98d7960-169x300.jpg 169w, https:\/\/www.radiopiu.net\/wordpress\/wp-content\/uploads\/2022\/04\/4c301ab3-9676-4eac-8e89-eff2c98d7960-576x1024.jpg 576w, https:\/\/www.radiopiu.net\/wordpress\/wp-content\/uploads\/2022\/04\/4c301ab3-9676-4eac-8e89-eff2c98d7960-768x1365.jpg 768w, https:\/\/www.radiopiu.net\/wordpress\/wp-content\/uploads\/2022\/04\/4c301ab3-9676-4eac-8e89-eff2c98d7960-864x1536.jpg 864w, https:\/\/www.radiopiu.net\/wordpress\/wp-content\/uploads\/2022\/04\/4c301ab3-9676-4eac-8e89-eff2c98d7960.jpg 900w\" sizes=\"auto, (max-width: 94px) 100vw, 94px\" \/><\/a><strong>Necesse est&#8230; di JOHN FRANCIS DELLA PIETRA<\/strong><\/p>\n<p>Cos\u00ec solean dicere<br \/>\nI nostri avi romani<br \/>\nNella loro lingua<br \/>\nPregna di cultura<br \/>\nChe passando di paese in paese<br \/>\nDi popolo in popolo<br \/>\nAttraverso i secoli \u00e8 giunta a noi<br \/>\n\u00c8 necessario<br \/>\nDopo mesi d inverno<br \/>\nDi meteo riarso<br \/>\nChe tante difficolt\u00e0 ha creato<br \/>\nNella prima decade di primavera<br \/>\nPian piano in punta di piedi<br \/>\nQuasi con delicatezza<br \/>\nCon piccole ma fitte gocce<br \/>\n\u00c8 riapparsa lei<br \/>\nLa benefica pioggia<br \/>\nA placar gl animi<br \/>\nA bagnare l aride zolle<br \/>\nA benedire la terra<br \/>\nA spegnere i fuochi<br \/>\nA tacitare il vento<br \/>\nPoche ore e gi\u00e0 il suo magico avvento<br \/>\nFa verdeggiare i prati<br \/>\nE sorridere le piante i boschi<br \/>\nIl delicato flebile suono<br \/>\nCresce sino a divenir musica<br \/>\nScordata sinfonia<br \/>\nChe culla nella sera<br \/>\nGrandi e piccini<br \/>\nTrascinandoli dolcemente<br \/>\nFra l amorose braccia di Morfeo<br \/>\nChe bello<br \/>\nChe pace<br \/>\nIn questa amata suonata<br \/>\nPoi d improvviso<br \/>\nNella notte<br \/>\nTutto tace<br \/>\nCom era venuta pian piano se ne va<br \/>\nUn ovattato silenzio domina l oscurit\u00e0<br \/>\nNon pu\u00f2 essere<br \/>\nMi dico<br \/>\nMa nel profondo dell animo<br \/>\nSi fa strada la certezza<br \/>\nCorro alla finestra<br \/>\nNella piccola lama di luce<br \/>\nD un solitario lampione<br \/>\nMinuscoli fiocchi<br \/>\nTurbinano nell aere<br \/>\nE ricadendo a terra<br \/>\nCreano quello meraviglioso candore<br \/>\nChe splende ed illumina<br \/>\nLa buia notte<br \/>\n\u00c8 tornata una bianca<br \/>\nMano di neve<br \/>\nA coprire uniformemente<br \/>\nCon eguaglianza ogni cosa<br \/>\nBentornata<br \/>\nSotto la neve&#8230;pane<br \/>\nDio ci benedica<\/p>\n<p>&nbsp;<\/p>\n<p>&nbsp;<\/p>\n<hr \/>\n<div class=\"do00u71z l9j0dhe7 k4urcfbm\">\n<div class=\"page-title-head hgroup\">\n<div class=\"page-title-head hgroup\">\n<div class=\"b654a4as d2edcug0\">\n<div class=\"j83agx80 btwxx1t3 lhclo0ds hop8lmos nkwizq5d scwd0bx6 roh60bw9\">\n<div class=\"rq0escxv hkbzh7o3 jwdofwj8 n8tt0mok r8blr3vg hyh9befq\">\n<div class=\"do00u71z l9j0dhe7 k4urcfbm\">\n<div class=\"page-title-head hgroup\">\n<div class=\"page-title-head hgroup\">\n<div class=\"b654a4as d2edcug0\">\n<div class=\"j83agx80 btwxx1t3 lhclo0ds hop8lmos nkwizq5d scwd0bx6 roh60bw9\">\n<div class=\"rq0escxv hkbzh7o3 jwdofwj8 n8tt0mok r8blr3vg hyh9befq\">\n<div class=\"do00u71z l9j0dhe7 k4urcfbm\">\n<div class=\"ecm0bbzt e5nlhep0 a8c37x1j\">\n<div class=\"kvgmc6g5 cxmmr5t8 oygrvhab hcukyx3x c1et5uql\">\n<div class=\"gmail-kvgmc6g5 gmail-cxmmr5t8 gmail-oygrvhab gmail-hcukyx3x gmail-c1et5uql gmail-ii04i59q\">\n<div class=\"page-title-head hgroup\">\n<div class=\"page-title-head hgroup\">\n<div class=\"b654a4as d2edcug0\">\n<div class=\"j83agx80 btwxx1t3 lhclo0ds hop8lmos nkwizq5d scwd0bx6 roh60bw9\">\n<div class=\"rq0escxv hkbzh7o3 jwdofwj8 n8tt0mok r8blr3vg hyh9befq\">\n<div class=\"do00u71z l9j0dhe7 k4urcfbm\">\n<div class=\"page-title-head hgroup\">\n<div class=\"page-title-head hgroup\">\n<div class=\"b654a4as d2edcug0\">\n<div class=\"j83agx80 btwxx1t3 lhclo0ds hop8lmos nkwizq5d scwd0bx6 roh60bw9\">\n<div class=\"rq0escxv hkbzh7o3 jwdofwj8 n8tt0mok r8blr3vg hyh9befq\">\n<div class=\"do00u71z l9j0dhe7 k4urcfbm\">\n<div class=\"page-title-head hgroup\">\n<div class=\"page-title-head hgroup\">\n<div class=\"b654a4as d2edcug0\">\n<div class=\"j83agx80 btwxx1t3 lhclo0ds hop8lmos nkwizq5d scwd0bx6 roh60bw9\">\n<div class=\"rq0escxv hkbzh7o3 jwdofwj8 n8tt0mok r8blr3vg hyh9befq\">\n<div class=\"do00u71z l9j0dhe7 k4urcfbm\">\n<div class=\"ecm0bbzt e5nlhep0 a8c37x1j\">\n<div class=\"kvgmc6g5 cxmmr5t8 oygrvhab hcukyx3x c1et5uql\">\n<div class=\"gmail-kvgmc6g5 gmail-cxmmr5t8 gmail-oygrvhab gmail-hcukyx3x gmail-c1et5uql gmail-ii04i59q\">\n<div class=\"page-title-head hgroup\">\n<div class=\"page-title-head hgroup\">\n<div class=\"b654a4as d2edcug0\">\n<div class=\"j83agx80 btwxx1t3 lhclo0ds hop8lmos nkwizq5d scwd0bx6 roh60bw9\">\n<div class=\"rq0escxv hkbzh7o3 jwdofwj8 n8tt0mok r8blr3vg hyh9befq\">\n<div class=\"do00u71z l9j0dhe7 k4urcfbm\">\n<blockquote>\n<h3><span style=\"color: #ff0000;\">\u00a0<\/span><\/h3>\n<h3><span style=\"color: #ff0000;\">IN VIVO VERSO, SETTIMA STAGIONE CON BRUNELLA MORO, DAL LUNEDI AL VENERDI ALLE 7.10, 10.10 E 18.50\u00a0\u00a0<\/span><\/h3>\n<h3><strong><a class=\"dt-pswp-item\" href=\"https:\/\/www.radiopiu.net\/wordpress\/wp-content\/uploads\/2022\/04\/5-federico-soppelsa-foto-I-ragazzi-della-via-Palu-2.jpg\" data-dt-img-description=\"\" data-large_image_width=\"800\" data-large_image_height=\"600\"><img loading=\"lazy\" decoding=\"async\" class=\"wp-image-268327 alignleft\" src=\"https:\/\/www.radiopiu.net\/wordpress\/wp-content\/uploads\/2022\/04\/5-federico-soppelsa-foto-I-ragazzi-della-via-Palu-2-300x225.jpg\" alt=\"\" width=\"169\" height=\"127\" srcset=\"https:\/\/www.radiopiu.net\/wordpress\/wp-content\/uploads\/2022\/04\/5-federico-soppelsa-foto-I-ragazzi-della-via-Palu-2-300x225.jpg 300w, https:\/\/www.radiopiu.net\/wordpress\/wp-content\/uploads\/2022\/04\/5-federico-soppelsa-foto-I-ragazzi-della-via-Palu-2-768x576.jpg 768w, https:\/\/www.radiopiu.net\/wordpress\/wp-content\/uploads\/2022\/04\/5-federico-soppelsa-foto-I-ragazzi-della-via-Palu-2.jpg 800w\" sizes=\"auto, (max-width: 169px) 100vw, 169px\" \/><\/a><\/strong>I RAGAZZI DI VIA PALU&#8217; di FEDERICO SOPPELSA<\/h3>\n<\/blockquote>\n<p><strong>AUDIO<\/strong><\/p>\n<audio class=\"wp-audio-shortcode\" id=\"audio-268227-18\" preload=\"none\" style=\"width: 100%;\" controls=\"controls\"><source type=\"audio\/mpeg\" src=\"https:\/\/www.radiopiu.net\/wordpress\/wp-content\/uploads\/2022\/03\/05-FEDERICO-SOPPELSA-I-RAGAZZI-DI-VIA-PALU.mp3?_=18\" \/><a href=\"https:\/\/www.radiopiu.net\/wordpress\/wp-content\/uploads\/2022\/03\/05-FEDERICO-SOPPELSA-I-RAGAZZI-DI-VIA-PALU.mp3\">https:\/\/www.radiopiu.net\/wordpress\/wp-content\/uploads\/2022\/03\/05-FEDERICO-SOPPELSA-I-RAGAZZI-DI-VIA-PALU.mp3<\/a><\/audio>\n<p>&nbsp;<\/p>\n<p>&nbsp;<\/p>\n<p><strong>LA RACCOLTA COMPLETA\u00a0<\/strong><\/p>\n<blockquote class=\"wp-embedded-content\" data-secret=\"5i9sqEZIrZ\"><p><a href=\"https:\/\/www.radiopiu.net\/wordpress\/in-vivo-verso\/\">In Vivo Verso<\/a><\/p><\/blockquote>\n<p><iframe loading=\"lazy\" class=\"wp-embedded-content\" sandbox=\"allow-scripts\" security=\"restricted\" style=\"position: absolute; clip: rect(1px, 1px, 1px, 1px);\" title=\"&#8220;In Vivo Verso&#8221; &#8212; Radio Pi\u00f9\" src=\"https:\/\/www.radiopiu.net\/wordpress\/in-vivo-verso\/embed\/#?secret=g5b62toOgf#?secret=5i9sqEZIrZ\" data-secret=\"5i9sqEZIrZ\" width=\"600\" height=\"338\" frameborder=\"0\" marginwidth=\"0\" marginheight=\"0\" scrolling=\"no\"><\/iframe><\/p>\n<p>&nbsp;<\/p>\n<hr \/>\n<p>&nbsp;<\/p>\n<h2><span style=\"color: #808000;\">GOCCE DI FILOSOFIA<\/span><\/h2>\n<p><em><strong>PUNTATA 170\u00a0 DEL 01 APRILE 2022<\/strong><\/em><\/p>\n<audio class=\"wp-audio-shortcode\" id=\"audio-268227-19\" preload=\"none\" style=\"width: 100%;\" controls=\"controls\"><source type=\"audio\/mpeg\" src=\"https:\/\/www.radiopiu.net\/wordpress\/wp-content\/uploads\/2022\/03\/FI5-3.mp3?_=19\" \/><a href=\"https:\/\/www.radiopiu.net\/wordpress\/wp-content\/uploads\/2022\/03\/FI5-3.mp3\">https:\/\/www.radiopiu.net\/wordpress\/wp-content\/uploads\/2022\/03\/FI5-3.mp3<\/a><\/audio>\n<p><strong>LA RACCOLTA COMPLETA<\/strong><\/p>\n<blockquote class=\"wp-embedded-content\" data-secret=\"xdhYjqRuT3\"><p><a href=\"https:\/\/www.radiopiu.net\/wordpress\/gocce-filosofia\/\">Gocce di filosofia, PRIMA E SECONDA STAGIONE 2022<\/a><\/p><\/blockquote>\n<p><iframe loading=\"lazy\" class=\"wp-embedded-content\" sandbox=\"allow-scripts\" security=\"restricted\" style=\"position: absolute; clip: rect(1px, 1px, 1px, 1px);\" title=\"&#8220;Gocce di filosofia, PRIMA E SECONDA STAGIONE 2022&#8221; &#8212; Radio Pi\u00f9\" src=\"https:\/\/www.radiopiu.net\/wordpress\/gocce-filosofia\/embed\/#?secret=vKxSAKk5HW#?secret=xdhYjqRuT3\" data-secret=\"xdhYjqRuT3\" width=\"600\" height=\"338\" frameborder=\"0\" marginwidth=\"0\" marginheight=\"0\" scrolling=\"no\"><\/iframe><\/p>\n<p>&nbsp;<\/p>\n<hr \/>\n<p>&nbsp;<\/p>\n<p>&nbsp;<\/p>\n<p><span style=\"color: #0000ff;\">MUSICA PIU&#8217;\u00a0<\/span><\/p>\n<p><a href=\"https:\/\/www.radiopiu.net\/wordpress\/giornale-radiopiu-20-settembre-2021-direttore-mirko-mezzacasa\/pp-79\/\" rel=\"attachment wp-att-232921\"><img loading=\"lazy\" decoding=\"async\" class=\"wp-image-232921 alignleft\" src=\"https:\/\/www.radiopiu.net\/wordpress\/wp-content\/uploads\/2021\/09\/pp-1-300x300.jpg\" alt=\"\" width=\"135\" height=\"135\" srcset=\"https:\/\/www.radiopiu.net\/wordpress\/wp-content\/uploads\/2021\/09\/pp-1-300x300.jpg 300w, https:\/\/www.radiopiu.net\/wordpress\/wp-content\/uploads\/2021\/09\/pp-1-150x150.jpg 150w, https:\/\/www.radiopiu.net\/wordpress\/wp-content\/uploads\/2021\/09\/pp-1.jpg 640w\" sizes=\"auto, (max-width: 135px) 100vw, 135px\" \/><\/a><\/p>\n<div class=\"mkdf-post-text\">\n<div class=\"mkdf-post-text-inner\">\n<div class=\"mkdf-post-text-main\">\n<div class=\"mkdf-post-text\">\n<div class=\"mkdf-post-text-inner\">\n<div class=\"mkdf-post-text-main\">\n<div class=\"mkdf-post-text\">\n<div class=\"mkdf-post-text-inner\">\n<div class=\"mkdf-post-text-main\">\n<div class=\"page-title-head hgroup\">\n<div class=\"page-title-head hgroup\">\n<div class=\"mkdf-post-text\">\n<div class=\"mkdf-post-text-inner\">\n<div class=\"mkdf-post-text-main\">\n<div class=\"mkdf-post-text\">\n<div class=\"mkdf-post-text-inner\">\n<div class=\"mkdf-post-text-main\">\n<div class=\"page-title-head hgroup\">\n<div class=\"page-title-head hgroup\">\n<div class=\"page-title-head hgroup\">\n<div class=\"page-title-head hgroup\">\n<div class=\"b654a4as d2edcug0\">\n<div class=\"page-title-head hgroup\">\n<div class=\"page-title-head hgroup\">\n<div class=\"page-title-head hgroup\">\n<div class=\"page-title-head hgroup\">\n<div class=\"b654a4as d2edcug0\">\n<div class=\"page-title-head hgroup\">\n<div class=\"page-title-head hgroup\">\n<div class=\"page-title-head hgroup\">\n<div class=\"page-title-head hgroup\">\n<div class=\"b654a4as d2edcug0\">\n<div class=\"mkdf-post-text\">\n<div class=\"mkdf-post-text-inner\">\n<div class=\"mkdf-post-text-main\">\n<div class=\"mkdf-post-text\">\n<div class=\"mkdf-post-text-inner\">\n<div class=\"mkdf-post-text-main\">\n<div class=\"mkdf-post-text\">\n<div class=\"mkdf-post-text-inner\">\n<div class=\"mkdf-post-text-main\">\n<div class=\"page-title-head hgroup\">\n<div class=\"page-title-head hgroup\">\n<div class=\"mkdf-post-text\">\n<div class=\"mkdf-post-text-inner\">\n<div class=\"mkdf-post-text-main\">\n<div class=\"mkdf-post-text\">\n<div class=\"mkdf-post-text-inner\">\n<div class=\"mkdf-post-text-main\">\n<div class=\"page-title-head hgroup\">\n<div class=\"page-title-head hgroup\">\n<div class=\"page-title-head hgroup\">\n<div class=\"page-title-head hgroup\">\n<div class=\"b654a4as d2edcug0\">\n<div class=\"page-title-head hgroup\">\n<div class=\"page-title-head hgroup\">\n<div class=\"page-title-head hgroup\">\n<div class=\"page-title-head hgroup\">\n<div class=\"b654a4as d2edcug0\">\n<div class=\"page-title-head hgroup\">\n<div class=\"page-title-head hgroup\">\n<div class=\"page-title-head hgroup\">\n<div class=\"page-title-head hgroup\">\n<div class=\"b654a4as d2edcug0\">\n<div><\/div>\n<div><\/div>\n<div>\n<p><strong>MUSICA ALLA RADIO, IL PROGRAMMA DI LORIS SCUSSEL &#8220;COLLAGE OPERAZIONE NOSTALGIA&#8221; DAL LUNEDI AL VENERDI ALLE 16.00\u00a0 E ALLE 23\u00a0<\/strong><\/p>\n<p>&nbsp;<\/p>\n<p><em><strong>PUNTATA 575 DEL 01 APRILE 2022<\/strong><\/em><\/p>\n<audio class=\"wp-audio-shortcode\" id=\"audio-268227-20\" preload=\"none\" style=\"width: 100%;\" controls=\"controls\"><source type=\"audio\/mpeg\" src=\"https:\/\/www.radiopiu.net\/wordpress\/wp-content\/uploads\/2022\/03\/Collage-575.mp3?_=20\" \/><a href=\"https:\/\/www.radiopiu.net\/wordpress\/wp-content\/uploads\/2022\/03\/Collage-575.mp3\">https:\/\/www.radiopiu.net\/wordpress\/wp-content\/uploads\/2022\/03\/Collage-575.mp3<\/a><\/audio>\n<\/div>\n<p>&nbsp;<\/p>\n<hr \/>\n<p>&nbsp;<\/p>\n<blockquote class=\"wp-embedded-content\" data-secret=\"T1gp2n97hi\"><p><a href=\"https:\/\/www.radiopiu.net\/wordpress\/esce-il-nuovo-singolo-di-lara-mira-che-reinterpreta-oro-di-mango\/\">ESCE IL NUOVO SINGOLO DI LARA MIRA CHE REINTERPRETA &#8220;ORO&#8221; DI MANGO<\/a><\/p><\/blockquote>\n<p><iframe loading=\"lazy\" class=\"wp-embedded-content\" sandbox=\"allow-scripts\" security=\"restricted\" style=\"position: absolute; clip: rect(1px, 1px, 1px, 1px);\" title=\"&#8220;ESCE IL NUOVO SINGOLO DI LARA MIRA CHE REINTERPRETA &#8220;ORO&#8221; DI MANGO&#8221; &#8212; Radio Pi\u00f9\" src=\"https:\/\/www.radiopiu.net\/wordpress\/esce-il-nuovo-singolo-di-lara-mira-che-reinterpreta-oro-di-mango\/embed\/#?secret=pXp1ty9LK3#?secret=T1gp2n97hi\" data-secret=\"T1gp2n97hi\" width=\"600\" height=\"338\" frameborder=\"0\" marginwidth=\"0\" marginheight=\"0\" scrolling=\"no\"><\/iframe><\/p>\n<p>&nbsp;<\/p>\n<hr \/>\n<\/div>\n<\/div>\n<\/div>\n<\/div>\n<\/div>\n<\/div>\n<\/div>\n<\/div>\n<\/div>\n<\/div>\n<\/div>\n<\/div>\n<\/div>\n<\/div>\n<\/div>\n<\/div>\n<\/div>\n<\/div>\n<\/div>\n<\/div>\n<\/div>\n<\/div>\n<\/div>\n<\/div>\n<\/div>\n<\/div>\n<\/div>\n<\/div>\n<\/div>\n<\/div>\n<\/div>\n<\/div>\n<\/div>\n<\/div>\n<\/div>\n<\/div>\n<\/div>\n<\/div>\n<\/div>\n<\/div>\n<\/div>\n<\/div>\n<\/div>\n<\/div>\n<\/div>\n<\/div>\n<\/div>\n<\/div>\n<\/div>\n<\/div>\n<\/div>\n<\/div>\n<\/div>\n<\/div>\n<\/div>\n<\/div>\n<\/div>\n<\/div>\n<\/div>\n<\/div>\n<\/div>\n<\/div>\n<\/div>\n<\/div>\n<p>&nbsp;<\/p>\n<blockquote>\n<h3><span style=\"color: #0000ff;\">INFORMAZIONE il canale su TELEGRAM informazione di prima mano e in tempo reale. iscriviti ed aiutaci a farlo conoscere\u00a0\u00a0<\/span><\/h3>\n<\/blockquote>\n<div>\n<div class=\"page-title-head hgroup\">\n<div class=\"page-title-head hgroup\">\n<div class=\"page-title-head hgroup\">\n<div class=\"page-title-head hgroup\">\n<div class=\"b654a4as d2edcug0\">\n<div class=\"page-title-head hgroup\">\n<div class=\"page-title-head hgroup\">\n<div class=\"page-title-head hgroup\">\n<div class=\"page-title-head hgroup\">\n<div class=\"b654a4as d2edcug0\">\n<div class=\"page-title-head hgroup\">\n<div class=\"page-title-head hgroup\">\n<div class=\"page-title-head hgroup\">\n<div class=\"page-title-head hgroup\">\n<div class=\"page-title-head hgroup\">\n<div class=\"page-title-head hgroup\">\n<div class=\"page-title-head hgroup\">\n<div class=\"page-title-head hgroup\">\n<div class=\"page-title-head hgroup\">\n<div class=\"b654a4as d2edcug0\">\n<div class=\"page-title-head hgroup\">\n<div class=\"page-title-head hgroup\">\n<div class=\"page-title-head hgroup\">\n<div class=\"page-title-head hgroup\">\n<div class=\"b654a4as d2edcug0\">\n<div>\n<p>&nbsp;<\/p>\n<\/div>\n<div>\n<div class=\"page-title-head hgroup\">\n<div class=\"page-title-head hgroup\">\n<div class=\"page-title-head hgroup\">\n<div class=\"page-title-head hgroup\">\n<div class=\"page-title-head hgroup\">\n<div class=\"b654a4as d2edcug0\">\n<div>\n<hr \/>\n<\/div>\n<\/div>\n<div>\n<div>\n<p>&nbsp;<\/p>\n<\/div>\n<div>\n<div class=\"mkdf-post-text\">\n<div class=\"mkdf-post-text-inner\">\n<div class=\"mkdf-post-text-main\">\n<div class=\"mkdf-post-text\">\n<div class=\"mkdf-post-text-inner\">\n<div class=\"mkdf-post-text-main\">\n<div class=\"mkdf-post-text\">\n<div class=\"mkdf-post-text-inner\">\n<div class=\"mkdf-post-text-main\">\n<div class=\"page-title-head hgroup\">\n<div class=\"page-title-head hgroup\">\n<div class=\"mkdf-post-text\">\n<div class=\"mkdf-post-text-inner\">\n<div class=\"mkdf-post-text-main\">\n<div class=\"mkdf-post-text\">\n<div class=\"mkdf-post-text-inner\">\n<div class=\"mkdf-post-text-main\">\n<div class=\"page-title-head hgroup\">\n<div class=\"page-title-head hgroup\">\n<div class=\"page-title-head hgroup\">\n<div class=\"page-title-head hgroup\">\n<div class=\"b654a4as d2edcug0\">\n<div class=\"page-title-head hgroup\">\n<div class=\"page-title-head hgroup\">\n<div class=\"page-title-head hgroup\">\n<div class=\"page-title-head hgroup\">\n<div class=\"b654a4as d2edcug0\">\n<div class=\"page-title-head hgroup\">\n<div class=\"page-title-head hgroup\">\n<div class=\"page-title-head hgroup\">\n<div class=\"page-title-head hgroup\">\n<div class=\"b654a4as d2edcug0\">\n<div>\n<div class=\"page-title-head hgroup\">\n<div class=\"page-title-head hgroup\">\n<div class=\"b654a4as d2edcug0\">\n<div class=\"j83agx80 btwxx1t3 lhclo0ds hop8lmos nkwizq5d scwd0bx6 roh60bw9\">\n<div class=\"rq0escxv hkbzh7o3 jwdofwj8 n8tt0mok r8blr3vg hyh9befq\">\n<div class=\"do00u71z l9j0dhe7 k4urcfbm\">\n<div class=\"ecm0bbzt e5nlhep0 a8c37x1j\">\n<div class=\"kvgmc6g5 cxmmr5t8 oygrvhab hcukyx3x c1et5uql\">\n<div class=\"gmail-kvgmc6g5 gmail-cxmmr5t8 gmail-oygrvhab gmail-hcukyx3x gmail-c1et5uql gmail-ii04i59q\">\n<div class=\"page-title-head hgroup\">\n<div class=\"page-title-head hgroup\">\n<div class=\"b654a4as d2edcug0\">\n<div class=\"j83agx80 btwxx1t3 lhclo0ds hop8lmos nkwizq5d scwd0bx6 roh60bw9\">\n<div class=\"rq0escxv hkbzh7o3 jwdofwj8 n8tt0mok r8blr3vg hyh9befq\">\n<div class=\"do00u71z l9j0dhe7 k4urcfbm\">\n<div>\n<div class=\"page-title-head hgroup\">\n<div class=\"page-title-head hgroup\">\n<div class=\"page-title-head hgroup\">\n<div class=\"page-title-head hgroup\">\n<div class=\"b654a4as d2edcug0\">\n<div class=\"page-title-head hgroup\">\n<div class=\"page-title-head hgroup\">\n<div class=\"page-title-head hgroup\">\n<div class=\"page-title-head hgroup\">\n<div class=\"b654a4as d2edcug0\">\n<div class=\"page-title-head hgroup\">\n<div class=\"page-title-head hgroup\">\n<div class=\"page-title-head hgroup\">\n<div class=\"page-title-head hgroup\">\n<div class=\"page-title-head hgroup\">\n<div class=\"page-title-head hgroup\">\n<div class=\"page-title-head hgroup\">\n<div class=\"page-title-head hgroup\">\n<div class=\"page-title-head hgroup\">\n<div class=\"b654a4as d2edcug0\">\n<div class=\"page-title-head hgroup\">\n<div class=\"page-title-head hgroup\">\n<div class=\"page-title-head hgroup\">\n<div class=\"page-title-head hgroup\">\n<div class=\"b654a4as d2edcug0\">\n<div>\n<div class=\"page-title-head hgroup\">\n<div class=\"page-title-head hgroup\">\n<div class=\"page-title-head hgroup\">\n<div class=\"page-title-head hgroup\">\n<div class=\"page-title-head hgroup\">\n<div>\n<div>\n<div>\n<div class=\"mkdf-post-text\">\n<div class=\"mkdf-post-text-inner\">\n<div class=\"mkdf-post-text-main\">\n<div class=\"mkdf-post-text\">\n<div class=\"mkdf-post-text-inner\">\n<div class=\"mkdf-post-text-main\">\n<div class=\"mkdf-post-text\">\n<div class=\"mkdf-post-text-inner\">\n<div class=\"mkdf-post-text-main\">\n<div class=\"page-title-head hgroup\">\n<div class=\"page-title-head hgroup\">\n<div class=\"mkdf-post-text\">\n<div class=\"mkdf-post-text-inner\">\n<div class=\"mkdf-post-text-main\">\n<div class=\"mkdf-post-text\">\n<div class=\"mkdf-post-text-inner\">\n<div class=\"mkdf-post-text-main\">\n<div class=\"page-title-head hgroup\">\n<div class=\"page-title-head hgroup\">\n<div class=\"page-title-head hgroup\">\n<div class=\"page-title-head hgroup\">\n<div class=\"b654a4as d2edcug0\">\n<div class=\"page-title-head hgroup\">\n<div class=\"page-title-head hgroup\">\n<div class=\"page-title-head hgroup\">\n<div class=\"page-title-head hgroup\">\n<div class=\"b654a4as d2edcug0\">\n<div class=\"page-title-head hgroup\">\n<div class=\"page-title-head hgroup\">\n<div class=\"page-title-head hgroup\">\n<div class=\"page-title-head hgroup\">\n<div class=\"b654a4as d2edcug0\">\n<div>\n<div>\n<p><strong>DUE MINUTI UN LIBRO, TUTTI I GIORNI ALLA RADIO ALLE 9.40 E ALLE 17.50\u00a0<\/strong><\/p>\n<div>\n<div>\n<p><strong>LA RACCOLTA COMPLETA\u00a0\u00a0<\/strong><\/p>\n<\/div>\n<div>\n<blockquote class=\"wp-embedded-content\" data-secret=\"oJpoEaetdI\"><p><a href=\"https:\/\/www.radiopiu.net\/wordpress\/due-minuti-un-libro\/\">Due minuti un libro<\/a><\/p><\/blockquote>\n<p><iframe loading=\"lazy\" class=\"wp-embedded-content\" sandbox=\"allow-scripts\" security=\"restricted\" style=\"position: absolute; clip: rect(1px, 1px, 1px, 1px);\" title=\"&#8220;Due minuti un libro&#8221; &#8212; Radio Pi\u00f9\" src=\"https:\/\/www.radiopiu.net\/wordpress\/due-minuti-un-libro\/embed\/#?secret=O6Dl4TFLuc#?secret=oJpoEaetdI\" data-secret=\"oJpoEaetdI\" width=\"600\" height=\"338\" frameborder=\"0\" marginwidth=\"0\" marginheight=\"0\" scrolling=\"no\"><\/iframe><\/p>\n<\/div>\n<\/div>\n<\/div>\n<div class=\"mkdf-post-text\">\n<div class=\"mkdf-post-text-inner\">\n<div class=\"mkdf-post-text-main\">\n<div class=\"mkdf-post-text\">\n<div class=\"mkdf-post-text-inner\">\n<div class=\"mkdf-post-text-main\">\n<div class=\"mkdf-post-text\">\n<div class=\"mkdf-post-text-inner\">\n<div class=\"mkdf-post-text-main\">\n<div class=\"page-title-head hgroup\">\n<div class=\"page-title-head hgroup\">\n<div class=\"mkdf-post-text\">\n<div class=\"mkdf-post-text-inner\">\n<div class=\"mkdf-post-text-main\">\n<div class=\"mkdf-post-text\">\n<div class=\"mkdf-post-text-inner\">\n<div class=\"mkdf-post-text-main\">\n<div class=\"page-title-head hgroup\">\n<div class=\"page-title-head hgroup\">\n<div class=\"page-title-head hgroup\">\n<div class=\"page-title-head hgroup\">\n<div class=\"b654a4as d2edcug0\">\n<div class=\"page-title-head hgroup\">\n<div class=\"page-title-head hgroup\">\n<div class=\"page-title-head hgroup\">\n<div class=\"page-title-head hgroup\">\n<div class=\"b654a4as d2edcug0\">\n<div class=\"page-title-head hgroup\">\n<div class=\"page-title-head hgroup\">\n<div class=\"page-title-head hgroup\">\n<div class=\"page-title-head hgroup\">\n<div class=\"b654a4as d2edcug0\">\n<div>\n<p>&nbsp;<\/p>\n<\/div>\n<div>\n<hr \/>\n<p>&nbsp;<\/p>\n<\/div>\n<h2><span style=\"color: #808000;\">L&#8217;ALMANACCO LADINO\u00a0\u00a0<\/span><\/h2>\n<p><em><strong>PUNTATA DEL 28 MARZO 2022<\/strong><\/em><\/p>\n<audio class=\"wp-audio-shortcode\" id=\"audio-268227-21\" preload=\"none\" style=\"width: 100%;\" controls=\"controls\"><source type=\"audio\/mpeg\" src=\"https:\/\/www.radiopiu.net\/wordpress\/wp-content\/uploads\/2022\/03\/80\u00b0Almanacco-Ladino_Fodom.mp3?_=21\" \/><a href=\"https:\/\/www.radiopiu.net\/wordpress\/wp-content\/uploads\/2022\/03\/80\u00b0Almanacco-Ladino_Fodom.mp3\">https:\/\/www.radiopiu.net\/wordpress\/wp-content\/uploads\/2022\/03\/80\u00b0Almanacco-Ladino_Fodom.mp3<\/a><\/audio>\n<p>&nbsp;<\/p>\n<p><strong>LA RACCOLTA<\/strong><\/p>\n<blockquote class=\"wp-embedded-content\" data-secret=\"ubJyUaLsSi\"><p><a href=\"https:\/\/www.radiopiu.net\/wordpress\/almanacco-ladino\/\">Almanacco Ladino<\/a><\/p><\/blockquote>\n<p><iframe loading=\"lazy\" class=\"wp-embedded-content\" sandbox=\"allow-scripts\" security=\"restricted\" style=\"position: absolute; clip: rect(1px, 1px, 1px, 1px);\" title=\"&#8220;Almanacco Ladino&#8221; &#8212; Radio Pi\u00f9\" src=\"https:\/\/www.radiopiu.net\/wordpress\/almanacco-ladino\/embed\/#?secret=kyfgYdaHLZ#?secret=ubJyUaLsSi\" data-secret=\"ubJyUaLsSi\" width=\"600\" height=\"338\" frameborder=\"0\" marginwidth=\"0\" marginheight=\"0\" scrolling=\"no\"><\/iframe><\/p>\n<p>&nbsp;<\/p>\n<p>&nbsp;<\/p>\n<hr \/>\n<h2><span style=\"color: #33cccc;\">\u00a0<\/span><\/h2>\n<h2><span style=\"color: #33cccc;\">LA RASSEGNA STAMPA DA L&#8217;AMICO DEL POPOLO<\/span><\/h2>\n<p><strong>LA RACCOLTA COMPLETA<\/strong><\/p>\n<blockquote class=\"wp-embedded-content\" data-secret=\"X8bpZwdBeX\"><p><a href=\"https:\/\/www.radiopiu.net\/wordpress\/rassegna-stampa-di-gianni-santomaso\/\">Rassegna stampa da l&#8217;amico del popolo &#8211; di Gianni Santomaso<\/a><\/p><\/blockquote>\n<p><iframe loading=\"lazy\" class=\"wp-embedded-content\" sandbox=\"allow-scripts\" security=\"restricted\" style=\"position: absolute; clip: rect(1px, 1px, 1px, 1px);\" title=\"&#8220;Rassegna stampa da l&#8217;amico del popolo &#8211; di Gianni Santomaso&#8221; &#8212; Radio Pi\u00f9\" src=\"https:\/\/www.radiopiu.net\/wordpress\/rassegna-stampa-di-gianni-santomaso\/embed\/#?secret=OT31NbYSYN#?secret=X8bpZwdBeX\" data-secret=\"X8bpZwdBeX\" width=\"600\" height=\"338\" frameborder=\"0\" marginwidth=\"0\" marginheight=\"0\" scrolling=\"no\"><\/iframe><\/p>\n<hr \/>\n<p>&nbsp;<\/p>\n<blockquote class=\"wp-embedded-content\" data-secret=\"3ySXbXsni7\"><p><a href=\"https:\/\/www.radiopiu.net\/wordpress\/raccoltaso1asaa\/\">LA RACCOLTA: 160 BATTUTE&#8230;SMS IN RIMA, di Sostene Schena<\/a><\/p><\/blockquote>\n<p><iframe loading=\"lazy\" class=\"wp-embedded-content\" sandbox=\"allow-scripts\" security=\"restricted\" style=\"position: absolute; clip: rect(1px, 1px, 1px, 1px);\" title=\"&#8220;LA RACCOLTA: 160 BATTUTE&#8230;SMS IN RIMA, di Sostene Schena&#8221; &#8212; Radio Pi\u00f9\" src=\"https:\/\/www.radiopiu.net\/wordpress\/raccoltaso1asaa\/embed\/#?secret=Smjotr6ute#?secret=3ySXbXsni7\" data-secret=\"3ySXbXsni7\" width=\"600\" height=\"338\" frameborder=\"0\" marginwidth=\"0\" marginheight=\"0\" scrolling=\"no\"><\/iframe><\/p>\n<p>&nbsp;<\/p>\n<hr \/>\n<p>&nbsp;<\/p>\n<div>\n<div class=\"page-title-head hgroup\">\n<div class=\"page-title-head hgroup\">\n<div class=\"b654a4as d2edcug0\">\n<div class=\"j83agx80 btwxx1t3 lhclo0ds hop8lmos nkwizq5d scwd0bx6 roh60bw9\">\n<div class=\"rq0escxv hkbzh7o3 jwdofwj8 n8tt0mok r8blr3vg hyh9befq\">\n<div class=\"do00u71z l9j0dhe7 k4urcfbm\">\n<div class=\"ecm0bbzt e5nlhep0 a8c37x1j\">\n<div class=\"kvgmc6g5 cxmmr5t8 oygrvhab hcukyx3x c1et5uql\">\n<div class=\"gmail-kvgmc6g5 gmail-cxmmr5t8 gmail-oygrvhab gmail-hcukyx3x gmail-c1et5uql gmail-ii04i59q\">\n<div class=\"page-title-head hgroup\">\n<div class=\"page-title-head hgroup\">\n<div class=\"b654a4as d2edcug0\">\n<div class=\"j83agx80 btwxx1t3 lhclo0ds hop8lmos nkwizq5d scwd0bx6 roh60bw9\">\n<div class=\"rq0escxv hkbzh7o3 jwdofwj8 n8tt0mok r8blr3vg hyh9befq\">\n<div class=\"do00u71z l9j0dhe7 k4urcfbm\">\n<div>\n<div class=\"page-title-head hgroup\">\n<div class=\"page-title-head hgroup\">\n<div class=\"page-title-head hgroup\">\n<div class=\"page-title-head hgroup\">\n<div class=\"b654a4as d2edcug0\">\n<div class=\"page-title-head hgroup\">\n<div class=\"page-title-head hgroup\">\n<div class=\"page-title-head hgroup\">\n<div class=\"page-title-head hgroup\">\n<div class=\"b654a4as d2edcug0\">\n<div class=\"page-title-head hgroup\">\n<div class=\"page-title-head hgroup\">\n<div class=\"page-title-head hgroup\">\n<div class=\"page-title-head hgroup\">\n<div class=\"page-title-head hgroup\">\n<div class=\"page-title-head hgroup\">\n<div class=\"page-title-head hgroup\">\n<div class=\"page-title-head hgroup\">\n<div class=\"page-title-head hgroup\">\n<div class=\"b654a4as d2edcug0\">\n<div class=\"page-title-head hgroup\">\n<div class=\"page-title-head hgroup\">\n<div class=\"page-title-head hgroup\">\n<div class=\"page-title-head hgroup\">\n<div class=\"b654a4as d2edcug0\">\n<div>\n<div class=\"page-title-head hgroup\">\n<div class=\"page-title-head hgroup\">\n<div class=\"page-title-head hgroup\">\n<div class=\"page-title-head hgroup\">\n<div class=\"page-title-head hgroup\">\n<div>\n<div>\n<div>\n<div class=\"mkdf-post-text\">\n<div class=\"mkdf-post-text-inner\">\n<div class=\"mkdf-post-text-main\">\n<div class=\"mkdf-post-text\">\n<div class=\"mkdf-post-text-inner\">\n<div class=\"mkdf-post-text-main\">\n<div class=\"mkdf-post-text\">\n<div class=\"mkdf-post-text-inner\">\n<div class=\"mkdf-post-text-main\">\n<div class=\"page-title-head hgroup\">\n<div class=\"page-title-head hgroup\">\n<div class=\"mkdf-post-text\">\n<div class=\"mkdf-post-text-inner\">\n<div class=\"mkdf-post-text-main\">\n<div class=\"mkdf-post-text\">\n<div class=\"mkdf-post-text-inner\">\n<div class=\"mkdf-post-text-main\">\n<div class=\"page-title-head hgroup\">\n<div class=\"page-title-head hgroup\">\n<div class=\"page-title-head hgroup\">\n<div class=\"page-title-head hgroup\">\n<div class=\"b654a4as d2edcug0\">\n<div class=\"page-title-head hgroup\">\n<div class=\"page-title-head hgroup\">\n<div class=\"page-title-head hgroup\">\n<div class=\"page-title-head hgroup\">\n<div class=\"b654a4as d2edcug0\">\n<div class=\"page-title-head hgroup\">\n<div class=\"page-title-head hgroup\">\n<div class=\"page-title-head hgroup\">\n<div class=\"page-title-head hgroup\">\n<div class=\"b654a4as d2edcug0\">\n<h2><span style=\"color: #800080;\">I RACCONTI DI PAOLO SOPPELSA\u00a0<\/span><\/h2>\n<p><strong>LA RACCOLTA COMPLETA<\/strong><\/p>\n<blockquote class=\"wp-embedded-content\" data-secret=\"vJqvcs8kKU\"><p><a href=\"https:\/\/www.radiopiu.net\/wordpress\/i-racconti-di-paolo-soppelsa\/\">I racconti di Paolo Soppelsa<\/a><\/p><\/blockquote>\n<p><iframe loading=\"lazy\" class=\"wp-embedded-content\" sandbox=\"allow-scripts\" security=\"restricted\" style=\"position: absolute; clip: rect(1px, 1px, 1px, 1px);\" title=\"&#8220;I racconti di Paolo Soppelsa&#8221; &#8212; Radio Pi\u00f9\" src=\"https:\/\/www.radiopiu.net\/wordpress\/i-racconti-di-paolo-soppelsa\/embed\/#?secret=pyiwWZ4Jvl#?secret=vJqvcs8kKU\" data-secret=\"vJqvcs8kKU\" width=\"600\" height=\"338\" frameborder=\"0\" marginwidth=\"0\" marginheight=\"0\" scrolling=\"no\"><\/iframe><\/p>\n<p>&nbsp;<\/p>\n<hr \/>\n<p>&nbsp;<\/p>\n<blockquote class=\"wp-embedded-content\" data-secret=\"upbfwwl4DZ\"><p><a href=\"https:\/\/www.radiopiu.net\/wordpress\/da-ieri-alla-radio-in-palinsesto-loris-e-maurizio-con-la-grande-musica\/\">IL BLUES ALLA RADIO &#8230; COME NON L&#8217;AVETE MAI SENTITO PRIMA<\/a><\/p><\/blockquote>\n<p><iframe loading=\"lazy\" class=\"wp-embedded-content\" sandbox=\"allow-scripts\" security=\"restricted\" style=\"position: absolute; clip: rect(1px, 1px, 1px, 1px);\" title=\"&#8220;IL BLUES ALLA RADIO &#8230; COME NON L&#8217;AVETE MAI SENTITO PRIMA&#8221; &#8212; Radio Pi\u00f9\" src=\"https:\/\/www.radiopiu.net\/wordpress\/da-ieri-alla-radio-in-palinsesto-loris-e-maurizio-con-la-grande-musica\/embed\/#?secret=6zGP6NiVib#?secret=upbfwwl4DZ\" data-secret=\"upbfwwl4DZ\" width=\"600\" height=\"338\" frameborder=\"0\" marginwidth=\"0\" marginheight=\"0\" scrolling=\"no\"><\/iframe><\/p>\n<p>&nbsp;<\/p>\n<hr \/>\n<p>&nbsp;<\/p>\n<\/div>\n<\/div>\n<\/div>\n<\/div>\n<\/div>\n<\/div>\n<\/div>\n<\/div>\n<\/div>\n<\/div>\n<\/div>\n<\/div>\n<\/div>\n<\/div>\n<\/div>\n<\/div>\n<\/div>\n<\/div>\n<\/div>\n<\/div>\n<\/div>\n<\/div>\n<\/div>\n<\/div>\n<\/div>\n<\/div>\n<\/div>\n<\/div>\n<\/div>\n<\/div>\n<\/div>\n<\/div>\n<\/div>\n<\/div>\n<\/div>\n<\/div>\n<\/div>\n<\/div>\n<\/div>\n<\/div>\n<\/div>\n<\/div>\n<\/div>\n<\/div>\n<\/div>\n<\/div>\n<\/div>\n<\/div>\n<\/div>\n<\/div>\n<\/div>\n<\/div>\n<\/div>\n<\/div>\n<\/div>\n<\/div>\n<\/div>\n<\/div>\n<\/div>\n<\/div>\n<\/div>\n<\/div>\n<\/div>\n<\/div>\n<\/div>\n<\/div>\n<\/div>\n<\/div>\n<\/div>\n<\/div>\n<\/div>\n<\/div>\n<\/div>\n<\/div>\n<\/div>\n<\/div>\n<\/div>\n<\/div>\n<\/div>\n<\/div>\n<\/div>\n<\/div>\n<\/div>\n<\/div>\n<\/div>\n<\/div>\n<\/div>\n<\/div>\n<\/div>\n<\/div>\n<\/div>\n<\/div>\n<\/div>\n<\/div>\n<\/div>\n<\/div>\n<\/div>\n<\/div>\n<\/div>\n<\/div>\n<\/div>\n<\/div>\n<\/div>\n<\/div>\n<\/div>\n<\/div>\n<\/div>\n<\/div>\n<\/div>\n<\/div>\n<\/div>\n<\/div>\n<\/div>\n<\/div>\n<\/div>\n<\/div>\n<p><a href=\"https:\/\/www.radiopiu.net\/wordpress\/giornale-radiopiu-26-settembre-2018-direttore-mirko-mezzacasa\/viabilita-2\/\" rel=\"attachment wp-att-61954\"><img loading=\"lazy\" decoding=\"async\" class=\"aligncenter wp-image-61954 size-full\" src=\"https:\/\/www.radiopiu.net\/wordpress\/wp-content\/uploads\/2018\/09\/viabilita.jpeg\" sizes=\"auto, (max-width: 800px) 100vw, 800px\" srcset=\"https:\/\/www.radiopiu.net\/wordpress\/wp-content\/uploads\/2018\/09\/viabilita.jpeg 800w, https:\/\/www.radiopiu.net\/wordpress\/wp-content\/uploads\/2018\/09\/viabilita-300x38.jpeg 300w, https:\/\/www.radiopiu.net\/wordpress\/wp-content\/uploads\/2018\/09\/viabilita-768x96.jpeg 768w\" alt=\"\" width=\"800\" height=\"100\" \/><\/a><\/p>\n<\/div>\n<\/div>\n<\/div>\n<\/div>\n<\/div>\n<\/div>\n<\/div>\n<\/div>\n<\/div>\n<\/div>\n<\/div>\n<\/div>\n<\/div>\n<\/div>\n<\/div>\n<\/div>\n<\/div>\n<\/div>\n<\/div>\n<\/div>\n<\/div>\n<\/div>\n<\/div>\n<\/div>\n<\/div>\n<\/div>\n<\/div>\n<\/div>\n<\/div>\n<\/div>\n<\/div>\n<\/div>\n<\/div>\n<\/div>\n<\/div>\n<\/div>\n<\/div>\n<\/div>\n<\/div>\n<\/div>\n<\/div>\n<\/div>\n<\/div>\n<\/div>\n<\/div>\n<\/div>\n<\/div>\n<\/div>\n<\/div>\n<\/div>\n<\/div>\n<\/div>\n<\/div>\n<\/div>\n<\/div>\n<\/div>\n<\/div>\n<\/div>\n<\/div>\n<\/div>\n<\/div>\n<\/div>\n<\/div>\n<\/div>\n<\/div>\n<\/div>\n<\/div>\n<\/div>\n<\/div>\n<\/div>\n<\/div>\n<\/div>\n<\/div>\n<\/div>\n<\/div>\n<\/div>\n<\/div>\n<\/div>\n<\/div>\n<\/div>\n<\/div>\n<\/div>\n<\/div>\n<div>\n<div class=\"page-title-head hgroup\">\n<div class=\"page-title-head hgroup\">\n<div class=\"b654a4as d2edcug0\">\n<div class=\"j83agx80 btwxx1t3 lhclo0ds hop8lmos nkwizq5d scwd0bx6 roh60bw9\">\n<div class=\"rq0escxv hkbzh7o3 jwdofwj8 n8tt0mok r8blr3vg hyh9befq\">\n<div class=\"do00u71z l9j0dhe7 k4urcfbm\">\n<div class=\"ecm0bbzt e5nlhep0 a8c37x1j\">\n<div class=\"kvgmc6g5 cxmmr5t8 oygrvhab hcukyx3x c1et5uql\">\n<div class=\"gmail-kvgmc6g5 gmail-cxmmr5t8 gmail-oygrvhab gmail-hcukyx3x gmail-c1et5uql gmail-ii04i59q\">\n<div class=\"page-title-head hgroup\">\n<div class=\"page-title-head hgroup\">\n<div class=\"b654a4as d2edcug0\">\n<div class=\"j83agx80 btwxx1t3 lhclo0ds hop8lmos nkwizq5d scwd0bx6 roh60bw9\">\n<div class=\"rq0escxv hkbzh7o3 jwdofwj8 n8tt0mok r8blr3vg hyh9befq\">\n<div class=\"do00u71z l9j0dhe7 k4urcfbm\">\n<div class=\"page-title-head hgroup\">\n<div class=\"page-title-head hgroup\">\n<div class=\"page-title-head hgroup\">\n<div class=\"page-title-head hgroup\">\n<div class=\"b654a4as d2edcug0\">\n<div class=\"page-title-head hgroup\">\n<div class=\"page-title-head hgroup\">\n<div class=\"page-title-head hgroup\">\n<div class=\"page-title-head hgroup\">\n<div class=\"b654a4as d2edcug0\">\n<div class=\"page-title-head hgroup\">\n<div class=\"page-title-head hgroup\">\n<div class=\"page-title-head hgroup\">\n<div class=\"page-title-head hgroup\">\n<div class=\"page-title-head hgroup\">\n<div class=\"page-title-head hgroup\">\n<div class=\"page-title-head hgroup\">\n<div class=\"page-title-head hgroup\">\n<div class=\"page-title-head hgroup\">\n<div class=\"b654a4as d2edcug0\">\n<div class=\"page-title-head hgroup\">\n<div class=\"page-title-head hgroup\">\n<div class=\"page-title-head hgroup\">\n<div class=\"page-title-head hgroup\">\n<div class=\"b654a4as d2edcug0\">\n<div class=\"page-title-head hgroup\">\n<div class=\"page-title-head hgroup\">\n<div class=\"page-title-head hgroup\">\n<div class=\"page-title-head hgroup\">\n<div class=\"page-title-head hgroup\">\n<div class=\"mkdf-post-text\">\n<div class=\"mkdf-post-text-inner\">\n<div class=\"mkdf-post-text-main\">\n<div class=\"mkdf-post-text\">\n<div class=\"mkdf-post-text-inner\">\n<div class=\"mkdf-post-text-main\">\n<div class=\"mkdf-post-text\">\n<div class=\"mkdf-post-text-inner\">\n<div class=\"mkdf-post-text-main\">\n<div class=\"page-title-head hgroup\">\n<div class=\"page-title-head hgroup\">\n<div class=\"mkdf-post-text\">\n<div class=\"mkdf-post-text-inner\">\n<div class=\"mkdf-post-text-main\">\n<div class=\"mkdf-post-text\">\n<div class=\"mkdf-post-text-inner\">\n<div class=\"mkdf-post-text-main\">\n<div class=\"page-title-head hgroup\">\n<div class=\"page-title-head hgroup\">\n<div class=\"page-title-head hgroup\">\n<div class=\"page-title-head hgroup\">\n<div class=\"b654a4as d2edcug0\">\n<div class=\"page-title-head hgroup\">\n<div class=\"page-title-head hgroup\">\n<div class=\"page-title-head hgroup\">\n<div class=\"page-title-head hgroup\">\n<div class=\"b654a4as d2edcug0\">\n<div class=\"page-title-head hgroup\">\n<div class=\"page-title-head hgroup\">\n<div class=\"page-title-head hgroup\">\n<div class=\"page-title-head hgroup\">\n<div class=\"b654a4as d2edcug0\">\n<div class=\"ecm0bbzt e5nlhep0 a8c37x1j\">\n<div class=\"kvgmc6g5 cxmmr5t8 oygrvhab hcukyx3x c1et5uql\">\n<div class=\"gmail-kvgmc6g5 gmail-cxmmr5t8 gmail-oygrvhab gmail-hcukyx3x gmail-c1et5uql gmail-ii04i59q\">\n<div class=\"page-title-head hgroup\">\n<div class=\"page-title-head hgroup\">\n<div class=\"b654a4as d2edcug0\">\n<div class=\"j83agx80 btwxx1t3 lhclo0ds hop8lmos nkwizq5d scwd0bx6 roh60bw9\">\n<div class=\"rq0escxv hkbzh7o3 jwdofwj8 n8tt0mok r8blr3vg hyh9befq\">\n<div class=\"do00u71z l9j0dhe7 k4urcfbm\">\n<div class=\"page-title-head hgroup\">\n<div class=\"page-title-head hgroup\">\n<div class=\"page-title-head hgroup\">\n<div class=\"page-title-head hgroup\">\n<div class=\"b654a4as d2edcug0\">\n<div class=\"page-title-head hgroup\">\n<div class=\"page-title-head hgroup\">\n<div class=\"page-title-head hgroup\">\n<div class=\"page-title-head hgroup\">\n<div class=\"b654a4as d2edcug0\">\n<div class=\"page-title-head hgroup\">\n<div class=\"page-title-head hgroup\">\n<div class=\"page-title-head hgroup\">\n<div class=\"page-title-head hgroup\">\n<div class=\"page-title-head hgroup\">\n<div class=\"page-title-head hgroup\">\n<div class=\"page-title-head hgroup\">\n<div class=\"page-title-head hgroup\">\n<div class=\"page-title-head hgroup\">\n<div class=\"b654a4as d2edcug0\">\n<div class=\"page-title-head hgroup\">\n<div class=\"page-title-head hgroup\">\n<div class=\"page-title-head hgroup\">\n<div class=\"page-title-head hgroup\">\n<div class=\"b654a4as d2edcug0\">\n<div class=\"page-title-head hgroup\">\n<div class=\"page-title-head hgroup\">\n<div class=\"page-title-head hgroup\">\n<div class=\"page-title-head hgroup\">\n<div class=\"page-title-head hgroup\">\n<div class=\"mkdf-post-text\">\n<div class=\"mkdf-post-text-inner\">\n<div class=\"mkdf-post-text-main\">\n<div class=\"mkdf-post-text\">\n<div class=\"mkdf-post-text-inner\">\n<div class=\"mkdf-post-text-main\">\n<div class=\"mkdf-post-text\">\n<div class=\"mkdf-post-text-inner\">\n<div class=\"mkdf-post-text-main\">\n<div class=\"page-title-head hgroup\">\n<div class=\"page-title-head hgroup\">\n<div class=\"mkdf-post-text\">\n<div class=\"mkdf-post-text-inner\">\n<div class=\"mkdf-post-text-main\">\n<div class=\"mkdf-post-text\">\n<div class=\"mkdf-post-text-inner\">\n<div class=\"mkdf-post-text-main\">\n<div class=\"page-title-head hgroup\">\n<div class=\"page-title-head hgroup\">\n<div class=\"page-title-head hgroup\">\n<div class=\"page-title-head hgroup\">\n<div class=\"b654a4as d2edcug0\">\n<div class=\"page-title-head hgroup\">\n<div class=\"page-title-head hgroup\">\n<div class=\"page-title-head hgroup\">\n<div class=\"page-title-head hgroup\">\n<div class=\"b654a4as d2edcug0\">\n<div class=\"page-title-head hgroup\">\n<div class=\"page-title-head hgroup\">\n<div class=\"page-title-head hgroup\">\n<div class=\"page-title-head hgroup\">\n<div class=\"b654a4as d2edcug0\">\n<p>&nbsp;<\/p>\n<p>&nbsp;<\/p>\n<blockquote class=\"wp-embedded-content\" data-secret=\"NMEuzAQLZo\"><p><a href=\"https:\/\/www.radiopiu.net\/wordpress\/viabilita\/\">viabilita<\/a><\/p><\/blockquote>\n<p><iframe loading=\"lazy\" class=\"wp-embedded-content\" sandbox=\"allow-scripts\" security=\"restricted\" style=\"position: absolute; clip: rect(1px, 1px, 1px, 1px);\" title=\"&#8220;viabilita&#8221; &#8212; Radio Pi\u00f9\" src=\"https:\/\/www.radiopiu.net\/wordpress\/viabilita\/embed\/#?secret=IaFhfAFfyC#?secret=NMEuzAQLZo\" data-secret=\"NMEuzAQLZo\" width=\"600\" height=\"338\" frameborder=\"0\" marginwidth=\"0\" marginheight=\"0\" scrolling=\"no\"><\/iframe><\/p>\n<p>&nbsp;<\/p>\n<p>&nbsp;<\/p>\n<hr \/>\n<\/div>\n<\/div>\n<\/div>\n<\/div>\n<\/div>\n<\/div>\n<\/div>\n<\/div>\n<\/div>\n<\/div>\n<\/div>\n<\/div>\n<\/div>\n<\/div>\n<\/div>\n<\/div>\n<\/div>\n<\/div>\n<\/div>\n<\/div>\n<\/div>\n<\/div>\n<\/div>\n<\/div>\n<\/div>\n<\/div>\n<\/div>\n<\/div>\n<\/div>\n<\/div>\n<\/div>\n<\/div>\n<\/div>\n<\/div>\n<\/div>\n<\/div>\n<\/div>\n<\/div>\n<\/div>\n<\/div>\n<\/div>\n<\/div>\n<\/div>\n<\/div>\n<\/div>\n<\/div>\n<\/div>\n<\/div>\n<\/div>\n<\/div>\n<\/div>\n<\/div>\n<\/div>\n<\/div>\n<\/div>\n<\/div>\n<\/div>\n<\/div>\n<\/div>\n<\/div>\n<\/div>\n<\/div>\n<\/div>\n<\/div>\n<\/div>\n<\/div>\n<\/div>\n<\/div>\n<\/div>\n<\/div>\n<\/div>\n<\/div>\n<\/div>\n<\/div>\n<\/div>\n<\/div>\n<\/div>\n<\/div>\n<\/div>\n<\/div>\n<\/div>\n<\/div>\n<\/div>\n<\/div>\n<\/div>\n<\/div>\n<\/div>\n<\/div>\n<\/div>\n<\/div>\n<\/div>\n<\/div>\n<\/div>\n<\/div>\n<\/div>\n<\/div>\n<\/div>\n<\/div>\n<\/div>\n<\/div>\n<\/div>\n<\/div>\n<\/div>\n<\/div>\n<\/div>\n<\/div>\n<\/div>\n<\/div>\n<\/div>\n<\/div>\n<\/div>\n<\/div>\n<\/div>\n<\/div>\n<\/div>\n<\/div>\n<\/div>\n<\/div>\n<\/div>\n<\/div>\n<\/div>\n<\/div>\n<\/div>\n<\/div>\n<\/div>\n<\/div>\n<\/div>\n<\/div>\n<\/div>\n<\/div>\n<\/div>\n<\/div>\n<\/div>\n<\/div>\n<\/div>\n<\/div>\n<\/div>\n<\/div>\n<\/div>\n<\/div>\n<\/div>\n<\/div>\n<\/div>\n<\/div>\n<\/div>\n<\/div>\n<\/div>\n<\/div>\n<\/div>\n<p>&nbsp;<\/p>\n<div>\n<div class=\"page-title-head hgroup\">\n<div class=\"page-title-head hgroup\">\n<div class=\"b654a4as d2edcug0\">\n<div class=\"j83agx80 btwxx1t3 lhclo0ds hop8lmos nkwizq5d scwd0bx6 roh60bw9\">\n<div class=\"rq0escxv hkbzh7o3 jwdofwj8 n8tt0mok r8blr3vg hyh9befq\">\n<div class=\"do00u71z l9j0dhe7 k4urcfbm\">\n<div class=\"page-title-head hgroup\">\n<div class=\"page-title-head hgroup\">\n<div class=\"b654a4as d2edcug0\">\n<div class=\"j83agx80 btwxx1t3 lhclo0ds hop8lmos nkwizq5d scwd0bx6 roh60bw9\">\n<div class=\"rq0escxv hkbzh7o3 jwdofwj8 n8tt0mok r8blr3vg hyh9befq\">\n<div class=\"do00u71z l9j0dhe7 k4urcfbm\">\n<div class=\"ecm0bbzt e5nlhep0 a8c37x1j\">\n<div class=\"kvgmc6g5 cxmmr5t8 oygrvhab hcukyx3x c1et5uql\">\n<div class=\"gmail-kvgmc6g5 gmail-cxmmr5t8 gmail-oygrvhab gmail-hcukyx3x gmail-c1et5uql gmail-ii04i59q\">\n<div class=\"page-title-head hgroup\">\n<div class=\"page-title-head hgroup\">\n<div class=\"b654a4as d2edcug0\">\n<div class=\"j83agx80 btwxx1t3 lhclo0ds hop8lmos nkwizq5d scwd0bx6 roh60bw9\">\n<div class=\"rq0escxv hkbzh7o3 jwdofwj8 n8tt0mok r8blr3vg hyh9befq\">\n<div class=\"do00u71z l9j0dhe7 k4urcfbm\">\n<div class=\"page-title-head hgroup\">\n<div class=\"page-title-head hgroup\">\n<div class=\"b654a4as d2edcug0\">\n<div class=\"j83agx80 btwxx1t3 lhclo0ds hop8lmos nkwizq5d scwd0bx6 roh60bw9\">\n<div class=\"rq0escxv hkbzh7o3 jwdofwj8 n8tt0mok r8blr3vg hyh9befq\">\n<div class=\"do00u71z l9j0dhe7 k4urcfbm\">\n<div>\n<div class=\"page-title-head hgroup\">\n<div class=\"page-title-head hgroup\">\n<div class=\"b654a4as d2edcug0\">\n<div class=\"j83agx80 btwxx1t3 lhclo0ds hop8lmos nkwizq5d scwd0bx6 roh60bw9\">\n<div class=\"rq0escxv hkbzh7o3 jwdofwj8 n8tt0mok r8blr3vg hyh9befq\">\n<div class=\"do00u71z l9j0dhe7 k4urcfbm\">\n<div class=\"ecm0bbzt e5nlhep0 a8c37x1j\">\n<div class=\"kvgmc6g5 cxmmr5t8 oygrvhab hcukyx3x c1et5uql\">\n<div class=\"gmail-kvgmc6g5 gmail-cxmmr5t8 gmail-oygrvhab gmail-hcukyx3x gmail-c1et5uql gmail-ii04i59q\">\n<div class=\"page-title-head hgroup\">\n<div class=\"page-title-head hgroup\">\n<div class=\"b654a4as d2edcug0\">\n<div class=\"j83agx80 btwxx1t3 lhclo0ds hop8lmos nkwizq5d scwd0bx6 roh60bw9\">\n<div class=\"rq0escxv hkbzh7o3 jwdofwj8 n8tt0mok r8blr3vg hyh9befq\">\n<div class=\"do00u71z l9j0dhe7 k4urcfbm\">\n<div class=\"page-title-head hgroup\">\n<div class=\"page-title-head hgroup\">\n<div class=\"page-title-head hgroup\">\n<div class=\"page-title-head hgroup\">\n<div class=\"b654a4as d2edcug0\">\n<div class=\"page-title-head hgroup\">\n<div class=\"page-title-head hgroup\">\n<div class=\"page-title-head hgroup\">\n<div class=\"page-title-head hgroup\">\n<div class=\"b654a4as d2edcug0\">\n<div class=\"page-title-head hgroup\">\n<div class=\"page-title-head hgroup\">\n<div class=\"page-title-head hgroup\">\n<div class=\"page-title-head hgroup\">\n<div class=\"page-title-head hgroup\">\n<div class=\"page-title-head hgroup\">\n<div class=\"page-title-head hgroup\">\n<div class=\"page-title-head hgroup\">\n<div class=\"page-title-head hgroup\">\n<div class=\"b654a4as d2edcug0\">\n<div class=\"page-title-head hgroup\">\n<div class=\"page-title-head hgroup\">\n<div class=\"page-title-head hgroup\">\n<div class=\"page-title-head hgroup\">\n<div class=\"b654a4as d2edcug0\">\n<div class=\"page-title-head hgroup\">\n<div class=\"page-title-head hgroup\">\n<div class=\"page-title-head hgroup\">\n<div class=\"page-title-head hgroup\">\n<div class=\"page-title-head hgroup\">\n<div class=\"mkdf-post-text\">\n<div class=\"mkdf-post-text-inner\">\n<div class=\"mkdf-post-text-main\">\n<div class=\"mkdf-post-text\">\n<div class=\"mkdf-post-text-inner\">\n<div class=\"mkdf-post-text-main\">\n<div class=\"mkdf-post-text\">\n<div class=\"mkdf-post-text-inner\">\n<div class=\"mkdf-post-text-main\">\n<div class=\"page-title-head hgroup\">\n<div class=\"page-title-head hgroup\">\n<div class=\"mkdf-post-text\">\n<div class=\"mkdf-post-text-inner\">\n<div class=\"mkdf-post-text-main\">\n<div class=\"mkdf-post-text\">\n<div class=\"mkdf-post-text-inner\">\n<div class=\"mkdf-post-text-main\">\n<div class=\"page-title-head hgroup\">\n<div class=\"page-title-head hgroup\">\n<div class=\"page-title-head hgroup\">\n<div class=\"page-title-head hgroup\">\n<div class=\"b654a4as d2edcug0\">\n<div class=\"page-title-head hgroup\">\n<div class=\"page-title-head hgroup\">\n<div class=\"page-title-head hgroup\">\n<div class=\"page-title-head hgroup\">\n<div class=\"b654a4as d2edcug0\">\n<div class=\"page-title-head hgroup\">\n<div class=\"page-title-head hgroup\">\n<div class=\"page-title-head hgroup\">\n<div class=\"page-title-head hgroup\">\n<div class=\"b654a4as d2edcug0\">\n<div class=\"ecm0bbzt e5nlhep0 a8c37x1j\">\n<div class=\"kvgmc6g5 cxmmr5t8 oygrvhab hcukyx3x c1et5uql\">\n<div class=\"gmail-kvgmc6g5 gmail-cxmmr5t8 gmail-oygrvhab gmail-hcukyx3x gmail-c1et5uql gmail-ii04i59q\">\n<div class=\"page-title-head hgroup\">\n<div class=\"page-title-head hgroup\">\n<div class=\"b654a4as d2edcug0\">\n<div class=\"j83agx80 btwxx1t3 lhclo0ds hop8lmos nkwizq5d scwd0bx6 roh60bw9\">\n<div class=\"rq0escxv hkbzh7o3 jwdofwj8 n8tt0mok r8blr3vg hyh9befq\">\n<div class=\"do00u71z l9j0dhe7 k4urcfbm\">\n<div class=\"page-title-head hgroup\">\n<div class=\"page-title-head hgroup\">\n<div class=\"page-title-head hgroup\">\n<div class=\"page-title-head hgroup\">\n<div class=\"b654a4as d2edcug0\">\n<div class=\"page-title-head hgroup\">\n<div class=\"page-title-head hgroup\">\n<div class=\"page-title-head hgroup\">\n<div class=\"page-title-head hgroup\">\n<div class=\"b654a4as d2edcug0\">\n<div class=\"page-title-head hgroup\">\n<div class=\"page-title-head hgroup\">\n<div class=\"page-title-head hgroup\">\n<div class=\"page-title-head hgroup\">\n<div class=\"page-title-head hgroup\">\n<div class=\"page-title-head hgroup\">\n<div class=\"page-title-head hgroup\">\n<div class=\"page-title-head hgroup\">\n<div class=\"page-title-head hgroup\">\n<div class=\"b654a4as d2edcug0\">\n<div class=\"page-title-head hgroup\">\n<div class=\"page-title-head hgroup\">\n<div class=\"page-title-head hgroup\">\n<div class=\"page-title-head hgroup\">\n<div class=\"b654a4as d2edcug0\">\n<div class=\"page-title-head hgroup\">\n<div class=\"page-title-head hgroup\">\n<div class=\"page-title-head hgroup\">\n<div class=\"page-title-head hgroup\">\n<div class=\"page-title-head hgroup\">\n<div class=\"mkdf-post-text\">\n<div class=\"mkdf-post-text-inner\">\n<div class=\"mkdf-post-text-main\">\n<div class=\"mkdf-post-text\">\n<div class=\"mkdf-post-text-inner\">\n<div class=\"mkdf-post-text-main\">\n<div class=\"mkdf-post-text\">\n<div class=\"mkdf-post-text-inner\">\n<div class=\"mkdf-post-text-main\">\n<div class=\"page-title-head hgroup\">\n<div class=\"page-title-head hgroup\">\n<div class=\"mkdf-post-text\">\n<div class=\"mkdf-post-text-inner\">\n<div class=\"mkdf-post-text-main\">\n<div class=\"mkdf-post-text\">\n<div class=\"mkdf-post-text-inner\">\n<div class=\"mkdf-post-text-main\">\n<div class=\"page-title-head hgroup\">\n<div class=\"page-title-head hgroup\">\n<div class=\"page-title-head hgroup\">\n<div class=\"page-title-head hgroup\">\n<div class=\"b654a4as d2edcug0\">\n<div class=\"page-title-head hgroup\">\n<div class=\"page-title-head hgroup\">\n<div class=\"page-title-head hgroup\">\n<div class=\"page-title-head hgroup\">\n<div class=\"b654a4as d2edcug0\">\n<div class=\"page-title-head hgroup\">\n<div class=\"page-title-head hgroup\">\n<div class=\"page-title-head hgroup\">\n<div class=\"page-title-head hgroup\">\n<div class=\"b654a4as d2edcug0\">\n<blockquote>\n<h3>IL SESTO ITINERARIO DEL PARCO: LA VIA DEGLI OSPIZI SU ANTICHE TRACCE DI VIANDANTI IN VAL CORDEVOLE<\/h3>\n<\/blockquote>\n<p><strong>di\u00a0 RENATO BONA<\/strong><\/p>\n<p>E\u2019 intitolato \u201cLa via degli ospizi. Sulle antiche tracce di viandanti in Val Cordevole\u201d il sesto ed ultimo libro-guida con la serie di itinerari nel Parco nazionale Dolomiti Bellunesi, realizzato da Tito De Nardin, Gianni Poloniato e Giovanni Tomasi nel 2002 per l\u2019Ente Parco, con Duck edizioni, stampa di Promoduck di Santa Giustina, fotografie di Poloniato, Archivio di Stato, Flavio Cafiero, Tiziana Conte, Roberto Dalla Cort, Guido Fabbrica, Giorgio Fontanive, Enrico Vettorazzo. In copertina riproduzione di: \u201cAgre, particolare\u201d da \u201cCatastico de beni di Vedana 1703\u201d. Hanno collaborato: Francesco Bacchetti, Sante Bortolami, Giuseppe Campagnari, Lisetta Casal, Eva Casanova, Tiziana Conte, don Francesco De Luca, Gianni De Vecchi, Guido Fabbrica, Giorgio Fontanive, Franco Frison, Maurizio Olivotto, Luisella Salce, Bianca Simonato, Federico Velluti, Enrico Vettorazzo, Guido Zasio. Come nelle altre cinque pubblicazioni, presentazione dell\u2019allora presidente dell\u2019Ente P arco, Valter Bonan, il quale esprimeva la convinzione che \u201cLa via degli Ospizi \u00e8 forse l\u2019itinerario tematico che, nella sua unitariet\u00e0, meglio rappresenta e pi\u00f9 sintetizza la diversit\u00e0, l\u2019integrazione e la ricchezza di straordinari valori ambientali, storici e culturali presenti nel Parco nazionale Dolomiti Bellunesi\u201d evidenziando poi che \u201cil Parco, in collaborazione con altri enti ed istituzioni, con numerosi progetti su fondi europei sta valorizzando questi luoghi e restaurando tutti questi edifici per restituirli alla loro originaria funzione di accoglienza ed ospitalit\u00e0 e destinarli ad un\u2019innovativa missione di testimonianze vitali delle nostre comunit\u00e0 che intendono darsi un futuro a partire dalla propria memoria e da una ritrovata capacit\u00e0 di collaborare con la natura\u201d. Dal canto suo Sante Bortolami sottolineava come la guida: \u201c\u2026ricorda in modo essenziale ma efficace anche la storia e la realt\u00e0 presente di questo sistema \u2018leggero\u2019 e insieme tenace di luoghi un po\u2019 albergo, un po\u2019 ospedale e un po\u2019 chiesa che hanno funzionato come piccoli fari nella quotidiana esperienza di vita e di lavoro della gente di montagna\u2026\u201d. Nell\u2019introduzione, De Martin, Poloniato, Tomasi precisavano che \u201cLa via degli ospizi individua e ripropone l\u2019antico tracciato di collegamento tra la Val Belluna e l\u2019Agordino, sul versante destro orograficio della Valle del Cordevole\u2026 si sviluppa interamente entro il perimetro del Parco, alle falde dei selvaggi Monti del Sole, in ambiti di notevole interesse naturalistico e\u2026 offre anche l\u2019occasione di ammirare una flora di notevole interesse (specie rare ed endemismi), particolari aspetti della vegetazione (comunit\u00e0 degli ambienti rupestri e delle forre) e non rari sono gli incontri con la fauna selvatica, soprattutto con numerose specie di uccelli, con caprioli e, a quote insolitamente basse con i camosci\u201d. Il tracciato ha uno sviluppo complessivo di circa 20 chilometri e quota minima di 395 metri con altitudine massima di 750 (localit\u00e0 Le Fratte). Una puntualizzazione: percorrere integralmente la\u201dVia degli ospizi\u201d necessita di un\u2019intera giornata di cammino tuttavia \u00e8 consigliabile affrontare l\u2019itinerario con maggiore tranquillit\u00e0 suddividendo la traversata in due o tre segmenti: Vedana-Candaten, Candaten-Agre, Agre-Le Miniere perch\u00e9 \u201csolo con la dovuta calma si potranno cogliere le peculiarit\u00e0 ambientali e le numerose tracce della frequentazione umana e delle vicende che hanno animato questi luoghi nel corso dei secoli\u201d. Confidando con questa rilettura del libro-guida che abbiamo qui proposto di aver suscitato o risvegliato l\u2019interesse degli appassionati, e per chiare ragioni di spazio, non entriamo nel dettaglio delle singole tappe, limitandoci ad elencare i capitoli, tutti decisamente accattivanti, dell\u2019importante lavoro di Tito De Nardin, Gianni Poloniato e Giovanni Tomasi: per la parte che riferisce di \u201cUn antico transito\u201d ecco: \u201cLe origini dell\u2019ospizio di Vedana\u201d, \u201cLe origini dell\u2019ospizio di Cand\u00e0ten\u201d, \u201cLe origini dell\u2019ospizio di Agre\u201d, \u201cLe confraternite\u201d, \u201cI Certosini\u201d. Per quella relativa all\u2019\u201cItinerario\u201d: \u201cLa Certosa di Vedana\u201d, \u201cDa Vedana a San Gottardo\u201d, \u201cSan Gottardo\u201d, \u201cDa San Gottardo a Cand\u00e0ten\u201d, \u201cCand\u00e0ten\u201d, \u201cDa Cand\u00e0ten alla Val Pegol\u00e8ra\u201d, \u201cVal Pegol\u00e8ra\u201d, \u201cDa Val Pegol\u00e8ra ad Agre\u201d, \u201cAgre\u201d, \u201cDa Agre a Castel Agordino\u201d, \u201cCastel Agordino\u201d, \u201cDa Castel Agordino alle Miniere di Val Imperina\u201d, \u201cMiniere di Val Imperina\u201d. NELLE FOTO (riproduzioni dal libro-guida \u201cLa via degli ospizi\u201d): copertina della pubblicazione; la Certosa di Vedana; litografia di Marco Moro, 1876: in primo piano il Cordevole, a sinistra il complesso dell\u2019ex certosa di Vedana, a destra l\u2019abitato di San Gottardo; l\u2019abitato di San Gottardo nell\u2019immagine di inizi \u2018900 con alcuni frati in passeggiata, a destra il portico, purtroppo abbattuto; \u201cAi Saletti: case coloniche, teza e stalle, chiesura e cortivo\u201d (da Catastico de beni di Vedana 1703); \u201cCandaten: case coloniche, tieza e stalle con chiesa di ragione del Monastero e fondo prativo che resta diseparato dalla strada, con alberi come si vede in disegno\u2026\u201d, sempre dal Catastico; tratto del percorso scavato nella roccia presso il Vai\u00f3n; pineta di silvestre nei pressi del ponticello sul Rio Pegolera; le suggestive distese prative di Agre; l\u2019ospizio di Agre; la valle del Cordevole nei pressi di Agre nella cartolina del bellunese Breveglieri di inizi \u2018900; 1640: Castel Agordino e sentiero di accesso nel progetto di ristrutturazione della fortificazione; passaggio attraverso le strutture del forte di San Martino; la passerella lignea sul Rio Carbonere ricostruita lungo l\u2019antico tracciato; cartolina Breveglieri di fine \u2018800 con i fabbricati delle miniere di Valle Imperina e l\u2019edificio di maggiori dimensioni sede dei forni fusori.<\/p>\n\n\t\t\t<style type='text\/css'>\n\t\t\t\t#gallery-3 {\n\t\t\t\t\tmargin: auto;\n\t\t\t\t}\n\t\t\t\t#gallery-3 .gallery-item {\n\t\t\t\t\tfloat: left;\n\t\t\t\t\tmargin-top: 10px;\n\t\t\t\t\ttext-align: center;\n\t\t\t\t\twidth: 20%;\n\t\t\t\t}\n\t\t\t\t#gallery-3 img {\n\t\t\t\t\tborder: 2px solid #cfcfcf;\n\t\t\t\t}\n\t\t\t\t#gallery-3 .gallery-caption {\n\t\t\t\t\tmargin-left: 0;\n\t\t\t\t}\n\t\t\t\t\/* see gallery_shortcode() in wp-includes\/media.php *\/\n\t\t\t<\/style>\n\t\t<div id='gallery-3' class='dt-gallery-container gallery galleryid-268227 gallery-columns-5 gallery-size-thumbnail'><dl class='gallery-item'>\n\t\t\t\t<dt class='gallery-icon portrait'>\n\t\t\t\t\t<a class=\"rollover rollover-zoom dt-pswp-item\" title=\"277465739_521273916037662_956735261552789998_n\" data-dt-img-description=\"\" data-large_image_width=\"151\" data-large_image_height=\"280\"href='https:\/\/www.radiopiu.net\/wordpress\/wp-content\/uploads\/2022\/04\/277465739_521273916037662_956735261552789998_n.jpg'><img loading=\"lazy\" decoding=\"async\" width=\"150\" height=\"150\" src=\"https:\/\/www.radiopiu.net\/wordpress\/wp-content\/uploads\/2022\/04\/277465739_521273916037662_956735261552789998_n-150x150.jpg\" class=\"attachment-thumbnail size-thumbnail\" alt=\"\" \/><\/a>\n\t\t\t\t<\/dt><\/dl><dl class='gallery-item'>\n\t\t\t\t<dt class='gallery-icon landscape'>\n\t\t\t\t\t<a class=\"rollover rollover-zoom dt-pswp-item\" title=\"277681727_1120071162150479_6550154277973709871_n\" data-dt-img-description=\"\" data-large_image_width=\"369\" data-large_image_height=\"206\"href='https:\/\/www.radiopiu.net\/wordpress\/wp-content\/uploads\/2022\/04\/277681727_1120071162150479_6550154277973709871_n.jpg'><img loading=\"lazy\" decoding=\"async\" width=\"150\" height=\"150\" src=\"https:\/\/www.radiopiu.net\/wordpress\/wp-content\/uploads\/2022\/04\/277681727_1120071162150479_6550154277973709871_n-150x150.jpg\" class=\"attachment-thumbnail size-thumbnail\" alt=\"\" \/><\/a>\n\t\t\t\t<\/dt><\/dl><dl class='gallery-item'>\n\t\t\t\t<dt class='gallery-icon landscape'>\n\t\t\t\t\t<a class=\"rollover rollover-zoom dt-pswp-item\" title=\"276326945_1029596851269979_6649551876721780757_n\" data-dt-img-description=\"\" data-large_image_width=\"296\" data-large_image_height=\"202\"href='https:\/\/www.radiopiu.net\/wordpress\/wp-content\/uploads\/2022\/04\/276326945_1029596851269979_6649551876721780757_n.jpg'><img loading=\"lazy\" decoding=\"async\" width=\"150\" height=\"150\" src=\"https:\/\/www.radiopiu.net\/wordpress\/wp-content\/uploads\/2022\/04\/276326945_1029596851269979_6649551876721780757_n-150x150.jpg\" class=\"attachment-thumbnail size-thumbnail\" alt=\"\" \/><\/a>\n\t\t\t\t<\/dt><\/dl><dl class='gallery-item'>\n\t\t\t\t<dt class='gallery-icon landscape'>\n\t\t\t\t\t<a class=\"rollover rollover-zoom dt-pswp-item\" title=\"277029448_516395956665777_3609185799082321371_n\" data-dt-img-description=\"\" data-large_image_width=\"315\" data-large_image_height=\"206\"href='https:\/\/www.radiopiu.net\/wordpress\/wp-content\/uploads\/2022\/04\/277029448_516395956665777_3609185799082321371_n.jpg'><img loading=\"lazy\" decoding=\"async\" width=\"150\" height=\"150\" src=\"https:\/\/www.radiopiu.net\/wordpress\/wp-content\/uploads\/2022\/04\/277029448_516395956665777_3609185799082321371_n-150x150.jpg\" class=\"attachment-thumbnail size-thumbnail\" alt=\"\" \/><\/a>\n\t\t\t\t<\/dt><\/dl><dl class='gallery-item'>\n\t\t\t\t<dt class='gallery-icon landscape'>\n\t\t\t\t\t<a class=\"rollover rollover-zoom dt-pswp-item\" title=\"277592046_1141454026615813_2564842211520442268_n\" data-dt-img-description=\"\" data-large_image_width=\"583\" data-large_image_height=\"206\"href='https:\/\/www.radiopiu.net\/wordpress\/wp-content\/uploads\/2022\/04\/277592046_1141454026615813_2564842211520442268_n.jpg'><img loading=\"lazy\" decoding=\"async\" width=\"150\" height=\"150\" src=\"https:\/\/www.radiopiu.net\/wordpress\/wp-content\/uploads\/2022\/04\/277592046_1141454026615813_2564842211520442268_n-150x150.jpg\" class=\"attachment-thumbnail size-thumbnail\" alt=\"\" \/><\/a>\n\t\t\t\t<\/dt><\/dl><br style=\"clear: both\" \/><dl class='gallery-item'>\n\t\t\t\t<dt class='gallery-icon portrait'>\n\t\t\t\t\t<a class=\"rollover rollover-zoom dt-pswp-item\" title=\"277456863_263799319181966_2962141179360218928_n\" data-dt-img-description=\"\" data-large_image_width=\"160\" data-large_image_height=\"201\"href='https:\/\/www.radiopiu.net\/wordpress\/wp-content\/uploads\/2022\/04\/277456863_263799319181966_2962141179360218928_n.jpg'><img loading=\"lazy\" decoding=\"async\" width=\"150\" height=\"150\" src=\"https:\/\/www.radiopiu.net\/wordpress\/wp-content\/uploads\/2022\/04\/277456863_263799319181966_2962141179360218928_n-150x150.jpg\" class=\"attachment-thumbnail size-thumbnail\" alt=\"\" \/><\/a>\n\t\t\t\t<\/dt><\/dl><dl class='gallery-item'>\n\t\t\t\t<dt class='gallery-icon portrait'>\n\t\t\t\t\t<a class=\"rollover rollover-zoom dt-pswp-item\" title=\"277541731_699056144559270_6377968733394977832_n\" data-dt-img-description=\"\" data-large_image_width=\"153\" data-large_image_height=\"206\"href='https:\/\/www.radiopiu.net\/wordpress\/wp-content\/uploads\/2022\/04\/277541731_699056144559270_6377968733394977832_n.jpg'><img loading=\"lazy\" decoding=\"async\" width=\"150\" height=\"150\" src=\"https:\/\/www.radiopiu.net\/wordpress\/wp-content\/uploads\/2022\/04\/277541731_699056144559270_6377968733394977832_n-150x150.jpg\" class=\"attachment-thumbnail size-thumbnail\" alt=\"\" \/><\/a>\n\t\t\t\t<\/dt><\/dl><dl class='gallery-item'>\n\t\t\t\t<dt class='gallery-icon portrait'>\n\t\t\t\t\t<a class=\"rollover rollover-zoom dt-pswp-item\" title=\"277500529_516443710100870_4023465476393285340_n\" data-dt-img-description=\"\" data-large_image_width=\"160\" data-large_image_height=\"203\"href='https:\/\/www.radiopiu.net\/wordpress\/wp-content\/uploads\/2022\/04\/277500529_516443710100870_4023465476393285340_n.jpg'><img loading=\"lazy\" decoding=\"async\" width=\"150\" height=\"150\" src=\"https:\/\/www.radiopiu.net\/wordpress\/wp-content\/uploads\/2022\/04\/277500529_516443710100870_4023465476393285340_n-150x150.jpg\" class=\"attachment-thumbnail size-thumbnail\" alt=\"\" \/><\/a>\n\t\t\t\t<\/dt><\/dl><dl class='gallery-item'>\n\t\t\t\t<dt class='gallery-icon landscape'>\n\t\t\t\t\t<a class=\"rollover rollover-zoom dt-pswp-item\" title=\"277591685_1912130398984933_1594549248983751870_n\" data-dt-img-description=\"\" data-large_image_width=\"350\" data-large_image_height=\"199\"href='https:\/\/www.radiopiu.net\/wordpress\/wp-content\/uploads\/2022\/04\/277591685_1912130398984933_1594549248983751870_n.jpg'><img loading=\"lazy\" decoding=\"async\" width=\"150\" height=\"150\" src=\"https:\/\/www.radiopiu.net\/wordpress\/wp-content\/uploads\/2022\/04\/277591685_1912130398984933_1594549248983751870_n-150x150.jpg\" class=\"attachment-thumbnail size-thumbnail\" alt=\"\" \/><\/a>\n\t\t\t\t<\/dt><\/dl><dl class='gallery-item'>\n\t\t\t\t<dt class='gallery-icon landscape'>\n\t\t\t\t\t<a class=\"rollover rollover-zoom dt-pswp-item\" title=\"277455673_4936710349737861_4633063873935657045_n\" data-dt-img-description=\"\" data-large_image_width=\"320\" data-large_image_height=\"203\"href='https:\/\/www.radiopiu.net\/wordpress\/wp-content\/uploads\/2022\/04\/277455673_4936710349737861_4633063873935657045_n.jpg'><img loading=\"lazy\" decoding=\"async\" width=\"150\" height=\"150\" src=\"https:\/\/www.radiopiu.net\/wordpress\/wp-content\/uploads\/2022\/04\/277455673_4936710349737861_4633063873935657045_n-150x150.jpg\" class=\"attachment-thumbnail size-thumbnail\" alt=\"\" \/><\/a>\n\t\t\t\t<\/dt><\/dl><br style=\"clear: both\" \/><dl class='gallery-item'>\n\t\t\t\t<dt class='gallery-icon landscape'>\n\t\t\t\t\t<a class=\"rollover rollover-zoom dt-pswp-item\" title=\"277609455_276376261352003_6870705961709313058_n\" data-dt-img-description=\"\" data-large_image_width=\"342\" data-large_image_height=\"206\"href='https:\/\/www.radiopiu.net\/wordpress\/wp-content\/uploads\/2022\/04\/277609455_276376261352003_6870705961709313058_n.jpg'><img loading=\"lazy\" decoding=\"async\" width=\"150\" height=\"150\" src=\"https:\/\/www.radiopiu.net\/wordpress\/wp-content\/uploads\/2022\/04\/277609455_276376261352003_6870705961709313058_n-150x150.jpg\" class=\"attachment-thumbnail size-thumbnail\" alt=\"\" \/><\/a>\n\t\t\t\t<\/dt><\/dl><dl class='gallery-item'>\n\t\t\t\t<dt class='gallery-icon portrait'>\n\t\t\t\t\t<a class=\"rollover rollover-zoom dt-pswp-item\" title=\"277524558_720156685662292_6037728194376854468_n\" data-dt-img-description=\"\" data-large_image_width=\"153\" data-large_image_height=\"206\"href='https:\/\/www.radiopiu.net\/wordpress\/wp-content\/uploads\/2022\/04\/277524558_720156685662292_6037728194376854468_n.jpg'><img loading=\"lazy\" decoding=\"async\" width=\"150\" height=\"150\" src=\"https:\/\/www.radiopiu.net\/wordpress\/wp-content\/uploads\/2022\/04\/277524558_720156685662292_6037728194376854468_n-150x150.jpg\" class=\"attachment-thumbnail size-thumbnail\" alt=\"\" \/><\/a>\n\t\t\t\t<\/dt><\/dl><dl class='gallery-item'>\n\t\t\t\t<dt class='gallery-icon portrait'>\n\t\t\t\t\t<a class=\"rollover rollover-zoom dt-pswp-item\" title=\"277476821_1357838961357817_805377784532547270_n\" data-dt-img-description=\"\" data-large_image_width=\"150\" data-large_image_height=\"225\"href='https:\/\/www.radiopiu.net\/wordpress\/wp-content\/uploads\/2022\/04\/277476821_1357838961357817_805377784532547270_n.jpg'><img loading=\"lazy\" decoding=\"async\" width=\"150\" height=\"150\" src=\"https:\/\/www.radiopiu.net\/wordpress\/wp-content\/uploads\/2022\/04\/277476821_1357838961357817_805377784532547270_n-150x150.jpg\" class=\"attachment-thumbnail size-thumbnail\" alt=\"\" \/><\/a>\n\t\t\t\t<\/dt><\/dl><dl class='gallery-item'>\n\t\t\t\t<dt class='gallery-icon portrait'>\n\t\t\t\t\t<a class=\"rollover rollover-zoom dt-pswp-item\" title=\"277546218_1164896390992966_6935929078396480862_n\" data-dt-img-description=\"\" data-large_image_width=\"152\" data-large_image_height=\"225\"href='https:\/\/www.radiopiu.net\/wordpress\/wp-content\/uploads\/2022\/04\/277546218_1164896390992966_6935929078396480862_n.jpg'><img loading=\"lazy\" decoding=\"async\" width=\"150\" height=\"150\" src=\"https:\/\/www.radiopiu.net\/wordpress\/wp-content\/uploads\/2022\/04\/277546218_1164896390992966_6935929078396480862_n-150x150.jpg\" class=\"attachment-thumbnail size-thumbnail\" alt=\"\" \/><\/a>\n\t\t\t\t<\/dt><\/dl><dl class='gallery-item'>\n\t\t\t\t<dt class='gallery-icon landscape'>\n\t\t\t\t\t<a class=\"rollover rollover-zoom dt-pswp-item\" title=\"277609463_2111261835728782_8668427335219427804_n\" data-dt-img-description=\"\" data-large_image_width=\"337\" data-large_image_height=\"206\"href='https:\/\/www.radiopiu.net\/wordpress\/wp-content\/uploads\/2022\/04\/277609463_2111261835728782_8668427335219427804_n.jpg'><img loading=\"lazy\" decoding=\"async\" width=\"150\" height=\"150\" src=\"https:\/\/www.radiopiu.net\/wordpress\/wp-content\/uploads\/2022\/04\/277609463_2111261835728782_8668427335219427804_n-150x150.jpg\" class=\"attachment-thumbnail size-thumbnail\" alt=\"\" \/><\/a>\n\t\t\t\t<\/dt><\/dl><br style=\"clear: both\" \/>\n\t\t\t<\/div>\n\n<p>&nbsp;<\/p>\n<p>&nbsp;<\/p>\n<hr \/>\n<p>&nbsp;<\/p>\n<\/div>\n<div class=\"b654a4as d2edcug0\">\n<div class=\"ecm0bbzt e5nlhep0 a8c37x1j\">\n<div class=\"kvgmc6g5 cxmmr5t8 oygrvhab hcukyx3x c1et5uql\">\n<div class=\"gmail-kvgmc6g5 gmail-cxmmr5t8 gmail-oygrvhab gmail-hcukyx3x gmail-c1et5uql gmail-ii04i59q\">\n<div>\n<div class=\"page-title-head hgroup\">\n<div class=\"page-title-head hgroup\">\n<div class=\"b654a4as d2edcug0\">\n<div class=\"j83agx80 btwxx1t3 lhclo0ds hop8lmos nkwizq5d scwd0bx6 roh60bw9\">\n<div class=\"rq0escxv hkbzh7o3 jwdofwj8 n8tt0mok r8blr3vg hyh9befq\">\n<div class=\"do00u71z l9j0dhe7 k4urcfbm\">\n<div>\n<div class=\"page-title-head hgroup\">\n<div class=\"page-title-head hgroup\">\n<div class=\"page-title-head hgroup\">\n<div class=\"page-title-head hgroup\">\n<div class=\"b654a4as d2edcug0\">\n<div class=\"page-title-head hgroup\">\n<div class=\"page-title-head hgroup\">\n<div class=\"page-title-head hgroup\">\n<div class=\"page-title-head hgroup\">\n<div class=\"b654a4as d2edcug0\">\n<div class=\"page-title-head hgroup\">\n<div class=\"page-title-head hgroup\">\n<div class=\"page-title-head hgroup\">\n<div class=\"page-title-head hgroup\">\n<div class=\"page-title-head hgroup\">\n<div class=\"mkdf-post-text\">\n<div class=\"mkdf-post-text-inner\">\n<div class=\"mkdf-post-text-main\">\n<div class=\"mkdf-post-text\">\n<div class=\"mkdf-post-text-inner\">\n<div class=\"mkdf-post-text-main\">\n<div class=\"mkdf-post-text\">\n<div class=\"mkdf-post-text-inner\">\n<div class=\"mkdf-post-text-main\">\n<div class=\"page-title-head hgroup\">\n<div class=\"page-title-head hgroup\">\n<div class=\"mkdf-post-text\">\n<div class=\"mkdf-post-text-inner\">\n<div class=\"mkdf-post-text-main\">\n<div class=\"mkdf-post-text\">\n<div class=\"mkdf-post-text-inner\">\n<div class=\"mkdf-post-text-main\">\n<div>\n<div class=\"page-title-head hgroup\">\n<div class=\"page-title-head hgroup\">\n<div>\n<div class=\"page-title-head hgroup\">\n<div class=\"page-title-head hgroup\">\n<div class=\"b654a4as d2edcug0\">\n<div>\n<div class=\"page-title-head hgroup\" style=\"text-align: left;\">\n<div class=\"page-title-head hgroup\">\n<div dir=\"auto\">\n<p><a class=\"dt-pswp-item pspw-wrap-ready\" href=\"https:\/\/i0.wp.com\/www.radiopiu.net\/wordpress\/wp-content\/uploads\/2018\/09\/WhatsApp-Image-2018-09-20-at-16.04.06.jpeg?ssl=1\" data-dt-img-description=\"\" data-large_image_width=\"800\" data-large_image_height=\"100\"><img loading=\"lazy\" decoding=\"async\" class=\"aligncenter wp-image-61378 size-full jetpack-lazy-image jetpack-lazy-image--handled\" src=\"https:\/\/i0.wp.com\/www.radiopiu.net\/wordpress\/wp-content\/uploads\/2018\/09\/WhatsApp-Image-2018-09-20-at-16.04.06.jpeg?resize=800%2C100&amp;ssl=1\" sizes=\"auto, (max-width: 800px) 100vw, 800px\" srcset=\"https:\/\/i0.wp.com\/www.radiopiu.net\/wordpress\/wp-content\/uploads\/2018\/09\/WhatsApp-Image-2018-09-20-at-16.04.06.jpeg?w=800&amp;ssl=1 800w, https:\/\/i0.wp.com\/www.radiopiu.net\/wordpress\/wp-content\/uploads\/2018\/09\/WhatsApp-Image-2018-09-20-at-16.04.06.jpeg?resize=300%2C38&amp;ssl=1 300w, https:\/\/i0.wp.com\/www.radiopiu.net\/wordpress\/wp-content\/uploads\/2018\/09\/WhatsApp-Image-2018-09-20-at-16.04.06.jpeg?resize=768%2C96&amp;ssl=1 768w\" alt=\"\" width=\"800\" height=\"100\" data-lazy-loaded=\"1\" \/><\/a><\/p>\n<\/div>\n<\/div>\n<\/div>\n<\/div>\n<\/div>\n<\/div>\n<\/div>\n<\/div>\n<\/div>\n<\/div>\n<\/div>\n<\/div>\n<\/div>\n<\/div>\n<\/div>\n<\/div>\n<\/div>\n<\/div>\n<\/div>\n<\/div>\n<\/div>\n<\/div>\n<\/div>\n<\/div>\n<\/div>\n<\/div>\n<\/div>\n<\/div>\n<\/div>\n<\/div>\n<\/div>\n<\/div>\n<\/div>\n<\/div>\n<\/div>\n<\/div>\n<\/div>\n<\/div>\n<\/div>\n<\/div>\n<\/div>\n<\/div>\n<\/div>\n<\/div>\n<\/div>\n<\/div>\n<\/div>\n<\/div>\n<\/div>\n<\/div>\n<\/div>\n<\/div>\n<\/div>\n<\/div>\n<\/div>\n<\/div>\n<\/div>\n<\/div>\n<\/div>\n<\/div>\n<\/div>\n<\/div>\n<\/div>\n<\/div>\n<\/div>\n<\/div>\n<\/div>\n<\/div>\n<\/div>\n<\/div>\n<\/div>\n<\/div>\n<\/div>\n<\/div>\n<\/div>\n<\/div>\n<\/div>\n<\/div>\n<\/div>\n<\/div>\n<\/div>\n<\/div>\n<\/div>\n<\/div>\n<\/div>\n<\/div>\n<\/div>\n<\/div>\n<\/div>\n<\/div>\n<\/div>\n<\/div>\n<\/div>\n<\/div>\n<\/div>\n<\/div>\n<\/div>\n<\/div>\n<\/div>\n<\/div>\n<\/div>\n<\/div>\n<\/div>\n<\/div>\n<\/div>\n<\/div>\n<\/div>\n<\/div>\n<\/div>\n<\/div>\n<\/div>\n<\/div>\n<\/div>\n<\/div>\n<\/div>\n<\/div>\n<\/div>\n<\/div>\n<\/div>\n<\/div>\n<\/div>\n<\/div>\n<\/div>\n<\/div>\n<\/div>\n<\/div>\n<\/div>\n<\/div>\n<\/div>\n<\/div>\n<\/div>\n<\/div>\n<\/div>\n<\/div>\n<\/div>\n<\/div>\n<\/div>\n<\/div>\n<\/div>\n<\/div>\n<\/div>\n<\/div>\n<\/div>\n<\/div>\n<\/div>\n<\/div>\n<\/div>\n<\/div>\n<\/div>\n<\/div>\n<\/div>\n<\/div>\n<\/div>\n<\/div>\n<\/div>\n<\/div>\n<\/div>\n<\/div>\n<\/div>\n<\/div>\n<\/div>\n<\/div>\n<\/div>\n<\/div>\n<\/div>\n<\/div>\n<\/div>\n<\/div>\n<\/div>\n<\/div>\n<\/div>\n<\/div>\n<\/div>\n<\/div>\n<\/div>\n<\/div>\n<\/div>\n<\/div>\n<\/div>\n<\/div>\n<\/div>\n<\/div>\n<\/div>\n<\/div>\n<\/div>\n<\/div>\n<\/div>\n<\/div>\n<\/div>\n<\/div>\n<\/div>\n<\/div>\n<\/div>\n<\/div>\n<\/div>\n<\/div>\n<\/div>\n<\/div>\n<\/div>\n<\/div>\n<\/div>\n<\/div>\n<\/div>\n<\/div>\n<\/div>\n<\/div>\n<\/div>\n<\/div>\n<\/div>\n<\/div>\n<\/div>\n<\/div>\n<\/div>\n<\/div>\n<\/div>\n<\/div>\n<\/div>\n<\/div>\n<\/div>\n<\/div>\n<\/div>\n<\/div>\n<\/div>\n<\/div>\n<\/div>\n<\/div>\n<\/div>\n<\/div>\n<\/div>\n<\/div>\n<\/div>\n<p>&nbsp;<\/p>\n<p>&nbsp;<\/p>\n<blockquote class=\"wp-embedded-content\" data-secret=\"Wh5ZKLgfYk\"><p><a href=\"https:\/\/www.radiopiu.net\/wordpress\/il-bollettino-neve-al-suolo-del-centro-valanghe-arpav-arabba-01-aprile-2022\/\">IL BOLLETTINO NEVE AL SUOLO DEL CENTRO VALANGHE ARPAV ARABBA &#8211; 01 APRILE 2022<\/a><\/p><\/blockquote>\n<p><iframe loading=\"lazy\" class=\"wp-embedded-content\" sandbox=\"allow-scripts\" security=\"restricted\" style=\"position: absolute; clip: rect(1px, 1px, 1px, 1px);\" title=\"&#8220;IL BOLLETTINO NEVE AL SUOLO DEL CENTRO VALANGHE ARPAV ARABBA &#8211; 01 APRILE 2022&#8221; &#8212; Radio Pi\u00f9\" src=\"https:\/\/www.radiopiu.net\/wordpress\/il-bollettino-neve-al-suolo-del-centro-valanghe-arpav-arabba-01-aprile-2022\/embed\/#?secret=8Vlsipx55m#?secret=Wh5ZKLgfYk\" data-secret=\"Wh5ZKLgfYk\" width=\"600\" height=\"338\" frameborder=\"0\" marginwidth=\"0\" marginheight=\"0\" scrolling=\"no\"><\/iframe><\/p>\n<p>&nbsp;<\/p>\n<p><center><b>Sabato 2<\/b><\/center><b>Tempo atteso: <\/b>Cielo molto nuvoloso\/coperto associato a precipitazioni, a tratti diffuse e moderate, anche a carattere di rovescio, nevose oltre i 500-800 m. Dal pomeriggio attenuazione dei fenomeni dapprima su Prealpi occidentali, in serata anche su Dolomiti.<br \/>\n<b>Precipitazioni: <\/b>Probabilit\u00e0 alt\u00e0 (80-100 %) di precipitazioni deboli o a tratti moderate sui settori Prealpini con limite neve a 500\/800 m, in rialzo in giornata specie su Prealpi. Sono attesi mediamente altri 10-25 mm di pioggia, localmente di pi\u00f9, e altrettanti cm di neve fresca oltre i 1200\/1500 metri.<br \/>\n<b>Temperature: <\/b>In ulteriore lieve calo a tutte le quote (-14\u00b0C a 3000 m e -6\u00b0C a 2000 m), con contesto invernale oltre i 1000 m. Su Prealpi a 1500 m: min -4 max -1, a 2000 m: min -3 max -6 Dolomiti a 2000 m: min -8 max -3, a 3000 m: min -14 max -9<br \/>\n<b>Venti: <\/b>Deboli di direzione variabile nelle valli; moderati da sud-est in quota in rotazione da nordest in serata a 5-15 km\/h a 2000 m e 15-30 km\/h a 3000 m.<\/p>\n<hr \/>\n<p><center><b>Domenica 3<\/b><\/center><b>Tempo atteso: <\/b>Il cielo rimane irregolarmente nuvoloso, a tratti molto nuvoloso, specie nel pomeriggio su Prealpi per qualche annuvolamento pi\u00f9 consistente. In serata possibile ulteriore generale aumento della nuvolosit\u00e0. Contesto termico freddo a tutte le quote, con temperature al di sotto della media e valori diurni attorno allo zero a 1200\/1500 metri.<br \/>\n<b>Precipitazioni: <\/b>Probabilit\u00e0 di precipitazioni generalmente medio-bassa nel pomeriggio per qualche eventuale breve rovescio su Prealpi nevoso oltre i 700\/900 m.<br \/>\n<b>Temperature: <\/b>In ulteriore lieve calo a tutte le quote con valori al di sotto della media. Su Prealpi a 1500 m: min -5 max -1, a 2000 m: min -9 max -7 Dolomiti &#8211; a 2000 m: min -11 max -6, a 3000 m: min -16 max -14<br \/>\n<b>Venti: <\/b>Deboli di direzione variabile nelle valli; in quota deboli settentrionali, a 5-15 km\/h a 2000 m e 10-20 km\/h a 3000 m.<\/p>\n<hr \/>\n<p><center><b>Lunedi 4<\/b><\/center>Fino al mattino residua nuvolosit\u00e0, anche estesa, con qualche possibile debole fenomeno sparso eventualmente nevoso fino a quote basse; in seguito schiarite via via pi\u00f9 ampie fino a sereno o poco nuvoloso in serata. Contesto termico freddo per il periodo con temperature al di sotto della media del periodo. Venti in quota inizialmente deboli meridionali in rotazione da nordovest dal tardo mattino.<\/p>\n<hr \/>\n<p><center><b>Martedi 5<\/b><\/center>Tempo stabile con cielo sereno o poco nuvoloso per velature tra il pomeriggio e sera. Temperature in generale rialzo le massime, mentre le minime specie nelle valli saranno in ulteriore calo e decisamente al di sotto della media del periodo con possibili gelate a fondovalle. Venti in quota moderati settentrionali. Previsore: DDL<\/p>\n<hr \/>\n<p>&nbsp;<\/p>\n<p>&nbsp;<\/p>\n<p>&nbsp;<\/p>\n<hr \/>\n<p>&nbsp;<\/p>\n<p><img loading=\"lazy\" decoding=\"async\" class=\"wp-image-60761 size-full aligncenter\" src=\"https:\/\/www.radiopiu.net\/wordpress\/wp-content\/uploads\/2018\/09\/sport.jpg\" alt=\"\" width=\"800\" height=\"100\" srcset=\"https:\/\/www.radiopiu.net\/wordpress\/wp-content\/uploads\/2018\/09\/sport.jpg 800w, https:\/\/www.radiopiu.net\/wordpress\/wp-content\/uploads\/2018\/09\/sport-300x38.jpg 300w, https:\/\/www.radiopiu.net\/wordpress\/wp-content\/uploads\/2018\/09\/sport-768x96.jpg 768w\" sizes=\"auto, (max-width: 800px) 100vw, 800px\" \/><\/p>\n<\/div>\n<div>\n<p><b>\u00a0 \u00a0 \u00a0<\/b><\/p>\n<p><span style=\"color: #0000ff;\"><strong>CALCIO<\/strong><\/span><\/p>\n<blockquote>\n<h3>DOMANI L&#8217;AGORDINA IN TRASFERTA CONTRO LA CAPOLISTA ARSIE&#8217;<\/h3>\n<\/blockquote>\n<p><strong><a class=\"dt-pswp-item\" href=\"https:\/\/www.radiopiu.net\/wordpress\/wp-content\/uploads\/2021\/11\/CALCIO-2021.jpg\" data-dt-img-description=\"\" data-large_image_width=\"2560\" data-large_image_height=\"1707\"><img loading=\"lazy\" decoding=\"async\" class=\" wp-image-242798 alignleft\" src=\"https:\/\/www.radiopiu.net\/wordpress\/wp-content\/uploads\/2021\/11\/CALCIO-2021-300x200.jpg\" alt=\"\" width=\"155\" height=\"103\" srcset=\"https:\/\/www.radiopiu.net\/wordpress\/wp-content\/uploads\/2021\/11\/CALCIO-2021-300x200.jpg 300w, https:\/\/www.radiopiu.net\/wordpress\/wp-content\/uploads\/2021\/11\/CALCIO-2021-1024x683.jpg 1024w, https:\/\/www.radiopiu.net\/wordpress\/wp-content\/uploads\/2021\/11\/CALCIO-2021-768x512.jpg 768w, https:\/\/www.radiopiu.net\/wordpress\/wp-content\/uploads\/2021\/11\/CALCIO-2021-1536x1024.jpg 1536w, https:\/\/www.radiopiu.net\/wordpress\/wp-content\/uploads\/2021\/11\/CALCIO-2021-2048x1366.jpg 2048w\" sizes=\"auto, (max-width: 155px) 100vw, 155px\" \/><\/a>AGORDO <\/strong>Continuano i campionati FIGC per l\u2019Agordina che anche questa settimana si presenta ai blocchi di partenza con le squadre giovanili e la prima squadra. I Giovanissimi Provinciali allenati da De Bastiani non scendono in campo questo fine settimana, giornata di riposo per i ragazzi agordini. Saranno regolarmente sul terreno di gioco gli Juniores Regionali di Fontanive che nel pomeriggio di oggi giocheranno contro il Montello. Domani mattina sar\u00e0 il turno degli Allievi Regionali che se la vedranno con i trevigiani dell\u2019Union QDP. Alle 15:30 sar\u00e0 il turno della prima squadra allenata da Marco Lorenzi che giocher\u00e0 in trasferta contro la capolista della Seconda Categoria girone T, l\u2019Arsi\u00e8. La squadra feltrina \u00e8 bisognosa di punti per chiudere il prima possibile la vittoria del campionato e quindi strappare il pass per la prima categoria. Gli agordini non hanno pi\u00f9 nulla da chiedere, con la vittoria della scorsa settimana i ragazzi di Agordo hanno raggiunto l\u2019obbiettivo stagionale dei 30 punti e quindi la quasi matematica salvezza. Domani alle 15:30 su Radio Pi\u00f9 l\u2019appuntamento con \u201cDomenica Pi\u00f9 Sport\u201d per seguire in diretta la partita dell\u2019Agordina.<\/p>\n<p>&nbsp;<\/p>\n<p>&nbsp;<\/p>\n<hr \/>\n<p>&nbsp;<\/p>\n<p><span style=\"color: #0000ff;\"><strong>PALLAVOLO<\/strong><\/span><\/p>\n<blockquote>\n<h3>VOLATA FINALE PER LA PALLAVOLO BELLUNO FEMMINILE<\/h3>\n<\/blockquote>\n<p><strong><a class=\"dt-pswp-item\" href=\"https:\/\/www.radiopiu.net\/wordpress\/wp-content\/uploads\/2022\/04\/Lupe_pronte_al_rush_finale.jpg\" data-dt-img-description=\"\" data-large_image_width=\"1111\" data-large_image_height=\"731\"><img loading=\"lazy\" decoding=\"async\" class=\" wp-image-268301 alignleft\" src=\"https:\/\/www.radiopiu.net\/wordpress\/wp-content\/uploads\/2022\/04\/Lupe_pronte_al_rush_finale-300x197.jpg\" alt=\"\" width=\"155\" height=\"102\" srcset=\"https:\/\/www.radiopiu.net\/wordpress\/wp-content\/uploads\/2022\/04\/Lupe_pronte_al_rush_finale-300x197.jpg 300w, https:\/\/www.radiopiu.net\/wordpress\/wp-content\/uploads\/2022\/04\/Lupe_pronte_al_rush_finale-1024x674.jpg 1024w, https:\/\/www.radiopiu.net\/wordpress\/wp-content\/uploads\/2022\/04\/Lupe_pronte_al_rush_finale-768x505.jpg 768w, https:\/\/www.radiopiu.net\/wordpress\/wp-content\/uploads\/2022\/04\/Lupe_pronte_al_rush_finale.jpg 1111w\" sizes=\"auto, (max-width: 155px) 100vw, 155px\" \/><\/a>BELLUNO <\/strong>Lo striscione del traguardo \u00e8 ormai all\u2019orizzonte: \u00e8 tempo di imboccare il rettilineo conclusivo. La Pallavolo Belluno si gioca la permanenza in serie B2 femminile in un mese d\u2019aprile infuocato: quattro partite in 28 giorni. E sono tutte, o quasi, decisive. Ora che il Fusion, quartultimo, \u00e8 lontano 3 lunghezze e con due gare in meno, \u00e8 evidente che il margine d\u2019errore \u00e8 ridotto.<span class=\"gmail-Apple-converted-space\"> \u00a0<\/span>Vietato sbagliare, quindi. A cominciare da stasera alle \u00a018.30, quando il palasport De Mas ospiter\u00e0 il confronto tra le lupe e l\u2019Estvolley San Giovanni Natisone, quinto in graduatoria: \u00abAll\u2019andata abbiamo perso solo al tie-break, 16-14 &#8211; afferma il presidente del settore femminile, Claudio Casanova &#8211; e dopo aver rimontato due parziali. Questa \u00e8 una gara che \u00e8 necessario portare a casa\u00bb. Inutile impostare troppi calcoli: \u00abMancano quattro partite, vogliamo ottenere pi\u00f9 punti possibili. E poi faremo i conti\u00bb.<span class=\"gmail-Apple-converted-space\"> \u00a0<\/span>La fiducia, in casa bellunese, non manca: \u00abLe ragazze stanno bene, sono cariche &#8211; conclude Casanova &#8211; e pronte dare tutto, a lottare su ogni palla. Vorrei vedere una squadra compatta. E che giochi con entusiasmo. Nessun dubbio, di fronte all\u2019Estvolley sar\u00e0 necessario il contributo di tutte: dobbiamo esprimerci al meglio come collettivo e non come singole individualit\u00e0\u00bb. <span class=\"gmail-Apple-converted-space\">\u00a0\u00a0<\/span><\/p>\n<p>&nbsp;<\/p>\n<p>&nbsp;<\/p>\n<blockquote>\n<h3><a class=\"dt-pswp-item\" href=\"https:\/\/www.radiopiu.net\/wordpress\/wp-content\/uploads\/2022\/04\/Candeago_in_attacco.jpg\" data-dt-img-description=\"\" data-large_image_width=\"2048\" data-large_image_height=\"1365\"><img loading=\"lazy\" decoding=\"async\" class=\"wp-image-268391 alignleft\" src=\"https:\/\/www.radiopiu.net\/wordpress\/wp-content\/uploads\/2022\/04\/Candeago_in_attacco-300x200.jpg\" alt=\"\" width=\"203\" height=\"135\" srcset=\"https:\/\/www.radiopiu.net\/wordpress\/wp-content\/uploads\/2022\/04\/Candeago_in_attacco-300x200.jpg 300w, https:\/\/www.radiopiu.net\/wordpress\/wp-content\/uploads\/2022\/04\/Candeago_in_attacco-1024x683.jpg 1024w, https:\/\/www.radiopiu.net\/wordpress\/wp-content\/uploads\/2022\/04\/Candeago_in_attacco-768x512.jpg 768w, https:\/\/www.radiopiu.net\/wordpress\/wp-content\/uploads\/2022\/04\/Candeago_in_attacco-1536x1024.jpg 1536w, https:\/\/www.radiopiu.net\/wordpress\/wp-content\/uploads\/2022\/04\/Candeago_in_attacco.jpg 2048w\" sizes=\"auto, (max-width: 203px) 100vw, 203px\" \/><\/a>Un altro infortunio per Candeago: rottura parziale del gran pettorale<\/h3>\n<\/blockquote>\n<p>Giovanni Candeago schiacciatore della pallavolo Belluno dopo aver bruciato i tempi\u00a0 smaltendo smaltendo l\u2019infortunio alla caviglia\u00a0 ha rimediato un serio infortunio durante una seduta d\u2019allenamento procurandosi la rottura parziale del gran pettorale con il distacco del tendine.\u00a0 Il giocatore verr\u00e0 operato luned\u00ec e \u00a0i tempi di recupero verranno valutati solo dopo l\u2019intervento,\u00a0 non saranno brevi.<\/p>\n<\/div>\n<\/div>\n<\/div>\n<\/div>\n<\/div>\n<\/div>\n<\/div>\n<\/div>\n<\/div>\n<\/div>\n<\/div>\n<\/div>\n<\/div>\n<\/div>\n<\/div>\n<\/div>\n<\/div>\n<\/div>\n<\/div>\n<\/div>\n<\/div>\n<\/div>\n<\/div>\n<\/div>\n<\/div>\n<\/div>\n<\/div>\n<\/div>\n<\/div>\n<\/div>\n<\/div>\n<\/div>\n<\/div>\n<\/div>\n<\/div>\n<\/div>\n<\/div>\n<\/div>\n<\/div>\n<\/div>\n<\/div>\n<\/div>\n<\/div>\n<\/div>\n<\/div>\n<\/div>\n<\/div>\n<\/div>\n<\/div>\n<\/div>\n<\/div>\n<\/div>\n<\/div>\n<\/div>\n<\/div>\n<\/div>\n<\/div>\n<\/div>\n<\/div>\n<\/div>\n<\/div>\n<\/div>\n<\/div>\n<\/div>\n<\/div>\n<\/div>\n<\/div>\n<\/div>\n<\/div>\n<\/div>\n<\/div>\n<\/div>\n<\/div>\n<\/div>\n<\/div>\n<\/div>\n<\/div>\n<\/div>\n<\/div>\n<\/div>\n<\/div>\n<\/div>\n<\/div>\n<\/div>\n<\/div>\n<\/div>\n<\/div>\n<\/div>\n<\/div>\n<\/div>\n<\/div>\n<\/div>\n<\/div>\n<\/div>\n<\/div>\n<\/div>\n<\/div>\n<\/div>\n<\/div>\n<\/div>\n<\/div>\n<\/div>\n<\/div>\n<\/div>\n<\/div>\n<\/div>\n<\/div>\n<\/div>\n<\/div>\n","protected":false},"excerpt":{"rendered":"<p>INFORMAZIONE il canale su TELEGRAM informazione di prima\u00a0 mano e in tempo reale. iscriviti ed aiutaci a farlo conoscere\u00a0 FINE DELLO STATO DI EMERGENZA: RIMODULAZIONE ORARIO CALL CENTER COVID Con la fine dello stato di emergenza, da oggi il call center dedicato all\u2019emergenza Covid 0437\/514343 sar\u00e0 attivo tutti i giorni dalle 8.00 alle 18.00. E&#8216;&hellip;<\/p>\n","protected":false},"author":4,"featured_media":268443,"comment_status":"closed","ping_status":"closed","sticky":false,"template":"","format":"standard","meta":{"_monsterinsights_skip_tracking":false,"_monsterinsights_sitenote_active":false,"_monsterinsights_sitenote_note":"","_monsterinsights_sitenote_category":0,"footnotes":""},"categories":[51,86,49],"tags":[],"class_list":["post-268227","post","type-post","status-publish","format-standard","has-post-thumbnail","hentry","category-evidenza-top","category-gr","category-news-18","category-51","category-86","category-49","description-off"],"img_url":"https:\/\/www.radiopiu.net\/wordpress\/wp-content\/uploads\/2022\/04\/277759942_348026507366028_8204121446505774110_n.jpg","_links":{"self":[{"href":"https:\/\/www.radiopiu.net\/wordpress\/wp-json\/wp\/v2\/posts\/268227","targetHints":{"allow":["GET"]}}],"collection":[{"href":"https:\/\/www.radiopiu.net\/wordpress\/wp-json\/wp\/v2\/posts"}],"about":[{"href":"https:\/\/www.radiopiu.net\/wordpress\/wp-json\/wp\/v2\/types\/post"}],"author":[{"embeddable":true,"href":"https:\/\/www.radiopiu.net\/wordpress\/wp-json\/wp\/v2\/users\/4"}],"replies":[{"embeddable":true,"href":"https:\/\/www.radiopiu.net\/wordpress\/wp-json\/wp\/v2\/comments?post=268227"}],"version-history":[{"count":0,"href":"https:\/\/www.radiopiu.net\/wordpress\/wp-json\/wp\/v2\/posts\/268227\/revisions"}],"wp:featuredmedia":[{"embeddable":true,"href":"https:\/\/www.radiopiu.net\/wordpress\/wp-json\/wp\/v2\/media\/268443"}],"wp:attachment":[{"href":"https:\/\/www.radiopiu.net\/wordpress\/wp-json\/wp\/v2\/media?parent=268227"}],"wp:term":[{"taxonomy":"category","embeddable":true,"href":"https:\/\/www.radiopiu.net\/wordpress\/wp-json\/wp\/v2\/categories?post=268227"},{"taxonomy":"post_tag","embeddable":true,"href":"https:\/\/www.radiopiu.net\/wordpress\/wp-json\/wp\/v2\/tags?post=268227"}],"curies":[{"name":"wp","href":"https:\/\/api.w.org\/{rel}","templated":true}]}}