{"id":268310,"date":"2022-04-02T05:44:10","date_gmt":"2022-04-02T03:44:10","guid":{"rendered":"https:\/\/www.radiopiu.net\/wordpress\/?p=268310"},"modified":"2022-04-02T06:19:44","modified_gmt":"2022-04-02T04:19:44","slug":"la-sede-della-croce-bianca-dopo-12-anni-torna-alla-comunita","status":"publish","type":"post","link":"https:\/\/www.radiopiu.net\/wordpress\/la-sede-della-croce-bianca-dopo-12-anni-torna-alla-comunita\/","title":{"rendered":"LA SEDE DELLA CROCE BIANCA DOPO 12 ANNI TORNA ALLA COMUNITA&#8217;"},"content":{"rendered":"<p><strong><img loading=\"lazy\" decoding=\"async\" class=\"alignleft\" src=\"https:\/\/www.radiopiu.net\/wordpress\/wp-content\/uploads\/2020\/06\/CHIESA-ARABBA-scaled.jpg\" width=\"179\" height=\"134\" \/><\/strong><\/p>\n<p><strong>LIVINALLONGO<\/strong> La tormentata vicenda anche giudiziaria, inziata nel 2010 \u00e8 finalmente terminata. La sede delle Croce Bianca torna nella piena disponibilit\u00e0 del Comune e della comunit\u00e0. Impegno preso dal sindaco Leandro Grones e ora giunto a conclusione.<\/p>\n<p><strong>IL SINDACO LEANDRO GRONES<\/strong><\/p>\n<audio class=\"wp-audio-shortcode\" id=\"audio-268310-1\" preload=\"none\" style=\"width: 100%;\" controls=\"controls\"><source type=\"audio\/mpeg\" src=\"https:\/\/www.radiopiu.net\/wordpress\/wp-content\/uploads\/2022\/04\/LEANDRO.mp3?_=1\" \/><a href=\"https:\/\/www.radiopiu.net\/wordpress\/wp-content\/uploads\/2022\/04\/LEANDRO.mp3\">https:\/\/www.radiopiu.net\/wordpress\/wp-content\/uploads\/2022\/04\/LEANDRO.mp3<\/a><\/audio>\n<p>&nbsp;<\/p>\n<p>&nbsp;<\/p>\n<p>^^^<\/p>\n","protected":false},"excerpt":{"rendered":"<p>LIVINALLONGO La tormentata vicenda anche giudiziaria, inziata nel 2010 \u00e8 finalmente terminata. La sede delle Croce Bianca torna nella piena disponibilit\u00e0 del Comune e della comunit\u00e0. Impegno preso dal sindaco Leandro Grones e ora giunto a conclusione. IL SINDACO LEANDRO GRONES &nbsp; &nbsp; ^^^<\/p>\n","protected":false},"author":4,"featured_media":141837,"comment_status":"closed","ping_status":"closed","sticky":false,"template":"","format":"standard","meta":{"_monsterinsights_skip_tracking":false,"_monsterinsights_sitenote_active":false,"_monsterinsights_sitenote_note":"","_monsterinsights_sitenote_category":0,"footnotes":""},"categories":[104,49],"tags":[],"class_list":["post-268310","post","type-post","status-publish","format-standard","has-post-thumbnail","hentry","category-evidenza_3","category-news-18","category-104","category-49","description-off"],"img_url":"https:\/\/www.radiopiu.net\/wordpress\/wp-content\/uploads\/2020\/06\/CHIESA-ARABBA-scaled.jpg","_links":{"self":[{"href":"https:\/\/www.radiopiu.net\/wordpress\/wp-json\/wp\/v2\/posts\/268310","targetHints":{"allow":["GET"]}}],"collection":[{"href":"https:\/\/www.radiopiu.net\/wordpress\/wp-json\/wp\/v2\/posts"}],"about":[{"href":"https:\/\/www.radiopiu.net\/wordpress\/wp-json\/wp\/v2\/types\/post"}],"author":[{"embeddable":true,"href":"https:\/\/www.radiopiu.net\/wordpress\/wp-json\/wp\/v2\/users\/4"}],"replies":[{"embeddable":true,"href":"https:\/\/www.radiopiu.net\/wordpress\/wp-json\/wp\/v2\/comments?post=268310"}],"version-history":[{"count":0,"href":"https:\/\/www.radiopiu.net\/wordpress\/wp-json\/wp\/v2\/posts\/268310\/revisions"}],"wp:featuredmedia":[{"embeddable":true,"href":"https:\/\/www.radiopiu.net\/wordpress\/wp-json\/wp\/v2\/media\/141837"}],"wp:attachment":[{"href":"https:\/\/www.radiopiu.net\/wordpress\/wp-json\/wp\/v2\/media?parent=268310"}],"wp:term":[{"taxonomy":"category","embeddable":true,"href":"https:\/\/www.radiopiu.net\/wordpress\/wp-json\/wp\/v2\/categories?post=268310"},{"taxonomy":"post_tag","embeddable":true,"href":"https:\/\/www.radiopiu.net\/wordpress\/wp-json\/wp\/v2\/tags?post=268310"}],"curies":[{"name":"wp","href":"https:\/\/api.w.org\/{rel}","templated":true}]}}